{"id":9976,"date":"2018-05-09T14:25:21","date_gmt":"2018-05-09T12:25:21","guid":{"rendered":"http:\/\/dorogimedence.hu\/?p=9976"},"modified":"2018-05-09T14:25:21","modified_gmt":"2018-05-09T12:25:21","slug":"brutalis-terrorban-tartotta-elettarsat-egy-ferfi-tokodon","status":"publish","type":"post","link":"https:\/\/dorogimedence.hu\/index.php\/2018\/05\/09\/brutalis-terrorban-tartotta-elettarsat-egy-ferfi-tokodon\/","title":{"rendered":"Brut\u00e1lis terrorban tartotta \u00e9lett\u00e1rs\u00e1t egy f\u00e9rfi Tokodon"},"content":{"rendered":"<p><strong>V\u00e1dat emeltek az a 24 \u00e9ves f\u00e9rfi ellen, aki h\u00f3napokon kereszt\u00fcl verte, szidalmazta, fenyegette \u00e9s zaklatta az \u00e9lett\u00e1rs\u00e1t tokodi lak\u00e1s\u00e1n.<\/strong><\/p>\n<p>Az Esztergomi J\u00e1r\u00e1si \u00dcgy\u00e9szs\u00e9g testi s\u00e9rt\u00e9s v\u00e9ts\u00e9g\u00e9vel, becs\u00fclets\u00e9rt\u00e9ssel elk\u00f6vetett kapcsolati er\u0151szak b\u0171ntette \u00e9s \u00e9lett\u00e1rs s\u00e9relm\u00e9re elk\u00f6vetett zaklat\u00e1s b\u0171ntette miatt emelt v\u00e1dat a 24 \u00e9ves f\u00e9rfival szemben.<\/p>\n<p>A v\u00e1dlott a p\u00e1rj\u00e1val 2017 \u00e1prilis\u00e1t\u00f3l \u00e9lt \u00e9lett\u00e1rsi kapcsolatban egy tokodi lak\u00e1sban. Kapcsolatuk hamar megromlott, mert a f\u00e9rfi f\u00e9lt\u00e9keny volt, tov\u00e1bb\u00e1 domin\u00e1ns f\u00e9lk\u00e9nt mindig meghat\u00e1rozta azt, hogy a s\u00e9rtett hogyan \u00e9ljen. Az elk\u00f6vet\u0151 azt is el akarta \u00e9rni, hogy a p\u00e1rja ne bar\u00e1tkozzon senkivel, csak vele foglalkozzon.<\/p>\n<p>A rendszeress\u00e9 v\u00e1l\u00f3 veszeked\u00e9sek sor\u00e1n a f\u00e9rfi kiab\u00e1lt, szidalmazta, becs\u00fclets\u00e9rt\u0151 kifejez\u00e9sekkel illette a s\u00e9rtettet, vele agressz\u00edven viselkedett.<strong> A v\u00e1dlott t\u00f6bbsz\u00f6r azt is mondta, hogy az \u00e1ltala titokban k\u00e9sz\u00edtett intim felv\u00e9telt k\u00f6zz\u00e9teszi az interneten, \u00e9s \u00edgy fogja a s\u00e9rtettet megal\u00e1zni.<br \/>\n<\/strong><\/p>\n<p>A n\u0151 a v\u00e1dlott viselked\u00e9se miatt befel\u00e9 fordul\u00f3 lett, megszak\u00edtotta a kapcsolatot a bar\u00e1taival, ritk\u00e1bban tal\u00e1lkozott a rokonaival.<\/p>\n<p>A f\u00e9rfi egy\u00fctt\u00e9l\u00e9s\u00fck alatt t\u00f6bbsz\u00f6r b\u00e1ntalmazta a s\u00e9rtettet, ilyenkor minden indok n\u00e9lk\u00fcl megpofozta, megr\u00e1ngatta, vagy neki l\u00f6kte radi\u00e1tornak, de olyan is t\u00f6rt\u00e9nt, hogy elg\u00e1ncsolta.<\/p>\n<p>Ezen t\u00falmen\u0151en a v\u00e1dlott egy vita sor\u00e1n \u00e9letvesz\u00e9lyesen megfenyegette a n\u0151t, melynek nyomat\u00e9kos\u00edt\u00e1sa \u00e9rdek\u00e9ben a k\u00e9st belev\u00e1gta a konyhapultba.<\/p>\n<p><strong>A n\u0151 az egyik b\u00e1ntalmaz\u00e1st k\u00f6vet\u0151en, 2017. szeptember 17. napj\u00e1n k\u00f3rh\u00e1zba ker\u00fclt<\/strong>, \u00e9s csak ekkor merte elmondani, hogy a f\u00e9rfi rendszeresen b\u00e1ntalmazta \u0151t. A s\u00e9rtett ez ut\u00e1n szak\u00edtott a v\u00e1dlottal, \u00e9s feljelent\u00e9st tett a rend\u0151rs\u00e9gen.<\/p>\n<p>Az elk\u00f6vet\u0151 b\u00fcntet\u0151jogi felel\u0151ss\u00e9g\u00e9r\u0151l az Esztergomi J\u00e1r\u00e1sb\u00edr\u00f3s\u00e1g fog d\u00f6nteni.<\/p>\n<p><em>Forr\u00e1s: Kom\u00e1rom-Esztergom Megyei F\u0151\u00fcgy\u00e9szs\u00e9g Sajt\u00f3<\/em><\/p>\n","protected":false},"excerpt":{"rendered":"<p>V\u00e1dat emeltek az a 24 \u00e9ves f\u00e9rfi ellen, aki h\u00f3napokon kereszt\u00fcl verte, szidalmazta, fenyegette \u00e9s zaklatta az \u00e9lett\u00e1rs\u00e1t tokodi lak\u00e1s\u00e1n. Az Esztergomi J\u00e1r\u00e1si \u00dcgy\u00e9szs\u00e9g testi s\u00e9rt\u00e9s v\u00e9ts\u00e9g\u00e9vel, becs\u00fclets\u00e9rt\u00e9ssel elk\u00f6vetett kapcsolati er\u0151szak b\u0171ntette \u00e9s \u00e9lett\u00e1rs s\u00e9relm\u00e9re elk\u00f6vetett zaklat\u00e1s b\u0171ntette miatt emelt v\u00e1dat a 24 \u00e9ves f\u00e9rfival szemben. A v\u00e1dlott a p\u00e1rj\u00e1val 2017 \u00e1prilis\u00e1t\u00f3l \u00e9lt \u00e9lett\u00e1rsi kapcsolatban<\/p>\n","protected":false},"author":1,"featured_media":8152,"comment_status":"closed","ping_status":"closed","sticky":false,"template":"","format":"standard","meta":{"ngg_post_thumbnail":0,"footnotes":""},"categories":[3,39,6],"tags":[712,1042,2518,63,2020,12,326],"class_list":{"0":"post-9976","1":"post","2":"type-post","3":"status-publish","4":"format-standard","5":"has-post-thumbnail","7":"category-hirek","8":"category-kek-hirek","9":"category-tokod","10":"tag-bantalmazas","11":"tag-birosag","12":"tag-brutalalitas","13":"tag-buncselekmeny","14":"tag-eroszak","15":"tag-tokod","16":"tag-ugyeszseg"},"yoast_head":"<!-- This site is optimized with the Yoast SEO plugin v27.4 - https:\/\/yoast.com\/product\/yoast-seo-wordpress\/ -->\n<title>Brut\u00e1lis terrorban tartotta \u00e9lett\u00e1rs\u00e1t egy f\u00e9rfi Tokodon<\/title>\n<meta name=\"robots\" content=\"index, follow, max-snippet:-1, max-image-preview:large, max-video-preview:-1\" \/>\n<link rel=\"canonical\" href=\"https:\/\/dorogimedence.hu\/index.php\/2018\/05\/09\/brutalis-terrorban-tartotta-elettarsat-egy-ferfi-tokodon\/\" class=\"yoast-seo-meta-tag\" \/>\n<meta property=\"og:locale\" content=\"hu_HU\" class=\"yoast-seo-meta-tag\" \/>\n<meta property=\"og:type\" content=\"article\" class=\"yoast-seo-meta-tag\" \/>\n<meta property=\"og:title\" content=\"Brut\u00e1lis terrorban tartotta \u00e9lett\u00e1rs\u00e1t egy f\u00e9rfi Tokodon\" class=\"yoast-seo-meta-tag\" \/>\n<meta property=\"og:description\" content=\"V\u00e1dat emeltek az a 24 \u00e9ves f\u00e9rfi ellen, aki h\u00f3napokon kereszt\u00fcl verte, szidalmazta, fenyegette \u00e9s zaklatta az \u00e9lett\u00e1rs\u00e1t tokodi lak\u00e1s\u00e1n. Az Esztergomi J\u00e1r\u00e1si \u00dcgy\u00e9szs\u00e9g testi s\u00e9rt\u00e9s v\u00e9ts\u00e9g\u00e9vel, becs\u00fclets\u00e9rt\u00e9ssel elk\u00f6vetett kapcsolati er\u0151szak b\u0171ntette \u00e9s \u00e9lett\u00e1rs s\u00e9relm\u00e9re elk\u00f6vetett zaklat\u00e1s b\u0171ntette miatt emelt v\u00e1dat a 24 \u00e9ves f\u00e9rfival szemben. A v\u00e1dlott a p\u00e1rj\u00e1val 2017 \u00e1prilis\u00e1t\u00f3l \u00e9lt \u00e9lett\u00e1rsi kapcsolatban\" class=\"yoast-seo-meta-tag\" \/>\n<meta property=\"og:url\" content=\"https:\/\/dorogimedence.hu\/index.php\/2018\/05\/09\/brutalis-terrorban-tartotta-elettarsat-egy-ferfi-tokodon\/\" class=\"yoast-seo-meta-tag\" \/>\n<meta property=\"og:site_name\" content=\"Dorogi-medence Region\u00e1lis H\u00edrport\u00e1l\" class=\"yoast-seo-meta-tag\" \/>\n<meta property=\"article:publisher\" content=\"https:\/\/www.facebook.com\/dorogimedence\/\" class=\"yoast-seo-meta-tag\" \/>\n<meta property=\"article:published_time\" content=\"2018-05-09T12:25:21+00:00\" class=\"yoast-seo-meta-tag\" \/>\n<meta property=\"og:image\" content=\"https:\/\/i0.wp.com\/dorogimedence.hu\/wp-content\/uploads\/2018\/02\/eroszak-01.jpg?fit=670%2C365&ssl=1\" class=\"yoast-seo-meta-tag\" \/>\n\t<meta property=\"og:image:width\" content=\"670\" class=\"yoast-seo-meta-tag\" \/>\n\t<meta property=\"og:image:height\" content=\"365\" class=\"yoast-seo-meta-tag\" \/>\n\t<meta property=\"og:image:type\" content=\"image\/jpeg\" class=\"yoast-seo-meta-tag\" \/>\n<meta name=\"author\" content=\"dorogimedence.hu\" class=\"yoast-seo-meta-tag\" \/>\n<meta name=\"twitter:card\" content=\"summary_large_image\" class=\"yoast-seo-meta-tag\" \/>\n<meta name=\"twitter:label1\" content=\"Szerz\u0151:\" class=\"yoast-seo-meta-tag\" \/>\n\t<meta name=\"twitter:data1\" content=\"dorogimedence.hu\" class=\"yoast-seo-meta-tag\" \/>\n\t<meta name=\"twitter:label2\" content=\"Becs\u00fclt olvas\u00e1si id\u0151\" class=\"yoast-seo-meta-tag\" \/>\n\t<meta name=\"twitter:data2\" content=\"2 perc\" class=\"yoast-seo-meta-tag\" \/>\n<script type=\"application\/ld+json\" class=\"yoast-schema-graph\">{\"@context\":\"https:\\\/\\\/schema.org\",\"@graph\":[{\"@type\":\"Article\",\"@id\":\"https:\\\/\\\/dorogimedence.hu\\\/index.php\\\/2018\\\/05\\\/09\\\/brutalis-terrorban-tartotta-elettarsat-egy-ferfi-tokodon\\\/#article\",\"isPartOf\":{\"@id\":\"https:\\\/\\\/dorogimedence.hu\\\/index.php\\\/2018\\\/05\\\/09\\\/brutalis-terrorban-tartotta-elettarsat-egy-ferfi-tokodon\\\/\"},\"author\":{\"name\":\"dorogimedence.hu\",\"@id\":\"https:\\\/\\\/dorogimedence.hu\\\/#\\\/schema\\\/person\\\/ce6091eeb7e95ecdc87890d6aa8e0fd4\"},\"headline\":\"Brut\u00e1lis terrorban tartotta \u00e9lett\u00e1rs\u00e1t egy f\u00e9rfi Tokodon\",\"datePublished\":\"2018-05-09T12:25:21+00:00\",\"mainEntityOfPage\":{\"@id\":\"https:\\\/\\\/dorogimedence.hu\\\/index.php\\\/2018\\\/05\\\/09\\\/brutalis-terrorban-tartotta-elettarsat-egy-ferfi-tokodon\\\/\"},\"wordCount\":388,\"publisher\":{\"@id\":\"https:\\\/\\\/dorogimedence.hu\\\/#organization\"},\"image\":{\"@id\":\"https:\\\/\\\/dorogimedence.hu\\\/index.php\\\/2018\\\/05\\\/09\\\/brutalis-terrorban-tartotta-elettarsat-egy-ferfi-tokodon\\\/#primaryimage\"},\"thumbnailUrl\":\"https:\\\/\\\/dorogimedence.hu\\\/wp-content\\\/uploads\\\/2018\\\/02\\\/eroszak-01.jpg\",\"keywords\":[\"b\u00e1ntalmaz\u00e1s\",\"b\u00edr\u00f3s\u00e1g\",\"brutal\u00e1lit\u00e1s\",\"b\u0171ncselekm\u00e9ny\",\"er\u0151szak\",\"Tokod\",\"\u00fcgy\u00e9szs\u00e9g\"],\"articleSection\":[\"H\u00edrek\",\"K\u00e9k h\u00edrek\",\"Tokod\"],\"inLanguage\":\"hu\"},{\"@type\":\"WebPage\",\"@id\":\"https:\\\/\\\/dorogimedence.hu\\\/index.php\\\/2018\\\/05\\\/09\\\/brutalis-terrorban-tartotta-elettarsat-egy-ferfi-tokodon\\\/\",\"url\":\"https:\\\/\\\/dorogimedence.hu\\\/index.php\\\/2018\\\/05\\\/09\\\/brutalis-terrorban-tartotta-elettarsat-egy-ferfi-tokodon\\\/\",\"name\":\"Brut\u00e1lis terrorban tartotta \u00e9lett\u00e1rs\u00e1t egy f\u00e9rfi Tokodon\",\"isPartOf\":{\"@id\":\"https:\\\/\\\/dorogimedence.hu\\\/#website\"},\"primaryImageOfPage\":{\"@id\":\"https:\\\/\\\/dorogimedence.hu\\\/index.php\\\/2018\\\/05\\\/09\\\/brutalis-terrorban-tartotta-elettarsat-egy-ferfi-tokodon\\\/#primaryimage\"},\"image\":{\"@id\":\"https:\\\/\\\/dorogimedence.hu\\\/index.php\\\/2018\\\/05\\\/09\\\/brutalis-terrorban-tartotta-elettarsat-egy-ferfi-tokodon\\\/#primaryimage\"},\"thumbnailUrl\":\"https:\\\/\\\/dorogimedence.hu\\\/wp-content\\\/uploads\\\/2018\\\/02\\\/eroszak-01.jpg\",\"datePublished\":\"2018-05-09T12:25:21+00:00\",\"breadcrumb\":{\"@id\":\"https:\\\/\\\/dorogimedence.hu\\\/index.php\\\/2018\\\/05\\\/09\\\/brutalis-terrorban-tartotta-elettarsat-egy-ferfi-tokodon\\\/#breadcrumb\"},\"inLanguage\":\"hu\",\"potentialAction\":[{\"@type\":\"ReadAction\",\"target\":[\"https:\\\/\\\/dorogimedence.hu\\\/index.php\\\/2018\\\/05\\\/09\\\/brutalis-terrorban-tartotta-elettarsat-egy-ferfi-tokodon\\\/\"]}]},{\"@type\":\"ImageObject\",\"inLanguage\":\"hu\",\"@id\":\"https:\\\/\\\/dorogimedence.hu\\\/index.php\\\/2018\\\/05\\\/09\\\/brutalis-terrorban-tartotta-elettarsat-egy-ferfi-tokodon\\\/#primaryimage\",\"url\":\"https:\\\/\\\/dorogimedence.hu\\\/wp-content\\\/uploads\\\/2018\\\/02\\\/eroszak-01.jpg\",\"contentUrl\":\"https:\\\/\\\/dorogimedence.hu\\\/wp-content\\\/uploads\\\/2018\\\/02\\\/eroszak-01.jpg\",\"width\":670,\"height\":365},{\"@type\":\"BreadcrumbList\",\"@id\":\"https:\\\/\\\/dorogimedence.hu\\\/index.php\\\/2018\\\/05\\\/09\\\/brutalis-terrorban-tartotta-elettarsat-egy-ferfi-tokodon\\\/#breadcrumb\",\"itemListElement\":[{\"@type\":\"ListItem\",\"position\":1,\"name\":\"Kezd\u0151lap\",\"item\":\"https:\\\/\\\/dorogimedence.hu\\\/\"},{\"@type\":\"ListItem\",\"position\":2,\"name\":\"Brut\u00e1lis terrorban tartotta \u00e9lett\u00e1rs\u00e1t egy f\u00e9rfi Tokodon\"}]},{\"@type\":\"WebSite\",\"@id\":\"https:\\\/\\\/dorogimedence.hu\\\/#website\",\"url\":\"https:\\\/\\\/dorogimedence.hu\\\/\",\"name\":\"Dorogi-medence Region\u00e1lis H\u00edrport\u00e1l\",\"description\":\"Dorog, Keszt\u00f6lc, Le\u00e1nyv\u00e1r, Piliscs\u00e9v, Tokod, Tokodalt\u00e1r\u00f3, Csolnok, Esztergom-kertv\u00e1ros: h\u00edrek, programok\",\"publisher\":{\"@id\":\"https:\\\/\\\/dorogimedence.hu\\\/#organization\"},\"potentialAction\":[{\"@type\":\"SearchAction\",\"target\":{\"@type\":\"EntryPoint\",\"urlTemplate\":\"https:\\\/\\\/dorogimedence.hu\\\/?s={search_term_string}\"},\"query-input\":{\"@type\":\"PropertyValueSpecification\",\"valueRequired\":true,\"valueName\":\"search_term_string\"}}],\"inLanguage\":\"hu\"},{\"@type\":\"Organization\",\"@id\":\"https:\\\/\\\/dorogimedence.hu\\\/#organization\",\"name\":\"Dorogi-medence Region\u00e1lis H\u00edrport\u00e1l\",\"url\":\"https:\\\/\\\/dorogimedence.hu\\\/\",\"logo\":{\"@type\":\"ImageObject\",\"inLanguage\":\"hu\",\"@id\":\"https:\\\/\\\/dorogimedence.hu\\\/#\\\/schema\\\/logo\\\/image\\\/\",\"url\":\"https:\\\/\\\/dorogimedence.hu\\\/wp-content\\\/uploads\\\/2021\\\/04\\\/logo-feher-600.png\",\"contentUrl\":\"https:\\\/\\\/dorogimedence.hu\\\/wp-content\\\/uploads\\\/2021\\\/04\\\/logo-feher-600.png\",\"width\":600,\"height\":100,\"caption\":\"Dorogi-medence Region\u00e1lis H\u00edrport\u00e1l\"},\"image\":{\"@id\":\"https:\\\/\\\/dorogimedence.hu\\\/#\\\/schema\\\/logo\\\/image\\\/\"},\"sameAs\":[\"https:\\\/\\\/www.facebook.com\\\/dorogimedence\\\/\"]},{\"@type\":\"Person\",\"@id\":\"https:\\\/\\\/dorogimedence.hu\\\/#\\\/schema\\\/person\\\/ce6091eeb7e95ecdc87890d6aa8e0fd4\",\"name\":\"dorogimedence.hu\",\"image\":{\"@type\":\"ImageObject\",\"inLanguage\":\"hu\",\"@id\":\"\\\/\\\/www.gravatar.com\\\/avatar\\\/d8d45f8901aadff40a4af72c0b826f1d?s=96&#038;r=g&#038;d=mm\",\"url\":\"\\\/\\\/www.gravatar.com\\\/avatar\\\/d8d45f8901aadff40a4af72c0b826f1d?s=96&#038;r=g&#038;d=mm\",\"contentUrl\":\"\\\/\\\/www.gravatar.com\\\/avatar\\\/d8d45f8901aadff40a4af72c0b826f1d?s=96&#038;r=g&#038;d=mm\",\"caption\":\"dorogimedence.hu\"}}]}<\/script>\n<!-- \/ Yoast SEO plugin. -->","yoast_head_json":{"title":"Brut\u00e1lis terrorban tartotta \u00e9lett\u00e1rs\u00e1t egy f\u00e9rfi Tokodon","robots":{"index":"index","follow":"follow","max-snippet":"max-snippet:-1","max-image-preview":"max-image-preview:large","max-video-preview":"max-video-preview:-1"},"canonical":"https:\/\/dorogimedence.hu\/index.php\/2018\/05\/09\/brutalis-terrorban-tartotta-elettarsat-egy-ferfi-tokodon\/","og_locale":"hu_HU","og_type":"article","og_title":"Brut\u00e1lis terrorban tartotta \u00e9lett\u00e1rs\u00e1t egy f\u00e9rfi Tokodon","og_description":"V\u00e1dat emeltek az a 24 \u00e9ves f\u00e9rfi ellen, aki h\u00f3napokon kereszt\u00fcl verte, szidalmazta, fenyegette \u00e9s zaklatta az \u00e9lett\u00e1rs\u00e1t tokodi lak\u00e1s\u00e1n. Az Esztergomi J\u00e1r\u00e1si \u00dcgy\u00e9szs\u00e9g testi s\u00e9rt\u00e9s v\u00e9ts\u00e9g\u00e9vel, becs\u00fclets\u00e9rt\u00e9ssel elk\u00f6vetett kapcsolati er\u0151szak b\u0171ntette \u00e9s \u00e9lett\u00e1rs s\u00e9relm\u00e9re elk\u00f6vetett zaklat\u00e1s b\u0171ntette miatt emelt v\u00e1dat a 24 \u00e9ves f\u00e9rfival szemben. A v\u00e1dlott a p\u00e1rj\u00e1val 2017 \u00e1prilis\u00e1t\u00f3l \u00e9lt \u00e9lett\u00e1rsi kapcsolatban","og_url":"https:\/\/dorogimedence.hu\/index.php\/2018\/05\/09\/brutalis-terrorban-tartotta-elettarsat-egy-ferfi-tokodon\/","og_site_name":"Dorogi-medence Region\u00e1lis H\u00edrport\u00e1l","article_publisher":"https:\/\/www.facebook.com\/dorogimedence\/","article_published_time":"2018-05-09T12:25:21+00:00","og_image":[{"width":670,"height":365,"url":"https:\/\/i0.wp.com\/dorogimedence.hu\/wp-content\/uploads\/2018\/02\/eroszak-01.jpg?fit=670%2C365&ssl=1","type":"image\/jpeg"}],"author":"dorogimedence.hu","twitter_card":"summary_large_image","twitter_misc":{"Szerz\u0151:":"dorogimedence.hu","Becs\u00fclt olvas\u00e1si id\u0151":"2 perc"},"schema":{"@context":"https:\/\/schema.org","@graph":[{"@type":"Article","@id":"https:\/\/dorogimedence.hu\/index.php\/2018\/05\/09\/brutalis-terrorban-tartotta-elettarsat-egy-ferfi-tokodon\/#article","isPartOf":{"@id":"https:\/\/dorogimedence.hu\/index.php\/2018\/05\/09\/brutalis-terrorban-tartotta-elettarsat-egy-ferfi-tokodon\/"},"author":{"name":"dorogimedence.hu","@id":"https:\/\/dorogimedence.hu\/#\/schema\/person\/ce6091eeb7e95ecdc87890d6aa8e0fd4"},"headline":"Brut\u00e1lis terrorban tartotta \u00e9lett\u00e1rs\u00e1t egy f\u00e9rfi Tokodon","datePublished":"2018-05-09T12:25:21+00:00","mainEntityOfPage":{"@id":"https:\/\/dorogimedence.hu\/index.php\/2018\/05\/09\/brutalis-terrorban-tartotta-elettarsat-egy-ferfi-tokodon\/"},"wordCount":388,"publisher":{"@id":"https:\/\/dorogimedence.hu\/#organization"},"image":{"@id":"https:\/\/dorogimedence.hu\/index.php\/2018\/05\/09\/brutalis-terrorban-tartotta-elettarsat-egy-ferfi-tokodon\/#primaryimage"},"thumbnailUrl":"https:\/\/dorogimedence.hu\/wp-content\/uploads\/2018\/02\/eroszak-01.jpg","keywords":["b\u00e1ntalmaz\u00e1s","b\u00edr\u00f3s\u00e1g","brutal\u00e1lit\u00e1s","b\u0171ncselekm\u00e9ny","er\u0151szak","Tokod","\u00fcgy\u00e9szs\u00e9g"],"articleSection":["H\u00edrek","K\u00e9k h\u00edrek","Tokod"],"inLanguage":"hu"},{"@type":"WebPage","@id":"https:\/\/dorogimedence.hu\/index.php\/2018\/05\/09\/brutalis-terrorban-tartotta-elettarsat-egy-ferfi-tokodon\/","url":"https:\/\/dorogimedence.hu\/index.php\/2018\/05\/09\/brutalis-terrorban-tartotta-elettarsat-egy-ferfi-tokodon\/","name":"Brut\u00e1lis terrorban tartotta \u00e9lett\u00e1rs\u00e1t egy f\u00e9rfi Tokodon","isPartOf":{"@id":"https:\/\/dorogimedence.hu\/#website"},"primaryImageOfPage":{"@id":"https:\/\/dorogimedence.hu\/index.php\/2018\/05\/09\/brutalis-terrorban-tartotta-elettarsat-egy-ferfi-tokodon\/#primaryimage"},"image":{"@id":"https:\/\/dorogimedence.hu\/index.php\/2018\/05\/09\/brutalis-terrorban-tartotta-elettarsat-egy-ferfi-tokodon\/#primaryimage"},"thumbnailUrl":"https:\/\/dorogimedence.hu\/wp-content\/uploads\/2018\/02\/eroszak-01.jpg","datePublished":"2018-05-09T12:25:21+00:00","breadcrumb":{"@id":"https:\/\/dorogimedence.hu\/index.php\/2018\/05\/09\/brutalis-terrorban-tartotta-elettarsat-egy-ferfi-tokodon\/#breadcrumb"},"inLanguage":"hu","potentialAction":[{"@type":"ReadAction","target":["https:\/\/dorogimedence.hu\/index.php\/2018\/05\/09\/brutalis-terrorban-tartotta-elettarsat-egy-ferfi-tokodon\/"]}]},{"@type":"ImageObject","inLanguage":"hu","@id":"https:\/\/dorogimedence.hu\/index.php\/2018\/05\/09\/brutalis-terrorban-tartotta-elettarsat-egy-ferfi-tokodon\/#primaryimage","url":"https:\/\/dorogimedence.hu\/wp-content\/uploads\/2018\/02\/eroszak-01.jpg","contentUrl":"https:\/\/dorogimedence.hu\/wp-content\/uploads\/2018\/02\/eroszak-01.jpg","width":670,"height":365},{"@type":"BreadcrumbList","@id":"https:\/\/dorogimedence.hu\/index.php\/2018\/05\/09\/brutalis-terrorban-tartotta-elettarsat-egy-ferfi-tokodon\/#breadcrumb","itemListElement":[{"@type":"ListItem","position":1,"name":"Kezd\u0151lap","item":"https:\/\/dorogimedence.hu\/"},{"@type":"ListItem","position":2,"name":"Brut\u00e1lis terrorban tartotta \u00e9lett\u00e1rs\u00e1t egy f\u00e9rfi Tokodon"}]},{"@type":"WebSite","@id":"https:\/\/dorogimedence.hu\/#website","url":"https:\/\/dorogimedence.hu\/","name":"Dorogi-medence Region\u00e1lis H\u00edrport\u00e1l","description":"Dorog, Keszt\u00f6lc, Le\u00e1nyv\u00e1r, Piliscs\u00e9v, Tokod, Tokodalt\u00e1r\u00f3, Csolnok, Esztergom-kertv\u00e1ros: h\u00edrek, programok","publisher":{"@id":"https:\/\/dorogimedence.hu\/#organization"},"potentialAction":[{"@type":"SearchAction","target":{"@type":"EntryPoint","urlTemplate":"https:\/\/dorogimedence.hu\/?s={search_term_string}"},"query-input":{"@type":"PropertyValueSpecification","valueRequired":true,"valueName":"search_term_string"}}],"inLanguage":"hu"},{"@type":"Organization","@id":"https:\/\/dorogimedence.hu\/#organization","name":"Dorogi-medence Region\u00e1lis H\u00edrport\u00e1l","url":"https:\/\/dorogimedence.hu\/","logo":{"@type":"ImageObject","inLanguage":"hu","@id":"https:\/\/dorogimedence.hu\/#\/schema\/logo\/image\/","url":"https:\/\/dorogimedence.hu\/wp-content\/uploads\/2021\/04\/logo-feher-600.png","contentUrl":"https:\/\/dorogimedence.hu\/wp-content\/uploads\/2021\/04\/logo-feher-600.png","width":600,"height":100,"caption":"Dorogi-medence Region\u00e1lis H\u00edrport\u00e1l"},"image":{"@id":"https:\/\/dorogimedence.hu\/#\/schema\/logo\/image\/"},"sameAs":["https:\/\/www.facebook.com\/dorogimedence\/"]},{"@type":"Person","@id":"https:\/\/dorogimedence.hu\/#\/schema\/person\/ce6091eeb7e95ecdc87890d6aa8e0fd4","name":"dorogimedence.hu","image":{"@type":"ImageObject","inLanguage":"hu","@id":"\/\/www.gravatar.com\/avatar\/d8d45f8901aadff40a4af72c0b826f1d?s=96&#038;r=g&#038;d=mm","url":"\/\/www.gravatar.com\/avatar\/d8d45f8901aadff40a4af72c0b826f1d?s=96&#038;r=g&#038;d=mm","contentUrl":"\/\/www.gravatar.com\/avatar\/d8d45f8901aadff40a4af72c0b826f1d?s=96&#038;r=g&#038;d=mm","caption":"dorogimedence.hu"}}]}},"_links":{"self":[{"href":"https:\/\/dorogimedence.hu\/index.php\/wp-json\/wp\/v2\/posts\/9976","targetHints":{"allow":["GET"]}}],"collection":[{"href":"https:\/\/dorogimedence.hu\/index.php\/wp-json\/wp\/v2\/posts"}],"about":[{"href":"https:\/\/dorogimedence.hu\/index.php\/wp-json\/wp\/v2\/types\/post"}],"author":[{"embeddable":true,"href":"https:\/\/dorogimedence.hu\/index.php\/wp-json\/wp\/v2\/users\/1"}],"replies":[{"embeddable":true,"href":"https:\/\/dorogimedence.hu\/index.php\/wp-json\/wp\/v2\/comments?post=9976"}],"version-history":[{"count":0,"href":"https:\/\/dorogimedence.hu\/index.php\/wp-json\/wp\/v2\/posts\/9976\/revisions"}],"wp:featuredmedia":[{"embeddable":true,"href":"https:\/\/dorogimedence.hu\/index.php\/wp-json\/wp\/v2\/media\/8152"}],"wp:attachment":[{"href":"https:\/\/dorogimedence.hu\/index.php\/wp-json\/wp\/v2\/media?parent=9976"}],"wp:term":[{"taxonomy":"category","embeddable":true,"href":"https:\/\/dorogimedence.hu\/index.php\/wp-json\/wp\/v2\/categories?post=9976"},{"taxonomy":"post_tag","embeddable":true,"href":"https:\/\/dorogimedence.hu\/index.php\/wp-json\/wp\/v2\/tags?post=9976"}],"curies":[{"name":"wp","href":"https:\/\/api.w.org\/{rel}","templated":true}]}}