{"id":9950,"date":"2018-05-08T14:13:36","date_gmt":"2018-05-08T12:13:36","guid":{"rendered":"http:\/\/dorogimedence.hu\/?p=9950"},"modified":"2018-05-08T14:13:36","modified_gmt":"2018-05-08T12:13:36","slug":"a-predikaloszekre-tekertek-a-dorogiak","status":"publish","type":"post","link":"https:\/\/dorogimedence.hu\/index.php\/2018\/05\/08\/a-predikaloszekre-tekertek-a-dorogiak\/","title":{"rendered":"A Pr\u00e9dik\u00e1l\u00f3sz\u00e9kre tekertek a dorogiak"},"content":{"rendered":"<p><span class=\"_5yl5\"><strong>A Dorogi Ker\u00e9kp\u00e1ros Egyes\u00fclet szervez\u00e9s\u00e9ben m\u00e1jus 6-\u00e1n, vas\u00e1rnap reggel 14 bev\u00e1llal\u00f3s bring\u00e1s elindult Dorogr\u00f3l megh\u00f3d\u00edtani a D\u00f6m\u00f6s f\u00f6l\u00e9 magasod\u00f3 hegyet, a 639 m\u00e9teres Pr\u00e9dik\u00e1l\u00f3sz\u00e9ket.<\/strong><br \/>\n<\/span><\/p>\n<p><span class=\"_5yl5\">Voltak k\u00f6z\u00f6tt\u00fck, akik rendszeresen mountiznak, de voltak, akik most pr\u00f3b\u00e1lkoztak el\u0151sz\u00f6r ekkora szintk\u00fcl\u00f6nbs\u00e9ggel. Esztergomt\u00f3l Pilismar\u00f3tig m\u00e9g s\u00edk volt az \u00fat, azt\u00e1n j\u00f6tt a java. 17 kil\u00f3m\u00e9tert tekertek fel a hegyre, r\u00e1ad\u00e1sul az utols\u00f3 4 km volt a legnehezebb szakasz.<\/span><\/p>\n<p><span class=\"_5yl5\">Mindenkinek siker\u00fclt a cs\u00facst\u00e1mad\u00e1s, \u00e9s a Pr\u00e9dik\u00e1l\u00f3sz\u00e9ki kil\u00e1t\u00f3b\u00f3l egy\u00fctt csod\u00e1lt\u00e1k a panor\u00e1m\u00e1t. Volt azonban m\u00e9g egy kih\u00edv\u00e1s, legurulni D\u00f6m\u00f6sre a k\u00f6ves, f\u00f6ldes \u00faton. Ezut\u00e1n a j\u00f3l meg\u00e9rdemelt l\u00e1ngosoz\u00e1s, \u00e9s hidrat\u00e1l\u00e1s, azt\u00e1n a hazateker\u00e9s volt h\u00e1tra.<\/span><\/p>\n<p><span class=\"_5yl5\">A teljes t\u00e1v 75 km lett. Sportos nap volt a jav\u00e1b\u00f3l! Gratul\u00e1lunk az \u00fajonc hegyimen\u0151knek \u00e9s a t\u00f6bbi r\u00e9sztvev\u0151nek is!<\/span><\/p>\n","protected":false},"excerpt":{"rendered":"<p>A Dorogi Ker\u00e9kp\u00e1ros Egyes\u00fclet szervez\u00e9s\u00e9ben m\u00e1jus 6-\u00e1n, vas\u00e1rnap reggel 14 bev\u00e1llal\u00f3s bring\u00e1s elindult Dorogr\u00f3l megh\u00f3d\u00edtani a D\u00f6m\u00f6s f\u00f6l\u00e9 magasod\u00f3 hegyet, a 639 m\u00e9teres Pr\u00e9dik\u00e1l\u00f3sz\u00e9ket. Voltak k\u00f6z\u00f6tt\u00fck, akik rendszeresen mountiznak, de voltak, akik most pr\u00f3b\u00e1lkoztak el\u0151sz\u00f6r ekkora szintk\u00fcl\u00f6nbs\u00e9ggel. Esztergomt\u00f3l Pilismar\u00f3tig m\u00e9g s\u00edk volt az \u00fat, azt\u00e1n j\u00f6tt a java. 17 kil\u00f3m\u00e9tert tekertek fel a hegyre, r\u00e1ad\u00e1sul<\/p>\n","protected":false},"author":1,"featured_media":9951,"comment_status":"closed","ping_status":"closed","sticky":false,"template":"","format":"standard","meta":{"ngg_post_thumbnail":0,"footnotes":""},"categories":[2,3,5],"tags":[15,2513,1182,1877,16,308],"class_list":{"0":"post-9950","1":"post","2":"type-post","3":"status-publish","4":"format-standard","5":"has-post-thumbnail","7":"category-dorog","8":"category-hirek","9":"category-sport","10":"tag-dorog","11":"tag-kerekpar-tura","12":"tag-kerekparozas","13":"tag-predikaloszek","14":"tag-sport","15":"tag-tura"},"yoast_head":"<!-- This site is optimized with the Yoast SEO plugin v27.4 - https:\/\/yoast.com\/product\/yoast-seo-wordpress\/ -->\n<title>A Pr\u00e9dik\u00e1l\u00f3sz\u00e9kre tekertek a dorogiak<\/title>\n<meta name=\"robots\" content=\"index, follow, max-snippet:-1, max-image-preview:large, max-video-preview:-1\" \/>\n<link rel=\"canonical\" href=\"https:\/\/dorogimedence.hu\/index.php\/2018\/05\/08\/a-predikaloszekre-tekertek-a-dorogiak\/\" class=\"yoast-seo-meta-tag\" \/>\n<meta property=\"og:locale\" content=\"hu_HU\" class=\"yoast-seo-meta-tag\" \/>\n<meta property=\"og:type\" content=\"article\" class=\"yoast-seo-meta-tag\" \/>\n<meta property=\"og:title\" content=\"A Pr\u00e9dik\u00e1l\u00f3sz\u00e9kre tekertek a dorogiak\" class=\"yoast-seo-meta-tag\" \/>\n<meta property=\"og:description\" content=\"A Dorogi Ker\u00e9kp\u00e1ros Egyes\u00fclet szervez\u00e9s\u00e9ben m\u00e1jus 6-\u00e1n, vas\u00e1rnap reggel 14 bev\u00e1llal\u00f3s bring\u00e1s elindult Dorogr\u00f3l megh\u00f3d\u00edtani a D\u00f6m\u00f6s f\u00f6l\u00e9 magasod\u00f3 hegyet, a 639 m\u00e9teres Pr\u00e9dik\u00e1l\u00f3sz\u00e9ket. Voltak k\u00f6z\u00f6tt\u00fck, akik rendszeresen mountiznak, de voltak, akik most pr\u00f3b\u00e1lkoztak el\u0151sz\u00f6r ekkora szintk\u00fcl\u00f6nbs\u00e9ggel. Esztergomt\u00f3l Pilismar\u00f3tig m\u00e9g s\u00edk volt az \u00fat, azt\u00e1n j\u00f6tt a java. 17 kil\u00f3m\u00e9tert tekertek fel a hegyre, r\u00e1ad\u00e1sul\" class=\"yoast-seo-meta-tag\" \/>\n<meta property=\"og:url\" content=\"https:\/\/dorogimedence.hu\/index.php\/2018\/05\/08\/a-predikaloszekre-tekertek-a-dorogiak\/\" class=\"yoast-seo-meta-tag\" \/>\n<meta property=\"og:site_name\" content=\"Dorogi-medence Region\u00e1lis H\u00edrport\u00e1l\" class=\"yoast-seo-meta-tag\" \/>\n<meta property=\"article:publisher\" content=\"https:\/\/www.facebook.com\/dorogimedence\/\" class=\"yoast-seo-meta-tag\" \/>\n<meta property=\"article:published_time\" content=\"2018-05-08T12:13:36+00:00\" class=\"yoast-seo-meta-tag\" \/>\n<meta property=\"og:image\" content=\"https:\/\/i0.wp.com\/dorogimedence.hu\/wp-content\/uploads\/2018\/05\/predikaloszek-bringa.jpg?fit=670%2C365&ssl=1\" class=\"yoast-seo-meta-tag\" \/>\n\t<meta property=\"og:image:width\" content=\"670\" class=\"yoast-seo-meta-tag\" \/>\n\t<meta property=\"og:image:height\" content=\"365\" class=\"yoast-seo-meta-tag\" \/>\n\t<meta property=\"og:image:type\" content=\"image\/jpeg\" class=\"yoast-seo-meta-tag\" \/>\n<meta name=\"author\" content=\"dorogimedence.hu\" class=\"yoast-seo-meta-tag\" \/>\n<meta name=\"twitter:card\" content=\"summary_large_image\" class=\"yoast-seo-meta-tag\" \/>\n<meta name=\"twitter:label1\" content=\"Szerz\u0151:\" class=\"yoast-seo-meta-tag\" \/>\n\t<meta name=\"twitter:data1\" content=\"dorogimedence.hu\" class=\"yoast-seo-meta-tag\" \/>\n\t<meta name=\"twitter:label2\" content=\"Becs\u00fclt olvas\u00e1si id\u0151\" class=\"yoast-seo-meta-tag\" \/>\n\t<meta name=\"twitter:data2\" content=\"1 perc\" class=\"yoast-seo-meta-tag\" \/>\n<script type=\"application\/ld+json\" class=\"yoast-schema-graph\">{\"@context\":\"https:\\\/\\\/schema.org\",\"@graph\":[{\"@type\":\"Article\",\"@id\":\"https:\\\/\\\/dorogimedence.hu\\\/index.php\\\/2018\\\/05\\\/08\\\/a-predikaloszekre-tekertek-a-dorogiak\\\/#article\",\"isPartOf\":{\"@id\":\"https:\\\/\\\/dorogimedence.hu\\\/index.php\\\/2018\\\/05\\\/08\\\/a-predikaloszekre-tekertek-a-dorogiak\\\/\"},\"author\":{\"name\":\"dorogimedence.hu\",\"@id\":\"https:\\\/\\\/dorogimedence.hu\\\/#\\\/schema\\\/person\\\/ce6091eeb7e95ecdc87890d6aa8e0fd4\"},\"headline\":\"A Pr\u00e9dik\u00e1l\u00f3sz\u00e9kre tekertek a dorogiak\",\"datePublished\":\"2018-05-08T12:13:36+00:00\",\"mainEntityOfPage\":{\"@id\":\"https:\\\/\\\/dorogimedence.hu\\\/index.php\\\/2018\\\/05\\\/08\\\/a-predikaloszekre-tekertek-a-dorogiak\\\/\"},\"wordCount\":205,\"publisher\":{\"@id\":\"https:\\\/\\\/dorogimedence.hu\\\/#organization\"},\"image\":{\"@id\":\"https:\\\/\\\/dorogimedence.hu\\\/index.php\\\/2018\\\/05\\\/08\\\/a-predikaloszekre-tekertek-a-dorogiak\\\/#primaryimage\"},\"thumbnailUrl\":\"https:\\\/\\\/dorogimedence.hu\\\/wp-content\\\/uploads\\\/2018\\\/05\\\/predikaloszek-bringa.jpg\",\"keywords\":[\"Dorog\",\"ker\u00e9kp\u00e1r t\u00fara\",\"ker\u00e9kp\u00e1roz\u00e1s\",\"Pr\u00e9dik\u00e1l\u00f3sz\u00e9k\",\"sport\",\"t\u00fara\"],\"articleSection\":[\"Dorog\",\"H\u00edrek\",\"Sport\"],\"inLanguage\":\"hu\"},{\"@type\":\"WebPage\",\"@id\":\"https:\\\/\\\/dorogimedence.hu\\\/index.php\\\/2018\\\/05\\\/08\\\/a-predikaloszekre-tekertek-a-dorogiak\\\/\",\"url\":\"https:\\\/\\\/dorogimedence.hu\\\/index.php\\\/2018\\\/05\\\/08\\\/a-predikaloszekre-tekertek-a-dorogiak\\\/\",\"name\":\"A Pr\u00e9dik\u00e1l\u00f3sz\u00e9kre tekertek a dorogiak\",\"isPartOf\":{\"@id\":\"https:\\\/\\\/dorogimedence.hu\\\/#website\"},\"primaryImageOfPage\":{\"@id\":\"https:\\\/\\\/dorogimedence.hu\\\/index.php\\\/2018\\\/05\\\/08\\\/a-predikaloszekre-tekertek-a-dorogiak\\\/#primaryimage\"},\"image\":{\"@id\":\"https:\\\/\\\/dorogimedence.hu\\\/index.php\\\/2018\\\/05\\\/08\\\/a-predikaloszekre-tekertek-a-dorogiak\\\/#primaryimage\"},\"thumbnailUrl\":\"https:\\\/\\\/dorogimedence.hu\\\/wp-content\\\/uploads\\\/2018\\\/05\\\/predikaloszek-bringa.jpg\",\"datePublished\":\"2018-05-08T12:13:36+00:00\",\"breadcrumb\":{\"@id\":\"https:\\\/\\\/dorogimedence.hu\\\/index.php\\\/2018\\\/05\\\/08\\\/a-predikaloszekre-tekertek-a-dorogiak\\\/#breadcrumb\"},\"inLanguage\":\"hu\",\"potentialAction\":[{\"@type\":\"ReadAction\",\"target\":[\"https:\\\/\\\/dorogimedence.hu\\\/index.php\\\/2018\\\/05\\\/08\\\/a-predikaloszekre-tekertek-a-dorogiak\\\/\"]}]},{\"@type\":\"ImageObject\",\"inLanguage\":\"hu\",\"@id\":\"https:\\\/\\\/dorogimedence.hu\\\/index.php\\\/2018\\\/05\\\/08\\\/a-predikaloszekre-tekertek-a-dorogiak\\\/#primaryimage\",\"url\":\"https:\\\/\\\/dorogimedence.hu\\\/wp-content\\\/uploads\\\/2018\\\/05\\\/predikaloszek-bringa.jpg\",\"contentUrl\":\"https:\\\/\\\/dorogimedence.hu\\\/wp-content\\\/uploads\\\/2018\\\/05\\\/predikaloszek-bringa.jpg\",\"width\":670,\"height\":365},{\"@type\":\"BreadcrumbList\",\"@id\":\"https:\\\/\\\/dorogimedence.hu\\\/index.php\\\/2018\\\/05\\\/08\\\/a-predikaloszekre-tekertek-a-dorogiak\\\/#breadcrumb\",\"itemListElement\":[{\"@type\":\"ListItem\",\"position\":1,\"name\":\"Kezd\u0151lap\",\"item\":\"https:\\\/\\\/dorogimedence.hu\\\/\"},{\"@type\":\"ListItem\",\"position\":2,\"name\":\"A Pr\u00e9dik\u00e1l\u00f3sz\u00e9kre tekertek a dorogiak\"}]},{\"@type\":\"WebSite\",\"@id\":\"https:\\\/\\\/dorogimedence.hu\\\/#website\",\"url\":\"https:\\\/\\\/dorogimedence.hu\\\/\",\"name\":\"Dorogi-medence Region\u00e1lis H\u00edrport\u00e1l\",\"description\":\"Dorog, Keszt\u00f6lc, Le\u00e1nyv\u00e1r, Piliscs\u00e9v, Tokod, Tokodalt\u00e1r\u00f3, Csolnok, Esztergom-kertv\u00e1ros: h\u00edrek, programok\",\"publisher\":{\"@id\":\"https:\\\/\\\/dorogimedence.hu\\\/#organization\"},\"potentialAction\":[{\"@type\":\"SearchAction\",\"target\":{\"@type\":\"EntryPoint\",\"urlTemplate\":\"https:\\\/\\\/dorogimedence.hu\\\/?s={search_term_string}\"},\"query-input\":{\"@type\":\"PropertyValueSpecification\",\"valueRequired\":true,\"valueName\":\"search_term_string\"}}],\"inLanguage\":\"hu\"},{\"@type\":\"Organization\",\"@id\":\"https:\\\/\\\/dorogimedence.hu\\\/#organization\",\"name\":\"Dorogi-medence Region\u00e1lis H\u00edrport\u00e1l\",\"url\":\"https:\\\/\\\/dorogimedence.hu\\\/\",\"logo\":{\"@type\":\"ImageObject\",\"inLanguage\":\"hu\",\"@id\":\"https:\\\/\\\/dorogimedence.hu\\\/#\\\/schema\\\/logo\\\/image\\\/\",\"url\":\"https:\\\/\\\/dorogimedence.hu\\\/wp-content\\\/uploads\\\/2021\\\/04\\\/logo-feher-600.png\",\"contentUrl\":\"https:\\\/\\\/dorogimedence.hu\\\/wp-content\\\/uploads\\\/2021\\\/04\\\/logo-feher-600.png\",\"width\":600,\"height\":100,\"caption\":\"Dorogi-medence Region\u00e1lis H\u00edrport\u00e1l\"},\"image\":{\"@id\":\"https:\\\/\\\/dorogimedence.hu\\\/#\\\/schema\\\/logo\\\/image\\\/\"},\"sameAs\":[\"https:\\\/\\\/www.facebook.com\\\/dorogimedence\\\/\"]},{\"@type\":\"Person\",\"@id\":\"https:\\\/\\\/dorogimedence.hu\\\/#\\\/schema\\\/person\\\/ce6091eeb7e95ecdc87890d6aa8e0fd4\",\"name\":\"dorogimedence.hu\",\"image\":{\"@type\":\"ImageObject\",\"inLanguage\":\"hu\",\"@id\":\"\\\/\\\/www.gravatar.com\\\/avatar\\\/d8d45f8901aadff40a4af72c0b826f1d?s=96&#038;r=g&#038;d=mm\",\"url\":\"\\\/\\\/www.gravatar.com\\\/avatar\\\/d8d45f8901aadff40a4af72c0b826f1d?s=96&#038;r=g&#038;d=mm\",\"contentUrl\":\"\\\/\\\/www.gravatar.com\\\/avatar\\\/d8d45f8901aadff40a4af72c0b826f1d?s=96&#038;r=g&#038;d=mm\",\"caption\":\"dorogimedence.hu\"}}]}<\/script>\n<!-- \/ Yoast SEO plugin. -->","yoast_head_json":{"title":"A Pr\u00e9dik\u00e1l\u00f3sz\u00e9kre tekertek a dorogiak","robots":{"index":"index","follow":"follow","max-snippet":"max-snippet:-1","max-image-preview":"max-image-preview:large","max-video-preview":"max-video-preview:-1"},"canonical":"https:\/\/dorogimedence.hu\/index.php\/2018\/05\/08\/a-predikaloszekre-tekertek-a-dorogiak\/","og_locale":"hu_HU","og_type":"article","og_title":"A Pr\u00e9dik\u00e1l\u00f3sz\u00e9kre tekertek a dorogiak","og_description":"A Dorogi Ker\u00e9kp\u00e1ros Egyes\u00fclet szervez\u00e9s\u00e9ben m\u00e1jus 6-\u00e1n, vas\u00e1rnap reggel 14 bev\u00e1llal\u00f3s bring\u00e1s elindult Dorogr\u00f3l megh\u00f3d\u00edtani a D\u00f6m\u00f6s f\u00f6l\u00e9 magasod\u00f3 hegyet, a 639 m\u00e9teres Pr\u00e9dik\u00e1l\u00f3sz\u00e9ket. Voltak k\u00f6z\u00f6tt\u00fck, akik rendszeresen mountiznak, de voltak, akik most pr\u00f3b\u00e1lkoztak el\u0151sz\u00f6r ekkora szintk\u00fcl\u00f6nbs\u00e9ggel. Esztergomt\u00f3l Pilismar\u00f3tig m\u00e9g s\u00edk volt az \u00fat, azt\u00e1n j\u00f6tt a java. 17 kil\u00f3m\u00e9tert tekertek fel a hegyre, r\u00e1ad\u00e1sul","og_url":"https:\/\/dorogimedence.hu\/index.php\/2018\/05\/08\/a-predikaloszekre-tekertek-a-dorogiak\/","og_site_name":"Dorogi-medence Region\u00e1lis H\u00edrport\u00e1l","article_publisher":"https:\/\/www.facebook.com\/dorogimedence\/","article_published_time":"2018-05-08T12:13:36+00:00","og_image":[{"width":670,"height":365,"url":"https:\/\/i0.wp.com\/dorogimedence.hu\/wp-content\/uploads\/2018\/05\/predikaloszek-bringa.jpg?fit=670%2C365&ssl=1","type":"image\/jpeg"}],"author":"dorogimedence.hu","twitter_card":"summary_large_image","twitter_misc":{"Szerz\u0151:":"dorogimedence.hu","Becs\u00fclt olvas\u00e1si id\u0151":"1 perc"},"schema":{"@context":"https:\/\/schema.org","@graph":[{"@type":"Article","@id":"https:\/\/dorogimedence.hu\/index.php\/2018\/05\/08\/a-predikaloszekre-tekertek-a-dorogiak\/#article","isPartOf":{"@id":"https:\/\/dorogimedence.hu\/index.php\/2018\/05\/08\/a-predikaloszekre-tekertek-a-dorogiak\/"},"author":{"name":"dorogimedence.hu","@id":"https:\/\/dorogimedence.hu\/#\/schema\/person\/ce6091eeb7e95ecdc87890d6aa8e0fd4"},"headline":"A Pr\u00e9dik\u00e1l\u00f3sz\u00e9kre tekertek a dorogiak","datePublished":"2018-05-08T12:13:36+00:00","mainEntityOfPage":{"@id":"https:\/\/dorogimedence.hu\/index.php\/2018\/05\/08\/a-predikaloszekre-tekertek-a-dorogiak\/"},"wordCount":205,"publisher":{"@id":"https:\/\/dorogimedence.hu\/#organization"},"image":{"@id":"https:\/\/dorogimedence.hu\/index.php\/2018\/05\/08\/a-predikaloszekre-tekertek-a-dorogiak\/#primaryimage"},"thumbnailUrl":"https:\/\/dorogimedence.hu\/wp-content\/uploads\/2018\/05\/predikaloszek-bringa.jpg","keywords":["Dorog","ker\u00e9kp\u00e1r t\u00fara","ker\u00e9kp\u00e1roz\u00e1s","Pr\u00e9dik\u00e1l\u00f3sz\u00e9k","sport","t\u00fara"],"articleSection":["Dorog","H\u00edrek","Sport"],"inLanguage":"hu"},{"@type":"WebPage","@id":"https:\/\/dorogimedence.hu\/index.php\/2018\/05\/08\/a-predikaloszekre-tekertek-a-dorogiak\/","url":"https:\/\/dorogimedence.hu\/index.php\/2018\/05\/08\/a-predikaloszekre-tekertek-a-dorogiak\/","name":"A Pr\u00e9dik\u00e1l\u00f3sz\u00e9kre tekertek a dorogiak","isPartOf":{"@id":"https:\/\/dorogimedence.hu\/#website"},"primaryImageOfPage":{"@id":"https:\/\/dorogimedence.hu\/index.php\/2018\/05\/08\/a-predikaloszekre-tekertek-a-dorogiak\/#primaryimage"},"image":{"@id":"https:\/\/dorogimedence.hu\/index.php\/2018\/05\/08\/a-predikaloszekre-tekertek-a-dorogiak\/#primaryimage"},"thumbnailUrl":"https:\/\/dorogimedence.hu\/wp-content\/uploads\/2018\/05\/predikaloszek-bringa.jpg","datePublished":"2018-05-08T12:13:36+00:00","breadcrumb":{"@id":"https:\/\/dorogimedence.hu\/index.php\/2018\/05\/08\/a-predikaloszekre-tekertek-a-dorogiak\/#breadcrumb"},"inLanguage":"hu","potentialAction":[{"@type":"ReadAction","target":["https:\/\/dorogimedence.hu\/index.php\/2018\/05\/08\/a-predikaloszekre-tekertek-a-dorogiak\/"]}]},{"@type":"ImageObject","inLanguage":"hu","@id":"https:\/\/dorogimedence.hu\/index.php\/2018\/05\/08\/a-predikaloszekre-tekertek-a-dorogiak\/#primaryimage","url":"https:\/\/dorogimedence.hu\/wp-content\/uploads\/2018\/05\/predikaloszek-bringa.jpg","contentUrl":"https:\/\/dorogimedence.hu\/wp-content\/uploads\/2018\/05\/predikaloszek-bringa.jpg","width":670,"height":365},{"@type":"BreadcrumbList","@id":"https:\/\/dorogimedence.hu\/index.php\/2018\/05\/08\/a-predikaloszekre-tekertek-a-dorogiak\/#breadcrumb","itemListElement":[{"@type":"ListItem","position":1,"name":"Kezd\u0151lap","item":"https:\/\/dorogimedence.hu\/"},{"@type":"ListItem","position":2,"name":"A Pr\u00e9dik\u00e1l\u00f3sz\u00e9kre tekertek a dorogiak"}]},{"@type":"WebSite","@id":"https:\/\/dorogimedence.hu\/#website","url":"https:\/\/dorogimedence.hu\/","name":"Dorogi-medence Region\u00e1lis H\u00edrport\u00e1l","description":"Dorog, Keszt\u00f6lc, Le\u00e1nyv\u00e1r, Piliscs\u00e9v, Tokod, Tokodalt\u00e1r\u00f3, Csolnok, Esztergom-kertv\u00e1ros: h\u00edrek, programok","publisher":{"@id":"https:\/\/dorogimedence.hu\/#organization"},"potentialAction":[{"@type":"SearchAction","target":{"@type":"EntryPoint","urlTemplate":"https:\/\/dorogimedence.hu\/?s={search_term_string}"},"query-input":{"@type":"PropertyValueSpecification","valueRequired":true,"valueName":"search_term_string"}}],"inLanguage":"hu"},{"@type":"Organization","@id":"https:\/\/dorogimedence.hu\/#organization","name":"Dorogi-medence Region\u00e1lis H\u00edrport\u00e1l","url":"https:\/\/dorogimedence.hu\/","logo":{"@type":"ImageObject","inLanguage":"hu","@id":"https:\/\/dorogimedence.hu\/#\/schema\/logo\/image\/","url":"https:\/\/dorogimedence.hu\/wp-content\/uploads\/2021\/04\/logo-feher-600.png","contentUrl":"https:\/\/dorogimedence.hu\/wp-content\/uploads\/2021\/04\/logo-feher-600.png","width":600,"height":100,"caption":"Dorogi-medence Region\u00e1lis H\u00edrport\u00e1l"},"image":{"@id":"https:\/\/dorogimedence.hu\/#\/schema\/logo\/image\/"},"sameAs":["https:\/\/www.facebook.com\/dorogimedence\/"]},{"@type":"Person","@id":"https:\/\/dorogimedence.hu\/#\/schema\/person\/ce6091eeb7e95ecdc87890d6aa8e0fd4","name":"dorogimedence.hu","image":{"@type":"ImageObject","inLanguage":"hu","@id":"\/\/www.gravatar.com\/avatar\/d8d45f8901aadff40a4af72c0b826f1d?s=96&#038;r=g&#038;d=mm","url":"\/\/www.gravatar.com\/avatar\/d8d45f8901aadff40a4af72c0b826f1d?s=96&#038;r=g&#038;d=mm","contentUrl":"\/\/www.gravatar.com\/avatar\/d8d45f8901aadff40a4af72c0b826f1d?s=96&#038;r=g&#038;d=mm","caption":"dorogimedence.hu"}}]}},"_links":{"self":[{"href":"https:\/\/dorogimedence.hu\/index.php\/wp-json\/wp\/v2\/posts\/9950","targetHints":{"allow":["GET"]}}],"collection":[{"href":"https:\/\/dorogimedence.hu\/index.php\/wp-json\/wp\/v2\/posts"}],"about":[{"href":"https:\/\/dorogimedence.hu\/index.php\/wp-json\/wp\/v2\/types\/post"}],"author":[{"embeddable":true,"href":"https:\/\/dorogimedence.hu\/index.php\/wp-json\/wp\/v2\/users\/1"}],"replies":[{"embeddable":true,"href":"https:\/\/dorogimedence.hu\/index.php\/wp-json\/wp\/v2\/comments?post=9950"}],"version-history":[{"count":0,"href":"https:\/\/dorogimedence.hu\/index.php\/wp-json\/wp\/v2\/posts\/9950\/revisions"}],"wp:featuredmedia":[{"embeddable":true,"href":"https:\/\/dorogimedence.hu\/index.php\/wp-json\/wp\/v2\/media\/9951"}],"wp:attachment":[{"href":"https:\/\/dorogimedence.hu\/index.php\/wp-json\/wp\/v2\/media?parent=9950"}],"wp:term":[{"taxonomy":"category","embeddable":true,"href":"https:\/\/dorogimedence.hu\/index.php\/wp-json\/wp\/v2\/categories?post=9950"},{"taxonomy":"post_tag","embeddable":true,"href":"https:\/\/dorogimedence.hu\/index.php\/wp-json\/wp\/v2\/tags?post=9950"}],"curies":[{"name":"wp","href":"https:\/\/api.w.org\/{rel}","templated":true}]}}