{"id":9918,"date":"2018-05-06T11:28:21","date_gmt":"2018-05-06T09:28:21","guid":{"rendered":"http:\/\/dorogimedence.hu\/?p=9918"},"modified":"2018-05-06T11:28:21","modified_gmt":"2018-05-06T09:28:21","slug":"25-eves-az-esztergomi-suzuki","status":"publish","type":"post","link":"https:\/\/dorogimedence.hu\/index.php\/2018\/05\/06\/25-eves-az-esztergomi-suzuki\/","title":{"rendered":"25 \u00e9ves az esztergomi Suzuki"},"content":{"rendered":"<p><strong>Huszon\u00f6t \u00e9ve, 1993. m\u00e1jus 7-\u00e9n avatt\u00e1k fel Antall J\u00f3zsef minisztereln\u00f6k \u00e9s a jap\u00e1n gy\u00e1rtulajdonos, Szuzuki Oszamu jelenl\u00e9t\u00e9ben a Magyar Suzuki R\u00e9szv\u00e9nyt\u00e1rsas\u00e1g esztergomi gy\u00e1r\u00e1t <\/strong><em>&#8211; \u00edrja a <a href=\"https:\/\/www.tozsdeforum.hu\/extra\/auto\/25-eves-a-magyar-suzuki-gyar-92616.html\" target=\"_blank\" rel=\"noopener\"><span style=\"text-decoration: underline; color: #0000ff;\">T\u0151zsdeF\u00f3rum<\/span><\/a>.<\/em><\/p>\n<p>A m\u00falt sz\u00e1zad elej\u00e9n Hamamacuban alap\u00edtott sz\u00f6v\u0151sz\u00e9kgy\u00e1r 1952-ben k\u00e9sz\u00edtette els\u0151 motoros k\u00f6zleked\u00e9si eszk\u00f6z\u00e9t, egy k\u00e9t\u00fctem\u0171, 60 k\u00f6bcentis motorral felszerelt biciklit. Ezt k\u00e9s\u0151bb \u00fajabb motorker\u00e9kp\u00e1rok, majd 1955-ben az els\u0151 jap\u00e1n n\u00e9gykerek\u0171 mini, a Suzulight k\u00f6vette. A Suzuki ezut\u00e1n \u00fajabb &#8211; z\u00f6mmel k\u00e9t\u00fctem\u0171 &#8211; kisaut\u00f3kkal, majd kis teheraut\u00f3kkal jelent meg, az 1970-es \u00e9vekt\u0151l pedig szinte az eg\u00e9sz vil\u00e1gra kiterjesztette tev\u00e9kenys\u00e9g\u00e9t. <strong>Els\u0151 eur\u00f3pai \u00fczem\u00fck az 1980-as \u00e9vekben Spanyolorsz\u00e1gban l\u00e9tes\u00fclt.<\/strong><\/p>\n<p>Az \u00f6reg kontinensen is terjeszkedni k\u00edv\u00e1n\u00f3 c\u00e9g tulajdonosa, Szuzuki Oszamu t\u00f6bb\u00e9ves t\u00e1rgyal\u00e1s ut\u00e1n, 1990. janu\u00e1r 13-\u00e1n \u00edrta al\u00e1 Budapesten Leps\u00e9nyi Istv\u00e1nnal, az Aut\u00f3konszern Rt. \u00fcgyvezet\u0151 igazgat\u00f3j\u00e1val \u00e9s Medgyessy P\u00e9ter minisztereln\u00f6k-helyettessel a Suzuki szem\u00e9lyg\u00e9pkocsikat gy\u00e1rt\u00f3 magyarorsz\u00e1gi vegyes v\u00e1llalat alapmeg\u00e1llapod\u00e1s\u00e1t. A g\u00e9pkocsigy\u00e1rt\u00e1sra vonatkoz\u00f3, 5,5 milli\u00e1rd forint alapt\u0151k\u00e9j\u0171 vegyes v\u00e1llalati meg\u00e1llapod\u00e1s 1991. \u00e1prilis 14-\u00e9n sz\u00fcletett meg.<\/p>\n<p>A Suzuki k\u00e9pvisel\u0151i logisztikai szempontb\u00f3l Esztergomot tal\u00e1lt\u00e1k a gy\u00e1r legmegfelel\u0151bb helysz\u00edn\u00e9nek. A 35 ezer n\u00e9gyzetm\u00e9teres, modern \u00fczemcsarnokot Csaba L\u00e1szl\u00f3 tervei alapj\u00e1n \u00e9p\u00edtett\u00e9k magyar kivitelez\u0151k, a beruh\u00e1z\u00e1s k\u00f6lts\u00e9ge mintegy 14 milli\u00e1rd forint volt. A c\u00e9g m\u00e1sodik eur\u00f3pai gy\u00e1r\u00e1ban <strong>egy fed\u00e9l alatt val\u00f3sult meg az aut\u00f3gy\u00e1rt\u00e1s komplett folyamata<\/strong>, a karossz\u00e9riaelemek pr\u00e9sel\u00e9se, hegeszt\u00e9se, fest\u00e9se, \u00e9s a teljes \u00f6sszeszerel\u00e9s.<\/p>\n<p>A Magyar Suzuki Rt. esztergomi aut\u00f3gy\u00e1r\u00e1t <strong>1993. m\u00e1jus 7-\u00e9n avatt\u00e1k fel \u00fcnnep\u00e9lyesen<\/strong>. Antall J\u00f3zsef minisztereln\u00f6k besz\u00e9d\u00e9ben t\u00f6bbek k\u00f6zt kijelentette: az \u00faj l\u00e9tes\u00edtm\u00e9ny \u00e9kes bizony\u00edt\u00e9k a magyar gazdas\u00e1g \u00e1talakul\u00e1s\u00e1ra.<\/p>\n<p>Az avat\u00f3\u00fcnneps\u00e9g az 1992 okt\u00f3ber\u00e9t\u0151l m\u00e1r termel\u0151 gy\u00e1r megtekint\u00e9s\u00e9vel fejez\u0151d\u00f6tt be, az \u00fczemben addig m\u00e1r n\u00e9gyezer Suzuki Swift t\u00edpus\u00fa szem\u00e9lyg\u00e9pkocsi k\u00e9sz\u00fclt el. Az 1000 k\u00f6bcentis alapmodell \u00e1ra 800 ezer forint volt &#8211; a Dacia \u00e9s a Lada ennek fel\u00e9be-harmad\u00e1ba ker\u00fclt, de a Volkswagen Golf\u00e9rt \u00e9s az Opel Astr\u00e1\u00e9rt m\u00e1r egymilli\u00f3 forintn\u00e1l t\u00f6bbet kellett fizetni.<\/p>\n<p>A <strong>Swift 1993-ban m\u00e1r a legn\u00e9pszer\u0171bb \u00fajaut\u00f3 lett<\/strong>, \u00e9s akkor jelent meg az igazi sl\u00e1ger, a szed\u00e1n is. Az esztergomi gy\u00e1r 1994-t\u0151l m\u00e1r exportra is termelt, az els\u0151 vev\u0151k K\u00edna, Olaszorsz\u00e1g \u00e9s Hollandia voltak. Idehaza a keleti aut\u00f3kb\u00f3l \u00e1t\u00fcl\u0151k k\u00f6r\u00e9ben hamar n\u00e9pszer\u0171 lett a megb\u00edzhat\u00f3, minim\u00e1lis karbantart\u00e1si ig\u00e9ny\u0171, kedvez\u0151 fogyaszt\u00e1s\u00fa f\u00fcrge Swift, amely igazi n\u00e9paut\u00f3 lett. &#8222;A mi aut\u00f3nk&#8221; &#8211; ahogy rekl\u00e1mozt\u00e1k, b\u00e1r a Swiftet a vil\u00e1g sz\u00e1mos hely\u00e9n gy\u00e1rtott\u00e1k m\u00e1s-m\u00e1s elnevez\u00e9ssel.<\/p>\n<p>Az elm\u00falt \u00e9vtizedekben ikonikus modellcsal\u00e1dok hagyt\u00e1k el az esztergomi fut\u00f3szalagot: 1992-ben az els\u0151 gener\u00e1ci\u00f3s Swift, 2000-ben a Wagon R+, 2003-ban az Ignis, 2005-ben a Swift \u00fajabb gener\u00e1ci\u00f3ja, 2006-ban az SX4, 2008-ban a Splash, 2010-ben a harmadik gener\u00e1ci\u00f3s Swift, 2013-ban az SX4 S-Cross, 2015-ben pedig az \u00faj Vitara.<\/p>\n<p>A Magyar Suzuki Zrt. 2017-ben t\u00f6bb mint 175 ezer g\u00e9pkocsit gy\u00e1rtott, a h\u00e1romezer gy\u00e1ri dolgoz\u00f3 mellett a besz\u00e1ll\u00edt\u00f3i \u00e9s m\u00e1rkakeresked\u0151i k\u00f6rrel egy\u00fctt t\u00edzezern\u00e9l t\u00f6bb embert foglalkoztat. A besz\u00e1ll\u00edt\u00f3i ar\u00e1ny \u00e9rt\u00e9kben el\u00e9ri a 65-70 sz\u00e1zal\u00e9kot, a c\u00e9g mintegy 300 eur\u00f3pai, k\u00f6z\u00f6tt\u00fck 70-n\u00e9l is t\u00f6bb magyar besz\u00e1ll\u00edt\u00f3val m\u0171k\u00f6dik egy\u00fctt.<\/p>\n<p>Id\u00e9n m\u00e1rciusban jelentett\u00e9k be, hogy a Magyar Suzuki Zrt. 5,3 milli\u00e1rd forint \u00e9rt\u00e9k\u0171 kutat\u00e1s-fejleszt\u00e9si programot hajt v\u00e9gre konzorci\u00e1lis partnereivel piack\u00e9pes, versenyk\u00e9pes \u00faj szem\u00e9lyg\u00e9pkocsi protot\u00edpusok \u00e9s gazdas\u00e1gos gy\u00e1rt\u00e1si technol\u00f3gi\u00e1k kifejleszt\u00e9s\u00e9re. A v\u00e1llalat vez\u00e9rigazgat\u00f3ja szerint a projekt z\u00e1r\u00e1s\u00e1val az esztergomi gy\u00e1r 2020-ra v\u00e1rhat\u00f3an <a href=\"https:\/\/dorogimedence.hu\/index.php\/2018\/03\/21\/okosgyarra-alakulhat-az-esztergomi-suzuki\/\" target=\"_blank\" rel=\"noopener\"><span style=\"text-decoration: underline; color: #0000ff;\"><strong>okosgy\u00e1rk\u00e9nt<\/strong><\/span><\/a> lesz meghat\u00e1roz\u00f3 szerepl\u0151je az eur\u00f3pai \u00e9s a magyar aut\u00f3gy\u00e1rt\u00e1snak.<\/p>\n<p><em>Forr\u00e1s: tozsdeforum.hu<br \/>\n<\/em> <em>Fot\u00f3: M\u00f3nos G\u00e1bor \/ MTI (Az els\u0151 Suzuki m\u00e1r 1992-ben a gy\u00e1ravat\u00e1s el\u0151tt leg\u00f6rd\u00fclt)<br \/>\n<\/em><\/p>\n","protected":false},"excerpt":{"rendered":"<p>Huszon\u00f6t \u00e9ve, 1993. m\u00e1jus 7-\u00e9n avatt\u00e1k fel Antall J\u00f3zsef minisztereln\u00f6k \u00e9s a jap\u00e1n gy\u00e1rtulajdonos, Szuzuki Oszamu jelenl\u00e9t\u00e9ben a Magyar Suzuki R\u00e9szv\u00e9nyt\u00e1rsas\u00e1g esztergomi gy\u00e1r\u00e1t &#8211; \u00edrja a T\u0151zsdeF\u00f3rum. A m\u00falt sz\u00e1zad elej\u00e9n Hamamacuban alap\u00edtott sz\u00f6v\u0151sz\u00e9kgy\u00e1r 1952-ben k\u00e9sz\u00edtette els\u0151 motoros k\u00f6zleked\u00e9si eszk\u00f6z\u00e9t, egy k\u00e9t\u00fctem\u0171, 60 k\u00f6bcentis motorral felszerelt biciklit. Ezt k\u00e9s\u0151bb \u00fajabb motorker\u00e9kp\u00e1rok, majd 1955-ben az els\u0151<\/p>\n","protected":false},"author":1,"featured_media":9919,"comment_status":"closed","ping_status":"closed","sticky":false,"template":"","format":"standard","meta":{"ngg_post_thumbnail":0,"footnotes":""},"categories":[38,3],"tags":[43,2038,42,261],"class_list":{"0":"post-9918","1":"post","2":"type-post","3":"status-publish","4":"format-standard","5":"has-post-thumbnail","7":"category-esztergom","8":"category-hirek","9":"tag-auto","10":"tag-autogyartas","11":"tag-esztergom","12":"tag-suzuki"},"yoast_head":"<!-- This site is optimized with the Yoast SEO plugin v27.5 - https:\/\/yoast.com\/product\/yoast-seo-wordpress\/ -->\n<title>25 \u00e9ves az esztergomi Suzuki<\/title>\n<meta name=\"robots\" content=\"index, follow, max-snippet:-1, max-image-preview:large, max-video-preview:-1\" \/>\n<link rel=\"canonical\" href=\"https:\/\/dorogimedence.hu\/index.php\/2018\/05\/06\/25-eves-az-esztergomi-suzuki\/\" class=\"yoast-seo-meta-tag\" \/>\n<meta property=\"og:locale\" content=\"hu_HU\" class=\"yoast-seo-meta-tag\" \/>\n<meta property=\"og:type\" content=\"article\" class=\"yoast-seo-meta-tag\" \/>\n<meta property=\"og:title\" content=\"25 \u00e9ves az esztergomi Suzuki\" class=\"yoast-seo-meta-tag\" \/>\n<meta property=\"og:description\" content=\"Huszon\u00f6t \u00e9ve, 1993. m\u00e1jus 7-\u00e9n avatt\u00e1k fel Antall J\u00f3zsef minisztereln\u00f6k \u00e9s a jap\u00e1n gy\u00e1rtulajdonos, Szuzuki Oszamu jelenl\u00e9t\u00e9ben a Magyar Suzuki R\u00e9szv\u00e9nyt\u00e1rsas\u00e1g esztergomi gy\u00e1r\u00e1t &#8211; \u00edrja a T\u0151zsdeF\u00f3rum. A m\u00falt sz\u00e1zad elej\u00e9n Hamamacuban alap\u00edtott sz\u00f6v\u0151sz\u00e9kgy\u00e1r 1952-ben k\u00e9sz\u00edtette els\u0151 motoros k\u00f6zleked\u00e9si eszk\u00f6z\u00e9t, egy k\u00e9t\u00fctem\u0171, 60 k\u00f6bcentis motorral felszerelt biciklit. Ezt k\u00e9s\u0151bb \u00fajabb motorker\u00e9kp\u00e1rok, majd 1955-ben az els\u0151\" class=\"yoast-seo-meta-tag\" \/>\n<meta property=\"og:url\" content=\"https:\/\/dorogimedence.hu\/index.php\/2018\/05\/06\/25-eves-az-esztergomi-suzuki\/\" class=\"yoast-seo-meta-tag\" \/>\n<meta property=\"og:site_name\" content=\"Dorogi-medence Region\u00e1lis H\u00edrport\u00e1l\" class=\"yoast-seo-meta-tag\" \/>\n<meta property=\"article:publisher\" content=\"https:\/\/www.facebook.com\/dorogimedence\/\" class=\"yoast-seo-meta-tag\" \/>\n<meta property=\"article:published_time\" content=\"2018-05-06T09:28:21+00:00\" class=\"yoast-seo-meta-tag\" \/>\n<meta property=\"og:image\" content=\"https:\/\/i0.wp.com\/dorogimedence.hu\/wp-content\/uploads\/2018\/05\/suzuki-01.jpg?fit=670%2C365&ssl=1\" class=\"yoast-seo-meta-tag\" \/>\n\t<meta property=\"og:image:width\" content=\"670\" class=\"yoast-seo-meta-tag\" \/>\n\t<meta property=\"og:image:height\" content=\"365\" class=\"yoast-seo-meta-tag\" \/>\n\t<meta property=\"og:image:type\" content=\"image\/jpeg\" class=\"yoast-seo-meta-tag\" \/>\n<meta name=\"author\" content=\"dorogimedence.hu\" class=\"yoast-seo-meta-tag\" \/>\n<meta name=\"twitter:card\" content=\"summary_large_image\" class=\"yoast-seo-meta-tag\" \/>\n<meta name=\"twitter:label1\" content=\"Szerz\u0151:\" class=\"yoast-seo-meta-tag\" \/>\n\t<meta name=\"twitter:data1\" content=\"dorogimedence.hu\" class=\"yoast-seo-meta-tag\" \/>\n\t<meta name=\"twitter:label2\" content=\"Becs\u00fclt olvas\u00e1si id\u0151\" class=\"yoast-seo-meta-tag\" \/>\n\t<meta name=\"twitter:data2\" content=\"4 perc\" class=\"yoast-seo-meta-tag\" \/>\n<script type=\"application\/ld+json\" class=\"yoast-schema-graph\">{\"@context\":\"https:\\\/\\\/schema.org\",\"@graph\":[{\"@type\":\"Article\",\"@id\":\"https:\\\/\\\/dorogimedence.hu\\\/index.php\\\/2018\\\/05\\\/06\\\/25-eves-az-esztergomi-suzuki\\\/#article\",\"isPartOf\":{\"@id\":\"https:\\\/\\\/dorogimedence.hu\\\/index.php\\\/2018\\\/05\\\/06\\\/25-eves-az-esztergomi-suzuki\\\/\"},\"author\":{\"name\":\"dorogimedence.hu\",\"@id\":\"https:\\\/\\\/dorogimedence.hu\\\/#\\\/schema\\\/person\\\/ce6091eeb7e95ecdc87890d6aa8e0fd4\"},\"headline\":\"25 \u00e9ves az esztergomi Suzuki\",\"datePublished\":\"2018-05-06T09:28:21+00:00\",\"mainEntityOfPage\":{\"@id\":\"https:\\\/\\\/dorogimedence.hu\\\/index.php\\\/2018\\\/05\\\/06\\\/25-eves-az-esztergomi-suzuki\\\/\"},\"wordCount\":816,\"publisher\":{\"@id\":\"https:\\\/\\\/dorogimedence.hu\\\/#organization\"},\"image\":{\"@id\":\"https:\\\/\\\/dorogimedence.hu\\\/index.php\\\/2018\\\/05\\\/06\\\/25-eves-az-esztergomi-suzuki\\\/#primaryimage\"},\"thumbnailUrl\":\"https:\\\/\\\/dorogimedence.hu\\\/wp-content\\\/uploads\\\/2018\\\/05\\\/suzuki-01.jpg\",\"keywords\":[\"aut\u00f3\",\"aut\u00f3gy\u00e1rt\u00e1s\",\"esztergom\",\"Suzuki\"],\"articleSection\":[\"Esztergom\",\"H\u00edrek\"],\"inLanguage\":\"hu\"},{\"@type\":\"WebPage\",\"@id\":\"https:\\\/\\\/dorogimedence.hu\\\/index.php\\\/2018\\\/05\\\/06\\\/25-eves-az-esztergomi-suzuki\\\/\",\"url\":\"https:\\\/\\\/dorogimedence.hu\\\/index.php\\\/2018\\\/05\\\/06\\\/25-eves-az-esztergomi-suzuki\\\/\",\"name\":\"25 \u00e9ves az esztergomi Suzuki\",\"isPartOf\":{\"@id\":\"https:\\\/\\\/dorogimedence.hu\\\/#website\"},\"primaryImageOfPage\":{\"@id\":\"https:\\\/\\\/dorogimedence.hu\\\/index.php\\\/2018\\\/05\\\/06\\\/25-eves-az-esztergomi-suzuki\\\/#primaryimage\"},\"image\":{\"@id\":\"https:\\\/\\\/dorogimedence.hu\\\/index.php\\\/2018\\\/05\\\/06\\\/25-eves-az-esztergomi-suzuki\\\/#primaryimage\"},\"thumbnailUrl\":\"https:\\\/\\\/dorogimedence.hu\\\/wp-content\\\/uploads\\\/2018\\\/05\\\/suzuki-01.jpg\",\"datePublished\":\"2018-05-06T09:28:21+00:00\",\"breadcrumb\":{\"@id\":\"https:\\\/\\\/dorogimedence.hu\\\/index.php\\\/2018\\\/05\\\/06\\\/25-eves-az-esztergomi-suzuki\\\/#breadcrumb\"},\"inLanguage\":\"hu\",\"potentialAction\":[{\"@type\":\"ReadAction\",\"target\":[\"https:\\\/\\\/dorogimedence.hu\\\/index.php\\\/2018\\\/05\\\/06\\\/25-eves-az-esztergomi-suzuki\\\/\"]}]},{\"@type\":\"ImageObject\",\"inLanguage\":\"hu\",\"@id\":\"https:\\\/\\\/dorogimedence.hu\\\/index.php\\\/2018\\\/05\\\/06\\\/25-eves-az-esztergomi-suzuki\\\/#primaryimage\",\"url\":\"https:\\\/\\\/dorogimedence.hu\\\/wp-content\\\/uploads\\\/2018\\\/05\\\/suzuki-01.jpg\",\"contentUrl\":\"https:\\\/\\\/dorogimedence.hu\\\/wp-content\\\/uploads\\\/2018\\\/05\\\/suzuki-01.jpg\",\"width\":670,\"height\":365},{\"@type\":\"BreadcrumbList\",\"@id\":\"https:\\\/\\\/dorogimedence.hu\\\/index.php\\\/2018\\\/05\\\/06\\\/25-eves-az-esztergomi-suzuki\\\/#breadcrumb\",\"itemListElement\":[{\"@type\":\"ListItem\",\"position\":1,\"name\":\"Kezd\u0151lap\",\"item\":\"https:\\\/\\\/dorogimedence.hu\\\/\"},{\"@type\":\"ListItem\",\"position\":2,\"name\":\"25 \u00e9ves az esztergomi Suzuki\"}]},{\"@type\":\"WebSite\",\"@id\":\"https:\\\/\\\/dorogimedence.hu\\\/#website\",\"url\":\"https:\\\/\\\/dorogimedence.hu\\\/\",\"name\":\"Dorogi-medence Region\u00e1lis H\u00edrport\u00e1l\",\"description\":\"Dorog, Keszt\u00f6lc, Le\u00e1nyv\u00e1r, Piliscs\u00e9v, Tokod, Tokodalt\u00e1r\u00f3, Csolnok, Esztergom-kertv\u00e1ros: h\u00edrek, programok\",\"publisher\":{\"@id\":\"https:\\\/\\\/dorogimedence.hu\\\/#organization\"},\"potentialAction\":[{\"@type\":\"SearchAction\",\"target\":{\"@type\":\"EntryPoint\",\"urlTemplate\":\"https:\\\/\\\/dorogimedence.hu\\\/?s={search_term_string}\"},\"query-input\":{\"@type\":\"PropertyValueSpecification\",\"valueRequired\":true,\"valueName\":\"search_term_string\"}}],\"inLanguage\":\"hu\"},{\"@type\":\"Organization\",\"@id\":\"https:\\\/\\\/dorogimedence.hu\\\/#organization\",\"name\":\"Dorogi-medence Region\u00e1lis H\u00edrport\u00e1l\",\"url\":\"https:\\\/\\\/dorogimedence.hu\\\/\",\"logo\":{\"@type\":\"ImageObject\",\"inLanguage\":\"hu\",\"@id\":\"https:\\\/\\\/dorogimedence.hu\\\/#\\\/schema\\\/logo\\\/image\\\/\",\"url\":\"https:\\\/\\\/dorogimedence.hu\\\/wp-content\\\/uploads\\\/2021\\\/04\\\/logo-feher-600.png\",\"contentUrl\":\"https:\\\/\\\/dorogimedence.hu\\\/wp-content\\\/uploads\\\/2021\\\/04\\\/logo-feher-600.png\",\"width\":600,\"height\":100,\"caption\":\"Dorogi-medence Region\u00e1lis H\u00edrport\u00e1l\"},\"image\":{\"@id\":\"https:\\\/\\\/dorogimedence.hu\\\/#\\\/schema\\\/logo\\\/image\\\/\"},\"sameAs\":[\"https:\\\/\\\/www.facebook.com\\\/dorogimedence\\\/\"]},{\"@type\":\"Person\",\"@id\":\"https:\\\/\\\/dorogimedence.hu\\\/#\\\/schema\\\/person\\\/ce6091eeb7e95ecdc87890d6aa8e0fd4\",\"name\":\"dorogimedence.hu\",\"image\":{\"@type\":\"ImageObject\",\"inLanguage\":\"hu\",\"@id\":\"\\\/\\\/www.gravatar.com\\\/avatar\\\/d8d45f8901aadff40a4af72c0b826f1d?s=96&#038;r=g&#038;d=mm\",\"url\":\"\\\/\\\/www.gravatar.com\\\/avatar\\\/d8d45f8901aadff40a4af72c0b826f1d?s=96&#038;r=g&#038;d=mm\",\"contentUrl\":\"\\\/\\\/www.gravatar.com\\\/avatar\\\/d8d45f8901aadff40a4af72c0b826f1d?s=96&#038;r=g&#038;d=mm\",\"caption\":\"dorogimedence.hu\"}}]}<\/script>\n<!-- \/ Yoast SEO plugin. -->","yoast_head_json":{"title":"25 \u00e9ves az esztergomi Suzuki","robots":{"index":"index","follow":"follow","max-snippet":"max-snippet:-1","max-image-preview":"max-image-preview:large","max-video-preview":"max-video-preview:-1"},"canonical":"https:\/\/dorogimedence.hu\/index.php\/2018\/05\/06\/25-eves-az-esztergomi-suzuki\/","og_locale":"hu_HU","og_type":"article","og_title":"25 \u00e9ves az esztergomi Suzuki","og_description":"Huszon\u00f6t \u00e9ve, 1993. m\u00e1jus 7-\u00e9n avatt\u00e1k fel Antall J\u00f3zsef minisztereln\u00f6k \u00e9s a jap\u00e1n gy\u00e1rtulajdonos, Szuzuki Oszamu jelenl\u00e9t\u00e9ben a Magyar Suzuki R\u00e9szv\u00e9nyt\u00e1rsas\u00e1g esztergomi gy\u00e1r\u00e1t &#8211; \u00edrja a T\u0151zsdeF\u00f3rum. A m\u00falt sz\u00e1zad elej\u00e9n Hamamacuban alap\u00edtott sz\u00f6v\u0151sz\u00e9kgy\u00e1r 1952-ben k\u00e9sz\u00edtette els\u0151 motoros k\u00f6zleked\u00e9si eszk\u00f6z\u00e9t, egy k\u00e9t\u00fctem\u0171, 60 k\u00f6bcentis motorral felszerelt biciklit. Ezt k\u00e9s\u0151bb \u00fajabb motorker\u00e9kp\u00e1rok, majd 1955-ben az els\u0151","og_url":"https:\/\/dorogimedence.hu\/index.php\/2018\/05\/06\/25-eves-az-esztergomi-suzuki\/","og_site_name":"Dorogi-medence Region\u00e1lis H\u00edrport\u00e1l","article_publisher":"https:\/\/www.facebook.com\/dorogimedence\/","article_published_time":"2018-05-06T09:28:21+00:00","og_image":[{"width":670,"height":365,"url":"https:\/\/i0.wp.com\/dorogimedence.hu\/wp-content\/uploads\/2018\/05\/suzuki-01.jpg?fit=670%2C365&ssl=1","type":"image\/jpeg"}],"author":"dorogimedence.hu","twitter_card":"summary_large_image","twitter_misc":{"Szerz\u0151:":"dorogimedence.hu","Becs\u00fclt olvas\u00e1si id\u0151":"4 perc"},"schema":{"@context":"https:\/\/schema.org","@graph":[{"@type":"Article","@id":"https:\/\/dorogimedence.hu\/index.php\/2018\/05\/06\/25-eves-az-esztergomi-suzuki\/#article","isPartOf":{"@id":"https:\/\/dorogimedence.hu\/index.php\/2018\/05\/06\/25-eves-az-esztergomi-suzuki\/"},"author":{"name":"dorogimedence.hu","@id":"https:\/\/dorogimedence.hu\/#\/schema\/person\/ce6091eeb7e95ecdc87890d6aa8e0fd4"},"headline":"25 \u00e9ves az esztergomi Suzuki","datePublished":"2018-05-06T09:28:21+00:00","mainEntityOfPage":{"@id":"https:\/\/dorogimedence.hu\/index.php\/2018\/05\/06\/25-eves-az-esztergomi-suzuki\/"},"wordCount":816,"publisher":{"@id":"https:\/\/dorogimedence.hu\/#organization"},"image":{"@id":"https:\/\/dorogimedence.hu\/index.php\/2018\/05\/06\/25-eves-az-esztergomi-suzuki\/#primaryimage"},"thumbnailUrl":"https:\/\/dorogimedence.hu\/wp-content\/uploads\/2018\/05\/suzuki-01.jpg","keywords":["aut\u00f3","aut\u00f3gy\u00e1rt\u00e1s","esztergom","Suzuki"],"articleSection":["Esztergom","H\u00edrek"],"inLanguage":"hu"},{"@type":"WebPage","@id":"https:\/\/dorogimedence.hu\/index.php\/2018\/05\/06\/25-eves-az-esztergomi-suzuki\/","url":"https:\/\/dorogimedence.hu\/index.php\/2018\/05\/06\/25-eves-az-esztergomi-suzuki\/","name":"25 \u00e9ves az esztergomi Suzuki","isPartOf":{"@id":"https:\/\/dorogimedence.hu\/#website"},"primaryImageOfPage":{"@id":"https:\/\/dorogimedence.hu\/index.php\/2018\/05\/06\/25-eves-az-esztergomi-suzuki\/#primaryimage"},"image":{"@id":"https:\/\/dorogimedence.hu\/index.php\/2018\/05\/06\/25-eves-az-esztergomi-suzuki\/#primaryimage"},"thumbnailUrl":"https:\/\/dorogimedence.hu\/wp-content\/uploads\/2018\/05\/suzuki-01.jpg","datePublished":"2018-05-06T09:28:21+00:00","breadcrumb":{"@id":"https:\/\/dorogimedence.hu\/index.php\/2018\/05\/06\/25-eves-az-esztergomi-suzuki\/#breadcrumb"},"inLanguage":"hu","potentialAction":[{"@type":"ReadAction","target":["https:\/\/dorogimedence.hu\/index.php\/2018\/05\/06\/25-eves-az-esztergomi-suzuki\/"]}]},{"@type":"ImageObject","inLanguage":"hu","@id":"https:\/\/dorogimedence.hu\/index.php\/2018\/05\/06\/25-eves-az-esztergomi-suzuki\/#primaryimage","url":"https:\/\/dorogimedence.hu\/wp-content\/uploads\/2018\/05\/suzuki-01.jpg","contentUrl":"https:\/\/dorogimedence.hu\/wp-content\/uploads\/2018\/05\/suzuki-01.jpg","width":670,"height":365},{"@type":"BreadcrumbList","@id":"https:\/\/dorogimedence.hu\/index.php\/2018\/05\/06\/25-eves-az-esztergomi-suzuki\/#breadcrumb","itemListElement":[{"@type":"ListItem","position":1,"name":"Kezd\u0151lap","item":"https:\/\/dorogimedence.hu\/"},{"@type":"ListItem","position":2,"name":"25 \u00e9ves az esztergomi Suzuki"}]},{"@type":"WebSite","@id":"https:\/\/dorogimedence.hu\/#website","url":"https:\/\/dorogimedence.hu\/","name":"Dorogi-medence Region\u00e1lis H\u00edrport\u00e1l","description":"Dorog, Keszt\u00f6lc, Le\u00e1nyv\u00e1r, Piliscs\u00e9v, Tokod, Tokodalt\u00e1r\u00f3, Csolnok, Esztergom-kertv\u00e1ros: h\u00edrek, programok","publisher":{"@id":"https:\/\/dorogimedence.hu\/#organization"},"potentialAction":[{"@type":"SearchAction","target":{"@type":"EntryPoint","urlTemplate":"https:\/\/dorogimedence.hu\/?s={search_term_string}"},"query-input":{"@type":"PropertyValueSpecification","valueRequired":true,"valueName":"search_term_string"}}],"inLanguage":"hu"},{"@type":"Organization","@id":"https:\/\/dorogimedence.hu\/#organization","name":"Dorogi-medence Region\u00e1lis H\u00edrport\u00e1l","url":"https:\/\/dorogimedence.hu\/","logo":{"@type":"ImageObject","inLanguage":"hu","@id":"https:\/\/dorogimedence.hu\/#\/schema\/logo\/image\/","url":"https:\/\/dorogimedence.hu\/wp-content\/uploads\/2021\/04\/logo-feher-600.png","contentUrl":"https:\/\/dorogimedence.hu\/wp-content\/uploads\/2021\/04\/logo-feher-600.png","width":600,"height":100,"caption":"Dorogi-medence Region\u00e1lis H\u00edrport\u00e1l"},"image":{"@id":"https:\/\/dorogimedence.hu\/#\/schema\/logo\/image\/"},"sameAs":["https:\/\/www.facebook.com\/dorogimedence\/"]},{"@type":"Person","@id":"https:\/\/dorogimedence.hu\/#\/schema\/person\/ce6091eeb7e95ecdc87890d6aa8e0fd4","name":"dorogimedence.hu","image":{"@type":"ImageObject","inLanguage":"hu","@id":"\/\/www.gravatar.com\/avatar\/d8d45f8901aadff40a4af72c0b826f1d?s=96&#038;r=g&#038;d=mm","url":"\/\/www.gravatar.com\/avatar\/d8d45f8901aadff40a4af72c0b826f1d?s=96&#038;r=g&#038;d=mm","contentUrl":"\/\/www.gravatar.com\/avatar\/d8d45f8901aadff40a4af72c0b826f1d?s=96&#038;r=g&#038;d=mm","caption":"dorogimedence.hu"}}]}},"_links":{"self":[{"href":"https:\/\/dorogimedence.hu\/index.php\/wp-json\/wp\/v2\/posts\/9918","targetHints":{"allow":["GET"]}}],"collection":[{"href":"https:\/\/dorogimedence.hu\/index.php\/wp-json\/wp\/v2\/posts"}],"about":[{"href":"https:\/\/dorogimedence.hu\/index.php\/wp-json\/wp\/v2\/types\/post"}],"author":[{"embeddable":true,"href":"https:\/\/dorogimedence.hu\/index.php\/wp-json\/wp\/v2\/users\/1"}],"replies":[{"embeddable":true,"href":"https:\/\/dorogimedence.hu\/index.php\/wp-json\/wp\/v2\/comments?post=9918"}],"version-history":[{"count":0,"href":"https:\/\/dorogimedence.hu\/index.php\/wp-json\/wp\/v2\/posts\/9918\/revisions"}],"wp:featuredmedia":[{"embeddable":true,"href":"https:\/\/dorogimedence.hu\/index.php\/wp-json\/wp\/v2\/media\/9919"}],"wp:attachment":[{"href":"https:\/\/dorogimedence.hu\/index.php\/wp-json\/wp\/v2\/media?parent=9918"}],"wp:term":[{"taxonomy":"category","embeddable":true,"href":"https:\/\/dorogimedence.hu\/index.php\/wp-json\/wp\/v2\/categories?post=9918"},{"taxonomy":"post_tag","embeddable":true,"href":"https:\/\/dorogimedence.hu\/index.php\/wp-json\/wp\/v2\/tags?post=9918"}],"curies":[{"name":"wp","href":"https:\/\/api.w.org\/{rel}","templated":true}]}}