{"id":9915,"date":"2018-05-06T10:56:58","date_gmt":"2018-05-06T08:56:58","guid":{"rendered":"http:\/\/dorogimedence.hu\/?p=9915"},"modified":"2018-05-06T10:56:58","modified_gmt":"2018-05-06T08:56:58","slug":"megkezdodott-a-ppke-kutatohazanak-fejlesztese-esztergomban","status":"publish","type":"post","link":"https:\/\/dorogimedence.hu\/index.php\/2018\/05\/06\/megkezdodott-a-ppke-kutatohazanak-fejlesztese-esztergomban\/","title":{"rendered":"Megkezd\u0151d\u00f6tt a PPKE kutat\u00f3h\u00e1z\u00e1nak fejleszt\u00e9se Esztergomban"},"content":{"rendered":"<p><strong>Megkezd\u0151d\u00f6tt a P\u00e1zm\u00e1ny P\u00e9ter Katolikus Egyetem (PPKE) kutat\u00f3h\u00e1z\u00e1nak fejleszt\u00e9se Esztergomban<\/strong> <em>&#8211; k\u00f6z\u00f6lte az int\u00e9zm\u00e9ny az MTI-vel.<\/em><\/p>\n<p>A k\u00f6zlem\u00e9ny szerint a Sz\u00e9chenyi2020 program keret\u00e9ben megval\u00f3sul\u00f3 fejleszt\u00e9s \u00f6sszk\u00f6lts\u00e9ge 205,5 milli\u00f3 forint. A kutat\u00f3h\u00e1z az Inform\u00e1ci\u00f3s Technol\u00f3giai \u00e9s Bionikai Kar esztergomi kutat\u00f3laborjait fogja \u00f6ssze, ott a kutat\u00e1s \u00e9s fejleszt\u00e9s mellett hangs\u00falyt kap az innov\u00e1ci\u00f3, az oktat\u00e1s \u00e9s a tehets\u00e9ggondoz\u00e1s, valamint tudom\u00e1nyn\u00e9pszer\u0171s\u00edt\u0151 rendezv\u00e9nyeket is szerveznek.<\/p>\n<p>A b\u0151v\u00edt\u00e9ssel a l\u00e9tes\u00edtm\u00e9ny alkalmas lesz arra, hogy a mesterk\u00e9pz\u00e9sekben r\u00e9szt vev\u0151 hallgat\u00f3k sz\u00e1m\u00e1ra &#8211; els\u0151sorban az orvosi biotechnol\u00f3gia ter\u00fclet\u00e9n &#8211; kihelyezett laborat\u00f3riumi gyakorlatokat tartsanak.<\/p>\n<p><em>Forr\u00e1s: MTI<\/em><\/p>\n","protected":false},"excerpt":{"rendered":"<p>Megkezd\u0151d\u00f6tt a P\u00e1zm\u00e1ny P\u00e9ter Katolikus Egyetem (PPKE) kutat\u00f3h\u00e1z\u00e1nak fejleszt\u00e9se Esztergomban &#8211; k\u00f6z\u00f6lte az int\u00e9zm\u00e9ny az MTI-vel. A k\u00f6zlem\u00e9ny szerint a Sz\u00e9chenyi2020 program keret\u00e9ben megval\u00f3sul\u00f3 fejleszt\u00e9s \u00f6sszk\u00f6lts\u00e9ge 205,5 milli\u00f3 forint. A kutat\u00f3h\u00e1z az Inform\u00e1ci\u00f3s Technol\u00f3giai \u00e9s Bionikai Kar esztergomi kutat\u00f3laborjait fogja \u00f6ssze, ott a kutat\u00e1s \u00e9s fejleszt\u00e9s mellett hangs\u00falyt kap az innov\u00e1ci\u00f3, az oktat\u00e1s \u00e9s a<\/p>\n","protected":false},"author":1,"featured_media":9916,"comment_status":"closed","ping_status":"closed","sticky":false,"template":"","format":"standard","meta":{"ngg_post_thumbnail":0,"footnotes":""},"categories":[38,3],"tags":[306,42,2508,1269,1268],"class_list":{"0":"post-9915","1":"post","2":"type-post","3":"status-publish","4":"format-standard","5":"has-post-thumbnail","7":"category-esztergom","8":"category-hirek","9":"tag-egyetem","10":"tag-esztergom","11":"tag-kutatohaz","12":"tag-pazmany","13":"tag-ppke"},"yoast_head":"<!-- This site is optimized with the Yoast SEO plugin v27.5 - https:\/\/yoast.com\/product\/yoast-seo-wordpress\/ -->\n<title>Megkezd\u0151d\u00f6tt a PPKE kutat\u00f3h\u00e1z\u00e1nak fejleszt\u00e9se Esztergomban<\/title>\n<meta name=\"robots\" content=\"index, follow, max-snippet:-1, max-image-preview:large, max-video-preview:-1\" \/>\n<link rel=\"canonical\" href=\"https:\/\/dorogimedence.hu\/index.php\/2018\/05\/06\/megkezdodott-a-ppke-kutatohazanak-fejlesztese-esztergomban\/\" class=\"yoast-seo-meta-tag\" \/>\n<meta property=\"og:locale\" content=\"hu_HU\" class=\"yoast-seo-meta-tag\" \/>\n<meta property=\"og:type\" content=\"article\" class=\"yoast-seo-meta-tag\" \/>\n<meta property=\"og:title\" content=\"Megkezd\u0151d\u00f6tt a PPKE kutat\u00f3h\u00e1z\u00e1nak fejleszt\u00e9se Esztergomban\" class=\"yoast-seo-meta-tag\" \/>\n<meta property=\"og:description\" content=\"Megkezd\u0151d\u00f6tt a P\u00e1zm\u00e1ny P\u00e9ter Katolikus Egyetem (PPKE) kutat\u00f3h\u00e1z\u00e1nak fejleszt\u00e9se Esztergomban &#8211; k\u00f6z\u00f6lte az int\u00e9zm\u00e9ny az MTI-vel. A k\u00f6zlem\u00e9ny szerint a Sz\u00e9chenyi2020 program keret\u00e9ben megval\u00f3sul\u00f3 fejleszt\u00e9s \u00f6sszk\u00f6lts\u00e9ge 205,5 milli\u00f3 forint. A kutat\u00f3h\u00e1z az Inform\u00e1ci\u00f3s Technol\u00f3giai \u00e9s Bionikai Kar esztergomi kutat\u00f3laborjait fogja \u00f6ssze, ott a kutat\u00e1s \u00e9s fejleszt\u00e9s mellett hangs\u00falyt kap az innov\u00e1ci\u00f3, az oktat\u00e1s \u00e9s a\" class=\"yoast-seo-meta-tag\" \/>\n<meta property=\"og:url\" content=\"https:\/\/dorogimedence.hu\/index.php\/2018\/05\/06\/megkezdodott-a-ppke-kutatohazanak-fejlesztese-esztergomban\/\" class=\"yoast-seo-meta-tag\" \/>\n<meta property=\"og:site_name\" content=\"Dorogi-medence Region\u00e1lis H\u00edrport\u00e1l\" class=\"yoast-seo-meta-tag\" \/>\n<meta property=\"article:publisher\" content=\"https:\/\/www.facebook.com\/dorogimedence\/\" class=\"yoast-seo-meta-tag\" \/>\n<meta property=\"article:published_time\" content=\"2018-05-06T08:56:58+00:00\" class=\"yoast-seo-meta-tag\" \/>\n<meta property=\"og:image\" content=\"https:\/\/i0.wp.com\/dorogimedence.hu\/wp-content\/uploads\/2018\/05\/pazmany-01.jpg?fit=670%2C365&ssl=1\" class=\"yoast-seo-meta-tag\" \/>\n\t<meta property=\"og:image:width\" content=\"670\" class=\"yoast-seo-meta-tag\" \/>\n\t<meta property=\"og:image:height\" content=\"365\" class=\"yoast-seo-meta-tag\" \/>\n\t<meta property=\"og:image:type\" content=\"image\/jpeg\" class=\"yoast-seo-meta-tag\" \/>\n<meta name=\"author\" content=\"dorogimedence.hu\" class=\"yoast-seo-meta-tag\" \/>\n<meta name=\"twitter:card\" content=\"summary_large_image\" class=\"yoast-seo-meta-tag\" \/>\n<meta name=\"twitter:label1\" content=\"Szerz\u0151:\" class=\"yoast-seo-meta-tag\" \/>\n\t<meta name=\"twitter:data1\" content=\"dorogimedence.hu\" class=\"yoast-seo-meta-tag\" \/>\n\t<meta name=\"twitter:label2\" content=\"Becs\u00fclt olvas\u00e1si id\u0151\" class=\"yoast-seo-meta-tag\" \/>\n\t<meta name=\"twitter:data2\" content=\"1 perc\" class=\"yoast-seo-meta-tag\" \/>\n<script type=\"application\/ld+json\" class=\"yoast-schema-graph\">{\"@context\":\"https:\\\/\\\/schema.org\",\"@graph\":[{\"@type\":\"Article\",\"@id\":\"https:\\\/\\\/dorogimedence.hu\\\/index.php\\\/2018\\\/05\\\/06\\\/megkezdodott-a-ppke-kutatohazanak-fejlesztese-esztergomban\\\/#article\",\"isPartOf\":{\"@id\":\"https:\\\/\\\/dorogimedence.hu\\\/index.php\\\/2018\\\/05\\\/06\\\/megkezdodott-a-ppke-kutatohazanak-fejlesztese-esztergomban\\\/\"},\"author\":{\"name\":\"dorogimedence.hu\",\"@id\":\"https:\\\/\\\/dorogimedence.hu\\\/#\\\/schema\\\/person\\\/ce6091eeb7e95ecdc87890d6aa8e0fd4\"},\"headline\":\"Megkezd\u0151d\u00f6tt a PPKE kutat\u00f3h\u00e1z\u00e1nak fejleszt\u00e9se Esztergomban\",\"datePublished\":\"2018-05-06T08:56:58+00:00\",\"mainEntityOfPage\":{\"@id\":\"https:\\\/\\\/dorogimedence.hu\\\/index.php\\\/2018\\\/05\\\/06\\\/megkezdodott-a-ppke-kutatohazanak-fejlesztese-esztergomban\\\/\"},\"wordCount\":156,\"publisher\":{\"@id\":\"https:\\\/\\\/dorogimedence.hu\\\/#organization\"},\"image\":{\"@id\":\"https:\\\/\\\/dorogimedence.hu\\\/index.php\\\/2018\\\/05\\\/06\\\/megkezdodott-a-ppke-kutatohazanak-fejlesztese-esztergomban\\\/#primaryimage\"},\"thumbnailUrl\":\"https:\\\/\\\/dorogimedence.hu\\\/wp-content\\\/uploads\\\/2018\\\/05\\\/pazmany-01.jpg\",\"keywords\":[\"egyetem\",\"esztergom\",\"kutat\u00f3h\u00e1z\",\"P\u00e1zm\u00e1ny\",\"PPKE\"],\"articleSection\":[\"Esztergom\",\"H\u00edrek\"],\"inLanguage\":\"hu\"},{\"@type\":\"WebPage\",\"@id\":\"https:\\\/\\\/dorogimedence.hu\\\/index.php\\\/2018\\\/05\\\/06\\\/megkezdodott-a-ppke-kutatohazanak-fejlesztese-esztergomban\\\/\",\"url\":\"https:\\\/\\\/dorogimedence.hu\\\/index.php\\\/2018\\\/05\\\/06\\\/megkezdodott-a-ppke-kutatohazanak-fejlesztese-esztergomban\\\/\",\"name\":\"Megkezd\u0151d\u00f6tt a PPKE kutat\u00f3h\u00e1z\u00e1nak fejleszt\u00e9se Esztergomban\",\"isPartOf\":{\"@id\":\"https:\\\/\\\/dorogimedence.hu\\\/#website\"},\"primaryImageOfPage\":{\"@id\":\"https:\\\/\\\/dorogimedence.hu\\\/index.php\\\/2018\\\/05\\\/06\\\/megkezdodott-a-ppke-kutatohazanak-fejlesztese-esztergomban\\\/#primaryimage\"},\"image\":{\"@id\":\"https:\\\/\\\/dorogimedence.hu\\\/index.php\\\/2018\\\/05\\\/06\\\/megkezdodott-a-ppke-kutatohazanak-fejlesztese-esztergomban\\\/#primaryimage\"},\"thumbnailUrl\":\"https:\\\/\\\/dorogimedence.hu\\\/wp-content\\\/uploads\\\/2018\\\/05\\\/pazmany-01.jpg\",\"datePublished\":\"2018-05-06T08:56:58+00:00\",\"breadcrumb\":{\"@id\":\"https:\\\/\\\/dorogimedence.hu\\\/index.php\\\/2018\\\/05\\\/06\\\/megkezdodott-a-ppke-kutatohazanak-fejlesztese-esztergomban\\\/#breadcrumb\"},\"inLanguage\":\"hu\",\"potentialAction\":[{\"@type\":\"ReadAction\",\"target\":[\"https:\\\/\\\/dorogimedence.hu\\\/index.php\\\/2018\\\/05\\\/06\\\/megkezdodott-a-ppke-kutatohazanak-fejlesztese-esztergomban\\\/\"]}]},{\"@type\":\"ImageObject\",\"inLanguage\":\"hu\",\"@id\":\"https:\\\/\\\/dorogimedence.hu\\\/index.php\\\/2018\\\/05\\\/06\\\/megkezdodott-a-ppke-kutatohazanak-fejlesztese-esztergomban\\\/#primaryimage\",\"url\":\"https:\\\/\\\/dorogimedence.hu\\\/wp-content\\\/uploads\\\/2018\\\/05\\\/pazmany-01.jpg\",\"contentUrl\":\"https:\\\/\\\/dorogimedence.hu\\\/wp-content\\\/uploads\\\/2018\\\/05\\\/pazmany-01.jpg\",\"width\":670,\"height\":365},{\"@type\":\"BreadcrumbList\",\"@id\":\"https:\\\/\\\/dorogimedence.hu\\\/index.php\\\/2018\\\/05\\\/06\\\/megkezdodott-a-ppke-kutatohazanak-fejlesztese-esztergomban\\\/#breadcrumb\",\"itemListElement\":[{\"@type\":\"ListItem\",\"position\":1,\"name\":\"Kezd\u0151lap\",\"item\":\"https:\\\/\\\/dorogimedence.hu\\\/\"},{\"@type\":\"ListItem\",\"position\":2,\"name\":\"Megkezd\u0151d\u00f6tt a PPKE kutat\u00f3h\u00e1z\u00e1nak fejleszt\u00e9se Esztergomban\"}]},{\"@type\":\"WebSite\",\"@id\":\"https:\\\/\\\/dorogimedence.hu\\\/#website\",\"url\":\"https:\\\/\\\/dorogimedence.hu\\\/\",\"name\":\"Dorogi-medence Region\u00e1lis H\u00edrport\u00e1l\",\"description\":\"Dorog, Keszt\u00f6lc, Le\u00e1nyv\u00e1r, Piliscs\u00e9v, Tokod, Tokodalt\u00e1r\u00f3, Csolnok, Esztergom-kertv\u00e1ros: h\u00edrek, programok\",\"publisher\":{\"@id\":\"https:\\\/\\\/dorogimedence.hu\\\/#organization\"},\"potentialAction\":[{\"@type\":\"SearchAction\",\"target\":{\"@type\":\"EntryPoint\",\"urlTemplate\":\"https:\\\/\\\/dorogimedence.hu\\\/?s={search_term_string}\"},\"query-input\":{\"@type\":\"PropertyValueSpecification\",\"valueRequired\":true,\"valueName\":\"search_term_string\"}}],\"inLanguage\":\"hu\"},{\"@type\":\"Organization\",\"@id\":\"https:\\\/\\\/dorogimedence.hu\\\/#organization\",\"name\":\"Dorogi-medence Region\u00e1lis H\u00edrport\u00e1l\",\"url\":\"https:\\\/\\\/dorogimedence.hu\\\/\",\"logo\":{\"@type\":\"ImageObject\",\"inLanguage\":\"hu\",\"@id\":\"https:\\\/\\\/dorogimedence.hu\\\/#\\\/schema\\\/logo\\\/image\\\/\",\"url\":\"https:\\\/\\\/dorogimedence.hu\\\/wp-content\\\/uploads\\\/2021\\\/04\\\/logo-feher-600.png\",\"contentUrl\":\"https:\\\/\\\/dorogimedence.hu\\\/wp-content\\\/uploads\\\/2021\\\/04\\\/logo-feher-600.png\",\"width\":600,\"height\":100,\"caption\":\"Dorogi-medence Region\u00e1lis H\u00edrport\u00e1l\"},\"image\":{\"@id\":\"https:\\\/\\\/dorogimedence.hu\\\/#\\\/schema\\\/logo\\\/image\\\/\"},\"sameAs\":[\"https:\\\/\\\/www.facebook.com\\\/dorogimedence\\\/\"]},{\"@type\":\"Person\",\"@id\":\"https:\\\/\\\/dorogimedence.hu\\\/#\\\/schema\\\/person\\\/ce6091eeb7e95ecdc87890d6aa8e0fd4\",\"name\":\"dorogimedence.hu\",\"image\":{\"@type\":\"ImageObject\",\"inLanguage\":\"hu\",\"@id\":\"\\\/\\\/www.gravatar.com\\\/avatar\\\/d8d45f8901aadff40a4af72c0b826f1d?s=96&#038;r=g&#038;d=mm\",\"url\":\"\\\/\\\/www.gravatar.com\\\/avatar\\\/d8d45f8901aadff40a4af72c0b826f1d?s=96&#038;r=g&#038;d=mm\",\"contentUrl\":\"\\\/\\\/www.gravatar.com\\\/avatar\\\/d8d45f8901aadff40a4af72c0b826f1d?s=96&#038;r=g&#038;d=mm\",\"caption\":\"dorogimedence.hu\"}}]}<\/script>\n<!-- \/ Yoast SEO plugin. -->","yoast_head_json":{"title":"Megkezd\u0151d\u00f6tt a PPKE kutat\u00f3h\u00e1z\u00e1nak fejleszt\u00e9se Esztergomban","robots":{"index":"index","follow":"follow","max-snippet":"max-snippet:-1","max-image-preview":"max-image-preview:large","max-video-preview":"max-video-preview:-1"},"canonical":"https:\/\/dorogimedence.hu\/index.php\/2018\/05\/06\/megkezdodott-a-ppke-kutatohazanak-fejlesztese-esztergomban\/","og_locale":"hu_HU","og_type":"article","og_title":"Megkezd\u0151d\u00f6tt a PPKE kutat\u00f3h\u00e1z\u00e1nak fejleszt\u00e9se Esztergomban","og_description":"Megkezd\u0151d\u00f6tt a P\u00e1zm\u00e1ny P\u00e9ter Katolikus Egyetem (PPKE) kutat\u00f3h\u00e1z\u00e1nak fejleszt\u00e9se Esztergomban &#8211; k\u00f6z\u00f6lte az int\u00e9zm\u00e9ny az MTI-vel. A k\u00f6zlem\u00e9ny szerint a Sz\u00e9chenyi2020 program keret\u00e9ben megval\u00f3sul\u00f3 fejleszt\u00e9s \u00f6sszk\u00f6lts\u00e9ge 205,5 milli\u00f3 forint. A kutat\u00f3h\u00e1z az Inform\u00e1ci\u00f3s Technol\u00f3giai \u00e9s Bionikai Kar esztergomi kutat\u00f3laborjait fogja \u00f6ssze, ott a kutat\u00e1s \u00e9s fejleszt\u00e9s mellett hangs\u00falyt kap az innov\u00e1ci\u00f3, az oktat\u00e1s \u00e9s a","og_url":"https:\/\/dorogimedence.hu\/index.php\/2018\/05\/06\/megkezdodott-a-ppke-kutatohazanak-fejlesztese-esztergomban\/","og_site_name":"Dorogi-medence Region\u00e1lis H\u00edrport\u00e1l","article_publisher":"https:\/\/www.facebook.com\/dorogimedence\/","article_published_time":"2018-05-06T08:56:58+00:00","og_image":[{"width":670,"height":365,"url":"https:\/\/i0.wp.com\/dorogimedence.hu\/wp-content\/uploads\/2018\/05\/pazmany-01.jpg?fit=670%2C365&ssl=1","type":"image\/jpeg"}],"author":"dorogimedence.hu","twitter_card":"summary_large_image","twitter_misc":{"Szerz\u0151:":"dorogimedence.hu","Becs\u00fclt olvas\u00e1si id\u0151":"1 perc"},"schema":{"@context":"https:\/\/schema.org","@graph":[{"@type":"Article","@id":"https:\/\/dorogimedence.hu\/index.php\/2018\/05\/06\/megkezdodott-a-ppke-kutatohazanak-fejlesztese-esztergomban\/#article","isPartOf":{"@id":"https:\/\/dorogimedence.hu\/index.php\/2018\/05\/06\/megkezdodott-a-ppke-kutatohazanak-fejlesztese-esztergomban\/"},"author":{"name":"dorogimedence.hu","@id":"https:\/\/dorogimedence.hu\/#\/schema\/person\/ce6091eeb7e95ecdc87890d6aa8e0fd4"},"headline":"Megkezd\u0151d\u00f6tt a PPKE kutat\u00f3h\u00e1z\u00e1nak fejleszt\u00e9se Esztergomban","datePublished":"2018-05-06T08:56:58+00:00","mainEntityOfPage":{"@id":"https:\/\/dorogimedence.hu\/index.php\/2018\/05\/06\/megkezdodott-a-ppke-kutatohazanak-fejlesztese-esztergomban\/"},"wordCount":156,"publisher":{"@id":"https:\/\/dorogimedence.hu\/#organization"},"image":{"@id":"https:\/\/dorogimedence.hu\/index.php\/2018\/05\/06\/megkezdodott-a-ppke-kutatohazanak-fejlesztese-esztergomban\/#primaryimage"},"thumbnailUrl":"https:\/\/dorogimedence.hu\/wp-content\/uploads\/2018\/05\/pazmany-01.jpg","keywords":["egyetem","esztergom","kutat\u00f3h\u00e1z","P\u00e1zm\u00e1ny","PPKE"],"articleSection":["Esztergom","H\u00edrek"],"inLanguage":"hu"},{"@type":"WebPage","@id":"https:\/\/dorogimedence.hu\/index.php\/2018\/05\/06\/megkezdodott-a-ppke-kutatohazanak-fejlesztese-esztergomban\/","url":"https:\/\/dorogimedence.hu\/index.php\/2018\/05\/06\/megkezdodott-a-ppke-kutatohazanak-fejlesztese-esztergomban\/","name":"Megkezd\u0151d\u00f6tt a PPKE kutat\u00f3h\u00e1z\u00e1nak fejleszt\u00e9se Esztergomban","isPartOf":{"@id":"https:\/\/dorogimedence.hu\/#website"},"primaryImageOfPage":{"@id":"https:\/\/dorogimedence.hu\/index.php\/2018\/05\/06\/megkezdodott-a-ppke-kutatohazanak-fejlesztese-esztergomban\/#primaryimage"},"image":{"@id":"https:\/\/dorogimedence.hu\/index.php\/2018\/05\/06\/megkezdodott-a-ppke-kutatohazanak-fejlesztese-esztergomban\/#primaryimage"},"thumbnailUrl":"https:\/\/dorogimedence.hu\/wp-content\/uploads\/2018\/05\/pazmany-01.jpg","datePublished":"2018-05-06T08:56:58+00:00","breadcrumb":{"@id":"https:\/\/dorogimedence.hu\/index.php\/2018\/05\/06\/megkezdodott-a-ppke-kutatohazanak-fejlesztese-esztergomban\/#breadcrumb"},"inLanguage":"hu","potentialAction":[{"@type":"ReadAction","target":["https:\/\/dorogimedence.hu\/index.php\/2018\/05\/06\/megkezdodott-a-ppke-kutatohazanak-fejlesztese-esztergomban\/"]}]},{"@type":"ImageObject","inLanguage":"hu","@id":"https:\/\/dorogimedence.hu\/index.php\/2018\/05\/06\/megkezdodott-a-ppke-kutatohazanak-fejlesztese-esztergomban\/#primaryimage","url":"https:\/\/dorogimedence.hu\/wp-content\/uploads\/2018\/05\/pazmany-01.jpg","contentUrl":"https:\/\/dorogimedence.hu\/wp-content\/uploads\/2018\/05\/pazmany-01.jpg","width":670,"height":365},{"@type":"BreadcrumbList","@id":"https:\/\/dorogimedence.hu\/index.php\/2018\/05\/06\/megkezdodott-a-ppke-kutatohazanak-fejlesztese-esztergomban\/#breadcrumb","itemListElement":[{"@type":"ListItem","position":1,"name":"Kezd\u0151lap","item":"https:\/\/dorogimedence.hu\/"},{"@type":"ListItem","position":2,"name":"Megkezd\u0151d\u00f6tt a PPKE kutat\u00f3h\u00e1z\u00e1nak fejleszt\u00e9se Esztergomban"}]},{"@type":"WebSite","@id":"https:\/\/dorogimedence.hu\/#website","url":"https:\/\/dorogimedence.hu\/","name":"Dorogi-medence Region\u00e1lis H\u00edrport\u00e1l","description":"Dorog, Keszt\u00f6lc, Le\u00e1nyv\u00e1r, Piliscs\u00e9v, Tokod, Tokodalt\u00e1r\u00f3, Csolnok, Esztergom-kertv\u00e1ros: h\u00edrek, programok","publisher":{"@id":"https:\/\/dorogimedence.hu\/#organization"},"potentialAction":[{"@type":"SearchAction","target":{"@type":"EntryPoint","urlTemplate":"https:\/\/dorogimedence.hu\/?s={search_term_string}"},"query-input":{"@type":"PropertyValueSpecification","valueRequired":true,"valueName":"search_term_string"}}],"inLanguage":"hu"},{"@type":"Organization","@id":"https:\/\/dorogimedence.hu\/#organization","name":"Dorogi-medence Region\u00e1lis H\u00edrport\u00e1l","url":"https:\/\/dorogimedence.hu\/","logo":{"@type":"ImageObject","inLanguage":"hu","@id":"https:\/\/dorogimedence.hu\/#\/schema\/logo\/image\/","url":"https:\/\/dorogimedence.hu\/wp-content\/uploads\/2021\/04\/logo-feher-600.png","contentUrl":"https:\/\/dorogimedence.hu\/wp-content\/uploads\/2021\/04\/logo-feher-600.png","width":600,"height":100,"caption":"Dorogi-medence Region\u00e1lis H\u00edrport\u00e1l"},"image":{"@id":"https:\/\/dorogimedence.hu\/#\/schema\/logo\/image\/"},"sameAs":["https:\/\/www.facebook.com\/dorogimedence\/"]},{"@type":"Person","@id":"https:\/\/dorogimedence.hu\/#\/schema\/person\/ce6091eeb7e95ecdc87890d6aa8e0fd4","name":"dorogimedence.hu","image":{"@type":"ImageObject","inLanguage":"hu","@id":"\/\/www.gravatar.com\/avatar\/d8d45f8901aadff40a4af72c0b826f1d?s=96&#038;r=g&#038;d=mm","url":"\/\/www.gravatar.com\/avatar\/d8d45f8901aadff40a4af72c0b826f1d?s=96&#038;r=g&#038;d=mm","contentUrl":"\/\/www.gravatar.com\/avatar\/d8d45f8901aadff40a4af72c0b826f1d?s=96&#038;r=g&#038;d=mm","caption":"dorogimedence.hu"}}]}},"_links":{"self":[{"href":"https:\/\/dorogimedence.hu\/index.php\/wp-json\/wp\/v2\/posts\/9915","targetHints":{"allow":["GET"]}}],"collection":[{"href":"https:\/\/dorogimedence.hu\/index.php\/wp-json\/wp\/v2\/posts"}],"about":[{"href":"https:\/\/dorogimedence.hu\/index.php\/wp-json\/wp\/v2\/types\/post"}],"author":[{"embeddable":true,"href":"https:\/\/dorogimedence.hu\/index.php\/wp-json\/wp\/v2\/users\/1"}],"replies":[{"embeddable":true,"href":"https:\/\/dorogimedence.hu\/index.php\/wp-json\/wp\/v2\/comments?post=9915"}],"version-history":[{"count":0,"href":"https:\/\/dorogimedence.hu\/index.php\/wp-json\/wp\/v2\/posts\/9915\/revisions"}],"wp:featuredmedia":[{"embeddable":true,"href":"https:\/\/dorogimedence.hu\/index.php\/wp-json\/wp\/v2\/media\/9916"}],"wp:attachment":[{"href":"https:\/\/dorogimedence.hu\/index.php\/wp-json\/wp\/v2\/media?parent=9915"}],"wp:term":[{"taxonomy":"category","embeddable":true,"href":"https:\/\/dorogimedence.hu\/index.php\/wp-json\/wp\/v2\/categories?post=9915"},{"taxonomy":"post_tag","embeddable":true,"href":"https:\/\/dorogimedence.hu\/index.php\/wp-json\/wp\/v2\/tags?post=9915"}],"curies":[{"name":"wp","href":"https:\/\/api.w.org\/{rel}","templated":true}]}}