{"id":9899,"date":"2018-05-05T08:27:46","date_gmt":"2018-05-05T06:27:46","guid":{"rendered":"http:\/\/dorogimedence.hu\/?p=9899"},"modified":"2018-05-05T08:51:33","modified_gmt":"2018-05-05T06:51:33","slug":"valtozik-a-vasuti-menetrend-majus-20-tol","status":"publish","type":"post","link":"https:\/\/dorogimedence.hu\/index.php\/2018\/05\/05\/valtozik-a-vasuti-menetrend-majus-20-tol\/","title":{"rendered":"V\u00e1ltozik a vas\u00fati menetrend m\u00e1jus 20-t\u00f3l"},"content":{"rendered":"<p><strong>A M\u00c1V k\u00f6zz\u00e9tette a Budapest-Esztergom k\u00f6z\u00f6tt k\u00f6zleked\u0151 szem\u00e9lyvonat 2018. m\u00e1jus 20-\u00e1t\u00f3l \u00e9rv\u00e9nybe l\u00e9p\u0151 menetrendj\u00e9t. Az \u00faj mentrend szerint n\u00e9h\u00e1ny \u00e1llom\u00e1son \u00e1tsz\u00e1ll\u00e1ssal lehet majd k\u00f6zlekedni.<br \/>\n<\/strong><\/p>\n<p>A reggeli \u00e9s esti j\u00e1ratok kiv\u00e9tel\u00e9vel \u00d3buda, Aranyv\u00f6lgy, \u00dcr\u00f6m, Sz\u00e9lhegy \u00e9s V\u00f6r\u00f6sv\u00e1rb\u00e1nya \u00e1llom\u00e1sok eset\u00e9ben Angyalf\u00f6ld \u00e9s \u00dajpest \u00e1llom\u00e1sokon van lehet\u0151s\u00e9g \u00e1tsz\u00e1llni a Angyalf\u00f6ld-Piliscsaba k\u00f6z\u00f6tt k\u00f6zleked\u0151 z\u00f3n\u00e1z\u00f3 vonatokra. Az \u00e1tsz\u00e1ll\u00e1sok eset\u00e9ben \u00e1tlagosan 6-7 percet kell v\u00e1rni.<\/p>\n<p>A mentrendben az A jel\u0171 j\u00e1ratok h\u00e9tk\u00f6znap a C jel\u0171ek pedig h\u00e9tv\u00e9g\u00e9n j\u00e1rnak!<\/p>\n<p><a href=\"https:\/\/www.mavcsoport.hu\/sites\/default\/files\/upload\/page\/hirdetmeny_2_v.20-tol.pdf\" target=\"_blank\" rel=\"noopener\"><span style=\"text-decoration: underline; color: #0000ff;\"><strong>Az \u00faj menetrend itt tekinthet\u0151 meg&gt;&gt;<\/strong><\/span><\/a><\/p>\n","protected":false},"excerpt":{"rendered":"<p>A M\u00c1V k\u00f6zz\u00e9tette a Budapest-Esztergom k\u00f6z\u00f6tt k\u00f6zleked\u0151 szem\u00e9lyvonat 2018. m\u00e1jus 20-\u00e1t\u00f3l \u00e9rv\u00e9nybe l\u00e9p\u0151 menetrendj\u00e9t. Az \u00faj mentrend szerint n\u00e9h\u00e1ny \u00e1llom\u00e1son \u00e1tsz\u00e1ll\u00e1ssal lehet majd k\u00f6zlekedni. A reggeli \u00e9s esti j\u00e1ratok kiv\u00e9tel\u00e9vel \u00d3buda, Aranyv\u00f6lgy, \u00dcr\u00f6m, Sz\u00e9lhegy \u00e9s V\u00f6r\u00f6sv\u00e1rb\u00e1nya \u00e1llom\u00e1sok eset\u00e9ben Angyalf\u00f6ld \u00e9s \u00dajpest \u00e1llom\u00e1sokon van lehet\u0151s\u00e9g \u00e1tsz\u00e1llni a Angyalf\u00f6ld-Piliscsaba k\u00f6z\u00f6tt k\u00f6zleked\u0151 z\u00f3n\u00e1z\u00f3 vonatokra. Az \u00e1tsz\u00e1ll\u00e1sok eset\u00e9ben \u00e1tlagosan<\/p>\n","protected":false},"author":1,"featured_media":6727,"comment_status":"closed","ping_status":"closed","sticky":false,"template":"","format":"standard","meta":{"ngg_post_thumbnail":0,"footnotes":""},"categories":[3],"tags":[643,293,381,291],"class_list":{"0":"post-9899","1":"post","2":"type-post","3":"status-publish","4":"format-standard","5":"has-post-thumbnail","7":"category-hirek","8":"tag-budapest-esztergom-vasutvonal","9":"tag-menetrend","10":"tag-vasut","11":"tag-vonat"},"yoast_head":"<!-- This site is optimized with the Yoast SEO plugin v27.5 - https:\/\/yoast.com\/product\/yoast-seo-wordpress\/ -->\n<title>V\u00e1ltozik a vas\u00fati menetrend m\u00e1jus 20-t\u00f3l<\/title>\n<meta name=\"robots\" content=\"index, follow, max-snippet:-1, max-image-preview:large, max-video-preview:-1\" \/>\n<link rel=\"canonical\" href=\"https:\/\/dorogimedence.hu\/index.php\/2018\/05\/05\/valtozik-a-vasuti-menetrend-majus-20-tol\/\" class=\"yoast-seo-meta-tag\" \/>\n<meta property=\"og:locale\" content=\"hu_HU\" class=\"yoast-seo-meta-tag\" \/>\n<meta property=\"og:type\" content=\"article\" class=\"yoast-seo-meta-tag\" \/>\n<meta property=\"og:title\" content=\"V\u00e1ltozik a vas\u00fati menetrend m\u00e1jus 20-t\u00f3l\" class=\"yoast-seo-meta-tag\" \/>\n<meta property=\"og:description\" content=\"A M\u00c1V k\u00f6zz\u00e9tette a Budapest-Esztergom k\u00f6z\u00f6tt k\u00f6zleked\u0151 szem\u00e9lyvonat 2018. m\u00e1jus 20-\u00e1t\u00f3l \u00e9rv\u00e9nybe l\u00e9p\u0151 menetrendj\u00e9t. Az \u00faj mentrend szerint n\u00e9h\u00e1ny \u00e1llom\u00e1son \u00e1tsz\u00e1ll\u00e1ssal lehet majd k\u00f6zlekedni. A reggeli \u00e9s esti j\u00e1ratok kiv\u00e9tel\u00e9vel \u00d3buda, Aranyv\u00f6lgy, \u00dcr\u00f6m, Sz\u00e9lhegy \u00e9s V\u00f6r\u00f6sv\u00e1rb\u00e1nya \u00e1llom\u00e1sok eset\u00e9ben Angyalf\u00f6ld \u00e9s \u00dajpest \u00e1llom\u00e1sokon van lehet\u0151s\u00e9g \u00e1tsz\u00e1llni a Angyalf\u00f6ld-Piliscsaba k\u00f6z\u00f6tt k\u00f6zleked\u0151 z\u00f3n\u00e1z\u00f3 vonatokra. Az \u00e1tsz\u00e1ll\u00e1sok eset\u00e9ben \u00e1tlagosan\" class=\"yoast-seo-meta-tag\" \/>\n<meta property=\"og:url\" content=\"https:\/\/dorogimedence.hu\/index.php\/2018\/05\/05\/valtozik-a-vasuti-menetrend-majus-20-tol\/\" class=\"yoast-seo-meta-tag\" \/>\n<meta property=\"og:site_name\" content=\"Dorogi-medence Region\u00e1lis H\u00edrport\u00e1l\" class=\"yoast-seo-meta-tag\" \/>\n<meta property=\"article:publisher\" content=\"https:\/\/www.facebook.com\/dorogimedence\/\" class=\"yoast-seo-meta-tag\" \/>\n<meta property=\"article:published_time\" content=\"2018-05-05T06:27:46+00:00\" class=\"yoast-seo-meta-tag\" \/>\n<meta property=\"article:modified_time\" content=\"2018-05-05T06:51:33+00:00\" class=\"yoast-seo-meta-tag\" \/>\n<meta property=\"og:image\" content=\"https:\/\/i0.wp.com\/dorogimedence.hu\/wp-content\/uploads\/2017\/11\/flirt-01.jpg?fit=670%2C365&ssl=1\" class=\"yoast-seo-meta-tag\" \/>\n\t<meta property=\"og:image:width\" content=\"670\" class=\"yoast-seo-meta-tag\" \/>\n\t<meta property=\"og:image:height\" content=\"365\" class=\"yoast-seo-meta-tag\" \/>\n\t<meta property=\"og:image:type\" content=\"image\/jpeg\" class=\"yoast-seo-meta-tag\" \/>\n<meta name=\"author\" content=\"dorogimedence.hu\" class=\"yoast-seo-meta-tag\" \/>\n<meta name=\"twitter:card\" content=\"summary_large_image\" class=\"yoast-seo-meta-tag\" \/>\n<meta name=\"twitter:label1\" content=\"Szerz\u0151:\" class=\"yoast-seo-meta-tag\" \/>\n\t<meta name=\"twitter:data1\" content=\"dorogimedence.hu\" class=\"yoast-seo-meta-tag\" \/>\n\t<meta name=\"twitter:label2\" content=\"Becs\u00fclt olvas\u00e1si id\u0151\" class=\"yoast-seo-meta-tag\" \/>\n\t<meta name=\"twitter:data2\" content=\"1 perc\" class=\"yoast-seo-meta-tag\" \/>\n<script type=\"application\/ld+json\" class=\"yoast-schema-graph\">{\"@context\":\"https:\\\/\\\/schema.org\",\"@graph\":[{\"@type\":\"Article\",\"@id\":\"https:\\\/\\\/dorogimedence.hu\\\/index.php\\\/2018\\\/05\\\/05\\\/valtozik-a-vasuti-menetrend-majus-20-tol\\\/#article\",\"isPartOf\":{\"@id\":\"https:\\\/\\\/dorogimedence.hu\\\/index.php\\\/2018\\\/05\\\/05\\\/valtozik-a-vasuti-menetrend-majus-20-tol\\\/\"},\"author\":{\"name\":\"dorogimedence.hu\",\"@id\":\"https:\\\/\\\/dorogimedence.hu\\\/#\\\/schema\\\/person\\\/ce6091eeb7e95ecdc87890d6aa8e0fd4\"},\"headline\":\"V\u00e1ltozik a vas\u00fati menetrend m\u00e1jus 20-t\u00f3l\",\"datePublished\":\"2018-05-05T06:27:46+00:00\",\"dateModified\":\"2018-05-05T06:51:33+00:00\",\"mainEntityOfPage\":{\"@id\":\"https:\\\/\\\/dorogimedence.hu\\\/index.php\\\/2018\\\/05\\\/05\\\/valtozik-a-vasuti-menetrend-majus-20-tol\\\/\"},\"wordCount\":143,\"publisher\":{\"@id\":\"https:\\\/\\\/dorogimedence.hu\\\/#organization\"},\"image\":{\"@id\":\"https:\\\/\\\/dorogimedence.hu\\\/index.php\\\/2018\\\/05\\\/05\\\/valtozik-a-vasuti-menetrend-majus-20-tol\\\/#primaryimage\"},\"thumbnailUrl\":\"https:\\\/\\\/dorogimedence.hu\\\/wp-content\\\/uploads\\\/2017\\\/11\\\/flirt-01.jpg\",\"keywords\":[\"Budapest-Esztergom vas\u00fatvonal\",\"menetrend\",\"vas\u00fat\",\"vonat\"],\"articleSection\":[\"H\u00edrek\"],\"inLanguage\":\"hu\"},{\"@type\":\"WebPage\",\"@id\":\"https:\\\/\\\/dorogimedence.hu\\\/index.php\\\/2018\\\/05\\\/05\\\/valtozik-a-vasuti-menetrend-majus-20-tol\\\/\",\"url\":\"https:\\\/\\\/dorogimedence.hu\\\/index.php\\\/2018\\\/05\\\/05\\\/valtozik-a-vasuti-menetrend-majus-20-tol\\\/\",\"name\":\"V\u00e1ltozik a vas\u00fati menetrend m\u00e1jus 20-t\u00f3l\",\"isPartOf\":{\"@id\":\"https:\\\/\\\/dorogimedence.hu\\\/#website\"},\"primaryImageOfPage\":{\"@id\":\"https:\\\/\\\/dorogimedence.hu\\\/index.php\\\/2018\\\/05\\\/05\\\/valtozik-a-vasuti-menetrend-majus-20-tol\\\/#primaryimage\"},\"image\":{\"@id\":\"https:\\\/\\\/dorogimedence.hu\\\/index.php\\\/2018\\\/05\\\/05\\\/valtozik-a-vasuti-menetrend-majus-20-tol\\\/#primaryimage\"},\"thumbnailUrl\":\"https:\\\/\\\/dorogimedence.hu\\\/wp-content\\\/uploads\\\/2017\\\/11\\\/flirt-01.jpg\",\"datePublished\":\"2018-05-05T06:27:46+00:00\",\"dateModified\":\"2018-05-05T06:51:33+00:00\",\"breadcrumb\":{\"@id\":\"https:\\\/\\\/dorogimedence.hu\\\/index.php\\\/2018\\\/05\\\/05\\\/valtozik-a-vasuti-menetrend-majus-20-tol\\\/#breadcrumb\"},\"inLanguage\":\"hu\",\"potentialAction\":[{\"@type\":\"ReadAction\",\"target\":[\"https:\\\/\\\/dorogimedence.hu\\\/index.php\\\/2018\\\/05\\\/05\\\/valtozik-a-vasuti-menetrend-majus-20-tol\\\/\"]}]},{\"@type\":\"ImageObject\",\"inLanguage\":\"hu\",\"@id\":\"https:\\\/\\\/dorogimedence.hu\\\/index.php\\\/2018\\\/05\\\/05\\\/valtozik-a-vasuti-menetrend-majus-20-tol\\\/#primaryimage\",\"url\":\"https:\\\/\\\/dorogimedence.hu\\\/wp-content\\\/uploads\\\/2017\\\/11\\\/flirt-01.jpg\",\"contentUrl\":\"https:\\\/\\\/dorogimedence.hu\\\/wp-content\\\/uploads\\\/2017\\\/11\\\/flirt-01.jpg\",\"width\":670,\"height\":365},{\"@type\":\"BreadcrumbList\",\"@id\":\"https:\\\/\\\/dorogimedence.hu\\\/index.php\\\/2018\\\/05\\\/05\\\/valtozik-a-vasuti-menetrend-majus-20-tol\\\/#breadcrumb\",\"itemListElement\":[{\"@type\":\"ListItem\",\"position\":1,\"name\":\"Kezd\u0151lap\",\"item\":\"https:\\\/\\\/dorogimedence.hu\\\/\"},{\"@type\":\"ListItem\",\"position\":2,\"name\":\"V\u00e1ltozik a vas\u00fati menetrend m\u00e1jus 20-t\u00f3l\"}]},{\"@type\":\"WebSite\",\"@id\":\"https:\\\/\\\/dorogimedence.hu\\\/#website\",\"url\":\"https:\\\/\\\/dorogimedence.hu\\\/\",\"name\":\"Dorogi-medence Region\u00e1lis H\u00edrport\u00e1l\",\"description\":\"Dorog, Keszt\u00f6lc, Le\u00e1nyv\u00e1r, Piliscs\u00e9v, Tokod, Tokodalt\u00e1r\u00f3, Csolnok, Esztergom-kertv\u00e1ros: h\u00edrek, programok\",\"publisher\":{\"@id\":\"https:\\\/\\\/dorogimedence.hu\\\/#organization\"},\"potentialAction\":[{\"@type\":\"SearchAction\",\"target\":{\"@type\":\"EntryPoint\",\"urlTemplate\":\"https:\\\/\\\/dorogimedence.hu\\\/?s={search_term_string}\"},\"query-input\":{\"@type\":\"PropertyValueSpecification\",\"valueRequired\":true,\"valueName\":\"search_term_string\"}}],\"inLanguage\":\"hu\"},{\"@type\":\"Organization\",\"@id\":\"https:\\\/\\\/dorogimedence.hu\\\/#organization\",\"name\":\"Dorogi-medence Region\u00e1lis H\u00edrport\u00e1l\",\"url\":\"https:\\\/\\\/dorogimedence.hu\\\/\",\"logo\":{\"@type\":\"ImageObject\",\"inLanguage\":\"hu\",\"@id\":\"https:\\\/\\\/dorogimedence.hu\\\/#\\\/schema\\\/logo\\\/image\\\/\",\"url\":\"https:\\\/\\\/dorogimedence.hu\\\/wp-content\\\/uploads\\\/2021\\\/04\\\/logo-feher-600.png\",\"contentUrl\":\"https:\\\/\\\/dorogimedence.hu\\\/wp-content\\\/uploads\\\/2021\\\/04\\\/logo-feher-600.png\",\"width\":600,\"height\":100,\"caption\":\"Dorogi-medence Region\u00e1lis H\u00edrport\u00e1l\"},\"image\":{\"@id\":\"https:\\\/\\\/dorogimedence.hu\\\/#\\\/schema\\\/logo\\\/image\\\/\"},\"sameAs\":[\"https:\\\/\\\/www.facebook.com\\\/dorogimedence\\\/\"]},{\"@type\":\"Person\",\"@id\":\"https:\\\/\\\/dorogimedence.hu\\\/#\\\/schema\\\/person\\\/ce6091eeb7e95ecdc87890d6aa8e0fd4\",\"name\":\"dorogimedence.hu\",\"image\":{\"@type\":\"ImageObject\",\"inLanguage\":\"hu\",\"@id\":\"\\\/\\\/www.gravatar.com\\\/avatar\\\/d8d45f8901aadff40a4af72c0b826f1d?s=96&#038;r=g&#038;d=mm\",\"url\":\"\\\/\\\/www.gravatar.com\\\/avatar\\\/d8d45f8901aadff40a4af72c0b826f1d?s=96&#038;r=g&#038;d=mm\",\"contentUrl\":\"\\\/\\\/www.gravatar.com\\\/avatar\\\/d8d45f8901aadff40a4af72c0b826f1d?s=96&#038;r=g&#038;d=mm\",\"caption\":\"dorogimedence.hu\"}}]}<\/script>\n<!-- \/ Yoast SEO plugin. -->","yoast_head_json":{"title":"V\u00e1ltozik a vas\u00fati menetrend m\u00e1jus 20-t\u00f3l","robots":{"index":"index","follow":"follow","max-snippet":"max-snippet:-1","max-image-preview":"max-image-preview:large","max-video-preview":"max-video-preview:-1"},"canonical":"https:\/\/dorogimedence.hu\/index.php\/2018\/05\/05\/valtozik-a-vasuti-menetrend-majus-20-tol\/","og_locale":"hu_HU","og_type":"article","og_title":"V\u00e1ltozik a vas\u00fati menetrend m\u00e1jus 20-t\u00f3l","og_description":"A M\u00c1V k\u00f6zz\u00e9tette a Budapest-Esztergom k\u00f6z\u00f6tt k\u00f6zleked\u0151 szem\u00e9lyvonat 2018. m\u00e1jus 20-\u00e1t\u00f3l \u00e9rv\u00e9nybe l\u00e9p\u0151 menetrendj\u00e9t. Az \u00faj mentrend szerint n\u00e9h\u00e1ny \u00e1llom\u00e1son \u00e1tsz\u00e1ll\u00e1ssal lehet majd k\u00f6zlekedni. A reggeli \u00e9s esti j\u00e1ratok kiv\u00e9tel\u00e9vel \u00d3buda, Aranyv\u00f6lgy, \u00dcr\u00f6m, Sz\u00e9lhegy \u00e9s V\u00f6r\u00f6sv\u00e1rb\u00e1nya \u00e1llom\u00e1sok eset\u00e9ben Angyalf\u00f6ld \u00e9s \u00dajpest \u00e1llom\u00e1sokon van lehet\u0151s\u00e9g \u00e1tsz\u00e1llni a Angyalf\u00f6ld-Piliscsaba k\u00f6z\u00f6tt k\u00f6zleked\u0151 z\u00f3n\u00e1z\u00f3 vonatokra. Az \u00e1tsz\u00e1ll\u00e1sok eset\u00e9ben \u00e1tlagosan","og_url":"https:\/\/dorogimedence.hu\/index.php\/2018\/05\/05\/valtozik-a-vasuti-menetrend-majus-20-tol\/","og_site_name":"Dorogi-medence Region\u00e1lis H\u00edrport\u00e1l","article_publisher":"https:\/\/www.facebook.com\/dorogimedence\/","article_published_time":"2018-05-05T06:27:46+00:00","article_modified_time":"2018-05-05T06:51:33+00:00","og_image":[{"width":670,"height":365,"url":"https:\/\/i0.wp.com\/dorogimedence.hu\/wp-content\/uploads\/2017\/11\/flirt-01.jpg?fit=670%2C365&ssl=1","type":"image\/jpeg"}],"author":"dorogimedence.hu","twitter_card":"summary_large_image","twitter_misc":{"Szerz\u0151:":"dorogimedence.hu","Becs\u00fclt olvas\u00e1si id\u0151":"1 perc"},"schema":{"@context":"https:\/\/schema.org","@graph":[{"@type":"Article","@id":"https:\/\/dorogimedence.hu\/index.php\/2018\/05\/05\/valtozik-a-vasuti-menetrend-majus-20-tol\/#article","isPartOf":{"@id":"https:\/\/dorogimedence.hu\/index.php\/2018\/05\/05\/valtozik-a-vasuti-menetrend-majus-20-tol\/"},"author":{"name":"dorogimedence.hu","@id":"https:\/\/dorogimedence.hu\/#\/schema\/person\/ce6091eeb7e95ecdc87890d6aa8e0fd4"},"headline":"V\u00e1ltozik a vas\u00fati menetrend m\u00e1jus 20-t\u00f3l","datePublished":"2018-05-05T06:27:46+00:00","dateModified":"2018-05-05T06:51:33+00:00","mainEntityOfPage":{"@id":"https:\/\/dorogimedence.hu\/index.php\/2018\/05\/05\/valtozik-a-vasuti-menetrend-majus-20-tol\/"},"wordCount":143,"publisher":{"@id":"https:\/\/dorogimedence.hu\/#organization"},"image":{"@id":"https:\/\/dorogimedence.hu\/index.php\/2018\/05\/05\/valtozik-a-vasuti-menetrend-majus-20-tol\/#primaryimage"},"thumbnailUrl":"https:\/\/dorogimedence.hu\/wp-content\/uploads\/2017\/11\/flirt-01.jpg","keywords":["Budapest-Esztergom vas\u00fatvonal","menetrend","vas\u00fat","vonat"],"articleSection":["H\u00edrek"],"inLanguage":"hu"},{"@type":"WebPage","@id":"https:\/\/dorogimedence.hu\/index.php\/2018\/05\/05\/valtozik-a-vasuti-menetrend-majus-20-tol\/","url":"https:\/\/dorogimedence.hu\/index.php\/2018\/05\/05\/valtozik-a-vasuti-menetrend-majus-20-tol\/","name":"V\u00e1ltozik a vas\u00fati menetrend m\u00e1jus 20-t\u00f3l","isPartOf":{"@id":"https:\/\/dorogimedence.hu\/#website"},"primaryImageOfPage":{"@id":"https:\/\/dorogimedence.hu\/index.php\/2018\/05\/05\/valtozik-a-vasuti-menetrend-majus-20-tol\/#primaryimage"},"image":{"@id":"https:\/\/dorogimedence.hu\/index.php\/2018\/05\/05\/valtozik-a-vasuti-menetrend-majus-20-tol\/#primaryimage"},"thumbnailUrl":"https:\/\/dorogimedence.hu\/wp-content\/uploads\/2017\/11\/flirt-01.jpg","datePublished":"2018-05-05T06:27:46+00:00","dateModified":"2018-05-05T06:51:33+00:00","breadcrumb":{"@id":"https:\/\/dorogimedence.hu\/index.php\/2018\/05\/05\/valtozik-a-vasuti-menetrend-majus-20-tol\/#breadcrumb"},"inLanguage":"hu","potentialAction":[{"@type":"ReadAction","target":["https:\/\/dorogimedence.hu\/index.php\/2018\/05\/05\/valtozik-a-vasuti-menetrend-majus-20-tol\/"]}]},{"@type":"ImageObject","inLanguage":"hu","@id":"https:\/\/dorogimedence.hu\/index.php\/2018\/05\/05\/valtozik-a-vasuti-menetrend-majus-20-tol\/#primaryimage","url":"https:\/\/dorogimedence.hu\/wp-content\/uploads\/2017\/11\/flirt-01.jpg","contentUrl":"https:\/\/dorogimedence.hu\/wp-content\/uploads\/2017\/11\/flirt-01.jpg","width":670,"height":365},{"@type":"BreadcrumbList","@id":"https:\/\/dorogimedence.hu\/index.php\/2018\/05\/05\/valtozik-a-vasuti-menetrend-majus-20-tol\/#breadcrumb","itemListElement":[{"@type":"ListItem","position":1,"name":"Kezd\u0151lap","item":"https:\/\/dorogimedence.hu\/"},{"@type":"ListItem","position":2,"name":"V\u00e1ltozik a vas\u00fati menetrend m\u00e1jus 20-t\u00f3l"}]},{"@type":"WebSite","@id":"https:\/\/dorogimedence.hu\/#website","url":"https:\/\/dorogimedence.hu\/","name":"Dorogi-medence Region\u00e1lis H\u00edrport\u00e1l","description":"Dorog, Keszt\u00f6lc, Le\u00e1nyv\u00e1r, Piliscs\u00e9v, Tokod, Tokodalt\u00e1r\u00f3, Csolnok, Esztergom-kertv\u00e1ros: h\u00edrek, programok","publisher":{"@id":"https:\/\/dorogimedence.hu\/#organization"},"potentialAction":[{"@type":"SearchAction","target":{"@type":"EntryPoint","urlTemplate":"https:\/\/dorogimedence.hu\/?s={search_term_string}"},"query-input":{"@type":"PropertyValueSpecification","valueRequired":true,"valueName":"search_term_string"}}],"inLanguage":"hu"},{"@type":"Organization","@id":"https:\/\/dorogimedence.hu\/#organization","name":"Dorogi-medence Region\u00e1lis H\u00edrport\u00e1l","url":"https:\/\/dorogimedence.hu\/","logo":{"@type":"ImageObject","inLanguage":"hu","@id":"https:\/\/dorogimedence.hu\/#\/schema\/logo\/image\/","url":"https:\/\/dorogimedence.hu\/wp-content\/uploads\/2021\/04\/logo-feher-600.png","contentUrl":"https:\/\/dorogimedence.hu\/wp-content\/uploads\/2021\/04\/logo-feher-600.png","width":600,"height":100,"caption":"Dorogi-medence Region\u00e1lis H\u00edrport\u00e1l"},"image":{"@id":"https:\/\/dorogimedence.hu\/#\/schema\/logo\/image\/"},"sameAs":["https:\/\/www.facebook.com\/dorogimedence\/"]},{"@type":"Person","@id":"https:\/\/dorogimedence.hu\/#\/schema\/person\/ce6091eeb7e95ecdc87890d6aa8e0fd4","name":"dorogimedence.hu","image":{"@type":"ImageObject","inLanguage":"hu","@id":"\/\/www.gravatar.com\/avatar\/d8d45f8901aadff40a4af72c0b826f1d?s=96&#038;r=g&#038;d=mm","url":"\/\/www.gravatar.com\/avatar\/d8d45f8901aadff40a4af72c0b826f1d?s=96&#038;r=g&#038;d=mm","contentUrl":"\/\/www.gravatar.com\/avatar\/d8d45f8901aadff40a4af72c0b826f1d?s=96&#038;r=g&#038;d=mm","caption":"dorogimedence.hu"}}]}},"_links":{"self":[{"href":"https:\/\/dorogimedence.hu\/index.php\/wp-json\/wp\/v2\/posts\/9899","targetHints":{"allow":["GET"]}}],"collection":[{"href":"https:\/\/dorogimedence.hu\/index.php\/wp-json\/wp\/v2\/posts"}],"about":[{"href":"https:\/\/dorogimedence.hu\/index.php\/wp-json\/wp\/v2\/types\/post"}],"author":[{"embeddable":true,"href":"https:\/\/dorogimedence.hu\/index.php\/wp-json\/wp\/v2\/users\/1"}],"replies":[{"embeddable":true,"href":"https:\/\/dorogimedence.hu\/index.php\/wp-json\/wp\/v2\/comments?post=9899"}],"version-history":[{"count":0,"href":"https:\/\/dorogimedence.hu\/index.php\/wp-json\/wp\/v2\/posts\/9899\/revisions"}],"wp:featuredmedia":[{"embeddable":true,"href":"https:\/\/dorogimedence.hu\/index.php\/wp-json\/wp\/v2\/media\/6727"}],"wp:attachment":[{"href":"https:\/\/dorogimedence.hu\/index.php\/wp-json\/wp\/v2\/media?parent=9899"}],"wp:term":[{"taxonomy":"category","embeddable":true,"href":"https:\/\/dorogimedence.hu\/index.php\/wp-json\/wp\/v2\/categories?post=9899"},{"taxonomy":"post_tag","embeddable":true,"href":"https:\/\/dorogimedence.hu\/index.php\/wp-json\/wp\/v2\/tags?post=9899"}],"curies":[{"name":"wp","href":"https:\/\/api.w.org\/{rel}","templated":true}]}}