{"id":9813,"date":"2018-05-02T06:28:15","date_gmt":"2018-05-02T04:28:15","guid":{"rendered":"http:\/\/dorogimedence.hu\/?p=9813"},"modified":"2018-05-02T06:28:15","modified_gmt":"2018-05-02T04:28:15","slug":"remekeltek-a-dorogi-kezisek-az-esztergomiak-ellen","status":"publish","type":"post","link":"https:\/\/dorogimedence.hu\/index.php\/2018\/05\/02\/remekeltek-a-dorogi-kezisek-az-esztergomiak-ellen\/","title":{"rendered":"Remekeltek a dorogi k\u00e9zisek az esztergomiak ellen"},"content":{"rendered":"<p><strong>Az NB II-es bajnoks\u00e1g 20. fordul\u00f3j\u00e1ban a dorogi csapat Esztergomba l\u00e1togatott. Komoly \u00e9rdekl\u0151d\u00e9st v\u00e1ltott ki a tal\u00e1lkoz\u00f3, hiszen a kezd\u0151 s\u00edpsz\u00f3ra mintegy 300 n\u00e9z\u0151 foglalt helyet a lel\u00e1t\u00f3n.<\/strong><\/p>\n<p>Mindk\u00e9t csapat keret\u00e9b\u0151l t\u00f6bb meghat\u00e1roz\u00f3 j\u00e1t\u00e9kos hi\u00e1nyzott, ett\u0151l f\u00fcggetlen\u00fcl, j\u00f3 kis m\u00e9rk\u0151z\u00e9sre volt kil\u00e1t\u00e1s.<\/p>\n<p>&nbsp;<\/p>\n<p><span style=\"text-decoration: underline;\"><strong>V\u00e9geredm\u00e9ny<\/strong><\/span><br \/>\n<span style=\"color: #ff0000;\"> <strong>Esztergomi Vit\u00e9zek RAFC \u2013 Dorogi ESE 22-31 (13-15)<\/strong><\/span><br \/>\n\u00d6ssze\u00e1ll\u00edt\u00e1s: GY\u0150RI \u00c1gi (kapus) \u2013 Imrei N\u00f3ri 2 g\u00f3l, SZ\u0150TS Fanni 3 g\u00f3l, KAPOSV\u00c1RI Eszter 5 g\u00f3l, URESCH D\u00f3ri 7 g\u00f3l, FORG\u00c1CS Klaudia 10 g\u00f3l, Tur\u00e1k Ant\u00f3nia. Cser\u00e9k: Stadler Merci (kapus) \u2013 T\u00d6R\u0150CSIK Zs\u00f3fi 3 g\u00f3l, El\u0151d Nikoletta 1 g\u00f3l, Matus Nikoletta, Tolvaj Dorka, Moln\u00e1r Eszter, Markos R\u00e9ka, Forg\u00e1cs Viki.<\/p>\n<p>Bona Gerg\u0151: \u201eNagyszer\u0171 \u00e9rz\u00e9s ilyen n\u00e9pes \u00e9s k\u00e9zilabdabar\u00e1t k\u00f6z\u00f6ns\u00e9g el\u0151tt, m\u00e9rk\u0151z\u00e9st j\u00e1tszani. Becs\u00fcletesen \u00e9s lelkesen j\u00e1tszott mindk\u00e9t csapat. K\u00fcl\u00f6n \u00f6r\u00f6m sz\u00e1munkra, hogy az \u00faj begyakorolt j\u00e1t\u00e9kelemek j\u00f3l m\u0171k\u00f6dtek a tal\u00e1lkoz\u00f3n. K\u00f6sz\u00f6nj\u00fck n\u00e9pes szurkol\u00f3t\u00e1borunknak, hogy mindv\u00e9gig lelkesen biztattak minket \u00e9s a szezon sor\u00e1n v\u00e9gig egy emberk\u00e9nt \u00e1llnak mellett\u00fcnk.\u201d<\/p>\n<p><span style=\"text-decoration: underline;\"><strong>Ifj\u00fas\u00e1gi m\u00e9rk\u0151z\u00e9s &#8211; v\u00e9geredm\u00e9ny<\/strong><\/span><br \/>\n<span style=\"color: #ff0000;\"> <strong>Esztergomi Vit\u00e9zek RAFC \u2013 Dorogi ESE 19-40 (13-22)<\/strong><\/span><br \/>\n\u00d6ssze\u00e1ll\u00edt\u00e1s: M\u00e1ty\u00e1s Vika (kapus) \u2013 Imrei N\u00f3ri 2 g\u00f3l, MARKOS R\u00e9ka 8 g\u00f3l, TOLVAJ Dorka 4 g\u00f3l, PAP Kriszti 4 g\u00f3l, Tolvaj Gr\u00e9ti 3 g\u00f3l, FORG\u00c1CS Viki 8 g\u00f3l. Cser\u00e9k: POHNER Orsi 3 g\u00f3l, Tur\u00e1k Netti 3 g\u00f3l, Szittya Lili 3 g\u00f3l, Bodn\u00e1r Niki 1 g\u00f3l, Moln\u00e1r Eszter 1 g\u00f3l, G\u00e1sp\u00e1r Vanda, M\u00e1ty\u00e1s Anna, Fog\u00e1cs Klaudia.<\/p>\n<p>Bona Gerg\u0151: \u201eGratul\u00e1lok a bajnoki c\u00edmhez! J\u00f6v\u0151re nagyobb feladatok v\u00e1rnak r\u00e1nk!\u201d<\/p>\n<p><em>Fot\u00f3, forr\u00e1s: doroghandball.hu<\/em><\/p>\n","protected":false},"excerpt":{"rendered":"<p>Az NB II-es bajnoks\u00e1g 20. fordul\u00f3j\u00e1ban a dorogi csapat Esztergomba l\u00e1togatott. Komoly \u00e9rdekl\u0151d\u00e9st v\u00e1ltott ki a tal\u00e1lkoz\u00f3, hiszen a kezd\u0151 s\u00edpsz\u00f3ra mintegy 300 n\u00e9z\u0151 foglalt helyet a lel\u00e1t\u00f3n. Mindk\u00e9t csapat keret\u00e9b\u0151l t\u00f6bb meghat\u00e1roz\u00f3 j\u00e1t\u00e9kos hi\u00e1nyzott, ett\u0151l f\u00fcggetlen\u00fcl, j\u00f3 kis m\u00e9rk\u0151z\u00e9sre volt kil\u00e1t\u00e1s. &nbsp; V\u00e9geredm\u00e9ny Esztergomi Vit\u00e9zek RAFC \u2013 Dorogi ESE 22-31 (13-15) \u00d6ssze\u00e1ll\u00edt\u00e1s: GY\u0150RI \u00c1gi<\/p>\n","protected":false},"author":1,"featured_media":9821,"comment_status":"closed","ping_status":"closed","sticky":false,"template":"","format":"standard","meta":{"ngg_post_thumbnail":0,"footnotes":""},"categories":[2,38,3,5],"tags":[15,42,355,16],"class_list":{"0":"post-9813","1":"post","2":"type-post","3":"status-publish","4":"format-standard","5":"has-post-thumbnail","7":"category-dorog","8":"category-esztergom","9":"category-hirek","10":"category-sport","11":"tag-dorog","12":"tag-esztergom","13":"tag-kezilabda","14":"tag-sport"},"yoast_head":"<!-- This site is optimized with the Yoast SEO plugin v27.5 - https:\/\/yoast.com\/product\/yoast-seo-wordpress\/ -->\n<title>Remekeltek a dorogi k\u00e9zisek az esztergomiak ellen<\/title>\n<meta name=\"robots\" content=\"index, follow, max-snippet:-1, max-image-preview:large, max-video-preview:-1\" \/>\n<link rel=\"canonical\" href=\"https:\/\/dorogimedence.hu\/index.php\/2018\/05\/02\/remekeltek-a-dorogi-kezisek-az-esztergomiak-ellen\/\" class=\"yoast-seo-meta-tag\" \/>\n<meta property=\"og:locale\" content=\"hu_HU\" class=\"yoast-seo-meta-tag\" \/>\n<meta property=\"og:type\" content=\"article\" class=\"yoast-seo-meta-tag\" \/>\n<meta property=\"og:title\" content=\"Remekeltek a dorogi k\u00e9zisek az esztergomiak ellen\" class=\"yoast-seo-meta-tag\" \/>\n<meta property=\"og:description\" content=\"Az NB II-es bajnoks\u00e1g 20. fordul\u00f3j\u00e1ban a dorogi csapat Esztergomba l\u00e1togatott. Komoly \u00e9rdekl\u0151d\u00e9st v\u00e1ltott ki a tal\u00e1lkoz\u00f3, hiszen a kezd\u0151 s\u00edpsz\u00f3ra mintegy 300 n\u00e9z\u0151 foglalt helyet a lel\u00e1t\u00f3n. Mindk\u00e9t csapat keret\u00e9b\u0151l t\u00f6bb meghat\u00e1roz\u00f3 j\u00e1t\u00e9kos hi\u00e1nyzott, ett\u0151l f\u00fcggetlen\u00fcl, j\u00f3 kis m\u00e9rk\u0151z\u00e9sre volt kil\u00e1t\u00e1s. &nbsp; V\u00e9geredm\u00e9ny Esztergomi Vit\u00e9zek RAFC \u2013 Dorogi ESE 22-31 (13-15) \u00d6ssze\u00e1ll\u00edt\u00e1s: GY\u0150RI \u00c1gi\" class=\"yoast-seo-meta-tag\" \/>\n<meta property=\"og:url\" content=\"https:\/\/dorogimedence.hu\/index.php\/2018\/05\/02\/remekeltek-a-dorogi-kezisek-az-esztergomiak-ellen\/\" class=\"yoast-seo-meta-tag\" \/>\n<meta property=\"og:site_name\" content=\"Dorogi-medence Region\u00e1lis H\u00edrport\u00e1l\" class=\"yoast-seo-meta-tag\" \/>\n<meta property=\"article:publisher\" content=\"https:\/\/www.facebook.com\/dorogimedence\/\" class=\"yoast-seo-meta-tag\" \/>\n<meta property=\"article:published_time\" content=\"2018-05-02T04:28:15+00:00\" class=\"yoast-seo-meta-tag\" \/>\n<meta property=\"og:image\" content=\"https:\/\/i0.wp.com\/dorogimedence.hu\/wp-content\/uploads\/2018\/05\/kezilabda-dorog-01.jpg?fit=670%2C365&ssl=1\" class=\"yoast-seo-meta-tag\" \/>\n\t<meta property=\"og:image:width\" content=\"670\" class=\"yoast-seo-meta-tag\" \/>\n\t<meta property=\"og:image:height\" content=\"365\" class=\"yoast-seo-meta-tag\" \/>\n\t<meta property=\"og:image:type\" content=\"image\/jpeg\" class=\"yoast-seo-meta-tag\" \/>\n<meta name=\"author\" content=\"dorogimedence.hu\" class=\"yoast-seo-meta-tag\" \/>\n<meta name=\"twitter:card\" content=\"summary_large_image\" class=\"yoast-seo-meta-tag\" \/>\n<meta name=\"twitter:label1\" content=\"Szerz\u0151:\" class=\"yoast-seo-meta-tag\" \/>\n\t<meta name=\"twitter:data1\" content=\"dorogimedence.hu\" class=\"yoast-seo-meta-tag\" \/>\n\t<meta name=\"twitter:label2\" content=\"Becs\u00fclt olvas\u00e1si id\u0151\" class=\"yoast-seo-meta-tag\" \/>\n\t<meta name=\"twitter:data2\" content=\"2 perc\" class=\"yoast-seo-meta-tag\" \/>\n<script type=\"application\/ld+json\" class=\"yoast-schema-graph\">{\"@context\":\"https:\\\/\\\/schema.org\",\"@graph\":[{\"@type\":\"Article\",\"@id\":\"https:\\\/\\\/dorogimedence.hu\\\/index.php\\\/2018\\\/05\\\/02\\\/remekeltek-a-dorogi-kezisek-az-esztergomiak-ellen\\\/#article\",\"isPartOf\":{\"@id\":\"https:\\\/\\\/dorogimedence.hu\\\/index.php\\\/2018\\\/05\\\/02\\\/remekeltek-a-dorogi-kezisek-az-esztergomiak-ellen\\\/\"},\"author\":{\"name\":\"dorogimedence.hu\",\"@id\":\"https:\\\/\\\/dorogimedence.hu\\\/#\\\/schema\\\/person\\\/ce6091eeb7e95ecdc87890d6aa8e0fd4\"},\"headline\":\"Remekeltek a dorogi k\u00e9zisek az esztergomiak ellen\",\"datePublished\":\"2018-05-02T04:28:15+00:00\",\"mainEntityOfPage\":{\"@id\":\"https:\\\/\\\/dorogimedence.hu\\\/index.php\\\/2018\\\/05\\\/02\\\/remekeltek-a-dorogi-kezisek-az-esztergomiak-ellen\\\/\"},\"wordCount\":354,\"publisher\":{\"@id\":\"https:\\\/\\\/dorogimedence.hu\\\/#organization\"},\"image\":{\"@id\":\"https:\\\/\\\/dorogimedence.hu\\\/index.php\\\/2018\\\/05\\\/02\\\/remekeltek-a-dorogi-kezisek-az-esztergomiak-ellen\\\/#primaryimage\"},\"thumbnailUrl\":\"https:\\\/\\\/dorogimedence.hu\\\/wp-content\\\/uploads\\\/2018\\\/05\\\/kezilabda-dorog-01.jpg\",\"keywords\":[\"Dorog\",\"esztergom\",\"k\u00e9zilabda\",\"sport\"],\"articleSection\":[\"Dorog\",\"Esztergom\",\"H\u00edrek\",\"Sport\"],\"inLanguage\":\"hu\"},{\"@type\":\"WebPage\",\"@id\":\"https:\\\/\\\/dorogimedence.hu\\\/index.php\\\/2018\\\/05\\\/02\\\/remekeltek-a-dorogi-kezisek-az-esztergomiak-ellen\\\/\",\"url\":\"https:\\\/\\\/dorogimedence.hu\\\/index.php\\\/2018\\\/05\\\/02\\\/remekeltek-a-dorogi-kezisek-az-esztergomiak-ellen\\\/\",\"name\":\"Remekeltek a dorogi k\u00e9zisek az esztergomiak ellen\",\"isPartOf\":{\"@id\":\"https:\\\/\\\/dorogimedence.hu\\\/#website\"},\"primaryImageOfPage\":{\"@id\":\"https:\\\/\\\/dorogimedence.hu\\\/index.php\\\/2018\\\/05\\\/02\\\/remekeltek-a-dorogi-kezisek-az-esztergomiak-ellen\\\/#primaryimage\"},\"image\":{\"@id\":\"https:\\\/\\\/dorogimedence.hu\\\/index.php\\\/2018\\\/05\\\/02\\\/remekeltek-a-dorogi-kezisek-az-esztergomiak-ellen\\\/#primaryimage\"},\"thumbnailUrl\":\"https:\\\/\\\/dorogimedence.hu\\\/wp-content\\\/uploads\\\/2018\\\/05\\\/kezilabda-dorog-01.jpg\",\"datePublished\":\"2018-05-02T04:28:15+00:00\",\"breadcrumb\":{\"@id\":\"https:\\\/\\\/dorogimedence.hu\\\/index.php\\\/2018\\\/05\\\/02\\\/remekeltek-a-dorogi-kezisek-az-esztergomiak-ellen\\\/#breadcrumb\"},\"inLanguage\":\"hu\",\"potentialAction\":[{\"@type\":\"ReadAction\",\"target\":[\"https:\\\/\\\/dorogimedence.hu\\\/index.php\\\/2018\\\/05\\\/02\\\/remekeltek-a-dorogi-kezisek-az-esztergomiak-ellen\\\/\"]}]},{\"@type\":\"ImageObject\",\"inLanguage\":\"hu\",\"@id\":\"https:\\\/\\\/dorogimedence.hu\\\/index.php\\\/2018\\\/05\\\/02\\\/remekeltek-a-dorogi-kezisek-az-esztergomiak-ellen\\\/#primaryimage\",\"url\":\"https:\\\/\\\/dorogimedence.hu\\\/wp-content\\\/uploads\\\/2018\\\/05\\\/kezilabda-dorog-01.jpg\",\"contentUrl\":\"https:\\\/\\\/dorogimedence.hu\\\/wp-content\\\/uploads\\\/2018\\\/05\\\/kezilabda-dorog-01.jpg\",\"width\":670,\"height\":365},{\"@type\":\"BreadcrumbList\",\"@id\":\"https:\\\/\\\/dorogimedence.hu\\\/index.php\\\/2018\\\/05\\\/02\\\/remekeltek-a-dorogi-kezisek-az-esztergomiak-ellen\\\/#breadcrumb\",\"itemListElement\":[{\"@type\":\"ListItem\",\"position\":1,\"name\":\"Kezd\u0151lap\",\"item\":\"https:\\\/\\\/dorogimedence.hu\\\/\"},{\"@type\":\"ListItem\",\"position\":2,\"name\":\"Remekeltek a dorogi k\u00e9zisek az esztergomiak ellen\"}]},{\"@type\":\"WebSite\",\"@id\":\"https:\\\/\\\/dorogimedence.hu\\\/#website\",\"url\":\"https:\\\/\\\/dorogimedence.hu\\\/\",\"name\":\"Dorogi-medence Region\u00e1lis H\u00edrport\u00e1l\",\"description\":\"Dorog, Keszt\u00f6lc, Le\u00e1nyv\u00e1r, Piliscs\u00e9v, Tokod, Tokodalt\u00e1r\u00f3, Csolnok, Esztergom-kertv\u00e1ros: h\u00edrek, programok\",\"publisher\":{\"@id\":\"https:\\\/\\\/dorogimedence.hu\\\/#organization\"},\"potentialAction\":[{\"@type\":\"SearchAction\",\"target\":{\"@type\":\"EntryPoint\",\"urlTemplate\":\"https:\\\/\\\/dorogimedence.hu\\\/?s={search_term_string}\"},\"query-input\":{\"@type\":\"PropertyValueSpecification\",\"valueRequired\":true,\"valueName\":\"search_term_string\"}}],\"inLanguage\":\"hu\"},{\"@type\":\"Organization\",\"@id\":\"https:\\\/\\\/dorogimedence.hu\\\/#organization\",\"name\":\"Dorogi-medence Region\u00e1lis H\u00edrport\u00e1l\",\"url\":\"https:\\\/\\\/dorogimedence.hu\\\/\",\"logo\":{\"@type\":\"ImageObject\",\"inLanguage\":\"hu\",\"@id\":\"https:\\\/\\\/dorogimedence.hu\\\/#\\\/schema\\\/logo\\\/image\\\/\",\"url\":\"https:\\\/\\\/dorogimedence.hu\\\/wp-content\\\/uploads\\\/2021\\\/04\\\/logo-feher-600.png\",\"contentUrl\":\"https:\\\/\\\/dorogimedence.hu\\\/wp-content\\\/uploads\\\/2021\\\/04\\\/logo-feher-600.png\",\"width\":600,\"height\":100,\"caption\":\"Dorogi-medence Region\u00e1lis H\u00edrport\u00e1l\"},\"image\":{\"@id\":\"https:\\\/\\\/dorogimedence.hu\\\/#\\\/schema\\\/logo\\\/image\\\/\"},\"sameAs\":[\"https:\\\/\\\/www.facebook.com\\\/dorogimedence\\\/\"]},{\"@type\":\"Person\",\"@id\":\"https:\\\/\\\/dorogimedence.hu\\\/#\\\/schema\\\/person\\\/ce6091eeb7e95ecdc87890d6aa8e0fd4\",\"name\":\"dorogimedence.hu\",\"image\":{\"@type\":\"ImageObject\",\"inLanguage\":\"hu\",\"@id\":\"\\\/\\\/www.gravatar.com\\\/avatar\\\/d8d45f8901aadff40a4af72c0b826f1d?s=96&#038;r=g&#038;d=mm\",\"url\":\"\\\/\\\/www.gravatar.com\\\/avatar\\\/d8d45f8901aadff40a4af72c0b826f1d?s=96&#038;r=g&#038;d=mm\",\"contentUrl\":\"\\\/\\\/www.gravatar.com\\\/avatar\\\/d8d45f8901aadff40a4af72c0b826f1d?s=96&#038;r=g&#038;d=mm\",\"caption\":\"dorogimedence.hu\"}}]}<\/script>\n<!-- \/ Yoast SEO plugin. -->","yoast_head_json":{"title":"Remekeltek a dorogi k\u00e9zisek az esztergomiak ellen","robots":{"index":"index","follow":"follow","max-snippet":"max-snippet:-1","max-image-preview":"max-image-preview:large","max-video-preview":"max-video-preview:-1"},"canonical":"https:\/\/dorogimedence.hu\/index.php\/2018\/05\/02\/remekeltek-a-dorogi-kezisek-az-esztergomiak-ellen\/","og_locale":"hu_HU","og_type":"article","og_title":"Remekeltek a dorogi k\u00e9zisek az esztergomiak ellen","og_description":"Az NB II-es bajnoks\u00e1g 20. fordul\u00f3j\u00e1ban a dorogi csapat Esztergomba l\u00e1togatott. Komoly \u00e9rdekl\u0151d\u00e9st v\u00e1ltott ki a tal\u00e1lkoz\u00f3, hiszen a kezd\u0151 s\u00edpsz\u00f3ra mintegy 300 n\u00e9z\u0151 foglalt helyet a lel\u00e1t\u00f3n. Mindk\u00e9t csapat keret\u00e9b\u0151l t\u00f6bb meghat\u00e1roz\u00f3 j\u00e1t\u00e9kos hi\u00e1nyzott, ett\u0151l f\u00fcggetlen\u00fcl, j\u00f3 kis m\u00e9rk\u0151z\u00e9sre volt kil\u00e1t\u00e1s. &nbsp; V\u00e9geredm\u00e9ny Esztergomi Vit\u00e9zek RAFC \u2013 Dorogi ESE 22-31 (13-15) \u00d6ssze\u00e1ll\u00edt\u00e1s: GY\u0150RI \u00c1gi","og_url":"https:\/\/dorogimedence.hu\/index.php\/2018\/05\/02\/remekeltek-a-dorogi-kezisek-az-esztergomiak-ellen\/","og_site_name":"Dorogi-medence Region\u00e1lis H\u00edrport\u00e1l","article_publisher":"https:\/\/www.facebook.com\/dorogimedence\/","article_published_time":"2018-05-02T04:28:15+00:00","og_image":[{"width":670,"height":365,"url":"https:\/\/i0.wp.com\/dorogimedence.hu\/wp-content\/uploads\/2018\/05\/kezilabda-dorog-01.jpg?fit=670%2C365&ssl=1","type":"image\/jpeg"}],"author":"dorogimedence.hu","twitter_card":"summary_large_image","twitter_misc":{"Szerz\u0151:":"dorogimedence.hu","Becs\u00fclt olvas\u00e1si id\u0151":"2 perc"},"schema":{"@context":"https:\/\/schema.org","@graph":[{"@type":"Article","@id":"https:\/\/dorogimedence.hu\/index.php\/2018\/05\/02\/remekeltek-a-dorogi-kezisek-az-esztergomiak-ellen\/#article","isPartOf":{"@id":"https:\/\/dorogimedence.hu\/index.php\/2018\/05\/02\/remekeltek-a-dorogi-kezisek-az-esztergomiak-ellen\/"},"author":{"name":"dorogimedence.hu","@id":"https:\/\/dorogimedence.hu\/#\/schema\/person\/ce6091eeb7e95ecdc87890d6aa8e0fd4"},"headline":"Remekeltek a dorogi k\u00e9zisek az esztergomiak ellen","datePublished":"2018-05-02T04:28:15+00:00","mainEntityOfPage":{"@id":"https:\/\/dorogimedence.hu\/index.php\/2018\/05\/02\/remekeltek-a-dorogi-kezisek-az-esztergomiak-ellen\/"},"wordCount":354,"publisher":{"@id":"https:\/\/dorogimedence.hu\/#organization"},"image":{"@id":"https:\/\/dorogimedence.hu\/index.php\/2018\/05\/02\/remekeltek-a-dorogi-kezisek-az-esztergomiak-ellen\/#primaryimage"},"thumbnailUrl":"https:\/\/dorogimedence.hu\/wp-content\/uploads\/2018\/05\/kezilabda-dorog-01.jpg","keywords":["Dorog","esztergom","k\u00e9zilabda","sport"],"articleSection":["Dorog","Esztergom","H\u00edrek","Sport"],"inLanguage":"hu"},{"@type":"WebPage","@id":"https:\/\/dorogimedence.hu\/index.php\/2018\/05\/02\/remekeltek-a-dorogi-kezisek-az-esztergomiak-ellen\/","url":"https:\/\/dorogimedence.hu\/index.php\/2018\/05\/02\/remekeltek-a-dorogi-kezisek-az-esztergomiak-ellen\/","name":"Remekeltek a dorogi k\u00e9zisek az esztergomiak ellen","isPartOf":{"@id":"https:\/\/dorogimedence.hu\/#website"},"primaryImageOfPage":{"@id":"https:\/\/dorogimedence.hu\/index.php\/2018\/05\/02\/remekeltek-a-dorogi-kezisek-az-esztergomiak-ellen\/#primaryimage"},"image":{"@id":"https:\/\/dorogimedence.hu\/index.php\/2018\/05\/02\/remekeltek-a-dorogi-kezisek-az-esztergomiak-ellen\/#primaryimage"},"thumbnailUrl":"https:\/\/dorogimedence.hu\/wp-content\/uploads\/2018\/05\/kezilabda-dorog-01.jpg","datePublished":"2018-05-02T04:28:15+00:00","breadcrumb":{"@id":"https:\/\/dorogimedence.hu\/index.php\/2018\/05\/02\/remekeltek-a-dorogi-kezisek-az-esztergomiak-ellen\/#breadcrumb"},"inLanguage":"hu","potentialAction":[{"@type":"ReadAction","target":["https:\/\/dorogimedence.hu\/index.php\/2018\/05\/02\/remekeltek-a-dorogi-kezisek-az-esztergomiak-ellen\/"]}]},{"@type":"ImageObject","inLanguage":"hu","@id":"https:\/\/dorogimedence.hu\/index.php\/2018\/05\/02\/remekeltek-a-dorogi-kezisek-az-esztergomiak-ellen\/#primaryimage","url":"https:\/\/dorogimedence.hu\/wp-content\/uploads\/2018\/05\/kezilabda-dorog-01.jpg","contentUrl":"https:\/\/dorogimedence.hu\/wp-content\/uploads\/2018\/05\/kezilabda-dorog-01.jpg","width":670,"height":365},{"@type":"BreadcrumbList","@id":"https:\/\/dorogimedence.hu\/index.php\/2018\/05\/02\/remekeltek-a-dorogi-kezisek-az-esztergomiak-ellen\/#breadcrumb","itemListElement":[{"@type":"ListItem","position":1,"name":"Kezd\u0151lap","item":"https:\/\/dorogimedence.hu\/"},{"@type":"ListItem","position":2,"name":"Remekeltek a dorogi k\u00e9zisek az esztergomiak ellen"}]},{"@type":"WebSite","@id":"https:\/\/dorogimedence.hu\/#website","url":"https:\/\/dorogimedence.hu\/","name":"Dorogi-medence Region\u00e1lis H\u00edrport\u00e1l","description":"Dorog, Keszt\u00f6lc, Le\u00e1nyv\u00e1r, Piliscs\u00e9v, Tokod, Tokodalt\u00e1r\u00f3, Csolnok, Esztergom-kertv\u00e1ros: h\u00edrek, programok","publisher":{"@id":"https:\/\/dorogimedence.hu\/#organization"},"potentialAction":[{"@type":"SearchAction","target":{"@type":"EntryPoint","urlTemplate":"https:\/\/dorogimedence.hu\/?s={search_term_string}"},"query-input":{"@type":"PropertyValueSpecification","valueRequired":true,"valueName":"search_term_string"}}],"inLanguage":"hu"},{"@type":"Organization","@id":"https:\/\/dorogimedence.hu\/#organization","name":"Dorogi-medence Region\u00e1lis H\u00edrport\u00e1l","url":"https:\/\/dorogimedence.hu\/","logo":{"@type":"ImageObject","inLanguage":"hu","@id":"https:\/\/dorogimedence.hu\/#\/schema\/logo\/image\/","url":"https:\/\/dorogimedence.hu\/wp-content\/uploads\/2021\/04\/logo-feher-600.png","contentUrl":"https:\/\/dorogimedence.hu\/wp-content\/uploads\/2021\/04\/logo-feher-600.png","width":600,"height":100,"caption":"Dorogi-medence Region\u00e1lis H\u00edrport\u00e1l"},"image":{"@id":"https:\/\/dorogimedence.hu\/#\/schema\/logo\/image\/"},"sameAs":["https:\/\/www.facebook.com\/dorogimedence\/"]},{"@type":"Person","@id":"https:\/\/dorogimedence.hu\/#\/schema\/person\/ce6091eeb7e95ecdc87890d6aa8e0fd4","name":"dorogimedence.hu","image":{"@type":"ImageObject","inLanguage":"hu","@id":"\/\/www.gravatar.com\/avatar\/d8d45f8901aadff40a4af72c0b826f1d?s=96&#038;r=g&#038;d=mm","url":"\/\/www.gravatar.com\/avatar\/d8d45f8901aadff40a4af72c0b826f1d?s=96&#038;r=g&#038;d=mm","contentUrl":"\/\/www.gravatar.com\/avatar\/d8d45f8901aadff40a4af72c0b826f1d?s=96&#038;r=g&#038;d=mm","caption":"dorogimedence.hu"}}]}},"_links":{"self":[{"href":"https:\/\/dorogimedence.hu\/index.php\/wp-json\/wp\/v2\/posts\/9813","targetHints":{"allow":["GET"]}}],"collection":[{"href":"https:\/\/dorogimedence.hu\/index.php\/wp-json\/wp\/v2\/posts"}],"about":[{"href":"https:\/\/dorogimedence.hu\/index.php\/wp-json\/wp\/v2\/types\/post"}],"author":[{"embeddable":true,"href":"https:\/\/dorogimedence.hu\/index.php\/wp-json\/wp\/v2\/users\/1"}],"replies":[{"embeddable":true,"href":"https:\/\/dorogimedence.hu\/index.php\/wp-json\/wp\/v2\/comments?post=9813"}],"version-history":[{"count":0,"href":"https:\/\/dorogimedence.hu\/index.php\/wp-json\/wp\/v2\/posts\/9813\/revisions"}],"wp:featuredmedia":[{"embeddable":true,"href":"https:\/\/dorogimedence.hu\/index.php\/wp-json\/wp\/v2\/media\/9821"}],"wp:attachment":[{"href":"https:\/\/dorogimedence.hu\/index.php\/wp-json\/wp\/v2\/media?parent=9813"}],"wp:term":[{"taxonomy":"category","embeddable":true,"href":"https:\/\/dorogimedence.hu\/index.php\/wp-json\/wp\/v2\/categories?post=9813"},{"taxonomy":"post_tag","embeddable":true,"href":"https:\/\/dorogimedence.hu\/index.php\/wp-json\/wp\/v2\/tags?post=9813"}],"curies":[{"name":"wp","href":"https:\/\/api.w.org\/{rel}","templated":true}]}}