{"id":9785,"date":"2018-04-28T11:30:55","date_gmt":"2018-04-28T09:30:55","guid":{"rendered":"http:\/\/dorogimedence.hu\/?p=9785"},"modified":"2018-04-28T11:30:55","modified_gmt":"2018-04-28T09:30:55","slug":"az-ep-befogadta-a-parkanyi-hulladekegeto-elleni-beadvanyt","status":"publish","type":"post","link":"https:\/\/dorogimedence.hu\/index.php\/2018\/04\/28\/az-ep-befogadta-a-parkanyi-hulladekegeto-elleni-beadvanyt\/","title":{"rendered":"Az EP befogadta a p\u00e1rk\u00e1nyi hullad\u00e9k\u00e9get\u0151 elleni beadv\u00e1nyt"},"content":{"rendered":"<p><strong>Az Eur\u00f3pai Parlament Pet\u00edci\u00f3s Bizotts\u00e1ga befogadta a P\u00e1rk\u00e1nyba tervezett hullad\u00e9k\u00e9get\u0151 elleni beadv\u00e1nyt \u00e9s felk\u00e9rte az Eur\u00f3pai Bizotts\u00e1got, hogy v\u00e9gezze el az \u00fcgy szempontjainak vizsg\u00e1lat\u00e1t<\/strong><em> &#8211; err\u0151l t\u00e1j\u00e9koztatta a Kom\u00e1rom-Esztergom megyei K\u00f6zgy\u0171l\u00e9s tagjait a test\u00fclet cs\u00fct\u00f6rt\u00f6ki \u00fcl\u00e9s\u00e9n Zoltai D\u00e1niel (Fidesz-KDNP) k\u00e9pvisel\u0151, a beadv\u00e1ny egyik al\u00e1\u00edr\u00f3ja.<\/em><\/p>\n<p>Zoltai D\u00e1niel hozz\u00e1tette, a beadv\u00e1nyt ezen fel\u00fcl tov\u00e1bb\u00edtott\u00e1k az EU k\u00f6rnyezetv\u00e9delmi bizotts\u00e1g\u00e1nak, hogy a test\u00fclet munk\u00e1ja sor\u00e1n a k\u00f6z\u00f6lt inform\u00e1ci\u00f3kat figyelembe vehesse.<\/p>\n<p>A k\u00e9pvisel\u0151 elmondta, a pet\u00edci\u00f3t a p\u00e1rk\u00e1nyi Szigeti L\u00e1szl\u00f3val, a szlov\u00e1kiai Magyar K\u00f6z\u00f6ss\u00e9g P\u00e1rtj\u00e1nak (MKP) \u00f6nkorm\u00e1nyzati k\u00e9pvisel\u0151j\u00e9vel k\u00f6z\u00f6sen adt\u00e1k be, mert a p\u00e1rk\u00e1nyi ipari parkban egy m\u0171anyag \u00e9s gumi hasznos\u00edt\u00e1s\u00e1ra ir\u00e1nyul\u00f3 pirol\u00edzis alap\u00fa hullad\u00e9k feldolgoz\u00f3 \u00fczemet telep\u00edten\u00e9nek, mely k\u00f6rnyezetszennyez\u0151, \u00e9s az uralkod\u00f3 sz\u00e9l a kibocs\u00e1tott anyagokat a magyar oldalra hordan\u00e1 \u00e1t.<\/p>\n<p>&#8222;Az \u00fczem megval\u00f3sul\u00e1sa felv\u00e1llalhatatlan k\u00f6rnyezeti \u00e9s eg\u00e9szs\u00e9g\u00fcgyi vesz\u00e9lyt jelentene az \u00e9rintett t\u00e9rs\u00e9g lak\u00f3i sz\u00e1m\u00e1ra, amely nem csup\u00e1n csak Szlov\u00e1kia, de a v\u00e1ros elhelyezked\u00e9s\u00e9b\u0151l ad\u00f3d\u00f3an a Magyarorsz\u00e1gon tal\u00e1lhat\u00f3 Esztergom polg\u00e1rait is \u00e9rinten\u00e9&#8221; &#8211; \u00edrt\u00e1k a magyar nyelven beny\u00fajtott pet\u00edci\u00f3ban.<\/p>\n<p>A beruh\u00e1z\u00e1s ellen kor\u00e1bban Esztergom \u00f6nkorm\u00e1nyzata is tiltakozott \u00e9s egy tanulm\u00e1nyt k\u00e9sz\u00edttettek a hullad\u00e9k\u00e9get\u0151 v\u00e1rhat\u00f3 hat\u00e1sair\u00f3l, melyet mell\u00e9keltek a pet\u00edci\u00f3s bizotts\u00e1ghoz eljutatott beadv\u00e1nyhoz.<\/p>\n<p>A dokumentum szerint a m\u0171anyag \u00e9s gumi pirol\u00edzis s\u00falyos k\u00f6rnyezeti kock\u00e1zatokkal j\u00e1r, ez\u00e9rt nagy\u00fczemi m\u00e9retben, gazdas\u00e1gosan m\u0171k\u00f6d\u0151 technol\u00f3gia jelenleg alig ismert Eur\u00f3p\u00e1ban.<\/p>\n<p>A tanulm\u00e1ny r\u00e1mutatott, hogy &#8222;a telep\u00edteni k\u00edv\u00e1nt technol\u00f3gia le\u00edr\u00e1sa nyilv\u00e1nval\u00f3an hamis \u00e1ll\u00edt\u00e1sokat tartalmaz&#8221;, valamint nem ismert a bemen\u0151 anyagok mennyis\u00e9ge \u00e9s min\u0151s\u00e9ge, mert egyszer t\u00edz-, m\u00e1skor h\u00faszezer tonn\u00e1s \u00e9vi kapacit\u00e1ssal sz\u00e1molnak.<\/p>\n<p>A dokumentum \u00f6sszegz\u00e9s\u00e9ben lesz\u00f6gezt\u00e9k, hogy &#8222;az elj\u00e1r\u00e1s ebben a form\u00e1j\u00e1ban t\u00e1volr\u00f3l sem felel meg az el\u00e9rhet\u0151 legjobb technika (BAT) eur\u00f3pai uni\u00f3s k\u00f6vetelm\u00e9nyeinek.&#8221;<\/p>\n<p>Zoltai D\u00e1niel eml\u00e9keztetett arra, hogy a vitatott beruh\u00e1z\u00e1st kor\u00e1bban k\u00e9t m\u00e1sik tervezet el\u0151zte meg, melyek szint\u00e9n pirol\u00edzises elj\u00e1r\u00e1ssal kezelt\u00e9k volna a hullad\u00e9kot. A l\u00e9tes\u00edtm\u00e9nyek ellen kezdem\u00e9nyezett pet\u00edci\u00f3n egy h\u00e9t alatt 7537 al\u00e1\u00edr\u00e1s gy\u0171lt \u00f6ssze a projektek megval\u00f3s\u00edt\u00e1sa ellen P\u00e1rk\u00e1ny \u00e9s k\u00f6rny\u00e9k\u00e9n, a p\u00e1rhuzamosan el\u00e9rhet\u0151 elektronikus pet\u00edci\u00f3t pedig k\u00f6zel 1700-an \u00edrt\u00e1k al\u00e1.<\/p>\n<p>Akkor Magyarorsz\u00e1g, Esztergom \u00f6nkorm\u00e1nyzata \u00e9s a Kom\u00e1rom-Esztergom Megyei \u00d6nkorm\u00e1nyzat is bekapcsol\u00f3dott a tiltakoz\u00e1sba \u00e9s a beruh\u00e1z\u00e1ssal kapcsolatos ellen\u00e9rveiket eljuttatt\u00e1k a szlov\u00e1k k\u00f6rnyezetv\u00e9delmi miniszt\u00e9riumhoz. Mindezek hat\u00e1s\u00e1ra az \u00e9rintett t\u00e1rsas\u00e1gok visszavont\u00e1k beruh\u00e1z\u00e1si sz\u00e1nd\u00e9kukat \u00e9s a szlov\u00e1k hat\u00f3s\u00e1gok le\u00e1ll\u00edtott\u00e1k az enged\u00e9lyeztet\u00e9si elj\u00e1r\u00e1sokat.<\/p>\n<p><em>Forr\u00e1s: MTI<\/em><\/p>\n","protected":false},"excerpt":{"rendered":"<p>Az Eur\u00f3pai Parlament Pet\u00edci\u00f3s Bizotts\u00e1ga befogadta a P\u00e1rk\u00e1nyba tervezett hullad\u00e9k\u00e9get\u0151 elleni beadv\u00e1nyt \u00e9s felk\u00e9rte az Eur\u00f3pai Bizotts\u00e1got, hogy v\u00e9gezze el az \u00fcgy szempontjainak vizsg\u00e1lat\u00e1t &#8211; err\u0151l t\u00e1j\u00e9koztatta a Kom\u00e1rom-Esztergom megyei K\u00f6zgy\u0171l\u00e9s tagjait a test\u00fclet cs\u00fct\u00f6rt\u00f6ki \u00fcl\u00e9s\u00e9n Zoltai D\u00e1niel (Fidesz-KDNP) k\u00e9pvisel\u0151, a beadv\u00e1ny egyik al\u00e1\u00edr\u00f3ja. Zoltai D\u00e1niel hozz\u00e1tette, a beadv\u00e1nyt ezen fel\u00fcl tov\u00e1bb\u00edtott\u00e1k az EU k\u00f6rnyezetv\u00e9delmi<\/p>\n","protected":false},"author":1,"featured_media":2636,"comment_status":"closed","ping_status":"closed","sticky":false,"template":"","format":"standard","meta":{"ngg_post_thumbnail":0,"footnotes":""},"categories":[38,3],"tags":[42,295,212,296],"class_list":{"0":"post-9785","1":"post","2":"type-post","3":"status-publish","4":"format-standard","5":"has-post-thumbnail","7":"category-esztergom","8":"category-hirek","9":"tag-esztergom","10":"tag-hulladekegeto","11":"tag-parkany","12":"tag-tiltakozas"},"yoast_head":"<!-- This site is optimized with the Yoast SEO plugin v27.5 - https:\/\/yoast.com\/product\/yoast-seo-wordpress\/ -->\n<title>Az EP befogadta a p\u00e1rk\u00e1nyi hullad\u00e9k\u00e9get\u0151 elleni beadv\u00e1nyt<\/title>\n<meta name=\"robots\" content=\"index, follow, max-snippet:-1, max-image-preview:large, max-video-preview:-1\" \/>\n<link rel=\"canonical\" href=\"https:\/\/dorogimedence.hu\/index.php\/2018\/04\/28\/az-ep-befogadta-a-parkanyi-hulladekegeto-elleni-beadvanyt\/\" class=\"yoast-seo-meta-tag\" \/>\n<meta property=\"og:locale\" content=\"hu_HU\" class=\"yoast-seo-meta-tag\" \/>\n<meta property=\"og:type\" content=\"article\" class=\"yoast-seo-meta-tag\" \/>\n<meta property=\"og:title\" content=\"Az EP befogadta a p\u00e1rk\u00e1nyi hullad\u00e9k\u00e9get\u0151 elleni beadv\u00e1nyt\" class=\"yoast-seo-meta-tag\" \/>\n<meta property=\"og:description\" content=\"Az Eur\u00f3pai Parlament Pet\u00edci\u00f3s Bizotts\u00e1ga befogadta a P\u00e1rk\u00e1nyba tervezett hullad\u00e9k\u00e9get\u0151 elleni beadv\u00e1nyt \u00e9s felk\u00e9rte az Eur\u00f3pai Bizotts\u00e1got, hogy v\u00e9gezze el az \u00fcgy szempontjainak vizsg\u00e1lat\u00e1t &#8211; err\u0151l t\u00e1j\u00e9koztatta a Kom\u00e1rom-Esztergom megyei K\u00f6zgy\u0171l\u00e9s tagjait a test\u00fclet cs\u00fct\u00f6rt\u00f6ki \u00fcl\u00e9s\u00e9n Zoltai D\u00e1niel (Fidesz-KDNP) k\u00e9pvisel\u0151, a beadv\u00e1ny egyik al\u00e1\u00edr\u00f3ja. Zoltai D\u00e1niel hozz\u00e1tette, a beadv\u00e1nyt ezen fel\u00fcl tov\u00e1bb\u00edtott\u00e1k az EU k\u00f6rnyezetv\u00e9delmi\" class=\"yoast-seo-meta-tag\" \/>\n<meta property=\"og:url\" content=\"https:\/\/dorogimedence.hu\/index.php\/2018\/04\/28\/az-ep-befogadta-a-parkanyi-hulladekegeto-elleni-beadvanyt\/\" class=\"yoast-seo-meta-tag\" \/>\n<meta property=\"og:site_name\" content=\"Dorogi-medence Region\u00e1lis H\u00edrport\u00e1l\" class=\"yoast-seo-meta-tag\" \/>\n<meta property=\"article:publisher\" content=\"https:\/\/www.facebook.com\/dorogimedence\/\" class=\"yoast-seo-meta-tag\" \/>\n<meta property=\"article:published_time\" content=\"2018-04-28T09:30:55+00:00\" class=\"yoast-seo-meta-tag\" \/>\n<meta property=\"og:image\" content=\"https:\/\/i0.wp.com\/dorogimedence.hu\/wp-content\/uploads\/2017\/04\/hulladekegeto-01.jpg?fit=670%2C365&ssl=1\" class=\"yoast-seo-meta-tag\" \/>\n\t<meta property=\"og:image:width\" content=\"670\" class=\"yoast-seo-meta-tag\" \/>\n\t<meta property=\"og:image:height\" content=\"365\" class=\"yoast-seo-meta-tag\" \/>\n\t<meta property=\"og:image:type\" content=\"image\/jpeg\" class=\"yoast-seo-meta-tag\" \/>\n<meta name=\"author\" content=\"dorogimedence.hu\" class=\"yoast-seo-meta-tag\" \/>\n<meta name=\"twitter:card\" content=\"summary_large_image\" class=\"yoast-seo-meta-tag\" \/>\n<meta name=\"twitter:label1\" content=\"Szerz\u0151:\" class=\"yoast-seo-meta-tag\" \/>\n\t<meta name=\"twitter:data1\" content=\"dorogimedence.hu\" class=\"yoast-seo-meta-tag\" \/>\n\t<meta name=\"twitter:label2\" content=\"Becs\u00fclt olvas\u00e1si id\u0151\" class=\"yoast-seo-meta-tag\" \/>\n\t<meta name=\"twitter:data2\" content=\"3 perc\" class=\"yoast-seo-meta-tag\" \/>\n<script type=\"application\/ld+json\" class=\"yoast-schema-graph\">{\"@context\":\"https:\\\/\\\/schema.org\",\"@graph\":[{\"@type\":\"Article\",\"@id\":\"https:\\\/\\\/dorogimedence.hu\\\/index.php\\\/2018\\\/04\\\/28\\\/az-ep-befogadta-a-parkanyi-hulladekegeto-elleni-beadvanyt\\\/#article\",\"isPartOf\":{\"@id\":\"https:\\\/\\\/dorogimedence.hu\\\/index.php\\\/2018\\\/04\\\/28\\\/az-ep-befogadta-a-parkanyi-hulladekegeto-elleni-beadvanyt\\\/\"},\"author\":{\"name\":\"dorogimedence.hu\",\"@id\":\"https:\\\/\\\/dorogimedence.hu\\\/#\\\/schema\\\/person\\\/ce6091eeb7e95ecdc87890d6aa8e0fd4\"},\"headline\":\"Az EP befogadta a p\u00e1rk\u00e1nyi hullad\u00e9k\u00e9get\u0151 elleni beadv\u00e1nyt\",\"datePublished\":\"2018-04-28T09:30:55+00:00\",\"mainEntityOfPage\":{\"@id\":\"https:\\\/\\\/dorogimedence.hu\\\/index.php\\\/2018\\\/04\\\/28\\\/az-ep-befogadta-a-parkanyi-hulladekegeto-elleni-beadvanyt\\\/\"},\"wordCount\":610,\"publisher\":{\"@id\":\"https:\\\/\\\/dorogimedence.hu\\\/#organization\"},\"image\":{\"@id\":\"https:\\\/\\\/dorogimedence.hu\\\/index.php\\\/2018\\\/04\\\/28\\\/az-ep-befogadta-a-parkanyi-hulladekegeto-elleni-beadvanyt\\\/#primaryimage\"},\"thumbnailUrl\":\"https:\\\/\\\/dorogimedence.hu\\\/wp-content\\\/uploads\\\/2017\\\/04\\\/hulladekegeto-01.jpg\",\"keywords\":[\"esztergom\",\"hullad\u00e9k\u00e9get\u0151\",\"P\u00e1rk\u00e1ny\",\"tiltakoz\u00e1s\"],\"articleSection\":[\"Esztergom\",\"H\u00edrek\"],\"inLanguage\":\"hu\"},{\"@type\":\"WebPage\",\"@id\":\"https:\\\/\\\/dorogimedence.hu\\\/index.php\\\/2018\\\/04\\\/28\\\/az-ep-befogadta-a-parkanyi-hulladekegeto-elleni-beadvanyt\\\/\",\"url\":\"https:\\\/\\\/dorogimedence.hu\\\/index.php\\\/2018\\\/04\\\/28\\\/az-ep-befogadta-a-parkanyi-hulladekegeto-elleni-beadvanyt\\\/\",\"name\":\"Az EP befogadta a p\u00e1rk\u00e1nyi hullad\u00e9k\u00e9get\u0151 elleni beadv\u00e1nyt\",\"isPartOf\":{\"@id\":\"https:\\\/\\\/dorogimedence.hu\\\/#website\"},\"primaryImageOfPage\":{\"@id\":\"https:\\\/\\\/dorogimedence.hu\\\/index.php\\\/2018\\\/04\\\/28\\\/az-ep-befogadta-a-parkanyi-hulladekegeto-elleni-beadvanyt\\\/#primaryimage\"},\"image\":{\"@id\":\"https:\\\/\\\/dorogimedence.hu\\\/index.php\\\/2018\\\/04\\\/28\\\/az-ep-befogadta-a-parkanyi-hulladekegeto-elleni-beadvanyt\\\/#primaryimage\"},\"thumbnailUrl\":\"https:\\\/\\\/dorogimedence.hu\\\/wp-content\\\/uploads\\\/2017\\\/04\\\/hulladekegeto-01.jpg\",\"datePublished\":\"2018-04-28T09:30:55+00:00\",\"breadcrumb\":{\"@id\":\"https:\\\/\\\/dorogimedence.hu\\\/index.php\\\/2018\\\/04\\\/28\\\/az-ep-befogadta-a-parkanyi-hulladekegeto-elleni-beadvanyt\\\/#breadcrumb\"},\"inLanguage\":\"hu\",\"potentialAction\":[{\"@type\":\"ReadAction\",\"target\":[\"https:\\\/\\\/dorogimedence.hu\\\/index.php\\\/2018\\\/04\\\/28\\\/az-ep-befogadta-a-parkanyi-hulladekegeto-elleni-beadvanyt\\\/\"]}]},{\"@type\":\"ImageObject\",\"inLanguage\":\"hu\",\"@id\":\"https:\\\/\\\/dorogimedence.hu\\\/index.php\\\/2018\\\/04\\\/28\\\/az-ep-befogadta-a-parkanyi-hulladekegeto-elleni-beadvanyt\\\/#primaryimage\",\"url\":\"https:\\\/\\\/dorogimedence.hu\\\/wp-content\\\/uploads\\\/2017\\\/04\\\/hulladekegeto-01.jpg\",\"contentUrl\":\"https:\\\/\\\/dorogimedence.hu\\\/wp-content\\\/uploads\\\/2017\\\/04\\\/hulladekegeto-01.jpg\",\"width\":670,\"height\":365},{\"@type\":\"BreadcrumbList\",\"@id\":\"https:\\\/\\\/dorogimedence.hu\\\/index.php\\\/2018\\\/04\\\/28\\\/az-ep-befogadta-a-parkanyi-hulladekegeto-elleni-beadvanyt\\\/#breadcrumb\",\"itemListElement\":[{\"@type\":\"ListItem\",\"position\":1,\"name\":\"Kezd\u0151lap\",\"item\":\"https:\\\/\\\/dorogimedence.hu\\\/\"},{\"@type\":\"ListItem\",\"position\":2,\"name\":\"Az EP befogadta a p\u00e1rk\u00e1nyi hullad\u00e9k\u00e9get\u0151 elleni beadv\u00e1nyt\"}]},{\"@type\":\"WebSite\",\"@id\":\"https:\\\/\\\/dorogimedence.hu\\\/#website\",\"url\":\"https:\\\/\\\/dorogimedence.hu\\\/\",\"name\":\"Dorogi-medence Region\u00e1lis H\u00edrport\u00e1l\",\"description\":\"Dorog, Keszt\u00f6lc, Le\u00e1nyv\u00e1r, Piliscs\u00e9v, Tokod, Tokodalt\u00e1r\u00f3, Csolnok, Esztergom-kertv\u00e1ros: h\u00edrek, programok\",\"publisher\":{\"@id\":\"https:\\\/\\\/dorogimedence.hu\\\/#organization\"},\"potentialAction\":[{\"@type\":\"SearchAction\",\"target\":{\"@type\":\"EntryPoint\",\"urlTemplate\":\"https:\\\/\\\/dorogimedence.hu\\\/?s={search_term_string}\"},\"query-input\":{\"@type\":\"PropertyValueSpecification\",\"valueRequired\":true,\"valueName\":\"search_term_string\"}}],\"inLanguage\":\"hu\"},{\"@type\":\"Organization\",\"@id\":\"https:\\\/\\\/dorogimedence.hu\\\/#organization\",\"name\":\"Dorogi-medence Region\u00e1lis H\u00edrport\u00e1l\",\"url\":\"https:\\\/\\\/dorogimedence.hu\\\/\",\"logo\":{\"@type\":\"ImageObject\",\"inLanguage\":\"hu\",\"@id\":\"https:\\\/\\\/dorogimedence.hu\\\/#\\\/schema\\\/logo\\\/image\\\/\",\"url\":\"https:\\\/\\\/dorogimedence.hu\\\/wp-content\\\/uploads\\\/2021\\\/04\\\/logo-feher-600.png\",\"contentUrl\":\"https:\\\/\\\/dorogimedence.hu\\\/wp-content\\\/uploads\\\/2021\\\/04\\\/logo-feher-600.png\",\"width\":600,\"height\":100,\"caption\":\"Dorogi-medence Region\u00e1lis H\u00edrport\u00e1l\"},\"image\":{\"@id\":\"https:\\\/\\\/dorogimedence.hu\\\/#\\\/schema\\\/logo\\\/image\\\/\"},\"sameAs\":[\"https:\\\/\\\/www.facebook.com\\\/dorogimedence\\\/\"]},{\"@type\":\"Person\",\"@id\":\"https:\\\/\\\/dorogimedence.hu\\\/#\\\/schema\\\/person\\\/ce6091eeb7e95ecdc87890d6aa8e0fd4\",\"name\":\"dorogimedence.hu\",\"image\":{\"@type\":\"ImageObject\",\"inLanguage\":\"hu\",\"@id\":\"\\\/\\\/www.gravatar.com\\\/avatar\\\/d8d45f8901aadff40a4af72c0b826f1d?s=96&#038;r=g&#038;d=mm\",\"url\":\"\\\/\\\/www.gravatar.com\\\/avatar\\\/d8d45f8901aadff40a4af72c0b826f1d?s=96&#038;r=g&#038;d=mm\",\"contentUrl\":\"\\\/\\\/www.gravatar.com\\\/avatar\\\/d8d45f8901aadff40a4af72c0b826f1d?s=96&#038;r=g&#038;d=mm\",\"caption\":\"dorogimedence.hu\"}}]}<\/script>\n<!-- \/ Yoast SEO plugin. -->","yoast_head_json":{"title":"Az EP befogadta a p\u00e1rk\u00e1nyi hullad\u00e9k\u00e9get\u0151 elleni beadv\u00e1nyt","robots":{"index":"index","follow":"follow","max-snippet":"max-snippet:-1","max-image-preview":"max-image-preview:large","max-video-preview":"max-video-preview:-1"},"canonical":"https:\/\/dorogimedence.hu\/index.php\/2018\/04\/28\/az-ep-befogadta-a-parkanyi-hulladekegeto-elleni-beadvanyt\/","og_locale":"hu_HU","og_type":"article","og_title":"Az EP befogadta a p\u00e1rk\u00e1nyi hullad\u00e9k\u00e9get\u0151 elleni beadv\u00e1nyt","og_description":"Az Eur\u00f3pai Parlament Pet\u00edci\u00f3s Bizotts\u00e1ga befogadta a P\u00e1rk\u00e1nyba tervezett hullad\u00e9k\u00e9get\u0151 elleni beadv\u00e1nyt \u00e9s felk\u00e9rte az Eur\u00f3pai Bizotts\u00e1got, hogy v\u00e9gezze el az \u00fcgy szempontjainak vizsg\u00e1lat\u00e1t &#8211; err\u0151l t\u00e1j\u00e9koztatta a Kom\u00e1rom-Esztergom megyei K\u00f6zgy\u0171l\u00e9s tagjait a test\u00fclet cs\u00fct\u00f6rt\u00f6ki \u00fcl\u00e9s\u00e9n Zoltai D\u00e1niel (Fidesz-KDNP) k\u00e9pvisel\u0151, a beadv\u00e1ny egyik al\u00e1\u00edr\u00f3ja. Zoltai D\u00e1niel hozz\u00e1tette, a beadv\u00e1nyt ezen fel\u00fcl tov\u00e1bb\u00edtott\u00e1k az EU k\u00f6rnyezetv\u00e9delmi","og_url":"https:\/\/dorogimedence.hu\/index.php\/2018\/04\/28\/az-ep-befogadta-a-parkanyi-hulladekegeto-elleni-beadvanyt\/","og_site_name":"Dorogi-medence Region\u00e1lis H\u00edrport\u00e1l","article_publisher":"https:\/\/www.facebook.com\/dorogimedence\/","article_published_time":"2018-04-28T09:30:55+00:00","og_image":[{"width":670,"height":365,"url":"https:\/\/i0.wp.com\/dorogimedence.hu\/wp-content\/uploads\/2017\/04\/hulladekegeto-01.jpg?fit=670%2C365&ssl=1","type":"image\/jpeg"}],"author":"dorogimedence.hu","twitter_card":"summary_large_image","twitter_misc":{"Szerz\u0151:":"dorogimedence.hu","Becs\u00fclt olvas\u00e1si id\u0151":"3 perc"},"schema":{"@context":"https:\/\/schema.org","@graph":[{"@type":"Article","@id":"https:\/\/dorogimedence.hu\/index.php\/2018\/04\/28\/az-ep-befogadta-a-parkanyi-hulladekegeto-elleni-beadvanyt\/#article","isPartOf":{"@id":"https:\/\/dorogimedence.hu\/index.php\/2018\/04\/28\/az-ep-befogadta-a-parkanyi-hulladekegeto-elleni-beadvanyt\/"},"author":{"name":"dorogimedence.hu","@id":"https:\/\/dorogimedence.hu\/#\/schema\/person\/ce6091eeb7e95ecdc87890d6aa8e0fd4"},"headline":"Az EP befogadta a p\u00e1rk\u00e1nyi hullad\u00e9k\u00e9get\u0151 elleni beadv\u00e1nyt","datePublished":"2018-04-28T09:30:55+00:00","mainEntityOfPage":{"@id":"https:\/\/dorogimedence.hu\/index.php\/2018\/04\/28\/az-ep-befogadta-a-parkanyi-hulladekegeto-elleni-beadvanyt\/"},"wordCount":610,"publisher":{"@id":"https:\/\/dorogimedence.hu\/#organization"},"image":{"@id":"https:\/\/dorogimedence.hu\/index.php\/2018\/04\/28\/az-ep-befogadta-a-parkanyi-hulladekegeto-elleni-beadvanyt\/#primaryimage"},"thumbnailUrl":"https:\/\/dorogimedence.hu\/wp-content\/uploads\/2017\/04\/hulladekegeto-01.jpg","keywords":["esztergom","hullad\u00e9k\u00e9get\u0151","P\u00e1rk\u00e1ny","tiltakoz\u00e1s"],"articleSection":["Esztergom","H\u00edrek"],"inLanguage":"hu"},{"@type":"WebPage","@id":"https:\/\/dorogimedence.hu\/index.php\/2018\/04\/28\/az-ep-befogadta-a-parkanyi-hulladekegeto-elleni-beadvanyt\/","url":"https:\/\/dorogimedence.hu\/index.php\/2018\/04\/28\/az-ep-befogadta-a-parkanyi-hulladekegeto-elleni-beadvanyt\/","name":"Az EP befogadta a p\u00e1rk\u00e1nyi hullad\u00e9k\u00e9get\u0151 elleni beadv\u00e1nyt","isPartOf":{"@id":"https:\/\/dorogimedence.hu\/#website"},"primaryImageOfPage":{"@id":"https:\/\/dorogimedence.hu\/index.php\/2018\/04\/28\/az-ep-befogadta-a-parkanyi-hulladekegeto-elleni-beadvanyt\/#primaryimage"},"image":{"@id":"https:\/\/dorogimedence.hu\/index.php\/2018\/04\/28\/az-ep-befogadta-a-parkanyi-hulladekegeto-elleni-beadvanyt\/#primaryimage"},"thumbnailUrl":"https:\/\/dorogimedence.hu\/wp-content\/uploads\/2017\/04\/hulladekegeto-01.jpg","datePublished":"2018-04-28T09:30:55+00:00","breadcrumb":{"@id":"https:\/\/dorogimedence.hu\/index.php\/2018\/04\/28\/az-ep-befogadta-a-parkanyi-hulladekegeto-elleni-beadvanyt\/#breadcrumb"},"inLanguage":"hu","potentialAction":[{"@type":"ReadAction","target":["https:\/\/dorogimedence.hu\/index.php\/2018\/04\/28\/az-ep-befogadta-a-parkanyi-hulladekegeto-elleni-beadvanyt\/"]}]},{"@type":"ImageObject","inLanguage":"hu","@id":"https:\/\/dorogimedence.hu\/index.php\/2018\/04\/28\/az-ep-befogadta-a-parkanyi-hulladekegeto-elleni-beadvanyt\/#primaryimage","url":"https:\/\/dorogimedence.hu\/wp-content\/uploads\/2017\/04\/hulladekegeto-01.jpg","contentUrl":"https:\/\/dorogimedence.hu\/wp-content\/uploads\/2017\/04\/hulladekegeto-01.jpg","width":670,"height":365},{"@type":"BreadcrumbList","@id":"https:\/\/dorogimedence.hu\/index.php\/2018\/04\/28\/az-ep-befogadta-a-parkanyi-hulladekegeto-elleni-beadvanyt\/#breadcrumb","itemListElement":[{"@type":"ListItem","position":1,"name":"Kezd\u0151lap","item":"https:\/\/dorogimedence.hu\/"},{"@type":"ListItem","position":2,"name":"Az EP befogadta a p\u00e1rk\u00e1nyi hullad\u00e9k\u00e9get\u0151 elleni beadv\u00e1nyt"}]},{"@type":"WebSite","@id":"https:\/\/dorogimedence.hu\/#website","url":"https:\/\/dorogimedence.hu\/","name":"Dorogi-medence Region\u00e1lis H\u00edrport\u00e1l","description":"Dorog, Keszt\u00f6lc, Le\u00e1nyv\u00e1r, Piliscs\u00e9v, Tokod, Tokodalt\u00e1r\u00f3, Csolnok, Esztergom-kertv\u00e1ros: h\u00edrek, programok","publisher":{"@id":"https:\/\/dorogimedence.hu\/#organization"},"potentialAction":[{"@type":"SearchAction","target":{"@type":"EntryPoint","urlTemplate":"https:\/\/dorogimedence.hu\/?s={search_term_string}"},"query-input":{"@type":"PropertyValueSpecification","valueRequired":true,"valueName":"search_term_string"}}],"inLanguage":"hu"},{"@type":"Organization","@id":"https:\/\/dorogimedence.hu\/#organization","name":"Dorogi-medence Region\u00e1lis H\u00edrport\u00e1l","url":"https:\/\/dorogimedence.hu\/","logo":{"@type":"ImageObject","inLanguage":"hu","@id":"https:\/\/dorogimedence.hu\/#\/schema\/logo\/image\/","url":"https:\/\/dorogimedence.hu\/wp-content\/uploads\/2021\/04\/logo-feher-600.png","contentUrl":"https:\/\/dorogimedence.hu\/wp-content\/uploads\/2021\/04\/logo-feher-600.png","width":600,"height":100,"caption":"Dorogi-medence Region\u00e1lis H\u00edrport\u00e1l"},"image":{"@id":"https:\/\/dorogimedence.hu\/#\/schema\/logo\/image\/"},"sameAs":["https:\/\/www.facebook.com\/dorogimedence\/"]},{"@type":"Person","@id":"https:\/\/dorogimedence.hu\/#\/schema\/person\/ce6091eeb7e95ecdc87890d6aa8e0fd4","name":"dorogimedence.hu","image":{"@type":"ImageObject","inLanguage":"hu","@id":"\/\/www.gravatar.com\/avatar\/d8d45f8901aadff40a4af72c0b826f1d?s=96&#038;r=g&#038;d=mm","url":"\/\/www.gravatar.com\/avatar\/d8d45f8901aadff40a4af72c0b826f1d?s=96&#038;r=g&#038;d=mm","contentUrl":"\/\/www.gravatar.com\/avatar\/d8d45f8901aadff40a4af72c0b826f1d?s=96&#038;r=g&#038;d=mm","caption":"dorogimedence.hu"}}]}},"_links":{"self":[{"href":"https:\/\/dorogimedence.hu\/index.php\/wp-json\/wp\/v2\/posts\/9785","targetHints":{"allow":["GET"]}}],"collection":[{"href":"https:\/\/dorogimedence.hu\/index.php\/wp-json\/wp\/v2\/posts"}],"about":[{"href":"https:\/\/dorogimedence.hu\/index.php\/wp-json\/wp\/v2\/types\/post"}],"author":[{"embeddable":true,"href":"https:\/\/dorogimedence.hu\/index.php\/wp-json\/wp\/v2\/users\/1"}],"replies":[{"embeddable":true,"href":"https:\/\/dorogimedence.hu\/index.php\/wp-json\/wp\/v2\/comments?post=9785"}],"version-history":[{"count":0,"href":"https:\/\/dorogimedence.hu\/index.php\/wp-json\/wp\/v2\/posts\/9785\/revisions"}],"wp:featuredmedia":[{"embeddable":true,"href":"https:\/\/dorogimedence.hu\/index.php\/wp-json\/wp\/v2\/media\/2636"}],"wp:attachment":[{"href":"https:\/\/dorogimedence.hu\/index.php\/wp-json\/wp\/v2\/media?parent=9785"}],"wp:term":[{"taxonomy":"category","embeddable":true,"href":"https:\/\/dorogimedence.hu\/index.php\/wp-json\/wp\/v2\/categories?post=9785"},{"taxonomy":"post_tag","embeddable":true,"href":"https:\/\/dorogimedence.hu\/index.php\/wp-json\/wp\/v2\/tags?post=9785"}],"curies":[{"name":"wp","href":"https:\/\/api.w.org\/{rel}","templated":true}]}}