{"id":9747,"date":"2018-04-26T08:33:49","date_gmt":"2018-04-26T06:33:49","guid":{"rendered":"http:\/\/dorogimedence.hu\/?p=9747"},"modified":"2018-04-26T08:33:49","modified_gmt":"2018-04-26T06:33:49","slug":"megrongalta-a-rendorautot-a-duhongo-fiu-esztergomban","status":"publish","type":"post","link":"https:\/\/dorogimedence.hu\/index.php\/2018\/04\/26\/megrongalta-a-rendorautot-a-duhongo-fiu-esztergomban\/","title":{"rendered":"Megrong\u00e1lta a rend\u0151raut\u00f3t a d\u00fch\u00f6ng\u0151 fi\u00fa Esztergomban"},"content":{"rendered":"<p><strong>A Tatab\u00e1nyai J\u00e1r\u00e1si \u00e9s Nyomoz\u00f3 \u00dcgy\u00e9szs\u00e9g gar\u00e1zdas\u00e1g \u00e9s rong\u00e1l\u00e1s v\u00e9ts\u00e9ge miatt emelt v\u00e1dat azzal a 16 \u00e9ves fiatallal szemben, aki ittasan t\u00f6bbsz\u00f6r a szolg\u00e1lati g\u00e9pkocsira \u00fct\u00f6tt.<\/strong><\/p>\n<p>Csendh\u00e1bor\u00edt\u00e1s miatt lakoss\u00e1gi bejelent\u00e9s \u00e9rkezett az Esztergomi Rend\u0151rkapit\u00e1nys\u00e1gra, ez\u00e9rt a j\u00e1r\u0151r\u00f6k szolg\u00e1lati g\u00e9pkocsival 2017. j\u00falius 24. napj\u00e1n, az \u00e9jjeli \u00f3r\u00e1kban ahhoz az esztergomi h\u00e1zhoz \u00e9rkeztek, ahol a fiatalkor\u00fa a csal\u00e1dj\u00e1val lakott.<\/p>\n<p>A rend\u0151r\u00f6ket l\u00e1tva az egyik f\u00e9rfi k\u00f6z\u00f6lte a csal\u00e1dtagjaival, hogy kimegy, illetve kijelentette, hogy rajta k\u00edv\u00fcl m\u00e1s a h\u00e1zat ne hagyja el. Az ittas \u00e1llapotban l\u00e9v\u0151 fi\u00fa ennek ellen\u00e9re kiszaladt, a j\u00e1r\u0151r\u00f6k fel\u00e9 hangosan kiab\u00e1lt, vel\u00fck szitkoz\u00f3dott. B\u00e1r a rokona pr\u00f3b\u00e1lta \u0151t visszatartani, a fiatalkor\u00fa m\u00e9gis a g\u00e9pkocsihoz l\u00e9pett, majd annak bal h\u00e1ts\u00f3 ablak\u00e1t a k\u00f6ny\u00f6k\u00e9vel, nagy er\u0151vel meg\u00fct\u00f6tte. Az id\u0151k\u00f6zben a h\u00e1zb\u00f3l kil\u00e9p\u0151 m\u00e1sik rokon is pr\u00f3b\u00e1lta a v\u00e1dlottat visszak\u00fcldeni, ami eredm\u00e9nyre nem vezetett. Az int\u00e9zked\u00e9st k\u00f6vet\u0151en a rend\u0151r\u00f6k elindultak, majd ekkor a fiatalkor\u00fa a halad\u00f3 g\u00e9pkocsi ut\u00e1n futott, \u00e9s annak h\u00e1ts\u00f3 r\u00e9sz\u00e9re k\u00e9tszer r\u00e1\u00fct\u00f6tt.<\/p>\n<p>A rong\u00e1l\u00e1s k\u00f6vetkezt\u00e9ben a szem\u00e9lyg\u00e9pkocsi csomagter\u00e9nek ajtaja behorpadt, valamint a h\u00e1ts\u00f3 l\u00e1mpatest konzoljai elt\u00f6rtek, \u00edgy az aut\u00f3ban 117.986 forint k\u00e1r keletkezett.<\/p>\n<p>A beismer\u0151 vallom\u00e1st tett v\u00e1dlottal szemben a j\u00e1r\u00e1si \u00fcgy\u00e9szs\u00e9g k\u00f6z\u00e9rdek\u0171 munka b\u00fcntet\u00e9s kiszab\u00e1s\u00e1t ind\u00edtv\u00e1nyozta.<\/p>\n<p><em>Forr\u00e1s: Kom\u00e1rom-Esztergom Megyei F\u0151\u00fcgy\u00e9szs\u00e9g Sajt\u00f3<\/em><\/p>\n","protected":false},"excerpt":{"rendered":"<p>A Tatab\u00e1nyai J\u00e1r\u00e1si \u00e9s Nyomoz\u00f3 \u00dcgy\u00e9szs\u00e9g gar\u00e1zdas\u00e1g \u00e9s rong\u00e1l\u00e1s v\u00e9ts\u00e9ge miatt emelt v\u00e1dat azzal a 16 \u00e9ves fiatallal szemben, aki ittasan t\u00f6bbsz\u00f6r a szolg\u00e1lati g\u00e9pkocsira \u00fct\u00f6tt. Csendh\u00e1bor\u00edt\u00e1s miatt lakoss\u00e1gi bejelent\u00e9s \u00e9rkezett az Esztergomi Rend\u0151rkapit\u00e1nys\u00e1gra, ez\u00e9rt a j\u00e1r\u0151r\u00f6k szolg\u00e1lati g\u00e9pkocsival 2017. j\u00falius 24. napj\u00e1n, az \u00e9jjeli \u00f3r\u00e1kban ahhoz az esztergomi h\u00e1zhoz \u00e9rkeztek, ahol a fiatalkor\u00fa a<\/p>\n","protected":false},"author":1,"featured_media":6035,"comment_status":"closed","ping_status":"closed","sticky":false,"template":"","format":"standard","meta":{"ngg_post_thumbnail":0,"footnotes":""},"categories":[38,3,39],"tags":[63,61,1061,326],"class_list":{"0":"post-9747","1":"post","2":"type-post","3":"status-publish","4":"format-standard","5":"has-post-thumbnail","7":"category-esztergom","8":"category-hirek","9":"category-kek-hirek","10":"tag-buncselekmeny","11":"tag-rendorsegi-hirek","12":"tag-rongalas","13":"tag-ugyeszseg"},"yoast_head":"<!-- This site is optimized with the Yoast SEO plugin v27.5 - https:\/\/yoast.com\/product\/yoast-seo-wordpress\/ -->\n<title>Megrong\u00e1lta a rend\u0151raut\u00f3t a d\u00fch\u00f6ng\u0151 fi\u00fa Esztergomban<\/title>\n<meta name=\"robots\" content=\"index, follow, max-snippet:-1, max-image-preview:large, max-video-preview:-1\" \/>\n<link rel=\"canonical\" href=\"https:\/\/dorogimedence.hu\/index.php\/2018\/04\/26\/megrongalta-a-rendorautot-a-duhongo-fiu-esztergomban\/\" class=\"yoast-seo-meta-tag\" \/>\n<meta property=\"og:locale\" content=\"hu_HU\" class=\"yoast-seo-meta-tag\" \/>\n<meta property=\"og:type\" content=\"article\" class=\"yoast-seo-meta-tag\" \/>\n<meta property=\"og:title\" content=\"Megrong\u00e1lta a rend\u0151raut\u00f3t a d\u00fch\u00f6ng\u0151 fi\u00fa Esztergomban\" class=\"yoast-seo-meta-tag\" \/>\n<meta property=\"og:description\" content=\"A Tatab\u00e1nyai J\u00e1r\u00e1si \u00e9s Nyomoz\u00f3 \u00dcgy\u00e9szs\u00e9g gar\u00e1zdas\u00e1g \u00e9s rong\u00e1l\u00e1s v\u00e9ts\u00e9ge miatt emelt v\u00e1dat azzal a 16 \u00e9ves fiatallal szemben, aki ittasan t\u00f6bbsz\u00f6r a szolg\u00e1lati g\u00e9pkocsira \u00fct\u00f6tt. Csendh\u00e1bor\u00edt\u00e1s miatt lakoss\u00e1gi bejelent\u00e9s \u00e9rkezett az Esztergomi Rend\u0151rkapit\u00e1nys\u00e1gra, ez\u00e9rt a j\u00e1r\u0151r\u00f6k szolg\u00e1lati g\u00e9pkocsival 2017. j\u00falius 24. napj\u00e1n, az \u00e9jjeli \u00f3r\u00e1kban ahhoz az esztergomi h\u00e1zhoz \u00e9rkeztek, ahol a fiatalkor\u00fa a\" class=\"yoast-seo-meta-tag\" \/>\n<meta property=\"og:url\" content=\"https:\/\/dorogimedence.hu\/index.php\/2018\/04\/26\/megrongalta-a-rendorautot-a-duhongo-fiu-esztergomban\/\" class=\"yoast-seo-meta-tag\" \/>\n<meta property=\"og:site_name\" content=\"Dorogi-medence Region\u00e1lis H\u00edrport\u00e1l\" class=\"yoast-seo-meta-tag\" \/>\n<meta property=\"article:publisher\" content=\"https:\/\/www.facebook.com\/dorogimedence\/\" class=\"yoast-seo-meta-tag\" \/>\n<meta property=\"article:published_time\" content=\"2018-04-26T06:33:49+00:00\" class=\"yoast-seo-meta-tag\" \/>\n<meta property=\"og:image\" content=\"https:\/\/i0.wp.com\/dorogimedence.hu\/wp-content\/uploads\/2017\/10\/rendorauto-14.jpg?fit=670%2C365&ssl=1\" class=\"yoast-seo-meta-tag\" \/>\n\t<meta property=\"og:image:width\" content=\"670\" class=\"yoast-seo-meta-tag\" \/>\n\t<meta property=\"og:image:height\" content=\"365\" class=\"yoast-seo-meta-tag\" \/>\n\t<meta property=\"og:image:type\" content=\"image\/jpeg\" class=\"yoast-seo-meta-tag\" \/>\n<meta name=\"author\" content=\"dorogimedence.hu\" class=\"yoast-seo-meta-tag\" \/>\n<meta name=\"twitter:card\" content=\"summary_large_image\" class=\"yoast-seo-meta-tag\" \/>\n<meta name=\"twitter:label1\" content=\"Szerz\u0151:\" class=\"yoast-seo-meta-tag\" \/>\n\t<meta name=\"twitter:data1\" content=\"dorogimedence.hu\" class=\"yoast-seo-meta-tag\" \/>\n\t<meta name=\"twitter:label2\" content=\"Becs\u00fclt olvas\u00e1si id\u0151\" class=\"yoast-seo-meta-tag\" \/>\n\t<meta name=\"twitter:data2\" content=\"2 perc\" class=\"yoast-seo-meta-tag\" \/>\n<script type=\"application\/ld+json\" class=\"yoast-schema-graph\">{\"@context\":\"https:\\\/\\\/schema.org\",\"@graph\":[{\"@type\":\"Article\",\"@id\":\"https:\\\/\\\/dorogimedence.hu\\\/index.php\\\/2018\\\/04\\\/26\\\/megrongalta-a-rendorautot-a-duhongo-fiu-esztergomban\\\/#article\",\"isPartOf\":{\"@id\":\"https:\\\/\\\/dorogimedence.hu\\\/index.php\\\/2018\\\/04\\\/26\\\/megrongalta-a-rendorautot-a-duhongo-fiu-esztergomban\\\/\"},\"author\":{\"name\":\"dorogimedence.hu\",\"@id\":\"https:\\\/\\\/dorogimedence.hu\\\/#\\\/schema\\\/person\\\/ce6091eeb7e95ecdc87890d6aa8e0fd4\"},\"headline\":\"Megrong\u00e1lta a rend\u0151raut\u00f3t a d\u00fch\u00f6ng\u0151 fi\u00fa Esztergomban\",\"datePublished\":\"2018-04-26T06:33:49+00:00\",\"mainEntityOfPage\":{\"@id\":\"https:\\\/\\\/dorogimedence.hu\\\/index.php\\\/2018\\\/04\\\/26\\\/megrongalta-a-rendorautot-a-duhongo-fiu-esztergomban\\\/\"},\"wordCount\":327,\"publisher\":{\"@id\":\"https:\\\/\\\/dorogimedence.hu\\\/#organization\"},\"image\":{\"@id\":\"https:\\\/\\\/dorogimedence.hu\\\/index.php\\\/2018\\\/04\\\/26\\\/megrongalta-a-rendorautot-a-duhongo-fiu-esztergomban\\\/#primaryimage\"},\"thumbnailUrl\":\"https:\\\/\\\/dorogimedence.hu\\\/wp-content\\\/uploads\\\/2017\\\/10\\\/rendorauto-14.jpg\",\"keywords\":[\"b\u0171ncselekm\u00e9ny\",\"rend\u0151rs\u00e9gi h\u00edrek\",\"rong\u00e1l\u00e1s\",\"\u00fcgy\u00e9szs\u00e9g\"],\"articleSection\":[\"Esztergom\",\"H\u00edrek\",\"K\u00e9k h\u00edrek\"],\"inLanguage\":\"hu\"},{\"@type\":\"WebPage\",\"@id\":\"https:\\\/\\\/dorogimedence.hu\\\/index.php\\\/2018\\\/04\\\/26\\\/megrongalta-a-rendorautot-a-duhongo-fiu-esztergomban\\\/\",\"url\":\"https:\\\/\\\/dorogimedence.hu\\\/index.php\\\/2018\\\/04\\\/26\\\/megrongalta-a-rendorautot-a-duhongo-fiu-esztergomban\\\/\",\"name\":\"Megrong\u00e1lta a rend\u0151raut\u00f3t a d\u00fch\u00f6ng\u0151 fi\u00fa Esztergomban\",\"isPartOf\":{\"@id\":\"https:\\\/\\\/dorogimedence.hu\\\/#website\"},\"primaryImageOfPage\":{\"@id\":\"https:\\\/\\\/dorogimedence.hu\\\/index.php\\\/2018\\\/04\\\/26\\\/megrongalta-a-rendorautot-a-duhongo-fiu-esztergomban\\\/#primaryimage\"},\"image\":{\"@id\":\"https:\\\/\\\/dorogimedence.hu\\\/index.php\\\/2018\\\/04\\\/26\\\/megrongalta-a-rendorautot-a-duhongo-fiu-esztergomban\\\/#primaryimage\"},\"thumbnailUrl\":\"https:\\\/\\\/dorogimedence.hu\\\/wp-content\\\/uploads\\\/2017\\\/10\\\/rendorauto-14.jpg\",\"datePublished\":\"2018-04-26T06:33:49+00:00\",\"breadcrumb\":{\"@id\":\"https:\\\/\\\/dorogimedence.hu\\\/index.php\\\/2018\\\/04\\\/26\\\/megrongalta-a-rendorautot-a-duhongo-fiu-esztergomban\\\/#breadcrumb\"},\"inLanguage\":\"hu\",\"potentialAction\":[{\"@type\":\"ReadAction\",\"target\":[\"https:\\\/\\\/dorogimedence.hu\\\/index.php\\\/2018\\\/04\\\/26\\\/megrongalta-a-rendorautot-a-duhongo-fiu-esztergomban\\\/\"]}]},{\"@type\":\"ImageObject\",\"inLanguage\":\"hu\",\"@id\":\"https:\\\/\\\/dorogimedence.hu\\\/index.php\\\/2018\\\/04\\\/26\\\/megrongalta-a-rendorautot-a-duhongo-fiu-esztergomban\\\/#primaryimage\",\"url\":\"https:\\\/\\\/dorogimedence.hu\\\/wp-content\\\/uploads\\\/2017\\\/10\\\/rendorauto-14.jpg\",\"contentUrl\":\"https:\\\/\\\/dorogimedence.hu\\\/wp-content\\\/uploads\\\/2017\\\/10\\\/rendorauto-14.jpg\",\"width\":670,\"height\":365},{\"@type\":\"BreadcrumbList\",\"@id\":\"https:\\\/\\\/dorogimedence.hu\\\/index.php\\\/2018\\\/04\\\/26\\\/megrongalta-a-rendorautot-a-duhongo-fiu-esztergomban\\\/#breadcrumb\",\"itemListElement\":[{\"@type\":\"ListItem\",\"position\":1,\"name\":\"Kezd\u0151lap\",\"item\":\"https:\\\/\\\/dorogimedence.hu\\\/\"},{\"@type\":\"ListItem\",\"position\":2,\"name\":\"Megrong\u00e1lta a rend\u0151raut\u00f3t a d\u00fch\u00f6ng\u0151 fi\u00fa Esztergomban\"}]},{\"@type\":\"WebSite\",\"@id\":\"https:\\\/\\\/dorogimedence.hu\\\/#website\",\"url\":\"https:\\\/\\\/dorogimedence.hu\\\/\",\"name\":\"Dorogi-medence Region\u00e1lis H\u00edrport\u00e1l\",\"description\":\"Dorog, Keszt\u00f6lc, Le\u00e1nyv\u00e1r, Piliscs\u00e9v, Tokod, Tokodalt\u00e1r\u00f3, Csolnok, Esztergom-kertv\u00e1ros: h\u00edrek, programok\",\"publisher\":{\"@id\":\"https:\\\/\\\/dorogimedence.hu\\\/#organization\"},\"potentialAction\":[{\"@type\":\"SearchAction\",\"target\":{\"@type\":\"EntryPoint\",\"urlTemplate\":\"https:\\\/\\\/dorogimedence.hu\\\/?s={search_term_string}\"},\"query-input\":{\"@type\":\"PropertyValueSpecification\",\"valueRequired\":true,\"valueName\":\"search_term_string\"}}],\"inLanguage\":\"hu\"},{\"@type\":\"Organization\",\"@id\":\"https:\\\/\\\/dorogimedence.hu\\\/#organization\",\"name\":\"Dorogi-medence Region\u00e1lis H\u00edrport\u00e1l\",\"url\":\"https:\\\/\\\/dorogimedence.hu\\\/\",\"logo\":{\"@type\":\"ImageObject\",\"inLanguage\":\"hu\",\"@id\":\"https:\\\/\\\/dorogimedence.hu\\\/#\\\/schema\\\/logo\\\/image\\\/\",\"url\":\"https:\\\/\\\/dorogimedence.hu\\\/wp-content\\\/uploads\\\/2021\\\/04\\\/logo-feher-600.png\",\"contentUrl\":\"https:\\\/\\\/dorogimedence.hu\\\/wp-content\\\/uploads\\\/2021\\\/04\\\/logo-feher-600.png\",\"width\":600,\"height\":100,\"caption\":\"Dorogi-medence Region\u00e1lis H\u00edrport\u00e1l\"},\"image\":{\"@id\":\"https:\\\/\\\/dorogimedence.hu\\\/#\\\/schema\\\/logo\\\/image\\\/\"},\"sameAs\":[\"https:\\\/\\\/www.facebook.com\\\/dorogimedence\\\/\"]},{\"@type\":\"Person\",\"@id\":\"https:\\\/\\\/dorogimedence.hu\\\/#\\\/schema\\\/person\\\/ce6091eeb7e95ecdc87890d6aa8e0fd4\",\"name\":\"dorogimedence.hu\",\"image\":{\"@type\":\"ImageObject\",\"inLanguage\":\"hu\",\"@id\":\"\\\/\\\/www.gravatar.com\\\/avatar\\\/d8d45f8901aadff40a4af72c0b826f1d?s=96&#038;r=g&#038;d=mm\",\"url\":\"\\\/\\\/www.gravatar.com\\\/avatar\\\/d8d45f8901aadff40a4af72c0b826f1d?s=96&#038;r=g&#038;d=mm\",\"contentUrl\":\"\\\/\\\/www.gravatar.com\\\/avatar\\\/d8d45f8901aadff40a4af72c0b826f1d?s=96&#038;r=g&#038;d=mm\",\"caption\":\"dorogimedence.hu\"}}]}<\/script>\n<!-- \/ Yoast SEO plugin. -->","yoast_head_json":{"title":"Megrong\u00e1lta a rend\u0151raut\u00f3t a d\u00fch\u00f6ng\u0151 fi\u00fa Esztergomban","robots":{"index":"index","follow":"follow","max-snippet":"max-snippet:-1","max-image-preview":"max-image-preview:large","max-video-preview":"max-video-preview:-1"},"canonical":"https:\/\/dorogimedence.hu\/index.php\/2018\/04\/26\/megrongalta-a-rendorautot-a-duhongo-fiu-esztergomban\/","og_locale":"hu_HU","og_type":"article","og_title":"Megrong\u00e1lta a rend\u0151raut\u00f3t a d\u00fch\u00f6ng\u0151 fi\u00fa Esztergomban","og_description":"A Tatab\u00e1nyai J\u00e1r\u00e1si \u00e9s Nyomoz\u00f3 \u00dcgy\u00e9szs\u00e9g gar\u00e1zdas\u00e1g \u00e9s rong\u00e1l\u00e1s v\u00e9ts\u00e9ge miatt emelt v\u00e1dat azzal a 16 \u00e9ves fiatallal szemben, aki ittasan t\u00f6bbsz\u00f6r a szolg\u00e1lati g\u00e9pkocsira \u00fct\u00f6tt. Csendh\u00e1bor\u00edt\u00e1s miatt lakoss\u00e1gi bejelent\u00e9s \u00e9rkezett az Esztergomi Rend\u0151rkapit\u00e1nys\u00e1gra, ez\u00e9rt a j\u00e1r\u0151r\u00f6k szolg\u00e1lati g\u00e9pkocsival 2017. j\u00falius 24. napj\u00e1n, az \u00e9jjeli \u00f3r\u00e1kban ahhoz az esztergomi h\u00e1zhoz \u00e9rkeztek, ahol a fiatalkor\u00fa a","og_url":"https:\/\/dorogimedence.hu\/index.php\/2018\/04\/26\/megrongalta-a-rendorautot-a-duhongo-fiu-esztergomban\/","og_site_name":"Dorogi-medence Region\u00e1lis H\u00edrport\u00e1l","article_publisher":"https:\/\/www.facebook.com\/dorogimedence\/","article_published_time":"2018-04-26T06:33:49+00:00","og_image":[{"width":670,"height":365,"url":"https:\/\/i0.wp.com\/dorogimedence.hu\/wp-content\/uploads\/2017\/10\/rendorauto-14.jpg?fit=670%2C365&ssl=1","type":"image\/jpeg"}],"author":"dorogimedence.hu","twitter_card":"summary_large_image","twitter_misc":{"Szerz\u0151:":"dorogimedence.hu","Becs\u00fclt olvas\u00e1si id\u0151":"2 perc"},"schema":{"@context":"https:\/\/schema.org","@graph":[{"@type":"Article","@id":"https:\/\/dorogimedence.hu\/index.php\/2018\/04\/26\/megrongalta-a-rendorautot-a-duhongo-fiu-esztergomban\/#article","isPartOf":{"@id":"https:\/\/dorogimedence.hu\/index.php\/2018\/04\/26\/megrongalta-a-rendorautot-a-duhongo-fiu-esztergomban\/"},"author":{"name":"dorogimedence.hu","@id":"https:\/\/dorogimedence.hu\/#\/schema\/person\/ce6091eeb7e95ecdc87890d6aa8e0fd4"},"headline":"Megrong\u00e1lta a rend\u0151raut\u00f3t a d\u00fch\u00f6ng\u0151 fi\u00fa Esztergomban","datePublished":"2018-04-26T06:33:49+00:00","mainEntityOfPage":{"@id":"https:\/\/dorogimedence.hu\/index.php\/2018\/04\/26\/megrongalta-a-rendorautot-a-duhongo-fiu-esztergomban\/"},"wordCount":327,"publisher":{"@id":"https:\/\/dorogimedence.hu\/#organization"},"image":{"@id":"https:\/\/dorogimedence.hu\/index.php\/2018\/04\/26\/megrongalta-a-rendorautot-a-duhongo-fiu-esztergomban\/#primaryimage"},"thumbnailUrl":"https:\/\/dorogimedence.hu\/wp-content\/uploads\/2017\/10\/rendorauto-14.jpg","keywords":["b\u0171ncselekm\u00e9ny","rend\u0151rs\u00e9gi h\u00edrek","rong\u00e1l\u00e1s","\u00fcgy\u00e9szs\u00e9g"],"articleSection":["Esztergom","H\u00edrek","K\u00e9k h\u00edrek"],"inLanguage":"hu"},{"@type":"WebPage","@id":"https:\/\/dorogimedence.hu\/index.php\/2018\/04\/26\/megrongalta-a-rendorautot-a-duhongo-fiu-esztergomban\/","url":"https:\/\/dorogimedence.hu\/index.php\/2018\/04\/26\/megrongalta-a-rendorautot-a-duhongo-fiu-esztergomban\/","name":"Megrong\u00e1lta a rend\u0151raut\u00f3t a d\u00fch\u00f6ng\u0151 fi\u00fa Esztergomban","isPartOf":{"@id":"https:\/\/dorogimedence.hu\/#website"},"primaryImageOfPage":{"@id":"https:\/\/dorogimedence.hu\/index.php\/2018\/04\/26\/megrongalta-a-rendorautot-a-duhongo-fiu-esztergomban\/#primaryimage"},"image":{"@id":"https:\/\/dorogimedence.hu\/index.php\/2018\/04\/26\/megrongalta-a-rendorautot-a-duhongo-fiu-esztergomban\/#primaryimage"},"thumbnailUrl":"https:\/\/dorogimedence.hu\/wp-content\/uploads\/2017\/10\/rendorauto-14.jpg","datePublished":"2018-04-26T06:33:49+00:00","breadcrumb":{"@id":"https:\/\/dorogimedence.hu\/index.php\/2018\/04\/26\/megrongalta-a-rendorautot-a-duhongo-fiu-esztergomban\/#breadcrumb"},"inLanguage":"hu","potentialAction":[{"@type":"ReadAction","target":["https:\/\/dorogimedence.hu\/index.php\/2018\/04\/26\/megrongalta-a-rendorautot-a-duhongo-fiu-esztergomban\/"]}]},{"@type":"ImageObject","inLanguage":"hu","@id":"https:\/\/dorogimedence.hu\/index.php\/2018\/04\/26\/megrongalta-a-rendorautot-a-duhongo-fiu-esztergomban\/#primaryimage","url":"https:\/\/dorogimedence.hu\/wp-content\/uploads\/2017\/10\/rendorauto-14.jpg","contentUrl":"https:\/\/dorogimedence.hu\/wp-content\/uploads\/2017\/10\/rendorauto-14.jpg","width":670,"height":365},{"@type":"BreadcrumbList","@id":"https:\/\/dorogimedence.hu\/index.php\/2018\/04\/26\/megrongalta-a-rendorautot-a-duhongo-fiu-esztergomban\/#breadcrumb","itemListElement":[{"@type":"ListItem","position":1,"name":"Kezd\u0151lap","item":"https:\/\/dorogimedence.hu\/"},{"@type":"ListItem","position":2,"name":"Megrong\u00e1lta a rend\u0151raut\u00f3t a d\u00fch\u00f6ng\u0151 fi\u00fa Esztergomban"}]},{"@type":"WebSite","@id":"https:\/\/dorogimedence.hu\/#website","url":"https:\/\/dorogimedence.hu\/","name":"Dorogi-medence Region\u00e1lis H\u00edrport\u00e1l","description":"Dorog, Keszt\u00f6lc, Le\u00e1nyv\u00e1r, Piliscs\u00e9v, Tokod, Tokodalt\u00e1r\u00f3, Csolnok, Esztergom-kertv\u00e1ros: h\u00edrek, programok","publisher":{"@id":"https:\/\/dorogimedence.hu\/#organization"},"potentialAction":[{"@type":"SearchAction","target":{"@type":"EntryPoint","urlTemplate":"https:\/\/dorogimedence.hu\/?s={search_term_string}"},"query-input":{"@type":"PropertyValueSpecification","valueRequired":true,"valueName":"search_term_string"}}],"inLanguage":"hu"},{"@type":"Organization","@id":"https:\/\/dorogimedence.hu\/#organization","name":"Dorogi-medence Region\u00e1lis H\u00edrport\u00e1l","url":"https:\/\/dorogimedence.hu\/","logo":{"@type":"ImageObject","inLanguage":"hu","@id":"https:\/\/dorogimedence.hu\/#\/schema\/logo\/image\/","url":"https:\/\/dorogimedence.hu\/wp-content\/uploads\/2021\/04\/logo-feher-600.png","contentUrl":"https:\/\/dorogimedence.hu\/wp-content\/uploads\/2021\/04\/logo-feher-600.png","width":600,"height":100,"caption":"Dorogi-medence Region\u00e1lis H\u00edrport\u00e1l"},"image":{"@id":"https:\/\/dorogimedence.hu\/#\/schema\/logo\/image\/"},"sameAs":["https:\/\/www.facebook.com\/dorogimedence\/"]},{"@type":"Person","@id":"https:\/\/dorogimedence.hu\/#\/schema\/person\/ce6091eeb7e95ecdc87890d6aa8e0fd4","name":"dorogimedence.hu","image":{"@type":"ImageObject","inLanguage":"hu","@id":"\/\/www.gravatar.com\/avatar\/d8d45f8901aadff40a4af72c0b826f1d?s=96&#038;r=g&#038;d=mm","url":"\/\/www.gravatar.com\/avatar\/d8d45f8901aadff40a4af72c0b826f1d?s=96&#038;r=g&#038;d=mm","contentUrl":"\/\/www.gravatar.com\/avatar\/d8d45f8901aadff40a4af72c0b826f1d?s=96&#038;r=g&#038;d=mm","caption":"dorogimedence.hu"}}]}},"_links":{"self":[{"href":"https:\/\/dorogimedence.hu\/index.php\/wp-json\/wp\/v2\/posts\/9747","targetHints":{"allow":["GET"]}}],"collection":[{"href":"https:\/\/dorogimedence.hu\/index.php\/wp-json\/wp\/v2\/posts"}],"about":[{"href":"https:\/\/dorogimedence.hu\/index.php\/wp-json\/wp\/v2\/types\/post"}],"author":[{"embeddable":true,"href":"https:\/\/dorogimedence.hu\/index.php\/wp-json\/wp\/v2\/users\/1"}],"replies":[{"embeddable":true,"href":"https:\/\/dorogimedence.hu\/index.php\/wp-json\/wp\/v2\/comments?post=9747"}],"version-history":[{"count":0,"href":"https:\/\/dorogimedence.hu\/index.php\/wp-json\/wp\/v2\/posts\/9747\/revisions"}],"wp:featuredmedia":[{"embeddable":true,"href":"https:\/\/dorogimedence.hu\/index.php\/wp-json\/wp\/v2\/media\/6035"}],"wp:attachment":[{"href":"https:\/\/dorogimedence.hu\/index.php\/wp-json\/wp\/v2\/media?parent=9747"}],"wp:term":[{"taxonomy":"category","embeddable":true,"href":"https:\/\/dorogimedence.hu\/index.php\/wp-json\/wp\/v2\/categories?post=9747"},{"taxonomy":"post_tag","embeddable":true,"href":"https:\/\/dorogimedence.hu\/index.php\/wp-json\/wp\/v2\/tags?post=9747"}],"curies":[{"name":"wp","href":"https:\/\/api.w.org\/{rel}","templated":true}]}}