{"id":9719,"date":"2018-04-25T06:40:49","date_gmt":"2018-04-25T04:40:49","guid":{"rendered":"http:\/\/dorogimedence.hu\/?p=9719"},"modified":"2018-04-25T06:40:49","modified_gmt":"2018-04-25T04:40:49","slug":"pataki-eva-volt-az-esztergomi-konyvtar-vendege","status":"publish","type":"post","link":"https:\/\/dorogimedence.hu\/index.php\/2018\/04\/25\/pataki-eva-volt-az-esztergomi-konyvtar-vendege\/","title":{"rendered":"Pataki \u00c9va volt az esztergomi k\u00f6nyvt\u00e1r vend\u00e9ge"},"content":{"rendered":"<p><strong>Az Esztergomi Helischer J\u00f3zsef V\u00e1rosi K\u00f6nyvt\u00e1r K\u00f6nyvt\u00e1ri besz\u00e9lget\u00e9sek \u00e1prilis 23-i vend\u00e9ge Pataki \u00c9va, Bal\u00e1zs B\u00e9la-d\u00edjas magyar \u00edr\u00f3, forgat\u00f3k\u00f6nyv\u00edr\u00f3, filmrendez\u0151, dramaturg volt.<\/strong><\/p>\n<p>Pataki \u00c9va 1972\u20131977 k\u00f6z\u00f6tt az ELTE BTK magyar-orosz-eszt\u00e9tika szakos hallgat\u00f3ja volt. Ez alatt az id\u0151 alatt di\u00e1kmunk\u00e1t v\u00e9gzett a Sz\u00e9pm\u0171v\u00e9szeti M\u00fazeumban t\u00e1rlatvezet\u0151k\u00e9nt. 1978\u20131981 k\u00f6z\u00f6tt a H\u00edrlapkiad\u00f3n\u00e1l volt \u00fajs\u00e1g\u00edr\u00f3. 1979\u20131981 k\u00f6z\u00f6tt elv\u00e9gezte a Mafilm forgat\u00f3k\u00f6nyv\u00edr\u00f3 iskol\u00e1j\u00e1t. Nemesk\u00fcrty Istv\u00e1n csoportj\u00e1ba j\u00e1rt. 1981\u20131993 k\u00f6z\u00f6tt a Mafilm Budapesti St\u00fadi\u00f3 dramaturgjak\u00e9nt dolgozott. 1993 \u00f3ta szabad\u00fasz\u00f3.<\/p>\n<p>B\u00e1nhidy Vajk moder\u00e1tor els\u0151 k\u00e9rd\u00e9s\u00e9re \u201eMilyen a j\u00f3 forgat\u00f3k\u00f6nyv?\u201d, azt a der\u0171sen egyszer\u0171 v\u00e1laszt kaptuk, hogy amib\u0151l j\u00f3 film sz\u00fcletik. A forgat\u00f3k\u00f6nyv\u00edr\u00f3 el\u0151sz\u00f6r a film\u00f6tlet alapj\u00e1n szinopszist \u00edr. \u00c1ltal\u00e1ban 90\u2013100 oldal egy forgat\u00f3k\u00f6nyv m\u00e1sf\u00e9l \u00f3r\u00e1s film eset\u00e9ben, mivel egy oldal egy percnek felel meg. A forgat\u00f3k\u00f6nyv a forgat\u00e1sig m\u00e9g sokszor v\u00e1ltozik, m\u00f3dosul, finomodik. \u00c9va mindig k\u00e9zzel \u00edrja meg a forgat\u00f3k\u00f6nyvet, \u00e9s amikor g\u00e9pre viszi, akkor tiszt\u00e1zza ki.<\/p>\n<p>30 \u00e9ve dolgozik egy\u00fctt M\u00e9sz\u00e1ros M\u00e1rt\u00e1val. Legut\u00f3bbi k\u00f6z\u00f6s filmj\u00fck az Aurora Borealis. Az Aurora Borealis &#8211; \u00c9szaki f\u00e9ny k\u00e9t id\u0151s\u00edkon fut\u00f3, fordulatokban gazdag csal\u00e1dt\u00f6rt\u00e9net, amely anya \u00e9s l\u00e1nya kapcsolat\u00e1nak m\u00e9lys\u00e9geit boncolgatja. T\u00f3th Ildik\u00f3 \u00e9s T\u00f6r\u0151csik Mari f\u0151szerepl\u00e9s\u00e9vel k\u00e9sz\u00fclt.<\/p>\n<p>Pataki \u00c9va az Athenaeum Kiad\u00f3 legn\u00e9pszer\u0171bb, legolvasottabb szerz\u0151inek egyike. Tavaly adt\u00e1k ki \u00fajra els\u0151 reg\u00e9ny\u00e9t a <em>M\u00e9g egy n\u0151<\/em>-t. Szerelem, szeretet, h\u0171s\u00e9g, f\u00e9lt\u00e9kenys\u00e9g \u00e9s csal\u00e1rds\u00e1g, ami krimibe hajl\u00f3 zaklat\u00e1sban tet\u0151zik.<\/p>\n<p><img fetchpriority=\"high\" decoding=\"async\" class=\"alignnone size-full wp-image-9721\" src=\"https:\/\/dorogimedence.hu\/wp-content\/uploads\/2018\/04\/pataki-eva-02.jpg\" alt=\"\" width=\"670\" height=\"365\" srcset=\"https:\/\/dorogimedence.hu\/wp-content\/uploads\/2018\/04\/pataki-eva-02.jpg 670w, https:\/\/dorogimedence.hu\/wp-content\/uploads\/2018\/04\/pataki-eva-02-300x163.jpg 300w\" sizes=\"(max-width: 670px) 100vw, 670px\" \/><\/p>\n<p>Az elt\u0171nt id\u0151 nyom\u00e1ban j\u00e1r Pataki \u00c9va, amikor csal\u00e1dreg\u00e9ny\u00e9vel, az <em>Ami elveszett<\/em>-el egy hatgyermekes zsid\u00f3 csal\u00e1d sors\u00e1t k\u00eds\u00e9ri v\u00e9gig a sz\u00e1zadel\u0151t\u0151l ind\u00edtva a vil\u00e1gh\u00e1bor\u00fas id\u0151k\u00f6n, a holokauszton \u00e1t az \u201950-es \u00e9vek terrorj\u00e1ig.<\/p>\n<p>Harmadik reg\u00e9nye a <em>N\u0151b\u0151l is meg\u00e1rt a nagymama<\/em>. A j\u00e1t\u00e9kos c\u00edm m\u00f6g\u00f6tt \u2013 a k\u00f6nnyed n\u0151i kalandok \u00e9s a k\u00e1r\u00f6r\u00f6m-vicces nagymamai fels\u00fcl\u00e9sek mellett \u2013 sokkal komolyabb l\u00e9lektani elemz\u00e9sek sora is rejt\u0151zik: egy val\u00f3di n\u0151i fejl\u0151d\u00e9sreg\u00e9ny. Pataki \u00c9va ez\u00fattal a nagymam\u00e1v\u00e1 v\u00e1l\u00e1s \u00edg\u00e9retes, de egy\u00fattal r\u00f6g\u00f6s \u00fatj\u00e1n vezeti v\u00e9gig az olvas\u00f3t.<\/p>\n<p>Pataki \u00c9va\u2013Vajda Anik\u00f3: <em>Hamlet halott<\/em> egy igazi magyar krimi, magyar szerepl\u0151kkel. A t\u00f6rt\u00e9netben meggyilkolj\u00e1k az \u00fcnnepelt, elk\u00e9peszt\u0151en tehets\u00e9ges, vonz\u00f3 \u2013 \u00e9s meleg \u2013 sz\u00edn\u00e9szt, a fiatal nyomoz\u00f3n\u0151, Salg\u00f3 Anita pedig, nem sokkal azut\u00e1n, hogy megkapja az \u00fcgyet, m\u00e1ris \u00e1lland\u00f3 \u00e9letvesz\u00e9lybe ker\u00fcl \u00e9s egyre s\u00f6t\u00e9tebb \u00e9s \u00e1tl\u00e1thatatlanabb titkoknak jut a nyom\u00e1ra. Vajda Anik\u00f3 a Familia Kft. forgat\u00f3k\u00f6nyv\u00edr\u00f3ja, \u00e9s Pataki \u00c9va szomsz\u00e9dja.<\/p>\n<p><em>\u00a0&#8230;\u00e9s megint nagymama<\/em> a N\u0151b\u0151l is meg\u00e1rt a nagymama folytat\u00e1sa: \u00a0az egyik vid\u00e1m unok\u00e1s kaland siralmasan v\u00e9gz\u0151dik: a nagymama k\u00f3rh\u00e1zban k\u00f6t ki. \u00c9s az m\u00e1r csak term\u00e9szetes, hogy ekkor minden dolgot kiss\u00e9 \u00e1t\u00e9rt\u00e9kel. Pataki \u00c9va m\u00e1sodik \u201enagymama-reg\u00e9nye&#8221; nem okoz csal\u00f3d\u00e1st: t\u00f6bb gener\u00e1ci\u00f3 k\u00fczdelmes \u00e9s sz\u00e9p egy\u00fctt\u00e9l\u00e9s\u00e9r\u0151l besz\u00e9l. A humora rezign\u00e1lt, az \u00f6nir\u00f3ni\u00e1ja mar\u00f3, finom l\u00e9lektani elemz\u00e9sei pontosak. B\u00f6lcs \u00e9s sz\u00f3rakoztat\u00f3.<\/p>\n<p>Pataki \u00c9v\u00e1nak k\u00e9t meg nem val\u00f3sult \u00e1lma van: egy igazi Sissi filmet forgatni, \u00e9s Pulszky K\u00e1roly \u00e9let\u00e9t megfilmes\u00edteni. A t\u00e9m\u00e1k forgat\u00f3k\u00f6nyvei k\u00e9szen vannak, \u00e9s ott hevernek \u00edr\u00f3asztal\u00e1nak fi\u00f3kj\u00e1ban. Sikeres alkot\u00f3, sikeres szerz\u0151 Pataki \u00c9va. T\u00f6k\u00e9letesen otthon van a filmek \u00e9s filmforgat\u00f3k\u00f6nyvek, valamint a reg\u00e9nyek vil\u00e1g\u00e1ban is. Mindehhez persze az is kell, hogy ismerje azt is, amir\u0151l, illetve akir\u0151l \u00edr: az embert.<\/p>\n<p><em><strong>H\u00e1mosn\u00e9 Sz\u0151ke Anna<\/strong><\/em><\/p>\n<p><em>Fot\u00f3k: Ny\u00e1ri Andrea<\/em><\/p>\n","protected":false},"excerpt":{"rendered":"<p>Az Esztergomi Helischer J\u00f3zsef V\u00e1rosi K\u00f6nyvt\u00e1r K\u00f6nyvt\u00e1ri besz\u00e9lget\u00e9sek \u00e1prilis 23-i vend\u00e9ge Pataki \u00c9va, Bal\u00e1zs B\u00e9la-d\u00edjas magyar \u00edr\u00f3, forgat\u00f3k\u00f6nyv\u00edr\u00f3, filmrendez\u0151, dramaturg volt. Pataki \u00c9va 1972\u20131977 k\u00f6z\u00f6tt az ELTE BTK magyar-orosz-eszt\u00e9tika szakos hallgat\u00f3ja volt. Ez alatt az id\u0151 alatt di\u00e1kmunk\u00e1t v\u00e9gzett a Sz\u00e9pm\u0171v\u00e9szeti M\u00fazeumban t\u00e1rlatvezet\u0151k\u00e9nt. 1978\u20131981 k\u00f6z\u00f6tt a H\u00edrlapkiad\u00f3n\u00e1l volt \u00fajs\u00e1g\u00edr\u00f3. 1979\u20131981 k\u00f6z\u00f6tt elv\u00e9gezte a Mafilm forgat\u00f3k\u00f6nyv\u00edr\u00f3<\/p>\n","protected":false},"author":1,"featured_media":9720,"comment_status":"closed","ping_status":"closed","sticky":false,"template":"","format":"standard","meta":{"ngg_post_thumbnail":0,"footnotes":""},"categories":[38,3],"tags":[42,144,1074,2458],"class_list":{"0":"post-9719","1":"post","2":"type-post","3":"status-publish","4":"format-standard","5":"has-post-thumbnail","7":"category-esztergom","8":"category-hirek","9":"tag-esztergom","10":"tag-konyvtar","11":"tag-konyvtari-beszelgetesek","12":"tag-pataki-eva"},"yoast_head":"<!-- This site is optimized with the Yoast SEO plugin v27.4 - https:\/\/yoast.com\/product\/yoast-seo-wordpress\/ -->\n<title>Pataki \u00c9va volt az esztergomi k\u00f6nyvt\u00e1r vend\u00e9ge<\/title>\n<meta name=\"robots\" content=\"index, follow, max-snippet:-1, max-image-preview:large, max-video-preview:-1\" \/>\n<link rel=\"canonical\" href=\"https:\/\/dorogimedence.hu\/index.php\/2018\/04\/25\/pataki-eva-volt-az-esztergomi-konyvtar-vendege\/\" class=\"yoast-seo-meta-tag\" \/>\n<meta property=\"og:locale\" content=\"hu_HU\" class=\"yoast-seo-meta-tag\" \/>\n<meta property=\"og:type\" content=\"article\" class=\"yoast-seo-meta-tag\" \/>\n<meta property=\"og:title\" content=\"Pataki \u00c9va volt az esztergomi k\u00f6nyvt\u00e1r vend\u00e9ge\" class=\"yoast-seo-meta-tag\" \/>\n<meta property=\"og:description\" content=\"Az Esztergomi Helischer J\u00f3zsef V\u00e1rosi K\u00f6nyvt\u00e1r K\u00f6nyvt\u00e1ri besz\u00e9lget\u00e9sek \u00e1prilis 23-i vend\u00e9ge Pataki \u00c9va, Bal\u00e1zs B\u00e9la-d\u00edjas magyar \u00edr\u00f3, forgat\u00f3k\u00f6nyv\u00edr\u00f3, filmrendez\u0151, dramaturg volt. Pataki \u00c9va 1972\u20131977 k\u00f6z\u00f6tt az ELTE BTK magyar-orosz-eszt\u00e9tika szakos hallgat\u00f3ja volt. Ez alatt az id\u0151 alatt di\u00e1kmunk\u00e1t v\u00e9gzett a Sz\u00e9pm\u0171v\u00e9szeti M\u00fazeumban t\u00e1rlatvezet\u0151k\u00e9nt. 1978\u20131981 k\u00f6z\u00f6tt a H\u00edrlapkiad\u00f3n\u00e1l volt \u00fajs\u00e1g\u00edr\u00f3. 1979\u20131981 k\u00f6z\u00f6tt elv\u00e9gezte a Mafilm forgat\u00f3k\u00f6nyv\u00edr\u00f3\" class=\"yoast-seo-meta-tag\" \/>\n<meta property=\"og:url\" content=\"https:\/\/dorogimedence.hu\/index.php\/2018\/04\/25\/pataki-eva-volt-az-esztergomi-konyvtar-vendege\/\" class=\"yoast-seo-meta-tag\" \/>\n<meta property=\"og:site_name\" content=\"Dorogi-medence Region\u00e1lis H\u00edrport\u00e1l\" class=\"yoast-seo-meta-tag\" \/>\n<meta property=\"article:publisher\" content=\"https:\/\/www.facebook.com\/dorogimedence\/\" class=\"yoast-seo-meta-tag\" \/>\n<meta property=\"article:published_time\" content=\"2018-04-25T04:40:49+00:00\" class=\"yoast-seo-meta-tag\" \/>\n<meta property=\"og:image\" content=\"https:\/\/i0.wp.com\/dorogimedence.hu\/wp-content\/uploads\/2018\/04\/pataki-eva-01.jpg?fit=670%2C365&ssl=1\" class=\"yoast-seo-meta-tag\" \/>\n\t<meta property=\"og:image:width\" content=\"670\" class=\"yoast-seo-meta-tag\" \/>\n\t<meta property=\"og:image:height\" content=\"365\" class=\"yoast-seo-meta-tag\" \/>\n\t<meta property=\"og:image:type\" content=\"image\/jpeg\" class=\"yoast-seo-meta-tag\" \/>\n<meta name=\"author\" content=\"dorogimedence.hu\" class=\"yoast-seo-meta-tag\" \/>\n<meta name=\"twitter:card\" content=\"summary_large_image\" class=\"yoast-seo-meta-tag\" \/>\n<meta name=\"twitter:label1\" content=\"Szerz\u0151:\" class=\"yoast-seo-meta-tag\" \/>\n\t<meta name=\"twitter:data1\" content=\"dorogimedence.hu\" class=\"yoast-seo-meta-tag\" \/>\n\t<meta name=\"twitter:label2\" content=\"Becs\u00fclt olvas\u00e1si id\u0151\" class=\"yoast-seo-meta-tag\" \/>\n\t<meta name=\"twitter:data2\" content=\"4 perc\" class=\"yoast-seo-meta-tag\" \/>\n<script type=\"application\/ld+json\" class=\"yoast-schema-graph\">{\"@context\":\"https:\\\/\\\/schema.org\",\"@graph\":[{\"@type\":\"Article\",\"@id\":\"https:\\\/\\\/dorogimedence.hu\\\/index.php\\\/2018\\\/04\\\/25\\\/pataki-eva-volt-az-esztergomi-konyvtar-vendege\\\/#article\",\"isPartOf\":{\"@id\":\"https:\\\/\\\/dorogimedence.hu\\\/index.php\\\/2018\\\/04\\\/25\\\/pataki-eva-volt-az-esztergomi-konyvtar-vendege\\\/\"},\"author\":{\"name\":\"dorogimedence.hu\",\"@id\":\"https:\\\/\\\/dorogimedence.hu\\\/#\\\/schema\\\/person\\\/ce6091eeb7e95ecdc87890d6aa8e0fd4\"},\"headline\":\"Pataki \u00c9va volt az esztergomi k\u00f6nyvt\u00e1r vend\u00e9ge\",\"datePublished\":\"2018-04-25T04:40:49+00:00\",\"mainEntityOfPage\":{\"@id\":\"https:\\\/\\\/dorogimedence.hu\\\/index.php\\\/2018\\\/04\\\/25\\\/pataki-eva-volt-az-esztergomi-konyvtar-vendege\\\/\"},\"wordCount\":752,\"publisher\":{\"@id\":\"https:\\\/\\\/dorogimedence.hu\\\/#organization\"},\"image\":{\"@id\":\"https:\\\/\\\/dorogimedence.hu\\\/index.php\\\/2018\\\/04\\\/25\\\/pataki-eva-volt-az-esztergomi-konyvtar-vendege\\\/#primaryimage\"},\"thumbnailUrl\":\"https:\\\/\\\/dorogimedence.hu\\\/wp-content\\\/uploads\\\/2018\\\/04\\\/pataki-eva-01.jpg\",\"keywords\":[\"esztergom\",\"k\u00f6nyvt\u00e1r\",\"k\u00f6nyvt\u00e1ri besz\u00e9lget\u00e9sek\",\"Pataki \u00c9va\"],\"articleSection\":[\"Esztergom\",\"H\u00edrek\"],\"inLanguage\":\"hu\"},{\"@type\":\"WebPage\",\"@id\":\"https:\\\/\\\/dorogimedence.hu\\\/index.php\\\/2018\\\/04\\\/25\\\/pataki-eva-volt-az-esztergomi-konyvtar-vendege\\\/\",\"url\":\"https:\\\/\\\/dorogimedence.hu\\\/index.php\\\/2018\\\/04\\\/25\\\/pataki-eva-volt-az-esztergomi-konyvtar-vendege\\\/\",\"name\":\"Pataki \u00c9va volt az esztergomi k\u00f6nyvt\u00e1r vend\u00e9ge\",\"isPartOf\":{\"@id\":\"https:\\\/\\\/dorogimedence.hu\\\/#website\"},\"primaryImageOfPage\":{\"@id\":\"https:\\\/\\\/dorogimedence.hu\\\/index.php\\\/2018\\\/04\\\/25\\\/pataki-eva-volt-az-esztergomi-konyvtar-vendege\\\/#primaryimage\"},\"image\":{\"@id\":\"https:\\\/\\\/dorogimedence.hu\\\/index.php\\\/2018\\\/04\\\/25\\\/pataki-eva-volt-az-esztergomi-konyvtar-vendege\\\/#primaryimage\"},\"thumbnailUrl\":\"https:\\\/\\\/dorogimedence.hu\\\/wp-content\\\/uploads\\\/2018\\\/04\\\/pataki-eva-01.jpg\",\"datePublished\":\"2018-04-25T04:40:49+00:00\",\"breadcrumb\":{\"@id\":\"https:\\\/\\\/dorogimedence.hu\\\/index.php\\\/2018\\\/04\\\/25\\\/pataki-eva-volt-az-esztergomi-konyvtar-vendege\\\/#breadcrumb\"},\"inLanguage\":\"hu\",\"potentialAction\":[{\"@type\":\"ReadAction\",\"target\":[\"https:\\\/\\\/dorogimedence.hu\\\/index.php\\\/2018\\\/04\\\/25\\\/pataki-eva-volt-az-esztergomi-konyvtar-vendege\\\/\"]}]},{\"@type\":\"ImageObject\",\"inLanguage\":\"hu\",\"@id\":\"https:\\\/\\\/dorogimedence.hu\\\/index.php\\\/2018\\\/04\\\/25\\\/pataki-eva-volt-az-esztergomi-konyvtar-vendege\\\/#primaryimage\",\"url\":\"https:\\\/\\\/dorogimedence.hu\\\/wp-content\\\/uploads\\\/2018\\\/04\\\/pataki-eva-01.jpg\",\"contentUrl\":\"https:\\\/\\\/dorogimedence.hu\\\/wp-content\\\/uploads\\\/2018\\\/04\\\/pataki-eva-01.jpg\",\"width\":670,\"height\":365},{\"@type\":\"BreadcrumbList\",\"@id\":\"https:\\\/\\\/dorogimedence.hu\\\/index.php\\\/2018\\\/04\\\/25\\\/pataki-eva-volt-az-esztergomi-konyvtar-vendege\\\/#breadcrumb\",\"itemListElement\":[{\"@type\":\"ListItem\",\"position\":1,\"name\":\"Kezd\u0151lap\",\"item\":\"https:\\\/\\\/dorogimedence.hu\\\/\"},{\"@type\":\"ListItem\",\"position\":2,\"name\":\"Pataki \u00c9va volt az esztergomi k\u00f6nyvt\u00e1r vend\u00e9ge\"}]},{\"@type\":\"WebSite\",\"@id\":\"https:\\\/\\\/dorogimedence.hu\\\/#website\",\"url\":\"https:\\\/\\\/dorogimedence.hu\\\/\",\"name\":\"Dorogi-medence Region\u00e1lis H\u00edrport\u00e1l\",\"description\":\"Dorog, Keszt\u00f6lc, Le\u00e1nyv\u00e1r, Piliscs\u00e9v, Tokod, Tokodalt\u00e1r\u00f3, Csolnok, Esztergom-kertv\u00e1ros: h\u00edrek, programok\",\"publisher\":{\"@id\":\"https:\\\/\\\/dorogimedence.hu\\\/#organization\"},\"potentialAction\":[{\"@type\":\"SearchAction\",\"target\":{\"@type\":\"EntryPoint\",\"urlTemplate\":\"https:\\\/\\\/dorogimedence.hu\\\/?s={search_term_string}\"},\"query-input\":{\"@type\":\"PropertyValueSpecification\",\"valueRequired\":true,\"valueName\":\"search_term_string\"}}],\"inLanguage\":\"hu\"},{\"@type\":\"Organization\",\"@id\":\"https:\\\/\\\/dorogimedence.hu\\\/#organization\",\"name\":\"Dorogi-medence Region\u00e1lis H\u00edrport\u00e1l\",\"url\":\"https:\\\/\\\/dorogimedence.hu\\\/\",\"logo\":{\"@type\":\"ImageObject\",\"inLanguage\":\"hu\",\"@id\":\"https:\\\/\\\/dorogimedence.hu\\\/#\\\/schema\\\/logo\\\/image\\\/\",\"url\":\"https:\\\/\\\/dorogimedence.hu\\\/wp-content\\\/uploads\\\/2021\\\/04\\\/logo-feher-600.png\",\"contentUrl\":\"https:\\\/\\\/dorogimedence.hu\\\/wp-content\\\/uploads\\\/2021\\\/04\\\/logo-feher-600.png\",\"width\":600,\"height\":100,\"caption\":\"Dorogi-medence Region\u00e1lis H\u00edrport\u00e1l\"},\"image\":{\"@id\":\"https:\\\/\\\/dorogimedence.hu\\\/#\\\/schema\\\/logo\\\/image\\\/\"},\"sameAs\":[\"https:\\\/\\\/www.facebook.com\\\/dorogimedence\\\/\"]},{\"@type\":\"Person\",\"@id\":\"https:\\\/\\\/dorogimedence.hu\\\/#\\\/schema\\\/person\\\/ce6091eeb7e95ecdc87890d6aa8e0fd4\",\"name\":\"dorogimedence.hu\",\"image\":{\"@type\":\"ImageObject\",\"inLanguage\":\"hu\",\"@id\":\"\\\/\\\/www.gravatar.com\\\/avatar\\\/d8d45f8901aadff40a4af72c0b826f1d?s=96&#038;r=g&#038;d=mm\",\"url\":\"\\\/\\\/www.gravatar.com\\\/avatar\\\/d8d45f8901aadff40a4af72c0b826f1d?s=96&#038;r=g&#038;d=mm\",\"contentUrl\":\"\\\/\\\/www.gravatar.com\\\/avatar\\\/d8d45f8901aadff40a4af72c0b826f1d?s=96&#038;r=g&#038;d=mm\",\"caption\":\"dorogimedence.hu\"}}]}<\/script>\n<!-- \/ Yoast SEO plugin. -->","yoast_head_json":{"title":"Pataki \u00c9va volt az esztergomi k\u00f6nyvt\u00e1r vend\u00e9ge","robots":{"index":"index","follow":"follow","max-snippet":"max-snippet:-1","max-image-preview":"max-image-preview:large","max-video-preview":"max-video-preview:-1"},"canonical":"https:\/\/dorogimedence.hu\/index.php\/2018\/04\/25\/pataki-eva-volt-az-esztergomi-konyvtar-vendege\/","og_locale":"hu_HU","og_type":"article","og_title":"Pataki \u00c9va volt az esztergomi k\u00f6nyvt\u00e1r vend\u00e9ge","og_description":"Az Esztergomi Helischer J\u00f3zsef V\u00e1rosi K\u00f6nyvt\u00e1r K\u00f6nyvt\u00e1ri besz\u00e9lget\u00e9sek \u00e1prilis 23-i vend\u00e9ge Pataki \u00c9va, Bal\u00e1zs B\u00e9la-d\u00edjas magyar \u00edr\u00f3, forgat\u00f3k\u00f6nyv\u00edr\u00f3, filmrendez\u0151, dramaturg volt. Pataki \u00c9va 1972\u20131977 k\u00f6z\u00f6tt az ELTE BTK magyar-orosz-eszt\u00e9tika szakos hallgat\u00f3ja volt. Ez alatt az id\u0151 alatt di\u00e1kmunk\u00e1t v\u00e9gzett a Sz\u00e9pm\u0171v\u00e9szeti M\u00fazeumban t\u00e1rlatvezet\u0151k\u00e9nt. 1978\u20131981 k\u00f6z\u00f6tt a H\u00edrlapkiad\u00f3n\u00e1l volt \u00fajs\u00e1g\u00edr\u00f3. 1979\u20131981 k\u00f6z\u00f6tt elv\u00e9gezte a Mafilm forgat\u00f3k\u00f6nyv\u00edr\u00f3","og_url":"https:\/\/dorogimedence.hu\/index.php\/2018\/04\/25\/pataki-eva-volt-az-esztergomi-konyvtar-vendege\/","og_site_name":"Dorogi-medence Region\u00e1lis H\u00edrport\u00e1l","article_publisher":"https:\/\/www.facebook.com\/dorogimedence\/","article_published_time":"2018-04-25T04:40:49+00:00","og_image":[{"width":670,"height":365,"url":"https:\/\/i0.wp.com\/dorogimedence.hu\/wp-content\/uploads\/2018\/04\/pataki-eva-01.jpg?fit=670%2C365&ssl=1","type":"image\/jpeg"}],"author":"dorogimedence.hu","twitter_card":"summary_large_image","twitter_misc":{"Szerz\u0151:":"dorogimedence.hu","Becs\u00fclt olvas\u00e1si id\u0151":"4 perc"},"schema":{"@context":"https:\/\/schema.org","@graph":[{"@type":"Article","@id":"https:\/\/dorogimedence.hu\/index.php\/2018\/04\/25\/pataki-eva-volt-az-esztergomi-konyvtar-vendege\/#article","isPartOf":{"@id":"https:\/\/dorogimedence.hu\/index.php\/2018\/04\/25\/pataki-eva-volt-az-esztergomi-konyvtar-vendege\/"},"author":{"name":"dorogimedence.hu","@id":"https:\/\/dorogimedence.hu\/#\/schema\/person\/ce6091eeb7e95ecdc87890d6aa8e0fd4"},"headline":"Pataki \u00c9va volt az esztergomi k\u00f6nyvt\u00e1r vend\u00e9ge","datePublished":"2018-04-25T04:40:49+00:00","mainEntityOfPage":{"@id":"https:\/\/dorogimedence.hu\/index.php\/2018\/04\/25\/pataki-eva-volt-az-esztergomi-konyvtar-vendege\/"},"wordCount":752,"publisher":{"@id":"https:\/\/dorogimedence.hu\/#organization"},"image":{"@id":"https:\/\/dorogimedence.hu\/index.php\/2018\/04\/25\/pataki-eva-volt-az-esztergomi-konyvtar-vendege\/#primaryimage"},"thumbnailUrl":"https:\/\/dorogimedence.hu\/wp-content\/uploads\/2018\/04\/pataki-eva-01.jpg","keywords":["esztergom","k\u00f6nyvt\u00e1r","k\u00f6nyvt\u00e1ri besz\u00e9lget\u00e9sek","Pataki \u00c9va"],"articleSection":["Esztergom","H\u00edrek"],"inLanguage":"hu"},{"@type":"WebPage","@id":"https:\/\/dorogimedence.hu\/index.php\/2018\/04\/25\/pataki-eva-volt-az-esztergomi-konyvtar-vendege\/","url":"https:\/\/dorogimedence.hu\/index.php\/2018\/04\/25\/pataki-eva-volt-az-esztergomi-konyvtar-vendege\/","name":"Pataki \u00c9va volt az esztergomi k\u00f6nyvt\u00e1r vend\u00e9ge","isPartOf":{"@id":"https:\/\/dorogimedence.hu\/#website"},"primaryImageOfPage":{"@id":"https:\/\/dorogimedence.hu\/index.php\/2018\/04\/25\/pataki-eva-volt-az-esztergomi-konyvtar-vendege\/#primaryimage"},"image":{"@id":"https:\/\/dorogimedence.hu\/index.php\/2018\/04\/25\/pataki-eva-volt-az-esztergomi-konyvtar-vendege\/#primaryimage"},"thumbnailUrl":"https:\/\/dorogimedence.hu\/wp-content\/uploads\/2018\/04\/pataki-eva-01.jpg","datePublished":"2018-04-25T04:40:49+00:00","breadcrumb":{"@id":"https:\/\/dorogimedence.hu\/index.php\/2018\/04\/25\/pataki-eva-volt-az-esztergomi-konyvtar-vendege\/#breadcrumb"},"inLanguage":"hu","potentialAction":[{"@type":"ReadAction","target":["https:\/\/dorogimedence.hu\/index.php\/2018\/04\/25\/pataki-eva-volt-az-esztergomi-konyvtar-vendege\/"]}]},{"@type":"ImageObject","inLanguage":"hu","@id":"https:\/\/dorogimedence.hu\/index.php\/2018\/04\/25\/pataki-eva-volt-az-esztergomi-konyvtar-vendege\/#primaryimage","url":"https:\/\/dorogimedence.hu\/wp-content\/uploads\/2018\/04\/pataki-eva-01.jpg","contentUrl":"https:\/\/dorogimedence.hu\/wp-content\/uploads\/2018\/04\/pataki-eva-01.jpg","width":670,"height":365},{"@type":"BreadcrumbList","@id":"https:\/\/dorogimedence.hu\/index.php\/2018\/04\/25\/pataki-eva-volt-az-esztergomi-konyvtar-vendege\/#breadcrumb","itemListElement":[{"@type":"ListItem","position":1,"name":"Kezd\u0151lap","item":"https:\/\/dorogimedence.hu\/"},{"@type":"ListItem","position":2,"name":"Pataki \u00c9va volt az esztergomi k\u00f6nyvt\u00e1r vend\u00e9ge"}]},{"@type":"WebSite","@id":"https:\/\/dorogimedence.hu\/#website","url":"https:\/\/dorogimedence.hu\/","name":"Dorogi-medence Region\u00e1lis H\u00edrport\u00e1l","description":"Dorog, Keszt\u00f6lc, Le\u00e1nyv\u00e1r, Piliscs\u00e9v, Tokod, Tokodalt\u00e1r\u00f3, Csolnok, Esztergom-kertv\u00e1ros: h\u00edrek, programok","publisher":{"@id":"https:\/\/dorogimedence.hu\/#organization"},"potentialAction":[{"@type":"SearchAction","target":{"@type":"EntryPoint","urlTemplate":"https:\/\/dorogimedence.hu\/?s={search_term_string}"},"query-input":{"@type":"PropertyValueSpecification","valueRequired":true,"valueName":"search_term_string"}}],"inLanguage":"hu"},{"@type":"Organization","@id":"https:\/\/dorogimedence.hu\/#organization","name":"Dorogi-medence Region\u00e1lis H\u00edrport\u00e1l","url":"https:\/\/dorogimedence.hu\/","logo":{"@type":"ImageObject","inLanguage":"hu","@id":"https:\/\/dorogimedence.hu\/#\/schema\/logo\/image\/","url":"https:\/\/dorogimedence.hu\/wp-content\/uploads\/2021\/04\/logo-feher-600.png","contentUrl":"https:\/\/dorogimedence.hu\/wp-content\/uploads\/2021\/04\/logo-feher-600.png","width":600,"height":100,"caption":"Dorogi-medence Region\u00e1lis H\u00edrport\u00e1l"},"image":{"@id":"https:\/\/dorogimedence.hu\/#\/schema\/logo\/image\/"},"sameAs":["https:\/\/www.facebook.com\/dorogimedence\/"]},{"@type":"Person","@id":"https:\/\/dorogimedence.hu\/#\/schema\/person\/ce6091eeb7e95ecdc87890d6aa8e0fd4","name":"dorogimedence.hu","image":{"@type":"ImageObject","inLanguage":"hu","@id":"\/\/www.gravatar.com\/avatar\/d8d45f8901aadff40a4af72c0b826f1d?s=96&#038;r=g&#038;d=mm","url":"\/\/www.gravatar.com\/avatar\/d8d45f8901aadff40a4af72c0b826f1d?s=96&#038;r=g&#038;d=mm","contentUrl":"\/\/www.gravatar.com\/avatar\/d8d45f8901aadff40a4af72c0b826f1d?s=96&#038;r=g&#038;d=mm","caption":"dorogimedence.hu"}}]}},"_links":{"self":[{"href":"https:\/\/dorogimedence.hu\/index.php\/wp-json\/wp\/v2\/posts\/9719","targetHints":{"allow":["GET"]}}],"collection":[{"href":"https:\/\/dorogimedence.hu\/index.php\/wp-json\/wp\/v2\/posts"}],"about":[{"href":"https:\/\/dorogimedence.hu\/index.php\/wp-json\/wp\/v2\/types\/post"}],"author":[{"embeddable":true,"href":"https:\/\/dorogimedence.hu\/index.php\/wp-json\/wp\/v2\/users\/1"}],"replies":[{"embeddable":true,"href":"https:\/\/dorogimedence.hu\/index.php\/wp-json\/wp\/v2\/comments?post=9719"}],"version-history":[{"count":0,"href":"https:\/\/dorogimedence.hu\/index.php\/wp-json\/wp\/v2\/posts\/9719\/revisions"}],"wp:featuredmedia":[{"embeddable":true,"href":"https:\/\/dorogimedence.hu\/index.php\/wp-json\/wp\/v2\/media\/9720"}],"wp:attachment":[{"href":"https:\/\/dorogimedence.hu\/index.php\/wp-json\/wp\/v2\/media?parent=9719"}],"wp:term":[{"taxonomy":"category","embeddable":true,"href":"https:\/\/dorogimedence.hu\/index.php\/wp-json\/wp\/v2\/categories?post=9719"},{"taxonomy":"post_tag","embeddable":true,"href":"https:\/\/dorogimedence.hu\/index.php\/wp-json\/wp\/v2\/tags?post=9719"}],"curies":[{"name":"wp","href":"https:\/\/api.w.org\/{rel}","templated":true}]}}