{"id":9716,"date":"2018-04-24T17:30:59","date_gmt":"2018-04-24T15:30:59","guid":{"rendered":"http:\/\/dorogimedence.hu\/?p=9716"},"modified":"2018-04-24T17:30:59","modified_gmt":"2018-04-24T15:30:59","slug":"ifjusagi-hangverseny-volt-a-dorogi-zeneiskolaban","status":"publish","type":"post","link":"https:\/\/dorogimedence.hu\/index.php\/2018\/04\/24\/ifjusagi-hangverseny-volt-a-dorogi-zeneiskolaban\/","title":{"rendered":"Ifj\u00fas\u00e1gi hangverseny volt a dorogi zeneiskol\u00e1ban"},"content":{"rendered":"<p><strong>A budapesti \u00f6sszm\u0171v\u00e9szeti csoport, az Alkot\u00f3 Muzsikusok T\u00e1rsas\u00e1ga 1996 febru\u00e1rja \u00f3ta m\u00e1r igaz\u00e1n sok alkalommal l\u00e1togatott el a dorogi zeneiskol\u00e1ba, hogy ott elhangozhassanak a T\u00e1rsas\u00e1g szerz\u0151inek m\u0171vei.<\/strong><\/p>\n<p>22 \u00e9ve \u00e1poljuk ezt a kapcsolatot. Szendi \u00c1gnes a Dorogi Erkel Ferenc AMI tan\u00e1ra egyben az AMT zeneszerz\u0151 tagja is. Egy-egy ilyen \u00f6sszej\u00f6vetelen nemcsak zenesz\u00f3 hallatszik, hanem irodalmi felolvas\u00e1sra is sor ker\u00fcl , hiszen az AMT hivat\u00e1sos muzsikus tagjai kompon\u00e1lnak vagy irodalommal vagy k\u00e9pz\u0151m\u0171v\u00e9szettel foglalkoznak.<\/p>\n<p>A rendezv\u00e9nyen fell\u00e9ptek zeneiskol\u00e1nk furulya-, fuvola-, heged\u0171- \u00e9s zongora tanszak\u00e1n tan\u00edt\u00f3k \u00e9s tehets\u00e9ges tan\u00edtv\u00e1nyaik. Val\u00f3di \u00e9lm\u00e9ny a szerepl\u0151knek \u00e9s a k\u00f6z\u00f6ns\u00e9gnek is, amikor tan\u00e1r \u00e9s di\u00e1k egy\u00fctt muzsik\u00e1l. Nagyon sz\u00e9p p\u00e9lda volt erre Feh\u00e9r Gy\u00f6rgy Mikl\u00f3s Du\u00f3inak el\u0151ad\u00e1sa, M\u00e9r\u00e9sz Ign\u00e1c heged\u0171du\u00f3inak, Lacz\u00f3 Zolt\u00e1n Vince heged\u0171tri\u00f3j\u00e1nak, Gallai Attila fuvolatri\u00f3inak megsz\u00f3laltat\u00e1sa. Felcsend\u00fcltek ezeken a szerz\u0151k\u00f6n k\u00edv\u00fcl B\u00fcky G\u00e9za, Csepregi Gy\u00f6rgy, Hajdu L\u00f3r\u00e1nt, R\u00e9kai Iv\u00e1n, Sz\u00e1nth\u00f3 Lajos, Szendi \u00c1gnes zenedarabjai, Csepregi Gy\u00f6rgy, Forg\u00e1cs \u00c9va \u00edr\u00e1sai. K\u00f6sz\u00f6net a koll\u00e9g\u00e1imnak, hogy megval\u00f3sulhatott az \u00e1prilis 18-i sz\u00e9p koncert!<\/p>\n<p><strong><em>Szendi \u00c1gnes<\/em><\/strong><\/p>\n<p><em>Forr\u00e1s: dorog.hu<\/em><\/p>\n","protected":false},"excerpt":{"rendered":"<p>A budapesti \u00f6sszm\u0171v\u00e9szeti csoport, az Alkot\u00f3 Muzsikusok T\u00e1rsas\u00e1ga 1996 febru\u00e1rja \u00f3ta m\u00e1r igaz\u00e1n sok alkalommal l\u00e1togatott el a dorogi zeneiskol\u00e1ba, hogy ott elhangozhassanak a T\u00e1rsas\u00e1g szerz\u0151inek m\u0171vei. 22 \u00e9ve \u00e1poljuk ezt a kapcsolatot. Szendi \u00c1gnes a Dorogi Erkel Ferenc AMI tan\u00e1ra egyben az AMT zeneszerz\u0151 tagja is. Egy-egy ilyen \u00f6sszej\u00f6vetelen nemcsak zenesz\u00f3 hallatszik, hanem irodalmi<\/p>\n","protected":false},"author":1,"featured_media":9717,"comment_status":"closed","ping_status":"closed","sticky":false,"template":"","format":"standard","meta":{"ngg_post_thumbnail":0,"footnotes":""},"categories":[2,3],"tags":[15,1010,997],"class_list":{"0":"post-9716","1":"post","2":"type-post","3":"status-publish","4":"format-standard","5":"has-post-thumbnail","7":"category-dorog","8":"category-hirek","9":"tag-dorog","10":"tag-hangverseny","11":"tag-zeneiskola"},"yoast_head":"<!-- This site is optimized with the Yoast SEO plugin v27.4 - https:\/\/yoast.com\/product\/yoast-seo-wordpress\/ -->\n<title>Ifj\u00fas\u00e1gi hangverseny volt a dorogi zeneiskol\u00e1ban<\/title>\n<meta name=\"robots\" content=\"index, follow, max-snippet:-1, max-image-preview:large, max-video-preview:-1\" \/>\n<link rel=\"canonical\" href=\"https:\/\/dorogimedence.hu\/index.php\/2018\/04\/24\/ifjusagi-hangverseny-volt-a-dorogi-zeneiskolaban\/\" class=\"yoast-seo-meta-tag\" \/>\n<meta property=\"og:locale\" content=\"hu_HU\" class=\"yoast-seo-meta-tag\" \/>\n<meta property=\"og:type\" content=\"article\" class=\"yoast-seo-meta-tag\" \/>\n<meta property=\"og:title\" content=\"Ifj\u00fas\u00e1gi hangverseny volt a dorogi zeneiskol\u00e1ban\" class=\"yoast-seo-meta-tag\" \/>\n<meta property=\"og:description\" content=\"A budapesti \u00f6sszm\u0171v\u00e9szeti csoport, az Alkot\u00f3 Muzsikusok T\u00e1rsas\u00e1ga 1996 febru\u00e1rja \u00f3ta m\u00e1r igaz\u00e1n sok alkalommal l\u00e1togatott el a dorogi zeneiskol\u00e1ba, hogy ott elhangozhassanak a T\u00e1rsas\u00e1g szerz\u0151inek m\u0171vei. 22 \u00e9ve \u00e1poljuk ezt a kapcsolatot. Szendi \u00c1gnes a Dorogi Erkel Ferenc AMI tan\u00e1ra egyben az AMT zeneszerz\u0151 tagja is. Egy-egy ilyen \u00f6sszej\u00f6vetelen nemcsak zenesz\u00f3 hallatszik, hanem irodalmi\" class=\"yoast-seo-meta-tag\" \/>\n<meta property=\"og:url\" content=\"https:\/\/dorogimedence.hu\/index.php\/2018\/04\/24\/ifjusagi-hangverseny-volt-a-dorogi-zeneiskolaban\/\" class=\"yoast-seo-meta-tag\" \/>\n<meta property=\"og:site_name\" content=\"Dorogi-medence Region\u00e1lis H\u00edrport\u00e1l\" class=\"yoast-seo-meta-tag\" \/>\n<meta property=\"article:publisher\" content=\"https:\/\/www.facebook.com\/dorogimedence\/\" class=\"yoast-seo-meta-tag\" \/>\n<meta property=\"article:published_time\" content=\"2018-04-24T15:30:59+00:00\" class=\"yoast-seo-meta-tag\" \/>\n<meta property=\"og:image\" content=\"https:\/\/i0.wp.com\/dorogimedence.hu\/wp-content\/uploads\/2018\/04\/zeneiskola-dorog.jpg?fit=670%2C365&ssl=1\" class=\"yoast-seo-meta-tag\" \/>\n\t<meta property=\"og:image:width\" content=\"670\" class=\"yoast-seo-meta-tag\" \/>\n\t<meta property=\"og:image:height\" content=\"365\" class=\"yoast-seo-meta-tag\" \/>\n\t<meta property=\"og:image:type\" content=\"image\/jpeg\" class=\"yoast-seo-meta-tag\" \/>\n<meta name=\"author\" content=\"dorogimedence.hu\" class=\"yoast-seo-meta-tag\" \/>\n<meta name=\"twitter:card\" content=\"summary_large_image\" class=\"yoast-seo-meta-tag\" \/>\n<meta name=\"twitter:label1\" content=\"Szerz\u0151:\" class=\"yoast-seo-meta-tag\" \/>\n\t<meta name=\"twitter:data1\" content=\"dorogimedence.hu\" class=\"yoast-seo-meta-tag\" \/>\n\t<meta name=\"twitter:label2\" content=\"Becs\u00fclt olvas\u00e1si id\u0151\" class=\"yoast-seo-meta-tag\" \/>\n\t<meta name=\"twitter:data2\" content=\"1 perc\" class=\"yoast-seo-meta-tag\" \/>\n<script type=\"application\/ld+json\" class=\"yoast-schema-graph\">{\"@context\":\"https:\\\/\\\/schema.org\",\"@graph\":[{\"@type\":\"Article\",\"@id\":\"https:\\\/\\\/dorogimedence.hu\\\/index.php\\\/2018\\\/04\\\/24\\\/ifjusagi-hangverseny-volt-a-dorogi-zeneiskolaban\\\/#article\",\"isPartOf\":{\"@id\":\"https:\\\/\\\/dorogimedence.hu\\\/index.php\\\/2018\\\/04\\\/24\\\/ifjusagi-hangverseny-volt-a-dorogi-zeneiskolaban\\\/\"},\"author\":{\"name\":\"dorogimedence.hu\",\"@id\":\"https:\\\/\\\/dorogimedence.hu\\\/#\\\/schema\\\/person\\\/ce6091eeb7e95ecdc87890d6aa8e0fd4\"},\"headline\":\"Ifj\u00fas\u00e1gi hangverseny volt a dorogi zeneiskol\u00e1ban\",\"datePublished\":\"2018-04-24T15:30:59+00:00\",\"mainEntityOfPage\":{\"@id\":\"https:\\\/\\\/dorogimedence.hu\\\/index.php\\\/2018\\\/04\\\/24\\\/ifjusagi-hangverseny-volt-a-dorogi-zeneiskolaban\\\/\"},\"wordCount\":251,\"publisher\":{\"@id\":\"https:\\\/\\\/dorogimedence.hu\\\/#organization\"},\"image\":{\"@id\":\"https:\\\/\\\/dorogimedence.hu\\\/index.php\\\/2018\\\/04\\\/24\\\/ifjusagi-hangverseny-volt-a-dorogi-zeneiskolaban\\\/#primaryimage\"},\"thumbnailUrl\":\"https:\\\/\\\/dorogimedence.hu\\\/wp-content\\\/uploads\\\/2018\\\/04\\\/zeneiskola-dorog.jpg\",\"keywords\":[\"Dorog\",\"hangverseny\",\"zeneiskola\"],\"articleSection\":[\"Dorog\",\"H\u00edrek\"],\"inLanguage\":\"hu\"},{\"@type\":\"WebPage\",\"@id\":\"https:\\\/\\\/dorogimedence.hu\\\/index.php\\\/2018\\\/04\\\/24\\\/ifjusagi-hangverseny-volt-a-dorogi-zeneiskolaban\\\/\",\"url\":\"https:\\\/\\\/dorogimedence.hu\\\/index.php\\\/2018\\\/04\\\/24\\\/ifjusagi-hangverseny-volt-a-dorogi-zeneiskolaban\\\/\",\"name\":\"Ifj\u00fas\u00e1gi hangverseny volt a dorogi zeneiskol\u00e1ban\",\"isPartOf\":{\"@id\":\"https:\\\/\\\/dorogimedence.hu\\\/#website\"},\"primaryImageOfPage\":{\"@id\":\"https:\\\/\\\/dorogimedence.hu\\\/index.php\\\/2018\\\/04\\\/24\\\/ifjusagi-hangverseny-volt-a-dorogi-zeneiskolaban\\\/#primaryimage\"},\"image\":{\"@id\":\"https:\\\/\\\/dorogimedence.hu\\\/index.php\\\/2018\\\/04\\\/24\\\/ifjusagi-hangverseny-volt-a-dorogi-zeneiskolaban\\\/#primaryimage\"},\"thumbnailUrl\":\"https:\\\/\\\/dorogimedence.hu\\\/wp-content\\\/uploads\\\/2018\\\/04\\\/zeneiskola-dorog.jpg\",\"datePublished\":\"2018-04-24T15:30:59+00:00\",\"breadcrumb\":{\"@id\":\"https:\\\/\\\/dorogimedence.hu\\\/index.php\\\/2018\\\/04\\\/24\\\/ifjusagi-hangverseny-volt-a-dorogi-zeneiskolaban\\\/#breadcrumb\"},\"inLanguage\":\"hu\",\"potentialAction\":[{\"@type\":\"ReadAction\",\"target\":[\"https:\\\/\\\/dorogimedence.hu\\\/index.php\\\/2018\\\/04\\\/24\\\/ifjusagi-hangverseny-volt-a-dorogi-zeneiskolaban\\\/\"]}]},{\"@type\":\"ImageObject\",\"inLanguage\":\"hu\",\"@id\":\"https:\\\/\\\/dorogimedence.hu\\\/index.php\\\/2018\\\/04\\\/24\\\/ifjusagi-hangverseny-volt-a-dorogi-zeneiskolaban\\\/#primaryimage\",\"url\":\"https:\\\/\\\/dorogimedence.hu\\\/wp-content\\\/uploads\\\/2018\\\/04\\\/zeneiskola-dorog.jpg\",\"contentUrl\":\"https:\\\/\\\/dorogimedence.hu\\\/wp-content\\\/uploads\\\/2018\\\/04\\\/zeneiskola-dorog.jpg\",\"width\":670,\"height\":365},{\"@type\":\"BreadcrumbList\",\"@id\":\"https:\\\/\\\/dorogimedence.hu\\\/index.php\\\/2018\\\/04\\\/24\\\/ifjusagi-hangverseny-volt-a-dorogi-zeneiskolaban\\\/#breadcrumb\",\"itemListElement\":[{\"@type\":\"ListItem\",\"position\":1,\"name\":\"Kezd\u0151lap\",\"item\":\"https:\\\/\\\/dorogimedence.hu\\\/\"},{\"@type\":\"ListItem\",\"position\":2,\"name\":\"Ifj\u00fas\u00e1gi hangverseny volt a dorogi zeneiskol\u00e1ban\"}]},{\"@type\":\"WebSite\",\"@id\":\"https:\\\/\\\/dorogimedence.hu\\\/#website\",\"url\":\"https:\\\/\\\/dorogimedence.hu\\\/\",\"name\":\"Dorogi-medence Region\u00e1lis H\u00edrport\u00e1l\",\"description\":\"Dorog, Keszt\u00f6lc, Le\u00e1nyv\u00e1r, Piliscs\u00e9v, Tokod, Tokodalt\u00e1r\u00f3, Csolnok, Esztergom-kertv\u00e1ros: h\u00edrek, programok\",\"publisher\":{\"@id\":\"https:\\\/\\\/dorogimedence.hu\\\/#organization\"},\"potentialAction\":[{\"@type\":\"SearchAction\",\"target\":{\"@type\":\"EntryPoint\",\"urlTemplate\":\"https:\\\/\\\/dorogimedence.hu\\\/?s={search_term_string}\"},\"query-input\":{\"@type\":\"PropertyValueSpecification\",\"valueRequired\":true,\"valueName\":\"search_term_string\"}}],\"inLanguage\":\"hu\"},{\"@type\":\"Organization\",\"@id\":\"https:\\\/\\\/dorogimedence.hu\\\/#organization\",\"name\":\"Dorogi-medence Region\u00e1lis H\u00edrport\u00e1l\",\"url\":\"https:\\\/\\\/dorogimedence.hu\\\/\",\"logo\":{\"@type\":\"ImageObject\",\"inLanguage\":\"hu\",\"@id\":\"https:\\\/\\\/dorogimedence.hu\\\/#\\\/schema\\\/logo\\\/image\\\/\",\"url\":\"https:\\\/\\\/dorogimedence.hu\\\/wp-content\\\/uploads\\\/2021\\\/04\\\/logo-feher-600.png\",\"contentUrl\":\"https:\\\/\\\/dorogimedence.hu\\\/wp-content\\\/uploads\\\/2021\\\/04\\\/logo-feher-600.png\",\"width\":600,\"height\":100,\"caption\":\"Dorogi-medence Region\u00e1lis H\u00edrport\u00e1l\"},\"image\":{\"@id\":\"https:\\\/\\\/dorogimedence.hu\\\/#\\\/schema\\\/logo\\\/image\\\/\"},\"sameAs\":[\"https:\\\/\\\/www.facebook.com\\\/dorogimedence\\\/\"]},{\"@type\":\"Person\",\"@id\":\"https:\\\/\\\/dorogimedence.hu\\\/#\\\/schema\\\/person\\\/ce6091eeb7e95ecdc87890d6aa8e0fd4\",\"name\":\"dorogimedence.hu\",\"image\":{\"@type\":\"ImageObject\",\"inLanguage\":\"hu\",\"@id\":\"\\\/\\\/www.gravatar.com\\\/avatar\\\/d8d45f8901aadff40a4af72c0b826f1d?s=96&#038;r=g&#038;d=mm\",\"url\":\"\\\/\\\/www.gravatar.com\\\/avatar\\\/d8d45f8901aadff40a4af72c0b826f1d?s=96&#038;r=g&#038;d=mm\",\"contentUrl\":\"\\\/\\\/www.gravatar.com\\\/avatar\\\/d8d45f8901aadff40a4af72c0b826f1d?s=96&#038;r=g&#038;d=mm\",\"caption\":\"dorogimedence.hu\"}}]}<\/script>\n<!-- \/ Yoast SEO plugin. -->","yoast_head_json":{"title":"Ifj\u00fas\u00e1gi hangverseny volt a dorogi zeneiskol\u00e1ban","robots":{"index":"index","follow":"follow","max-snippet":"max-snippet:-1","max-image-preview":"max-image-preview:large","max-video-preview":"max-video-preview:-1"},"canonical":"https:\/\/dorogimedence.hu\/index.php\/2018\/04\/24\/ifjusagi-hangverseny-volt-a-dorogi-zeneiskolaban\/","og_locale":"hu_HU","og_type":"article","og_title":"Ifj\u00fas\u00e1gi hangverseny volt a dorogi zeneiskol\u00e1ban","og_description":"A budapesti \u00f6sszm\u0171v\u00e9szeti csoport, az Alkot\u00f3 Muzsikusok T\u00e1rsas\u00e1ga 1996 febru\u00e1rja \u00f3ta m\u00e1r igaz\u00e1n sok alkalommal l\u00e1togatott el a dorogi zeneiskol\u00e1ba, hogy ott elhangozhassanak a T\u00e1rsas\u00e1g szerz\u0151inek m\u0171vei. 22 \u00e9ve \u00e1poljuk ezt a kapcsolatot. Szendi \u00c1gnes a Dorogi Erkel Ferenc AMI tan\u00e1ra egyben az AMT zeneszerz\u0151 tagja is. Egy-egy ilyen \u00f6sszej\u00f6vetelen nemcsak zenesz\u00f3 hallatszik, hanem irodalmi","og_url":"https:\/\/dorogimedence.hu\/index.php\/2018\/04\/24\/ifjusagi-hangverseny-volt-a-dorogi-zeneiskolaban\/","og_site_name":"Dorogi-medence Region\u00e1lis H\u00edrport\u00e1l","article_publisher":"https:\/\/www.facebook.com\/dorogimedence\/","article_published_time":"2018-04-24T15:30:59+00:00","og_image":[{"width":670,"height":365,"url":"https:\/\/i0.wp.com\/dorogimedence.hu\/wp-content\/uploads\/2018\/04\/zeneiskola-dorog.jpg?fit=670%2C365&ssl=1","type":"image\/jpeg"}],"author":"dorogimedence.hu","twitter_card":"summary_large_image","twitter_misc":{"Szerz\u0151:":"dorogimedence.hu","Becs\u00fclt olvas\u00e1si id\u0151":"1 perc"},"schema":{"@context":"https:\/\/schema.org","@graph":[{"@type":"Article","@id":"https:\/\/dorogimedence.hu\/index.php\/2018\/04\/24\/ifjusagi-hangverseny-volt-a-dorogi-zeneiskolaban\/#article","isPartOf":{"@id":"https:\/\/dorogimedence.hu\/index.php\/2018\/04\/24\/ifjusagi-hangverseny-volt-a-dorogi-zeneiskolaban\/"},"author":{"name":"dorogimedence.hu","@id":"https:\/\/dorogimedence.hu\/#\/schema\/person\/ce6091eeb7e95ecdc87890d6aa8e0fd4"},"headline":"Ifj\u00fas\u00e1gi hangverseny volt a dorogi zeneiskol\u00e1ban","datePublished":"2018-04-24T15:30:59+00:00","mainEntityOfPage":{"@id":"https:\/\/dorogimedence.hu\/index.php\/2018\/04\/24\/ifjusagi-hangverseny-volt-a-dorogi-zeneiskolaban\/"},"wordCount":251,"publisher":{"@id":"https:\/\/dorogimedence.hu\/#organization"},"image":{"@id":"https:\/\/dorogimedence.hu\/index.php\/2018\/04\/24\/ifjusagi-hangverseny-volt-a-dorogi-zeneiskolaban\/#primaryimage"},"thumbnailUrl":"https:\/\/dorogimedence.hu\/wp-content\/uploads\/2018\/04\/zeneiskola-dorog.jpg","keywords":["Dorog","hangverseny","zeneiskola"],"articleSection":["Dorog","H\u00edrek"],"inLanguage":"hu"},{"@type":"WebPage","@id":"https:\/\/dorogimedence.hu\/index.php\/2018\/04\/24\/ifjusagi-hangverseny-volt-a-dorogi-zeneiskolaban\/","url":"https:\/\/dorogimedence.hu\/index.php\/2018\/04\/24\/ifjusagi-hangverseny-volt-a-dorogi-zeneiskolaban\/","name":"Ifj\u00fas\u00e1gi hangverseny volt a dorogi zeneiskol\u00e1ban","isPartOf":{"@id":"https:\/\/dorogimedence.hu\/#website"},"primaryImageOfPage":{"@id":"https:\/\/dorogimedence.hu\/index.php\/2018\/04\/24\/ifjusagi-hangverseny-volt-a-dorogi-zeneiskolaban\/#primaryimage"},"image":{"@id":"https:\/\/dorogimedence.hu\/index.php\/2018\/04\/24\/ifjusagi-hangverseny-volt-a-dorogi-zeneiskolaban\/#primaryimage"},"thumbnailUrl":"https:\/\/dorogimedence.hu\/wp-content\/uploads\/2018\/04\/zeneiskola-dorog.jpg","datePublished":"2018-04-24T15:30:59+00:00","breadcrumb":{"@id":"https:\/\/dorogimedence.hu\/index.php\/2018\/04\/24\/ifjusagi-hangverseny-volt-a-dorogi-zeneiskolaban\/#breadcrumb"},"inLanguage":"hu","potentialAction":[{"@type":"ReadAction","target":["https:\/\/dorogimedence.hu\/index.php\/2018\/04\/24\/ifjusagi-hangverseny-volt-a-dorogi-zeneiskolaban\/"]}]},{"@type":"ImageObject","inLanguage":"hu","@id":"https:\/\/dorogimedence.hu\/index.php\/2018\/04\/24\/ifjusagi-hangverseny-volt-a-dorogi-zeneiskolaban\/#primaryimage","url":"https:\/\/dorogimedence.hu\/wp-content\/uploads\/2018\/04\/zeneiskola-dorog.jpg","contentUrl":"https:\/\/dorogimedence.hu\/wp-content\/uploads\/2018\/04\/zeneiskola-dorog.jpg","width":670,"height":365},{"@type":"BreadcrumbList","@id":"https:\/\/dorogimedence.hu\/index.php\/2018\/04\/24\/ifjusagi-hangverseny-volt-a-dorogi-zeneiskolaban\/#breadcrumb","itemListElement":[{"@type":"ListItem","position":1,"name":"Kezd\u0151lap","item":"https:\/\/dorogimedence.hu\/"},{"@type":"ListItem","position":2,"name":"Ifj\u00fas\u00e1gi hangverseny volt a dorogi zeneiskol\u00e1ban"}]},{"@type":"WebSite","@id":"https:\/\/dorogimedence.hu\/#website","url":"https:\/\/dorogimedence.hu\/","name":"Dorogi-medence Region\u00e1lis H\u00edrport\u00e1l","description":"Dorog, Keszt\u00f6lc, Le\u00e1nyv\u00e1r, Piliscs\u00e9v, Tokod, Tokodalt\u00e1r\u00f3, Csolnok, Esztergom-kertv\u00e1ros: h\u00edrek, programok","publisher":{"@id":"https:\/\/dorogimedence.hu\/#organization"},"potentialAction":[{"@type":"SearchAction","target":{"@type":"EntryPoint","urlTemplate":"https:\/\/dorogimedence.hu\/?s={search_term_string}"},"query-input":{"@type":"PropertyValueSpecification","valueRequired":true,"valueName":"search_term_string"}}],"inLanguage":"hu"},{"@type":"Organization","@id":"https:\/\/dorogimedence.hu\/#organization","name":"Dorogi-medence Region\u00e1lis H\u00edrport\u00e1l","url":"https:\/\/dorogimedence.hu\/","logo":{"@type":"ImageObject","inLanguage":"hu","@id":"https:\/\/dorogimedence.hu\/#\/schema\/logo\/image\/","url":"https:\/\/dorogimedence.hu\/wp-content\/uploads\/2021\/04\/logo-feher-600.png","contentUrl":"https:\/\/dorogimedence.hu\/wp-content\/uploads\/2021\/04\/logo-feher-600.png","width":600,"height":100,"caption":"Dorogi-medence Region\u00e1lis H\u00edrport\u00e1l"},"image":{"@id":"https:\/\/dorogimedence.hu\/#\/schema\/logo\/image\/"},"sameAs":["https:\/\/www.facebook.com\/dorogimedence\/"]},{"@type":"Person","@id":"https:\/\/dorogimedence.hu\/#\/schema\/person\/ce6091eeb7e95ecdc87890d6aa8e0fd4","name":"dorogimedence.hu","image":{"@type":"ImageObject","inLanguage":"hu","@id":"\/\/www.gravatar.com\/avatar\/d8d45f8901aadff40a4af72c0b826f1d?s=96&#038;r=g&#038;d=mm","url":"\/\/www.gravatar.com\/avatar\/d8d45f8901aadff40a4af72c0b826f1d?s=96&#038;r=g&#038;d=mm","contentUrl":"\/\/www.gravatar.com\/avatar\/d8d45f8901aadff40a4af72c0b826f1d?s=96&#038;r=g&#038;d=mm","caption":"dorogimedence.hu"}}]}},"_links":{"self":[{"href":"https:\/\/dorogimedence.hu\/index.php\/wp-json\/wp\/v2\/posts\/9716","targetHints":{"allow":["GET"]}}],"collection":[{"href":"https:\/\/dorogimedence.hu\/index.php\/wp-json\/wp\/v2\/posts"}],"about":[{"href":"https:\/\/dorogimedence.hu\/index.php\/wp-json\/wp\/v2\/types\/post"}],"author":[{"embeddable":true,"href":"https:\/\/dorogimedence.hu\/index.php\/wp-json\/wp\/v2\/users\/1"}],"replies":[{"embeddable":true,"href":"https:\/\/dorogimedence.hu\/index.php\/wp-json\/wp\/v2\/comments?post=9716"}],"version-history":[{"count":0,"href":"https:\/\/dorogimedence.hu\/index.php\/wp-json\/wp\/v2\/posts\/9716\/revisions"}],"wp:featuredmedia":[{"embeddable":true,"href":"https:\/\/dorogimedence.hu\/index.php\/wp-json\/wp\/v2\/media\/9717"}],"wp:attachment":[{"href":"https:\/\/dorogimedence.hu\/index.php\/wp-json\/wp\/v2\/media?parent=9716"}],"wp:term":[{"taxonomy":"category","embeddable":true,"href":"https:\/\/dorogimedence.hu\/index.php\/wp-json\/wp\/v2\/categories?post=9716"},{"taxonomy":"post_tag","embeddable":true,"href":"https:\/\/dorogimedence.hu\/index.php\/wp-json\/wp\/v2\/tags?post=9716"}],"curies":[{"name":"wp","href":"https:\/\/api.w.org\/{rel}","templated":true}]}}