{"id":9626,"date":"2018-04-20T12:56:16","date_gmt":"2018-04-20T10:56:16","guid":{"rendered":"http:\/\/dorogimedence.hu\/?p=9626"},"modified":"2018-04-20T13:55:09","modified_gmt":"2018-04-20T11:55:09","slug":"egy-esztergomi-par-tobb-milliot-csalt-ki-egy-ferfitol2","status":"publish","type":"post","link":"https:\/\/dorogimedence.hu\/index.php\/2018\/04\/20\/egy-esztergomi-par-tobb-milliot-csalt-ki-egy-ferfitol2\/","title":{"rendered":"Egy esztergomi p\u00e1r t\u00f6bb milli\u00f3t csalt ki egy f\u00e9rfit\u0151l"},"content":{"rendered":"<p><strong>Egy esztergomi p\u00e1r n\u0151i tagja, egy\u00fctt\u00e9l\u00e9si sz\u00e1nd\u00e9k elhitet\u00e9s\u00e9vel csalt ki t\u00f6bb milli\u00f3 forintot egy kazincbarcikai f\u00e9rfit\u0151l.<\/strong><\/p>\n<p>\u00d6. I. 60 \u00e9ves s\u00e9rtett kazincbarcikai lakos elv\u00e1lt, egyed\u00fcl \u00e9l\u0151, lesz\u00e1zal\u00e9kolt, rokkants\u00e1gi ell\u00e1t\u00e1sb\u00f3l \u00e9l\u0151 szem\u00e9ly, akinek pszich\u00e9s \u00e1llapot\u00e1t a szem\u00e9lyis\u00e9gzavar, instabil \u00e9rzelmek, bizonytalans\u00e1g jellemzi<strong>.<\/strong><\/p>\n<p>S. L. I. r. \u00e9s S. .V II. r. v\u00e1dlottak munkahellyel, rendszeres j\u00f6vedelemmel, megtakar\u00edt\u00e1ssal nem rendelkeztek. Az I. rend\u0171 v\u00e1dlott lak\u00f3hely\u00e9n, esztergomi lak\u00f3h\u00e1z\u00e1ban a 2016. \u00e9vben 142.837,- Ft villany\u00e1ram d\u00edjtartoz\u00e1st, 199.257,- Ft v\u00edzd\u00edj tartoz\u00e1st halmozott fel, jelent\u0151s \u00f6sszeg\u0171 tartoz\u00e1sa volt a g\u00e1zszolg\u00e1ltat\u00f3 fel\u00e9 is.<\/p>\n<p>A s\u00e9rtett 2016. \u00e9v nyar\u00e1n g\u00e9pkocsit szeretett volna v\u00e1s\u00e1rolni, melynek kapcs\u00e1n tal\u00e1lt egy Esztergomban meghirdetett aut\u00f3t, melyet az I. rend\u0171 v\u00e1dlott \u00e1rult. A s\u00e9rtett 550.000,-Ft-tal utazott Esztergomba, hogy megvegye azt, majd I. r. v\u00e1dlott lak\u00f3hely\u00e9n, megv\u00e1s\u00e1rolta 360.000,- Ft-\u00e9rt a g\u00e9pkocsit, melynek sor\u00e1n jelen volt S. V. II. rend\u0171 v\u00e1dlott is. A tal\u00e1lkoz\u00e1s alkalm\u00e1val a s\u00e9rtett besz\u00e1molt az I. \u00e9s II. rend\u0171 v\u00e1dlottaknak az \u00e9let\u00e9r\u0151l \u00e9s arr\u00f3l, hogy egyed\u00fcl\u00e1ll\u00f3.<\/p>\n<p>Ezen adatok ismeret\u00e9ben az I. \u00e9s II. rend\u0171 v\u00e1dlottak roma nyelven kommunik\u00e1lva egym\u00e1ssal megbesz\u00e9lt\u00e9k, hogy jogtalan haszonszerz\u00e9s v\u00e9gett t\u00e9ved\u00e9sbe ejtik a s\u00e9rtettet, \u00e9s a s\u00e9rtett p\u00e9nz\u00e9t megszerzik. Eltervezt\u00e9k, hogy II.rend\u0171 v\u00e1dlott sz\u00ednlelt h\u00e1zass\u00e1gi aj\u00e1nlatot tesz a s\u00e9rtettnek, felaj\u00e1nlja neki, hogy \u00e9ljenek egy\u00fctt, ugyanakkor t\u00e9nyleges, val\u00f3s sz\u00e1nd\u00e9ka erre S. V. II. rend\u0171 v\u00e1dlottnak nem volt, tekintettel arra is, hogy a 2011. \u00e9vt\u0151l \u00e9lett\u00e1rsi kapcsolatban \u00e1llt Sz. B. M-val \u00e9s h\u00e1rom k\u00f6z\u00f6s gyermeket neveltek.<\/p>\n<p>A II. rend\u0171 v\u00e1dlott k\u00f6z\u00f6lte a s\u00e9rtettel, hogy szeretne vele \u00e9lni, mert nagyon szimpatikus neki. A s\u00e9rtett a II. rend\u0171 v\u00e1dlott h\u00edzelg\u0151 fell\u00e9p\u00e9se, r\u00e9g\u00f3ta tart\u00f3 mag\u00e1nyos \u00e9lete miatt \u00e9s a sz\u00e1m\u00e1ra lefestett j\u00f3l\u00e9t rem\u00e9ny\u00e9ben elhitte a II. rend\u0171 v\u00e1dlott val\u00f3tlan \u00e1ll\u00edt\u00e1sait \u00e9s elfogadta az aj\u00e1nlatot.<\/p>\n<p>Ezt k\u00f6vet\u0151en a v\u00e1dlottak k\u00fcl\u00f6nb\u00f6z\u0151 indokokkal \u00f6sszesen 2.434.527,- Ft-ot, (1.910.000,- Ft k\u00e9szp\u00e9nz \u00e9s 524.527,- Ft ing\u00f3s\u00e1g) csaltak ki a s\u00e9rtett\u0151l amely r\u00e9szben megt\u00e9r\u00fclt, mivel a v\u00e1dlottak a b\u00fcntet\u0151elj\u00e1r\u00e1s megind\u00edt\u00e1sa ut\u00e1n \u00f6nk\u00e9nt visszafizettek a s\u00e9rtett r\u00e9sz\u00e9re 78.000,- Ft-ot.<\/p>\n<p><strong>Az \u00fcgyet 2018. \u00e1prilis 23-\u00e1n reggel 8.30-kor t\u00e1rgyalj\u00e1k!<\/strong><\/p>\n<p><em>Forr\u00e1s: Tatab\u00e1nyai T\u00f6rv\u00e9nysz\u00e9k &#8211; Esztergomi J\u00e1r\u00e1sb\u00edr\u00f3s\u00e1g<\/em><\/p>\n","protected":false},"excerpt":{"rendered":"<p>Egy esztergomi p\u00e1r n\u0151i tagja, egy\u00fctt\u00e9l\u00e9si sz\u00e1nd\u00e9k elhitet\u00e9s\u00e9vel csalt ki t\u00f6bb milli\u00f3 forintot egy kazincbarcikai f\u00e9rfit\u0151l. \u00d6. I. 60 \u00e9ves s\u00e9rtett kazincbarcikai lakos elv\u00e1lt, egyed\u00fcl \u00e9l\u0151, lesz\u00e1zal\u00e9kolt, rokkants\u00e1gi ell\u00e1t\u00e1sb\u00f3l \u00e9l\u0151 szem\u00e9ly, akinek pszich\u00e9s \u00e1llapot\u00e1t a szem\u00e9lyis\u00e9gzavar, instabil \u00e9rzelmek, bizonytalans\u00e1g jellemzi. S. L. I. r. \u00e9s S. .V II. r. v\u00e1dlottak munkahellyel, rendszeres j\u00f6vedelemmel, megtakar\u00edt\u00e1ssal nem<\/p>\n","protected":false},"author":1,"featured_media":611,"comment_status":"closed","ping_status":"closed","sticky":false,"template":"","format":"standard","meta":{"ngg_post_thumbnail":0,"footnotes":""},"categories":[38,3],"tags":[1042,63,146,42],"class_list":{"0":"post-9626","1":"post","2":"type-post","3":"status-publish","4":"format-standard","5":"has-post-thumbnail","7":"category-esztergom","8":"category-hirek","9":"tag-birosag","10":"tag-buncselekmeny","11":"tag-csalas","12":"tag-esztergom"},"yoast_head":"<!-- This site is optimized with the Yoast SEO plugin v27.4 - https:\/\/yoast.com\/product\/yoast-seo-wordpress\/ -->\n<title>Egy esztergomi p\u00e1r t\u00f6bb milli\u00f3t csalt ki egy f\u00e9rfit\u0151l<\/title>\n<meta name=\"robots\" content=\"index, follow, max-snippet:-1, max-image-preview:large, max-video-preview:-1\" \/>\n<link rel=\"canonical\" href=\"https:\/\/dorogimedence.hu\/index.php\/2018\/04\/20\/egy-esztergomi-par-tobb-milliot-csalt-ki-egy-ferfitol2\/\" class=\"yoast-seo-meta-tag\" \/>\n<meta property=\"og:locale\" content=\"hu_HU\" class=\"yoast-seo-meta-tag\" \/>\n<meta property=\"og:type\" content=\"article\" class=\"yoast-seo-meta-tag\" \/>\n<meta property=\"og:title\" content=\"Egy esztergomi p\u00e1r t\u00f6bb milli\u00f3t csalt ki egy f\u00e9rfit\u0151l\" class=\"yoast-seo-meta-tag\" \/>\n<meta property=\"og:description\" content=\"Egy esztergomi p\u00e1r n\u0151i tagja, egy\u00fctt\u00e9l\u00e9si sz\u00e1nd\u00e9k elhitet\u00e9s\u00e9vel csalt ki t\u00f6bb milli\u00f3 forintot egy kazincbarcikai f\u00e9rfit\u0151l. \u00d6. I. 60 \u00e9ves s\u00e9rtett kazincbarcikai lakos elv\u00e1lt, egyed\u00fcl \u00e9l\u0151, lesz\u00e1zal\u00e9kolt, rokkants\u00e1gi ell\u00e1t\u00e1sb\u00f3l \u00e9l\u0151 szem\u00e9ly, akinek pszich\u00e9s \u00e1llapot\u00e1t a szem\u00e9lyis\u00e9gzavar, instabil \u00e9rzelmek, bizonytalans\u00e1g jellemzi. S. L. I. r. \u00e9s S. .V II. r. v\u00e1dlottak munkahellyel, rendszeres j\u00f6vedelemmel, megtakar\u00edt\u00e1ssal nem\" class=\"yoast-seo-meta-tag\" \/>\n<meta property=\"og:url\" content=\"https:\/\/dorogimedence.hu\/index.php\/2018\/04\/20\/egy-esztergomi-par-tobb-milliot-csalt-ki-egy-ferfitol2\/\" class=\"yoast-seo-meta-tag\" \/>\n<meta property=\"og:site_name\" content=\"Dorogi-medence Region\u00e1lis H\u00edrport\u00e1l\" class=\"yoast-seo-meta-tag\" \/>\n<meta property=\"article:publisher\" content=\"https:\/\/www.facebook.com\/dorogimedence\/\" class=\"yoast-seo-meta-tag\" \/>\n<meta property=\"article:published_time\" content=\"2018-04-20T10:56:16+00:00\" class=\"yoast-seo-meta-tag\" \/>\n<meta property=\"article:modified_time\" content=\"2018-04-20T11:55:09+00:00\" class=\"yoast-seo-meta-tag\" \/>\n<meta property=\"og:image\" content=\"https:\/\/i0.wp.com\/dorogimedence.hu\/wp-content\/uploads\/2017\/02\/csalok-ingatlan.jpg?fit=1280%2C853&ssl=1\" class=\"yoast-seo-meta-tag\" \/>\n\t<meta property=\"og:image:width\" content=\"1280\" class=\"yoast-seo-meta-tag\" \/>\n\t<meta property=\"og:image:height\" content=\"853\" class=\"yoast-seo-meta-tag\" \/>\n\t<meta property=\"og:image:type\" content=\"image\/jpeg\" class=\"yoast-seo-meta-tag\" \/>\n<meta name=\"author\" content=\"dorogimedence.hu\" class=\"yoast-seo-meta-tag\" \/>\n<meta name=\"twitter:card\" content=\"summary_large_image\" class=\"yoast-seo-meta-tag\" \/>\n<meta name=\"twitter:label1\" content=\"Szerz\u0151:\" class=\"yoast-seo-meta-tag\" \/>\n\t<meta name=\"twitter:data1\" content=\"dorogimedence.hu\" class=\"yoast-seo-meta-tag\" \/>\n\t<meta name=\"twitter:label2\" content=\"Becs\u00fclt olvas\u00e1si id\u0151\" class=\"yoast-seo-meta-tag\" \/>\n\t<meta name=\"twitter:data2\" content=\"2 perc\" class=\"yoast-seo-meta-tag\" \/>\n<script type=\"application\/ld+json\" class=\"yoast-schema-graph\">{\"@context\":\"https:\\\/\\\/schema.org\",\"@graph\":[{\"@type\":\"Article\",\"@id\":\"https:\\\/\\\/dorogimedence.hu\\\/index.php\\\/2018\\\/04\\\/20\\\/egy-esztergomi-par-tobb-milliot-csalt-ki-egy-ferfitol2\\\/#article\",\"isPartOf\":{\"@id\":\"https:\\\/\\\/dorogimedence.hu\\\/index.php\\\/2018\\\/04\\\/20\\\/egy-esztergomi-par-tobb-milliot-csalt-ki-egy-ferfitol2\\\/\"},\"author\":{\"name\":\"dorogimedence.hu\",\"@id\":\"https:\\\/\\\/dorogimedence.hu\\\/#\\\/schema\\\/person\\\/ce6091eeb7e95ecdc87890d6aa8e0fd4\"},\"headline\":\"Egy esztergomi p\u00e1r t\u00f6bb milli\u00f3t csalt ki egy f\u00e9rfit\u0151l\",\"datePublished\":\"2018-04-20T10:56:16+00:00\",\"dateModified\":\"2018-04-20T11:55:09+00:00\",\"mainEntityOfPage\":{\"@id\":\"https:\\\/\\\/dorogimedence.hu\\\/index.php\\\/2018\\\/04\\\/20\\\/egy-esztergomi-par-tobb-milliot-csalt-ki-egy-ferfitol2\\\/\"},\"wordCount\":502,\"publisher\":{\"@id\":\"https:\\\/\\\/dorogimedence.hu\\\/#organization\"},\"image\":{\"@id\":\"https:\\\/\\\/dorogimedence.hu\\\/index.php\\\/2018\\\/04\\\/20\\\/egy-esztergomi-par-tobb-milliot-csalt-ki-egy-ferfitol2\\\/#primaryimage\"},\"thumbnailUrl\":\"https:\\\/\\\/dorogimedence.hu\\\/wp-content\\\/uploads\\\/2017\\\/02\\\/csalok-ingatlan.jpg\",\"keywords\":[\"b\u00edr\u00f3s\u00e1g\",\"b\u0171ncselekm\u00e9ny\",\"csal\u00e1s\",\"esztergom\"],\"articleSection\":[\"Esztergom\",\"H\u00edrek\"],\"inLanguage\":\"hu\"},{\"@type\":\"WebPage\",\"@id\":\"https:\\\/\\\/dorogimedence.hu\\\/index.php\\\/2018\\\/04\\\/20\\\/egy-esztergomi-par-tobb-milliot-csalt-ki-egy-ferfitol2\\\/\",\"url\":\"https:\\\/\\\/dorogimedence.hu\\\/index.php\\\/2018\\\/04\\\/20\\\/egy-esztergomi-par-tobb-milliot-csalt-ki-egy-ferfitol2\\\/\",\"name\":\"Egy esztergomi p\u00e1r t\u00f6bb milli\u00f3t csalt ki egy f\u00e9rfit\u0151l\",\"isPartOf\":{\"@id\":\"https:\\\/\\\/dorogimedence.hu\\\/#website\"},\"primaryImageOfPage\":{\"@id\":\"https:\\\/\\\/dorogimedence.hu\\\/index.php\\\/2018\\\/04\\\/20\\\/egy-esztergomi-par-tobb-milliot-csalt-ki-egy-ferfitol2\\\/#primaryimage\"},\"image\":{\"@id\":\"https:\\\/\\\/dorogimedence.hu\\\/index.php\\\/2018\\\/04\\\/20\\\/egy-esztergomi-par-tobb-milliot-csalt-ki-egy-ferfitol2\\\/#primaryimage\"},\"thumbnailUrl\":\"https:\\\/\\\/dorogimedence.hu\\\/wp-content\\\/uploads\\\/2017\\\/02\\\/csalok-ingatlan.jpg\",\"datePublished\":\"2018-04-20T10:56:16+00:00\",\"dateModified\":\"2018-04-20T11:55:09+00:00\",\"breadcrumb\":{\"@id\":\"https:\\\/\\\/dorogimedence.hu\\\/index.php\\\/2018\\\/04\\\/20\\\/egy-esztergomi-par-tobb-milliot-csalt-ki-egy-ferfitol2\\\/#breadcrumb\"},\"inLanguage\":\"hu\",\"potentialAction\":[{\"@type\":\"ReadAction\",\"target\":[\"https:\\\/\\\/dorogimedence.hu\\\/index.php\\\/2018\\\/04\\\/20\\\/egy-esztergomi-par-tobb-milliot-csalt-ki-egy-ferfitol2\\\/\"]}]},{\"@type\":\"ImageObject\",\"inLanguage\":\"hu\",\"@id\":\"https:\\\/\\\/dorogimedence.hu\\\/index.php\\\/2018\\\/04\\\/20\\\/egy-esztergomi-par-tobb-milliot-csalt-ki-egy-ferfitol2\\\/#primaryimage\",\"url\":\"https:\\\/\\\/dorogimedence.hu\\\/wp-content\\\/uploads\\\/2017\\\/02\\\/csalok-ingatlan.jpg\",\"contentUrl\":\"https:\\\/\\\/dorogimedence.hu\\\/wp-content\\\/uploads\\\/2017\\\/02\\\/csalok-ingatlan.jpg\",\"width\":1280,\"height\":853},{\"@type\":\"BreadcrumbList\",\"@id\":\"https:\\\/\\\/dorogimedence.hu\\\/index.php\\\/2018\\\/04\\\/20\\\/egy-esztergomi-par-tobb-milliot-csalt-ki-egy-ferfitol2\\\/#breadcrumb\",\"itemListElement\":[{\"@type\":\"ListItem\",\"position\":1,\"name\":\"Kezd\u0151lap\",\"item\":\"https:\\\/\\\/dorogimedence.hu\\\/\"},{\"@type\":\"ListItem\",\"position\":2,\"name\":\"Egy esztergomi p\u00e1r t\u00f6bb milli\u00f3t csalt ki egy f\u00e9rfit\u0151l\"}]},{\"@type\":\"WebSite\",\"@id\":\"https:\\\/\\\/dorogimedence.hu\\\/#website\",\"url\":\"https:\\\/\\\/dorogimedence.hu\\\/\",\"name\":\"Dorogi-medence Region\u00e1lis H\u00edrport\u00e1l\",\"description\":\"Dorog, Keszt\u00f6lc, Le\u00e1nyv\u00e1r, Piliscs\u00e9v, Tokod, Tokodalt\u00e1r\u00f3, Csolnok, Esztergom-kertv\u00e1ros: h\u00edrek, programok\",\"publisher\":{\"@id\":\"https:\\\/\\\/dorogimedence.hu\\\/#organization\"},\"potentialAction\":[{\"@type\":\"SearchAction\",\"target\":{\"@type\":\"EntryPoint\",\"urlTemplate\":\"https:\\\/\\\/dorogimedence.hu\\\/?s={search_term_string}\"},\"query-input\":{\"@type\":\"PropertyValueSpecification\",\"valueRequired\":true,\"valueName\":\"search_term_string\"}}],\"inLanguage\":\"hu\"},{\"@type\":\"Organization\",\"@id\":\"https:\\\/\\\/dorogimedence.hu\\\/#organization\",\"name\":\"Dorogi-medence Region\u00e1lis H\u00edrport\u00e1l\",\"url\":\"https:\\\/\\\/dorogimedence.hu\\\/\",\"logo\":{\"@type\":\"ImageObject\",\"inLanguage\":\"hu\",\"@id\":\"https:\\\/\\\/dorogimedence.hu\\\/#\\\/schema\\\/logo\\\/image\\\/\",\"url\":\"https:\\\/\\\/dorogimedence.hu\\\/wp-content\\\/uploads\\\/2021\\\/04\\\/logo-feher-600.png\",\"contentUrl\":\"https:\\\/\\\/dorogimedence.hu\\\/wp-content\\\/uploads\\\/2021\\\/04\\\/logo-feher-600.png\",\"width\":600,\"height\":100,\"caption\":\"Dorogi-medence Region\u00e1lis H\u00edrport\u00e1l\"},\"image\":{\"@id\":\"https:\\\/\\\/dorogimedence.hu\\\/#\\\/schema\\\/logo\\\/image\\\/\"},\"sameAs\":[\"https:\\\/\\\/www.facebook.com\\\/dorogimedence\\\/\"]},{\"@type\":\"Person\",\"@id\":\"https:\\\/\\\/dorogimedence.hu\\\/#\\\/schema\\\/person\\\/ce6091eeb7e95ecdc87890d6aa8e0fd4\",\"name\":\"dorogimedence.hu\",\"image\":{\"@type\":\"ImageObject\",\"inLanguage\":\"hu\",\"@id\":\"\\\/\\\/www.gravatar.com\\\/avatar\\\/d8d45f8901aadff40a4af72c0b826f1d?s=96&#038;r=g&#038;d=mm\",\"url\":\"\\\/\\\/www.gravatar.com\\\/avatar\\\/d8d45f8901aadff40a4af72c0b826f1d?s=96&#038;r=g&#038;d=mm\",\"contentUrl\":\"\\\/\\\/www.gravatar.com\\\/avatar\\\/d8d45f8901aadff40a4af72c0b826f1d?s=96&#038;r=g&#038;d=mm\",\"caption\":\"dorogimedence.hu\"}}]}<\/script>\n<!-- \/ Yoast SEO plugin. -->","yoast_head_json":{"title":"Egy esztergomi p\u00e1r t\u00f6bb milli\u00f3t csalt ki egy f\u00e9rfit\u0151l","robots":{"index":"index","follow":"follow","max-snippet":"max-snippet:-1","max-image-preview":"max-image-preview:large","max-video-preview":"max-video-preview:-1"},"canonical":"https:\/\/dorogimedence.hu\/index.php\/2018\/04\/20\/egy-esztergomi-par-tobb-milliot-csalt-ki-egy-ferfitol2\/","og_locale":"hu_HU","og_type":"article","og_title":"Egy esztergomi p\u00e1r t\u00f6bb milli\u00f3t csalt ki egy f\u00e9rfit\u0151l","og_description":"Egy esztergomi p\u00e1r n\u0151i tagja, egy\u00fctt\u00e9l\u00e9si sz\u00e1nd\u00e9k elhitet\u00e9s\u00e9vel csalt ki t\u00f6bb milli\u00f3 forintot egy kazincbarcikai f\u00e9rfit\u0151l. \u00d6. I. 60 \u00e9ves s\u00e9rtett kazincbarcikai lakos elv\u00e1lt, egyed\u00fcl \u00e9l\u0151, lesz\u00e1zal\u00e9kolt, rokkants\u00e1gi ell\u00e1t\u00e1sb\u00f3l \u00e9l\u0151 szem\u00e9ly, akinek pszich\u00e9s \u00e1llapot\u00e1t a szem\u00e9lyis\u00e9gzavar, instabil \u00e9rzelmek, bizonytalans\u00e1g jellemzi. S. L. I. r. \u00e9s S. .V II. r. v\u00e1dlottak munkahellyel, rendszeres j\u00f6vedelemmel, megtakar\u00edt\u00e1ssal nem","og_url":"https:\/\/dorogimedence.hu\/index.php\/2018\/04\/20\/egy-esztergomi-par-tobb-milliot-csalt-ki-egy-ferfitol2\/","og_site_name":"Dorogi-medence Region\u00e1lis H\u00edrport\u00e1l","article_publisher":"https:\/\/www.facebook.com\/dorogimedence\/","article_published_time":"2018-04-20T10:56:16+00:00","article_modified_time":"2018-04-20T11:55:09+00:00","og_image":[{"width":1280,"height":853,"url":"https:\/\/i0.wp.com\/dorogimedence.hu\/wp-content\/uploads\/2017\/02\/csalok-ingatlan.jpg?fit=1280%2C853&ssl=1","type":"image\/jpeg"}],"author":"dorogimedence.hu","twitter_card":"summary_large_image","twitter_misc":{"Szerz\u0151:":"dorogimedence.hu","Becs\u00fclt olvas\u00e1si id\u0151":"2 perc"},"schema":{"@context":"https:\/\/schema.org","@graph":[{"@type":"Article","@id":"https:\/\/dorogimedence.hu\/index.php\/2018\/04\/20\/egy-esztergomi-par-tobb-milliot-csalt-ki-egy-ferfitol2\/#article","isPartOf":{"@id":"https:\/\/dorogimedence.hu\/index.php\/2018\/04\/20\/egy-esztergomi-par-tobb-milliot-csalt-ki-egy-ferfitol2\/"},"author":{"name":"dorogimedence.hu","@id":"https:\/\/dorogimedence.hu\/#\/schema\/person\/ce6091eeb7e95ecdc87890d6aa8e0fd4"},"headline":"Egy esztergomi p\u00e1r t\u00f6bb milli\u00f3t csalt ki egy f\u00e9rfit\u0151l","datePublished":"2018-04-20T10:56:16+00:00","dateModified":"2018-04-20T11:55:09+00:00","mainEntityOfPage":{"@id":"https:\/\/dorogimedence.hu\/index.php\/2018\/04\/20\/egy-esztergomi-par-tobb-milliot-csalt-ki-egy-ferfitol2\/"},"wordCount":502,"publisher":{"@id":"https:\/\/dorogimedence.hu\/#organization"},"image":{"@id":"https:\/\/dorogimedence.hu\/index.php\/2018\/04\/20\/egy-esztergomi-par-tobb-milliot-csalt-ki-egy-ferfitol2\/#primaryimage"},"thumbnailUrl":"https:\/\/dorogimedence.hu\/wp-content\/uploads\/2017\/02\/csalok-ingatlan.jpg","keywords":["b\u00edr\u00f3s\u00e1g","b\u0171ncselekm\u00e9ny","csal\u00e1s","esztergom"],"articleSection":["Esztergom","H\u00edrek"],"inLanguage":"hu"},{"@type":"WebPage","@id":"https:\/\/dorogimedence.hu\/index.php\/2018\/04\/20\/egy-esztergomi-par-tobb-milliot-csalt-ki-egy-ferfitol2\/","url":"https:\/\/dorogimedence.hu\/index.php\/2018\/04\/20\/egy-esztergomi-par-tobb-milliot-csalt-ki-egy-ferfitol2\/","name":"Egy esztergomi p\u00e1r t\u00f6bb milli\u00f3t csalt ki egy f\u00e9rfit\u0151l","isPartOf":{"@id":"https:\/\/dorogimedence.hu\/#website"},"primaryImageOfPage":{"@id":"https:\/\/dorogimedence.hu\/index.php\/2018\/04\/20\/egy-esztergomi-par-tobb-milliot-csalt-ki-egy-ferfitol2\/#primaryimage"},"image":{"@id":"https:\/\/dorogimedence.hu\/index.php\/2018\/04\/20\/egy-esztergomi-par-tobb-milliot-csalt-ki-egy-ferfitol2\/#primaryimage"},"thumbnailUrl":"https:\/\/dorogimedence.hu\/wp-content\/uploads\/2017\/02\/csalok-ingatlan.jpg","datePublished":"2018-04-20T10:56:16+00:00","dateModified":"2018-04-20T11:55:09+00:00","breadcrumb":{"@id":"https:\/\/dorogimedence.hu\/index.php\/2018\/04\/20\/egy-esztergomi-par-tobb-milliot-csalt-ki-egy-ferfitol2\/#breadcrumb"},"inLanguage":"hu","potentialAction":[{"@type":"ReadAction","target":["https:\/\/dorogimedence.hu\/index.php\/2018\/04\/20\/egy-esztergomi-par-tobb-milliot-csalt-ki-egy-ferfitol2\/"]}]},{"@type":"ImageObject","inLanguage":"hu","@id":"https:\/\/dorogimedence.hu\/index.php\/2018\/04\/20\/egy-esztergomi-par-tobb-milliot-csalt-ki-egy-ferfitol2\/#primaryimage","url":"https:\/\/dorogimedence.hu\/wp-content\/uploads\/2017\/02\/csalok-ingatlan.jpg","contentUrl":"https:\/\/dorogimedence.hu\/wp-content\/uploads\/2017\/02\/csalok-ingatlan.jpg","width":1280,"height":853},{"@type":"BreadcrumbList","@id":"https:\/\/dorogimedence.hu\/index.php\/2018\/04\/20\/egy-esztergomi-par-tobb-milliot-csalt-ki-egy-ferfitol2\/#breadcrumb","itemListElement":[{"@type":"ListItem","position":1,"name":"Kezd\u0151lap","item":"https:\/\/dorogimedence.hu\/"},{"@type":"ListItem","position":2,"name":"Egy esztergomi p\u00e1r t\u00f6bb milli\u00f3t csalt ki egy f\u00e9rfit\u0151l"}]},{"@type":"WebSite","@id":"https:\/\/dorogimedence.hu\/#website","url":"https:\/\/dorogimedence.hu\/","name":"Dorogi-medence Region\u00e1lis H\u00edrport\u00e1l","description":"Dorog, Keszt\u00f6lc, Le\u00e1nyv\u00e1r, Piliscs\u00e9v, Tokod, Tokodalt\u00e1r\u00f3, Csolnok, Esztergom-kertv\u00e1ros: h\u00edrek, programok","publisher":{"@id":"https:\/\/dorogimedence.hu\/#organization"},"potentialAction":[{"@type":"SearchAction","target":{"@type":"EntryPoint","urlTemplate":"https:\/\/dorogimedence.hu\/?s={search_term_string}"},"query-input":{"@type":"PropertyValueSpecification","valueRequired":true,"valueName":"search_term_string"}}],"inLanguage":"hu"},{"@type":"Organization","@id":"https:\/\/dorogimedence.hu\/#organization","name":"Dorogi-medence Region\u00e1lis H\u00edrport\u00e1l","url":"https:\/\/dorogimedence.hu\/","logo":{"@type":"ImageObject","inLanguage":"hu","@id":"https:\/\/dorogimedence.hu\/#\/schema\/logo\/image\/","url":"https:\/\/dorogimedence.hu\/wp-content\/uploads\/2021\/04\/logo-feher-600.png","contentUrl":"https:\/\/dorogimedence.hu\/wp-content\/uploads\/2021\/04\/logo-feher-600.png","width":600,"height":100,"caption":"Dorogi-medence Region\u00e1lis H\u00edrport\u00e1l"},"image":{"@id":"https:\/\/dorogimedence.hu\/#\/schema\/logo\/image\/"},"sameAs":["https:\/\/www.facebook.com\/dorogimedence\/"]},{"@type":"Person","@id":"https:\/\/dorogimedence.hu\/#\/schema\/person\/ce6091eeb7e95ecdc87890d6aa8e0fd4","name":"dorogimedence.hu","image":{"@type":"ImageObject","inLanguage":"hu","@id":"\/\/www.gravatar.com\/avatar\/d8d45f8901aadff40a4af72c0b826f1d?s=96&#038;r=g&#038;d=mm","url":"\/\/www.gravatar.com\/avatar\/d8d45f8901aadff40a4af72c0b826f1d?s=96&#038;r=g&#038;d=mm","contentUrl":"\/\/www.gravatar.com\/avatar\/d8d45f8901aadff40a4af72c0b826f1d?s=96&#038;r=g&#038;d=mm","caption":"dorogimedence.hu"}}]}},"_links":{"self":[{"href":"https:\/\/dorogimedence.hu\/index.php\/wp-json\/wp\/v2\/posts\/9626","targetHints":{"allow":["GET"]}}],"collection":[{"href":"https:\/\/dorogimedence.hu\/index.php\/wp-json\/wp\/v2\/posts"}],"about":[{"href":"https:\/\/dorogimedence.hu\/index.php\/wp-json\/wp\/v2\/types\/post"}],"author":[{"embeddable":true,"href":"https:\/\/dorogimedence.hu\/index.php\/wp-json\/wp\/v2\/users\/1"}],"replies":[{"embeddable":true,"href":"https:\/\/dorogimedence.hu\/index.php\/wp-json\/wp\/v2\/comments?post=9626"}],"version-history":[{"count":0,"href":"https:\/\/dorogimedence.hu\/index.php\/wp-json\/wp\/v2\/posts\/9626\/revisions"}],"wp:featuredmedia":[{"embeddable":true,"href":"https:\/\/dorogimedence.hu\/index.php\/wp-json\/wp\/v2\/media\/611"}],"wp:attachment":[{"href":"https:\/\/dorogimedence.hu\/index.php\/wp-json\/wp\/v2\/media?parent=9626"}],"wp:term":[{"taxonomy":"category","embeddable":true,"href":"https:\/\/dorogimedence.hu\/index.php\/wp-json\/wp\/v2\/categories?post=9626"},{"taxonomy":"post_tag","embeddable":true,"href":"https:\/\/dorogimedence.hu\/index.php\/wp-json\/wp\/v2\/tags?post=9626"}],"curies":[{"name":"wp","href":"https:\/\/api.w.org\/{rel}","templated":true}]}}