{"id":9470,"date":"2018-04-13T15:33:06","date_gmt":"2018-04-13T13:33:06","guid":{"rendered":"http:\/\/dorogimedence.hu\/?p=9470"},"modified":"2018-04-13T15:33:06","modified_gmt":"2018-04-13T13:33:06","slug":"viragszonyeg-boritja-a-pilisi-parkerdot","status":"publish","type":"post","link":"https:\/\/dorogimedence.hu\/index.php\/2018\/04\/13\/viragszonyeg-boritja-a-pilisi-parkerdot\/","title":{"rendered":"Vir\u00e1gsz\u0151nyeg bor\u00edtja a Pilisi Parkerd\u0151t"},"content":{"rendered":"<p><strong>A hossz\u00fa t\u00e9l ut\u00e1n hirtelen berobbant tavaszi id\u0151ben vir\u00e1gsz\u0151nyeg bor\u00edtja a Pilisi Parkerd\u0151t. Az \u00fagynevezett \u201etavaszi aszpektus\u201d n\u00f6v\u00e9nyeinek \u00e9letstrat\u00e9gi\u00e1ja a lombfakad\u00e1s el\u0151tti gyors vir\u00e1gz\u00e1s, \u00edgy csak r\u00f6vid ideig gy\u00f6ny\u00f6rk\u00f6dhet\u00fcnk sz\u00e9ps\u00e9g\u00fckben.<\/strong><\/p>\n<p>De milyen vir\u00e1gokkal is tal\u00e1lkozhatunk, ha kir\u00e1ndulni indulunk a tavaszi erd\u0151ben? A tavasszal vir\u00e1gz\u00f3 n\u00f6v\u00e9nyekkel kapcsolatos ismeretekb\u0151l gy\u0171jt\u00f6ttek \u00f6ssze egy csokorra val\u00f3t a pilisi erd\u00e9szek. \u00c9s hogy felh\u00edvj\u00e1k a figyelmet arra, hogy ne gy\u0171jts\u00fck a v\u00e9dett ter\u00fcleten \u00e9l\u0151 n\u00f6v\u00e9nyeket, gy\u00f6ny\u00f6r\u0171 fot\u00f3kat is k\u00e9sz\u00edtettek, amik a <a href=\"http:\/\/parkerdo.hu\/\" target=\"_blank\" rel=\"noopener\"><span style=\"text-decoration: underline; color: #0000ff;\">parkerdo.hu<\/span><\/a> oldalon \u00e9s a <a href=\"https:\/\/www.facebook.com\/pilisiparkerdo\/\" target=\"_blank\" rel=\"noopener\"><span style=\"text-decoration: underline;\"><span style=\"color: #0000ff; text-decoration: underline;\">Pilisi Parkerd\u0151 Facebook-oldal\u00e1n<\/span><\/span><\/a> is megtekinthet\u0151ek. Ir\u00e1ny teh\u00e1t az erd\u0151, de ne feledj\u00fck, hogy a vir\u00e1gok az eredeti \u00e9l\u0151hely\u00fck\u00f6n a legszebbek!<\/p>\n<p>A n\u00f6v\u00e9nyek egy csoportja a lombfakad\u00e1s el\u0151tt vir\u00e1gzik, amikor m\u00e9g sok f\u00e9ny jut a talajra. Mire a f\u00e1k \u00e9s bokrok levelei kihajtanak, ezek a n\u00e9h\u00e1ny h\u00e9tig l\u00e1that\u00f3 vir\u00e1gok elt\u0171nnek, \u00e9s m\u00e1r csak az \u00e9rt\u0151 szem veheti \u00e9szre z\u00f6ld level\u00fcket az aljn\u00f6v\u00e9nyzetben. A f\u00f6ld alatt azonban ekkorra m\u00e1r ott nyugszanak a j\u00f6v\u0151 magjai, \u00e9s azok a gum\u00f3k, amelyek tartal\u00e9kaib\u00f3l a k\u00f6vetkez\u0151 kora tavaszi vir\u00e1gz\u00e1shoz elegend\u0151 t\u00e1panyaghoz jut a n\u00f6v\u00e9ny.<\/p>\n<p><img fetchpriority=\"high\" decoding=\"async\" class=\"alignnone size-full wp-image-9472\" src=\"https:\/\/dorogimedence.hu\/wp-content\/uploads\/2018\/04\/pilis-virag-02.jpg\" alt=\"\" width=\"670\" height=\"365\" srcset=\"https:\/\/dorogimedence.hu\/wp-content\/uploads\/2018\/04\/pilis-virag-02.jpg 670w, https:\/\/dorogimedence.hu\/wp-content\/uploads\/2018\/04\/pilis-virag-02-300x163.jpg 300w\" sizes=\"(max-width: 670px) 100vw, 670px\" \/><\/p>\n<p>Sokan indulnak ilyenkor csak az\u00e9rt kir\u00e1ndulni, hogy gy\u00f6ny\u00f6rk\u00f6dhessenek az erd\u0151k alj\u00e1t bor\u00edt\u00f3 vir\u00e1gsz\u0151nyegben, vagy besz\u00edvj\u00e1k az id\u0151nk\u00e9nt ak\u00e1r eg\u00e9sz hegyoldalakat ural\u00f3 vir\u00e1gillatot. <strong>\u00c9rdemes is \u00fatra kelni, de ne feledj\u00fck, hogy a v\u00e9dett ter\u00fcleteken egyetlen n\u00f6v\u00e9nyt sem szabad gy\u0171jten\u00fcnk!<\/strong> K\u00fcl\u00f6n\u00f6sen igaz ez az \u00f6nmagukban is v\u00e9dett fajokra. <strong>A tavaszi vir\u00e1gokat egy\u00e9bk\u00e9nt sem \u00e9rdemes let\u00e9pni, mert nagyon r\u00f6vid id\u0151 alatt, legt\u00f6bbsz\u00f6r m\u00e1r az erd\u0151sz\u00e9lre \u00e9rve elhervadnak!<\/strong> Ann\u00e1l pedig nincs is szomor\u00fabb l\u00e1tv\u00e1ny, mint amikor hervadt vir\u00e1gok eldobott csokrai szeg\u00e9lyezik az erd\u0151sz\u00e9li s\u00e9tautak \u00e9s az erdei parkol\u00f3k k\u00f6rny\u00e9k\u00e9t.<\/p>\n<p><strong>Milyen fajokkal is tal\u00e1lkozhatunk, \u00e9s mit \u00e9rdemes tudni r\u00f3luk? A Pilisi Parkerd\u0151 \u00f6sszegy\u0171jt\u00f6tte a honlapj\u00e1n, amit <a href=\"http:\/\/parkerdo.hu\/parkerdo\/mi-virit-itt-tavaszi-viragzas-pilisi-parkerdoben\/\" target=\"_blank\" rel=\"noopener\"><span style=\"text-decoration: underline; color: #0000ff;\">itt tekinthet\u00fcnk meg<\/span><\/a>!<\/strong><\/p>\n<p><img decoding=\"async\" class=\"alignnone size-full wp-image-9473\" src=\"https:\/\/dorogimedence.hu\/wp-content\/uploads\/2018\/04\/pilis-virag-03.jpg\" alt=\"\" width=\"670\" height=\"365\" srcset=\"https:\/\/dorogimedence.hu\/wp-content\/uploads\/2018\/04\/pilis-virag-03.jpg 670w, https:\/\/dorogimedence.hu\/wp-content\/uploads\/2018\/04\/pilis-virag-03-300x163.jpg 300w\" sizes=\"(max-width: 670px) 100vw, 670px\" \/><\/p>\n<p><em>Fot\u00f3k, forr\u00e1s: Pilisi Parkerd\u0151 Zrt.<\/em><\/p>\n","protected":false},"excerpt":{"rendered":"<p>A hossz\u00fa t\u00e9l ut\u00e1n hirtelen berobbant tavaszi id\u0151ben vir\u00e1gsz\u0151nyeg bor\u00edtja a Pilisi Parkerd\u0151t. Az \u00fagynevezett \u201etavaszi aszpektus\u201d n\u00f6v\u00e9nyeinek \u00e9letstrat\u00e9gi\u00e1ja a lombfakad\u00e1s el\u0151tti gyors vir\u00e1gz\u00e1s, \u00edgy csak r\u00f6vid ideig gy\u00f6ny\u00f6rk\u00f6dhet\u00fcnk sz\u00e9ps\u00e9g\u00fckben. De milyen vir\u00e1gokkal is tal\u00e1lkozhatunk, ha kir\u00e1ndulni indulunk a tavaszi erd\u0151ben? A tavasszal vir\u00e1gz\u00f3 n\u00f6v\u00e9nyekkel kapcsolatos ismeretekb\u0151l gy\u0171jt\u00f6ttek \u00f6ssze egy csokorra val\u00f3t a pilisi erd\u00e9szek.<\/p>\n","protected":false},"author":1,"featured_media":9471,"comment_status":"closed","ping_status":"closed","sticky":false,"template":"","format":"standard","meta":{"ngg_post_thumbnail":0,"footnotes":""},"categories":[3],"tags":[151,122,2282,2442,2443],"class_list":{"0":"post-9470","1":"post","2":"type-post","3":"status-publish","4":"format-standard","5":"has-post-thumbnail","7":"category-hirek","8":"tag-pilis","9":"tag-pilisi-parkerdo","10":"tag-tavasz","11":"tag-viragok","12":"tag-viragzas"},"yoast_head":"<!-- This site is optimized with the Yoast SEO plugin v27.4 - https:\/\/yoast.com\/product\/yoast-seo-wordpress\/ -->\n<title>Vir\u00e1gsz\u0151nyeg bor\u00edtja a Pilisi Parkerd\u0151t<\/title>\n<meta name=\"robots\" content=\"index, follow, max-snippet:-1, max-image-preview:large, max-video-preview:-1\" \/>\n<link rel=\"canonical\" href=\"https:\/\/dorogimedence.hu\/index.php\/2018\/04\/13\/viragszonyeg-boritja-a-pilisi-parkerdot\/\" class=\"yoast-seo-meta-tag\" \/>\n<meta property=\"og:locale\" content=\"hu_HU\" class=\"yoast-seo-meta-tag\" \/>\n<meta property=\"og:type\" content=\"article\" class=\"yoast-seo-meta-tag\" \/>\n<meta property=\"og:title\" content=\"Vir\u00e1gsz\u0151nyeg bor\u00edtja a Pilisi Parkerd\u0151t\" class=\"yoast-seo-meta-tag\" \/>\n<meta property=\"og:description\" content=\"A hossz\u00fa t\u00e9l ut\u00e1n hirtelen berobbant tavaszi id\u0151ben vir\u00e1gsz\u0151nyeg bor\u00edtja a Pilisi Parkerd\u0151t. Az \u00fagynevezett \u201etavaszi aszpektus\u201d n\u00f6v\u00e9nyeinek \u00e9letstrat\u00e9gi\u00e1ja a lombfakad\u00e1s el\u0151tti gyors vir\u00e1gz\u00e1s, \u00edgy csak r\u00f6vid ideig gy\u00f6ny\u00f6rk\u00f6dhet\u00fcnk sz\u00e9ps\u00e9g\u00fckben. De milyen vir\u00e1gokkal is tal\u00e1lkozhatunk, ha kir\u00e1ndulni indulunk a tavaszi erd\u0151ben? A tavasszal vir\u00e1gz\u00f3 n\u00f6v\u00e9nyekkel kapcsolatos ismeretekb\u0151l gy\u0171jt\u00f6ttek \u00f6ssze egy csokorra val\u00f3t a pilisi erd\u00e9szek.\" class=\"yoast-seo-meta-tag\" \/>\n<meta property=\"og:url\" content=\"https:\/\/dorogimedence.hu\/index.php\/2018\/04\/13\/viragszonyeg-boritja-a-pilisi-parkerdot\/\" class=\"yoast-seo-meta-tag\" \/>\n<meta property=\"og:site_name\" content=\"Dorogi-medence Region\u00e1lis H\u00edrport\u00e1l\" class=\"yoast-seo-meta-tag\" \/>\n<meta property=\"article:publisher\" content=\"https:\/\/www.facebook.com\/dorogimedence\/\" class=\"yoast-seo-meta-tag\" \/>\n<meta property=\"article:published_time\" content=\"2018-04-13T13:33:06+00:00\" class=\"yoast-seo-meta-tag\" \/>\n<meta property=\"og:image\" content=\"https:\/\/i0.wp.com\/dorogimedence.hu\/wp-content\/uploads\/2018\/04\/pilis-virag-01.jpg?fit=670%2C365&ssl=1\" class=\"yoast-seo-meta-tag\" \/>\n\t<meta property=\"og:image:width\" content=\"670\" class=\"yoast-seo-meta-tag\" \/>\n\t<meta property=\"og:image:height\" content=\"365\" class=\"yoast-seo-meta-tag\" \/>\n\t<meta property=\"og:image:type\" content=\"image\/jpeg\" class=\"yoast-seo-meta-tag\" \/>\n<meta name=\"author\" content=\"dorogimedence.hu\" class=\"yoast-seo-meta-tag\" \/>\n<meta name=\"twitter:card\" content=\"summary_large_image\" class=\"yoast-seo-meta-tag\" \/>\n<meta name=\"twitter:label1\" content=\"Szerz\u0151:\" class=\"yoast-seo-meta-tag\" \/>\n\t<meta name=\"twitter:data1\" content=\"dorogimedence.hu\" class=\"yoast-seo-meta-tag\" \/>\n\t<meta name=\"twitter:label2\" content=\"Becs\u00fclt olvas\u00e1si id\u0151\" class=\"yoast-seo-meta-tag\" \/>\n\t<meta name=\"twitter:data2\" content=\"2 perc\" class=\"yoast-seo-meta-tag\" \/>\n<script type=\"application\/ld+json\" class=\"yoast-schema-graph\">{\"@context\":\"https:\\\/\\\/schema.org\",\"@graph\":[{\"@type\":\"Article\",\"@id\":\"https:\\\/\\\/dorogimedence.hu\\\/index.php\\\/2018\\\/04\\\/13\\\/viragszonyeg-boritja-a-pilisi-parkerdot\\\/#article\",\"isPartOf\":{\"@id\":\"https:\\\/\\\/dorogimedence.hu\\\/index.php\\\/2018\\\/04\\\/13\\\/viragszonyeg-boritja-a-pilisi-parkerdot\\\/\"},\"author\":{\"name\":\"dorogimedence.hu\",\"@id\":\"https:\\\/\\\/dorogimedence.hu\\\/#\\\/schema\\\/person\\\/ce6091eeb7e95ecdc87890d6aa8e0fd4\"},\"headline\":\"Vir\u00e1gsz\u0151nyeg bor\u00edtja a Pilisi Parkerd\u0151t\",\"datePublished\":\"2018-04-13T13:33:06+00:00\",\"mainEntityOfPage\":{\"@id\":\"https:\\\/\\\/dorogimedence.hu\\\/index.php\\\/2018\\\/04\\\/13\\\/viragszonyeg-boritja-a-pilisi-parkerdot\\\/\"},\"wordCount\":433,\"publisher\":{\"@id\":\"https:\\\/\\\/dorogimedence.hu\\\/#organization\"},\"image\":{\"@id\":\"https:\\\/\\\/dorogimedence.hu\\\/index.php\\\/2018\\\/04\\\/13\\\/viragszonyeg-boritja-a-pilisi-parkerdot\\\/#primaryimage\"},\"thumbnailUrl\":\"https:\\\/\\\/dorogimedence.hu\\\/wp-content\\\/uploads\\\/2018\\\/04\\\/pilis-virag-01.jpg\",\"keywords\":[\"Pilis\",\"Pilisi Parkerd\u0151\",\"tavasz\",\"vir\u00e1gok\",\"vir\u00e1gz\u00e1s\"],\"articleSection\":[\"H\u00edrek\"],\"inLanguage\":\"hu\"},{\"@type\":\"WebPage\",\"@id\":\"https:\\\/\\\/dorogimedence.hu\\\/index.php\\\/2018\\\/04\\\/13\\\/viragszonyeg-boritja-a-pilisi-parkerdot\\\/\",\"url\":\"https:\\\/\\\/dorogimedence.hu\\\/index.php\\\/2018\\\/04\\\/13\\\/viragszonyeg-boritja-a-pilisi-parkerdot\\\/\",\"name\":\"Vir\u00e1gsz\u0151nyeg bor\u00edtja a Pilisi Parkerd\u0151t\",\"isPartOf\":{\"@id\":\"https:\\\/\\\/dorogimedence.hu\\\/#website\"},\"primaryImageOfPage\":{\"@id\":\"https:\\\/\\\/dorogimedence.hu\\\/index.php\\\/2018\\\/04\\\/13\\\/viragszonyeg-boritja-a-pilisi-parkerdot\\\/#primaryimage\"},\"image\":{\"@id\":\"https:\\\/\\\/dorogimedence.hu\\\/index.php\\\/2018\\\/04\\\/13\\\/viragszonyeg-boritja-a-pilisi-parkerdot\\\/#primaryimage\"},\"thumbnailUrl\":\"https:\\\/\\\/dorogimedence.hu\\\/wp-content\\\/uploads\\\/2018\\\/04\\\/pilis-virag-01.jpg\",\"datePublished\":\"2018-04-13T13:33:06+00:00\",\"breadcrumb\":{\"@id\":\"https:\\\/\\\/dorogimedence.hu\\\/index.php\\\/2018\\\/04\\\/13\\\/viragszonyeg-boritja-a-pilisi-parkerdot\\\/#breadcrumb\"},\"inLanguage\":\"hu\",\"potentialAction\":[{\"@type\":\"ReadAction\",\"target\":[\"https:\\\/\\\/dorogimedence.hu\\\/index.php\\\/2018\\\/04\\\/13\\\/viragszonyeg-boritja-a-pilisi-parkerdot\\\/\"]}]},{\"@type\":\"ImageObject\",\"inLanguage\":\"hu\",\"@id\":\"https:\\\/\\\/dorogimedence.hu\\\/index.php\\\/2018\\\/04\\\/13\\\/viragszonyeg-boritja-a-pilisi-parkerdot\\\/#primaryimage\",\"url\":\"https:\\\/\\\/dorogimedence.hu\\\/wp-content\\\/uploads\\\/2018\\\/04\\\/pilis-virag-01.jpg\",\"contentUrl\":\"https:\\\/\\\/dorogimedence.hu\\\/wp-content\\\/uploads\\\/2018\\\/04\\\/pilis-virag-01.jpg\",\"width\":670,\"height\":365},{\"@type\":\"BreadcrumbList\",\"@id\":\"https:\\\/\\\/dorogimedence.hu\\\/index.php\\\/2018\\\/04\\\/13\\\/viragszonyeg-boritja-a-pilisi-parkerdot\\\/#breadcrumb\",\"itemListElement\":[{\"@type\":\"ListItem\",\"position\":1,\"name\":\"Kezd\u0151lap\",\"item\":\"https:\\\/\\\/dorogimedence.hu\\\/\"},{\"@type\":\"ListItem\",\"position\":2,\"name\":\"Vir\u00e1gsz\u0151nyeg bor\u00edtja a Pilisi Parkerd\u0151t\"}]},{\"@type\":\"WebSite\",\"@id\":\"https:\\\/\\\/dorogimedence.hu\\\/#website\",\"url\":\"https:\\\/\\\/dorogimedence.hu\\\/\",\"name\":\"Dorogi-medence Region\u00e1lis H\u00edrport\u00e1l\",\"description\":\"Dorog, Keszt\u00f6lc, Le\u00e1nyv\u00e1r, Piliscs\u00e9v, Tokod, Tokodalt\u00e1r\u00f3, Csolnok, Esztergom-kertv\u00e1ros: h\u00edrek, programok\",\"publisher\":{\"@id\":\"https:\\\/\\\/dorogimedence.hu\\\/#organization\"},\"potentialAction\":[{\"@type\":\"SearchAction\",\"target\":{\"@type\":\"EntryPoint\",\"urlTemplate\":\"https:\\\/\\\/dorogimedence.hu\\\/?s={search_term_string}\"},\"query-input\":{\"@type\":\"PropertyValueSpecification\",\"valueRequired\":true,\"valueName\":\"search_term_string\"}}],\"inLanguage\":\"hu\"},{\"@type\":\"Organization\",\"@id\":\"https:\\\/\\\/dorogimedence.hu\\\/#organization\",\"name\":\"Dorogi-medence Region\u00e1lis H\u00edrport\u00e1l\",\"url\":\"https:\\\/\\\/dorogimedence.hu\\\/\",\"logo\":{\"@type\":\"ImageObject\",\"inLanguage\":\"hu\",\"@id\":\"https:\\\/\\\/dorogimedence.hu\\\/#\\\/schema\\\/logo\\\/image\\\/\",\"url\":\"https:\\\/\\\/dorogimedence.hu\\\/wp-content\\\/uploads\\\/2021\\\/04\\\/logo-feher-600.png\",\"contentUrl\":\"https:\\\/\\\/dorogimedence.hu\\\/wp-content\\\/uploads\\\/2021\\\/04\\\/logo-feher-600.png\",\"width\":600,\"height\":100,\"caption\":\"Dorogi-medence Region\u00e1lis H\u00edrport\u00e1l\"},\"image\":{\"@id\":\"https:\\\/\\\/dorogimedence.hu\\\/#\\\/schema\\\/logo\\\/image\\\/\"},\"sameAs\":[\"https:\\\/\\\/www.facebook.com\\\/dorogimedence\\\/\"]},{\"@type\":\"Person\",\"@id\":\"https:\\\/\\\/dorogimedence.hu\\\/#\\\/schema\\\/person\\\/ce6091eeb7e95ecdc87890d6aa8e0fd4\",\"name\":\"dorogimedence.hu\",\"image\":{\"@type\":\"ImageObject\",\"inLanguage\":\"hu\",\"@id\":\"\\\/\\\/www.gravatar.com\\\/avatar\\\/d8d45f8901aadff40a4af72c0b826f1d?s=96&#038;r=g&#038;d=mm\",\"url\":\"\\\/\\\/www.gravatar.com\\\/avatar\\\/d8d45f8901aadff40a4af72c0b826f1d?s=96&#038;r=g&#038;d=mm\",\"contentUrl\":\"\\\/\\\/www.gravatar.com\\\/avatar\\\/d8d45f8901aadff40a4af72c0b826f1d?s=96&#038;r=g&#038;d=mm\",\"caption\":\"dorogimedence.hu\"}}]}<\/script>\n<!-- \/ Yoast SEO plugin. -->","yoast_head_json":{"title":"Vir\u00e1gsz\u0151nyeg bor\u00edtja a Pilisi Parkerd\u0151t","robots":{"index":"index","follow":"follow","max-snippet":"max-snippet:-1","max-image-preview":"max-image-preview:large","max-video-preview":"max-video-preview:-1"},"canonical":"https:\/\/dorogimedence.hu\/index.php\/2018\/04\/13\/viragszonyeg-boritja-a-pilisi-parkerdot\/","og_locale":"hu_HU","og_type":"article","og_title":"Vir\u00e1gsz\u0151nyeg bor\u00edtja a Pilisi Parkerd\u0151t","og_description":"A hossz\u00fa t\u00e9l ut\u00e1n hirtelen berobbant tavaszi id\u0151ben vir\u00e1gsz\u0151nyeg bor\u00edtja a Pilisi Parkerd\u0151t. Az \u00fagynevezett \u201etavaszi aszpektus\u201d n\u00f6v\u00e9nyeinek \u00e9letstrat\u00e9gi\u00e1ja a lombfakad\u00e1s el\u0151tti gyors vir\u00e1gz\u00e1s, \u00edgy csak r\u00f6vid ideig gy\u00f6ny\u00f6rk\u00f6dhet\u00fcnk sz\u00e9ps\u00e9g\u00fckben. De milyen vir\u00e1gokkal is tal\u00e1lkozhatunk, ha kir\u00e1ndulni indulunk a tavaszi erd\u0151ben? A tavasszal vir\u00e1gz\u00f3 n\u00f6v\u00e9nyekkel kapcsolatos ismeretekb\u0151l gy\u0171jt\u00f6ttek \u00f6ssze egy csokorra val\u00f3t a pilisi erd\u00e9szek.","og_url":"https:\/\/dorogimedence.hu\/index.php\/2018\/04\/13\/viragszonyeg-boritja-a-pilisi-parkerdot\/","og_site_name":"Dorogi-medence Region\u00e1lis H\u00edrport\u00e1l","article_publisher":"https:\/\/www.facebook.com\/dorogimedence\/","article_published_time":"2018-04-13T13:33:06+00:00","og_image":[{"width":670,"height":365,"url":"https:\/\/i0.wp.com\/dorogimedence.hu\/wp-content\/uploads\/2018\/04\/pilis-virag-01.jpg?fit=670%2C365&ssl=1","type":"image\/jpeg"}],"author":"dorogimedence.hu","twitter_card":"summary_large_image","twitter_misc":{"Szerz\u0151:":"dorogimedence.hu","Becs\u00fclt olvas\u00e1si id\u0151":"2 perc"},"schema":{"@context":"https:\/\/schema.org","@graph":[{"@type":"Article","@id":"https:\/\/dorogimedence.hu\/index.php\/2018\/04\/13\/viragszonyeg-boritja-a-pilisi-parkerdot\/#article","isPartOf":{"@id":"https:\/\/dorogimedence.hu\/index.php\/2018\/04\/13\/viragszonyeg-boritja-a-pilisi-parkerdot\/"},"author":{"name":"dorogimedence.hu","@id":"https:\/\/dorogimedence.hu\/#\/schema\/person\/ce6091eeb7e95ecdc87890d6aa8e0fd4"},"headline":"Vir\u00e1gsz\u0151nyeg bor\u00edtja a Pilisi Parkerd\u0151t","datePublished":"2018-04-13T13:33:06+00:00","mainEntityOfPage":{"@id":"https:\/\/dorogimedence.hu\/index.php\/2018\/04\/13\/viragszonyeg-boritja-a-pilisi-parkerdot\/"},"wordCount":433,"publisher":{"@id":"https:\/\/dorogimedence.hu\/#organization"},"image":{"@id":"https:\/\/dorogimedence.hu\/index.php\/2018\/04\/13\/viragszonyeg-boritja-a-pilisi-parkerdot\/#primaryimage"},"thumbnailUrl":"https:\/\/dorogimedence.hu\/wp-content\/uploads\/2018\/04\/pilis-virag-01.jpg","keywords":["Pilis","Pilisi Parkerd\u0151","tavasz","vir\u00e1gok","vir\u00e1gz\u00e1s"],"articleSection":["H\u00edrek"],"inLanguage":"hu"},{"@type":"WebPage","@id":"https:\/\/dorogimedence.hu\/index.php\/2018\/04\/13\/viragszonyeg-boritja-a-pilisi-parkerdot\/","url":"https:\/\/dorogimedence.hu\/index.php\/2018\/04\/13\/viragszonyeg-boritja-a-pilisi-parkerdot\/","name":"Vir\u00e1gsz\u0151nyeg bor\u00edtja a Pilisi Parkerd\u0151t","isPartOf":{"@id":"https:\/\/dorogimedence.hu\/#website"},"primaryImageOfPage":{"@id":"https:\/\/dorogimedence.hu\/index.php\/2018\/04\/13\/viragszonyeg-boritja-a-pilisi-parkerdot\/#primaryimage"},"image":{"@id":"https:\/\/dorogimedence.hu\/index.php\/2018\/04\/13\/viragszonyeg-boritja-a-pilisi-parkerdot\/#primaryimage"},"thumbnailUrl":"https:\/\/dorogimedence.hu\/wp-content\/uploads\/2018\/04\/pilis-virag-01.jpg","datePublished":"2018-04-13T13:33:06+00:00","breadcrumb":{"@id":"https:\/\/dorogimedence.hu\/index.php\/2018\/04\/13\/viragszonyeg-boritja-a-pilisi-parkerdot\/#breadcrumb"},"inLanguage":"hu","potentialAction":[{"@type":"ReadAction","target":["https:\/\/dorogimedence.hu\/index.php\/2018\/04\/13\/viragszonyeg-boritja-a-pilisi-parkerdot\/"]}]},{"@type":"ImageObject","inLanguage":"hu","@id":"https:\/\/dorogimedence.hu\/index.php\/2018\/04\/13\/viragszonyeg-boritja-a-pilisi-parkerdot\/#primaryimage","url":"https:\/\/dorogimedence.hu\/wp-content\/uploads\/2018\/04\/pilis-virag-01.jpg","contentUrl":"https:\/\/dorogimedence.hu\/wp-content\/uploads\/2018\/04\/pilis-virag-01.jpg","width":670,"height":365},{"@type":"BreadcrumbList","@id":"https:\/\/dorogimedence.hu\/index.php\/2018\/04\/13\/viragszonyeg-boritja-a-pilisi-parkerdot\/#breadcrumb","itemListElement":[{"@type":"ListItem","position":1,"name":"Kezd\u0151lap","item":"https:\/\/dorogimedence.hu\/"},{"@type":"ListItem","position":2,"name":"Vir\u00e1gsz\u0151nyeg bor\u00edtja a Pilisi Parkerd\u0151t"}]},{"@type":"WebSite","@id":"https:\/\/dorogimedence.hu\/#website","url":"https:\/\/dorogimedence.hu\/","name":"Dorogi-medence Region\u00e1lis H\u00edrport\u00e1l","description":"Dorog, Keszt\u00f6lc, Le\u00e1nyv\u00e1r, Piliscs\u00e9v, Tokod, Tokodalt\u00e1r\u00f3, Csolnok, Esztergom-kertv\u00e1ros: h\u00edrek, programok","publisher":{"@id":"https:\/\/dorogimedence.hu\/#organization"},"potentialAction":[{"@type":"SearchAction","target":{"@type":"EntryPoint","urlTemplate":"https:\/\/dorogimedence.hu\/?s={search_term_string}"},"query-input":{"@type":"PropertyValueSpecification","valueRequired":true,"valueName":"search_term_string"}}],"inLanguage":"hu"},{"@type":"Organization","@id":"https:\/\/dorogimedence.hu\/#organization","name":"Dorogi-medence Region\u00e1lis H\u00edrport\u00e1l","url":"https:\/\/dorogimedence.hu\/","logo":{"@type":"ImageObject","inLanguage":"hu","@id":"https:\/\/dorogimedence.hu\/#\/schema\/logo\/image\/","url":"https:\/\/dorogimedence.hu\/wp-content\/uploads\/2021\/04\/logo-feher-600.png","contentUrl":"https:\/\/dorogimedence.hu\/wp-content\/uploads\/2021\/04\/logo-feher-600.png","width":600,"height":100,"caption":"Dorogi-medence Region\u00e1lis H\u00edrport\u00e1l"},"image":{"@id":"https:\/\/dorogimedence.hu\/#\/schema\/logo\/image\/"},"sameAs":["https:\/\/www.facebook.com\/dorogimedence\/"]},{"@type":"Person","@id":"https:\/\/dorogimedence.hu\/#\/schema\/person\/ce6091eeb7e95ecdc87890d6aa8e0fd4","name":"dorogimedence.hu","image":{"@type":"ImageObject","inLanguage":"hu","@id":"\/\/www.gravatar.com\/avatar\/d8d45f8901aadff40a4af72c0b826f1d?s=96&#038;r=g&#038;d=mm","url":"\/\/www.gravatar.com\/avatar\/d8d45f8901aadff40a4af72c0b826f1d?s=96&#038;r=g&#038;d=mm","contentUrl":"\/\/www.gravatar.com\/avatar\/d8d45f8901aadff40a4af72c0b826f1d?s=96&#038;r=g&#038;d=mm","caption":"dorogimedence.hu"}}]}},"_links":{"self":[{"href":"https:\/\/dorogimedence.hu\/index.php\/wp-json\/wp\/v2\/posts\/9470","targetHints":{"allow":["GET"]}}],"collection":[{"href":"https:\/\/dorogimedence.hu\/index.php\/wp-json\/wp\/v2\/posts"}],"about":[{"href":"https:\/\/dorogimedence.hu\/index.php\/wp-json\/wp\/v2\/types\/post"}],"author":[{"embeddable":true,"href":"https:\/\/dorogimedence.hu\/index.php\/wp-json\/wp\/v2\/users\/1"}],"replies":[{"embeddable":true,"href":"https:\/\/dorogimedence.hu\/index.php\/wp-json\/wp\/v2\/comments?post=9470"}],"version-history":[{"count":0,"href":"https:\/\/dorogimedence.hu\/index.php\/wp-json\/wp\/v2\/posts\/9470\/revisions"}],"wp:featuredmedia":[{"embeddable":true,"href":"https:\/\/dorogimedence.hu\/index.php\/wp-json\/wp\/v2\/media\/9471"}],"wp:attachment":[{"href":"https:\/\/dorogimedence.hu\/index.php\/wp-json\/wp\/v2\/media?parent=9470"}],"wp:term":[{"taxonomy":"category","embeddable":true,"href":"https:\/\/dorogimedence.hu\/index.php\/wp-json\/wp\/v2\/categories?post=9470"},{"taxonomy":"post_tag","embeddable":true,"href":"https:\/\/dorogimedence.hu\/index.php\/wp-json\/wp\/v2\/tags?post=9470"}],"curies":[{"name":"wp","href":"https:\/\/api.w.org\/{rel}","templated":true}]}}