{"id":9212,"date":"2018-03-30T09:18:50","date_gmt":"2018-03-30T07:18:50","guid":{"rendered":"http:\/\/dorogimedence.hu\/?p=9212"},"modified":"2018-03-30T09:18:50","modified_gmt":"2018-03-30T07:18:50","slug":"nagycsutortoki-szentmise-az-esztergomi-bazilikaban","status":"publish","type":"post","link":"https:\/\/dorogimedence.hu\/index.php\/2018\/03\/30\/nagycsutortoki-szentmise-az-esztergomi-bazilikaban\/","title":{"rendered":"Nagycs\u00fct\u00f6rt\u00f6ki szentmise az esztergomi bazilik\u00e1ban"},"content":{"rendered":"<p><strong>Az utols\u00f3 vacsora megvil\u00e1g\u00edtja, \u00e9rtelmezi \u00e9s \u00e9rz\u00e9kelhet\u0151v\u00e9 teszi Krisztus megv\u00e1lt\u00f3 hal\u00e1l\u00e1nak titk\u00e1t &#8211; mondta Erd\u0151 P\u00e9ter b\u00edboros, pr\u00edm\u00e1s esztergom-budapesti \u00e9rsek nagycs\u00fct\u00f6rt\u00f6k este az esztergomi bazilik\u00e1ban.<\/strong><\/p>\n<p>Az utols\u00f3 vacsor\u00e1t felid\u00e9z\u0151 szertart\u00e1son a b\u00edboros kiemelte: J\u00e9zus hal\u00e1la \u00e9s felt\u00e1mad\u00e1sa \u00f3ta minden mise a J\u00e9zussal elk\u00f6lt\u00f6tt utols\u00f3 vacsora meg\u00faj\u00edt\u00e1sa.<\/p>\n<p>A nagycs\u00fct\u00f6rt\u00f6k esti mise h\u00e1rom &#8222;f\u0151 titok&#8221;, az olt\u00e1riszents\u00e9g, a paps\u00e1g alap\u00edt\u00e1s\u00e1nak, valamint a testv\u00e9ri szeretet parancs\u00e1nak \u00fcnnepe.<\/p>\n<p>Erd\u0151 P\u00e9ter kit\u00e9rt arra: a szentmise nem egy k\u00f6z\u00f6s eml\u00e9k felid\u00e9z\u00e9se, rajta az utols\u00f3 vacsora &#8222;m\u00e9lys\u00e9ge, tartalma, \u00e1tl\u00e9nyeg\u00edt\u0151 ereje v\u00e1lik jelenval\u00f3v\u00e1&#8221;.<\/p>\n<p>A b\u00edboros sz\u00f3lt arr\u00f3l, hogy az utols\u00f3 vacsor\u00e1n egyes\u00fclt a m\u00falt, a jelen \u00e9s a j\u00f6v\u0151, t\u00fall\u00e9pve az anyagvil\u00e1g keretein, megjelen\u00edtve Krisztus hal\u00e1l\u00e1t. J\u00e9zus ugyanis elfogat\u00e1sa el\u0151tt mondta a keny\u00e9rr\u0151l \u00e9s a borr\u00f3l, hogy ez a \u00e9n testem, mely \u00e9rtetek adatik, \u00e9s a borr\u00f3l, hogy &#8222;ez az \u00e9n v\u00e9rem, mely \u00e9rtetek kiontatik a b\u0171n\u00f6k bocs\u00e1nat\u00e1ra&#8221;. J\u00e9zus teh\u00e1t m\u00e1r kereszthal\u00e1la el\u0151tt &#8222;fel\u00e1ldozott test\u00e9t \u00e9s v\u00e9r\u00e9t adta a tan\u00edtv\u00e1nyoknak&#8221; &#8211; tette hozz\u00e1 a b\u00edboros. \u00dagy fogalmazott: &#8222;Az isteni \u00f6r\u00f6kk\u00e9val\u00f3s\u00e1g szf\u00e9r\u00e1j\u00e1b\u00f3l hangzottak szavai, ahol a terv, az esem\u00e9ny \u00e9s a hat\u00e1s egyetlen isteni mindentud\u00e1sban sz\u00e1munkra elk\u00e9pzelhetetlen m\u00f3don egys\u00e9get alkot.&#8221;<\/p>\n<p>A szentbesz\u00e9d v\u00e9g\u00e9n arra figyelmeztetett: most van itt az id\u0151 a h\u00e1laad\u00e1sra, &#8222;most virraszthatunk a szenved\u00e9s\u00e9re k\u00e9sz\u00fcl\u0151 Krisztus mellett&#8221;, &#8222;hogy megk\u00f6sz\u00f6nj\u00fck neki \u00e9rt\u00fcnk adott \u00e9s nek\u00fcnk kiosztott \u00e9let\u00e9t&#8221;.<\/p>\n<p><img fetchpriority=\"high\" decoding=\"async\" class=\"alignnone size-full wp-image-9214\" src=\"https:\/\/dorogimedence.hu\/wp-content\/uploads\/2018\/03\/nagycsutortok-02.jpg\" alt=\"\" width=\"670\" height=\"365\" srcset=\"https:\/\/dorogimedence.hu\/wp-content\/uploads\/2018\/03\/nagycsutortok-02.jpg 670w, https:\/\/dorogimedence.hu\/wp-content\/uploads\/2018\/03\/nagycsutortok-02-300x163.jpg 300w\" sizes=\"(max-width: 670px) 100vw, 670px\" \/><\/p>\n<p>A besz\u00e9d ut\u00e1n b\u00edboros ut\u00e1n megmosta 12 h\u00edv\u0151 &#8211; kispapok, esztergomi h\u00edv\u0151k \u00e9s a Boldog Ceferino roma misszi\u00f3 tagjainak &#8211; l\u00e1b\u00e1t, felid\u00e9zve J\u00e9zus tett\u00e9t, aki az utols\u00f3 vacsor\u00e1n tan\u00edtv\u00e1nyai l\u00e1b\u00e1t mosta meg.<\/p>\n<p>A szertart\u00e1s a J\u00e9zus elfogat\u00e1s\u00e1t jelk\u00e9pez\u0151 olt\u00e1rfoszt\u00e1ssal fejez\u0151d\u00f6tt be: a ter\u00edt\u0151t \u00e9s a d\u00edszeket elt\u00e1vol\u00edtott\u00e1k az olt\u00e1rr\u00f3l.<\/p>\n<p>A kereszt\u00e9nyek nagyp\u00e9nteken J\u00e9zus hal\u00e1l\u00e1ra eml\u00e9keznek, a katolikus egyh\u00e1zban legk\u00f6zelebb nagyszombat este, h\u00fasv\u00e9t vig\u00edli\u00e1j\u00e1n mutatnak be szentmis\u00e9t.<\/p>\n<p><em>Forr\u00e1s: MTI<\/em><br \/>\n<em><span id=\"ctl05_lbLead4\">MTI Fot\u00f3: Bruz\u00e1k No\u00e9mi<\/span><\/em><\/p>\n","protected":false},"excerpt":{"rendered":"<p>Az utols\u00f3 vacsora megvil\u00e1g\u00edtja, \u00e9rtelmezi \u00e9s \u00e9rz\u00e9kelhet\u0151v\u00e9 teszi Krisztus megv\u00e1lt\u00f3 hal\u00e1l\u00e1nak titk\u00e1t &#8211; mondta Erd\u0151 P\u00e9ter b\u00edboros, pr\u00edm\u00e1s esztergom-budapesti \u00e9rsek nagycs\u00fct\u00f6rt\u00f6k este az esztergomi bazilik\u00e1ban. Az utols\u00f3 vacsor\u00e1t felid\u00e9z\u0151 szertart\u00e1son a b\u00edboros kiemelte: J\u00e9zus hal\u00e1la \u00e9s felt\u00e1mad\u00e1sa \u00f3ta minden mise a J\u00e9zussal elk\u00f6lt\u00f6tt utols\u00f3 vacsora meg\u00faj\u00edt\u00e1sa. A nagycs\u00fct\u00f6rt\u00f6k esti mise h\u00e1rom &#8222;f\u0151 titok&#8221;, az olt\u00e1riszents\u00e9g,<\/p>\n","protected":false},"author":1,"featured_media":9215,"comment_status":"closed","ping_status":"closed","sticky":false,"template":"","format":"standard","meta":{"ngg_post_thumbnail":0,"footnotes":""},"categories":[38,3],"tags":[798,764,42,440,762,2398,1784],"class_list":{"0":"post-9212","1":"post","2":"type-post","3":"status-publish","4":"format-standard","5":"has-post-thumbnail","7":"category-esztergom","8":"category-hirek","9":"tag-bazilika","10":"tag-erdo-peter","11":"tag-esztergom","12":"tag-husvet","13":"tag-katolikus-egyhaz","14":"tag-nagycsutortok","15":"tag-szentmise"},"yoast_head":"<!-- This site is optimized with the Yoast SEO plugin v27.4 - https:\/\/yoast.com\/product\/yoast-seo-wordpress\/ -->\n<title>Nagycs\u00fct\u00f6rt\u00f6ki szentmise az esztergomi bazilik\u00e1ban<\/title>\n<meta name=\"robots\" content=\"index, follow, max-snippet:-1, max-image-preview:large, max-video-preview:-1\" \/>\n<link rel=\"canonical\" href=\"https:\/\/dorogimedence.hu\/index.php\/2018\/03\/30\/nagycsutortoki-szentmise-az-esztergomi-bazilikaban\/\" class=\"yoast-seo-meta-tag\" \/>\n<meta property=\"og:locale\" content=\"hu_HU\" class=\"yoast-seo-meta-tag\" \/>\n<meta property=\"og:type\" content=\"article\" class=\"yoast-seo-meta-tag\" \/>\n<meta property=\"og:title\" content=\"Nagycs\u00fct\u00f6rt\u00f6ki szentmise az esztergomi bazilik\u00e1ban\" class=\"yoast-seo-meta-tag\" \/>\n<meta property=\"og:description\" content=\"Az utols\u00f3 vacsora megvil\u00e1g\u00edtja, \u00e9rtelmezi \u00e9s \u00e9rz\u00e9kelhet\u0151v\u00e9 teszi Krisztus megv\u00e1lt\u00f3 hal\u00e1l\u00e1nak titk\u00e1t &#8211; mondta Erd\u0151 P\u00e9ter b\u00edboros, pr\u00edm\u00e1s esztergom-budapesti \u00e9rsek nagycs\u00fct\u00f6rt\u00f6k este az esztergomi bazilik\u00e1ban. Az utols\u00f3 vacsor\u00e1t felid\u00e9z\u0151 szertart\u00e1son a b\u00edboros kiemelte: J\u00e9zus hal\u00e1la \u00e9s felt\u00e1mad\u00e1sa \u00f3ta minden mise a J\u00e9zussal elk\u00f6lt\u00f6tt utols\u00f3 vacsora meg\u00faj\u00edt\u00e1sa. A nagycs\u00fct\u00f6rt\u00f6k esti mise h\u00e1rom &#8222;f\u0151 titok&#8221;, az olt\u00e1riszents\u00e9g,\" class=\"yoast-seo-meta-tag\" \/>\n<meta property=\"og:url\" content=\"https:\/\/dorogimedence.hu\/index.php\/2018\/03\/30\/nagycsutortoki-szentmise-az-esztergomi-bazilikaban\/\" class=\"yoast-seo-meta-tag\" \/>\n<meta property=\"og:site_name\" content=\"Dorogi-medence Region\u00e1lis H\u00edrport\u00e1l\" class=\"yoast-seo-meta-tag\" \/>\n<meta property=\"article:publisher\" content=\"https:\/\/www.facebook.com\/dorogimedence\/\" class=\"yoast-seo-meta-tag\" \/>\n<meta property=\"article:published_time\" content=\"2018-03-30T07:18:50+00:00\" class=\"yoast-seo-meta-tag\" \/>\n<meta property=\"og:image\" content=\"https:\/\/i0.wp.com\/dorogimedence.hu\/wp-content\/uploads\/2018\/03\/nagycsutortok-01-1.jpg?fit=670%2C365&ssl=1\" class=\"yoast-seo-meta-tag\" \/>\n\t<meta property=\"og:image:width\" content=\"670\" class=\"yoast-seo-meta-tag\" \/>\n\t<meta property=\"og:image:height\" content=\"365\" class=\"yoast-seo-meta-tag\" \/>\n\t<meta property=\"og:image:type\" content=\"image\/jpeg\" class=\"yoast-seo-meta-tag\" \/>\n<meta name=\"author\" content=\"dorogimedence.hu\" class=\"yoast-seo-meta-tag\" \/>\n<meta name=\"twitter:card\" content=\"summary_large_image\" class=\"yoast-seo-meta-tag\" \/>\n<meta name=\"twitter:label1\" content=\"Szerz\u0151:\" class=\"yoast-seo-meta-tag\" \/>\n\t<meta name=\"twitter:data1\" content=\"dorogimedence.hu\" class=\"yoast-seo-meta-tag\" \/>\n\t<meta name=\"twitter:label2\" content=\"Becs\u00fclt olvas\u00e1si id\u0151\" class=\"yoast-seo-meta-tag\" \/>\n\t<meta name=\"twitter:data2\" content=\"2 perc\" class=\"yoast-seo-meta-tag\" \/>\n<script type=\"application\/ld+json\" class=\"yoast-schema-graph\">{\"@context\":\"https:\\\/\\\/schema.org\",\"@graph\":[{\"@type\":\"Article\",\"@id\":\"https:\\\/\\\/dorogimedence.hu\\\/index.php\\\/2018\\\/03\\\/30\\\/nagycsutortoki-szentmise-az-esztergomi-bazilikaban\\\/#article\",\"isPartOf\":{\"@id\":\"https:\\\/\\\/dorogimedence.hu\\\/index.php\\\/2018\\\/03\\\/30\\\/nagycsutortoki-szentmise-az-esztergomi-bazilikaban\\\/\"},\"author\":{\"name\":\"dorogimedence.hu\",\"@id\":\"https:\\\/\\\/dorogimedence.hu\\\/#\\\/schema\\\/person\\\/ce6091eeb7e95ecdc87890d6aa8e0fd4\"},\"headline\":\"Nagycs\u00fct\u00f6rt\u00f6ki szentmise az esztergomi bazilik\u00e1ban\",\"datePublished\":\"2018-03-30T07:18:50+00:00\",\"mainEntityOfPage\":{\"@id\":\"https:\\\/\\\/dorogimedence.hu\\\/index.php\\\/2018\\\/03\\\/30\\\/nagycsutortoki-szentmise-az-esztergomi-bazilikaban\\\/\"},\"wordCount\":462,\"publisher\":{\"@id\":\"https:\\\/\\\/dorogimedence.hu\\\/#organization\"},\"image\":{\"@id\":\"https:\\\/\\\/dorogimedence.hu\\\/index.php\\\/2018\\\/03\\\/30\\\/nagycsutortoki-szentmise-az-esztergomi-bazilikaban\\\/#primaryimage\"},\"thumbnailUrl\":\"https:\\\/\\\/dorogimedence.hu\\\/wp-content\\\/uploads\\\/2018\\\/03\\\/nagycsutortok-01-1.jpg\",\"keywords\":[\"Bazilika\",\"Erd\u0151 P\u00e9ter\",\"esztergom\",\"h\u00fasv\u00e9t\",\"katolikus egyh\u00e1z\",\"nagycs\u00fct\u00f6rt\u00f6k\",\"szentmise\"],\"articleSection\":[\"Esztergom\",\"H\u00edrek\"],\"inLanguage\":\"hu\"},{\"@type\":\"WebPage\",\"@id\":\"https:\\\/\\\/dorogimedence.hu\\\/index.php\\\/2018\\\/03\\\/30\\\/nagycsutortoki-szentmise-az-esztergomi-bazilikaban\\\/\",\"url\":\"https:\\\/\\\/dorogimedence.hu\\\/index.php\\\/2018\\\/03\\\/30\\\/nagycsutortoki-szentmise-az-esztergomi-bazilikaban\\\/\",\"name\":\"Nagycs\u00fct\u00f6rt\u00f6ki szentmise az esztergomi bazilik\u00e1ban\",\"isPartOf\":{\"@id\":\"https:\\\/\\\/dorogimedence.hu\\\/#website\"},\"primaryImageOfPage\":{\"@id\":\"https:\\\/\\\/dorogimedence.hu\\\/index.php\\\/2018\\\/03\\\/30\\\/nagycsutortoki-szentmise-az-esztergomi-bazilikaban\\\/#primaryimage\"},\"image\":{\"@id\":\"https:\\\/\\\/dorogimedence.hu\\\/index.php\\\/2018\\\/03\\\/30\\\/nagycsutortoki-szentmise-az-esztergomi-bazilikaban\\\/#primaryimage\"},\"thumbnailUrl\":\"https:\\\/\\\/dorogimedence.hu\\\/wp-content\\\/uploads\\\/2018\\\/03\\\/nagycsutortok-01-1.jpg\",\"datePublished\":\"2018-03-30T07:18:50+00:00\",\"breadcrumb\":{\"@id\":\"https:\\\/\\\/dorogimedence.hu\\\/index.php\\\/2018\\\/03\\\/30\\\/nagycsutortoki-szentmise-az-esztergomi-bazilikaban\\\/#breadcrumb\"},\"inLanguage\":\"hu\",\"potentialAction\":[{\"@type\":\"ReadAction\",\"target\":[\"https:\\\/\\\/dorogimedence.hu\\\/index.php\\\/2018\\\/03\\\/30\\\/nagycsutortoki-szentmise-az-esztergomi-bazilikaban\\\/\"]}]},{\"@type\":\"ImageObject\",\"inLanguage\":\"hu\",\"@id\":\"https:\\\/\\\/dorogimedence.hu\\\/index.php\\\/2018\\\/03\\\/30\\\/nagycsutortoki-szentmise-az-esztergomi-bazilikaban\\\/#primaryimage\",\"url\":\"https:\\\/\\\/dorogimedence.hu\\\/wp-content\\\/uploads\\\/2018\\\/03\\\/nagycsutortok-01-1.jpg\",\"contentUrl\":\"https:\\\/\\\/dorogimedence.hu\\\/wp-content\\\/uploads\\\/2018\\\/03\\\/nagycsutortok-01-1.jpg\",\"width\":670,\"height\":365},{\"@type\":\"BreadcrumbList\",\"@id\":\"https:\\\/\\\/dorogimedence.hu\\\/index.php\\\/2018\\\/03\\\/30\\\/nagycsutortoki-szentmise-az-esztergomi-bazilikaban\\\/#breadcrumb\",\"itemListElement\":[{\"@type\":\"ListItem\",\"position\":1,\"name\":\"Kezd\u0151lap\",\"item\":\"https:\\\/\\\/dorogimedence.hu\\\/\"},{\"@type\":\"ListItem\",\"position\":2,\"name\":\"Nagycs\u00fct\u00f6rt\u00f6ki szentmise az esztergomi bazilik\u00e1ban\"}]},{\"@type\":\"WebSite\",\"@id\":\"https:\\\/\\\/dorogimedence.hu\\\/#website\",\"url\":\"https:\\\/\\\/dorogimedence.hu\\\/\",\"name\":\"Dorogi-medence Region\u00e1lis H\u00edrport\u00e1l\",\"description\":\"Dorog, Keszt\u00f6lc, Le\u00e1nyv\u00e1r, Piliscs\u00e9v, Tokod, Tokodalt\u00e1r\u00f3, Csolnok, Esztergom-kertv\u00e1ros: h\u00edrek, programok\",\"publisher\":{\"@id\":\"https:\\\/\\\/dorogimedence.hu\\\/#organization\"},\"potentialAction\":[{\"@type\":\"SearchAction\",\"target\":{\"@type\":\"EntryPoint\",\"urlTemplate\":\"https:\\\/\\\/dorogimedence.hu\\\/?s={search_term_string}\"},\"query-input\":{\"@type\":\"PropertyValueSpecification\",\"valueRequired\":true,\"valueName\":\"search_term_string\"}}],\"inLanguage\":\"hu\"},{\"@type\":\"Organization\",\"@id\":\"https:\\\/\\\/dorogimedence.hu\\\/#organization\",\"name\":\"Dorogi-medence Region\u00e1lis H\u00edrport\u00e1l\",\"url\":\"https:\\\/\\\/dorogimedence.hu\\\/\",\"logo\":{\"@type\":\"ImageObject\",\"inLanguage\":\"hu\",\"@id\":\"https:\\\/\\\/dorogimedence.hu\\\/#\\\/schema\\\/logo\\\/image\\\/\",\"url\":\"https:\\\/\\\/dorogimedence.hu\\\/wp-content\\\/uploads\\\/2021\\\/04\\\/logo-feher-600.png\",\"contentUrl\":\"https:\\\/\\\/dorogimedence.hu\\\/wp-content\\\/uploads\\\/2021\\\/04\\\/logo-feher-600.png\",\"width\":600,\"height\":100,\"caption\":\"Dorogi-medence Region\u00e1lis H\u00edrport\u00e1l\"},\"image\":{\"@id\":\"https:\\\/\\\/dorogimedence.hu\\\/#\\\/schema\\\/logo\\\/image\\\/\"},\"sameAs\":[\"https:\\\/\\\/www.facebook.com\\\/dorogimedence\\\/\"]},{\"@type\":\"Person\",\"@id\":\"https:\\\/\\\/dorogimedence.hu\\\/#\\\/schema\\\/person\\\/ce6091eeb7e95ecdc87890d6aa8e0fd4\",\"name\":\"dorogimedence.hu\",\"image\":{\"@type\":\"ImageObject\",\"inLanguage\":\"hu\",\"@id\":\"\\\/\\\/www.gravatar.com\\\/avatar\\\/d8d45f8901aadff40a4af72c0b826f1d?s=96&#038;r=g&#038;d=mm\",\"url\":\"\\\/\\\/www.gravatar.com\\\/avatar\\\/d8d45f8901aadff40a4af72c0b826f1d?s=96&#038;r=g&#038;d=mm\",\"contentUrl\":\"\\\/\\\/www.gravatar.com\\\/avatar\\\/d8d45f8901aadff40a4af72c0b826f1d?s=96&#038;r=g&#038;d=mm\",\"caption\":\"dorogimedence.hu\"}}]}<\/script>\n<!-- \/ Yoast SEO plugin. -->","yoast_head_json":{"title":"Nagycs\u00fct\u00f6rt\u00f6ki szentmise az esztergomi bazilik\u00e1ban","robots":{"index":"index","follow":"follow","max-snippet":"max-snippet:-1","max-image-preview":"max-image-preview:large","max-video-preview":"max-video-preview:-1"},"canonical":"https:\/\/dorogimedence.hu\/index.php\/2018\/03\/30\/nagycsutortoki-szentmise-az-esztergomi-bazilikaban\/","og_locale":"hu_HU","og_type":"article","og_title":"Nagycs\u00fct\u00f6rt\u00f6ki szentmise az esztergomi bazilik\u00e1ban","og_description":"Az utols\u00f3 vacsora megvil\u00e1g\u00edtja, \u00e9rtelmezi \u00e9s \u00e9rz\u00e9kelhet\u0151v\u00e9 teszi Krisztus megv\u00e1lt\u00f3 hal\u00e1l\u00e1nak titk\u00e1t &#8211; mondta Erd\u0151 P\u00e9ter b\u00edboros, pr\u00edm\u00e1s esztergom-budapesti \u00e9rsek nagycs\u00fct\u00f6rt\u00f6k este az esztergomi bazilik\u00e1ban. Az utols\u00f3 vacsor\u00e1t felid\u00e9z\u0151 szertart\u00e1son a b\u00edboros kiemelte: J\u00e9zus hal\u00e1la \u00e9s felt\u00e1mad\u00e1sa \u00f3ta minden mise a J\u00e9zussal elk\u00f6lt\u00f6tt utols\u00f3 vacsora meg\u00faj\u00edt\u00e1sa. A nagycs\u00fct\u00f6rt\u00f6k esti mise h\u00e1rom &#8222;f\u0151 titok&#8221;, az olt\u00e1riszents\u00e9g,","og_url":"https:\/\/dorogimedence.hu\/index.php\/2018\/03\/30\/nagycsutortoki-szentmise-az-esztergomi-bazilikaban\/","og_site_name":"Dorogi-medence Region\u00e1lis H\u00edrport\u00e1l","article_publisher":"https:\/\/www.facebook.com\/dorogimedence\/","article_published_time":"2018-03-30T07:18:50+00:00","og_image":[{"width":670,"height":365,"url":"https:\/\/i0.wp.com\/dorogimedence.hu\/wp-content\/uploads\/2018\/03\/nagycsutortok-01-1.jpg?fit=670%2C365&ssl=1","type":"image\/jpeg"}],"author":"dorogimedence.hu","twitter_card":"summary_large_image","twitter_misc":{"Szerz\u0151:":"dorogimedence.hu","Becs\u00fclt olvas\u00e1si id\u0151":"2 perc"},"schema":{"@context":"https:\/\/schema.org","@graph":[{"@type":"Article","@id":"https:\/\/dorogimedence.hu\/index.php\/2018\/03\/30\/nagycsutortoki-szentmise-az-esztergomi-bazilikaban\/#article","isPartOf":{"@id":"https:\/\/dorogimedence.hu\/index.php\/2018\/03\/30\/nagycsutortoki-szentmise-az-esztergomi-bazilikaban\/"},"author":{"name":"dorogimedence.hu","@id":"https:\/\/dorogimedence.hu\/#\/schema\/person\/ce6091eeb7e95ecdc87890d6aa8e0fd4"},"headline":"Nagycs\u00fct\u00f6rt\u00f6ki szentmise az esztergomi bazilik\u00e1ban","datePublished":"2018-03-30T07:18:50+00:00","mainEntityOfPage":{"@id":"https:\/\/dorogimedence.hu\/index.php\/2018\/03\/30\/nagycsutortoki-szentmise-az-esztergomi-bazilikaban\/"},"wordCount":462,"publisher":{"@id":"https:\/\/dorogimedence.hu\/#organization"},"image":{"@id":"https:\/\/dorogimedence.hu\/index.php\/2018\/03\/30\/nagycsutortoki-szentmise-az-esztergomi-bazilikaban\/#primaryimage"},"thumbnailUrl":"https:\/\/dorogimedence.hu\/wp-content\/uploads\/2018\/03\/nagycsutortok-01-1.jpg","keywords":["Bazilika","Erd\u0151 P\u00e9ter","esztergom","h\u00fasv\u00e9t","katolikus egyh\u00e1z","nagycs\u00fct\u00f6rt\u00f6k","szentmise"],"articleSection":["Esztergom","H\u00edrek"],"inLanguage":"hu"},{"@type":"WebPage","@id":"https:\/\/dorogimedence.hu\/index.php\/2018\/03\/30\/nagycsutortoki-szentmise-az-esztergomi-bazilikaban\/","url":"https:\/\/dorogimedence.hu\/index.php\/2018\/03\/30\/nagycsutortoki-szentmise-az-esztergomi-bazilikaban\/","name":"Nagycs\u00fct\u00f6rt\u00f6ki szentmise az esztergomi bazilik\u00e1ban","isPartOf":{"@id":"https:\/\/dorogimedence.hu\/#website"},"primaryImageOfPage":{"@id":"https:\/\/dorogimedence.hu\/index.php\/2018\/03\/30\/nagycsutortoki-szentmise-az-esztergomi-bazilikaban\/#primaryimage"},"image":{"@id":"https:\/\/dorogimedence.hu\/index.php\/2018\/03\/30\/nagycsutortoki-szentmise-az-esztergomi-bazilikaban\/#primaryimage"},"thumbnailUrl":"https:\/\/dorogimedence.hu\/wp-content\/uploads\/2018\/03\/nagycsutortok-01-1.jpg","datePublished":"2018-03-30T07:18:50+00:00","breadcrumb":{"@id":"https:\/\/dorogimedence.hu\/index.php\/2018\/03\/30\/nagycsutortoki-szentmise-az-esztergomi-bazilikaban\/#breadcrumb"},"inLanguage":"hu","potentialAction":[{"@type":"ReadAction","target":["https:\/\/dorogimedence.hu\/index.php\/2018\/03\/30\/nagycsutortoki-szentmise-az-esztergomi-bazilikaban\/"]}]},{"@type":"ImageObject","inLanguage":"hu","@id":"https:\/\/dorogimedence.hu\/index.php\/2018\/03\/30\/nagycsutortoki-szentmise-az-esztergomi-bazilikaban\/#primaryimage","url":"https:\/\/dorogimedence.hu\/wp-content\/uploads\/2018\/03\/nagycsutortok-01-1.jpg","contentUrl":"https:\/\/dorogimedence.hu\/wp-content\/uploads\/2018\/03\/nagycsutortok-01-1.jpg","width":670,"height":365},{"@type":"BreadcrumbList","@id":"https:\/\/dorogimedence.hu\/index.php\/2018\/03\/30\/nagycsutortoki-szentmise-az-esztergomi-bazilikaban\/#breadcrumb","itemListElement":[{"@type":"ListItem","position":1,"name":"Kezd\u0151lap","item":"https:\/\/dorogimedence.hu\/"},{"@type":"ListItem","position":2,"name":"Nagycs\u00fct\u00f6rt\u00f6ki szentmise az esztergomi bazilik\u00e1ban"}]},{"@type":"WebSite","@id":"https:\/\/dorogimedence.hu\/#website","url":"https:\/\/dorogimedence.hu\/","name":"Dorogi-medence Region\u00e1lis H\u00edrport\u00e1l","description":"Dorog, Keszt\u00f6lc, Le\u00e1nyv\u00e1r, Piliscs\u00e9v, Tokod, Tokodalt\u00e1r\u00f3, Csolnok, Esztergom-kertv\u00e1ros: h\u00edrek, programok","publisher":{"@id":"https:\/\/dorogimedence.hu\/#organization"},"potentialAction":[{"@type":"SearchAction","target":{"@type":"EntryPoint","urlTemplate":"https:\/\/dorogimedence.hu\/?s={search_term_string}"},"query-input":{"@type":"PropertyValueSpecification","valueRequired":true,"valueName":"search_term_string"}}],"inLanguage":"hu"},{"@type":"Organization","@id":"https:\/\/dorogimedence.hu\/#organization","name":"Dorogi-medence Region\u00e1lis H\u00edrport\u00e1l","url":"https:\/\/dorogimedence.hu\/","logo":{"@type":"ImageObject","inLanguage":"hu","@id":"https:\/\/dorogimedence.hu\/#\/schema\/logo\/image\/","url":"https:\/\/dorogimedence.hu\/wp-content\/uploads\/2021\/04\/logo-feher-600.png","contentUrl":"https:\/\/dorogimedence.hu\/wp-content\/uploads\/2021\/04\/logo-feher-600.png","width":600,"height":100,"caption":"Dorogi-medence Region\u00e1lis H\u00edrport\u00e1l"},"image":{"@id":"https:\/\/dorogimedence.hu\/#\/schema\/logo\/image\/"},"sameAs":["https:\/\/www.facebook.com\/dorogimedence\/"]},{"@type":"Person","@id":"https:\/\/dorogimedence.hu\/#\/schema\/person\/ce6091eeb7e95ecdc87890d6aa8e0fd4","name":"dorogimedence.hu","image":{"@type":"ImageObject","inLanguage":"hu","@id":"\/\/www.gravatar.com\/avatar\/d8d45f8901aadff40a4af72c0b826f1d?s=96&#038;r=g&#038;d=mm","url":"\/\/www.gravatar.com\/avatar\/d8d45f8901aadff40a4af72c0b826f1d?s=96&#038;r=g&#038;d=mm","contentUrl":"\/\/www.gravatar.com\/avatar\/d8d45f8901aadff40a4af72c0b826f1d?s=96&#038;r=g&#038;d=mm","caption":"dorogimedence.hu"}}]}},"_links":{"self":[{"href":"https:\/\/dorogimedence.hu\/index.php\/wp-json\/wp\/v2\/posts\/9212","targetHints":{"allow":["GET"]}}],"collection":[{"href":"https:\/\/dorogimedence.hu\/index.php\/wp-json\/wp\/v2\/posts"}],"about":[{"href":"https:\/\/dorogimedence.hu\/index.php\/wp-json\/wp\/v2\/types\/post"}],"author":[{"embeddable":true,"href":"https:\/\/dorogimedence.hu\/index.php\/wp-json\/wp\/v2\/users\/1"}],"replies":[{"embeddable":true,"href":"https:\/\/dorogimedence.hu\/index.php\/wp-json\/wp\/v2\/comments?post=9212"}],"version-history":[{"count":0,"href":"https:\/\/dorogimedence.hu\/index.php\/wp-json\/wp\/v2\/posts\/9212\/revisions"}],"wp:featuredmedia":[{"embeddable":true,"href":"https:\/\/dorogimedence.hu\/index.php\/wp-json\/wp\/v2\/media\/9215"}],"wp:attachment":[{"href":"https:\/\/dorogimedence.hu\/index.php\/wp-json\/wp\/v2\/media?parent=9212"}],"wp:term":[{"taxonomy":"category","embeddable":true,"href":"https:\/\/dorogimedence.hu\/index.php\/wp-json\/wp\/v2\/categories?post=9212"},{"taxonomy":"post_tag","embeddable":true,"href":"https:\/\/dorogimedence.hu\/index.php\/wp-json\/wp\/v2\/tags?post=9212"}],"curies":[{"name":"wp","href":"https:\/\/api.w.org\/{rel}","templated":true}]}}