{"id":9109,"date":"2018-03-26T06:53:27","date_gmt":"2018-03-26T04:53:27","guid":{"rendered":"http:\/\/dorogimedence.hu\/?p=9109"},"modified":"2018-03-26T06:53:27","modified_gmt":"2018-03-26T04:53:27","slug":"jotekonysagi-arverest-tartott-a-megyei-voroskereszt","status":"publish","type":"post","link":"https:\/\/dorogimedence.hu\/index.php\/2018\/03\/26\/jotekonysagi-arverest-tartott-a-megyei-voroskereszt\/","title":{"rendered":"J\u00f3t\u00e9konys\u00e1gi \u00e1rver\u00e9st tartott a megyei V\u00f6r\u00f6skereszt"},"content":{"rendered":"<p><strong>\u00d6sszetartozunk \u2013 Egym\u00e1s\u00e9rt vagyunk c\u00edmen t\u00e1mogat\u00f3 k\u00f6z\u00f6ss\u00e9get hozott l\u00e9tre a megyei V\u00f6r\u00f6skereszt. Idei els\u0151 j\u00f3t\u00e9konys\u00e1gi rendezv\u00e9ny\u00fckre pedig m\u00e1rcius 23-\u00e1n ker\u00fclt sor.<\/strong><\/p>\n<p>A Kezdem\u00e9nyez\u00e9shez csatlakozott Levente P\u00e9ter J\u00e1szai Mari-d\u00edjas sz\u00edn\u00e9sz-rendez\u0151, D\u00f6brentey Ildik\u00f3 Prima Primissima-d\u00edjas \u00edr\u00f3n\u0151, Csernoviczki \u00c9va olimpiai bronz\u00e9rmes cselg\u00e1ncsoz\u00f3 \u00e9s Zantleitner Krisztina vil\u00e1gbajnok v\u00edzilabd\u00e1z\u00f3, edz\u0151 is.<\/p>\n<p>A k\u00f6z\u00f6ss\u00e9g az adom\u00e1nygy\u0171jt\u00e9st t\u0171zte ki f\u0151 c\u00e9lj\u00e1ul, ez\u00e9rt f\u00e9l\u00e9vente j\u00f3t\u00e9konys\u00e1gi \u00e1rver\u00e9st szerveznek. Az els\u0151t tavaly novemberben tartott\u00e1k, akkor olimpikonok, sportol\u00f3k, m\u0171v\u00e9szek \u00e1ltal felaj\u00e1nlott t\u00e1rgyak ker\u00fcltek kalap\u00e1cs al\u00e1. Az \u00f6sszegy\u0171lt t\u00f6bb mint 350 ezer forintot pedig megyei r\u00e1szorul\u00f3 csal\u00e1dok \u00e9s gyerekek megseg\u00edt\u00e9s\u00e9re ford\u00edtott\u00e1k.<\/p>\n<p>A m\u00e1rcius 23-ai rendezv\u00e9ny\u00fck\u00f6n pedig az id\u0151re lehetett licit\u00e1lni. H\u00e1rom k\u00fcl\u00f6nb\u00f6z\u0151 \u00e9lm\u00e9nyre licit\u00e1lhattak a r\u00e9sztvev\u0151k. A tatab\u00e1nyai Kod\u00e1ly Zolt\u00e1n \u00c1ltal\u00e1nos iskola k\u00f3rus\u00e1nak hangulatos m\u0171sora k\u00f6zben pedig Pruzsina Alice remek \u00e1rverez\u00e9se nyom\u00e1n keltek el a felaj\u00e1nlott term\u00e9kek. A kezd\u0151 liciteket a felaj\u00e1nl\u00f3k hat\u00e1rozt\u00e1k meg, a p\u00e9nzt pedig ez\u00fattal is r\u00e1szorul\u00f3 csal\u00e1dok \u00e9s gyerekek kapj\u00e1k. Az esem\u00e9nyre t\u00f6bb \u00e9rt\u00e9kes t\u00e1rgyat, illetve relikvi\u00e1t is felaj\u00e1nlottak, ezekre k\u00fcl\u00f6n-k\u00fcl\u00f6n lehetett tombol\u00e1t v\u00e1s\u00e1rolni.<\/p>\n<p>A kit\u0171n\u0151 hangulat\u00fa programot megtisztelte a Kom\u00e1rom-Esztergom Megyei V\u00f6r\u00f6skereszt k\u00e9t f\u0151v\u00e9dn\u00f6ke is: Bencsik J\u00e1nos orsz\u00e1ggy\u0171l\u00e9si k\u00e9pvisel\u0151 \u00e9s Kardos Istv\u00e1n orsz\u00e1gos f\u0151igazgat\u00f3 is \u2013 mindemellett jelen volt Michl J\u00f3zsef, Tata v\u00e1ros polg\u00e1rmestere \u00e9s F\u0171szern\u00e9 Moln\u00e1r Anik\u00f3, a Tatab\u00e1nyai M\u00fazeum c\u00edmzetes igazgat\u00f3 asszonya.<\/p>\n<p><em>Forr\u00e1s: dorogimedence.hu \/ Kom\u00e1rom-Esztergom Megyei V\u00f6r\u00f6skereszt \/ kemma.hu<\/em><\/p>\n","protected":false},"excerpt":{"rendered":"<p>\u00d6sszetartozunk \u2013 Egym\u00e1s\u00e9rt vagyunk c\u00edmen t\u00e1mogat\u00f3 k\u00f6z\u00f6ss\u00e9get hozott l\u00e9tre a megyei V\u00f6r\u00f6skereszt. Idei els\u0151 j\u00f3t\u00e9konys\u00e1gi rendezv\u00e9ny\u00fckre pedig m\u00e1rcius 23-\u00e1n ker\u00fclt sor. A Kezdem\u00e9nyez\u00e9shez csatlakozott Levente P\u00e9ter J\u00e1szai Mari-d\u00edjas sz\u00edn\u00e9sz-rendez\u0151, D\u00f6brentey Ildik\u00f3 Prima Primissima-d\u00edjas \u00edr\u00f3n\u0151, Csernoviczki \u00c9va olimpiai bronz\u00e9rmes cselg\u00e1ncsoz\u00f3 \u00e9s Zantleitner Krisztina vil\u00e1gbajnok v\u00edzilabd\u00e1z\u00f3, edz\u0151 is. A k\u00f6z\u00f6ss\u00e9g az adom\u00e1nygy\u0171jt\u00e9st t\u0171zte ki f\u0151 c\u00e9lj\u00e1ul, ez\u00e9rt<\/p>\n","protected":false},"author":1,"featured_media":9110,"comment_status":"closed","ping_status":"closed","sticky":false,"template":"","format":"standard","meta":{"ngg_post_thumbnail":0,"footnotes":""},"categories":[3,56],"tags":[2378,2379,59,375],"class_list":{"0":"post-9109","1":"post","2":"type-post","3":"status-publish","4":"format-standard","5":"has-post-thumbnail","7":"category-hirek","8":"category-komarom-esztergom","9":"tag-aukcio","10":"tag-jotekonysagi-rendezveny","11":"tag-komarom-esztergom","12":"tag-voroskereszt"},"yoast_head":"<!-- This site is optimized with the Yoast SEO plugin v27.5 - https:\/\/yoast.com\/product\/yoast-seo-wordpress\/ -->\n<title>J\u00f3t\u00e9konys\u00e1gi \u00e1rver\u00e9st tartott a megyei V\u00f6r\u00f6skereszt<\/title>\n<meta name=\"robots\" content=\"index, follow, max-snippet:-1, max-image-preview:large, max-video-preview:-1\" \/>\n<link rel=\"canonical\" href=\"https:\/\/dorogimedence.hu\/index.php\/2018\/03\/26\/jotekonysagi-arverest-tartott-a-megyei-voroskereszt\/\" class=\"yoast-seo-meta-tag\" \/>\n<meta property=\"og:locale\" content=\"hu_HU\" class=\"yoast-seo-meta-tag\" \/>\n<meta property=\"og:type\" content=\"article\" class=\"yoast-seo-meta-tag\" \/>\n<meta property=\"og:title\" content=\"J\u00f3t\u00e9konys\u00e1gi \u00e1rver\u00e9st tartott a megyei V\u00f6r\u00f6skereszt\" class=\"yoast-seo-meta-tag\" \/>\n<meta property=\"og:description\" content=\"\u00d6sszetartozunk \u2013 Egym\u00e1s\u00e9rt vagyunk c\u00edmen t\u00e1mogat\u00f3 k\u00f6z\u00f6ss\u00e9get hozott l\u00e9tre a megyei V\u00f6r\u00f6skereszt. Idei els\u0151 j\u00f3t\u00e9konys\u00e1gi rendezv\u00e9ny\u00fckre pedig m\u00e1rcius 23-\u00e1n ker\u00fclt sor. A Kezdem\u00e9nyez\u00e9shez csatlakozott Levente P\u00e9ter J\u00e1szai Mari-d\u00edjas sz\u00edn\u00e9sz-rendez\u0151, D\u00f6brentey Ildik\u00f3 Prima Primissima-d\u00edjas \u00edr\u00f3n\u0151, Csernoviczki \u00c9va olimpiai bronz\u00e9rmes cselg\u00e1ncsoz\u00f3 \u00e9s Zantleitner Krisztina vil\u00e1gbajnok v\u00edzilabd\u00e1z\u00f3, edz\u0151 is. A k\u00f6z\u00f6ss\u00e9g az adom\u00e1nygy\u0171jt\u00e9st t\u0171zte ki f\u0151 c\u00e9lj\u00e1ul, ez\u00e9rt\" class=\"yoast-seo-meta-tag\" \/>\n<meta property=\"og:url\" content=\"https:\/\/dorogimedence.hu\/index.php\/2018\/03\/26\/jotekonysagi-arverest-tartott-a-megyei-voroskereszt\/\" class=\"yoast-seo-meta-tag\" \/>\n<meta property=\"og:site_name\" content=\"Dorogi-medence Region\u00e1lis H\u00edrport\u00e1l\" class=\"yoast-seo-meta-tag\" \/>\n<meta property=\"article:publisher\" content=\"https:\/\/www.facebook.com\/dorogimedence\/\" class=\"yoast-seo-meta-tag\" \/>\n<meta property=\"article:published_time\" content=\"2018-03-26T04:53:27+00:00\" class=\"yoast-seo-meta-tag\" \/>\n<meta property=\"og:image\" content=\"https:\/\/i0.wp.com\/dorogimedence.hu\/wp-content\/uploads\/2018\/03\/kodaly-voroskereszt.jpg?fit=670%2C365&ssl=1\" class=\"yoast-seo-meta-tag\" \/>\n\t<meta property=\"og:image:width\" content=\"670\" class=\"yoast-seo-meta-tag\" \/>\n\t<meta property=\"og:image:height\" content=\"365\" class=\"yoast-seo-meta-tag\" \/>\n\t<meta property=\"og:image:type\" content=\"image\/jpeg\" class=\"yoast-seo-meta-tag\" \/>\n<meta name=\"author\" content=\"dorogimedence.hu\" class=\"yoast-seo-meta-tag\" \/>\n<meta name=\"twitter:card\" content=\"summary_large_image\" class=\"yoast-seo-meta-tag\" \/>\n<meta name=\"twitter:label1\" content=\"Szerz\u0151:\" class=\"yoast-seo-meta-tag\" \/>\n\t<meta name=\"twitter:data1\" content=\"dorogimedence.hu\" class=\"yoast-seo-meta-tag\" \/>\n\t<meta name=\"twitter:label2\" content=\"Becs\u00fclt olvas\u00e1si id\u0151\" class=\"yoast-seo-meta-tag\" \/>\n\t<meta name=\"twitter:data2\" content=\"2 perc\" class=\"yoast-seo-meta-tag\" \/>\n<script type=\"application\/ld+json\" class=\"yoast-schema-graph\">{\"@context\":\"https:\\\/\\\/schema.org\",\"@graph\":[{\"@type\":\"Article\",\"@id\":\"https:\\\/\\\/dorogimedence.hu\\\/index.php\\\/2018\\\/03\\\/26\\\/jotekonysagi-arverest-tartott-a-megyei-voroskereszt\\\/#article\",\"isPartOf\":{\"@id\":\"https:\\\/\\\/dorogimedence.hu\\\/index.php\\\/2018\\\/03\\\/26\\\/jotekonysagi-arverest-tartott-a-megyei-voroskereszt\\\/\"},\"author\":{\"name\":\"dorogimedence.hu\",\"@id\":\"https:\\\/\\\/dorogimedence.hu\\\/#\\\/schema\\\/person\\\/ce6091eeb7e95ecdc87890d6aa8e0fd4\"},\"headline\":\"J\u00f3t\u00e9konys\u00e1gi \u00e1rver\u00e9st tartott a megyei V\u00f6r\u00f6skereszt\",\"datePublished\":\"2018-03-26T04:53:27+00:00\",\"mainEntityOfPage\":{\"@id\":\"https:\\\/\\\/dorogimedence.hu\\\/index.php\\\/2018\\\/03\\\/26\\\/jotekonysagi-arverest-tartott-a-megyei-voroskereszt\\\/\"},\"wordCount\":357,\"publisher\":{\"@id\":\"https:\\\/\\\/dorogimedence.hu\\\/#organization\"},\"image\":{\"@id\":\"https:\\\/\\\/dorogimedence.hu\\\/index.php\\\/2018\\\/03\\\/26\\\/jotekonysagi-arverest-tartott-a-megyei-voroskereszt\\\/#primaryimage\"},\"thumbnailUrl\":\"https:\\\/\\\/dorogimedence.hu\\\/wp-content\\\/uploads\\\/2018\\\/03\\\/kodaly-voroskereszt.jpg\",\"keywords\":[\"aukci\u00f3\",\"j\u00f3t\u00e9konys\u00e1gi rendezv\u00e9ny\",\"Kom\u00e1rom-Esztergom\",\"v\u00f6r\u00f6skereszt\"],\"articleSection\":[\"H\u00edrek\",\"Kom\u00e1rom-Esztergom\"],\"inLanguage\":\"hu\"},{\"@type\":\"WebPage\",\"@id\":\"https:\\\/\\\/dorogimedence.hu\\\/index.php\\\/2018\\\/03\\\/26\\\/jotekonysagi-arverest-tartott-a-megyei-voroskereszt\\\/\",\"url\":\"https:\\\/\\\/dorogimedence.hu\\\/index.php\\\/2018\\\/03\\\/26\\\/jotekonysagi-arverest-tartott-a-megyei-voroskereszt\\\/\",\"name\":\"J\u00f3t\u00e9konys\u00e1gi \u00e1rver\u00e9st tartott a megyei V\u00f6r\u00f6skereszt\",\"isPartOf\":{\"@id\":\"https:\\\/\\\/dorogimedence.hu\\\/#website\"},\"primaryImageOfPage\":{\"@id\":\"https:\\\/\\\/dorogimedence.hu\\\/index.php\\\/2018\\\/03\\\/26\\\/jotekonysagi-arverest-tartott-a-megyei-voroskereszt\\\/#primaryimage\"},\"image\":{\"@id\":\"https:\\\/\\\/dorogimedence.hu\\\/index.php\\\/2018\\\/03\\\/26\\\/jotekonysagi-arverest-tartott-a-megyei-voroskereszt\\\/#primaryimage\"},\"thumbnailUrl\":\"https:\\\/\\\/dorogimedence.hu\\\/wp-content\\\/uploads\\\/2018\\\/03\\\/kodaly-voroskereszt.jpg\",\"datePublished\":\"2018-03-26T04:53:27+00:00\",\"breadcrumb\":{\"@id\":\"https:\\\/\\\/dorogimedence.hu\\\/index.php\\\/2018\\\/03\\\/26\\\/jotekonysagi-arverest-tartott-a-megyei-voroskereszt\\\/#breadcrumb\"},\"inLanguage\":\"hu\",\"potentialAction\":[{\"@type\":\"ReadAction\",\"target\":[\"https:\\\/\\\/dorogimedence.hu\\\/index.php\\\/2018\\\/03\\\/26\\\/jotekonysagi-arverest-tartott-a-megyei-voroskereszt\\\/\"]}]},{\"@type\":\"ImageObject\",\"inLanguage\":\"hu\",\"@id\":\"https:\\\/\\\/dorogimedence.hu\\\/index.php\\\/2018\\\/03\\\/26\\\/jotekonysagi-arverest-tartott-a-megyei-voroskereszt\\\/#primaryimage\",\"url\":\"https:\\\/\\\/dorogimedence.hu\\\/wp-content\\\/uploads\\\/2018\\\/03\\\/kodaly-voroskereszt.jpg\",\"contentUrl\":\"https:\\\/\\\/dorogimedence.hu\\\/wp-content\\\/uploads\\\/2018\\\/03\\\/kodaly-voroskereszt.jpg\",\"width\":670,\"height\":365},{\"@type\":\"BreadcrumbList\",\"@id\":\"https:\\\/\\\/dorogimedence.hu\\\/index.php\\\/2018\\\/03\\\/26\\\/jotekonysagi-arverest-tartott-a-megyei-voroskereszt\\\/#breadcrumb\",\"itemListElement\":[{\"@type\":\"ListItem\",\"position\":1,\"name\":\"Kezd\u0151lap\",\"item\":\"https:\\\/\\\/dorogimedence.hu\\\/\"},{\"@type\":\"ListItem\",\"position\":2,\"name\":\"J\u00f3t\u00e9konys\u00e1gi \u00e1rver\u00e9st tartott a megyei V\u00f6r\u00f6skereszt\"}]},{\"@type\":\"WebSite\",\"@id\":\"https:\\\/\\\/dorogimedence.hu\\\/#website\",\"url\":\"https:\\\/\\\/dorogimedence.hu\\\/\",\"name\":\"Dorogi-medence Region\u00e1lis H\u00edrport\u00e1l\",\"description\":\"Dorog, Keszt\u00f6lc, Le\u00e1nyv\u00e1r, Piliscs\u00e9v, Tokod, Tokodalt\u00e1r\u00f3, Csolnok, Esztergom-kertv\u00e1ros: h\u00edrek, programok\",\"publisher\":{\"@id\":\"https:\\\/\\\/dorogimedence.hu\\\/#organization\"},\"potentialAction\":[{\"@type\":\"SearchAction\",\"target\":{\"@type\":\"EntryPoint\",\"urlTemplate\":\"https:\\\/\\\/dorogimedence.hu\\\/?s={search_term_string}\"},\"query-input\":{\"@type\":\"PropertyValueSpecification\",\"valueRequired\":true,\"valueName\":\"search_term_string\"}}],\"inLanguage\":\"hu\"},{\"@type\":\"Organization\",\"@id\":\"https:\\\/\\\/dorogimedence.hu\\\/#organization\",\"name\":\"Dorogi-medence Region\u00e1lis H\u00edrport\u00e1l\",\"url\":\"https:\\\/\\\/dorogimedence.hu\\\/\",\"logo\":{\"@type\":\"ImageObject\",\"inLanguage\":\"hu\",\"@id\":\"https:\\\/\\\/dorogimedence.hu\\\/#\\\/schema\\\/logo\\\/image\\\/\",\"url\":\"https:\\\/\\\/dorogimedence.hu\\\/wp-content\\\/uploads\\\/2021\\\/04\\\/logo-feher-600.png\",\"contentUrl\":\"https:\\\/\\\/dorogimedence.hu\\\/wp-content\\\/uploads\\\/2021\\\/04\\\/logo-feher-600.png\",\"width\":600,\"height\":100,\"caption\":\"Dorogi-medence Region\u00e1lis H\u00edrport\u00e1l\"},\"image\":{\"@id\":\"https:\\\/\\\/dorogimedence.hu\\\/#\\\/schema\\\/logo\\\/image\\\/\"},\"sameAs\":[\"https:\\\/\\\/www.facebook.com\\\/dorogimedence\\\/\"]},{\"@type\":\"Person\",\"@id\":\"https:\\\/\\\/dorogimedence.hu\\\/#\\\/schema\\\/person\\\/ce6091eeb7e95ecdc87890d6aa8e0fd4\",\"name\":\"dorogimedence.hu\",\"image\":{\"@type\":\"ImageObject\",\"inLanguage\":\"hu\",\"@id\":\"\\\/\\\/www.gravatar.com\\\/avatar\\\/d8d45f8901aadff40a4af72c0b826f1d?s=96&#038;r=g&#038;d=mm\",\"url\":\"\\\/\\\/www.gravatar.com\\\/avatar\\\/d8d45f8901aadff40a4af72c0b826f1d?s=96&#038;r=g&#038;d=mm\",\"contentUrl\":\"\\\/\\\/www.gravatar.com\\\/avatar\\\/d8d45f8901aadff40a4af72c0b826f1d?s=96&#038;r=g&#038;d=mm\",\"caption\":\"dorogimedence.hu\"}}]}<\/script>\n<!-- \/ Yoast SEO plugin. -->","yoast_head_json":{"title":"J\u00f3t\u00e9konys\u00e1gi \u00e1rver\u00e9st tartott a megyei V\u00f6r\u00f6skereszt","robots":{"index":"index","follow":"follow","max-snippet":"max-snippet:-1","max-image-preview":"max-image-preview:large","max-video-preview":"max-video-preview:-1"},"canonical":"https:\/\/dorogimedence.hu\/index.php\/2018\/03\/26\/jotekonysagi-arverest-tartott-a-megyei-voroskereszt\/","og_locale":"hu_HU","og_type":"article","og_title":"J\u00f3t\u00e9konys\u00e1gi \u00e1rver\u00e9st tartott a megyei V\u00f6r\u00f6skereszt","og_description":"\u00d6sszetartozunk \u2013 Egym\u00e1s\u00e9rt vagyunk c\u00edmen t\u00e1mogat\u00f3 k\u00f6z\u00f6ss\u00e9get hozott l\u00e9tre a megyei V\u00f6r\u00f6skereszt. Idei els\u0151 j\u00f3t\u00e9konys\u00e1gi rendezv\u00e9ny\u00fckre pedig m\u00e1rcius 23-\u00e1n ker\u00fclt sor. A Kezdem\u00e9nyez\u00e9shez csatlakozott Levente P\u00e9ter J\u00e1szai Mari-d\u00edjas sz\u00edn\u00e9sz-rendez\u0151, D\u00f6brentey Ildik\u00f3 Prima Primissima-d\u00edjas \u00edr\u00f3n\u0151, Csernoviczki \u00c9va olimpiai bronz\u00e9rmes cselg\u00e1ncsoz\u00f3 \u00e9s Zantleitner Krisztina vil\u00e1gbajnok v\u00edzilabd\u00e1z\u00f3, edz\u0151 is. A k\u00f6z\u00f6ss\u00e9g az adom\u00e1nygy\u0171jt\u00e9st t\u0171zte ki f\u0151 c\u00e9lj\u00e1ul, ez\u00e9rt","og_url":"https:\/\/dorogimedence.hu\/index.php\/2018\/03\/26\/jotekonysagi-arverest-tartott-a-megyei-voroskereszt\/","og_site_name":"Dorogi-medence Region\u00e1lis H\u00edrport\u00e1l","article_publisher":"https:\/\/www.facebook.com\/dorogimedence\/","article_published_time":"2018-03-26T04:53:27+00:00","og_image":[{"width":670,"height":365,"url":"https:\/\/i0.wp.com\/dorogimedence.hu\/wp-content\/uploads\/2018\/03\/kodaly-voroskereszt.jpg?fit=670%2C365&ssl=1","type":"image\/jpeg"}],"author":"dorogimedence.hu","twitter_card":"summary_large_image","twitter_misc":{"Szerz\u0151:":"dorogimedence.hu","Becs\u00fclt olvas\u00e1si id\u0151":"2 perc"},"schema":{"@context":"https:\/\/schema.org","@graph":[{"@type":"Article","@id":"https:\/\/dorogimedence.hu\/index.php\/2018\/03\/26\/jotekonysagi-arverest-tartott-a-megyei-voroskereszt\/#article","isPartOf":{"@id":"https:\/\/dorogimedence.hu\/index.php\/2018\/03\/26\/jotekonysagi-arverest-tartott-a-megyei-voroskereszt\/"},"author":{"name":"dorogimedence.hu","@id":"https:\/\/dorogimedence.hu\/#\/schema\/person\/ce6091eeb7e95ecdc87890d6aa8e0fd4"},"headline":"J\u00f3t\u00e9konys\u00e1gi \u00e1rver\u00e9st tartott a megyei V\u00f6r\u00f6skereszt","datePublished":"2018-03-26T04:53:27+00:00","mainEntityOfPage":{"@id":"https:\/\/dorogimedence.hu\/index.php\/2018\/03\/26\/jotekonysagi-arverest-tartott-a-megyei-voroskereszt\/"},"wordCount":357,"publisher":{"@id":"https:\/\/dorogimedence.hu\/#organization"},"image":{"@id":"https:\/\/dorogimedence.hu\/index.php\/2018\/03\/26\/jotekonysagi-arverest-tartott-a-megyei-voroskereszt\/#primaryimage"},"thumbnailUrl":"https:\/\/dorogimedence.hu\/wp-content\/uploads\/2018\/03\/kodaly-voroskereszt.jpg","keywords":["aukci\u00f3","j\u00f3t\u00e9konys\u00e1gi rendezv\u00e9ny","Kom\u00e1rom-Esztergom","v\u00f6r\u00f6skereszt"],"articleSection":["H\u00edrek","Kom\u00e1rom-Esztergom"],"inLanguage":"hu"},{"@type":"WebPage","@id":"https:\/\/dorogimedence.hu\/index.php\/2018\/03\/26\/jotekonysagi-arverest-tartott-a-megyei-voroskereszt\/","url":"https:\/\/dorogimedence.hu\/index.php\/2018\/03\/26\/jotekonysagi-arverest-tartott-a-megyei-voroskereszt\/","name":"J\u00f3t\u00e9konys\u00e1gi \u00e1rver\u00e9st tartott a megyei V\u00f6r\u00f6skereszt","isPartOf":{"@id":"https:\/\/dorogimedence.hu\/#website"},"primaryImageOfPage":{"@id":"https:\/\/dorogimedence.hu\/index.php\/2018\/03\/26\/jotekonysagi-arverest-tartott-a-megyei-voroskereszt\/#primaryimage"},"image":{"@id":"https:\/\/dorogimedence.hu\/index.php\/2018\/03\/26\/jotekonysagi-arverest-tartott-a-megyei-voroskereszt\/#primaryimage"},"thumbnailUrl":"https:\/\/dorogimedence.hu\/wp-content\/uploads\/2018\/03\/kodaly-voroskereszt.jpg","datePublished":"2018-03-26T04:53:27+00:00","breadcrumb":{"@id":"https:\/\/dorogimedence.hu\/index.php\/2018\/03\/26\/jotekonysagi-arverest-tartott-a-megyei-voroskereszt\/#breadcrumb"},"inLanguage":"hu","potentialAction":[{"@type":"ReadAction","target":["https:\/\/dorogimedence.hu\/index.php\/2018\/03\/26\/jotekonysagi-arverest-tartott-a-megyei-voroskereszt\/"]}]},{"@type":"ImageObject","inLanguage":"hu","@id":"https:\/\/dorogimedence.hu\/index.php\/2018\/03\/26\/jotekonysagi-arverest-tartott-a-megyei-voroskereszt\/#primaryimage","url":"https:\/\/dorogimedence.hu\/wp-content\/uploads\/2018\/03\/kodaly-voroskereszt.jpg","contentUrl":"https:\/\/dorogimedence.hu\/wp-content\/uploads\/2018\/03\/kodaly-voroskereszt.jpg","width":670,"height":365},{"@type":"BreadcrumbList","@id":"https:\/\/dorogimedence.hu\/index.php\/2018\/03\/26\/jotekonysagi-arverest-tartott-a-megyei-voroskereszt\/#breadcrumb","itemListElement":[{"@type":"ListItem","position":1,"name":"Kezd\u0151lap","item":"https:\/\/dorogimedence.hu\/"},{"@type":"ListItem","position":2,"name":"J\u00f3t\u00e9konys\u00e1gi \u00e1rver\u00e9st tartott a megyei V\u00f6r\u00f6skereszt"}]},{"@type":"WebSite","@id":"https:\/\/dorogimedence.hu\/#website","url":"https:\/\/dorogimedence.hu\/","name":"Dorogi-medence Region\u00e1lis H\u00edrport\u00e1l","description":"Dorog, Keszt\u00f6lc, Le\u00e1nyv\u00e1r, Piliscs\u00e9v, Tokod, Tokodalt\u00e1r\u00f3, Csolnok, Esztergom-kertv\u00e1ros: h\u00edrek, programok","publisher":{"@id":"https:\/\/dorogimedence.hu\/#organization"},"potentialAction":[{"@type":"SearchAction","target":{"@type":"EntryPoint","urlTemplate":"https:\/\/dorogimedence.hu\/?s={search_term_string}"},"query-input":{"@type":"PropertyValueSpecification","valueRequired":true,"valueName":"search_term_string"}}],"inLanguage":"hu"},{"@type":"Organization","@id":"https:\/\/dorogimedence.hu\/#organization","name":"Dorogi-medence Region\u00e1lis H\u00edrport\u00e1l","url":"https:\/\/dorogimedence.hu\/","logo":{"@type":"ImageObject","inLanguage":"hu","@id":"https:\/\/dorogimedence.hu\/#\/schema\/logo\/image\/","url":"https:\/\/dorogimedence.hu\/wp-content\/uploads\/2021\/04\/logo-feher-600.png","contentUrl":"https:\/\/dorogimedence.hu\/wp-content\/uploads\/2021\/04\/logo-feher-600.png","width":600,"height":100,"caption":"Dorogi-medence Region\u00e1lis H\u00edrport\u00e1l"},"image":{"@id":"https:\/\/dorogimedence.hu\/#\/schema\/logo\/image\/"},"sameAs":["https:\/\/www.facebook.com\/dorogimedence\/"]},{"@type":"Person","@id":"https:\/\/dorogimedence.hu\/#\/schema\/person\/ce6091eeb7e95ecdc87890d6aa8e0fd4","name":"dorogimedence.hu","image":{"@type":"ImageObject","inLanguage":"hu","@id":"\/\/www.gravatar.com\/avatar\/d8d45f8901aadff40a4af72c0b826f1d?s=96&#038;r=g&#038;d=mm","url":"\/\/www.gravatar.com\/avatar\/d8d45f8901aadff40a4af72c0b826f1d?s=96&#038;r=g&#038;d=mm","contentUrl":"\/\/www.gravatar.com\/avatar\/d8d45f8901aadff40a4af72c0b826f1d?s=96&#038;r=g&#038;d=mm","caption":"dorogimedence.hu"}}]}},"_links":{"self":[{"href":"https:\/\/dorogimedence.hu\/index.php\/wp-json\/wp\/v2\/posts\/9109","targetHints":{"allow":["GET"]}}],"collection":[{"href":"https:\/\/dorogimedence.hu\/index.php\/wp-json\/wp\/v2\/posts"}],"about":[{"href":"https:\/\/dorogimedence.hu\/index.php\/wp-json\/wp\/v2\/types\/post"}],"author":[{"embeddable":true,"href":"https:\/\/dorogimedence.hu\/index.php\/wp-json\/wp\/v2\/users\/1"}],"replies":[{"embeddable":true,"href":"https:\/\/dorogimedence.hu\/index.php\/wp-json\/wp\/v2\/comments?post=9109"}],"version-history":[{"count":0,"href":"https:\/\/dorogimedence.hu\/index.php\/wp-json\/wp\/v2\/posts\/9109\/revisions"}],"wp:featuredmedia":[{"embeddable":true,"href":"https:\/\/dorogimedence.hu\/index.php\/wp-json\/wp\/v2\/media\/9110"}],"wp:attachment":[{"href":"https:\/\/dorogimedence.hu\/index.php\/wp-json\/wp\/v2\/media?parent=9109"}],"wp:term":[{"taxonomy":"category","embeddable":true,"href":"https:\/\/dorogimedence.hu\/index.php\/wp-json\/wp\/v2\/categories?post=9109"},{"taxonomy":"post_tag","embeddable":true,"href":"https:\/\/dorogimedence.hu\/index.php\/wp-json\/wp\/v2\/tags?post=9109"}],"curies":[{"name":"wp","href":"https:\/\/api.w.org\/{rel}","templated":true}]}}