{"id":8892,"date":"2018-03-13T13:57:20","date_gmt":"2018-03-13T12:57:20","guid":{"rendered":"http:\/\/dorogimedence.hu\/?p=8892"},"modified":"2018-03-13T13:57:20","modified_gmt":"2018-03-13T12:57:20","slug":"kaszas-geza-az-esztergomi-konyvtarban","status":"publish","type":"post","link":"https:\/\/dorogimedence.hu\/index.php\/2018\/03\/13\/kaszas-geza-az-esztergomi-konyvtarban\/","title":{"rendered":"Kasz\u00e1s G\u00e9za az esztergomi k\u00f6nyvt\u00e1rban"},"content":{"rendered":"<p><strong>Az esztergomi Helischer J\u00f3zsef V\u00e1rosi K\u00f6nyvt\u00e1r K\u00f6nyvt\u00e1ri besz\u00e9lget\u00e9sek m\u00e1rcius 12-i vend\u00e9ge Kasz\u00e1s G\u00e9za sz\u00edn\u00e9sz, filmrendez\u0151 volt.<\/strong><\/p>\n<p>A sz\u00edn\u00e9sz k\u00e9sett kicsit, mint megtudtuk, a v\u00e1rban j\u00e1rt \u201enosztalgi\u00e1zni\u201d: 30 \u00e9vvel ezel\u0151tt b\u00e1b\u00e1skodott a V\u00e1rsz\u00ednh\u00e1z megalakul\u00e1s\u00e1n\u00e1l. A darab, amelyet akkor egy h\u00e9tig nagy sikerrel j\u00e1tszottak, a f\u0151iskol\u00e1s vizsgadarabjuk volt, c\u00edme <em>Legenda a dics\u0151s\u00e9ges felt\u00e1mad\u00e1sr\u00f3l.<\/em> <em>\u00a0<\/em><\/p>\n<p>Kasz\u00e1s G\u00e9za \u00e9letp\u00e1ly\u00e1ja nem egyenesen a sz\u00edn\u00e9szet fel\u00e9 vezetett, \u00e9retts\u00e9gi ut\u00e1n a gy\u00f6ngy\u00f6si mez\u0151gazdas\u00e1gi f\u0151iskol\u00e1n \u00fczemszervez\u0151 \u00fczemm\u00e9rn\u00f6ki oklevelet szerzett. Sz\u00edn\u00e9szi p\u00e1ly\u00e1j\u00e1t a Sz\u00ednh\u00e1z- \u00e9s Filmm\u0171v\u00e9szeti F\u0151iskola elv\u00e9gz\u00e9se ut\u00e1n 1986-ban a Szegedi Nemzeti Sz\u00ednh\u00e1zban kezdte. 1989-t\u0151l a F\u00fcggetlen Sz\u00ednpad, 2014-t\u0151l pedig a Turay Ida Sz\u00ednh\u00e1z tagja. Karaktersz\u00edn\u00e9sz, aki sikerrel alak\u00edt romantikus h\u0151s\u00f6ket. Jelenleg az \u00dajsz\u00ednh\u00e1zban egy st\u00fadi\u00f3sz\u00ednh\u00e1zi darabban j\u00e1tszik.<\/p>\n<p>Tov\u00e1bbra is nagy az \u00e9rdekl\u0151d\u00e9s Lovas\u00edj\u00e1sz c\u00edm\u0171 dokumentumfilmje ir\u00e1nt. A film nagy n\u00e9zetts\u00e9ge elgondolkodtat\u00f3 \u2013dokumentumfilm utolj\u00e1ra h\u00e9t \u00e9vvel ezel\u0151tt tudott hasonl\u00f3 sikert el\u00e9rni. A film a hun\u2013magyar rokons\u00e1got igyekszik bizony\u00edtani Kassai Lajos nemzetk\u00f6zi h\u00edr\u0171 lovas\u00edj\u00e1sz munk\u00e1ss\u00e1g\u00e1n kereszt\u00fcl. Sokan k\u00edv\u00e1ncsiak Kassai gondolataira, n\u00e9pszer\u0171ek a magyar kult\u00fara gy\u00f6kereir\u0151l vallott n\u00e9zetei. Kezdetben azt felt\u00e9telezte, hogy a filmet majd megn\u00e9zi a lovas\u00edj\u00e1sz t\u00e1rsadalom, a rokonok, a lovak ir\u00e1nt \u00e9rdekl\u0151d\u0151k, de ilyen nagysz\u00e1m\u00fa k\u00f6z\u00f6ns\u00e9gre nem sz\u00e1m\u00edtott. Azt gondolja, hogy itt maga a t\u00e9ma \u2013 amit Kassai Lajos szem\u00e9ly\u00e9n kereszt\u00fcl boncolgat a filmben \u2013 \u201erobbant\u201d. Az emberek ugyanis r\u00e1 akarnak ismerni magukra, arra a kult\u00far\u00e1ra, identit\u00e1sra, aminek a mai napig r\u00e9szesei. Mivel rengeteg a f\u00e9lremagyar\u00e1z\u00e1s, szeretn\u00e9nek m\u00e1r valamit biztosan tudni. Biztosat tudni arr\u00f3l, hogy azok az \u0151sk\u00e9pek, amelyek benn\u00fck mozognak, val\u00f3diak. A Lovas\u00edj\u00e1sz az elm\u00falt egy \u00e9vben \u00e1tl\u00e9pte a magyar filmekn\u00e9l ritka 100 ezres n\u00e9z\u0151sz\u00e1mot.<\/p>\n<p><img fetchpriority=\"high\" decoding=\"async\" class=\"alignnone size-full wp-image-8894\" src=\"https:\/\/dorogimedence.hu\/wp-content\/uploads\/2018\/03\/kaszas-geza-02.jpg\" alt=\"\" width=\"670\" height=\"365\" srcset=\"https:\/\/dorogimedence.hu\/wp-content\/uploads\/2018\/03\/kaszas-geza-02.jpg 670w, https:\/\/dorogimedence.hu\/wp-content\/uploads\/2018\/03\/kaszas-geza-02-300x163.jpg 300w\" sizes=\"(max-width: 670px) 100vw, 670px\" \/><\/p>\n<p>J\u00f6v\u0151beni terveir\u0151l is sz\u00f3lt Kasz\u00e1s G\u00e9za; egy \u00fajabb dokumentumfilmet szeretne tet\u0151 al\u00e1 hozni. K\u00edv\u00e1ncsi arra, mit tudnak r\u00f3lunk \u00e9s sz\u00e1rmaz\u00e1sunkr\u00f3l a vil\u00e1gban. Sok k\u00fclf\u00f6ldi helysz\u00ednt tervez ebbe a filmbe, szeretne eljutni Bels\u0151-Mong\u00f3li\u00e1ba, Indi\u00e1ba, Oroszorsz\u00e1g legeldugottabb t\u00e1jaira, hogy megmutassa azt a soksz\u00edn\u0171 k\u00e9pet, amely r\u00f3lunk \u00e9l. Most azon dolgozik, hogy megteremtse az anyagi felt\u00e9teleket a forgat\u00e1shoz. Tov\u00e1bb\u00e1 Pusk\u00e1s Ferencr\u0151l szeretne m\u00e9g egy nagyszab\u00e1s\u00fa filmet k\u00e9sz\u00edteni.<\/p>\n<p>A jelenl\u00e9v\u0151knek \u2013 akik f\u0151leg fiatalok voltak \u2013 azt tan\u00e1csolta, hogy mindenki tal\u00e1lja meg a maga lovas\u00edj\u00e1szat\u00e1t, azaz a flow-\u00e9lm\u00e9nyt, az elme m\u0171k\u00f6d\u00e9s\u00e9nek egy olyan \u00e1llapot\u00e1t, melynek sor\u00e1n az ember teljesen elmer\u00fcl abban, amit \u00e9ppen csin\u00e1l, amit\u0151l \u00f6r\u00f6mmel t\u00f6lt\u0151dik fel, abban teljesen felold\u00f3dik, minden m\u00e1s elt\u00f6rp\u00fcl mellette, s amit b\u00e1rmi \u00e1ron folytatni t\u00f6rekszik.<\/p>\n<p>Kasz\u00e1s G\u00e9za \u00e9rett szem\u00e9lyis\u00e9g, er\u0151s magyars\u00e1gtudattal, nagyon meggy\u0151z\u0151en besz\u00e9lt \u00e9lm\u00e9nyeir\u0151l, melyet a k\u00f6z\u00f6ns\u00e9g lelkes tapssal jutalmazott.<\/p>\n<p><em><strong>H\u00e1mosn\u00e9 Sz\u0151ke Anna<\/strong><\/em><\/p>\n<p><em>Fot\u00f3k: Steindl N\u00f3ra<\/em><\/p>\n","protected":false},"excerpt":{"rendered":"<p>Az esztergomi Helischer J\u00f3zsef V\u00e1rosi K\u00f6nyvt\u00e1r K\u00f6nyvt\u00e1ri besz\u00e9lget\u00e9sek m\u00e1rcius 12-i vend\u00e9ge Kasz\u00e1s G\u00e9za sz\u00edn\u00e9sz, filmrendez\u0151 volt. A sz\u00edn\u00e9sz k\u00e9sett kicsit, mint megtudtuk, a v\u00e1rban j\u00e1rt \u201enosztalgi\u00e1zni\u201d: 30 \u00e9vvel ezel\u0151tt b\u00e1b\u00e1skodott a V\u00e1rsz\u00ednh\u00e1z megalakul\u00e1s\u00e1n\u00e1l. A darab, amelyet akkor egy h\u00e9tig nagy sikerrel j\u00e1tszottak, a f\u0151iskol\u00e1s vizsgadarabjuk volt, c\u00edme Legenda a dics\u0151s\u00e9ges felt\u00e1mad\u00e1sr\u00f3l. \u00a0 Kasz\u00e1s G\u00e9za \u00e9letp\u00e1ly\u00e1ja<\/p>\n","protected":false},"author":1,"featured_media":8893,"comment_status":"closed","ping_status":"closed","sticky":false,"template":"","format":"standard","meta":{"ngg_post_thumbnail":0,"footnotes":""},"categories":[38,3],"tags":[42,1609,2336,1074],"class_list":{"0":"post-8892","1":"post","2":"type-post","3":"status-publish","4":"format-standard","5":"has-post-thumbnail","7":"category-esztergom","8":"category-hirek","9":"tag-esztergom","10":"tag-esztergomi-konyvtar","11":"tag-kaszas-geza","12":"tag-konyvtari-beszelgetesek"},"yoast_head":"<!-- This site is optimized with the Yoast SEO plugin v27.4 - https:\/\/yoast.com\/product\/yoast-seo-wordpress\/ -->\n<title>Kasz\u00e1s G\u00e9za az esztergomi k\u00f6nyvt\u00e1rban<\/title>\n<meta name=\"robots\" content=\"index, follow, max-snippet:-1, max-image-preview:large, max-video-preview:-1\" \/>\n<link rel=\"canonical\" href=\"https:\/\/dorogimedence.hu\/index.php\/2018\/03\/13\/kaszas-geza-az-esztergomi-konyvtarban\/\" class=\"yoast-seo-meta-tag\" \/>\n<meta property=\"og:locale\" content=\"hu_HU\" class=\"yoast-seo-meta-tag\" \/>\n<meta property=\"og:type\" content=\"article\" class=\"yoast-seo-meta-tag\" \/>\n<meta property=\"og:title\" content=\"Kasz\u00e1s G\u00e9za az esztergomi k\u00f6nyvt\u00e1rban\" class=\"yoast-seo-meta-tag\" \/>\n<meta property=\"og:description\" content=\"Az esztergomi Helischer J\u00f3zsef V\u00e1rosi K\u00f6nyvt\u00e1r K\u00f6nyvt\u00e1ri besz\u00e9lget\u00e9sek m\u00e1rcius 12-i vend\u00e9ge Kasz\u00e1s G\u00e9za sz\u00edn\u00e9sz, filmrendez\u0151 volt. A sz\u00edn\u00e9sz k\u00e9sett kicsit, mint megtudtuk, a v\u00e1rban j\u00e1rt \u201enosztalgi\u00e1zni\u201d: 30 \u00e9vvel ezel\u0151tt b\u00e1b\u00e1skodott a V\u00e1rsz\u00ednh\u00e1z megalakul\u00e1s\u00e1n\u00e1l. A darab, amelyet akkor egy h\u00e9tig nagy sikerrel j\u00e1tszottak, a f\u0151iskol\u00e1s vizsgadarabjuk volt, c\u00edme Legenda a dics\u0151s\u00e9ges felt\u00e1mad\u00e1sr\u00f3l. \u00a0 Kasz\u00e1s G\u00e9za \u00e9letp\u00e1ly\u00e1ja\" class=\"yoast-seo-meta-tag\" \/>\n<meta property=\"og:url\" content=\"https:\/\/dorogimedence.hu\/index.php\/2018\/03\/13\/kaszas-geza-az-esztergomi-konyvtarban\/\" class=\"yoast-seo-meta-tag\" \/>\n<meta property=\"og:site_name\" content=\"Dorogi-medence Region\u00e1lis H\u00edrport\u00e1l\" class=\"yoast-seo-meta-tag\" \/>\n<meta property=\"article:publisher\" content=\"https:\/\/www.facebook.com\/dorogimedence\/\" class=\"yoast-seo-meta-tag\" \/>\n<meta property=\"article:published_time\" content=\"2018-03-13T12:57:20+00:00\" class=\"yoast-seo-meta-tag\" \/>\n<meta property=\"og:image\" content=\"https:\/\/i0.wp.com\/dorogimedence.hu\/wp-content\/uploads\/2018\/03\/kaszas-geza-01.jpg?fit=670%2C365&ssl=1\" class=\"yoast-seo-meta-tag\" \/>\n\t<meta property=\"og:image:width\" content=\"670\" class=\"yoast-seo-meta-tag\" \/>\n\t<meta property=\"og:image:height\" content=\"365\" class=\"yoast-seo-meta-tag\" \/>\n\t<meta property=\"og:image:type\" content=\"image\/jpeg\" class=\"yoast-seo-meta-tag\" \/>\n<meta name=\"author\" content=\"dorogimedence.hu\" class=\"yoast-seo-meta-tag\" \/>\n<meta name=\"twitter:card\" content=\"summary_large_image\" class=\"yoast-seo-meta-tag\" \/>\n<meta name=\"twitter:label1\" content=\"Szerz\u0151:\" class=\"yoast-seo-meta-tag\" \/>\n\t<meta name=\"twitter:data1\" content=\"dorogimedence.hu\" class=\"yoast-seo-meta-tag\" \/>\n\t<meta name=\"twitter:label2\" content=\"Becs\u00fclt olvas\u00e1si id\u0151\" class=\"yoast-seo-meta-tag\" \/>\n\t<meta name=\"twitter:data2\" content=\"3 perc\" class=\"yoast-seo-meta-tag\" \/>\n<script type=\"application\/ld+json\" class=\"yoast-schema-graph\">{\"@context\":\"https:\\\/\\\/schema.org\",\"@graph\":[{\"@type\":\"Article\",\"@id\":\"https:\\\/\\\/dorogimedence.hu\\\/index.php\\\/2018\\\/03\\\/13\\\/kaszas-geza-az-esztergomi-konyvtarban\\\/#article\",\"isPartOf\":{\"@id\":\"https:\\\/\\\/dorogimedence.hu\\\/index.php\\\/2018\\\/03\\\/13\\\/kaszas-geza-az-esztergomi-konyvtarban\\\/\"},\"author\":{\"name\":\"dorogimedence.hu\",\"@id\":\"https:\\\/\\\/dorogimedence.hu\\\/#\\\/schema\\\/person\\\/ce6091eeb7e95ecdc87890d6aa8e0fd4\"},\"headline\":\"Kasz\u00e1s G\u00e9za az esztergomi k\u00f6nyvt\u00e1rban\",\"datePublished\":\"2018-03-13T12:57:20+00:00\",\"mainEntityOfPage\":{\"@id\":\"https:\\\/\\\/dorogimedence.hu\\\/index.php\\\/2018\\\/03\\\/13\\\/kaszas-geza-az-esztergomi-konyvtarban\\\/\"},\"wordCount\":629,\"publisher\":{\"@id\":\"https:\\\/\\\/dorogimedence.hu\\\/#organization\"},\"image\":{\"@id\":\"https:\\\/\\\/dorogimedence.hu\\\/index.php\\\/2018\\\/03\\\/13\\\/kaszas-geza-az-esztergomi-konyvtarban\\\/#primaryimage\"},\"thumbnailUrl\":\"https:\\\/\\\/dorogimedence.hu\\\/wp-content\\\/uploads\\\/2018\\\/03\\\/kaszas-geza-01.jpg\",\"keywords\":[\"esztergom\",\"esztergomi k\u00f6nyvt\u00e1r\",\"Kasz\u00e1s G\u00e9za\",\"k\u00f6nyvt\u00e1ri besz\u00e9lget\u00e9sek\"],\"articleSection\":[\"Esztergom\",\"H\u00edrek\"],\"inLanguage\":\"hu\"},{\"@type\":\"WebPage\",\"@id\":\"https:\\\/\\\/dorogimedence.hu\\\/index.php\\\/2018\\\/03\\\/13\\\/kaszas-geza-az-esztergomi-konyvtarban\\\/\",\"url\":\"https:\\\/\\\/dorogimedence.hu\\\/index.php\\\/2018\\\/03\\\/13\\\/kaszas-geza-az-esztergomi-konyvtarban\\\/\",\"name\":\"Kasz\u00e1s G\u00e9za az esztergomi k\u00f6nyvt\u00e1rban\",\"isPartOf\":{\"@id\":\"https:\\\/\\\/dorogimedence.hu\\\/#website\"},\"primaryImageOfPage\":{\"@id\":\"https:\\\/\\\/dorogimedence.hu\\\/index.php\\\/2018\\\/03\\\/13\\\/kaszas-geza-az-esztergomi-konyvtarban\\\/#primaryimage\"},\"image\":{\"@id\":\"https:\\\/\\\/dorogimedence.hu\\\/index.php\\\/2018\\\/03\\\/13\\\/kaszas-geza-az-esztergomi-konyvtarban\\\/#primaryimage\"},\"thumbnailUrl\":\"https:\\\/\\\/dorogimedence.hu\\\/wp-content\\\/uploads\\\/2018\\\/03\\\/kaszas-geza-01.jpg\",\"datePublished\":\"2018-03-13T12:57:20+00:00\",\"breadcrumb\":{\"@id\":\"https:\\\/\\\/dorogimedence.hu\\\/index.php\\\/2018\\\/03\\\/13\\\/kaszas-geza-az-esztergomi-konyvtarban\\\/#breadcrumb\"},\"inLanguage\":\"hu\",\"potentialAction\":[{\"@type\":\"ReadAction\",\"target\":[\"https:\\\/\\\/dorogimedence.hu\\\/index.php\\\/2018\\\/03\\\/13\\\/kaszas-geza-az-esztergomi-konyvtarban\\\/\"]}]},{\"@type\":\"ImageObject\",\"inLanguage\":\"hu\",\"@id\":\"https:\\\/\\\/dorogimedence.hu\\\/index.php\\\/2018\\\/03\\\/13\\\/kaszas-geza-az-esztergomi-konyvtarban\\\/#primaryimage\",\"url\":\"https:\\\/\\\/dorogimedence.hu\\\/wp-content\\\/uploads\\\/2018\\\/03\\\/kaszas-geza-01.jpg\",\"contentUrl\":\"https:\\\/\\\/dorogimedence.hu\\\/wp-content\\\/uploads\\\/2018\\\/03\\\/kaszas-geza-01.jpg\",\"width\":670,\"height\":365},{\"@type\":\"BreadcrumbList\",\"@id\":\"https:\\\/\\\/dorogimedence.hu\\\/index.php\\\/2018\\\/03\\\/13\\\/kaszas-geza-az-esztergomi-konyvtarban\\\/#breadcrumb\",\"itemListElement\":[{\"@type\":\"ListItem\",\"position\":1,\"name\":\"Kezd\u0151lap\",\"item\":\"https:\\\/\\\/dorogimedence.hu\\\/\"},{\"@type\":\"ListItem\",\"position\":2,\"name\":\"Kasz\u00e1s G\u00e9za az esztergomi k\u00f6nyvt\u00e1rban\"}]},{\"@type\":\"WebSite\",\"@id\":\"https:\\\/\\\/dorogimedence.hu\\\/#website\",\"url\":\"https:\\\/\\\/dorogimedence.hu\\\/\",\"name\":\"Dorogi-medence Region\u00e1lis H\u00edrport\u00e1l\",\"description\":\"Dorog, Keszt\u00f6lc, Le\u00e1nyv\u00e1r, Piliscs\u00e9v, Tokod, Tokodalt\u00e1r\u00f3, Csolnok, Esztergom-kertv\u00e1ros: h\u00edrek, programok\",\"publisher\":{\"@id\":\"https:\\\/\\\/dorogimedence.hu\\\/#organization\"},\"potentialAction\":[{\"@type\":\"SearchAction\",\"target\":{\"@type\":\"EntryPoint\",\"urlTemplate\":\"https:\\\/\\\/dorogimedence.hu\\\/?s={search_term_string}\"},\"query-input\":{\"@type\":\"PropertyValueSpecification\",\"valueRequired\":true,\"valueName\":\"search_term_string\"}}],\"inLanguage\":\"hu\"},{\"@type\":\"Organization\",\"@id\":\"https:\\\/\\\/dorogimedence.hu\\\/#organization\",\"name\":\"Dorogi-medence Region\u00e1lis H\u00edrport\u00e1l\",\"url\":\"https:\\\/\\\/dorogimedence.hu\\\/\",\"logo\":{\"@type\":\"ImageObject\",\"inLanguage\":\"hu\",\"@id\":\"https:\\\/\\\/dorogimedence.hu\\\/#\\\/schema\\\/logo\\\/image\\\/\",\"url\":\"https:\\\/\\\/dorogimedence.hu\\\/wp-content\\\/uploads\\\/2021\\\/04\\\/logo-feher-600.png\",\"contentUrl\":\"https:\\\/\\\/dorogimedence.hu\\\/wp-content\\\/uploads\\\/2021\\\/04\\\/logo-feher-600.png\",\"width\":600,\"height\":100,\"caption\":\"Dorogi-medence Region\u00e1lis H\u00edrport\u00e1l\"},\"image\":{\"@id\":\"https:\\\/\\\/dorogimedence.hu\\\/#\\\/schema\\\/logo\\\/image\\\/\"},\"sameAs\":[\"https:\\\/\\\/www.facebook.com\\\/dorogimedence\\\/\"]},{\"@type\":\"Person\",\"@id\":\"https:\\\/\\\/dorogimedence.hu\\\/#\\\/schema\\\/person\\\/ce6091eeb7e95ecdc87890d6aa8e0fd4\",\"name\":\"dorogimedence.hu\",\"image\":{\"@type\":\"ImageObject\",\"inLanguage\":\"hu\",\"@id\":\"\\\/\\\/www.gravatar.com\\\/avatar\\\/d8d45f8901aadff40a4af72c0b826f1d?s=96&#038;r=g&#038;d=mm\",\"url\":\"\\\/\\\/www.gravatar.com\\\/avatar\\\/d8d45f8901aadff40a4af72c0b826f1d?s=96&#038;r=g&#038;d=mm\",\"contentUrl\":\"\\\/\\\/www.gravatar.com\\\/avatar\\\/d8d45f8901aadff40a4af72c0b826f1d?s=96&#038;r=g&#038;d=mm\",\"caption\":\"dorogimedence.hu\"}}]}<\/script>\n<!-- \/ Yoast SEO plugin. -->","yoast_head_json":{"title":"Kasz\u00e1s G\u00e9za az esztergomi k\u00f6nyvt\u00e1rban","robots":{"index":"index","follow":"follow","max-snippet":"max-snippet:-1","max-image-preview":"max-image-preview:large","max-video-preview":"max-video-preview:-1"},"canonical":"https:\/\/dorogimedence.hu\/index.php\/2018\/03\/13\/kaszas-geza-az-esztergomi-konyvtarban\/","og_locale":"hu_HU","og_type":"article","og_title":"Kasz\u00e1s G\u00e9za az esztergomi k\u00f6nyvt\u00e1rban","og_description":"Az esztergomi Helischer J\u00f3zsef V\u00e1rosi K\u00f6nyvt\u00e1r K\u00f6nyvt\u00e1ri besz\u00e9lget\u00e9sek m\u00e1rcius 12-i vend\u00e9ge Kasz\u00e1s G\u00e9za sz\u00edn\u00e9sz, filmrendez\u0151 volt. A sz\u00edn\u00e9sz k\u00e9sett kicsit, mint megtudtuk, a v\u00e1rban j\u00e1rt \u201enosztalgi\u00e1zni\u201d: 30 \u00e9vvel ezel\u0151tt b\u00e1b\u00e1skodott a V\u00e1rsz\u00ednh\u00e1z megalakul\u00e1s\u00e1n\u00e1l. A darab, amelyet akkor egy h\u00e9tig nagy sikerrel j\u00e1tszottak, a f\u0151iskol\u00e1s vizsgadarabjuk volt, c\u00edme Legenda a dics\u0151s\u00e9ges felt\u00e1mad\u00e1sr\u00f3l. \u00a0 Kasz\u00e1s G\u00e9za \u00e9letp\u00e1ly\u00e1ja","og_url":"https:\/\/dorogimedence.hu\/index.php\/2018\/03\/13\/kaszas-geza-az-esztergomi-konyvtarban\/","og_site_name":"Dorogi-medence Region\u00e1lis H\u00edrport\u00e1l","article_publisher":"https:\/\/www.facebook.com\/dorogimedence\/","article_published_time":"2018-03-13T12:57:20+00:00","og_image":[{"width":670,"height":365,"url":"https:\/\/i0.wp.com\/dorogimedence.hu\/wp-content\/uploads\/2018\/03\/kaszas-geza-01.jpg?fit=670%2C365&ssl=1","type":"image\/jpeg"}],"author":"dorogimedence.hu","twitter_card":"summary_large_image","twitter_misc":{"Szerz\u0151:":"dorogimedence.hu","Becs\u00fclt olvas\u00e1si id\u0151":"3 perc"},"schema":{"@context":"https:\/\/schema.org","@graph":[{"@type":"Article","@id":"https:\/\/dorogimedence.hu\/index.php\/2018\/03\/13\/kaszas-geza-az-esztergomi-konyvtarban\/#article","isPartOf":{"@id":"https:\/\/dorogimedence.hu\/index.php\/2018\/03\/13\/kaszas-geza-az-esztergomi-konyvtarban\/"},"author":{"name":"dorogimedence.hu","@id":"https:\/\/dorogimedence.hu\/#\/schema\/person\/ce6091eeb7e95ecdc87890d6aa8e0fd4"},"headline":"Kasz\u00e1s G\u00e9za az esztergomi k\u00f6nyvt\u00e1rban","datePublished":"2018-03-13T12:57:20+00:00","mainEntityOfPage":{"@id":"https:\/\/dorogimedence.hu\/index.php\/2018\/03\/13\/kaszas-geza-az-esztergomi-konyvtarban\/"},"wordCount":629,"publisher":{"@id":"https:\/\/dorogimedence.hu\/#organization"},"image":{"@id":"https:\/\/dorogimedence.hu\/index.php\/2018\/03\/13\/kaszas-geza-az-esztergomi-konyvtarban\/#primaryimage"},"thumbnailUrl":"https:\/\/dorogimedence.hu\/wp-content\/uploads\/2018\/03\/kaszas-geza-01.jpg","keywords":["esztergom","esztergomi k\u00f6nyvt\u00e1r","Kasz\u00e1s G\u00e9za","k\u00f6nyvt\u00e1ri besz\u00e9lget\u00e9sek"],"articleSection":["Esztergom","H\u00edrek"],"inLanguage":"hu"},{"@type":"WebPage","@id":"https:\/\/dorogimedence.hu\/index.php\/2018\/03\/13\/kaszas-geza-az-esztergomi-konyvtarban\/","url":"https:\/\/dorogimedence.hu\/index.php\/2018\/03\/13\/kaszas-geza-az-esztergomi-konyvtarban\/","name":"Kasz\u00e1s G\u00e9za az esztergomi k\u00f6nyvt\u00e1rban","isPartOf":{"@id":"https:\/\/dorogimedence.hu\/#website"},"primaryImageOfPage":{"@id":"https:\/\/dorogimedence.hu\/index.php\/2018\/03\/13\/kaszas-geza-az-esztergomi-konyvtarban\/#primaryimage"},"image":{"@id":"https:\/\/dorogimedence.hu\/index.php\/2018\/03\/13\/kaszas-geza-az-esztergomi-konyvtarban\/#primaryimage"},"thumbnailUrl":"https:\/\/dorogimedence.hu\/wp-content\/uploads\/2018\/03\/kaszas-geza-01.jpg","datePublished":"2018-03-13T12:57:20+00:00","breadcrumb":{"@id":"https:\/\/dorogimedence.hu\/index.php\/2018\/03\/13\/kaszas-geza-az-esztergomi-konyvtarban\/#breadcrumb"},"inLanguage":"hu","potentialAction":[{"@type":"ReadAction","target":["https:\/\/dorogimedence.hu\/index.php\/2018\/03\/13\/kaszas-geza-az-esztergomi-konyvtarban\/"]}]},{"@type":"ImageObject","inLanguage":"hu","@id":"https:\/\/dorogimedence.hu\/index.php\/2018\/03\/13\/kaszas-geza-az-esztergomi-konyvtarban\/#primaryimage","url":"https:\/\/dorogimedence.hu\/wp-content\/uploads\/2018\/03\/kaszas-geza-01.jpg","contentUrl":"https:\/\/dorogimedence.hu\/wp-content\/uploads\/2018\/03\/kaszas-geza-01.jpg","width":670,"height":365},{"@type":"BreadcrumbList","@id":"https:\/\/dorogimedence.hu\/index.php\/2018\/03\/13\/kaszas-geza-az-esztergomi-konyvtarban\/#breadcrumb","itemListElement":[{"@type":"ListItem","position":1,"name":"Kezd\u0151lap","item":"https:\/\/dorogimedence.hu\/"},{"@type":"ListItem","position":2,"name":"Kasz\u00e1s G\u00e9za az esztergomi k\u00f6nyvt\u00e1rban"}]},{"@type":"WebSite","@id":"https:\/\/dorogimedence.hu\/#website","url":"https:\/\/dorogimedence.hu\/","name":"Dorogi-medence Region\u00e1lis H\u00edrport\u00e1l","description":"Dorog, Keszt\u00f6lc, Le\u00e1nyv\u00e1r, Piliscs\u00e9v, Tokod, Tokodalt\u00e1r\u00f3, Csolnok, Esztergom-kertv\u00e1ros: h\u00edrek, programok","publisher":{"@id":"https:\/\/dorogimedence.hu\/#organization"},"potentialAction":[{"@type":"SearchAction","target":{"@type":"EntryPoint","urlTemplate":"https:\/\/dorogimedence.hu\/?s={search_term_string}"},"query-input":{"@type":"PropertyValueSpecification","valueRequired":true,"valueName":"search_term_string"}}],"inLanguage":"hu"},{"@type":"Organization","@id":"https:\/\/dorogimedence.hu\/#organization","name":"Dorogi-medence Region\u00e1lis H\u00edrport\u00e1l","url":"https:\/\/dorogimedence.hu\/","logo":{"@type":"ImageObject","inLanguage":"hu","@id":"https:\/\/dorogimedence.hu\/#\/schema\/logo\/image\/","url":"https:\/\/dorogimedence.hu\/wp-content\/uploads\/2021\/04\/logo-feher-600.png","contentUrl":"https:\/\/dorogimedence.hu\/wp-content\/uploads\/2021\/04\/logo-feher-600.png","width":600,"height":100,"caption":"Dorogi-medence Region\u00e1lis H\u00edrport\u00e1l"},"image":{"@id":"https:\/\/dorogimedence.hu\/#\/schema\/logo\/image\/"},"sameAs":["https:\/\/www.facebook.com\/dorogimedence\/"]},{"@type":"Person","@id":"https:\/\/dorogimedence.hu\/#\/schema\/person\/ce6091eeb7e95ecdc87890d6aa8e0fd4","name":"dorogimedence.hu","image":{"@type":"ImageObject","inLanguage":"hu","@id":"\/\/www.gravatar.com\/avatar\/d8d45f8901aadff40a4af72c0b826f1d?s=96&#038;r=g&#038;d=mm","url":"\/\/www.gravatar.com\/avatar\/d8d45f8901aadff40a4af72c0b826f1d?s=96&#038;r=g&#038;d=mm","contentUrl":"\/\/www.gravatar.com\/avatar\/d8d45f8901aadff40a4af72c0b826f1d?s=96&#038;r=g&#038;d=mm","caption":"dorogimedence.hu"}}]}},"_links":{"self":[{"href":"https:\/\/dorogimedence.hu\/index.php\/wp-json\/wp\/v2\/posts\/8892","targetHints":{"allow":["GET"]}}],"collection":[{"href":"https:\/\/dorogimedence.hu\/index.php\/wp-json\/wp\/v2\/posts"}],"about":[{"href":"https:\/\/dorogimedence.hu\/index.php\/wp-json\/wp\/v2\/types\/post"}],"author":[{"embeddable":true,"href":"https:\/\/dorogimedence.hu\/index.php\/wp-json\/wp\/v2\/users\/1"}],"replies":[{"embeddable":true,"href":"https:\/\/dorogimedence.hu\/index.php\/wp-json\/wp\/v2\/comments?post=8892"}],"version-history":[{"count":0,"href":"https:\/\/dorogimedence.hu\/index.php\/wp-json\/wp\/v2\/posts\/8892\/revisions"}],"wp:featuredmedia":[{"embeddable":true,"href":"https:\/\/dorogimedence.hu\/index.php\/wp-json\/wp\/v2\/media\/8893"}],"wp:attachment":[{"href":"https:\/\/dorogimedence.hu\/index.php\/wp-json\/wp\/v2\/media?parent=8892"}],"wp:term":[{"taxonomy":"category","embeddable":true,"href":"https:\/\/dorogimedence.hu\/index.php\/wp-json\/wp\/v2\/categories?post=8892"},{"taxonomy":"post_tag","embeddable":true,"href":"https:\/\/dorogimedence.hu\/index.php\/wp-json\/wp\/v2\/tags?post=8892"}],"curies":[{"name":"wp","href":"https:\/\/api.w.org\/{rel}","templated":true}]}}