{"id":8719,"date":"2018-03-04T10:09:44","date_gmt":"2018-03-04T09:09:44","guid":{"rendered":"http:\/\/dorogimedence.hu\/?p=8719"},"modified":"2018-03-04T10:09:44","modified_gmt":"2018-03-04T09:09:44","slug":"vadat-emeletek-az-esztergomi-trafikbetorok-ellen","status":"publish","type":"post","link":"https:\/\/dorogimedence.hu\/index.php\/2018\/03\/04\/vadat-emeletek-az-esztergomi-trafikbetorok-ellen\/","title":{"rendered":"V\u00e1dat emeletek az esztergomi trafikbet\u00f6r\u0151k ellen"},"content":{"rendered":"<p><strong>Az Esztergomi Rend\u0151rkapit\u00e1nys\u00e1g lop\u00e1s b\u0171ntett elk\u00f6vet\u00e9s\u00e9nek megalapozott gyan\u00faja miatt folytatott b\u00fcntet\u0151elj\u00e1r\u00e1st egy 42 \u00e9ves esztergomi \u00e9s egy 48 \u00e9ves budapesti lakos ellen.<\/strong><\/p>\n<p>A gyan\u00fa szerint a k\u00e9t f\u00e9rfi m\u00e9g 2017. december 24-\u00e9n 22 \u00f3ra k\u00f6r\u00fcl egy esztergomi doh\u00e1nybolt ablak\u00e1t bet\u00f6rte \u00e9s a keletkezett r\u00e9sen kereszt\u00fcl k\u00fcl\u00f6nb\u00f6z\u0151 doh\u00e1ny\u00e1rut lopott el. A rend\u0151r\u00f6k a bevezetett nyomozati cselekm\u00e9nyek sor\u00e1n azonos\u00edtott\u00e1k a k\u00e9t szem\u00e9lyt \u00e9s \u0151ket gyan\u00fas\u00edtottk\u00e9nt kihallgatt\u00e1k. A nyomoz\u00f3k a h\u00e1zkutat\u00e1s sor\u00e1n az ellopott term\u00e9kek egy r\u00e9sz\u00e9t lefoglalt\u00e1k \u00e9s azt a s\u00e9rtettnek visszaadt\u00e1k.<\/p>\n<p>Az Esztergomi Rend\u0151rkapit\u00e1nys\u00e1gon az \u00fcgyben folytatott nyomoz\u00e1st a napokban befejezt\u00e9k \u00e9s a keletkezett iratanyagot v\u00e1demel\u00e9si javaslattal az illet\u00e9kes \u00fcgy\u00e9szs\u00e9gnek megk\u00fcldt\u00e9k.<\/p>\n<p><em>Fot\u00f3, forr\u00e1s: police.hu<\/em><\/p>\n","protected":false},"excerpt":{"rendered":"<p>Az Esztergomi Rend\u0151rkapit\u00e1nys\u00e1g lop\u00e1s b\u0171ntett elk\u00f6vet\u00e9s\u00e9nek megalapozott gyan\u00faja miatt folytatott b\u00fcntet\u0151elj\u00e1r\u00e1st egy 42 \u00e9ves esztergomi \u00e9s egy 48 \u00e9ves budapesti lakos ellen. A gyan\u00fa szerint a k\u00e9t f\u00e9rfi m\u00e9g 2017. december 24-\u00e9n 22 \u00f3ra k\u00f6r\u00fcl egy esztergomi doh\u00e1nybolt ablak\u00e1t bet\u00f6rte \u00e9s a keletkezett r\u00e9sen kereszt\u00fcl k\u00fcl\u00f6nb\u00f6z\u0151 doh\u00e1ny\u00e1rut lopott el. A rend\u0151r\u00f6k a bevezetett nyomozati cselekm\u00e9nyek<\/p>\n","protected":false},"author":1,"featured_media":8720,"comment_status":"closed","ping_status":"closed","sticky":false,"template":"","format":"standard","meta":{"ngg_post_thumbnail":0,"footnotes":""},"categories":[38,3,39],"tags":[449,1994,61,2080,326],"class_list":{"0":"post-8719","1":"post","2":"type-post","3":"status-publish","4":"format-standard","5":"has-post-thumbnail","7":"category-esztergom","8":"category-hirek","9":"category-kek-hirek","10":"tag-betores","11":"tag-dohanybolt","12":"tag-rendorsegi-hirek","13":"tag-trafik","14":"tag-ugyeszseg"},"yoast_head":"<!-- This site is optimized with the Yoast SEO plugin v27.5 - https:\/\/yoast.com\/product\/yoast-seo-wordpress\/ -->\n<title>V\u00e1dat emeletek az esztergomi trafikbet\u00f6r\u0151k ellen<\/title>\n<meta name=\"robots\" content=\"index, follow, max-snippet:-1, max-image-preview:large, max-video-preview:-1\" \/>\n<link rel=\"canonical\" href=\"https:\/\/dorogimedence.hu\/index.php\/2018\/03\/04\/vadat-emeletek-az-esztergomi-trafikbetorok-ellen\/\" class=\"yoast-seo-meta-tag\" \/>\n<meta property=\"og:locale\" content=\"hu_HU\" class=\"yoast-seo-meta-tag\" \/>\n<meta property=\"og:type\" content=\"article\" class=\"yoast-seo-meta-tag\" \/>\n<meta property=\"og:title\" content=\"V\u00e1dat emeletek az esztergomi trafikbet\u00f6r\u0151k ellen\" class=\"yoast-seo-meta-tag\" \/>\n<meta property=\"og:description\" content=\"Az Esztergomi Rend\u0151rkapit\u00e1nys\u00e1g lop\u00e1s b\u0171ntett elk\u00f6vet\u00e9s\u00e9nek megalapozott gyan\u00faja miatt folytatott b\u00fcntet\u0151elj\u00e1r\u00e1st egy 42 \u00e9ves esztergomi \u00e9s egy 48 \u00e9ves budapesti lakos ellen. A gyan\u00fa szerint a k\u00e9t f\u00e9rfi m\u00e9g 2017. december 24-\u00e9n 22 \u00f3ra k\u00f6r\u00fcl egy esztergomi doh\u00e1nybolt ablak\u00e1t bet\u00f6rte \u00e9s a keletkezett r\u00e9sen kereszt\u00fcl k\u00fcl\u00f6nb\u00f6z\u0151 doh\u00e1ny\u00e1rut lopott el. A rend\u0151r\u00f6k a bevezetett nyomozati cselekm\u00e9nyek\" class=\"yoast-seo-meta-tag\" \/>\n<meta property=\"og:url\" content=\"https:\/\/dorogimedence.hu\/index.php\/2018\/03\/04\/vadat-emeletek-az-esztergomi-trafikbetorok-ellen\/\" class=\"yoast-seo-meta-tag\" \/>\n<meta property=\"og:site_name\" content=\"Dorogi-medence Region\u00e1lis H\u00edrport\u00e1l\" class=\"yoast-seo-meta-tag\" \/>\n<meta property=\"article:publisher\" content=\"https:\/\/www.facebook.com\/dorogimedence\/\" class=\"yoast-seo-meta-tag\" \/>\n<meta property=\"article:published_time\" content=\"2018-03-04T09:09:44+00:00\" class=\"yoast-seo-meta-tag\" \/>\n<meta property=\"og:image\" content=\"https:\/\/i0.wp.com\/dorogimedence.hu\/wp-content\/uploads\/2018\/03\/trafikbetorok.jpg?fit=670%2C365&ssl=1\" class=\"yoast-seo-meta-tag\" \/>\n\t<meta property=\"og:image:width\" content=\"670\" class=\"yoast-seo-meta-tag\" \/>\n\t<meta property=\"og:image:height\" content=\"365\" class=\"yoast-seo-meta-tag\" \/>\n\t<meta property=\"og:image:type\" content=\"image\/jpeg\" class=\"yoast-seo-meta-tag\" \/>\n<meta name=\"author\" content=\"dorogimedence.hu\" class=\"yoast-seo-meta-tag\" \/>\n<meta name=\"twitter:card\" content=\"summary_large_image\" class=\"yoast-seo-meta-tag\" \/>\n<meta name=\"twitter:label1\" content=\"Szerz\u0151:\" class=\"yoast-seo-meta-tag\" \/>\n\t<meta name=\"twitter:data1\" content=\"dorogimedence.hu\" class=\"yoast-seo-meta-tag\" \/>\n\t<meta name=\"twitter:label2\" content=\"Becs\u00fclt olvas\u00e1si id\u0151\" class=\"yoast-seo-meta-tag\" \/>\n\t<meta name=\"twitter:data2\" content=\"1 perc\" class=\"yoast-seo-meta-tag\" \/>\n<script type=\"application\/ld+json\" class=\"yoast-schema-graph\">{\"@context\":\"https:\\\/\\\/schema.org\",\"@graph\":[{\"@type\":\"Article\",\"@id\":\"https:\\\/\\\/dorogimedence.hu\\\/index.php\\\/2018\\\/03\\\/04\\\/vadat-emeletek-az-esztergomi-trafikbetorok-ellen\\\/#article\",\"isPartOf\":{\"@id\":\"https:\\\/\\\/dorogimedence.hu\\\/index.php\\\/2018\\\/03\\\/04\\\/vadat-emeletek-az-esztergomi-trafikbetorok-ellen\\\/\"},\"author\":{\"name\":\"dorogimedence.hu\",\"@id\":\"https:\\\/\\\/dorogimedence.hu\\\/#\\\/schema\\\/person\\\/ce6091eeb7e95ecdc87890d6aa8e0fd4\"},\"headline\":\"V\u00e1dat emeletek az esztergomi trafikbet\u00f6r\u0151k ellen\",\"datePublished\":\"2018-03-04T09:09:44+00:00\",\"mainEntityOfPage\":{\"@id\":\"https:\\\/\\\/dorogimedence.hu\\\/index.php\\\/2018\\\/03\\\/04\\\/vadat-emeletek-az-esztergomi-trafikbetorok-ellen\\\/\"},\"wordCount\":173,\"publisher\":{\"@id\":\"https:\\\/\\\/dorogimedence.hu\\\/#organization\"},\"image\":{\"@id\":\"https:\\\/\\\/dorogimedence.hu\\\/index.php\\\/2018\\\/03\\\/04\\\/vadat-emeletek-az-esztergomi-trafikbetorok-ellen\\\/#primaryimage\"},\"thumbnailUrl\":\"https:\\\/\\\/dorogimedence.hu\\\/wp-content\\\/uploads\\\/2018\\\/03\\\/trafikbetorok.jpg\",\"keywords\":[\"bet\u00f6r\u00e9s\",\"doh\u00e1nybolt\",\"rend\u0151rs\u00e9gi h\u00edrek\",\"trafik\",\"\u00fcgy\u00e9szs\u00e9g\"],\"articleSection\":[\"Esztergom\",\"H\u00edrek\",\"K\u00e9k h\u00edrek\"],\"inLanguage\":\"hu\"},{\"@type\":\"WebPage\",\"@id\":\"https:\\\/\\\/dorogimedence.hu\\\/index.php\\\/2018\\\/03\\\/04\\\/vadat-emeletek-az-esztergomi-trafikbetorok-ellen\\\/\",\"url\":\"https:\\\/\\\/dorogimedence.hu\\\/index.php\\\/2018\\\/03\\\/04\\\/vadat-emeletek-az-esztergomi-trafikbetorok-ellen\\\/\",\"name\":\"V\u00e1dat emeletek az esztergomi trafikbet\u00f6r\u0151k ellen\",\"isPartOf\":{\"@id\":\"https:\\\/\\\/dorogimedence.hu\\\/#website\"},\"primaryImageOfPage\":{\"@id\":\"https:\\\/\\\/dorogimedence.hu\\\/index.php\\\/2018\\\/03\\\/04\\\/vadat-emeletek-az-esztergomi-trafikbetorok-ellen\\\/#primaryimage\"},\"image\":{\"@id\":\"https:\\\/\\\/dorogimedence.hu\\\/index.php\\\/2018\\\/03\\\/04\\\/vadat-emeletek-az-esztergomi-trafikbetorok-ellen\\\/#primaryimage\"},\"thumbnailUrl\":\"https:\\\/\\\/dorogimedence.hu\\\/wp-content\\\/uploads\\\/2018\\\/03\\\/trafikbetorok.jpg\",\"datePublished\":\"2018-03-04T09:09:44+00:00\",\"breadcrumb\":{\"@id\":\"https:\\\/\\\/dorogimedence.hu\\\/index.php\\\/2018\\\/03\\\/04\\\/vadat-emeletek-az-esztergomi-trafikbetorok-ellen\\\/#breadcrumb\"},\"inLanguage\":\"hu\",\"potentialAction\":[{\"@type\":\"ReadAction\",\"target\":[\"https:\\\/\\\/dorogimedence.hu\\\/index.php\\\/2018\\\/03\\\/04\\\/vadat-emeletek-az-esztergomi-trafikbetorok-ellen\\\/\"]}]},{\"@type\":\"ImageObject\",\"inLanguage\":\"hu\",\"@id\":\"https:\\\/\\\/dorogimedence.hu\\\/index.php\\\/2018\\\/03\\\/04\\\/vadat-emeletek-az-esztergomi-trafikbetorok-ellen\\\/#primaryimage\",\"url\":\"https:\\\/\\\/dorogimedence.hu\\\/wp-content\\\/uploads\\\/2018\\\/03\\\/trafikbetorok.jpg\",\"contentUrl\":\"https:\\\/\\\/dorogimedence.hu\\\/wp-content\\\/uploads\\\/2018\\\/03\\\/trafikbetorok.jpg\",\"width\":670,\"height\":365},{\"@type\":\"BreadcrumbList\",\"@id\":\"https:\\\/\\\/dorogimedence.hu\\\/index.php\\\/2018\\\/03\\\/04\\\/vadat-emeletek-az-esztergomi-trafikbetorok-ellen\\\/#breadcrumb\",\"itemListElement\":[{\"@type\":\"ListItem\",\"position\":1,\"name\":\"Kezd\u0151lap\",\"item\":\"https:\\\/\\\/dorogimedence.hu\\\/\"},{\"@type\":\"ListItem\",\"position\":2,\"name\":\"V\u00e1dat emeletek az esztergomi trafikbet\u00f6r\u0151k ellen\"}]},{\"@type\":\"WebSite\",\"@id\":\"https:\\\/\\\/dorogimedence.hu\\\/#website\",\"url\":\"https:\\\/\\\/dorogimedence.hu\\\/\",\"name\":\"Dorogi-medence Region\u00e1lis H\u00edrport\u00e1l\",\"description\":\"Dorog, Keszt\u00f6lc, Le\u00e1nyv\u00e1r, Piliscs\u00e9v, Tokod, Tokodalt\u00e1r\u00f3, Csolnok, Esztergom-kertv\u00e1ros: h\u00edrek, programok\",\"publisher\":{\"@id\":\"https:\\\/\\\/dorogimedence.hu\\\/#organization\"},\"potentialAction\":[{\"@type\":\"SearchAction\",\"target\":{\"@type\":\"EntryPoint\",\"urlTemplate\":\"https:\\\/\\\/dorogimedence.hu\\\/?s={search_term_string}\"},\"query-input\":{\"@type\":\"PropertyValueSpecification\",\"valueRequired\":true,\"valueName\":\"search_term_string\"}}],\"inLanguage\":\"hu\"},{\"@type\":\"Organization\",\"@id\":\"https:\\\/\\\/dorogimedence.hu\\\/#organization\",\"name\":\"Dorogi-medence Region\u00e1lis H\u00edrport\u00e1l\",\"url\":\"https:\\\/\\\/dorogimedence.hu\\\/\",\"logo\":{\"@type\":\"ImageObject\",\"inLanguage\":\"hu\",\"@id\":\"https:\\\/\\\/dorogimedence.hu\\\/#\\\/schema\\\/logo\\\/image\\\/\",\"url\":\"https:\\\/\\\/dorogimedence.hu\\\/wp-content\\\/uploads\\\/2021\\\/04\\\/logo-feher-600.png\",\"contentUrl\":\"https:\\\/\\\/dorogimedence.hu\\\/wp-content\\\/uploads\\\/2021\\\/04\\\/logo-feher-600.png\",\"width\":600,\"height\":100,\"caption\":\"Dorogi-medence Region\u00e1lis H\u00edrport\u00e1l\"},\"image\":{\"@id\":\"https:\\\/\\\/dorogimedence.hu\\\/#\\\/schema\\\/logo\\\/image\\\/\"},\"sameAs\":[\"https:\\\/\\\/www.facebook.com\\\/dorogimedence\\\/\"]},{\"@type\":\"Person\",\"@id\":\"https:\\\/\\\/dorogimedence.hu\\\/#\\\/schema\\\/person\\\/ce6091eeb7e95ecdc87890d6aa8e0fd4\",\"name\":\"dorogimedence.hu\",\"image\":{\"@type\":\"ImageObject\",\"inLanguage\":\"hu\",\"@id\":\"\\\/\\\/www.gravatar.com\\\/avatar\\\/d8d45f8901aadff40a4af72c0b826f1d?s=96&#038;r=g&#038;d=mm\",\"url\":\"\\\/\\\/www.gravatar.com\\\/avatar\\\/d8d45f8901aadff40a4af72c0b826f1d?s=96&#038;r=g&#038;d=mm\",\"contentUrl\":\"\\\/\\\/www.gravatar.com\\\/avatar\\\/d8d45f8901aadff40a4af72c0b826f1d?s=96&#038;r=g&#038;d=mm\",\"caption\":\"dorogimedence.hu\"}}]}<\/script>\n<!-- \/ Yoast SEO plugin. -->","yoast_head_json":{"title":"V\u00e1dat emeletek az esztergomi trafikbet\u00f6r\u0151k ellen","robots":{"index":"index","follow":"follow","max-snippet":"max-snippet:-1","max-image-preview":"max-image-preview:large","max-video-preview":"max-video-preview:-1"},"canonical":"https:\/\/dorogimedence.hu\/index.php\/2018\/03\/04\/vadat-emeletek-az-esztergomi-trafikbetorok-ellen\/","og_locale":"hu_HU","og_type":"article","og_title":"V\u00e1dat emeletek az esztergomi trafikbet\u00f6r\u0151k ellen","og_description":"Az Esztergomi Rend\u0151rkapit\u00e1nys\u00e1g lop\u00e1s b\u0171ntett elk\u00f6vet\u00e9s\u00e9nek megalapozott gyan\u00faja miatt folytatott b\u00fcntet\u0151elj\u00e1r\u00e1st egy 42 \u00e9ves esztergomi \u00e9s egy 48 \u00e9ves budapesti lakos ellen. A gyan\u00fa szerint a k\u00e9t f\u00e9rfi m\u00e9g 2017. december 24-\u00e9n 22 \u00f3ra k\u00f6r\u00fcl egy esztergomi doh\u00e1nybolt ablak\u00e1t bet\u00f6rte \u00e9s a keletkezett r\u00e9sen kereszt\u00fcl k\u00fcl\u00f6nb\u00f6z\u0151 doh\u00e1ny\u00e1rut lopott el. A rend\u0151r\u00f6k a bevezetett nyomozati cselekm\u00e9nyek","og_url":"https:\/\/dorogimedence.hu\/index.php\/2018\/03\/04\/vadat-emeletek-az-esztergomi-trafikbetorok-ellen\/","og_site_name":"Dorogi-medence Region\u00e1lis H\u00edrport\u00e1l","article_publisher":"https:\/\/www.facebook.com\/dorogimedence\/","article_published_time":"2018-03-04T09:09:44+00:00","og_image":[{"width":670,"height":365,"url":"https:\/\/i0.wp.com\/dorogimedence.hu\/wp-content\/uploads\/2018\/03\/trafikbetorok.jpg?fit=670%2C365&ssl=1","type":"image\/jpeg"}],"author":"dorogimedence.hu","twitter_card":"summary_large_image","twitter_misc":{"Szerz\u0151:":"dorogimedence.hu","Becs\u00fclt olvas\u00e1si id\u0151":"1 perc"},"schema":{"@context":"https:\/\/schema.org","@graph":[{"@type":"Article","@id":"https:\/\/dorogimedence.hu\/index.php\/2018\/03\/04\/vadat-emeletek-az-esztergomi-trafikbetorok-ellen\/#article","isPartOf":{"@id":"https:\/\/dorogimedence.hu\/index.php\/2018\/03\/04\/vadat-emeletek-az-esztergomi-trafikbetorok-ellen\/"},"author":{"name":"dorogimedence.hu","@id":"https:\/\/dorogimedence.hu\/#\/schema\/person\/ce6091eeb7e95ecdc87890d6aa8e0fd4"},"headline":"V\u00e1dat emeletek az esztergomi trafikbet\u00f6r\u0151k ellen","datePublished":"2018-03-04T09:09:44+00:00","mainEntityOfPage":{"@id":"https:\/\/dorogimedence.hu\/index.php\/2018\/03\/04\/vadat-emeletek-az-esztergomi-trafikbetorok-ellen\/"},"wordCount":173,"publisher":{"@id":"https:\/\/dorogimedence.hu\/#organization"},"image":{"@id":"https:\/\/dorogimedence.hu\/index.php\/2018\/03\/04\/vadat-emeletek-az-esztergomi-trafikbetorok-ellen\/#primaryimage"},"thumbnailUrl":"https:\/\/dorogimedence.hu\/wp-content\/uploads\/2018\/03\/trafikbetorok.jpg","keywords":["bet\u00f6r\u00e9s","doh\u00e1nybolt","rend\u0151rs\u00e9gi h\u00edrek","trafik","\u00fcgy\u00e9szs\u00e9g"],"articleSection":["Esztergom","H\u00edrek","K\u00e9k h\u00edrek"],"inLanguage":"hu"},{"@type":"WebPage","@id":"https:\/\/dorogimedence.hu\/index.php\/2018\/03\/04\/vadat-emeletek-az-esztergomi-trafikbetorok-ellen\/","url":"https:\/\/dorogimedence.hu\/index.php\/2018\/03\/04\/vadat-emeletek-az-esztergomi-trafikbetorok-ellen\/","name":"V\u00e1dat emeletek az esztergomi trafikbet\u00f6r\u0151k ellen","isPartOf":{"@id":"https:\/\/dorogimedence.hu\/#website"},"primaryImageOfPage":{"@id":"https:\/\/dorogimedence.hu\/index.php\/2018\/03\/04\/vadat-emeletek-az-esztergomi-trafikbetorok-ellen\/#primaryimage"},"image":{"@id":"https:\/\/dorogimedence.hu\/index.php\/2018\/03\/04\/vadat-emeletek-az-esztergomi-trafikbetorok-ellen\/#primaryimage"},"thumbnailUrl":"https:\/\/dorogimedence.hu\/wp-content\/uploads\/2018\/03\/trafikbetorok.jpg","datePublished":"2018-03-04T09:09:44+00:00","breadcrumb":{"@id":"https:\/\/dorogimedence.hu\/index.php\/2018\/03\/04\/vadat-emeletek-az-esztergomi-trafikbetorok-ellen\/#breadcrumb"},"inLanguage":"hu","potentialAction":[{"@type":"ReadAction","target":["https:\/\/dorogimedence.hu\/index.php\/2018\/03\/04\/vadat-emeletek-az-esztergomi-trafikbetorok-ellen\/"]}]},{"@type":"ImageObject","inLanguage":"hu","@id":"https:\/\/dorogimedence.hu\/index.php\/2018\/03\/04\/vadat-emeletek-az-esztergomi-trafikbetorok-ellen\/#primaryimage","url":"https:\/\/dorogimedence.hu\/wp-content\/uploads\/2018\/03\/trafikbetorok.jpg","contentUrl":"https:\/\/dorogimedence.hu\/wp-content\/uploads\/2018\/03\/trafikbetorok.jpg","width":670,"height":365},{"@type":"BreadcrumbList","@id":"https:\/\/dorogimedence.hu\/index.php\/2018\/03\/04\/vadat-emeletek-az-esztergomi-trafikbetorok-ellen\/#breadcrumb","itemListElement":[{"@type":"ListItem","position":1,"name":"Kezd\u0151lap","item":"https:\/\/dorogimedence.hu\/"},{"@type":"ListItem","position":2,"name":"V\u00e1dat emeletek az esztergomi trafikbet\u00f6r\u0151k ellen"}]},{"@type":"WebSite","@id":"https:\/\/dorogimedence.hu\/#website","url":"https:\/\/dorogimedence.hu\/","name":"Dorogi-medence Region\u00e1lis H\u00edrport\u00e1l","description":"Dorog, Keszt\u00f6lc, Le\u00e1nyv\u00e1r, Piliscs\u00e9v, Tokod, Tokodalt\u00e1r\u00f3, Csolnok, Esztergom-kertv\u00e1ros: h\u00edrek, programok","publisher":{"@id":"https:\/\/dorogimedence.hu\/#organization"},"potentialAction":[{"@type":"SearchAction","target":{"@type":"EntryPoint","urlTemplate":"https:\/\/dorogimedence.hu\/?s={search_term_string}"},"query-input":{"@type":"PropertyValueSpecification","valueRequired":true,"valueName":"search_term_string"}}],"inLanguage":"hu"},{"@type":"Organization","@id":"https:\/\/dorogimedence.hu\/#organization","name":"Dorogi-medence Region\u00e1lis H\u00edrport\u00e1l","url":"https:\/\/dorogimedence.hu\/","logo":{"@type":"ImageObject","inLanguage":"hu","@id":"https:\/\/dorogimedence.hu\/#\/schema\/logo\/image\/","url":"https:\/\/dorogimedence.hu\/wp-content\/uploads\/2021\/04\/logo-feher-600.png","contentUrl":"https:\/\/dorogimedence.hu\/wp-content\/uploads\/2021\/04\/logo-feher-600.png","width":600,"height":100,"caption":"Dorogi-medence Region\u00e1lis H\u00edrport\u00e1l"},"image":{"@id":"https:\/\/dorogimedence.hu\/#\/schema\/logo\/image\/"},"sameAs":["https:\/\/www.facebook.com\/dorogimedence\/"]},{"@type":"Person","@id":"https:\/\/dorogimedence.hu\/#\/schema\/person\/ce6091eeb7e95ecdc87890d6aa8e0fd4","name":"dorogimedence.hu","image":{"@type":"ImageObject","inLanguage":"hu","@id":"\/\/www.gravatar.com\/avatar\/d8d45f8901aadff40a4af72c0b826f1d?s=96&#038;r=g&#038;d=mm","url":"\/\/www.gravatar.com\/avatar\/d8d45f8901aadff40a4af72c0b826f1d?s=96&#038;r=g&#038;d=mm","contentUrl":"\/\/www.gravatar.com\/avatar\/d8d45f8901aadff40a4af72c0b826f1d?s=96&#038;r=g&#038;d=mm","caption":"dorogimedence.hu"}}]}},"_links":{"self":[{"href":"https:\/\/dorogimedence.hu\/index.php\/wp-json\/wp\/v2\/posts\/8719","targetHints":{"allow":["GET"]}}],"collection":[{"href":"https:\/\/dorogimedence.hu\/index.php\/wp-json\/wp\/v2\/posts"}],"about":[{"href":"https:\/\/dorogimedence.hu\/index.php\/wp-json\/wp\/v2\/types\/post"}],"author":[{"embeddable":true,"href":"https:\/\/dorogimedence.hu\/index.php\/wp-json\/wp\/v2\/users\/1"}],"replies":[{"embeddable":true,"href":"https:\/\/dorogimedence.hu\/index.php\/wp-json\/wp\/v2\/comments?post=8719"}],"version-history":[{"count":0,"href":"https:\/\/dorogimedence.hu\/index.php\/wp-json\/wp\/v2\/posts\/8719\/revisions"}],"wp:featuredmedia":[{"embeddable":true,"href":"https:\/\/dorogimedence.hu\/index.php\/wp-json\/wp\/v2\/media\/8720"}],"wp:attachment":[{"href":"https:\/\/dorogimedence.hu\/index.php\/wp-json\/wp\/v2\/media?parent=8719"}],"wp:term":[{"taxonomy":"category","embeddable":true,"href":"https:\/\/dorogimedence.hu\/index.php\/wp-json\/wp\/v2\/categories?post=8719"},{"taxonomy":"post_tag","embeddable":true,"href":"https:\/\/dorogimedence.hu\/index.php\/wp-json\/wp\/v2\/tags?post=8719"}],"curies":[{"name":"wp","href":"https:\/\/api.w.org\/{rel}","templated":true}]}}