{"id":8594,"date":"2018-02-24T11:54:26","date_gmt":"2018-02-24T10:54:26","guid":{"rendered":"http:\/\/dorogimedence.hu\/?p=8594"},"modified":"2018-02-24T11:54:26","modified_gmt":"2018-02-24T10:54:26","slug":"orszagjarasra-viszik-az-eucharisztikus-vilagkongresszus-keresztjet","status":"publish","type":"post","link":"https:\/\/dorogimedence.hu\/index.php\/2018\/02\/24\/orszagjarasra-viszik-az-eucharisztikus-vilagkongresszus-keresztjet\/","title":{"rendered":"Orsz\u00e1gj\u00e1r\u00e1sra viszik az Eucharisztikus Vil\u00e1gkongresszus keresztj\u00e9t"},"content":{"rendered":"<p><strong>Orsz\u00e1gj\u00e1r\u00f3 k\u00f6r\u00fatra viszik az Eucharisztikus Vil\u00e1gkongresszus misszi\u00f3s keresztj\u00e9t. A keresztet Erd\u0151 P\u00e9ter b\u00edboros, pr\u00edm\u00e1s, esztergom-budapesti \u00e9rsek \u00e1ldja meg \u00e9s ind\u00edtja \u00fatj\u00e1ra szombat d\u00e9lut\u00e1n az esztergomi bazilik\u00e1b\u00f3l<\/strong> <em>&#8211; t\u00e1j\u00e9koztatta T\u00f3th J\u00e1nos Csaba, a f\u0151egyh\u00e1zmegye sajt\u00f3referense az MTI-t.<\/em><\/p>\n<p>A misszi\u00f3s keresztet a 2020-as budapesti Nemzetk\u00f6zi Eucharisztikus Vil\u00e1gkongresszusig v\u00e9gigviszik valamennyi egyh\u00e1zmegy\u00e9ben. Els\u0151 \u00e1llom\u00e1sa M\u00e1riap\u00f3cs lesz, majd tov\u00e1bbi nyolc helyen is fel\u00e1ll\u00edtj\u00e1k a Ny\u00edregyh\u00e1zi G\u00f6r\u00f6gkatolikus Egyh\u00e1zmegy\u00e9ben &#8211; mondta el a f\u0151egyh\u00e1zmegye sajt\u00f3referense.<\/p>\n<p>A h\u00e1rom m\u00e9ter magas, bronzbor\u00edt\u00e1sokkal d\u00edsz\u00edtett t\u00f6lgyfakereszt Ozsv\u00e1ri Csaba \u00f6tv\u00f6sm\u0171v\u00e9sz (1963-2009) alkot\u00e1sa. N\u00f6v\u00e9nyi ornamentik\u00e1ja a magyar honfoglal\u00e1s kori \u00f6tv\u00f6ss\u00e9g mot\u00edvumait id\u00e9zi. A fesz\u00fclet k\u00f6z\u00e9ppontj\u00e1ban ez\u00fcst tokban egy Szent Kereszt-ereklye van elhelyezve, a lev\u00e9ld\u00edszek fordulataiban pedig tizenkilenc magyar szent &#8211; m\u00e1sok mellett Szent Istv\u00e1n, Szent L\u00e1szl\u00f3, Szent Imre, Szent Gell\u00e9rt -, illetve boldog erekly\u00e9i tal\u00e1lhat\u00f3k.<\/p>\n<p>A keresztet 2017 november\u00e9ben, a magyar p\u00fcsp\u00f6k\u00f6k vatik\u00e1ni ad limina l\u00e1togat\u00e1s\u00e1n meg\u00e1ldotta Ferenc p\u00e1pa.<\/p>\n<p><em>Forr\u00e1s: MTI<br \/>\nFot\u00f3: magyarkurir.hu<\/em><\/p>\n","protected":false},"excerpt":{"rendered":"<p>Orsz\u00e1gj\u00e1r\u00f3 k\u00f6r\u00fatra viszik az Eucharisztikus Vil\u00e1gkongresszus misszi\u00f3s keresztj\u00e9t. A keresztet Erd\u0151 P\u00e9ter b\u00edboros, pr\u00edm\u00e1s, esztergom-budapesti \u00e9rsek \u00e1ldja meg \u00e9s ind\u00edtja \u00fatj\u00e1ra szombat d\u00e9lut\u00e1n az esztergomi bazilik\u00e1b\u00f3l &#8211; t\u00e1j\u00e9koztatta T\u00f3th J\u00e1nos Csaba, a f\u0151egyh\u00e1zmegye sajt\u00f3referense az MTI-t. A misszi\u00f3s keresztet a 2020-as budapesti Nemzetk\u00f6zi Eucharisztikus Vil\u00e1gkongresszusig v\u00e9gigviszik valamennyi egyh\u00e1zmegy\u00e9ben. Els\u0151 \u00e1llom\u00e1sa M\u00e1riap\u00f3cs lesz, majd tov\u00e1bbi nyolc<\/p>\n","protected":false},"author":1,"featured_media":8595,"comment_status":"closed","ping_status":"closed","sticky":false,"template":"","format":"standard","meta":{"ngg_post_thumbnail":0,"footnotes":""},"categories":[38,3],"tags":[798,42,2266,2265],"class_list":{"0":"post-8594","1":"post","2":"type-post","3":"status-publish","4":"format-standard","5":"has-post-thumbnail","7":"category-esztergom","8":"category-hirek","9":"tag-bazilika","10":"tag-esztergom","11":"tag-eucharisztikus-vilagkongresszus","12":"tag-kereszt"},"yoast_head":"<!-- This site is optimized with the Yoast SEO plugin v27.4 - https:\/\/yoast.com\/product\/yoast-seo-wordpress\/ -->\n<title>Orsz\u00e1gj\u00e1r\u00e1sra viszik az Eucharisztikus Vil\u00e1gkongresszus keresztj\u00e9t<\/title>\n<meta name=\"robots\" content=\"index, follow, max-snippet:-1, max-image-preview:large, max-video-preview:-1\" \/>\n<link rel=\"canonical\" href=\"https:\/\/dorogimedence.hu\/index.php\/2018\/02\/24\/orszagjarasra-viszik-az-eucharisztikus-vilagkongresszus-keresztjet\/\" class=\"yoast-seo-meta-tag\" \/>\n<meta property=\"og:locale\" content=\"hu_HU\" class=\"yoast-seo-meta-tag\" \/>\n<meta property=\"og:type\" content=\"article\" class=\"yoast-seo-meta-tag\" \/>\n<meta property=\"og:title\" content=\"Orsz\u00e1gj\u00e1r\u00e1sra viszik az Eucharisztikus Vil\u00e1gkongresszus keresztj\u00e9t\" class=\"yoast-seo-meta-tag\" \/>\n<meta property=\"og:description\" content=\"Orsz\u00e1gj\u00e1r\u00f3 k\u00f6r\u00fatra viszik az Eucharisztikus Vil\u00e1gkongresszus misszi\u00f3s keresztj\u00e9t. A keresztet Erd\u0151 P\u00e9ter b\u00edboros, pr\u00edm\u00e1s, esztergom-budapesti \u00e9rsek \u00e1ldja meg \u00e9s ind\u00edtja \u00fatj\u00e1ra szombat d\u00e9lut\u00e1n az esztergomi bazilik\u00e1b\u00f3l &#8211; t\u00e1j\u00e9koztatta T\u00f3th J\u00e1nos Csaba, a f\u0151egyh\u00e1zmegye sajt\u00f3referense az MTI-t. A misszi\u00f3s keresztet a 2020-as budapesti Nemzetk\u00f6zi Eucharisztikus Vil\u00e1gkongresszusig v\u00e9gigviszik valamennyi egyh\u00e1zmegy\u00e9ben. Els\u0151 \u00e1llom\u00e1sa M\u00e1riap\u00f3cs lesz, majd tov\u00e1bbi nyolc\" class=\"yoast-seo-meta-tag\" \/>\n<meta property=\"og:url\" content=\"https:\/\/dorogimedence.hu\/index.php\/2018\/02\/24\/orszagjarasra-viszik-az-eucharisztikus-vilagkongresszus-keresztjet\/\" class=\"yoast-seo-meta-tag\" \/>\n<meta property=\"og:site_name\" content=\"Dorogi-medence Region\u00e1lis H\u00edrport\u00e1l\" class=\"yoast-seo-meta-tag\" \/>\n<meta property=\"article:publisher\" content=\"https:\/\/www.facebook.com\/dorogimedence\/\" class=\"yoast-seo-meta-tag\" \/>\n<meta property=\"article:published_time\" content=\"2018-02-24T10:54:26+00:00\" class=\"yoast-seo-meta-tag\" \/>\n<meta property=\"og:image\" content=\"https:\/\/i0.wp.com\/dorogimedence.hu\/wp-content\/uploads\/2018\/02\/kereszt-bazilika.jpg?fit=670%2C365&ssl=1\" class=\"yoast-seo-meta-tag\" \/>\n\t<meta property=\"og:image:width\" content=\"670\" class=\"yoast-seo-meta-tag\" \/>\n\t<meta property=\"og:image:height\" content=\"365\" class=\"yoast-seo-meta-tag\" \/>\n\t<meta property=\"og:image:type\" content=\"image\/jpeg\" class=\"yoast-seo-meta-tag\" \/>\n<meta name=\"author\" content=\"dorogimedence.hu\" class=\"yoast-seo-meta-tag\" \/>\n<meta name=\"twitter:card\" content=\"summary_large_image\" class=\"yoast-seo-meta-tag\" \/>\n<meta name=\"twitter:label1\" content=\"Szerz\u0151:\" class=\"yoast-seo-meta-tag\" \/>\n\t<meta name=\"twitter:data1\" content=\"dorogimedence.hu\" class=\"yoast-seo-meta-tag\" \/>\n\t<meta name=\"twitter:label2\" content=\"Becs\u00fclt olvas\u00e1si id\u0151\" class=\"yoast-seo-meta-tag\" \/>\n\t<meta name=\"twitter:data2\" content=\"1 perc\" class=\"yoast-seo-meta-tag\" \/>\n<script type=\"application\/ld+json\" class=\"yoast-schema-graph\">{\"@context\":\"https:\\\/\\\/schema.org\",\"@graph\":[{\"@type\":\"Article\",\"@id\":\"https:\\\/\\\/dorogimedence.hu\\\/index.php\\\/2018\\\/02\\\/24\\\/orszagjarasra-viszik-az-eucharisztikus-vilagkongresszus-keresztjet\\\/#article\",\"isPartOf\":{\"@id\":\"https:\\\/\\\/dorogimedence.hu\\\/index.php\\\/2018\\\/02\\\/24\\\/orszagjarasra-viszik-az-eucharisztikus-vilagkongresszus-keresztjet\\\/\"},\"author\":{\"name\":\"dorogimedence.hu\",\"@id\":\"https:\\\/\\\/dorogimedence.hu\\\/#\\\/schema\\\/person\\\/ce6091eeb7e95ecdc87890d6aa8e0fd4\"},\"headline\":\"Orsz\u00e1gj\u00e1r\u00e1sra viszik az Eucharisztikus Vil\u00e1gkongresszus keresztj\u00e9t\",\"datePublished\":\"2018-02-24T10:54:26+00:00\",\"mainEntityOfPage\":{\"@id\":\"https:\\\/\\\/dorogimedence.hu\\\/index.php\\\/2018\\\/02\\\/24\\\/orszagjarasra-viszik-az-eucharisztikus-vilagkongresszus-keresztjet\\\/\"},\"wordCount\":242,\"publisher\":{\"@id\":\"https:\\\/\\\/dorogimedence.hu\\\/#organization\"},\"image\":{\"@id\":\"https:\\\/\\\/dorogimedence.hu\\\/index.php\\\/2018\\\/02\\\/24\\\/orszagjarasra-viszik-az-eucharisztikus-vilagkongresszus-keresztjet\\\/#primaryimage\"},\"thumbnailUrl\":\"https:\\\/\\\/dorogimedence.hu\\\/wp-content\\\/uploads\\\/2018\\\/02\\\/kereszt-bazilika.jpg\",\"keywords\":[\"Bazilika\",\"esztergom\",\"Eucharisztikus Vil\u00e1gkongresszus\",\"kereszt\"],\"articleSection\":[\"Esztergom\",\"H\u00edrek\"],\"inLanguage\":\"hu\"},{\"@type\":\"WebPage\",\"@id\":\"https:\\\/\\\/dorogimedence.hu\\\/index.php\\\/2018\\\/02\\\/24\\\/orszagjarasra-viszik-az-eucharisztikus-vilagkongresszus-keresztjet\\\/\",\"url\":\"https:\\\/\\\/dorogimedence.hu\\\/index.php\\\/2018\\\/02\\\/24\\\/orszagjarasra-viszik-az-eucharisztikus-vilagkongresszus-keresztjet\\\/\",\"name\":\"Orsz\u00e1gj\u00e1r\u00e1sra viszik az Eucharisztikus Vil\u00e1gkongresszus keresztj\u00e9t\",\"isPartOf\":{\"@id\":\"https:\\\/\\\/dorogimedence.hu\\\/#website\"},\"primaryImageOfPage\":{\"@id\":\"https:\\\/\\\/dorogimedence.hu\\\/index.php\\\/2018\\\/02\\\/24\\\/orszagjarasra-viszik-az-eucharisztikus-vilagkongresszus-keresztjet\\\/#primaryimage\"},\"image\":{\"@id\":\"https:\\\/\\\/dorogimedence.hu\\\/index.php\\\/2018\\\/02\\\/24\\\/orszagjarasra-viszik-az-eucharisztikus-vilagkongresszus-keresztjet\\\/#primaryimage\"},\"thumbnailUrl\":\"https:\\\/\\\/dorogimedence.hu\\\/wp-content\\\/uploads\\\/2018\\\/02\\\/kereszt-bazilika.jpg\",\"datePublished\":\"2018-02-24T10:54:26+00:00\",\"breadcrumb\":{\"@id\":\"https:\\\/\\\/dorogimedence.hu\\\/index.php\\\/2018\\\/02\\\/24\\\/orszagjarasra-viszik-az-eucharisztikus-vilagkongresszus-keresztjet\\\/#breadcrumb\"},\"inLanguage\":\"hu\",\"potentialAction\":[{\"@type\":\"ReadAction\",\"target\":[\"https:\\\/\\\/dorogimedence.hu\\\/index.php\\\/2018\\\/02\\\/24\\\/orszagjarasra-viszik-az-eucharisztikus-vilagkongresszus-keresztjet\\\/\"]}]},{\"@type\":\"ImageObject\",\"inLanguage\":\"hu\",\"@id\":\"https:\\\/\\\/dorogimedence.hu\\\/index.php\\\/2018\\\/02\\\/24\\\/orszagjarasra-viszik-az-eucharisztikus-vilagkongresszus-keresztjet\\\/#primaryimage\",\"url\":\"https:\\\/\\\/dorogimedence.hu\\\/wp-content\\\/uploads\\\/2018\\\/02\\\/kereszt-bazilika.jpg\",\"contentUrl\":\"https:\\\/\\\/dorogimedence.hu\\\/wp-content\\\/uploads\\\/2018\\\/02\\\/kereszt-bazilika.jpg\",\"width\":670,\"height\":365},{\"@type\":\"BreadcrumbList\",\"@id\":\"https:\\\/\\\/dorogimedence.hu\\\/index.php\\\/2018\\\/02\\\/24\\\/orszagjarasra-viszik-az-eucharisztikus-vilagkongresszus-keresztjet\\\/#breadcrumb\",\"itemListElement\":[{\"@type\":\"ListItem\",\"position\":1,\"name\":\"Kezd\u0151lap\",\"item\":\"https:\\\/\\\/dorogimedence.hu\\\/\"},{\"@type\":\"ListItem\",\"position\":2,\"name\":\"Orsz\u00e1gj\u00e1r\u00e1sra viszik az Eucharisztikus Vil\u00e1gkongresszus keresztj\u00e9t\"}]},{\"@type\":\"WebSite\",\"@id\":\"https:\\\/\\\/dorogimedence.hu\\\/#website\",\"url\":\"https:\\\/\\\/dorogimedence.hu\\\/\",\"name\":\"Dorogi-medence Region\u00e1lis H\u00edrport\u00e1l\",\"description\":\"Dorog, Keszt\u00f6lc, Le\u00e1nyv\u00e1r, Piliscs\u00e9v, Tokod, Tokodalt\u00e1r\u00f3, Csolnok, Esztergom-kertv\u00e1ros: h\u00edrek, programok\",\"publisher\":{\"@id\":\"https:\\\/\\\/dorogimedence.hu\\\/#organization\"},\"potentialAction\":[{\"@type\":\"SearchAction\",\"target\":{\"@type\":\"EntryPoint\",\"urlTemplate\":\"https:\\\/\\\/dorogimedence.hu\\\/?s={search_term_string}\"},\"query-input\":{\"@type\":\"PropertyValueSpecification\",\"valueRequired\":true,\"valueName\":\"search_term_string\"}}],\"inLanguage\":\"hu\"},{\"@type\":\"Organization\",\"@id\":\"https:\\\/\\\/dorogimedence.hu\\\/#organization\",\"name\":\"Dorogi-medence Region\u00e1lis H\u00edrport\u00e1l\",\"url\":\"https:\\\/\\\/dorogimedence.hu\\\/\",\"logo\":{\"@type\":\"ImageObject\",\"inLanguage\":\"hu\",\"@id\":\"https:\\\/\\\/dorogimedence.hu\\\/#\\\/schema\\\/logo\\\/image\\\/\",\"url\":\"https:\\\/\\\/dorogimedence.hu\\\/wp-content\\\/uploads\\\/2021\\\/04\\\/logo-feher-600.png\",\"contentUrl\":\"https:\\\/\\\/dorogimedence.hu\\\/wp-content\\\/uploads\\\/2021\\\/04\\\/logo-feher-600.png\",\"width\":600,\"height\":100,\"caption\":\"Dorogi-medence Region\u00e1lis H\u00edrport\u00e1l\"},\"image\":{\"@id\":\"https:\\\/\\\/dorogimedence.hu\\\/#\\\/schema\\\/logo\\\/image\\\/\"},\"sameAs\":[\"https:\\\/\\\/www.facebook.com\\\/dorogimedence\\\/\"]},{\"@type\":\"Person\",\"@id\":\"https:\\\/\\\/dorogimedence.hu\\\/#\\\/schema\\\/person\\\/ce6091eeb7e95ecdc87890d6aa8e0fd4\",\"name\":\"dorogimedence.hu\",\"image\":{\"@type\":\"ImageObject\",\"inLanguage\":\"hu\",\"@id\":\"\\\/\\\/www.gravatar.com\\\/avatar\\\/d8d45f8901aadff40a4af72c0b826f1d?s=96&#038;r=g&#038;d=mm\",\"url\":\"\\\/\\\/www.gravatar.com\\\/avatar\\\/d8d45f8901aadff40a4af72c0b826f1d?s=96&#038;r=g&#038;d=mm\",\"contentUrl\":\"\\\/\\\/www.gravatar.com\\\/avatar\\\/d8d45f8901aadff40a4af72c0b826f1d?s=96&#038;r=g&#038;d=mm\",\"caption\":\"dorogimedence.hu\"}}]}<\/script>\n<!-- \/ Yoast SEO plugin. -->","yoast_head_json":{"title":"Orsz\u00e1gj\u00e1r\u00e1sra viszik az Eucharisztikus Vil\u00e1gkongresszus keresztj\u00e9t","robots":{"index":"index","follow":"follow","max-snippet":"max-snippet:-1","max-image-preview":"max-image-preview:large","max-video-preview":"max-video-preview:-1"},"canonical":"https:\/\/dorogimedence.hu\/index.php\/2018\/02\/24\/orszagjarasra-viszik-az-eucharisztikus-vilagkongresszus-keresztjet\/","og_locale":"hu_HU","og_type":"article","og_title":"Orsz\u00e1gj\u00e1r\u00e1sra viszik az Eucharisztikus Vil\u00e1gkongresszus keresztj\u00e9t","og_description":"Orsz\u00e1gj\u00e1r\u00f3 k\u00f6r\u00fatra viszik az Eucharisztikus Vil\u00e1gkongresszus misszi\u00f3s keresztj\u00e9t. A keresztet Erd\u0151 P\u00e9ter b\u00edboros, pr\u00edm\u00e1s, esztergom-budapesti \u00e9rsek \u00e1ldja meg \u00e9s ind\u00edtja \u00fatj\u00e1ra szombat d\u00e9lut\u00e1n az esztergomi bazilik\u00e1b\u00f3l &#8211; t\u00e1j\u00e9koztatta T\u00f3th J\u00e1nos Csaba, a f\u0151egyh\u00e1zmegye sajt\u00f3referense az MTI-t. A misszi\u00f3s keresztet a 2020-as budapesti Nemzetk\u00f6zi Eucharisztikus Vil\u00e1gkongresszusig v\u00e9gigviszik valamennyi egyh\u00e1zmegy\u00e9ben. Els\u0151 \u00e1llom\u00e1sa M\u00e1riap\u00f3cs lesz, majd tov\u00e1bbi nyolc","og_url":"https:\/\/dorogimedence.hu\/index.php\/2018\/02\/24\/orszagjarasra-viszik-az-eucharisztikus-vilagkongresszus-keresztjet\/","og_site_name":"Dorogi-medence Region\u00e1lis H\u00edrport\u00e1l","article_publisher":"https:\/\/www.facebook.com\/dorogimedence\/","article_published_time":"2018-02-24T10:54:26+00:00","og_image":[{"width":670,"height":365,"url":"https:\/\/i0.wp.com\/dorogimedence.hu\/wp-content\/uploads\/2018\/02\/kereszt-bazilika.jpg?fit=670%2C365&ssl=1","type":"image\/jpeg"}],"author":"dorogimedence.hu","twitter_card":"summary_large_image","twitter_misc":{"Szerz\u0151:":"dorogimedence.hu","Becs\u00fclt olvas\u00e1si id\u0151":"1 perc"},"schema":{"@context":"https:\/\/schema.org","@graph":[{"@type":"Article","@id":"https:\/\/dorogimedence.hu\/index.php\/2018\/02\/24\/orszagjarasra-viszik-az-eucharisztikus-vilagkongresszus-keresztjet\/#article","isPartOf":{"@id":"https:\/\/dorogimedence.hu\/index.php\/2018\/02\/24\/orszagjarasra-viszik-az-eucharisztikus-vilagkongresszus-keresztjet\/"},"author":{"name":"dorogimedence.hu","@id":"https:\/\/dorogimedence.hu\/#\/schema\/person\/ce6091eeb7e95ecdc87890d6aa8e0fd4"},"headline":"Orsz\u00e1gj\u00e1r\u00e1sra viszik az Eucharisztikus Vil\u00e1gkongresszus keresztj\u00e9t","datePublished":"2018-02-24T10:54:26+00:00","mainEntityOfPage":{"@id":"https:\/\/dorogimedence.hu\/index.php\/2018\/02\/24\/orszagjarasra-viszik-az-eucharisztikus-vilagkongresszus-keresztjet\/"},"wordCount":242,"publisher":{"@id":"https:\/\/dorogimedence.hu\/#organization"},"image":{"@id":"https:\/\/dorogimedence.hu\/index.php\/2018\/02\/24\/orszagjarasra-viszik-az-eucharisztikus-vilagkongresszus-keresztjet\/#primaryimage"},"thumbnailUrl":"https:\/\/dorogimedence.hu\/wp-content\/uploads\/2018\/02\/kereszt-bazilika.jpg","keywords":["Bazilika","esztergom","Eucharisztikus Vil\u00e1gkongresszus","kereszt"],"articleSection":["Esztergom","H\u00edrek"],"inLanguage":"hu"},{"@type":"WebPage","@id":"https:\/\/dorogimedence.hu\/index.php\/2018\/02\/24\/orszagjarasra-viszik-az-eucharisztikus-vilagkongresszus-keresztjet\/","url":"https:\/\/dorogimedence.hu\/index.php\/2018\/02\/24\/orszagjarasra-viszik-az-eucharisztikus-vilagkongresszus-keresztjet\/","name":"Orsz\u00e1gj\u00e1r\u00e1sra viszik az Eucharisztikus Vil\u00e1gkongresszus keresztj\u00e9t","isPartOf":{"@id":"https:\/\/dorogimedence.hu\/#website"},"primaryImageOfPage":{"@id":"https:\/\/dorogimedence.hu\/index.php\/2018\/02\/24\/orszagjarasra-viszik-az-eucharisztikus-vilagkongresszus-keresztjet\/#primaryimage"},"image":{"@id":"https:\/\/dorogimedence.hu\/index.php\/2018\/02\/24\/orszagjarasra-viszik-az-eucharisztikus-vilagkongresszus-keresztjet\/#primaryimage"},"thumbnailUrl":"https:\/\/dorogimedence.hu\/wp-content\/uploads\/2018\/02\/kereszt-bazilika.jpg","datePublished":"2018-02-24T10:54:26+00:00","breadcrumb":{"@id":"https:\/\/dorogimedence.hu\/index.php\/2018\/02\/24\/orszagjarasra-viszik-az-eucharisztikus-vilagkongresszus-keresztjet\/#breadcrumb"},"inLanguage":"hu","potentialAction":[{"@type":"ReadAction","target":["https:\/\/dorogimedence.hu\/index.php\/2018\/02\/24\/orszagjarasra-viszik-az-eucharisztikus-vilagkongresszus-keresztjet\/"]}]},{"@type":"ImageObject","inLanguage":"hu","@id":"https:\/\/dorogimedence.hu\/index.php\/2018\/02\/24\/orszagjarasra-viszik-az-eucharisztikus-vilagkongresszus-keresztjet\/#primaryimage","url":"https:\/\/dorogimedence.hu\/wp-content\/uploads\/2018\/02\/kereszt-bazilika.jpg","contentUrl":"https:\/\/dorogimedence.hu\/wp-content\/uploads\/2018\/02\/kereszt-bazilika.jpg","width":670,"height":365},{"@type":"BreadcrumbList","@id":"https:\/\/dorogimedence.hu\/index.php\/2018\/02\/24\/orszagjarasra-viszik-az-eucharisztikus-vilagkongresszus-keresztjet\/#breadcrumb","itemListElement":[{"@type":"ListItem","position":1,"name":"Kezd\u0151lap","item":"https:\/\/dorogimedence.hu\/"},{"@type":"ListItem","position":2,"name":"Orsz\u00e1gj\u00e1r\u00e1sra viszik az Eucharisztikus Vil\u00e1gkongresszus keresztj\u00e9t"}]},{"@type":"WebSite","@id":"https:\/\/dorogimedence.hu\/#website","url":"https:\/\/dorogimedence.hu\/","name":"Dorogi-medence Region\u00e1lis H\u00edrport\u00e1l","description":"Dorog, Keszt\u00f6lc, Le\u00e1nyv\u00e1r, Piliscs\u00e9v, Tokod, Tokodalt\u00e1r\u00f3, Csolnok, Esztergom-kertv\u00e1ros: h\u00edrek, programok","publisher":{"@id":"https:\/\/dorogimedence.hu\/#organization"},"potentialAction":[{"@type":"SearchAction","target":{"@type":"EntryPoint","urlTemplate":"https:\/\/dorogimedence.hu\/?s={search_term_string}"},"query-input":{"@type":"PropertyValueSpecification","valueRequired":true,"valueName":"search_term_string"}}],"inLanguage":"hu"},{"@type":"Organization","@id":"https:\/\/dorogimedence.hu\/#organization","name":"Dorogi-medence Region\u00e1lis H\u00edrport\u00e1l","url":"https:\/\/dorogimedence.hu\/","logo":{"@type":"ImageObject","inLanguage":"hu","@id":"https:\/\/dorogimedence.hu\/#\/schema\/logo\/image\/","url":"https:\/\/dorogimedence.hu\/wp-content\/uploads\/2021\/04\/logo-feher-600.png","contentUrl":"https:\/\/dorogimedence.hu\/wp-content\/uploads\/2021\/04\/logo-feher-600.png","width":600,"height":100,"caption":"Dorogi-medence Region\u00e1lis H\u00edrport\u00e1l"},"image":{"@id":"https:\/\/dorogimedence.hu\/#\/schema\/logo\/image\/"},"sameAs":["https:\/\/www.facebook.com\/dorogimedence\/"]},{"@type":"Person","@id":"https:\/\/dorogimedence.hu\/#\/schema\/person\/ce6091eeb7e95ecdc87890d6aa8e0fd4","name":"dorogimedence.hu","image":{"@type":"ImageObject","inLanguage":"hu","@id":"\/\/www.gravatar.com\/avatar\/d8d45f8901aadff40a4af72c0b826f1d?s=96&#038;r=g&#038;d=mm","url":"\/\/www.gravatar.com\/avatar\/d8d45f8901aadff40a4af72c0b826f1d?s=96&#038;r=g&#038;d=mm","contentUrl":"\/\/www.gravatar.com\/avatar\/d8d45f8901aadff40a4af72c0b826f1d?s=96&#038;r=g&#038;d=mm","caption":"dorogimedence.hu"}}]}},"_links":{"self":[{"href":"https:\/\/dorogimedence.hu\/index.php\/wp-json\/wp\/v2\/posts\/8594","targetHints":{"allow":["GET"]}}],"collection":[{"href":"https:\/\/dorogimedence.hu\/index.php\/wp-json\/wp\/v2\/posts"}],"about":[{"href":"https:\/\/dorogimedence.hu\/index.php\/wp-json\/wp\/v2\/types\/post"}],"author":[{"embeddable":true,"href":"https:\/\/dorogimedence.hu\/index.php\/wp-json\/wp\/v2\/users\/1"}],"replies":[{"embeddable":true,"href":"https:\/\/dorogimedence.hu\/index.php\/wp-json\/wp\/v2\/comments?post=8594"}],"version-history":[{"count":0,"href":"https:\/\/dorogimedence.hu\/index.php\/wp-json\/wp\/v2\/posts\/8594\/revisions"}],"wp:featuredmedia":[{"embeddable":true,"href":"https:\/\/dorogimedence.hu\/index.php\/wp-json\/wp\/v2\/media\/8595"}],"wp:attachment":[{"href":"https:\/\/dorogimedence.hu\/index.php\/wp-json\/wp\/v2\/media?parent=8594"}],"wp:term":[{"taxonomy":"category","embeddable":true,"href":"https:\/\/dorogimedence.hu\/index.php\/wp-json\/wp\/v2\/categories?post=8594"},{"taxonomy":"post_tag","embeddable":true,"href":"https:\/\/dorogimedence.hu\/index.php\/wp-json\/wp\/v2\/tags?post=8594"}],"curies":[{"name":"wp","href":"https:\/\/api.w.org\/{rel}","templated":true}]}}