{"id":8378,"date":"2018-02-14T07:03:58","date_gmt":"2018-02-14T06:03:58","guid":{"rendered":"http:\/\/dorogimedence.hu\/?p=8378"},"modified":"2018-02-14T07:03:58","modified_gmt":"2018-02-14T06:03:58","slug":"kipke-tamas-es-elmer-istvan-az-esztergomi-konyvtarban","status":"publish","type":"post","link":"https:\/\/dorogimedence.hu\/index.php\/2018\/02\/14\/kipke-tamas-es-elmer-istvan-az-esztergomi-konyvtarban\/","title":{"rendered":"Kipke Tam\u00e1s \u00e9s Elmer Istv\u00e1n az esztergomi k\u00f6nyvt\u00e1rban"},"content":{"rendered":"<p><strong>Az Esztergomi Helischer J\u00f3zsef V\u00e1rosi K\u00f6nyvt\u00e1r K\u00f6zt\u00fcnk \u00e9lnek sorozat\u00e1nak febru\u00e1r 12-i vend\u00e9gei Kipke Tam\u00e1s magyar \u00fajs\u00e1g\u00edr\u00f3, \u00edr\u00f3 \u00e9s k\u00f6lt\u0151, valamint gimn\u00e1ziumi oszt\u00e1lyt\u00e1rsa, Elmer Istv\u00e1n (szint\u00e9n \u00edr\u00f3) voltak.<\/strong><\/p>\n<p>Kipke Tam\u00e1s egy\u00e9ves kor\u00e1ban Esztergomba ker\u00fclt, itt \u00e9retts\u00e9gizett a ferences gimn\u00e1ziumban, 1970-ben. A tov\u00e1bbiakban az Ybl Mikl\u00f3s \u00c9p\u00edt\u0151ipari M\u0171szaki F\u0151iskol\u00e1n, majd az ELTE B\u00f6lcs\u00e9szkar\u00e1n tanult. 1973. m\u00e1rcius elsej\u00e9n az \u00daj Ember katolikus hetilapn\u00e1l \u00fajs\u00e1g\u00edr\u00f3-gyakornok lett. P\u00e1ly\u00e1ja itt teljesedett ki; 1990-t\u0151l f\u0151szerkeszt\u0151-helyettesk\u00e9nt, 2010-ben, mint a szerkeszt\u0151s\u00e9g tagja szerepel a neve az \u00daj Ember impresszum\u00e1ban. Alap\u00edt\u00f3ja \u00e9s eln\u00f6ks\u00e9gi tagja a Magyar Katolikus \u00dajs\u00e1g\u00edr\u00f3k Sz\u00f6vets\u00e9g\u00e9nek. Az \u00fajs\u00e1g\u00edr\u00f3i m\u0171fajok tan\u00e1ra Esztergomban, a P\u00e1zm\u00e1ny egyetem Vit\u00e9z J\u00e1nos kar\u00e1n. \u00dajs\u00e1g\u00edr\u00f3i munk\u00e1ss\u00e1ga elismer\u00e9sek\u00e9nt 1996-ban T\u00e1ncsics Mih\u00e1ly-d\u00edjat kapott. \u00d6n\u00e1ll\u00f3 k\u00f6tetei: L\u00e9lekt\u00fcr (1995), Hi\u00e1nyjelek (1997), Roncsh\u00edd (2000), Beatrice levelesk\u00f6nyve (2004), Jegyzetk\u00f6nyv (v\u00e1logat\u00e1s a Magyar Katolikus R\u00e1di\u00f3ban elhangzott jegyzetekb\u0151l, 2005), Van rem\u00e9ny (v\u00e1logat\u00e1s a Magyar Katolikus R\u00e1di\u00f3ban elhangzott jegyzetekb\u0151l, 2009), K\u00e9t hangj\u00e1t\u00e9k (Pas de deux \u00e9s Id\u0151sebbek hull\u00e1mhossz\u00e1n).<\/p>\n<p>Kipke Tam\u00e1s \u00edr\u00f3i-\u00fajs\u00e1g\u00edr\u00f3i munk\u00e1ss\u00e1g\u00e1nak meghat\u00e1roz\u00f3ja a sz\u00fcl\u0151i h\u00e1z, amelyb\u0151l katolikus \u00e9letide\u00e1lt, magyar patriotizmust, sz\u00e9lesk\u00f6r\u0171 m\u0171velts\u00e9get \u00e9s polg\u00e1ri \u00e9rt\u00e9krendet kapott. Az \u201956 ut\u00e1n feln\u00f6v\u0151 nemzed\u00e9k tagjak\u00e9nt d\u00f6nt\u0151 hat\u00e1ssal van r\u00e1 az \u00fagynevezett beatkult\u00fara, amely nemcsak zenei-hangszerel\u00e9si st\u00edlust, nemcsak \u00fatkeres\u00e9st, nemcsak l\u00e1zad\u00e1st, de ig\u00e9nyess\u00e9get, az igazs\u00e1g m\u00e9lys\u00e9gei \u00e9s magass\u00e1gai megtapasztal\u00e1sa ir\u00e1nti ig\u00e9nyt jelent a sz\u00e1m\u00e1ra. Az \u00edr\u00e1ssal csak\u00fagy, mint a zen\u00e9vel a ferences gimn\u00e1ziumi, illetve koll\u00e9giumi \u00e9vek sor\u00e1n jegyzi el mag\u00e1t. B\u00e1tor\u00edt\u00f3i, egyszersmind tan\u00fai e frigynek szerzetes tan\u00e1rai s di\u00e1kt\u00e1rsai, akik k\u00f6z\u00fcl t\u00f6bbel a mai napig, mint koll\u00e9g\u00e1val r\u00f3ja az \u00edr\u00f3i-\u00fajs\u00e1g\u00edr\u00f3i p\u00e1lya kalandos \u00f6sv\u00e9nyeit. Mint katolikus \u00fajs\u00e1g\u00edr\u00f3 h\u0171s\u00e9ges \u00e9s a maga m\u0171faja szerint szakszer\u0171 h\u00edve \u00e9s szolg\u00e1l\u00f3ja az egyh\u00e1znak. Teszi ezt \u2013 p\u00e1lyakezd\u00e9se \u00f3ta t\u00f6retlen\u00fcl \u2013, azzal a meggy\u0151z\u0151d\u00e9ssel, hogy az olvas\u00f3 nem puszt\u00e1n kegyes sz\u00f6vegekre v\u00e1gyik, hanem val\u00f3ban inform\u00e1l\u00f3dni akar. Tud\u00e1st, l\u00e1t\u00e1sm\u00f3dot kapni az \u00e9lethez. Kereszt\u00e9ny, azaz Krisztus-i l\u00e1t\u00e1sm\u00f3dot\u2026 Kipke Tam\u00e1s kiv\u00e1l\u00f3an b\u00e1nik nyersanyag\u00e1val, a magyar nyelvvel, p\u00e9ldaad\u00f3 ig\u00e9nyess\u00e9ggel m\u0171veli az \u00fajs\u00e1g\u00edr\u00e1s valamennyi m\u0171faj\u00e1t a h\u00edrt\u0151l a tud\u00f3s\u00edt\u00e1sig, jegyzett\u0151l az interj\u00faig, sz\u00f6sszenett\u0151l az irodalmi riportig. Nem b\u00edr\u00f3, \u00edr\u00e1sai nem \u00edt\u00e9lkeznek, sokkal ink\u00e1bb k\u00e9rdeznek. Mi t\u00f6bb: k\u00e9rdezni tan\u00edtj\u00e1k az olvas\u00f3t. K\u00e9rdezni \u00fagy, hogy a v\u00e1lasz a hit, a h\u0171s\u00e9g, az elk\u00f6telezetts\u00e9g \u00e1ltal sz\u00fclessen meg az emberben. K\u00e9rdezni \u00fagy, hogy m\u00edg a k\u00e9rd\u00e9s sokf\u00e9le, a v\u00e1lasz \u2013 b\u00e1r ki nem mondatik \u2013 mindig egy ir\u00e1nyba mutat\u00f3 lehessen. \u00cdr\u00f3i tev\u00e9kenys\u00e9ge mellett a Kistemplomos Lovagok Egy\u00fcttes tagja.<\/p>\n<p><img fetchpriority=\"high\" decoding=\"async\" class=\"alignnone size-full wp-image-8381\" src=\"https:\/\/dorogimedence.hu\/wp-content\/uploads\/2018\/02\/kipke-01.jpg\" alt=\"\" width=\"670\" height=\"365\" srcset=\"https:\/\/dorogimedence.hu\/wp-content\/uploads\/2018\/02\/kipke-01.jpg 670w, https:\/\/dorogimedence.hu\/wp-content\/uploads\/2018\/02\/kipke-01-300x163.jpg 300w\" sizes=\"(max-width: 670px) 100vw, 670px\" \/><\/p>\n<p>Elmer Istv\u00e1n \u00edr\u00f3, \u00fajs\u00e1g\u00edr\u00f3 Esztergomban sz\u00fcletett. 1970-ben az esztergomi Ferences Gimn\u00e1ziumban \u00e9retts\u00e9gizett. Az \u00e9rtelmi fogyat\u00e9kosok visegr\u00e1di int\u00e9zet\u00e9ben nevel\u0151k\u00e9nt helyezkedett el, majd 1977-t\u0151l kiseg\u00edt\u0151-iskolai tan\u00e1r Budapesten. K\u00f6zben gy\u00f3gypedag\u00f3gus \u00e9s magyar-t\u00f6rt\u00e9nelem szakos tan\u00e1ri oklevelet szerzett. 1983-t\u00f3l az Ikarus c\u00edm\u0171 \u00fczemi lap, 1990-t\u0151l az \u00daj Ember munkat\u00e1rsa. J\u00f3zsef Attila-d\u00edjas (2004). Eur\u00f3pa-\u00e9rem d\u00edjazott (2016.)<\/p>\n<p>M\u0171veib\u0151l: Ferenc J\u00f3zsef keser\u0171v\u00edz (1989), Parasztbarokk (1991), B\u00f6rt\u00f6nkereszt. B\u00f6rt\u00f6nviselt katolikusok visszaeml\u00e9kez\u00e9sei (1994), Str\u00e1zsahegy (1995), Isten pr\u00f3babab\u00e1i (2003), Isten orsz\u00e1g\u00fatj\u00e1n. Elmer Istv\u00e1n besz\u00e9lget\u00e9se B\u00e1bel Bal\u00e1zs kalocsai \u00e9rsekkel (2005), Mindenhol pap vagyok. Elmer Istv\u00e1n besz\u00e9lget\u00e9se Beer Mikl\u00f3s v\u00e1ci megy\u00e9sp\u00fcsp\u00f6kkel (2009), Elvitte \u0151t J\u00e9zushoz. Elmer Istv\u00e1n besz\u00e9lget\u00e9se Veres Andr\u00e1s szombathelyi megy\u00e9sp\u00fcsp\u00f6kkel (2009), M\u0171t\u00e9t (2010), Keleti l\u00e9lekkel a K\u00e1rp\u00e1t-medenc\u00e9ben. Elmer Istv\u00e1n besz\u00e9lget\u00e9se Kocsis F\u00fcl\u00f6p, hajd\u00fadorogi megy\u00e9sp\u00fcsp\u00f6kkel (2012), A magyarok p\u00fcsp\u00f6ke. Elmer Istv\u00e1n besz\u00e9lget\u00e9se Cserh\u00e1ti Ferenccel, a k\u00fclf\u00f6ld\u00f6n \u00e9l\u0151 magyarok p\u00fcsp\u00f6k\u00e9vel (2012), Rendelkez\u00e9sre \u00e1llok. Elmer Istv\u00e1n \u00e9s Kipke Tam\u00e1s besz\u00e9lget\u00e9se B\u00edr\u00f3 L\u00e1szl\u00f3 t\u00e1bori p\u00fcsp\u00f6kkel (2013), Feh\u00e9r szavak. Kisreg\u00e9nyek a P\u00e1los rend t\u00f6rt\u00e9net\u00e9b\u0151l (2013), Merre vezet az \u00fat? Elmer Istv\u00e1n besz\u00e9lget\u00e9se Orosz Atan\u00e1z g\u00f6r\u00f6gkatolikus p\u00fcsp\u00f6kkel (2013), A v\u00edzhord\u00f3 ember. Elmer Istv\u00e1n besz\u00e9lget\u00e9se M\u00e1rfi Gyula veszpr\u00e9mi \u00e9rsekkel (2014), \u00d6r\u00f6kre veszve nem lehet (2014), Az \u00e9let a szeretetben teljes. Elmer Istv\u00e1n besz\u00e9lget\u00e9se Pal\u00e1nki Ferenc debrecen-ny\u00edregyh\u00e1zi megy\u00e9sp\u00fcsp\u00f6kkel (2017), <em>A fogoly szeme<\/em> leg\u00fajabb novell\u00e1sk\u00f6tete, ami a Gul\u00e1g eml\u00e9k\u00e9v kapcs\u00e1n ker\u00fclt kiad\u00e1sra.<\/p>\n<p>Kedves olvas\u00f3inknak aj\u00e1nljuk a k\u00e9t \u00fajs\u00e1g\u00edr\u00f3-\u00edr\u00f3 k\u00f6teteinek elolvas\u00e1s\u00e1t. A legf\u0151bb gondolat, amelyet k\u00f6zvet\u00edtettek az est sor\u00e1n, hogy v\u00e9lem\u00e9nyk\u00fcl\u00f6nbs\u00e9geink dac\u00e1ra vegy\u00fck embersz\u00e1mba a m\u00e1sikat. Nem a k\u00fcl\u00f6nbs\u00e9geinket kell n\u00e9zni, hanem \u201ea legkisebb \u2013 vagy legnagyobb? \u2013 k\u00f6z\u00f6s t\u00f6bbsz\u00f6r\u00f6st; ami k\u00f6z\u00f6s benn\u00fcnk: hogy emberek vagyunk\u201d, mondta Kipke Tam\u00e1s. A mai magyar \u00e9rtelmis\u00e9gnek ebben p\u00e9ld\u00e1t k\u00e9ne mutatnia.<\/p>\n<p><em><strong>H\u00e1mosn\u00e9 Sz\u0151ke Anna<\/strong><\/em><\/p>\n<p><em>Fot\u00f3k: Ny\u00e1ri Andrea<\/em><\/p>\n","protected":false},"excerpt":{"rendered":"<p>Az Esztergomi Helischer J\u00f3zsef V\u00e1rosi K\u00f6nyvt\u00e1r K\u00f6zt\u00fcnk \u00e9lnek sorozat\u00e1nak febru\u00e1r 12-i vend\u00e9gei Kipke Tam\u00e1s magyar \u00fajs\u00e1g\u00edr\u00f3, \u00edr\u00f3 \u00e9s k\u00f6lt\u0151, valamint gimn\u00e1ziumi oszt\u00e1lyt\u00e1rsa, Elmer Istv\u00e1n (szint\u00e9n \u00edr\u00f3) voltak. Kipke Tam\u00e1s egy\u00e9ves kor\u00e1ban Esztergomba ker\u00fclt, itt \u00e9retts\u00e9gizett a ferences gimn\u00e1ziumban, 1970-ben. A tov\u00e1bbiakban az Ybl Mikl\u00f3s \u00c9p\u00edt\u0151ipari M\u0171szaki F\u0151iskol\u00e1n, majd az ELTE B\u00f6lcs\u00e9szkar\u00e1n tanult. 1973. m\u00e1rcius elsej\u00e9n<\/p>\n","protected":false},"author":1,"featured_media":8380,"comment_status":"closed","ping_status":"closed","sticky":false,"template":"","format":"standard","meta":{"ngg_post_thumbnail":0,"footnotes":""},"categories":[38,3],"tags":[2216,42,2215,144,1606],"class_list":{"0":"post-8378","1":"post","2":"type-post","3":"status-publish","4":"format-standard","5":"has-post-thumbnail","7":"category-esztergom","8":"category-hirek","9":"tag-elmer-istvan","10":"tag-esztergom","11":"tag-kipke-tamas","12":"tag-konyvtar","13":"tag-koztunk-elnek"},"yoast_head":"<!-- This site is optimized with the Yoast SEO plugin v27.4 - https:\/\/yoast.com\/product\/yoast-seo-wordpress\/ -->\n<title>Kipke Tam\u00e1s \u00e9s Elmer Istv\u00e1n az esztergomi k\u00f6nyvt\u00e1rban<\/title>\n<meta name=\"robots\" content=\"index, follow, max-snippet:-1, max-image-preview:large, max-video-preview:-1\" \/>\n<link rel=\"canonical\" href=\"https:\/\/dorogimedence.hu\/index.php\/2018\/02\/14\/kipke-tamas-es-elmer-istvan-az-esztergomi-konyvtarban\/\" class=\"yoast-seo-meta-tag\" \/>\n<meta property=\"og:locale\" content=\"hu_HU\" class=\"yoast-seo-meta-tag\" \/>\n<meta property=\"og:type\" content=\"article\" class=\"yoast-seo-meta-tag\" \/>\n<meta property=\"og:title\" content=\"Kipke Tam\u00e1s \u00e9s Elmer Istv\u00e1n az esztergomi k\u00f6nyvt\u00e1rban\" class=\"yoast-seo-meta-tag\" \/>\n<meta property=\"og:description\" content=\"Az Esztergomi Helischer J\u00f3zsef V\u00e1rosi K\u00f6nyvt\u00e1r K\u00f6zt\u00fcnk \u00e9lnek sorozat\u00e1nak febru\u00e1r 12-i vend\u00e9gei Kipke Tam\u00e1s magyar \u00fajs\u00e1g\u00edr\u00f3, \u00edr\u00f3 \u00e9s k\u00f6lt\u0151, valamint gimn\u00e1ziumi oszt\u00e1lyt\u00e1rsa, Elmer Istv\u00e1n (szint\u00e9n \u00edr\u00f3) voltak. Kipke Tam\u00e1s egy\u00e9ves kor\u00e1ban Esztergomba ker\u00fclt, itt \u00e9retts\u00e9gizett a ferences gimn\u00e1ziumban, 1970-ben. A tov\u00e1bbiakban az Ybl Mikl\u00f3s \u00c9p\u00edt\u0151ipari M\u0171szaki F\u0151iskol\u00e1n, majd az ELTE B\u00f6lcs\u00e9szkar\u00e1n tanult. 1973. m\u00e1rcius elsej\u00e9n\" class=\"yoast-seo-meta-tag\" \/>\n<meta property=\"og:url\" content=\"https:\/\/dorogimedence.hu\/index.php\/2018\/02\/14\/kipke-tamas-es-elmer-istvan-az-esztergomi-konyvtarban\/\" class=\"yoast-seo-meta-tag\" \/>\n<meta property=\"og:site_name\" content=\"Dorogi-medence Region\u00e1lis H\u00edrport\u00e1l\" class=\"yoast-seo-meta-tag\" \/>\n<meta property=\"article:publisher\" content=\"https:\/\/www.facebook.com\/dorogimedence\/\" class=\"yoast-seo-meta-tag\" \/>\n<meta property=\"article:published_time\" content=\"2018-02-14T06:03:58+00:00\" class=\"yoast-seo-meta-tag\" \/>\n<meta property=\"og:image\" content=\"https:\/\/i0.wp.com\/dorogimedence.hu\/wp-content\/uploads\/2018\/02\/kipke-02.jpg?fit=670%2C365&ssl=1\" class=\"yoast-seo-meta-tag\" \/>\n\t<meta property=\"og:image:width\" content=\"670\" class=\"yoast-seo-meta-tag\" \/>\n\t<meta property=\"og:image:height\" content=\"365\" class=\"yoast-seo-meta-tag\" \/>\n\t<meta property=\"og:image:type\" content=\"image\/jpeg\" class=\"yoast-seo-meta-tag\" \/>\n<meta name=\"author\" content=\"dorogimedence.hu\" class=\"yoast-seo-meta-tag\" \/>\n<meta name=\"twitter:card\" content=\"summary_large_image\" class=\"yoast-seo-meta-tag\" \/>\n<meta name=\"twitter:label1\" content=\"Szerz\u0151:\" class=\"yoast-seo-meta-tag\" \/>\n\t<meta name=\"twitter:data1\" content=\"dorogimedence.hu\" class=\"yoast-seo-meta-tag\" \/>\n\t<meta name=\"twitter:label2\" content=\"Becs\u00fclt olvas\u00e1si id\u0151\" class=\"yoast-seo-meta-tag\" \/>\n\t<meta name=\"twitter:data2\" content=\"5 perc\" class=\"yoast-seo-meta-tag\" \/>\n<script type=\"application\/ld+json\" class=\"yoast-schema-graph\">{\"@context\":\"https:\\\/\\\/schema.org\",\"@graph\":[{\"@type\":\"Article\",\"@id\":\"https:\\\/\\\/dorogimedence.hu\\\/index.php\\\/2018\\\/02\\\/14\\\/kipke-tamas-es-elmer-istvan-az-esztergomi-konyvtarban\\\/#article\",\"isPartOf\":{\"@id\":\"https:\\\/\\\/dorogimedence.hu\\\/index.php\\\/2018\\\/02\\\/14\\\/kipke-tamas-es-elmer-istvan-az-esztergomi-konyvtarban\\\/\"},\"author\":{\"name\":\"dorogimedence.hu\",\"@id\":\"https:\\\/\\\/dorogimedence.hu\\\/#\\\/schema\\\/person\\\/ce6091eeb7e95ecdc87890d6aa8e0fd4\"},\"headline\":\"Kipke Tam\u00e1s \u00e9s Elmer Istv\u00e1n az esztergomi k\u00f6nyvt\u00e1rban\",\"datePublished\":\"2018-02-14T06:03:58+00:00\",\"mainEntityOfPage\":{\"@id\":\"https:\\\/\\\/dorogimedence.hu\\\/index.php\\\/2018\\\/02\\\/14\\\/kipke-tamas-es-elmer-istvan-az-esztergomi-konyvtarban\\\/\"},\"wordCount\":1055,\"publisher\":{\"@id\":\"https:\\\/\\\/dorogimedence.hu\\\/#organization\"},\"image\":{\"@id\":\"https:\\\/\\\/dorogimedence.hu\\\/index.php\\\/2018\\\/02\\\/14\\\/kipke-tamas-es-elmer-istvan-az-esztergomi-konyvtarban\\\/#primaryimage\"},\"thumbnailUrl\":\"https:\\\/\\\/dorogimedence.hu\\\/wp-content\\\/uploads\\\/2018\\\/02\\\/kipke-02.jpg\",\"keywords\":[\"Elmer Istv\u00e1n\",\"esztergom\",\"Kipke Tam\u00e1s\",\"k\u00f6nyvt\u00e1r\",\"K\u00f6zt\u00fcnk \u00e9lnek\"],\"articleSection\":[\"Esztergom\",\"H\u00edrek\"],\"inLanguage\":\"hu\"},{\"@type\":\"WebPage\",\"@id\":\"https:\\\/\\\/dorogimedence.hu\\\/index.php\\\/2018\\\/02\\\/14\\\/kipke-tamas-es-elmer-istvan-az-esztergomi-konyvtarban\\\/\",\"url\":\"https:\\\/\\\/dorogimedence.hu\\\/index.php\\\/2018\\\/02\\\/14\\\/kipke-tamas-es-elmer-istvan-az-esztergomi-konyvtarban\\\/\",\"name\":\"Kipke Tam\u00e1s \u00e9s Elmer Istv\u00e1n az esztergomi k\u00f6nyvt\u00e1rban\",\"isPartOf\":{\"@id\":\"https:\\\/\\\/dorogimedence.hu\\\/#website\"},\"primaryImageOfPage\":{\"@id\":\"https:\\\/\\\/dorogimedence.hu\\\/index.php\\\/2018\\\/02\\\/14\\\/kipke-tamas-es-elmer-istvan-az-esztergomi-konyvtarban\\\/#primaryimage\"},\"image\":{\"@id\":\"https:\\\/\\\/dorogimedence.hu\\\/index.php\\\/2018\\\/02\\\/14\\\/kipke-tamas-es-elmer-istvan-az-esztergomi-konyvtarban\\\/#primaryimage\"},\"thumbnailUrl\":\"https:\\\/\\\/dorogimedence.hu\\\/wp-content\\\/uploads\\\/2018\\\/02\\\/kipke-02.jpg\",\"datePublished\":\"2018-02-14T06:03:58+00:00\",\"breadcrumb\":{\"@id\":\"https:\\\/\\\/dorogimedence.hu\\\/index.php\\\/2018\\\/02\\\/14\\\/kipke-tamas-es-elmer-istvan-az-esztergomi-konyvtarban\\\/#breadcrumb\"},\"inLanguage\":\"hu\",\"potentialAction\":[{\"@type\":\"ReadAction\",\"target\":[\"https:\\\/\\\/dorogimedence.hu\\\/index.php\\\/2018\\\/02\\\/14\\\/kipke-tamas-es-elmer-istvan-az-esztergomi-konyvtarban\\\/\"]}]},{\"@type\":\"ImageObject\",\"inLanguage\":\"hu\",\"@id\":\"https:\\\/\\\/dorogimedence.hu\\\/index.php\\\/2018\\\/02\\\/14\\\/kipke-tamas-es-elmer-istvan-az-esztergomi-konyvtarban\\\/#primaryimage\",\"url\":\"https:\\\/\\\/dorogimedence.hu\\\/wp-content\\\/uploads\\\/2018\\\/02\\\/kipke-02.jpg\",\"contentUrl\":\"https:\\\/\\\/dorogimedence.hu\\\/wp-content\\\/uploads\\\/2018\\\/02\\\/kipke-02.jpg\",\"width\":670,\"height\":365},{\"@type\":\"BreadcrumbList\",\"@id\":\"https:\\\/\\\/dorogimedence.hu\\\/index.php\\\/2018\\\/02\\\/14\\\/kipke-tamas-es-elmer-istvan-az-esztergomi-konyvtarban\\\/#breadcrumb\",\"itemListElement\":[{\"@type\":\"ListItem\",\"position\":1,\"name\":\"Kezd\u0151lap\",\"item\":\"https:\\\/\\\/dorogimedence.hu\\\/\"},{\"@type\":\"ListItem\",\"position\":2,\"name\":\"Kipke Tam\u00e1s \u00e9s Elmer Istv\u00e1n az esztergomi k\u00f6nyvt\u00e1rban\"}]},{\"@type\":\"WebSite\",\"@id\":\"https:\\\/\\\/dorogimedence.hu\\\/#website\",\"url\":\"https:\\\/\\\/dorogimedence.hu\\\/\",\"name\":\"Dorogi-medence Region\u00e1lis H\u00edrport\u00e1l\",\"description\":\"Dorog, Keszt\u00f6lc, Le\u00e1nyv\u00e1r, Piliscs\u00e9v, Tokod, Tokodalt\u00e1r\u00f3, Csolnok, Esztergom-kertv\u00e1ros: h\u00edrek, programok\",\"publisher\":{\"@id\":\"https:\\\/\\\/dorogimedence.hu\\\/#organization\"},\"potentialAction\":[{\"@type\":\"SearchAction\",\"target\":{\"@type\":\"EntryPoint\",\"urlTemplate\":\"https:\\\/\\\/dorogimedence.hu\\\/?s={search_term_string}\"},\"query-input\":{\"@type\":\"PropertyValueSpecification\",\"valueRequired\":true,\"valueName\":\"search_term_string\"}}],\"inLanguage\":\"hu\"},{\"@type\":\"Organization\",\"@id\":\"https:\\\/\\\/dorogimedence.hu\\\/#organization\",\"name\":\"Dorogi-medence Region\u00e1lis H\u00edrport\u00e1l\",\"url\":\"https:\\\/\\\/dorogimedence.hu\\\/\",\"logo\":{\"@type\":\"ImageObject\",\"inLanguage\":\"hu\",\"@id\":\"https:\\\/\\\/dorogimedence.hu\\\/#\\\/schema\\\/logo\\\/image\\\/\",\"url\":\"https:\\\/\\\/dorogimedence.hu\\\/wp-content\\\/uploads\\\/2021\\\/04\\\/logo-feher-600.png\",\"contentUrl\":\"https:\\\/\\\/dorogimedence.hu\\\/wp-content\\\/uploads\\\/2021\\\/04\\\/logo-feher-600.png\",\"width\":600,\"height\":100,\"caption\":\"Dorogi-medence Region\u00e1lis H\u00edrport\u00e1l\"},\"image\":{\"@id\":\"https:\\\/\\\/dorogimedence.hu\\\/#\\\/schema\\\/logo\\\/image\\\/\"},\"sameAs\":[\"https:\\\/\\\/www.facebook.com\\\/dorogimedence\\\/\"]},{\"@type\":\"Person\",\"@id\":\"https:\\\/\\\/dorogimedence.hu\\\/#\\\/schema\\\/person\\\/ce6091eeb7e95ecdc87890d6aa8e0fd4\",\"name\":\"dorogimedence.hu\",\"image\":{\"@type\":\"ImageObject\",\"inLanguage\":\"hu\",\"@id\":\"\\\/\\\/www.gravatar.com\\\/avatar\\\/d8d45f8901aadff40a4af72c0b826f1d?s=96&#038;r=g&#038;d=mm\",\"url\":\"\\\/\\\/www.gravatar.com\\\/avatar\\\/d8d45f8901aadff40a4af72c0b826f1d?s=96&#038;r=g&#038;d=mm\",\"contentUrl\":\"\\\/\\\/www.gravatar.com\\\/avatar\\\/d8d45f8901aadff40a4af72c0b826f1d?s=96&#038;r=g&#038;d=mm\",\"caption\":\"dorogimedence.hu\"}}]}<\/script>\n<!-- \/ Yoast SEO plugin. -->","yoast_head_json":{"title":"Kipke Tam\u00e1s \u00e9s Elmer Istv\u00e1n az esztergomi k\u00f6nyvt\u00e1rban","robots":{"index":"index","follow":"follow","max-snippet":"max-snippet:-1","max-image-preview":"max-image-preview:large","max-video-preview":"max-video-preview:-1"},"canonical":"https:\/\/dorogimedence.hu\/index.php\/2018\/02\/14\/kipke-tamas-es-elmer-istvan-az-esztergomi-konyvtarban\/","og_locale":"hu_HU","og_type":"article","og_title":"Kipke Tam\u00e1s \u00e9s Elmer Istv\u00e1n az esztergomi k\u00f6nyvt\u00e1rban","og_description":"Az Esztergomi Helischer J\u00f3zsef V\u00e1rosi K\u00f6nyvt\u00e1r K\u00f6zt\u00fcnk \u00e9lnek sorozat\u00e1nak febru\u00e1r 12-i vend\u00e9gei Kipke Tam\u00e1s magyar \u00fajs\u00e1g\u00edr\u00f3, \u00edr\u00f3 \u00e9s k\u00f6lt\u0151, valamint gimn\u00e1ziumi oszt\u00e1lyt\u00e1rsa, Elmer Istv\u00e1n (szint\u00e9n \u00edr\u00f3) voltak. Kipke Tam\u00e1s egy\u00e9ves kor\u00e1ban Esztergomba ker\u00fclt, itt \u00e9retts\u00e9gizett a ferences gimn\u00e1ziumban, 1970-ben. A tov\u00e1bbiakban az Ybl Mikl\u00f3s \u00c9p\u00edt\u0151ipari M\u0171szaki F\u0151iskol\u00e1n, majd az ELTE B\u00f6lcs\u00e9szkar\u00e1n tanult. 1973. m\u00e1rcius elsej\u00e9n","og_url":"https:\/\/dorogimedence.hu\/index.php\/2018\/02\/14\/kipke-tamas-es-elmer-istvan-az-esztergomi-konyvtarban\/","og_site_name":"Dorogi-medence Region\u00e1lis H\u00edrport\u00e1l","article_publisher":"https:\/\/www.facebook.com\/dorogimedence\/","article_published_time":"2018-02-14T06:03:58+00:00","og_image":[{"width":670,"height":365,"url":"https:\/\/i0.wp.com\/dorogimedence.hu\/wp-content\/uploads\/2018\/02\/kipke-02.jpg?fit=670%2C365&ssl=1","type":"image\/jpeg"}],"author":"dorogimedence.hu","twitter_card":"summary_large_image","twitter_misc":{"Szerz\u0151:":"dorogimedence.hu","Becs\u00fclt olvas\u00e1si id\u0151":"5 perc"},"schema":{"@context":"https:\/\/schema.org","@graph":[{"@type":"Article","@id":"https:\/\/dorogimedence.hu\/index.php\/2018\/02\/14\/kipke-tamas-es-elmer-istvan-az-esztergomi-konyvtarban\/#article","isPartOf":{"@id":"https:\/\/dorogimedence.hu\/index.php\/2018\/02\/14\/kipke-tamas-es-elmer-istvan-az-esztergomi-konyvtarban\/"},"author":{"name":"dorogimedence.hu","@id":"https:\/\/dorogimedence.hu\/#\/schema\/person\/ce6091eeb7e95ecdc87890d6aa8e0fd4"},"headline":"Kipke Tam\u00e1s \u00e9s Elmer Istv\u00e1n az esztergomi k\u00f6nyvt\u00e1rban","datePublished":"2018-02-14T06:03:58+00:00","mainEntityOfPage":{"@id":"https:\/\/dorogimedence.hu\/index.php\/2018\/02\/14\/kipke-tamas-es-elmer-istvan-az-esztergomi-konyvtarban\/"},"wordCount":1055,"publisher":{"@id":"https:\/\/dorogimedence.hu\/#organization"},"image":{"@id":"https:\/\/dorogimedence.hu\/index.php\/2018\/02\/14\/kipke-tamas-es-elmer-istvan-az-esztergomi-konyvtarban\/#primaryimage"},"thumbnailUrl":"https:\/\/dorogimedence.hu\/wp-content\/uploads\/2018\/02\/kipke-02.jpg","keywords":["Elmer Istv\u00e1n","esztergom","Kipke Tam\u00e1s","k\u00f6nyvt\u00e1r","K\u00f6zt\u00fcnk \u00e9lnek"],"articleSection":["Esztergom","H\u00edrek"],"inLanguage":"hu"},{"@type":"WebPage","@id":"https:\/\/dorogimedence.hu\/index.php\/2018\/02\/14\/kipke-tamas-es-elmer-istvan-az-esztergomi-konyvtarban\/","url":"https:\/\/dorogimedence.hu\/index.php\/2018\/02\/14\/kipke-tamas-es-elmer-istvan-az-esztergomi-konyvtarban\/","name":"Kipke Tam\u00e1s \u00e9s Elmer Istv\u00e1n az esztergomi k\u00f6nyvt\u00e1rban","isPartOf":{"@id":"https:\/\/dorogimedence.hu\/#website"},"primaryImageOfPage":{"@id":"https:\/\/dorogimedence.hu\/index.php\/2018\/02\/14\/kipke-tamas-es-elmer-istvan-az-esztergomi-konyvtarban\/#primaryimage"},"image":{"@id":"https:\/\/dorogimedence.hu\/index.php\/2018\/02\/14\/kipke-tamas-es-elmer-istvan-az-esztergomi-konyvtarban\/#primaryimage"},"thumbnailUrl":"https:\/\/dorogimedence.hu\/wp-content\/uploads\/2018\/02\/kipke-02.jpg","datePublished":"2018-02-14T06:03:58+00:00","breadcrumb":{"@id":"https:\/\/dorogimedence.hu\/index.php\/2018\/02\/14\/kipke-tamas-es-elmer-istvan-az-esztergomi-konyvtarban\/#breadcrumb"},"inLanguage":"hu","potentialAction":[{"@type":"ReadAction","target":["https:\/\/dorogimedence.hu\/index.php\/2018\/02\/14\/kipke-tamas-es-elmer-istvan-az-esztergomi-konyvtarban\/"]}]},{"@type":"ImageObject","inLanguage":"hu","@id":"https:\/\/dorogimedence.hu\/index.php\/2018\/02\/14\/kipke-tamas-es-elmer-istvan-az-esztergomi-konyvtarban\/#primaryimage","url":"https:\/\/dorogimedence.hu\/wp-content\/uploads\/2018\/02\/kipke-02.jpg","contentUrl":"https:\/\/dorogimedence.hu\/wp-content\/uploads\/2018\/02\/kipke-02.jpg","width":670,"height":365},{"@type":"BreadcrumbList","@id":"https:\/\/dorogimedence.hu\/index.php\/2018\/02\/14\/kipke-tamas-es-elmer-istvan-az-esztergomi-konyvtarban\/#breadcrumb","itemListElement":[{"@type":"ListItem","position":1,"name":"Kezd\u0151lap","item":"https:\/\/dorogimedence.hu\/"},{"@type":"ListItem","position":2,"name":"Kipke Tam\u00e1s \u00e9s Elmer Istv\u00e1n az esztergomi k\u00f6nyvt\u00e1rban"}]},{"@type":"WebSite","@id":"https:\/\/dorogimedence.hu\/#website","url":"https:\/\/dorogimedence.hu\/","name":"Dorogi-medence Region\u00e1lis H\u00edrport\u00e1l","description":"Dorog, Keszt\u00f6lc, Le\u00e1nyv\u00e1r, Piliscs\u00e9v, Tokod, Tokodalt\u00e1r\u00f3, Csolnok, Esztergom-kertv\u00e1ros: h\u00edrek, programok","publisher":{"@id":"https:\/\/dorogimedence.hu\/#organization"},"potentialAction":[{"@type":"SearchAction","target":{"@type":"EntryPoint","urlTemplate":"https:\/\/dorogimedence.hu\/?s={search_term_string}"},"query-input":{"@type":"PropertyValueSpecification","valueRequired":true,"valueName":"search_term_string"}}],"inLanguage":"hu"},{"@type":"Organization","@id":"https:\/\/dorogimedence.hu\/#organization","name":"Dorogi-medence Region\u00e1lis H\u00edrport\u00e1l","url":"https:\/\/dorogimedence.hu\/","logo":{"@type":"ImageObject","inLanguage":"hu","@id":"https:\/\/dorogimedence.hu\/#\/schema\/logo\/image\/","url":"https:\/\/dorogimedence.hu\/wp-content\/uploads\/2021\/04\/logo-feher-600.png","contentUrl":"https:\/\/dorogimedence.hu\/wp-content\/uploads\/2021\/04\/logo-feher-600.png","width":600,"height":100,"caption":"Dorogi-medence Region\u00e1lis H\u00edrport\u00e1l"},"image":{"@id":"https:\/\/dorogimedence.hu\/#\/schema\/logo\/image\/"},"sameAs":["https:\/\/www.facebook.com\/dorogimedence\/"]},{"@type":"Person","@id":"https:\/\/dorogimedence.hu\/#\/schema\/person\/ce6091eeb7e95ecdc87890d6aa8e0fd4","name":"dorogimedence.hu","image":{"@type":"ImageObject","inLanguage":"hu","@id":"\/\/www.gravatar.com\/avatar\/d8d45f8901aadff40a4af72c0b826f1d?s=96&#038;r=g&#038;d=mm","url":"\/\/www.gravatar.com\/avatar\/d8d45f8901aadff40a4af72c0b826f1d?s=96&#038;r=g&#038;d=mm","contentUrl":"\/\/www.gravatar.com\/avatar\/d8d45f8901aadff40a4af72c0b826f1d?s=96&#038;r=g&#038;d=mm","caption":"dorogimedence.hu"}}]}},"_links":{"self":[{"href":"https:\/\/dorogimedence.hu\/index.php\/wp-json\/wp\/v2\/posts\/8378","targetHints":{"allow":["GET"]}}],"collection":[{"href":"https:\/\/dorogimedence.hu\/index.php\/wp-json\/wp\/v2\/posts"}],"about":[{"href":"https:\/\/dorogimedence.hu\/index.php\/wp-json\/wp\/v2\/types\/post"}],"author":[{"embeddable":true,"href":"https:\/\/dorogimedence.hu\/index.php\/wp-json\/wp\/v2\/users\/1"}],"replies":[{"embeddable":true,"href":"https:\/\/dorogimedence.hu\/index.php\/wp-json\/wp\/v2\/comments?post=8378"}],"version-history":[{"count":0,"href":"https:\/\/dorogimedence.hu\/index.php\/wp-json\/wp\/v2\/posts\/8378\/revisions"}],"wp:featuredmedia":[{"embeddable":true,"href":"https:\/\/dorogimedence.hu\/index.php\/wp-json\/wp\/v2\/media\/8380"}],"wp:attachment":[{"href":"https:\/\/dorogimedence.hu\/index.php\/wp-json\/wp\/v2\/media?parent=8378"}],"wp:term":[{"taxonomy":"category","embeddable":true,"href":"https:\/\/dorogimedence.hu\/index.php\/wp-json\/wp\/v2\/categories?post=8378"},{"taxonomy":"post_tag","embeddable":true,"href":"https:\/\/dorogimedence.hu\/index.php\/wp-json\/wp\/v2\/tags?post=8378"}],"curies":[{"name":"wp","href":"https:\/\/api.w.org\/{rel}","templated":true}]}}