{"id":83412,"date":"2026-09-06T13:39:21","date_gmt":"2026-09-06T11:39:21","guid":{"rendered":"https:\/\/dorogimedence.hu\/?p=83412"},"modified":"2026-09-06T13:39:21","modified_gmt":"2026-09-06T11:39:21","slug":"itthon-nyert-a-dorog-felcsutrol-hozta-el-a-harom-pontot-a-sarisap","status":"publish","type":"post","link":"https:\/\/dorogimedence.hu\/index.php\/2026\/09\/06\/itthon-nyert-a-dorog-felcsutrol-hozta-el-a-harom-pontot-a-sarisap\/","title":{"rendered":"Itthon nyert a Dorog, Felcs\u00fatr\u00f3l hozta el a h\u00e1rom pontot a S\u00e1ris\u00e1p"},"content":{"rendered":"<p><strong>Mindk\u00e9t t\u00e9rs\u00e9gi b\u00e1ny\u00e1szcsapat 2\u20131-es gy\u0151zelmet aratott az NB III. \u00c9szak-Nyugati csoportj\u00e1nak 7. fordul\u00f3j\u00e1ban. A Dorog a P\u00e1p\u00e1t gy\u0151zte le hazai p\u00e1ly\u00e1n, m\u00edg a S\u00e1ris\u00e1p a Pusk\u00e1s Akad\u00e9mia m\u00e1sodik csapat\u00e1nak otthon\u00e1ban nyert. Mindk\u00e9t m\u00e9rk\u0151z\u00e9sen cserek\u00e9nt be\u00e1ll\u00f3 j\u00e1t\u00e9kos szerezte a gy\u0151ztes g\u00f3lt.<\/strong><\/p>\n<p>Szeptember 5-\u00e9n, szombaton a Dorogi B\u00e1ny\u00e1sz FC a FRUTTI DRINK-PERUTZ FC P\u00e1pa egy\u00fcttes\u00e9t fogadta a Buz\u00e1nszky Jen\u0151 Labdar\u00fag\u00f3 Stadionban. T\u00f3th Andr\u00e1s csapata a 21. percben Schildkraut Kriszti\u00e1n tal\u00e1lat\u00e1val szerzett vezet\u00e9st, \u00e1m a vend\u00e9gek t\u00edz perccel k\u00e9s\u0151bb Erdei Mil\u00e1n g\u00f3lj\u00e1val egyenl\u00edtettek. A sz\u00fcnetre \u00edgy 1\u20131-es \u00e1ll\u00e1ssal vonultak a csapatok.<\/p>\n<p>A gy\u0151ztes tal\u00e1latra a hajr\u00e1ig kellett v\u00e1rni: a 61. percben So\u00f3s Bence hely\u00e9re \u00e9rkez\u0151 K\u00f6vesdi P\u00e9ter a 88. percben betal\u00e1lt, kialak\u00edtva a 2\u20131-es v\u00e9geredm\u00e9nyt. A Dorog ezzel \u00f6t\u00f6dik gy\u0151zelm\u00e9t szerezte meg az idei bajnoks\u00e1gban. <span style=\"text-decoration: underline; color: #0000ff;\"><a style=\"color: #0000ff; text-decoration: underline;\" href=\"https:\/\/adatbank.mlsz.hu\/match\/67\/0\/34055\/7\/2187986.html\" target=\"_blank\" rel=\"noopener\">A m\u00e9rk\u0151z\u00e9s MLSZ-adatlapja<\/a><\/span>.<\/p>\n<p>Szeptember 6-\u00e1n, vas\u00e1rnap d\u00e9lel\u0151tt a S\u00e1ris\u00e1pi BSE Felcs\u00faton, a Pancho Ar\u00e9n\u00e1ban l\u00e9pett p\u00e1ly\u00e1ra a Pusk\u00e1s Akad\u00e9mia FC II. vend\u00e9gek\u00e9nt. A g\u00f3l n\u00e9lk\u00fcli els\u0151 f\u00e9lid\u0151t k\u00f6vet\u0151en a 83. percben t\u00f6rt meg a g\u00f3lcsend: M\u00e9sz\u00e1ros \u00c1ron juttatta el\u0151nyh\u00f6z Fenyvesi L\u00e1szl\u00f3 egy\u00fcttes\u00e9t.<\/p>\n<p>A hosszabb\u00edt\u00e1sban azt\u00e1n k\u00e9tszer is v\u00e1ltozott az eredm\u00e9ny. A hazaiak a 91. percben Erdei Zsombor r\u00e9v\u00e9n egyenl\u00edtettek, a s\u00e1ris\u00e1piak azonban k\u00e9t perccel k\u00e9s\u0151bb v\u00e1laszoltak: a 87. percben \u00e9ppen M\u00e9sz\u00e1ros \u00c1ront v\u00e1lt\u00f3 Janetka Gergely megszerezte a vend\u00e9gek m\u00e1sodik g\u00f3lj\u00e1t. A 93. percben esett tal\u00e1lat 2\u20131-es s\u00e1ris\u00e1pi gy\u0151zelmet \u00e9s h\u00e1rom pontot \u00e9rt. <span style=\"text-decoration: underline; color: #0000ff;\"><a style=\"color: #0000ff;\" href=\"https:\/\/adatbank.mlsz.hu\/match\/67\/0\/34055\/7\/2187989.html\" target=\"_blank\" rel=\"noopener\">A m\u00e9rk\u0151z\u00e9s MLSZ-adatlapja<\/a>.<\/span><\/p>\n<p>A vas\u00e1rnap d\u00e9lel\u0151tti m\u00e9rk\u0151z\u00e9sek ut\u00e1n a Dorog 16 ponttal a tabella els\u0151 hely\u00e9n \u00e1ll, m\u00edg a S\u00e1ris\u00e1p 12 ponttal a hatodik. A dorogiak h\u00e9t fordul\u00f3 alatt \u00f6t gy\u0151zelmet, egy d\u00f6ntetlent \u00e9s egy veres\u00e9get jegyeznek, a s\u00e1ris\u00e1piak m\u00e9rlege n\u00e9gy gy\u0151zelem \u00e9s h\u00e1rom veres\u00e9g.<\/p>\n<p><em>Bor\u00edt\u00f3k\u00e9p: illusztr\u00e1ci\u00f3<\/em><\/p>\n","protected":false},"excerpt":{"rendered":"<p>Mindk\u00e9t t\u00e9rs\u00e9gi b\u00e1ny\u00e1szcsapat 2\u20131-es gy\u0151zelmet aratott az NB III. \u00c9szak-Nyugati csoportj\u00e1nak 7. fordul\u00f3j\u00e1ban. A Dorog a P\u00e1p\u00e1t gy\u0151zte le hazai p\u00e1ly\u00e1n, m\u00edg a S\u00e1ris\u00e1p a Pusk\u00e1s Akad\u00e9mia m\u00e1sodik csapat\u00e1nak otthon\u00e1ban nyert. Mindk\u00e9t m\u00e9rk\u0151z\u00e9sen cserek\u00e9nt be\u00e1ll\u00f3 j\u00e1t\u00e9kos szerezte a gy\u0151ztes g\u00f3lt. Szeptember 5-\u00e9n, szombaton a Dorogi B\u00e1ny\u00e1sz FC a FRUTTI DRINK-PERUTZ FC P\u00e1pa egy\u00fcttes\u00e9t fogadta a<\/p>\n","protected":false},"author":1,"featured_media":65640,"comment_status":"closed","ping_status":"closed","sticky":false,"template":"","format":"standard","meta":{"ngg_post_thumbnail":0,"footnotes":""},"categories":[2,3,5],"tags":[15,8932,70,69,72,423,8978],"class_list":["post-83412","post","type-post","status-publish","format-standard","has-post-thumbnail","category-dorog","category-hirek","category-sport","tag-dorog","tag-dorogi-banyasz-fc","tag-foci","tag-futball","tag-labdarugas","tag-sarisap","tag-sarisapi-banyasz-se"],"yoast_head":"<!-- This site is optimized with the Yoast SEO plugin v28.3 - https:\/\/yoast.com\/product\/yoast-seo-wordpress\/ -->\n<title>Itthon nyert a Dorog, Felcs\u00fatr\u00f3l hozta el a h\u00e1rom pontot a S\u00e1ris\u00e1p<\/title>\n<meta name=\"robots\" content=\"index, follow, max-snippet:-1, max-image-preview:large, max-video-preview:-1\" \/>\n<link rel=\"canonical\" href=\"https:\/\/dorogimedence.hu\/index.php\/2026\/09\/06\/itthon-nyert-a-dorog-felcsutrol-hozta-el-a-harom-pontot-a-sarisap\/\" class=\"yoast-seo-meta-tag\" \/>\n<meta property=\"og:locale\" content=\"hu_HU\" class=\"yoast-seo-meta-tag\" \/>\n<meta property=\"og:type\" content=\"article\" class=\"yoast-seo-meta-tag\" \/>\n<meta property=\"og:title\" content=\"Itthon nyert a Dorog, Felcs\u00fatr\u00f3l hozta el a h\u00e1rom pontot a S\u00e1ris\u00e1p\" class=\"yoast-seo-meta-tag\" \/>\n<meta property=\"og:description\" content=\"Mindk\u00e9t t\u00e9rs\u00e9gi b\u00e1ny\u00e1szcsapat 2\u20131-es gy\u0151zelmet aratott az NB III. \u00c9szak-Nyugati csoportj\u00e1nak 7. fordul\u00f3j\u00e1ban. A Dorog a P\u00e1p\u00e1t gy\u0151zte le hazai p\u00e1ly\u00e1n, m\u00edg a S\u00e1ris\u00e1p a Pusk\u00e1s Akad\u00e9mia m\u00e1sodik csapat\u00e1nak otthon\u00e1ban nyert. Mindk\u00e9t m\u00e9rk\u0151z\u00e9sen cserek\u00e9nt be\u00e1ll\u00f3 j\u00e1t\u00e9kos szerezte a gy\u0151ztes g\u00f3lt. Szeptember 5-\u00e9n, szombaton a Dorogi B\u00e1ny\u00e1sz FC a FRUTTI DRINK-PERUTZ FC P\u00e1pa egy\u00fcttes\u00e9t fogadta a\" class=\"yoast-seo-meta-tag\" \/>\n<meta property=\"og:url\" content=\"https:\/\/dorogimedence.hu\/index.php\/2026\/09\/06\/itthon-nyert-a-dorog-felcsutrol-hozta-el-a-harom-pontot-a-sarisap\/\" class=\"yoast-seo-meta-tag\" \/>\n<meta property=\"og:site_name\" content=\"Dorogi-medence Region\u00e1lis H\u00edrport\u00e1l\" class=\"yoast-seo-meta-tag\" \/>\n<meta property=\"article:publisher\" content=\"https:\/\/www.facebook.com\/dorogimedence\/\" class=\"yoast-seo-meta-tag\" \/>\n<meta property=\"article:published_time\" content=\"2026-09-06T11:39:21+00:00\" class=\"yoast-seo-meta-tag\" \/>\n<meta property=\"og:image\" content=\"https:\/\/dorogimedence.hu\/wp-content\/uploads\/2024\/10\/foci-01.jpg\" class=\"yoast-seo-meta-tag\" \/>\n\t<meta property=\"og:image:width\" content=\"1920\" class=\"yoast-seo-meta-tag\" \/>\n\t<meta property=\"og:image:height\" content=\"1280\" class=\"yoast-seo-meta-tag\" \/>\n\t<meta property=\"og:image:type\" content=\"image\/jpeg\" class=\"yoast-seo-meta-tag\" \/>\n<meta name=\"author\" content=\"dorogimedence.hu\" class=\"yoast-seo-meta-tag\" \/>\n<meta name=\"twitter:card\" content=\"summary_large_image\" class=\"yoast-seo-meta-tag\" \/>\n<meta name=\"twitter:label1\" content=\"Szerz\u0151:\" class=\"yoast-seo-meta-tag\" \/>\n\t<meta name=\"twitter:data1\" content=\"dorogimedence.hu\" class=\"yoast-seo-meta-tag\" \/>\n\t<meta name=\"twitter:label2\" content=\"Becs\u00fclt olvas\u00e1si id\u0151\" class=\"yoast-seo-meta-tag\" \/>\n\t<meta name=\"twitter:data2\" content=\"2 perc\" class=\"yoast-seo-meta-tag\" \/>\n<script type=\"application\/ld+json\" class=\"yoast-schema-graph\">{\"@context\":\"https:\\\/\\\/schema.org\",\"@graph\":[{\"@type\":\"Article\",\"@id\":\"https:\\\/\\\/dorogimedence.hu\\\/index.php\\\/2026\\\/09\\\/06\\\/itthon-nyert-a-dorog-felcsutrol-hozta-el-a-harom-pontot-a-sarisap\\\/#article\",\"isPartOf\":{\"@id\":\"https:\\\/\\\/dorogimedence.hu\\\/index.php\\\/2026\\\/09\\\/06\\\/itthon-nyert-a-dorog-felcsutrol-hozta-el-a-harom-pontot-a-sarisap\\\/\"},\"author\":{\"name\":\"dorogimedence.hu\",\"@id\":\"https:\\\/\\\/dorogimedence.hu\\\/#\\\/schema\\\/person\\\/ce6091eeb7e95ecdc87890d6aa8e0fd4\"},\"headline\":\"Itthon nyert a Dorog, Felcs\u00fatr\u00f3l hozta el a h\u00e1rom pontot a S\u00e1ris\u00e1p\",\"datePublished\":\"2026-09-06T11:39:21+00:00\",\"mainEntityOfPage\":{\"@id\":\"https:\\\/\\\/dorogimedence.hu\\\/index.php\\\/2026\\\/09\\\/06\\\/itthon-nyert-a-dorog-felcsutrol-hozta-el-a-harom-pontot-a-sarisap\\\/\"},\"wordCount\":431,\"publisher\":{\"@id\":\"https:\\\/\\\/dorogimedence.hu\\\/#organization\"},\"image\":{\"@id\":\"https:\\\/\\\/dorogimedence.hu\\\/index.php\\\/2026\\\/09\\\/06\\\/itthon-nyert-a-dorog-felcsutrol-hozta-el-a-harom-pontot-a-sarisap\\\/#primaryimage\"},\"thumbnailUrl\":\"https:\\\/\\\/dorogimedence.hu\\\/wp-content\\\/uploads\\\/2024\\\/10\\\/foci-01.jpg\",\"keywords\":[\"Dorog\",\"Dorogi B\u00e1ny\u00e1sz FC\",\"foci\",\"futball\",\"labdar\u00fag\u00e1s\",\"S\u00e1ris\u00e1p\",\"S\u00e1ris\u00e1pi B\u00e1ny\u00e1sz SE\"],\"articleSection\":[\"Dorog\",\"H\u00edrek\",\"Sport\"],\"inLanguage\":\"hu\"},{\"@type\":\"WebPage\",\"@id\":\"https:\\\/\\\/dorogimedence.hu\\\/index.php\\\/2026\\\/09\\\/06\\\/itthon-nyert-a-dorog-felcsutrol-hozta-el-a-harom-pontot-a-sarisap\\\/\",\"url\":\"https:\\\/\\\/dorogimedence.hu\\\/index.php\\\/2026\\\/09\\\/06\\\/itthon-nyert-a-dorog-felcsutrol-hozta-el-a-harom-pontot-a-sarisap\\\/\",\"name\":\"Itthon nyert a Dorog, Felcs\u00fatr\u00f3l hozta el a h\u00e1rom pontot a S\u00e1ris\u00e1p\",\"isPartOf\":{\"@id\":\"https:\\\/\\\/dorogimedence.hu\\\/#website\"},\"primaryImageOfPage\":{\"@id\":\"https:\\\/\\\/dorogimedence.hu\\\/index.php\\\/2026\\\/09\\\/06\\\/itthon-nyert-a-dorog-felcsutrol-hozta-el-a-harom-pontot-a-sarisap\\\/#primaryimage\"},\"image\":{\"@id\":\"https:\\\/\\\/dorogimedence.hu\\\/index.php\\\/2026\\\/09\\\/06\\\/itthon-nyert-a-dorog-felcsutrol-hozta-el-a-harom-pontot-a-sarisap\\\/#primaryimage\"},\"thumbnailUrl\":\"https:\\\/\\\/dorogimedence.hu\\\/wp-content\\\/uploads\\\/2024\\\/10\\\/foci-01.jpg\",\"datePublished\":\"2026-09-06T11:39:21+00:00\",\"breadcrumb\":{\"@id\":\"https:\\\/\\\/dorogimedence.hu\\\/index.php\\\/2026\\\/09\\\/06\\\/itthon-nyert-a-dorog-felcsutrol-hozta-el-a-harom-pontot-a-sarisap\\\/#breadcrumb\"},\"inLanguage\":\"hu\",\"potentialAction\":[{\"@type\":\"ReadAction\",\"target\":[\"https:\\\/\\\/dorogimedence.hu\\\/index.php\\\/2026\\\/09\\\/06\\\/itthon-nyert-a-dorog-felcsutrol-hozta-el-a-harom-pontot-a-sarisap\\\/\"]}]},{\"@type\":\"ImageObject\",\"inLanguage\":\"hu\",\"@id\":\"https:\\\/\\\/dorogimedence.hu\\\/index.php\\\/2026\\\/09\\\/06\\\/itthon-nyert-a-dorog-felcsutrol-hozta-el-a-harom-pontot-a-sarisap\\\/#primaryimage\",\"url\":\"https:\\\/\\\/dorogimedence.hu\\\/wp-content\\\/uploads\\\/2024\\\/10\\\/foci-01.jpg\",\"contentUrl\":\"https:\\\/\\\/dorogimedence.hu\\\/wp-content\\\/uploads\\\/2024\\\/10\\\/foci-01.jpg\",\"width\":1920,\"height\":1280},{\"@type\":\"BreadcrumbList\",\"@id\":\"https:\\\/\\\/dorogimedence.hu\\\/index.php\\\/2026\\\/09\\\/06\\\/itthon-nyert-a-dorog-felcsutrol-hozta-el-a-harom-pontot-a-sarisap\\\/#breadcrumb\",\"itemListElement\":[{\"@type\":\"ListItem\",\"position\":1,\"name\":\"Kezd\u0151lap\",\"item\":\"https:\\\/\\\/dorogimedence.hu\\\/\"},{\"@type\":\"ListItem\",\"position\":2,\"name\":\"Itthon nyert a Dorog, Felcs\u00fatr\u00f3l hozta el a h\u00e1rom pontot a S\u00e1ris\u00e1p\"}]},{\"@type\":\"WebSite\",\"@id\":\"https:\\\/\\\/dorogimedence.hu\\\/#website\",\"url\":\"https:\\\/\\\/dorogimedence.hu\\\/\",\"name\":\"Dorogi-medence Region\u00e1lis H\u00edrport\u00e1l\",\"description\":\"Dorog, Keszt\u00f6lc, Le\u00e1nyv\u00e1r, Piliscs\u00e9v, Tokod, Tokodalt\u00e1r\u00f3, Csolnok, Esztergom-kertv\u00e1ros: h\u00edrek, programok\",\"publisher\":{\"@id\":\"https:\\\/\\\/dorogimedence.hu\\\/#organization\"},\"potentialAction\":[{\"@type\":\"SearchAction\",\"target\":{\"@type\":\"EntryPoint\",\"urlTemplate\":\"https:\\\/\\\/dorogimedence.hu\\\/?s={search_term_string}\"},\"query-input\":{\"@type\":\"PropertyValueSpecification\",\"valueRequired\":true,\"valueName\":\"search_term_string\"}}],\"inLanguage\":\"hu\"},{\"@type\":\"Organization\",\"@id\":\"https:\\\/\\\/dorogimedence.hu\\\/#organization\",\"name\":\"Dorogi-medence Region\u00e1lis H\u00edrport\u00e1l\",\"url\":\"https:\\\/\\\/dorogimedence.hu\\\/\",\"logo\":{\"@type\":\"ImageObject\",\"inLanguage\":\"hu\",\"@id\":\"https:\\\/\\\/dorogimedence.hu\\\/#\\\/schema\\\/logo\\\/image\\\/\",\"url\":\"https:\\\/\\\/dorogimedence.hu\\\/wp-content\\\/uploads\\\/2021\\\/04\\\/logo-feher-600.png\",\"contentUrl\":\"https:\\\/\\\/dorogimedence.hu\\\/wp-content\\\/uploads\\\/2021\\\/04\\\/logo-feher-600.png\",\"width\":600,\"height\":100,\"caption\":\"Dorogi-medence Region\u00e1lis H\u00edrport\u00e1l\"},\"image\":{\"@id\":\"https:\\\/\\\/dorogimedence.hu\\\/#\\\/schema\\\/logo\\\/image\\\/\"},\"sameAs\":[\"https:\\\/\\\/www.facebook.com\\\/dorogimedence\\\/\"]},{\"@type\":\"Person\",\"@id\":\"https:\\\/\\\/dorogimedence.hu\\\/#\\\/schema\\\/person\\\/ce6091eeb7e95ecdc87890d6aa8e0fd4\",\"name\":\"dorogimedence.hu\",\"image\":{\"@type\":\"ImageObject\",\"inLanguage\":\"hu\",\"@id\":\"\\\/\\\/www.gravatar.com\\\/avatar\\\/d8d45f8901aadff40a4af72c0b826f1d?s=96&#038;r=g&#038;d=mm\",\"url\":\"\\\/\\\/www.gravatar.com\\\/avatar\\\/d8d45f8901aadff40a4af72c0b826f1d?s=96&#038;r=g&#038;d=mm\",\"contentUrl\":\"\\\/\\\/www.gravatar.com\\\/avatar\\\/d8d45f8901aadff40a4af72c0b826f1d?s=96&#038;r=g&#038;d=mm\",\"caption\":\"dorogimedence.hu\"}}]}<\/script>\n<!-- \/ Yoast SEO plugin. -->","yoast_head_json":{"title":"Itthon nyert a Dorog, Felcs\u00fatr\u00f3l hozta el a h\u00e1rom pontot a S\u00e1ris\u00e1p","robots":{"index":"index","follow":"follow","max-snippet":"max-snippet:-1","max-image-preview":"max-image-preview:large","max-video-preview":"max-video-preview:-1"},"canonical":"https:\/\/dorogimedence.hu\/index.php\/2026\/09\/06\/itthon-nyert-a-dorog-felcsutrol-hozta-el-a-harom-pontot-a-sarisap\/","og_locale":"hu_HU","og_type":"article","og_title":"Itthon nyert a Dorog, Felcs\u00fatr\u00f3l hozta el a h\u00e1rom pontot a S\u00e1ris\u00e1p","og_description":"Mindk\u00e9t t\u00e9rs\u00e9gi b\u00e1ny\u00e1szcsapat 2\u20131-es gy\u0151zelmet aratott az NB III. \u00c9szak-Nyugati csoportj\u00e1nak 7. fordul\u00f3j\u00e1ban. A Dorog a P\u00e1p\u00e1t gy\u0151zte le hazai p\u00e1ly\u00e1n, m\u00edg a S\u00e1ris\u00e1p a Pusk\u00e1s Akad\u00e9mia m\u00e1sodik csapat\u00e1nak otthon\u00e1ban nyert. Mindk\u00e9t m\u00e9rk\u0151z\u00e9sen cserek\u00e9nt be\u00e1ll\u00f3 j\u00e1t\u00e9kos szerezte a gy\u0151ztes g\u00f3lt. Szeptember 5-\u00e9n, szombaton a Dorogi B\u00e1ny\u00e1sz FC a FRUTTI DRINK-PERUTZ FC P\u00e1pa egy\u00fcttes\u00e9t fogadta a","og_url":"https:\/\/dorogimedence.hu\/index.php\/2026\/09\/06\/itthon-nyert-a-dorog-felcsutrol-hozta-el-a-harom-pontot-a-sarisap\/","og_site_name":"Dorogi-medence Region\u00e1lis H\u00edrport\u00e1l","article_publisher":"https:\/\/www.facebook.com\/dorogimedence\/","article_published_time":"2026-09-06T11:39:21+00:00","og_image":[{"width":1920,"height":1280,"url":"https:\/\/dorogimedence.hu\/wp-content\/uploads\/2024\/10\/foci-01.jpg","type":"image\/jpeg"}],"author":"dorogimedence.hu","twitter_card":"summary_large_image","twitter_misc":{"Szerz\u0151:":"dorogimedence.hu","Becs\u00fclt olvas\u00e1si id\u0151":"2 perc"},"schema":{"@context":"https:\/\/schema.org","@graph":[{"@type":"Article","@id":"https:\/\/dorogimedence.hu\/index.php\/2026\/09\/06\/itthon-nyert-a-dorog-felcsutrol-hozta-el-a-harom-pontot-a-sarisap\/#article","isPartOf":{"@id":"https:\/\/dorogimedence.hu\/index.php\/2026\/09\/06\/itthon-nyert-a-dorog-felcsutrol-hozta-el-a-harom-pontot-a-sarisap\/"},"author":{"name":"dorogimedence.hu","@id":"https:\/\/dorogimedence.hu\/#\/schema\/person\/ce6091eeb7e95ecdc87890d6aa8e0fd4"},"headline":"Itthon nyert a Dorog, Felcs\u00fatr\u00f3l hozta el a h\u00e1rom pontot a S\u00e1ris\u00e1p","datePublished":"2026-09-06T11:39:21+00:00","mainEntityOfPage":{"@id":"https:\/\/dorogimedence.hu\/index.php\/2026\/09\/06\/itthon-nyert-a-dorog-felcsutrol-hozta-el-a-harom-pontot-a-sarisap\/"},"wordCount":431,"publisher":{"@id":"https:\/\/dorogimedence.hu\/#organization"},"image":{"@id":"https:\/\/dorogimedence.hu\/index.php\/2026\/09\/06\/itthon-nyert-a-dorog-felcsutrol-hozta-el-a-harom-pontot-a-sarisap\/#primaryimage"},"thumbnailUrl":"https:\/\/dorogimedence.hu\/wp-content\/uploads\/2024\/10\/foci-01.jpg","keywords":["Dorog","Dorogi B\u00e1ny\u00e1sz FC","foci","futball","labdar\u00fag\u00e1s","S\u00e1ris\u00e1p","S\u00e1ris\u00e1pi B\u00e1ny\u00e1sz SE"],"articleSection":["Dorog","H\u00edrek","Sport"],"inLanguage":"hu"},{"@type":"WebPage","@id":"https:\/\/dorogimedence.hu\/index.php\/2026\/09\/06\/itthon-nyert-a-dorog-felcsutrol-hozta-el-a-harom-pontot-a-sarisap\/","url":"https:\/\/dorogimedence.hu\/index.php\/2026\/09\/06\/itthon-nyert-a-dorog-felcsutrol-hozta-el-a-harom-pontot-a-sarisap\/","name":"Itthon nyert a Dorog, Felcs\u00fatr\u00f3l hozta el a h\u00e1rom pontot a S\u00e1ris\u00e1p","isPartOf":{"@id":"https:\/\/dorogimedence.hu\/#website"},"primaryImageOfPage":{"@id":"https:\/\/dorogimedence.hu\/index.php\/2026\/09\/06\/itthon-nyert-a-dorog-felcsutrol-hozta-el-a-harom-pontot-a-sarisap\/#primaryimage"},"image":{"@id":"https:\/\/dorogimedence.hu\/index.php\/2026\/09\/06\/itthon-nyert-a-dorog-felcsutrol-hozta-el-a-harom-pontot-a-sarisap\/#primaryimage"},"thumbnailUrl":"https:\/\/dorogimedence.hu\/wp-content\/uploads\/2024\/10\/foci-01.jpg","datePublished":"2026-09-06T11:39:21+00:00","breadcrumb":{"@id":"https:\/\/dorogimedence.hu\/index.php\/2026\/09\/06\/itthon-nyert-a-dorog-felcsutrol-hozta-el-a-harom-pontot-a-sarisap\/#breadcrumb"},"inLanguage":"hu","potentialAction":[{"@type":"ReadAction","target":["https:\/\/dorogimedence.hu\/index.php\/2026\/09\/06\/itthon-nyert-a-dorog-felcsutrol-hozta-el-a-harom-pontot-a-sarisap\/"]}]},{"@type":"ImageObject","inLanguage":"hu","@id":"https:\/\/dorogimedence.hu\/index.php\/2026\/09\/06\/itthon-nyert-a-dorog-felcsutrol-hozta-el-a-harom-pontot-a-sarisap\/#primaryimage","url":"https:\/\/dorogimedence.hu\/wp-content\/uploads\/2024\/10\/foci-01.jpg","contentUrl":"https:\/\/dorogimedence.hu\/wp-content\/uploads\/2024\/10\/foci-01.jpg","width":1920,"height":1280},{"@type":"BreadcrumbList","@id":"https:\/\/dorogimedence.hu\/index.php\/2026\/09\/06\/itthon-nyert-a-dorog-felcsutrol-hozta-el-a-harom-pontot-a-sarisap\/#breadcrumb","itemListElement":[{"@type":"ListItem","position":1,"name":"Kezd\u0151lap","item":"https:\/\/dorogimedence.hu\/"},{"@type":"ListItem","position":2,"name":"Itthon nyert a Dorog, Felcs\u00fatr\u00f3l hozta el a h\u00e1rom pontot a S\u00e1ris\u00e1p"}]},{"@type":"WebSite","@id":"https:\/\/dorogimedence.hu\/#website","url":"https:\/\/dorogimedence.hu\/","name":"Dorogi-medence Region\u00e1lis H\u00edrport\u00e1l","description":"Dorog, Keszt\u00f6lc, Le\u00e1nyv\u00e1r, Piliscs\u00e9v, Tokod, Tokodalt\u00e1r\u00f3, Csolnok, Esztergom-kertv\u00e1ros: h\u00edrek, programok","publisher":{"@id":"https:\/\/dorogimedence.hu\/#organization"},"potentialAction":[{"@type":"SearchAction","target":{"@type":"EntryPoint","urlTemplate":"https:\/\/dorogimedence.hu\/?s={search_term_string}"},"query-input":{"@type":"PropertyValueSpecification","valueRequired":true,"valueName":"search_term_string"}}],"inLanguage":"hu"},{"@type":"Organization","@id":"https:\/\/dorogimedence.hu\/#organization","name":"Dorogi-medence Region\u00e1lis H\u00edrport\u00e1l","url":"https:\/\/dorogimedence.hu\/","logo":{"@type":"ImageObject","inLanguage":"hu","@id":"https:\/\/dorogimedence.hu\/#\/schema\/logo\/image\/","url":"https:\/\/dorogimedence.hu\/wp-content\/uploads\/2021\/04\/logo-feher-600.png","contentUrl":"https:\/\/dorogimedence.hu\/wp-content\/uploads\/2021\/04\/logo-feher-600.png","width":600,"height":100,"caption":"Dorogi-medence Region\u00e1lis H\u00edrport\u00e1l"},"image":{"@id":"https:\/\/dorogimedence.hu\/#\/schema\/logo\/image\/"},"sameAs":["https:\/\/www.facebook.com\/dorogimedence\/"]},{"@type":"Person","@id":"https:\/\/dorogimedence.hu\/#\/schema\/person\/ce6091eeb7e95ecdc87890d6aa8e0fd4","name":"dorogimedence.hu","image":{"@type":"ImageObject","inLanguage":"hu","@id":"\/\/www.gravatar.com\/avatar\/d8d45f8901aadff40a4af72c0b826f1d?s=96&#038;r=g&#038;d=mm","url":"\/\/www.gravatar.com\/avatar\/d8d45f8901aadff40a4af72c0b826f1d?s=96&#038;r=g&#038;d=mm","contentUrl":"\/\/www.gravatar.com\/avatar\/d8d45f8901aadff40a4af72c0b826f1d?s=96&#038;r=g&#038;d=mm","caption":"dorogimedence.hu"}}]}},"_links":{"self":[{"href":"https:\/\/dorogimedence.hu\/index.php\/wp-json\/wp\/v2\/posts\/83412","targetHints":{"allow":["GET"]}}],"collection":[{"href":"https:\/\/dorogimedence.hu\/index.php\/wp-json\/wp\/v2\/posts"}],"about":[{"href":"https:\/\/dorogimedence.hu\/index.php\/wp-json\/wp\/v2\/types\/post"}],"author":[{"embeddable":true,"href":"https:\/\/dorogimedence.hu\/index.php\/wp-json\/wp\/v2\/users\/1"}],"replies":[{"embeddable":true,"href":"https:\/\/dorogimedence.hu\/index.php\/wp-json\/wp\/v2\/comments?post=83412"}],"version-history":[{"count":1,"href":"https:\/\/dorogimedence.hu\/index.php\/wp-json\/wp\/v2\/posts\/83412\/revisions"}],"predecessor-version":[{"id":83413,"href":"https:\/\/dorogimedence.hu\/index.php\/wp-json\/wp\/v2\/posts\/83412\/revisions\/83413"}],"wp:featuredmedia":[{"embeddable":true,"href":"https:\/\/dorogimedence.hu\/index.php\/wp-json\/wp\/v2\/media\/65640"}],"wp:attachment":[{"href":"https:\/\/dorogimedence.hu\/index.php\/wp-json\/wp\/v2\/media?parent=83412"}],"wp:term":[{"taxonomy":"category","embeddable":true,"href":"https:\/\/dorogimedence.hu\/index.php\/wp-json\/wp\/v2\/categories?post=83412"},{"taxonomy":"post_tag","embeddable":true,"href":"https:\/\/dorogimedence.hu\/index.php\/wp-json\/wp\/v2\/tags?post=83412"}],"curies":[{"name":"wp","href":"https:\/\/api.w.org\/{rel}","templated":true}]}}