{"id":83400,"date":"2026-09-05T12:10:52","date_gmt":"2026-09-05T10:10:52","guid":{"rendered":"https:\/\/dorogimedence.hu\/?p=83400"},"modified":"2026-09-05T12:10:52","modified_gmt":"2026-09-05T10:10:52","slug":"uj-helyen-avattak-fel-a-banyaszati-emlekmuvet-dorogon","status":"publish","type":"post","link":"https:\/\/dorogimedence.hu\/index.php\/2026\/09\/05\/uj-helyen-avattak-fel-a-banyaszati-emlekmuvet-dorogon\/","title":{"rendered":"\u00daj hely\u00e9n avatt\u00e1k fel a b\u00e1ny\u00e1szati eml\u00e9km\u0171vet Dorogon"},"content":{"rendered":"<p><strong>Folytat\u00f3dott a 76. b\u00e1ny\u00e1sznap \u00fcnneps\u00e9gsorozata Dorogon: szeptember 5-\u00e9n, szombaton reggel a Hantken Miksa parkban tartottak megeml\u00e9kez\u00e9st, ahol els\u0151 alkalommal koszor\u00fazt\u00e1k meg az Otthon t\u00e9rr\u0151l \u00e1thelyezett, fel\u00faj\u00edtott b\u00e1ny\u00e1szati eml\u00e9km\u0171vet. Az \u00fcnneps\u00e9gen a b\u00e1ny\u00e1sz\u00f6r\u00f6ks\u00e9g meg\u0151rz\u00e9se mellett Dorog \u00e9s Petrozs\u00e9ny t\u00f6rt\u00e9nelmi kapcsolata, valamint a t\u00e9rs\u00e9g karsztv\u00edzkincs\u00e9nek lehets\u00e9ges hasznos\u00edt\u00e1sa is sz\u00f3ba ker\u00fclt.<\/strong><\/p>\n<p>A Dorog V\u00e1ros \u00d6nkorm\u00e1nyzata \u00e9s a Dorogi B\u00e1ny\u00e1sz Szakszervezet nev\u00e9ben k\u00f6sz\u00f6nt\u00f6tt r\u00e9sztvev\u0151k a Dorogi N\u00e9met Nemzetis\u00e9gi Kultur\u00e1lis Egyes\u00fclet B\u00e1ny\u00e1sz Zenekar\u00e1nak k\u00f6zrem\u0171k\u00f6d\u00e9s\u00e9vel \u00e9nekelt\u00e9k el a Himnuszt. A felvezet\u0151ben elhangzott: az eml\u00e9km\u0171 azok el\u0151tt a b\u00e1ny\u00e1szok el\u0151tt tiszteleg, akik munk\u00e1jukkal, kitart\u00e1sukkal \u00e9s \u00e1ldozatv\u00e1llal\u00e1sukkal form\u00e1lt\u00e1k Dorog t\u00f6rt\u00e9net\u00e9t \u00e9s k\u00f6z\u00f6ss\u00e9g\u00e9t. \u00daj helysz\u00edne lehet\u0151s\u00e9get teremt arra, hogy m\u00e9lt\u00f3 k\u00f6rnyezetben \u0151rizz\u00e9k \u00e9s adj\u00e1k tov\u00e1bb ezt az \u00f6r\u00f6ks\u00e9get.<\/p>\n<p><img fetchpriority=\"high\" decoding=\"async\" class=\"alignnone size-full wp-image-83401\" src=\"https:\/\/dorogimedence.hu\/wp-content\/uploads\/2026\/09\/IMG_4529.jpg\" alt=\"\" width=\"1920\" height=\"1280\" srcset=\"https:\/\/dorogimedence.hu\/wp-content\/uploads\/2026\/09\/IMG_4529.jpg 1920w, https:\/\/dorogimedence.hu\/wp-content\/uploads\/2026\/09\/IMG_4529-600x400.jpg 600w, https:\/\/dorogimedence.hu\/wp-content\/uploads\/2026\/09\/IMG_4529-768x512.jpg 768w, https:\/\/dorogimedence.hu\/wp-content\/uploads\/2026\/09\/IMG_4529-1536x1024.jpg 1536w, https:\/\/dorogimedence.hu\/wp-content\/uploads\/2026\/09\/IMG_4529-150x100.jpg 150w, https:\/\/dorogimedence.hu\/wp-content\/uploads\/2026\/09\/IMG_4529-450x300.jpg 450w, https:\/\/dorogimedence.hu\/wp-content\/uploads\/2026\/09\/IMG_4529-1200x800.jpg 1200w, https:\/\/dorogimedence.hu\/wp-content\/uploads\/2026\/09\/IMG_4529-272x182.jpg 272w\" sizes=\"(max-width: 1920px) 100vw, 1920px\" \/><\/p>\n<h3>T\u00f6rt\u00e9nelmi pillanat az \u00faj eml\u00e9khelyen<\/h3>\n<p>Els\u0151k\u00e9nt B\u00e1nhidi J\u00f3zsef, a Dorogi B\u00e1ny\u00e1sz Szakszervezet eln\u00f6ke mondott \u00fcnnepi besz\u00e9det. Felid\u00e9zte: egy \u00e9vvel kor\u00e1bban, az Otthon t\u00e9ren tartott utols\u00f3 b\u00e1ny\u00e1sznapi koszor\u00faz\u00e1son m\u00e9g a leend\u0151 park \u00e9s az eml\u00e9km\u0171 \u00e1thelyez\u00e9s\u00e9nek terveir\u0151l besz\u00e9ltek. Most pedig m\u00e1r a meg\u00fajult m\u00e1rv\u00e1nyeml\u00e9km\u0171n\u00e9l helyezhett\u00e9k el a kegyelet \u00e9s a h\u00e1la koszor\u00fait.<\/p>\n<p>B\u00e1nhidi J\u00f3zsef k\u00f6sz\u00f6netet mondott dr. Tittmann J\u00e1nos polg\u00e1rmesternek \u00e9s a v\u00e1ros k\u00e9pvisel\u0151-test\u00fclet\u00e9nek az\u00e9rt, hogy a dorogi sz\u00e9nmedence 223 \u00e9ves b\u00e1ny\u00e1szat\u00e1nak eml\u00e9ket \u00e1ll\u00edt\u00f3 alkot\u00e1s k\u00f6zponti, k\u00f6nnyen megk\u00f6zel\u00edthet\u0151, hossz\u00fa t\u00e1von fenntarthat\u00f3 helyre ker\u00fclt. Rem\u00e9ny\u00e9t fejezte ki, hogy a park \u00e9vtizedeken \u00e1t szolg\u00e1lja majd a helyiek, a k\u00f6rny\u00e9kbeliek \u00e9s az idel\u00e1togat\u00f3k eml\u00e9kez\u00e9s\u00e9t.<\/p>\n<p><img decoding=\"async\" class=\"alignnone size-full wp-image-83403\" src=\"https:\/\/dorogimedence.hu\/wp-content\/uploads\/2026\/09\/IMG_4544.jpg\" alt=\"\" width=\"1920\" height=\"1280\" srcset=\"https:\/\/dorogimedence.hu\/wp-content\/uploads\/2026\/09\/IMG_4544.jpg 1920w, https:\/\/dorogimedence.hu\/wp-content\/uploads\/2026\/09\/IMG_4544-600x400.jpg 600w, https:\/\/dorogimedence.hu\/wp-content\/uploads\/2026\/09\/IMG_4544-768x512.jpg 768w, https:\/\/dorogimedence.hu\/wp-content\/uploads\/2026\/09\/IMG_4544-1536x1024.jpg 1536w, https:\/\/dorogimedence.hu\/wp-content\/uploads\/2026\/09\/IMG_4544-150x100.jpg 150w, https:\/\/dorogimedence.hu\/wp-content\/uploads\/2026\/09\/IMG_4544-450x300.jpg 450w, https:\/\/dorogimedence.hu\/wp-content\/uploads\/2026\/09\/IMG_4544-1200x800.jpg 1200w, https:\/\/dorogimedence.hu\/wp-content\/uploads\/2026\/09\/IMG_4544-272x182.jpg 272w\" sizes=\"(max-width: 1920px) 100vw, 1920px\" \/><\/p>\n<p>Besz\u00e9d\u00e9ben hangs\u00falyozta: b\u00e1r a b\u00e1ny\u00e1k bez\u00e1rtak, a b\u00e1ny\u00e1szat tov\u00e1bb \u00e9l a csal\u00e1dok t\u00f6rt\u00e9neteiben, a r\u00e9gi f\u00e9nyk\u00e9peken \u00e9s az egykori munkat\u00e1rsak eml\u00e9keiben. A f\u00f6ld m\u00e9ly\u00e9n a bajt\u00e1rsiass\u00e1g mindennapi val\u00f3s\u00e1g volt, hiszen a dolgoz\u00f3k felt\u00e9tel n\u00e9lk\u00fcl egym\u00e1sra voltak utalva. \u201eEgy b\u00e1nya bez\u00e1r\u00e1s\u00e1val egy \u00fczem val\u00f3ban megsz\u0171nhet, de a k\u00f6z\u00f6ss\u00e9g megmarad\u201d \u2013 fogalmazott.<\/p>\n<p>K\u00fcl\u00f6n tisztelettel eml\u00e9kezett azokra, akik egy m\u0171szak v\u00e9g\u00e9n m\u00e1r nem t\u00e9rhettek haza csal\u00e1djukhoz. Mint mondta, a b\u00e1ny\u00e1sznap egy\u00fattal arr\u00f3l is sz\u00f3l, mit visz\u00fcnk tov\u00e1bb az el\u0151d\u00f6kt\u0151l kapott \u00e9rt\u00e9kekb\u0151l: a munka becs\u00fclet\u00e9b\u0151l, az adott sz\u00f3 s\u00faly\u00e1b\u00f3l \u00e9s az \u00f6sszetartoz\u00e1sb\u00f3l.<\/p>\n<p><img decoding=\"async\" class=\"alignnone size-full wp-image-83404\" src=\"https:\/\/dorogimedence.hu\/wp-content\/uploads\/2026\/09\/IMG_4535.jpg\" alt=\"\" width=\"1920\" height=\"1280\" srcset=\"https:\/\/dorogimedence.hu\/wp-content\/uploads\/2026\/09\/IMG_4535.jpg 1920w, https:\/\/dorogimedence.hu\/wp-content\/uploads\/2026\/09\/IMG_4535-600x400.jpg 600w, https:\/\/dorogimedence.hu\/wp-content\/uploads\/2026\/09\/IMG_4535-768x512.jpg 768w, https:\/\/dorogimedence.hu\/wp-content\/uploads\/2026\/09\/IMG_4535-1536x1024.jpg 1536w, https:\/\/dorogimedence.hu\/wp-content\/uploads\/2026\/09\/IMG_4535-150x100.jpg 150w, https:\/\/dorogimedence.hu\/wp-content\/uploads\/2026\/09\/IMG_4535-450x300.jpg 450w, https:\/\/dorogimedence.hu\/wp-content\/uploads\/2026\/09\/IMG_4535-1200x800.jpg 1200w, https:\/\/dorogimedence.hu\/wp-content\/uploads\/2026\/09\/IMG_4535-272x182.jpg 272w\" sizes=\"(max-width: 1920px) 100vw, 1920px\" \/><\/p>\n<h3>Petrozs\u00e9nyi vend\u00e9gekkel \u00fcnnepeltek<\/h3>\n<p>Dr. Tittmann J\u00e1nos polg\u00e1rmester k\u00f6sz\u00f6nt\u00f6tte az \u00fcnneps\u00e9gen megjelent Radnai M\u00e1rk orsz\u00e1ggy\u0171l\u00e9si k\u00e9pvisel\u0151t, Bors\u00f3 Tibort, a Kom\u00e1rom-Esztergom v\u00e1rmegyei k\u00f6zgy\u0171l\u00e9s aleln\u00f6k\u00e9t, valamint a Petrozs\u00e9nyb\u00f3l \u00e9rkezett deleg\u00e1ci\u00f3t. Megk\u00f6sz\u00f6nte a b\u00e1ny\u00e1szati szervezetek t\u00e1mogat\u00e1s\u00e1t az eml\u00e9km\u0171 \u00e1thelyez\u00e9s\u00e9hez, \u00e9s \u00f6r\u00f6m\u00e9t fejezte ki, hogy a park hat\u00e1rid\u0151re elk\u00e9sz\u00fclt.<\/p>\n<p>A polg\u00e1rmester r\u00e9szletesen besz\u00e9lt Dorog \u00e9s Petrozs\u00e9ny kapcsolat\u00e1r\u00f3l. Felid\u00e9zte a b\u00e1ny\u00e1szok \u00e9s szakemberek v\u00e1ndorl\u00e1s\u00e1t, valamint azokat a szem\u00e9lyis\u00e9geket, akik mindk\u00e9t t\u00e9rs\u00e9g b\u00e1ny\u00e1szatt\u00f6rt\u00e9net\u00e9ben fontos szerepet j\u00e1tszottak. Kiemelte az 1905-ben Petrozs\u00e9nyb\u00f3l Dorogra \u00e9rkezett Schmidt S\u00e1ndort, tov\u00e1bb\u00e1 Mende Val\u00e9r \u00e9p\u00edt\u00e9sz munk\u00e1ss\u00e1g\u00e1t.<\/p>\n<p><img loading=\"lazy\" decoding=\"async\" class=\"alignnone size-full wp-image-83405\" src=\"https:\/\/dorogimedence.hu\/wp-content\/uploads\/2026\/09\/IMG_4589.jpg\" alt=\"\" width=\"1920\" height=\"1280\" srcset=\"https:\/\/dorogimedence.hu\/wp-content\/uploads\/2026\/09\/IMG_4589.jpg 1920w, https:\/\/dorogimedence.hu\/wp-content\/uploads\/2026\/09\/IMG_4589-600x400.jpg 600w, https:\/\/dorogimedence.hu\/wp-content\/uploads\/2026\/09\/IMG_4589-768x512.jpg 768w, https:\/\/dorogimedence.hu\/wp-content\/uploads\/2026\/09\/IMG_4589-1536x1024.jpg 1536w, https:\/\/dorogimedence.hu\/wp-content\/uploads\/2026\/09\/IMG_4589-150x100.jpg 150w, https:\/\/dorogimedence.hu\/wp-content\/uploads\/2026\/09\/IMG_4589-450x300.jpg 450w, https:\/\/dorogimedence.hu\/wp-content\/uploads\/2026\/09\/IMG_4589-1200x800.jpg 1200w, https:\/\/dorogimedence.hu\/wp-content\/uploads\/2026\/09\/IMG_4589-272x182.jpg 272w\" sizes=\"(max-width: 1920px) 100vw, 1920px\" \/><\/p>\n<p>A k\u00f6zelebbi m\u00faltb\u00f3l az 1990-ben megindult b\u00e1ny\u00e1sz-toborz\u00e1st eml\u00edtette, amelynek nyom\u00e1n elmond\u00e1sa szerint k\u00f6zel n\u00e9gysz\u00e1z petrozs\u00e9nyi b\u00e1ny\u00e1sz dolgozott a dorogi sz\u00e9nmedenc\u00e9ben. K\u00f6z\u00fcl\u00fck sokan a lencsehegyi b\u00e1nya bez\u00e1r\u00e1s\u00e1t k\u00f6vet\u0151en is Dorogon vagy a k\u00f6rnyez\u0151 telep\u00fcl\u00e9seken maradtak, \u00e9s itt tal\u00e1ltak \u00faj otthonra.<\/p>\n<p>A mostani l\u00e1togat\u00e1s ez\u00e9rt a k\u00f6z\u00f6s m\u00falt felid\u00e9z\u00e9se mellett a kapcsolatok meger\u0151s\u00edt\u00e9s\u00e9re is alkalmat adott. A polg\u00e1rmester k\u00fcl\u00f6n megk\u00f6sz\u00f6nte a deleg\u00e1ci\u00f3 \u00fatj\u00e1nak megszervez\u00e9s\u00e9ben k\u00f6zrem\u0171k\u00f6d\u0151k munk\u00e1j\u00e1t.<\/p>\n<p><img loading=\"lazy\" decoding=\"async\" class=\"alignnone size-full wp-image-83406\" src=\"https:\/\/dorogimedence.hu\/wp-content\/uploads\/2026\/09\/IMG_4621.jpg\" alt=\"\" width=\"1920\" height=\"1280\" srcset=\"https:\/\/dorogimedence.hu\/wp-content\/uploads\/2026\/09\/IMG_4621.jpg 1920w, https:\/\/dorogimedence.hu\/wp-content\/uploads\/2026\/09\/IMG_4621-600x400.jpg 600w, https:\/\/dorogimedence.hu\/wp-content\/uploads\/2026\/09\/IMG_4621-768x512.jpg 768w, https:\/\/dorogimedence.hu\/wp-content\/uploads\/2026\/09\/IMG_4621-1536x1024.jpg 1536w, https:\/\/dorogimedence.hu\/wp-content\/uploads\/2026\/09\/IMG_4621-150x100.jpg 150w, https:\/\/dorogimedence.hu\/wp-content\/uploads\/2026\/09\/IMG_4621-450x300.jpg 450w, https:\/\/dorogimedence.hu\/wp-content\/uploads\/2026\/09\/IMG_4621-1200x800.jpg 1200w, https:\/\/dorogimedence.hu\/wp-content\/uploads\/2026\/09\/IMG_4621-272x182.jpg 272w\" sizes=\"(max-width: 1920px) 100vw, 1920px\" \/><\/p>\n<h3>A karsztv\u00edz hasznos\u00edt\u00e1s\u00e1nak lehet\u0151s\u00e9g\u00e9t vizsg\u00e1ln\u00e1k<\/h3>\n<p>Dr. Tittmann J\u00e1nos egy j\u00f6v\u0151be mutat\u00f3 kezdem\u00e9nyez\u00e9sr\u0151l is besz\u00e1molt. Elmondta: a h\u00e9t elej\u00e9n lev\u00e9lben fordult a Budapesti M\u0171szaki \u00e9s Gazdas\u00e1gtudom\u00e1nyi Egyetemhez, hogy seg\u00edts\u00e9get k\u00e9rjen a t\u00e9rs\u00e9g alatt tal\u00e1lhat\u00f3 karsztv\u00edzk\u00e9szlet hasznos\u00edt\u00e1si lehet\u0151s\u00e9geinek tudom\u00e1nyos vizsg\u00e1lat\u00e1hoz.<\/p>\n<p>A tervezett tanulm\u00e1ny azt t\u00e1rn\u00e1 fel, hogy a felsz\u00edn alatti v\u00edzvagyon milyen m\u00f3don j\u00e1rulhatna hozz\u00e1 a t\u00e9rs\u00e9g lakoss\u00e1g\u00e1nak eg\u00e9szs\u00e9ges iv\u00f3v\u00edzzel val\u00f3 ell\u00e1t\u00e1s\u00e1hoz. A polg\u00e1rmester a miskolci egyetem szakembereivel is egy\u00fcttm\u0171k\u00f6d\u00e9st kezdem\u00e9nyezne a felm\u00e9r\u00e9sben.<\/p>\n<p>Hangs\u00falyozta: el\u0151bb azt kell meg\u00e1llap\u00edtani, hogy az elk\u00e9pzel\u00e9snek van-e gyakorlati realit\u00e1sa \u00e9s megval\u00f3s\u00edt\u00e1si lehet\u0151s\u00e9ge. Arra is eml\u00e9keztetett, hogy a v\u00edzbet\u00f6r\u00e9s egykor a helyi sz\u00e9nb\u00e1ny\u00e1szat egyik legnagyobb vesz\u00e9lyforr\u00e1sa volt, a f\u00f6ld alatt tal\u00e1lhat\u00f3 v\u00edzkincs azonban a j\u00f6v\u0151ben fontos er\u0151forr\u00e1ss\u00e1 v\u00e1lhat.<\/p>\n<p><img loading=\"lazy\" decoding=\"async\" class=\"alignnone size-full wp-image-83407\" src=\"https:\/\/dorogimedence.hu\/wp-content\/uploads\/2026\/09\/IMG_4576.jpg\" alt=\"\" width=\"1920\" height=\"1280\" srcset=\"https:\/\/dorogimedence.hu\/wp-content\/uploads\/2026\/09\/IMG_4576.jpg 1920w, https:\/\/dorogimedence.hu\/wp-content\/uploads\/2026\/09\/IMG_4576-600x400.jpg 600w, https:\/\/dorogimedence.hu\/wp-content\/uploads\/2026\/09\/IMG_4576-768x512.jpg 768w, https:\/\/dorogimedence.hu\/wp-content\/uploads\/2026\/09\/IMG_4576-1536x1024.jpg 1536w, https:\/\/dorogimedence.hu\/wp-content\/uploads\/2026\/09\/IMG_4576-150x100.jpg 150w, https:\/\/dorogimedence.hu\/wp-content\/uploads\/2026\/09\/IMG_4576-450x300.jpg 450w, https:\/\/dorogimedence.hu\/wp-content\/uploads\/2026\/09\/IMG_4576-1200x800.jpg 1200w, https:\/\/dorogimedence.hu\/wp-content\/uploads\/2026\/09\/IMG_4576-272x182.jpg 272w\" sizes=\"(max-width: 1920px) 100vw, 1920px\" \/><\/p>\n<h3>Koszor\u00faz\u00e1s \u00e9s b\u00e1ny\u00e1szatt\u00f6rt\u00e9neti el\u0151ad\u00e1s<\/h3>\n<p>A besz\u00e9deket k\u00f6vet\u0151en elhelyezt\u00e9k az eml\u00e9kez\u00e9s vir\u00e1gait a meg\u00fajult eml\u00e9km\u0171n\u00e9l. Koszor\u00fazott Radnai M\u00e1rk orsz\u00e1ggy\u0171l\u00e9si k\u00e9pvisel\u0151, a v\u00e1rmegyei \u00f6nkorm\u00e1nyzat nev\u00e9ben Bors\u00f3 Tibor, Dorog k\u00e9pviselet\u00e9ben pedig dr. Tittmann J\u00e1nos polg\u00e1rmester, valamint J\u00e1szber\u00e9nyi K\u00e1roly \u00e9s Nagy Attila alpolg\u00e1rmesterek.<\/p>\n<p>Tisztelegtek a petrozs\u00e9nyi szakszervezeti deleg\u00e1ci\u00f3 tagjai, tov\u00e1bb\u00e1 Keszt\u00f6lc \u00f6nkorm\u00e1nyzat\u00e1nak k\u00e9pviselet\u00e9ben Klinger Csaba \u00e9s Kara J\u00f3zsef. A Dorogi B\u00e1ny\u00e1sz Szakszervezet, a Dorogi Sz\u00e9nmedence Kult\u00far\u00e1j\u00e1\u00e9rt Alap\u00edtv\u00e1ny \u00e9s az OMBKE dorogi helyi szervezete k\u00f6z\u00f6s koszor\u00faj\u00e1t F\u00fcl\u00f6p Zita, B\u00e1nhidi J\u00f3zsef \u00e9s Mr\u00e1z L\u00e1szl\u00f3 helyezte el. A Baumit Kft. nev\u00e9ben W\u00e1ryn\u00e9 Vil\u00e1gi Hajnalka \u00e9s Mocsnik Imre, a Richter Gedeon Nyrt. dorogi fi\u00f3ktelep\u00e9nek k\u00e9pviselet\u00e9ben Kabai Mih\u00e1ly \u00e9s K\u00e1rp\u00e1ti Zolt\u00e1n koszor\u00fazott.<\/p>\n<p><img loading=\"lazy\" decoding=\"async\" class=\"alignnone size-full wp-image-83408\" src=\"https:\/\/dorogimedence.hu\/wp-content\/uploads\/2026\/09\/IMG_4600.jpg\" alt=\"\" width=\"1920\" height=\"1280\" srcset=\"https:\/\/dorogimedence.hu\/wp-content\/uploads\/2026\/09\/IMG_4600.jpg 1920w, https:\/\/dorogimedence.hu\/wp-content\/uploads\/2026\/09\/IMG_4600-600x400.jpg 600w, https:\/\/dorogimedence.hu\/wp-content\/uploads\/2026\/09\/IMG_4600-768x512.jpg 768w, https:\/\/dorogimedence.hu\/wp-content\/uploads\/2026\/09\/IMG_4600-1536x1024.jpg 1536w, https:\/\/dorogimedence.hu\/wp-content\/uploads\/2026\/09\/IMG_4600-150x100.jpg 150w, https:\/\/dorogimedence.hu\/wp-content\/uploads\/2026\/09\/IMG_4600-450x300.jpg 450w, https:\/\/dorogimedence.hu\/wp-content\/uploads\/2026\/09\/IMG_4600-1200x800.jpg 1200w, https:\/\/dorogimedence.hu\/wp-content\/uploads\/2026\/09\/IMG_4600-272x182.jpg 272w\" sizes=\"(max-width: 1920px) 100vw, 1920px\" \/><\/p>\n<p>A szabadt\u00e9ri megeml\u00e9kez\u00e9s a b\u00e1ny\u00e1szhimnusz k\u00f6z\u00f6s el\u00e9nekl\u00e9s\u00e9vel z\u00e1rult, a b\u00e1ny\u00e1szzenekar k\u00f6zrem\u0171k\u00f6d\u00e9s\u00e9vel. A program ezt k\u00f6vet\u0151en a szomsz\u00e9dos Reimann B\u00e1ny\u00e1szatt\u00f6rt\u00e9neti Miniverzumban folytat\u00f3dott, ahol Szab\u00f3-Berghauer Zolt\u00e1n, a Dorogi J\u00f3zsef Attila M\u0171vel\u0151d\u00e9si H\u00e1z \u00e9s K\u00f6nyvt\u00e1r int\u00e9zm\u00e9nyvezet\u0151je tartott el\u0151ad\u00e1st \u201eB\u00e1ny\u00e1szatt\u00f6rt\u00e9neti \u00e9vfordul\u00f3k\u201d c\u00edmmel. A d\u00e9lel\u0151tti programban \u201eA m\u00e9lys\u00e9g \u00f6r\u00f6ks\u00e9ge\u201d p\u00e1ly\u00e1zathoz kapcsol\u00f3d\u00f3 ki\u00e1ll\u00edt\u00e1s megnyit\u00f3ja is szerepelt.<\/p>\n<p><img loading=\"lazy\" decoding=\"async\" class=\"alignnone size-full wp-image-83409\" src=\"https:\/\/dorogimedence.hu\/wp-content\/uploads\/2026\/09\/IMG_4636.jpg\" alt=\"\" width=\"1920\" height=\"1280\" srcset=\"https:\/\/dorogimedence.hu\/wp-content\/uploads\/2026\/09\/IMG_4636.jpg 1920w, https:\/\/dorogimedence.hu\/wp-content\/uploads\/2026\/09\/IMG_4636-600x400.jpg 600w, https:\/\/dorogimedence.hu\/wp-content\/uploads\/2026\/09\/IMG_4636-768x512.jpg 768w, https:\/\/dorogimedence.hu\/wp-content\/uploads\/2026\/09\/IMG_4636-1536x1024.jpg 1536w, https:\/\/dorogimedence.hu\/wp-content\/uploads\/2026\/09\/IMG_4636-150x100.jpg 150w, https:\/\/dorogimedence.hu\/wp-content\/uploads\/2026\/09\/IMG_4636-450x300.jpg 450w, https:\/\/dorogimedence.hu\/wp-content\/uploads\/2026\/09\/IMG_4636-1200x800.jpg 1200w, https:\/\/dorogimedence.hu\/wp-content\/uploads\/2026\/09\/IMG_4636-272x182.jpg 272w\" sizes=\"(max-width: 1920px) 100vw, 1920px\" \/><\/p>\n","protected":false},"excerpt":{"rendered":"<p>Folytat\u00f3dott a 76. b\u00e1ny\u00e1sznap \u00fcnneps\u00e9gsorozata Dorogon: szeptember 5-\u00e9n, szombaton reggel a Hantken Miksa parkban tartottak megeml\u00e9kez\u00e9st, ahol els\u0151 alkalommal koszor\u00fazt\u00e1k meg az Otthon t\u00e9rr\u0151l \u00e1thelyezett, fel\u00faj\u00edtott b\u00e1ny\u00e1szati eml\u00e9km\u0171vet. Az \u00fcnneps\u00e9gen a b\u00e1ny\u00e1sz\u00f6r\u00f6ks\u00e9g meg\u0151rz\u00e9se mellett Dorog \u00e9s Petrozs\u00e9ny t\u00f6rt\u00e9nelmi kapcsolata, valamint a t\u00e9rs\u00e9g karsztv\u00edzkincs\u00e9nek lehets\u00e9ges hasznos\u00edt\u00e1sa is sz\u00f3ba ker\u00fclt. A Dorog V\u00e1ros \u00d6nkorm\u00e1nyzata \u00e9s a Dorogi<\/p>\n","protected":false},"author":1,"featured_media":83402,"comment_status":"closed","ping_status":"closed","sticky":false,"template":"","format":"standard","meta":{"ngg_post_thumbnail":0,"footnotes":""},"categories":[2,3],"tags":[1242,15,2859,1361,5624,1055],"class_list":["post-83400","post","type-post","status-publish","format-standard","has-post-thumbnail","category-dorog","category-hirek","tag-banyasznap","tag-dorog","tag-dorogi-banyasznap","tag-emlekmu","tag-featured","tag-koszoruzas"],"yoast_head":"<!-- This site is optimized with the Yoast SEO plugin v28.3 - https:\/\/yoast.com\/product\/yoast-seo-wordpress\/ -->\n<title>\u00daj hely\u00e9n avatt\u00e1k fel a b\u00e1ny\u00e1szati eml\u00e9km\u0171vet Dorogon<\/title>\n<meta name=\"robots\" content=\"index, follow, max-snippet:-1, max-image-preview:large, max-video-preview:-1\" \/>\n<link rel=\"canonical\" href=\"https:\/\/dorogimedence.hu\/index.php\/2026\/09\/05\/uj-helyen-avattak-fel-a-banyaszati-emlekmuvet-dorogon\/\" class=\"yoast-seo-meta-tag\" \/>\n<meta property=\"og:locale\" content=\"hu_HU\" class=\"yoast-seo-meta-tag\" \/>\n<meta property=\"og:type\" content=\"article\" class=\"yoast-seo-meta-tag\" \/>\n<meta property=\"og:title\" content=\"\u00daj hely\u00e9n avatt\u00e1k fel a b\u00e1ny\u00e1szati eml\u00e9km\u0171vet Dorogon\" class=\"yoast-seo-meta-tag\" \/>\n<meta property=\"og:description\" content=\"Folytat\u00f3dott a 76. b\u00e1ny\u00e1sznap \u00fcnneps\u00e9gsorozata Dorogon: szeptember 5-\u00e9n, szombaton reggel a Hantken Miksa parkban tartottak megeml\u00e9kez\u00e9st, ahol els\u0151 alkalommal koszor\u00fazt\u00e1k meg az Otthon t\u00e9rr\u0151l \u00e1thelyezett, fel\u00faj\u00edtott b\u00e1ny\u00e1szati eml\u00e9km\u0171vet. Az \u00fcnneps\u00e9gen a b\u00e1ny\u00e1sz\u00f6r\u00f6ks\u00e9g meg\u0151rz\u00e9se mellett Dorog \u00e9s Petrozs\u00e9ny t\u00f6rt\u00e9nelmi kapcsolata, valamint a t\u00e9rs\u00e9g karsztv\u00edzkincs\u00e9nek lehets\u00e9ges hasznos\u00edt\u00e1sa is sz\u00f3ba ker\u00fclt. A Dorog V\u00e1ros \u00d6nkorm\u00e1nyzata \u00e9s a Dorogi\" class=\"yoast-seo-meta-tag\" \/>\n<meta property=\"og:url\" content=\"https:\/\/dorogimedence.hu\/index.php\/2026\/09\/05\/uj-helyen-avattak-fel-a-banyaszati-emlekmuvet-dorogon\/\" class=\"yoast-seo-meta-tag\" \/>\n<meta property=\"og:site_name\" content=\"Dorogi-medence Region\u00e1lis H\u00edrport\u00e1l\" class=\"yoast-seo-meta-tag\" \/>\n<meta property=\"article:publisher\" content=\"https:\/\/www.facebook.com\/dorogimedence\/\" class=\"yoast-seo-meta-tag\" \/>\n<meta property=\"article:published_time\" content=\"2026-09-05T10:10:52+00:00\" class=\"yoast-seo-meta-tag\" \/>\n<meta property=\"og:image\" content=\"https:\/\/dorogimedence.hu\/wp-content\/uploads\/2026\/09\/IMG_4616.jpg\" class=\"yoast-seo-meta-tag\" \/>\n\t<meta property=\"og:image:width\" content=\"1920\" class=\"yoast-seo-meta-tag\" \/>\n\t<meta property=\"og:image:height\" content=\"1280\" class=\"yoast-seo-meta-tag\" \/>\n\t<meta property=\"og:image:type\" content=\"image\/jpeg\" class=\"yoast-seo-meta-tag\" \/>\n<meta name=\"author\" content=\"dorogimedence.hu\" class=\"yoast-seo-meta-tag\" \/>\n<meta name=\"twitter:card\" content=\"summary_large_image\" class=\"yoast-seo-meta-tag\" \/>\n<meta name=\"twitter:label1\" content=\"Szerz\u0151:\" class=\"yoast-seo-meta-tag\" \/>\n\t<meta name=\"twitter:data1\" content=\"dorogimedence.hu\" class=\"yoast-seo-meta-tag\" \/>\n\t<meta name=\"twitter:label2\" content=\"Becs\u00fclt olvas\u00e1si id\u0151\" class=\"yoast-seo-meta-tag\" \/>\n\t<meta name=\"twitter:data2\" content=\"6 perc\" class=\"yoast-seo-meta-tag\" \/>\n<script type=\"application\/ld+json\" class=\"yoast-schema-graph\">{\"@context\":\"https:\\\/\\\/schema.org\",\"@graph\":[{\"@type\":\"Article\",\"@id\":\"https:\\\/\\\/dorogimedence.hu\\\/index.php\\\/2026\\\/09\\\/05\\\/uj-helyen-avattak-fel-a-banyaszati-emlekmuvet-dorogon\\\/#article\",\"isPartOf\":{\"@id\":\"https:\\\/\\\/dorogimedence.hu\\\/index.php\\\/2026\\\/09\\\/05\\\/uj-helyen-avattak-fel-a-banyaszati-emlekmuvet-dorogon\\\/\"},\"author\":{\"name\":\"dorogimedence.hu\",\"@id\":\"https:\\\/\\\/dorogimedence.hu\\\/#\\\/schema\\\/person\\\/ce6091eeb7e95ecdc87890d6aa8e0fd4\"},\"headline\":\"\u00daj hely\u00e9n avatt\u00e1k fel a b\u00e1ny\u00e1szati eml\u00e9km\u0171vet Dorogon\",\"datePublished\":\"2026-09-05T10:10:52+00:00\",\"mainEntityOfPage\":{\"@id\":\"https:\\\/\\\/dorogimedence.hu\\\/index.php\\\/2026\\\/09\\\/05\\\/uj-helyen-avattak-fel-a-banyaszati-emlekmuvet-dorogon\\\/\"},\"wordCount\":1299,\"publisher\":{\"@id\":\"https:\\\/\\\/dorogimedence.hu\\\/#organization\"},\"image\":{\"@id\":\"https:\\\/\\\/dorogimedence.hu\\\/index.php\\\/2026\\\/09\\\/05\\\/uj-helyen-avattak-fel-a-banyaszati-emlekmuvet-dorogon\\\/#primaryimage\"},\"thumbnailUrl\":\"https:\\\/\\\/dorogimedence.hu\\\/wp-content\\\/uploads\\\/2026\\\/09\\\/IMG_4616.jpg\",\"keywords\":[\"B\u00e1ny\u00e1sznap\",\"Dorog\",\"dorogi b\u00e1ny\u00e1sznap\",\"eml\u00e9km\u0171\",\"featured\",\"koszor\u00faz\u00e1s\"],\"articleSection\":[\"Dorog\",\"H\u00edrek\"],\"inLanguage\":\"hu\"},{\"@type\":\"WebPage\",\"@id\":\"https:\\\/\\\/dorogimedence.hu\\\/index.php\\\/2026\\\/09\\\/05\\\/uj-helyen-avattak-fel-a-banyaszati-emlekmuvet-dorogon\\\/\",\"url\":\"https:\\\/\\\/dorogimedence.hu\\\/index.php\\\/2026\\\/09\\\/05\\\/uj-helyen-avattak-fel-a-banyaszati-emlekmuvet-dorogon\\\/\",\"name\":\"\u00daj hely\u00e9n avatt\u00e1k fel a b\u00e1ny\u00e1szati eml\u00e9km\u0171vet Dorogon\",\"isPartOf\":{\"@id\":\"https:\\\/\\\/dorogimedence.hu\\\/#website\"},\"primaryImageOfPage\":{\"@id\":\"https:\\\/\\\/dorogimedence.hu\\\/index.php\\\/2026\\\/09\\\/05\\\/uj-helyen-avattak-fel-a-banyaszati-emlekmuvet-dorogon\\\/#primaryimage\"},\"image\":{\"@id\":\"https:\\\/\\\/dorogimedence.hu\\\/index.php\\\/2026\\\/09\\\/05\\\/uj-helyen-avattak-fel-a-banyaszati-emlekmuvet-dorogon\\\/#primaryimage\"},\"thumbnailUrl\":\"https:\\\/\\\/dorogimedence.hu\\\/wp-content\\\/uploads\\\/2026\\\/09\\\/IMG_4616.jpg\",\"datePublished\":\"2026-09-05T10:10:52+00:00\",\"breadcrumb\":{\"@id\":\"https:\\\/\\\/dorogimedence.hu\\\/index.php\\\/2026\\\/09\\\/05\\\/uj-helyen-avattak-fel-a-banyaszati-emlekmuvet-dorogon\\\/#breadcrumb\"},\"inLanguage\":\"hu\",\"potentialAction\":[{\"@type\":\"ReadAction\",\"target\":[\"https:\\\/\\\/dorogimedence.hu\\\/index.php\\\/2026\\\/09\\\/05\\\/uj-helyen-avattak-fel-a-banyaszati-emlekmuvet-dorogon\\\/\"]}]},{\"@type\":\"ImageObject\",\"inLanguage\":\"hu\",\"@id\":\"https:\\\/\\\/dorogimedence.hu\\\/index.php\\\/2026\\\/09\\\/05\\\/uj-helyen-avattak-fel-a-banyaszati-emlekmuvet-dorogon\\\/#primaryimage\",\"url\":\"https:\\\/\\\/dorogimedence.hu\\\/wp-content\\\/uploads\\\/2026\\\/09\\\/IMG_4616.jpg\",\"contentUrl\":\"https:\\\/\\\/dorogimedence.hu\\\/wp-content\\\/uploads\\\/2026\\\/09\\\/IMG_4616.jpg\",\"width\":1920,\"height\":1280},{\"@type\":\"BreadcrumbList\",\"@id\":\"https:\\\/\\\/dorogimedence.hu\\\/index.php\\\/2026\\\/09\\\/05\\\/uj-helyen-avattak-fel-a-banyaszati-emlekmuvet-dorogon\\\/#breadcrumb\",\"itemListElement\":[{\"@type\":\"ListItem\",\"position\":1,\"name\":\"Kezd\u0151lap\",\"item\":\"https:\\\/\\\/dorogimedence.hu\\\/\"},{\"@type\":\"ListItem\",\"position\":2,\"name\":\"\u00daj hely\u00e9n avatt\u00e1k fel a b\u00e1ny\u00e1szati eml\u00e9km\u0171vet Dorogon\"}]},{\"@type\":\"WebSite\",\"@id\":\"https:\\\/\\\/dorogimedence.hu\\\/#website\",\"url\":\"https:\\\/\\\/dorogimedence.hu\\\/\",\"name\":\"Dorogi-medence Region\u00e1lis H\u00edrport\u00e1l\",\"description\":\"Dorog, Keszt\u00f6lc, Le\u00e1nyv\u00e1r, Piliscs\u00e9v, Tokod, Tokodalt\u00e1r\u00f3, Csolnok, Esztergom-kertv\u00e1ros: h\u00edrek, programok\",\"publisher\":{\"@id\":\"https:\\\/\\\/dorogimedence.hu\\\/#organization\"},\"potentialAction\":[{\"@type\":\"SearchAction\",\"target\":{\"@type\":\"EntryPoint\",\"urlTemplate\":\"https:\\\/\\\/dorogimedence.hu\\\/?s={search_term_string}\"},\"query-input\":{\"@type\":\"PropertyValueSpecification\",\"valueRequired\":true,\"valueName\":\"search_term_string\"}}],\"inLanguage\":\"hu\"},{\"@type\":\"Organization\",\"@id\":\"https:\\\/\\\/dorogimedence.hu\\\/#organization\",\"name\":\"Dorogi-medence Region\u00e1lis H\u00edrport\u00e1l\",\"url\":\"https:\\\/\\\/dorogimedence.hu\\\/\",\"logo\":{\"@type\":\"ImageObject\",\"inLanguage\":\"hu\",\"@id\":\"https:\\\/\\\/dorogimedence.hu\\\/#\\\/schema\\\/logo\\\/image\\\/\",\"url\":\"https:\\\/\\\/dorogimedence.hu\\\/wp-content\\\/uploads\\\/2021\\\/04\\\/logo-feher-600.png\",\"contentUrl\":\"https:\\\/\\\/dorogimedence.hu\\\/wp-content\\\/uploads\\\/2021\\\/04\\\/logo-feher-600.png\",\"width\":600,\"height\":100,\"caption\":\"Dorogi-medence Region\u00e1lis H\u00edrport\u00e1l\"},\"image\":{\"@id\":\"https:\\\/\\\/dorogimedence.hu\\\/#\\\/schema\\\/logo\\\/image\\\/\"},\"sameAs\":[\"https:\\\/\\\/www.facebook.com\\\/dorogimedence\\\/\"]},{\"@type\":\"Person\",\"@id\":\"https:\\\/\\\/dorogimedence.hu\\\/#\\\/schema\\\/person\\\/ce6091eeb7e95ecdc87890d6aa8e0fd4\",\"name\":\"dorogimedence.hu\",\"image\":{\"@type\":\"ImageObject\",\"inLanguage\":\"hu\",\"@id\":\"\\\/\\\/www.gravatar.com\\\/avatar\\\/d8d45f8901aadff40a4af72c0b826f1d?s=96&#038;r=g&#038;d=mm\",\"url\":\"\\\/\\\/www.gravatar.com\\\/avatar\\\/d8d45f8901aadff40a4af72c0b826f1d?s=96&#038;r=g&#038;d=mm\",\"contentUrl\":\"\\\/\\\/www.gravatar.com\\\/avatar\\\/d8d45f8901aadff40a4af72c0b826f1d?s=96&#038;r=g&#038;d=mm\",\"caption\":\"dorogimedence.hu\"}}]}<\/script>\n<!-- \/ Yoast SEO plugin. -->","yoast_head_json":{"title":"\u00daj hely\u00e9n avatt\u00e1k fel a b\u00e1ny\u00e1szati eml\u00e9km\u0171vet Dorogon","robots":{"index":"index","follow":"follow","max-snippet":"max-snippet:-1","max-image-preview":"max-image-preview:large","max-video-preview":"max-video-preview:-1"},"canonical":"https:\/\/dorogimedence.hu\/index.php\/2026\/09\/05\/uj-helyen-avattak-fel-a-banyaszati-emlekmuvet-dorogon\/","og_locale":"hu_HU","og_type":"article","og_title":"\u00daj hely\u00e9n avatt\u00e1k fel a b\u00e1ny\u00e1szati eml\u00e9km\u0171vet Dorogon","og_description":"Folytat\u00f3dott a 76. b\u00e1ny\u00e1sznap \u00fcnneps\u00e9gsorozata Dorogon: szeptember 5-\u00e9n, szombaton reggel a Hantken Miksa parkban tartottak megeml\u00e9kez\u00e9st, ahol els\u0151 alkalommal koszor\u00fazt\u00e1k meg az Otthon t\u00e9rr\u0151l \u00e1thelyezett, fel\u00faj\u00edtott b\u00e1ny\u00e1szati eml\u00e9km\u0171vet. Az \u00fcnneps\u00e9gen a b\u00e1ny\u00e1sz\u00f6r\u00f6ks\u00e9g meg\u0151rz\u00e9se mellett Dorog \u00e9s Petrozs\u00e9ny t\u00f6rt\u00e9nelmi kapcsolata, valamint a t\u00e9rs\u00e9g karsztv\u00edzkincs\u00e9nek lehets\u00e9ges hasznos\u00edt\u00e1sa is sz\u00f3ba ker\u00fclt. A Dorog V\u00e1ros \u00d6nkorm\u00e1nyzata \u00e9s a Dorogi","og_url":"https:\/\/dorogimedence.hu\/index.php\/2026\/09\/05\/uj-helyen-avattak-fel-a-banyaszati-emlekmuvet-dorogon\/","og_site_name":"Dorogi-medence Region\u00e1lis H\u00edrport\u00e1l","article_publisher":"https:\/\/www.facebook.com\/dorogimedence\/","article_published_time":"2026-09-05T10:10:52+00:00","og_image":[{"width":1920,"height":1280,"url":"https:\/\/dorogimedence.hu\/wp-content\/uploads\/2026\/09\/IMG_4616.jpg","type":"image\/jpeg"}],"author":"dorogimedence.hu","twitter_card":"summary_large_image","twitter_misc":{"Szerz\u0151:":"dorogimedence.hu","Becs\u00fclt olvas\u00e1si id\u0151":"6 perc"},"schema":{"@context":"https:\/\/schema.org","@graph":[{"@type":"Article","@id":"https:\/\/dorogimedence.hu\/index.php\/2026\/09\/05\/uj-helyen-avattak-fel-a-banyaszati-emlekmuvet-dorogon\/#article","isPartOf":{"@id":"https:\/\/dorogimedence.hu\/index.php\/2026\/09\/05\/uj-helyen-avattak-fel-a-banyaszati-emlekmuvet-dorogon\/"},"author":{"name":"dorogimedence.hu","@id":"https:\/\/dorogimedence.hu\/#\/schema\/person\/ce6091eeb7e95ecdc87890d6aa8e0fd4"},"headline":"\u00daj hely\u00e9n avatt\u00e1k fel a b\u00e1ny\u00e1szati eml\u00e9km\u0171vet Dorogon","datePublished":"2026-09-05T10:10:52+00:00","mainEntityOfPage":{"@id":"https:\/\/dorogimedence.hu\/index.php\/2026\/09\/05\/uj-helyen-avattak-fel-a-banyaszati-emlekmuvet-dorogon\/"},"wordCount":1299,"publisher":{"@id":"https:\/\/dorogimedence.hu\/#organization"},"image":{"@id":"https:\/\/dorogimedence.hu\/index.php\/2026\/09\/05\/uj-helyen-avattak-fel-a-banyaszati-emlekmuvet-dorogon\/#primaryimage"},"thumbnailUrl":"https:\/\/dorogimedence.hu\/wp-content\/uploads\/2026\/09\/IMG_4616.jpg","keywords":["B\u00e1ny\u00e1sznap","Dorog","dorogi b\u00e1ny\u00e1sznap","eml\u00e9km\u0171","featured","koszor\u00faz\u00e1s"],"articleSection":["Dorog","H\u00edrek"],"inLanguage":"hu"},{"@type":"WebPage","@id":"https:\/\/dorogimedence.hu\/index.php\/2026\/09\/05\/uj-helyen-avattak-fel-a-banyaszati-emlekmuvet-dorogon\/","url":"https:\/\/dorogimedence.hu\/index.php\/2026\/09\/05\/uj-helyen-avattak-fel-a-banyaszati-emlekmuvet-dorogon\/","name":"\u00daj hely\u00e9n avatt\u00e1k fel a b\u00e1ny\u00e1szati eml\u00e9km\u0171vet Dorogon","isPartOf":{"@id":"https:\/\/dorogimedence.hu\/#website"},"primaryImageOfPage":{"@id":"https:\/\/dorogimedence.hu\/index.php\/2026\/09\/05\/uj-helyen-avattak-fel-a-banyaszati-emlekmuvet-dorogon\/#primaryimage"},"image":{"@id":"https:\/\/dorogimedence.hu\/index.php\/2026\/09\/05\/uj-helyen-avattak-fel-a-banyaszati-emlekmuvet-dorogon\/#primaryimage"},"thumbnailUrl":"https:\/\/dorogimedence.hu\/wp-content\/uploads\/2026\/09\/IMG_4616.jpg","datePublished":"2026-09-05T10:10:52+00:00","breadcrumb":{"@id":"https:\/\/dorogimedence.hu\/index.php\/2026\/09\/05\/uj-helyen-avattak-fel-a-banyaszati-emlekmuvet-dorogon\/#breadcrumb"},"inLanguage":"hu","potentialAction":[{"@type":"ReadAction","target":["https:\/\/dorogimedence.hu\/index.php\/2026\/09\/05\/uj-helyen-avattak-fel-a-banyaszati-emlekmuvet-dorogon\/"]}]},{"@type":"ImageObject","inLanguage":"hu","@id":"https:\/\/dorogimedence.hu\/index.php\/2026\/09\/05\/uj-helyen-avattak-fel-a-banyaszati-emlekmuvet-dorogon\/#primaryimage","url":"https:\/\/dorogimedence.hu\/wp-content\/uploads\/2026\/09\/IMG_4616.jpg","contentUrl":"https:\/\/dorogimedence.hu\/wp-content\/uploads\/2026\/09\/IMG_4616.jpg","width":1920,"height":1280},{"@type":"BreadcrumbList","@id":"https:\/\/dorogimedence.hu\/index.php\/2026\/09\/05\/uj-helyen-avattak-fel-a-banyaszati-emlekmuvet-dorogon\/#breadcrumb","itemListElement":[{"@type":"ListItem","position":1,"name":"Kezd\u0151lap","item":"https:\/\/dorogimedence.hu\/"},{"@type":"ListItem","position":2,"name":"\u00daj hely\u00e9n avatt\u00e1k fel a b\u00e1ny\u00e1szati eml\u00e9km\u0171vet Dorogon"}]},{"@type":"WebSite","@id":"https:\/\/dorogimedence.hu\/#website","url":"https:\/\/dorogimedence.hu\/","name":"Dorogi-medence Region\u00e1lis H\u00edrport\u00e1l","description":"Dorog, Keszt\u00f6lc, Le\u00e1nyv\u00e1r, Piliscs\u00e9v, Tokod, Tokodalt\u00e1r\u00f3, Csolnok, Esztergom-kertv\u00e1ros: h\u00edrek, programok","publisher":{"@id":"https:\/\/dorogimedence.hu\/#organization"},"potentialAction":[{"@type":"SearchAction","target":{"@type":"EntryPoint","urlTemplate":"https:\/\/dorogimedence.hu\/?s={search_term_string}"},"query-input":{"@type":"PropertyValueSpecification","valueRequired":true,"valueName":"search_term_string"}}],"inLanguage":"hu"},{"@type":"Organization","@id":"https:\/\/dorogimedence.hu\/#organization","name":"Dorogi-medence Region\u00e1lis H\u00edrport\u00e1l","url":"https:\/\/dorogimedence.hu\/","logo":{"@type":"ImageObject","inLanguage":"hu","@id":"https:\/\/dorogimedence.hu\/#\/schema\/logo\/image\/","url":"https:\/\/dorogimedence.hu\/wp-content\/uploads\/2021\/04\/logo-feher-600.png","contentUrl":"https:\/\/dorogimedence.hu\/wp-content\/uploads\/2021\/04\/logo-feher-600.png","width":600,"height":100,"caption":"Dorogi-medence Region\u00e1lis H\u00edrport\u00e1l"},"image":{"@id":"https:\/\/dorogimedence.hu\/#\/schema\/logo\/image\/"},"sameAs":["https:\/\/www.facebook.com\/dorogimedence\/"]},{"@type":"Person","@id":"https:\/\/dorogimedence.hu\/#\/schema\/person\/ce6091eeb7e95ecdc87890d6aa8e0fd4","name":"dorogimedence.hu","image":{"@type":"ImageObject","inLanguage":"hu","@id":"\/\/www.gravatar.com\/avatar\/d8d45f8901aadff40a4af72c0b826f1d?s=96&#038;r=g&#038;d=mm","url":"\/\/www.gravatar.com\/avatar\/d8d45f8901aadff40a4af72c0b826f1d?s=96&#038;r=g&#038;d=mm","contentUrl":"\/\/www.gravatar.com\/avatar\/d8d45f8901aadff40a4af72c0b826f1d?s=96&#038;r=g&#038;d=mm","caption":"dorogimedence.hu"}}]}},"_links":{"self":[{"href":"https:\/\/dorogimedence.hu\/index.php\/wp-json\/wp\/v2\/posts\/83400","targetHints":{"allow":["GET"]}}],"collection":[{"href":"https:\/\/dorogimedence.hu\/index.php\/wp-json\/wp\/v2\/posts"}],"about":[{"href":"https:\/\/dorogimedence.hu\/index.php\/wp-json\/wp\/v2\/types\/post"}],"author":[{"embeddable":true,"href":"https:\/\/dorogimedence.hu\/index.php\/wp-json\/wp\/v2\/users\/1"}],"replies":[{"embeddable":true,"href":"https:\/\/dorogimedence.hu\/index.php\/wp-json\/wp\/v2\/comments?post=83400"}],"version-history":[{"count":2,"href":"https:\/\/dorogimedence.hu\/index.php\/wp-json\/wp\/v2\/posts\/83400\/revisions"}],"predecessor-version":[{"id":83411,"href":"https:\/\/dorogimedence.hu\/index.php\/wp-json\/wp\/v2\/posts\/83400\/revisions\/83411"}],"wp:featuredmedia":[{"embeddable":true,"href":"https:\/\/dorogimedence.hu\/index.php\/wp-json\/wp\/v2\/media\/83402"}],"wp:attachment":[{"href":"https:\/\/dorogimedence.hu\/index.php\/wp-json\/wp\/v2\/media?parent=83400"}],"wp:term":[{"taxonomy":"category","embeddable":true,"href":"https:\/\/dorogimedence.hu\/index.php\/wp-json\/wp\/v2\/categories?post=83400"},{"taxonomy":"post_tag","embeddable":true,"href":"https:\/\/dorogimedence.hu\/index.php\/wp-json\/wp\/v2\/tags?post=83400"}],"curies":[{"name":"wp","href":"https:\/\/api.w.org\/{rel}","templated":true}]}}