{"id":83379,"date":"2026-09-04T16:47:04","date_gmt":"2026-09-04T14:47:04","guid":{"rendered":"https:\/\/dorogimedence.hu\/?p=83379"},"modified":"2026-09-04T16:47:04","modified_gmt":"2026-09-04T14:47:04","slug":"a-kobanyaszok-elott-tisztelegtek-dorogon","status":"publish","type":"post","link":"https:\/\/dorogimedence.hu\/index.php\/2026\/09\/04\/a-kobanyaszok-elott-tisztelegtek-dorogon\/","title":{"rendered":"A k\u0151b\u00e1ny\u00e1szok el\u0151tt tisztelegtek Dorogon"},"content":{"rendered":"<p><strong>A 76. B\u00e1ny\u00e1sznap alkalm\u00e1b\u00f3l szeptember 4-\u00e9n, p\u00e9nteken d\u00e9lut\u00e1n megeml\u00e9kez\u00e9st \u00e9s koszor\u00faz\u00e1st tartottak a dorogi Baumitn\u00e1l tal\u00e1lhat\u00f3 Nemzeti K\u0151b\u00e1ny\u00e1szati Eml\u00e9khelyn\u00e9l. Az \u00fcnneps\u00e9gen a 121 \u00e9ves dorogi k\u0151b\u00e1ny\u00e1szat \u00f6r\u00f6ks\u00e9ge mellett a j\u00f6v\u0151 kih\u00edv\u00e1sai is sz\u00f3ba ker\u00fcltek: a hagyom\u00e1nyok megtart\u00f3 erej\u00e9r\u0151l \u00e9s a t\u00e9rs\u00e9g v\u00edzk\u00e9szlet\u00e9nek lehets\u00e9ges hasznos\u00edt\u00e1s\u00e1r\u00f3l is besz\u00e9ltek a sz\u00f3nokok.<\/strong><\/p>\n<p>A megeml\u00e9kez\u00e9s a B\u00e1ny\u00e1szhimnusz k\u00f6z\u00f6s el\u00e9nekl\u00e9s\u00e9vel kezd\u0151d\u00f6tt, majd Kassai Bence, a Baumit Kft. \u00fcgyvezet\u0151je k\u00f6sz\u00f6nt\u00f6tte a r\u00e9sztvev\u0151ket. Besz\u00e9d\u00e9ben hangs\u00falyozta: az \u00fcnneps\u00e9g alkalmat ad arra, hogy a jelenl\u00e9v\u0151k fejet hajtsanak a k\u0151b\u00e1ny\u00e1szatban dolgoz\u00f3k \u00e9s az ipar\u00e1g el\u0151deinek munk\u00e1ja el\u0151tt.<\/p>\n<p>Felid\u00e9zte, hogy a Nemzeti K\u0151b\u00e1ny\u00e1szati Eml\u00e9khely 2015-ben az Orsz\u00e1gos Magyar B\u00e1ny\u00e1szati \u00e9s Koh\u00e1szati Egyes\u00fclet kezdem\u00e9nyez\u00e9s\u00e9re, Dorog \u00f6nkorm\u00e1nyzata \u00e9s a Baumit Kft. egy\u00fcttm\u0171k\u00f6d\u00e9s\u00e9vel, a b\u00e1ny\u00e1szszervezetek \u00e9s a hazai m\u00e9szk\u0151b\u00e1ny\u00e1kat m\u0171k\u00f6dtet\u0151 v\u00e1llalatok \u00f6sszefog\u00e1s\u00e1val j\u00f6tt l\u00e9tre. Az \u00fcgyvezet\u0151 szerint egy eml\u00e9km\u0171 akkor v\u00e1lik igaz\u00e1n \u00e9l\u0151v\u00e9, ha a m\u00falt felid\u00e9z\u00e9se mellett a j\u00f6v\u0151 sz\u00e1m\u00e1ra is \u00fczenetet hordoz. Mint mondta, Dorogon 121 \u00e9ve m\u0171k\u00f6dik k\u0151b\u00e1nya, amelynek ma a Baumit a tulajdonosa. A v\u00e1llalat hossz\u00fa t\u00e1von sz\u00e1mol magyarorsz\u00e1gi \u00e9s dorogi jelenl\u00e9t\u00e9vel, a j\u00f6v\u0151 \u00e9p\u00edt\u00e9s\u00e9hez pedig elengedhetetlennek tartja a m\u00falt \u00e9rt\u00e9keinek tisztelet\u00e9t, meg\u0151rz\u00e9s\u00e9t \u00e9s tov\u00e1bbad\u00e1s\u00e1t.<\/p>\n<p><img fetchpriority=\"high\" decoding=\"async\" class=\"alignnone size-full wp-image-83380\" src=\"https:\/\/dorogimedence.hu\/wp-content\/uploads\/2026\/09\/IMG_4425.jpg\" alt=\"\" width=\"1920\" height=\"1280\" srcset=\"https:\/\/dorogimedence.hu\/wp-content\/uploads\/2026\/09\/IMG_4425.jpg 1920w, https:\/\/dorogimedence.hu\/wp-content\/uploads\/2026\/09\/IMG_4425-600x400.jpg 600w, https:\/\/dorogimedence.hu\/wp-content\/uploads\/2026\/09\/IMG_4425-768x512.jpg 768w, https:\/\/dorogimedence.hu\/wp-content\/uploads\/2026\/09\/IMG_4425-1536x1024.jpg 1536w, https:\/\/dorogimedence.hu\/wp-content\/uploads\/2026\/09\/IMG_4425-150x100.jpg 150w, https:\/\/dorogimedence.hu\/wp-content\/uploads\/2026\/09\/IMG_4425-450x300.jpg 450w, https:\/\/dorogimedence.hu\/wp-content\/uploads\/2026\/09\/IMG_4425-1200x800.jpg 1200w, https:\/\/dorogimedence.hu\/wp-content\/uploads\/2026\/09\/IMG_4425-272x182.jpg 272w\" sizes=\"(max-width: 1920px) 100vw, 1920px\" \/><\/p>\n<p>Kassai Bence kiemelte: a gyorsan v\u00e1ltoz\u00f3, bizonytalan vil\u00e1gban k\u00fcl\u00f6n\u00f6sen nagy sz\u00fcks\u00e9g van biztos t\u00e1maszokra. A dorogi b\u00e1ny\u00e1szok h\u0171s\u00e9ge, al\u00e1zata, kitart\u00e1sa \u00e9s \u00e9letereje olyan p\u00e9ld\u00e1t jelenthet, amelyb\u0151l a mindennapok kih\u00edv\u00e1saihoz is er\u0151t mer\u00edthet\u00fcnk. Besz\u00e9de v\u00e9g\u00e9n az el\u0151d\u00f6k ir\u00e1nti tiszteletad\u00e1sra h\u00edvta a jelenl\u00e9v\u0151ket, hangs\u00falyozva, hogy munk\u00e1juk \u00e9s eredm\u00e9nyeik n\u00e9lk\u00fcl a mai k\u00f6z\u00f6ss\u00e9g sem lehetne ugyanaz.<\/p>\n<p>Ezt k\u00f6vet\u0151en dr. Tittmann J\u00e1nos, Dorog polg\u00e1rmestere mondott besz\u00e9det. Els\u0151k\u00e9nt a Baumit munkav\u00e1llal\u00f3inak fejezte ki nagyrabecs\u00fcl\u00e9s\u00e9t, \u00e9s megk\u00f6sz\u00f6nte a v\u00e1llalatnak a helyi gazdas\u00e1gban bet\u00f6lt\u00f6tt meghat\u00e1roz\u00f3 szerep\u00e9t, valamint a v\u00e1rossal val\u00f3 egy\u00fcttm\u0171k\u00f6d\u00e9s\u00e9t.<\/p>\n<p><img decoding=\"async\" class=\"alignnone size-full wp-image-83381\" src=\"https:\/\/dorogimedence.hu\/wp-content\/uploads\/2026\/09\/IMG_4460.jpg\" alt=\"\" width=\"1920\" height=\"1280\" srcset=\"https:\/\/dorogimedence.hu\/wp-content\/uploads\/2026\/09\/IMG_4460.jpg 1920w, https:\/\/dorogimedence.hu\/wp-content\/uploads\/2026\/09\/IMG_4460-600x400.jpg 600w, https:\/\/dorogimedence.hu\/wp-content\/uploads\/2026\/09\/IMG_4460-768x512.jpg 768w, https:\/\/dorogimedence.hu\/wp-content\/uploads\/2026\/09\/IMG_4460-1536x1024.jpg 1536w, https:\/\/dorogimedence.hu\/wp-content\/uploads\/2026\/09\/IMG_4460-150x100.jpg 150w, https:\/\/dorogimedence.hu\/wp-content\/uploads\/2026\/09\/IMG_4460-450x300.jpg 450w, https:\/\/dorogimedence.hu\/wp-content\/uploads\/2026\/09\/IMG_4460-1200x800.jpg 1200w, https:\/\/dorogimedence.hu\/wp-content\/uploads\/2026\/09\/IMG_4460-272x182.jpg 272w\" sizes=\"(max-width: 1920px) 100vw, 1920px\" \/><\/p>\n<p>A polg\u00e1rmester ezut\u00e1n a b\u00e1ny\u00e1szat egy m\u00e1sik ter\u00fclet\u00e9re, a v\u00edzkitermel\u00e9sre ir\u00e1ny\u00edtotta a figyelmet. Besz\u00e9d\u00e9ben arr\u00f3l sz\u00e1molt be, hogy a Palatinus-t\u00f3 v\u00edzszintje az elm\u00falt esztend\u0151ben k\u00f6zel m\u00e1sf\u00e9l m\u00e9tert cs\u00f6kkent, a Keny\u00e9rmezei-patakban alig n\u00e9h\u00e1ny centim\u00e9teres v\u00edz csordog\u00e1l, \u00e9s a B\u00fab\u00e1natv\u00f6lgy t\u00f6bb tav\u00e1t is kisz\u00e1rad\u00e1s s\u00fajtja.<\/p>\n<p>\u00dagy fogalmazott: ezek a jelens\u00e9gek indokoltt\u00e1 teszik, hogy a dorogi sz\u00e9nmedenc\u00e9ben a felsz\u00edn alatti v\u00edzk\u00e9szletek fel\u00e9 is forduljon a figyelem. Eml\u00e9keztetett arra, hogy a t\u00e9rs\u00e9g b\u00e1ny\u00e1iban egykor \u00e9ppen a v\u00edz jelentette az egyik legnagyobb kock\u00e1zatot. Most azt a k\u00e9rd\u00e9st kell feltenni a b\u00e1nyam\u00e9rn\u00f6k\u00f6knek, valamint a v\u00edz\u00e9p\u00edt\u00e9si \u00e9s v\u00edzgazd\u00e1lkod\u00e1si szakembereknek, hogy \u00e9rdemes-e megvizsg\u00e1lni a m\u00e9lyben tal\u00e1lhat\u00f3 v\u00edzt\u00f6meg hozz\u00e1f\u00e9rhet\u0151s\u00e9g\u00e9t \u00e9s az iv\u00f3v\u00edzell\u00e1t\u00e1sban val\u00f3 felhaszn\u00e1l\u00e1s\u00e1nak lehet\u0151s\u00e9geit.<\/p>\n<p><img decoding=\"async\" class=\"alignnone size-full wp-image-83382\" src=\"https:\/\/dorogimedence.hu\/wp-content\/uploads\/2026\/09\/IMG_4407.jpg\" alt=\"\" width=\"1920\" height=\"1280\" srcset=\"https:\/\/dorogimedence.hu\/wp-content\/uploads\/2026\/09\/IMG_4407.jpg 1920w, https:\/\/dorogimedence.hu\/wp-content\/uploads\/2026\/09\/IMG_4407-600x400.jpg 600w, https:\/\/dorogimedence.hu\/wp-content\/uploads\/2026\/09\/IMG_4407-768x512.jpg 768w, https:\/\/dorogimedence.hu\/wp-content\/uploads\/2026\/09\/IMG_4407-1536x1024.jpg 1536w, https:\/\/dorogimedence.hu\/wp-content\/uploads\/2026\/09\/IMG_4407-150x100.jpg 150w, https:\/\/dorogimedence.hu\/wp-content\/uploads\/2026\/09\/IMG_4407-450x300.jpg 450w, https:\/\/dorogimedence.hu\/wp-content\/uploads\/2026\/09\/IMG_4407-1200x800.jpg 1200w, https:\/\/dorogimedence.hu\/wp-content\/uploads\/2026\/09\/IMG_4407-272x182.jpg 272w\" sizes=\"(max-width: 1920px) 100vw, 1920px\" \/><\/p>\n<p>Tittmann J\u00e1nos hangs\u00falyozta: a b\u00e1ny\u00e1szok munk\u00e1ja mindig az alapvet\u0151 emberi sz\u00fcks\u00e9gleteket szolg\u00e1lta, legyen sz\u00f3 a f\u00f6ld al\u00f3l kitermelt energiahordoz\u00f3kr\u00f3l vagy az \u00e9p\u00edtkez\u00e9sekhez sz\u00fcks\u00e9ges k\u0151r\u0151l. A j\u00f6v\u0151ben a v\u00edz kitermel\u00e9se is \u00faj jelent\u0151s\u00e9get kaphat. Az ehhez sz\u00fcks\u00e9ges felel\u0151ss\u00e9gv\u00e1llal\u00e1sban \u00e9s elk\u00f6telezetts\u00e9gben a b\u00e1ny\u00e1sz\u00e9rt\u00e9krend tov\u00e1bbra is biztos alapot jelenthet \u2013 z\u00e1rta gondolatait.<\/p>\n<p>A besz\u00e9deket k\u00f6vet\u0151en koszor\u00faz\u00e1ssal tisztelegtek a k\u0151b\u00e1ny\u00e1szatban dolgoz\u00f3k \u00e9s el\u0151deik el\u0151tt. Kom\u00e1rom-Esztergom V\u00e1rmegye \u00d6nkorm\u00e1nyzat\u00e1nak k\u00e9pviselet\u00e9ben dr. Veres Zolt\u00e1n v\u00e1rmegyei jegyz\u0151, Dorog nev\u00e9ben dr. Tittmann J\u00e1nos polg\u00e1rmester \u00e9s J\u00e1szber\u00e9nyi K\u00e1roly alpolg\u00e1rmester helyezte el az eml\u00e9kez\u00e9s vir\u00e1gait. A Szab\u00e1lyozott Tev\u00e9kenys\u00e9gek Fel\u00fcgyeleti Hat\u00f3s\u00e1g\u00e1t dr. K\u00e1ldi Zolt\u00e1n orsz\u00e1gos b\u00e1nyakapit\u00e1ny k\u00e9pviselte.<\/p>\n<p><img loading=\"lazy\" decoding=\"async\" class=\"alignnone size-full wp-image-83383\" src=\"https:\/\/dorogimedence.hu\/wp-content\/uploads\/2026\/09\/IMG_4475.jpg\" alt=\"\" width=\"1920\" height=\"1280\" srcset=\"https:\/\/dorogimedence.hu\/wp-content\/uploads\/2026\/09\/IMG_4475.jpg 1920w, https:\/\/dorogimedence.hu\/wp-content\/uploads\/2026\/09\/IMG_4475-600x400.jpg 600w, https:\/\/dorogimedence.hu\/wp-content\/uploads\/2026\/09\/IMG_4475-768x512.jpg 768w, https:\/\/dorogimedence.hu\/wp-content\/uploads\/2026\/09\/IMG_4475-1536x1024.jpg 1536w, https:\/\/dorogimedence.hu\/wp-content\/uploads\/2026\/09\/IMG_4475-150x100.jpg 150w, https:\/\/dorogimedence.hu\/wp-content\/uploads\/2026\/09\/IMG_4475-450x300.jpg 450w, https:\/\/dorogimedence.hu\/wp-content\/uploads\/2026\/09\/IMG_4475-1200x800.jpg 1200w, https:\/\/dorogimedence.hu\/wp-content\/uploads\/2026\/09\/IMG_4475-272x182.jpg 272w\" sizes=\"(max-width: 1920px) 100vw, 1920px\" \/><\/p>\n<p>A Baumit Kft. nev\u00e9ben Kassai Bence \u00fcgyvezet\u0151 \u00e9s Mocsnik Imre, a k\u0151b\u00e1nya \u00fczemvezet\u0151je koszor\u00fazott. A Miskolci Egyetem M\u0171szaki F\u00f6ld- \u00e9s K\u00f6rnyezettudom\u00e1nyi Kar\u00e1nak k\u00e9pviselet\u00e9ben dr. Szalontai Lajos d\u00e9k\u00e1nhelyettes, az Orsz\u00e1gos Magyar B\u00e1ny\u00e1szati \u00e9s Koh\u00e1szati Egyes\u00fclet nev\u00e9ben R\u00e1tkai Norbert r\u00f3tta le tisztelet\u00e9t.<\/p>\n<p>A Magyar B\u00e1ny\u00e1szati Sz\u00f6vets\u00e9g koszor\u00faj\u00e1t K\u00e1rp\u00e1ti L\u00e1szl\u00f3, az \u00c9p\u00edt\u0151- \u00e9s Adal\u00e9kanyag B\u00e1ny\u00e1szati Tagozat eln\u00f6ke, a Magyar \u00c9p\u00edt\u0151anyag \u00e9s \u00c9p\u00edt\u00e9si Term\u00e9k Sz\u00f6vets\u00e9g\u00e9t Szarka L\u00e1szl\u00f3 eln\u00f6k helyezte el. A B\u00e1nya-, Energia- \u00e9s Ipari Dolgoz\u00f3k Szakszervezete, a B\u00e1ny\u00e1sz Szakszervezet, a Dorogi Sz\u00e9nmedence Kult\u00far\u00e1j\u00e1\u00e9rt Alap\u00edtv\u00e1ny \u00e9s az OMBKE Dorogi Helyi Szervezete nev\u00e9ben k\u00f6z\u00f6sen koszor\u00fazott Szab\u00f3 Tibor, B\u00e1nhidi J\u00f3zsef, Mr\u00e1z L\u00e1szl\u00f3 \u00e9s F\u00fcl\u00f6p Zita Gabriella.<\/p>\n<p>Keszt\u00f6lc \u00f6nkorm\u00e1nyzat\u00e1nak koszor\u00faj\u00e1t a Keszt\u00f6lci Hagyom\u00e1ny\u0151rz\u0151 B\u00e1ny\u00e1szok K\u00f6re helyezte el. A Roxit K\u0151 \u00e9s Kavics Kft. mexik\u00f3v\u00f6lgyi m\u00e9szk\u0151b\u00e1ny\u00e1j\u00e1t Csord\u00e1s Ott\u00f3 b\u00e1nya\u00fczemvezet\u0151, And\u00f3 Gy\u00f6rgy g\u00e9p\u00e9szeti vezet\u0151 \u00e9s Orosz M\u00e1t\u00e9 b\u00e1nya\u00fczemi m\u00e9rn\u00f6k k\u00e9pviselte. A Duna-Dr\u00e1va Cement Kft. nev\u00e9ben Pl\u00e1nder Gy\u00f6rgy b\u00e1nya\u00fczemvezet\u0151, a Mikerobb Kft. k\u00e9pviselet\u00e9ben pedig dr. G\u00e1csi Gabriella c\u00e9gvezet\u0151 \u00e9s Garadnai L\u00e1szl\u00f3 \u00fczemvezet\u0151-helyettes helyezett el koszor\u00fat.<\/p>\n<p><img loading=\"lazy\" decoding=\"async\" class=\"alignnone size-full wp-image-83384\" src=\"https:\/\/dorogimedence.hu\/wp-content\/uploads\/2026\/09\/IMG_4508.jpg\" alt=\"\" width=\"1920\" height=\"1280\" srcset=\"https:\/\/dorogimedence.hu\/wp-content\/uploads\/2026\/09\/IMG_4508.jpg 1920w, https:\/\/dorogimedence.hu\/wp-content\/uploads\/2026\/09\/IMG_4508-600x400.jpg 600w, https:\/\/dorogimedence.hu\/wp-content\/uploads\/2026\/09\/IMG_4508-768x512.jpg 768w, https:\/\/dorogimedence.hu\/wp-content\/uploads\/2026\/09\/IMG_4508-1536x1024.jpg 1536w, https:\/\/dorogimedence.hu\/wp-content\/uploads\/2026\/09\/IMG_4508-150x100.jpg 150w, https:\/\/dorogimedence.hu\/wp-content\/uploads\/2026\/09\/IMG_4508-450x300.jpg 450w, https:\/\/dorogimedence.hu\/wp-content\/uploads\/2026\/09\/IMG_4508-1200x800.jpg 1200w, https:\/\/dorogimedence.hu\/wp-content\/uploads\/2026\/09\/IMG_4508-272x182.jpg 272w\" sizes=\"(max-width: 1920px) 100vw, 1920px\" \/><\/p>\n<p><em>Fot\u00f3k: Dorogi-medence<\/em><\/p>\n","protected":false},"excerpt":{"rendered":"<p>A 76. B\u00e1ny\u00e1sznap alkalm\u00e1b\u00f3l szeptember 4-\u00e9n, p\u00e9nteken d\u00e9lut\u00e1n megeml\u00e9kez\u00e9st \u00e9s koszor\u00faz\u00e1st tartottak a dorogi Baumitn\u00e1l tal\u00e1lhat\u00f3 Nemzeti K\u0151b\u00e1ny\u00e1szati Eml\u00e9khelyn\u00e9l. Az \u00fcnneps\u00e9gen a 121 \u00e9ves dorogi k\u0151b\u00e1ny\u00e1szat \u00f6r\u00f6ks\u00e9ge mellett a j\u00f6v\u0151 kih\u00edv\u00e1sai is sz\u00f3ba ker\u00fcltek: a hagyom\u00e1nyok megtart\u00f3 erej\u00e9r\u0151l \u00e9s a t\u00e9rs\u00e9g v\u00edzk\u00e9szlet\u00e9nek lehets\u00e9ges hasznos\u00edt\u00e1s\u00e1r\u00f3l is besz\u00e9ltek a sz\u00f3nokok. A megeml\u00e9kez\u00e9s a B\u00e1ny\u00e1szhimnusz k\u00f6z\u00f6s el\u00e9nekl\u00e9s\u00e9vel kezd\u0151d\u00f6tt,<\/p>\n","protected":false},"author":1,"featured_media":83385,"comment_status":"closed","ping_status":"closed","sticky":false,"template":"","format":"standard","meta":{"ngg_post_thumbnail":0,"footnotes":""},"categories":[2,3],"tags":[1242,15,5624,1055],"class_list":["post-83379","post","type-post","status-publish","format-standard","has-post-thumbnail","category-dorog","category-hirek","tag-banyasznap","tag-dorog","tag-featured","tag-koszoruzas"],"yoast_head":"<!-- This site is optimized with the Yoast SEO plugin v28.3 - https:\/\/yoast.com\/product\/yoast-seo-wordpress\/ -->\n<title>A k\u0151b\u00e1ny\u00e1szok el\u0151tt tisztelegtek Dorogon<\/title>\n<meta name=\"robots\" content=\"index, follow, max-snippet:-1, max-image-preview:large, max-video-preview:-1\" \/>\n<link rel=\"canonical\" href=\"https:\/\/dorogimedence.hu\/index.php\/2026\/09\/04\/a-kobanyaszok-elott-tisztelegtek-dorogon\/\" class=\"yoast-seo-meta-tag\" \/>\n<meta property=\"og:locale\" content=\"hu_HU\" class=\"yoast-seo-meta-tag\" \/>\n<meta property=\"og:type\" content=\"article\" class=\"yoast-seo-meta-tag\" \/>\n<meta property=\"og:title\" content=\"A k\u0151b\u00e1ny\u00e1szok el\u0151tt tisztelegtek Dorogon\" class=\"yoast-seo-meta-tag\" \/>\n<meta property=\"og:description\" content=\"A 76. B\u00e1ny\u00e1sznap alkalm\u00e1b\u00f3l szeptember 4-\u00e9n, p\u00e9nteken d\u00e9lut\u00e1n megeml\u00e9kez\u00e9st \u00e9s koszor\u00faz\u00e1st tartottak a dorogi Baumitn\u00e1l tal\u00e1lhat\u00f3 Nemzeti K\u0151b\u00e1ny\u00e1szati Eml\u00e9khelyn\u00e9l. Az \u00fcnneps\u00e9gen a 121 \u00e9ves dorogi k\u0151b\u00e1ny\u00e1szat \u00f6r\u00f6ks\u00e9ge mellett a j\u00f6v\u0151 kih\u00edv\u00e1sai is sz\u00f3ba ker\u00fcltek: a hagyom\u00e1nyok megtart\u00f3 erej\u00e9r\u0151l \u00e9s a t\u00e9rs\u00e9g v\u00edzk\u00e9szlet\u00e9nek lehets\u00e9ges hasznos\u00edt\u00e1s\u00e1r\u00f3l is besz\u00e9ltek a sz\u00f3nokok. A megeml\u00e9kez\u00e9s a B\u00e1ny\u00e1szhimnusz k\u00f6z\u00f6s el\u00e9nekl\u00e9s\u00e9vel kezd\u0151d\u00f6tt,\" class=\"yoast-seo-meta-tag\" \/>\n<meta property=\"og:url\" content=\"https:\/\/dorogimedence.hu\/index.php\/2026\/09\/04\/a-kobanyaszok-elott-tisztelegtek-dorogon\/\" class=\"yoast-seo-meta-tag\" \/>\n<meta property=\"og:site_name\" content=\"Dorogi-medence Region\u00e1lis H\u00edrport\u00e1l\" class=\"yoast-seo-meta-tag\" \/>\n<meta property=\"article:publisher\" content=\"https:\/\/www.facebook.com\/dorogimedence\/\" class=\"yoast-seo-meta-tag\" \/>\n<meta property=\"article:published_time\" content=\"2026-09-04T14:47:04+00:00\" class=\"yoast-seo-meta-tag\" \/>\n<meta property=\"og:image\" content=\"https:\/\/dorogimedence.hu\/wp-content\/uploads\/2026\/09\/IMG_4521.jpg\" class=\"yoast-seo-meta-tag\" \/>\n\t<meta property=\"og:image:width\" content=\"1920\" class=\"yoast-seo-meta-tag\" \/>\n\t<meta property=\"og:image:height\" content=\"1280\" class=\"yoast-seo-meta-tag\" \/>\n\t<meta property=\"og:image:type\" content=\"image\/jpeg\" class=\"yoast-seo-meta-tag\" \/>\n<meta name=\"author\" content=\"dorogimedence.hu\" class=\"yoast-seo-meta-tag\" \/>\n<meta name=\"twitter:card\" content=\"summary_large_image\" class=\"yoast-seo-meta-tag\" \/>\n<meta name=\"twitter:label1\" content=\"Szerz\u0151:\" class=\"yoast-seo-meta-tag\" \/>\n\t<meta name=\"twitter:data1\" content=\"dorogimedence.hu\" class=\"yoast-seo-meta-tag\" \/>\n\t<meta name=\"twitter:label2\" content=\"Becs\u00fclt olvas\u00e1si id\u0151\" class=\"yoast-seo-meta-tag\" \/>\n\t<meta name=\"twitter:data2\" content=\"5 perc\" class=\"yoast-seo-meta-tag\" \/>\n<script type=\"application\/ld+json\" class=\"yoast-schema-graph\">{\"@context\":\"https:\\\/\\\/schema.org\",\"@graph\":[{\"@type\":\"Article\",\"@id\":\"https:\\\/\\\/dorogimedence.hu\\\/index.php\\\/2026\\\/09\\\/04\\\/a-kobanyaszok-elott-tisztelegtek-dorogon\\\/#article\",\"isPartOf\":{\"@id\":\"https:\\\/\\\/dorogimedence.hu\\\/index.php\\\/2026\\\/09\\\/04\\\/a-kobanyaszok-elott-tisztelegtek-dorogon\\\/\"},\"author\":{\"name\":\"dorogimedence.hu\",\"@id\":\"https:\\\/\\\/dorogimedence.hu\\\/#\\\/schema\\\/person\\\/ce6091eeb7e95ecdc87890d6aa8e0fd4\"},\"headline\":\"A k\u0151b\u00e1ny\u00e1szok el\u0151tt tisztelegtek Dorogon\",\"datePublished\":\"2026-09-04T14:47:04+00:00\",\"mainEntityOfPage\":{\"@id\":\"https:\\\/\\\/dorogimedence.hu\\\/index.php\\\/2026\\\/09\\\/04\\\/a-kobanyaszok-elott-tisztelegtek-dorogon\\\/\"},\"wordCount\":1102,\"publisher\":{\"@id\":\"https:\\\/\\\/dorogimedence.hu\\\/#organization\"},\"image\":{\"@id\":\"https:\\\/\\\/dorogimedence.hu\\\/index.php\\\/2026\\\/09\\\/04\\\/a-kobanyaszok-elott-tisztelegtek-dorogon\\\/#primaryimage\"},\"thumbnailUrl\":\"https:\\\/\\\/dorogimedence.hu\\\/wp-content\\\/uploads\\\/2026\\\/09\\\/IMG_4521.jpg\",\"keywords\":[\"B\u00e1ny\u00e1sznap\",\"Dorog\",\"featured\",\"koszor\u00faz\u00e1s\"],\"articleSection\":[\"Dorog\",\"H\u00edrek\"],\"inLanguage\":\"hu\"},{\"@type\":\"WebPage\",\"@id\":\"https:\\\/\\\/dorogimedence.hu\\\/index.php\\\/2026\\\/09\\\/04\\\/a-kobanyaszok-elott-tisztelegtek-dorogon\\\/\",\"url\":\"https:\\\/\\\/dorogimedence.hu\\\/index.php\\\/2026\\\/09\\\/04\\\/a-kobanyaszok-elott-tisztelegtek-dorogon\\\/\",\"name\":\"A k\u0151b\u00e1ny\u00e1szok el\u0151tt tisztelegtek Dorogon\",\"isPartOf\":{\"@id\":\"https:\\\/\\\/dorogimedence.hu\\\/#website\"},\"primaryImageOfPage\":{\"@id\":\"https:\\\/\\\/dorogimedence.hu\\\/index.php\\\/2026\\\/09\\\/04\\\/a-kobanyaszok-elott-tisztelegtek-dorogon\\\/#primaryimage\"},\"image\":{\"@id\":\"https:\\\/\\\/dorogimedence.hu\\\/index.php\\\/2026\\\/09\\\/04\\\/a-kobanyaszok-elott-tisztelegtek-dorogon\\\/#primaryimage\"},\"thumbnailUrl\":\"https:\\\/\\\/dorogimedence.hu\\\/wp-content\\\/uploads\\\/2026\\\/09\\\/IMG_4521.jpg\",\"datePublished\":\"2026-09-04T14:47:04+00:00\",\"breadcrumb\":{\"@id\":\"https:\\\/\\\/dorogimedence.hu\\\/index.php\\\/2026\\\/09\\\/04\\\/a-kobanyaszok-elott-tisztelegtek-dorogon\\\/#breadcrumb\"},\"inLanguage\":\"hu\",\"potentialAction\":[{\"@type\":\"ReadAction\",\"target\":[\"https:\\\/\\\/dorogimedence.hu\\\/index.php\\\/2026\\\/09\\\/04\\\/a-kobanyaszok-elott-tisztelegtek-dorogon\\\/\"]}]},{\"@type\":\"ImageObject\",\"inLanguage\":\"hu\",\"@id\":\"https:\\\/\\\/dorogimedence.hu\\\/index.php\\\/2026\\\/09\\\/04\\\/a-kobanyaszok-elott-tisztelegtek-dorogon\\\/#primaryimage\",\"url\":\"https:\\\/\\\/dorogimedence.hu\\\/wp-content\\\/uploads\\\/2026\\\/09\\\/IMG_4521.jpg\",\"contentUrl\":\"https:\\\/\\\/dorogimedence.hu\\\/wp-content\\\/uploads\\\/2026\\\/09\\\/IMG_4521.jpg\",\"width\":1920,\"height\":1280},{\"@type\":\"BreadcrumbList\",\"@id\":\"https:\\\/\\\/dorogimedence.hu\\\/index.php\\\/2026\\\/09\\\/04\\\/a-kobanyaszok-elott-tisztelegtek-dorogon\\\/#breadcrumb\",\"itemListElement\":[{\"@type\":\"ListItem\",\"position\":1,\"name\":\"Kezd\u0151lap\",\"item\":\"https:\\\/\\\/dorogimedence.hu\\\/\"},{\"@type\":\"ListItem\",\"position\":2,\"name\":\"A k\u0151b\u00e1ny\u00e1szok el\u0151tt tisztelegtek Dorogon\"}]},{\"@type\":\"WebSite\",\"@id\":\"https:\\\/\\\/dorogimedence.hu\\\/#website\",\"url\":\"https:\\\/\\\/dorogimedence.hu\\\/\",\"name\":\"Dorogi-medence Region\u00e1lis H\u00edrport\u00e1l\",\"description\":\"Dorog, Keszt\u00f6lc, Le\u00e1nyv\u00e1r, Piliscs\u00e9v, Tokod, Tokodalt\u00e1r\u00f3, Csolnok, Esztergom-kertv\u00e1ros: h\u00edrek, programok\",\"publisher\":{\"@id\":\"https:\\\/\\\/dorogimedence.hu\\\/#organization\"},\"potentialAction\":[{\"@type\":\"SearchAction\",\"target\":{\"@type\":\"EntryPoint\",\"urlTemplate\":\"https:\\\/\\\/dorogimedence.hu\\\/?s={search_term_string}\"},\"query-input\":{\"@type\":\"PropertyValueSpecification\",\"valueRequired\":true,\"valueName\":\"search_term_string\"}}],\"inLanguage\":\"hu\"},{\"@type\":\"Organization\",\"@id\":\"https:\\\/\\\/dorogimedence.hu\\\/#organization\",\"name\":\"Dorogi-medence Region\u00e1lis H\u00edrport\u00e1l\",\"url\":\"https:\\\/\\\/dorogimedence.hu\\\/\",\"logo\":{\"@type\":\"ImageObject\",\"inLanguage\":\"hu\",\"@id\":\"https:\\\/\\\/dorogimedence.hu\\\/#\\\/schema\\\/logo\\\/image\\\/\",\"url\":\"https:\\\/\\\/dorogimedence.hu\\\/wp-content\\\/uploads\\\/2021\\\/04\\\/logo-feher-600.png\",\"contentUrl\":\"https:\\\/\\\/dorogimedence.hu\\\/wp-content\\\/uploads\\\/2021\\\/04\\\/logo-feher-600.png\",\"width\":600,\"height\":100,\"caption\":\"Dorogi-medence Region\u00e1lis H\u00edrport\u00e1l\"},\"image\":{\"@id\":\"https:\\\/\\\/dorogimedence.hu\\\/#\\\/schema\\\/logo\\\/image\\\/\"},\"sameAs\":[\"https:\\\/\\\/www.facebook.com\\\/dorogimedence\\\/\"]},{\"@type\":\"Person\",\"@id\":\"https:\\\/\\\/dorogimedence.hu\\\/#\\\/schema\\\/person\\\/ce6091eeb7e95ecdc87890d6aa8e0fd4\",\"name\":\"dorogimedence.hu\",\"image\":{\"@type\":\"ImageObject\",\"inLanguage\":\"hu\",\"@id\":\"\\\/\\\/www.gravatar.com\\\/avatar\\\/d8d45f8901aadff40a4af72c0b826f1d?s=96&#038;r=g&#038;d=mm\",\"url\":\"\\\/\\\/www.gravatar.com\\\/avatar\\\/d8d45f8901aadff40a4af72c0b826f1d?s=96&#038;r=g&#038;d=mm\",\"contentUrl\":\"\\\/\\\/www.gravatar.com\\\/avatar\\\/d8d45f8901aadff40a4af72c0b826f1d?s=96&#038;r=g&#038;d=mm\",\"caption\":\"dorogimedence.hu\"}}]}<\/script>\n<!-- \/ Yoast SEO plugin. -->","yoast_head_json":{"title":"A k\u0151b\u00e1ny\u00e1szok el\u0151tt tisztelegtek Dorogon","robots":{"index":"index","follow":"follow","max-snippet":"max-snippet:-1","max-image-preview":"max-image-preview:large","max-video-preview":"max-video-preview:-1"},"canonical":"https:\/\/dorogimedence.hu\/index.php\/2026\/09\/04\/a-kobanyaszok-elott-tisztelegtek-dorogon\/","og_locale":"hu_HU","og_type":"article","og_title":"A k\u0151b\u00e1ny\u00e1szok el\u0151tt tisztelegtek Dorogon","og_description":"A 76. B\u00e1ny\u00e1sznap alkalm\u00e1b\u00f3l szeptember 4-\u00e9n, p\u00e9nteken d\u00e9lut\u00e1n megeml\u00e9kez\u00e9st \u00e9s koszor\u00faz\u00e1st tartottak a dorogi Baumitn\u00e1l tal\u00e1lhat\u00f3 Nemzeti K\u0151b\u00e1ny\u00e1szati Eml\u00e9khelyn\u00e9l. Az \u00fcnneps\u00e9gen a 121 \u00e9ves dorogi k\u0151b\u00e1ny\u00e1szat \u00f6r\u00f6ks\u00e9ge mellett a j\u00f6v\u0151 kih\u00edv\u00e1sai is sz\u00f3ba ker\u00fcltek: a hagyom\u00e1nyok megtart\u00f3 erej\u00e9r\u0151l \u00e9s a t\u00e9rs\u00e9g v\u00edzk\u00e9szlet\u00e9nek lehets\u00e9ges hasznos\u00edt\u00e1s\u00e1r\u00f3l is besz\u00e9ltek a sz\u00f3nokok. A megeml\u00e9kez\u00e9s a B\u00e1ny\u00e1szhimnusz k\u00f6z\u00f6s el\u00e9nekl\u00e9s\u00e9vel kezd\u0151d\u00f6tt,","og_url":"https:\/\/dorogimedence.hu\/index.php\/2026\/09\/04\/a-kobanyaszok-elott-tisztelegtek-dorogon\/","og_site_name":"Dorogi-medence Region\u00e1lis H\u00edrport\u00e1l","article_publisher":"https:\/\/www.facebook.com\/dorogimedence\/","article_published_time":"2026-09-04T14:47:04+00:00","og_image":[{"width":1920,"height":1280,"url":"https:\/\/dorogimedence.hu\/wp-content\/uploads\/2026\/09\/IMG_4521.jpg","type":"image\/jpeg"}],"author":"dorogimedence.hu","twitter_card":"summary_large_image","twitter_misc":{"Szerz\u0151:":"dorogimedence.hu","Becs\u00fclt olvas\u00e1si id\u0151":"5 perc"},"schema":{"@context":"https:\/\/schema.org","@graph":[{"@type":"Article","@id":"https:\/\/dorogimedence.hu\/index.php\/2026\/09\/04\/a-kobanyaszok-elott-tisztelegtek-dorogon\/#article","isPartOf":{"@id":"https:\/\/dorogimedence.hu\/index.php\/2026\/09\/04\/a-kobanyaszok-elott-tisztelegtek-dorogon\/"},"author":{"name":"dorogimedence.hu","@id":"https:\/\/dorogimedence.hu\/#\/schema\/person\/ce6091eeb7e95ecdc87890d6aa8e0fd4"},"headline":"A k\u0151b\u00e1ny\u00e1szok el\u0151tt tisztelegtek Dorogon","datePublished":"2026-09-04T14:47:04+00:00","mainEntityOfPage":{"@id":"https:\/\/dorogimedence.hu\/index.php\/2026\/09\/04\/a-kobanyaszok-elott-tisztelegtek-dorogon\/"},"wordCount":1102,"publisher":{"@id":"https:\/\/dorogimedence.hu\/#organization"},"image":{"@id":"https:\/\/dorogimedence.hu\/index.php\/2026\/09\/04\/a-kobanyaszok-elott-tisztelegtek-dorogon\/#primaryimage"},"thumbnailUrl":"https:\/\/dorogimedence.hu\/wp-content\/uploads\/2026\/09\/IMG_4521.jpg","keywords":["B\u00e1ny\u00e1sznap","Dorog","featured","koszor\u00faz\u00e1s"],"articleSection":["Dorog","H\u00edrek"],"inLanguage":"hu"},{"@type":"WebPage","@id":"https:\/\/dorogimedence.hu\/index.php\/2026\/09\/04\/a-kobanyaszok-elott-tisztelegtek-dorogon\/","url":"https:\/\/dorogimedence.hu\/index.php\/2026\/09\/04\/a-kobanyaszok-elott-tisztelegtek-dorogon\/","name":"A k\u0151b\u00e1ny\u00e1szok el\u0151tt tisztelegtek Dorogon","isPartOf":{"@id":"https:\/\/dorogimedence.hu\/#website"},"primaryImageOfPage":{"@id":"https:\/\/dorogimedence.hu\/index.php\/2026\/09\/04\/a-kobanyaszok-elott-tisztelegtek-dorogon\/#primaryimage"},"image":{"@id":"https:\/\/dorogimedence.hu\/index.php\/2026\/09\/04\/a-kobanyaszok-elott-tisztelegtek-dorogon\/#primaryimage"},"thumbnailUrl":"https:\/\/dorogimedence.hu\/wp-content\/uploads\/2026\/09\/IMG_4521.jpg","datePublished":"2026-09-04T14:47:04+00:00","breadcrumb":{"@id":"https:\/\/dorogimedence.hu\/index.php\/2026\/09\/04\/a-kobanyaszok-elott-tisztelegtek-dorogon\/#breadcrumb"},"inLanguage":"hu","potentialAction":[{"@type":"ReadAction","target":["https:\/\/dorogimedence.hu\/index.php\/2026\/09\/04\/a-kobanyaszok-elott-tisztelegtek-dorogon\/"]}]},{"@type":"ImageObject","inLanguage":"hu","@id":"https:\/\/dorogimedence.hu\/index.php\/2026\/09\/04\/a-kobanyaszok-elott-tisztelegtek-dorogon\/#primaryimage","url":"https:\/\/dorogimedence.hu\/wp-content\/uploads\/2026\/09\/IMG_4521.jpg","contentUrl":"https:\/\/dorogimedence.hu\/wp-content\/uploads\/2026\/09\/IMG_4521.jpg","width":1920,"height":1280},{"@type":"BreadcrumbList","@id":"https:\/\/dorogimedence.hu\/index.php\/2026\/09\/04\/a-kobanyaszok-elott-tisztelegtek-dorogon\/#breadcrumb","itemListElement":[{"@type":"ListItem","position":1,"name":"Kezd\u0151lap","item":"https:\/\/dorogimedence.hu\/"},{"@type":"ListItem","position":2,"name":"A k\u0151b\u00e1ny\u00e1szok el\u0151tt tisztelegtek Dorogon"}]},{"@type":"WebSite","@id":"https:\/\/dorogimedence.hu\/#website","url":"https:\/\/dorogimedence.hu\/","name":"Dorogi-medence Region\u00e1lis H\u00edrport\u00e1l","description":"Dorog, Keszt\u00f6lc, Le\u00e1nyv\u00e1r, Piliscs\u00e9v, Tokod, Tokodalt\u00e1r\u00f3, Csolnok, Esztergom-kertv\u00e1ros: h\u00edrek, programok","publisher":{"@id":"https:\/\/dorogimedence.hu\/#organization"},"potentialAction":[{"@type":"SearchAction","target":{"@type":"EntryPoint","urlTemplate":"https:\/\/dorogimedence.hu\/?s={search_term_string}"},"query-input":{"@type":"PropertyValueSpecification","valueRequired":true,"valueName":"search_term_string"}}],"inLanguage":"hu"},{"@type":"Organization","@id":"https:\/\/dorogimedence.hu\/#organization","name":"Dorogi-medence Region\u00e1lis H\u00edrport\u00e1l","url":"https:\/\/dorogimedence.hu\/","logo":{"@type":"ImageObject","inLanguage":"hu","@id":"https:\/\/dorogimedence.hu\/#\/schema\/logo\/image\/","url":"https:\/\/dorogimedence.hu\/wp-content\/uploads\/2021\/04\/logo-feher-600.png","contentUrl":"https:\/\/dorogimedence.hu\/wp-content\/uploads\/2021\/04\/logo-feher-600.png","width":600,"height":100,"caption":"Dorogi-medence Region\u00e1lis H\u00edrport\u00e1l"},"image":{"@id":"https:\/\/dorogimedence.hu\/#\/schema\/logo\/image\/"},"sameAs":["https:\/\/www.facebook.com\/dorogimedence\/"]},{"@type":"Person","@id":"https:\/\/dorogimedence.hu\/#\/schema\/person\/ce6091eeb7e95ecdc87890d6aa8e0fd4","name":"dorogimedence.hu","image":{"@type":"ImageObject","inLanguage":"hu","@id":"\/\/www.gravatar.com\/avatar\/d8d45f8901aadff40a4af72c0b826f1d?s=96&#038;r=g&#038;d=mm","url":"\/\/www.gravatar.com\/avatar\/d8d45f8901aadff40a4af72c0b826f1d?s=96&#038;r=g&#038;d=mm","contentUrl":"\/\/www.gravatar.com\/avatar\/d8d45f8901aadff40a4af72c0b826f1d?s=96&#038;r=g&#038;d=mm","caption":"dorogimedence.hu"}}]}},"_links":{"self":[{"href":"https:\/\/dorogimedence.hu\/index.php\/wp-json\/wp\/v2\/posts\/83379","targetHints":{"allow":["GET"]}}],"collection":[{"href":"https:\/\/dorogimedence.hu\/index.php\/wp-json\/wp\/v2\/posts"}],"about":[{"href":"https:\/\/dorogimedence.hu\/index.php\/wp-json\/wp\/v2\/types\/post"}],"author":[{"embeddable":true,"href":"https:\/\/dorogimedence.hu\/index.php\/wp-json\/wp\/v2\/users\/1"}],"replies":[{"embeddable":true,"href":"https:\/\/dorogimedence.hu\/index.php\/wp-json\/wp\/v2\/comments?post=83379"}],"version-history":[{"count":1,"href":"https:\/\/dorogimedence.hu\/index.php\/wp-json\/wp\/v2\/posts\/83379\/revisions"}],"predecessor-version":[{"id":83386,"href":"https:\/\/dorogimedence.hu\/index.php\/wp-json\/wp\/v2\/posts\/83379\/revisions\/83386"}],"wp:featuredmedia":[{"embeddable":true,"href":"https:\/\/dorogimedence.hu\/index.php\/wp-json\/wp\/v2\/media\/83385"}],"wp:attachment":[{"href":"https:\/\/dorogimedence.hu\/index.php\/wp-json\/wp\/v2\/media?parent=83379"}],"wp:term":[{"taxonomy":"category","embeddable":true,"href":"https:\/\/dorogimedence.hu\/index.php\/wp-json\/wp\/v2\/categories?post=83379"},{"taxonomy":"post_tag","embeddable":true,"href":"https:\/\/dorogimedence.hu\/index.php\/wp-json\/wp\/v2\/tags?post=83379"}],"curies":[{"name":"wp","href":"https:\/\/api.w.org\/{rel}","templated":true}]}}