{"id":83373,"date":"2026-09-04T15:54:17","date_gmt":"2026-09-04T13:54:17","guid":{"rendered":"https:\/\/dorogimedence.hu\/?p=83373"},"modified":"2026-09-04T15:54:17","modified_gmt":"2026-09-04T13:54:17","slug":"koszoruzassal-kezdodott-a-76-banyasznap-dorogon","status":"publish","type":"post","link":"https:\/\/dorogimedence.hu\/index.php\/2026\/09\/04\/koszoruzassal-kezdodott-a-76-banyasznap-dorogon\/","title":{"rendered":"Koszor\u00faz\u00e1ssal kezd\u0151d\u00f6tt a 76. B\u00e1ny\u00e1sznap Dorogon"},"content":{"rendered":"<p><strong>Dr. Schmidt S\u00e1ndor b\u00e1nyam\u00e9rn\u00f6k szobr\u00e1nak megkoszor\u00faz\u00e1s\u00e1val vette kezdet\u00e9t a 76. B\u00e1ny\u00e1sznapi \u00fcnneps\u00e9g Dorogon szeptember 4-\u00e9n, p\u00e9nteken reggel. A Schmidt-villa kertj\u00e9ben tartott megeml\u00e9kez\u00e9sen az \u00fcnnep \u00faj helysz\u00edn\u00e9r\u0151l, a b\u00e1ny\u00e1szati \u00f6r\u00f6ks\u00e9g meg\u0151rz\u00e9s\u00e9r\u0151l \u00e9s a t\u00e9rs\u00e9g karsztv\u00edzk\u00e9szlet\u00e9nek lehets\u00e9ges hasznos\u00edt\u00e1s\u00e1r\u00f3l is sz\u00f3 esett.<\/strong><\/p>\n<p>A rendezv\u00e9ny dr. Tittmann J\u00e1nos polg\u00e1rmester besz\u00e9d\u00e9vel kezd\u0151d\u00f6tt \u2013 sz\u00e1molt be r\u00f3la Dorog V\u00e1ros \u00d6nkorm\u00e1nyzata a Facebook-oldal\u00e1n. A v\u00e1rosvezet\u0151 kiemelte: az idei az els\u0151 B\u00e1ny\u00e1sznap, amelynek a Hantken Miksa park ad otthont, miut\u00e1n ide helyezt\u00e9k \u00e1t az Otthon t\u00e9rr\u0151l a dorogi b\u00e1ny\u00e1szat \u00e9s a b\u00e1nyakatasztr\u00f3f\u00e1k \u00e1ldozatainak eml\u00e9km\u0171v\u00e9t.<\/p>\n<p><img fetchpriority=\"high\" decoding=\"async\" class=\"alignnone size-full wp-image-83374\" src=\"https:\/\/dorogimedence.hu\/wp-content\/uploads\/2026\/09\/794328109_2388984405113962_2769253930074661837_n.jpg\" alt=\"\" width=\"2048\" height=\"1365\" srcset=\"https:\/\/dorogimedence.hu\/wp-content\/uploads\/2026\/09\/794328109_2388984405113962_2769253930074661837_n.jpg 2048w, https:\/\/dorogimedence.hu\/wp-content\/uploads\/2026\/09\/794328109_2388984405113962_2769253930074661837_n-600x400.jpg 600w, https:\/\/dorogimedence.hu\/wp-content\/uploads\/2026\/09\/794328109_2388984405113962_2769253930074661837_n-1920x1280.jpg 1920w, https:\/\/dorogimedence.hu\/wp-content\/uploads\/2026\/09\/794328109_2388984405113962_2769253930074661837_n-768x512.jpg 768w, https:\/\/dorogimedence.hu\/wp-content\/uploads\/2026\/09\/794328109_2388984405113962_2769253930074661837_n-1536x1024.jpg 1536w, https:\/\/dorogimedence.hu\/wp-content\/uploads\/2026\/09\/794328109_2388984405113962_2769253930074661837_n-150x100.jpg 150w, https:\/\/dorogimedence.hu\/wp-content\/uploads\/2026\/09\/794328109_2388984405113962_2769253930074661837_n-450x300.jpg 450w, https:\/\/dorogimedence.hu\/wp-content\/uploads\/2026\/09\/794328109_2388984405113962_2769253930074661837_n-1200x800.jpg 1200w, https:\/\/dorogimedence.hu\/wp-content\/uploads\/2026\/09\/794328109_2388984405113962_2769253930074661837_n-272x182.jpg 272w\" sizes=\"(max-width: 2048px) 100vw, 2048px\" \/><\/p>\n<p>A polg\u00e1rmester megk\u00f6sz\u00f6nte az Orsz\u00e1gos Magyar B\u00e1ny\u00e1szati \u00e9s Koh\u00e1szati Egyes\u00fclet (OMBKE), valamint a Dorogi Sz\u00e9nmedence Kult\u00far\u00e1j\u00e1\u00e9rt Alap\u00edtv\u00e1ny tagjainak t\u00e1mogat\u00e1s\u00e1t. Mint elmondta, az eml\u00e9km\u0171 \u00edgy egy nagyobb figyelmet kap\u00f3 helysz\u00ednre ker\u00fclt. A Reimann-alt\u00e1r\u00f3, a Reimann B\u00e1ny\u00e1szatt\u00f6rt\u00e9neti Miniverzum, a Hantken Miksa park, a B\u00e1nyaf\u00fcrd\u0151, az Int\u00e9zm\u00e9nyek H\u00e1za \u00e9s a Pihen\u0151 b\u00e1ny\u00e1sz szobor egy\u00fctt olyan egys\u00e9ges v\u00e1rosr\u00e9szt alkot, amely m\u00e9lt\u00f3 m\u00f3don k\u00e9pviseli Dorog \u00e9s a t\u00e9rs\u00e9g b\u00e1ny\u00e1szati \u00f6r\u00f6ks\u00e9g\u00e9t.<\/p>\n<p>A megeml\u00e9kez\u00e9sre Petrozs\u00e9nyb\u0151l is \u00e9rkezett b\u00e1ny\u00e1szdeleg\u00e1ci\u00f3. Tittmann J\u00e1nos n\u00e9v szerint k\u00f6sz\u00f6nt\u00f6tte a vend\u00e9geket, majd r\u00f6viden felid\u00e9zte a dorogi \u00e9s a petrozs\u00e9nyi b\u00e1ny\u00e1szok kapcsolat\u00e1t. Kit\u00e9rt arra is, hogy Petrozs\u00e9nyben ma is folyik b\u00e1ny\u00e1szat, \u00edgy az ottani szakszervezet tev\u00e9kenys\u00e9g\u00e9t tov\u00e1bbra is az akt\u00edv b\u00e1ny\u00e1sz\u00e9let hat\u00e1rozza meg.<\/p>\n<p><img decoding=\"async\" class=\"alignnone size-full wp-image-83377\" src=\"https:\/\/dorogimedence.hu\/wp-content\/uploads\/2026\/09\/791388855_1379878710400107_1091402916213109740_n.jpg\" alt=\"\" width=\"2048\" height=\"1365\" srcset=\"https:\/\/dorogimedence.hu\/wp-content\/uploads\/2026\/09\/791388855_1379878710400107_1091402916213109740_n.jpg 2048w, https:\/\/dorogimedence.hu\/wp-content\/uploads\/2026\/09\/791388855_1379878710400107_1091402916213109740_n-600x400.jpg 600w, https:\/\/dorogimedence.hu\/wp-content\/uploads\/2026\/09\/791388855_1379878710400107_1091402916213109740_n-1920x1280.jpg 1920w, https:\/\/dorogimedence.hu\/wp-content\/uploads\/2026\/09\/791388855_1379878710400107_1091402916213109740_n-768x512.jpg 768w, https:\/\/dorogimedence.hu\/wp-content\/uploads\/2026\/09\/791388855_1379878710400107_1091402916213109740_n-1536x1024.jpg 1536w, https:\/\/dorogimedence.hu\/wp-content\/uploads\/2026\/09\/791388855_1379878710400107_1091402916213109740_n-150x100.jpg 150w, https:\/\/dorogimedence.hu\/wp-content\/uploads\/2026\/09\/791388855_1379878710400107_1091402916213109740_n-450x300.jpg 450w, https:\/\/dorogimedence.hu\/wp-content\/uploads\/2026\/09\/791388855_1379878710400107_1091402916213109740_n-1200x800.jpg 1200w, https:\/\/dorogimedence.hu\/wp-content\/uploads\/2026\/09\/791388855_1379878710400107_1091402916213109740_n-272x182.jpg 272w\" sizes=\"(max-width: 2048px) 100vw, 2048px\" \/><\/p>\n<p>Besz\u00e9d\u00e9nek v\u00e9g\u00e9n a polg\u00e1rmester az idei asz\u00e1ly kapcs\u00e1n a v\u00edzgazd\u00e1lkod\u00e1s k\u00e9rd\u00e9s\u00e9r\u0151l besz\u00e9lt. Felid\u00e9zte: egykor a dorogi b\u00e1ny\u00e1k egyik legnagyobb probl\u00e9m\u00e1j\u00e1t a v\u00edzbet\u00f6r\u00e9sek jelentett\u00e9k, az akt\u00edv b\u00e1ny\u00e1szat idej\u00e9n pedig a k\u00f6rny\u00e9k patakjaiba a b\u00e1ny\u00e1kb\u00f3l kiemelt v\u00edz ker\u00fclt.<\/p>\n<p>A dun\u00e1nt\u00fali karsztv\u00edzk\u00e9szlet hozz\u00e1f\u00e9rhet\u0151s\u00e9g\u00e9nek \u00e9s felhaszn\u00e1lhat\u00f3s\u00e1g\u00e1nak vizsg\u00e1lata \u00e9rdek\u00e9ben a v\u00e1rosvezet\u0151 az egykori sz\u00e9nmedence telep\u00fcl\u00e9seinek nev\u00e9ben dr. Baranya S\u00e1ndorhoz, a BME V\u00edz\u00e9p\u00edt\u00e9si \u00e9s V\u00edzgazd\u00e1lkod\u00e1si Tansz\u00e9k\u00e9nek vezet\u0151 docens\u00e9hez fordult. Arra keresi a v\u00e1laszt, hogy indokolt-e a k\u00e9rd\u00e9s tudom\u00e1nyos vizsg\u00e1lata, valamint felvetette egy, a t\u00e9rs\u00e9g telep\u00fcl\u00e9seinek k\u00f6z\u00f6s megb\u00edz\u00e1s\u00e1b\u00f3l k\u00e9sz\u00fcl\u0151 tanulm\u00e1ny lehet\u0151s\u00e9g\u00e9t.<\/p>\n<p>A besz\u00e9det koszor\u00faz\u00e1s k\u00f6vette. Kom\u00e1rom-Esztergom V\u00e1rmegye K\u00f6zgy\u0171l\u00e9s\u00e9nek nev\u00e9ben dr. Szerencs\u00e9s Gergely Istv\u00e1n aleln\u00f6k, Dorog k\u00e9pviselet\u00e9ben pedig dr. Tittmann J\u00e1nos polg\u00e1rmester, valamint Nagy Attila \u00e9s J\u00e1szber\u00e9nyi K\u00e1roly alpolg\u00e1rmesterek helyezt\u00e9k el az eml\u00e9kez\u00e9s vir\u00e1gait.<\/p>\n<p><img decoding=\"async\" class=\"alignnone size-full wp-image-83376\" src=\"https:\/\/dorogimedence.hu\/wp-content\/uploads\/2026\/09\/794228752_1074186605106521_7330336842620240464_n.jpg\" alt=\"\" width=\"2048\" height=\"1365\" srcset=\"https:\/\/dorogimedence.hu\/wp-content\/uploads\/2026\/09\/794228752_1074186605106521_7330336842620240464_n.jpg 2048w, https:\/\/dorogimedence.hu\/wp-content\/uploads\/2026\/09\/794228752_1074186605106521_7330336842620240464_n-600x400.jpg 600w, https:\/\/dorogimedence.hu\/wp-content\/uploads\/2026\/09\/794228752_1074186605106521_7330336842620240464_n-1920x1280.jpg 1920w, https:\/\/dorogimedence.hu\/wp-content\/uploads\/2026\/09\/794228752_1074186605106521_7330336842620240464_n-768x512.jpg 768w, https:\/\/dorogimedence.hu\/wp-content\/uploads\/2026\/09\/794228752_1074186605106521_7330336842620240464_n-1536x1024.jpg 1536w, https:\/\/dorogimedence.hu\/wp-content\/uploads\/2026\/09\/794228752_1074186605106521_7330336842620240464_n-150x100.jpg 150w, https:\/\/dorogimedence.hu\/wp-content\/uploads\/2026\/09\/794228752_1074186605106521_7330336842620240464_n-450x300.jpg 450w, https:\/\/dorogimedence.hu\/wp-content\/uploads\/2026\/09\/794228752_1074186605106521_7330336842620240464_n-1200x800.jpg 1200w, https:\/\/dorogimedence.hu\/wp-content\/uploads\/2026\/09\/794228752_1074186605106521_7330336842620240464_n-272x182.jpg 272w\" sizes=\"(max-width: 2048px) 100vw, 2048px\" \/><\/p>\n<p>A Dorogi Sz\u00e9nmedence Kult\u00far\u00e1j\u00e1\u00e9rt Alap\u00edtv\u00e1ny r\u00e9sz\u00e9r\u0151l B\u00e1nhidi J\u00f3zsef, az OMBKE Dorogi Szervezet\u00e9nek k\u00e9pviselet\u00e9ben F\u00fcl\u00f6p Zita Gabriella eln\u00f6k koszor\u00fazott. Az OMBKE Tatab\u00e1nyai Szervezet\u00e9t Pint\u00e9r Marcsi \u00e9s Izing Ferenc k\u00e9pviselte. A Zsil-v\u00f6lgyi b\u00e1ny\u00e1szok nev\u00e9ben Benedekfi D\u00e1vid, Szin \u00c1lin, Dr\u00e1gomir Konszt\u00e1ntin, V\u00e9zur\u00e9 Dorin, Nagy Attila Zolt\u00e1n, Tak\u00e1cs Albert \u00e9s S\u00f3falvi R\u00f3bert r\u00f3tta le tisztelet\u00e9t.<\/p>\n<p>Az \u00c9DV Zrt. nev\u00e9ben Koll\u00e1r J\u00f3zsef vez\u00e9rigazgat\u00f3, Ris\u00f3czki Istv\u00e1n m\u0171szaki igazgat\u00f3 \u00e9s Kov\u00e1cs S\u00e1ndor gazdas\u00e1gi igazgat\u00f3 helyezett el koszor\u00fat. A t\u00e1rsas\u00e1g V\u00edztermel\u0151 B\u00e1nya\u00fczem\u00e9t Kis Gerg\u0151 b\u00e1nya\u00fczemvezet\u0151 \u00e9s P\u00e1link\u00e1s Zolt\u00e1n \u00e1gazatvezet\u0151, az \u00c9DV B\u00e1ny\u00e1sz Szakszervezet\u00e9t Csibi Gyula Botond k\u00e9pviselte.<\/p>\n<p>A megeml\u00e9kez\u00e9s a B\u00e1ny\u00e1szhimnusz k\u00f6z\u00f6s el\u00e9nekl\u00e9s\u00e9vel z\u00e1rult.<\/p>\n<p><em>Forr\u00e1s: Dorog V\u00e1ros \u00d6nkorm\u00e1nyzat\u00e1nak Facebook-oldala<\/em><\/p>\n","protected":false},"excerpt":{"rendered":"<p>Dr. Schmidt S\u00e1ndor b\u00e1nyam\u00e9rn\u00f6k szobr\u00e1nak megkoszor\u00faz\u00e1s\u00e1val vette kezdet\u00e9t a 76. B\u00e1ny\u00e1sznapi \u00fcnneps\u00e9g Dorogon szeptember 4-\u00e9n, p\u00e9nteken reggel. A Schmidt-villa kertj\u00e9ben tartott megeml\u00e9kez\u00e9sen az \u00fcnnep \u00faj helysz\u00edn\u00e9r\u0151l, a b\u00e1ny\u00e1szati \u00f6r\u00f6ks\u00e9g meg\u0151rz\u00e9s\u00e9r\u0151l \u00e9s a t\u00e9rs\u00e9g karsztv\u00edzk\u00e9szlet\u00e9nek lehets\u00e9ges hasznos\u00edt\u00e1s\u00e1r\u00f3l is sz\u00f3 esett. A rendezv\u00e9ny dr. Tittmann J\u00e1nos polg\u00e1rmester besz\u00e9d\u00e9vel kezd\u0151d\u00f6tt \u2013 sz\u00e1molt be r\u00f3la Dorog V\u00e1ros \u00d6nkorm\u00e1nyzata a<\/p>\n","protected":false},"author":1,"featured_media":83375,"comment_status":"closed","ping_status":"closed","sticky":false,"template":"","format":"standard","meta":{"ngg_post_thumbnail":0,"footnotes":""},"categories":[2,3],"tags":[1242,15,5624,1055,3119],"class_list":["post-83373","post","type-post","status-publish","format-standard","has-post-thumbnail","category-dorog","category-hirek","tag-banyasznap","tag-dorog","tag-featured","tag-koszoruzas","tag-schmidt-sandor"],"yoast_head":"<!-- This site is optimized with the Yoast SEO plugin v28.3 - https:\/\/yoast.com\/product\/yoast-seo-wordpress\/ -->\n<title>Koszor\u00faz\u00e1ssal kezd\u0151d\u00f6tt a 76. B\u00e1ny\u00e1sznap Dorogon<\/title>\n<meta name=\"robots\" content=\"index, follow, max-snippet:-1, max-image-preview:large, max-video-preview:-1\" \/>\n<link rel=\"canonical\" href=\"https:\/\/dorogimedence.hu\/index.php\/2026\/09\/04\/koszoruzassal-kezdodott-a-76-banyasznap-dorogon\/\" class=\"yoast-seo-meta-tag\" \/>\n<meta property=\"og:locale\" content=\"hu_HU\" class=\"yoast-seo-meta-tag\" \/>\n<meta property=\"og:type\" content=\"article\" class=\"yoast-seo-meta-tag\" \/>\n<meta property=\"og:title\" content=\"Koszor\u00faz\u00e1ssal kezd\u0151d\u00f6tt a 76. B\u00e1ny\u00e1sznap Dorogon\" class=\"yoast-seo-meta-tag\" \/>\n<meta property=\"og:description\" content=\"Dr. Schmidt S\u00e1ndor b\u00e1nyam\u00e9rn\u00f6k szobr\u00e1nak megkoszor\u00faz\u00e1s\u00e1val vette kezdet\u00e9t a 76. B\u00e1ny\u00e1sznapi \u00fcnneps\u00e9g Dorogon szeptember 4-\u00e9n, p\u00e9nteken reggel. A Schmidt-villa kertj\u00e9ben tartott megeml\u00e9kez\u00e9sen az \u00fcnnep \u00faj helysz\u00edn\u00e9r\u0151l, a b\u00e1ny\u00e1szati \u00f6r\u00f6ks\u00e9g meg\u0151rz\u00e9s\u00e9r\u0151l \u00e9s a t\u00e9rs\u00e9g karsztv\u00edzk\u00e9szlet\u00e9nek lehets\u00e9ges hasznos\u00edt\u00e1s\u00e1r\u00f3l is sz\u00f3 esett. A rendezv\u00e9ny dr. Tittmann J\u00e1nos polg\u00e1rmester besz\u00e9d\u00e9vel kezd\u0151d\u00f6tt \u2013 sz\u00e1molt be r\u00f3la Dorog V\u00e1ros \u00d6nkorm\u00e1nyzata a\" class=\"yoast-seo-meta-tag\" \/>\n<meta property=\"og:url\" content=\"https:\/\/dorogimedence.hu\/index.php\/2026\/09\/04\/koszoruzassal-kezdodott-a-76-banyasznap-dorogon\/\" class=\"yoast-seo-meta-tag\" \/>\n<meta property=\"og:site_name\" content=\"Dorogi-medence Region\u00e1lis H\u00edrport\u00e1l\" class=\"yoast-seo-meta-tag\" \/>\n<meta property=\"article:publisher\" content=\"https:\/\/www.facebook.com\/dorogimedence\/\" class=\"yoast-seo-meta-tag\" \/>\n<meta property=\"article:published_time\" content=\"2026-09-04T13:54:17+00:00\" class=\"yoast-seo-meta-tag\" \/>\n<meta property=\"og:image\" content=\"https:\/\/dorogimedence.hu\/wp-content\/uploads\/2026\/09\/borito.jpg\" class=\"yoast-seo-meta-tag\" \/>\n\t<meta property=\"og:image:width\" content=\"2048\" class=\"yoast-seo-meta-tag\" \/>\n\t<meta property=\"og:image:height\" content=\"1100\" class=\"yoast-seo-meta-tag\" \/>\n\t<meta property=\"og:image:type\" content=\"image\/jpeg\" class=\"yoast-seo-meta-tag\" \/>\n<meta name=\"author\" content=\"dorogimedence.hu\" class=\"yoast-seo-meta-tag\" \/>\n<meta name=\"twitter:card\" content=\"summary_large_image\" class=\"yoast-seo-meta-tag\" \/>\n<meta name=\"twitter:label1\" content=\"Szerz\u0151:\" class=\"yoast-seo-meta-tag\" \/>\n\t<meta name=\"twitter:data1\" content=\"dorogimedence.hu\" class=\"yoast-seo-meta-tag\" \/>\n\t<meta name=\"twitter:label2\" content=\"Becs\u00fclt olvas\u00e1si id\u0151\" class=\"yoast-seo-meta-tag\" \/>\n\t<meta name=\"twitter:data2\" content=\"4 perc\" class=\"yoast-seo-meta-tag\" \/>\n<script type=\"application\/ld+json\" class=\"yoast-schema-graph\">{\"@context\":\"https:\\\/\\\/schema.org\",\"@graph\":[{\"@type\":\"Article\",\"@id\":\"https:\\\/\\\/dorogimedence.hu\\\/index.php\\\/2026\\\/09\\\/04\\\/koszoruzassal-kezdodott-a-76-banyasznap-dorogon\\\/#article\",\"isPartOf\":{\"@id\":\"https:\\\/\\\/dorogimedence.hu\\\/index.php\\\/2026\\\/09\\\/04\\\/koszoruzassal-kezdodott-a-76-banyasznap-dorogon\\\/\"},\"author\":{\"name\":\"dorogimedence.hu\",\"@id\":\"https:\\\/\\\/dorogimedence.hu\\\/#\\\/schema\\\/person\\\/ce6091eeb7e95ecdc87890d6aa8e0fd4\"},\"headline\":\"Koszor\u00faz\u00e1ssal kezd\u0151d\u00f6tt a 76. B\u00e1ny\u00e1sznap Dorogon\",\"datePublished\":\"2026-09-04T13:54:17+00:00\",\"mainEntityOfPage\":{\"@id\":\"https:\\\/\\\/dorogimedence.hu\\\/index.php\\\/2026\\\/09\\\/04\\\/koszoruzassal-kezdodott-a-76-banyasznap-dorogon\\\/\"},\"wordCount\":754,\"publisher\":{\"@id\":\"https:\\\/\\\/dorogimedence.hu\\\/#organization\"},\"image\":{\"@id\":\"https:\\\/\\\/dorogimedence.hu\\\/index.php\\\/2026\\\/09\\\/04\\\/koszoruzassal-kezdodott-a-76-banyasznap-dorogon\\\/#primaryimage\"},\"thumbnailUrl\":\"https:\\\/\\\/dorogimedence.hu\\\/wp-content\\\/uploads\\\/2026\\\/09\\\/borito.jpg\",\"keywords\":[\"B\u00e1ny\u00e1sznap\",\"Dorog\",\"featured\",\"koszor\u00faz\u00e1s\",\"Schmidt S\u00e1ndor\"],\"articleSection\":[\"Dorog\",\"H\u00edrek\"],\"inLanguage\":\"hu\"},{\"@type\":\"WebPage\",\"@id\":\"https:\\\/\\\/dorogimedence.hu\\\/index.php\\\/2026\\\/09\\\/04\\\/koszoruzassal-kezdodott-a-76-banyasznap-dorogon\\\/\",\"url\":\"https:\\\/\\\/dorogimedence.hu\\\/index.php\\\/2026\\\/09\\\/04\\\/koszoruzassal-kezdodott-a-76-banyasznap-dorogon\\\/\",\"name\":\"Koszor\u00faz\u00e1ssal kezd\u0151d\u00f6tt a 76. B\u00e1ny\u00e1sznap Dorogon\",\"isPartOf\":{\"@id\":\"https:\\\/\\\/dorogimedence.hu\\\/#website\"},\"primaryImageOfPage\":{\"@id\":\"https:\\\/\\\/dorogimedence.hu\\\/index.php\\\/2026\\\/09\\\/04\\\/koszoruzassal-kezdodott-a-76-banyasznap-dorogon\\\/#primaryimage\"},\"image\":{\"@id\":\"https:\\\/\\\/dorogimedence.hu\\\/index.php\\\/2026\\\/09\\\/04\\\/koszoruzassal-kezdodott-a-76-banyasznap-dorogon\\\/#primaryimage\"},\"thumbnailUrl\":\"https:\\\/\\\/dorogimedence.hu\\\/wp-content\\\/uploads\\\/2026\\\/09\\\/borito.jpg\",\"datePublished\":\"2026-09-04T13:54:17+00:00\",\"breadcrumb\":{\"@id\":\"https:\\\/\\\/dorogimedence.hu\\\/index.php\\\/2026\\\/09\\\/04\\\/koszoruzassal-kezdodott-a-76-banyasznap-dorogon\\\/#breadcrumb\"},\"inLanguage\":\"hu\",\"potentialAction\":[{\"@type\":\"ReadAction\",\"target\":[\"https:\\\/\\\/dorogimedence.hu\\\/index.php\\\/2026\\\/09\\\/04\\\/koszoruzassal-kezdodott-a-76-banyasznap-dorogon\\\/\"]}]},{\"@type\":\"ImageObject\",\"inLanguage\":\"hu\",\"@id\":\"https:\\\/\\\/dorogimedence.hu\\\/index.php\\\/2026\\\/09\\\/04\\\/koszoruzassal-kezdodott-a-76-banyasznap-dorogon\\\/#primaryimage\",\"url\":\"https:\\\/\\\/dorogimedence.hu\\\/wp-content\\\/uploads\\\/2026\\\/09\\\/borito.jpg\",\"contentUrl\":\"https:\\\/\\\/dorogimedence.hu\\\/wp-content\\\/uploads\\\/2026\\\/09\\\/borito.jpg\",\"width\":2048,\"height\":1100},{\"@type\":\"BreadcrumbList\",\"@id\":\"https:\\\/\\\/dorogimedence.hu\\\/index.php\\\/2026\\\/09\\\/04\\\/koszoruzassal-kezdodott-a-76-banyasznap-dorogon\\\/#breadcrumb\",\"itemListElement\":[{\"@type\":\"ListItem\",\"position\":1,\"name\":\"Kezd\u0151lap\",\"item\":\"https:\\\/\\\/dorogimedence.hu\\\/\"},{\"@type\":\"ListItem\",\"position\":2,\"name\":\"Koszor\u00faz\u00e1ssal kezd\u0151d\u00f6tt a 76. B\u00e1ny\u00e1sznap Dorogon\"}]},{\"@type\":\"WebSite\",\"@id\":\"https:\\\/\\\/dorogimedence.hu\\\/#website\",\"url\":\"https:\\\/\\\/dorogimedence.hu\\\/\",\"name\":\"Dorogi-medence Region\u00e1lis H\u00edrport\u00e1l\",\"description\":\"Dorog, Keszt\u00f6lc, Le\u00e1nyv\u00e1r, Piliscs\u00e9v, Tokod, Tokodalt\u00e1r\u00f3, Csolnok, Esztergom-kertv\u00e1ros: h\u00edrek, programok\",\"publisher\":{\"@id\":\"https:\\\/\\\/dorogimedence.hu\\\/#organization\"},\"potentialAction\":[{\"@type\":\"SearchAction\",\"target\":{\"@type\":\"EntryPoint\",\"urlTemplate\":\"https:\\\/\\\/dorogimedence.hu\\\/?s={search_term_string}\"},\"query-input\":{\"@type\":\"PropertyValueSpecification\",\"valueRequired\":true,\"valueName\":\"search_term_string\"}}],\"inLanguage\":\"hu\"},{\"@type\":\"Organization\",\"@id\":\"https:\\\/\\\/dorogimedence.hu\\\/#organization\",\"name\":\"Dorogi-medence Region\u00e1lis H\u00edrport\u00e1l\",\"url\":\"https:\\\/\\\/dorogimedence.hu\\\/\",\"logo\":{\"@type\":\"ImageObject\",\"inLanguage\":\"hu\",\"@id\":\"https:\\\/\\\/dorogimedence.hu\\\/#\\\/schema\\\/logo\\\/image\\\/\",\"url\":\"https:\\\/\\\/dorogimedence.hu\\\/wp-content\\\/uploads\\\/2021\\\/04\\\/logo-feher-600.png\",\"contentUrl\":\"https:\\\/\\\/dorogimedence.hu\\\/wp-content\\\/uploads\\\/2021\\\/04\\\/logo-feher-600.png\",\"width\":600,\"height\":100,\"caption\":\"Dorogi-medence Region\u00e1lis H\u00edrport\u00e1l\"},\"image\":{\"@id\":\"https:\\\/\\\/dorogimedence.hu\\\/#\\\/schema\\\/logo\\\/image\\\/\"},\"sameAs\":[\"https:\\\/\\\/www.facebook.com\\\/dorogimedence\\\/\"]},{\"@type\":\"Person\",\"@id\":\"https:\\\/\\\/dorogimedence.hu\\\/#\\\/schema\\\/person\\\/ce6091eeb7e95ecdc87890d6aa8e0fd4\",\"name\":\"dorogimedence.hu\",\"image\":{\"@type\":\"ImageObject\",\"inLanguage\":\"hu\",\"@id\":\"\\\/\\\/www.gravatar.com\\\/avatar\\\/d8d45f8901aadff40a4af72c0b826f1d?s=96&#038;r=g&#038;d=mm\",\"url\":\"\\\/\\\/www.gravatar.com\\\/avatar\\\/d8d45f8901aadff40a4af72c0b826f1d?s=96&#038;r=g&#038;d=mm\",\"contentUrl\":\"\\\/\\\/www.gravatar.com\\\/avatar\\\/d8d45f8901aadff40a4af72c0b826f1d?s=96&#038;r=g&#038;d=mm\",\"caption\":\"dorogimedence.hu\"}}]}<\/script>\n<!-- \/ Yoast SEO plugin. -->","yoast_head_json":{"title":"Koszor\u00faz\u00e1ssal kezd\u0151d\u00f6tt a 76. B\u00e1ny\u00e1sznap Dorogon","robots":{"index":"index","follow":"follow","max-snippet":"max-snippet:-1","max-image-preview":"max-image-preview:large","max-video-preview":"max-video-preview:-1"},"canonical":"https:\/\/dorogimedence.hu\/index.php\/2026\/09\/04\/koszoruzassal-kezdodott-a-76-banyasznap-dorogon\/","og_locale":"hu_HU","og_type":"article","og_title":"Koszor\u00faz\u00e1ssal kezd\u0151d\u00f6tt a 76. B\u00e1ny\u00e1sznap Dorogon","og_description":"Dr. Schmidt S\u00e1ndor b\u00e1nyam\u00e9rn\u00f6k szobr\u00e1nak megkoszor\u00faz\u00e1s\u00e1val vette kezdet\u00e9t a 76. B\u00e1ny\u00e1sznapi \u00fcnneps\u00e9g Dorogon szeptember 4-\u00e9n, p\u00e9nteken reggel. A Schmidt-villa kertj\u00e9ben tartott megeml\u00e9kez\u00e9sen az \u00fcnnep \u00faj helysz\u00edn\u00e9r\u0151l, a b\u00e1ny\u00e1szati \u00f6r\u00f6ks\u00e9g meg\u0151rz\u00e9s\u00e9r\u0151l \u00e9s a t\u00e9rs\u00e9g karsztv\u00edzk\u00e9szlet\u00e9nek lehets\u00e9ges hasznos\u00edt\u00e1s\u00e1r\u00f3l is sz\u00f3 esett. A rendezv\u00e9ny dr. Tittmann J\u00e1nos polg\u00e1rmester besz\u00e9d\u00e9vel kezd\u0151d\u00f6tt \u2013 sz\u00e1molt be r\u00f3la Dorog V\u00e1ros \u00d6nkorm\u00e1nyzata a","og_url":"https:\/\/dorogimedence.hu\/index.php\/2026\/09\/04\/koszoruzassal-kezdodott-a-76-banyasznap-dorogon\/","og_site_name":"Dorogi-medence Region\u00e1lis H\u00edrport\u00e1l","article_publisher":"https:\/\/www.facebook.com\/dorogimedence\/","article_published_time":"2026-09-04T13:54:17+00:00","og_image":[{"width":2048,"height":1100,"url":"https:\/\/dorogimedence.hu\/wp-content\/uploads\/2026\/09\/borito.jpg","type":"image\/jpeg"}],"author":"dorogimedence.hu","twitter_card":"summary_large_image","twitter_misc":{"Szerz\u0151:":"dorogimedence.hu","Becs\u00fclt olvas\u00e1si id\u0151":"4 perc"},"schema":{"@context":"https:\/\/schema.org","@graph":[{"@type":"Article","@id":"https:\/\/dorogimedence.hu\/index.php\/2026\/09\/04\/koszoruzassal-kezdodott-a-76-banyasznap-dorogon\/#article","isPartOf":{"@id":"https:\/\/dorogimedence.hu\/index.php\/2026\/09\/04\/koszoruzassal-kezdodott-a-76-banyasznap-dorogon\/"},"author":{"name":"dorogimedence.hu","@id":"https:\/\/dorogimedence.hu\/#\/schema\/person\/ce6091eeb7e95ecdc87890d6aa8e0fd4"},"headline":"Koszor\u00faz\u00e1ssal kezd\u0151d\u00f6tt a 76. B\u00e1ny\u00e1sznap Dorogon","datePublished":"2026-09-04T13:54:17+00:00","mainEntityOfPage":{"@id":"https:\/\/dorogimedence.hu\/index.php\/2026\/09\/04\/koszoruzassal-kezdodott-a-76-banyasznap-dorogon\/"},"wordCount":754,"publisher":{"@id":"https:\/\/dorogimedence.hu\/#organization"},"image":{"@id":"https:\/\/dorogimedence.hu\/index.php\/2026\/09\/04\/koszoruzassal-kezdodott-a-76-banyasznap-dorogon\/#primaryimage"},"thumbnailUrl":"https:\/\/dorogimedence.hu\/wp-content\/uploads\/2026\/09\/borito.jpg","keywords":["B\u00e1ny\u00e1sznap","Dorog","featured","koszor\u00faz\u00e1s","Schmidt S\u00e1ndor"],"articleSection":["Dorog","H\u00edrek"],"inLanguage":"hu"},{"@type":"WebPage","@id":"https:\/\/dorogimedence.hu\/index.php\/2026\/09\/04\/koszoruzassal-kezdodott-a-76-banyasznap-dorogon\/","url":"https:\/\/dorogimedence.hu\/index.php\/2026\/09\/04\/koszoruzassal-kezdodott-a-76-banyasznap-dorogon\/","name":"Koszor\u00faz\u00e1ssal kezd\u0151d\u00f6tt a 76. B\u00e1ny\u00e1sznap Dorogon","isPartOf":{"@id":"https:\/\/dorogimedence.hu\/#website"},"primaryImageOfPage":{"@id":"https:\/\/dorogimedence.hu\/index.php\/2026\/09\/04\/koszoruzassal-kezdodott-a-76-banyasznap-dorogon\/#primaryimage"},"image":{"@id":"https:\/\/dorogimedence.hu\/index.php\/2026\/09\/04\/koszoruzassal-kezdodott-a-76-banyasznap-dorogon\/#primaryimage"},"thumbnailUrl":"https:\/\/dorogimedence.hu\/wp-content\/uploads\/2026\/09\/borito.jpg","datePublished":"2026-09-04T13:54:17+00:00","breadcrumb":{"@id":"https:\/\/dorogimedence.hu\/index.php\/2026\/09\/04\/koszoruzassal-kezdodott-a-76-banyasznap-dorogon\/#breadcrumb"},"inLanguage":"hu","potentialAction":[{"@type":"ReadAction","target":["https:\/\/dorogimedence.hu\/index.php\/2026\/09\/04\/koszoruzassal-kezdodott-a-76-banyasznap-dorogon\/"]}]},{"@type":"ImageObject","inLanguage":"hu","@id":"https:\/\/dorogimedence.hu\/index.php\/2026\/09\/04\/koszoruzassal-kezdodott-a-76-banyasznap-dorogon\/#primaryimage","url":"https:\/\/dorogimedence.hu\/wp-content\/uploads\/2026\/09\/borito.jpg","contentUrl":"https:\/\/dorogimedence.hu\/wp-content\/uploads\/2026\/09\/borito.jpg","width":2048,"height":1100},{"@type":"BreadcrumbList","@id":"https:\/\/dorogimedence.hu\/index.php\/2026\/09\/04\/koszoruzassal-kezdodott-a-76-banyasznap-dorogon\/#breadcrumb","itemListElement":[{"@type":"ListItem","position":1,"name":"Kezd\u0151lap","item":"https:\/\/dorogimedence.hu\/"},{"@type":"ListItem","position":2,"name":"Koszor\u00faz\u00e1ssal kezd\u0151d\u00f6tt a 76. B\u00e1ny\u00e1sznap Dorogon"}]},{"@type":"WebSite","@id":"https:\/\/dorogimedence.hu\/#website","url":"https:\/\/dorogimedence.hu\/","name":"Dorogi-medence Region\u00e1lis H\u00edrport\u00e1l","description":"Dorog, Keszt\u00f6lc, Le\u00e1nyv\u00e1r, Piliscs\u00e9v, Tokod, Tokodalt\u00e1r\u00f3, Csolnok, Esztergom-kertv\u00e1ros: h\u00edrek, programok","publisher":{"@id":"https:\/\/dorogimedence.hu\/#organization"},"potentialAction":[{"@type":"SearchAction","target":{"@type":"EntryPoint","urlTemplate":"https:\/\/dorogimedence.hu\/?s={search_term_string}"},"query-input":{"@type":"PropertyValueSpecification","valueRequired":true,"valueName":"search_term_string"}}],"inLanguage":"hu"},{"@type":"Organization","@id":"https:\/\/dorogimedence.hu\/#organization","name":"Dorogi-medence Region\u00e1lis H\u00edrport\u00e1l","url":"https:\/\/dorogimedence.hu\/","logo":{"@type":"ImageObject","inLanguage":"hu","@id":"https:\/\/dorogimedence.hu\/#\/schema\/logo\/image\/","url":"https:\/\/dorogimedence.hu\/wp-content\/uploads\/2021\/04\/logo-feher-600.png","contentUrl":"https:\/\/dorogimedence.hu\/wp-content\/uploads\/2021\/04\/logo-feher-600.png","width":600,"height":100,"caption":"Dorogi-medence Region\u00e1lis H\u00edrport\u00e1l"},"image":{"@id":"https:\/\/dorogimedence.hu\/#\/schema\/logo\/image\/"},"sameAs":["https:\/\/www.facebook.com\/dorogimedence\/"]},{"@type":"Person","@id":"https:\/\/dorogimedence.hu\/#\/schema\/person\/ce6091eeb7e95ecdc87890d6aa8e0fd4","name":"dorogimedence.hu","image":{"@type":"ImageObject","inLanguage":"hu","@id":"\/\/www.gravatar.com\/avatar\/d8d45f8901aadff40a4af72c0b826f1d?s=96&#038;r=g&#038;d=mm","url":"\/\/www.gravatar.com\/avatar\/d8d45f8901aadff40a4af72c0b826f1d?s=96&#038;r=g&#038;d=mm","contentUrl":"\/\/www.gravatar.com\/avatar\/d8d45f8901aadff40a4af72c0b826f1d?s=96&#038;r=g&#038;d=mm","caption":"dorogimedence.hu"}}]}},"_links":{"self":[{"href":"https:\/\/dorogimedence.hu\/index.php\/wp-json\/wp\/v2\/posts\/83373","targetHints":{"allow":["GET"]}}],"collection":[{"href":"https:\/\/dorogimedence.hu\/index.php\/wp-json\/wp\/v2\/posts"}],"about":[{"href":"https:\/\/dorogimedence.hu\/index.php\/wp-json\/wp\/v2\/types\/post"}],"author":[{"embeddable":true,"href":"https:\/\/dorogimedence.hu\/index.php\/wp-json\/wp\/v2\/users\/1"}],"replies":[{"embeddable":true,"href":"https:\/\/dorogimedence.hu\/index.php\/wp-json\/wp\/v2\/comments?post=83373"}],"version-history":[{"count":1,"href":"https:\/\/dorogimedence.hu\/index.php\/wp-json\/wp\/v2\/posts\/83373\/revisions"}],"predecessor-version":[{"id":83378,"href":"https:\/\/dorogimedence.hu\/index.php\/wp-json\/wp\/v2\/posts\/83373\/revisions\/83378"}],"wp:featuredmedia":[{"embeddable":true,"href":"https:\/\/dorogimedence.hu\/index.php\/wp-json\/wp\/v2\/media\/83375"}],"wp:attachment":[{"href":"https:\/\/dorogimedence.hu\/index.php\/wp-json\/wp\/v2\/media?parent=83373"}],"wp:term":[{"taxonomy":"category","embeddable":true,"href":"https:\/\/dorogimedence.hu\/index.php\/wp-json\/wp\/v2\/categories?post=83373"},{"taxonomy":"post_tag","embeddable":true,"href":"https:\/\/dorogimedence.hu\/index.php\/wp-json\/wp\/v2\/tags?post=83373"}],"curies":[{"name":"wp","href":"https:\/\/api.w.org\/{rel}","templated":true}]}}