{"id":83368,"date":"2026-09-04T11:34:56","date_gmt":"2026-09-04T09:34:56","guid":{"rendered":"https:\/\/dorogimedence.hu\/?p=83368"},"modified":"2026-09-04T11:34:56","modified_gmt":"2026-09-04T09:34:56","slug":"tobb-esztergomi-lopas-gyanusitottjat-is-elfogtak-a-rendorok","status":"publish","type":"post","link":"https:\/\/dorogimedence.hu\/index.php\/2026\/09\/04\/tobb-esztergomi-lopas-gyanusitottjat-is-elfogtak-a-rendorok\/","title":{"rendered":"T\u00f6bb esztergomi lop\u00e1s gyan\u00fas\u00edtottj\u00e1t is elfogt\u00e1k a rend\u0151r\u00f6k"},"content":{"rendered":"<p><strong>Cs\u00f3nakb\u00f3l horg\u00e1szfelszerel\u00e9seket, parkol\u00f3 aut\u00f3b\u00f3l pedig p\u00e9nzt \u00e9s iratokat tartalmaz\u00f3 \u00f6vt\u00e1sk\u00e1t vittek el Esztergomban. A rend\u0151r\u00f6k mindk\u00e9t \u00fcgyben azonos\u00edtott\u00e1k \u00e9s elfogt\u00e1k a felt\u00e9telezett elk\u00f6vet\u0151t <\/strong><em>\u2013 <a href=\"https:\/\/www.facebook.com\/kemrfk\/posts\/pfbid02ZMJ5iHyWg6yR6XVJH81tAMp395vhrfg9U5qui3wb2SnWy1n86aFPucEM58aDsQJVl\" target=\"_blank\" rel=\"noopener\"><span style=\"text-decoration: underline; color: #0000ff;\">k\u00f6z\u00f6lte Facebook-oldal\u00e1n<\/span><\/a> a Kom\u00e1rom-Esztergom V\u00e1rmegyei Rend\u0151r-f\u0151kapit\u00e1nys\u00e1g.<\/em><\/p>\n<p>Augusztus 26-\u00e1n \u00e9rkezett bejelent\u00e9s a rend\u0151rs\u00e9gre arr\u00f3l, hogy a Kis-Duna esztergomi szakasz\u00e1n egy cs\u00f3nakb\u00f3l k\u00fcl\u00f6nb\u00f6z\u0151 horg\u00e1szfelszerel\u00e9seket tulajdon\u00edtottak el. A helyi rend\u0151r\u00f6k k\u00e9t napon bel\u00fcl azonos\u00edtott\u00e1k a lop\u00e1s felt\u00e9telezett elk\u00f6vet\u0151j\u00e9t, a 22 \u00e9ves P. Norbertet.<\/p>\n<p><img fetchpriority=\"high\" decoding=\"async\" class=\"alignnone size-full wp-image-83371\" src=\"https:\/\/dorogimedence.hu\/wp-content\/uploads\/2026\/09\/795767254_4593790827564558_1322846595590000036_n.jpg\" alt=\"\" width=\"1600\" height=\"1067\" srcset=\"https:\/\/dorogimedence.hu\/wp-content\/uploads\/2026\/09\/795767254_4593790827564558_1322846595590000036_n.jpg 1600w, https:\/\/dorogimedence.hu\/wp-content\/uploads\/2026\/09\/795767254_4593790827564558_1322846595590000036_n-600x400.jpg 600w, https:\/\/dorogimedence.hu\/wp-content\/uploads\/2026\/09\/795767254_4593790827564558_1322846595590000036_n-768x512.jpg 768w, https:\/\/dorogimedence.hu\/wp-content\/uploads\/2026\/09\/795767254_4593790827564558_1322846595590000036_n-1536x1024.jpg 1536w, https:\/\/dorogimedence.hu\/wp-content\/uploads\/2026\/09\/795767254_4593790827564558_1322846595590000036_n-150x100.jpg 150w, https:\/\/dorogimedence.hu\/wp-content\/uploads\/2026\/09\/795767254_4593790827564558_1322846595590000036_n-450x300.jpg 450w, https:\/\/dorogimedence.hu\/wp-content\/uploads\/2026\/09\/795767254_4593790827564558_1322846595590000036_n-1200x800.jpg 1200w, https:\/\/dorogimedence.hu\/wp-content\/uploads\/2026\/09\/795767254_4593790827564558_1322846595590000036_n-272x182.jpg 272w\" sizes=\"(max-width: 1600px) 100vw, 1600px\" \/><\/p>\n<p>A f\u00e9rfit azt k\u00f6vet\u0151en fogt\u00e1k el, hogy egy \u00e1ruh\u00e1zi lop\u00e1son tetten \u00e9rt\u00e9k. Ellene lop\u00e1s v\u00e9ts\u00e9g \u00e9s lop\u00e1s b\u0171ntett elk\u00f6vet\u00e9se miatt indult elj\u00e1r\u00e1s.<\/p>\n<p>P. Norbert elfog\u00e1s\u00e1nak napj\u00e1n egy m\u00e1sik lop\u00e1s is t\u00f6rt\u00e9nt Esztergomban: egy parkol\u00f3 aut\u00f3b\u00f3l \u00f6vt\u00e1sk\u00e1t vittek el, a benne l\u00e9v\u0151 p\u00e9nzzel \u00e9s iratokkal egy\u00fctt.<\/p>\n<p>A k\u00f6rny\u00e9k egyik t\u00e9rfigyel\u0151 kamer\u00e1ja r\u00f6gz\u00edtette az elk\u00f6vet\u0151t. A felv\u00e9tel alapj\u00e1n a rend\u0151r\u00f6k azonos\u00edtott\u00e1k a 39 \u00e9ves H. J\u00e1nost, akit szeptember 2-\u00e1n fogtak el. Ellene lop\u00e1s v\u00e9ts\u00e9g elk\u00f6vet\u00e9se miatt indult elj\u00e1r\u00e1s.<\/p>\n<p><img decoding=\"async\" class=\"alignnone size-full wp-image-83370\" src=\"https:\/\/dorogimedence.hu\/wp-content\/uploads\/2026\/09\/794228617_1865289484851853_1152230145299118676_n.jpg\" alt=\"\" width=\"1600\" height=\"1067\" srcset=\"https:\/\/dorogimedence.hu\/wp-content\/uploads\/2026\/09\/794228617_1865289484851853_1152230145299118676_n.jpg 1600w, https:\/\/dorogimedence.hu\/wp-content\/uploads\/2026\/09\/794228617_1865289484851853_1152230145299118676_n-600x400.jpg 600w, https:\/\/dorogimedence.hu\/wp-content\/uploads\/2026\/09\/794228617_1865289484851853_1152230145299118676_n-768x512.jpg 768w, https:\/\/dorogimedence.hu\/wp-content\/uploads\/2026\/09\/794228617_1865289484851853_1152230145299118676_n-1536x1024.jpg 1536w, https:\/\/dorogimedence.hu\/wp-content\/uploads\/2026\/09\/794228617_1865289484851853_1152230145299118676_n-150x100.jpg 150w, https:\/\/dorogimedence.hu\/wp-content\/uploads\/2026\/09\/794228617_1865289484851853_1152230145299118676_n-450x300.jpg 450w, https:\/\/dorogimedence.hu\/wp-content\/uploads\/2026\/09\/794228617_1865289484851853_1152230145299118676_n-1200x800.jpg 1200w, https:\/\/dorogimedence.hu\/wp-content\/uploads\/2026\/09\/794228617_1865289484851853_1152230145299118676_n-272x182.jpg 272w\" sizes=\"(max-width: 1600px) 100vw, 1600px\" \/><\/p>\n<p><em>Forr\u00e1s: Kom\u00e1rom-Esztergom V\u00e1rmegyei Rend\u0151r-f\u0151kapit\u00e1nys\u00e1g Facebook-oldala<\/em><\/p>\n","protected":false},"excerpt":{"rendered":"<p>Cs\u00f3nakb\u00f3l horg\u00e1szfelszerel\u00e9seket, parkol\u00f3 aut\u00f3b\u00f3l pedig p\u00e9nzt \u00e9s iratokat tartalmaz\u00f3 \u00f6vt\u00e1sk\u00e1t vittek el Esztergomban. A rend\u0151r\u00f6k mindk\u00e9t \u00fcgyben azonos\u00edtott\u00e1k \u00e9s elfogt\u00e1k a felt\u00e9telezett elk\u00f6vet\u0151t \u2013 k\u00f6z\u00f6lte Facebook-oldal\u00e1n a Kom\u00e1rom-Esztergom V\u00e1rmegyei Rend\u0151r-f\u0151kapit\u00e1nys\u00e1g. Augusztus 26-\u00e1n \u00e9rkezett bejelent\u00e9s a rend\u0151rs\u00e9gre arr\u00f3l, hogy a Kis-Duna esztergomi szakasz\u00e1n egy cs\u00f3nakb\u00f3l k\u00fcl\u00f6nb\u00f6z\u0151 horg\u00e1szfelszerel\u00e9seket tulajdon\u00edtottak el. A helyi rend\u0151r\u00f6k k\u00e9t napon bel\u00fcl azonos\u00edtott\u00e1k<\/p>\n","protected":false},"author":1,"featured_media":83369,"comment_status":"closed","ping_status":"closed","sticky":false,"template":"","format":"standard","meta":{"ngg_post_thumbnail":0,"footnotes":""},"categories":[38,3,39],"tags":[63,42,447,61],"class_list":["post-83368","post","type-post","status-publish","format-standard","has-post-thumbnail","category-esztergom","category-hirek","category-kek-hirek","tag-buncselekmeny","tag-esztergom","tag-lopas","tag-rendorsegi-hirek"],"yoast_head":"<!-- This site is optimized with the Yoast SEO plugin v28.3 - https:\/\/yoast.com\/product\/yoast-seo-wordpress\/ -->\n<title>T\u00f6bb esztergomi lop\u00e1s gyan\u00fas\u00edtottj\u00e1t is elfogt\u00e1k a rend\u0151r\u00f6k<\/title>\n<meta name=\"robots\" content=\"index, follow, max-snippet:-1, max-image-preview:large, max-video-preview:-1\" \/>\n<link rel=\"canonical\" href=\"https:\/\/dorogimedence.hu\/index.php\/2026\/09\/04\/tobb-esztergomi-lopas-gyanusitottjat-is-elfogtak-a-rendorok\/\" class=\"yoast-seo-meta-tag\" \/>\n<meta property=\"og:locale\" content=\"hu_HU\" class=\"yoast-seo-meta-tag\" \/>\n<meta property=\"og:type\" content=\"article\" class=\"yoast-seo-meta-tag\" \/>\n<meta property=\"og:title\" content=\"T\u00f6bb esztergomi lop\u00e1s gyan\u00fas\u00edtottj\u00e1t is elfogt\u00e1k a rend\u0151r\u00f6k\" class=\"yoast-seo-meta-tag\" \/>\n<meta property=\"og:description\" content=\"Cs\u00f3nakb\u00f3l horg\u00e1szfelszerel\u00e9seket, parkol\u00f3 aut\u00f3b\u00f3l pedig p\u00e9nzt \u00e9s iratokat tartalmaz\u00f3 \u00f6vt\u00e1sk\u00e1t vittek el Esztergomban. A rend\u0151r\u00f6k mindk\u00e9t \u00fcgyben azonos\u00edtott\u00e1k \u00e9s elfogt\u00e1k a felt\u00e9telezett elk\u00f6vet\u0151t \u2013 k\u00f6z\u00f6lte Facebook-oldal\u00e1n a Kom\u00e1rom-Esztergom V\u00e1rmegyei Rend\u0151r-f\u0151kapit\u00e1nys\u00e1g. Augusztus 26-\u00e1n \u00e9rkezett bejelent\u00e9s a rend\u0151rs\u00e9gre arr\u00f3l, hogy a Kis-Duna esztergomi szakasz\u00e1n egy cs\u00f3nakb\u00f3l k\u00fcl\u00f6nb\u00f6z\u0151 horg\u00e1szfelszerel\u00e9seket tulajdon\u00edtottak el. A helyi rend\u0151r\u00f6k k\u00e9t napon bel\u00fcl azonos\u00edtott\u00e1k\" class=\"yoast-seo-meta-tag\" \/>\n<meta property=\"og:url\" content=\"https:\/\/dorogimedence.hu\/index.php\/2026\/09\/04\/tobb-esztergomi-lopas-gyanusitottjat-is-elfogtak-a-rendorok\/\" class=\"yoast-seo-meta-tag\" \/>\n<meta property=\"og:site_name\" content=\"Dorogi-medence Region\u00e1lis H\u00edrport\u00e1l\" class=\"yoast-seo-meta-tag\" \/>\n<meta property=\"article:publisher\" content=\"https:\/\/www.facebook.com\/dorogimedence\/\" class=\"yoast-seo-meta-tag\" \/>\n<meta property=\"article:published_time\" content=\"2026-09-04T09:34:56+00:00\" class=\"yoast-seo-meta-tag\" \/>\n<meta property=\"og:image\" content=\"https:\/\/dorogimedence.hu\/wp-content\/uploads\/2026\/09\/792910615_1587144316071124_1930784120640909908_n.jpg\" class=\"yoast-seo-meta-tag\" \/>\n\t<meta property=\"og:image:width\" content=\"1600\" class=\"yoast-seo-meta-tag\" \/>\n\t<meta property=\"og:image:height\" content=\"1067\" class=\"yoast-seo-meta-tag\" \/>\n\t<meta property=\"og:image:type\" content=\"image\/jpeg\" class=\"yoast-seo-meta-tag\" \/>\n<meta name=\"author\" content=\"dorogimedence.hu\" class=\"yoast-seo-meta-tag\" \/>\n<meta name=\"twitter:card\" content=\"summary_large_image\" class=\"yoast-seo-meta-tag\" \/>\n<meta name=\"twitter:label1\" content=\"Szerz\u0151:\" class=\"yoast-seo-meta-tag\" \/>\n\t<meta name=\"twitter:data1\" content=\"dorogimedence.hu\" class=\"yoast-seo-meta-tag\" \/>\n\t<meta name=\"twitter:label2\" content=\"Becs\u00fclt olvas\u00e1si id\u0151\" class=\"yoast-seo-meta-tag\" \/>\n\t<meta name=\"twitter:data2\" content=\"1 perc\" class=\"yoast-seo-meta-tag\" \/>\n<script type=\"application\/ld+json\" class=\"yoast-schema-graph\">{\"@context\":\"https:\\\/\\\/schema.org\",\"@graph\":[{\"@type\":\"Article\",\"@id\":\"https:\\\/\\\/dorogimedence.hu\\\/index.php\\\/2026\\\/09\\\/04\\\/tobb-esztergomi-lopas-gyanusitottjat-is-elfogtak-a-rendorok\\\/#article\",\"isPartOf\":{\"@id\":\"https:\\\/\\\/dorogimedence.hu\\\/index.php\\\/2026\\\/09\\\/04\\\/tobb-esztergomi-lopas-gyanusitottjat-is-elfogtak-a-rendorok\\\/\"},\"author\":{\"name\":\"dorogimedence.hu\",\"@id\":\"https:\\\/\\\/dorogimedence.hu\\\/#\\\/schema\\\/person\\\/ce6091eeb7e95ecdc87890d6aa8e0fd4\"},\"headline\":\"T\u00f6bb esztergomi lop\u00e1s gyan\u00fas\u00edtottj\u00e1t is elfogt\u00e1k a rend\u0151r\u00f6k\",\"datePublished\":\"2026-09-04T09:34:56+00:00\",\"mainEntityOfPage\":{\"@id\":\"https:\\\/\\\/dorogimedence.hu\\\/index.php\\\/2026\\\/09\\\/04\\\/tobb-esztergomi-lopas-gyanusitottjat-is-elfogtak-a-rendorok\\\/\"},\"wordCount\":270,\"publisher\":{\"@id\":\"https:\\\/\\\/dorogimedence.hu\\\/#organization\"},\"image\":{\"@id\":\"https:\\\/\\\/dorogimedence.hu\\\/index.php\\\/2026\\\/09\\\/04\\\/tobb-esztergomi-lopas-gyanusitottjat-is-elfogtak-a-rendorok\\\/#primaryimage\"},\"thumbnailUrl\":\"https:\\\/\\\/dorogimedence.hu\\\/wp-content\\\/uploads\\\/2026\\\/09\\\/792910615_1587144316071124_1930784120640909908_n.jpg\",\"keywords\":[\"b\u0171ncselekm\u00e9ny\",\"esztergom\",\"lop\u00e1s\",\"rend\u0151rs\u00e9gi h\u00edrek\"],\"articleSection\":[\"Esztergom\",\"H\u00edrek\",\"K\u00e9k h\u00edrek\"],\"inLanguage\":\"hu\"},{\"@type\":\"WebPage\",\"@id\":\"https:\\\/\\\/dorogimedence.hu\\\/index.php\\\/2026\\\/09\\\/04\\\/tobb-esztergomi-lopas-gyanusitottjat-is-elfogtak-a-rendorok\\\/\",\"url\":\"https:\\\/\\\/dorogimedence.hu\\\/index.php\\\/2026\\\/09\\\/04\\\/tobb-esztergomi-lopas-gyanusitottjat-is-elfogtak-a-rendorok\\\/\",\"name\":\"T\u00f6bb esztergomi lop\u00e1s gyan\u00fas\u00edtottj\u00e1t is elfogt\u00e1k a rend\u0151r\u00f6k\",\"isPartOf\":{\"@id\":\"https:\\\/\\\/dorogimedence.hu\\\/#website\"},\"primaryImageOfPage\":{\"@id\":\"https:\\\/\\\/dorogimedence.hu\\\/index.php\\\/2026\\\/09\\\/04\\\/tobb-esztergomi-lopas-gyanusitottjat-is-elfogtak-a-rendorok\\\/#primaryimage\"},\"image\":{\"@id\":\"https:\\\/\\\/dorogimedence.hu\\\/index.php\\\/2026\\\/09\\\/04\\\/tobb-esztergomi-lopas-gyanusitottjat-is-elfogtak-a-rendorok\\\/#primaryimage\"},\"thumbnailUrl\":\"https:\\\/\\\/dorogimedence.hu\\\/wp-content\\\/uploads\\\/2026\\\/09\\\/792910615_1587144316071124_1930784120640909908_n.jpg\",\"datePublished\":\"2026-09-04T09:34:56+00:00\",\"breadcrumb\":{\"@id\":\"https:\\\/\\\/dorogimedence.hu\\\/index.php\\\/2026\\\/09\\\/04\\\/tobb-esztergomi-lopas-gyanusitottjat-is-elfogtak-a-rendorok\\\/#breadcrumb\"},\"inLanguage\":\"hu\",\"potentialAction\":[{\"@type\":\"ReadAction\",\"target\":[\"https:\\\/\\\/dorogimedence.hu\\\/index.php\\\/2026\\\/09\\\/04\\\/tobb-esztergomi-lopas-gyanusitottjat-is-elfogtak-a-rendorok\\\/\"]}]},{\"@type\":\"ImageObject\",\"inLanguage\":\"hu\",\"@id\":\"https:\\\/\\\/dorogimedence.hu\\\/index.php\\\/2026\\\/09\\\/04\\\/tobb-esztergomi-lopas-gyanusitottjat-is-elfogtak-a-rendorok\\\/#primaryimage\",\"url\":\"https:\\\/\\\/dorogimedence.hu\\\/wp-content\\\/uploads\\\/2026\\\/09\\\/792910615_1587144316071124_1930784120640909908_n.jpg\",\"contentUrl\":\"https:\\\/\\\/dorogimedence.hu\\\/wp-content\\\/uploads\\\/2026\\\/09\\\/792910615_1587144316071124_1930784120640909908_n.jpg\",\"width\":1600,\"height\":1067},{\"@type\":\"BreadcrumbList\",\"@id\":\"https:\\\/\\\/dorogimedence.hu\\\/index.php\\\/2026\\\/09\\\/04\\\/tobb-esztergomi-lopas-gyanusitottjat-is-elfogtak-a-rendorok\\\/#breadcrumb\",\"itemListElement\":[{\"@type\":\"ListItem\",\"position\":1,\"name\":\"Kezd\u0151lap\",\"item\":\"https:\\\/\\\/dorogimedence.hu\\\/\"},{\"@type\":\"ListItem\",\"position\":2,\"name\":\"T\u00f6bb esztergomi lop\u00e1s gyan\u00fas\u00edtottj\u00e1t is elfogt\u00e1k a rend\u0151r\u00f6k\"}]},{\"@type\":\"WebSite\",\"@id\":\"https:\\\/\\\/dorogimedence.hu\\\/#website\",\"url\":\"https:\\\/\\\/dorogimedence.hu\\\/\",\"name\":\"Dorogi-medence Region\u00e1lis H\u00edrport\u00e1l\",\"description\":\"Dorog, Keszt\u00f6lc, Le\u00e1nyv\u00e1r, Piliscs\u00e9v, Tokod, Tokodalt\u00e1r\u00f3, Csolnok, Esztergom-kertv\u00e1ros: h\u00edrek, programok\",\"publisher\":{\"@id\":\"https:\\\/\\\/dorogimedence.hu\\\/#organization\"},\"potentialAction\":[{\"@type\":\"SearchAction\",\"target\":{\"@type\":\"EntryPoint\",\"urlTemplate\":\"https:\\\/\\\/dorogimedence.hu\\\/?s={search_term_string}\"},\"query-input\":{\"@type\":\"PropertyValueSpecification\",\"valueRequired\":true,\"valueName\":\"search_term_string\"}}],\"inLanguage\":\"hu\"},{\"@type\":\"Organization\",\"@id\":\"https:\\\/\\\/dorogimedence.hu\\\/#organization\",\"name\":\"Dorogi-medence Region\u00e1lis H\u00edrport\u00e1l\",\"url\":\"https:\\\/\\\/dorogimedence.hu\\\/\",\"logo\":{\"@type\":\"ImageObject\",\"inLanguage\":\"hu\",\"@id\":\"https:\\\/\\\/dorogimedence.hu\\\/#\\\/schema\\\/logo\\\/image\\\/\",\"url\":\"https:\\\/\\\/dorogimedence.hu\\\/wp-content\\\/uploads\\\/2021\\\/04\\\/logo-feher-600.png\",\"contentUrl\":\"https:\\\/\\\/dorogimedence.hu\\\/wp-content\\\/uploads\\\/2021\\\/04\\\/logo-feher-600.png\",\"width\":600,\"height\":100,\"caption\":\"Dorogi-medence Region\u00e1lis H\u00edrport\u00e1l\"},\"image\":{\"@id\":\"https:\\\/\\\/dorogimedence.hu\\\/#\\\/schema\\\/logo\\\/image\\\/\"},\"sameAs\":[\"https:\\\/\\\/www.facebook.com\\\/dorogimedence\\\/\"]},{\"@type\":\"Person\",\"@id\":\"https:\\\/\\\/dorogimedence.hu\\\/#\\\/schema\\\/person\\\/ce6091eeb7e95ecdc87890d6aa8e0fd4\",\"name\":\"dorogimedence.hu\",\"image\":{\"@type\":\"ImageObject\",\"inLanguage\":\"hu\",\"@id\":\"\\\/\\\/www.gravatar.com\\\/avatar\\\/d8d45f8901aadff40a4af72c0b826f1d?s=96&#038;r=g&#038;d=mm\",\"url\":\"\\\/\\\/www.gravatar.com\\\/avatar\\\/d8d45f8901aadff40a4af72c0b826f1d?s=96&#038;r=g&#038;d=mm\",\"contentUrl\":\"\\\/\\\/www.gravatar.com\\\/avatar\\\/d8d45f8901aadff40a4af72c0b826f1d?s=96&#038;r=g&#038;d=mm\",\"caption\":\"dorogimedence.hu\"}}]}<\/script>\n<!-- \/ Yoast SEO plugin. -->","yoast_head_json":{"title":"T\u00f6bb esztergomi lop\u00e1s gyan\u00fas\u00edtottj\u00e1t is elfogt\u00e1k a rend\u0151r\u00f6k","robots":{"index":"index","follow":"follow","max-snippet":"max-snippet:-1","max-image-preview":"max-image-preview:large","max-video-preview":"max-video-preview:-1"},"canonical":"https:\/\/dorogimedence.hu\/index.php\/2026\/09\/04\/tobb-esztergomi-lopas-gyanusitottjat-is-elfogtak-a-rendorok\/","og_locale":"hu_HU","og_type":"article","og_title":"T\u00f6bb esztergomi lop\u00e1s gyan\u00fas\u00edtottj\u00e1t is elfogt\u00e1k a rend\u0151r\u00f6k","og_description":"Cs\u00f3nakb\u00f3l horg\u00e1szfelszerel\u00e9seket, parkol\u00f3 aut\u00f3b\u00f3l pedig p\u00e9nzt \u00e9s iratokat tartalmaz\u00f3 \u00f6vt\u00e1sk\u00e1t vittek el Esztergomban. A rend\u0151r\u00f6k mindk\u00e9t \u00fcgyben azonos\u00edtott\u00e1k \u00e9s elfogt\u00e1k a felt\u00e9telezett elk\u00f6vet\u0151t \u2013 k\u00f6z\u00f6lte Facebook-oldal\u00e1n a Kom\u00e1rom-Esztergom V\u00e1rmegyei Rend\u0151r-f\u0151kapit\u00e1nys\u00e1g. Augusztus 26-\u00e1n \u00e9rkezett bejelent\u00e9s a rend\u0151rs\u00e9gre arr\u00f3l, hogy a Kis-Duna esztergomi szakasz\u00e1n egy cs\u00f3nakb\u00f3l k\u00fcl\u00f6nb\u00f6z\u0151 horg\u00e1szfelszerel\u00e9seket tulajdon\u00edtottak el. A helyi rend\u0151r\u00f6k k\u00e9t napon bel\u00fcl azonos\u00edtott\u00e1k","og_url":"https:\/\/dorogimedence.hu\/index.php\/2026\/09\/04\/tobb-esztergomi-lopas-gyanusitottjat-is-elfogtak-a-rendorok\/","og_site_name":"Dorogi-medence Region\u00e1lis H\u00edrport\u00e1l","article_publisher":"https:\/\/www.facebook.com\/dorogimedence\/","article_published_time":"2026-09-04T09:34:56+00:00","og_image":[{"width":1600,"height":1067,"url":"https:\/\/dorogimedence.hu\/wp-content\/uploads\/2026\/09\/792910615_1587144316071124_1930784120640909908_n.jpg","type":"image\/jpeg"}],"author":"dorogimedence.hu","twitter_card":"summary_large_image","twitter_misc":{"Szerz\u0151:":"dorogimedence.hu","Becs\u00fclt olvas\u00e1si id\u0151":"1 perc"},"schema":{"@context":"https:\/\/schema.org","@graph":[{"@type":"Article","@id":"https:\/\/dorogimedence.hu\/index.php\/2026\/09\/04\/tobb-esztergomi-lopas-gyanusitottjat-is-elfogtak-a-rendorok\/#article","isPartOf":{"@id":"https:\/\/dorogimedence.hu\/index.php\/2026\/09\/04\/tobb-esztergomi-lopas-gyanusitottjat-is-elfogtak-a-rendorok\/"},"author":{"name":"dorogimedence.hu","@id":"https:\/\/dorogimedence.hu\/#\/schema\/person\/ce6091eeb7e95ecdc87890d6aa8e0fd4"},"headline":"T\u00f6bb esztergomi lop\u00e1s gyan\u00fas\u00edtottj\u00e1t is elfogt\u00e1k a rend\u0151r\u00f6k","datePublished":"2026-09-04T09:34:56+00:00","mainEntityOfPage":{"@id":"https:\/\/dorogimedence.hu\/index.php\/2026\/09\/04\/tobb-esztergomi-lopas-gyanusitottjat-is-elfogtak-a-rendorok\/"},"wordCount":270,"publisher":{"@id":"https:\/\/dorogimedence.hu\/#organization"},"image":{"@id":"https:\/\/dorogimedence.hu\/index.php\/2026\/09\/04\/tobb-esztergomi-lopas-gyanusitottjat-is-elfogtak-a-rendorok\/#primaryimage"},"thumbnailUrl":"https:\/\/dorogimedence.hu\/wp-content\/uploads\/2026\/09\/792910615_1587144316071124_1930784120640909908_n.jpg","keywords":["b\u0171ncselekm\u00e9ny","esztergom","lop\u00e1s","rend\u0151rs\u00e9gi h\u00edrek"],"articleSection":["Esztergom","H\u00edrek","K\u00e9k h\u00edrek"],"inLanguage":"hu"},{"@type":"WebPage","@id":"https:\/\/dorogimedence.hu\/index.php\/2026\/09\/04\/tobb-esztergomi-lopas-gyanusitottjat-is-elfogtak-a-rendorok\/","url":"https:\/\/dorogimedence.hu\/index.php\/2026\/09\/04\/tobb-esztergomi-lopas-gyanusitottjat-is-elfogtak-a-rendorok\/","name":"T\u00f6bb esztergomi lop\u00e1s gyan\u00fas\u00edtottj\u00e1t is elfogt\u00e1k a rend\u0151r\u00f6k","isPartOf":{"@id":"https:\/\/dorogimedence.hu\/#website"},"primaryImageOfPage":{"@id":"https:\/\/dorogimedence.hu\/index.php\/2026\/09\/04\/tobb-esztergomi-lopas-gyanusitottjat-is-elfogtak-a-rendorok\/#primaryimage"},"image":{"@id":"https:\/\/dorogimedence.hu\/index.php\/2026\/09\/04\/tobb-esztergomi-lopas-gyanusitottjat-is-elfogtak-a-rendorok\/#primaryimage"},"thumbnailUrl":"https:\/\/dorogimedence.hu\/wp-content\/uploads\/2026\/09\/792910615_1587144316071124_1930784120640909908_n.jpg","datePublished":"2026-09-04T09:34:56+00:00","breadcrumb":{"@id":"https:\/\/dorogimedence.hu\/index.php\/2026\/09\/04\/tobb-esztergomi-lopas-gyanusitottjat-is-elfogtak-a-rendorok\/#breadcrumb"},"inLanguage":"hu","potentialAction":[{"@type":"ReadAction","target":["https:\/\/dorogimedence.hu\/index.php\/2026\/09\/04\/tobb-esztergomi-lopas-gyanusitottjat-is-elfogtak-a-rendorok\/"]}]},{"@type":"ImageObject","inLanguage":"hu","@id":"https:\/\/dorogimedence.hu\/index.php\/2026\/09\/04\/tobb-esztergomi-lopas-gyanusitottjat-is-elfogtak-a-rendorok\/#primaryimage","url":"https:\/\/dorogimedence.hu\/wp-content\/uploads\/2026\/09\/792910615_1587144316071124_1930784120640909908_n.jpg","contentUrl":"https:\/\/dorogimedence.hu\/wp-content\/uploads\/2026\/09\/792910615_1587144316071124_1930784120640909908_n.jpg","width":1600,"height":1067},{"@type":"BreadcrumbList","@id":"https:\/\/dorogimedence.hu\/index.php\/2026\/09\/04\/tobb-esztergomi-lopas-gyanusitottjat-is-elfogtak-a-rendorok\/#breadcrumb","itemListElement":[{"@type":"ListItem","position":1,"name":"Kezd\u0151lap","item":"https:\/\/dorogimedence.hu\/"},{"@type":"ListItem","position":2,"name":"T\u00f6bb esztergomi lop\u00e1s gyan\u00fas\u00edtottj\u00e1t is elfogt\u00e1k a rend\u0151r\u00f6k"}]},{"@type":"WebSite","@id":"https:\/\/dorogimedence.hu\/#website","url":"https:\/\/dorogimedence.hu\/","name":"Dorogi-medence Region\u00e1lis H\u00edrport\u00e1l","description":"Dorog, Keszt\u00f6lc, Le\u00e1nyv\u00e1r, Piliscs\u00e9v, Tokod, Tokodalt\u00e1r\u00f3, Csolnok, Esztergom-kertv\u00e1ros: h\u00edrek, programok","publisher":{"@id":"https:\/\/dorogimedence.hu\/#organization"},"potentialAction":[{"@type":"SearchAction","target":{"@type":"EntryPoint","urlTemplate":"https:\/\/dorogimedence.hu\/?s={search_term_string}"},"query-input":{"@type":"PropertyValueSpecification","valueRequired":true,"valueName":"search_term_string"}}],"inLanguage":"hu"},{"@type":"Organization","@id":"https:\/\/dorogimedence.hu\/#organization","name":"Dorogi-medence Region\u00e1lis H\u00edrport\u00e1l","url":"https:\/\/dorogimedence.hu\/","logo":{"@type":"ImageObject","inLanguage":"hu","@id":"https:\/\/dorogimedence.hu\/#\/schema\/logo\/image\/","url":"https:\/\/dorogimedence.hu\/wp-content\/uploads\/2021\/04\/logo-feher-600.png","contentUrl":"https:\/\/dorogimedence.hu\/wp-content\/uploads\/2021\/04\/logo-feher-600.png","width":600,"height":100,"caption":"Dorogi-medence Region\u00e1lis H\u00edrport\u00e1l"},"image":{"@id":"https:\/\/dorogimedence.hu\/#\/schema\/logo\/image\/"},"sameAs":["https:\/\/www.facebook.com\/dorogimedence\/"]},{"@type":"Person","@id":"https:\/\/dorogimedence.hu\/#\/schema\/person\/ce6091eeb7e95ecdc87890d6aa8e0fd4","name":"dorogimedence.hu","image":{"@type":"ImageObject","inLanguage":"hu","@id":"\/\/www.gravatar.com\/avatar\/d8d45f8901aadff40a4af72c0b826f1d?s=96&#038;r=g&#038;d=mm","url":"\/\/www.gravatar.com\/avatar\/d8d45f8901aadff40a4af72c0b826f1d?s=96&#038;r=g&#038;d=mm","contentUrl":"\/\/www.gravatar.com\/avatar\/d8d45f8901aadff40a4af72c0b826f1d?s=96&#038;r=g&#038;d=mm","caption":"dorogimedence.hu"}}]}},"_links":{"self":[{"href":"https:\/\/dorogimedence.hu\/index.php\/wp-json\/wp\/v2\/posts\/83368","targetHints":{"allow":["GET"]}}],"collection":[{"href":"https:\/\/dorogimedence.hu\/index.php\/wp-json\/wp\/v2\/posts"}],"about":[{"href":"https:\/\/dorogimedence.hu\/index.php\/wp-json\/wp\/v2\/types\/post"}],"author":[{"embeddable":true,"href":"https:\/\/dorogimedence.hu\/index.php\/wp-json\/wp\/v2\/users\/1"}],"replies":[{"embeddable":true,"href":"https:\/\/dorogimedence.hu\/index.php\/wp-json\/wp\/v2\/comments?post=83368"}],"version-history":[{"count":1,"href":"https:\/\/dorogimedence.hu\/index.php\/wp-json\/wp\/v2\/posts\/83368\/revisions"}],"predecessor-version":[{"id":83372,"href":"https:\/\/dorogimedence.hu\/index.php\/wp-json\/wp\/v2\/posts\/83368\/revisions\/83372"}],"wp:featuredmedia":[{"embeddable":true,"href":"https:\/\/dorogimedence.hu\/index.php\/wp-json\/wp\/v2\/media\/83369"}],"wp:attachment":[{"href":"https:\/\/dorogimedence.hu\/index.php\/wp-json\/wp\/v2\/media?parent=83368"}],"wp:term":[{"taxonomy":"category","embeddable":true,"href":"https:\/\/dorogimedence.hu\/index.php\/wp-json\/wp\/v2\/categories?post=83368"},{"taxonomy":"post_tag","embeddable":true,"href":"https:\/\/dorogimedence.hu\/index.php\/wp-json\/wp\/v2\/tags?post=83368"}],"curies":[{"name":"wp","href":"https:\/\/api.w.org\/{rel}","templated":true}]}}