{"id":83364,"date":"2026-09-04T11:21:05","date_gmt":"2026-09-04T09:21:05","guid":{"rendered":"https:\/\/dorogimedence.hu\/?p=83364"},"modified":"2026-09-04T11:21:05","modified_gmt":"2026-09-04T09:21:05","slug":"kozzetette-az-esztergomi-onkormanyzat-a-midibuszok-tesztuzemenek-tapasztalatait","status":"publish","type":"post","link":"https:\/\/dorogimedence.hu\/index.php\/2026\/09\/04\/kozzetette-az-esztergomi-onkormanyzat-a-midibuszok-tesztuzemenek-tapasztalatait\/","title":{"rendered":"K\u00f6zz\u00e9tette az esztergomi \u00f6nkorm\u00e1nyzat a midibuszok teszt\u00fczem\u00e9nek tapasztalatait"},"content":{"rendered":"<p><strong>Esztergom Megyei Jog\u00fa V\u00e1ros \u00d6nkorm\u00e1nyzata <a href=\"https:\/\/esztergom.hu\/hirek\/2678-ezt_mutatta_a_midibuszok_tesztuzeme\" target=\"_blank\" rel=\"noopener\"><span style=\"text-decoration: underline; color: #0000ff;\">ismertette<\/span><\/a> a tavasszal elind\u00edtott F \u00e9s K jelz\u00e9s\u0171 midibuszj\u00e1ratok pr\u00f3ba\u00fczem\u00e9nek eredm\u00e9nyeit. A t\u00e1j\u00e9koztat\u00e1s bemutatja a m\u00e9rt utasforgalmat \u00e9s a m\u0171k\u00f6dtet\u00e9s k\u00f6lts\u00e9geit, amelyek alapj\u00e1n a v\u00e1ros a szolg\u00e1ltat\u00e1s hossz\u00fa t\u00e1v\u00fa fenntarthat\u00f3s\u00e1g\u00e1t vizsg\u00e1lta.<\/strong><\/p>\n<p>Ahogyan arr\u00f3l <a href=\"https:\/\/dorogimedence.hu\/index.php\/2026\/02\/25\/uj-midibusz-jaratok-indulnak-esztergomban\/\" target=\"_blank\" rel=\"noopener\"><span style=\"text-decoration: underline; color: #0000ff;\">kor\u00e1bban besz\u00e1moltunk<\/span><\/a>, a midibuszok 2026. m\u00e1rcius 2-\u00e1n \u00e1lltak forgalomba. A teszt\u00fczem c\u00e9lja az volt, hogy t\u00e9nyleges utaz\u00e1si adatok alapj\u00e1n lehessen felm\u00e9rni, mekkora ig\u00e9ny mutatkozik az \u00faj szolg\u00e1ltat\u00e1sra Szentgy\u00f6rgymez\u0151 \u00e9s B\u00fab\u00e1natv\u00f6lgy \u00e9rintett r\u00e9szein.<\/p>\n<p>Az eredetileg m\u00e1jus 31-ig tervezett pr\u00f3baid\u0151szakot j\u00fanius 19-ig meghosszabb\u00edtott\u00e1k. Ez id\u0151 alatt az utasok d\u00edjmentesen vehett\u00e9k ig\u00e9nybe a j\u00e1ratokat.<\/p>\n<p>Az F jelz\u00e9s\u0171 midibusz Szam\u00e1rhegyr\u0151l indulva B\u00fab\u00e1natv\u00f6lgyet k\u00f6t\u00f6tte \u00f6ssze a v\u00e1rosk\u00f6zponttal, m\u00edg a K j\u00e1rat Szentgy\u00f6rgymez\u0151 k\u00f6zleked\u00e9s\u00e9t eg\u00e9sz\u00edtette ki. Mindk\u00e9t vonalon Mercedes-Benz Sprinter midibuszok k\u00f6zlekedtek, munkanapokon napi kilenc-kilenc k\u00f6rj\u00e1rattal. A szolg\u00e1ltat\u00e1shoz t\u00f6bb \u00faj meg\u00e1ll\u00f3helyet is kialak\u00edtottak.<\/p>\n<h3><strong>Tizenh\u00e9t napon m\u00e9rt\u00e9k az utasforgalmat<\/strong><\/h3>\n<p>Az \u00f6nkorm\u00e1nyzat <span style=\"color: #0000ff;\"><a style=\"color: #0000ff;\" href=\"https:\/\/www.esztergom.hu\/hirek\/2678-ezt_mutatta_a_midibuszok_tesztuzeme\" target=\"_blank\" rel=\"noopener\">t\u00e1j\u00e9koztat\u00e1sa szerint<\/a><\/span> a teszt\u00fczem sor\u00e1n \u00f6sszesen 17 napon v\u00e9geztek forgalomsz\u00e1ml\u00e1l\u00e1st. A m\u00e9r\u00e9sek alapj\u00e1n az F vonalon k\u00f6rj\u00e1ratonk\u00e9nt \u00e1tlagosan nyolc, a K vonalon n\u00e9gy utas utazott.<\/p>\n<p>A napi kilenc k\u00f6rj\u00e1rattal sz\u00e1molva ez az F vonalon \u00e1tlagosan mintegy 72, a K vonalon k\u00f6r\u00fclbel\u00fcl 36 utaz\u00e1st jelentett. A k\u00e9t j\u00e1rat egy\u00fcttes forgalma \u00edgy hozz\u00e1vet\u0151leg 108 utaz\u00e1snak felelt meg egy \u00e1tlagos munkanapon.<\/p>\n<p>Az \u00f6nkorm\u00e1nyzat az \u00e9rt\u00e9kel\u00e9sben figyelembe vette, hogy ezek az adatok a teljesen d\u00edjmentes id\u0151szakban sz\u00fclettek. Meg\u00edt\u00e9l\u00e9s\u00fck szerint egy k\u00e9s\u0151bbi, jegy- vagy b\u00e9rletv\u00e1lt\u00e1shoz k\u00f6t\u00f6tt szolg\u00e1ltat\u00e1s eset\u00e9n nem v\u00e1rhat\u00f3 \u00e9rdemben magasabb utassz\u00e1m, a fizet\u00e9si k\u00f6telezetts\u00e9g pedig az alkalmi utaz\u00e1sok sz\u00e1m\u00e1t cs\u00f6kkentheti.<\/p>\n<h3><strong>A folytat\u00e1s k\u00f6lts\u00e9geit is megvizsg\u00e1lt\u00e1k<\/strong><\/h3>\n<p>A k\u00f6zlem\u00e9ny szerint a m\u00e1rcius elej\u00e9t\u0151l j\u00fanius 19-ig tart\u00f3 tesztid\u0151szak teljes k\u00f6lts\u00e9ge 11 milli\u00f3 forint volt. A M\u00c1V Szem\u00e9lysz\u00e1ll\u00edt\u00e1si Zrt. \u00e1ltal a folytat\u00e1sra kidolgozott konstrukci\u00f3 \u00e9vente 51 263 174 forint kiad\u00e1st jelentene a v\u00e1rosnak.<\/p>\n<p>Az \u00f6nkorm\u00e1nyzat sz\u00e1m\u00edt\u00e1sa alapj\u00e1n, v\u00e1ltozatlan utasforgalom \u00e9s \u00e9vi hozz\u00e1vet\u0151leg 250 k\u00f6zleked\u00e9si nap mellett, mintegy 27 ezer utaz\u00e1ssal lehetne sz\u00e1molni \u00e9vente. Ebben az esetben egy utaz\u00e1sra megk\u00f6zel\u00edt\u0151leg 1900 forint k\u00f6zp\u00e9nzb\u0151l finansz\u00edrozott m\u0171k\u00f6d\u00e9si k\u00f6lts\u00e9g jutna, egy oda-vissza utaz\u00e1sra pedig k\u00f6r\u00fclbel\u00fcl 3800 forint.<\/p>\n<h3><strong>A tapasztalatok alapj\u00e1n \u00e9rt\u00e9kelt\u00e9k a fenntarthat\u00f3s\u00e1got<\/strong><\/h3>\n<p>A v\u00e1ros k\u00f6zl\u00e9se szerint a pr\u00f3ba\u00fczem el\u00e9rte a c\u00e9lj\u00e1t: m\u00e9rhet\u0151v\u00e9 tette az utaz\u00e1si ig\u00e9nyt, \u00e9s adatokat biztos\u00edtott a hosszabb t\u00e1v\u00fa p\u00e9nz\u00fcgyi k\u00f6telezetts\u00e9gv\u00e1llal\u00e1s m\u00e9rlegel\u00e9s\u00e9hez.<\/p>\n<p>Az \u00f6nkorm\u00e1nyzat a m\u00e9rt utasforgalom \u00e9s a v\u00e1rhat\u00f3 \u00e9ves kiad\u00e1s alapj\u00e1n arra a k\u00f6vetkeztet\u00e9sre jutott, hogy a k\u00e9t midibuszj\u00e1rat jelenlegi form\u00e1j\u00e1ban t\u00f6rt\u00e9n\u0151 fenntart\u00e1sa gazdas\u00e1gilag nem indokolhat\u00f3. T\u00e1j\u00e9koztat\u00e1sukban hangs\u00falyozt\u00e1k: a k\u00f6zp\u00e9nzb\u0151l finansz\u00edrozott szolg\u00e1ltat\u00e1sokn\u00e1l a k\u00f6lts\u00e9geket, a t\u00e9nyleges kihaszn\u00e1lts\u00e1got \u00e9s a k\u00f6z\u00f6ss\u00e9gi el\u0151ny\u00f6ket egy\u00fcttesen kell m\u00e9rlegelni.<\/p>\n<p>A meghosszabb\u00edtott pr\u00f3ba\u00fczem lez\u00e1r\u00e1s\u00e1r\u00f3l <a href=\"https:\/\/dorogimedence.hu\/index.php\/2026\/06\/20\/junius-22-tol-nem-kozlekednek-az-f-es-k-jaratok-esztergomban\/\" target=\"_blank\" rel=\"noopener\"><span style=\"text-decoration: underline; color: #0000ff;\">j\u00faniusban \u00edrtunk<\/span><\/a>; az F \u00e9s K jelz\u00e9s\u0171 j\u00e1ratok j\u00fanius 22-t\u0151l nem k\u00f6zlekednek.<\/p>\n<p><em>Bor\u00edt\u00f3k\u00e9p: esztergom.hu<\/em><\/p>\n","protected":false},"excerpt":{"rendered":"<p>Esztergom Megyei Jog\u00fa V\u00e1ros \u00d6nkorm\u00e1nyzata ismertette a tavasszal elind\u00edtott F \u00e9s K jelz\u00e9s\u0171 midibuszj\u00e1ratok pr\u00f3ba\u00fczem\u00e9nek eredm\u00e9nyeit. A t\u00e1j\u00e9koztat\u00e1s bemutatja a m\u00e9rt utasforgalmat \u00e9s a m\u0171k\u00f6dtet\u00e9s k\u00f6lts\u00e9geit, amelyek alapj\u00e1n a v\u00e1ros a szolg\u00e1ltat\u00e1s hossz\u00fa t\u00e1v\u00fa fenntarthat\u00f3s\u00e1g\u00e1t vizsg\u00e1lta. Ahogyan arr\u00f3l kor\u00e1bban besz\u00e1moltunk, a midibuszok 2026. m\u00e1rcius 2-\u00e1n \u00e1lltak forgalomba. A teszt\u00fczem c\u00e9lja az volt, hogy t\u00e9nyleges utaz\u00e1si<\/p>\n","protected":false},"author":1,"featured_media":78015,"comment_status":"closed","ping_status":"closed","sticky":false,"template":"","format":"standard","meta":{"ngg_post_thumbnail":0,"footnotes":""},"categories":[38,3],"tags":[42,6865,8741],"class_list":["post-83364","post","type-post","status-publish","format-standard","has-post-thumbnail","category-esztergom","category-hirek","tag-esztergom","tag-kozossegi-kozlekedes","tag-midibusz"],"yoast_head":"<!-- This site is optimized with the Yoast SEO plugin v28.3 - https:\/\/yoast.com\/product\/yoast-seo-wordpress\/ -->\n<title>K\u00f6zz\u00e9tette az esztergomi \u00f6nkorm\u00e1nyzat a midibuszok teszt\u00fczem\u00e9nek tapasztalatait<\/title>\n<meta name=\"robots\" content=\"index, follow, max-snippet:-1, max-image-preview:large, max-video-preview:-1\" \/>\n<link rel=\"canonical\" href=\"https:\/\/dorogimedence.hu\/index.php\/2026\/09\/04\/kozzetette-az-esztergomi-onkormanyzat-a-midibuszok-tesztuzemenek-tapasztalatait\/\" class=\"yoast-seo-meta-tag\" \/>\n<meta property=\"og:locale\" content=\"hu_HU\" class=\"yoast-seo-meta-tag\" \/>\n<meta property=\"og:type\" content=\"article\" class=\"yoast-seo-meta-tag\" \/>\n<meta property=\"og:title\" content=\"K\u00f6zz\u00e9tette az esztergomi \u00f6nkorm\u00e1nyzat a midibuszok teszt\u00fczem\u00e9nek tapasztalatait\" class=\"yoast-seo-meta-tag\" \/>\n<meta property=\"og:description\" content=\"Esztergom Megyei Jog\u00fa V\u00e1ros \u00d6nkorm\u00e1nyzata ismertette a tavasszal elind\u00edtott F \u00e9s K jelz\u00e9s\u0171 midibuszj\u00e1ratok pr\u00f3ba\u00fczem\u00e9nek eredm\u00e9nyeit. A t\u00e1j\u00e9koztat\u00e1s bemutatja a m\u00e9rt utasforgalmat \u00e9s a m\u0171k\u00f6dtet\u00e9s k\u00f6lts\u00e9geit, amelyek alapj\u00e1n a v\u00e1ros a szolg\u00e1ltat\u00e1s hossz\u00fa t\u00e1v\u00fa fenntarthat\u00f3s\u00e1g\u00e1t vizsg\u00e1lta. Ahogyan arr\u00f3l kor\u00e1bban besz\u00e1moltunk, a midibuszok 2026. m\u00e1rcius 2-\u00e1n \u00e1lltak forgalomba. A teszt\u00fczem c\u00e9lja az volt, hogy t\u00e9nyleges utaz\u00e1si\" class=\"yoast-seo-meta-tag\" \/>\n<meta property=\"og:url\" content=\"https:\/\/dorogimedence.hu\/index.php\/2026\/09\/04\/kozzetette-az-esztergomi-onkormanyzat-a-midibuszok-tesztuzemenek-tapasztalatait\/\" class=\"yoast-seo-meta-tag\" \/>\n<meta property=\"og:site_name\" content=\"Dorogi-medence Region\u00e1lis H\u00edrport\u00e1l\" class=\"yoast-seo-meta-tag\" \/>\n<meta property=\"article:publisher\" content=\"https:\/\/www.facebook.com\/dorogimedence\/\" class=\"yoast-seo-meta-tag\" \/>\n<meta property=\"article:published_time\" content=\"2026-09-04T09:21:05+00:00\" class=\"yoast-seo-meta-tag\" \/>\n<meta property=\"og:image\" content=\"https:\/\/dorogimedence.hu\/wp-content\/uploads\/2026\/02\/midi-busz-scaled.jpg\" class=\"yoast-seo-meta-tag\" \/>\n\t<meta property=\"og:image:width\" content=\"2560\" class=\"yoast-seo-meta-tag\" \/>\n\t<meta property=\"og:image:height\" content=\"1440\" class=\"yoast-seo-meta-tag\" \/>\n\t<meta property=\"og:image:type\" content=\"image\/jpeg\" class=\"yoast-seo-meta-tag\" \/>\n<meta name=\"author\" content=\"dorogimedence.hu\" class=\"yoast-seo-meta-tag\" \/>\n<meta name=\"twitter:card\" content=\"summary_large_image\" class=\"yoast-seo-meta-tag\" \/>\n<meta name=\"twitter:label1\" content=\"Szerz\u0151:\" class=\"yoast-seo-meta-tag\" \/>\n\t<meta name=\"twitter:data1\" content=\"dorogimedence.hu\" class=\"yoast-seo-meta-tag\" \/>\n\t<meta name=\"twitter:label2\" content=\"Becs\u00fclt olvas\u00e1si id\u0151\" class=\"yoast-seo-meta-tag\" \/>\n\t<meta name=\"twitter:data2\" content=\"3 perc\" class=\"yoast-seo-meta-tag\" \/>\n<script type=\"application\/ld+json\" class=\"yoast-schema-graph\">{\"@context\":\"https:\\\/\\\/schema.org\",\"@graph\":[{\"@type\":\"Article\",\"@id\":\"https:\\\/\\\/dorogimedence.hu\\\/index.php\\\/2026\\\/09\\\/04\\\/kozzetette-az-esztergomi-onkormanyzat-a-midibuszok-tesztuzemenek-tapasztalatait\\\/#article\",\"isPartOf\":{\"@id\":\"https:\\\/\\\/dorogimedence.hu\\\/index.php\\\/2026\\\/09\\\/04\\\/kozzetette-az-esztergomi-onkormanyzat-a-midibuszok-tesztuzemenek-tapasztalatait\\\/\"},\"author\":{\"name\":\"dorogimedence.hu\",\"@id\":\"https:\\\/\\\/dorogimedence.hu\\\/#\\\/schema\\\/person\\\/ce6091eeb7e95ecdc87890d6aa8e0fd4\"},\"headline\":\"K\u00f6zz\u00e9tette az esztergomi \u00f6nkorm\u00e1nyzat a midibuszok teszt\u00fczem\u00e9nek tapasztalatait\",\"datePublished\":\"2026-09-04T09:21:05+00:00\",\"mainEntityOfPage\":{\"@id\":\"https:\\\/\\\/dorogimedence.hu\\\/index.php\\\/2026\\\/09\\\/04\\\/kozzetette-az-esztergomi-onkormanyzat-a-midibuszok-tesztuzemenek-tapasztalatait\\\/\"},\"wordCount\":680,\"publisher\":{\"@id\":\"https:\\\/\\\/dorogimedence.hu\\\/#organization\"},\"image\":{\"@id\":\"https:\\\/\\\/dorogimedence.hu\\\/index.php\\\/2026\\\/09\\\/04\\\/kozzetette-az-esztergomi-onkormanyzat-a-midibuszok-tesztuzemenek-tapasztalatait\\\/#primaryimage\"},\"thumbnailUrl\":\"https:\\\/\\\/dorogimedence.hu\\\/wp-content\\\/uploads\\\/2026\\\/02\\\/midi-busz-scaled.jpg\",\"keywords\":[\"esztergom\",\"k\u00f6z\u00f6ss\u00e9gi k\u00f6zleked\u00e9s\",\"midibusz\"],\"articleSection\":[\"Esztergom\",\"H\u00edrek\"],\"inLanguage\":\"hu\"},{\"@type\":\"WebPage\",\"@id\":\"https:\\\/\\\/dorogimedence.hu\\\/index.php\\\/2026\\\/09\\\/04\\\/kozzetette-az-esztergomi-onkormanyzat-a-midibuszok-tesztuzemenek-tapasztalatait\\\/\",\"url\":\"https:\\\/\\\/dorogimedence.hu\\\/index.php\\\/2026\\\/09\\\/04\\\/kozzetette-az-esztergomi-onkormanyzat-a-midibuszok-tesztuzemenek-tapasztalatait\\\/\",\"name\":\"K\u00f6zz\u00e9tette az esztergomi \u00f6nkorm\u00e1nyzat a midibuszok teszt\u00fczem\u00e9nek tapasztalatait\",\"isPartOf\":{\"@id\":\"https:\\\/\\\/dorogimedence.hu\\\/#website\"},\"primaryImageOfPage\":{\"@id\":\"https:\\\/\\\/dorogimedence.hu\\\/index.php\\\/2026\\\/09\\\/04\\\/kozzetette-az-esztergomi-onkormanyzat-a-midibuszok-tesztuzemenek-tapasztalatait\\\/#primaryimage\"},\"image\":{\"@id\":\"https:\\\/\\\/dorogimedence.hu\\\/index.php\\\/2026\\\/09\\\/04\\\/kozzetette-az-esztergomi-onkormanyzat-a-midibuszok-tesztuzemenek-tapasztalatait\\\/#primaryimage\"},\"thumbnailUrl\":\"https:\\\/\\\/dorogimedence.hu\\\/wp-content\\\/uploads\\\/2026\\\/02\\\/midi-busz-scaled.jpg\",\"datePublished\":\"2026-09-04T09:21:05+00:00\",\"breadcrumb\":{\"@id\":\"https:\\\/\\\/dorogimedence.hu\\\/index.php\\\/2026\\\/09\\\/04\\\/kozzetette-az-esztergomi-onkormanyzat-a-midibuszok-tesztuzemenek-tapasztalatait\\\/#breadcrumb\"},\"inLanguage\":\"hu\",\"potentialAction\":[{\"@type\":\"ReadAction\",\"target\":[\"https:\\\/\\\/dorogimedence.hu\\\/index.php\\\/2026\\\/09\\\/04\\\/kozzetette-az-esztergomi-onkormanyzat-a-midibuszok-tesztuzemenek-tapasztalatait\\\/\"]}]},{\"@type\":\"ImageObject\",\"inLanguage\":\"hu\",\"@id\":\"https:\\\/\\\/dorogimedence.hu\\\/index.php\\\/2026\\\/09\\\/04\\\/kozzetette-az-esztergomi-onkormanyzat-a-midibuszok-tesztuzemenek-tapasztalatait\\\/#primaryimage\",\"url\":\"https:\\\/\\\/dorogimedence.hu\\\/wp-content\\\/uploads\\\/2026\\\/02\\\/midi-busz-scaled.jpg\",\"contentUrl\":\"https:\\\/\\\/dorogimedence.hu\\\/wp-content\\\/uploads\\\/2026\\\/02\\\/midi-busz-scaled.jpg\",\"width\":2560,\"height\":1440},{\"@type\":\"BreadcrumbList\",\"@id\":\"https:\\\/\\\/dorogimedence.hu\\\/index.php\\\/2026\\\/09\\\/04\\\/kozzetette-az-esztergomi-onkormanyzat-a-midibuszok-tesztuzemenek-tapasztalatait\\\/#breadcrumb\",\"itemListElement\":[{\"@type\":\"ListItem\",\"position\":1,\"name\":\"Kezd\u0151lap\",\"item\":\"https:\\\/\\\/dorogimedence.hu\\\/\"},{\"@type\":\"ListItem\",\"position\":2,\"name\":\"K\u00f6zz\u00e9tette az esztergomi \u00f6nkorm\u00e1nyzat a midibuszok teszt\u00fczem\u00e9nek tapasztalatait\"}]},{\"@type\":\"WebSite\",\"@id\":\"https:\\\/\\\/dorogimedence.hu\\\/#website\",\"url\":\"https:\\\/\\\/dorogimedence.hu\\\/\",\"name\":\"Dorogi-medence Region\u00e1lis H\u00edrport\u00e1l\",\"description\":\"Dorog, Keszt\u00f6lc, Le\u00e1nyv\u00e1r, Piliscs\u00e9v, Tokod, Tokodalt\u00e1r\u00f3, Csolnok, Esztergom-kertv\u00e1ros: h\u00edrek, programok\",\"publisher\":{\"@id\":\"https:\\\/\\\/dorogimedence.hu\\\/#organization\"},\"potentialAction\":[{\"@type\":\"SearchAction\",\"target\":{\"@type\":\"EntryPoint\",\"urlTemplate\":\"https:\\\/\\\/dorogimedence.hu\\\/?s={search_term_string}\"},\"query-input\":{\"@type\":\"PropertyValueSpecification\",\"valueRequired\":true,\"valueName\":\"search_term_string\"}}],\"inLanguage\":\"hu\"},{\"@type\":\"Organization\",\"@id\":\"https:\\\/\\\/dorogimedence.hu\\\/#organization\",\"name\":\"Dorogi-medence Region\u00e1lis H\u00edrport\u00e1l\",\"url\":\"https:\\\/\\\/dorogimedence.hu\\\/\",\"logo\":{\"@type\":\"ImageObject\",\"inLanguage\":\"hu\",\"@id\":\"https:\\\/\\\/dorogimedence.hu\\\/#\\\/schema\\\/logo\\\/image\\\/\",\"url\":\"https:\\\/\\\/dorogimedence.hu\\\/wp-content\\\/uploads\\\/2021\\\/04\\\/logo-feher-600.png\",\"contentUrl\":\"https:\\\/\\\/dorogimedence.hu\\\/wp-content\\\/uploads\\\/2021\\\/04\\\/logo-feher-600.png\",\"width\":600,\"height\":100,\"caption\":\"Dorogi-medence Region\u00e1lis H\u00edrport\u00e1l\"},\"image\":{\"@id\":\"https:\\\/\\\/dorogimedence.hu\\\/#\\\/schema\\\/logo\\\/image\\\/\"},\"sameAs\":[\"https:\\\/\\\/www.facebook.com\\\/dorogimedence\\\/\"]},{\"@type\":\"Person\",\"@id\":\"https:\\\/\\\/dorogimedence.hu\\\/#\\\/schema\\\/person\\\/ce6091eeb7e95ecdc87890d6aa8e0fd4\",\"name\":\"dorogimedence.hu\",\"image\":{\"@type\":\"ImageObject\",\"inLanguage\":\"hu\",\"@id\":\"\\\/\\\/www.gravatar.com\\\/avatar\\\/d8d45f8901aadff40a4af72c0b826f1d?s=96&#038;r=g&#038;d=mm\",\"url\":\"\\\/\\\/www.gravatar.com\\\/avatar\\\/d8d45f8901aadff40a4af72c0b826f1d?s=96&#038;r=g&#038;d=mm\",\"contentUrl\":\"\\\/\\\/www.gravatar.com\\\/avatar\\\/d8d45f8901aadff40a4af72c0b826f1d?s=96&#038;r=g&#038;d=mm\",\"caption\":\"dorogimedence.hu\"}}]}<\/script>\n<!-- \/ Yoast SEO plugin. -->","yoast_head_json":{"title":"K\u00f6zz\u00e9tette az esztergomi \u00f6nkorm\u00e1nyzat a midibuszok teszt\u00fczem\u00e9nek tapasztalatait","robots":{"index":"index","follow":"follow","max-snippet":"max-snippet:-1","max-image-preview":"max-image-preview:large","max-video-preview":"max-video-preview:-1"},"canonical":"https:\/\/dorogimedence.hu\/index.php\/2026\/09\/04\/kozzetette-az-esztergomi-onkormanyzat-a-midibuszok-tesztuzemenek-tapasztalatait\/","og_locale":"hu_HU","og_type":"article","og_title":"K\u00f6zz\u00e9tette az esztergomi \u00f6nkorm\u00e1nyzat a midibuszok teszt\u00fczem\u00e9nek tapasztalatait","og_description":"Esztergom Megyei Jog\u00fa V\u00e1ros \u00d6nkorm\u00e1nyzata ismertette a tavasszal elind\u00edtott F \u00e9s K jelz\u00e9s\u0171 midibuszj\u00e1ratok pr\u00f3ba\u00fczem\u00e9nek eredm\u00e9nyeit. A t\u00e1j\u00e9koztat\u00e1s bemutatja a m\u00e9rt utasforgalmat \u00e9s a m\u0171k\u00f6dtet\u00e9s k\u00f6lts\u00e9geit, amelyek alapj\u00e1n a v\u00e1ros a szolg\u00e1ltat\u00e1s hossz\u00fa t\u00e1v\u00fa fenntarthat\u00f3s\u00e1g\u00e1t vizsg\u00e1lta. Ahogyan arr\u00f3l kor\u00e1bban besz\u00e1moltunk, a midibuszok 2026. m\u00e1rcius 2-\u00e1n \u00e1lltak forgalomba. A teszt\u00fczem c\u00e9lja az volt, hogy t\u00e9nyleges utaz\u00e1si","og_url":"https:\/\/dorogimedence.hu\/index.php\/2026\/09\/04\/kozzetette-az-esztergomi-onkormanyzat-a-midibuszok-tesztuzemenek-tapasztalatait\/","og_site_name":"Dorogi-medence Region\u00e1lis H\u00edrport\u00e1l","article_publisher":"https:\/\/www.facebook.com\/dorogimedence\/","article_published_time":"2026-09-04T09:21:05+00:00","og_image":[{"width":2560,"height":1440,"url":"https:\/\/dorogimedence.hu\/wp-content\/uploads\/2026\/02\/midi-busz-scaled.jpg","type":"image\/jpeg"}],"author":"dorogimedence.hu","twitter_card":"summary_large_image","twitter_misc":{"Szerz\u0151:":"dorogimedence.hu","Becs\u00fclt olvas\u00e1si id\u0151":"3 perc"},"schema":{"@context":"https:\/\/schema.org","@graph":[{"@type":"Article","@id":"https:\/\/dorogimedence.hu\/index.php\/2026\/09\/04\/kozzetette-az-esztergomi-onkormanyzat-a-midibuszok-tesztuzemenek-tapasztalatait\/#article","isPartOf":{"@id":"https:\/\/dorogimedence.hu\/index.php\/2026\/09\/04\/kozzetette-az-esztergomi-onkormanyzat-a-midibuszok-tesztuzemenek-tapasztalatait\/"},"author":{"name":"dorogimedence.hu","@id":"https:\/\/dorogimedence.hu\/#\/schema\/person\/ce6091eeb7e95ecdc87890d6aa8e0fd4"},"headline":"K\u00f6zz\u00e9tette az esztergomi \u00f6nkorm\u00e1nyzat a midibuszok teszt\u00fczem\u00e9nek tapasztalatait","datePublished":"2026-09-04T09:21:05+00:00","mainEntityOfPage":{"@id":"https:\/\/dorogimedence.hu\/index.php\/2026\/09\/04\/kozzetette-az-esztergomi-onkormanyzat-a-midibuszok-tesztuzemenek-tapasztalatait\/"},"wordCount":680,"publisher":{"@id":"https:\/\/dorogimedence.hu\/#organization"},"image":{"@id":"https:\/\/dorogimedence.hu\/index.php\/2026\/09\/04\/kozzetette-az-esztergomi-onkormanyzat-a-midibuszok-tesztuzemenek-tapasztalatait\/#primaryimage"},"thumbnailUrl":"https:\/\/dorogimedence.hu\/wp-content\/uploads\/2026\/02\/midi-busz-scaled.jpg","keywords":["esztergom","k\u00f6z\u00f6ss\u00e9gi k\u00f6zleked\u00e9s","midibusz"],"articleSection":["Esztergom","H\u00edrek"],"inLanguage":"hu"},{"@type":"WebPage","@id":"https:\/\/dorogimedence.hu\/index.php\/2026\/09\/04\/kozzetette-az-esztergomi-onkormanyzat-a-midibuszok-tesztuzemenek-tapasztalatait\/","url":"https:\/\/dorogimedence.hu\/index.php\/2026\/09\/04\/kozzetette-az-esztergomi-onkormanyzat-a-midibuszok-tesztuzemenek-tapasztalatait\/","name":"K\u00f6zz\u00e9tette az esztergomi \u00f6nkorm\u00e1nyzat a midibuszok teszt\u00fczem\u00e9nek tapasztalatait","isPartOf":{"@id":"https:\/\/dorogimedence.hu\/#website"},"primaryImageOfPage":{"@id":"https:\/\/dorogimedence.hu\/index.php\/2026\/09\/04\/kozzetette-az-esztergomi-onkormanyzat-a-midibuszok-tesztuzemenek-tapasztalatait\/#primaryimage"},"image":{"@id":"https:\/\/dorogimedence.hu\/index.php\/2026\/09\/04\/kozzetette-az-esztergomi-onkormanyzat-a-midibuszok-tesztuzemenek-tapasztalatait\/#primaryimage"},"thumbnailUrl":"https:\/\/dorogimedence.hu\/wp-content\/uploads\/2026\/02\/midi-busz-scaled.jpg","datePublished":"2026-09-04T09:21:05+00:00","breadcrumb":{"@id":"https:\/\/dorogimedence.hu\/index.php\/2026\/09\/04\/kozzetette-az-esztergomi-onkormanyzat-a-midibuszok-tesztuzemenek-tapasztalatait\/#breadcrumb"},"inLanguage":"hu","potentialAction":[{"@type":"ReadAction","target":["https:\/\/dorogimedence.hu\/index.php\/2026\/09\/04\/kozzetette-az-esztergomi-onkormanyzat-a-midibuszok-tesztuzemenek-tapasztalatait\/"]}]},{"@type":"ImageObject","inLanguage":"hu","@id":"https:\/\/dorogimedence.hu\/index.php\/2026\/09\/04\/kozzetette-az-esztergomi-onkormanyzat-a-midibuszok-tesztuzemenek-tapasztalatait\/#primaryimage","url":"https:\/\/dorogimedence.hu\/wp-content\/uploads\/2026\/02\/midi-busz-scaled.jpg","contentUrl":"https:\/\/dorogimedence.hu\/wp-content\/uploads\/2026\/02\/midi-busz-scaled.jpg","width":2560,"height":1440},{"@type":"BreadcrumbList","@id":"https:\/\/dorogimedence.hu\/index.php\/2026\/09\/04\/kozzetette-az-esztergomi-onkormanyzat-a-midibuszok-tesztuzemenek-tapasztalatait\/#breadcrumb","itemListElement":[{"@type":"ListItem","position":1,"name":"Kezd\u0151lap","item":"https:\/\/dorogimedence.hu\/"},{"@type":"ListItem","position":2,"name":"K\u00f6zz\u00e9tette az esztergomi \u00f6nkorm\u00e1nyzat a midibuszok teszt\u00fczem\u00e9nek tapasztalatait"}]},{"@type":"WebSite","@id":"https:\/\/dorogimedence.hu\/#website","url":"https:\/\/dorogimedence.hu\/","name":"Dorogi-medence Region\u00e1lis H\u00edrport\u00e1l","description":"Dorog, Keszt\u00f6lc, Le\u00e1nyv\u00e1r, Piliscs\u00e9v, Tokod, Tokodalt\u00e1r\u00f3, Csolnok, Esztergom-kertv\u00e1ros: h\u00edrek, programok","publisher":{"@id":"https:\/\/dorogimedence.hu\/#organization"},"potentialAction":[{"@type":"SearchAction","target":{"@type":"EntryPoint","urlTemplate":"https:\/\/dorogimedence.hu\/?s={search_term_string}"},"query-input":{"@type":"PropertyValueSpecification","valueRequired":true,"valueName":"search_term_string"}}],"inLanguage":"hu"},{"@type":"Organization","@id":"https:\/\/dorogimedence.hu\/#organization","name":"Dorogi-medence Region\u00e1lis H\u00edrport\u00e1l","url":"https:\/\/dorogimedence.hu\/","logo":{"@type":"ImageObject","inLanguage":"hu","@id":"https:\/\/dorogimedence.hu\/#\/schema\/logo\/image\/","url":"https:\/\/dorogimedence.hu\/wp-content\/uploads\/2021\/04\/logo-feher-600.png","contentUrl":"https:\/\/dorogimedence.hu\/wp-content\/uploads\/2021\/04\/logo-feher-600.png","width":600,"height":100,"caption":"Dorogi-medence Region\u00e1lis H\u00edrport\u00e1l"},"image":{"@id":"https:\/\/dorogimedence.hu\/#\/schema\/logo\/image\/"},"sameAs":["https:\/\/www.facebook.com\/dorogimedence\/"]},{"@type":"Person","@id":"https:\/\/dorogimedence.hu\/#\/schema\/person\/ce6091eeb7e95ecdc87890d6aa8e0fd4","name":"dorogimedence.hu","image":{"@type":"ImageObject","inLanguage":"hu","@id":"\/\/www.gravatar.com\/avatar\/d8d45f8901aadff40a4af72c0b826f1d?s=96&#038;r=g&#038;d=mm","url":"\/\/www.gravatar.com\/avatar\/d8d45f8901aadff40a4af72c0b826f1d?s=96&#038;r=g&#038;d=mm","contentUrl":"\/\/www.gravatar.com\/avatar\/d8d45f8901aadff40a4af72c0b826f1d?s=96&#038;r=g&#038;d=mm","caption":"dorogimedence.hu"}}]}},"_links":{"self":[{"href":"https:\/\/dorogimedence.hu\/index.php\/wp-json\/wp\/v2\/posts\/83364","targetHints":{"allow":["GET"]}}],"collection":[{"href":"https:\/\/dorogimedence.hu\/index.php\/wp-json\/wp\/v2\/posts"}],"about":[{"href":"https:\/\/dorogimedence.hu\/index.php\/wp-json\/wp\/v2\/types\/post"}],"author":[{"embeddable":true,"href":"https:\/\/dorogimedence.hu\/index.php\/wp-json\/wp\/v2\/users\/1"}],"replies":[{"embeddable":true,"href":"https:\/\/dorogimedence.hu\/index.php\/wp-json\/wp\/v2\/comments?post=83364"}],"version-history":[{"count":1,"href":"https:\/\/dorogimedence.hu\/index.php\/wp-json\/wp\/v2\/posts\/83364\/revisions"}],"predecessor-version":[{"id":83365,"href":"https:\/\/dorogimedence.hu\/index.php\/wp-json\/wp\/v2\/posts\/83364\/revisions\/83365"}],"wp:featuredmedia":[{"embeddable":true,"href":"https:\/\/dorogimedence.hu\/index.php\/wp-json\/wp\/v2\/media\/78015"}],"wp:attachment":[{"href":"https:\/\/dorogimedence.hu\/index.php\/wp-json\/wp\/v2\/media?parent=83364"}],"wp:term":[{"taxonomy":"category","embeddable":true,"href":"https:\/\/dorogimedence.hu\/index.php\/wp-json\/wp\/v2\/categories?post=83364"},{"taxonomy":"post_tag","embeddable":true,"href":"https:\/\/dorogimedence.hu\/index.php\/wp-json\/wp\/v2\/tags?post=83364"}],"curies":[{"name":"wp","href":"https:\/\/api.w.org\/{rel}","templated":true}]}}