{"id":83361,"date":"2026-09-04T09:07:05","date_gmt":"2026-09-04T07:07:05","guid":{"rendered":"https:\/\/dorogimedence.hu\/?p=83361"},"modified":"2026-09-04T09:07:05","modified_gmt":"2026-09-04T07:07:05","slug":"toth-vera-es-az-r-go-is-fellep-a-parkanyi-borfesztivalon","status":"publish","type":"post","link":"https:\/\/dorogimedence.hu\/index.php\/2026\/09\/04\/toth-vera-es-az-r-go-is-fellep-a-parkanyi-borfesztivalon\/","title":{"rendered":"T\u00f3th Vera \u00e9s az R-GO is fell\u00e9p a p\u00e1rk\u00e1nyi borfesztiv\u00e1lon"},"content":{"rendered":"<p><strong>Szeptember 4\u20135-\u00e9n borokkal, koncertekkel \u00e9s k\u00e9zm\u0171ves v\u00e1s\u00e1rral v\u00e1rj\u00e1k a l\u00e1togat\u00f3kat a p\u00e1rk\u00e1nyi Duna-parton. A 3 Foly\u00f3 V\u00f6lgye Borfesztiv\u00e1lon t\u00f6bbek k\u00f6z\u00f6tt a T\u00f3th Vera Band, valamint Szikora R\u00f3bert \u00e9s az R-GO is sz\u00ednpadra l\u00e9p. A bel\u00e9p\u00e9s ingyenes.<\/strong><\/p>\n<p>Az esztergomi bazilika panor\u00e1m\u00e1ja mellett, a Komp parkban \u00e9s a Duna-parti s\u00e9t\u00e1nyon rendezik meg a k\u00e9tnapos fesztiv\u00e1lt, ahol a 3 Foly\u00f3 V\u00f6lgye t\u00e1rsul\u00e1s bor\u00e1szataival ismerkedhet meg a k\u00f6z\u00f6ns\u00e9g. A bork\u00f3stol\u00e1s mell\u00e9 mindk\u00e9t este zenei programok t\u00e1rsulnak, a k\u00edn\u00e1latot pedig k\u00e9zm\u0171ves v\u00e1s\u00e1r eg\u00e9sz\u00edti ki.<\/p>\n<p>A rendezv\u00e9nyen a Bott Frigyes, a B\u00f3na Winery, a Chateau R\u00faba\u0148, a Cs\u00e1bi Pince, a Csernus Winery &amp; Vineyards, a Fyrmonia Organic Winery, a Ge\u00f6ncze\u00f6l Pince, a Kasnyik Winery, a Vil\u00e1gi Winery, az \u00c1rend\u00e1s Winery, a Zalaba Winery \u00e9s a Borok H\u00e1za is k\u00e9pviselteti mag\u00e1t.<\/p>\n<p>P\u00e9nteken 19 \u00f3rakor a Fifti-Fifti koncertj\u00e9vel kezd\u0151dik a zenei program, majd a Skokan T\u00edmea Quintet k\u00f6vetkezik. Az este folyam\u00e1n a T\u00f3th Vera Band is fell\u00e9p, vend\u00e9geik Mih\u00e1lyi R\u00e9ka \u00e9s Tak\u00e1cs Nikolas lesznek. A napot DJ Dilemma z\u00e1rja.<\/p>\n<p>Szombaton a Funk You ind\u00edtja az est\u00e9t, 21 \u00f3r\u00e1t\u00f3l Szikora R\u00f3bert \u00e9s az R-GO gondoskodik a hangulatr\u00f3l, majd DJ Riwelto zen\u00e9l.<\/p>\n<h3><strong>R\u00e9szletes program<\/strong><\/h3>\n<p><strong>Szeptember 4., p\u00e9ntek<\/strong><\/p>\n<ul>\n<li>19:00 \u2013 Fifti-Fifti<\/li>\n<li>20:00 \u2013 Skokan T\u00edmea Quintet<\/li>\n<li>21:30 \u2013 T\u00f3th Vera Band \u2013 vend\u00e9gek: Mih\u00e1lyi R\u00e9ka \u00e9s Tak\u00e1cs Nikolas<\/li>\n<li>23:00 \u2013 DJ Dilemma<\/li>\n<\/ul>\n<p><strong>Szeptember 5., szombat<\/strong><\/p>\n<ul>\n<li>19:00 \u2013 Funk You<\/li>\n<li>21:00 \u2013 Szikora R\u00f3bert \u00e9s az R-GO<\/li>\n<li>23:00 \u2013 DJ Riwelto<\/li>\n<\/ul>\n<p>A fesztiv\u00e1l helysz\u00edne <strong>P\u00e1rk\u00e1ny, Komp park \u2013 Duna-parti s\u00e9t\u00e1ny<\/strong>, id\u0151pontja <strong>2026. szeptember 4\u20135.<\/strong> A bel\u00e9p\u00e9s mindk\u00e9t napon ingyenes. A rendezv\u00e9nyt a MOL \u2013 \u00daj Eur\u00f3pa Alap\u00edtv\u00e1ny t\u00e1mogatja.<\/p>\n<p>Tov\u00e1bbi r\u00e9szletek a <span style=\"text-decoration: underline; color: #0000ff;\"><a style=\"color: #0000ff; text-decoration: underline;\" href=\"https:\/\/www.facebook.com\/events\/28227069146930980\/\" target=\"_blank\" rel=\"noopener\">Facebook-esem\u00e9nyben<\/a><\/span>.<\/p>\n","protected":false},"excerpt":{"rendered":"<p>Szeptember 4\u20135-\u00e9n borokkal, koncertekkel \u00e9s k\u00e9zm\u0171ves v\u00e1s\u00e1rral v\u00e1rj\u00e1k a l\u00e1togat\u00f3kat a p\u00e1rk\u00e1nyi Duna-parton. A 3 Foly\u00f3 V\u00f6lgye Borfesztiv\u00e1lon t\u00f6bbek k\u00f6z\u00f6tt a T\u00f3th Vera Band, valamint Szikora R\u00f3bert \u00e9s az R-GO is sz\u00ednpadra l\u00e9p. A bel\u00e9p\u00e9s ingyenes. Az esztergomi bazilika panor\u00e1m\u00e1ja mellett, a Komp parkban \u00e9s a Duna-parti s\u00e9t\u00e1nyon rendezik meg a k\u00e9tnapos fesztiv\u00e1lt, ahol a<\/p>\n","protected":false},"author":1,"featured_media":83362,"comment_status":"closed","ping_status":"closed","sticky":false,"template":"","format":"standard","meta":{"ngg_post_thumbnail":0,"footnotes":""},"categories":[3,3561],"tags":[9080,119,212,101,116],"class_list":["post-83361","post","type-post","status-publish","format-standard","has-post-thumbnail","category-hirek","category-programok","tag-3-folyo-volgye-borfesztivalon","tag-koncert","tag-parkany","tag-program","tag-programok"],"yoast_head":"<!-- This site is optimized with the Yoast SEO plugin v28.3 - https:\/\/yoast.com\/product\/yoast-seo-wordpress\/ -->\n<title>T\u00f3th Vera \u00e9s az R-GO is fell\u00e9p a p\u00e1rk\u00e1nyi borfesztiv\u00e1lon<\/title>\n<meta name=\"robots\" content=\"index, follow, max-snippet:-1, max-image-preview:large, max-video-preview:-1\" \/>\n<link rel=\"canonical\" href=\"https:\/\/dorogimedence.hu\/index.php\/2026\/09\/04\/toth-vera-es-az-r-go-is-fellep-a-parkanyi-borfesztivalon\/\" class=\"yoast-seo-meta-tag\" \/>\n<meta property=\"og:locale\" content=\"hu_HU\" class=\"yoast-seo-meta-tag\" \/>\n<meta property=\"og:type\" content=\"article\" class=\"yoast-seo-meta-tag\" \/>\n<meta property=\"og:title\" content=\"T\u00f3th Vera \u00e9s az R-GO is fell\u00e9p a p\u00e1rk\u00e1nyi borfesztiv\u00e1lon\" class=\"yoast-seo-meta-tag\" \/>\n<meta property=\"og:description\" content=\"Szeptember 4\u20135-\u00e9n borokkal, koncertekkel \u00e9s k\u00e9zm\u0171ves v\u00e1s\u00e1rral v\u00e1rj\u00e1k a l\u00e1togat\u00f3kat a p\u00e1rk\u00e1nyi Duna-parton. A 3 Foly\u00f3 V\u00f6lgye Borfesztiv\u00e1lon t\u00f6bbek k\u00f6z\u00f6tt a T\u00f3th Vera Band, valamint Szikora R\u00f3bert \u00e9s az R-GO is sz\u00ednpadra l\u00e9p. A bel\u00e9p\u00e9s ingyenes. Az esztergomi bazilika panor\u00e1m\u00e1ja mellett, a Komp parkban \u00e9s a Duna-parti s\u00e9t\u00e1nyon rendezik meg a k\u00e9tnapos fesztiv\u00e1lt, ahol a\" class=\"yoast-seo-meta-tag\" \/>\n<meta property=\"og:url\" content=\"https:\/\/dorogimedence.hu\/index.php\/2026\/09\/04\/toth-vera-es-az-r-go-is-fellep-a-parkanyi-borfesztivalon\/\" class=\"yoast-seo-meta-tag\" \/>\n<meta property=\"og:site_name\" content=\"Dorogi-medence Region\u00e1lis H\u00edrport\u00e1l\" class=\"yoast-seo-meta-tag\" \/>\n<meta property=\"article:publisher\" content=\"https:\/\/www.facebook.com\/dorogimedence\/\" class=\"yoast-seo-meta-tag\" \/>\n<meta property=\"article:published_time\" content=\"2026-09-04T07:07:05+00:00\" class=\"yoast-seo-meta-tag\" \/>\n<meta property=\"og:image\" content=\"https:\/\/dorogimedence.hu\/wp-content\/uploads\/2026\/09\/3folyovolgye.jpg\" class=\"yoast-seo-meta-tag\" \/>\n\t<meta property=\"og:image:width\" content=\"1920\" class=\"yoast-seo-meta-tag\" \/>\n\t<meta property=\"og:image:height\" content=\"970\" class=\"yoast-seo-meta-tag\" \/>\n\t<meta property=\"og:image:type\" content=\"image\/jpeg\" class=\"yoast-seo-meta-tag\" \/>\n<meta name=\"author\" content=\"dorogimedence.hu\" class=\"yoast-seo-meta-tag\" \/>\n<meta name=\"twitter:card\" content=\"summary_large_image\" class=\"yoast-seo-meta-tag\" \/>\n<meta name=\"twitter:label1\" content=\"Szerz\u0151:\" class=\"yoast-seo-meta-tag\" \/>\n\t<meta name=\"twitter:data1\" content=\"dorogimedence.hu\" class=\"yoast-seo-meta-tag\" \/>\n\t<meta name=\"twitter:label2\" content=\"Becs\u00fclt olvas\u00e1si id\u0151\" class=\"yoast-seo-meta-tag\" \/>\n\t<meta name=\"twitter:data2\" content=\"2 perc\" class=\"yoast-seo-meta-tag\" \/>\n<script type=\"application\/ld+json\" class=\"yoast-schema-graph\">{\"@context\":\"https:\\\/\\\/schema.org\",\"@graph\":[{\"@type\":\"Article\",\"@id\":\"https:\\\/\\\/dorogimedence.hu\\\/index.php\\\/2026\\\/09\\\/04\\\/toth-vera-es-az-r-go-is-fellep-a-parkanyi-borfesztivalon\\\/#article\",\"isPartOf\":{\"@id\":\"https:\\\/\\\/dorogimedence.hu\\\/index.php\\\/2026\\\/09\\\/04\\\/toth-vera-es-az-r-go-is-fellep-a-parkanyi-borfesztivalon\\\/\"},\"author\":{\"name\":\"dorogimedence.hu\",\"@id\":\"https:\\\/\\\/dorogimedence.hu\\\/#\\\/schema\\\/person\\\/ce6091eeb7e95ecdc87890d6aa8e0fd4\"},\"headline\":\"T\u00f3th Vera \u00e9s az R-GO is fell\u00e9p a p\u00e1rk\u00e1nyi borfesztiv\u00e1lon\",\"datePublished\":\"2026-09-04T07:07:05+00:00\",\"mainEntityOfPage\":{\"@id\":\"https:\\\/\\\/dorogimedence.hu\\\/index.php\\\/2026\\\/09\\\/04\\\/toth-vera-es-az-r-go-is-fellep-a-parkanyi-borfesztivalon\\\/\"},\"wordCount\":355,\"publisher\":{\"@id\":\"https:\\\/\\\/dorogimedence.hu\\\/#organization\"},\"image\":{\"@id\":\"https:\\\/\\\/dorogimedence.hu\\\/index.php\\\/2026\\\/09\\\/04\\\/toth-vera-es-az-r-go-is-fellep-a-parkanyi-borfesztivalon\\\/#primaryimage\"},\"thumbnailUrl\":\"https:\\\/\\\/dorogimedence.hu\\\/wp-content\\\/uploads\\\/2026\\\/09\\\/3folyovolgye.jpg\",\"keywords\":[\"3 Foly\u00f3 V\u00f6lgye Borfesztiv\u00e1lon\",\"koncert\",\"P\u00e1rk\u00e1ny\",\"program\",\"programok\"],\"articleSection\":[\"H\u00edrek\",\"Programok\"],\"inLanguage\":\"hu\"},{\"@type\":\"WebPage\",\"@id\":\"https:\\\/\\\/dorogimedence.hu\\\/index.php\\\/2026\\\/09\\\/04\\\/toth-vera-es-az-r-go-is-fellep-a-parkanyi-borfesztivalon\\\/\",\"url\":\"https:\\\/\\\/dorogimedence.hu\\\/index.php\\\/2026\\\/09\\\/04\\\/toth-vera-es-az-r-go-is-fellep-a-parkanyi-borfesztivalon\\\/\",\"name\":\"T\u00f3th Vera \u00e9s az R-GO is fell\u00e9p a p\u00e1rk\u00e1nyi borfesztiv\u00e1lon\",\"isPartOf\":{\"@id\":\"https:\\\/\\\/dorogimedence.hu\\\/#website\"},\"primaryImageOfPage\":{\"@id\":\"https:\\\/\\\/dorogimedence.hu\\\/index.php\\\/2026\\\/09\\\/04\\\/toth-vera-es-az-r-go-is-fellep-a-parkanyi-borfesztivalon\\\/#primaryimage\"},\"image\":{\"@id\":\"https:\\\/\\\/dorogimedence.hu\\\/index.php\\\/2026\\\/09\\\/04\\\/toth-vera-es-az-r-go-is-fellep-a-parkanyi-borfesztivalon\\\/#primaryimage\"},\"thumbnailUrl\":\"https:\\\/\\\/dorogimedence.hu\\\/wp-content\\\/uploads\\\/2026\\\/09\\\/3folyovolgye.jpg\",\"datePublished\":\"2026-09-04T07:07:05+00:00\",\"breadcrumb\":{\"@id\":\"https:\\\/\\\/dorogimedence.hu\\\/index.php\\\/2026\\\/09\\\/04\\\/toth-vera-es-az-r-go-is-fellep-a-parkanyi-borfesztivalon\\\/#breadcrumb\"},\"inLanguage\":\"hu\",\"potentialAction\":[{\"@type\":\"ReadAction\",\"target\":[\"https:\\\/\\\/dorogimedence.hu\\\/index.php\\\/2026\\\/09\\\/04\\\/toth-vera-es-az-r-go-is-fellep-a-parkanyi-borfesztivalon\\\/\"]}]},{\"@type\":\"ImageObject\",\"inLanguage\":\"hu\",\"@id\":\"https:\\\/\\\/dorogimedence.hu\\\/index.php\\\/2026\\\/09\\\/04\\\/toth-vera-es-az-r-go-is-fellep-a-parkanyi-borfesztivalon\\\/#primaryimage\",\"url\":\"https:\\\/\\\/dorogimedence.hu\\\/wp-content\\\/uploads\\\/2026\\\/09\\\/3folyovolgye.jpg\",\"contentUrl\":\"https:\\\/\\\/dorogimedence.hu\\\/wp-content\\\/uploads\\\/2026\\\/09\\\/3folyovolgye.jpg\",\"width\":1920,\"height\":970},{\"@type\":\"BreadcrumbList\",\"@id\":\"https:\\\/\\\/dorogimedence.hu\\\/index.php\\\/2026\\\/09\\\/04\\\/toth-vera-es-az-r-go-is-fellep-a-parkanyi-borfesztivalon\\\/#breadcrumb\",\"itemListElement\":[{\"@type\":\"ListItem\",\"position\":1,\"name\":\"Kezd\u0151lap\",\"item\":\"https:\\\/\\\/dorogimedence.hu\\\/\"},{\"@type\":\"ListItem\",\"position\":2,\"name\":\"T\u00f3th Vera \u00e9s az R-GO is fell\u00e9p a p\u00e1rk\u00e1nyi borfesztiv\u00e1lon\"}]},{\"@type\":\"WebSite\",\"@id\":\"https:\\\/\\\/dorogimedence.hu\\\/#website\",\"url\":\"https:\\\/\\\/dorogimedence.hu\\\/\",\"name\":\"Dorogi-medence Region\u00e1lis H\u00edrport\u00e1l\",\"description\":\"Dorog, Keszt\u00f6lc, Le\u00e1nyv\u00e1r, Piliscs\u00e9v, Tokod, Tokodalt\u00e1r\u00f3, Csolnok, Esztergom-kertv\u00e1ros: h\u00edrek, programok\",\"publisher\":{\"@id\":\"https:\\\/\\\/dorogimedence.hu\\\/#organization\"},\"potentialAction\":[{\"@type\":\"SearchAction\",\"target\":{\"@type\":\"EntryPoint\",\"urlTemplate\":\"https:\\\/\\\/dorogimedence.hu\\\/?s={search_term_string}\"},\"query-input\":{\"@type\":\"PropertyValueSpecification\",\"valueRequired\":true,\"valueName\":\"search_term_string\"}}],\"inLanguage\":\"hu\"},{\"@type\":\"Organization\",\"@id\":\"https:\\\/\\\/dorogimedence.hu\\\/#organization\",\"name\":\"Dorogi-medence Region\u00e1lis H\u00edrport\u00e1l\",\"url\":\"https:\\\/\\\/dorogimedence.hu\\\/\",\"logo\":{\"@type\":\"ImageObject\",\"inLanguage\":\"hu\",\"@id\":\"https:\\\/\\\/dorogimedence.hu\\\/#\\\/schema\\\/logo\\\/image\\\/\",\"url\":\"https:\\\/\\\/dorogimedence.hu\\\/wp-content\\\/uploads\\\/2021\\\/04\\\/logo-feher-600.png\",\"contentUrl\":\"https:\\\/\\\/dorogimedence.hu\\\/wp-content\\\/uploads\\\/2021\\\/04\\\/logo-feher-600.png\",\"width\":600,\"height\":100,\"caption\":\"Dorogi-medence Region\u00e1lis H\u00edrport\u00e1l\"},\"image\":{\"@id\":\"https:\\\/\\\/dorogimedence.hu\\\/#\\\/schema\\\/logo\\\/image\\\/\"},\"sameAs\":[\"https:\\\/\\\/www.facebook.com\\\/dorogimedence\\\/\"]},{\"@type\":\"Person\",\"@id\":\"https:\\\/\\\/dorogimedence.hu\\\/#\\\/schema\\\/person\\\/ce6091eeb7e95ecdc87890d6aa8e0fd4\",\"name\":\"dorogimedence.hu\",\"image\":{\"@type\":\"ImageObject\",\"inLanguage\":\"hu\",\"@id\":\"\\\/\\\/www.gravatar.com\\\/avatar\\\/d8d45f8901aadff40a4af72c0b826f1d?s=96&#038;r=g&#038;d=mm\",\"url\":\"\\\/\\\/www.gravatar.com\\\/avatar\\\/d8d45f8901aadff40a4af72c0b826f1d?s=96&#038;r=g&#038;d=mm\",\"contentUrl\":\"\\\/\\\/www.gravatar.com\\\/avatar\\\/d8d45f8901aadff40a4af72c0b826f1d?s=96&#038;r=g&#038;d=mm\",\"caption\":\"dorogimedence.hu\"}}]}<\/script>\n<!-- \/ Yoast SEO plugin. -->","yoast_head_json":{"title":"T\u00f3th Vera \u00e9s az R-GO is fell\u00e9p a p\u00e1rk\u00e1nyi borfesztiv\u00e1lon","robots":{"index":"index","follow":"follow","max-snippet":"max-snippet:-1","max-image-preview":"max-image-preview:large","max-video-preview":"max-video-preview:-1"},"canonical":"https:\/\/dorogimedence.hu\/index.php\/2026\/09\/04\/toth-vera-es-az-r-go-is-fellep-a-parkanyi-borfesztivalon\/","og_locale":"hu_HU","og_type":"article","og_title":"T\u00f3th Vera \u00e9s az R-GO is fell\u00e9p a p\u00e1rk\u00e1nyi borfesztiv\u00e1lon","og_description":"Szeptember 4\u20135-\u00e9n borokkal, koncertekkel \u00e9s k\u00e9zm\u0171ves v\u00e1s\u00e1rral v\u00e1rj\u00e1k a l\u00e1togat\u00f3kat a p\u00e1rk\u00e1nyi Duna-parton. A 3 Foly\u00f3 V\u00f6lgye Borfesztiv\u00e1lon t\u00f6bbek k\u00f6z\u00f6tt a T\u00f3th Vera Band, valamint Szikora R\u00f3bert \u00e9s az R-GO is sz\u00ednpadra l\u00e9p. A bel\u00e9p\u00e9s ingyenes. Az esztergomi bazilika panor\u00e1m\u00e1ja mellett, a Komp parkban \u00e9s a Duna-parti s\u00e9t\u00e1nyon rendezik meg a k\u00e9tnapos fesztiv\u00e1lt, ahol a","og_url":"https:\/\/dorogimedence.hu\/index.php\/2026\/09\/04\/toth-vera-es-az-r-go-is-fellep-a-parkanyi-borfesztivalon\/","og_site_name":"Dorogi-medence Region\u00e1lis H\u00edrport\u00e1l","article_publisher":"https:\/\/www.facebook.com\/dorogimedence\/","article_published_time":"2026-09-04T07:07:05+00:00","og_image":[{"width":1920,"height":970,"url":"https:\/\/dorogimedence.hu\/wp-content\/uploads\/2026\/09\/3folyovolgye.jpg","type":"image\/jpeg"}],"author":"dorogimedence.hu","twitter_card":"summary_large_image","twitter_misc":{"Szerz\u0151:":"dorogimedence.hu","Becs\u00fclt olvas\u00e1si id\u0151":"2 perc"},"schema":{"@context":"https:\/\/schema.org","@graph":[{"@type":"Article","@id":"https:\/\/dorogimedence.hu\/index.php\/2026\/09\/04\/toth-vera-es-az-r-go-is-fellep-a-parkanyi-borfesztivalon\/#article","isPartOf":{"@id":"https:\/\/dorogimedence.hu\/index.php\/2026\/09\/04\/toth-vera-es-az-r-go-is-fellep-a-parkanyi-borfesztivalon\/"},"author":{"name":"dorogimedence.hu","@id":"https:\/\/dorogimedence.hu\/#\/schema\/person\/ce6091eeb7e95ecdc87890d6aa8e0fd4"},"headline":"T\u00f3th Vera \u00e9s az R-GO is fell\u00e9p a p\u00e1rk\u00e1nyi borfesztiv\u00e1lon","datePublished":"2026-09-04T07:07:05+00:00","mainEntityOfPage":{"@id":"https:\/\/dorogimedence.hu\/index.php\/2026\/09\/04\/toth-vera-es-az-r-go-is-fellep-a-parkanyi-borfesztivalon\/"},"wordCount":355,"publisher":{"@id":"https:\/\/dorogimedence.hu\/#organization"},"image":{"@id":"https:\/\/dorogimedence.hu\/index.php\/2026\/09\/04\/toth-vera-es-az-r-go-is-fellep-a-parkanyi-borfesztivalon\/#primaryimage"},"thumbnailUrl":"https:\/\/dorogimedence.hu\/wp-content\/uploads\/2026\/09\/3folyovolgye.jpg","keywords":["3 Foly\u00f3 V\u00f6lgye Borfesztiv\u00e1lon","koncert","P\u00e1rk\u00e1ny","program","programok"],"articleSection":["H\u00edrek","Programok"],"inLanguage":"hu"},{"@type":"WebPage","@id":"https:\/\/dorogimedence.hu\/index.php\/2026\/09\/04\/toth-vera-es-az-r-go-is-fellep-a-parkanyi-borfesztivalon\/","url":"https:\/\/dorogimedence.hu\/index.php\/2026\/09\/04\/toth-vera-es-az-r-go-is-fellep-a-parkanyi-borfesztivalon\/","name":"T\u00f3th Vera \u00e9s az R-GO is fell\u00e9p a p\u00e1rk\u00e1nyi borfesztiv\u00e1lon","isPartOf":{"@id":"https:\/\/dorogimedence.hu\/#website"},"primaryImageOfPage":{"@id":"https:\/\/dorogimedence.hu\/index.php\/2026\/09\/04\/toth-vera-es-az-r-go-is-fellep-a-parkanyi-borfesztivalon\/#primaryimage"},"image":{"@id":"https:\/\/dorogimedence.hu\/index.php\/2026\/09\/04\/toth-vera-es-az-r-go-is-fellep-a-parkanyi-borfesztivalon\/#primaryimage"},"thumbnailUrl":"https:\/\/dorogimedence.hu\/wp-content\/uploads\/2026\/09\/3folyovolgye.jpg","datePublished":"2026-09-04T07:07:05+00:00","breadcrumb":{"@id":"https:\/\/dorogimedence.hu\/index.php\/2026\/09\/04\/toth-vera-es-az-r-go-is-fellep-a-parkanyi-borfesztivalon\/#breadcrumb"},"inLanguage":"hu","potentialAction":[{"@type":"ReadAction","target":["https:\/\/dorogimedence.hu\/index.php\/2026\/09\/04\/toth-vera-es-az-r-go-is-fellep-a-parkanyi-borfesztivalon\/"]}]},{"@type":"ImageObject","inLanguage":"hu","@id":"https:\/\/dorogimedence.hu\/index.php\/2026\/09\/04\/toth-vera-es-az-r-go-is-fellep-a-parkanyi-borfesztivalon\/#primaryimage","url":"https:\/\/dorogimedence.hu\/wp-content\/uploads\/2026\/09\/3folyovolgye.jpg","contentUrl":"https:\/\/dorogimedence.hu\/wp-content\/uploads\/2026\/09\/3folyovolgye.jpg","width":1920,"height":970},{"@type":"BreadcrumbList","@id":"https:\/\/dorogimedence.hu\/index.php\/2026\/09\/04\/toth-vera-es-az-r-go-is-fellep-a-parkanyi-borfesztivalon\/#breadcrumb","itemListElement":[{"@type":"ListItem","position":1,"name":"Kezd\u0151lap","item":"https:\/\/dorogimedence.hu\/"},{"@type":"ListItem","position":2,"name":"T\u00f3th Vera \u00e9s az R-GO is fell\u00e9p a p\u00e1rk\u00e1nyi borfesztiv\u00e1lon"}]},{"@type":"WebSite","@id":"https:\/\/dorogimedence.hu\/#website","url":"https:\/\/dorogimedence.hu\/","name":"Dorogi-medence Region\u00e1lis H\u00edrport\u00e1l","description":"Dorog, Keszt\u00f6lc, Le\u00e1nyv\u00e1r, Piliscs\u00e9v, Tokod, Tokodalt\u00e1r\u00f3, Csolnok, Esztergom-kertv\u00e1ros: h\u00edrek, programok","publisher":{"@id":"https:\/\/dorogimedence.hu\/#organization"},"potentialAction":[{"@type":"SearchAction","target":{"@type":"EntryPoint","urlTemplate":"https:\/\/dorogimedence.hu\/?s={search_term_string}"},"query-input":{"@type":"PropertyValueSpecification","valueRequired":true,"valueName":"search_term_string"}}],"inLanguage":"hu"},{"@type":"Organization","@id":"https:\/\/dorogimedence.hu\/#organization","name":"Dorogi-medence Region\u00e1lis H\u00edrport\u00e1l","url":"https:\/\/dorogimedence.hu\/","logo":{"@type":"ImageObject","inLanguage":"hu","@id":"https:\/\/dorogimedence.hu\/#\/schema\/logo\/image\/","url":"https:\/\/dorogimedence.hu\/wp-content\/uploads\/2021\/04\/logo-feher-600.png","contentUrl":"https:\/\/dorogimedence.hu\/wp-content\/uploads\/2021\/04\/logo-feher-600.png","width":600,"height":100,"caption":"Dorogi-medence Region\u00e1lis H\u00edrport\u00e1l"},"image":{"@id":"https:\/\/dorogimedence.hu\/#\/schema\/logo\/image\/"},"sameAs":["https:\/\/www.facebook.com\/dorogimedence\/"]},{"@type":"Person","@id":"https:\/\/dorogimedence.hu\/#\/schema\/person\/ce6091eeb7e95ecdc87890d6aa8e0fd4","name":"dorogimedence.hu","image":{"@type":"ImageObject","inLanguage":"hu","@id":"\/\/www.gravatar.com\/avatar\/d8d45f8901aadff40a4af72c0b826f1d?s=96&#038;r=g&#038;d=mm","url":"\/\/www.gravatar.com\/avatar\/d8d45f8901aadff40a4af72c0b826f1d?s=96&#038;r=g&#038;d=mm","contentUrl":"\/\/www.gravatar.com\/avatar\/d8d45f8901aadff40a4af72c0b826f1d?s=96&#038;r=g&#038;d=mm","caption":"dorogimedence.hu"}}]}},"_links":{"self":[{"href":"https:\/\/dorogimedence.hu\/index.php\/wp-json\/wp\/v2\/posts\/83361","targetHints":{"allow":["GET"]}}],"collection":[{"href":"https:\/\/dorogimedence.hu\/index.php\/wp-json\/wp\/v2\/posts"}],"about":[{"href":"https:\/\/dorogimedence.hu\/index.php\/wp-json\/wp\/v2\/types\/post"}],"author":[{"embeddable":true,"href":"https:\/\/dorogimedence.hu\/index.php\/wp-json\/wp\/v2\/users\/1"}],"replies":[{"embeddable":true,"href":"https:\/\/dorogimedence.hu\/index.php\/wp-json\/wp\/v2\/comments?post=83361"}],"version-history":[{"count":1,"href":"https:\/\/dorogimedence.hu\/index.php\/wp-json\/wp\/v2\/posts\/83361\/revisions"}],"predecessor-version":[{"id":83363,"href":"https:\/\/dorogimedence.hu\/index.php\/wp-json\/wp\/v2\/posts\/83361\/revisions\/83363"}],"wp:featuredmedia":[{"embeddable":true,"href":"https:\/\/dorogimedence.hu\/index.php\/wp-json\/wp\/v2\/media\/83362"}],"wp:attachment":[{"href":"https:\/\/dorogimedence.hu\/index.php\/wp-json\/wp\/v2\/media?parent=83361"}],"wp:term":[{"taxonomy":"category","embeddable":true,"href":"https:\/\/dorogimedence.hu\/index.php\/wp-json\/wp\/v2\/categories?post=83361"},{"taxonomy":"post_tag","embeddable":true,"href":"https:\/\/dorogimedence.hu\/index.php\/wp-json\/wp\/v2\/tags?post=83361"}],"curies":[{"name":"wp","href":"https:\/\/api.w.org\/{rel}","templated":true}]}}