{"id":83340,"date":"2026-09-03T11:44:31","date_gmt":"2026-09-03T09:44:31","guid":{"rendered":"https:\/\/dorogimedence.hu\/?p=83340"},"modified":"2026-09-03T11:44:31","modified_gmt":"2026-09-03T09:44:31","slug":"megkezdodik-az-ifjusag-utca-burkolatanak-felujitasa-taton","status":"publish","type":"post","link":"https:\/\/dorogimedence.hu\/index.php\/2026\/09\/03\/megkezdodik-az-ifjusag-utca-burkolatanak-felujitasa-taton\/","title":{"rendered":"Megkezd\u0151dik az Ifj\u00fas\u00e1g utca burkolat\u00e1nak fel\u00faj\u00edt\u00e1sa T\u00e1ton"},"content":{"rendered":"<p><strong>Szeptember 3-\u00e1n megkezd\u0151dnek az \u00fatfel\u00faj\u00edt\u00e1si munk\u00e1latok a t\u00e1ti Ifj\u00fas\u00e1g utc\u00e1ban. A kivitelez\u00e9s v\u00e1rhat\u00f3an n\u00e9gy h\u00e9tig tart, egyes id\u0151szakokban pedig g\u00e9pj\u00e1rm\u0171vel sem lehet majd behajtani az \u00e9rintett szakaszra.<\/strong><\/p>\n<p>T\u00e1t V\u00e1ros \u00d6nkorm\u00e1nyzat\u00e1nak <a href=\"https:\/\/tat.hu\/hirdetmeny-ifjusag-utca-utburkolatanak-felujitasa\/\" target=\"_blank\" rel=\"noopener\"><span style=\"text-decoration: underline; color: #0000ff;\">t\u00e1j\u00e9koztat\u00e1sa szerint<\/span><\/a> 2026. szeptember 3-\u00e1n, cs\u00fct\u00f6rt\u00f6k\u00f6n megkezd\u0151dik az Ifj\u00fas\u00e1g utca \u00fatburkolat\u00e1nak fel\u00faj\u00edt\u00e1sa. A munk\u00e1latok az Esztergomi \u00fat \u00e9s a J\u00f3kai utca k\u00f6z\u00f6tti szakaszt \u00e9rintik.<\/p>\n<p>A beruh\u00e1z\u00e1s v\u00e1rhat\u00f3an mintegy n\u00e9gy h\u00e9tig tart. A kivitelez\u00e9s bizonyos szakaszaiban az Ifj\u00fas\u00e1g utc\u00e1ba g\u00e9pj\u00e1rm\u0171vel nem lehet majd behajtani.<\/p>\n<p>Az \u00f6nkorm\u00e1nyzat arra k\u00e9ri az \u00e9rintett lak\u00f3kat, hogy amennyiben a munk\u00e1latok idej\u00e9n el\u0151re tervezhet\u0151 okb\u00f3l sz\u00fcks\u00e9g\u00fck lesz az ingatlan g\u00e9pj\u00e1rm\u0171ves megk\u00f6zel\u00edt\u00e9s\u00e9re, azt legal\u00e1bb h\u00e1rom nappal kor\u00e1bban jelezz\u00e9k. Ilyen eset lehet p\u00e9ld\u00e1ul az orvosi vizsg\u00e1lat, a betegsz\u00e1ll\u00edt\u00e1s, a t\u0171zifa vagy m\u00e1s nagyobb sz\u00e1ll\u00edtm\u00e1ny \u00e9rkez\u00e9se, valamint a k\u00f6lt\u00f6z\u00e9s. Az el\u0151zetes egyeztet\u00e9s az <a href=\"mailto:info@4epv.hu\" target=\"_blank\" rel=\"noopener\"><span style=\"text-decoration: underline; color: #0000ff;\">info@4epv.hu<\/span><\/a> e-mail-c\u00edmen, illetve az \u00f6nkorm\u00e1nyzat 06-33\/514-510-es telefonsz\u00e1m\u00e1n, a 12-es mell\u00e9ken lehets\u00e9ges.<\/p>\n<p>A v\u00e1rosvezet\u00e9s a fel\u00faj\u00edt\u00e1s idej\u00e9re a lakoss\u00e1g t\u00fcrelm\u00e9t \u00e9s meg\u00e9rt\u00e9s\u00e9t k\u00e9ri.<\/p>\n<p><em>Bor\u00edt\u00f3k\u00e9p: illusztr\u00e1ci\u00f3<\/em><\/p>\n","protected":false},"excerpt":{"rendered":"<p>Szeptember 3-\u00e1n megkezd\u0151dnek az \u00fatfel\u00faj\u00edt\u00e1si munk\u00e1latok a t\u00e1ti Ifj\u00fas\u00e1g utc\u00e1ban. A kivitelez\u00e9s v\u00e1rhat\u00f3an n\u00e9gy h\u00e9tig tart, egyes id\u0151szakokban pedig g\u00e9pj\u00e1rm\u0171vel sem lehet majd behajtani az \u00e9rintett szakaszra. T\u00e1t V\u00e1ros \u00d6nkorm\u00e1nyzat\u00e1nak t\u00e1j\u00e9koztat\u00e1sa szerint 2026. szeptember 3-\u00e1n, cs\u00fct\u00f6rt\u00f6k\u00f6n megkezd\u0151dik az Ifj\u00fas\u00e1g utca \u00fatburkolat\u00e1nak fel\u00faj\u00edt\u00e1sa. A munk\u00e1latok az Esztergomi \u00fat \u00e9s a J\u00f3kai utca k\u00f6z\u00f6tti szakaszt \u00e9rintik. A<\/p>\n","protected":false},"author":1,"featured_media":83341,"comment_status":"closed","ping_status":"closed","sticky":false,"template":"","format":"standard","meta":{"ngg_post_thumbnail":0,"footnotes":""},"categories":[3,110],"tags":[111,258,697],"class_list":["post-83340","post","type-post","status-publish","format-standard","has-post-thumbnail","category-hirek","category-tat","tag-tat","tag-utepites","tag-utfelujitas"],"yoast_head":"<!-- This site is optimized with the Yoast SEO plugin v28.3 - https:\/\/yoast.com\/product\/yoast-seo-wordpress\/ -->\n<title>Megkezd\u0151dik az Ifj\u00fas\u00e1g utca burkolat\u00e1nak fel\u00faj\u00edt\u00e1sa T\u00e1ton<\/title>\n<meta name=\"robots\" content=\"index, follow, max-snippet:-1, max-image-preview:large, max-video-preview:-1\" \/>\n<link rel=\"canonical\" href=\"https:\/\/dorogimedence.hu\/index.php\/2026\/09\/03\/megkezdodik-az-ifjusag-utca-burkolatanak-felujitasa-taton\/\" class=\"yoast-seo-meta-tag\" \/>\n<meta property=\"og:locale\" content=\"hu_HU\" class=\"yoast-seo-meta-tag\" \/>\n<meta property=\"og:type\" content=\"article\" class=\"yoast-seo-meta-tag\" \/>\n<meta property=\"og:title\" content=\"Megkezd\u0151dik az Ifj\u00fas\u00e1g utca burkolat\u00e1nak fel\u00faj\u00edt\u00e1sa T\u00e1ton\" class=\"yoast-seo-meta-tag\" \/>\n<meta property=\"og:description\" content=\"Szeptember 3-\u00e1n megkezd\u0151dnek az \u00fatfel\u00faj\u00edt\u00e1si munk\u00e1latok a t\u00e1ti Ifj\u00fas\u00e1g utc\u00e1ban. A kivitelez\u00e9s v\u00e1rhat\u00f3an n\u00e9gy h\u00e9tig tart, egyes id\u0151szakokban pedig g\u00e9pj\u00e1rm\u0171vel sem lehet majd behajtani az \u00e9rintett szakaszra. T\u00e1t V\u00e1ros \u00d6nkorm\u00e1nyzat\u00e1nak t\u00e1j\u00e9koztat\u00e1sa szerint 2026. szeptember 3-\u00e1n, cs\u00fct\u00f6rt\u00f6k\u00f6n megkezd\u0151dik az Ifj\u00fas\u00e1g utca \u00fatburkolat\u00e1nak fel\u00faj\u00edt\u00e1sa. A munk\u00e1latok az Esztergomi \u00fat \u00e9s a J\u00f3kai utca k\u00f6z\u00f6tti szakaszt \u00e9rintik. A\" class=\"yoast-seo-meta-tag\" \/>\n<meta property=\"og:url\" content=\"https:\/\/dorogimedence.hu\/index.php\/2026\/09\/03\/megkezdodik-az-ifjusag-utca-burkolatanak-felujitasa-taton\/\" class=\"yoast-seo-meta-tag\" \/>\n<meta property=\"og:site_name\" content=\"Dorogi-medence Region\u00e1lis H\u00edrport\u00e1l\" class=\"yoast-seo-meta-tag\" \/>\n<meta property=\"article:publisher\" content=\"https:\/\/www.facebook.com\/dorogimedence\/\" class=\"yoast-seo-meta-tag\" \/>\n<meta property=\"article:published_time\" content=\"2026-09-03T09:44:31+00:00\" class=\"yoast-seo-meta-tag\" \/>\n<meta property=\"og:image\" content=\"https:\/\/dorogimedence.hu\/wp-content\/uploads\/2026\/09\/Codex-kep-2026.-szept.-3.-11_43_58.png\" class=\"yoast-seo-meta-tag\" \/>\n\t<meta property=\"og:image:width\" content=\"755\" class=\"yoast-seo-meta-tag\" \/>\n\t<meta property=\"og:image:height\" content=\"425\" class=\"yoast-seo-meta-tag\" \/>\n\t<meta property=\"og:image:type\" content=\"image\/png\" class=\"yoast-seo-meta-tag\" \/>\n<meta name=\"author\" content=\"dorogimedence.hu\" class=\"yoast-seo-meta-tag\" \/>\n<meta name=\"twitter:card\" content=\"summary_large_image\" class=\"yoast-seo-meta-tag\" \/>\n<meta name=\"twitter:label1\" content=\"Szerz\u0151:\" class=\"yoast-seo-meta-tag\" \/>\n\t<meta name=\"twitter:data1\" content=\"dorogimedence.hu\" class=\"yoast-seo-meta-tag\" \/>\n\t<meta name=\"twitter:label2\" content=\"Becs\u00fclt olvas\u00e1si id\u0151\" class=\"yoast-seo-meta-tag\" \/>\n\t<meta name=\"twitter:data2\" content=\"1 perc\" class=\"yoast-seo-meta-tag\" \/>\n<script type=\"application\/ld+json\" class=\"yoast-schema-graph\">{\"@context\":\"https:\\\/\\\/schema.org\",\"@graph\":[{\"@type\":\"Article\",\"@id\":\"https:\\\/\\\/dorogimedence.hu\\\/index.php\\\/2026\\\/09\\\/03\\\/megkezdodik-az-ifjusag-utca-burkolatanak-felujitasa-taton\\\/#article\",\"isPartOf\":{\"@id\":\"https:\\\/\\\/dorogimedence.hu\\\/index.php\\\/2026\\\/09\\\/03\\\/megkezdodik-az-ifjusag-utca-burkolatanak-felujitasa-taton\\\/\"},\"author\":{\"name\":\"dorogimedence.hu\",\"@id\":\"https:\\\/\\\/dorogimedence.hu\\\/#\\\/schema\\\/person\\\/ce6091eeb7e95ecdc87890d6aa8e0fd4\"},\"headline\":\"Megkezd\u0151dik az Ifj\u00fas\u00e1g utca burkolat\u00e1nak fel\u00faj\u00edt\u00e1sa T\u00e1ton\",\"datePublished\":\"2026-09-03T09:44:31+00:00\",\"mainEntityOfPage\":{\"@id\":\"https:\\\/\\\/dorogimedence.hu\\\/index.php\\\/2026\\\/09\\\/03\\\/megkezdodik-az-ifjusag-utca-burkolatanak-felujitasa-taton\\\/\"},\"wordCount\":281,\"publisher\":{\"@id\":\"https:\\\/\\\/dorogimedence.hu\\\/#organization\"},\"image\":{\"@id\":\"https:\\\/\\\/dorogimedence.hu\\\/index.php\\\/2026\\\/09\\\/03\\\/megkezdodik-az-ifjusag-utca-burkolatanak-felujitasa-taton\\\/#primaryimage\"},\"thumbnailUrl\":\"https:\\\/\\\/dorogimedence.hu\\\/wp-content\\\/uploads\\\/2026\\\/09\\\/Codex-kep-2026.-szept.-3.-11_43_58.png\",\"keywords\":[\"T\u00e1t\",\"\u00fat\u00e9p\u00edt\u00e9s\",\"\u00fatfel\u00faj\u00edt\u00e1s\"],\"articleSection\":[\"H\u00edrek\",\"T\u00e1t\"],\"inLanguage\":\"hu\"},{\"@type\":\"WebPage\",\"@id\":\"https:\\\/\\\/dorogimedence.hu\\\/index.php\\\/2026\\\/09\\\/03\\\/megkezdodik-az-ifjusag-utca-burkolatanak-felujitasa-taton\\\/\",\"url\":\"https:\\\/\\\/dorogimedence.hu\\\/index.php\\\/2026\\\/09\\\/03\\\/megkezdodik-az-ifjusag-utca-burkolatanak-felujitasa-taton\\\/\",\"name\":\"Megkezd\u0151dik az Ifj\u00fas\u00e1g utca burkolat\u00e1nak fel\u00faj\u00edt\u00e1sa T\u00e1ton\",\"isPartOf\":{\"@id\":\"https:\\\/\\\/dorogimedence.hu\\\/#website\"},\"primaryImageOfPage\":{\"@id\":\"https:\\\/\\\/dorogimedence.hu\\\/index.php\\\/2026\\\/09\\\/03\\\/megkezdodik-az-ifjusag-utca-burkolatanak-felujitasa-taton\\\/#primaryimage\"},\"image\":{\"@id\":\"https:\\\/\\\/dorogimedence.hu\\\/index.php\\\/2026\\\/09\\\/03\\\/megkezdodik-az-ifjusag-utca-burkolatanak-felujitasa-taton\\\/#primaryimage\"},\"thumbnailUrl\":\"https:\\\/\\\/dorogimedence.hu\\\/wp-content\\\/uploads\\\/2026\\\/09\\\/Codex-kep-2026.-szept.-3.-11_43_58.png\",\"datePublished\":\"2026-09-03T09:44:31+00:00\",\"breadcrumb\":{\"@id\":\"https:\\\/\\\/dorogimedence.hu\\\/index.php\\\/2026\\\/09\\\/03\\\/megkezdodik-az-ifjusag-utca-burkolatanak-felujitasa-taton\\\/#breadcrumb\"},\"inLanguage\":\"hu\",\"potentialAction\":[{\"@type\":\"ReadAction\",\"target\":[\"https:\\\/\\\/dorogimedence.hu\\\/index.php\\\/2026\\\/09\\\/03\\\/megkezdodik-az-ifjusag-utca-burkolatanak-felujitasa-taton\\\/\"]}]},{\"@type\":\"ImageObject\",\"inLanguage\":\"hu\",\"@id\":\"https:\\\/\\\/dorogimedence.hu\\\/index.php\\\/2026\\\/09\\\/03\\\/megkezdodik-az-ifjusag-utca-burkolatanak-felujitasa-taton\\\/#primaryimage\",\"url\":\"https:\\\/\\\/dorogimedence.hu\\\/wp-content\\\/uploads\\\/2026\\\/09\\\/Codex-kep-2026.-szept.-3.-11_43_58.png\",\"contentUrl\":\"https:\\\/\\\/dorogimedence.hu\\\/wp-content\\\/uploads\\\/2026\\\/09\\\/Codex-kep-2026.-szept.-3.-11_43_58.png\",\"width\":1672,\"height\":941},{\"@type\":\"BreadcrumbList\",\"@id\":\"https:\\\/\\\/dorogimedence.hu\\\/index.php\\\/2026\\\/09\\\/03\\\/megkezdodik-az-ifjusag-utca-burkolatanak-felujitasa-taton\\\/#breadcrumb\",\"itemListElement\":[{\"@type\":\"ListItem\",\"position\":1,\"name\":\"Kezd\u0151lap\",\"item\":\"https:\\\/\\\/dorogimedence.hu\\\/\"},{\"@type\":\"ListItem\",\"position\":2,\"name\":\"Megkezd\u0151dik az Ifj\u00fas\u00e1g utca burkolat\u00e1nak fel\u00faj\u00edt\u00e1sa T\u00e1ton\"}]},{\"@type\":\"WebSite\",\"@id\":\"https:\\\/\\\/dorogimedence.hu\\\/#website\",\"url\":\"https:\\\/\\\/dorogimedence.hu\\\/\",\"name\":\"Dorogi-medence Region\u00e1lis H\u00edrport\u00e1l\",\"description\":\"Dorog, Keszt\u00f6lc, Le\u00e1nyv\u00e1r, Piliscs\u00e9v, Tokod, Tokodalt\u00e1r\u00f3, Csolnok, Esztergom-kertv\u00e1ros: h\u00edrek, programok\",\"publisher\":{\"@id\":\"https:\\\/\\\/dorogimedence.hu\\\/#organization\"},\"potentialAction\":[{\"@type\":\"SearchAction\",\"target\":{\"@type\":\"EntryPoint\",\"urlTemplate\":\"https:\\\/\\\/dorogimedence.hu\\\/?s={search_term_string}\"},\"query-input\":{\"@type\":\"PropertyValueSpecification\",\"valueRequired\":true,\"valueName\":\"search_term_string\"}}],\"inLanguage\":\"hu\"},{\"@type\":\"Organization\",\"@id\":\"https:\\\/\\\/dorogimedence.hu\\\/#organization\",\"name\":\"Dorogi-medence Region\u00e1lis H\u00edrport\u00e1l\",\"url\":\"https:\\\/\\\/dorogimedence.hu\\\/\",\"logo\":{\"@type\":\"ImageObject\",\"inLanguage\":\"hu\",\"@id\":\"https:\\\/\\\/dorogimedence.hu\\\/#\\\/schema\\\/logo\\\/image\\\/\",\"url\":\"https:\\\/\\\/dorogimedence.hu\\\/wp-content\\\/uploads\\\/2021\\\/04\\\/logo-feher-600.png\",\"contentUrl\":\"https:\\\/\\\/dorogimedence.hu\\\/wp-content\\\/uploads\\\/2021\\\/04\\\/logo-feher-600.png\",\"width\":600,\"height\":100,\"caption\":\"Dorogi-medence Region\u00e1lis H\u00edrport\u00e1l\"},\"image\":{\"@id\":\"https:\\\/\\\/dorogimedence.hu\\\/#\\\/schema\\\/logo\\\/image\\\/\"},\"sameAs\":[\"https:\\\/\\\/www.facebook.com\\\/dorogimedence\\\/\"]},{\"@type\":\"Person\",\"@id\":\"https:\\\/\\\/dorogimedence.hu\\\/#\\\/schema\\\/person\\\/ce6091eeb7e95ecdc87890d6aa8e0fd4\",\"name\":\"dorogimedence.hu\",\"image\":{\"@type\":\"ImageObject\",\"inLanguage\":\"hu\",\"@id\":\"\\\/\\\/www.gravatar.com\\\/avatar\\\/d8d45f8901aadff40a4af72c0b826f1d?s=96&#038;r=g&#038;d=mm\",\"url\":\"\\\/\\\/www.gravatar.com\\\/avatar\\\/d8d45f8901aadff40a4af72c0b826f1d?s=96&#038;r=g&#038;d=mm\",\"contentUrl\":\"\\\/\\\/www.gravatar.com\\\/avatar\\\/d8d45f8901aadff40a4af72c0b826f1d?s=96&#038;r=g&#038;d=mm\",\"caption\":\"dorogimedence.hu\"}}]}<\/script>\n<!-- \/ Yoast SEO plugin. -->","yoast_head_json":{"title":"Megkezd\u0151dik az Ifj\u00fas\u00e1g utca burkolat\u00e1nak fel\u00faj\u00edt\u00e1sa T\u00e1ton","robots":{"index":"index","follow":"follow","max-snippet":"max-snippet:-1","max-image-preview":"max-image-preview:large","max-video-preview":"max-video-preview:-1"},"canonical":"https:\/\/dorogimedence.hu\/index.php\/2026\/09\/03\/megkezdodik-az-ifjusag-utca-burkolatanak-felujitasa-taton\/","og_locale":"hu_HU","og_type":"article","og_title":"Megkezd\u0151dik az Ifj\u00fas\u00e1g utca burkolat\u00e1nak fel\u00faj\u00edt\u00e1sa T\u00e1ton","og_description":"Szeptember 3-\u00e1n megkezd\u0151dnek az \u00fatfel\u00faj\u00edt\u00e1si munk\u00e1latok a t\u00e1ti Ifj\u00fas\u00e1g utc\u00e1ban. A kivitelez\u00e9s v\u00e1rhat\u00f3an n\u00e9gy h\u00e9tig tart, egyes id\u0151szakokban pedig g\u00e9pj\u00e1rm\u0171vel sem lehet majd behajtani az \u00e9rintett szakaszra. T\u00e1t V\u00e1ros \u00d6nkorm\u00e1nyzat\u00e1nak t\u00e1j\u00e9koztat\u00e1sa szerint 2026. szeptember 3-\u00e1n, cs\u00fct\u00f6rt\u00f6k\u00f6n megkezd\u0151dik az Ifj\u00fas\u00e1g utca \u00fatburkolat\u00e1nak fel\u00faj\u00edt\u00e1sa. A munk\u00e1latok az Esztergomi \u00fat \u00e9s a J\u00f3kai utca k\u00f6z\u00f6tti szakaszt \u00e9rintik. A","og_url":"https:\/\/dorogimedence.hu\/index.php\/2026\/09\/03\/megkezdodik-az-ifjusag-utca-burkolatanak-felujitasa-taton\/","og_site_name":"Dorogi-medence Region\u00e1lis H\u00edrport\u00e1l","article_publisher":"https:\/\/www.facebook.com\/dorogimedence\/","article_published_time":"2026-09-03T09:44:31+00:00","og_image":[{"url":"https:\/\/dorogimedence.hu\/wp-content\/uploads\/2026\/09\/Codex-kep-2026.-szept.-3.-11_43_58.png","width":755,"height":425,"type":"image\/png"}],"author":"dorogimedence.hu","twitter_card":"summary_large_image","twitter_misc":{"Szerz\u0151:":"dorogimedence.hu","Becs\u00fclt olvas\u00e1si id\u0151":"1 perc"},"schema":{"@context":"https:\/\/schema.org","@graph":[{"@type":"Article","@id":"https:\/\/dorogimedence.hu\/index.php\/2026\/09\/03\/megkezdodik-az-ifjusag-utca-burkolatanak-felujitasa-taton\/#article","isPartOf":{"@id":"https:\/\/dorogimedence.hu\/index.php\/2026\/09\/03\/megkezdodik-az-ifjusag-utca-burkolatanak-felujitasa-taton\/"},"author":{"name":"dorogimedence.hu","@id":"https:\/\/dorogimedence.hu\/#\/schema\/person\/ce6091eeb7e95ecdc87890d6aa8e0fd4"},"headline":"Megkezd\u0151dik az Ifj\u00fas\u00e1g utca burkolat\u00e1nak fel\u00faj\u00edt\u00e1sa T\u00e1ton","datePublished":"2026-09-03T09:44:31+00:00","mainEntityOfPage":{"@id":"https:\/\/dorogimedence.hu\/index.php\/2026\/09\/03\/megkezdodik-az-ifjusag-utca-burkolatanak-felujitasa-taton\/"},"wordCount":281,"publisher":{"@id":"https:\/\/dorogimedence.hu\/#organization"},"image":{"@id":"https:\/\/dorogimedence.hu\/index.php\/2026\/09\/03\/megkezdodik-az-ifjusag-utca-burkolatanak-felujitasa-taton\/#primaryimage"},"thumbnailUrl":"https:\/\/dorogimedence.hu\/wp-content\/uploads\/2026\/09\/Codex-kep-2026.-szept.-3.-11_43_58.png","keywords":["T\u00e1t","\u00fat\u00e9p\u00edt\u00e9s","\u00fatfel\u00faj\u00edt\u00e1s"],"articleSection":["H\u00edrek","T\u00e1t"],"inLanguage":"hu"},{"@type":"WebPage","@id":"https:\/\/dorogimedence.hu\/index.php\/2026\/09\/03\/megkezdodik-az-ifjusag-utca-burkolatanak-felujitasa-taton\/","url":"https:\/\/dorogimedence.hu\/index.php\/2026\/09\/03\/megkezdodik-az-ifjusag-utca-burkolatanak-felujitasa-taton\/","name":"Megkezd\u0151dik az Ifj\u00fas\u00e1g utca burkolat\u00e1nak fel\u00faj\u00edt\u00e1sa T\u00e1ton","isPartOf":{"@id":"https:\/\/dorogimedence.hu\/#website"},"primaryImageOfPage":{"@id":"https:\/\/dorogimedence.hu\/index.php\/2026\/09\/03\/megkezdodik-az-ifjusag-utca-burkolatanak-felujitasa-taton\/#primaryimage"},"image":{"@id":"https:\/\/dorogimedence.hu\/index.php\/2026\/09\/03\/megkezdodik-az-ifjusag-utca-burkolatanak-felujitasa-taton\/#primaryimage"},"thumbnailUrl":"https:\/\/dorogimedence.hu\/wp-content\/uploads\/2026\/09\/Codex-kep-2026.-szept.-3.-11_43_58.png","datePublished":"2026-09-03T09:44:31+00:00","breadcrumb":{"@id":"https:\/\/dorogimedence.hu\/index.php\/2026\/09\/03\/megkezdodik-az-ifjusag-utca-burkolatanak-felujitasa-taton\/#breadcrumb"},"inLanguage":"hu","potentialAction":[{"@type":"ReadAction","target":["https:\/\/dorogimedence.hu\/index.php\/2026\/09\/03\/megkezdodik-az-ifjusag-utca-burkolatanak-felujitasa-taton\/"]}]},{"@type":"ImageObject","inLanguage":"hu","@id":"https:\/\/dorogimedence.hu\/index.php\/2026\/09\/03\/megkezdodik-az-ifjusag-utca-burkolatanak-felujitasa-taton\/#primaryimage","url":"https:\/\/dorogimedence.hu\/wp-content\/uploads\/2026\/09\/Codex-kep-2026.-szept.-3.-11_43_58.png","contentUrl":"https:\/\/dorogimedence.hu\/wp-content\/uploads\/2026\/09\/Codex-kep-2026.-szept.-3.-11_43_58.png","width":1672,"height":941},{"@type":"BreadcrumbList","@id":"https:\/\/dorogimedence.hu\/index.php\/2026\/09\/03\/megkezdodik-az-ifjusag-utca-burkolatanak-felujitasa-taton\/#breadcrumb","itemListElement":[{"@type":"ListItem","position":1,"name":"Kezd\u0151lap","item":"https:\/\/dorogimedence.hu\/"},{"@type":"ListItem","position":2,"name":"Megkezd\u0151dik az Ifj\u00fas\u00e1g utca burkolat\u00e1nak fel\u00faj\u00edt\u00e1sa T\u00e1ton"}]},{"@type":"WebSite","@id":"https:\/\/dorogimedence.hu\/#website","url":"https:\/\/dorogimedence.hu\/","name":"Dorogi-medence Region\u00e1lis H\u00edrport\u00e1l","description":"Dorog, Keszt\u00f6lc, Le\u00e1nyv\u00e1r, Piliscs\u00e9v, Tokod, Tokodalt\u00e1r\u00f3, Csolnok, Esztergom-kertv\u00e1ros: h\u00edrek, programok","publisher":{"@id":"https:\/\/dorogimedence.hu\/#organization"},"potentialAction":[{"@type":"SearchAction","target":{"@type":"EntryPoint","urlTemplate":"https:\/\/dorogimedence.hu\/?s={search_term_string}"},"query-input":{"@type":"PropertyValueSpecification","valueRequired":true,"valueName":"search_term_string"}}],"inLanguage":"hu"},{"@type":"Organization","@id":"https:\/\/dorogimedence.hu\/#organization","name":"Dorogi-medence Region\u00e1lis H\u00edrport\u00e1l","url":"https:\/\/dorogimedence.hu\/","logo":{"@type":"ImageObject","inLanguage":"hu","@id":"https:\/\/dorogimedence.hu\/#\/schema\/logo\/image\/","url":"https:\/\/dorogimedence.hu\/wp-content\/uploads\/2021\/04\/logo-feher-600.png","contentUrl":"https:\/\/dorogimedence.hu\/wp-content\/uploads\/2021\/04\/logo-feher-600.png","width":600,"height":100,"caption":"Dorogi-medence Region\u00e1lis H\u00edrport\u00e1l"},"image":{"@id":"https:\/\/dorogimedence.hu\/#\/schema\/logo\/image\/"},"sameAs":["https:\/\/www.facebook.com\/dorogimedence\/"]},{"@type":"Person","@id":"https:\/\/dorogimedence.hu\/#\/schema\/person\/ce6091eeb7e95ecdc87890d6aa8e0fd4","name":"dorogimedence.hu","image":{"@type":"ImageObject","inLanguage":"hu","@id":"\/\/www.gravatar.com\/avatar\/d8d45f8901aadff40a4af72c0b826f1d?s=96&#038;r=g&#038;d=mm","url":"\/\/www.gravatar.com\/avatar\/d8d45f8901aadff40a4af72c0b826f1d?s=96&#038;r=g&#038;d=mm","contentUrl":"\/\/www.gravatar.com\/avatar\/d8d45f8901aadff40a4af72c0b826f1d?s=96&#038;r=g&#038;d=mm","caption":"dorogimedence.hu"}}]}},"_links":{"self":[{"href":"https:\/\/dorogimedence.hu\/index.php\/wp-json\/wp\/v2\/posts\/83340","targetHints":{"allow":["GET"]}}],"collection":[{"href":"https:\/\/dorogimedence.hu\/index.php\/wp-json\/wp\/v2\/posts"}],"about":[{"href":"https:\/\/dorogimedence.hu\/index.php\/wp-json\/wp\/v2\/types\/post"}],"author":[{"embeddable":true,"href":"https:\/\/dorogimedence.hu\/index.php\/wp-json\/wp\/v2\/users\/1"}],"replies":[{"embeddable":true,"href":"https:\/\/dorogimedence.hu\/index.php\/wp-json\/wp\/v2\/comments?post=83340"}],"version-history":[{"count":1,"href":"https:\/\/dorogimedence.hu\/index.php\/wp-json\/wp\/v2\/posts\/83340\/revisions"}],"predecessor-version":[{"id":83342,"href":"https:\/\/dorogimedence.hu\/index.php\/wp-json\/wp\/v2\/posts\/83340\/revisions\/83342"}],"wp:featuredmedia":[{"embeddable":true,"href":"https:\/\/dorogimedence.hu\/index.php\/wp-json\/wp\/v2\/media\/83341"}],"wp:attachment":[{"href":"https:\/\/dorogimedence.hu\/index.php\/wp-json\/wp\/v2\/media?parent=83340"}],"wp:term":[{"taxonomy":"category","embeddable":true,"href":"https:\/\/dorogimedence.hu\/index.php\/wp-json\/wp\/v2\/categories?post=83340"},{"taxonomy":"post_tag","embeddable":true,"href":"https:\/\/dorogimedence.hu\/index.php\/wp-json\/wp\/v2\/tags?post=83340"}],"curies":[{"name":"wp","href":"https:\/\/api.w.org\/{rel}","templated":true}]}}