{"id":83333,"date":"2026-09-03T07:43:00","date_gmt":"2026-09-03T05:43:00","guid":{"rendered":"https:\/\/dorogimedence.hu\/?p=83333"},"modified":"2026-09-03T07:43:00","modified_gmt":"2026-09-03T05:43:00","slug":"helytalltak-megyenk-horgaszai-a-tagszovetsegi-bajnoksagon","status":"publish","type":"post","link":"https:\/\/dorogimedence.hu\/index.php\/2026\/09\/03\/helytalltak-megyenk-horgaszai-a-tagszovetsegi-bajnoksagon\/","title":{"rendered":"Helyt\u00e1lltak megy\u00e9nk horg\u00e1szai a tagsz\u00f6vets\u00e9gi bajnoks\u00e1gon"},"content":{"rendered":"<p><strong>Szegeden, a Maty-\u00e9ri evez\u0151sp\u00e1ly\u00e1n rendezt\u00e9k meg a 63. Tagsz\u00f6vets\u00e9gi Csapat Orsz\u00e1gos Bajnoks\u00e1got, ahol a k\u00f6zel 40 fokos h\u0151s\u00e9g ellen\u00e9re helyt\u00e1llt a v\u00e1rmegy\u00e9nk csapata, horg\u00e1szaink a 18 csapatos mez\u0151nyben a 9. helyet szerezt\u00e9k meg.<\/strong><\/p>\n<p>A tagsz\u00f6vets\u00e9gi csapatok a k\u00e9t napos, helysz\u00edni edz\u00e9s ut\u00e1n \u00f6t kateg\u00f3ri\u00e1ban &#8211; U15, U20, n\u0151i, feln\u0151tt \u00e9s masters &#8211; m\u00e9rt\u00e9k \u00f6ssze tud\u00e1sukat a k\u00e9tfordul\u00f3s csapatbajnoks\u00e1gon. A f\u00fclledt, meleg id\u0151 \u00e9s a gyenge sz\u00e9l a halak kap\u00f3kedv\u00e9re is r\u00e1nyomta a b\u00e9lyeg\u00e9t.<\/p>\n<p>Az \u00e1tlagos eredm\u00e9ny meghaladta a 11 kilogrammot, ez nemzetk\u00f6zi m\u00e9rc\u00e9vel m\u00e9rve kiv\u00e1l\u00f3 eredm\u00e9ny, azonban a Maty-\u00e9ri p\u00e1ly\u00e1n enn\u00e9l j\u00f3val nagyobb fog\u00e1sok is gyakran el\u0151fordulnak. A k\u00e9t kilom\u00e9ter hossz\u00fa szakaszon nagyon sokat sz\u00e1m\u00edtott az is, melyik horg\u00e1szt melyik szektorba sorsolt\u00e1k.<\/p>\n<p><img fetchpriority=\"high\" decoding=\"async\" class=\"alignnone size-full wp-image-83335\" src=\"https:\/\/dorogimedence.hu\/wp-content\/uploads\/2026\/09\/0901TagszovetsegiOBFoto2-scaled.jpg\" alt=\"\" width=\"2560\" height=\"1772\" srcset=\"https:\/\/dorogimedence.hu\/wp-content\/uploads\/2026\/09\/0901TagszovetsegiOBFoto2-scaled.jpg 2560w, https:\/\/dorogimedence.hu\/wp-content\/uploads\/2026\/09\/0901TagszovetsegiOBFoto2-600x415.jpg 600w, https:\/\/dorogimedence.hu\/wp-content\/uploads\/2026\/09\/0901TagszovetsegiOBFoto2-1920x1329.jpg 1920w, https:\/\/dorogimedence.hu\/wp-content\/uploads\/2026\/09\/0901TagszovetsegiOBFoto2-768x532.jpg 768w, https:\/\/dorogimedence.hu\/wp-content\/uploads\/2026\/09\/0901TagszovetsegiOBFoto2-1536x1063.jpg 1536w, https:\/\/dorogimedence.hu\/wp-content\/uploads\/2026\/09\/0901TagszovetsegiOBFoto2-2048x1418.jpg 2048w, https:\/\/dorogimedence.hu\/wp-content\/uploads\/2026\/09\/0901TagszovetsegiOBFoto2-150x104.jpg 150w, https:\/\/dorogimedence.hu\/wp-content\/uploads\/2026\/09\/0901TagszovetsegiOBFoto2-450x312.jpg 450w, https:\/\/dorogimedence.hu\/wp-content\/uploads\/2026\/09\/0901TagszovetsegiOBFoto2-1200x831.jpg 1200w\" sizes=\"(max-width: 2560px) 100vw, 2560px\" \/><\/p>\n<p>A Kom\u00e1rom-Esztergom megyei csapat n\u00e9vsora: Acsai J\u00e1nos, Igl\u00f3di R\u00e9ka, K\u00e1ntor Attila, Liska Botond (U15), Sasv\u00e1ri J\u00f3zsef (masters), Szalai Tam\u00e1s Mih\u00e1ly, Sz\u00e1sz Attila, Vizi L\u00e1szl\u00f3 Rajmund \u00e9s Vogel M\u00e1rton (U20).<\/p>\n<p>Zoltai D\u00e1niel, a KEMHESZ eln\u00f6ke elmondta, a tagsz\u00f6vets\u00e9gi szinten m\u00e1r j\u00f3 eredm\u00e9nyeket el\u00e9rt horg\u00e1szok itt orsz\u00e1gos versenyk\u00f6r\u00fclm\u00e9nyek k\u00f6z\u00f6tt pr\u00f3b\u00e1lhatj\u00e1k ki tud\u00e1sukat. Versenyz\u0151ink j\u00f3 h\u00edr\u00e9t viszik a sz\u00f6vets\u00e9gnek \u00e9s k\u00f6vetend\u0151 p\u00e9ld\u00e1t mutatnak, hogy elhivatotts\u00e1ggal \u00e9s a horg\u00e1szat szeretet\u00e9vel sok sportsikert is el\u00e9rhetnek.<\/p>\n<p><em>Fot\u00f3k, forr\u00e1s: KEMHESZ<\/em><\/p>\n","protected":false},"excerpt":{"rendered":"<p>Szegeden, a Maty-\u00e9ri evez\u0151sp\u00e1ly\u00e1n rendezt\u00e9k meg a 63. Tagsz\u00f6vets\u00e9gi Csapat Orsz\u00e1gos Bajnoks\u00e1got, ahol a k\u00f6zel 40 fokos h\u0151s\u00e9g ellen\u00e9re helyt\u00e1llt a v\u00e1rmegy\u00e9nk csapata, horg\u00e1szaink a 18 csapatos mez\u0151nyben a 9. helyet szerezt\u00e9k meg. A tagsz\u00f6vets\u00e9gi csapatok a k\u00e9t napos, helysz\u00edni edz\u00e9s ut\u00e1n \u00f6t kateg\u00f3ri\u00e1ban &#8211; U15, U20, n\u0151i, feln\u0151tt \u00e9s masters &#8211; m\u00e9rt\u00e9k \u00f6ssze tud\u00e1sukat<\/p>\n","protected":false},"author":1,"featured_media":83334,"comment_status":"closed","ping_status":"closed","sticky":false,"template":"","format":"standard","meta":{"ngg_post_thumbnail":0,"footnotes":""},"categories":[3,56,5],"tags":[4825,598,792,59],"class_list":["post-83333","post","type-post","status-publish","format-standard","has-post-thumbnail","category-hirek","category-komarom-esztergom","category-sport","tag-horgasz","tag-horgaszat","tag-horgaszverseny","tag-komarom-esztergom"],"yoast_head":"<!-- This site is optimized with the Yoast SEO plugin v28.3 - https:\/\/yoast.com\/product\/yoast-seo-wordpress\/ -->\n<title>Helyt\u00e1lltak megy\u00e9nk horg\u00e1szai a tagsz\u00f6vets\u00e9gi bajnoks\u00e1gon<\/title>\n<meta name=\"robots\" content=\"index, follow, max-snippet:-1, max-image-preview:large, max-video-preview:-1\" \/>\n<link rel=\"canonical\" href=\"https:\/\/dorogimedence.hu\/index.php\/2026\/09\/03\/helytalltak-megyenk-horgaszai-a-tagszovetsegi-bajnoksagon\/\" class=\"yoast-seo-meta-tag\" \/>\n<meta property=\"og:locale\" content=\"hu_HU\" class=\"yoast-seo-meta-tag\" \/>\n<meta property=\"og:type\" content=\"article\" class=\"yoast-seo-meta-tag\" \/>\n<meta property=\"og:title\" content=\"Helyt\u00e1lltak megy\u00e9nk horg\u00e1szai a tagsz\u00f6vets\u00e9gi bajnoks\u00e1gon\" class=\"yoast-seo-meta-tag\" \/>\n<meta property=\"og:description\" content=\"Szegeden, a Maty-\u00e9ri evez\u0151sp\u00e1ly\u00e1n rendezt\u00e9k meg a 63. Tagsz\u00f6vets\u00e9gi Csapat Orsz\u00e1gos Bajnoks\u00e1got, ahol a k\u00f6zel 40 fokos h\u0151s\u00e9g ellen\u00e9re helyt\u00e1llt a v\u00e1rmegy\u00e9nk csapata, horg\u00e1szaink a 18 csapatos mez\u0151nyben a 9. helyet szerezt\u00e9k meg. A tagsz\u00f6vets\u00e9gi csapatok a k\u00e9t napos, helysz\u00edni edz\u00e9s ut\u00e1n \u00f6t kateg\u00f3ri\u00e1ban &#8211; U15, U20, n\u0151i, feln\u0151tt \u00e9s masters &#8211; m\u00e9rt\u00e9k \u00f6ssze tud\u00e1sukat\" class=\"yoast-seo-meta-tag\" \/>\n<meta property=\"og:url\" content=\"https:\/\/dorogimedence.hu\/index.php\/2026\/09\/03\/helytalltak-megyenk-horgaszai-a-tagszovetsegi-bajnoksagon\/\" class=\"yoast-seo-meta-tag\" \/>\n<meta property=\"og:site_name\" content=\"Dorogi-medence Region\u00e1lis H\u00edrport\u00e1l\" class=\"yoast-seo-meta-tag\" \/>\n<meta property=\"article:publisher\" content=\"https:\/\/www.facebook.com\/dorogimedence\/\" class=\"yoast-seo-meta-tag\" \/>\n<meta property=\"article:published_time\" content=\"2026-09-03T05:43:00+00:00\" class=\"yoast-seo-meta-tag\" \/>\n<meta property=\"og:image\" content=\"https:\/\/dorogimedence.hu\/wp-content\/uploads\/2026\/09\/0901TagszovetsegiOBFoto1-scaled.jpg\" class=\"yoast-seo-meta-tag\" \/>\n\t<meta property=\"og:image:width\" content=\"2560\" class=\"yoast-seo-meta-tag\" \/>\n\t<meta property=\"og:image:height\" content=\"1772\" class=\"yoast-seo-meta-tag\" \/>\n\t<meta property=\"og:image:type\" content=\"image\/jpeg\" class=\"yoast-seo-meta-tag\" \/>\n<meta name=\"author\" content=\"dorogimedence.hu\" class=\"yoast-seo-meta-tag\" \/>\n<meta name=\"twitter:card\" content=\"summary_large_image\" class=\"yoast-seo-meta-tag\" \/>\n<meta name=\"twitter:label1\" content=\"Szerz\u0151:\" class=\"yoast-seo-meta-tag\" \/>\n\t<meta name=\"twitter:data1\" content=\"dorogimedence.hu\" class=\"yoast-seo-meta-tag\" \/>\n\t<meta name=\"twitter:label2\" content=\"Becs\u00fclt olvas\u00e1si id\u0151\" class=\"yoast-seo-meta-tag\" \/>\n\t<meta name=\"twitter:data2\" content=\"1 perc\" class=\"yoast-seo-meta-tag\" \/>\n<script type=\"application\/ld+json\" class=\"yoast-schema-graph\">{\"@context\":\"https:\\\/\\\/schema.org\",\"@graph\":[{\"@type\":\"Article\",\"@id\":\"https:\\\/\\\/dorogimedence.hu\\\/index.php\\\/2026\\\/09\\\/03\\\/helytalltak-megyenk-horgaszai-a-tagszovetsegi-bajnoksagon\\\/#article\",\"isPartOf\":{\"@id\":\"https:\\\/\\\/dorogimedence.hu\\\/index.php\\\/2026\\\/09\\\/03\\\/helytalltak-megyenk-horgaszai-a-tagszovetsegi-bajnoksagon\\\/\"},\"author\":{\"name\":\"dorogimedence.hu\",\"@id\":\"https:\\\/\\\/dorogimedence.hu\\\/#\\\/schema\\\/person\\\/ce6091eeb7e95ecdc87890d6aa8e0fd4\"},\"headline\":\"Helyt\u00e1lltak megy\u00e9nk horg\u00e1szai a tagsz\u00f6vets\u00e9gi bajnoks\u00e1gon\",\"datePublished\":\"2026-09-03T05:43:00+00:00\",\"mainEntityOfPage\":{\"@id\":\"https:\\\/\\\/dorogimedence.hu\\\/index.php\\\/2026\\\/09\\\/03\\\/helytalltak-megyenk-horgaszai-a-tagszovetsegi-bajnoksagon\\\/\"},\"wordCount\":299,\"publisher\":{\"@id\":\"https:\\\/\\\/dorogimedence.hu\\\/#organization\"},\"image\":{\"@id\":\"https:\\\/\\\/dorogimedence.hu\\\/index.php\\\/2026\\\/09\\\/03\\\/helytalltak-megyenk-horgaszai-a-tagszovetsegi-bajnoksagon\\\/#primaryimage\"},\"thumbnailUrl\":\"https:\\\/\\\/dorogimedence.hu\\\/wp-content\\\/uploads\\\/2026\\\/09\\\/0901TagszovetsegiOBFoto1-scaled.jpg\",\"keywords\":[\"horg\u00e1sz\",\"horg\u00e1szat\",\"horg\u00e1szverseny\",\"Kom\u00e1rom-Esztergom\"],\"articleSection\":[\"H\u00edrek\",\"Kom\u00e1rom-Esztergom\",\"Sport\"],\"inLanguage\":\"hu\"},{\"@type\":\"WebPage\",\"@id\":\"https:\\\/\\\/dorogimedence.hu\\\/index.php\\\/2026\\\/09\\\/03\\\/helytalltak-megyenk-horgaszai-a-tagszovetsegi-bajnoksagon\\\/\",\"url\":\"https:\\\/\\\/dorogimedence.hu\\\/index.php\\\/2026\\\/09\\\/03\\\/helytalltak-megyenk-horgaszai-a-tagszovetsegi-bajnoksagon\\\/\",\"name\":\"Helyt\u00e1lltak megy\u00e9nk horg\u00e1szai a tagsz\u00f6vets\u00e9gi bajnoks\u00e1gon\",\"isPartOf\":{\"@id\":\"https:\\\/\\\/dorogimedence.hu\\\/#website\"},\"primaryImageOfPage\":{\"@id\":\"https:\\\/\\\/dorogimedence.hu\\\/index.php\\\/2026\\\/09\\\/03\\\/helytalltak-megyenk-horgaszai-a-tagszovetsegi-bajnoksagon\\\/#primaryimage\"},\"image\":{\"@id\":\"https:\\\/\\\/dorogimedence.hu\\\/index.php\\\/2026\\\/09\\\/03\\\/helytalltak-megyenk-horgaszai-a-tagszovetsegi-bajnoksagon\\\/#primaryimage\"},\"thumbnailUrl\":\"https:\\\/\\\/dorogimedence.hu\\\/wp-content\\\/uploads\\\/2026\\\/09\\\/0901TagszovetsegiOBFoto1-scaled.jpg\",\"datePublished\":\"2026-09-03T05:43:00+00:00\",\"breadcrumb\":{\"@id\":\"https:\\\/\\\/dorogimedence.hu\\\/index.php\\\/2026\\\/09\\\/03\\\/helytalltak-megyenk-horgaszai-a-tagszovetsegi-bajnoksagon\\\/#breadcrumb\"},\"inLanguage\":\"hu\",\"potentialAction\":[{\"@type\":\"ReadAction\",\"target\":[\"https:\\\/\\\/dorogimedence.hu\\\/index.php\\\/2026\\\/09\\\/03\\\/helytalltak-megyenk-horgaszai-a-tagszovetsegi-bajnoksagon\\\/\"]}]},{\"@type\":\"ImageObject\",\"inLanguage\":\"hu\",\"@id\":\"https:\\\/\\\/dorogimedence.hu\\\/index.php\\\/2026\\\/09\\\/03\\\/helytalltak-megyenk-horgaszai-a-tagszovetsegi-bajnoksagon\\\/#primaryimage\",\"url\":\"https:\\\/\\\/dorogimedence.hu\\\/wp-content\\\/uploads\\\/2026\\\/09\\\/0901TagszovetsegiOBFoto1-scaled.jpg\",\"contentUrl\":\"https:\\\/\\\/dorogimedence.hu\\\/wp-content\\\/uploads\\\/2026\\\/09\\\/0901TagszovetsegiOBFoto1-scaled.jpg\",\"width\":2560,\"height\":1772},{\"@type\":\"BreadcrumbList\",\"@id\":\"https:\\\/\\\/dorogimedence.hu\\\/index.php\\\/2026\\\/09\\\/03\\\/helytalltak-megyenk-horgaszai-a-tagszovetsegi-bajnoksagon\\\/#breadcrumb\",\"itemListElement\":[{\"@type\":\"ListItem\",\"position\":1,\"name\":\"Kezd\u0151lap\",\"item\":\"https:\\\/\\\/dorogimedence.hu\\\/\"},{\"@type\":\"ListItem\",\"position\":2,\"name\":\"Helyt\u00e1lltak megy\u00e9nk horg\u00e1szai a tagsz\u00f6vets\u00e9gi bajnoks\u00e1gon\"}]},{\"@type\":\"WebSite\",\"@id\":\"https:\\\/\\\/dorogimedence.hu\\\/#website\",\"url\":\"https:\\\/\\\/dorogimedence.hu\\\/\",\"name\":\"Dorogi-medence Region\u00e1lis H\u00edrport\u00e1l\",\"description\":\"Dorog, Keszt\u00f6lc, Le\u00e1nyv\u00e1r, Piliscs\u00e9v, Tokod, Tokodalt\u00e1r\u00f3, Csolnok, Esztergom-kertv\u00e1ros: h\u00edrek, programok\",\"publisher\":{\"@id\":\"https:\\\/\\\/dorogimedence.hu\\\/#organization\"},\"potentialAction\":[{\"@type\":\"SearchAction\",\"target\":{\"@type\":\"EntryPoint\",\"urlTemplate\":\"https:\\\/\\\/dorogimedence.hu\\\/?s={search_term_string}\"},\"query-input\":{\"@type\":\"PropertyValueSpecification\",\"valueRequired\":true,\"valueName\":\"search_term_string\"}}],\"inLanguage\":\"hu\"},{\"@type\":\"Organization\",\"@id\":\"https:\\\/\\\/dorogimedence.hu\\\/#organization\",\"name\":\"Dorogi-medence Region\u00e1lis H\u00edrport\u00e1l\",\"url\":\"https:\\\/\\\/dorogimedence.hu\\\/\",\"logo\":{\"@type\":\"ImageObject\",\"inLanguage\":\"hu\",\"@id\":\"https:\\\/\\\/dorogimedence.hu\\\/#\\\/schema\\\/logo\\\/image\\\/\",\"url\":\"https:\\\/\\\/dorogimedence.hu\\\/wp-content\\\/uploads\\\/2021\\\/04\\\/logo-feher-600.png\",\"contentUrl\":\"https:\\\/\\\/dorogimedence.hu\\\/wp-content\\\/uploads\\\/2021\\\/04\\\/logo-feher-600.png\",\"width\":600,\"height\":100,\"caption\":\"Dorogi-medence Region\u00e1lis H\u00edrport\u00e1l\"},\"image\":{\"@id\":\"https:\\\/\\\/dorogimedence.hu\\\/#\\\/schema\\\/logo\\\/image\\\/\"},\"sameAs\":[\"https:\\\/\\\/www.facebook.com\\\/dorogimedence\\\/\"]},{\"@type\":\"Person\",\"@id\":\"https:\\\/\\\/dorogimedence.hu\\\/#\\\/schema\\\/person\\\/ce6091eeb7e95ecdc87890d6aa8e0fd4\",\"name\":\"dorogimedence.hu\",\"image\":{\"@type\":\"ImageObject\",\"inLanguage\":\"hu\",\"@id\":\"\\\/\\\/www.gravatar.com\\\/avatar\\\/d8d45f8901aadff40a4af72c0b826f1d?s=96&#038;r=g&#038;d=mm\",\"url\":\"\\\/\\\/www.gravatar.com\\\/avatar\\\/d8d45f8901aadff40a4af72c0b826f1d?s=96&#038;r=g&#038;d=mm\",\"contentUrl\":\"\\\/\\\/www.gravatar.com\\\/avatar\\\/d8d45f8901aadff40a4af72c0b826f1d?s=96&#038;r=g&#038;d=mm\",\"caption\":\"dorogimedence.hu\"}}]}<\/script>\n<!-- \/ Yoast SEO plugin. -->","yoast_head_json":{"title":"Helyt\u00e1lltak megy\u00e9nk horg\u00e1szai a tagsz\u00f6vets\u00e9gi bajnoks\u00e1gon","robots":{"index":"index","follow":"follow","max-snippet":"max-snippet:-1","max-image-preview":"max-image-preview:large","max-video-preview":"max-video-preview:-1"},"canonical":"https:\/\/dorogimedence.hu\/index.php\/2026\/09\/03\/helytalltak-megyenk-horgaszai-a-tagszovetsegi-bajnoksagon\/","og_locale":"hu_HU","og_type":"article","og_title":"Helyt\u00e1lltak megy\u00e9nk horg\u00e1szai a tagsz\u00f6vets\u00e9gi bajnoks\u00e1gon","og_description":"Szegeden, a Maty-\u00e9ri evez\u0151sp\u00e1ly\u00e1n rendezt\u00e9k meg a 63. Tagsz\u00f6vets\u00e9gi Csapat Orsz\u00e1gos Bajnoks\u00e1got, ahol a k\u00f6zel 40 fokos h\u0151s\u00e9g ellen\u00e9re helyt\u00e1llt a v\u00e1rmegy\u00e9nk csapata, horg\u00e1szaink a 18 csapatos mez\u0151nyben a 9. helyet szerezt\u00e9k meg. A tagsz\u00f6vets\u00e9gi csapatok a k\u00e9t napos, helysz\u00edni edz\u00e9s ut\u00e1n \u00f6t kateg\u00f3ri\u00e1ban &#8211; U15, U20, n\u0151i, feln\u0151tt \u00e9s masters &#8211; m\u00e9rt\u00e9k \u00f6ssze tud\u00e1sukat","og_url":"https:\/\/dorogimedence.hu\/index.php\/2026\/09\/03\/helytalltak-megyenk-horgaszai-a-tagszovetsegi-bajnoksagon\/","og_site_name":"Dorogi-medence Region\u00e1lis H\u00edrport\u00e1l","article_publisher":"https:\/\/www.facebook.com\/dorogimedence\/","article_published_time":"2026-09-03T05:43:00+00:00","og_image":[{"width":2560,"height":1772,"url":"https:\/\/dorogimedence.hu\/wp-content\/uploads\/2026\/09\/0901TagszovetsegiOBFoto1-scaled.jpg","type":"image\/jpeg"}],"author":"dorogimedence.hu","twitter_card":"summary_large_image","twitter_misc":{"Szerz\u0151:":"dorogimedence.hu","Becs\u00fclt olvas\u00e1si id\u0151":"1 perc"},"schema":{"@context":"https:\/\/schema.org","@graph":[{"@type":"Article","@id":"https:\/\/dorogimedence.hu\/index.php\/2026\/09\/03\/helytalltak-megyenk-horgaszai-a-tagszovetsegi-bajnoksagon\/#article","isPartOf":{"@id":"https:\/\/dorogimedence.hu\/index.php\/2026\/09\/03\/helytalltak-megyenk-horgaszai-a-tagszovetsegi-bajnoksagon\/"},"author":{"name":"dorogimedence.hu","@id":"https:\/\/dorogimedence.hu\/#\/schema\/person\/ce6091eeb7e95ecdc87890d6aa8e0fd4"},"headline":"Helyt\u00e1lltak megy\u00e9nk horg\u00e1szai a tagsz\u00f6vets\u00e9gi bajnoks\u00e1gon","datePublished":"2026-09-03T05:43:00+00:00","mainEntityOfPage":{"@id":"https:\/\/dorogimedence.hu\/index.php\/2026\/09\/03\/helytalltak-megyenk-horgaszai-a-tagszovetsegi-bajnoksagon\/"},"wordCount":299,"publisher":{"@id":"https:\/\/dorogimedence.hu\/#organization"},"image":{"@id":"https:\/\/dorogimedence.hu\/index.php\/2026\/09\/03\/helytalltak-megyenk-horgaszai-a-tagszovetsegi-bajnoksagon\/#primaryimage"},"thumbnailUrl":"https:\/\/dorogimedence.hu\/wp-content\/uploads\/2026\/09\/0901TagszovetsegiOBFoto1-scaled.jpg","keywords":["horg\u00e1sz","horg\u00e1szat","horg\u00e1szverseny","Kom\u00e1rom-Esztergom"],"articleSection":["H\u00edrek","Kom\u00e1rom-Esztergom","Sport"],"inLanguage":"hu"},{"@type":"WebPage","@id":"https:\/\/dorogimedence.hu\/index.php\/2026\/09\/03\/helytalltak-megyenk-horgaszai-a-tagszovetsegi-bajnoksagon\/","url":"https:\/\/dorogimedence.hu\/index.php\/2026\/09\/03\/helytalltak-megyenk-horgaszai-a-tagszovetsegi-bajnoksagon\/","name":"Helyt\u00e1lltak megy\u00e9nk horg\u00e1szai a tagsz\u00f6vets\u00e9gi bajnoks\u00e1gon","isPartOf":{"@id":"https:\/\/dorogimedence.hu\/#website"},"primaryImageOfPage":{"@id":"https:\/\/dorogimedence.hu\/index.php\/2026\/09\/03\/helytalltak-megyenk-horgaszai-a-tagszovetsegi-bajnoksagon\/#primaryimage"},"image":{"@id":"https:\/\/dorogimedence.hu\/index.php\/2026\/09\/03\/helytalltak-megyenk-horgaszai-a-tagszovetsegi-bajnoksagon\/#primaryimage"},"thumbnailUrl":"https:\/\/dorogimedence.hu\/wp-content\/uploads\/2026\/09\/0901TagszovetsegiOBFoto1-scaled.jpg","datePublished":"2026-09-03T05:43:00+00:00","breadcrumb":{"@id":"https:\/\/dorogimedence.hu\/index.php\/2026\/09\/03\/helytalltak-megyenk-horgaszai-a-tagszovetsegi-bajnoksagon\/#breadcrumb"},"inLanguage":"hu","potentialAction":[{"@type":"ReadAction","target":["https:\/\/dorogimedence.hu\/index.php\/2026\/09\/03\/helytalltak-megyenk-horgaszai-a-tagszovetsegi-bajnoksagon\/"]}]},{"@type":"ImageObject","inLanguage":"hu","@id":"https:\/\/dorogimedence.hu\/index.php\/2026\/09\/03\/helytalltak-megyenk-horgaszai-a-tagszovetsegi-bajnoksagon\/#primaryimage","url":"https:\/\/dorogimedence.hu\/wp-content\/uploads\/2026\/09\/0901TagszovetsegiOBFoto1-scaled.jpg","contentUrl":"https:\/\/dorogimedence.hu\/wp-content\/uploads\/2026\/09\/0901TagszovetsegiOBFoto1-scaled.jpg","width":2560,"height":1772},{"@type":"BreadcrumbList","@id":"https:\/\/dorogimedence.hu\/index.php\/2026\/09\/03\/helytalltak-megyenk-horgaszai-a-tagszovetsegi-bajnoksagon\/#breadcrumb","itemListElement":[{"@type":"ListItem","position":1,"name":"Kezd\u0151lap","item":"https:\/\/dorogimedence.hu\/"},{"@type":"ListItem","position":2,"name":"Helyt\u00e1lltak megy\u00e9nk horg\u00e1szai a tagsz\u00f6vets\u00e9gi bajnoks\u00e1gon"}]},{"@type":"WebSite","@id":"https:\/\/dorogimedence.hu\/#website","url":"https:\/\/dorogimedence.hu\/","name":"Dorogi-medence Region\u00e1lis H\u00edrport\u00e1l","description":"Dorog, Keszt\u00f6lc, Le\u00e1nyv\u00e1r, Piliscs\u00e9v, Tokod, Tokodalt\u00e1r\u00f3, Csolnok, Esztergom-kertv\u00e1ros: h\u00edrek, programok","publisher":{"@id":"https:\/\/dorogimedence.hu\/#organization"},"potentialAction":[{"@type":"SearchAction","target":{"@type":"EntryPoint","urlTemplate":"https:\/\/dorogimedence.hu\/?s={search_term_string}"},"query-input":{"@type":"PropertyValueSpecification","valueRequired":true,"valueName":"search_term_string"}}],"inLanguage":"hu"},{"@type":"Organization","@id":"https:\/\/dorogimedence.hu\/#organization","name":"Dorogi-medence Region\u00e1lis H\u00edrport\u00e1l","url":"https:\/\/dorogimedence.hu\/","logo":{"@type":"ImageObject","inLanguage":"hu","@id":"https:\/\/dorogimedence.hu\/#\/schema\/logo\/image\/","url":"https:\/\/dorogimedence.hu\/wp-content\/uploads\/2021\/04\/logo-feher-600.png","contentUrl":"https:\/\/dorogimedence.hu\/wp-content\/uploads\/2021\/04\/logo-feher-600.png","width":600,"height":100,"caption":"Dorogi-medence Region\u00e1lis H\u00edrport\u00e1l"},"image":{"@id":"https:\/\/dorogimedence.hu\/#\/schema\/logo\/image\/"},"sameAs":["https:\/\/www.facebook.com\/dorogimedence\/"]},{"@type":"Person","@id":"https:\/\/dorogimedence.hu\/#\/schema\/person\/ce6091eeb7e95ecdc87890d6aa8e0fd4","name":"dorogimedence.hu","image":{"@type":"ImageObject","inLanguage":"hu","@id":"\/\/www.gravatar.com\/avatar\/d8d45f8901aadff40a4af72c0b826f1d?s=96&#038;r=g&#038;d=mm","url":"\/\/www.gravatar.com\/avatar\/d8d45f8901aadff40a4af72c0b826f1d?s=96&#038;r=g&#038;d=mm","contentUrl":"\/\/www.gravatar.com\/avatar\/d8d45f8901aadff40a4af72c0b826f1d?s=96&#038;r=g&#038;d=mm","caption":"dorogimedence.hu"}}]}},"_links":{"self":[{"href":"https:\/\/dorogimedence.hu\/index.php\/wp-json\/wp\/v2\/posts\/83333","targetHints":{"allow":["GET"]}}],"collection":[{"href":"https:\/\/dorogimedence.hu\/index.php\/wp-json\/wp\/v2\/posts"}],"about":[{"href":"https:\/\/dorogimedence.hu\/index.php\/wp-json\/wp\/v2\/types\/post"}],"author":[{"embeddable":true,"href":"https:\/\/dorogimedence.hu\/index.php\/wp-json\/wp\/v2\/users\/1"}],"replies":[{"embeddable":true,"href":"https:\/\/dorogimedence.hu\/index.php\/wp-json\/wp\/v2\/comments?post=83333"}],"version-history":[{"count":1,"href":"https:\/\/dorogimedence.hu\/index.php\/wp-json\/wp\/v2\/posts\/83333\/revisions"}],"predecessor-version":[{"id":83336,"href":"https:\/\/dorogimedence.hu\/index.php\/wp-json\/wp\/v2\/posts\/83333\/revisions\/83336"}],"wp:featuredmedia":[{"embeddable":true,"href":"https:\/\/dorogimedence.hu\/index.php\/wp-json\/wp\/v2\/media\/83334"}],"wp:attachment":[{"href":"https:\/\/dorogimedence.hu\/index.php\/wp-json\/wp\/v2\/media?parent=83333"}],"wp:term":[{"taxonomy":"category","embeddable":true,"href":"https:\/\/dorogimedence.hu\/index.php\/wp-json\/wp\/v2\/categories?post=83333"},{"taxonomy":"post_tag","embeddable":true,"href":"https:\/\/dorogimedence.hu\/index.php\/wp-json\/wp\/v2\/tags?post=83333"}],"curies":[{"name":"wp","href":"https:\/\/api.w.org\/{rel}","templated":true}]}}