{"id":83312,"date":"2026-09-02T11:47:53","date_gmt":"2026-09-02T09:47:53","guid":{"rendered":"https:\/\/dorogimedence.hu\/?p=83312"},"modified":"2026-09-02T11:47:53","modified_gmt":"2026-09-02T09:47:53","slug":"masodik-lett-az-esztergomi-kosa-csongor-egy-orszagos-kepzomuveszeti-palyazaton","status":"publish","type":"post","link":"https:\/\/dorogimedence.hu\/index.php\/2026\/09\/02\/masodik-lett-az-esztergomi-kosa-csongor-egy-orszagos-kepzomuveszeti-palyazaton\/","title":{"rendered":"M\u00e1sodik lett az esztergomi K\u00f3sa Csongor egy orsz\u00e1gos k\u00e9pz\u0151m\u0171v\u00e9szeti p\u00e1ly\u00e1zaton"},"content":{"rendered":"<p><strong>Az esztergomi K\u00f3sa Csongor \u201eVir\u00e1gok k\u00f6zt veled lenni\u201d c\u00edm\u0171 grafik\u00e1ja nyerte el a m\u00e1sodik helyet a Sotis M\u0171v\u00e9szeti Egyes\u00fclet \u201eEmber \u00e9s kuty\u00e1ja\u201d c\u00edm\u0171 k\u00e9pz\u0151m\u0171v\u00e9szeti alkot\u00f3p\u00e1ly\u00e1zat\u00e1n. A d\u00edj\u00e1tad\u00f3t \u00e9s a legjobb p\u00e1lyamunk\u00e1kb\u00f3l rendezett ki\u00e1ll\u00edt\u00e1s megnyit\u00f3j\u00e1t szeptember 10-\u00e9n Budapesten tartj\u00e1k.<\/strong><\/p>\n<p>A p\u00e1ly\u00e1zatra r\u00f6vidsz\u0151r\u0171 magyar vizsl\u00e1t \u00e1br\u00e1zol\u00f3, emberk\u00e9z alkotta k\u00e9pz\u0151m\u0171v\u00e9szeti munk\u00e1kat v\u00e1rtak. A felh\u00edv\u00e1s k\u00f6z\u00e9ppontj\u00e1ban az ember \u00e9s kuty\u00e1ja k\u00f6z\u00f6tt kialakul\u00f3 k\u00fcl\u00f6nleges kapcsolat \u00e1llt. A f\u0151d\u00edj \u00e9rt\u00e9ke 200 ezer forint volt, a legjobb alkot\u00e1sok pedig el\u0151bb a budapesti MagNet K\u00f6z\u00f6ss\u00e9gi H\u00e1zban, majd egy orsz\u00e1gos v\u00e1ndorki\u00e1ll\u00edt\u00e1son mutatkozhatnak be.<\/p>\n<p>A 2026. augusztus 16-i nevez\u00e9si hat\u00e1rid\u0151ig \u00f6sszesen 83 alkot\u00e1s \u00e9rkezett. A zs\u0171ri \u00e9rt\u00e9kel\u00e9se alapj\u00e1n az els\u0151 helyez\u00e9st Ors\u00f3s Imre \u201eH\u0171s\u00e9g \u00e9s szenved\u00e9ly\u201d c\u00edm\u0171 grafik\u00e1ja szerezte meg. A m\u00e1sodik d\u00edjat az esztergomi K\u00f3sa Csongor \u201eVir\u00e1gok k\u00f6zt veled lenni\u201d c\u00edm\u0171 munk\u00e1j\u00e1nak \u00edt\u00e9lt\u00e9k oda, m\u00edg a harmadik helyen Nagy Anik\u00f3 \u201eKiskuty\u00e1m\u201d c\u00edm\u0171 grafik\u00e1ja v\u00e9gzett.<\/p>\n<p>K\u00f6z\u00f6ns\u00e9gszavaz\u00e1st is rendeztek: a legt\u00f6bb, \u00f6sszesen 971 kedvel\u00e9st T\u00f3th Zsuzsa \u201eElm\u00e9lked\u00e9s\u201d c\u00edm\u0171 olajfestm\u00e9nye kapta a szavaz\u00e1s z\u00e1r\u00e1s\u00e1ig.<\/p>\n<p>A p\u00e1ly\u00e1zat d\u00edj\u00e1tad\u00f3j\u00e1t \u00e9s a hozz\u00e1 kapcsol\u00f3d\u00f3 ki\u00e1ll\u00edt\u00e1s megnyit\u00f3j\u00e1t 2026. szeptember 10-\u00e9n, cs\u00fct\u00f6rt\u00f6k\u00f6n 17 \u00f3r\u00e1t\u00f3l rendezik meg a MagNet K\u00f6z\u00f6ss\u00e9gi H\u00e1z Juhar term\u00e9ben, Budapesten, az Andr\u00e1ssy \u00fat 98. sz\u00e1m alatt. A t\u00e1rlatot Sch\u00e9ffer Anna keramikusm\u0171v\u00e9sz, az Orsz\u00e1gos K\u00e9pz\u0151- \u00e9s Iparm\u0171v\u00e9szeti T\u00e1rsas\u00e1g eln\u00f6ke nyitja meg, a d\u00edjakat Ghyczy Gy\u00f6rgy fest\u0151m\u0171v\u00e9sz adja \u00e1t. K\u00f6sz\u00f6nt\u0151t mond Valent-Cs\u00e1nyi Adrienn, a MagNet K\u00f6z\u00f6ss\u00e9gi H\u00e1z menedzsere.<\/p>\n<p>A megnyit\u00f3n T\u00f3thfalvi L\u00e1szl\u00f3 mag\u00e1n\u00e9nekes, el\u0151ad\u00f3m\u0171v\u00e9sz, valamint Benk\u0151 Zsolt bluesgit\u00e1ros, el\u0151ad\u00f3 \u00e9s oktat\u00f3 m\u0171k\u00f6dik k\u00f6zre. A ki\u00e1ll\u00edt\u00e1s 2026. okt\u00f3ber 1-j\u00e9ig l\u00e1togathat\u00f3, a legjobb munk\u00e1k ezt k\u00f6vet\u0151en orsz\u00e1gos v\u00e1ndorki\u00e1ll\u00edt\u00e1son is bemutatkoznak.<\/p>\n<p>A Sotis M\u0171v\u00e9szeti Egyes\u00fclet k\u00f6sz\u00f6netet mondott a p\u00e1ly\u00e1z\u00f3knak, valamint a kezdem\u00e9nyez\u00e9s t\u00e1mogat\u00f3inak: a Hunor Vad\u00e1szbolt \u00e9s M\u00fazeumnak, a Magyar Vizsla Klub Egyes\u00fcletnek, az Orsz\u00e1gos Vizsla Klubnak, a Tiszta Form\u00e1k Alap\u00edtv\u00e1nynak, a Rajzshop.hu-nak, a NIMR\u00d3D Vad\u00e1sz\u00fajs\u00e1gnak, a MagNet K\u00f6z\u00f6ss\u00e9gi H\u00e1znak, a Major B\u00fatornak, az OtthonSzinekkelnek, a Gmajornak, a Kovalik Pinc\u00e9szetnek, valamint a S\u00f3st\u00f3 \u2013 Gy\u00f3gyf\u00fcrd\u0151k Zrt.-nek.<\/p>\n<p><em>Bor\u00edt\u00f3k\u00e9p, forr\u00e1s: Sotis M\u0171v\u00e9szeti Egyes\u00fclet<\/em><\/p>\n","protected":false},"excerpt":{"rendered":"<p>Az esztergomi K\u00f3sa Csongor \u201eVir\u00e1gok k\u00f6zt veled lenni\u201d c\u00edm\u0171 grafik\u00e1ja nyerte el a m\u00e1sodik helyet a Sotis M\u0171v\u00e9szeti Egyes\u00fclet \u201eEmber \u00e9s kuty\u00e1ja\u201d c\u00edm\u0171 k\u00e9pz\u0151m\u0171v\u00e9szeti alkot\u00f3p\u00e1ly\u00e1zat\u00e1n. A d\u00edj\u00e1tad\u00f3t \u00e9s a legjobb p\u00e1lyamunk\u00e1kb\u00f3l rendezett ki\u00e1ll\u00edt\u00e1s megnyit\u00f3j\u00e1t szeptember 10-\u00e9n Budapesten tartj\u00e1k. A p\u00e1ly\u00e1zatra r\u00f6vidsz\u0151r\u0171 magyar vizsl\u00e1t \u00e1br\u00e1zol\u00f3, emberk\u00e9z alkotta k\u00e9pz\u0151m\u0171v\u00e9szeti munk\u00e1kat v\u00e1rtak. A felh\u00edv\u00e1s k\u00f6z\u00e9ppontj\u00e1ban az ember \u00e9s<\/p>\n","protected":false},"author":1,"featured_media":83313,"comment_status":"closed","ping_status":"closed","sticky":false,"template":"","format":"standard","meta":{"ngg_post_thumbnail":0,"footnotes":""},"categories":[38,3],"tags":[2591,42,8882,74,9076],"class_list":["post-83312","post","type-post","status-publish","format-standard","has-post-thumbnail","category-esztergom","category-hirek","tag-alkotoi-palyazat","tag-esztergom","tag-kosa-csongor","tag-palyazat","tag-sotis-muveszeti-egyesulet"],"yoast_head":"<!-- This site is optimized with the Yoast SEO plugin v28.3 - https:\/\/yoast.com\/product\/yoast-seo-wordpress\/ -->\n<title>M\u00e1sodik lett az esztergomi K\u00f3sa Csongor egy orsz\u00e1gos k\u00e9pz\u0151m\u0171v\u00e9szeti p\u00e1ly\u00e1zaton<\/title>\n<meta name=\"robots\" content=\"index, follow, max-snippet:-1, max-image-preview:large, max-video-preview:-1\" \/>\n<link rel=\"canonical\" href=\"https:\/\/dorogimedence.hu\/index.php\/2026\/09\/02\/masodik-lett-az-esztergomi-kosa-csongor-egy-orszagos-kepzomuveszeti-palyazaton\/\" class=\"yoast-seo-meta-tag\" \/>\n<meta property=\"og:locale\" content=\"hu_HU\" class=\"yoast-seo-meta-tag\" \/>\n<meta property=\"og:type\" content=\"article\" class=\"yoast-seo-meta-tag\" \/>\n<meta property=\"og:title\" content=\"M\u00e1sodik lett az esztergomi K\u00f3sa Csongor egy orsz\u00e1gos k\u00e9pz\u0151m\u0171v\u00e9szeti p\u00e1ly\u00e1zaton\" class=\"yoast-seo-meta-tag\" \/>\n<meta property=\"og:description\" content=\"Az esztergomi K\u00f3sa Csongor \u201eVir\u00e1gok k\u00f6zt veled lenni\u201d c\u00edm\u0171 grafik\u00e1ja nyerte el a m\u00e1sodik helyet a Sotis M\u0171v\u00e9szeti Egyes\u00fclet \u201eEmber \u00e9s kuty\u00e1ja\u201d c\u00edm\u0171 k\u00e9pz\u0151m\u0171v\u00e9szeti alkot\u00f3p\u00e1ly\u00e1zat\u00e1n. A d\u00edj\u00e1tad\u00f3t \u00e9s a legjobb p\u00e1lyamunk\u00e1kb\u00f3l rendezett ki\u00e1ll\u00edt\u00e1s megnyit\u00f3j\u00e1t szeptember 10-\u00e9n Budapesten tartj\u00e1k. A p\u00e1ly\u00e1zatra r\u00f6vidsz\u0151r\u0171 magyar vizsl\u00e1t \u00e1br\u00e1zol\u00f3, emberk\u00e9z alkotta k\u00e9pz\u0151m\u0171v\u00e9szeti munk\u00e1kat v\u00e1rtak. A felh\u00edv\u00e1s k\u00f6z\u00e9ppontj\u00e1ban az ember \u00e9s\" class=\"yoast-seo-meta-tag\" \/>\n<meta property=\"og:url\" content=\"https:\/\/dorogimedence.hu\/index.php\/2026\/09\/02\/masodik-lett-az-esztergomi-kosa-csongor-egy-orszagos-kepzomuveszeti-palyazaton\/\" class=\"yoast-seo-meta-tag\" \/>\n<meta property=\"og:site_name\" content=\"Dorogi-medence Region\u00e1lis H\u00edrport\u00e1l\" class=\"yoast-seo-meta-tag\" \/>\n<meta property=\"article:publisher\" content=\"https:\/\/www.facebook.com\/dorogimedence\/\" class=\"yoast-seo-meta-tag\" \/>\n<meta property=\"article:published_time\" content=\"2026-09-02T09:47:53+00:00\" class=\"yoast-seo-meta-tag\" \/>\n<meta property=\"og:image\" content=\"https:\/\/dorogimedence.hu\/wp-content\/uploads\/2026\/09\/sotis.jpg\" class=\"yoast-seo-meta-tag\" \/>\n\t<meta property=\"og:image:width\" content=\"1920\" class=\"yoast-seo-meta-tag\" \/>\n\t<meta property=\"og:image:height\" content=\"970\" class=\"yoast-seo-meta-tag\" \/>\n\t<meta property=\"og:image:type\" content=\"image\/jpeg\" class=\"yoast-seo-meta-tag\" \/>\n<meta name=\"author\" content=\"dorogimedence.hu\" class=\"yoast-seo-meta-tag\" \/>\n<meta name=\"twitter:card\" content=\"summary_large_image\" class=\"yoast-seo-meta-tag\" \/>\n<meta name=\"twitter:label1\" content=\"Szerz\u0151:\" class=\"yoast-seo-meta-tag\" \/>\n\t<meta name=\"twitter:data1\" content=\"dorogimedence.hu\" class=\"yoast-seo-meta-tag\" \/>\n\t<meta name=\"twitter:label2\" content=\"Becs\u00fclt olvas\u00e1si id\u0151\" class=\"yoast-seo-meta-tag\" \/>\n\t<meta name=\"twitter:data2\" content=\"3 perc\" class=\"yoast-seo-meta-tag\" \/>\n<script type=\"application\/ld+json\" class=\"yoast-schema-graph\">{\"@context\":\"https:\\\/\\\/schema.org\",\"@graph\":[{\"@type\":\"Article\",\"@id\":\"https:\\\/\\\/dorogimedence.hu\\\/index.php\\\/2026\\\/09\\\/02\\\/masodik-lett-az-esztergomi-kosa-csongor-egy-orszagos-kepzomuveszeti-palyazaton\\\/#article\",\"isPartOf\":{\"@id\":\"https:\\\/\\\/dorogimedence.hu\\\/index.php\\\/2026\\\/09\\\/02\\\/masodik-lett-az-esztergomi-kosa-csongor-egy-orszagos-kepzomuveszeti-palyazaton\\\/\"},\"author\":{\"name\":\"dorogimedence.hu\",\"@id\":\"https:\\\/\\\/dorogimedence.hu\\\/#\\\/schema\\\/person\\\/ce6091eeb7e95ecdc87890d6aa8e0fd4\"},\"headline\":\"M\u00e1sodik lett az esztergomi K\u00f3sa Csongor egy orsz\u00e1gos k\u00e9pz\u0151m\u0171v\u00e9szeti p\u00e1ly\u00e1zaton\",\"datePublished\":\"2026-09-02T09:47:53+00:00\",\"mainEntityOfPage\":{\"@id\":\"https:\\\/\\\/dorogimedence.hu\\\/index.php\\\/2026\\\/09\\\/02\\\/masodik-lett-az-esztergomi-kosa-csongor-egy-orszagos-kepzomuveszeti-palyazaton\\\/\"},\"wordCount\":547,\"publisher\":{\"@id\":\"https:\\\/\\\/dorogimedence.hu\\\/#organization\"},\"image\":{\"@id\":\"https:\\\/\\\/dorogimedence.hu\\\/index.php\\\/2026\\\/09\\\/02\\\/masodik-lett-az-esztergomi-kosa-csongor-egy-orszagos-kepzomuveszeti-palyazaton\\\/#primaryimage\"},\"thumbnailUrl\":\"https:\\\/\\\/dorogimedence.hu\\\/wp-content\\\/uploads\\\/2026\\\/09\\\/sotis.jpg\",\"keywords\":[\"alkot\u00f3i p\u00e1ly\u00e1zat\",\"esztergom\",\"K\u00f3sa Csongor\",\"p\u00e1ly\u00e1zat\",\"Sotis M\u0171v\u00e9szeti Egyes\u00fclet\"],\"articleSection\":[\"Esztergom\",\"H\u00edrek\"],\"inLanguage\":\"hu\"},{\"@type\":\"WebPage\",\"@id\":\"https:\\\/\\\/dorogimedence.hu\\\/index.php\\\/2026\\\/09\\\/02\\\/masodik-lett-az-esztergomi-kosa-csongor-egy-orszagos-kepzomuveszeti-palyazaton\\\/\",\"url\":\"https:\\\/\\\/dorogimedence.hu\\\/index.php\\\/2026\\\/09\\\/02\\\/masodik-lett-az-esztergomi-kosa-csongor-egy-orszagos-kepzomuveszeti-palyazaton\\\/\",\"name\":\"M\u00e1sodik lett az esztergomi K\u00f3sa Csongor egy orsz\u00e1gos k\u00e9pz\u0151m\u0171v\u00e9szeti p\u00e1ly\u00e1zaton\",\"isPartOf\":{\"@id\":\"https:\\\/\\\/dorogimedence.hu\\\/#website\"},\"primaryImageOfPage\":{\"@id\":\"https:\\\/\\\/dorogimedence.hu\\\/index.php\\\/2026\\\/09\\\/02\\\/masodik-lett-az-esztergomi-kosa-csongor-egy-orszagos-kepzomuveszeti-palyazaton\\\/#primaryimage\"},\"image\":{\"@id\":\"https:\\\/\\\/dorogimedence.hu\\\/index.php\\\/2026\\\/09\\\/02\\\/masodik-lett-az-esztergomi-kosa-csongor-egy-orszagos-kepzomuveszeti-palyazaton\\\/#primaryimage\"},\"thumbnailUrl\":\"https:\\\/\\\/dorogimedence.hu\\\/wp-content\\\/uploads\\\/2026\\\/09\\\/sotis.jpg\",\"datePublished\":\"2026-09-02T09:47:53+00:00\",\"breadcrumb\":{\"@id\":\"https:\\\/\\\/dorogimedence.hu\\\/index.php\\\/2026\\\/09\\\/02\\\/masodik-lett-az-esztergomi-kosa-csongor-egy-orszagos-kepzomuveszeti-palyazaton\\\/#breadcrumb\"},\"inLanguage\":\"hu\",\"potentialAction\":[{\"@type\":\"ReadAction\",\"target\":[\"https:\\\/\\\/dorogimedence.hu\\\/index.php\\\/2026\\\/09\\\/02\\\/masodik-lett-az-esztergomi-kosa-csongor-egy-orszagos-kepzomuveszeti-palyazaton\\\/\"]}]},{\"@type\":\"ImageObject\",\"inLanguage\":\"hu\",\"@id\":\"https:\\\/\\\/dorogimedence.hu\\\/index.php\\\/2026\\\/09\\\/02\\\/masodik-lett-az-esztergomi-kosa-csongor-egy-orszagos-kepzomuveszeti-palyazaton\\\/#primaryimage\",\"url\":\"https:\\\/\\\/dorogimedence.hu\\\/wp-content\\\/uploads\\\/2026\\\/09\\\/sotis.jpg\",\"contentUrl\":\"https:\\\/\\\/dorogimedence.hu\\\/wp-content\\\/uploads\\\/2026\\\/09\\\/sotis.jpg\",\"width\":1920,\"height\":970},{\"@type\":\"BreadcrumbList\",\"@id\":\"https:\\\/\\\/dorogimedence.hu\\\/index.php\\\/2026\\\/09\\\/02\\\/masodik-lett-az-esztergomi-kosa-csongor-egy-orszagos-kepzomuveszeti-palyazaton\\\/#breadcrumb\",\"itemListElement\":[{\"@type\":\"ListItem\",\"position\":1,\"name\":\"Kezd\u0151lap\",\"item\":\"https:\\\/\\\/dorogimedence.hu\\\/\"},{\"@type\":\"ListItem\",\"position\":2,\"name\":\"M\u00e1sodik lett az esztergomi K\u00f3sa Csongor egy orsz\u00e1gos k\u00e9pz\u0151m\u0171v\u00e9szeti p\u00e1ly\u00e1zaton\"}]},{\"@type\":\"WebSite\",\"@id\":\"https:\\\/\\\/dorogimedence.hu\\\/#website\",\"url\":\"https:\\\/\\\/dorogimedence.hu\\\/\",\"name\":\"Dorogi-medence Region\u00e1lis H\u00edrport\u00e1l\",\"description\":\"Dorog, Keszt\u00f6lc, Le\u00e1nyv\u00e1r, Piliscs\u00e9v, Tokod, Tokodalt\u00e1r\u00f3, Csolnok, Esztergom-kertv\u00e1ros: h\u00edrek, programok\",\"publisher\":{\"@id\":\"https:\\\/\\\/dorogimedence.hu\\\/#organization\"},\"potentialAction\":[{\"@type\":\"SearchAction\",\"target\":{\"@type\":\"EntryPoint\",\"urlTemplate\":\"https:\\\/\\\/dorogimedence.hu\\\/?s={search_term_string}\"},\"query-input\":{\"@type\":\"PropertyValueSpecification\",\"valueRequired\":true,\"valueName\":\"search_term_string\"}}],\"inLanguage\":\"hu\"},{\"@type\":\"Organization\",\"@id\":\"https:\\\/\\\/dorogimedence.hu\\\/#organization\",\"name\":\"Dorogi-medence Region\u00e1lis H\u00edrport\u00e1l\",\"url\":\"https:\\\/\\\/dorogimedence.hu\\\/\",\"logo\":{\"@type\":\"ImageObject\",\"inLanguage\":\"hu\",\"@id\":\"https:\\\/\\\/dorogimedence.hu\\\/#\\\/schema\\\/logo\\\/image\\\/\",\"url\":\"https:\\\/\\\/dorogimedence.hu\\\/wp-content\\\/uploads\\\/2021\\\/04\\\/logo-feher-600.png\",\"contentUrl\":\"https:\\\/\\\/dorogimedence.hu\\\/wp-content\\\/uploads\\\/2021\\\/04\\\/logo-feher-600.png\",\"width\":600,\"height\":100,\"caption\":\"Dorogi-medence Region\u00e1lis H\u00edrport\u00e1l\"},\"image\":{\"@id\":\"https:\\\/\\\/dorogimedence.hu\\\/#\\\/schema\\\/logo\\\/image\\\/\"},\"sameAs\":[\"https:\\\/\\\/www.facebook.com\\\/dorogimedence\\\/\"]},{\"@type\":\"Person\",\"@id\":\"https:\\\/\\\/dorogimedence.hu\\\/#\\\/schema\\\/person\\\/ce6091eeb7e95ecdc87890d6aa8e0fd4\",\"name\":\"dorogimedence.hu\",\"image\":{\"@type\":\"ImageObject\",\"inLanguage\":\"hu\",\"@id\":\"\\\/\\\/www.gravatar.com\\\/avatar\\\/d8d45f8901aadff40a4af72c0b826f1d?s=96&#038;r=g&#038;d=mm\",\"url\":\"\\\/\\\/www.gravatar.com\\\/avatar\\\/d8d45f8901aadff40a4af72c0b826f1d?s=96&#038;r=g&#038;d=mm\",\"contentUrl\":\"\\\/\\\/www.gravatar.com\\\/avatar\\\/d8d45f8901aadff40a4af72c0b826f1d?s=96&#038;r=g&#038;d=mm\",\"caption\":\"dorogimedence.hu\"}}]}<\/script>\n<!-- \/ Yoast SEO plugin. -->","yoast_head_json":{"title":"M\u00e1sodik lett az esztergomi K\u00f3sa Csongor egy orsz\u00e1gos k\u00e9pz\u0151m\u0171v\u00e9szeti p\u00e1ly\u00e1zaton","robots":{"index":"index","follow":"follow","max-snippet":"max-snippet:-1","max-image-preview":"max-image-preview:large","max-video-preview":"max-video-preview:-1"},"canonical":"https:\/\/dorogimedence.hu\/index.php\/2026\/09\/02\/masodik-lett-az-esztergomi-kosa-csongor-egy-orszagos-kepzomuveszeti-palyazaton\/","og_locale":"hu_HU","og_type":"article","og_title":"M\u00e1sodik lett az esztergomi K\u00f3sa Csongor egy orsz\u00e1gos k\u00e9pz\u0151m\u0171v\u00e9szeti p\u00e1ly\u00e1zaton","og_description":"Az esztergomi K\u00f3sa Csongor \u201eVir\u00e1gok k\u00f6zt veled lenni\u201d c\u00edm\u0171 grafik\u00e1ja nyerte el a m\u00e1sodik helyet a Sotis M\u0171v\u00e9szeti Egyes\u00fclet \u201eEmber \u00e9s kuty\u00e1ja\u201d c\u00edm\u0171 k\u00e9pz\u0151m\u0171v\u00e9szeti alkot\u00f3p\u00e1ly\u00e1zat\u00e1n. A d\u00edj\u00e1tad\u00f3t \u00e9s a legjobb p\u00e1lyamunk\u00e1kb\u00f3l rendezett ki\u00e1ll\u00edt\u00e1s megnyit\u00f3j\u00e1t szeptember 10-\u00e9n Budapesten tartj\u00e1k. A p\u00e1ly\u00e1zatra r\u00f6vidsz\u0151r\u0171 magyar vizsl\u00e1t \u00e1br\u00e1zol\u00f3, emberk\u00e9z alkotta k\u00e9pz\u0151m\u0171v\u00e9szeti munk\u00e1kat v\u00e1rtak. A felh\u00edv\u00e1s k\u00f6z\u00e9ppontj\u00e1ban az ember \u00e9s","og_url":"https:\/\/dorogimedence.hu\/index.php\/2026\/09\/02\/masodik-lett-az-esztergomi-kosa-csongor-egy-orszagos-kepzomuveszeti-palyazaton\/","og_site_name":"Dorogi-medence Region\u00e1lis H\u00edrport\u00e1l","article_publisher":"https:\/\/www.facebook.com\/dorogimedence\/","article_published_time":"2026-09-02T09:47:53+00:00","og_image":[{"width":1920,"height":970,"url":"https:\/\/dorogimedence.hu\/wp-content\/uploads\/2026\/09\/sotis.jpg","type":"image\/jpeg"}],"author":"dorogimedence.hu","twitter_card":"summary_large_image","twitter_misc":{"Szerz\u0151:":"dorogimedence.hu","Becs\u00fclt olvas\u00e1si id\u0151":"3 perc"},"schema":{"@context":"https:\/\/schema.org","@graph":[{"@type":"Article","@id":"https:\/\/dorogimedence.hu\/index.php\/2026\/09\/02\/masodik-lett-az-esztergomi-kosa-csongor-egy-orszagos-kepzomuveszeti-palyazaton\/#article","isPartOf":{"@id":"https:\/\/dorogimedence.hu\/index.php\/2026\/09\/02\/masodik-lett-az-esztergomi-kosa-csongor-egy-orszagos-kepzomuveszeti-palyazaton\/"},"author":{"name":"dorogimedence.hu","@id":"https:\/\/dorogimedence.hu\/#\/schema\/person\/ce6091eeb7e95ecdc87890d6aa8e0fd4"},"headline":"M\u00e1sodik lett az esztergomi K\u00f3sa Csongor egy orsz\u00e1gos k\u00e9pz\u0151m\u0171v\u00e9szeti p\u00e1ly\u00e1zaton","datePublished":"2026-09-02T09:47:53+00:00","mainEntityOfPage":{"@id":"https:\/\/dorogimedence.hu\/index.php\/2026\/09\/02\/masodik-lett-az-esztergomi-kosa-csongor-egy-orszagos-kepzomuveszeti-palyazaton\/"},"wordCount":547,"publisher":{"@id":"https:\/\/dorogimedence.hu\/#organization"},"image":{"@id":"https:\/\/dorogimedence.hu\/index.php\/2026\/09\/02\/masodik-lett-az-esztergomi-kosa-csongor-egy-orszagos-kepzomuveszeti-palyazaton\/#primaryimage"},"thumbnailUrl":"https:\/\/dorogimedence.hu\/wp-content\/uploads\/2026\/09\/sotis.jpg","keywords":["alkot\u00f3i p\u00e1ly\u00e1zat","esztergom","K\u00f3sa Csongor","p\u00e1ly\u00e1zat","Sotis M\u0171v\u00e9szeti Egyes\u00fclet"],"articleSection":["Esztergom","H\u00edrek"],"inLanguage":"hu"},{"@type":"WebPage","@id":"https:\/\/dorogimedence.hu\/index.php\/2026\/09\/02\/masodik-lett-az-esztergomi-kosa-csongor-egy-orszagos-kepzomuveszeti-palyazaton\/","url":"https:\/\/dorogimedence.hu\/index.php\/2026\/09\/02\/masodik-lett-az-esztergomi-kosa-csongor-egy-orszagos-kepzomuveszeti-palyazaton\/","name":"M\u00e1sodik lett az esztergomi K\u00f3sa Csongor egy orsz\u00e1gos k\u00e9pz\u0151m\u0171v\u00e9szeti p\u00e1ly\u00e1zaton","isPartOf":{"@id":"https:\/\/dorogimedence.hu\/#website"},"primaryImageOfPage":{"@id":"https:\/\/dorogimedence.hu\/index.php\/2026\/09\/02\/masodik-lett-az-esztergomi-kosa-csongor-egy-orszagos-kepzomuveszeti-palyazaton\/#primaryimage"},"image":{"@id":"https:\/\/dorogimedence.hu\/index.php\/2026\/09\/02\/masodik-lett-az-esztergomi-kosa-csongor-egy-orszagos-kepzomuveszeti-palyazaton\/#primaryimage"},"thumbnailUrl":"https:\/\/dorogimedence.hu\/wp-content\/uploads\/2026\/09\/sotis.jpg","datePublished":"2026-09-02T09:47:53+00:00","breadcrumb":{"@id":"https:\/\/dorogimedence.hu\/index.php\/2026\/09\/02\/masodik-lett-az-esztergomi-kosa-csongor-egy-orszagos-kepzomuveszeti-palyazaton\/#breadcrumb"},"inLanguage":"hu","potentialAction":[{"@type":"ReadAction","target":["https:\/\/dorogimedence.hu\/index.php\/2026\/09\/02\/masodik-lett-az-esztergomi-kosa-csongor-egy-orszagos-kepzomuveszeti-palyazaton\/"]}]},{"@type":"ImageObject","inLanguage":"hu","@id":"https:\/\/dorogimedence.hu\/index.php\/2026\/09\/02\/masodik-lett-az-esztergomi-kosa-csongor-egy-orszagos-kepzomuveszeti-palyazaton\/#primaryimage","url":"https:\/\/dorogimedence.hu\/wp-content\/uploads\/2026\/09\/sotis.jpg","contentUrl":"https:\/\/dorogimedence.hu\/wp-content\/uploads\/2026\/09\/sotis.jpg","width":1920,"height":970},{"@type":"BreadcrumbList","@id":"https:\/\/dorogimedence.hu\/index.php\/2026\/09\/02\/masodik-lett-az-esztergomi-kosa-csongor-egy-orszagos-kepzomuveszeti-palyazaton\/#breadcrumb","itemListElement":[{"@type":"ListItem","position":1,"name":"Kezd\u0151lap","item":"https:\/\/dorogimedence.hu\/"},{"@type":"ListItem","position":2,"name":"M\u00e1sodik lett az esztergomi K\u00f3sa Csongor egy orsz\u00e1gos k\u00e9pz\u0151m\u0171v\u00e9szeti p\u00e1ly\u00e1zaton"}]},{"@type":"WebSite","@id":"https:\/\/dorogimedence.hu\/#website","url":"https:\/\/dorogimedence.hu\/","name":"Dorogi-medence Region\u00e1lis H\u00edrport\u00e1l","description":"Dorog, Keszt\u00f6lc, Le\u00e1nyv\u00e1r, Piliscs\u00e9v, Tokod, Tokodalt\u00e1r\u00f3, Csolnok, Esztergom-kertv\u00e1ros: h\u00edrek, programok","publisher":{"@id":"https:\/\/dorogimedence.hu\/#organization"},"potentialAction":[{"@type":"SearchAction","target":{"@type":"EntryPoint","urlTemplate":"https:\/\/dorogimedence.hu\/?s={search_term_string}"},"query-input":{"@type":"PropertyValueSpecification","valueRequired":true,"valueName":"search_term_string"}}],"inLanguage":"hu"},{"@type":"Organization","@id":"https:\/\/dorogimedence.hu\/#organization","name":"Dorogi-medence Region\u00e1lis H\u00edrport\u00e1l","url":"https:\/\/dorogimedence.hu\/","logo":{"@type":"ImageObject","inLanguage":"hu","@id":"https:\/\/dorogimedence.hu\/#\/schema\/logo\/image\/","url":"https:\/\/dorogimedence.hu\/wp-content\/uploads\/2021\/04\/logo-feher-600.png","contentUrl":"https:\/\/dorogimedence.hu\/wp-content\/uploads\/2021\/04\/logo-feher-600.png","width":600,"height":100,"caption":"Dorogi-medence Region\u00e1lis H\u00edrport\u00e1l"},"image":{"@id":"https:\/\/dorogimedence.hu\/#\/schema\/logo\/image\/"},"sameAs":["https:\/\/www.facebook.com\/dorogimedence\/"]},{"@type":"Person","@id":"https:\/\/dorogimedence.hu\/#\/schema\/person\/ce6091eeb7e95ecdc87890d6aa8e0fd4","name":"dorogimedence.hu","image":{"@type":"ImageObject","inLanguage":"hu","@id":"\/\/www.gravatar.com\/avatar\/d8d45f8901aadff40a4af72c0b826f1d?s=96&#038;r=g&#038;d=mm","url":"\/\/www.gravatar.com\/avatar\/d8d45f8901aadff40a4af72c0b826f1d?s=96&#038;r=g&#038;d=mm","contentUrl":"\/\/www.gravatar.com\/avatar\/d8d45f8901aadff40a4af72c0b826f1d?s=96&#038;r=g&#038;d=mm","caption":"dorogimedence.hu"}}]}},"_links":{"self":[{"href":"https:\/\/dorogimedence.hu\/index.php\/wp-json\/wp\/v2\/posts\/83312","targetHints":{"allow":["GET"]}}],"collection":[{"href":"https:\/\/dorogimedence.hu\/index.php\/wp-json\/wp\/v2\/posts"}],"about":[{"href":"https:\/\/dorogimedence.hu\/index.php\/wp-json\/wp\/v2\/types\/post"}],"author":[{"embeddable":true,"href":"https:\/\/dorogimedence.hu\/index.php\/wp-json\/wp\/v2\/users\/1"}],"replies":[{"embeddable":true,"href":"https:\/\/dorogimedence.hu\/index.php\/wp-json\/wp\/v2\/comments?post=83312"}],"version-history":[{"count":1,"href":"https:\/\/dorogimedence.hu\/index.php\/wp-json\/wp\/v2\/posts\/83312\/revisions"}],"predecessor-version":[{"id":83314,"href":"https:\/\/dorogimedence.hu\/index.php\/wp-json\/wp\/v2\/posts\/83312\/revisions\/83314"}],"wp:featuredmedia":[{"embeddable":true,"href":"https:\/\/dorogimedence.hu\/index.php\/wp-json\/wp\/v2\/media\/83313"}],"wp:attachment":[{"href":"https:\/\/dorogimedence.hu\/index.php\/wp-json\/wp\/v2\/media?parent=83312"}],"wp:term":[{"taxonomy":"category","embeddable":true,"href":"https:\/\/dorogimedence.hu\/index.php\/wp-json\/wp\/v2\/categories?post=83312"},{"taxonomy":"post_tag","embeddable":true,"href":"https:\/\/dorogimedence.hu\/index.php\/wp-json\/wp\/v2\/tags?post=83312"}],"curies":[{"name":"wp","href":"https:\/\/api.w.org\/{rel}","templated":true}]}}