{"id":83305,"date":"2026-09-02T09:20:16","date_gmt":"2026-09-02T07:20:16","guid":{"rendered":"https:\/\/dorogimedence.hu\/?p=83305"},"modified":"2026-09-02T09:20:16","modified_gmt":"2026-09-02T07:20:16","slug":"televiziokeszulekeket-kapott-az-esztergomi-korhaz","status":"publish","type":"post","link":"https:\/\/dorogimedence.hu\/index.php\/2026\/09\/02\/televiziokeszulekeket-kapott-az-esztergomi-korhaz\/","title":{"rendered":"Telev\u00edzi\u00f3k\u00e9sz\u00fcl\u00e9keket kapott az esztergomi k\u00f3rh\u00e1z"},"content":{"rendered":"<p><strong>Telev\u00edzi\u00f3k\u00e9sz\u00fcl\u00e9keket adom\u00e1nyozott a Ne Dobd Ki Alap\u00edtv\u00e1ny az Esztergomi Vaszary Kolos K\u00f3rh\u00e1znak. A felaj\u00e1nl\u00e1s a betegek k\u00e9nyelm\u00e9t \u00e9s a k\u00f3rh\u00e1zban t\u00f6lt\u00f6tt id\u0151 kellemesebb\u00e9 t\u00e9tel\u00e9t szolg\u00e1lja.<\/strong><\/p>\n<p>Az eg\u00e9szs\u00e9g\u00fcgyi int\u00e9zm\u00e9ny <a href=\"https:\/\/www.facebook.com\/vaszarykoloskorhazhivatalos\/posts\/pfbid02a5Syjak7fqjnND73kwhDZ3PBHJZCh6rGr82UbRyMU2PgP5bFsVscUgrmcY9pzyoul\" target=\"_blank\" rel=\"noopener\"><span style=\"text-decoration: underline; color: #0000ff;\">k\u00f6z\u00f6ss\u00e9gi oldal\u00e1n<\/span><\/a> mondott k\u00f6sz\u00f6netet Ellenbacher Attila telev\u00edzi\u00f3-szerel\u0151 m\u0171szer\u00e9sznek, valamint a Ne Dobd Ki Alap\u00edtv\u00e1nynak az adom\u00e1ny\u00e9rt.<\/p>\n<p>Az alap\u00edtv\u00e1ny Magyarorsz\u00e1gon egyed\u00fcl\u00e1ll\u00f3 kezdem\u00e9nyez\u00e9s keret\u00e9ben gy\u0171jti \u00f6ssze a tulajdonosaik sz\u00e1m\u00e1ra feleslegess\u00e9 v\u00e1lt telev\u00edzi\u00f3kat. A k\u00e9sz\u00fcl\u00e9keket megjav\u00edtj\u00e1k, majd k\u00f3rh\u00e1zaknak \u00e9s m\u00e1s eg\u00e9szs\u00e9g\u00fcgyi int\u00e9zm\u00e9nyeknek aj\u00e1nlj\u00e1k fel.<\/p>\n<p>A szervezet tev\u00e9kenys\u00e9g\u00e9nek k\u00f6sz\u00f6nhet\u0151en az elm\u00falt t\u00edz \u00e9vben t\u00f6bb mint 3600 telev\u00edzi\u00f3 jutott el ilyen m\u00f3don eg\u00e9szs\u00e9g\u00fcgyi int\u00e9zm\u00e9nyekbe. A k\u00e9sz\u00fcl\u00e9kek hozz\u00e1j\u00e1rulnak a betegek komfort\u00e9rzet\u00e9nek jav\u00edt\u00e1s\u00e1hoz, \u00e9s k\u00f6nnyebb\u00e9 tehetik a k\u00f3rh\u00e1zban t\u00f6lt\u00f6tt napokat.<\/p>\n<p>Az Esztergomi Vaszary Kolos K\u00f3rh\u00e1znak adom\u00e1nyozott telev\u00edzi\u00f3k a Belgy\u00f3gy\u00e1szati, a Traumatol\u00f3giai \u00e9s a Kr\u00f3nikus Belgy\u00f3gy\u00e1szati Oszt\u00e1lyra, valamint a Szent Borb\u00e1la Tagk\u00f3rh\u00e1z \u00c1pol\u00e1si Oszt\u00e1ly\u00e1ra ker\u00fcltek.<\/p>\n<p><em>Bor\u00edt\u00f3k\u00e9p, forr\u00e1s: Vaszary Kolos K\u00f3rh\u00e1z Esztergom &#8211; Hivatalos oldala<\/em><\/p>\n","protected":false},"excerpt":{"rendered":"<p>Telev\u00edzi\u00f3k\u00e9sz\u00fcl\u00e9keket adom\u00e1nyozott a Ne Dobd Ki Alap\u00edtv\u00e1ny az Esztergomi Vaszary Kolos K\u00f3rh\u00e1znak. A felaj\u00e1nl\u00e1s a betegek k\u00e9nyelm\u00e9t \u00e9s a k\u00f3rh\u00e1zban t\u00f6lt\u00f6tt id\u0151 kellemesebb\u00e9 t\u00e9tel\u00e9t szolg\u00e1lja. Az eg\u00e9szs\u00e9g\u00fcgyi int\u00e9zm\u00e9ny k\u00f6z\u00f6ss\u00e9gi oldal\u00e1n mondott k\u00f6sz\u00f6netet Ellenbacher Attila telev\u00edzi\u00f3-szerel\u0151 m\u0171szer\u00e9sznek, valamint a Ne Dobd Ki Alap\u00edtv\u00e1nynak az adom\u00e1ny\u00e9rt. Az alap\u00edtv\u00e1ny Magyarorsz\u00e1gon egyed\u00fcl\u00e1ll\u00f3 kezdem\u00e9nyez\u00e9s keret\u00e9ben gy\u0171jti \u00f6ssze a tulajdonosaik sz\u00e1m\u00e1ra<\/p>\n","protected":false},"author":1,"featured_media":83306,"comment_status":"closed","ping_status":"closed","sticky":false,"template":"","format":"standard","meta":{"ngg_post_thumbnail":0,"footnotes":""},"categories":[38,3],"tags":[1887,42,5062,7801,987],"class_list":["post-83305","post","type-post","status-publish","format-standard","has-post-thumbnail","category-esztergom","category-hirek","tag-adomany","tag-esztergom","tag-esztergomi-korhaz","tag-televizio","tag-tv"],"yoast_head":"<!-- This site is optimized with the Yoast SEO plugin v28.3 - https:\/\/yoast.com\/product\/yoast-seo-wordpress\/ -->\n<title>Telev\u00edzi\u00f3k\u00e9sz\u00fcl\u00e9keket kapott az esztergomi k\u00f3rh\u00e1z<\/title>\n<meta name=\"robots\" content=\"index, follow, max-snippet:-1, max-image-preview:large, max-video-preview:-1\" \/>\n<link rel=\"canonical\" href=\"https:\/\/dorogimedence.hu\/index.php\/2026\/09\/02\/televiziokeszulekeket-kapott-az-esztergomi-korhaz\/\" class=\"yoast-seo-meta-tag\" \/>\n<meta property=\"og:locale\" content=\"hu_HU\" class=\"yoast-seo-meta-tag\" \/>\n<meta property=\"og:type\" content=\"article\" class=\"yoast-seo-meta-tag\" \/>\n<meta property=\"og:title\" content=\"Telev\u00edzi\u00f3k\u00e9sz\u00fcl\u00e9keket kapott az esztergomi k\u00f3rh\u00e1z\" class=\"yoast-seo-meta-tag\" \/>\n<meta property=\"og:description\" content=\"Telev\u00edzi\u00f3k\u00e9sz\u00fcl\u00e9keket adom\u00e1nyozott a Ne Dobd Ki Alap\u00edtv\u00e1ny az Esztergomi Vaszary Kolos K\u00f3rh\u00e1znak. A felaj\u00e1nl\u00e1s a betegek k\u00e9nyelm\u00e9t \u00e9s a k\u00f3rh\u00e1zban t\u00f6lt\u00f6tt id\u0151 kellemesebb\u00e9 t\u00e9tel\u00e9t szolg\u00e1lja. Az eg\u00e9szs\u00e9g\u00fcgyi int\u00e9zm\u00e9ny k\u00f6z\u00f6ss\u00e9gi oldal\u00e1n mondott k\u00f6sz\u00f6netet Ellenbacher Attila telev\u00edzi\u00f3-szerel\u0151 m\u0171szer\u00e9sznek, valamint a Ne Dobd Ki Alap\u00edtv\u00e1nynak az adom\u00e1ny\u00e9rt. Az alap\u00edtv\u00e1ny Magyarorsz\u00e1gon egyed\u00fcl\u00e1ll\u00f3 kezdem\u00e9nyez\u00e9s keret\u00e9ben gy\u0171jti \u00f6ssze a tulajdonosaik sz\u00e1m\u00e1ra\" class=\"yoast-seo-meta-tag\" \/>\n<meta property=\"og:url\" content=\"https:\/\/dorogimedence.hu\/index.php\/2026\/09\/02\/televiziokeszulekeket-kapott-az-esztergomi-korhaz\/\" class=\"yoast-seo-meta-tag\" \/>\n<meta property=\"og:site_name\" content=\"Dorogi-medence Region\u00e1lis H\u00edrport\u00e1l\" class=\"yoast-seo-meta-tag\" \/>\n<meta property=\"article:publisher\" content=\"https:\/\/www.facebook.com\/dorogimedence\/\" class=\"yoast-seo-meta-tag\" \/>\n<meta property=\"article:published_time\" content=\"2026-09-02T07:20:16+00:00\" class=\"yoast-seo-meta-tag\" \/>\n<meta property=\"og:image\" content=\"https:\/\/dorogimedence.hu\/wp-content\/uploads\/2026\/09\/784251919_1111173038534200_8397814601553367455_n.jpg\" class=\"yoast-seo-meta-tag\" \/>\n\t<meta property=\"og:image:width\" content=\"2048\" class=\"yoast-seo-meta-tag\" \/>\n\t<meta property=\"og:image:height\" content=\"1536\" class=\"yoast-seo-meta-tag\" \/>\n\t<meta property=\"og:image:type\" content=\"image\/jpeg\" class=\"yoast-seo-meta-tag\" \/>\n<meta name=\"author\" content=\"dorogimedence.hu\" class=\"yoast-seo-meta-tag\" \/>\n<meta name=\"twitter:card\" content=\"summary_large_image\" class=\"yoast-seo-meta-tag\" \/>\n<meta name=\"twitter:label1\" content=\"Szerz\u0151:\" class=\"yoast-seo-meta-tag\" \/>\n\t<meta name=\"twitter:data1\" content=\"dorogimedence.hu\" class=\"yoast-seo-meta-tag\" \/>\n\t<meta name=\"twitter:label2\" content=\"Becs\u00fclt olvas\u00e1si id\u0151\" class=\"yoast-seo-meta-tag\" \/>\n\t<meta name=\"twitter:data2\" content=\"1 perc\" class=\"yoast-seo-meta-tag\" \/>\n<script type=\"application\/ld+json\" class=\"yoast-schema-graph\">{\"@context\":\"https:\\\/\\\/schema.org\",\"@graph\":[{\"@type\":\"Article\",\"@id\":\"https:\\\/\\\/dorogimedence.hu\\\/index.php\\\/2026\\\/09\\\/02\\\/televiziokeszulekeket-kapott-az-esztergomi-korhaz\\\/#article\",\"isPartOf\":{\"@id\":\"https:\\\/\\\/dorogimedence.hu\\\/index.php\\\/2026\\\/09\\\/02\\\/televiziokeszulekeket-kapott-az-esztergomi-korhaz\\\/\"},\"author\":{\"name\":\"dorogimedence.hu\",\"@id\":\"https:\\\/\\\/dorogimedence.hu\\\/#\\\/schema\\\/person\\\/ce6091eeb7e95ecdc87890d6aa8e0fd4\"},\"headline\":\"Telev\u00edzi\u00f3k\u00e9sz\u00fcl\u00e9keket kapott az esztergomi k\u00f3rh\u00e1z\",\"datePublished\":\"2026-09-02T07:20:16+00:00\",\"mainEntityOfPage\":{\"@id\":\"https:\\\/\\\/dorogimedence.hu\\\/index.php\\\/2026\\\/09\\\/02\\\/televiziokeszulekeket-kapott-az-esztergomi-korhaz\\\/\"},\"wordCount\":270,\"publisher\":{\"@id\":\"https:\\\/\\\/dorogimedence.hu\\\/#organization\"},\"image\":{\"@id\":\"https:\\\/\\\/dorogimedence.hu\\\/index.php\\\/2026\\\/09\\\/02\\\/televiziokeszulekeket-kapott-az-esztergomi-korhaz\\\/#primaryimage\"},\"thumbnailUrl\":\"https:\\\/\\\/dorogimedence.hu\\\/wp-content\\\/uploads\\\/2026\\\/09\\\/784251919_1111173038534200_8397814601553367455_n.jpg\",\"keywords\":[\"adom\u00e1ny\",\"esztergom\",\"esztergomi k\u00f3rh\u00e1z\",\"telev\u00edzi\u00f3\",\"tv\"],\"articleSection\":[\"Esztergom\",\"H\u00edrek\"],\"inLanguage\":\"hu\"},{\"@type\":\"WebPage\",\"@id\":\"https:\\\/\\\/dorogimedence.hu\\\/index.php\\\/2026\\\/09\\\/02\\\/televiziokeszulekeket-kapott-az-esztergomi-korhaz\\\/\",\"url\":\"https:\\\/\\\/dorogimedence.hu\\\/index.php\\\/2026\\\/09\\\/02\\\/televiziokeszulekeket-kapott-az-esztergomi-korhaz\\\/\",\"name\":\"Telev\u00edzi\u00f3k\u00e9sz\u00fcl\u00e9keket kapott az esztergomi k\u00f3rh\u00e1z\",\"isPartOf\":{\"@id\":\"https:\\\/\\\/dorogimedence.hu\\\/#website\"},\"primaryImageOfPage\":{\"@id\":\"https:\\\/\\\/dorogimedence.hu\\\/index.php\\\/2026\\\/09\\\/02\\\/televiziokeszulekeket-kapott-az-esztergomi-korhaz\\\/#primaryimage\"},\"image\":{\"@id\":\"https:\\\/\\\/dorogimedence.hu\\\/index.php\\\/2026\\\/09\\\/02\\\/televiziokeszulekeket-kapott-az-esztergomi-korhaz\\\/#primaryimage\"},\"thumbnailUrl\":\"https:\\\/\\\/dorogimedence.hu\\\/wp-content\\\/uploads\\\/2026\\\/09\\\/784251919_1111173038534200_8397814601553367455_n.jpg\",\"datePublished\":\"2026-09-02T07:20:16+00:00\",\"breadcrumb\":{\"@id\":\"https:\\\/\\\/dorogimedence.hu\\\/index.php\\\/2026\\\/09\\\/02\\\/televiziokeszulekeket-kapott-az-esztergomi-korhaz\\\/#breadcrumb\"},\"inLanguage\":\"hu\",\"potentialAction\":[{\"@type\":\"ReadAction\",\"target\":[\"https:\\\/\\\/dorogimedence.hu\\\/index.php\\\/2026\\\/09\\\/02\\\/televiziokeszulekeket-kapott-az-esztergomi-korhaz\\\/\"]}]},{\"@type\":\"ImageObject\",\"inLanguage\":\"hu\",\"@id\":\"https:\\\/\\\/dorogimedence.hu\\\/index.php\\\/2026\\\/09\\\/02\\\/televiziokeszulekeket-kapott-az-esztergomi-korhaz\\\/#primaryimage\",\"url\":\"https:\\\/\\\/dorogimedence.hu\\\/wp-content\\\/uploads\\\/2026\\\/09\\\/784251919_1111173038534200_8397814601553367455_n.jpg\",\"contentUrl\":\"https:\\\/\\\/dorogimedence.hu\\\/wp-content\\\/uploads\\\/2026\\\/09\\\/784251919_1111173038534200_8397814601553367455_n.jpg\",\"width\":2048,\"height\":1536},{\"@type\":\"BreadcrumbList\",\"@id\":\"https:\\\/\\\/dorogimedence.hu\\\/index.php\\\/2026\\\/09\\\/02\\\/televiziokeszulekeket-kapott-az-esztergomi-korhaz\\\/#breadcrumb\",\"itemListElement\":[{\"@type\":\"ListItem\",\"position\":1,\"name\":\"Kezd\u0151lap\",\"item\":\"https:\\\/\\\/dorogimedence.hu\\\/\"},{\"@type\":\"ListItem\",\"position\":2,\"name\":\"Telev\u00edzi\u00f3k\u00e9sz\u00fcl\u00e9keket kapott az esztergomi k\u00f3rh\u00e1z\"}]},{\"@type\":\"WebSite\",\"@id\":\"https:\\\/\\\/dorogimedence.hu\\\/#website\",\"url\":\"https:\\\/\\\/dorogimedence.hu\\\/\",\"name\":\"Dorogi-medence Region\u00e1lis H\u00edrport\u00e1l\",\"description\":\"Dorog, Keszt\u00f6lc, Le\u00e1nyv\u00e1r, Piliscs\u00e9v, Tokod, Tokodalt\u00e1r\u00f3, Csolnok, Esztergom-kertv\u00e1ros: h\u00edrek, programok\",\"publisher\":{\"@id\":\"https:\\\/\\\/dorogimedence.hu\\\/#organization\"},\"potentialAction\":[{\"@type\":\"SearchAction\",\"target\":{\"@type\":\"EntryPoint\",\"urlTemplate\":\"https:\\\/\\\/dorogimedence.hu\\\/?s={search_term_string}\"},\"query-input\":{\"@type\":\"PropertyValueSpecification\",\"valueRequired\":true,\"valueName\":\"search_term_string\"}}],\"inLanguage\":\"hu\"},{\"@type\":\"Organization\",\"@id\":\"https:\\\/\\\/dorogimedence.hu\\\/#organization\",\"name\":\"Dorogi-medence Region\u00e1lis H\u00edrport\u00e1l\",\"url\":\"https:\\\/\\\/dorogimedence.hu\\\/\",\"logo\":{\"@type\":\"ImageObject\",\"inLanguage\":\"hu\",\"@id\":\"https:\\\/\\\/dorogimedence.hu\\\/#\\\/schema\\\/logo\\\/image\\\/\",\"url\":\"https:\\\/\\\/dorogimedence.hu\\\/wp-content\\\/uploads\\\/2021\\\/04\\\/logo-feher-600.png\",\"contentUrl\":\"https:\\\/\\\/dorogimedence.hu\\\/wp-content\\\/uploads\\\/2021\\\/04\\\/logo-feher-600.png\",\"width\":600,\"height\":100,\"caption\":\"Dorogi-medence Region\u00e1lis H\u00edrport\u00e1l\"},\"image\":{\"@id\":\"https:\\\/\\\/dorogimedence.hu\\\/#\\\/schema\\\/logo\\\/image\\\/\"},\"sameAs\":[\"https:\\\/\\\/www.facebook.com\\\/dorogimedence\\\/\"]},{\"@type\":\"Person\",\"@id\":\"https:\\\/\\\/dorogimedence.hu\\\/#\\\/schema\\\/person\\\/ce6091eeb7e95ecdc87890d6aa8e0fd4\",\"name\":\"dorogimedence.hu\",\"image\":{\"@type\":\"ImageObject\",\"inLanguage\":\"hu\",\"@id\":\"\\\/\\\/www.gravatar.com\\\/avatar\\\/d8d45f8901aadff40a4af72c0b826f1d?s=96&#038;r=g&#038;d=mm\",\"url\":\"\\\/\\\/www.gravatar.com\\\/avatar\\\/d8d45f8901aadff40a4af72c0b826f1d?s=96&#038;r=g&#038;d=mm\",\"contentUrl\":\"\\\/\\\/www.gravatar.com\\\/avatar\\\/d8d45f8901aadff40a4af72c0b826f1d?s=96&#038;r=g&#038;d=mm\",\"caption\":\"dorogimedence.hu\"}}]}<\/script>\n<!-- \/ Yoast SEO plugin. -->","yoast_head_json":{"title":"Telev\u00edzi\u00f3k\u00e9sz\u00fcl\u00e9keket kapott az esztergomi k\u00f3rh\u00e1z","robots":{"index":"index","follow":"follow","max-snippet":"max-snippet:-1","max-image-preview":"max-image-preview:large","max-video-preview":"max-video-preview:-1"},"canonical":"https:\/\/dorogimedence.hu\/index.php\/2026\/09\/02\/televiziokeszulekeket-kapott-az-esztergomi-korhaz\/","og_locale":"hu_HU","og_type":"article","og_title":"Telev\u00edzi\u00f3k\u00e9sz\u00fcl\u00e9keket kapott az esztergomi k\u00f3rh\u00e1z","og_description":"Telev\u00edzi\u00f3k\u00e9sz\u00fcl\u00e9keket adom\u00e1nyozott a Ne Dobd Ki Alap\u00edtv\u00e1ny az Esztergomi Vaszary Kolos K\u00f3rh\u00e1znak. A felaj\u00e1nl\u00e1s a betegek k\u00e9nyelm\u00e9t \u00e9s a k\u00f3rh\u00e1zban t\u00f6lt\u00f6tt id\u0151 kellemesebb\u00e9 t\u00e9tel\u00e9t szolg\u00e1lja. Az eg\u00e9szs\u00e9g\u00fcgyi int\u00e9zm\u00e9ny k\u00f6z\u00f6ss\u00e9gi oldal\u00e1n mondott k\u00f6sz\u00f6netet Ellenbacher Attila telev\u00edzi\u00f3-szerel\u0151 m\u0171szer\u00e9sznek, valamint a Ne Dobd Ki Alap\u00edtv\u00e1nynak az adom\u00e1ny\u00e9rt. Az alap\u00edtv\u00e1ny Magyarorsz\u00e1gon egyed\u00fcl\u00e1ll\u00f3 kezdem\u00e9nyez\u00e9s keret\u00e9ben gy\u0171jti \u00f6ssze a tulajdonosaik sz\u00e1m\u00e1ra","og_url":"https:\/\/dorogimedence.hu\/index.php\/2026\/09\/02\/televiziokeszulekeket-kapott-az-esztergomi-korhaz\/","og_site_name":"Dorogi-medence Region\u00e1lis H\u00edrport\u00e1l","article_publisher":"https:\/\/www.facebook.com\/dorogimedence\/","article_published_time":"2026-09-02T07:20:16+00:00","og_image":[{"width":2048,"height":1536,"url":"https:\/\/dorogimedence.hu\/wp-content\/uploads\/2026\/09\/784251919_1111173038534200_8397814601553367455_n.jpg","type":"image\/jpeg"}],"author":"dorogimedence.hu","twitter_card":"summary_large_image","twitter_misc":{"Szerz\u0151:":"dorogimedence.hu","Becs\u00fclt olvas\u00e1si id\u0151":"1 perc"},"schema":{"@context":"https:\/\/schema.org","@graph":[{"@type":"Article","@id":"https:\/\/dorogimedence.hu\/index.php\/2026\/09\/02\/televiziokeszulekeket-kapott-az-esztergomi-korhaz\/#article","isPartOf":{"@id":"https:\/\/dorogimedence.hu\/index.php\/2026\/09\/02\/televiziokeszulekeket-kapott-az-esztergomi-korhaz\/"},"author":{"name":"dorogimedence.hu","@id":"https:\/\/dorogimedence.hu\/#\/schema\/person\/ce6091eeb7e95ecdc87890d6aa8e0fd4"},"headline":"Telev\u00edzi\u00f3k\u00e9sz\u00fcl\u00e9keket kapott az esztergomi k\u00f3rh\u00e1z","datePublished":"2026-09-02T07:20:16+00:00","mainEntityOfPage":{"@id":"https:\/\/dorogimedence.hu\/index.php\/2026\/09\/02\/televiziokeszulekeket-kapott-az-esztergomi-korhaz\/"},"wordCount":270,"publisher":{"@id":"https:\/\/dorogimedence.hu\/#organization"},"image":{"@id":"https:\/\/dorogimedence.hu\/index.php\/2026\/09\/02\/televiziokeszulekeket-kapott-az-esztergomi-korhaz\/#primaryimage"},"thumbnailUrl":"https:\/\/dorogimedence.hu\/wp-content\/uploads\/2026\/09\/784251919_1111173038534200_8397814601553367455_n.jpg","keywords":["adom\u00e1ny","esztergom","esztergomi k\u00f3rh\u00e1z","telev\u00edzi\u00f3","tv"],"articleSection":["Esztergom","H\u00edrek"],"inLanguage":"hu"},{"@type":"WebPage","@id":"https:\/\/dorogimedence.hu\/index.php\/2026\/09\/02\/televiziokeszulekeket-kapott-az-esztergomi-korhaz\/","url":"https:\/\/dorogimedence.hu\/index.php\/2026\/09\/02\/televiziokeszulekeket-kapott-az-esztergomi-korhaz\/","name":"Telev\u00edzi\u00f3k\u00e9sz\u00fcl\u00e9keket kapott az esztergomi k\u00f3rh\u00e1z","isPartOf":{"@id":"https:\/\/dorogimedence.hu\/#website"},"primaryImageOfPage":{"@id":"https:\/\/dorogimedence.hu\/index.php\/2026\/09\/02\/televiziokeszulekeket-kapott-az-esztergomi-korhaz\/#primaryimage"},"image":{"@id":"https:\/\/dorogimedence.hu\/index.php\/2026\/09\/02\/televiziokeszulekeket-kapott-az-esztergomi-korhaz\/#primaryimage"},"thumbnailUrl":"https:\/\/dorogimedence.hu\/wp-content\/uploads\/2026\/09\/784251919_1111173038534200_8397814601553367455_n.jpg","datePublished":"2026-09-02T07:20:16+00:00","breadcrumb":{"@id":"https:\/\/dorogimedence.hu\/index.php\/2026\/09\/02\/televiziokeszulekeket-kapott-az-esztergomi-korhaz\/#breadcrumb"},"inLanguage":"hu","potentialAction":[{"@type":"ReadAction","target":["https:\/\/dorogimedence.hu\/index.php\/2026\/09\/02\/televiziokeszulekeket-kapott-az-esztergomi-korhaz\/"]}]},{"@type":"ImageObject","inLanguage":"hu","@id":"https:\/\/dorogimedence.hu\/index.php\/2026\/09\/02\/televiziokeszulekeket-kapott-az-esztergomi-korhaz\/#primaryimage","url":"https:\/\/dorogimedence.hu\/wp-content\/uploads\/2026\/09\/784251919_1111173038534200_8397814601553367455_n.jpg","contentUrl":"https:\/\/dorogimedence.hu\/wp-content\/uploads\/2026\/09\/784251919_1111173038534200_8397814601553367455_n.jpg","width":2048,"height":1536},{"@type":"BreadcrumbList","@id":"https:\/\/dorogimedence.hu\/index.php\/2026\/09\/02\/televiziokeszulekeket-kapott-az-esztergomi-korhaz\/#breadcrumb","itemListElement":[{"@type":"ListItem","position":1,"name":"Kezd\u0151lap","item":"https:\/\/dorogimedence.hu\/"},{"@type":"ListItem","position":2,"name":"Telev\u00edzi\u00f3k\u00e9sz\u00fcl\u00e9keket kapott az esztergomi k\u00f3rh\u00e1z"}]},{"@type":"WebSite","@id":"https:\/\/dorogimedence.hu\/#website","url":"https:\/\/dorogimedence.hu\/","name":"Dorogi-medence Region\u00e1lis H\u00edrport\u00e1l","description":"Dorog, Keszt\u00f6lc, Le\u00e1nyv\u00e1r, Piliscs\u00e9v, Tokod, Tokodalt\u00e1r\u00f3, Csolnok, Esztergom-kertv\u00e1ros: h\u00edrek, programok","publisher":{"@id":"https:\/\/dorogimedence.hu\/#organization"},"potentialAction":[{"@type":"SearchAction","target":{"@type":"EntryPoint","urlTemplate":"https:\/\/dorogimedence.hu\/?s={search_term_string}"},"query-input":{"@type":"PropertyValueSpecification","valueRequired":true,"valueName":"search_term_string"}}],"inLanguage":"hu"},{"@type":"Organization","@id":"https:\/\/dorogimedence.hu\/#organization","name":"Dorogi-medence Region\u00e1lis H\u00edrport\u00e1l","url":"https:\/\/dorogimedence.hu\/","logo":{"@type":"ImageObject","inLanguage":"hu","@id":"https:\/\/dorogimedence.hu\/#\/schema\/logo\/image\/","url":"https:\/\/dorogimedence.hu\/wp-content\/uploads\/2021\/04\/logo-feher-600.png","contentUrl":"https:\/\/dorogimedence.hu\/wp-content\/uploads\/2021\/04\/logo-feher-600.png","width":600,"height":100,"caption":"Dorogi-medence Region\u00e1lis H\u00edrport\u00e1l"},"image":{"@id":"https:\/\/dorogimedence.hu\/#\/schema\/logo\/image\/"},"sameAs":["https:\/\/www.facebook.com\/dorogimedence\/"]},{"@type":"Person","@id":"https:\/\/dorogimedence.hu\/#\/schema\/person\/ce6091eeb7e95ecdc87890d6aa8e0fd4","name":"dorogimedence.hu","image":{"@type":"ImageObject","inLanguage":"hu","@id":"\/\/www.gravatar.com\/avatar\/d8d45f8901aadff40a4af72c0b826f1d?s=96&#038;r=g&#038;d=mm","url":"\/\/www.gravatar.com\/avatar\/d8d45f8901aadff40a4af72c0b826f1d?s=96&#038;r=g&#038;d=mm","contentUrl":"\/\/www.gravatar.com\/avatar\/d8d45f8901aadff40a4af72c0b826f1d?s=96&#038;r=g&#038;d=mm","caption":"dorogimedence.hu"}}]}},"_links":{"self":[{"href":"https:\/\/dorogimedence.hu\/index.php\/wp-json\/wp\/v2\/posts\/83305","targetHints":{"allow":["GET"]}}],"collection":[{"href":"https:\/\/dorogimedence.hu\/index.php\/wp-json\/wp\/v2\/posts"}],"about":[{"href":"https:\/\/dorogimedence.hu\/index.php\/wp-json\/wp\/v2\/types\/post"}],"author":[{"embeddable":true,"href":"https:\/\/dorogimedence.hu\/index.php\/wp-json\/wp\/v2\/users\/1"}],"replies":[{"embeddable":true,"href":"https:\/\/dorogimedence.hu\/index.php\/wp-json\/wp\/v2\/comments?post=83305"}],"version-history":[{"count":1,"href":"https:\/\/dorogimedence.hu\/index.php\/wp-json\/wp\/v2\/posts\/83305\/revisions"}],"predecessor-version":[{"id":83307,"href":"https:\/\/dorogimedence.hu\/index.php\/wp-json\/wp\/v2\/posts\/83305\/revisions\/83307"}],"wp:featuredmedia":[{"embeddable":true,"href":"https:\/\/dorogimedence.hu\/index.php\/wp-json\/wp\/v2\/media\/83306"}],"wp:attachment":[{"href":"https:\/\/dorogimedence.hu\/index.php\/wp-json\/wp\/v2\/media?parent=83305"}],"wp:term":[{"taxonomy":"category","embeddable":true,"href":"https:\/\/dorogimedence.hu\/index.php\/wp-json\/wp\/v2\/categories?post=83305"},{"taxonomy":"post_tag","embeddable":true,"href":"https:\/\/dorogimedence.hu\/index.php\/wp-json\/wp\/v2\/tags?post=83305"}],"curies":[{"name":"wp","href":"https:\/\/api.w.org\/{rel}","templated":true}]}}