{"id":83302,"date":"2026-09-02T09:13:09","date_gmt":"2026-09-02T07:13:09","guid":{"rendered":"https:\/\/dorogimedence.hu\/?p=83302"},"modified":"2026-09-02T09:13:49","modified_gmt":"2026-09-02T07:13:49","slug":"tobb-mint-2300-elsos-kezdte-meg-a-tanevet-komarom-esztergomban","status":"publish","type":"post","link":"https:\/\/dorogimedence.hu\/index.php\/2026\/09\/02\/tobb-mint-2300-elsos-kezdte-meg-a-tanevet-komarom-esztergomban\/","title":{"rendered":"T\u00f6bb mint 2300 els\u0151s kezdte meg a tan\u00e9vet Kom\u00e1rom-Esztergomban"},"content":{"rendered":"<p><strong>A 2026\/2027-es tan\u00e9vben t\u00f6bb mint 19 ezer di\u00e1k kezdte meg tanulm\u00e1nyait az Esztergomi \u00e9s a Tatab\u00e1nyai Tanker\u00fcleti K\u00f6zpont \u00e1ltal fenntartott int\u00e9zm\u00e9nyekben. Kom\u00e1rom-Esztergomban \u00f6sszesen 2302 gyermek l\u00e9pett els\u0151 oszt\u00e1lyba, k\u00f6z\u00fcl\u00fck 718-an az Esztergomi Tanker\u00fcleti K\u00f6zponthoz tartoz\u00f3 iskol\u00e1kban.<\/strong><\/p>\n<p>A k\u00e9t tanker\u00fcleti k\u00f6zpont fenntart\u00e1s\u00e1ban \u00f6sszesen 88 k\u00f6znevel\u00e9si int\u00e9zm\u00e9ny m\u0171k\u00f6dik Kom\u00e1rom-Esztergomban. Ezekben t\u00f6bb mint 19 ezer di\u00e1k sz\u00e1m\u00e1ra kezd\u0151d\u00f6tt meg az \u00faj tan\u00e9v <em>\u2013 \u00edrta meg a <a href=\"https:\/\/www.kemma.hu\/helyi-kozelet\/2026\/09\/tanevnyito-tatabanyai-esztergomi-tankerulet-diakok\" target=\"_blank\" rel=\"noopener\"><span style=\"text-decoration: underline; color: #0000ff;\">kemma.hu<\/span><\/a> a tanker\u00fcletekt\u0151l kapott adatok alapj\u00e1n.<\/em><\/p>\n<p>A k\u00e9t tanker\u00fclet int\u00e9zm\u00e9nyeiben \u00f6sszesen 2302 gyermek kezdte meg az els\u0151 \u00e9vfolyamot: az Esztergomi Tanker\u00fcleti K\u00f6zpont iskol\u00e1iban 718, a Tatab\u00e1nyai Tanker\u00fcleti K\u00f6zpont int\u00e9zm\u00e9nyeiben pedig 1584 els\u0151s \u00fclt be az iskolapadba.<\/p>\n<h3>Harminc\u00f6t int\u00e9zm\u00e9ny tartozik az Esztergomi Tanker\u00fcleti K\u00f6zponthoz<\/h3>\n<p>Az Esztergomi Tanker\u00fcleti K\u00f6zpont fenntart\u00e1s\u00e1ban \u00f6sszesen 35 int\u00e9zm\u00e9ny m\u0171k\u00f6dik. Ezek k\u00f6z\u00f6tt \u2013 a tagint\u00e9zm\u00e9nyekkel egy\u00fctt \u2013 27 \u00e1ltal\u00e1nos iskola, egy \u00e1ltal\u00e1nos iskola \u00e9s alapfok\u00fa m\u0171v\u00e9szeti iskola, egy egys\u00e9ges gy\u00f3gypedag\u00f3giai m\u00f3dszertani int\u00e9zm\u00e9ny, k\u00e9t gimn\u00e1zium, egy koll\u00e9gium \u00e9s h\u00e1rom alapfok\u00fa m\u0171v\u00e9szeti iskola tal\u00e1lhat\u00f3.<\/p>\n<p>A t\u00f6bbs\u00e9gi \u00e1ltal\u00e1nos iskol\u00e1kban 699 els\u0151 oszt\u00e1lyos kezdte meg tanulm\u00e1nyait, a gy\u00f3gypedag\u00f3giai int\u00e9zm\u00e9nyekben pedig tov\u00e1bbi 19 gyermek l\u00e9pett az els\u0151 \u00e9vfolyamba. \u00cdgy az Esztergomi Tanker\u00fcleti K\u00f6zponthoz tartoz\u00f3 int\u00e9zm\u00e9nyekben \u00f6sszesen 718 els\u0151s kezdte meg a 2026\/2027-es tan\u00e9vet.<\/p>\n<p>Az \u00e1ltal\u00e1nos iskol\u00e1kban 538 nyolcadikos, a gimn\u00e1ziumokban pedig 59 nyolcadik \u00e9vfolyamos tanul. A gimn\u00e1ziumok kilencedik \u00e9vfolyam\u00e1n 133, a tizenkettedik \u00e9vfolyamon 167 di\u00e1k kezdte meg a tan\u00e9vet. A tanker\u00fclet adatai szerint a feln\u0151ttoktat\u00e1sban t\u00edzen vesznek r\u00e9szt.<\/p>\n<p>A gy\u00f3gypedag\u00f3giai int\u00e9zm\u00e9nyekben 16 nyolcadikos tanul\u00f3 kezdte meg az \u00faj tan\u00e9vet, m\u00edg a szakk\u00e9pz\u00e9si int\u00e9zm\u00e9nyegys\u00e9g tizedik \u00e9vfolyam\u00e1n t\u00edz, tizenkettedik \u00e9vfolyam\u00e1n pedig kilenc di\u00e1k tanul.<\/p>\n<p>Fontos, hogy az \u00f6sszes\u00edt\u00e9s kiz\u00e1r\u00f3lag a k\u00e9t tanker\u00fcleti k\u00f6zpont \u00e1ltal fenntartott int\u00e9zm\u00e9nyek adatait tartalmazza. Nem szerepelnek benne az egyh\u00e1zi \u00e9s alap\u00edtv\u00e1nyi iskol\u00e1k, valamint a szakk\u00e9pz\u00e9si centrumokhoz tartoz\u00f3 int\u00e9zm\u00e9nyek tanul\u00f3i, ez\u00e9rt a sz\u00e1mok nem Kom\u00e1rom-Esztergom valamennyi di\u00e1kj\u00e1t jelentik.<\/p>\n<p><em>Forr\u00e1s: kemma.hu<br \/>\nBor\u00edt\u00f3k\u00e9p: illusztr\u00e1ci\u00f3<\/em><\/p>\n","protected":false},"excerpt":{"rendered":"<p>A 2026\/2027-es tan\u00e9vben t\u00f6bb mint 19 ezer di\u00e1k kezdte meg tanulm\u00e1nyait az Esztergomi \u00e9s a Tatab\u00e1nyai Tanker\u00fcleti K\u00f6zpont \u00e1ltal fenntartott int\u00e9zm\u00e9nyekben. Kom\u00e1rom-Esztergomban \u00f6sszesen 2302 gyermek l\u00e9pett els\u0151 oszt\u00e1lyba, k\u00f6z\u00fcl\u00fck 718-an az Esztergomi Tanker\u00fcleti K\u00f6zponthoz tartoz\u00f3 iskol\u00e1kban. A k\u00e9t tanker\u00fcleti k\u00f6zpont fenntart\u00e1s\u00e1ban \u00f6sszesen 88 k\u00f6znevel\u00e9si int\u00e9zm\u00e9ny m\u0171k\u00f6dik Kom\u00e1rom-Esztergomban. Ezekben t\u00f6bb mint 19 ezer di\u00e1k sz\u00e1m\u00e1ra kezd\u0151d\u00f6tt<\/p>\n","protected":false},"author":1,"featured_media":83303,"comment_status":"closed","ping_status":"closed","sticky":false,"template":"","format":"standard","meta":{"ngg_post_thumbnail":0,"footnotes":""},"categories":[3,56],"tags":[5624,5934,59,2973],"class_list":["post-83302","post","type-post","status-publish","format-standard","has-post-thumbnail","category-hirek","category-komarom-esztergom","tag-featured","tag-iskolakezdes","tag-komarom-esztergom","tag-tanevnyito"],"yoast_head":"<!-- This site is optimized with the Yoast SEO plugin v28.3 - https:\/\/yoast.com\/product\/yoast-seo-wordpress\/ -->\n<title>T\u00f6bb mint 2300 els\u0151s kezdte meg a tan\u00e9vet Kom\u00e1rom-Esztergomban<\/title>\n<meta name=\"robots\" content=\"index, follow, max-snippet:-1, max-image-preview:large, max-video-preview:-1\" \/>\n<link rel=\"canonical\" href=\"https:\/\/dorogimedence.hu\/index.php\/2026\/09\/02\/tobb-mint-2300-elsos-kezdte-meg-a-tanevet-komarom-esztergomban\/\" class=\"yoast-seo-meta-tag\" \/>\n<meta property=\"og:locale\" content=\"hu_HU\" class=\"yoast-seo-meta-tag\" \/>\n<meta property=\"og:type\" content=\"article\" class=\"yoast-seo-meta-tag\" \/>\n<meta property=\"og:title\" content=\"T\u00f6bb mint 2300 els\u0151s kezdte meg a tan\u00e9vet Kom\u00e1rom-Esztergomban\" class=\"yoast-seo-meta-tag\" \/>\n<meta property=\"og:description\" content=\"A 2026\/2027-es tan\u00e9vben t\u00f6bb mint 19 ezer di\u00e1k kezdte meg tanulm\u00e1nyait az Esztergomi \u00e9s a Tatab\u00e1nyai Tanker\u00fcleti K\u00f6zpont \u00e1ltal fenntartott int\u00e9zm\u00e9nyekben. Kom\u00e1rom-Esztergomban \u00f6sszesen 2302 gyermek l\u00e9pett els\u0151 oszt\u00e1lyba, k\u00f6z\u00fcl\u00fck 718-an az Esztergomi Tanker\u00fcleti K\u00f6zponthoz tartoz\u00f3 iskol\u00e1kban. A k\u00e9t tanker\u00fcleti k\u00f6zpont fenntart\u00e1s\u00e1ban \u00f6sszesen 88 k\u00f6znevel\u00e9si int\u00e9zm\u00e9ny m\u0171k\u00f6dik Kom\u00e1rom-Esztergomban. Ezekben t\u00f6bb mint 19 ezer di\u00e1k sz\u00e1m\u00e1ra kezd\u0151d\u00f6tt\" class=\"yoast-seo-meta-tag\" \/>\n<meta property=\"og:url\" content=\"https:\/\/dorogimedence.hu\/index.php\/2026\/09\/02\/tobb-mint-2300-elsos-kezdte-meg-a-tanevet-komarom-esztergomban\/\" class=\"yoast-seo-meta-tag\" \/>\n<meta property=\"og:site_name\" content=\"Dorogi-medence Region\u00e1lis H\u00edrport\u00e1l\" class=\"yoast-seo-meta-tag\" \/>\n<meta property=\"article:publisher\" content=\"https:\/\/www.facebook.com\/dorogimedence\/\" class=\"yoast-seo-meta-tag\" \/>\n<meta property=\"article:published_time\" content=\"2026-09-02T07:13:09+00:00\" class=\"yoast-seo-meta-tag\" \/>\n<meta property=\"article:modified_time\" content=\"2026-09-02T07:13:49+00:00\" class=\"yoast-seo-meta-tag\" \/>\n<meta property=\"og:image\" content=\"https:\/\/dorogimedence.hu\/wp-content\/uploads\/2026\/09\/Codex-kep-2026.-szept.-2.-09_12_12.png\" class=\"yoast-seo-meta-tag\" \/>\n\t<meta property=\"og:image:width\" content=\"1672\" class=\"yoast-seo-meta-tag\" \/>\n\t<meta property=\"og:image:height\" content=\"941\" class=\"yoast-seo-meta-tag\" \/>\n\t<meta property=\"og:image:type\" content=\"image\/png\" class=\"yoast-seo-meta-tag\" \/>\n<meta name=\"author\" content=\"dorogimedence.hu\" class=\"yoast-seo-meta-tag\" \/>\n<meta name=\"twitter:card\" content=\"summary_large_image\" class=\"yoast-seo-meta-tag\" \/>\n<meta name=\"twitter:label1\" content=\"Szerz\u0151:\" class=\"yoast-seo-meta-tag\" \/>\n\t<meta name=\"twitter:data1\" content=\"dorogimedence.hu\" class=\"yoast-seo-meta-tag\" \/>\n\t<meta name=\"twitter:label2\" content=\"Becs\u00fclt olvas\u00e1si id\u0151\" class=\"yoast-seo-meta-tag\" \/>\n\t<meta name=\"twitter:data2\" content=\"2 perc\" class=\"yoast-seo-meta-tag\" \/>\n<script type=\"application\/ld+json\" class=\"yoast-schema-graph\">{\"@context\":\"https:\\\/\\\/schema.org\",\"@graph\":[{\"@type\":\"Article\",\"@id\":\"https:\\\/\\\/dorogimedence.hu\\\/index.php\\\/2026\\\/09\\\/02\\\/tobb-mint-2300-elsos-kezdte-meg-a-tanevet-komarom-esztergomban\\\/#article\",\"isPartOf\":{\"@id\":\"https:\\\/\\\/dorogimedence.hu\\\/index.php\\\/2026\\\/09\\\/02\\\/tobb-mint-2300-elsos-kezdte-meg-a-tanevet-komarom-esztergomban\\\/\"},\"author\":{\"name\":\"dorogimedence.hu\",\"@id\":\"https:\\\/\\\/dorogimedence.hu\\\/#\\\/schema\\\/person\\\/ce6091eeb7e95ecdc87890d6aa8e0fd4\"},\"headline\":\"T\u00f6bb mint 2300 els\u0151s kezdte meg a tan\u00e9vet Kom\u00e1rom-Esztergomban\",\"datePublished\":\"2026-09-02T07:13:09+00:00\",\"dateModified\":\"2026-09-02T07:13:49+00:00\",\"mainEntityOfPage\":{\"@id\":\"https:\\\/\\\/dorogimedence.hu\\\/index.php\\\/2026\\\/09\\\/02\\\/tobb-mint-2300-elsos-kezdte-meg-a-tanevet-komarom-esztergomban\\\/\"},\"wordCount\":438,\"publisher\":{\"@id\":\"https:\\\/\\\/dorogimedence.hu\\\/#organization\"},\"image\":{\"@id\":\"https:\\\/\\\/dorogimedence.hu\\\/index.php\\\/2026\\\/09\\\/02\\\/tobb-mint-2300-elsos-kezdte-meg-a-tanevet-komarom-esztergomban\\\/#primaryimage\"},\"thumbnailUrl\":\"https:\\\/\\\/dorogimedence.hu\\\/wp-content\\\/uploads\\\/2026\\\/09\\\/Codex-kep-2026.-szept.-2.-09_12_12.png\",\"keywords\":[\"featured\",\"iskolakezd\u00e9s\",\"Kom\u00e1rom-Esztergom\",\"tan\u00e9vnyit\u00f3\"],\"articleSection\":[\"H\u00edrek\",\"Kom\u00e1rom-Esztergom\"],\"inLanguage\":\"hu\"},{\"@type\":\"WebPage\",\"@id\":\"https:\\\/\\\/dorogimedence.hu\\\/index.php\\\/2026\\\/09\\\/02\\\/tobb-mint-2300-elsos-kezdte-meg-a-tanevet-komarom-esztergomban\\\/\",\"url\":\"https:\\\/\\\/dorogimedence.hu\\\/index.php\\\/2026\\\/09\\\/02\\\/tobb-mint-2300-elsos-kezdte-meg-a-tanevet-komarom-esztergomban\\\/\",\"name\":\"T\u00f6bb mint 2300 els\u0151s kezdte meg a tan\u00e9vet Kom\u00e1rom-Esztergomban\",\"isPartOf\":{\"@id\":\"https:\\\/\\\/dorogimedence.hu\\\/#website\"},\"primaryImageOfPage\":{\"@id\":\"https:\\\/\\\/dorogimedence.hu\\\/index.php\\\/2026\\\/09\\\/02\\\/tobb-mint-2300-elsos-kezdte-meg-a-tanevet-komarom-esztergomban\\\/#primaryimage\"},\"image\":{\"@id\":\"https:\\\/\\\/dorogimedence.hu\\\/index.php\\\/2026\\\/09\\\/02\\\/tobb-mint-2300-elsos-kezdte-meg-a-tanevet-komarom-esztergomban\\\/#primaryimage\"},\"thumbnailUrl\":\"https:\\\/\\\/dorogimedence.hu\\\/wp-content\\\/uploads\\\/2026\\\/09\\\/Codex-kep-2026.-szept.-2.-09_12_12.png\",\"datePublished\":\"2026-09-02T07:13:09+00:00\",\"dateModified\":\"2026-09-02T07:13:49+00:00\",\"breadcrumb\":{\"@id\":\"https:\\\/\\\/dorogimedence.hu\\\/index.php\\\/2026\\\/09\\\/02\\\/tobb-mint-2300-elsos-kezdte-meg-a-tanevet-komarom-esztergomban\\\/#breadcrumb\"},\"inLanguage\":\"hu\",\"potentialAction\":[{\"@type\":\"ReadAction\",\"target\":[\"https:\\\/\\\/dorogimedence.hu\\\/index.php\\\/2026\\\/09\\\/02\\\/tobb-mint-2300-elsos-kezdte-meg-a-tanevet-komarom-esztergomban\\\/\"]}]},{\"@type\":\"ImageObject\",\"inLanguage\":\"hu\",\"@id\":\"https:\\\/\\\/dorogimedence.hu\\\/index.php\\\/2026\\\/09\\\/02\\\/tobb-mint-2300-elsos-kezdte-meg-a-tanevet-komarom-esztergomban\\\/#primaryimage\",\"url\":\"https:\\\/\\\/dorogimedence.hu\\\/wp-content\\\/uploads\\\/2026\\\/09\\\/Codex-kep-2026.-szept.-2.-09_12_12.png\",\"contentUrl\":\"https:\\\/\\\/dorogimedence.hu\\\/wp-content\\\/uploads\\\/2026\\\/09\\\/Codex-kep-2026.-szept.-2.-09_12_12.png\",\"width\":1672,\"height\":941},{\"@type\":\"BreadcrumbList\",\"@id\":\"https:\\\/\\\/dorogimedence.hu\\\/index.php\\\/2026\\\/09\\\/02\\\/tobb-mint-2300-elsos-kezdte-meg-a-tanevet-komarom-esztergomban\\\/#breadcrumb\",\"itemListElement\":[{\"@type\":\"ListItem\",\"position\":1,\"name\":\"Kezd\u0151lap\",\"item\":\"https:\\\/\\\/dorogimedence.hu\\\/\"},{\"@type\":\"ListItem\",\"position\":2,\"name\":\"T\u00f6bb mint 2300 els\u0151s kezdte meg a tan\u00e9vet Kom\u00e1rom-Esztergomban\"}]},{\"@type\":\"WebSite\",\"@id\":\"https:\\\/\\\/dorogimedence.hu\\\/#website\",\"url\":\"https:\\\/\\\/dorogimedence.hu\\\/\",\"name\":\"Dorogi-medence Region\u00e1lis H\u00edrport\u00e1l\",\"description\":\"Dorog, Keszt\u00f6lc, Le\u00e1nyv\u00e1r, Piliscs\u00e9v, Tokod, Tokodalt\u00e1r\u00f3, Csolnok, Esztergom-kertv\u00e1ros: h\u00edrek, programok\",\"publisher\":{\"@id\":\"https:\\\/\\\/dorogimedence.hu\\\/#organization\"},\"potentialAction\":[{\"@type\":\"SearchAction\",\"target\":{\"@type\":\"EntryPoint\",\"urlTemplate\":\"https:\\\/\\\/dorogimedence.hu\\\/?s={search_term_string}\"},\"query-input\":{\"@type\":\"PropertyValueSpecification\",\"valueRequired\":true,\"valueName\":\"search_term_string\"}}],\"inLanguage\":\"hu\"},{\"@type\":\"Organization\",\"@id\":\"https:\\\/\\\/dorogimedence.hu\\\/#organization\",\"name\":\"Dorogi-medence Region\u00e1lis H\u00edrport\u00e1l\",\"url\":\"https:\\\/\\\/dorogimedence.hu\\\/\",\"logo\":{\"@type\":\"ImageObject\",\"inLanguage\":\"hu\",\"@id\":\"https:\\\/\\\/dorogimedence.hu\\\/#\\\/schema\\\/logo\\\/image\\\/\",\"url\":\"https:\\\/\\\/dorogimedence.hu\\\/wp-content\\\/uploads\\\/2021\\\/04\\\/logo-feher-600.png\",\"contentUrl\":\"https:\\\/\\\/dorogimedence.hu\\\/wp-content\\\/uploads\\\/2021\\\/04\\\/logo-feher-600.png\",\"width\":600,\"height\":100,\"caption\":\"Dorogi-medence Region\u00e1lis H\u00edrport\u00e1l\"},\"image\":{\"@id\":\"https:\\\/\\\/dorogimedence.hu\\\/#\\\/schema\\\/logo\\\/image\\\/\"},\"sameAs\":[\"https:\\\/\\\/www.facebook.com\\\/dorogimedence\\\/\"]},{\"@type\":\"Person\",\"@id\":\"https:\\\/\\\/dorogimedence.hu\\\/#\\\/schema\\\/person\\\/ce6091eeb7e95ecdc87890d6aa8e0fd4\",\"name\":\"dorogimedence.hu\",\"image\":{\"@type\":\"ImageObject\",\"inLanguage\":\"hu\",\"@id\":\"\\\/\\\/www.gravatar.com\\\/avatar\\\/d8d45f8901aadff40a4af72c0b826f1d?s=96&#038;r=g&#038;d=mm\",\"url\":\"\\\/\\\/www.gravatar.com\\\/avatar\\\/d8d45f8901aadff40a4af72c0b826f1d?s=96&#038;r=g&#038;d=mm\",\"contentUrl\":\"\\\/\\\/www.gravatar.com\\\/avatar\\\/d8d45f8901aadff40a4af72c0b826f1d?s=96&#038;r=g&#038;d=mm\",\"caption\":\"dorogimedence.hu\"}}]}<\/script>\n<!-- \/ Yoast SEO plugin. -->","yoast_head_json":{"title":"T\u00f6bb mint 2300 els\u0151s kezdte meg a tan\u00e9vet Kom\u00e1rom-Esztergomban","robots":{"index":"index","follow":"follow","max-snippet":"max-snippet:-1","max-image-preview":"max-image-preview:large","max-video-preview":"max-video-preview:-1"},"canonical":"https:\/\/dorogimedence.hu\/index.php\/2026\/09\/02\/tobb-mint-2300-elsos-kezdte-meg-a-tanevet-komarom-esztergomban\/","og_locale":"hu_HU","og_type":"article","og_title":"T\u00f6bb mint 2300 els\u0151s kezdte meg a tan\u00e9vet Kom\u00e1rom-Esztergomban","og_description":"A 2026\/2027-es tan\u00e9vben t\u00f6bb mint 19 ezer di\u00e1k kezdte meg tanulm\u00e1nyait az Esztergomi \u00e9s a Tatab\u00e1nyai Tanker\u00fcleti K\u00f6zpont \u00e1ltal fenntartott int\u00e9zm\u00e9nyekben. Kom\u00e1rom-Esztergomban \u00f6sszesen 2302 gyermek l\u00e9pett els\u0151 oszt\u00e1lyba, k\u00f6z\u00fcl\u00fck 718-an az Esztergomi Tanker\u00fcleti K\u00f6zponthoz tartoz\u00f3 iskol\u00e1kban. A k\u00e9t tanker\u00fcleti k\u00f6zpont fenntart\u00e1s\u00e1ban \u00f6sszesen 88 k\u00f6znevel\u00e9si int\u00e9zm\u00e9ny m\u0171k\u00f6dik Kom\u00e1rom-Esztergomban. Ezekben t\u00f6bb mint 19 ezer di\u00e1k sz\u00e1m\u00e1ra kezd\u0151d\u00f6tt","og_url":"https:\/\/dorogimedence.hu\/index.php\/2026\/09\/02\/tobb-mint-2300-elsos-kezdte-meg-a-tanevet-komarom-esztergomban\/","og_site_name":"Dorogi-medence Region\u00e1lis H\u00edrport\u00e1l","article_publisher":"https:\/\/www.facebook.com\/dorogimedence\/","article_published_time":"2026-09-02T07:13:09+00:00","article_modified_time":"2026-09-02T07:13:49+00:00","og_image":[{"width":1672,"height":941,"url":"https:\/\/dorogimedence.hu\/wp-content\/uploads\/2026\/09\/Codex-kep-2026.-szept.-2.-09_12_12.png","type":"image\/png"}],"author":"dorogimedence.hu","twitter_card":"summary_large_image","twitter_misc":{"Szerz\u0151:":"dorogimedence.hu","Becs\u00fclt olvas\u00e1si id\u0151":"2 perc"},"schema":{"@context":"https:\/\/schema.org","@graph":[{"@type":"Article","@id":"https:\/\/dorogimedence.hu\/index.php\/2026\/09\/02\/tobb-mint-2300-elsos-kezdte-meg-a-tanevet-komarom-esztergomban\/#article","isPartOf":{"@id":"https:\/\/dorogimedence.hu\/index.php\/2026\/09\/02\/tobb-mint-2300-elsos-kezdte-meg-a-tanevet-komarom-esztergomban\/"},"author":{"name":"dorogimedence.hu","@id":"https:\/\/dorogimedence.hu\/#\/schema\/person\/ce6091eeb7e95ecdc87890d6aa8e0fd4"},"headline":"T\u00f6bb mint 2300 els\u0151s kezdte meg a tan\u00e9vet Kom\u00e1rom-Esztergomban","datePublished":"2026-09-02T07:13:09+00:00","dateModified":"2026-09-02T07:13:49+00:00","mainEntityOfPage":{"@id":"https:\/\/dorogimedence.hu\/index.php\/2026\/09\/02\/tobb-mint-2300-elsos-kezdte-meg-a-tanevet-komarom-esztergomban\/"},"wordCount":438,"publisher":{"@id":"https:\/\/dorogimedence.hu\/#organization"},"image":{"@id":"https:\/\/dorogimedence.hu\/index.php\/2026\/09\/02\/tobb-mint-2300-elsos-kezdte-meg-a-tanevet-komarom-esztergomban\/#primaryimage"},"thumbnailUrl":"https:\/\/dorogimedence.hu\/wp-content\/uploads\/2026\/09\/Codex-kep-2026.-szept.-2.-09_12_12.png","keywords":["featured","iskolakezd\u00e9s","Kom\u00e1rom-Esztergom","tan\u00e9vnyit\u00f3"],"articleSection":["H\u00edrek","Kom\u00e1rom-Esztergom"],"inLanguage":"hu"},{"@type":"WebPage","@id":"https:\/\/dorogimedence.hu\/index.php\/2026\/09\/02\/tobb-mint-2300-elsos-kezdte-meg-a-tanevet-komarom-esztergomban\/","url":"https:\/\/dorogimedence.hu\/index.php\/2026\/09\/02\/tobb-mint-2300-elsos-kezdte-meg-a-tanevet-komarom-esztergomban\/","name":"T\u00f6bb mint 2300 els\u0151s kezdte meg a tan\u00e9vet Kom\u00e1rom-Esztergomban","isPartOf":{"@id":"https:\/\/dorogimedence.hu\/#website"},"primaryImageOfPage":{"@id":"https:\/\/dorogimedence.hu\/index.php\/2026\/09\/02\/tobb-mint-2300-elsos-kezdte-meg-a-tanevet-komarom-esztergomban\/#primaryimage"},"image":{"@id":"https:\/\/dorogimedence.hu\/index.php\/2026\/09\/02\/tobb-mint-2300-elsos-kezdte-meg-a-tanevet-komarom-esztergomban\/#primaryimage"},"thumbnailUrl":"https:\/\/dorogimedence.hu\/wp-content\/uploads\/2026\/09\/Codex-kep-2026.-szept.-2.-09_12_12.png","datePublished":"2026-09-02T07:13:09+00:00","dateModified":"2026-09-02T07:13:49+00:00","breadcrumb":{"@id":"https:\/\/dorogimedence.hu\/index.php\/2026\/09\/02\/tobb-mint-2300-elsos-kezdte-meg-a-tanevet-komarom-esztergomban\/#breadcrumb"},"inLanguage":"hu","potentialAction":[{"@type":"ReadAction","target":["https:\/\/dorogimedence.hu\/index.php\/2026\/09\/02\/tobb-mint-2300-elsos-kezdte-meg-a-tanevet-komarom-esztergomban\/"]}]},{"@type":"ImageObject","inLanguage":"hu","@id":"https:\/\/dorogimedence.hu\/index.php\/2026\/09\/02\/tobb-mint-2300-elsos-kezdte-meg-a-tanevet-komarom-esztergomban\/#primaryimage","url":"https:\/\/dorogimedence.hu\/wp-content\/uploads\/2026\/09\/Codex-kep-2026.-szept.-2.-09_12_12.png","contentUrl":"https:\/\/dorogimedence.hu\/wp-content\/uploads\/2026\/09\/Codex-kep-2026.-szept.-2.-09_12_12.png","width":1672,"height":941},{"@type":"BreadcrumbList","@id":"https:\/\/dorogimedence.hu\/index.php\/2026\/09\/02\/tobb-mint-2300-elsos-kezdte-meg-a-tanevet-komarom-esztergomban\/#breadcrumb","itemListElement":[{"@type":"ListItem","position":1,"name":"Kezd\u0151lap","item":"https:\/\/dorogimedence.hu\/"},{"@type":"ListItem","position":2,"name":"T\u00f6bb mint 2300 els\u0151s kezdte meg a tan\u00e9vet Kom\u00e1rom-Esztergomban"}]},{"@type":"WebSite","@id":"https:\/\/dorogimedence.hu\/#website","url":"https:\/\/dorogimedence.hu\/","name":"Dorogi-medence Region\u00e1lis H\u00edrport\u00e1l","description":"Dorog, Keszt\u00f6lc, Le\u00e1nyv\u00e1r, Piliscs\u00e9v, Tokod, Tokodalt\u00e1r\u00f3, Csolnok, Esztergom-kertv\u00e1ros: h\u00edrek, programok","publisher":{"@id":"https:\/\/dorogimedence.hu\/#organization"},"potentialAction":[{"@type":"SearchAction","target":{"@type":"EntryPoint","urlTemplate":"https:\/\/dorogimedence.hu\/?s={search_term_string}"},"query-input":{"@type":"PropertyValueSpecification","valueRequired":true,"valueName":"search_term_string"}}],"inLanguage":"hu"},{"@type":"Organization","@id":"https:\/\/dorogimedence.hu\/#organization","name":"Dorogi-medence Region\u00e1lis H\u00edrport\u00e1l","url":"https:\/\/dorogimedence.hu\/","logo":{"@type":"ImageObject","inLanguage":"hu","@id":"https:\/\/dorogimedence.hu\/#\/schema\/logo\/image\/","url":"https:\/\/dorogimedence.hu\/wp-content\/uploads\/2021\/04\/logo-feher-600.png","contentUrl":"https:\/\/dorogimedence.hu\/wp-content\/uploads\/2021\/04\/logo-feher-600.png","width":600,"height":100,"caption":"Dorogi-medence Region\u00e1lis H\u00edrport\u00e1l"},"image":{"@id":"https:\/\/dorogimedence.hu\/#\/schema\/logo\/image\/"},"sameAs":["https:\/\/www.facebook.com\/dorogimedence\/"]},{"@type":"Person","@id":"https:\/\/dorogimedence.hu\/#\/schema\/person\/ce6091eeb7e95ecdc87890d6aa8e0fd4","name":"dorogimedence.hu","image":{"@type":"ImageObject","inLanguage":"hu","@id":"\/\/www.gravatar.com\/avatar\/d8d45f8901aadff40a4af72c0b826f1d?s=96&#038;r=g&#038;d=mm","url":"\/\/www.gravatar.com\/avatar\/d8d45f8901aadff40a4af72c0b826f1d?s=96&#038;r=g&#038;d=mm","contentUrl":"\/\/www.gravatar.com\/avatar\/d8d45f8901aadff40a4af72c0b826f1d?s=96&#038;r=g&#038;d=mm","caption":"dorogimedence.hu"}}]}},"_links":{"self":[{"href":"https:\/\/dorogimedence.hu\/index.php\/wp-json\/wp\/v2\/posts\/83302","targetHints":{"allow":["GET"]}}],"collection":[{"href":"https:\/\/dorogimedence.hu\/index.php\/wp-json\/wp\/v2\/posts"}],"about":[{"href":"https:\/\/dorogimedence.hu\/index.php\/wp-json\/wp\/v2\/types\/post"}],"author":[{"embeddable":true,"href":"https:\/\/dorogimedence.hu\/index.php\/wp-json\/wp\/v2\/users\/1"}],"replies":[{"embeddable":true,"href":"https:\/\/dorogimedence.hu\/index.php\/wp-json\/wp\/v2\/comments?post=83302"}],"version-history":[{"count":1,"href":"https:\/\/dorogimedence.hu\/index.php\/wp-json\/wp\/v2\/posts\/83302\/revisions"}],"predecessor-version":[{"id":83304,"href":"https:\/\/dorogimedence.hu\/index.php\/wp-json\/wp\/v2\/posts\/83302\/revisions\/83304"}],"wp:featuredmedia":[{"embeddable":true,"href":"https:\/\/dorogimedence.hu\/index.php\/wp-json\/wp\/v2\/media\/83303"}],"wp:attachment":[{"href":"https:\/\/dorogimedence.hu\/index.php\/wp-json\/wp\/v2\/media?parent=83302"}],"wp:term":[{"taxonomy":"category","embeddable":true,"href":"https:\/\/dorogimedence.hu\/index.php\/wp-json\/wp\/v2\/categories?post=83302"},{"taxonomy":"post_tag","embeddable":true,"href":"https:\/\/dorogimedence.hu\/index.php\/wp-json\/wp\/v2\/tags?post=83302"}],"curies":[{"name":"wp","href":"https:\/\/api.w.org\/{rel}","templated":true}]}}