{"id":83295,"date":"2026-09-01T17:17:25","date_gmt":"2026-09-01T15:17:25","guid":{"rendered":"https:\/\/dorogimedence.hu\/?p=83295"},"modified":"2026-09-02T09:13:57","modified_gmt":"2026-09-02T07:13:57","slug":"a-palatinus-to-megujitasarol-is-varjak-majd-a-velemenyeket-a-kozhangon","status":"publish","type":"post","link":"https:\/\/dorogimedence.hu\/index.php\/2026\/09\/01\/a-palatinus-to-megujitasarol-is-varjak-majd-a-velemenyeket-a-kozhangon\/","title":{"rendered":"A Palatinus-t\u00f3 meg\u00faj\u00edt\u00e1s\u00e1r\u00f3l is v\u00e1rj\u00e1k majd a v\u00e9lem\u00e9nyeket a K\u00f6zhangon"},"content":{"rendered":"<p><strong>Az esztergomi Palatinus-t\u00f3 meg\u00faj\u00edt\u00e1sa is szerepel a K\u00f6zhang elnevez\u00e9s\u0171 digit\u00e1lis t\u00e1rsadalmi egyeztet\u00e9si platform k\u00e9s\u0151bb megny\u00edl\u00f3 t\u00e9m\u00e1i k\u00f6z\u00f6tt. A fel\u00fcleten regisztr\u00e1ci\u00f3val vagy anonim m\u00f3don is r\u00e9szt lehet venni az egyeztet\u00e9sekben.<\/strong><\/p>\n<p>H\u00e9tf\u0151n a k\u00f6zm\u00e9dia meg\u00faj\u00edt\u00e1s\u00e1val kapcsolatos egyeztet\u00e9ssel indult el a <span style=\"color: #0000ff;\"><a style=\"color: #0000ff;\" href=\"https:\/\/www.kozhang.hu\/\" target=\"_blank\" rel=\"noopener\"><span style=\"text-decoration: underline;\">kozhang.hu<\/span><\/a><\/span> oldal. A honlapon tal\u00e1lhat\u00f3 sz\u00e1ml\u00e1l\u00f3 szerint a t\u00edz r\u00e9szb\u0151l egyel\u0151re az els\u0151, A k\u00f6zm\u00e9dia k\u00fcldet\u00e9se c\u00edm\u0171 fejezet t\u00f6lthet\u0151 ki. A k\u00f6zszolg\u00e1latis\u00e1g jelent\u00e9s\u00e9vel \u00e9s t\u00e1rsadalmi \u00e9rt\u00e9k\u00e9vel foglalkoz\u00f3 m\u00e1sodik r\u00e9sz a k\u00f6vetkez\u0151 h\u00e9tf\u0151n ny\u00edlik meg.<\/p>\n<p>Az els\u0151 fejezetben k\u00fcl\u00f6nb\u00f6z\u0151 koroszt\u00e1lyok k\u00e9pvisel\u0151i besz\u00e9lnek arr\u00f3l, milyen k\u00f6zm\u00e9di\u00e1t szeretn\u00e9nek. A r\u00e9sztvev\u0151k r\u00f6vid \u00f6sszefoglal\u00f3kat is olvashatnak t\u00f6bb eur\u00f3pai \u00e9s Eur\u00f3p\u00e1n k\u00edv\u00fcli orsz\u00e1g k\u00f6zm\u00e9di\u00e1j\u00e1nak m\u0171k\u00f6d\u00e9s\u00e9r\u0151l, bek\u00fcldhetik saj\u00e1t v\u00e9lem\u00e9ny\u00fcket, valamint megismerhetik m\u00e1sok javaslatait.<\/p>\n<p>Egy felsorol\u00e1sb\u00f3l a k\u00f6zm\u00e9dia \u00f6t legfontosabb feladata is kiv\u00e1laszthat\u00f3. A lehet\u0151s\u00e9gek k\u00f6z\u00f6tt szerepel t\u00f6bbek k\u00f6z\u00f6tt a hiteles t\u00e1j\u00e9koztat\u00e1s, a t\u00e1rsadalmi p\u00e1rbesz\u00e9d el\u0151seg\u00edt\u00e9se, a min\u0151s\u00e9gi sz\u00f3rakoztat\u00e1s \u00e9s a kultur\u00e1lis \u00f6r\u00f6ks\u00e9g meg\u0151rz\u00e9se.<\/p>\n<p>A honlap m\u00e1r azokat a tov\u00e1bbi t\u00e9m\u00e1kat is felsorolja, amelyekr\u0151l a k\u00e9s\u0151bbiekben lehet majd v\u00e9lem\u00e9nyt nyilv\u00e1n\u00edtani. Ezek k\u00f6z\u00f6tt kapott helyet az esztergomi Palatinus-t\u00f3 meg\u00faj\u00edt\u00e1sa, de sz\u00f3 lesz egyebek mellett a tiszta \u00e9s \u00e9lhet\u0151 k\u00f6zter\u00fcletekr\u0151l, a Fert\u0151 t\u00f3r\u00f3l \u00e9s a Fert\u0151-partr\u00f3l, a H\u00e9v\u00edzi-t\u00f3r\u00f3l, a k\u00f6zleked\u00e9sr\u0151l, valamint k\u00fcl\u00f6nb\u00f6z\u0151 gazdas\u00e1gi \u00e9s v\u00e1rosfejleszt\u00e9si k\u00e9rd\u00e9sekr\u0151l is.<\/p>\n<p>Radnai M\u00e1rk, a m\u0171k\u00f6d\u0151 \u00e9s embers\u00e9ges Magyarorsz\u00e1g\u00e9rt felel\u0151s korm\u00e1nybiztos k\u00f6z\u00f6lte, hogy az indul\u00e1skor tapasztalt nagy forgalom miatt akadozott az e-mailes bel\u00e9p\u00e9s. Az oldal azonban anonim m\u00f3don tov\u00e1bbra is haszn\u00e1lhat\u00f3, a l\u00e9trehozott profil pedig k\u00e9s\u0151bb \u00f6sszekapcsolhat\u00f3 az e-mail-c\u00edmmel.<\/p>\n<p>A t\u00e1j\u00e9koztat\u00e1s szerint a be\u00e9rkez\u0151 javaslatokb\u00f3l l\u00e9trej\u00f6v\u0151 t\u00e1rsadalmi tud\u00e1s \u00e9s az egyeztet\u00e9sek eredm\u00e9nyei az illet\u00e9kes szakt\u00e1rc\u00e1khoz ker\u00fclnek.<\/p>\n<p><em>Forr\u00e1s: MTI<\/em><br \/>\n<em>Bor\u00edt\u00f3k\u00e9p: kozhang.hu<\/em><\/p>\n","protected":false},"excerpt":{"rendered":"<p>Az esztergomi Palatinus-t\u00f3 meg\u00faj\u00edt\u00e1sa is szerepel a K\u00f6zhang elnevez\u00e9s\u0171 digit\u00e1lis t\u00e1rsadalmi egyeztet\u00e9si platform k\u00e9s\u0151bb megny\u00edl\u00f3 t\u00e9m\u00e1i k\u00f6z\u00f6tt. A fel\u00fcleten regisztr\u00e1ci\u00f3val vagy anonim m\u00f3don is r\u00e9szt lehet venni az egyeztet\u00e9sekben. H\u00e9tf\u0151n a k\u00f6zm\u00e9dia meg\u00faj\u00edt\u00e1s\u00e1val kapcsolatos egyeztet\u00e9ssel indult el a kozhang.hu oldal. A honlapon tal\u00e1lhat\u00f3 sz\u00e1ml\u00e1l\u00f3 szerint a t\u00edz r\u00e9szb\u0151l egyel\u0151re az els\u0151, A k\u00f6zm\u00e9dia k\u00fcldet\u00e9se c\u00edm\u0171<\/p>\n","protected":false},"author":1,"featured_media":83296,"comment_status":"closed","ping_status":"closed","sticky":false,"template":"","format":"standard","meta":{"ngg_post_thumbnail":0,"footnotes":""},"categories":[38,3],"tags":[42,5624,9074,36],"class_list":["post-83295","post","type-post","status-publish","format-standard","has-post-thumbnail","category-esztergom","category-hirek","tag-esztergom","tag-featured","tag-kozhang","tag-palatinus-to"],"yoast_head":"<!-- This site is optimized with the Yoast SEO plugin v28.3 - https:\/\/yoast.com\/product\/yoast-seo-wordpress\/ -->\n<title>A Palatinus-t\u00f3 meg\u00faj\u00edt\u00e1s\u00e1r\u00f3l is v\u00e1rj\u00e1k majd a v\u00e9lem\u00e9nyeket a K\u00f6zhangon<\/title>\n<meta name=\"robots\" content=\"index, follow, max-snippet:-1, max-image-preview:large, max-video-preview:-1\" \/>\n<link rel=\"canonical\" href=\"https:\/\/dorogimedence.hu\/index.php\/2026\/09\/01\/a-palatinus-to-megujitasarol-is-varjak-majd-a-velemenyeket-a-kozhangon\/\" class=\"yoast-seo-meta-tag\" \/>\n<meta property=\"og:locale\" content=\"hu_HU\" class=\"yoast-seo-meta-tag\" \/>\n<meta property=\"og:type\" content=\"article\" class=\"yoast-seo-meta-tag\" \/>\n<meta property=\"og:title\" content=\"A Palatinus-t\u00f3 meg\u00faj\u00edt\u00e1s\u00e1r\u00f3l is v\u00e1rj\u00e1k majd a v\u00e9lem\u00e9nyeket a K\u00f6zhangon\" class=\"yoast-seo-meta-tag\" \/>\n<meta property=\"og:description\" content=\"Az esztergomi Palatinus-t\u00f3 meg\u00faj\u00edt\u00e1sa is szerepel a K\u00f6zhang elnevez\u00e9s\u0171 digit\u00e1lis t\u00e1rsadalmi egyeztet\u00e9si platform k\u00e9s\u0151bb megny\u00edl\u00f3 t\u00e9m\u00e1i k\u00f6z\u00f6tt. A fel\u00fcleten regisztr\u00e1ci\u00f3val vagy anonim m\u00f3don is r\u00e9szt lehet venni az egyeztet\u00e9sekben. H\u00e9tf\u0151n a k\u00f6zm\u00e9dia meg\u00faj\u00edt\u00e1s\u00e1val kapcsolatos egyeztet\u00e9ssel indult el a kozhang.hu oldal. A honlapon tal\u00e1lhat\u00f3 sz\u00e1ml\u00e1l\u00f3 szerint a t\u00edz r\u00e9szb\u0151l egyel\u0151re az els\u0151, A k\u00f6zm\u00e9dia k\u00fcldet\u00e9se c\u00edm\u0171\" class=\"yoast-seo-meta-tag\" \/>\n<meta property=\"og:url\" content=\"https:\/\/dorogimedence.hu\/index.php\/2026\/09\/01\/a-palatinus-to-megujitasarol-is-varjak-majd-a-velemenyeket-a-kozhangon\/\" class=\"yoast-seo-meta-tag\" \/>\n<meta property=\"og:site_name\" content=\"Dorogi-medence Region\u00e1lis H\u00edrport\u00e1l\" class=\"yoast-seo-meta-tag\" \/>\n<meta property=\"article:publisher\" content=\"https:\/\/www.facebook.com\/dorogimedence\/\" class=\"yoast-seo-meta-tag\" \/>\n<meta property=\"article:published_time\" content=\"2026-09-01T15:17:25+00:00\" class=\"yoast-seo-meta-tag\" \/>\n<meta property=\"article:modified_time\" content=\"2026-09-02T07:13:57+00:00\" class=\"yoast-seo-meta-tag\" \/>\n<meta property=\"og:image\" content=\"https:\/\/dorogimedence.hu\/wp-content\/uploads\/2026\/09\/kozhang.jpg\" class=\"yoast-seo-meta-tag\" \/>\n\t<meta property=\"og:image:width\" content=\"1920\" class=\"yoast-seo-meta-tag\" \/>\n\t<meta property=\"og:image:height\" content=\"970\" class=\"yoast-seo-meta-tag\" \/>\n\t<meta property=\"og:image:type\" content=\"image\/jpeg\" class=\"yoast-seo-meta-tag\" \/>\n<meta name=\"author\" content=\"dorogimedence.hu\" class=\"yoast-seo-meta-tag\" \/>\n<meta name=\"twitter:card\" content=\"summary_large_image\" class=\"yoast-seo-meta-tag\" \/>\n<meta name=\"twitter:label1\" content=\"Szerz\u0151:\" class=\"yoast-seo-meta-tag\" \/>\n\t<meta name=\"twitter:data1\" content=\"dorogimedence.hu\" class=\"yoast-seo-meta-tag\" \/>\n\t<meta name=\"twitter:label2\" content=\"Becs\u00fclt olvas\u00e1si id\u0151\" class=\"yoast-seo-meta-tag\" \/>\n\t<meta name=\"twitter:data2\" content=\"2 perc\" class=\"yoast-seo-meta-tag\" \/>\n<script type=\"application\/ld+json\" class=\"yoast-schema-graph\">{\"@context\":\"https:\\\/\\\/schema.org\",\"@graph\":[{\"@type\":\"Article\",\"@id\":\"https:\\\/\\\/dorogimedence.hu\\\/index.php\\\/2026\\\/09\\\/01\\\/a-palatinus-to-megujitasarol-is-varjak-majd-a-velemenyeket-a-kozhangon\\\/#article\",\"isPartOf\":{\"@id\":\"https:\\\/\\\/dorogimedence.hu\\\/index.php\\\/2026\\\/09\\\/01\\\/a-palatinus-to-megujitasarol-is-varjak-majd-a-velemenyeket-a-kozhangon\\\/\"},\"author\":{\"name\":\"dorogimedence.hu\",\"@id\":\"https:\\\/\\\/dorogimedence.hu\\\/#\\\/schema\\\/person\\\/ce6091eeb7e95ecdc87890d6aa8e0fd4\"},\"headline\":\"A Palatinus-t\u00f3 meg\u00faj\u00edt\u00e1s\u00e1r\u00f3l is v\u00e1rj\u00e1k majd a v\u00e9lem\u00e9nyeket a K\u00f6zhangon\",\"datePublished\":\"2026-09-01T15:17:25+00:00\",\"dateModified\":\"2026-09-02T07:13:57+00:00\",\"mainEntityOfPage\":{\"@id\":\"https:\\\/\\\/dorogimedence.hu\\\/index.php\\\/2026\\\/09\\\/01\\\/a-palatinus-to-megujitasarol-is-varjak-majd-a-velemenyeket-a-kozhangon\\\/\"},\"wordCount\":468,\"publisher\":{\"@id\":\"https:\\\/\\\/dorogimedence.hu\\\/#organization\"},\"image\":{\"@id\":\"https:\\\/\\\/dorogimedence.hu\\\/index.php\\\/2026\\\/09\\\/01\\\/a-palatinus-to-megujitasarol-is-varjak-majd-a-velemenyeket-a-kozhangon\\\/#primaryimage\"},\"thumbnailUrl\":\"https:\\\/\\\/dorogimedence.hu\\\/wp-content\\\/uploads\\\/2026\\\/09\\\/kozhang.jpg\",\"keywords\":[\"esztergom\",\"featured\",\"k\u00f6zhang\",\"Palatinus-t\u00f3\"],\"articleSection\":[\"Esztergom\",\"H\u00edrek\"],\"inLanguage\":\"hu\"},{\"@type\":\"WebPage\",\"@id\":\"https:\\\/\\\/dorogimedence.hu\\\/index.php\\\/2026\\\/09\\\/01\\\/a-palatinus-to-megujitasarol-is-varjak-majd-a-velemenyeket-a-kozhangon\\\/\",\"url\":\"https:\\\/\\\/dorogimedence.hu\\\/index.php\\\/2026\\\/09\\\/01\\\/a-palatinus-to-megujitasarol-is-varjak-majd-a-velemenyeket-a-kozhangon\\\/\",\"name\":\"A Palatinus-t\u00f3 meg\u00faj\u00edt\u00e1s\u00e1r\u00f3l is v\u00e1rj\u00e1k majd a v\u00e9lem\u00e9nyeket a K\u00f6zhangon\",\"isPartOf\":{\"@id\":\"https:\\\/\\\/dorogimedence.hu\\\/#website\"},\"primaryImageOfPage\":{\"@id\":\"https:\\\/\\\/dorogimedence.hu\\\/index.php\\\/2026\\\/09\\\/01\\\/a-palatinus-to-megujitasarol-is-varjak-majd-a-velemenyeket-a-kozhangon\\\/#primaryimage\"},\"image\":{\"@id\":\"https:\\\/\\\/dorogimedence.hu\\\/index.php\\\/2026\\\/09\\\/01\\\/a-palatinus-to-megujitasarol-is-varjak-majd-a-velemenyeket-a-kozhangon\\\/#primaryimage\"},\"thumbnailUrl\":\"https:\\\/\\\/dorogimedence.hu\\\/wp-content\\\/uploads\\\/2026\\\/09\\\/kozhang.jpg\",\"datePublished\":\"2026-09-01T15:17:25+00:00\",\"dateModified\":\"2026-09-02T07:13:57+00:00\",\"breadcrumb\":{\"@id\":\"https:\\\/\\\/dorogimedence.hu\\\/index.php\\\/2026\\\/09\\\/01\\\/a-palatinus-to-megujitasarol-is-varjak-majd-a-velemenyeket-a-kozhangon\\\/#breadcrumb\"},\"inLanguage\":\"hu\",\"potentialAction\":[{\"@type\":\"ReadAction\",\"target\":[\"https:\\\/\\\/dorogimedence.hu\\\/index.php\\\/2026\\\/09\\\/01\\\/a-palatinus-to-megujitasarol-is-varjak-majd-a-velemenyeket-a-kozhangon\\\/\"]}]},{\"@type\":\"ImageObject\",\"inLanguage\":\"hu\",\"@id\":\"https:\\\/\\\/dorogimedence.hu\\\/index.php\\\/2026\\\/09\\\/01\\\/a-palatinus-to-megujitasarol-is-varjak-majd-a-velemenyeket-a-kozhangon\\\/#primaryimage\",\"url\":\"https:\\\/\\\/dorogimedence.hu\\\/wp-content\\\/uploads\\\/2026\\\/09\\\/kozhang.jpg\",\"contentUrl\":\"https:\\\/\\\/dorogimedence.hu\\\/wp-content\\\/uploads\\\/2026\\\/09\\\/kozhang.jpg\",\"width\":1920,\"height\":970},{\"@type\":\"BreadcrumbList\",\"@id\":\"https:\\\/\\\/dorogimedence.hu\\\/index.php\\\/2026\\\/09\\\/01\\\/a-palatinus-to-megujitasarol-is-varjak-majd-a-velemenyeket-a-kozhangon\\\/#breadcrumb\",\"itemListElement\":[{\"@type\":\"ListItem\",\"position\":1,\"name\":\"Kezd\u0151lap\",\"item\":\"https:\\\/\\\/dorogimedence.hu\\\/\"},{\"@type\":\"ListItem\",\"position\":2,\"name\":\"A Palatinus-t\u00f3 meg\u00faj\u00edt\u00e1s\u00e1r\u00f3l is v\u00e1rj\u00e1k majd a v\u00e9lem\u00e9nyeket a K\u00f6zhangon\"}]},{\"@type\":\"WebSite\",\"@id\":\"https:\\\/\\\/dorogimedence.hu\\\/#website\",\"url\":\"https:\\\/\\\/dorogimedence.hu\\\/\",\"name\":\"Dorogi-medence Region\u00e1lis H\u00edrport\u00e1l\",\"description\":\"Dorog, Keszt\u00f6lc, Le\u00e1nyv\u00e1r, Piliscs\u00e9v, Tokod, Tokodalt\u00e1r\u00f3, Csolnok, Esztergom-kertv\u00e1ros: h\u00edrek, programok\",\"publisher\":{\"@id\":\"https:\\\/\\\/dorogimedence.hu\\\/#organization\"},\"potentialAction\":[{\"@type\":\"SearchAction\",\"target\":{\"@type\":\"EntryPoint\",\"urlTemplate\":\"https:\\\/\\\/dorogimedence.hu\\\/?s={search_term_string}\"},\"query-input\":{\"@type\":\"PropertyValueSpecification\",\"valueRequired\":true,\"valueName\":\"search_term_string\"}}],\"inLanguage\":\"hu\"},{\"@type\":\"Organization\",\"@id\":\"https:\\\/\\\/dorogimedence.hu\\\/#organization\",\"name\":\"Dorogi-medence Region\u00e1lis H\u00edrport\u00e1l\",\"url\":\"https:\\\/\\\/dorogimedence.hu\\\/\",\"logo\":{\"@type\":\"ImageObject\",\"inLanguage\":\"hu\",\"@id\":\"https:\\\/\\\/dorogimedence.hu\\\/#\\\/schema\\\/logo\\\/image\\\/\",\"url\":\"https:\\\/\\\/dorogimedence.hu\\\/wp-content\\\/uploads\\\/2021\\\/04\\\/logo-feher-600.png\",\"contentUrl\":\"https:\\\/\\\/dorogimedence.hu\\\/wp-content\\\/uploads\\\/2021\\\/04\\\/logo-feher-600.png\",\"width\":600,\"height\":100,\"caption\":\"Dorogi-medence Region\u00e1lis H\u00edrport\u00e1l\"},\"image\":{\"@id\":\"https:\\\/\\\/dorogimedence.hu\\\/#\\\/schema\\\/logo\\\/image\\\/\"},\"sameAs\":[\"https:\\\/\\\/www.facebook.com\\\/dorogimedence\\\/\"]},{\"@type\":\"Person\",\"@id\":\"https:\\\/\\\/dorogimedence.hu\\\/#\\\/schema\\\/person\\\/ce6091eeb7e95ecdc87890d6aa8e0fd4\",\"name\":\"dorogimedence.hu\",\"image\":{\"@type\":\"ImageObject\",\"inLanguage\":\"hu\",\"@id\":\"\\\/\\\/www.gravatar.com\\\/avatar\\\/d8d45f8901aadff40a4af72c0b826f1d?s=96&#038;r=g&#038;d=mm\",\"url\":\"\\\/\\\/www.gravatar.com\\\/avatar\\\/d8d45f8901aadff40a4af72c0b826f1d?s=96&#038;r=g&#038;d=mm\",\"contentUrl\":\"\\\/\\\/www.gravatar.com\\\/avatar\\\/d8d45f8901aadff40a4af72c0b826f1d?s=96&#038;r=g&#038;d=mm\",\"caption\":\"dorogimedence.hu\"}}]}<\/script>\n<!-- \/ Yoast SEO plugin. -->","yoast_head_json":{"title":"A Palatinus-t\u00f3 meg\u00faj\u00edt\u00e1s\u00e1r\u00f3l is v\u00e1rj\u00e1k majd a v\u00e9lem\u00e9nyeket a K\u00f6zhangon","robots":{"index":"index","follow":"follow","max-snippet":"max-snippet:-1","max-image-preview":"max-image-preview:large","max-video-preview":"max-video-preview:-1"},"canonical":"https:\/\/dorogimedence.hu\/index.php\/2026\/09\/01\/a-palatinus-to-megujitasarol-is-varjak-majd-a-velemenyeket-a-kozhangon\/","og_locale":"hu_HU","og_type":"article","og_title":"A Palatinus-t\u00f3 meg\u00faj\u00edt\u00e1s\u00e1r\u00f3l is v\u00e1rj\u00e1k majd a v\u00e9lem\u00e9nyeket a K\u00f6zhangon","og_description":"Az esztergomi Palatinus-t\u00f3 meg\u00faj\u00edt\u00e1sa is szerepel a K\u00f6zhang elnevez\u00e9s\u0171 digit\u00e1lis t\u00e1rsadalmi egyeztet\u00e9si platform k\u00e9s\u0151bb megny\u00edl\u00f3 t\u00e9m\u00e1i k\u00f6z\u00f6tt. A fel\u00fcleten regisztr\u00e1ci\u00f3val vagy anonim m\u00f3don is r\u00e9szt lehet venni az egyeztet\u00e9sekben. H\u00e9tf\u0151n a k\u00f6zm\u00e9dia meg\u00faj\u00edt\u00e1s\u00e1val kapcsolatos egyeztet\u00e9ssel indult el a kozhang.hu oldal. A honlapon tal\u00e1lhat\u00f3 sz\u00e1ml\u00e1l\u00f3 szerint a t\u00edz r\u00e9szb\u0151l egyel\u0151re az els\u0151, A k\u00f6zm\u00e9dia k\u00fcldet\u00e9se c\u00edm\u0171","og_url":"https:\/\/dorogimedence.hu\/index.php\/2026\/09\/01\/a-palatinus-to-megujitasarol-is-varjak-majd-a-velemenyeket-a-kozhangon\/","og_site_name":"Dorogi-medence Region\u00e1lis H\u00edrport\u00e1l","article_publisher":"https:\/\/www.facebook.com\/dorogimedence\/","article_published_time":"2026-09-01T15:17:25+00:00","article_modified_time":"2026-09-02T07:13:57+00:00","og_image":[{"width":1920,"height":970,"url":"https:\/\/dorogimedence.hu\/wp-content\/uploads\/2026\/09\/kozhang.jpg","type":"image\/jpeg"}],"author":"dorogimedence.hu","twitter_card":"summary_large_image","twitter_misc":{"Szerz\u0151:":"dorogimedence.hu","Becs\u00fclt olvas\u00e1si id\u0151":"2 perc"},"schema":{"@context":"https:\/\/schema.org","@graph":[{"@type":"Article","@id":"https:\/\/dorogimedence.hu\/index.php\/2026\/09\/01\/a-palatinus-to-megujitasarol-is-varjak-majd-a-velemenyeket-a-kozhangon\/#article","isPartOf":{"@id":"https:\/\/dorogimedence.hu\/index.php\/2026\/09\/01\/a-palatinus-to-megujitasarol-is-varjak-majd-a-velemenyeket-a-kozhangon\/"},"author":{"name":"dorogimedence.hu","@id":"https:\/\/dorogimedence.hu\/#\/schema\/person\/ce6091eeb7e95ecdc87890d6aa8e0fd4"},"headline":"A Palatinus-t\u00f3 meg\u00faj\u00edt\u00e1s\u00e1r\u00f3l is v\u00e1rj\u00e1k majd a v\u00e9lem\u00e9nyeket a K\u00f6zhangon","datePublished":"2026-09-01T15:17:25+00:00","dateModified":"2026-09-02T07:13:57+00:00","mainEntityOfPage":{"@id":"https:\/\/dorogimedence.hu\/index.php\/2026\/09\/01\/a-palatinus-to-megujitasarol-is-varjak-majd-a-velemenyeket-a-kozhangon\/"},"wordCount":468,"publisher":{"@id":"https:\/\/dorogimedence.hu\/#organization"},"image":{"@id":"https:\/\/dorogimedence.hu\/index.php\/2026\/09\/01\/a-palatinus-to-megujitasarol-is-varjak-majd-a-velemenyeket-a-kozhangon\/#primaryimage"},"thumbnailUrl":"https:\/\/dorogimedence.hu\/wp-content\/uploads\/2026\/09\/kozhang.jpg","keywords":["esztergom","featured","k\u00f6zhang","Palatinus-t\u00f3"],"articleSection":["Esztergom","H\u00edrek"],"inLanguage":"hu"},{"@type":"WebPage","@id":"https:\/\/dorogimedence.hu\/index.php\/2026\/09\/01\/a-palatinus-to-megujitasarol-is-varjak-majd-a-velemenyeket-a-kozhangon\/","url":"https:\/\/dorogimedence.hu\/index.php\/2026\/09\/01\/a-palatinus-to-megujitasarol-is-varjak-majd-a-velemenyeket-a-kozhangon\/","name":"A Palatinus-t\u00f3 meg\u00faj\u00edt\u00e1s\u00e1r\u00f3l is v\u00e1rj\u00e1k majd a v\u00e9lem\u00e9nyeket a K\u00f6zhangon","isPartOf":{"@id":"https:\/\/dorogimedence.hu\/#website"},"primaryImageOfPage":{"@id":"https:\/\/dorogimedence.hu\/index.php\/2026\/09\/01\/a-palatinus-to-megujitasarol-is-varjak-majd-a-velemenyeket-a-kozhangon\/#primaryimage"},"image":{"@id":"https:\/\/dorogimedence.hu\/index.php\/2026\/09\/01\/a-palatinus-to-megujitasarol-is-varjak-majd-a-velemenyeket-a-kozhangon\/#primaryimage"},"thumbnailUrl":"https:\/\/dorogimedence.hu\/wp-content\/uploads\/2026\/09\/kozhang.jpg","datePublished":"2026-09-01T15:17:25+00:00","dateModified":"2026-09-02T07:13:57+00:00","breadcrumb":{"@id":"https:\/\/dorogimedence.hu\/index.php\/2026\/09\/01\/a-palatinus-to-megujitasarol-is-varjak-majd-a-velemenyeket-a-kozhangon\/#breadcrumb"},"inLanguage":"hu","potentialAction":[{"@type":"ReadAction","target":["https:\/\/dorogimedence.hu\/index.php\/2026\/09\/01\/a-palatinus-to-megujitasarol-is-varjak-majd-a-velemenyeket-a-kozhangon\/"]}]},{"@type":"ImageObject","inLanguage":"hu","@id":"https:\/\/dorogimedence.hu\/index.php\/2026\/09\/01\/a-palatinus-to-megujitasarol-is-varjak-majd-a-velemenyeket-a-kozhangon\/#primaryimage","url":"https:\/\/dorogimedence.hu\/wp-content\/uploads\/2026\/09\/kozhang.jpg","contentUrl":"https:\/\/dorogimedence.hu\/wp-content\/uploads\/2026\/09\/kozhang.jpg","width":1920,"height":970},{"@type":"BreadcrumbList","@id":"https:\/\/dorogimedence.hu\/index.php\/2026\/09\/01\/a-palatinus-to-megujitasarol-is-varjak-majd-a-velemenyeket-a-kozhangon\/#breadcrumb","itemListElement":[{"@type":"ListItem","position":1,"name":"Kezd\u0151lap","item":"https:\/\/dorogimedence.hu\/"},{"@type":"ListItem","position":2,"name":"A Palatinus-t\u00f3 meg\u00faj\u00edt\u00e1s\u00e1r\u00f3l is v\u00e1rj\u00e1k majd a v\u00e9lem\u00e9nyeket a K\u00f6zhangon"}]},{"@type":"WebSite","@id":"https:\/\/dorogimedence.hu\/#website","url":"https:\/\/dorogimedence.hu\/","name":"Dorogi-medence Region\u00e1lis H\u00edrport\u00e1l","description":"Dorog, Keszt\u00f6lc, Le\u00e1nyv\u00e1r, Piliscs\u00e9v, Tokod, Tokodalt\u00e1r\u00f3, Csolnok, Esztergom-kertv\u00e1ros: h\u00edrek, programok","publisher":{"@id":"https:\/\/dorogimedence.hu\/#organization"},"potentialAction":[{"@type":"SearchAction","target":{"@type":"EntryPoint","urlTemplate":"https:\/\/dorogimedence.hu\/?s={search_term_string}"},"query-input":{"@type":"PropertyValueSpecification","valueRequired":true,"valueName":"search_term_string"}}],"inLanguage":"hu"},{"@type":"Organization","@id":"https:\/\/dorogimedence.hu\/#organization","name":"Dorogi-medence Region\u00e1lis H\u00edrport\u00e1l","url":"https:\/\/dorogimedence.hu\/","logo":{"@type":"ImageObject","inLanguage":"hu","@id":"https:\/\/dorogimedence.hu\/#\/schema\/logo\/image\/","url":"https:\/\/dorogimedence.hu\/wp-content\/uploads\/2021\/04\/logo-feher-600.png","contentUrl":"https:\/\/dorogimedence.hu\/wp-content\/uploads\/2021\/04\/logo-feher-600.png","width":600,"height":100,"caption":"Dorogi-medence Region\u00e1lis H\u00edrport\u00e1l"},"image":{"@id":"https:\/\/dorogimedence.hu\/#\/schema\/logo\/image\/"},"sameAs":["https:\/\/www.facebook.com\/dorogimedence\/"]},{"@type":"Person","@id":"https:\/\/dorogimedence.hu\/#\/schema\/person\/ce6091eeb7e95ecdc87890d6aa8e0fd4","name":"dorogimedence.hu","image":{"@type":"ImageObject","inLanguage":"hu","@id":"\/\/www.gravatar.com\/avatar\/d8d45f8901aadff40a4af72c0b826f1d?s=96&#038;r=g&#038;d=mm","url":"\/\/www.gravatar.com\/avatar\/d8d45f8901aadff40a4af72c0b826f1d?s=96&#038;r=g&#038;d=mm","contentUrl":"\/\/www.gravatar.com\/avatar\/d8d45f8901aadff40a4af72c0b826f1d?s=96&#038;r=g&#038;d=mm","caption":"dorogimedence.hu"}}]}},"_links":{"self":[{"href":"https:\/\/dorogimedence.hu\/index.php\/wp-json\/wp\/v2\/posts\/83295","targetHints":{"allow":["GET"]}}],"collection":[{"href":"https:\/\/dorogimedence.hu\/index.php\/wp-json\/wp\/v2\/posts"}],"about":[{"href":"https:\/\/dorogimedence.hu\/index.php\/wp-json\/wp\/v2\/types\/post"}],"author":[{"embeddable":true,"href":"https:\/\/dorogimedence.hu\/index.php\/wp-json\/wp\/v2\/users\/1"}],"replies":[{"embeddable":true,"href":"https:\/\/dorogimedence.hu\/index.php\/wp-json\/wp\/v2\/comments?post=83295"}],"version-history":[{"count":2,"href":"https:\/\/dorogimedence.hu\/index.php\/wp-json\/wp\/v2\/posts\/83295\/revisions"}],"predecessor-version":[{"id":83298,"href":"https:\/\/dorogimedence.hu\/index.php\/wp-json\/wp\/v2\/posts\/83295\/revisions\/83298"}],"wp:featuredmedia":[{"embeddable":true,"href":"https:\/\/dorogimedence.hu\/index.php\/wp-json\/wp\/v2\/media\/83296"}],"wp:attachment":[{"href":"https:\/\/dorogimedence.hu\/index.php\/wp-json\/wp\/v2\/media?parent=83295"}],"wp:term":[{"taxonomy":"category","embeddable":true,"href":"https:\/\/dorogimedence.hu\/index.php\/wp-json\/wp\/v2\/categories?post=83295"},{"taxonomy":"post_tag","embeddable":true,"href":"https:\/\/dorogimedence.hu\/index.php\/wp-json\/wp\/v2\/tags?post=83295"}],"curies":[{"name":"wp","href":"https:\/\/api.w.org\/{rel}","templated":true}]}}