{"id":83292,"date":"2026-09-01T17:10:37","date_gmt":"2026-09-01T15:10:37","guid":{"rendered":"https:\/\/dorogimedence.hu\/?p=83292"},"modified":"2026-09-01T17:10:37","modified_gmt":"2026-09-01T15:10:37","slug":"budapest-fele-indulhatott-az-esztergombol-eltunt-77-eves-ferfi","status":"publish","type":"post","link":"https:\/\/dorogimedence.hu\/index.php\/2026\/09\/01\/budapest-fele-indulhatott-az-esztergombol-eltunt-77-eves-ferfi\/","title":{"rendered":"Budapest fel\u00e9 indulhatott az Esztergomb\u00f3l elt\u0171nt 77 \u00e9ves f\u00e9rfi"},"content":{"rendered":"<p><strong>Az Esztergomi Rend\u0151rkapit\u00e1nys\u00e1g a lakoss\u00e1g seg\u00edts\u00e9g\u00e9t k\u00e9ri Kulich Istv\u00e1n Lajos megtal\u00e1l\u00e1s\u00e1hoz. A 77 \u00e9ves f\u00e9rfi augusztus 30-\u00e1n t\u0171nt el az esztergomi Tesco \u00e1ruh\u00e1zb\u00f3l, majd a kamerafelv\u00e9telek szerint felsz\u00e1llt a Nyugati p\u00e1lyaudvarra tart\u00f3 vonatra. Az\u00f3ta nem adott \u00e9letjelet mag\u00e1r\u00f3l.<\/strong><\/p>\n<p>Az Esztergomi Rend\u0151rkapit\u00e1nys\u00e1g 11060-157\/98\/2026. k\u00f6r\u00f6z\u00e9si sz\u00e1mon elj\u00e1r\u00e1st folytat Kulich Istv\u00e1n Lajos elt\u0171n\u00e9se miatt. A f\u00e9rfi 2026. augusztus 30-\u00e1n 18 \u00f3ra k\u00f6r\u00fcli id\u0151ben Esztergom, M\u00e1ty\u00e1s Kir\u00e1ly utca 30. sz\u00e1m alatt tal\u00e1lhat\u00f3 Tesco bev\u00e1s\u00e1rl\u00f3k\u00f6zpontb\u00f3l t\u0171nt el. A kamerafelv\u00e9telek szerint m\u00e9g aznap 18 \u00f3ra 30 perc k\u00f6r\u00fcli id\u0151ben az Esztergomb\u00f3l Nyugati p\u00e1lyaudvarra indul\u00f3 vonattal elhagyta Esztergom v\u00e1ros ter\u00fclet\u00e9t. Az\u00f3ta tart\u00f3zkod\u00e1si helye ismeretlen, \u00e9letjelet nem adott mag\u00e1r\u00f3l.<\/p>\n<p>Kulich Istv\u00e1n Lajos 175 centim\u00e9ter magas, telt testalkat\u00fa, barna szeme \u00e9s barna haja van. K\u00fcl\u00f6n\u00f6s ismertet\u0151 jegye, hogy neh\u00e9zkesen mozog, s\u00e1nt\u00edt. Elt\u0171n\u00e9sekor fekete ujjatlan p\u00f3l\u00f3t, b\u00e9zs sz\u00edn\u0171 r\u00f6vidnadr\u00e1got, valamint sz\u00fcrke sz\u00edn\u0171 szand\u00e1l viselt. Egy fekete sz\u00edn\u0171 k\u00e9zzel h\u00fazhat\u00f3 gurul\u00f3s t\u00e1ska volt n\u00e1la.<\/p>\n<p>Az Esztergomi Rend\u0151rkapit\u00e1nys\u00e1g v\u00e1rja azoknak a jelentkez\u00e9s\u00e9t, akik a k\u00e9pen l\u00e1that\u00f3 f\u00e9rfi tart\u00f3zkod\u00e1si hely\u00e9vel kapcsolatban b\u00e1rmilyen inform\u00e1ci\u00f3val rendelkeznek. Bejelent\u00e9s tehet\u0151 a 06\/34-517-777-es telefonsz\u00e1mon, illetve n\u00e9vtelens\u00e9g meg\u0151rz\u00e9se mellett az ingyenesen h\u00edvhat\u00f3 06-80-555-111 Telefontan\u00fa z\u00f6ldsz\u00e1m\u00e1n, valamint a 112-es k\u00f6zponti seg\u00e9lyh\u00edv\u00f3 telefonsz\u00e1mon.<\/p>\n<p><a href=\"https:\/\/www.police.hu\/hu\/koral\/eltunt-szemelyek\/1066951\" target=\"_blank\" rel=\"noopener\"><span style=\"text-decoration: underline; color: #0000ff;\">Az elt\u0171nt szem\u00e9ly adatlapja&gt;&gt;<\/span><\/a><\/p>\n<p><em>Bor\u00edt\u00f3k\u00e9p, forr\u00e1s: <a href=\"https:\/\/www.police.hu\/hu\/hirek-es-informaciok\/legfrissebb-hireink\/felhivasok\/eltunes-miatt-keressuk-kulich-istvan-lajost\" target=\"_blank\" rel=\"noopener\"><span style=\"text-decoration: underline; color: #0000ff;\">police.hu<\/span><\/a><\/em><\/p>\n","protected":false},"excerpt":{"rendered":"<p>Az Esztergomi Rend\u0151rkapit\u00e1nys\u00e1g a lakoss\u00e1g seg\u00edts\u00e9g\u00e9t k\u00e9ri Kulich Istv\u00e1n Lajos megtal\u00e1l\u00e1s\u00e1hoz. A 77 \u00e9ves f\u00e9rfi augusztus 30-\u00e1n t\u0171nt el az esztergomi Tesco \u00e1ruh\u00e1zb\u00f3l, majd a kamerafelv\u00e9telek szerint felsz\u00e1llt a Nyugati p\u00e1lyaudvarra tart\u00f3 vonatra. Az\u00f3ta nem adott \u00e9letjelet mag\u00e1r\u00f3l. Az Esztergomi Rend\u0151rkapit\u00e1nys\u00e1g 11060-157\/98\/2026. k\u00f6r\u00f6z\u00e9si sz\u00e1mon elj\u00e1r\u00e1st folytat Kulich Istv\u00e1n Lajos elt\u0171n\u00e9se miatt. A f\u00e9rfi 2026. augusztus<\/p>\n","protected":false},"author":1,"featured_media":83293,"comment_status":"closed","ping_status":"closed","sticky":false,"template":"","format":"standard","meta":{"ngg_post_thumbnail":0,"footnotes":""},"categories":[38,3,39],"tags":[427,42,106,61],"class_list":["post-83292","post","type-post","status-publish","format-standard","has-post-thumbnail","category-esztergom","category-hirek","category-kek-hirek","tag-eltunt-szemely","tag-esztergom","tag-korozes","tag-rendorsegi-hirek"],"yoast_head":"<!-- This site is optimized with the Yoast SEO plugin v28.3 - https:\/\/yoast.com\/product\/yoast-seo-wordpress\/ -->\n<title>Budapest fel\u00e9 indulhatott az Esztergomb\u00f3l elt\u0171nt 77 \u00e9ves f\u00e9rfi<\/title>\n<meta name=\"robots\" content=\"index, follow, max-snippet:-1, max-image-preview:large, max-video-preview:-1\" \/>\n<link rel=\"canonical\" href=\"https:\/\/dorogimedence.hu\/index.php\/2026\/09\/01\/budapest-fele-indulhatott-az-esztergombol-eltunt-77-eves-ferfi\/\" class=\"yoast-seo-meta-tag\" \/>\n<meta property=\"og:locale\" content=\"hu_HU\" class=\"yoast-seo-meta-tag\" \/>\n<meta property=\"og:type\" content=\"article\" class=\"yoast-seo-meta-tag\" \/>\n<meta property=\"og:title\" content=\"Budapest fel\u00e9 indulhatott az Esztergomb\u00f3l elt\u0171nt 77 \u00e9ves f\u00e9rfi\" class=\"yoast-seo-meta-tag\" \/>\n<meta property=\"og:description\" content=\"Az Esztergomi Rend\u0151rkapit\u00e1nys\u00e1g a lakoss\u00e1g seg\u00edts\u00e9g\u00e9t k\u00e9ri Kulich Istv\u00e1n Lajos megtal\u00e1l\u00e1s\u00e1hoz. A 77 \u00e9ves f\u00e9rfi augusztus 30-\u00e1n t\u0171nt el az esztergomi Tesco \u00e1ruh\u00e1zb\u00f3l, majd a kamerafelv\u00e9telek szerint felsz\u00e1llt a Nyugati p\u00e1lyaudvarra tart\u00f3 vonatra. Az\u00f3ta nem adott \u00e9letjelet mag\u00e1r\u00f3l. Az Esztergomi Rend\u0151rkapit\u00e1nys\u00e1g 11060-157\/98\/2026. k\u00f6r\u00f6z\u00e9si sz\u00e1mon elj\u00e1r\u00e1st folytat Kulich Istv\u00e1n Lajos elt\u0171n\u00e9se miatt. A f\u00e9rfi 2026. augusztus\" class=\"yoast-seo-meta-tag\" \/>\n<meta property=\"og:url\" content=\"https:\/\/dorogimedence.hu\/index.php\/2026\/09\/01\/budapest-fele-indulhatott-az-esztergombol-eltunt-77-eves-ferfi\/\" class=\"yoast-seo-meta-tag\" \/>\n<meta property=\"og:site_name\" content=\"Dorogi-medence Region\u00e1lis H\u00edrport\u00e1l\" class=\"yoast-seo-meta-tag\" \/>\n<meta property=\"article:publisher\" content=\"https:\/\/www.facebook.com\/dorogimedence\/\" class=\"yoast-seo-meta-tag\" \/>\n<meta property=\"article:published_time\" content=\"2026-09-01T15:10:37+00:00\" class=\"yoast-seo-meta-tag\" \/>\n<meta property=\"og:image\" content=\"https:\/\/dorogimedence.hu\/wp-content\/uploads\/2026\/09\/eltunt-szemely.jpg\" class=\"yoast-seo-meta-tag\" \/>\n\t<meta property=\"og:image:width\" content=\"1920\" class=\"yoast-seo-meta-tag\" \/>\n\t<meta property=\"og:image:height\" content=\"970\" class=\"yoast-seo-meta-tag\" \/>\n\t<meta property=\"og:image:type\" content=\"image\/jpeg\" class=\"yoast-seo-meta-tag\" \/>\n<meta name=\"author\" content=\"dorogimedence.hu\" class=\"yoast-seo-meta-tag\" \/>\n<meta name=\"twitter:card\" content=\"summary_large_image\" class=\"yoast-seo-meta-tag\" \/>\n<meta name=\"twitter:label1\" content=\"Szerz\u0151:\" class=\"yoast-seo-meta-tag\" \/>\n\t<meta name=\"twitter:data1\" content=\"dorogimedence.hu\" class=\"yoast-seo-meta-tag\" \/>\n\t<meta name=\"twitter:label2\" content=\"Becs\u00fclt olvas\u00e1si id\u0151\" class=\"yoast-seo-meta-tag\" \/>\n\t<meta name=\"twitter:data2\" content=\"2 perc\" class=\"yoast-seo-meta-tag\" \/>\n<script type=\"application\/ld+json\" class=\"yoast-schema-graph\">{\"@context\":\"https:\\\/\\\/schema.org\",\"@graph\":[{\"@type\":\"Article\",\"@id\":\"https:\\\/\\\/dorogimedence.hu\\\/index.php\\\/2026\\\/09\\\/01\\\/budapest-fele-indulhatott-az-esztergombol-eltunt-77-eves-ferfi\\\/#article\",\"isPartOf\":{\"@id\":\"https:\\\/\\\/dorogimedence.hu\\\/index.php\\\/2026\\\/09\\\/01\\\/budapest-fele-indulhatott-az-esztergombol-eltunt-77-eves-ferfi\\\/\"},\"author\":{\"name\":\"dorogimedence.hu\",\"@id\":\"https:\\\/\\\/dorogimedence.hu\\\/#\\\/schema\\\/person\\\/ce6091eeb7e95ecdc87890d6aa8e0fd4\"},\"headline\":\"Budapest fel\u00e9 indulhatott az Esztergomb\u00f3l elt\u0171nt 77 \u00e9ves f\u00e9rfi\",\"datePublished\":\"2026-09-01T15:10:37+00:00\",\"mainEntityOfPage\":{\"@id\":\"https:\\\/\\\/dorogimedence.hu\\\/index.php\\\/2026\\\/09\\\/01\\\/budapest-fele-indulhatott-az-esztergombol-eltunt-77-eves-ferfi\\\/\"},\"wordCount\":326,\"publisher\":{\"@id\":\"https:\\\/\\\/dorogimedence.hu\\\/#organization\"},\"image\":{\"@id\":\"https:\\\/\\\/dorogimedence.hu\\\/index.php\\\/2026\\\/09\\\/01\\\/budapest-fele-indulhatott-az-esztergombol-eltunt-77-eves-ferfi\\\/#primaryimage\"},\"thumbnailUrl\":\"https:\\\/\\\/dorogimedence.hu\\\/wp-content\\\/uploads\\\/2026\\\/09\\\/eltunt-szemely.jpg\",\"keywords\":[\"elt\u0171nt szem\u00e9ly\",\"esztergom\",\"k\u00f6r\u00f6z\u00e9s\",\"rend\u0151rs\u00e9gi h\u00edrek\"],\"articleSection\":[\"Esztergom\",\"H\u00edrek\",\"K\u00e9k h\u00edrek\"],\"inLanguage\":\"hu\"},{\"@type\":\"WebPage\",\"@id\":\"https:\\\/\\\/dorogimedence.hu\\\/index.php\\\/2026\\\/09\\\/01\\\/budapest-fele-indulhatott-az-esztergombol-eltunt-77-eves-ferfi\\\/\",\"url\":\"https:\\\/\\\/dorogimedence.hu\\\/index.php\\\/2026\\\/09\\\/01\\\/budapest-fele-indulhatott-az-esztergombol-eltunt-77-eves-ferfi\\\/\",\"name\":\"Budapest fel\u00e9 indulhatott az Esztergomb\u00f3l elt\u0171nt 77 \u00e9ves f\u00e9rfi\",\"isPartOf\":{\"@id\":\"https:\\\/\\\/dorogimedence.hu\\\/#website\"},\"primaryImageOfPage\":{\"@id\":\"https:\\\/\\\/dorogimedence.hu\\\/index.php\\\/2026\\\/09\\\/01\\\/budapest-fele-indulhatott-az-esztergombol-eltunt-77-eves-ferfi\\\/#primaryimage\"},\"image\":{\"@id\":\"https:\\\/\\\/dorogimedence.hu\\\/index.php\\\/2026\\\/09\\\/01\\\/budapest-fele-indulhatott-az-esztergombol-eltunt-77-eves-ferfi\\\/#primaryimage\"},\"thumbnailUrl\":\"https:\\\/\\\/dorogimedence.hu\\\/wp-content\\\/uploads\\\/2026\\\/09\\\/eltunt-szemely.jpg\",\"datePublished\":\"2026-09-01T15:10:37+00:00\",\"breadcrumb\":{\"@id\":\"https:\\\/\\\/dorogimedence.hu\\\/index.php\\\/2026\\\/09\\\/01\\\/budapest-fele-indulhatott-az-esztergombol-eltunt-77-eves-ferfi\\\/#breadcrumb\"},\"inLanguage\":\"hu\",\"potentialAction\":[{\"@type\":\"ReadAction\",\"target\":[\"https:\\\/\\\/dorogimedence.hu\\\/index.php\\\/2026\\\/09\\\/01\\\/budapest-fele-indulhatott-az-esztergombol-eltunt-77-eves-ferfi\\\/\"]}]},{\"@type\":\"ImageObject\",\"inLanguage\":\"hu\",\"@id\":\"https:\\\/\\\/dorogimedence.hu\\\/index.php\\\/2026\\\/09\\\/01\\\/budapest-fele-indulhatott-az-esztergombol-eltunt-77-eves-ferfi\\\/#primaryimage\",\"url\":\"https:\\\/\\\/dorogimedence.hu\\\/wp-content\\\/uploads\\\/2026\\\/09\\\/eltunt-szemely.jpg\",\"contentUrl\":\"https:\\\/\\\/dorogimedence.hu\\\/wp-content\\\/uploads\\\/2026\\\/09\\\/eltunt-szemely.jpg\",\"width\":1920,\"height\":970},{\"@type\":\"BreadcrumbList\",\"@id\":\"https:\\\/\\\/dorogimedence.hu\\\/index.php\\\/2026\\\/09\\\/01\\\/budapest-fele-indulhatott-az-esztergombol-eltunt-77-eves-ferfi\\\/#breadcrumb\",\"itemListElement\":[{\"@type\":\"ListItem\",\"position\":1,\"name\":\"Kezd\u0151lap\",\"item\":\"https:\\\/\\\/dorogimedence.hu\\\/\"},{\"@type\":\"ListItem\",\"position\":2,\"name\":\"Budapest fel\u00e9 indulhatott az Esztergomb\u00f3l elt\u0171nt 77 \u00e9ves f\u00e9rfi\"}]},{\"@type\":\"WebSite\",\"@id\":\"https:\\\/\\\/dorogimedence.hu\\\/#website\",\"url\":\"https:\\\/\\\/dorogimedence.hu\\\/\",\"name\":\"Dorogi-medence Region\u00e1lis H\u00edrport\u00e1l\",\"description\":\"Dorog, Keszt\u00f6lc, Le\u00e1nyv\u00e1r, Piliscs\u00e9v, Tokod, Tokodalt\u00e1r\u00f3, Csolnok, Esztergom-kertv\u00e1ros: h\u00edrek, programok\",\"publisher\":{\"@id\":\"https:\\\/\\\/dorogimedence.hu\\\/#organization\"},\"potentialAction\":[{\"@type\":\"SearchAction\",\"target\":{\"@type\":\"EntryPoint\",\"urlTemplate\":\"https:\\\/\\\/dorogimedence.hu\\\/?s={search_term_string}\"},\"query-input\":{\"@type\":\"PropertyValueSpecification\",\"valueRequired\":true,\"valueName\":\"search_term_string\"}}],\"inLanguage\":\"hu\"},{\"@type\":\"Organization\",\"@id\":\"https:\\\/\\\/dorogimedence.hu\\\/#organization\",\"name\":\"Dorogi-medence Region\u00e1lis H\u00edrport\u00e1l\",\"url\":\"https:\\\/\\\/dorogimedence.hu\\\/\",\"logo\":{\"@type\":\"ImageObject\",\"inLanguage\":\"hu\",\"@id\":\"https:\\\/\\\/dorogimedence.hu\\\/#\\\/schema\\\/logo\\\/image\\\/\",\"url\":\"https:\\\/\\\/dorogimedence.hu\\\/wp-content\\\/uploads\\\/2021\\\/04\\\/logo-feher-600.png\",\"contentUrl\":\"https:\\\/\\\/dorogimedence.hu\\\/wp-content\\\/uploads\\\/2021\\\/04\\\/logo-feher-600.png\",\"width\":600,\"height\":100,\"caption\":\"Dorogi-medence Region\u00e1lis H\u00edrport\u00e1l\"},\"image\":{\"@id\":\"https:\\\/\\\/dorogimedence.hu\\\/#\\\/schema\\\/logo\\\/image\\\/\"},\"sameAs\":[\"https:\\\/\\\/www.facebook.com\\\/dorogimedence\\\/\"]},{\"@type\":\"Person\",\"@id\":\"https:\\\/\\\/dorogimedence.hu\\\/#\\\/schema\\\/person\\\/ce6091eeb7e95ecdc87890d6aa8e0fd4\",\"name\":\"dorogimedence.hu\",\"image\":{\"@type\":\"ImageObject\",\"inLanguage\":\"hu\",\"@id\":\"\\\/\\\/www.gravatar.com\\\/avatar\\\/d8d45f8901aadff40a4af72c0b826f1d?s=96&#038;r=g&#038;d=mm\",\"url\":\"\\\/\\\/www.gravatar.com\\\/avatar\\\/d8d45f8901aadff40a4af72c0b826f1d?s=96&#038;r=g&#038;d=mm\",\"contentUrl\":\"\\\/\\\/www.gravatar.com\\\/avatar\\\/d8d45f8901aadff40a4af72c0b826f1d?s=96&#038;r=g&#038;d=mm\",\"caption\":\"dorogimedence.hu\"}}]}<\/script>\n<!-- \/ Yoast SEO plugin. -->","yoast_head_json":{"title":"Budapest fel\u00e9 indulhatott az Esztergomb\u00f3l elt\u0171nt 77 \u00e9ves f\u00e9rfi","robots":{"index":"index","follow":"follow","max-snippet":"max-snippet:-1","max-image-preview":"max-image-preview:large","max-video-preview":"max-video-preview:-1"},"canonical":"https:\/\/dorogimedence.hu\/index.php\/2026\/09\/01\/budapest-fele-indulhatott-az-esztergombol-eltunt-77-eves-ferfi\/","og_locale":"hu_HU","og_type":"article","og_title":"Budapest fel\u00e9 indulhatott az Esztergomb\u00f3l elt\u0171nt 77 \u00e9ves f\u00e9rfi","og_description":"Az Esztergomi Rend\u0151rkapit\u00e1nys\u00e1g a lakoss\u00e1g seg\u00edts\u00e9g\u00e9t k\u00e9ri Kulich Istv\u00e1n Lajos megtal\u00e1l\u00e1s\u00e1hoz. A 77 \u00e9ves f\u00e9rfi augusztus 30-\u00e1n t\u0171nt el az esztergomi Tesco \u00e1ruh\u00e1zb\u00f3l, majd a kamerafelv\u00e9telek szerint felsz\u00e1llt a Nyugati p\u00e1lyaudvarra tart\u00f3 vonatra. Az\u00f3ta nem adott \u00e9letjelet mag\u00e1r\u00f3l. Az Esztergomi Rend\u0151rkapit\u00e1nys\u00e1g 11060-157\/98\/2026. k\u00f6r\u00f6z\u00e9si sz\u00e1mon elj\u00e1r\u00e1st folytat Kulich Istv\u00e1n Lajos elt\u0171n\u00e9se miatt. A f\u00e9rfi 2026. augusztus","og_url":"https:\/\/dorogimedence.hu\/index.php\/2026\/09\/01\/budapest-fele-indulhatott-az-esztergombol-eltunt-77-eves-ferfi\/","og_site_name":"Dorogi-medence Region\u00e1lis H\u00edrport\u00e1l","article_publisher":"https:\/\/www.facebook.com\/dorogimedence\/","article_published_time":"2026-09-01T15:10:37+00:00","og_image":[{"width":1920,"height":970,"url":"https:\/\/dorogimedence.hu\/wp-content\/uploads\/2026\/09\/eltunt-szemely.jpg","type":"image\/jpeg"}],"author":"dorogimedence.hu","twitter_card":"summary_large_image","twitter_misc":{"Szerz\u0151:":"dorogimedence.hu","Becs\u00fclt olvas\u00e1si id\u0151":"2 perc"},"schema":{"@context":"https:\/\/schema.org","@graph":[{"@type":"Article","@id":"https:\/\/dorogimedence.hu\/index.php\/2026\/09\/01\/budapest-fele-indulhatott-az-esztergombol-eltunt-77-eves-ferfi\/#article","isPartOf":{"@id":"https:\/\/dorogimedence.hu\/index.php\/2026\/09\/01\/budapest-fele-indulhatott-az-esztergombol-eltunt-77-eves-ferfi\/"},"author":{"name":"dorogimedence.hu","@id":"https:\/\/dorogimedence.hu\/#\/schema\/person\/ce6091eeb7e95ecdc87890d6aa8e0fd4"},"headline":"Budapest fel\u00e9 indulhatott az Esztergomb\u00f3l elt\u0171nt 77 \u00e9ves f\u00e9rfi","datePublished":"2026-09-01T15:10:37+00:00","mainEntityOfPage":{"@id":"https:\/\/dorogimedence.hu\/index.php\/2026\/09\/01\/budapest-fele-indulhatott-az-esztergombol-eltunt-77-eves-ferfi\/"},"wordCount":326,"publisher":{"@id":"https:\/\/dorogimedence.hu\/#organization"},"image":{"@id":"https:\/\/dorogimedence.hu\/index.php\/2026\/09\/01\/budapest-fele-indulhatott-az-esztergombol-eltunt-77-eves-ferfi\/#primaryimage"},"thumbnailUrl":"https:\/\/dorogimedence.hu\/wp-content\/uploads\/2026\/09\/eltunt-szemely.jpg","keywords":["elt\u0171nt szem\u00e9ly","esztergom","k\u00f6r\u00f6z\u00e9s","rend\u0151rs\u00e9gi h\u00edrek"],"articleSection":["Esztergom","H\u00edrek","K\u00e9k h\u00edrek"],"inLanguage":"hu"},{"@type":"WebPage","@id":"https:\/\/dorogimedence.hu\/index.php\/2026\/09\/01\/budapest-fele-indulhatott-az-esztergombol-eltunt-77-eves-ferfi\/","url":"https:\/\/dorogimedence.hu\/index.php\/2026\/09\/01\/budapest-fele-indulhatott-az-esztergombol-eltunt-77-eves-ferfi\/","name":"Budapest fel\u00e9 indulhatott az Esztergomb\u00f3l elt\u0171nt 77 \u00e9ves f\u00e9rfi","isPartOf":{"@id":"https:\/\/dorogimedence.hu\/#website"},"primaryImageOfPage":{"@id":"https:\/\/dorogimedence.hu\/index.php\/2026\/09\/01\/budapest-fele-indulhatott-az-esztergombol-eltunt-77-eves-ferfi\/#primaryimage"},"image":{"@id":"https:\/\/dorogimedence.hu\/index.php\/2026\/09\/01\/budapest-fele-indulhatott-az-esztergombol-eltunt-77-eves-ferfi\/#primaryimage"},"thumbnailUrl":"https:\/\/dorogimedence.hu\/wp-content\/uploads\/2026\/09\/eltunt-szemely.jpg","datePublished":"2026-09-01T15:10:37+00:00","breadcrumb":{"@id":"https:\/\/dorogimedence.hu\/index.php\/2026\/09\/01\/budapest-fele-indulhatott-az-esztergombol-eltunt-77-eves-ferfi\/#breadcrumb"},"inLanguage":"hu","potentialAction":[{"@type":"ReadAction","target":["https:\/\/dorogimedence.hu\/index.php\/2026\/09\/01\/budapest-fele-indulhatott-az-esztergombol-eltunt-77-eves-ferfi\/"]}]},{"@type":"ImageObject","inLanguage":"hu","@id":"https:\/\/dorogimedence.hu\/index.php\/2026\/09\/01\/budapest-fele-indulhatott-az-esztergombol-eltunt-77-eves-ferfi\/#primaryimage","url":"https:\/\/dorogimedence.hu\/wp-content\/uploads\/2026\/09\/eltunt-szemely.jpg","contentUrl":"https:\/\/dorogimedence.hu\/wp-content\/uploads\/2026\/09\/eltunt-szemely.jpg","width":1920,"height":970},{"@type":"BreadcrumbList","@id":"https:\/\/dorogimedence.hu\/index.php\/2026\/09\/01\/budapest-fele-indulhatott-az-esztergombol-eltunt-77-eves-ferfi\/#breadcrumb","itemListElement":[{"@type":"ListItem","position":1,"name":"Kezd\u0151lap","item":"https:\/\/dorogimedence.hu\/"},{"@type":"ListItem","position":2,"name":"Budapest fel\u00e9 indulhatott az Esztergomb\u00f3l elt\u0171nt 77 \u00e9ves f\u00e9rfi"}]},{"@type":"WebSite","@id":"https:\/\/dorogimedence.hu\/#website","url":"https:\/\/dorogimedence.hu\/","name":"Dorogi-medence Region\u00e1lis H\u00edrport\u00e1l","description":"Dorog, Keszt\u00f6lc, Le\u00e1nyv\u00e1r, Piliscs\u00e9v, Tokod, Tokodalt\u00e1r\u00f3, Csolnok, Esztergom-kertv\u00e1ros: h\u00edrek, programok","publisher":{"@id":"https:\/\/dorogimedence.hu\/#organization"},"potentialAction":[{"@type":"SearchAction","target":{"@type":"EntryPoint","urlTemplate":"https:\/\/dorogimedence.hu\/?s={search_term_string}"},"query-input":{"@type":"PropertyValueSpecification","valueRequired":true,"valueName":"search_term_string"}}],"inLanguage":"hu"},{"@type":"Organization","@id":"https:\/\/dorogimedence.hu\/#organization","name":"Dorogi-medence Region\u00e1lis H\u00edrport\u00e1l","url":"https:\/\/dorogimedence.hu\/","logo":{"@type":"ImageObject","inLanguage":"hu","@id":"https:\/\/dorogimedence.hu\/#\/schema\/logo\/image\/","url":"https:\/\/dorogimedence.hu\/wp-content\/uploads\/2021\/04\/logo-feher-600.png","contentUrl":"https:\/\/dorogimedence.hu\/wp-content\/uploads\/2021\/04\/logo-feher-600.png","width":600,"height":100,"caption":"Dorogi-medence Region\u00e1lis H\u00edrport\u00e1l"},"image":{"@id":"https:\/\/dorogimedence.hu\/#\/schema\/logo\/image\/"},"sameAs":["https:\/\/www.facebook.com\/dorogimedence\/"]},{"@type":"Person","@id":"https:\/\/dorogimedence.hu\/#\/schema\/person\/ce6091eeb7e95ecdc87890d6aa8e0fd4","name":"dorogimedence.hu","image":{"@type":"ImageObject","inLanguage":"hu","@id":"\/\/www.gravatar.com\/avatar\/d8d45f8901aadff40a4af72c0b826f1d?s=96&#038;r=g&#038;d=mm","url":"\/\/www.gravatar.com\/avatar\/d8d45f8901aadff40a4af72c0b826f1d?s=96&#038;r=g&#038;d=mm","contentUrl":"\/\/www.gravatar.com\/avatar\/d8d45f8901aadff40a4af72c0b826f1d?s=96&#038;r=g&#038;d=mm","caption":"dorogimedence.hu"}}]}},"_links":{"self":[{"href":"https:\/\/dorogimedence.hu\/index.php\/wp-json\/wp\/v2\/posts\/83292","targetHints":{"allow":["GET"]}}],"collection":[{"href":"https:\/\/dorogimedence.hu\/index.php\/wp-json\/wp\/v2\/posts"}],"about":[{"href":"https:\/\/dorogimedence.hu\/index.php\/wp-json\/wp\/v2\/types\/post"}],"author":[{"embeddable":true,"href":"https:\/\/dorogimedence.hu\/index.php\/wp-json\/wp\/v2\/users\/1"}],"replies":[{"embeddable":true,"href":"https:\/\/dorogimedence.hu\/index.php\/wp-json\/wp\/v2\/comments?post=83292"}],"version-history":[{"count":1,"href":"https:\/\/dorogimedence.hu\/index.php\/wp-json\/wp\/v2\/posts\/83292\/revisions"}],"predecessor-version":[{"id":83294,"href":"https:\/\/dorogimedence.hu\/index.php\/wp-json\/wp\/v2\/posts\/83292\/revisions\/83294"}],"wp:featuredmedia":[{"embeddable":true,"href":"https:\/\/dorogimedence.hu\/index.php\/wp-json\/wp\/v2\/media\/83293"}],"wp:attachment":[{"href":"https:\/\/dorogimedence.hu\/index.php\/wp-json\/wp\/v2\/media?parent=83292"}],"wp:term":[{"taxonomy":"category","embeddable":true,"href":"https:\/\/dorogimedence.hu\/index.php\/wp-json\/wp\/v2\/categories?post=83292"},{"taxonomy":"post_tag","embeddable":true,"href":"https:\/\/dorogimedence.hu\/index.php\/wp-json\/wp\/v2\/tags?post=83292"}],"curies":[{"name":"wp","href":"https:\/\/api.w.org\/{rel}","templated":true}]}}