{"id":83287,"date":"2026-09-01T16:43:49","date_gmt":"2026-09-01T14:43:49","guid":{"rendered":"https:\/\/dorogimedence.hu\/?p=83287"},"modified":"2026-09-01T16:43:49","modified_gmt":"2026-09-01T14:43:49","slug":"11-ev-fegyhazat-kapott-a-harom-gyermeket-bantalmazo-ferfi","status":"publish","type":"post","link":"https:\/\/dorogimedence.hu\/index.php\/2026\/09\/01\/11-ev-fegyhazat-kapott-a-harom-gyermeket-bantalmazo-ferfi\/","title":{"rendered":"11 \u00e9v fegyh\u00e1zat kapott a h\u00e1rom gyermeket b\u00e1ntalmaz\u00f3 f\u00e9rfi"},"content":{"rendered":"<p><strong>A Tatab\u00e1nyai T\u00f6rv\u00e9nysz\u00e9k els\u0151 fokon 11 \u00e9v fegyh\u00e1zb\u00fcntet\u00e9sre \u00edtlte azt a f\u00e9rfit, aki a b\u00edr\u00f3s\u00e1g \u00e1ltal meg\u00e1llap\u00edtott t\u00e9ny\u00e1ll\u00e1s szerint a l\u00e1ny\u00e1t \u00e9s k\u00e9t m\u00e1sik gyermeket b\u00e1ntalmazott szexu\u00e1lisan. Az \u00edt\u00e9let nem joger\u0151s.<\/strong><\/p>\n<p>A f\u00e9rfi 2016 nyar\u00e1n egy B\u00e9k\u00e9s v\u00e1rmegyei telep\u00fcl\u00e9sen \u00e9lt, amikor a hozz\u00e1 l\u00e1togat\u00f3 15 \u00e9ves l\u00e1ny\u00e1t h\u00e1rom alkalommal b\u00e1ntalmazta. A t\u00f6rt\u00e9ntek a s\u00e9rtettn\u00e9l traum\u00e1t, valamint a szexualit\u00e1ssal kapcsolatban fokozott szorong\u00e1st okoztak.<\/p>\n<p>A v\u00e1dlott 2022 j\u00falius\u00e1ban esztergomi otthon\u00e1ban \u00e9lett\u00e1rs\u00e1nak akkor 13 \u00e9ves h\u00fag\u00e1t, 2023 \u00e1prilis\u00e1ban pedig \u00e9lett\u00e1rs\u00e1nak h\u00e9t\u00e9ves unokah\u00fag\u00e1t b\u00e1ntalmazta szexu\u00e1lisan. Az ut\u00f3bbi cselekm\u00e9ny k\u00f6vetkezt\u00e9ben a s\u00e9rtettn\u00e9l enyhe m\u00e9rt\u00e9k\u0171 pszich\u00e9s trauma alakult ki.<\/p>\n<p>A Tatab\u00e1nyai T\u00f6rv\u00e9nysz\u00e9k a f\u00e9rfit 11 \u00e9v fegyh\u00e1zb\u00fcntet\u00e9sre \u00e9s 10 \u00e9v k\u00f6z\u00fcgyekt\u0151l eltilt\u00e1sra \u00edt\u00e9lte. V\u00e9gleges hat\u00e1llyal eltiltott\u00e1k minden olyan foglalkoz\u00e1st\u00f3l \u00e9s tev\u00e9kenys\u00e9gt\u0151l, amely sor\u00e1n tizennyolcadik \u00e9let\u00e9v\u00e9t be nem t\u00f6lt\u00f6tt szem\u00e9llyel ker\u00fclhet kapcsolatba. A b\u00edr\u00f3s\u00e1g azt is meg\u00e1llap\u00edtotta, hogy az elk\u00f6vet\u0151 nem bocs\u00e1that\u00f3 felt\u00e9teles szabads\u00e1gra.<\/p>\n<p>Az \u00fcgy\u00e9sz h\u00e1rom munkanapot tartott fenn a jogorvoslati nyilatkozat megt\u00e9tel\u00e9re. A v\u00e1dlott \u00e9s v\u00e9d\u0151je els\u0151dlegesen felment\u00e9s\u00e9rt, m\u00e1sodlagosan a b\u00fcntet\u00e9s enyh\u00edt\u00e9s\u00e9\u00e9rt fellebbezett, ez\u00e9rt az \u00edt\u00e9let nem joger\u0151s.<\/p>\n<p>A t\u00f6rv\u00e9nysz\u00e9k k\u00fcl\u00f6n v\u00e9gz\u00e9sben elrendelte a f\u00e9rfi b\u0171n\u00fcgyi fel\u00fcgyelet\u00e9t. Ezt a v\u00e1dlott \u00e9s v\u00e9d\u0151je tudom\u00e1sul vette, az \u00fcgy\u00e9sz azonban a letart\u00f3ztat\u00e1s elrendel\u00e9se \u00e9rdek\u00e9ben fellebbezett.<\/p>\n<p><em>Forr\u00e1s: Tatab\u00e1nyai T\u00f6rv\u00e9nysz\u00e9k \/ Kom\u00e1rom-Esztergom V\u00e1rmegyei F\u0151\u00fcgy\u00e9szs\u00e9g<\/em><\/p>\n","protected":false},"excerpt":{"rendered":"<p>A Tatab\u00e1nyai T\u00f6rv\u00e9nysz\u00e9k els\u0151 fokon 11 \u00e9v fegyh\u00e1zb\u00fcntet\u00e9sre \u00edtlte azt a f\u00e9rfit, aki a b\u00edr\u00f3s\u00e1g \u00e1ltal meg\u00e1llap\u00edtott t\u00e9ny\u00e1ll\u00e1s szerint a l\u00e1ny\u00e1t \u00e9s k\u00e9t m\u00e1sik gyermeket b\u00e1ntalmazott szexu\u00e1lisan. Az \u00edt\u00e9let nem joger\u0151s. A f\u00e9rfi 2016 nyar\u00e1n egy B\u00e9k\u00e9s v\u00e1rmegyei telep\u00fcl\u00e9sen \u00e9lt, amikor a hozz\u00e1 l\u00e1togat\u00f3 15 \u00e9ves l\u00e1ny\u00e1t h\u00e1rom alkalommal b\u00e1ntalmazta. A t\u00f6rt\u00e9ntek a s\u00e9rtettn\u00e9l traum\u00e1t,<\/p>\n","protected":false},"author":1,"featured_media":73715,"comment_status":"closed","ping_status":"closed","sticky":false,"template":"","format":"standard","meta":{"ngg_post_thumbnail":0,"footnotes":""},"categories":[38,3,39],"tags":[712,1042,42,61,9073],"class_list":["post-83287","post","type-post","status-publish","format-standard","has-post-thumbnail","category-esztergom","category-hirek","category-kek-hirek","tag-bantalmazas","tag-birosag","tag-esztergom","tag-rendorsegi-hirek","tag-ugyeszsge"],"yoast_head":"<!-- This site is optimized with the Yoast SEO plugin v28.3 - https:\/\/yoast.com\/product\/yoast-seo-wordpress\/ -->\n<title>11 \u00e9v fegyh\u00e1zat kapott a h\u00e1rom gyermeket b\u00e1ntalmaz\u00f3 f\u00e9rfi<\/title>\n<meta name=\"robots\" content=\"index, follow, max-snippet:-1, max-image-preview:large, max-video-preview:-1\" \/>\n<link rel=\"canonical\" href=\"https:\/\/dorogimedence.hu\/index.php\/2026\/09\/01\/11-ev-fegyhazat-kapott-a-harom-gyermeket-bantalmazo-ferfi\/\" class=\"yoast-seo-meta-tag\" \/>\n<meta property=\"og:locale\" content=\"hu_HU\" class=\"yoast-seo-meta-tag\" \/>\n<meta property=\"og:type\" content=\"article\" class=\"yoast-seo-meta-tag\" \/>\n<meta property=\"og:title\" content=\"11 \u00e9v fegyh\u00e1zat kapott a h\u00e1rom gyermeket b\u00e1ntalmaz\u00f3 f\u00e9rfi\" class=\"yoast-seo-meta-tag\" \/>\n<meta property=\"og:description\" content=\"A Tatab\u00e1nyai T\u00f6rv\u00e9nysz\u00e9k els\u0151 fokon 11 \u00e9v fegyh\u00e1zb\u00fcntet\u00e9sre \u00edtlte azt a f\u00e9rfit, aki a b\u00edr\u00f3s\u00e1g \u00e1ltal meg\u00e1llap\u00edtott t\u00e9ny\u00e1ll\u00e1s szerint a l\u00e1ny\u00e1t \u00e9s k\u00e9t m\u00e1sik gyermeket b\u00e1ntalmazott szexu\u00e1lisan. Az \u00edt\u00e9let nem joger\u0151s. A f\u00e9rfi 2016 nyar\u00e1n egy B\u00e9k\u00e9s v\u00e1rmegyei telep\u00fcl\u00e9sen \u00e9lt, amikor a hozz\u00e1 l\u00e1togat\u00f3 15 \u00e9ves l\u00e1ny\u00e1t h\u00e1rom alkalommal b\u00e1ntalmazta. A t\u00f6rt\u00e9ntek a s\u00e9rtettn\u00e9l traum\u00e1t,\" class=\"yoast-seo-meta-tag\" \/>\n<meta property=\"og:url\" content=\"https:\/\/dorogimedence.hu\/index.php\/2026\/09\/01\/11-ev-fegyhazat-kapott-a-harom-gyermeket-bantalmazo-ferfi\/\" class=\"yoast-seo-meta-tag\" \/>\n<meta property=\"og:site_name\" content=\"Dorogi-medence Region\u00e1lis H\u00edrport\u00e1l\" class=\"yoast-seo-meta-tag\" \/>\n<meta property=\"article:publisher\" content=\"https:\/\/www.facebook.com\/dorogimedence\/\" class=\"yoast-seo-meta-tag\" \/>\n<meta property=\"article:published_time\" content=\"2026-09-01T14:43:49+00:00\" class=\"yoast-seo-meta-tag\" \/>\n<meta property=\"og:image\" content=\"https:\/\/dorogimedence.hu\/wp-content\/uploads\/2025\/08\/birosag-freepik-2152001188.jpg\" class=\"yoast-seo-meta-tag\" \/>\n\t<meta property=\"og:image:width\" content=\"2000\" class=\"yoast-seo-meta-tag\" \/>\n\t<meta property=\"og:image:height\" content=\"1367\" class=\"yoast-seo-meta-tag\" \/>\n\t<meta property=\"og:image:type\" content=\"image\/jpeg\" class=\"yoast-seo-meta-tag\" \/>\n<meta name=\"author\" content=\"dorogimedence.hu\" class=\"yoast-seo-meta-tag\" \/>\n<meta name=\"twitter:card\" content=\"summary_large_image\" class=\"yoast-seo-meta-tag\" \/>\n<meta name=\"twitter:label1\" content=\"Szerz\u0151:\" class=\"yoast-seo-meta-tag\" \/>\n\t<meta name=\"twitter:data1\" content=\"dorogimedence.hu\" class=\"yoast-seo-meta-tag\" \/>\n\t<meta name=\"twitter:label2\" content=\"Becs\u00fclt olvas\u00e1si id\u0151\" class=\"yoast-seo-meta-tag\" \/>\n\t<meta name=\"twitter:data2\" content=\"2 perc\" class=\"yoast-seo-meta-tag\" \/>\n<script type=\"application\/ld+json\" class=\"yoast-schema-graph\">{\"@context\":\"https:\\\/\\\/schema.org\",\"@graph\":[{\"@type\":\"Article\",\"@id\":\"https:\\\/\\\/dorogimedence.hu\\\/index.php\\\/2026\\\/09\\\/01\\\/11-ev-fegyhazat-kapott-a-harom-gyermeket-bantalmazo-ferfi\\\/#article\",\"isPartOf\":{\"@id\":\"https:\\\/\\\/dorogimedence.hu\\\/index.php\\\/2026\\\/09\\\/01\\\/11-ev-fegyhazat-kapott-a-harom-gyermeket-bantalmazo-ferfi\\\/\"},\"author\":{\"name\":\"dorogimedence.hu\",\"@id\":\"https:\\\/\\\/dorogimedence.hu\\\/#\\\/schema\\\/person\\\/ce6091eeb7e95ecdc87890d6aa8e0fd4\"},\"headline\":\"11 \u00e9v fegyh\u00e1zat kapott a h\u00e1rom gyermeket b\u00e1ntalmaz\u00f3 f\u00e9rfi\",\"datePublished\":\"2026-09-01T14:43:49+00:00\",\"mainEntityOfPage\":{\"@id\":\"https:\\\/\\\/dorogimedence.hu\\\/index.php\\\/2026\\\/09\\\/01\\\/11-ev-fegyhazat-kapott-a-harom-gyermeket-bantalmazo-ferfi\\\/\"},\"wordCount\":353,\"publisher\":{\"@id\":\"https:\\\/\\\/dorogimedence.hu\\\/#organization\"},\"image\":{\"@id\":\"https:\\\/\\\/dorogimedence.hu\\\/index.php\\\/2026\\\/09\\\/01\\\/11-ev-fegyhazat-kapott-a-harom-gyermeket-bantalmazo-ferfi\\\/#primaryimage\"},\"thumbnailUrl\":\"https:\\\/\\\/dorogimedence.hu\\\/wp-content\\\/uploads\\\/2025\\\/08\\\/birosag-freepik-2152001188.jpg\",\"keywords\":[\"b\u00e1ntalmaz\u00e1s\",\"b\u00edr\u00f3s\u00e1g\",\"esztergom\",\"rend\u0151rs\u00e9gi h\u00edrek\",\"\u00fcgy\u00e9szsg\u00e9\"],\"articleSection\":[\"Esztergom\",\"H\u00edrek\",\"K\u00e9k h\u00edrek\"],\"inLanguage\":\"hu\"},{\"@type\":\"WebPage\",\"@id\":\"https:\\\/\\\/dorogimedence.hu\\\/index.php\\\/2026\\\/09\\\/01\\\/11-ev-fegyhazat-kapott-a-harom-gyermeket-bantalmazo-ferfi\\\/\",\"url\":\"https:\\\/\\\/dorogimedence.hu\\\/index.php\\\/2026\\\/09\\\/01\\\/11-ev-fegyhazat-kapott-a-harom-gyermeket-bantalmazo-ferfi\\\/\",\"name\":\"11 \u00e9v fegyh\u00e1zat kapott a h\u00e1rom gyermeket b\u00e1ntalmaz\u00f3 f\u00e9rfi\",\"isPartOf\":{\"@id\":\"https:\\\/\\\/dorogimedence.hu\\\/#website\"},\"primaryImageOfPage\":{\"@id\":\"https:\\\/\\\/dorogimedence.hu\\\/index.php\\\/2026\\\/09\\\/01\\\/11-ev-fegyhazat-kapott-a-harom-gyermeket-bantalmazo-ferfi\\\/#primaryimage\"},\"image\":{\"@id\":\"https:\\\/\\\/dorogimedence.hu\\\/index.php\\\/2026\\\/09\\\/01\\\/11-ev-fegyhazat-kapott-a-harom-gyermeket-bantalmazo-ferfi\\\/#primaryimage\"},\"thumbnailUrl\":\"https:\\\/\\\/dorogimedence.hu\\\/wp-content\\\/uploads\\\/2025\\\/08\\\/birosag-freepik-2152001188.jpg\",\"datePublished\":\"2026-09-01T14:43:49+00:00\",\"breadcrumb\":{\"@id\":\"https:\\\/\\\/dorogimedence.hu\\\/index.php\\\/2026\\\/09\\\/01\\\/11-ev-fegyhazat-kapott-a-harom-gyermeket-bantalmazo-ferfi\\\/#breadcrumb\"},\"inLanguage\":\"hu\",\"potentialAction\":[{\"@type\":\"ReadAction\",\"target\":[\"https:\\\/\\\/dorogimedence.hu\\\/index.php\\\/2026\\\/09\\\/01\\\/11-ev-fegyhazat-kapott-a-harom-gyermeket-bantalmazo-ferfi\\\/\"]}]},{\"@type\":\"ImageObject\",\"inLanguage\":\"hu\",\"@id\":\"https:\\\/\\\/dorogimedence.hu\\\/index.php\\\/2026\\\/09\\\/01\\\/11-ev-fegyhazat-kapott-a-harom-gyermeket-bantalmazo-ferfi\\\/#primaryimage\",\"url\":\"https:\\\/\\\/dorogimedence.hu\\\/wp-content\\\/uploads\\\/2025\\\/08\\\/birosag-freepik-2152001188.jpg\",\"contentUrl\":\"https:\\\/\\\/dorogimedence.hu\\\/wp-content\\\/uploads\\\/2025\\\/08\\\/birosag-freepik-2152001188.jpg\",\"width\":2000,\"height\":1367},{\"@type\":\"BreadcrumbList\",\"@id\":\"https:\\\/\\\/dorogimedence.hu\\\/index.php\\\/2026\\\/09\\\/01\\\/11-ev-fegyhazat-kapott-a-harom-gyermeket-bantalmazo-ferfi\\\/#breadcrumb\",\"itemListElement\":[{\"@type\":\"ListItem\",\"position\":1,\"name\":\"Kezd\u0151lap\",\"item\":\"https:\\\/\\\/dorogimedence.hu\\\/\"},{\"@type\":\"ListItem\",\"position\":2,\"name\":\"11 \u00e9v fegyh\u00e1zat kapott a h\u00e1rom gyermeket b\u00e1ntalmaz\u00f3 f\u00e9rfi\"}]},{\"@type\":\"WebSite\",\"@id\":\"https:\\\/\\\/dorogimedence.hu\\\/#website\",\"url\":\"https:\\\/\\\/dorogimedence.hu\\\/\",\"name\":\"Dorogi-medence Region\u00e1lis H\u00edrport\u00e1l\",\"description\":\"Dorog, Keszt\u00f6lc, Le\u00e1nyv\u00e1r, Piliscs\u00e9v, Tokod, Tokodalt\u00e1r\u00f3, Csolnok, Esztergom-kertv\u00e1ros: h\u00edrek, programok\",\"publisher\":{\"@id\":\"https:\\\/\\\/dorogimedence.hu\\\/#organization\"},\"potentialAction\":[{\"@type\":\"SearchAction\",\"target\":{\"@type\":\"EntryPoint\",\"urlTemplate\":\"https:\\\/\\\/dorogimedence.hu\\\/?s={search_term_string}\"},\"query-input\":{\"@type\":\"PropertyValueSpecification\",\"valueRequired\":true,\"valueName\":\"search_term_string\"}}],\"inLanguage\":\"hu\"},{\"@type\":\"Organization\",\"@id\":\"https:\\\/\\\/dorogimedence.hu\\\/#organization\",\"name\":\"Dorogi-medence Region\u00e1lis H\u00edrport\u00e1l\",\"url\":\"https:\\\/\\\/dorogimedence.hu\\\/\",\"logo\":{\"@type\":\"ImageObject\",\"inLanguage\":\"hu\",\"@id\":\"https:\\\/\\\/dorogimedence.hu\\\/#\\\/schema\\\/logo\\\/image\\\/\",\"url\":\"https:\\\/\\\/dorogimedence.hu\\\/wp-content\\\/uploads\\\/2021\\\/04\\\/logo-feher-600.png\",\"contentUrl\":\"https:\\\/\\\/dorogimedence.hu\\\/wp-content\\\/uploads\\\/2021\\\/04\\\/logo-feher-600.png\",\"width\":600,\"height\":100,\"caption\":\"Dorogi-medence Region\u00e1lis H\u00edrport\u00e1l\"},\"image\":{\"@id\":\"https:\\\/\\\/dorogimedence.hu\\\/#\\\/schema\\\/logo\\\/image\\\/\"},\"sameAs\":[\"https:\\\/\\\/www.facebook.com\\\/dorogimedence\\\/\"]},{\"@type\":\"Person\",\"@id\":\"https:\\\/\\\/dorogimedence.hu\\\/#\\\/schema\\\/person\\\/ce6091eeb7e95ecdc87890d6aa8e0fd4\",\"name\":\"dorogimedence.hu\",\"image\":{\"@type\":\"ImageObject\",\"inLanguage\":\"hu\",\"@id\":\"\\\/\\\/www.gravatar.com\\\/avatar\\\/d8d45f8901aadff40a4af72c0b826f1d?s=96&#038;r=g&#038;d=mm\",\"url\":\"\\\/\\\/www.gravatar.com\\\/avatar\\\/d8d45f8901aadff40a4af72c0b826f1d?s=96&#038;r=g&#038;d=mm\",\"contentUrl\":\"\\\/\\\/www.gravatar.com\\\/avatar\\\/d8d45f8901aadff40a4af72c0b826f1d?s=96&#038;r=g&#038;d=mm\",\"caption\":\"dorogimedence.hu\"}}]}<\/script>\n<!-- \/ Yoast SEO plugin. -->","yoast_head_json":{"title":"11 \u00e9v fegyh\u00e1zat kapott a h\u00e1rom gyermeket b\u00e1ntalmaz\u00f3 f\u00e9rfi","robots":{"index":"index","follow":"follow","max-snippet":"max-snippet:-1","max-image-preview":"max-image-preview:large","max-video-preview":"max-video-preview:-1"},"canonical":"https:\/\/dorogimedence.hu\/index.php\/2026\/09\/01\/11-ev-fegyhazat-kapott-a-harom-gyermeket-bantalmazo-ferfi\/","og_locale":"hu_HU","og_type":"article","og_title":"11 \u00e9v fegyh\u00e1zat kapott a h\u00e1rom gyermeket b\u00e1ntalmaz\u00f3 f\u00e9rfi","og_description":"A Tatab\u00e1nyai T\u00f6rv\u00e9nysz\u00e9k els\u0151 fokon 11 \u00e9v fegyh\u00e1zb\u00fcntet\u00e9sre \u00edtlte azt a f\u00e9rfit, aki a b\u00edr\u00f3s\u00e1g \u00e1ltal meg\u00e1llap\u00edtott t\u00e9ny\u00e1ll\u00e1s szerint a l\u00e1ny\u00e1t \u00e9s k\u00e9t m\u00e1sik gyermeket b\u00e1ntalmazott szexu\u00e1lisan. Az \u00edt\u00e9let nem joger\u0151s. A f\u00e9rfi 2016 nyar\u00e1n egy B\u00e9k\u00e9s v\u00e1rmegyei telep\u00fcl\u00e9sen \u00e9lt, amikor a hozz\u00e1 l\u00e1togat\u00f3 15 \u00e9ves l\u00e1ny\u00e1t h\u00e1rom alkalommal b\u00e1ntalmazta. A t\u00f6rt\u00e9ntek a s\u00e9rtettn\u00e9l traum\u00e1t,","og_url":"https:\/\/dorogimedence.hu\/index.php\/2026\/09\/01\/11-ev-fegyhazat-kapott-a-harom-gyermeket-bantalmazo-ferfi\/","og_site_name":"Dorogi-medence Region\u00e1lis H\u00edrport\u00e1l","article_publisher":"https:\/\/www.facebook.com\/dorogimedence\/","article_published_time":"2026-09-01T14:43:49+00:00","og_image":[{"width":2000,"height":1367,"url":"https:\/\/dorogimedence.hu\/wp-content\/uploads\/2025\/08\/birosag-freepik-2152001188.jpg","type":"image\/jpeg"}],"author":"dorogimedence.hu","twitter_card":"summary_large_image","twitter_misc":{"Szerz\u0151:":"dorogimedence.hu","Becs\u00fclt olvas\u00e1si id\u0151":"2 perc"},"schema":{"@context":"https:\/\/schema.org","@graph":[{"@type":"Article","@id":"https:\/\/dorogimedence.hu\/index.php\/2026\/09\/01\/11-ev-fegyhazat-kapott-a-harom-gyermeket-bantalmazo-ferfi\/#article","isPartOf":{"@id":"https:\/\/dorogimedence.hu\/index.php\/2026\/09\/01\/11-ev-fegyhazat-kapott-a-harom-gyermeket-bantalmazo-ferfi\/"},"author":{"name":"dorogimedence.hu","@id":"https:\/\/dorogimedence.hu\/#\/schema\/person\/ce6091eeb7e95ecdc87890d6aa8e0fd4"},"headline":"11 \u00e9v fegyh\u00e1zat kapott a h\u00e1rom gyermeket b\u00e1ntalmaz\u00f3 f\u00e9rfi","datePublished":"2026-09-01T14:43:49+00:00","mainEntityOfPage":{"@id":"https:\/\/dorogimedence.hu\/index.php\/2026\/09\/01\/11-ev-fegyhazat-kapott-a-harom-gyermeket-bantalmazo-ferfi\/"},"wordCount":353,"publisher":{"@id":"https:\/\/dorogimedence.hu\/#organization"},"image":{"@id":"https:\/\/dorogimedence.hu\/index.php\/2026\/09\/01\/11-ev-fegyhazat-kapott-a-harom-gyermeket-bantalmazo-ferfi\/#primaryimage"},"thumbnailUrl":"https:\/\/dorogimedence.hu\/wp-content\/uploads\/2025\/08\/birosag-freepik-2152001188.jpg","keywords":["b\u00e1ntalmaz\u00e1s","b\u00edr\u00f3s\u00e1g","esztergom","rend\u0151rs\u00e9gi h\u00edrek","\u00fcgy\u00e9szsg\u00e9"],"articleSection":["Esztergom","H\u00edrek","K\u00e9k h\u00edrek"],"inLanguage":"hu"},{"@type":"WebPage","@id":"https:\/\/dorogimedence.hu\/index.php\/2026\/09\/01\/11-ev-fegyhazat-kapott-a-harom-gyermeket-bantalmazo-ferfi\/","url":"https:\/\/dorogimedence.hu\/index.php\/2026\/09\/01\/11-ev-fegyhazat-kapott-a-harom-gyermeket-bantalmazo-ferfi\/","name":"11 \u00e9v fegyh\u00e1zat kapott a h\u00e1rom gyermeket b\u00e1ntalmaz\u00f3 f\u00e9rfi","isPartOf":{"@id":"https:\/\/dorogimedence.hu\/#website"},"primaryImageOfPage":{"@id":"https:\/\/dorogimedence.hu\/index.php\/2026\/09\/01\/11-ev-fegyhazat-kapott-a-harom-gyermeket-bantalmazo-ferfi\/#primaryimage"},"image":{"@id":"https:\/\/dorogimedence.hu\/index.php\/2026\/09\/01\/11-ev-fegyhazat-kapott-a-harom-gyermeket-bantalmazo-ferfi\/#primaryimage"},"thumbnailUrl":"https:\/\/dorogimedence.hu\/wp-content\/uploads\/2025\/08\/birosag-freepik-2152001188.jpg","datePublished":"2026-09-01T14:43:49+00:00","breadcrumb":{"@id":"https:\/\/dorogimedence.hu\/index.php\/2026\/09\/01\/11-ev-fegyhazat-kapott-a-harom-gyermeket-bantalmazo-ferfi\/#breadcrumb"},"inLanguage":"hu","potentialAction":[{"@type":"ReadAction","target":["https:\/\/dorogimedence.hu\/index.php\/2026\/09\/01\/11-ev-fegyhazat-kapott-a-harom-gyermeket-bantalmazo-ferfi\/"]}]},{"@type":"ImageObject","inLanguage":"hu","@id":"https:\/\/dorogimedence.hu\/index.php\/2026\/09\/01\/11-ev-fegyhazat-kapott-a-harom-gyermeket-bantalmazo-ferfi\/#primaryimage","url":"https:\/\/dorogimedence.hu\/wp-content\/uploads\/2025\/08\/birosag-freepik-2152001188.jpg","contentUrl":"https:\/\/dorogimedence.hu\/wp-content\/uploads\/2025\/08\/birosag-freepik-2152001188.jpg","width":2000,"height":1367},{"@type":"BreadcrumbList","@id":"https:\/\/dorogimedence.hu\/index.php\/2026\/09\/01\/11-ev-fegyhazat-kapott-a-harom-gyermeket-bantalmazo-ferfi\/#breadcrumb","itemListElement":[{"@type":"ListItem","position":1,"name":"Kezd\u0151lap","item":"https:\/\/dorogimedence.hu\/"},{"@type":"ListItem","position":2,"name":"11 \u00e9v fegyh\u00e1zat kapott a h\u00e1rom gyermeket b\u00e1ntalmaz\u00f3 f\u00e9rfi"}]},{"@type":"WebSite","@id":"https:\/\/dorogimedence.hu\/#website","url":"https:\/\/dorogimedence.hu\/","name":"Dorogi-medence Region\u00e1lis H\u00edrport\u00e1l","description":"Dorog, Keszt\u00f6lc, Le\u00e1nyv\u00e1r, Piliscs\u00e9v, Tokod, Tokodalt\u00e1r\u00f3, Csolnok, Esztergom-kertv\u00e1ros: h\u00edrek, programok","publisher":{"@id":"https:\/\/dorogimedence.hu\/#organization"},"potentialAction":[{"@type":"SearchAction","target":{"@type":"EntryPoint","urlTemplate":"https:\/\/dorogimedence.hu\/?s={search_term_string}"},"query-input":{"@type":"PropertyValueSpecification","valueRequired":true,"valueName":"search_term_string"}}],"inLanguage":"hu"},{"@type":"Organization","@id":"https:\/\/dorogimedence.hu\/#organization","name":"Dorogi-medence Region\u00e1lis H\u00edrport\u00e1l","url":"https:\/\/dorogimedence.hu\/","logo":{"@type":"ImageObject","inLanguage":"hu","@id":"https:\/\/dorogimedence.hu\/#\/schema\/logo\/image\/","url":"https:\/\/dorogimedence.hu\/wp-content\/uploads\/2021\/04\/logo-feher-600.png","contentUrl":"https:\/\/dorogimedence.hu\/wp-content\/uploads\/2021\/04\/logo-feher-600.png","width":600,"height":100,"caption":"Dorogi-medence Region\u00e1lis H\u00edrport\u00e1l"},"image":{"@id":"https:\/\/dorogimedence.hu\/#\/schema\/logo\/image\/"},"sameAs":["https:\/\/www.facebook.com\/dorogimedence\/"]},{"@type":"Person","@id":"https:\/\/dorogimedence.hu\/#\/schema\/person\/ce6091eeb7e95ecdc87890d6aa8e0fd4","name":"dorogimedence.hu","image":{"@type":"ImageObject","inLanguage":"hu","@id":"\/\/www.gravatar.com\/avatar\/d8d45f8901aadff40a4af72c0b826f1d?s=96&#038;r=g&#038;d=mm","url":"\/\/www.gravatar.com\/avatar\/d8d45f8901aadff40a4af72c0b826f1d?s=96&#038;r=g&#038;d=mm","contentUrl":"\/\/www.gravatar.com\/avatar\/d8d45f8901aadff40a4af72c0b826f1d?s=96&#038;r=g&#038;d=mm","caption":"dorogimedence.hu"}}]}},"_links":{"self":[{"href":"https:\/\/dorogimedence.hu\/index.php\/wp-json\/wp\/v2\/posts\/83287","targetHints":{"allow":["GET"]}}],"collection":[{"href":"https:\/\/dorogimedence.hu\/index.php\/wp-json\/wp\/v2\/posts"}],"about":[{"href":"https:\/\/dorogimedence.hu\/index.php\/wp-json\/wp\/v2\/types\/post"}],"author":[{"embeddable":true,"href":"https:\/\/dorogimedence.hu\/index.php\/wp-json\/wp\/v2\/users\/1"}],"replies":[{"embeddable":true,"href":"https:\/\/dorogimedence.hu\/index.php\/wp-json\/wp\/v2\/comments?post=83287"}],"version-history":[{"count":1,"href":"https:\/\/dorogimedence.hu\/index.php\/wp-json\/wp\/v2\/posts\/83287\/revisions"}],"predecessor-version":[{"id":83288,"href":"https:\/\/dorogimedence.hu\/index.php\/wp-json\/wp\/v2\/posts\/83287\/revisions\/83288"}],"wp:featuredmedia":[{"embeddable":true,"href":"https:\/\/dorogimedence.hu\/index.php\/wp-json\/wp\/v2\/media\/73715"}],"wp:attachment":[{"href":"https:\/\/dorogimedence.hu\/index.php\/wp-json\/wp\/v2\/media?parent=83287"}],"wp:term":[{"taxonomy":"category","embeddable":true,"href":"https:\/\/dorogimedence.hu\/index.php\/wp-json\/wp\/v2\/categories?post=83287"},{"taxonomy":"post_tag","embeddable":true,"href":"https:\/\/dorogimedence.hu\/index.php\/wp-json\/wp\/v2\/tags?post=83287"}],"curies":[{"name":"wp","href":"https:\/\/api.w.org\/{rel}","templated":true}]}}