{"id":83273,"date":"2026-08-31T17:03:14","date_gmt":"2026-08-31T15:03:14","guid":{"rendered":"https:\/\/dorogimedence.hu\/?p=83273"},"modified":"2026-08-31T17:03:14","modified_gmt":"2026-08-31T15:03:14","slug":"eletmentes-a-bazilika-kupolajabol","status":"publish","type":"post","link":"https:\/\/dorogimedence.hu\/index.php\/2026\/08\/31\/eletmentes-a-bazilika-kupolajabol\/","title":{"rendered":"\u00c9letment\u00e9s a Bazilika kupol\u00e1j\u00e1b\u00f3l"},"content":{"rendered":"<p><strong>10 orsz\u00e1g k\u00f6t\u00e9ltechnikai ment\u0151csapatai \u00e9rkeztek Magyarorsz\u00e1gra a vil\u00e1g minden r\u00e9sz\u00e9r\u0151l, hogy a v\u00e9szhelyzeti k\u00f6t\u00e9lment\u00e9s sokszor embert pr\u00f3b\u00e1l\u00f3 helyzeteiben m\u00e9rj\u00e9k \u00f6ssze tud\u00e1sukat. Az Esztergomban megrendezett, hazai szervez\u00e9s\u0171 BudapestRope Nemzetk\u00f6zi K\u00f6t\u00e9ltechnikai Ment\u0151 Kih\u00edv\u00e1son olyan val\u00f3s\u00e1gh\u0171 v\u00e9szhelyzeteket szimul\u00e1ltak, amelyekben a gyors \u00e9s szakszer\u0171 seg\u00edts\u00e9g s\u00falyos katasztr\u00f3f\u00e1k \u00e1ldozatainak \u00e9let\u00e9t mentheti meg. A ment\u0151csapatok egyed\u00fcl\u00e1ll\u00f3 helysz\u00edneken, extr\u00e9m szitu\u00e1ci\u00f3kban bizony\u00edthatt\u00e1k felk\u00e9sz\u00fclts\u00e9g\u00fcket. A legl\u00e1tv\u00e1nyosabb feladatban az Esztergomi Bazilika kupol\u00e1j\u00e1ban rekedt l\u00e1togat\u00f3val kellett a biztons\u00e1gosan leereszkedni\u00fck a magasb\u00f3l, de a M\u00e1ria Val\u00e9ria h\u00eddr\u00f3l \u00e9s a v\u00e1rfalr\u00f3l val\u00f3 ment\u00e9s is a kih\u00edv\u00e1sok k\u00f6z\u00f6tt szerepelt.<\/strong><\/p>\n<p>A k\u00f6t\u00e9ltechnikai ment\u00e9s, nemzetk\u00f6zi szaksz\u00f3val rope rescue a legt\u00f6bbsz\u00f6r s\u00falyos balesetekn\u00e9l ker\u00fcl reflektorf\u00e9nybe: amikor egy szerencs\u00e9tlen\u00fcl j\u00e1rt turista szakad\u00e9kba zuhan, egy \u00f3vatlan l\u00e1togat\u00f3 a torony tetej\u00e9n reked, vagy egy nehezen megk\u00f6zel\u00edthet\u0151 ipari l\u00e9tes\u00edtm\u00e9nyben t\u00f6rt\u00e9nik meg a baj. Amikor valakit a m\u00e9lyb\u0151l vagy a magasb\u00f3l, azaz olyan helyr\u0151l kell kimenteni, ahov\u00e1 hagyom\u00e1nyos eszk\u00f6z\u00f6kkel nem lehet eljutni, akkor l\u00e9pnek akci\u00f3ba a speci\u00e1lis k\u00f6t\u00e9ltechnikai tud\u00e1ssal rendelkez\u0151 szakemberek.<\/p>\n<p>\u0150k azok, akik k\u00fcl\u00f6nleges k\u00f6t\u00e9lrendszerek, hevederek, be\u00fcl\u0151k, karabinerek \u00e9s m\u00e1s speci\u00e1lis eszk\u00f6z\u00f6k seg\u00edts\u00e9g\u00e9vel jutnak el a s\u00e9r\u00fcltekhez \u00e9s viszik \u0151ket biztons\u00e1gos helyre. Az ehhez sz\u00fcks\u00e9ges felszerel\u00e9sek ak\u00e1r 20-30 kg extra s\u00falyt is jelenthetnek a ment\u0151csapat egy-egy tagj\u00e1nak. N\u00e9lk\u00fcl\u00f6zhetetlen munk\u00e1jukban a technikai tud\u00e1s mellett a gyors helyzetfelismer\u00e9s, a pontos kommunik\u00e1ci\u00f3 \u00e9s az \u00f6sszehangolt csapatmunka is kulcsszerepet j\u00e1tszik.<\/p>\n<figure id=\"attachment_83275\" aria-describedby=\"caption-attachment-83275\" style=\"width: 1920px\" class=\"wp-caption alignnone\"><img fetchpriority=\"high\" decoding=\"async\" class=\"wp-image-83275 size-full\" src=\"https:\/\/dorogimedence.hu\/wp-content\/uploads\/2026\/08\/11_foto_Laskoy_Levente.jpg\" alt=\"\" width=\"1920\" height=\"1200\" srcset=\"https:\/\/dorogimedence.hu\/wp-content\/uploads\/2026\/08\/11_foto_Laskoy_Levente.jpg 1920w, https:\/\/dorogimedence.hu\/wp-content\/uploads\/2026\/08\/11_foto_Laskoy_Levente-600x375.jpg 600w, https:\/\/dorogimedence.hu\/wp-content\/uploads\/2026\/08\/11_foto_Laskoy_Levente-768x480.jpg 768w, https:\/\/dorogimedence.hu\/wp-content\/uploads\/2026\/08\/11_foto_Laskoy_Levente-1536x960.jpg 1536w, https:\/\/dorogimedence.hu\/wp-content\/uploads\/2026\/08\/11_foto_Laskoy_Levente-150x94.jpg 150w, https:\/\/dorogimedence.hu\/wp-content\/uploads\/2026\/08\/11_foto_Laskoy_Levente-450x281.jpg 450w, https:\/\/dorogimedence.hu\/wp-content\/uploads\/2026\/08\/11_foto_Laskoy_Levente-1200x750.jpg 1200w\" sizes=\"(max-width: 1920px) 100vw, 1920px\" \/><figcaption id=\"caption-attachment-83275\" class=\"wp-caption-text\">Fot\u00f3: Lask\u00f3y Levente<\/figcaption><\/figure>\n<h3><strong>Nemzetk\u00f6zi k\u00f6t\u00e9lment\u0151 elit \u00e9rkezett Magyarorsz\u00e1gra<\/strong><\/h3>\n<p>Kiv\u00e9teles ment\u00e9stechnikai vil\u00e1gversenynek adott otthont 2026. augusztus 27\u201329. k\u00f6z\u00f6tt Magyarorsz\u00e1g. A harmadik alkalommal, hazai szakemberek \u00f6sszefog\u00e1s\u00e1val megrendezett BudapestRope Nemzetk\u00f6zi K\u00f6t\u00e9ltechnikai Ment\u0151 Kih\u00edv\u00e1s c\u00e9lja az volt, hogy val\u00f3s\u00e1gh\u0171 ment\u00e9si helyzetekben m\u00e9rje \u00f6ssze a r\u00e9sztvev\u0151k szakmai felk\u00e9sz\u00fclts\u00e9g\u00e9t, probl\u00e9mamegold\u00f3 k\u00e9pess\u00e9g\u00e9t \u00e9s csapatmunk\u00e1j\u00e1t. Az id\u00e9n Esztergomban zajl\u00f3 esem\u00e9nyen profi \u00e9letment\u0151k mutatt\u00e1k be mindazt, amit rem\u00e9lhet\u0151leg min\u00e9l kevesebbszer, csak s\u00falyos balesetekn\u00e9l vagy katasztr\u00f3fahelyzetekben kell \u00e9lesben hasznos\u00edtaniuk.<\/p>\n<p>Az idei versenyre az Egyes\u00fclt \u00c1llamokb\u00f3l, Jap\u00e1nb\u00f3l, K\u00edn\u00e1b\u00f3l, Spanyolorsz\u00e1gb\u00f3l, Horv\u00e1torsz\u00e1gb\u00f3l, Szlov\u00e9ni\u00e1b\u00f3l, Lengyelorsz\u00e1gb\u00f3l, Rom\u00e1ni\u00e1b\u00f3l \u00e9s Belgiumb\u00f3l \u00e9rkeztek csapatok haz\u00e1nkba. Magyarorsz\u00e1got a VIII. Ker\u00fcleti Hivat\u00e1sos T\u0171zolt\u00f3-parancsnoks\u00e1g, a Moh\u00e1csi Speci\u00e1lis Ment\u0151k \u00e9s a K\u00e9szenl\u00e9ti Rend\u0151rs\u00e9g Police Rope Team k\u00e9pviselte. A magyar csapatokat hivat\u00e1sos \u00e9s \u00f6nk\u00e9ntes szakemberek alkott\u00e1k: t\u0171zolt\u00f3k, rend\u0151r\u00f6k, ipari alpinist\u00e1k \u00e9s \u00f6nk\u00e9ntes ment\u0151szervezetek tagjai, akik a mindennapi munk\u00e1juk sor\u00e1n is ember\u00e9letek ment\u00e9s\u00e9\u00e9rt \u00e9s a biztons\u00e1g\u00e9rt dolgoznak. A rendezv\u00e9ny f\u0151v\u00e9dn\u00f6ke dr. Varga Ferenc t\u0171zolt\u00f3 dand\u00e1rt\u00e1bornok, a BM Orsz\u00e1gos Katasztr\u00f3fav\u00e9delmi F\u0151igazgat\u00f3s\u00e1g f\u0151igazgat\u00f3ja volt.<\/p>\n<figure id=\"attachment_83277\" aria-describedby=\"caption-attachment-83277\" style=\"width: 1920px\" class=\"wp-caption alignnone\"><img decoding=\"async\" class=\"size-full wp-image-83277\" src=\"https:\/\/dorogimedence.hu\/wp-content\/uploads\/2026\/08\/13_foto_Jenei_Zoltan.jpg\" alt=\"\" width=\"1920\" height=\"1440\" srcset=\"https:\/\/dorogimedence.hu\/wp-content\/uploads\/2026\/08\/13_foto_Jenei_Zoltan.jpg 1920w, https:\/\/dorogimedence.hu\/wp-content\/uploads\/2026\/08\/13_foto_Jenei_Zoltan-600x450.jpg 600w, https:\/\/dorogimedence.hu\/wp-content\/uploads\/2026\/08\/13_foto_Jenei_Zoltan-768x576.jpg 768w, https:\/\/dorogimedence.hu\/wp-content\/uploads\/2026\/08\/13_foto_Jenei_Zoltan-1536x1152.jpg 1536w, https:\/\/dorogimedence.hu\/wp-content\/uploads\/2026\/08\/13_foto_Jenei_Zoltan-150x113.jpg 150w, https:\/\/dorogimedence.hu\/wp-content\/uploads\/2026\/08\/13_foto_Jenei_Zoltan-450x338.jpg 450w, https:\/\/dorogimedence.hu\/wp-content\/uploads\/2026\/08\/13_foto_Jenei_Zoltan-1200x900.jpg 1200w\" sizes=\"(max-width: 1920px) 100vw, 1920px\" \/><figcaption id=\"caption-attachment-83277\" class=\"wp-caption-text\">Fot\u00f3: Jenei Zolt\u00e1n<\/figcaption><\/figure>\n<h3><strong>Extr\u00e9m feladatok k\u00fcl\u00f6nleges helysz\u00edneken \u2013&nbsp;k\u00f6t\u00e9lrendszerrel \u00e9s ment\u0151kuty\u00e1val<\/strong><\/h3>\n<p>A h\u00e1rom versenynap sor\u00e1n a csapatok \u00f6sszesen nyolc, el\u0151zetesen nem ismert, igazi kih\u00edv\u00e1st jelent\u0151 ment\u00e9si feladattal tal\u00e1lkoztak. A r\u00e9sztvev\u0151knek a helysz\u00ednen kellett felm\u00e9rni\u00fck az adott szitu\u00e1ci\u00f3t, megtervezni\u00fck a ment\u00e9st \u00e9s kiv\u00e1lasztaniuk a biztons\u00e1gos megold\u00e1st \u2013&nbsp;pontosan \u00fagy, ahogy hasonl\u00f3 esetekben a ment\u00e9s a val\u00f3 \u00e9letben is zajlik.<\/p>\n<p>A program egyik legl\u00e1tv\u00e1nyosabb eleme az Esztergomi Bazilik\u00e1n\u00e1l zajl\u00f3 ment\u00e9si feladat volt: a szitu\u00e1ci\u00f3 szerint egy l\u00e1togat\u00f3 a templom kupol\u00e1j\u00e1ban rekedt, akit a bels\u0151 csigal\u00e9pcs\u0151n kereszt\u00fcl m\u00e1r nem lehetett biztons\u00e1gosan lehozni. A csapatok feladata ez\u00e9rt az volt, hogy k\u00f6zel 100 m\u00e9teres magass\u00e1gb\u00f3l, a Bazilika k\u00fcls\u0151 fal\u00e1n, k\u00f6t\u00e9ltechnikai m\u00f3dszerekkel hord\u00e1gyban engedj\u00e9k le a \u201es\u00e9r\u00fcltet\u201d a kupola egy alacsonyabban fekv\u0151 szintj\u00e9re. A szimul\u00e1ci\u00f3 szerint a s\u00e9r\u00fclt \u00e1llapota azt is megk\u00f6vetelte, hogy a ment\u00e9s teljes ideje alatt folyamatos l\u00e9legeztet\u00e9st biztos\u00edtsanak sz\u00e1m\u00e1ra, ami tov\u00e1bb n\u00f6velte a feladat \u00f6sszetetts\u00e9g\u00e9t.<\/p>\n<p>A megm\u00e9rettet\u00e9s m\u00e1sik kiemelt helysz\u00edne az Esztergomi V\u00e1rhegy volt, ahol a csapatok az \u00f6sszetett ment\u00e9si feladatot a t\u00f6rt\u00e9nelmi v\u00e1rfal oldal\u00e1r\u00f3l hajtottak v\u00e9gre. A r\u00e9sztvev\u0151k emellett a M\u00e1ria Val\u00e9ria h\u00eddr\u00f3l, valamint tov\u00e1bbi k\u00fcl\u00f6nleges helysz\u00ednekr\u0151l val\u00f3 ment\u00e9sben is pr\u00f3b\u00e1ra tehett\u00e9k tud\u00e1sukat, az egyik feladat megold\u00e1s\u00e1ban pedig m\u00e9g ment\u0151kutya is a seg\u00edts\u00e9g\u00fckre volt.<\/p>\n<figure id=\"attachment_83276\" aria-describedby=\"caption-attachment-83276\" style=\"width: 1920px\" class=\"wp-caption alignnone\"><img decoding=\"async\" class=\"size-full wp-image-83276\" src=\"https:\/\/dorogimedence.hu\/wp-content\/uploads\/2026\/08\/9_foto_Laskoy_Levente.jpg\" alt=\"\" width=\"1920\" height=\"1280\" srcset=\"https:\/\/dorogimedence.hu\/wp-content\/uploads\/2026\/08\/9_foto_Laskoy_Levente.jpg 1920w, https:\/\/dorogimedence.hu\/wp-content\/uploads\/2026\/08\/9_foto_Laskoy_Levente-600x400.jpg 600w, https:\/\/dorogimedence.hu\/wp-content\/uploads\/2026\/08\/9_foto_Laskoy_Levente-768x512.jpg 768w, https:\/\/dorogimedence.hu\/wp-content\/uploads\/2026\/08\/9_foto_Laskoy_Levente-1536x1024.jpg 1536w, https:\/\/dorogimedence.hu\/wp-content\/uploads\/2026\/08\/9_foto_Laskoy_Levente-150x100.jpg 150w, https:\/\/dorogimedence.hu\/wp-content\/uploads\/2026\/08\/9_foto_Laskoy_Levente-450x300.jpg 450w, https:\/\/dorogimedence.hu\/wp-content\/uploads\/2026\/08\/9_foto_Laskoy_Levente-1200x800.jpg 1200w, https:\/\/dorogimedence.hu\/wp-content\/uploads\/2026\/08\/9_foto_Laskoy_Levente-272x182.jpg 272w\" sizes=\"(max-width: 1920px) 100vw, 1920px\" \/><figcaption id=\"caption-attachment-83276\" class=\"wp-caption-text\">Fot\u00f3: Lask\u00f3y Levente<\/figcaption><\/figure>\n<h3><strong>\u00d6sszefogott a magyar ment\u00e9si \u00e9s k\u00f6t\u00e9ltechnikai szakma <\/strong><\/h3>\n<p>A BudapestRope Nemzetk\u00f6zi K\u00f6t\u00e9ltechnikai Ment\u0151 Kih\u00edv\u00e1s c\u00e9lja nemcsak a versenyz\u00e9s, hanem a k\u00f6t\u00e9ltechnikai ment\u00e9s ismerts\u00e9g\u00e9nek n\u00f6vel\u00e9se, a nemzetk\u00f6zi szakmai egy\u00fcttm\u0171k\u00f6d\u00e9s er\u0151s\u00edt\u00e9se \u00e9s a legkorszer\u0171bb ment\u00e9si technik\u00e1k bemutat\u00e1sa volt. A rendezv\u00e9ny lehet\u0151s\u00e9get teremtett arra is, hogy a nagyk\u00f6z\u00f6ns\u00e9g testk\u00f6zelb\u0151l k\u00eds\u00e9rje figyelemmel a magasb\u00f3l \u00e9s m\u00e9lyb\u0151l val\u00f3 ment\u00e9sben r\u00e9szt vev\u0151 szakemberek munk\u00e1j\u00e1t, felk\u00e9sz\u00fclts\u00e9g\u00e9t \u00e9s a k\u00f6t\u00e9ltechnikai ment\u00e9s \u00f6sszetett vil\u00e1g\u00e1t.<\/p>\n<p>A BudapestRope kih\u00edv\u00e1s a magyar ment\u00e9si \u00e9s k\u00f6t\u00e9ltechnikai szakma sz\u00e9les \u00f6sszefog\u00e1s\u00e1val j\u00f6tt l\u00e9tre. A szervez\u00e9sben t\u0171zolt\u00f3k, rend\u0151r\u00f6k, honv\u00e9dek, a Magyar Barlangi Ment\u0151szolg\u00e1lat szakemberei, k\u00f6t\u00e9ltechnikai oktat\u00f3k\u00f6zpontok k\u00e9pvisel\u0151i, s\u0151t m\u00e9g hivat\u00e1sos fa\u00e1pol\u00f3k is r\u00e9szt vettek. A hivat\u00e1sos \u00e9s \u00f6nk\u00e9ntes ter\u00fcletr\u0151l \u00e9rkez\u0151 szakemberek k\u00f6z\u00f6sen dolgoztak azon, hogy a nemzetk\u00f6zi mez\u0151ny sz\u00e1m\u00e1ra szakmailag magas sz\u00ednvonal\u00fa kih\u00edv\u00e1s val\u00f3suljon meg Magyarorsz\u00e1gon.<\/p>\n","protected":false},"excerpt":{"rendered":"<p>10 orsz\u00e1g k\u00f6t\u00e9ltechnikai ment\u0151csapatai \u00e9rkeztek Magyarorsz\u00e1gra a vil\u00e1g minden r\u00e9sz\u00e9r\u0151l, hogy a v\u00e9szhelyzeti k\u00f6t\u00e9lment\u00e9s sokszor embert pr\u00f3b\u00e1l\u00f3 helyzeteiben m\u00e9rj\u00e9k \u00f6ssze tud\u00e1sukat. Az Esztergomban megrendezett, hazai szervez\u00e9s\u0171 BudapestRope Nemzetk\u00f6zi K\u00f6t\u00e9ltechnikai Ment\u0151 Kih\u00edv\u00e1son olyan val\u00f3s\u00e1gh\u0171 v\u00e9szhelyzeteket szimul\u00e1ltak, amelyekben a gyors \u00e9s szakszer\u0171 seg\u00edts\u00e9g s\u00falyos katasztr\u00f3f\u00e1k \u00e1ldozatainak \u00e9let\u00e9t mentheti meg. A ment\u0151csapatok egyed\u00fcl\u00e1ll\u00f3 helysz\u00edneken, extr\u00e9m szitu\u00e1ci\u00f3kban bizony\u00edthatt\u00e1k felk\u00e9sz\u00fclts\u00e9g\u00fcket.<\/p>\n","protected":false},"author":1,"featured_media":83274,"comment_status":"closed","ping_status":"closed","sticky":false,"template":"","format":"standard","meta":{"ngg_post_thumbnail":0,"footnotes":""},"categories":[38,3],"tags":[9071,42,9072],"class_list":["post-83273","post","type-post","status-publish","format-standard","has-post-thumbnail","category-esztergom","category-hirek","tag-budapestrope","tag-esztergom","tag-koteltechnikai-mento-kihivas"],"yoast_head":"<!-- This site is optimized with the Yoast SEO plugin v28.3 - https:\/\/yoast.com\/product\/yoast-seo-wordpress\/ -->\n<title>\u00c9letment\u00e9s a Bazilika kupol\u00e1j\u00e1b\u00f3l<\/title>\n<meta name=\"robots\" content=\"index, follow, max-snippet:-1, max-image-preview:large, max-video-preview:-1\" \/>\n<link rel=\"canonical\" href=\"https:\/\/dorogimedence.hu\/index.php\/2026\/08\/31\/eletmentes-a-bazilika-kupolajabol\/\" class=\"yoast-seo-meta-tag\" \/>\n<meta property=\"og:locale\" content=\"hu_HU\" class=\"yoast-seo-meta-tag\" \/>\n<meta property=\"og:type\" content=\"article\" class=\"yoast-seo-meta-tag\" \/>\n<meta property=\"og:title\" content=\"\u00c9letment\u00e9s a Bazilika kupol\u00e1j\u00e1b\u00f3l\" class=\"yoast-seo-meta-tag\" \/>\n<meta property=\"og:description\" content=\"10 orsz\u00e1g k\u00f6t\u00e9ltechnikai ment\u0151csapatai \u00e9rkeztek Magyarorsz\u00e1gra a vil\u00e1g minden r\u00e9sz\u00e9r\u0151l, hogy a v\u00e9szhelyzeti k\u00f6t\u00e9lment\u00e9s sokszor embert pr\u00f3b\u00e1l\u00f3 helyzeteiben m\u00e9rj\u00e9k \u00f6ssze tud\u00e1sukat. Az Esztergomban megrendezett, hazai szervez\u00e9s\u0171 BudapestRope Nemzetk\u00f6zi K\u00f6t\u00e9ltechnikai Ment\u0151 Kih\u00edv\u00e1son olyan val\u00f3s\u00e1gh\u0171 v\u00e9szhelyzeteket szimul\u00e1ltak, amelyekben a gyors \u00e9s szakszer\u0171 seg\u00edts\u00e9g s\u00falyos katasztr\u00f3f\u00e1k \u00e1ldozatainak \u00e9let\u00e9t mentheti meg. A ment\u0151csapatok egyed\u00fcl\u00e1ll\u00f3 helysz\u00edneken, extr\u00e9m szitu\u00e1ci\u00f3kban bizony\u00edthatt\u00e1k felk\u00e9sz\u00fclts\u00e9g\u00fcket.\" class=\"yoast-seo-meta-tag\" \/>\n<meta property=\"og:url\" content=\"https:\/\/dorogimedence.hu\/index.php\/2026\/08\/31\/eletmentes-a-bazilika-kupolajabol\/\" class=\"yoast-seo-meta-tag\" \/>\n<meta property=\"og:site_name\" content=\"Dorogi-medence Region\u00e1lis H\u00edrport\u00e1l\" class=\"yoast-seo-meta-tag\" \/>\n<meta property=\"article:publisher\" content=\"https:\/\/www.facebook.com\/dorogimedence\/\" class=\"yoast-seo-meta-tag\" \/>\n<meta property=\"article:published_time\" content=\"2026-08-31T15:03:14+00:00\" class=\"yoast-seo-meta-tag\" \/>\n<meta property=\"og:image\" content=\"https:\/\/dorogimedence.hu\/wp-content\/uploads\/2026\/08\/3_foto_Palko_Daniel.jpg\" class=\"yoast-seo-meta-tag\" \/>\n\t<meta property=\"og:image:width\" content=\"1920\" class=\"yoast-seo-meta-tag\" \/>\n\t<meta property=\"og:image:height\" content=\"1280\" class=\"yoast-seo-meta-tag\" \/>\n\t<meta property=\"og:image:type\" content=\"image\/jpeg\" class=\"yoast-seo-meta-tag\" \/>\n<meta name=\"author\" content=\"dorogimedence.hu\" class=\"yoast-seo-meta-tag\" \/>\n<meta name=\"twitter:card\" content=\"summary_large_image\" class=\"yoast-seo-meta-tag\" \/>\n<meta name=\"twitter:label1\" content=\"Szerz\u0151:\" class=\"yoast-seo-meta-tag\" \/>\n\t<meta name=\"twitter:data1\" content=\"dorogimedence.hu\" class=\"yoast-seo-meta-tag\" \/>\n\t<meta name=\"twitter:label2\" content=\"Becs\u00fclt olvas\u00e1si id\u0151\" class=\"yoast-seo-meta-tag\" \/>\n\t<meta name=\"twitter:data2\" content=\"6 perc\" class=\"yoast-seo-meta-tag\" \/>\n<script type=\"application\/ld+json\" class=\"yoast-schema-graph\">{\"@context\":\"https:\\\/\\\/schema.org\",\"@graph\":[{\"@type\":\"Article\",\"@id\":\"https:\\\/\\\/dorogimedence.hu\\\/index.php\\\/2026\\\/08\\\/31\\\/eletmentes-a-bazilika-kupolajabol\\\/#article\",\"isPartOf\":{\"@id\":\"https:\\\/\\\/dorogimedence.hu\\\/index.php\\\/2026\\\/08\\\/31\\\/eletmentes-a-bazilika-kupolajabol\\\/\"},\"author\":{\"name\":\"dorogimedence.hu\",\"@id\":\"https:\\\/\\\/dorogimedence.hu\\\/#\\\/schema\\\/person\\\/ce6091eeb7e95ecdc87890d6aa8e0fd4\"},\"headline\":\"\u00c9letment\u00e9s a Bazilika kupol\u00e1j\u00e1b\u00f3l\",\"datePublished\":\"2026-08-31T15:03:14+00:00\",\"mainEntityOfPage\":{\"@id\":\"https:\\\/\\\/dorogimedence.hu\\\/index.php\\\/2026\\\/08\\\/31\\\/eletmentes-a-bazilika-kupolajabol\\\/\"},\"wordCount\":1149,\"publisher\":{\"@id\":\"https:\\\/\\\/dorogimedence.hu\\\/#organization\"},\"image\":{\"@id\":\"https:\\\/\\\/dorogimedence.hu\\\/index.php\\\/2026\\\/08\\\/31\\\/eletmentes-a-bazilika-kupolajabol\\\/#primaryimage\"},\"thumbnailUrl\":\"https:\\\/\\\/dorogimedence.hu\\\/wp-content\\\/uploads\\\/2026\\\/08\\\/3_foto_Palko_Daniel.jpg\",\"keywords\":[\"BudapestRope\",\"esztergom\",\"K\u00f6t\u00e9ltechnikai Ment\u0151 Kih\u00edv\u00e1s\"],\"articleSection\":[\"Esztergom\",\"H\u00edrek\"],\"inLanguage\":\"hu\"},{\"@type\":\"WebPage\",\"@id\":\"https:\\\/\\\/dorogimedence.hu\\\/index.php\\\/2026\\\/08\\\/31\\\/eletmentes-a-bazilika-kupolajabol\\\/\",\"url\":\"https:\\\/\\\/dorogimedence.hu\\\/index.php\\\/2026\\\/08\\\/31\\\/eletmentes-a-bazilika-kupolajabol\\\/\",\"name\":\"\u00c9letment\u00e9s a Bazilika kupol\u00e1j\u00e1b\u00f3l\",\"isPartOf\":{\"@id\":\"https:\\\/\\\/dorogimedence.hu\\\/#website\"},\"primaryImageOfPage\":{\"@id\":\"https:\\\/\\\/dorogimedence.hu\\\/index.php\\\/2026\\\/08\\\/31\\\/eletmentes-a-bazilika-kupolajabol\\\/#primaryimage\"},\"image\":{\"@id\":\"https:\\\/\\\/dorogimedence.hu\\\/index.php\\\/2026\\\/08\\\/31\\\/eletmentes-a-bazilika-kupolajabol\\\/#primaryimage\"},\"thumbnailUrl\":\"https:\\\/\\\/dorogimedence.hu\\\/wp-content\\\/uploads\\\/2026\\\/08\\\/3_foto_Palko_Daniel.jpg\",\"datePublished\":\"2026-08-31T15:03:14+00:00\",\"breadcrumb\":{\"@id\":\"https:\\\/\\\/dorogimedence.hu\\\/index.php\\\/2026\\\/08\\\/31\\\/eletmentes-a-bazilika-kupolajabol\\\/#breadcrumb\"},\"inLanguage\":\"hu\",\"potentialAction\":[{\"@type\":\"ReadAction\",\"target\":[\"https:\\\/\\\/dorogimedence.hu\\\/index.php\\\/2026\\\/08\\\/31\\\/eletmentes-a-bazilika-kupolajabol\\\/\"]}]},{\"@type\":\"ImageObject\",\"inLanguage\":\"hu\",\"@id\":\"https:\\\/\\\/dorogimedence.hu\\\/index.php\\\/2026\\\/08\\\/31\\\/eletmentes-a-bazilika-kupolajabol\\\/#primaryimage\",\"url\":\"https:\\\/\\\/dorogimedence.hu\\\/wp-content\\\/uploads\\\/2026\\\/08\\\/3_foto_Palko_Daniel.jpg\",\"contentUrl\":\"https:\\\/\\\/dorogimedence.hu\\\/wp-content\\\/uploads\\\/2026\\\/08\\\/3_foto_Palko_Daniel.jpg\",\"width\":1920,\"height\":1280,\"caption\":\"Fot\u00f3: Palk\u00f3 D\u00e1niel\"},{\"@type\":\"BreadcrumbList\",\"@id\":\"https:\\\/\\\/dorogimedence.hu\\\/index.php\\\/2026\\\/08\\\/31\\\/eletmentes-a-bazilika-kupolajabol\\\/#breadcrumb\",\"itemListElement\":[{\"@type\":\"ListItem\",\"position\":1,\"name\":\"Kezd\u0151lap\",\"item\":\"https:\\\/\\\/dorogimedence.hu\\\/\"},{\"@type\":\"ListItem\",\"position\":2,\"name\":\"\u00c9letment\u00e9s a Bazilika kupol\u00e1j\u00e1b\u00f3l\"}]},{\"@type\":\"WebSite\",\"@id\":\"https:\\\/\\\/dorogimedence.hu\\\/#website\",\"url\":\"https:\\\/\\\/dorogimedence.hu\\\/\",\"name\":\"Dorogi-medence Region\u00e1lis H\u00edrport\u00e1l\",\"description\":\"Dorog, Keszt\u00f6lc, Le\u00e1nyv\u00e1r, Piliscs\u00e9v, Tokod, Tokodalt\u00e1r\u00f3, Csolnok, Esztergom-kertv\u00e1ros: h\u00edrek, programok\",\"publisher\":{\"@id\":\"https:\\\/\\\/dorogimedence.hu\\\/#organization\"},\"potentialAction\":[{\"@type\":\"SearchAction\",\"target\":{\"@type\":\"EntryPoint\",\"urlTemplate\":\"https:\\\/\\\/dorogimedence.hu\\\/?s={search_term_string}\"},\"query-input\":{\"@type\":\"PropertyValueSpecification\",\"valueRequired\":true,\"valueName\":\"search_term_string\"}}],\"inLanguage\":\"hu\"},{\"@type\":\"Organization\",\"@id\":\"https:\\\/\\\/dorogimedence.hu\\\/#organization\",\"name\":\"Dorogi-medence Region\u00e1lis H\u00edrport\u00e1l\",\"url\":\"https:\\\/\\\/dorogimedence.hu\\\/\",\"logo\":{\"@type\":\"ImageObject\",\"inLanguage\":\"hu\",\"@id\":\"https:\\\/\\\/dorogimedence.hu\\\/#\\\/schema\\\/logo\\\/image\\\/\",\"url\":\"https:\\\/\\\/dorogimedence.hu\\\/wp-content\\\/uploads\\\/2021\\\/04\\\/logo-feher-600.png\",\"contentUrl\":\"https:\\\/\\\/dorogimedence.hu\\\/wp-content\\\/uploads\\\/2021\\\/04\\\/logo-feher-600.png\",\"width\":600,\"height\":100,\"caption\":\"Dorogi-medence Region\u00e1lis H\u00edrport\u00e1l\"},\"image\":{\"@id\":\"https:\\\/\\\/dorogimedence.hu\\\/#\\\/schema\\\/logo\\\/image\\\/\"},\"sameAs\":[\"https:\\\/\\\/www.facebook.com\\\/dorogimedence\\\/\"]},{\"@type\":\"Person\",\"@id\":\"https:\\\/\\\/dorogimedence.hu\\\/#\\\/schema\\\/person\\\/ce6091eeb7e95ecdc87890d6aa8e0fd4\",\"name\":\"dorogimedence.hu\",\"image\":{\"@type\":\"ImageObject\",\"inLanguage\":\"hu\",\"@id\":\"\\\/\\\/www.gravatar.com\\\/avatar\\\/d8d45f8901aadff40a4af72c0b826f1d?s=96&#038;r=g&#038;d=mm\",\"url\":\"\\\/\\\/www.gravatar.com\\\/avatar\\\/d8d45f8901aadff40a4af72c0b826f1d?s=96&#038;r=g&#038;d=mm\",\"contentUrl\":\"\\\/\\\/www.gravatar.com\\\/avatar\\\/d8d45f8901aadff40a4af72c0b826f1d?s=96&#038;r=g&#038;d=mm\",\"caption\":\"dorogimedence.hu\"}}]}<\/script>\n<!-- \/ Yoast SEO plugin. -->","yoast_head_json":{"title":"\u00c9letment\u00e9s a Bazilika kupol\u00e1j\u00e1b\u00f3l","robots":{"index":"index","follow":"follow","max-snippet":"max-snippet:-1","max-image-preview":"max-image-preview:large","max-video-preview":"max-video-preview:-1"},"canonical":"https:\/\/dorogimedence.hu\/index.php\/2026\/08\/31\/eletmentes-a-bazilika-kupolajabol\/","og_locale":"hu_HU","og_type":"article","og_title":"\u00c9letment\u00e9s a Bazilika kupol\u00e1j\u00e1b\u00f3l","og_description":"10 orsz\u00e1g k\u00f6t\u00e9ltechnikai ment\u0151csapatai \u00e9rkeztek Magyarorsz\u00e1gra a vil\u00e1g minden r\u00e9sz\u00e9r\u0151l, hogy a v\u00e9szhelyzeti k\u00f6t\u00e9lment\u00e9s sokszor embert pr\u00f3b\u00e1l\u00f3 helyzeteiben m\u00e9rj\u00e9k \u00f6ssze tud\u00e1sukat. Az Esztergomban megrendezett, hazai szervez\u00e9s\u0171 BudapestRope Nemzetk\u00f6zi K\u00f6t\u00e9ltechnikai Ment\u0151 Kih\u00edv\u00e1son olyan val\u00f3s\u00e1gh\u0171 v\u00e9szhelyzeteket szimul\u00e1ltak, amelyekben a gyors \u00e9s szakszer\u0171 seg\u00edts\u00e9g s\u00falyos katasztr\u00f3f\u00e1k \u00e1ldozatainak \u00e9let\u00e9t mentheti meg. A ment\u0151csapatok egyed\u00fcl\u00e1ll\u00f3 helysz\u00edneken, extr\u00e9m szitu\u00e1ci\u00f3kban bizony\u00edthatt\u00e1k felk\u00e9sz\u00fclts\u00e9g\u00fcket.","og_url":"https:\/\/dorogimedence.hu\/index.php\/2026\/08\/31\/eletmentes-a-bazilika-kupolajabol\/","og_site_name":"Dorogi-medence Region\u00e1lis H\u00edrport\u00e1l","article_publisher":"https:\/\/www.facebook.com\/dorogimedence\/","article_published_time":"2026-08-31T15:03:14+00:00","og_image":[{"width":1920,"height":1280,"url":"https:\/\/dorogimedence.hu\/wp-content\/uploads\/2026\/08\/3_foto_Palko_Daniel.jpg","type":"image\/jpeg"}],"author":"dorogimedence.hu","twitter_card":"summary_large_image","twitter_misc":{"Szerz\u0151:":"dorogimedence.hu","Becs\u00fclt olvas\u00e1si id\u0151":"6 perc"},"schema":{"@context":"https:\/\/schema.org","@graph":[{"@type":"Article","@id":"https:\/\/dorogimedence.hu\/index.php\/2026\/08\/31\/eletmentes-a-bazilika-kupolajabol\/#article","isPartOf":{"@id":"https:\/\/dorogimedence.hu\/index.php\/2026\/08\/31\/eletmentes-a-bazilika-kupolajabol\/"},"author":{"name":"dorogimedence.hu","@id":"https:\/\/dorogimedence.hu\/#\/schema\/person\/ce6091eeb7e95ecdc87890d6aa8e0fd4"},"headline":"\u00c9letment\u00e9s a Bazilika kupol\u00e1j\u00e1b\u00f3l","datePublished":"2026-08-31T15:03:14+00:00","mainEntityOfPage":{"@id":"https:\/\/dorogimedence.hu\/index.php\/2026\/08\/31\/eletmentes-a-bazilika-kupolajabol\/"},"wordCount":1149,"publisher":{"@id":"https:\/\/dorogimedence.hu\/#organization"},"image":{"@id":"https:\/\/dorogimedence.hu\/index.php\/2026\/08\/31\/eletmentes-a-bazilika-kupolajabol\/#primaryimage"},"thumbnailUrl":"https:\/\/dorogimedence.hu\/wp-content\/uploads\/2026\/08\/3_foto_Palko_Daniel.jpg","keywords":["BudapestRope","esztergom","K\u00f6t\u00e9ltechnikai Ment\u0151 Kih\u00edv\u00e1s"],"articleSection":["Esztergom","H\u00edrek"],"inLanguage":"hu"},{"@type":"WebPage","@id":"https:\/\/dorogimedence.hu\/index.php\/2026\/08\/31\/eletmentes-a-bazilika-kupolajabol\/","url":"https:\/\/dorogimedence.hu\/index.php\/2026\/08\/31\/eletmentes-a-bazilika-kupolajabol\/","name":"\u00c9letment\u00e9s a Bazilika kupol\u00e1j\u00e1b\u00f3l","isPartOf":{"@id":"https:\/\/dorogimedence.hu\/#website"},"primaryImageOfPage":{"@id":"https:\/\/dorogimedence.hu\/index.php\/2026\/08\/31\/eletmentes-a-bazilika-kupolajabol\/#primaryimage"},"image":{"@id":"https:\/\/dorogimedence.hu\/index.php\/2026\/08\/31\/eletmentes-a-bazilika-kupolajabol\/#primaryimage"},"thumbnailUrl":"https:\/\/dorogimedence.hu\/wp-content\/uploads\/2026\/08\/3_foto_Palko_Daniel.jpg","datePublished":"2026-08-31T15:03:14+00:00","breadcrumb":{"@id":"https:\/\/dorogimedence.hu\/index.php\/2026\/08\/31\/eletmentes-a-bazilika-kupolajabol\/#breadcrumb"},"inLanguage":"hu","potentialAction":[{"@type":"ReadAction","target":["https:\/\/dorogimedence.hu\/index.php\/2026\/08\/31\/eletmentes-a-bazilika-kupolajabol\/"]}]},{"@type":"ImageObject","inLanguage":"hu","@id":"https:\/\/dorogimedence.hu\/index.php\/2026\/08\/31\/eletmentes-a-bazilika-kupolajabol\/#primaryimage","url":"https:\/\/dorogimedence.hu\/wp-content\/uploads\/2026\/08\/3_foto_Palko_Daniel.jpg","contentUrl":"https:\/\/dorogimedence.hu\/wp-content\/uploads\/2026\/08\/3_foto_Palko_Daniel.jpg","width":1920,"height":1280,"caption":"Fot\u00f3: Palk\u00f3 D\u00e1niel"},{"@type":"BreadcrumbList","@id":"https:\/\/dorogimedence.hu\/index.php\/2026\/08\/31\/eletmentes-a-bazilika-kupolajabol\/#breadcrumb","itemListElement":[{"@type":"ListItem","position":1,"name":"Kezd\u0151lap","item":"https:\/\/dorogimedence.hu\/"},{"@type":"ListItem","position":2,"name":"\u00c9letment\u00e9s a Bazilika kupol\u00e1j\u00e1b\u00f3l"}]},{"@type":"WebSite","@id":"https:\/\/dorogimedence.hu\/#website","url":"https:\/\/dorogimedence.hu\/","name":"Dorogi-medence Region\u00e1lis H\u00edrport\u00e1l","description":"Dorog, Keszt\u00f6lc, Le\u00e1nyv\u00e1r, Piliscs\u00e9v, Tokod, Tokodalt\u00e1r\u00f3, Csolnok, Esztergom-kertv\u00e1ros: h\u00edrek, programok","publisher":{"@id":"https:\/\/dorogimedence.hu\/#organization"},"potentialAction":[{"@type":"SearchAction","target":{"@type":"EntryPoint","urlTemplate":"https:\/\/dorogimedence.hu\/?s={search_term_string}"},"query-input":{"@type":"PropertyValueSpecification","valueRequired":true,"valueName":"search_term_string"}}],"inLanguage":"hu"},{"@type":"Organization","@id":"https:\/\/dorogimedence.hu\/#organization","name":"Dorogi-medence Region\u00e1lis H\u00edrport\u00e1l","url":"https:\/\/dorogimedence.hu\/","logo":{"@type":"ImageObject","inLanguage":"hu","@id":"https:\/\/dorogimedence.hu\/#\/schema\/logo\/image\/","url":"https:\/\/dorogimedence.hu\/wp-content\/uploads\/2021\/04\/logo-feher-600.png","contentUrl":"https:\/\/dorogimedence.hu\/wp-content\/uploads\/2021\/04\/logo-feher-600.png","width":600,"height":100,"caption":"Dorogi-medence Region\u00e1lis H\u00edrport\u00e1l"},"image":{"@id":"https:\/\/dorogimedence.hu\/#\/schema\/logo\/image\/"},"sameAs":["https:\/\/www.facebook.com\/dorogimedence\/"]},{"@type":"Person","@id":"https:\/\/dorogimedence.hu\/#\/schema\/person\/ce6091eeb7e95ecdc87890d6aa8e0fd4","name":"dorogimedence.hu","image":{"@type":"ImageObject","inLanguage":"hu","@id":"\/\/www.gravatar.com\/avatar\/d8d45f8901aadff40a4af72c0b826f1d?s=96&#038;r=g&#038;d=mm","url":"\/\/www.gravatar.com\/avatar\/d8d45f8901aadff40a4af72c0b826f1d?s=96&#038;r=g&#038;d=mm","contentUrl":"\/\/www.gravatar.com\/avatar\/d8d45f8901aadff40a4af72c0b826f1d?s=96&#038;r=g&#038;d=mm","caption":"dorogimedence.hu"}}]}},"_links":{"self":[{"href":"https:\/\/dorogimedence.hu\/index.php\/wp-json\/wp\/v2\/posts\/83273","targetHints":{"allow":["GET"]}}],"collection":[{"href":"https:\/\/dorogimedence.hu\/index.php\/wp-json\/wp\/v2\/posts"}],"about":[{"href":"https:\/\/dorogimedence.hu\/index.php\/wp-json\/wp\/v2\/types\/post"}],"author":[{"embeddable":true,"href":"https:\/\/dorogimedence.hu\/index.php\/wp-json\/wp\/v2\/users\/1"}],"replies":[{"embeddable":true,"href":"https:\/\/dorogimedence.hu\/index.php\/wp-json\/wp\/v2\/comments?post=83273"}],"version-history":[{"count":1,"href":"https:\/\/dorogimedence.hu\/index.php\/wp-json\/wp\/v2\/posts\/83273\/revisions"}],"predecessor-version":[{"id":83278,"href":"https:\/\/dorogimedence.hu\/index.php\/wp-json\/wp\/v2\/posts\/83273\/revisions\/83278"}],"wp:featuredmedia":[{"embeddable":true,"href":"https:\/\/dorogimedence.hu\/index.php\/wp-json\/wp\/v2\/media\/83274"}],"wp:attachment":[{"href":"https:\/\/dorogimedence.hu\/index.php\/wp-json\/wp\/v2\/media?parent=83273"}],"wp:term":[{"taxonomy":"category","embeddable":true,"href":"https:\/\/dorogimedence.hu\/index.php\/wp-json\/wp\/v2\/categories?post=83273"},{"taxonomy":"post_tag","embeddable":true,"href":"https:\/\/dorogimedence.hu\/index.php\/wp-json\/wp\/v2\/tags?post=83273"}],"curies":[{"name":"wp","href":"https:\/\/api.w.org\/{rel}","templated":true}]}}