{"id":83263,"date":"2026-08-31T14:45:03","date_gmt":"2026-08-31T12:45:03","guid":{"rendered":"https:\/\/dorogimedence.hu\/?p=83263"},"modified":"2026-08-31T14:45:03","modified_gmt":"2026-08-31T12:45:03","slug":"iden-az-esztergomi-varba-koltozik-a-babits-piknik","status":"publish","type":"post","link":"https:\/\/dorogimedence.hu\/index.php\/2026\/08\/31\/iden-az-esztergomi-varba-koltozik-a-babits-piknik\/","title":{"rendered":"Id\u00e9n az esztergomi v\u00e1rba k\u00f6lt\u00f6zik a Babits Piknik"},"content":{"rendered":"<p><strong>Szeptember 5-\u00e9n, szombaton hatodik alkalommal rendezik meg a Babits Pikniket. Az \u00e9vek sor\u00e1n v\u00e1rosi hagyom\u00e1nny\u00e1 v\u00e1lt kultur\u00e1lis esem\u00e9ny id\u00e9n rendhagy\u00f3 helysz\u00ednen, a Lip\u00f3t-teraszon \u00e9s az MNM Esztergomi V\u00e1rm\u00fazeum\u00e1ban v\u00e1rja az \u00e9rdekl\u0151d\u0151ket.<\/strong><\/p>\n<p>A Babits Mih\u00e1ly Sz\u00ednh\u00e1z \u00e9s az MNM Babits Mih\u00e1ly Eml\u00e9kh\u00e1za 2019 \u00f3ta szervezi meg a pikniket. Az idei rendezv\u00e9ny egyben a sz\u00ednh\u00e1z jubileumi, tizedik \u00e9vad\u00e1nak nyit\u00e1nya is: az \u00e9vadbejelent\u0151n a t\u00e1rsulat \u00faj bemutat\u00f3ir\u00f3l, terveir\u0151l, valamint gyermek- \u00e9s ifj\u00fas\u00e1gi sz\u00ednh\u00e1zi k\u00fcldet\u00e9s\u00e9r\u0151l is sz\u00f3 lesz.<\/p>\n<h3>P\u00f6tty\u00f6s s\u00e9ta, sz\u00ednh\u00e1z \u00e9s koncert<\/h3>\n<p>A program 16 \u00f3rakor a hagyom\u00e1nyos P\u00f6tty\u00f6s s\u00e9t\u00e1val kezd\u0151dik. A r\u00e9sztvev\u0151k a Sz\u00e9chenyi t\u00e9ri Babits-szobort\u00f3l indulnak a piknik helysz\u00edn\u00e9re. A szervez\u0151k arra k\u00e9rik a csatlakoz\u00f3kat, hogy T\u00f6r\u00f6k Sophie tisztelet\u00e9re lehet\u0151s\u00e9g szerint p\u00f6tty\u00f6s ruh\u00e1ban vagy kieg\u00e9sz\u00edt\u0151vel \u00e9rkezzenek.<\/p>\n<p>17 \u00f3r\u00e1t\u00f3l R\u00f3zsa Attila husz\u00e1r \u0151rmester vezet\u00e9s\u00e9vel korabeli fegyver- \u00e9s viseletbemutat\u00f3t tartanak. Ezzel egy id\u0151ben rendhagy\u00f3 t\u00e1rlatvezet\u00e9s indul a V\u00e1rm\u00fazeumban Balassa B\u00e1linttal.<\/p>\n<p>18 \u00f3rakor Pet\u0151fi S\u00e1ndor J\u00e1nos vit\u00e9z c\u00edm\u0171 m\u0171v\u00e9nek sz\u00ednh\u00e1zi feldolgoz\u00e1s\u00e1t l\u00e1thatja a k\u00f6z\u00f6ns\u00e9g. Az el\u0151ad\u00e1s Pet\u0151fi Zolt\u00e1n t\u00f6rt\u00e9net\u00e9n kereszt\u00fcl id\u00e9zi meg a j\u00f3l ismert elbesz\u00e9l\u0151 k\u00f6ltem\u00e9nyt. Pet\u0151fi Zolt\u00e1n \u00e9s J\u00e1nos vit\u00e9z szerep\u00e9ben R\u00e1kosi S\u00e1muel, Szendrey J\u00faliak\u00e9nt \u00e9s Iluskak\u00e9nt Mur\u00e1nyi Eszter, a dajka \u00e9s a mostoha szerep\u00e9ben pedig Maronka Csilla l\u00e9p sz\u00ednpadra. Az el\u0151ad\u00e1st Kaj \u00c1d\u00e1m rendezte.<\/p>\n<p>19 \u00f3rakor Sobieski J\u00e1nossal indul rendhagy\u00f3 t\u00e1rlatvezet\u00e9s, ugyanekkor tartj\u00e1k meg a Babits Mih\u00e1ly Sz\u00ednh\u00e1z jubileumi \u00e9vad\u00e1nak bejelent\u0151j\u00e9t is.<\/p>\n<p>Az est\u00e9t 20 \u00f3r\u00e1t\u00f3l a MOODS Ambient koncertje z\u00e1rja. Bucz Magor form\u00e1ci\u00f3j\u00e1nak zen\u00e9j\u00e9ben a cinematikus, ambient, folk, minimal \u00e9s posztklasszikus st\u00edlusok tal\u00e1lkoznak. A bens\u0151s\u00e9ges hangulat\u00fa kompoz\u00edci\u00f3kat versek \u00e9s kifejezetten erre az alkalomra k\u00e9sz\u00edtett vizu\u00e1lis elemek eg\u00e9sz\u00edtik ki.<\/p>\n<h3>Pokr\u00f3ccal \u00e9s piknikkos\u00e1rral v\u00e1rj\u00e1k a l\u00e1togat\u00f3kat<\/h3>\n<p>A szervez\u0151k arra biztatj\u00e1k a k\u00f6z\u00f6ns\u00e9get, hogy pokr\u00f3ccal \u00e9s piknikkos\u00e1rral \u00e9rkezzenek, \u00e9s k\u00f6z\u00f6sen teremtsenek igazi piknikhangulatot a Lip\u00f3t-teraszon.<\/p>\n<p>A szabadt\u00e9ri programok ingyenesen l\u00e1togathat\u00f3k, rossz id\u0151 eset\u00e9n ezeket a lovagteremben rendezik meg. A 17 \u00e9s 19 \u00f3rakor kezd\u0151d\u0151 rendhagy\u00f3 t\u00e1rlatvezet\u00e9sekhez el\u0151zetes regisztr\u00e1ci\u00f3 \u00e9s m\u00fazeumi bel\u00e9p\u0151 sz\u00fcks\u00e9ges. Jelentkezni a babitskamara@gmail.com e-mail-c\u00edmen lehet.<\/p>\n<p>A Babits Piknik 2026 a Magyar M\u0171v\u00e9szeti Akad\u00e9mia \u00e9s az MNM Esztergomi V\u00e1rm\u00fazeuma t\u00e1mogat\u00e1s\u00e1val val\u00f3sul meg.<\/p>\n<p><img fetchpriority=\"high\" decoding=\"async\" class=\"alignnone size-full wp-image-83264\" src=\"https:\/\/dorogimedence.hu\/wp-content\/uploads\/2026\/08\/babits-02.jpg\" alt=\"\" width=\"1414\" height=\"2000\" srcset=\"https:\/\/dorogimedence.hu\/wp-content\/uploads\/2026\/08\/babits-02.jpg 1414w, https:\/\/dorogimedence.hu\/wp-content\/uploads\/2026\/08\/babits-02-424x600.jpg 424w, https:\/\/dorogimedence.hu\/wp-content\/uploads\/2026\/08\/babits-02-1357x1920.jpg 1357w, https:\/\/dorogimedence.hu\/wp-content\/uploads\/2026\/08\/babits-02-768x1086.jpg 768w, https:\/\/dorogimedence.hu\/wp-content\/uploads\/2026\/08\/babits-02-1086x1536.jpg 1086w, https:\/\/dorogimedence.hu\/wp-content\/uploads\/2026\/08\/babits-02-150x212.jpg 150w, https:\/\/dorogimedence.hu\/wp-content\/uploads\/2026\/08\/babits-02-450x636.jpg 450w, https:\/\/dorogimedence.hu\/wp-content\/uploads\/2026\/08\/babits-02-1200x1697.jpg 1200w\" sizes=\"(max-width: 1414px) 100vw, 1414px\" \/><\/p>\n","protected":false},"excerpt":{"rendered":"<p>Szeptember 5-\u00e9n, szombaton hatodik alkalommal rendezik meg a Babits Pikniket. Az \u00e9vek sor\u00e1n v\u00e1rosi hagyom\u00e1nny\u00e1 v\u00e1lt kultur\u00e1lis esem\u00e9ny id\u00e9n rendhagy\u00f3 helysz\u00ednen, a Lip\u00f3t-teraszon \u00e9s az MNM Esztergomi V\u00e1rm\u00fazeum\u00e1ban v\u00e1rja az \u00e9rdekl\u0151d\u0151ket. A Babits Mih\u00e1ly Sz\u00ednh\u00e1z \u00e9s az MNM Babits Mih\u00e1ly Eml\u00e9kh\u00e1za 2019 \u00f3ta szervezi meg a pikniket. Az idei rendezv\u00e9ny egyben a sz\u00ednh\u00e1z jubileumi, tizedik<\/p>\n","protected":false},"author":1,"featured_media":83265,"comment_status":"closed","ping_status":"closed","sticky":false,"template":"","format":"standard","meta":{"ngg_post_thumbnail":0,"footnotes":""},"categories":[38,3,3561],"tags":[4312,4283,42,101,116],"class_list":["post-83263","post","type-post","status-publish","format-standard","has-post-thumbnail","category-esztergom","category-hirek","category-programok","tag-babits-mihaly-szinhaz","tag-babits-piknik","tag-esztergom","tag-program","tag-programok"],"yoast_head":"<!-- This site is optimized with the Yoast SEO plugin v28.3 - https:\/\/yoast.com\/product\/yoast-seo-wordpress\/ -->\n<title>Id\u00e9n az esztergomi v\u00e1rba k\u00f6lt\u00f6zik a Babits Piknik<\/title>\n<meta name=\"robots\" content=\"index, follow, max-snippet:-1, max-image-preview:large, max-video-preview:-1\" \/>\n<link rel=\"canonical\" href=\"https:\/\/dorogimedence.hu\/index.php\/2026\/08\/31\/iden-az-esztergomi-varba-koltozik-a-babits-piknik\/\" class=\"yoast-seo-meta-tag\" \/>\n<meta property=\"og:locale\" content=\"hu_HU\" class=\"yoast-seo-meta-tag\" \/>\n<meta property=\"og:type\" content=\"article\" class=\"yoast-seo-meta-tag\" \/>\n<meta property=\"og:title\" content=\"Id\u00e9n az esztergomi v\u00e1rba k\u00f6lt\u00f6zik a Babits Piknik\" class=\"yoast-seo-meta-tag\" \/>\n<meta property=\"og:description\" content=\"Szeptember 5-\u00e9n, szombaton hatodik alkalommal rendezik meg a Babits Pikniket. Az \u00e9vek sor\u00e1n v\u00e1rosi hagyom\u00e1nny\u00e1 v\u00e1lt kultur\u00e1lis esem\u00e9ny id\u00e9n rendhagy\u00f3 helysz\u00ednen, a Lip\u00f3t-teraszon \u00e9s az MNM Esztergomi V\u00e1rm\u00fazeum\u00e1ban v\u00e1rja az \u00e9rdekl\u0151d\u0151ket. A Babits Mih\u00e1ly Sz\u00ednh\u00e1z \u00e9s az MNM Babits Mih\u00e1ly Eml\u00e9kh\u00e1za 2019 \u00f3ta szervezi meg a pikniket. Az idei rendezv\u00e9ny egyben a sz\u00ednh\u00e1z jubileumi, tizedik\" class=\"yoast-seo-meta-tag\" \/>\n<meta property=\"og:url\" content=\"https:\/\/dorogimedence.hu\/index.php\/2026\/08\/31\/iden-az-esztergomi-varba-koltozik-a-babits-piknik\/\" class=\"yoast-seo-meta-tag\" \/>\n<meta property=\"og:site_name\" content=\"Dorogi-medence Region\u00e1lis H\u00edrport\u00e1l\" class=\"yoast-seo-meta-tag\" \/>\n<meta property=\"article:publisher\" content=\"https:\/\/www.facebook.com\/dorogimedence\/\" class=\"yoast-seo-meta-tag\" \/>\n<meta property=\"article:published_time\" content=\"2026-08-31T12:45:03+00:00\" class=\"yoast-seo-meta-tag\" \/>\n<meta property=\"og:image\" content=\"https:\/\/dorogimedence.hu\/wp-content\/uploads\/2026\/08\/babits-01.jpg\" class=\"yoast-seo-meta-tag\" \/>\n\t<meta property=\"og:image:width\" content=\"1920\" class=\"yoast-seo-meta-tag\" \/>\n\t<meta property=\"og:image:height\" content=\"970\" class=\"yoast-seo-meta-tag\" \/>\n\t<meta property=\"og:image:type\" content=\"image\/jpeg\" class=\"yoast-seo-meta-tag\" \/>\n<meta name=\"author\" content=\"dorogimedence.hu\" class=\"yoast-seo-meta-tag\" \/>\n<meta name=\"twitter:card\" content=\"summary_large_image\" class=\"yoast-seo-meta-tag\" \/>\n<meta name=\"twitter:label1\" content=\"Szerz\u0151:\" class=\"yoast-seo-meta-tag\" \/>\n\t<meta name=\"twitter:data1\" content=\"dorogimedence.hu\" class=\"yoast-seo-meta-tag\" \/>\n\t<meta name=\"twitter:label2\" content=\"Becs\u00fclt olvas\u00e1si id\u0151\" class=\"yoast-seo-meta-tag\" \/>\n\t<meta name=\"twitter:data2\" content=\"3 perc\" class=\"yoast-seo-meta-tag\" \/>\n<script type=\"application\/ld+json\" class=\"yoast-schema-graph\">{\"@context\":\"https:\\\/\\\/schema.org\",\"@graph\":[{\"@type\":\"Article\",\"@id\":\"https:\\\/\\\/dorogimedence.hu\\\/index.php\\\/2026\\\/08\\\/31\\\/iden-az-esztergomi-varba-koltozik-a-babits-piknik\\\/#article\",\"isPartOf\":{\"@id\":\"https:\\\/\\\/dorogimedence.hu\\\/index.php\\\/2026\\\/08\\\/31\\\/iden-az-esztergomi-varba-koltozik-a-babits-piknik\\\/\"},\"author\":{\"name\":\"dorogimedence.hu\",\"@id\":\"https:\\\/\\\/dorogimedence.hu\\\/#\\\/schema\\\/person\\\/ce6091eeb7e95ecdc87890d6aa8e0fd4\"},\"headline\":\"Id\u00e9n az esztergomi v\u00e1rba k\u00f6lt\u00f6zik a Babits Piknik\",\"datePublished\":\"2026-08-31T12:45:03+00:00\",\"mainEntityOfPage\":{\"@id\":\"https:\\\/\\\/dorogimedence.hu\\\/index.php\\\/2026\\\/08\\\/31\\\/iden-az-esztergomi-varba-koltozik-a-babits-piknik\\\/\"},\"wordCount\":524,\"publisher\":{\"@id\":\"https:\\\/\\\/dorogimedence.hu\\\/#organization\"},\"image\":{\"@id\":\"https:\\\/\\\/dorogimedence.hu\\\/index.php\\\/2026\\\/08\\\/31\\\/iden-az-esztergomi-varba-koltozik-a-babits-piknik\\\/#primaryimage\"},\"thumbnailUrl\":\"https:\\\/\\\/dorogimedence.hu\\\/wp-content\\\/uploads\\\/2026\\\/08\\\/babits-01.jpg\",\"keywords\":[\"Babits Mih\u00e1ly Sz\u00ednh\u00e1z\",\"Babits Piknik\",\"esztergom\",\"program\",\"programok\"],\"articleSection\":[\"Esztergom\",\"H\u00edrek\",\"Programok\"],\"inLanguage\":\"hu\"},{\"@type\":\"WebPage\",\"@id\":\"https:\\\/\\\/dorogimedence.hu\\\/index.php\\\/2026\\\/08\\\/31\\\/iden-az-esztergomi-varba-koltozik-a-babits-piknik\\\/\",\"url\":\"https:\\\/\\\/dorogimedence.hu\\\/index.php\\\/2026\\\/08\\\/31\\\/iden-az-esztergomi-varba-koltozik-a-babits-piknik\\\/\",\"name\":\"Id\u00e9n az esztergomi v\u00e1rba k\u00f6lt\u00f6zik a Babits Piknik\",\"isPartOf\":{\"@id\":\"https:\\\/\\\/dorogimedence.hu\\\/#website\"},\"primaryImageOfPage\":{\"@id\":\"https:\\\/\\\/dorogimedence.hu\\\/index.php\\\/2026\\\/08\\\/31\\\/iden-az-esztergomi-varba-koltozik-a-babits-piknik\\\/#primaryimage\"},\"image\":{\"@id\":\"https:\\\/\\\/dorogimedence.hu\\\/index.php\\\/2026\\\/08\\\/31\\\/iden-az-esztergomi-varba-koltozik-a-babits-piknik\\\/#primaryimage\"},\"thumbnailUrl\":\"https:\\\/\\\/dorogimedence.hu\\\/wp-content\\\/uploads\\\/2026\\\/08\\\/babits-01.jpg\",\"datePublished\":\"2026-08-31T12:45:03+00:00\",\"breadcrumb\":{\"@id\":\"https:\\\/\\\/dorogimedence.hu\\\/index.php\\\/2026\\\/08\\\/31\\\/iden-az-esztergomi-varba-koltozik-a-babits-piknik\\\/#breadcrumb\"},\"inLanguage\":\"hu\",\"potentialAction\":[{\"@type\":\"ReadAction\",\"target\":[\"https:\\\/\\\/dorogimedence.hu\\\/index.php\\\/2026\\\/08\\\/31\\\/iden-az-esztergomi-varba-koltozik-a-babits-piknik\\\/\"]}]},{\"@type\":\"ImageObject\",\"inLanguage\":\"hu\",\"@id\":\"https:\\\/\\\/dorogimedence.hu\\\/index.php\\\/2026\\\/08\\\/31\\\/iden-az-esztergomi-varba-koltozik-a-babits-piknik\\\/#primaryimage\",\"url\":\"https:\\\/\\\/dorogimedence.hu\\\/wp-content\\\/uploads\\\/2026\\\/08\\\/babits-01.jpg\",\"contentUrl\":\"https:\\\/\\\/dorogimedence.hu\\\/wp-content\\\/uploads\\\/2026\\\/08\\\/babits-01.jpg\",\"width\":1920,\"height\":970},{\"@type\":\"BreadcrumbList\",\"@id\":\"https:\\\/\\\/dorogimedence.hu\\\/index.php\\\/2026\\\/08\\\/31\\\/iden-az-esztergomi-varba-koltozik-a-babits-piknik\\\/#breadcrumb\",\"itemListElement\":[{\"@type\":\"ListItem\",\"position\":1,\"name\":\"Kezd\u0151lap\",\"item\":\"https:\\\/\\\/dorogimedence.hu\\\/\"},{\"@type\":\"ListItem\",\"position\":2,\"name\":\"Id\u00e9n az esztergomi v\u00e1rba k\u00f6lt\u00f6zik a Babits Piknik\"}]},{\"@type\":\"WebSite\",\"@id\":\"https:\\\/\\\/dorogimedence.hu\\\/#website\",\"url\":\"https:\\\/\\\/dorogimedence.hu\\\/\",\"name\":\"Dorogi-medence Region\u00e1lis H\u00edrport\u00e1l\",\"description\":\"Dorog, Keszt\u00f6lc, Le\u00e1nyv\u00e1r, Piliscs\u00e9v, Tokod, Tokodalt\u00e1r\u00f3, Csolnok, Esztergom-kertv\u00e1ros: h\u00edrek, programok\",\"publisher\":{\"@id\":\"https:\\\/\\\/dorogimedence.hu\\\/#organization\"},\"potentialAction\":[{\"@type\":\"SearchAction\",\"target\":{\"@type\":\"EntryPoint\",\"urlTemplate\":\"https:\\\/\\\/dorogimedence.hu\\\/?s={search_term_string}\"},\"query-input\":{\"@type\":\"PropertyValueSpecification\",\"valueRequired\":true,\"valueName\":\"search_term_string\"}}],\"inLanguage\":\"hu\"},{\"@type\":\"Organization\",\"@id\":\"https:\\\/\\\/dorogimedence.hu\\\/#organization\",\"name\":\"Dorogi-medence Region\u00e1lis H\u00edrport\u00e1l\",\"url\":\"https:\\\/\\\/dorogimedence.hu\\\/\",\"logo\":{\"@type\":\"ImageObject\",\"inLanguage\":\"hu\",\"@id\":\"https:\\\/\\\/dorogimedence.hu\\\/#\\\/schema\\\/logo\\\/image\\\/\",\"url\":\"https:\\\/\\\/dorogimedence.hu\\\/wp-content\\\/uploads\\\/2021\\\/04\\\/logo-feher-600.png\",\"contentUrl\":\"https:\\\/\\\/dorogimedence.hu\\\/wp-content\\\/uploads\\\/2021\\\/04\\\/logo-feher-600.png\",\"width\":600,\"height\":100,\"caption\":\"Dorogi-medence Region\u00e1lis H\u00edrport\u00e1l\"},\"image\":{\"@id\":\"https:\\\/\\\/dorogimedence.hu\\\/#\\\/schema\\\/logo\\\/image\\\/\"},\"sameAs\":[\"https:\\\/\\\/www.facebook.com\\\/dorogimedence\\\/\"]},{\"@type\":\"Person\",\"@id\":\"https:\\\/\\\/dorogimedence.hu\\\/#\\\/schema\\\/person\\\/ce6091eeb7e95ecdc87890d6aa8e0fd4\",\"name\":\"dorogimedence.hu\",\"image\":{\"@type\":\"ImageObject\",\"inLanguage\":\"hu\",\"@id\":\"\\\/\\\/www.gravatar.com\\\/avatar\\\/d8d45f8901aadff40a4af72c0b826f1d?s=96&#038;r=g&#038;d=mm\",\"url\":\"\\\/\\\/www.gravatar.com\\\/avatar\\\/d8d45f8901aadff40a4af72c0b826f1d?s=96&#038;r=g&#038;d=mm\",\"contentUrl\":\"\\\/\\\/www.gravatar.com\\\/avatar\\\/d8d45f8901aadff40a4af72c0b826f1d?s=96&#038;r=g&#038;d=mm\",\"caption\":\"dorogimedence.hu\"}}]}<\/script>\n<!-- \/ Yoast SEO plugin. -->","yoast_head_json":{"title":"Id\u00e9n az esztergomi v\u00e1rba k\u00f6lt\u00f6zik a Babits Piknik","robots":{"index":"index","follow":"follow","max-snippet":"max-snippet:-1","max-image-preview":"max-image-preview:large","max-video-preview":"max-video-preview:-1"},"canonical":"https:\/\/dorogimedence.hu\/index.php\/2026\/08\/31\/iden-az-esztergomi-varba-koltozik-a-babits-piknik\/","og_locale":"hu_HU","og_type":"article","og_title":"Id\u00e9n az esztergomi v\u00e1rba k\u00f6lt\u00f6zik a Babits Piknik","og_description":"Szeptember 5-\u00e9n, szombaton hatodik alkalommal rendezik meg a Babits Pikniket. Az \u00e9vek sor\u00e1n v\u00e1rosi hagyom\u00e1nny\u00e1 v\u00e1lt kultur\u00e1lis esem\u00e9ny id\u00e9n rendhagy\u00f3 helysz\u00ednen, a Lip\u00f3t-teraszon \u00e9s az MNM Esztergomi V\u00e1rm\u00fazeum\u00e1ban v\u00e1rja az \u00e9rdekl\u0151d\u0151ket. A Babits Mih\u00e1ly Sz\u00ednh\u00e1z \u00e9s az MNM Babits Mih\u00e1ly Eml\u00e9kh\u00e1za 2019 \u00f3ta szervezi meg a pikniket. Az idei rendezv\u00e9ny egyben a sz\u00ednh\u00e1z jubileumi, tizedik","og_url":"https:\/\/dorogimedence.hu\/index.php\/2026\/08\/31\/iden-az-esztergomi-varba-koltozik-a-babits-piknik\/","og_site_name":"Dorogi-medence Region\u00e1lis H\u00edrport\u00e1l","article_publisher":"https:\/\/www.facebook.com\/dorogimedence\/","article_published_time":"2026-08-31T12:45:03+00:00","og_image":[{"width":1920,"height":970,"url":"https:\/\/dorogimedence.hu\/wp-content\/uploads\/2026\/08\/babits-01.jpg","type":"image\/jpeg"}],"author":"dorogimedence.hu","twitter_card":"summary_large_image","twitter_misc":{"Szerz\u0151:":"dorogimedence.hu","Becs\u00fclt olvas\u00e1si id\u0151":"3 perc"},"schema":{"@context":"https:\/\/schema.org","@graph":[{"@type":"Article","@id":"https:\/\/dorogimedence.hu\/index.php\/2026\/08\/31\/iden-az-esztergomi-varba-koltozik-a-babits-piknik\/#article","isPartOf":{"@id":"https:\/\/dorogimedence.hu\/index.php\/2026\/08\/31\/iden-az-esztergomi-varba-koltozik-a-babits-piknik\/"},"author":{"name":"dorogimedence.hu","@id":"https:\/\/dorogimedence.hu\/#\/schema\/person\/ce6091eeb7e95ecdc87890d6aa8e0fd4"},"headline":"Id\u00e9n az esztergomi v\u00e1rba k\u00f6lt\u00f6zik a Babits Piknik","datePublished":"2026-08-31T12:45:03+00:00","mainEntityOfPage":{"@id":"https:\/\/dorogimedence.hu\/index.php\/2026\/08\/31\/iden-az-esztergomi-varba-koltozik-a-babits-piknik\/"},"wordCount":524,"publisher":{"@id":"https:\/\/dorogimedence.hu\/#organization"},"image":{"@id":"https:\/\/dorogimedence.hu\/index.php\/2026\/08\/31\/iden-az-esztergomi-varba-koltozik-a-babits-piknik\/#primaryimage"},"thumbnailUrl":"https:\/\/dorogimedence.hu\/wp-content\/uploads\/2026\/08\/babits-01.jpg","keywords":["Babits Mih\u00e1ly Sz\u00ednh\u00e1z","Babits Piknik","esztergom","program","programok"],"articleSection":["Esztergom","H\u00edrek","Programok"],"inLanguage":"hu"},{"@type":"WebPage","@id":"https:\/\/dorogimedence.hu\/index.php\/2026\/08\/31\/iden-az-esztergomi-varba-koltozik-a-babits-piknik\/","url":"https:\/\/dorogimedence.hu\/index.php\/2026\/08\/31\/iden-az-esztergomi-varba-koltozik-a-babits-piknik\/","name":"Id\u00e9n az esztergomi v\u00e1rba k\u00f6lt\u00f6zik a Babits Piknik","isPartOf":{"@id":"https:\/\/dorogimedence.hu\/#website"},"primaryImageOfPage":{"@id":"https:\/\/dorogimedence.hu\/index.php\/2026\/08\/31\/iden-az-esztergomi-varba-koltozik-a-babits-piknik\/#primaryimage"},"image":{"@id":"https:\/\/dorogimedence.hu\/index.php\/2026\/08\/31\/iden-az-esztergomi-varba-koltozik-a-babits-piknik\/#primaryimage"},"thumbnailUrl":"https:\/\/dorogimedence.hu\/wp-content\/uploads\/2026\/08\/babits-01.jpg","datePublished":"2026-08-31T12:45:03+00:00","breadcrumb":{"@id":"https:\/\/dorogimedence.hu\/index.php\/2026\/08\/31\/iden-az-esztergomi-varba-koltozik-a-babits-piknik\/#breadcrumb"},"inLanguage":"hu","potentialAction":[{"@type":"ReadAction","target":["https:\/\/dorogimedence.hu\/index.php\/2026\/08\/31\/iden-az-esztergomi-varba-koltozik-a-babits-piknik\/"]}]},{"@type":"ImageObject","inLanguage":"hu","@id":"https:\/\/dorogimedence.hu\/index.php\/2026\/08\/31\/iden-az-esztergomi-varba-koltozik-a-babits-piknik\/#primaryimage","url":"https:\/\/dorogimedence.hu\/wp-content\/uploads\/2026\/08\/babits-01.jpg","contentUrl":"https:\/\/dorogimedence.hu\/wp-content\/uploads\/2026\/08\/babits-01.jpg","width":1920,"height":970},{"@type":"BreadcrumbList","@id":"https:\/\/dorogimedence.hu\/index.php\/2026\/08\/31\/iden-az-esztergomi-varba-koltozik-a-babits-piknik\/#breadcrumb","itemListElement":[{"@type":"ListItem","position":1,"name":"Kezd\u0151lap","item":"https:\/\/dorogimedence.hu\/"},{"@type":"ListItem","position":2,"name":"Id\u00e9n az esztergomi v\u00e1rba k\u00f6lt\u00f6zik a Babits Piknik"}]},{"@type":"WebSite","@id":"https:\/\/dorogimedence.hu\/#website","url":"https:\/\/dorogimedence.hu\/","name":"Dorogi-medence Region\u00e1lis H\u00edrport\u00e1l","description":"Dorog, Keszt\u00f6lc, Le\u00e1nyv\u00e1r, Piliscs\u00e9v, Tokod, Tokodalt\u00e1r\u00f3, Csolnok, Esztergom-kertv\u00e1ros: h\u00edrek, programok","publisher":{"@id":"https:\/\/dorogimedence.hu\/#organization"},"potentialAction":[{"@type":"SearchAction","target":{"@type":"EntryPoint","urlTemplate":"https:\/\/dorogimedence.hu\/?s={search_term_string}"},"query-input":{"@type":"PropertyValueSpecification","valueRequired":true,"valueName":"search_term_string"}}],"inLanguage":"hu"},{"@type":"Organization","@id":"https:\/\/dorogimedence.hu\/#organization","name":"Dorogi-medence Region\u00e1lis H\u00edrport\u00e1l","url":"https:\/\/dorogimedence.hu\/","logo":{"@type":"ImageObject","inLanguage":"hu","@id":"https:\/\/dorogimedence.hu\/#\/schema\/logo\/image\/","url":"https:\/\/dorogimedence.hu\/wp-content\/uploads\/2021\/04\/logo-feher-600.png","contentUrl":"https:\/\/dorogimedence.hu\/wp-content\/uploads\/2021\/04\/logo-feher-600.png","width":600,"height":100,"caption":"Dorogi-medence Region\u00e1lis H\u00edrport\u00e1l"},"image":{"@id":"https:\/\/dorogimedence.hu\/#\/schema\/logo\/image\/"},"sameAs":["https:\/\/www.facebook.com\/dorogimedence\/"]},{"@type":"Person","@id":"https:\/\/dorogimedence.hu\/#\/schema\/person\/ce6091eeb7e95ecdc87890d6aa8e0fd4","name":"dorogimedence.hu","image":{"@type":"ImageObject","inLanguage":"hu","@id":"\/\/www.gravatar.com\/avatar\/d8d45f8901aadff40a4af72c0b826f1d?s=96&#038;r=g&#038;d=mm","url":"\/\/www.gravatar.com\/avatar\/d8d45f8901aadff40a4af72c0b826f1d?s=96&#038;r=g&#038;d=mm","contentUrl":"\/\/www.gravatar.com\/avatar\/d8d45f8901aadff40a4af72c0b826f1d?s=96&#038;r=g&#038;d=mm","caption":"dorogimedence.hu"}}]}},"_links":{"self":[{"href":"https:\/\/dorogimedence.hu\/index.php\/wp-json\/wp\/v2\/posts\/83263","targetHints":{"allow":["GET"]}}],"collection":[{"href":"https:\/\/dorogimedence.hu\/index.php\/wp-json\/wp\/v2\/posts"}],"about":[{"href":"https:\/\/dorogimedence.hu\/index.php\/wp-json\/wp\/v2\/types\/post"}],"author":[{"embeddable":true,"href":"https:\/\/dorogimedence.hu\/index.php\/wp-json\/wp\/v2\/users\/1"}],"replies":[{"embeddable":true,"href":"https:\/\/dorogimedence.hu\/index.php\/wp-json\/wp\/v2\/comments?post=83263"}],"version-history":[{"count":1,"href":"https:\/\/dorogimedence.hu\/index.php\/wp-json\/wp\/v2\/posts\/83263\/revisions"}],"predecessor-version":[{"id":83266,"href":"https:\/\/dorogimedence.hu\/index.php\/wp-json\/wp\/v2\/posts\/83263\/revisions\/83266"}],"wp:featuredmedia":[{"embeddable":true,"href":"https:\/\/dorogimedence.hu\/index.php\/wp-json\/wp\/v2\/media\/83265"}],"wp:attachment":[{"href":"https:\/\/dorogimedence.hu\/index.php\/wp-json\/wp\/v2\/media?parent=83263"}],"wp:term":[{"taxonomy":"category","embeddable":true,"href":"https:\/\/dorogimedence.hu\/index.php\/wp-json\/wp\/v2\/categories?post=83263"},{"taxonomy":"post_tag","embeddable":true,"href":"https:\/\/dorogimedence.hu\/index.php\/wp-json\/wp\/v2\/tags?post=83263"}],"curies":[{"name":"wp","href":"https:\/\/api.w.org\/{rel}","templated":true}]}}