{"id":83259,"date":"2026-08-31T14:23:56","date_gmt":"2026-08-31T12:23:56","guid":{"rendered":"https:\/\/dorogimedence.hu\/?p=83259"},"modified":"2026-08-31T14:23:56","modified_gmt":"2026-08-31T12:23:56","slug":"iskolakezdesi-vasarlasi-roham-ezt-az-egy-tetelt-szinte-minden-szulo-elfelejti","status":"publish","type":"post","link":"https:\/\/dorogimedence.hu\/index.php\/2026\/08\/31\/iskolakezdesi-vasarlasi-roham-ezt-az-egy-tetelt-szinte-minden-szulo-elfelejti\/","title":{"rendered":"Iskolakezd\u00e9si v\u00e1s\u00e1rl\u00e1si roham: ezt az egy t\u00e9telt szinte minden sz\u00fcl\u0151 elfelejti"},"content":{"rendered":"<p><strong>B\u00e1r az iskolai eszk\u00f6z\u00f6k ir\u00e1nt m\u00e1r j\u00faliusban fellend\u00fclt a kereslet, minden bizonnyal id\u00e9n is akadnak olyanok, akik az utols\u00f3 napokra hagyj\u00e1k a tanszerek beszerz\u00e9s\u00e9t. Ilyenkor k\u00f6nny\u0171 kapkodva, a sz\u00fcks\u00e9gesn\u00e9l t\u00f6bbet k\u00f6lteni, k\u00fcl\u00f6n\u00f6sen akkor, ha az els\u0151 di\u00e1k\u00e9vre k\u00e9sz\u00fcl\u00fcnk. Az Allegro \u00f6sszefoglalta, milyen term\u00e9kekre lesz mindenk\u00e9ppen sz\u00fcks\u00e9g m\u00e1r az els\u0151 napokban, \u00e9s hogyan tudjuk a lehet\u0151 legt\u00f6bbet sp\u00f3rolni a bev\u00e1s\u00e1rl\u00e1skor \u2013 \u00e9s el\u00e1rulja, mi az az egy dolog, amit szinte minden sz\u00fcl\u0151 lehagy a list\u00e1r\u00f3l.<\/strong><\/p>\n<h3><strong>A legfontosabb alapok<\/strong><\/h3>\n<p>Az Allegro online keres\u00e9sei alapj\u00e1n a legfontosabb kell\u00e9kek \u2013 az iskolat\u00e1sk\u00e1k, a f\u00fczetek, a filctollak \u00e9s a ceruz\u00e1k \u2013 ir\u00e1nti \u00e9rdekl\u0151d\u00e9s id\u00e9n m\u00e1r j\u00falius 20-a k\u00f6r\u00fcl n\u00f6vekedni kezdett, \u00e9s augusztus elej\u00e9n \u00e9rte el a cs\u00facsot. Nem v\u00e9letlen\u00fcl volt ilyen korai ez a fellend\u00fcl\u00e9s, hiszen ezekre r\u00f6gt\u00f6n&nbsp;a tan\u00e9v els\u0151 napjaiban sz\u00fcks\u00e9g lesz. Ezek mellett az alapeszk\u00f6z\u00f6k k\u00f6z\u00e9 tartozik a j\u00f3l rendszerezhet\u0151 tolltart\u00f3, ami az \u00edr\u00f3szerek t\u00e1rol\u00e1s\u00e1ra mellett seg\u00edt abban is, hogy a gyerekek k\u00f6nnyebben megtal\u00e1lj\u00e1k a sz\u00fcks\u00e9ges kell\u00e9keket, \u00e9s megtanulj\u00e1k rendben tartani az iskolai felszerel\u00e9s\u00fcket. Ezeken t\u00fal vonalz\u00f3k, k\u00f6rz\u0151k, sz\u00e1mol\u00f3g\u00e9pek, gyurm\u00e1k \u00e9s ragaszt\u00f3k v\u00e9gel\u00e1thatatlan k\u00edn\u00e1lat\u00e1ban v\u00e1logathatunk, amiben el\u0151zetes tervez\u00e9s n\u00e9lk\u00fcl igen k\u00f6nny\u0171 elveszni. R\u00e1ad\u00e1sul van egy t\u00e9tel, amit szinte minden sz\u00fcl\u0151 elfelejt.<\/p>\n<h3><strong>El\u0151sz\u00f6r n\u00e9zz\u00fck \u00e1t, mi van m\u00e1r otthon<\/strong><\/h3>\n<p>Az egyik legegyszer\u0171bb m\u00f3dja a sp\u00f3rol\u00e1snak, ha nem v\u00e1s\u00e1roljuk meg azt, amire val\u00f3j\u00e1ban nincs sz\u00fcks\u00e9g. \u00c9rdemes ez\u00e9rt a bev\u00e1s\u00e1rl\u00e1s el\u0151tt \u00e1tn\u00e9zni a tavalyi felszerel\u00e9st: maradt-e haszn\u00e1lhat\u00f3 f\u00fczet, ceruza, filctoll, fest\u00e9k, gyurma vagy \u00e9ppen egy j\u00f3 \u00e1llapot\u00fa tolltart\u00f3. Ugyanez igaz az iskolat\u00e1sk\u00e1ra \u00e9s az uzsonn\u00e1sdobozra is. Ha valami m\u00e9g megfelel\u0151 \u00e1llapotban van, nem felt\u00e9tlen\u00fcl indokolt csak az iskolakezd\u00e9s miatt lecser\u00e9lni.<\/p>\n<h3><strong>K\u00e9sz\u00edts\u00fcnk prec\u00edz bev\u00e1s\u00e1rl\u00f3list\u00e1t<\/strong><\/h3>\n<p>Az iskolai felszerel\u00e9sek eset\u00e9ben k\u00f6nny\u0171 belecs\u00faszni az impulzusv\u00e1s\u00e1rl\u00e1sba: egy \u00faj, l\u00e1tv\u00e1nyos filctollk\u00e9szlet, egy sz\u00e9p f\u00fczet vagy egy izgalmas tolltart\u00f3 k\u00f6nnyen beker\u00fclhet a kos\u00e1rba akkor is, ha nincs r\u00e1 sz\u00fcks\u00e9g \u2013 f\u0151leg akkor, ha a gyermek\u00fcnkkel egy\u00fctt megy\u00fcnk el v\u00e1s\u00e1rolni. \u00c9rdemes ez\u00e9rt m\u00e1r el\u0151zetesen pontos\u00edtani a bev\u00e1s\u00e1rl\u00f3list\u00e1t. Ehhez j\u00f3 t\u00e1mpontot jelenthet a pedag\u00f3gusok \u00e1ltal \u00f6ssze\u00e1ll\u00edtott eszk\u00f6zlista, amit jellemz\u0151en n\u00e9h\u00e1ny h\u00e9ttel a tan\u00e9vkezd\u00e9s el\u0151tt kapunk meg. \u00c9rdemes az \u00e1ltaluk megadott pontos term\u00e9kt\u00edpusokat \u00e9s mennyis\u00e9geket beszerezni, hiszen \u00edgy elker\u00fclhet\u0151, hogy felesleges eszk\u00f6z\u00f6k ker\u00fcljenek a bev\u00e1s\u00e1rl\u00f3kos\u00e1rba. Mivel rengeteg apr\u00f3 t\u00e9telr\u0151l van sz\u00f3, amihez adott esetben t\u00f6bb \u00fczletbe is el kellene ell\u00e1togatnunk, k\u00e9nyelmesebben \u00e1tl\u00e1thatjuk a bev\u00e1s\u00e1rl\u00f3list\u00e1nkat egy online kos\u00e1rban rendszerezve, ahol az elk\u00f6lt\u00f6tt \u00f6sszeget is k\u00f6nnyebben k\u00f6vethetj\u00fck. T\u00f6bb gyermek eset\u00e9n gondoljuk \u00e1t azt is, hogy mik azok az eszk\u00f6z\u00f6k, amiket k\u00f6z\u00f6sen is lehet haszn\u00e1lni, \u00e9s amib\u0151l nem indokolt t\u00f6bb csomaggal megv\u00e1s\u00e1rolni.<\/p>\n<h3><strong>Ugyanazt a term\u00e9ket t\u00f6bb elad\u00f3n\u00e1l is ellen\u0151rizz\u00fck<\/strong><\/h3>\n<p>Az utols\u00f3 pillanatban sem \u00e9rdemes automatikusan az els\u0151 tal\u00e1latot v\u00e1lasztani. Online v\u00e1s\u00e1rl\u00e1sn\u00e1l n\u00e9h\u00e1ny kattint\u00e1ssal \u00f6sszehasonl\u00edthatjuk, hogy ugyanazt a term\u00e9ket milyen \u00e1ron k\u00edn\u00e1lj\u00e1k a k\u00fcl\u00f6nb\u00f6z\u0151 elad\u00f3k. Ez k\u00fcl\u00f6n\u00f6sen akkor lehet hasznos, ha sok kisebb \u00e9rt\u00e9k\u0171 tanszert kell beszerezni, hiszen egy-egy term\u00e9kn\u00e9l csak n\u00e9h\u00e1ny sz\u00e1z forint lehet a k\u00fcl\u00f6nbs\u00e9g, de egy teljes bev\u00e1s\u00e1rl\u00e1sn\u00e1l ezek gyorsan \u00f6sszead\u00f3dhatnak. Az Allegro fel\u00fclet\u00e9n a kos\u00e1r \u00f6sszes\u00edt\u00e9sekor p\u00e9ld\u00e1ul egyb\u0151l l\u00e1thatjuk, ha egy m\u00e1sik elad\u00f3n\u00e1l ugyanaz a term\u00e9k kedvez\u0151bb \u00e1ron \u00e9rhet\u0151 el, \u00edgy mindig megtal\u00e1lhatjuk a legjobb opci\u00f3t. Az <a href=\"https:\/\/allegro.hu\/akciok\/allegro-napok?tag=school-starter-pack\" target=\"_blank\" rel=\"noopener\"><span style=\"text-decoration: underline; color: #0000ff;\">iskolakezd\u0151 akci\u00f3k<\/span><\/a> k\u00f6z\u00f6tt r\u00e1ad\u00e1sul sok kedvez\u0151 aj\u00e1nlatot tal\u00e1lunk.<\/p>\n<h3><strong>Ne csak a term\u00e9k \u00e1r\u00e1t n\u00e9zz\u00fck<\/strong><\/h3>\n<p>Egy olcs\u00f3bb term\u00e9k nem felt\u00e9tlen\u00fcl jelent kedvez\u0151bb v\u00e1s\u00e1rl\u00e1st, ha jelent\u0151s sz\u00e1ll\u00edt\u00e1si d\u00edj t\u00e1rsul hozz\u00e1. \u00c9rdemes ez\u00e9rt a v\u00e9g\u00f6sszeget figyelni, \u00e9s lehet\u0151s\u00e9g szerint egy helyr\u0151l vagy \u00f6sszehangoltan beszerezni t\u00f6bb sz\u00fcks\u00e9ges term\u00e9ket. A kos\u00e1roptimaliz\u00e1l\u00e1s funkci\u00f3t k\u00edn\u00e1l\u00f3 online \u00e1ruh\u00e1zakban \u00f6ssze is vonhatjuk a csomagokat, hogy ne minden t\u00e9telt k\u00fcl\u00f6n post\u00e1zzanak, amivel a sz\u00e1ll\u00edt\u00e1si k\u00f6lts\u00e9g is cs\u00f6kkenhet.&nbsp;<\/p>\n<h3><strong>A dr\u00e1g\u00e1bb nem mindig jelent jobbat<\/strong><\/h3>\n<p>Nem minden tanszerb\u0151l van sz\u00fcks\u00e9g pr\u00e9mium v\u00e1ltozatra. \u00c9rdemes el\u0151re eld\u00f6nteni, melyek azok a term\u00e9kek, amelyekn\u00e9l fontosabb a tart\u00f3ss\u00e1g vagy a k\u00e9nyelem &#8211; ilyen p\u00e9ld\u00e1ul egy iskolat\u00e1ska -, \u00e9s melyek azok, amelyekb\u0151l elegend\u0151 egy egyszer\u0171bb v\u00e1ltozat. A f\u00fczetek, \u00edr\u00f3szerek vagy kreat\u00edv kell\u00e9kek eset\u00e9ben p\u00e9ld\u00e1ul nem sz\u00fcks\u00e9ges a legdr\u00e1g\u00e1bb term\u00e9ket v\u00e1lasztani, ha az iskola nem adott meg egy konkr\u00e9t m\u00e1rk\u00e1t.<\/p>\n<h3><strong>Az egyszer\u0171bb digit\u00e1lis eszk\u00f6z\u00f6k is megfelel\u0151ek<\/strong><\/h3>\n<p>A tabletek ir\u00e1nti \u00e9rdekl\u0151d\u00e9s m\u00e1r j\u00fanius v\u00e9g\u00e9n n\u00f6vekedni kezdett, \u00e9s az\u00f3ta is szt\u00e1rterm\u00e9knek sz\u00e1m\u00edtanak az Allegro keres\u00e9si adatai alapj\u00e1n. A digit\u00e1lis eszk\u00f6z\u00f6k az otthoni tanul\u00e1sban, inform\u00e1ci\u00f3keres\u00e9sben, digit\u00e1lis feladatokban vagy ak\u00e1r oktat\u00e1si alkalmaz\u00e1sok haszn\u00e1lat\u00e1ban is szerepet kaphatnak, m\u00e1r az als\u00f3bb \u00e9vfolyamokon is. Ha azonban ilyen eszk\u00f6z beszerz\u00e9s\u00e9t tervezz\u00fck, \u00e9rdemes el\u0151zetesen \u00e1tgondolni, mire fogja haszn\u00e1lni a gyermek. Ha f\u0151k\u00e9nt tanul\u00e1shoz \u00e9s egyszer\u0171 feladatokhoz lesz r\u00e1 sz\u00fcks\u00e9g, akkor nem \u00e9rdemes a leg\u00fajabb vagy legnagyobb teljes\u00edtm\u00e9ny\u0171 modellt v\u00e1lasztani, amivel jelent\u0151s \u00f6sszeget takar\u00edthatunk meg.<\/p>\n<h3><strong>\u2026\u00e9s amit szinte mindenki elfelejt: a bor\u00edt\u00e9k!<\/strong><\/h3>\n<p>Sok sz\u00fcl\u0151 megfeledkezik r\u00f3la, hiszen m\u00e1r kevesen \u00edrnak rendszeresen hagyom\u00e1nyos, pap\u00edralap\u00fa levelet, \u00e1m az iskol\u00e1ban sz\u00fcks\u00e9g lesz r\u00e1. A bev\u00e1s\u00e1rl\u00e1s sor\u00e1n \u00e9rdemes teh\u00e1t bor\u00edt\u00e9kokat is beszerezni, m\u00e9g akkor is, ha ez k\u00fcl\u00f6n nem szerepel az int\u00e9zm\u00e9ny \u00e1ltal k\u00e9rt tanszerlist\u00e1n. Az iskolai befizet\u00e9sekhez ugyanis \u2013 oszt\u00e1lykir\u00e1ndul\u00e1s, sz\u00ednh\u00e1z stb. \u2013 rendszeresen sz\u00fcks\u00e9g lesz r\u00e1juk az \u00e9v folyam\u00e1n, ez\u00e9rt j\u00f3, ha m\u00e1r az els\u0151 hetekre van otthon n\u00e9h\u00e1ny darab. Aki biztosra akar menni, annak \u00e9rdemes egy nagyobb csomagot megv\u00e1s\u00e1rolnia, \u00edgy \u00e9vekig nem jelent majd gondot, ha hirtelen lenne sz\u00fcks\u00e9g egy bor\u00edt\u00e9kra.<\/p>\n","protected":false},"excerpt":{"rendered":"<p>B\u00e1r az iskolai eszk\u00f6z\u00f6k ir\u00e1nt m\u00e1r j\u00faliusban fellend\u00fclt a kereslet, minden bizonnyal id\u00e9n is akadnak olyanok, akik az utols\u00f3 napokra hagyj\u00e1k a tanszerek beszerz\u00e9s\u00e9t. Ilyenkor k\u00f6nny\u0171 kapkodva, a sz\u00fcks\u00e9gesn\u00e9l t\u00f6bbet k\u00f6lteni, k\u00fcl\u00f6n\u00f6sen akkor, ha az els\u0151 di\u00e1k\u00e9vre k\u00e9sz\u00fcl\u00fcnk. Az Allegro \u00f6sszefoglalta, milyen term\u00e9kekre lesz mindenk\u00e9ppen sz\u00fcks\u00e9g m\u00e1r az els\u0151 napokban, \u00e9s hogyan tudjuk a lehet\u0151<\/p>\n","protected":false},"author":1,"featured_media":83260,"comment_status":"closed","ping_status":"closed","sticky":false,"template":"","format":"standard","meta":{"ngg_post_thumbnail":0,"footnotes":""},"categories":[3],"tags":[5934],"class_list":["post-83259","post","type-post","status-publish","format-standard","has-post-thumbnail","category-hirek","tag-iskolakezdes"],"yoast_head":"<!-- This site is optimized with the Yoast SEO plugin v28.3 - https:\/\/yoast.com\/product\/yoast-seo-wordpress\/ -->\n<title>Iskolakezd\u00e9si v\u00e1s\u00e1rl\u00e1si roham: ezt az egy t\u00e9telt szinte minden sz\u00fcl\u0151 elfelejti<\/title>\n<meta name=\"robots\" content=\"index, follow, max-snippet:-1, max-image-preview:large, max-video-preview:-1\" \/>\n<link rel=\"canonical\" href=\"https:\/\/dorogimedence.hu\/index.php\/2026\/08\/31\/iskolakezdesi-vasarlasi-roham-ezt-az-egy-tetelt-szinte-minden-szulo-elfelejti\/\" class=\"yoast-seo-meta-tag\" \/>\n<meta property=\"og:locale\" content=\"hu_HU\" class=\"yoast-seo-meta-tag\" \/>\n<meta property=\"og:type\" content=\"article\" class=\"yoast-seo-meta-tag\" \/>\n<meta property=\"og:title\" content=\"Iskolakezd\u00e9si v\u00e1s\u00e1rl\u00e1si roham: ezt az egy t\u00e9telt szinte minden sz\u00fcl\u0151 elfelejti\" class=\"yoast-seo-meta-tag\" \/>\n<meta property=\"og:description\" content=\"B\u00e1r az iskolai eszk\u00f6z\u00f6k ir\u00e1nt m\u00e1r j\u00faliusban fellend\u00fclt a kereslet, minden bizonnyal id\u00e9n is akadnak olyanok, akik az utols\u00f3 napokra hagyj\u00e1k a tanszerek beszerz\u00e9s\u00e9t. Ilyenkor k\u00f6nny\u0171 kapkodva, a sz\u00fcks\u00e9gesn\u00e9l t\u00f6bbet k\u00f6lteni, k\u00fcl\u00f6n\u00f6sen akkor, ha az els\u0151 di\u00e1k\u00e9vre k\u00e9sz\u00fcl\u00fcnk. Az Allegro \u00f6sszefoglalta, milyen term\u00e9kekre lesz mindenk\u00e9ppen sz\u00fcks\u00e9g m\u00e1r az els\u0151 napokban, \u00e9s hogyan tudjuk a lehet\u0151\" class=\"yoast-seo-meta-tag\" \/>\n<meta property=\"og:url\" content=\"https:\/\/dorogimedence.hu\/index.php\/2026\/08\/31\/iskolakezdesi-vasarlasi-roham-ezt-az-egy-tetelt-szinte-minden-szulo-elfelejti\/\" class=\"yoast-seo-meta-tag\" \/>\n<meta property=\"og:site_name\" content=\"Dorogi-medence Region\u00e1lis H\u00edrport\u00e1l\" class=\"yoast-seo-meta-tag\" \/>\n<meta property=\"article:publisher\" content=\"https:\/\/www.facebook.com\/dorogimedence\/\" class=\"yoast-seo-meta-tag\" \/>\n<meta property=\"article:published_time\" content=\"2026-08-31T12:23:56+00:00\" class=\"yoast-seo-meta-tag\" \/>\n<meta property=\"og:image\" content=\"https:\/\/dorogimedence.hu\/wp-content\/uploads\/2026\/08\/01.png\" class=\"yoast-seo-meta-tag\" \/>\n\t<meta property=\"og:image:width\" content=\"649\" class=\"yoast-seo-meta-tag\" \/>\n\t<meta property=\"og:image:height\" content=\"433\" class=\"yoast-seo-meta-tag\" \/>\n\t<meta property=\"og:image:type\" content=\"image\/png\" class=\"yoast-seo-meta-tag\" \/>\n<meta name=\"author\" content=\"dorogimedence.hu\" class=\"yoast-seo-meta-tag\" \/>\n<meta name=\"twitter:card\" content=\"summary_large_image\" class=\"yoast-seo-meta-tag\" \/>\n<meta name=\"twitter:label1\" content=\"Szerz\u0151:\" class=\"yoast-seo-meta-tag\" \/>\n\t<meta name=\"twitter:data1\" content=\"dorogimedence.hu\" class=\"yoast-seo-meta-tag\" \/>\n\t<meta name=\"twitter:label2\" content=\"Becs\u00fclt olvas\u00e1si id\u0151\" class=\"yoast-seo-meta-tag\" \/>\n\t<meta name=\"twitter:data2\" content=\"6 perc\" class=\"yoast-seo-meta-tag\" \/>\n<script type=\"application\/ld+json\" class=\"yoast-schema-graph\">{\"@context\":\"https:\\\/\\\/schema.org\",\"@graph\":[{\"@type\":\"Article\",\"@id\":\"https:\\\/\\\/dorogimedence.hu\\\/index.php\\\/2026\\\/08\\\/31\\\/iskolakezdesi-vasarlasi-roham-ezt-az-egy-tetelt-szinte-minden-szulo-elfelejti\\\/#article\",\"isPartOf\":{\"@id\":\"https:\\\/\\\/dorogimedence.hu\\\/index.php\\\/2026\\\/08\\\/31\\\/iskolakezdesi-vasarlasi-roham-ezt-az-egy-tetelt-szinte-minden-szulo-elfelejti\\\/\"},\"author\":{\"name\":\"dorogimedence.hu\",\"@id\":\"https:\\\/\\\/dorogimedence.hu\\\/#\\\/schema\\\/person\\\/ce6091eeb7e95ecdc87890d6aa8e0fd4\"},\"headline\":\"Iskolakezd\u00e9si v\u00e1s\u00e1rl\u00e1si roham: ezt az egy t\u00e9telt szinte minden sz\u00fcl\u0151 elfelejti\",\"datePublished\":\"2026-08-31T12:23:56+00:00\",\"mainEntityOfPage\":{\"@id\":\"https:\\\/\\\/dorogimedence.hu\\\/index.php\\\/2026\\\/08\\\/31\\\/iskolakezdesi-vasarlasi-roham-ezt-az-egy-tetelt-szinte-minden-szulo-elfelejti\\\/\"},\"wordCount\":1277,\"publisher\":{\"@id\":\"https:\\\/\\\/dorogimedence.hu\\\/#organization\"},\"image\":{\"@id\":\"https:\\\/\\\/dorogimedence.hu\\\/index.php\\\/2026\\\/08\\\/31\\\/iskolakezdesi-vasarlasi-roham-ezt-az-egy-tetelt-szinte-minden-szulo-elfelejti\\\/#primaryimage\"},\"thumbnailUrl\":\"https:\\\/\\\/dorogimedence.hu\\\/wp-content\\\/uploads\\\/2026\\\/08\\\/01.png\",\"keywords\":[\"iskolakezd\u00e9s\"],\"articleSection\":[\"H\u00edrek\"],\"inLanguage\":\"hu\"},{\"@type\":\"WebPage\",\"@id\":\"https:\\\/\\\/dorogimedence.hu\\\/index.php\\\/2026\\\/08\\\/31\\\/iskolakezdesi-vasarlasi-roham-ezt-az-egy-tetelt-szinte-minden-szulo-elfelejti\\\/\",\"url\":\"https:\\\/\\\/dorogimedence.hu\\\/index.php\\\/2026\\\/08\\\/31\\\/iskolakezdesi-vasarlasi-roham-ezt-az-egy-tetelt-szinte-minden-szulo-elfelejti\\\/\",\"name\":\"Iskolakezd\u00e9si v\u00e1s\u00e1rl\u00e1si roham: ezt az egy t\u00e9telt szinte minden sz\u00fcl\u0151 elfelejti\",\"isPartOf\":{\"@id\":\"https:\\\/\\\/dorogimedence.hu\\\/#website\"},\"primaryImageOfPage\":{\"@id\":\"https:\\\/\\\/dorogimedence.hu\\\/index.php\\\/2026\\\/08\\\/31\\\/iskolakezdesi-vasarlasi-roham-ezt-az-egy-tetelt-szinte-minden-szulo-elfelejti\\\/#primaryimage\"},\"image\":{\"@id\":\"https:\\\/\\\/dorogimedence.hu\\\/index.php\\\/2026\\\/08\\\/31\\\/iskolakezdesi-vasarlasi-roham-ezt-az-egy-tetelt-szinte-minden-szulo-elfelejti\\\/#primaryimage\"},\"thumbnailUrl\":\"https:\\\/\\\/dorogimedence.hu\\\/wp-content\\\/uploads\\\/2026\\\/08\\\/01.png\",\"datePublished\":\"2026-08-31T12:23:56+00:00\",\"breadcrumb\":{\"@id\":\"https:\\\/\\\/dorogimedence.hu\\\/index.php\\\/2026\\\/08\\\/31\\\/iskolakezdesi-vasarlasi-roham-ezt-az-egy-tetelt-szinte-minden-szulo-elfelejti\\\/#breadcrumb\"},\"inLanguage\":\"hu\",\"potentialAction\":[{\"@type\":\"ReadAction\",\"target\":[\"https:\\\/\\\/dorogimedence.hu\\\/index.php\\\/2026\\\/08\\\/31\\\/iskolakezdesi-vasarlasi-roham-ezt-az-egy-tetelt-szinte-minden-szulo-elfelejti\\\/\"]}]},{\"@type\":\"ImageObject\",\"inLanguage\":\"hu\",\"@id\":\"https:\\\/\\\/dorogimedence.hu\\\/index.php\\\/2026\\\/08\\\/31\\\/iskolakezdesi-vasarlasi-roham-ezt-az-egy-tetelt-szinte-minden-szulo-elfelejti\\\/#primaryimage\",\"url\":\"https:\\\/\\\/dorogimedence.hu\\\/wp-content\\\/uploads\\\/2026\\\/08\\\/01.png\",\"contentUrl\":\"https:\\\/\\\/dorogimedence.hu\\\/wp-content\\\/uploads\\\/2026\\\/08\\\/01.png\",\"width\":649,\"height\":433},{\"@type\":\"BreadcrumbList\",\"@id\":\"https:\\\/\\\/dorogimedence.hu\\\/index.php\\\/2026\\\/08\\\/31\\\/iskolakezdesi-vasarlasi-roham-ezt-az-egy-tetelt-szinte-minden-szulo-elfelejti\\\/#breadcrumb\",\"itemListElement\":[{\"@type\":\"ListItem\",\"position\":1,\"name\":\"Kezd\u0151lap\",\"item\":\"https:\\\/\\\/dorogimedence.hu\\\/\"},{\"@type\":\"ListItem\",\"position\":2,\"name\":\"Iskolakezd\u00e9si v\u00e1s\u00e1rl\u00e1si roham: ezt az egy t\u00e9telt szinte minden sz\u00fcl\u0151 elfelejti\"}]},{\"@type\":\"WebSite\",\"@id\":\"https:\\\/\\\/dorogimedence.hu\\\/#website\",\"url\":\"https:\\\/\\\/dorogimedence.hu\\\/\",\"name\":\"Dorogi-medence Region\u00e1lis H\u00edrport\u00e1l\",\"description\":\"Dorog, Keszt\u00f6lc, Le\u00e1nyv\u00e1r, Piliscs\u00e9v, Tokod, Tokodalt\u00e1r\u00f3, Csolnok, Esztergom-kertv\u00e1ros: h\u00edrek, programok\",\"publisher\":{\"@id\":\"https:\\\/\\\/dorogimedence.hu\\\/#organization\"},\"potentialAction\":[{\"@type\":\"SearchAction\",\"target\":{\"@type\":\"EntryPoint\",\"urlTemplate\":\"https:\\\/\\\/dorogimedence.hu\\\/?s={search_term_string}\"},\"query-input\":{\"@type\":\"PropertyValueSpecification\",\"valueRequired\":true,\"valueName\":\"search_term_string\"}}],\"inLanguage\":\"hu\"},{\"@type\":\"Organization\",\"@id\":\"https:\\\/\\\/dorogimedence.hu\\\/#organization\",\"name\":\"Dorogi-medence Region\u00e1lis H\u00edrport\u00e1l\",\"url\":\"https:\\\/\\\/dorogimedence.hu\\\/\",\"logo\":{\"@type\":\"ImageObject\",\"inLanguage\":\"hu\",\"@id\":\"https:\\\/\\\/dorogimedence.hu\\\/#\\\/schema\\\/logo\\\/image\\\/\",\"url\":\"https:\\\/\\\/dorogimedence.hu\\\/wp-content\\\/uploads\\\/2021\\\/04\\\/logo-feher-600.png\",\"contentUrl\":\"https:\\\/\\\/dorogimedence.hu\\\/wp-content\\\/uploads\\\/2021\\\/04\\\/logo-feher-600.png\",\"width\":600,\"height\":100,\"caption\":\"Dorogi-medence Region\u00e1lis H\u00edrport\u00e1l\"},\"image\":{\"@id\":\"https:\\\/\\\/dorogimedence.hu\\\/#\\\/schema\\\/logo\\\/image\\\/\"},\"sameAs\":[\"https:\\\/\\\/www.facebook.com\\\/dorogimedence\\\/\"]},{\"@type\":\"Person\",\"@id\":\"https:\\\/\\\/dorogimedence.hu\\\/#\\\/schema\\\/person\\\/ce6091eeb7e95ecdc87890d6aa8e0fd4\",\"name\":\"dorogimedence.hu\",\"image\":{\"@type\":\"ImageObject\",\"inLanguage\":\"hu\",\"@id\":\"\\\/\\\/www.gravatar.com\\\/avatar\\\/d8d45f8901aadff40a4af72c0b826f1d?s=96&#038;r=g&#038;d=mm\",\"url\":\"\\\/\\\/www.gravatar.com\\\/avatar\\\/d8d45f8901aadff40a4af72c0b826f1d?s=96&#038;r=g&#038;d=mm\",\"contentUrl\":\"\\\/\\\/www.gravatar.com\\\/avatar\\\/d8d45f8901aadff40a4af72c0b826f1d?s=96&#038;r=g&#038;d=mm\",\"caption\":\"dorogimedence.hu\"}}]}<\/script>\n<!-- \/ Yoast SEO plugin. -->","yoast_head_json":{"title":"Iskolakezd\u00e9si v\u00e1s\u00e1rl\u00e1si roham: ezt az egy t\u00e9telt szinte minden sz\u00fcl\u0151 elfelejti","robots":{"index":"index","follow":"follow","max-snippet":"max-snippet:-1","max-image-preview":"max-image-preview:large","max-video-preview":"max-video-preview:-1"},"canonical":"https:\/\/dorogimedence.hu\/index.php\/2026\/08\/31\/iskolakezdesi-vasarlasi-roham-ezt-az-egy-tetelt-szinte-minden-szulo-elfelejti\/","og_locale":"hu_HU","og_type":"article","og_title":"Iskolakezd\u00e9si v\u00e1s\u00e1rl\u00e1si roham: ezt az egy t\u00e9telt szinte minden sz\u00fcl\u0151 elfelejti","og_description":"B\u00e1r az iskolai eszk\u00f6z\u00f6k ir\u00e1nt m\u00e1r j\u00faliusban fellend\u00fclt a kereslet, minden bizonnyal id\u00e9n is akadnak olyanok, akik az utols\u00f3 napokra hagyj\u00e1k a tanszerek beszerz\u00e9s\u00e9t. Ilyenkor k\u00f6nny\u0171 kapkodva, a sz\u00fcks\u00e9gesn\u00e9l t\u00f6bbet k\u00f6lteni, k\u00fcl\u00f6n\u00f6sen akkor, ha az els\u0151 di\u00e1k\u00e9vre k\u00e9sz\u00fcl\u00fcnk. Az Allegro \u00f6sszefoglalta, milyen term\u00e9kekre lesz mindenk\u00e9ppen sz\u00fcks\u00e9g m\u00e1r az els\u0151 napokban, \u00e9s hogyan tudjuk a lehet\u0151","og_url":"https:\/\/dorogimedence.hu\/index.php\/2026\/08\/31\/iskolakezdesi-vasarlasi-roham-ezt-az-egy-tetelt-szinte-minden-szulo-elfelejti\/","og_site_name":"Dorogi-medence Region\u00e1lis H\u00edrport\u00e1l","article_publisher":"https:\/\/www.facebook.com\/dorogimedence\/","article_published_time":"2026-08-31T12:23:56+00:00","og_image":[{"width":649,"height":433,"url":"https:\/\/dorogimedence.hu\/wp-content\/uploads\/2026\/08\/01.png","type":"image\/png"}],"author":"dorogimedence.hu","twitter_card":"summary_large_image","twitter_misc":{"Szerz\u0151:":"dorogimedence.hu","Becs\u00fclt olvas\u00e1si id\u0151":"6 perc"},"schema":{"@context":"https:\/\/schema.org","@graph":[{"@type":"Article","@id":"https:\/\/dorogimedence.hu\/index.php\/2026\/08\/31\/iskolakezdesi-vasarlasi-roham-ezt-az-egy-tetelt-szinte-minden-szulo-elfelejti\/#article","isPartOf":{"@id":"https:\/\/dorogimedence.hu\/index.php\/2026\/08\/31\/iskolakezdesi-vasarlasi-roham-ezt-az-egy-tetelt-szinte-minden-szulo-elfelejti\/"},"author":{"name":"dorogimedence.hu","@id":"https:\/\/dorogimedence.hu\/#\/schema\/person\/ce6091eeb7e95ecdc87890d6aa8e0fd4"},"headline":"Iskolakezd\u00e9si v\u00e1s\u00e1rl\u00e1si roham: ezt az egy t\u00e9telt szinte minden sz\u00fcl\u0151 elfelejti","datePublished":"2026-08-31T12:23:56+00:00","mainEntityOfPage":{"@id":"https:\/\/dorogimedence.hu\/index.php\/2026\/08\/31\/iskolakezdesi-vasarlasi-roham-ezt-az-egy-tetelt-szinte-minden-szulo-elfelejti\/"},"wordCount":1277,"publisher":{"@id":"https:\/\/dorogimedence.hu\/#organization"},"image":{"@id":"https:\/\/dorogimedence.hu\/index.php\/2026\/08\/31\/iskolakezdesi-vasarlasi-roham-ezt-az-egy-tetelt-szinte-minden-szulo-elfelejti\/#primaryimage"},"thumbnailUrl":"https:\/\/dorogimedence.hu\/wp-content\/uploads\/2026\/08\/01.png","keywords":["iskolakezd\u00e9s"],"articleSection":["H\u00edrek"],"inLanguage":"hu"},{"@type":"WebPage","@id":"https:\/\/dorogimedence.hu\/index.php\/2026\/08\/31\/iskolakezdesi-vasarlasi-roham-ezt-az-egy-tetelt-szinte-minden-szulo-elfelejti\/","url":"https:\/\/dorogimedence.hu\/index.php\/2026\/08\/31\/iskolakezdesi-vasarlasi-roham-ezt-az-egy-tetelt-szinte-minden-szulo-elfelejti\/","name":"Iskolakezd\u00e9si v\u00e1s\u00e1rl\u00e1si roham: ezt az egy t\u00e9telt szinte minden sz\u00fcl\u0151 elfelejti","isPartOf":{"@id":"https:\/\/dorogimedence.hu\/#website"},"primaryImageOfPage":{"@id":"https:\/\/dorogimedence.hu\/index.php\/2026\/08\/31\/iskolakezdesi-vasarlasi-roham-ezt-az-egy-tetelt-szinte-minden-szulo-elfelejti\/#primaryimage"},"image":{"@id":"https:\/\/dorogimedence.hu\/index.php\/2026\/08\/31\/iskolakezdesi-vasarlasi-roham-ezt-az-egy-tetelt-szinte-minden-szulo-elfelejti\/#primaryimage"},"thumbnailUrl":"https:\/\/dorogimedence.hu\/wp-content\/uploads\/2026\/08\/01.png","datePublished":"2026-08-31T12:23:56+00:00","breadcrumb":{"@id":"https:\/\/dorogimedence.hu\/index.php\/2026\/08\/31\/iskolakezdesi-vasarlasi-roham-ezt-az-egy-tetelt-szinte-minden-szulo-elfelejti\/#breadcrumb"},"inLanguage":"hu","potentialAction":[{"@type":"ReadAction","target":["https:\/\/dorogimedence.hu\/index.php\/2026\/08\/31\/iskolakezdesi-vasarlasi-roham-ezt-az-egy-tetelt-szinte-minden-szulo-elfelejti\/"]}]},{"@type":"ImageObject","inLanguage":"hu","@id":"https:\/\/dorogimedence.hu\/index.php\/2026\/08\/31\/iskolakezdesi-vasarlasi-roham-ezt-az-egy-tetelt-szinte-minden-szulo-elfelejti\/#primaryimage","url":"https:\/\/dorogimedence.hu\/wp-content\/uploads\/2026\/08\/01.png","contentUrl":"https:\/\/dorogimedence.hu\/wp-content\/uploads\/2026\/08\/01.png","width":649,"height":433},{"@type":"BreadcrumbList","@id":"https:\/\/dorogimedence.hu\/index.php\/2026\/08\/31\/iskolakezdesi-vasarlasi-roham-ezt-az-egy-tetelt-szinte-minden-szulo-elfelejti\/#breadcrumb","itemListElement":[{"@type":"ListItem","position":1,"name":"Kezd\u0151lap","item":"https:\/\/dorogimedence.hu\/"},{"@type":"ListItem","position":2,"name":"Iskolakezd\u00e9si v\u00e1s\u00e1rl\u00e1si roham: ezt az egy t\u00e9telt szinte minden sz\u00fcl\u0151 elfelejti"}]},{"@type":"WebSite","@id":"https:\/\/dorogimedence.hu\/#website","url":"https:\/\/dorogimedence.hu\/","name":"Dorogi-medence Region\u00e1lis H\u00edrport\u00e1l","description":"Dorog, Keszt\u00f6lc, Le\u00e1nyv\u00e1r, Piliscs\u00e9v, Tokod, Tokodalt\u00e1r\u00f3, Csolnok, Esztergom-kertv\u00e1ros: h\u00edrek, programok","publisher":{"@id":"https:\/\/dorogimedence.hu\/#organization"},"potentialAction":[{"@type":"SearchAction","target":{"@type":"EntryPoint","urlTemplate":"https:\/\/dorogimedence.hu\/?s={search_term_string}"},"query-input":{"@type":"PropertyValueSpecification","valueRequired":true,"valueName":"search_term_string"}}],"inLanguage":"hu"},{"@type":"Organization","@id":"https:\/\/dorogimedence.hu\/#organization","name":"Dorogi-medence Region\u00e1lis H\u00edrport\u00e1l","url":"https:\/\/dorogimedence.hu\/","logo":{"@type":"ImageObject","inLanguage":"hu","@id":"https:\/\/dorogimedence.hu\/#\/schema\/logo\/image\/","url":"https:\/\/dorogimedence.hu\/wp-content\/uploads\/2021\/04\/logo-feher-600.png","contentUrl":"https:\/\/dorogimedence.hu\/wp-content\/uploads\/2021\/04\/logo-feher-600.png","width":600,"height":100,"caption":"Dorogi-medence Region\u00e1lis H\u00edrport\u00e1l"},"image":{"@id":"https:\/\/dorogimedence.hu\/#\/schema\/logo\/image\/"},"sameAs":["https:\/\/www.facebook.com\/dorogimedence\/"]},{"@type":"Person","@id":"https:\/\/dorogimedence.hu\/#\/schema\/person\/ce6091eeb7e95ecdc87890d6aa8e0fd4","name":"dorogimedence.hu","image":{"@type":"ImageObject","inLanguage":"hu","@id":"\/\/www.gravatar.com\/avatar\/d8d45f8901aadff40a4af72c0b826f1d?s=96&#038;r=g&#038;d=mm","url":"\/\/www.gravatar.com\/avatar\/d8d45f8901aadff40a4af72c0b826f1d?s=96&#038;r=g&#038;d=mm","contentUrl":"\/\/www.gravatar.com\/avatar\/d8d45f8901aadff40a4af72c0b826f1d?s=96&#038;r=g&#038;d=mm","caption":"dorogimedence.hu"}}]}},"_links":{"self":[{"href":"https:\/\/dorogimedence.hu\/index.php\/wp-json\/wp\/v2\/posts\/83259","targetHints":{"allow":["GET"]}}],"collection":[{"href":"https:\/\/dorogimedence.hu\/index.php\/wp-json\/wp\/v2\/posts"}],"about":[{"href":"https:\/\/dorogimedence.hu\/index.php\/wp-json\/wp\/v2\/types\/post"}],"author":[{"embeddable":true,"href":"https:\/\/dorogimedence.hu\/index.php\/wp-json\/wp\/v2\/users\/1"}],"replies":[{"embeddable":true,"href":"https:\/\/dorogimedence.hu\/index.php\/wp-json\/wp\/v2\/comments?post=83259"}],"version-history":[{"count":2,"href":"https:\/\/dorogimedence.hu\/index.php\/wp-json\/wp\/v2\/posts\/83259\/revisions"}],"predecessor-version":[{"id":83262,"href":"https:\/\/dorogimedence.hu\/index.php\/wp-json\/wp\/v2\/posts\/83259\/revisions\/83262"}],"wp:featuredmedia":[{"embeddable":true,"href":"https:\/\/dorogimedence.hu\/index.php\/wp-json\/wp\/v2\/media\/83260"}],"wp:attachment":[{"href":"https:\/\/dorogimedence.hu\/index.php\/wp-json\/wp\/v2\/media?parent=83259"}],"wp:term":[{"taxonomy":"category","embeddable":true,"href":"https:\/\/dorogimedence.hu\/index.php\/wp-json\/wp\/v2\/categories?post=83259"},{"taxonomy":"post_tag","embeddable":true,"href":"https:\/\/dorogimedence.hu\/index.php\/wp-json\/wp\/v2\/tags?post=83259"}],"curies":[{"name":"wp","href":"https:\/\/api.w.org\/{rel}","templated":true}]}}