{"id":83254,"date":"2026-08-31T13:58:52","date_gmt":"2026-08-31T11:58:52","guid":{"rendered":"https:\/\/dorogimedence.hu\/?p=83254"},"modified":"2026-08-31T13:58:52","modified_gmt":"2026-08-31T11:58:52","slug":"tobb-mint-szazan-sportoltak-konyvtartol-konyvtarig","status":"publish","type":"post","link":"https:\/\/dorogimedence.hu\/index.php\/2026\/08\/31\/tobb-mint-szazan-sportoltak-konyvtartol-konyvtarig\/","title":{"rendered":"T\u00f6bb mint sz\u00e1zan sportoltak k\u00f6nyvt\u00e1rt\u00f3l k\u00f6nyvt\u00e1rig"},"content":{"rendered":"<p><strong>M\u00e1sodik alkalommal rendezte meg k\u00f6z\u00f6s sportnapj\u00e1t az esztergomi Helischer J\u00f3zsef V\u00e1rosi K\u00f6nyvt\u00e1r \u00e9s a dorogi G\u00e1thy Zolt\u00e1n V\u00e1rosi K\u00f6nyvt\u00e1r. Augusztus 29-\u00e9n fut\u00f3k, ker\u00e9kp\u00e1rosok \u00e9s t\u00far\u00e1z\u00f3k indultak \u00fatnak a k\u00e9t v\u00e1ros k\u00f6z\u00f6tt, mik\u00f6zben irodalmi \u00e9s \u00fcgyess\u00e9gi feladatokat is teljes\u00edtettek.<\/strong><\/p>\n<p>A r\u00e9sztvev\u0151k Esztergomb\u00f3l \u00e9s Dorogr\u00f3l egyar\u00e1nt elindulhattak, \u00e9s maguk v\u00e1laszthatt\u00e1k meg, melyik k\u00f6nyvt\u00e1rn\u00e1l fejezik be a t\u00e1vot. A nap mindk\u00e9t helysz\u00ednen k\u00f6z\u00f6s bemeleg\u00edt\u00e9ssel kezd\u0151d\u00f6tt: Esztergomban Szerencs\u00e9s Tam\u00e1s, Dorogon Szegv\u00e1ri J\u00f3zsef mozgatta \u00e1t az indul\u00f3kat.<\/p>\n<p>A sportol\u00f3k ez\u00fattal nem rajtsz\u00e1mot, hanem \u201erajt\u00edr\u00f3t\u201d kaptak: t\u00f6bbek k\u00f6z\u00f6tt Dante, Shakespeare \u00e9s Mar\u00e9k Veronika nev\u00e9t viselve teljes\u00edtett\u00e9k az \u00fatvonalat. T\u00f6bb mint sz\u00e1zan v\u00e1gtak neki a t\u00e1vnak, amelynek \u00e1llom\u00e1sain a k\u00f6nyvt\u00e1rosok \u00e9s seg\u00edt\u0151ik irodalmi rejtv\u00e9nyekkel, valamint \u00fcgyess\u00e9gi j\u00e1t\u00e9kokkal v\u00e1rt\u00e1k \u0151ket. A gyermekeknek k\u00fcl\u00f6n feladat k\u00e9sz\u00fclt: versek hi\u00e1nyz\u00f3 szavait kellett megfejteni\u00fck \u00e9s \u00e1llatfigur\u00e1s b\u00e9lyegz\u0151kkel p\u00f3tolniuk.<\/p>\n<p><img fetchpriority=\"high\" decoding=\"async\" class=\"alignnone size-full wp-image-83256\" src=\"https:\/\/dorogimedence.hu\/wp-content\/uploads\/2026\/08\/3a2f7984-6eae-4f63-a14b-954888026e4e.jpg\" alt=\"\" width=\"2048\" height=\"1536\" srcset=\"https:\/\/dorogimedence.hu\/wp-content\/uploads\/2026\/08\/3a2f7984-6eae-4f63-a14b-954888026e4e.jpg 2048w, https:\/\/dorogimedence.hu\/wp-content\/uploads\/2026\/08\/3a2f7984-6eae-4f63-a14b-954888026e4e-600x450.jpg 600w, https:\/\/dorogimedence.hu\/wp-content\/uploads\/2026\/08\/3a2f7984-6eae-4f63-a14b-954888026e4e-1920x1440.jpg 1920w, https:\/\/dorogimedence.hu\/wp-content\/uploads\/2026\/08\/3a2f7984-6eae-4f63-a14b-954888026e4e-768x576.jpg 768w, https:\/\/dorogimedence.hu\/wp-content\/uploads\/2026\/08\/3a2f7984-6eae-4f63-a14b-954888026e4e-1536x1152.jpg 1536w, https:\/\/dorogimedence.hu\/wp-content\/uploads\/2026\/08\/3a2f7984-6eae-4f63-a14b-954888026e4e-150x113.jpg 150w, https:\/\/dorogimedence.hu\/wp-content\/uploads\/2026\/08\/3a2f7984-6eae-4f63-a14b-954888026e4e-450x338.jpg 450w, https:\/\/dorogimedence.hu\/wp-content\/uploads\/2026\/08\/3a2f7984-6eae-4f63-a14b-954888026e4e-1200x900.jpg 1200w\" sizes=\"(max-width: 2048px) 100vw, 2048px\" \/><\/p>\n<p>Az \u00fatvonal a Helischer J\u00f3zsef V\u00e1rosi K\u00f6nyvt\u00e1rat, a szentgy\u00f6rgymez\u0151i lak\u00f3parkot, a Schweidel J\u00f3zsef utca melletti ker\u00e9kp\u00e1rutat, a kertv\u00e1rosi k\u00f6rforgalom ut\u00e1ni bringautat, a Palatinus-t\u00f3f\u00fcrd\u0151 bej\u00e1rat\u00e1t \u00e9s a G\u00e1thy Zolt\u00e1n V\u00e1rosi K\u00f6nyvt\u00e1rat \u00e9rintette.<\/p>\n<p>A sportnap J\u00f3zsef Attila \u201eA t\u00e1vols\u00e1got, mint \u00fcveggoly\u00f3t, megkapod\u2026\u201d sor\u00e1t v\u00e1lasztotta jelszav\u00e1ul. Ennek jegy\u00e9ben minden c\u00e9lba \u00e9rkez\u0151 v\u00e1laszthatott mag\u00e1nak egy \u00fcveggoly\u00f3t, majd friss\u00edt\u0151k, szendvicsek \u00e9s olvasnival\u00f3k mellett pihenhette ki az \u00fat f\u00e1radalmait.<\/p>\n<p>Akik hosszabb t\u00e1vra v\u00e1llalkoztak, Annav\u00f6lgyig vagy Visegr\u00e1dig is tov\u00e1bbfuthattak, ker\u00e9kp\u00e1rozhattak, illetve t\u00far\u00e1zhattak, ahol szint\u00e9n k\u00f6nyvt\u00e1rosok v\u00e1rt\u00e1k \u0151ket.<\/p>\n<p><img decoding=\"async\" class=\"alignnone size-full wp-image-83257\" src=\"https:\/\/dorogimedence.hu\/wp-content\/uploads\/2026\/08\/789299045_1496370555877522_2004716346407243910_n.jpg\" alt=\"\" width=\"2040\" height=\"1530\" srcset=\"https:\/\/dorogimedence.hu\/wp-content\/uploads\/2026\/08\/789299045_1496370555877522_2004716346407243910_n.jpg 2040w, https:\/\/dorogimedence.hu\/wp-content\/uploads\/2026\/08\/789299045_1496370555877522_2004716346407243910_n-600x450.jpg 600w, https:\/\/dorogimedence.hu\/wp-content\/uploads\/2026\/08\/789299045_1496370555877522_2004716346407243910_n-1920x1440.jpg 1920w, https:\/\/dorogimedence.hu\/wp-content\/uploads\/2026\/08\/789299045_1496370555877522_2004716346407243910_n-768x576.jpg 768w, https:\/\/dorogimedence.hu\/wp-content\/uploads\/2026\/08\/789299045_1496370555877522_2004716346407243910_n-1536x1152.jpg 1536w, https:\/\/dorogimedence.hu\/wp-content\/uploads\/2026\/08\/789299045_1496370555877522_2004716346407243910_n-150x113.jpg 150w, https:\/\/dorogimedence.hu\/wp-content\/uploads\/2026\/08\/789299045_1496370555877522_2004716346407243910_n-450x338.jpg 450w, https:\/\/dorogimedence.hu\/wp-content\/uploads\/2026\/08\/789299045_1496370555877522_2004716346407243910_n-1200x900.jpg 1200w\" sizes=\"(max-width: 2040px) 100vw, 2040px\" \/><\/p>\n<p>A program megval\u00f3s\u00edt\u00e1s\u00e1ban a Dorogi Ker\u00e9kp\u00e1ros Egyes\u00fclet, a Dorogi Fut\u00f3k\u00f6r, az Esztergomi Fut\u00f3m\u0171vek, az Esztergomi K\u00fcll\u0151szaggat\u00f3k Ker\u00e9kp\u00e1r Egyes\u00fclet \u00e9s a Szent Istv\u00e1n Strandf\u00fcrd\u0151 seg\u00edtette a k\u00e9t k\u00f6nyvt\u00e1rat.<\/p>\n<p>Az Esztergomb\u00f3l \u00e9s Dorogr\u00f3l indult kezdem\u00e9nyez\u00e9s m\u00e1s telep\u00fcl\u00e9seket is megihletett: ugyanezen a napon T\u00e1t \u00e9s Nyerges\u00fajfalu, valamint Tata \u00e9s Tatab\u00e1nya k\u00f6nyvt\u00e1rai k\u00f6z\u00f6tt is \u00fatnak indulhattak az \u00e9rdekl\u0151d\u0151k. A tervek szerint j\u00f6v\u0151re a program m\u00e1r az orsz\u00e1ghat\u00e1rt is \u00e1tl\u00e9pi, \u00e9s \u00fajabb \u00fatvonallal b\u0151v\u00fcl.<\/p>\n<p><em>Fot\u00f3k: Helischer J\u00f3zsef V\u00e1rosi K\u00f6nyvt\u00e1r<\/em><\/p>\n","protected":false},"excerpt":{"rendered":"<p>M\u00e1sodik alkalommal rendezte meg k\u00f6z\u00f6s sportnapj\u00e1t az esztergomi Helischer J\u00f3zsef V\u00e1rosi K\u00f6nyvt\u00e1r \u00e9s a dorogi G\u00e1thy Zolt\u00e1n V\u00e1rosi K\u00f6nyvt\u00e1r. Augusztus 29-\u00e9n fut\u00f3k, ker\u00e9kp\u00e1rosok \u00e9s t\u00far\u00e1z\u00f3k indultak \u00fatnak a k\u00e9t v\u00e1ros k\u00f6z\u00f6tt, mik\u00f6zben irodalmi \u00e9s \u00fcgyess\u00e9gi feladatokat is teljes\u00edtettek. A r\u00e9sztvev\u0151k Esztergomb\u00f3l \u00e9s Dorogr\u00f3l egyar\u00e1nt elindulhattak, \u00e9s maguk v\u00e1laszthatt\u00e1k meg, melyik k\u00f6nyvt\u00e1rn\u00e1l fejezik be a t\u00e1vot.<\/p>\n","protected":false},"author":1,"featured_media":83255,"comment_status":"closed","ping_status":"closed","sticky":false,"template":"","format":"standard","meta":{"ngg_post_thumbnail":0,"footnotes":""},"categories":[2,38,3,5],"tags":[15,1690,42,1609,287,1182,8523,16],"class_list":["post-83254","post","type-post","status-publish","format-standard","has-post-thumbnail","category-dorog","category-esztergom","category-hirek","category-sport","tag-dorog","tag-dorogi-konyvtar","tag-esztergom","tag-esztergomi-konyvtar","tag-futas","tag-kerekparozas","tag-konyvtartol-konyvtarig","tag-sport"],"yoast_head":"<!-- This site is optimized with the Yoast SEO plugin v28.3 - https:\/\/yoast.com\/product\/yoast-seo-wordpress\/ -->\n<title>T\u00f6bb mint sz\u00e1zan sportoltak k\u00f6nyvt\u00e1rt\u00f3l k\u00f6nyvt\u00e1rig<\/title>\n<meta name=\"robots\" content=\"index, follow, max-snippet:-1, max-image-preview:large, max-video-preview:-1\" \/>\n<link rel=\"canonical\" href=\"https:\/\/dorogimedence.hu\/index.php\/2026\/08\/31\/tobb-mint-szazan-sportoltak-konyvtartol-konyvtarig\/\" class=\"yoast-seo-meta-tag\" \/>\n<meta property=\"og:locale\" content=\"hu_HU\" class=\"yoast-seo-meta-tag\" \/>\n<meta property=\"og:type\" content=\"article\" class=\"yoast-seo-meta-tag\" \/>\n<meta property=\"og:title\" content=\"T\u00f6bb mint sz\u00e1zan sportoltak k\u00f6nyvt\u00e1rt\u00f3l k\u00f6nyvt\u00e1rig\" class=\"yoast-seo-meta-tag\" \/>\n<meta property=\"og:description\" content=\"M\u00e1sodik alkalommal rendezte meg k\u00f6z\u00f6s sportnapj\u00e1t az esztergomi Helischer J\u00f3zsef V\u00e1rosi K\u00f6nyvt\u00e1r \u00e9s a dorogi G\u00e1thy Zolt\u00e1n V\u00e1rosi K\u00f6nyvt\u00e1r. Augusztus 29-\u00e9n fut\u00f3k, ker\u00e9kp\u00e1rosok \u00e9s t\u00far\u00e1z\u00f3k indultak \u00fatnak a k\u00e9t v\u00e1ros k\u00f6z\u00f6tt, mik\u00f6zben irodalmi \u00e9s \u00fcgyess\u00e9gi feladatokat is teljes\u00edtettek. A r\u00e9sztvev\u0151k Esztergomb\u00f3l \u00e9s Dorogr\u00f3l egyar\u00e1nt elindulhattak, \u00e9s maguk v\u00e1laszthatt\u00e1k meg, melyik k\u00f6nyvt\u00e1rn\u00e1l fejezik be a t\u00e1vot.\" class=\"yoast-seo-meta-tag\" \/>\n<meta property=\"og:url\" content=\"https:\/\/dorogimedence.hu\/index.php\/2026\/08\/31\/tobb-mint-szazan-sportoltak-konyvtartol-konyvtarig\/\" class=\"yoast-seo-meta-tag\" \/>\n<meta property=\"og:site_name\" content=\"Dorogi-medence Region\u00e1lis H\u00edrport\u00e1l\" class=\"yoast-seo-meta-tag\" \/>\n<meta property=\"article:publisher\" content=\"https:\/\/www.facebook.com\/dorogimedence\/\" class=\"yoast-seo-meta-tag\" \/>\n<meta property=\"article:published_time\" content=\"2026-08-31T11:58:52+00:00\" class=\"yoast-seo-meta-tag\" \/>\n<meta property=\"og:image\" content=\"https:\/\/dorogimedence.hu\/wp-content\/uploads\/2026\/08\/konyvtar.jpg\" class=\"yoast-seo-meta-tag\" \/>\n\t<meta property=\"og:image:width\" content=\"1920\" class=\"yoast-seo-meta-tag\" \/>\n\t<meta property=\"og:image:height\" content=\"970\" class=\"yoast-seo-meta-tag\" \/>\n\t<meta property=\"og:image:type\" content=\"image\/jpeg\" class=\"yoast-seo-meta-tag\" \/>\n<meta name=\"author\" content=\"dorogimedence.hu\" class=\"yoast-seo-meta-tag\" \/>\n<meta name=\"twitter:card\" content=\"summary_large_image\" class=\"yoast-seo-meta-tag\" \/>\n<meta name=\"twitter:label1\" content=\"Szerz\u0151:\" class=\"yoast-seo-meta-tag\" \/>\n\t<meta name=\"twitter:data1\" content=\"dorogimedence.hu\" class=\"yoast-seo-meta-tag\" \/>\n\t<meta name=\"twitter:label2\" content=\"Becs\u00fclt olvas\u00e1si id\u0151\" class=\"yoast-seo-meta-tag\" \/>\n\t<meta name=\"twitter:data2\" content=\"2 perc\" class=\"yoast-seo-meta-tag\" \/>\n<script type=\"application\/ld+json\" class=\"yoast-schema-graph\">{\"@context\":\"https:\\\/\\\/schema.org\",\"@graph\":[{\"@type\":\"Article\",\"@id\":\"https:\\\/\\\/dorogimedence.hu\\\/index.php\\\/2026\\\/08\\\/31\\\/tobb-mint-szazan-sportoltak-konyvtartol-konyvtarig\\\/#article\",\"isPartOf\":{\"@id\":\"https:\\\/\\\/dorogimedence.hu\\\/index.php\\\/2026\\\/08\\\/31\\\/tobb-mint-szazan-sportoltak-konyvtartol-konyvtarig\\\/\"},\"author\":{\"name\":\"dorogimedence.hu\",\"@id\":\"https:\\\/\\\/dorogimedence.hu\\\/#\\\/schema\\\/person\\\/ce6091eeb7e95ecdc87890d6aa8e0fd4\"},\"headline\":\"T\u00f6bb mint sz\u00e1zan sportoltak k\u00f6nyvt\u00e1rt\u00f3l k\u00f6nyvt\u00e1rig\",\"datePublished\":\"2026-08-31T11:58:52+00:00\",\"mainEntityOfPage\":{\"@id\":\"https:\\\/\\\/dorogimedence.hu\\\/index.php\\\/2026\\\/08\\\/31\\\/tobb-mint-szazan-sportoltak-konyvtartol-konyvtarig\\\/\"},\"wordCount\":485,\"publisher\":{\"@id\":\"https:\\\/\\\/dorogimedence.hu\\\/#organization\"},\"image\":{\"@id\":\"https:\\\/\\\/dorogimedence.hu\\\/index.php\\\/2026\\\/08\\\/31\\\/tobb-mint-szazan-sportoltak-konyvtartol-konyvtarig\\\/#primaryimage\"},\"thumbnailUrl\":\"https:\\\/\\\/dorogimedence.hu\\\/wp-content\\\/uploads\\\/2026\\\/08\\\/konyvtar.jpg\",\"keywords\":[\"Dorog\",\"dorogi k\u00f6nyvt\u00e1r\",\"esztergom\",\"esztergomi k\u00f6nyvt\u00e1r\",\"fut\u00e1s\",\"ker\u00e9kp\u00e1roz\u00e1s\",\"K\u00f6nyvt\u00e1rt\u00f3l k\u00f6nyvt\u00e1rig\",\"sport\"],\"articleSection\":[\"Dorog\",\"Esztergom\",\"H\u00edrek\",\"Sport\"],\"inLanguage\":\"hu\"},{\"@type\":\"WebPage\",\"@id\":\"https:\\\/\\\/dorogimedence.hu\\\/index.php\\\/2026\\\/08\\\/31\\\/tobb-mint-szazan-sportoltak-konyvtartol-konyvtarig\\\/\",\"url\":\"https:\\\/\\\/dorogimedence.hu\\\/index.php\\\/2026\\\/08\\\/31\\\/tobb-mint-szazan-sportoltak-konyvtartol-konyvtarig\\\/\",\"name\":\"T\u00f6bb mint sz\u00e1zan sportoltak k\u00f6nyvt\u00e1rt\u00f3l k\u00f6nyvt\u00e1rig\",\"isPartOf\":{\"@id\":\"https:\\\/\\\/dorogimedence.hu\\\/#website\"},\"primaryImageOfPage\":{\"@id\":\"https:\\\/\\\/dorogimedence.hu\\\/index.php\\\/2026\\\/08\\\/31\\\/tobb-mint-szazan-sportoltak-konyvtartol-konyvtarig\\\/#primaryimage\"},\"image\":{\"@id\":\"https:\\\/\\\/dorogimedence.hu\\\/index.php\\\/2026\\\/08\\\/31\\\/tobb-mint-szazan-sportoltak-konyvtartol-konyvtarig\\\/#primaryimage\"},\"thumbnailUrl\":\"https:\\\/\\\/dorogimedence.hu\\\/wp-content\\\/uploads\\\/2026\\\/08\\\/konyvtar.jpg\",\"datePublished\":\"2026-08-31T11:58:52+00:00\",\"breadcrumb\":{\"@id\":\"https:\\\/\\\/dorogimedence.hu\\\/index.php\\\/2026\\\/08\\\/31\\\/tobb-mint-szazan-sportoltak-konyvtartol-konyvtarig\\\/#breadcrumb\"},\"inLanguage\":\"hu\",\"potentialAction\":[{\"@type\":\"ReadAction\",\"target\":[\"https:\\\/\\\/dorogimedence.hu\\\/index.php\\\/2026\\\/08\\\/31\\\/tobb-mint-szazan-sportoltak-konyvtartol-konyvtarig\\\/\"]}]},{\"@type\":\"ImageObject\",\"inLanguage\":\"hu\",\"@id\":\"https:\\\/\\\/dorogimedence.hu\\\/index.php\\\/2026\\\/08\\\/31\\\/tobb-mint-szazan-sportoltak-konyvtartol-konyvtarig\\\/#primaryimage\",\"url\":\"https:\\\/\\\/dorogimedence.hu\\\/wp-content\\\/uploads\\\/2026\\\/08\\\/konyvtar.jpg\",\"contentUrl\":\"https:\\\/\\\/dorogimedence.hu\\\/wp-content\\\/uploads\\\/2026\\\/08\\\/konyvtar.jpg\",\"width\":1920,\"height\":970},{\"@type\":\"BreadcrumbList\",\"@id\":\"https:\\\/\\\/dorogimedence.hu\\\/index.php\\\/2026\\\/08\\\/31\\\/tobb-mint-szazan-sportoltak-konyvtartol-konyvtarig\\\/#breadcrumb\",\"itemListElement\":[{\"@type\":\"ListItem\",\"position\":1,\"name\":\"Kezd\u0151lap\",\"item\":\"https:\\\/\\\/dorogimedence.hu\\\/\"},{\"@type\":\"ListItem\",\"position\":2,\"name\":\"T\u00f6bb mint sz\u00e1zan sportoltak k\u00f6nyvt\u00e1rt\u00f3l k\u00f6nyvt\u00e1rig\"}]},{\"@type\":\"WebSite\",\"@id\":\"https:\\\/\\\/dorogimedence.hu\\\/#website\",\"url\":\"https:\\\/\\\/dorogimedence.hu\\\/\",\"name\":\"Dorogi-medence Region\u00e1lis H\u00edrport\u00e1l\",\"description\":\"Dorog, Keszt\u00f6lc, Le\u00e1nyv\u00e1r, Piliscs\u00e9v, Tokod, Tokodalt\u00e1r\u00f3, Csolnok, Esztergom-kertv\u00e1ros: h\u00edrek, programok\",\"publisher\":{\"@id\":\"https:\\\/\\\/dorogimedence.hu\\\/#organization\"},\"potentialAction\":[{\"@type\":\"SearchAction\",\"target\":{\"@type\":\"EntryPoint\",\"urlTemplate\":\"https:\\\/\\\/dorogimedence.hu\\\/?s={search_term_string}\"},\"query-input\":{\"@type\":\"PropertyValueSpecification\",\"valueRequired\":true,\"valueName\":\"search_term_string\"}}],\"inLanguage\":\"hu\"},{\"@type\":\"Organization\",\"@id\":\"https:\\\/\\\/dorogimedence.hu\\\/#organization\",\"name\":\"Dorogi-medence Region\u00e1lis H\u00edrport\u00e1l\",\"url\":\"https:\\\/\\\/dorogimedence.hu\\\/\",\"logo\":{\"@type\":\"ImageObject\",\"inLanguage\":\"hu\",\"@id\":\"https:\\\/\\\/dorogimedence.hu\\\/#\\\/schema\\\/logo\\\/image\\\/\",\"url\":\"https:\\\/\\\/dorogimedence.hu\\\/wp-content\\\/uploads\\\/2021\\\/04\\\/logo-feher-600.png\",\"contentUrl\":\"https:\\\/\\\/dorogimedence.hu\\\/wp-content\\\/uploads\\\/2021\\\/04\\\/logo-feher-600.png\",\"width\":600,\"height\":100,\"caption\":\"Dorogi-medence Region\u00e1lis H\u00edrport\u00e1l\"},\"image\":{\"@id\":\"https:\\\/\\\/dorogimedence.hu\\\/#\\\/schema\\\/logo\\\/image\\\/\"},\"sameAs\":[\"https:\\\/\\\/www.facebook.com\\\/dorogimedence\\\/\"]},{\"@type\":\"Person\",\"@id\":\"https:\\\/\\\/dorogimedence.hu\\\/#\\\/schema\\\/person\\\/ce6091eeb7e95ecdc87890d6aa8e0fd4\",\"name\":\"dorogimedence.hu\",\"image\":{\"@type\":\"ImageObject\",\"inLanguage\":\"hu\",\"@id\":\"\\\/\\\/www.gravatar.com\\\/avatar\\\/d8d45f8901aadff40a4af72c0b826f1d?s=96&#038;r=g&#038;d=mm\",\"url\":\"\\\/\\\/www.gravatar.com\\\/avatar\\\/d8d45f8901aadff40a4af72c0b826f1d?s=96&#038;r=g&#038;d=mm\",\"contentUrl\":\"\\\/\\\/www.gravatar.com\\\/avatar\\\/d8d45f8901aadff40a4af72c0b826f1d?s=96&#038;r=g&#038;d=mm\",\"caption\":\"dorogimedence.hu\"}}]}<\/script>\n<!-- \/ Yoast SEO plugin. -->","yoast_head_json":{"title":"T\u00f6bb mint sz\u00e1zan sportoltak k\u00f6nyvt\u00e1rt\u00f3l k\u00f6nyvt\u00e1rig","robots":{"index":"index","follow":"follow","max-snippet":"max-snippet:-1","max-image-preview":"max-image-preview:large","max-video-preview":"max-video-preview:-1"},"canonical":"https:\/\/dorogimedence.hu\/index.php\/2026\/08\/31\/tobb-mint-szazan-sportoltak-konyvtartol-konyvtarig\/","og_locale":"hu_HU","og_type":"article","og_title":"T\u00f6bb mint sz\u00e1zan sportoltak k\u00f6nyvt\u00e1rt\u00f3l k\u00f6nyvt\u00e1rig","og_description":"M\u00e1sodik alkalommal rendezte meg k\u00f6z\u00f6s sportnapj\u00e1t az esztergomi Helischer J\u00f3zsef V\u00e1rosi K\u00f6nyvt\u00e1r \u00e9s a dorogi G\u00e1thy Zolt\u00e1n V\u00e1rosi K\u00f6nyvt\u00e1r. Augusztus 29-\u00e9n fut\u00f3k, ker\u00e9kp\u00e1rosok \u00e9s t\u00far\u00e1z\u00f3k indultak \u00fatnak a k\u00e9t v\u00e1ros k\u00f6z\u00f6tt, mik\u00f6zben irodalmi \u00e9s \u00fcgyess\u00e9gi feladatokat is teljes\u00edtettek. A r\u00e9sztvev\u0151k Esztergomb\u00f3l \u00e9s Dorogr\u00f3l egyar\u00e1nt elindulhattak, \u00e9s maguk v\u00e1laszthatt\u00e1k meg, melyik k\u00f6nyvt\u00e1rn\u00e1l fejezik be a t\u00e1vot.","og_url":"https:\/\/dorogimedence.hu\/index.php\/2026\/08\/31\/tobb-mint-szazan-sportoltak-konyvtartol-konyvtarig\/","og_site_name":"Dorogi-medence Region\u00e1lis H\u00edrport\u00e1l","article_publisher":"https:\/\/www.facebook.com\/dorogimedence\/","article_published_time":"2026-08-31T11:58:52+00:00","og_image":[{"width":1920,"height":970,"url":"https:\/\/dorogimedence.hu\/wp-content\/uploads\/2026\/08\/konyvtar.jpg","type":"image\/jpeg"}],"author":"dorogimedence.hu","twitter_card":"summary_large_image","twitter_misc":{"Szerz\u0151:":"dorogimedence.hu","Becs\u00fclt olvas\u00e1si id\u0151":"2 perc"},"schema":{"@context":"https:\/\/schema.org","@graph":[{"@type":"Article","@id":"https:\/\/dorogimedence.hu\/index.php\/2026\/08\/31\/tobb-mint-szazan-sportoltak-konyvtartol-konyvtarig\/#article","isPartOf":{"@id":"https:\/\/dorogimedence.hu\/index.php\/2026\/08\/31\/tobb-mint-szazan-sportoltak-konyvtartol-konyvtarig\/"},"author":{"name":"dorogimedence.hu","@id":"https:\/\/dorogimedence.hu\/#\/schema\/person\/ce6091eeb7e95ecdc87890d6aa8e0fd4"},"headline":"T\u00f6bb mint sz\u00e1zan sportoltak k\u00f6nyvt\u00e1rt\u00f3l k\u00f6nyvt\u00e1rig","datePublished":"2026-08-31T11:58:52+00:00","mainEntityOfPage":{"@id":"https:\/\/dorogimedence.hu\/index.php\/2026\/08\/31\/tobb-mint-szazan-sportoltak-konyvtartol-konyvtarig\/"},"wordCount":485,"publisher":{"@id":"https:\/\/dorogimedence.hu\/#organization"},"image":{"@id":"https:\/\/dorogimedence.hu\/index.php\/2026\/08\/31\/tobb-mint-szazan-sportoltak-konyvtartol-konyvtarig\/#primaryimage"},"thumbnailUrl":"https:\/\/dorogimedence.hu\/wp-content\/uploads\/2026\/08\/konyvtar.jpg","keywords":["Dorog","dorogi k\u00f6nyvt\u00e1r","esztergom","esztergomi k\u00f6nyvt\u00e1r","fut\u00e1s","ker\u00e9kp\u00e1roz\u00e1s","K\u00f6nyvt\u00e1rt\u00f3l k\u00f6nyvt\u00e1rig","sport"],"articleSection":["Dorog","Esztergom","H\u00edrek","Sport"],"inLanguage":"hu"},{"@type":"WebPage","@id":"https:\/\/dorogimedence.hu\/index.php\/2026\/08\/31\/tobb-mint-szazan-sportoltak-konyvtartol-konyvtarig\/","url":"https:\/\/dorogimedence.hu\/index.php\/2026\/08\/31\/tobb-mint-szazan-sportoltak-konyvtartol-konyvtarig\/","name":"T\u00f6bb mint sz\u00e1zan sportoltak k\u00f6nyvt\u00e1rt\u00f3l k\u00f6nyvt\u00e1rig","isPartOf":{"@id":"https:\/\/dorogimedence.hu\/#website"},"primaryImageOfPage":{"@id":"https:\/\/dorogimedence.hu\/index.php\/2026\/08\/31\/tobb-mint-szazan-sportoltak-konyvtartol-konyvtarig\/#primaryimage"},"image":{"@id":"https:\/\/dorogimedence.hu\/index.php\/2026\/08\/31\/tobb-mint-szazan-sportoltak-konyvtartol-konyvtarig\/#primaryimage"},"thumbnailUrl":"https:\/\/dorogimedence.hu\/wp-content\/uploads\/2026\/08\/konyvtar.jpg","datePublished":"2026-08-31T11:58:52+00:00","breadcrumb":{"@id":"https:\/\/dorogimedence.hu\/index.php\/2026\/08\/31\/tobb-mint-szazan-sportoltak-konyvtartol-konyvtarig\/#breadcrumb"},"inLanguage":"hu","potentialAction":[{"@type":"ReadAction","target":["https:\/\/dorogimedence.hu\/index.php\/2026\/08\/31\/tobb-mint-szazan-sportoltak-konyvtartol-konyvtarig\/"]}]},{"@type":"ImageObject","inLanguage":"hu","@id":"https:\/\/dorogimedence.hu\/index.php\/2026\/08\/31\/tobb-mint-szazan-sportoltak-konyvtartol-konyvtarig\/#primaryimage","url":"https:\/\/dorogimedence.hu\/wp-content\/uploads\/2026\/08\/konyvtar.jpg","contentUrl":"https:\/\/dorogimedence.hu\/wp-content\/uploads\/2026\/08\/konyvtar.jpg","width":1920,"height":970},{"@type":"BreadcrumbList","@id":"https:\/\/dorogimedence.hu\/index.php\/2026\/08\/31\/tobb-mint-szazan-sportoltak-konyvtartol-konyvtarig\/#breadcrumb","itemListElement":[{"@type":"ListItem","position":1,"name":"Kezd\u0151lap","item":"https:\/\/dorogimedence.hu\/"},{"@type":"ListItem","position":2,"name":"T\u00f6bb mint sz\u00e1zan sportoltak k\u00f6nyvt\u00e1rt\u00f3l k\u00f6nyvt\u00e1rig"}]},{"@type":"WebSite","@id":"https:\/\/dorogimedence.hu\/#website","url":"https:\/\/dorogimedence.hu\/","name":"Dorogi-medence Region\u00e1lis H\u00edrport\u00e1l","description":"Dorog, Keszt\u00f6lc, Le\u00e1nyv\u00e1r, Piliscs\u00e9v, Tokod, Tokodalt\u00e1r\u00f3, Csolnok, Esztergom-kertv\u00e1ros: h\u00edrek, programok","publisher":{"@id":"https:\/\/dorogimedence.hu\/#organization"},"potentialAction":[{"@type":"SearchAction","target":{"@type":"EntryPoint","urlTemplate":"https:\/\/dorogimedence.hu\/?s={search_term_string}"},"query-input":{"@type":"PropertyValueSpecification","valueRequired":true,"valueName":"search_term_string"}}],"inLanguage":"hu"},{"@type":"Organization","@id":"https:\/\/dorogimedence.hu\/#organization","name":"Dorogi-medence Region\u00e1lis H\u00edrport\u00e1l","url":"https:\/\/dorogimedence.hu\/","logo":{"@type":"ImageObject","inLanguage":"hu","@id":"https:\/\/dorogimedence.hu\/#\/schema\/logo\/image\/","url":"https:\/\/dorogimedence.hu\/wp-content\/uploads\/2021\/04\/logo-feher-600.png","contentUrl":"https:\/\/dorogimedence.hu\/wp-content\/uploads\/2021\/04\/logo-feher-600.png","width":600,"height":100,"caption":"Dorogi-medence Region\u00e1lis H\u00edrport\u00e1l"},"image":{"@id":"https:\/\/dorogimedence.hu\/#\/schema\/logo\/image\/"},"sameAs":["https:\/\/www.facebook.com\/dorogimedence\/"]},{"@type":"Person","@id":"https:\/\/dorogimedence.hu\/#\/schema\/person\/ce6091eeb7e95ecdc87890d6aa8e0fd4","name":"dorogimedence.hu","image":{"@type":"ImageObject","inLanguage":"hu","@id":"\/\/www.gravatar.com\/avatar\/d8d45f8901aadff40a4af72c0b826f1d?s=96&#038;r=g&#038;d=mm","url":"\/\/www.gravatar.com\/avatar\/d8d45f8901aadff40a4af72c0b826f1d?s=96&#038;r=g&#038;d=mm","contentUrl":"\/\/www.gravatar.com\/avatar\/d8d45f8901aadff40a4af72c0b826f1d?s=96&#038;r=g&#038;d=mm","caption":"dorogimedence.hu"}}]}},"_links":{"self":[{"href":"https:\/\/dorogimedence.hu\/index.php\/wp-json\/wp\/v2\/posts\/83254","targetHints":{"allow":["GET"]}}],"collection":[{"href":"https:\/\/dorogimedence.hu\/index.php\/wp-json\/wp\/v2\/posts"}],"about":[{"href":"https:\/\/dorogimedence.hu\/index.php\/wp-json\/wp\/v2\/types\/post"}],"author":[{"embeddable":true,"href":"https:\/\/dorogimedence.hu\/index.php\/wp-json\/wp\/v2\/users\/1"}],"replies":[{"embeddable":true,"href":"https:\/\/dorogimedence.hu\/index.php\/wp-json\/wp\/v2\/comments?post=83254"}],"version-history":[{"count":1,"href":"https:\/\/dorogimedence.hu\/index.php\/wp-json\/wp\/v2\/posts\/83254\/revisions"}],"predecessor-version":[{"id":83258,"href":"https:\/\/dorogimedence.hu\/index.php\/wp-json\/wp\/v2\/posts\/83254\/revisions\/83258"}],"wp:featuredmedia":[{"embeddable":true,"href":"https:\/\/dorogimedence.hu\/index.php\/wp-json\/wp\/v2\/media\/83255"}],"wp:attachment":[{"href":"https:\/\/dorogimedence.hu\/index.php\/wp-json\/wp\/v2\/media?parent=83254"}],"wp:term":[{"taxonomy":"category","embeddable":true,"href":"https:\/\/dorogimedence.hu\/index.php\/wp-json\/wp\/v2\/categories?post=83254"},{"taxonomy":"post_tag","embeddable":true,"href":"https:\/\/dorogimedence.hu\/index.php\/wp-json\/wp\/v2\/tags?post=83254"}],"curies":[{"name":"wp","href":"https:\/\/api.w.org\/{rel}","templated":true}]}}