{"id":83249,"date":"2026-08-31T13:45:10","date_gmt":"2026-08-31T11:45:10","guid":{"rendered":"https:\/\/dorogimedence.hu\/?p=83249"},"modified":"2026-08-31T13:45:10","modified_gmt":"2026-08-31T11:45:10","slug":"kick-box-toth-anna-a-vilagkupa-legharcosabb-hazai-noi-versenyzoje","status":"publish","type":"post","link":"https:\/\/dorogimedence.hu\/index.php\/2026\/08\/31\/kick-box-toth-anna-a-vilagkupa-legharcosabb-hazai-noi-versenyzoje\/","title":{"rendered":"Kick-box: T\u00f3th Anna a vil\u00e1gkupa legharcosabb hazai n\u0151i versenyz\u0151je"},"content":{"rendered":"<p><strong>Arany- \u00e9s k\u00e9t bronz\u00e9remmel z\u00e1rta a 31. Magyar Kick-box Vil\u00e1gkup\u00e1t az Esztergomi Kick-Box SE. A tokodi sz\u00e1rmaz\u00e1s\u00fa T\u00f3th Anna a feln\u0151tt n\u0151i full-contact 60 kilogrammos s\u00falycsoportban \u00e1llhatott a dobog\u00f3 legfels\u0151 fok\u00e1ra, emellett a vil\u00e1gkupa legharcosabb hazai n\u0151i versenyz\u0151j\u00e9nek j\u00e1r\u00f3 k\u00fcl\u00f6nd\u00edjat is \u00e1tvehette.<\/strong><\/p>\n<p>A budapesti BOK Sportcsarnokban augusztus 28. \u00e9s 30. k\u00f6z\u00f6tt megrendezett vil\u00e1gkup\u00e1n 48 orsz\u00e1g t\u00f6bb mint k\u00e9tezer sportol\u00f3ja vett r\u00e9szt. Az Esztergomi Kick-Box SE sz\u00edneit kilenc versenyz\u0151 k\u00e9pviselte.<\/p>\n<p>T\u00f3th Anna osztr\u00e1k ellenfel\u00e9t magabiztosan legy\u0151zve jutott be az el\u0151d\u00f6nt\u0151be, ahol egy portug\u00e1l versenyz\u0151vel szemben is gy\u0151zelmet aratott. A d\u00f6nt\u0151ben az olasz Tombinivel tal\u00e1lkozott, akivel id\u00e9n m\u00e1r megk\u00fczd\u00f6tt az olaszorsz\u00e1gi vil\u00e1gkupa fin\u00e1l\u00e9j\u00e1ban. Akkor minim\u00e1lis pontk\u00fcl\u00f6nbs\u00e9ggel az olasz sportol\u00f3 nyert, Budapesten azonban Anna visszav\u00e1gott: a d\u00f6nt\u0151t 3\u20130-ra megnyerve arany\u00e9rmet szerzett.<\/p>\n<p>A tokodi sz\u00e1rmaz\u00e1s\u00fa sportol\u00f3 teljes\u00edtm\u00e9ny\u00e9t k\u00fcl\u00f6nd\u00edjjal is elismert\u00e9k. \u0150 vehette \u00e1t a vil\u00e1gkupa legharcosabb hazai n\u0151i versenyz\u0151j\u00e9nek j\u00e1r\u00f3, dr. Leyrer Rich\u00e1rdr\u00f3l elnevezett d\u00edjat. Az \u00fajonnan alap\u00edtott elismer\u00e9s n\u00e9vad\u00f3ja a Magyar Kick-box Szaksz\u00f6vets\u00e9g 2015-ben elhunyt eln\u00f6ke, a WAKO egykori aleln\u00f6ke \u00e9s a sport\u00e1g meghat\u00e1roz\u00f3 sportvezet\u0151je volt. A f\u00e9rfiakn\u00e1l Szab\u00f3-T\u00f3th D\u00e1vid r\u00e9szes\u00fclt a k\u00fcl\u00f6nd\u00edjban.<\/p>\n<p><img fetchpriority=\"high\" decoding=\"async\" class=\"alignnone size-full wp-image-83251\" src=\"https:\/\/dorogimedence.hu\/wp-content\/uploads\/2026\/08\/784251932_1602997544795635_227528204229423748_n.jpg\" alt=\"\" width=\"2048\" height=\"1536\" srcset=\"https:\/\/dorogimedence.hu\/wp-content\/uploads\/2026\/08\/784251932_1602997544795635_227528204229423748_n.jpg 2048w, https:\/\/dorogimedence.hu\/wp-content\/uploads\/2026\/08\/784251932_1602997544795635_227528204229423748_n-600x450.jpg 600w, https:\/\/dorogimedence.hu\/wp-content\/uploads\/2026\/08\/784251932_1602997544795635_227528204229423748_n-1920x1440.jpg 1920w, https:\/\/dorogimedence.hu\/wp-content\/uploads\/2026\/08\/784251932_1602997544795635_227528204229423748_n-768x576.jpg 768w, https:\/\/dorogimedence.hu\/wp-content\/uploads\/2026\/08\/784251932_1602997544795635_227528204229423748_n-1536x1152.jpg 1536w, https:\/\/dorogimedence.hu\/wp-content\/uploads\/2026\/08\/784251932_1602997544795635_227528204229423748_n-150x113.jpg 150w, https:\/\/dorogimedence.hu\/wp-content\/uploads\/2026\/08\/784251932_1602997544795635_227528204229423748_n-450x338.jpg 450w, https:\/\/dorogimedence.hu\/wp-content\/uploads\/2026\/08\/784251932_1602997544795635_227528204229423748_n-1200x900.jpg 1200w\" sizes=\"(max-width: 2048px) 100vw, 2048px\" \/><\/p>\n<h3>K\u00e9t bronz\u00e9rem is Esztergomba ker\u00fclt<\/h3>\n<p>A juniorok mez\u0151ny\u00e9ben Vidra Barna angol ellenfel\u00e9t magabiztosan legy\u0151zve jutott az el\u0151d\u00f6nt\u0151be. Ott egy osztr\u00e1k versenyz\u0151vel tal\u00e1lkozott, akivel szemben ez\u00fattal alulmaradt, \u00edgy bronz\u00e9remmel fejezte be a vil\u00e1gkup\u00e1t.<\/p>\n<p>Kajt\u00e1r Bence a feln\u0151ttek light-contact 79 kilogrammos mez\u0151ny\u00e9ben szerzett bronz\u00e9rmet. A legjobb 16 k\u00f6z\u00f6tt spanyol, majd a negyedd\u00f6nt\u0151ben osztr\u00e1k ellenfel\u00e9t gy\u0151zte le magabiztosan. Kisebb betegs\u00e9g is h\u00e1tr\u00e1ltatta, ez\u00e9rt a klub a k\u00e9t h\u00e9ttel k\u00e9s\u0151bb kezd\u0151d\u0151 EUSA Eur\u00f3pai Egyetemi J\u00e1t\u00e9kokra tekintettel nem kock\u00e1ztatott, \u00e9s visszal\u00e9ptette az el\u0151d\u00f6nt\u0151t\u0151l.<\/p>\n<p>Kov\u00e1cs Marcell a legjobb nyolc k\u00f6z\u00f6tt a k\u00e9s\u0151bbi gy\u0151ztes, vil\u00e1gbajnoki bronz\u00e9rmes cseh versenyz\u0151vel szemben maradt alul, \u00edgy az \u00f6t\u00f6dik helyen z\u00e1rt. T\u00f3th D\u00e9nes technikai KO-val gy\u0151zte le ukr\u00e1n ellenfel\u00e9t a nyolcadd\u00f6nt\u0151ben, az \u00e9remszerz\u00e9s\u00e9rt azonban a vil\u00e1granglista m\u00e1sodik hely\u00e9n \u00e1ll\u00f3 bolg\u00e1r riv\u00e1lisa bizonyult jobbnak.<\/p>\n<p>M\u00f3czik Lili olasz, R\u00e9vai Martin ukr\u00e1n, Gergely Bak\u00e1cs Andr\u00e1s lengyel, Olasz D\u00f3ra pedig egy szoros m\u00e9rk\u0151z\u00e9sen d\u00e1n ellenf\u00e9llel szemben b\u00facs\u00fazott a k\u00fczdelmekt\u0151l.<\/p>\n<p>Az Esztergomi Kick-Box SE versenyz\u0151i \u00edgy \u00f6sszesen egy arany- \u00e9s k\u00e9t bronz\u00e9remmel fejezt\u00e9k be a vil\u00e1gkup\u00e1t. A magyar v\u00e1logatott a feln\u0151ttek k\u00f6z\u00f6tt h\u00e9t arany-, tizenegy ez\u00fcst- \u00e9s tizenhat bronz\u00e9rmet szerzett, valamennyi koroszt\u00e1ly \u00f6sszes\u00edtett \u00e9remt\u00e1bl\u00e1zat\u00e1n pedig Ukrajna m\u00f6g\u00f6tt a m\u00e1sodik helyen v\u00e9gzett.<\/p>\n<p><img decoding=\"async\" class=\"alignnone size-full wp-image-83252\" src=\"https:\/\/dorogimedence.hu\/wp-content\/uploads\/2026\/08\/789708969_1326964399288538_284265549575699941_n.jpg\" alt=\"\" width=\"1590\" height=\"1060\" srcset=\"https:\/\/dorogimedence.hu\/wp-content\/uploads\/2026\/08\/789708969_1326964399288538_284265549575699941_n.jpg 1590w, https:\/\/dorogimedence.hu\/wp-content\/uploads\/2026\/08\/789708969_1326964399288538_284265549575699941_n-600x400.jpg 600w, https:\/\/dorogimedence.hu\/wp-content\/uploads\/2026\/08\/789708969_1326964399288538_284265549575699941_n-768x512.jpg 768w, https:\/\/dorogimedence.hu\/wp-content\/uploads\/2026\/08\/789708969_1326964399288538_284265549575699941_n-1536x1024.jpg 1536w, https:\/\/dorogimedence.hu\/wp-content\/uploads\/2026\/08\/789708969_1326964399288538_284265549575699941_n-150x100.jpg 150w, https:\/\/dorogimedence.hu\/wp-content\/uploads\/2026\/08\/789708969_1326964399288538_284265549575699941_n-450x300.jpg 450w, https:\/\/dorogimedence.hu\/wp-content\/uploads\/2026\/08\/789708969_1326964399288538_284265549575699941_n-1200x800.jpg 1200w, https:\/\/dorogimedence.hu\/wp-content\/uploads\/2026\/08\/789708969_1326964399288538_284265549575699941_n-272x182.jpg 272w\" sizes=\"(max-width: 1590px) 100vw, 1590px\" \/><\/p>\n<p><em>Fot\u00f3k: Esztergomi Kick-Box SE<br \/>\nFelhaszn\u00e1lt forr\u00e1sok: Esztergomi Kick-Box SE, Magyar Kick-box Szaksz\u00f6vets\u00e9g WAKO, Tokod Nagyk\u00f6zs\u00e9g \u00d6nkorm\u00e1nyzata Facebook-oldalak<\/em><\/p>\n","protected":false},"excerpt":{"rendered":"<p>Arany- \u00e9s k\u00e9t bronz\u00e9remmel z\u00e1rta a 31. Magyar Kick-box Vil\u00e1gkup\u00e1t az Esztergomi Kick-Box SE. A tokodi sz\u00e1rmaz\u00e1s\u00fa T\u00f3th Anna a feln\u0151tt n\u0151i full-contact 60 kilogrammos s\u00falycsoportban \u00e1llhatott a dobog\u00f3 legfels\u0151 fok\u00e1ra, emellett a vil\u00e1gkupa legharcosabb hazai n\u0151i versenyz\u0151j\u00e9nek j\u00e1r\u00f3 k\u00fcl\u00f6nd\u00edjat is \u00e1tvehette. A budapesti BOK Sportcsarnokban augusztus 28. \u00e9s 30. k\u00f6z\u00f6tt megrendezett vil\u00e1gkup\u00e1n 48 orsz\u00e1g<\/p>\n","protected":false},"author":1,"featured_media":83250,"comment_status":"closed","ping_status":"closed","sticky":false,"template":"","format":"standard","meta":{"ngg_post_thumbnail":0,"footnotes":""},"categories":[38,3,6],"tags":[42,795,16,12,2965],"class_list":["post-83249","post","type-post","status-publish","format-standard","has-post-thumbnail","category-esztergom","category-hirek","category-tokod","tag-esztergom","tag-kick-box","tag-sport","tag-tokod","tag-vilagkupa"],"yoast_head":"<!-- This site is optimized with the Yoast SEO plugin v28.3 - https:\/\/yoast.com\/product\/yoast-seo-wordpress\/ -->\n<title>Kick-box: T\u00f3th Anna a vil\u00e1gkupa legharcosabb hazai n\u0151i versenyz\u0151je<\/title>\n<meta name=\"robots\" content=\"index, follow, max-snippet:-1, max-image-preview:large, max-video-preview:-1\" \/>\n<link rel=\"canonical\" href=\"https:\/\/dorogimedence.hu\/index.php\/2026\/08\/31\/kick-box-toth-anna-a-vilagkupa-legharcosabb-hazai-noi-versenyzoje\/\" class=\"yoast-seo-meta-tag\" \/>\n<meta property=\"og:locale\" content=\"hu_HU\" class=\"yoast-seo-meta-tag\" \/>\n<meta property=\"og:type\" content=\"article\" class=\"yoast-seo-meta-tag\" \/>\n<meta property=\"og:title\" content=\"Kick-box: T\u00f3th Anna a vil\u00e1gkupa legharcosabb hazai n\u0151i versenyz\u0151je\" class=\"yoast-seo-meta-tag\" \/>\n<meta property=\"og:description\" content=\"Arany- \u00e9s k\u00e9t bronz\u00e9remmel z\u00e1rta a 31. Magyar Kick-box Vil\u00e1gkup\u00e1t az Esztergomi Kick-Box SE. A tokodi sz\u00e1rmaz\u00e1s\u00fa T\u00f3th Anna a feln\u0151tt n\u0151i full-contact 60 kilogrammos s\u00falycsoportban \u00e1llhatott a dobog\u00f3 legfels\u0151 fok\u00e1ra, emellett a vil\u00e1gkupa legharcosabb hazai n\u0151i versenyz\u0151j\u00e9nek j\u00e1r\u00f3 k\u00fcl\u00f6nd\u00edjat is \u00e1tvehette. A budapesti BOK Sportcsarnokban augusztus 28. \u00e9s 30. k\u00f6z\u00f6tt megrendezett vil\u00e1gkup\u00e1n 48 orsz\u00e1g\" class=\"yoast-seo-meta-tag\" \/>\n<meta property=\"og:url\" content=\"https:\/\/dorogimedence.hu\/index.php\/2026\/08\/31\/kick-box-toth-anna-a-vilagkupa-legharcosabb-hazai-noi-versenyzoje\/\" class=\"yoast-seo-meta-tag\" \/>\n<meta property=\"og:site_name\" content=\"Dorogi-medence Region\u00e1lis H\u00edrport\u00e1l\" class=\"yoast-seo-meta-tag\" \/>\n<meta property=\"article:publisher\" content=\"https:\/\/www.facebook.com\/dorogimedence\/\" class=\"yoast-seo-meta-tag\" \/>\n<meta property=\"article:published_time\" content=\"2026-08-31T11:45:10+00:00\" class=\"yoast-seo-meta-tag\" \/>\n<meta property=\"og:image\" content=\"https:\/\/dorogimedence.hu\/wp-content\/uploads\/2026\/08\/791453812_1669738801385112_6871374904992102699_n.jpg\" class=\"yoast-seo-meta-tag\" \/>\n\t<meta property=\"og:image:width\" content=\"2048\" class=\"yoast-seo-meta-tag\" \/>\n\t<meta property=\"og:image:height\" content=\"1536\" class=\"yoast-seo-meta-tag\" \/>\n\t<meta property=\"og:image:type\" content=\"image\/jpeg\" class=\"yoast-seo-meta-tag\" \/>\n<meta name=\"author\" content=\"dorogimedence.hu\" class=\"yoast-seo-meta-tag\" \/>\n<meta name=\"twitter:card\" content=\"summary_large_image\" class=\"yoast-seo-meta-tag\" \/>\n<meta name=\"twitter:label1\" content=\"Szerz\u0151:\" class=\"yoast-seo-meta-tag\" \/>\n\t<meta name=\"twitter:data1\" content=\"dorogimedence.hu\" class=\"yoast-seo-meta-tag\" \/>\n\t<meta name=\"twitter:label2\" content=\"Becs\u00fclt olvas\u00e1si id\u0151\" class=\"yoast-seo-meta-tag\" \/>\n\t<meta name=\"twitter:data2\" content=\"3 perc\" class=\"yoast-seo-meta-tag\" \/>\n<script type=\"application\/ld+json\" class=\"yoast-schema-graph\">{\"@context\":\"https:\\\/\\\/schema.org\",\"@graph\":[{\"@type\":\"Article\",\"@id\":\"https:\\\/\\\/dorogimedence.hu\\\/index.php\\\/2026\\\/08\\\/31\\\/kick-box-toth-anna-a-vilagkupa-legharcosabb-hazai-noi-versenyzoje\\\/#article\",\"isPartOf\":{\"@id\":\"https:\\\/\\\/dorogimedence.hu\\\/index.php\\\/2026\\\/08\\\/31\\\/kick-box-toth-anna-a-vilagkupa-legharcosabb-hazai-noi-versenyzoje\\\/\"},\"author\":{\"name\":\"dorogimedence.hu\",\"@id\":\"https:\\\/\\\/dorogimedence.hu\\\/#\\\/schema\\\/person\\\/ce6091eeb7e95ecdc87890d6aa8e0fd4\"},\"headline\":\"Kick-box: T\u00f3th Anna a vil\u00e1gkupa legharcosabb hazai n\u0151i versenyz\u0151je\",\"datePublished\":\"2026-08-31T11:45:10+00:00\",\"mainEntityOfPage\":{\"@id\":\"https:\\\/\\\/dorogimedence.hu\\\/index.php\\\/2026\\\/08\\\/31\\\/kick-box-toth-anna-a-vilagkupa-legharcosabb-hazai-noi-versenyzoje\\\/\"},\"wordCount\":592,\"publisher\":{\"@id\":\"https:\\\/\\\/dorogimedence.hu\\\/#organization\"},\"image\":{\"@id\":\"https:\\\/\\\/dorogimedence.hu\\\/index.php\\\/2026\\\/08\\\/31\\\/kick-box-toth-anna-a-vilagkupa-legharcosabb-hazai-noi-versenyzoje\\\/#primaryimage\"},\"thumbnailUrl\":\"https:\\\/\\\/dorogimedence.hu\\\/wp-content\\\/uploads\\\/2026\\\/08\\\/791453812_1669738801385112_6871374904992102699_n.jpg\",\"keywords\":[\"esztergom\",\"kick-box\",\"sport\",\"Tokod\",\"Vil\u00e1gkupa\"],\"articleSection\":[\"Esztergom\",\"H\u00edrek\",\"Tokod\"],\"inLanguage\":\"hu\"},{\"@type\":\"WebPage\",\"@id\":\"https:\\\/\\\/dorogimedence.hu\\\/index.php\\\/2026\\\/08\\\/31\\\/kick-box-toth-anna-a-vilagkupa-legharcosabb-hazai-noi-versenyzoje\\\/\",\"url\":\"https:\\\/\\\/dorogimedence.hu\\\/index.php\\\/2026\\\/08\\\/31\\\/kick-box-toth-anna-a-vilagkupa-legharcosabb-hazai-noi-versenyzoje\\\/\",\"name\":\"Kick-box: T\u00f3th Anna a vil\u00e1gkupa legharcosabb hazai n\u0151i versenyz\u0151je\",\"isPartOf\":{\"@id\":\"https:\\\/\\\/dorogimedence.hu\\\/#website\"},\"primaryImageOfPage\":{\"@id\":\"https:\\\/\\\/dorogimedence.hu\\\/index.php\\\/2026\\\/08\\\/31\\\/kick-box-toth-anna-a-vilagkupa-legharcosabb-hazai-noi-versenyzoje\\\/#primaryimage\"},\"image\":{\"@id\":\"https:\\\/\\\/dorogimedence.hu\\\/index.php\\\/2026\\\/08\\\/31\\\/kick-box-toth-anna-a-vilagkupa-legharcosabb-hazai-noi-versenyzoje\\\/#primaryimage\"},\"thumbnailUrl\":\"https:\\\/\\\/dorogimedence.hu\\\/wp-content\\\/uploads\\\/2026\\\/08\\\/791453812_1669738801385112_6871374904992102699_n.jpg\",\"datePublished\":\"2026-08-31T11:45:10+00:00\",\"breadcrumb\":{\"@id\":\"https:\\\/\\\/dorogimedence.hu\\\/index.php\\\/2026\\\/08\\\/31\\\/kick-box-toth-anna-a-vilagkupa-legharcosabb-hazai-noi-versenyzoje\\\/#breadcrumb\"},\"inLanguage\":\"hu\",\"potentialAction\":[{\"@type\":\"ReadAction\",\"target\":[\"https:\\\/\\\/dorogimedence.hu\\\/index.php\\\/2026\\\/08\\\/31\\\/kick-box-toth-anna-a-vilagkupa-legharcosabb-hazai-noi-versenyzoje\\\/\"]}]},{\"@type\":\"ImageObject\",\"inLanguage\":\"hu\",\"@id\":\"https:\\\/\\\/dorogimedence.hu\\\/index.php\\\/2026\\\/08\\\/31\\\/kick-box-toth-anna-a-vilagkupa-legharcosabb-hazai-noi-versenyzoje\\\/#primaryimage\",\"url\":\"https:\\\/\\\/dorogimedence.hu\\\/wp-content\\\/uploads\\\/2026\\\/08\\\/791453812_1669738801385112_6871374904992102699_n.jpg\",\"contentUrl\":\"https:\\\/\\\/dorogimedence.hu\\\/wp-content\\\/uploads\\\/2026\\\/08\\\/791453812_1669738801385112_6871374904992102699_n.jpg\",\"width\":2048,\"height\":1536},{\"@type\":\"BreadcrumbList\",\"@id\":\"https:\\\/\\\/dorogimedence.hu\\\/index.php\\\/2026\\\/08\\\/31\\\/kick-box-toth-anna-a-vilagkupa-legharcosabb-hazai-noi-versenyzoje\\\/#breadcrumb\",\"itemListElement\":[{\"@type\":\"ListItem\",\"position\":1,\"name\":\"Kezd\u0151lap\",\"item\":\"https:\\\/\\\/dorogimedence.hu\\\/\"},{\"@type\":\"ListItem\",\"position\":2,\"name\":\"Kick-box: T\u00f3th Anna a vil\u00e1gkupa legharcosabb hazai n\u0151i versenyz\u0151je\"}]},{\"@type\":\"WebSite\",\"@id\":\"https:\\\/\\\/dorogimedence.hu\\\/#website\",\"url\":\"https:\\\/\\\/dorogimedence.hu\\\/\",\"name\":\"Dorogi-medence Region\u00e1lis H\u00edrport\u00e1l\",\"description\":\"Dorog, Keszt\u00f6lc, Le\u00e1nyv\u00e1r, Piliscs\u00e9v, Tokod, Tokodalt\u00e1r\u00f3, Csolnok, Esztergom-kertv\u00e1ros: h\u00edrek, programok\",\"publisher\":{\"@id\":\"https:\\\/\\\/dorogimedence.hu\\\/#organization\"},\"potentialAction\":[{\"@type\":\"SearchAction\",\"target\":{\"@type\":\"EntryPoint\",\"urlTemplate\":\"https:\\\/\\\/dorogimedence.hu\\\/?s={search_term_string}\"},\"query-input\":{\"@type\":\"PropertyValueSpecification\",\"valueRequired\":true,\"valueName\":\"search_term_string\"}}],\"inLanguage\":\"hu\"},{\"@type\":\"Organization\",\"@id\":\"https:\\\/\\\/dorogimedence.hu\\\/#organization\",\"name\":\"Dorogi-medence Region\u00e1lis H\u00edrport\u00e1l\",\"url\":\"https:\\\/\\\/dorogimedence.hu\\\/\",\"logo\":{\"@type\":\"ImageObject\",\"inLanguage\":\"hu\",\"@id\":\"https:\\\/\\\/dorogimedence.hu\\\/#\\\/schema\\\/logo\\\/image\\\/\",\"url\":\"https:\\\/\\\/dorogimedence.hu\\\/wp-content\\\/uploads\\\/2021\\\/04\\\/logo-feher-600.png\",\"contentUrl\":\"https:\\\/\\\/dorogimedence.hu\\\/wp-content\\\/uploads\\\/2021\\\/04\\\/logo-feher-600.png\",\"width\":600,\"height\":100,\"caption\":\"Dorogi-medence Region\u00e1lis H\u00edrport\u00e1l\"},\"image\":{\"@id\":\"https:\\\/\\\/dorogimedence.hu\\\/#\\\/schema\\\/logo\\\/image\\\/\"},\"sameAs\":[\"https:\\\/\\\/www.facebook.com\\\/dorogimedence\\\/\"]},{\"@type\":\"Person\",\"@id\":\"https:\\\/\\\/dorogimedence.hu\\\/#\\\/schema\\\/person\\\/ce6091eeb7e95ecdc87890d6aa8e0fd4\",\"name\":\"dorogimedence.hu\",\"image\":{\"@type\":\"ImageObject\",\"inLanguage\":\"hu\",\"@id\":\"\\\/\\\/www.gravatar.com\\\/avatar\\\/d8d45f8901aadff40a4af72c0b826f1d?s=96&#038;r=g&#038;d=mm\",\"url\":\"\\\/\\\/www.gravatar.com\\\/avatar\\\/d8d45f8901aadff40a4af72c0b826f1d?s=96&#038;r=g&#038;d=mm\",\"contentUrl\":\"\\\/\\\/www.gravatar.com\\\/avatar\\\/d8d45f8901aadff40a4af72c0b826f1d?s=96&#038;r=g&#038;d=mm\",\"caption\":\"dorogimedence.hu\"}}]}<\/script>\n<!-- \/ Yoast SEO plugin. -->","yoast_head_json":{"title":"Kick-box: T\u00f3th Anna a vil\u00e1gkupa legharcosabb hazai n\u0151i versenyz\u0151je","robots":{"index":"index","follow":"follow","max-snippet":"max-snippet:-1","max-image-preview":"max-image-preview:large","max-video-preview":"max-video-preview:-1"},"canonical":"https:\/\/dorogimedence.hu\/index.php\/2026\/08\/31\/kick-box-toth-anna-a-vilagkupa-legharcosabb-hazai-noi-versenyzoje\/","og_locale":"hu_HU","og_type":"article","og_title":"Kick-box: T\u00f3th Anna a vil\u00e1gkupa legharcosabb hazai n\u0151i versenyz\u0151je","og_description":"Arany- \u00e9s k\u00e9t bronz\u00e9remmel z\u00e1rta a 31. Magyar Kick-box Vil\u00e1gkup\u00e1t az Esztergomi Kick-Box SE. A tokodi sz\u00e1rmaz\u00e1s\u00fa T\u00f3th Anna a feln\u0151tt n\u0151i full-contact 60 kilogrammos s\u00falycsoportban \u00e1llhatott a dobog\u00f3 legfels\u0151 fok\u00e1ra, emellett a vil\u00e1gkupa legharcosabb hazai n\u0151i versenyz\u0151j\u00e9nek j\u00e1r\u00f3 k\u00fcl\u00f6nd\u00edjat is \u00e1tvehette. A budapesti BOK Sportcsarnokban augusztus 28. \u00e9s 30. k\u00f6z\u00f6tt megrendezett vil\u00e1gkup\u00e1n 48 orsz\u00e1g","og_url":"https:\/\/dorogimedence.hu\/index.php\/2026\/08\/31\/kick-box-toth-anna-a-vilagkupa-legharcosabb-hazai-noi-versenyzoje\/","og_site_name":"Dorogi-medence Region\u00e1lis H\u00edrport\u00e1l","article_publisher":"https:\/\/www.facebook.com\/dorogimedence\/","article_published_time":"2026-08-31T11:45:10+00:00","og_image":[{"width":2048,"height":1536,"url":"https:\/\/dorogimedence.hu\/wp-content\/uploads\/2026\/08\/791453812_1669738801385112_6871374904992102699_n.jpg","type":"image\/jpeg"}],"author":"dorogimedence.hu","twitter_card":"summary_large_image","twitter_misc":{"Szerz\u0151:":"dorogimedence.hu","Becs\u00fclt olvas\u00e1si id\u0151":"3 perc"},"schema":{"@context":"https:\/\/schema.org","@graph":[{"@type":"Article","@id":"https:\/\/dorogimedence.hu\/index.php\/2026\/08\/31\/kick-box-toth-anna-a-vilagkupa-legharcosabb-hazai-noi-versenyzoje\/#article","isPartOf":{"@id":"https:\/\/dorogimedence.hu\/index.php\/2026\/08\/31\/kick-box-toth-anna-a-vilagkupa-legharcosabb-hazai-noi-versenyzoje\/"},"author":{"name":"dorogimedence.hu","@id":"https:\/\/dorogimedence.hu\/#\/schema\/person\/ce6091eeb7e95ecdc87890d6aa8e0fd4"},"headline":"Kick-box: T\u00f3th Anna a vil\u00e1gkupa legharcosabb hazai n\u0151i versenyz\u0151je","datePublished":"2026-08-31T11:45:10+00:00","mainEntityOfPage":{"@id":"https:\/\/dorogimedence.hu\/index.php\/2026\/08\/31\/kick-box-toth-anna-a-vilagkupa-legharcosabb-hazai-noi-versenyzoje\/"},"wordCount":592,"publisher":{"@id":"https:\/\/dorogimedence.hu\/#organization"},"image":{"@id":"https:\/\/dorogimedence.hu\/index.php\/2026\/08\/31\/kick-box-toth-anna-a-vilagkupa-legharcosabb-hazai-noi-versenyzoje\/#primaryimage"},"thumbnailUrl":"https:\/\/dorogimedence.hu\/wp-content\/uploads\/2026\/08\/791453812_1669738801385112_6871374904992102699_n.jpg","keywords":["esztergom","kick-box","sport","Tokod","Vil\u00e1gkupa"],"articleSection":["Esztergom","H\u00edrek","Tokod"],"inLanguage":"hu"},{"@type":"WebPage","@id":"https:\/\/dorogimedence.hu\/index.php\/2026\/08\/31\/kick-box-toth-anna-a-vilagkupa-legharcosabb-hazai-noi-versenyzoje\/","url":"https:\/\/dorogimedence.hu\/index.php\/2026\/08\/31\/kick-box-toth-anna-a-vilagkupa-legharcosabb-hazai-noi-versenyzoje\/","name":"Kick-box: T\u00f3th Anna a vil\u00e1gkupa legharcosabb hazai n\u0151i versenyz\u0151je","isPartOf":{"@id":"https:\/\/dorogimedence.hu\/#website"},"primaryImageOfPage":{"@id":"https:\/\/dorogimedence.hu\/index.php\/2026\/08\/31\/kick-box-toth-anna-a-vilagkupa-legharcosabb-hazai-noi-versenyzoje\/#primaryimage"},"image":{"@id":"https:\/\/dorogimedence.hu\/index.php\/2026\/08\/31\/kick-box-toth-anna-a-vilagkupa-legharcosabb-hazai-noi-versenyzoje\/#primaryimage"},"thumbnailUrl":"https:\/\/dorogimedence.hu\/wp-content\/uploads\/2026\/08\/791453812_1669738801385112_6871374904992102699_n.jpg","datePublished":"2026-08-31T11:45:10+00:00","breadcrumb":{"@id":"https:\/\/dorogimedence.hu\/index.php\/2026\/08\/31\/kick-box-toth-anna-a-vilagkupa-legharcosabb-hazai-noi-versenyzoje\/#breadcrumb"},"inLanguage":"hu","potentialAction":[{"@type":"ReadAction","target":["https:\/\/dorogimedence.hu\/index.php\/2026\/08\/31\/kick-box-toth-anna-a-vilagkupa-legharcosabb-hazai-noi-versenyzoje\/"]}]},{"@type":"ImageObject","inLanguage":"hu","@id":"https:\/\/dorogimedence.hu\/index.php\/2026\/08\/31\/kick-box-toth-anna-a-vilagkupa-legharcosabb-hazai-noi-versenyzoje\/#primaryimage","url":"https:\/\/dorogimedence.hu\/wp-content\/uploads\/2026\/08\/791453812_1669738801385112_6871374904992102699_n.jpg","contentUrl":"https:\/\/dorogimedence.hu\/wp-content\/uploads\/2026\/08\/791453812_1669738801385112_6871374904992102699_n.jpg","width":2048,"height":1536},{"@type":"BreadcrumbList","@id":"https:\/\/dorogimedence.hu\/index.php\/2026\/08\/31\/kick-box-toth-anna-a-vilagkupa-legharcosabb-hazai-noi-versenyzoje\/#breadcrumb","itemListElement":[{"@type":"ListItem","position":1,"name":"Kezd\u0151lap","item":"https:\/\/dorogimedence.hu\/"},{"@type":"ListItem","position":2,"name":"Kick-box: T\u00f3th Anna a vil\u00e1gkupa legharcosabb hazai n\u0151i versenyz\u0151je"}]},{"@type":"WebSite","@id":"https:\/\/dorogimedence.hu\/#website","url":"https:\/\/dorogimedence.hu\/","name":"Dorogi-medence Region\u00e1lis H\u00edrport\u00e1l","description":"Dorog, Keszt\u00f6lc, Le\u00e1nyv\u00e1r, Piliscs\u00e9v, Tokod, Tokodalt\u00e1r\u00f3, Csolnok, Esztergom-kertv\u00e1ros: h\u00edrek, programok","publisher":{"@id":"https:\/\/dorogimedence.hu\/#organization"},"potentialAction":[{"@type":"SearchAction","target":{"@type":"EntryPoint","urlTemplate":"https:\/\/dorogimedence.hu\/?s={search_term_string}"},"query-input":{"@type":"PropertyValueSpecification","valueRequired":true,"valueName":"search_term_string"}}],"inLanguage":"hu"},{"@type":"Organization","@id":"https:\/\/dorogimedence.hu\/#organization","name":"Dorogi-medence Region\u00e1lis H\u00edrport\u00e1l","url":"https:\/\/dorogimedence.hu\/","logo":{"@type":"ImageObject","inLanguage":"hu","@id":"https:\/\/dorogimedence.hu\/#\/schema\/logo\/image\/","url":"https:\/\/dorogimedence.hu\/wp-content\/uploads\/2021\/04\/logo-feher-600.png","contentUrl":"https:\/\/dorogimedence.hu\/wp-content\/uploads\/2021\/04\/logo-feher-600.png","width":600,"height":100,"caption":"Dorogi-medence Region\u00e1lis H\u00edrport\u00e1l"},"image":{"@id":"https:\/\/dorogimedence.hu\/#\/schema\/logo\/image\/"},"sameAs":["https:\/\/www.facebook.com\/dorogimedence\/"]},{"@type":"Person","@id":"https:\/\/dorogimedence.hu\/#\/schema\/person\/ce6091eeb7e95ecdc87890d6aa8e0fd4","name":"dorogimedence.hu","image":{"@type":"ImageObject","inLanguage":"hu","@id":"\/\/www.gravatar.com\/avatar\/d8d45f8901aadff40a4af72c0b826f1d?s=96&#038;r=g&#038;d=mm","url":"\/\/www.gravatar.com\/avatar\/d8d45f8901aadff40a4af72c0b826f1d?s=96&#038;r=g&#038;d=mm","contentUrl":"\/\/www.gravatar.com\/avatar\/d8d45f8901aadff40a4af72c0b826f1d?s=96&#038;r=g&#038;d=mm","caption":"dorogimedence.hu"}}]}},"_links":{"self":[{"href":"https:\/\/dorogimedence.hu\/index.php\/wp-json\/wp\/v2\/posts\/83249","targetHints":{"allow":["GET"]}}],"collection":[{"href":"https:\/\/dorogimedence.hu\/index.php\/wp-json\/wp\/v2\/posts"}],"about":[{"href":"https:\/\/dorogimedence.hu\/index.php\/wp-json\/wp\/v2\/types\/post"}],"author":[{"embeddable":true,"href":"https:\/\/dorogimedence.hu\/index.php\/wp-json\/wp\/v2\/users\/1"}],"replies":[{"embeddable":true,"href":"https:\/\/dorogimedence.hu\/index.php\/wp-json\/wp\/v2\/comments?post=83249"}],"version-history":[{"count":1,"href":"https:\/\/dorogimedence.hu\/index.php\/wp-json\/wp\/v2\/posts\/83249\/revisions"}],"predecessor-version":[{"id":83253,"href":"https:\/\/dorogimedence.hu\/index.php\/wp-json\/wp\/v2\/posts\/83249\/revisions\/83253"}],"wp:featuredmedia":[{"embeddable":true,"href":"https:\/\/dorogimedence.hu\/index.php\/wp-json\/wp\/v2\/media\/83250"}],"wp:attachment":[{"href":"https:\/\/dorogimedence.hu\/index.php\/wp-json\/wp\/v2\/media?parent=83249"}],"wp:term":[{"taxonomy":"category","embeddable":true,"href":"https:\/\/dorogimedence.hu\/index.php\/wp-json\/wp\/v2\/categories?post=83249"},{"taxonomy":"post_tag","embeddable":true,"href":"https:\/\/dorogimedence.hu\/index.php\/wp-json\/wp\/v2\/tags?post=83249"}],"curies":[{"name":"wp","href":"https:\/\/api.w.org\/{rel}","templated":true}]}}