{"id":83243,"date":"2026-08-31T09:22:29","date_gmt":"2026-08-31T07:22:29","guid":{"rendered":"https:\/\/dorogimedence.hu\/?p=83243"},"modified":"2026-08-31T09:22:29","modified_gmt":"2026-08-31T07:22:29","slug":"uj-90-meteres-graffiti-falat-adtak-at-esztergomban","status":"publish","type":"post","link":"https:\/\/dorogimedence.hu\/index.php\/2026\/08\/31\/uj-90-meteres-graffiti-falat-adtak-at-esztergomban\/","title":{"rendered":"\u00daj, 90 m\u00e9teres graffiti falat adtak \u00e1t Esztergomban"},"content":{"rendered":"<p><strong>\u00dajabb leg\u00e1lis alkot\u00f3fel\u00fclettel b\u0151v\u00fclt Esztergom: augusztus 30-\u00e1n, vas\u00e1rnap \u00e1tadt\u00e1k a g\u00f6rdeszkapark mellett kialak\u00edtott, 90 m\u00e9ter hossz\u00fa graffiti falat, amelyet b\u00e1rki szabadon haszn\u00e1lhat.<\/strong><\/p>\n<p>Az \u00e1tad\u00e1shoz k\u00f6z\u00f6ss\u00e9gi program is kapcsol\u00f3dott, amelynek r\u00e9sztvev\u0151i r\u00f6gt\u00f6n birtokba vett\u00e9k az \u00faj fel\u00fcletet. A kor\u00e1bban \u00fcres fal a graffitisek munk\u00e1j\u00e1nak k\u00f6sz\u00f6nhet\u0151en m\u00e1r az esem\u00e9ny ideje alatt sz\u00ednes alkot\u00f3t\u00e9rr\u00e9 v\u00e1ltozott.<\/p>\n<p>Hern\u00e1di \u00c1d\u00e1m, Esztergom Megyei Jog\u00fa V\u00e1ros polg\u00e1rmestere <a href=\"https:\/\/www.facebook.com\/hernadiadam.esztergom\/posts\/pfbid0xVbUd6V1fFStVfCRnEbCT1CFsXenUkVaAHgtSZfPwovnDreUMCtTnrFuxacPnTK9l\" target=\"_blank\" rel=\"noopener\"><span style=\"text-decoration: underline; color: #0000ff;\">k\u00f6z\u00f6ss\u00e9gi oldal\u00e1n<\/span><\/a> mondott k\u00f6sz\u00f6netet mindazoknak, akik k\u00f6zrem\u0171k\u00f6dtek a megval\u00f3s\u00edt\u00e1sban, k\u00fcl\u00f6n is kiemelve a falat megt\u00f6lt\u0151 alkot\u00f3kat.<\/p>\n<p>Nem ez az els\u0151 leg\u00e1lis graffitiz\u00e9sre kijel\u00f6lt helysz\u00edn a v\u00e1rosban. A Pr\u00edm\u00e1s-szigeten, ugyancsak a g\u00f6rdeszkap\u00e1lya mellett <a href=\"https:\/\/dorogimedence.hu\/index.php\/2025\/06\/11\/graffiti-fal-epul-esztergomban\/\" target=\"_blank\" rel=\"noopener\"><span style=\"text-decoration: underline; color: #0000ff;\">2025 nyar\u00e1n<\/span><\/a> k\u00e9sz\u00fclt el egy 10 m\u00e9ter hossz\u00fa \u00e9s 2,25 m\u00e9ter magas fal. A most \u00e1tadott, j\u00f3val nagyobb fel\u00fclet tov\u00e1bb b\u0151v\u00edti az utcai m\u0171v\u00e9szet kedvel\u0151inek lehet\u0151s\u00e9geit Esztergomban.<\/p>\n<p><img fetchpriority=\"high\" decoding=\"async\" class=\"alignnone size-full wp-image-83247\" src=\"https:\/\/dorogimedence.hu\/wp-content\/uploads\/2026\/08\/791249210_1348315847290192_3925222944361522317_n.jpg\" alt=\"\" width=\"2048\" height=\"1363\" srcset=\"https:\/\/dorogimedence.hu\/wp-content\/uploads\/2026\/08\/791249210_1348315847290192_3925222944361522317_n.jpg 2048w, https:\/\/dorogimedence.hu\/wp-content\/uploads\/2026\/08\/791249210_1348315847290192_3925222944361522317_n-600x399.jpg 600w, https:\/\/dorogimedence.hu\/wp-content\/uploads\/2026\/08\/791249210_1348315847290192_3925222944361522317_n-1920x1278.jpg 1920w, https:\/\/dorogimedence.hu\/wp-content\/uploads\/2026\/08\/791249210_1348315847290192_3925222944361522317_n-768x511.jpg 768w, https:\/\/dorogimedence.hu\/wp-content\/uploads\/2026\/08\/791249210_1348315847290192_3925222944361522317_n-1536x1022.jpg 1536w, https:\/\/dorogimedence.hu\/wp-content\/uploads\/2026\/08\/791249210_1348315847290192_3925222944361522317_n-150x100.jpg 150w, https:\/\/dorogimedence.hu\/wp-content\/uploads\/2026\/08\/791249210_1348315847290192_3925222944361522317_n-450x299.jpg 450w, https:\/\/dorogimedence.hu\/wp-content\/uploads\/2026\/08\/791249210_1348315847290192_3925222944361522317_n-1200x799.jpg 1200w, https:\/\/dorogimedence.hu\/wp-content\/uploads\/2026\/08\/791249210_1348315847290192_3925222944361522317_n-272x182.jpg 272w\" sizes=\"(max-width: 2048px) 100vw, 2048px\" \/><\/p>\n<p><img decoding=\"async\" class=\"alignnone size-full wp-image-83245\" src=\"https:\/\/dorogimedence.hu\/wp-content\/uploads\/2026\/08\/788470464_1427671155886860_6960540726470536085_n.jpg\" alt=\"\" width=\"2048\" height=\"1365\" srcset=\"https:\/\/dorogimedence.hu\/wp-content\/uploads\/2026\/08\/788470464_1427671155886860_6960540726470536085_n.jpg 2048w, https:\/\/dorogimedence.hu\/wp-content\/uploads\/2026\/08\/788470464_1427671155886860_6960540726470536085_n-600x400.jpg 600w, https:\/\/dorogimedence.hu\/wp-content\/uploads\/2026\/08\/788470464_1427671155886860_6960540726470536085_n-1920x1280.jpg 1920w, https:\/\/dorogimedence.hu\/wp-content\/uploads\/2026\/08\/788470464_1427671155886860_6960540726470536085_n-768x512.jpg 768w, https:\/\/dorogimedence.hu\/wp-content\/uploads\/2026\/08\/788470464_1427671155886860_6960540726470536085_n-1536x1024.jpg 1536w, https:\/\/dorogimedence.hu\/wp-content\/uploads\/2026\/08\/788470464_1427671155886860_6960540726470536085_n-150x100.jpg 150w, https:\/\/dorogimedence.hu\/wp-content\/uploads\/2026\/08\/788470464_1427671155886860_6960540726470536085_n-450x300.jpg 450w, https:\/\/dorogimedence.hu\/wp-content\/uploads\/2026\/08\/788470464_1427671155886860_6960540726470536085_n-1200x800.jpg 1200w, https:\/\/dorogimedence.hu\/wp-content\/uploads\/2026\/08\/788470464_1427671155886860_6960540726470536085_n-272x182.jpg 272w\" sizes=\"(max-width: 2048px) 100vw, 2048px\" \/><img decoding=\"async\" class=\"alignnone size-full wp-image-83246\" src=\"https:\/\/dorogimedence.hu\/wp-content\/uploads\/2026\/08\/791228282_2117124918878611_2293438370768389432_n.jpg\" alt=\"\" width=\"2048\" height=\"1363\" srcset=\"https:\/\/dorogimedence.hu\/wp-content\/uploads\/2026\/08\/791228282_2117124918878611_2293438370768389432_n.jpg 2048w, https:\/\/dorogimedence.hu\/wp-content\/uploads\/2026\/08\/791228282_2117124918878611_2293438370768389432_n-600x399.jpg 600w, https:\/\/dorogimedence.hu\/wp-content\/uploads\/2026\/08\/791228282_2117124918878611_2293438370768389432_n-1920x1278.jpg 1920w, https:\/\/dorogimedence.hu\/wp-content\/uploads\/2026\/08\/791228282_2117124918878611_2293438370768389432_n-768x511.jpg 768w, https:\/\/dorogimedence.hu\/wp-content\/uploads\/2026\/08\/791228282_2117124918878611_2293438370768389432_n-1536x1022.jpg 1536w, https:\/\/dorogimedence.hu\/wp-content\/uploads\/2026\/08\/791228282_2117124918878611_2293438370768389432_n-150x100.jpg 150w, https:\/\/dorogimedence.hu\/wp-content\/uploads\/2026\/08\/791228282_2117124918878611_2293438370768389432_n-450x299.jpg 450w, https:\/\/dorogimedence.hu\/wp-content\/uploads\/2026\/08\/791228282_2117124918878611_2293438370768389432_n-1200x799.jpg 1200w, https:\/\/dorogimedence.hu\/wp-content\/uploads\/2026\/08\/791228282_2117124918878611_2293438370768389432_n-272x182.jpg 272w\" sizes=\"(max-width: 2048px) 100vw, 2048px\" \/><em>Fot\u00f3k: Hern\u00e1di \u00c1d\u00e1m Facebook-oldala<\/em><\/p>\n","protected":false},"excerpt":{"rendered":"<p>\u00dajabb leg\u00e1lis alkot\u00f3fel\u00fclettel b\u0151v\u00fclt Esztergom: augusztus 30-\u00e1n, vas\u00e1rnap \u00e1tadt\u00e1k a g\u00f6rdeszkapark mellett kialak\u00edtott, 90 m\u00e9ter hossz\u00fa graffiti falat, amelyet b\u00e1rki szabadon haszn\u00e1lhat. Az \u00e1tad\u00e1shoz k\u00f6z\u00f6ss\u00e9gi program is kapcsol\u00f3dott, amelynek r\u00e9sztvev\u0151i r\u00f6gt\u00f6n birtokba vett\u00e9k az \u00faj fel\u00fcletet. A kor\u00e1bban \u00fcres fal a graffitisek munk\u00e1j\u00e1nak k\u00f6sz\u00f6nhet\u0151en m\u00e1r az esem\u00e9ny ideje alatt sz\u00ednes alkot\u00f3t\u00e9rr\u00e9 v\u00e1ltozott. Hern\u00e1di \u00c1d\u00e1m, Esztergom<\/p>\n","protected":false},"author":1,"featured_media":83244,"comment_status":"closed","ping_status":"closed","sticky":false,"template":"","format":"standard","meta":{"ngg_post_thumbnail":0,"footnotes":""},"categories":[38,3],"tags":[42,8418],"class_list":["post-83243","post","type-post","status-publish","format-standard","has-post-thumbnail","category-esztergom","category-hirek","tag-esztergom","tag-graffiti-fal"],"yoast_head":"<!-- This site is optimized with the Yoast SEO plugin v28.3 - https:\/\/yoast.com\/product\/yoast-seo-wordpress\/ -->\n<title>\u00daj, 90 m\u00e9teres graffiti falat adtak \u00e1t Esztergomban<\/title>\n<meta name=\"robots\" content=\"index, follow, max-snippet:-1, max-image-preview:large, max-video-preview:-1\" \/>\n<link rel=\"canonical\" href=\"https:\/\/dorogimedence.hu\/index.php\/2026\/08\/31\/uj-90-meteres-graffiti-falat-adtak-at-esztergomban\/\" class=\"yoast-seo-meta-tag\" \/>\n<meta property=\"og:locale\" content=\"hu_HU\" class=\"yoast-seo-meta-tag\" \/>\n<meta property=\"og:type\" content=\"article\" class=\"yoast-seo-meta-tag\" \/>\n<meta property=\"og:title\" content=\"\u00daj, 90 m\u00e9teres graffiti falat adtak \u00e1t Esztergomban\" class=\"yoast-seo-meta-tag\" \/>\n<meta property=\"og:description\" content=\"\u00dajabb leg\u00e1lis alkot\u00f3fel\u00fclettel b\u0151v\u00fclt Esztergom: augusztus 30-\u00e1n, vas\u00e1rnap \u00e1tadt\u00e1k a g\u00f6rdeszkapark mellett kialak\u00edtott, 90 m\u00e9ter hossz\u00fa graffiti falat, amelyet b\u00e1rki szabadon haszn\u00e1lhat. Az \u00e1tad\u00e1shoz k\u00f6z\u00f6ss\u00e9gi program is kapcsol\u00f3dott, amelynek r\u00e9sztvev\u0151i r\u00f6gt\u00f6n birtokba vett\u00e9k az \u00faj fel\u00fcletet. A kor\u00e1bban \u00fcres fal a graffitisek munk\u00e1j\u00e1nak k\u00f6sz\u00f6nhet\u0151en m\u00e1r az esem\u00e9ny ideje alatt sz\u00ednes alkot\u00f3t\u00e9rr\u00e9 v\u00e1ltozott. Hern\u00e1di \u00c1d\u00e1m, Esztergom\" class=\"yoast-seo-meta-tag\" \/>\n<meta property=\"og:url\" content=\"https:\/\/dorogimedence.hu\/index.php\/2026\/08\/31\/uj-90-meteres-graffiti-falat-adtak-at-esztergomban\/\" class=\"yoast-seo-meta-tag\" \/>\n<meta property=\"og:site_name\" content=\"Dorogi-medence Region\u00e1lis H\u00edrport\u00e1l\" class=\"yoast-seo-meta-tag\" \/>\n<meta property=\"article:publisher\" content=\"https:\/\/www.facebook.com\/dorogimedence\/\" class=\"yoast-seo-meta-tag\" \/>\n<meta property=\"article:published_time\" content=\"2026-08-31T07:22:29+00:00\" class=\"yoast-seo-meta-tag\" \/>\n<meta property=\"og:image\" content=\"https:\/\/dorogimedence.hu\/wp-content\/uploads\/2026\/08\/789301718_2024369491548463_6162911527847040840_n.jpg\" class=\"yoast-seo-meta-tag\" \/>\n\t<meta property=\"og:image:width\" content=\"2048\" class=\"yoast-seo-meta-tag\" \/>\n\t<meta property=\"og:image:height\" content=\"1365\" class=\"yoast-seo-meta-tag\" \/>\n\t<meta property=\"og:image:type\" content=\"image\/jpeg\" class=\"yoast-seo-meta-tag\" \/>\n<meta name=\"author\" content=\"dorogimedence.hu\" class=\"yoast-seo-meta-tag\" \/>\n<meta name=\"twitter:card\" content=\"summary_large_image\" class=\"yoast-seo-meta-tag\" \/>\n<meta name=\"twitter:label1\" content=\"Szerz\u0151:\" class=\"yoast-seo-meta-tag\" \/>\n\t<meta name=\"twitter:data1\" content=\"dorogimedence.hu\" class=\"yoast-seo-meta-tag\" \/>\n\t<meta name=\"twitter:label2\" content=\"Becs\u00fclt olvas\u00e1si id\u0151\" class=\"yoast-seo-meta-tag\" \/>\n\t<meta name=\"twitter:data2\" content=\"1 perc\" class=\"yoast-seo-meta-tag\" \/>\n<script type=\"application\/ld+json\" class=\"yoast-schema-graph\">{\"@context\":\"https:\\\/\\\/schema.org\",\"@graph\":[{\"@type\":\"Article\",\"@id\":\"https:\\\/\\\/dorogimedence.hu\\\/index.php\\\/2026\\\/08\\\/31\\\/uj-90-meteres-graffiti-falat-adtak-at-esztergomban\\\/#article\",\"isPartOf\":{\"@id\":\"https:\\\/\\\/dorogimedence.hu\\\/index.php\\\/2026\\\/08\\\/31\\\/uj-90-meteres-graffiti-falat-adtak-at-esztergomban\\\/\"},\"author\":{\"name\":\"dorogimedence.hu\",\"@id\":\"https:\\\/\\\/dorogimedence.hu\\\/#\\\/schema\\\/person\\\/ce6091eeb7e95ecdc87890d6aa8e0fd4\"},\"headline\":\"\u00daj, 90 m\u00e9teres graffiti falat adtak \u00e1t Esztergomban\",\"datePublished\":\"2026-08-31T07:22:29+00:00\",\"mainEntityOfPage\":{\"@id\":\"https:\\\/\\\/dorogimedence.hu\\\/index.php\\\/2026\\\/08\\\/31\\\/uj-90-meteres-graffiti-falat-adtak-at-esztergomban\\\/\"},\"wordCount\":209,\"publisher\":{\"@id\":\"https:\\\/\\\/dorogimedence.hu\\\/#organization\"},\"image\":{\"@id\":\"https:\\\/\\\/dorogimedence.hu\\\/index.php\\\/2026\\\/08\\\/31\\\/uj-90-meteres-graffiti-falat-adtak-at-esztergomban\\\/#primaryimage\"},\"thumbnailUrl\":\"https:\\\/\\\/dorogimedence.hu\\\/wp-content\\\/uploads\\\/2026\\\/08\\\/789301718_2024369491548463_6162911527847040840_n.jpg\",\"keywords\":[\"esztergom\",\"graffiti fal\"],\"articleSection\":[\"Esztergom\",\"H\u00edrek\"],\"inLanguage\":\"hu\"},{\"@type\":\"WebPage\",\"@id\":\"https:\\\/\\\/dorogimedence.hu\\\/index.php\\\/2026\\\/08\\\/31\\\/uj-90-meteres-graffiti-falat-adtak-at-esztergomban\\\/\",\"url\":\"https:\\\/\\\/dorogimedence.hu\\\/index.php\\\/2026\\\/08\\\/31\\\/uj-90-meteres-graffiti-falat-adtak-at-esztergomban\\\/\",\"name\":\"\u00daj, 90 m\u00e9teres graffiti falat adtak \u00e1t Esztergomban\",\"isPartOf\":{\"@id\":\"https:\\\/\\\/dorogimedence.hu\\\/#website\"},\"primaryImageOfPage\":{\"@id\":\"https:\\\/\\\/dorogimedence.hu\\\/index.php\\\/2026\\\/08\\\/31\\\/uj-90-meteres-graffiti-falat-adtak-at-esztergomban\\\/#primaryimage\"},\"image\":{\"@id\":\"https:\\\/\\\/dorogimedence.hu\\\/index.php\\\/2026\\\/08\\\/31\\\/uj-90-meteres-graffiti-falat-adtak-at-esztergomban\\\/#primaryimage\"},\"thumbnailUrl\":\"https:\\\/\\\/dorogimedence.hu\\\/wp-content\\\/uploads\\\/2026\\\/08\\\/789301718_2024369491548463_6162911527847040840_n.jpg\",\"datePublished\":\"2026-08-31T07:22:29+00:00\",\"breadcrumb\":{\"@id\":\"https:\\\/\\\/dorogimedence.hu\\\/index.php\\\/2026\\\/08\\\/31\\\/uj-90-meteres-graffiti-falat-adtak-at-esztergomban\\\/#breadcrumb\"},\"inLanguage\":\"hu\",\"potentialAction\":[{\"@type\":\"ReadAction\",\"target\":[\"https:\\\/\\\/dorogimedence.hu\\\/index.php\\\/2026\\\/08\\\/31\\\/uj-90-meteres-graffiti-falat-adtak-at-esztergomban\\\/\"]}]},{\"@type\":\"ImageObject\",\"inLanguage\":\"hu\",\"@id\":\"https:\\\/\\\/dorogimedence.hu\\\/index.php\\\/2026\\\/08\\\/31\\\/uj-90-meteres-graffiti-falat-adtak-at-esztergomban\\\/#primaryimage\",\"url\":\"https:\\\/\\\/dorogimedence.hu\\\/wp-content\\\/uploads\\\/2026\\\/08\\\/789301718_2024369491548463_6162911527847040840_n.jpg\",\"contentUrl\":\"https:\\\/\\\/dorogimedence.hu\\\/wp-content\\\/uploads\\\/2026\\\/08\\\/789301718_2024369491548463_6162911527847040840_n.jpg\",\"width\":2048,\"height\":1365},{\"@type\":\"BreadcrumbList\",\"@id\":\"https:\\\/\\\/dorogimedence.hu\\\/index.php\\\/2026\\\/08\\\/31\\\/uj-90-meteres-graffiti-falat-adtak-at-esztergomban\\\/#breadcrumb\",\"itemListElement\":[{\"@type\":\"ListItem\",\"position\":1,\"name\":\"Kezd\u0151lap\",\"item\":\"https:\\\/\\\/dorogimedence.hu\\\/\"},{\"@type\":\"ListItem\",\"position\":2,\"name\":\"\u00daj, 90 m\u00e9teres graffiti falat adtak \u00e1t Esztergomban\"}]},{\"@type\":\"WebSite\",\"@id\":\"https:\\\/\\\/dorogimedence.hu\\\/#website\",\"url\":\"https:\\\/\\\/dorogimedence.hu\\\/\",\"name\":\"Dorogi-medence Region\u00e1lis H\u00edrport\u00e1l\",\"description\":\"Dorog, Keszt\u00f6lc, Le\u00e1nyv\u00e1r, Piliscs\u00e9v, Tokod, Tokodalt\u00e1r\u00f3, Csolnok, Esztergom-kertv\u00e1ros: h\u00edrek, programok\",\"publisher\":{\"@id\":\"https:\\\/\\\/dorogimedence.hu\\\/#organization\"},\"potentialAction\":[{\"@type\":\"SearchAction\",\"target\":{\"@type\":\"EntryPoint\",\"urlTemplate\":\"https:\\\/\\\/dorogimedence.hu\\\/?s={search_term_string}\"},\"query-input\":{\"@type\":\"PropertyValueSpecification\",\"valueRequired\":true,\"valueName\":\"search_term_string\"}}],\"inLanguage\":\"hu\"},{\"@type\":\"Organization\",\"@id\":\"https:\\\/\\\/dorogimedence.hu\\\/#organization\",\"name\":\"Dorogi-medence Region\u00e1lis H\u00edrport\u00e1l\",\"url\":\"https:\\\/\\\/dorogimedence.hu\\\/\",\"logo\":{\"@type\":\"ImageObject\",\"inLanguage\":\"hu\",\"@id\":\"https:\\\/\\\/dorogimedence.hu\\\/#\\\/schema\\\/logo\\\/image\\\/\",\"url\":\"https:\\\/\\\/dorogimedence.hu\\\/wp-content\\\/uploads\\\/2021\\\/04\\\/logo-feher-600.png\",\"contentUrl\":\"https:\\\/\\\/dorogimedence.hu\\\/wp-content\\\/uploads\\\/2021\\\/04\\\/logo-feher-600.png\",\"width\":600,\"height\":100,\"caption\":\"Dorogi-medence Region\u00e1lis H\u00edrport\u00e1l\"},\"image\":{\"@id\":\"https:\\\/\\\/dorogimedence.hu\\\/#\\\/schema\\\/logo\\\/image\\\/\"},\"sameAs\":[\"https:\\\/\\\/www.facebook.com\\\/dorogimedence\\\/\"]},{\"@type\":\"Person\",\"@id\":\"https:\\\/\\\/dorogimedence.hu\\\/#\\\/schema\\\/person\\\/ce6091eeb7e95ecdc87890d6aa8e0fd4\",\"name\":\"dorogimedence.hu\",\"image\":{\"@type\":\"ImageObject\",\"inLanguage\":\"hu\",\"@id\":\"\\\/\\\/www.gravatar.com\\\/avatar\\\/d8d45f8901aadff40a4af72c0b826f1d?s=96&#038;r=g&#038;d=mm\",\"url\":\"\\\/\\\/www.gravatar.com\\\/avatar\\\/d8d45f8901aadff40a4af72c0b826f1d?s=96&#038;r=g&#038;d=mm\",\"contentUrl\":\"\\\/\\\/www.gravatar.com\\\/avatar\\\/d8d45f8901aadff40a4af72c0b826f1d?s=96&#038;r=g&#038;d=mm\",\"caption\":\"dorogimedence.hu\"}}]}<\/script>\n<!-- \/ Yoast SEO plugin. -->","yoast_head_json":{"title":"\u00daj, 90 m\u00e9teres graffiti falat adtak \u00e1t Esztergomban","robots":{"index":"index","follow":"follow","max-snippet":"max-snippet:-1","max-image-preview":"max-image-preview:large","max-video-preview":"max-video-preview:-1"},"canonical":"https:\/\/dorogimedence.hu\/index.php\/2026\/08\/31\/uj-90-meteres-graffiti-falat-adtak-at-esztergomban\/","og_locale":"hu_HU","og_type":"article","og_title":"\u00daj, 90 m\u00e9teres graffiti falat adtak \u00e1t Esztergomban","og_description":"\u00dajabb leg\u00e1lis alkot\u00f3fel\u00fclettel b\u0151v\u00fclt Esztergom: augusztus 30-\u00e1n, vas\u00e1rnap \u00e1tadt\u00e1k a g\u00f6rdeszkapark mellett kialak\u00edtott, 90 m\u00e9ter hossz\u00fa graffiti falat, amelyet b\u00e1rki szabadon haszn\u00e1lhat. Az \u00e1tad\u00e1shoz k\u00f6z\u00f6ss\u00e9gi program is kapcsol\u00f3dott, amelynek r\u00e9sztvev\u0151i r\u00f6gt\u00f6n birtokba vett\u00e9k az \u00faj fel\u00fcletet. A kor\u00e1bban \u00fcres fal a graffitisek munk\u00e1j\u00e1nak k\u00f6sz\u00f6nhet\u0151en m\u00e1r az esem\u00e9ny ideje alatt sz\u00ednes alkot\u00f3t\u00e9rr\u00e9 v\u00e1ltozott. Hern\u00e1di \u00c1d\u00e1m, Esztergom","og_url":"https:\/\/dorogimedence.hu\/index.php\/2026\/08\/31\/uj-90-meteres-graffiti-falat-adtak-at-esztergomban\/","og_site_name":"Dorogi-medence Region\u00e1lis H\u00edrport\u00e1l","article_publisher":"https:\/\/www.facebook.com\/dorogimedence\/","article_published_time":"2026-08-31T07:22:29+00:00","og_image":[{"width":2048,"height":1365,"url":"https:\/\/dorogimedence.hu\/wp-content\/uploads\/2026\/08\/789301718_2024369491548463_6162911527847040840_n.jpg","type":"image\/jpeg"}],"author":"dorogimedence.hu","twitter_card":"summary_large_image","twitter_misc":{"Szerz\u0151:":"dorogimedence.hu","Becs\u00fclt olvas\u00e1si id\u0151":"1 perc"},"schema":{"@context":"https:\/\/schema.org","@graph":[{"@type":"Article","@id":"https:\/\/dorogimedence.hu\/index.php\/2026\/08\/31\/uj-90-meteres-graffiti-falat-adtak-at-esztergomban\/#article","isPartOf":{"@id":"https:\/\/dorogimedence.hu\/index.php\/2026\/08\/31\/uj-90-meteres-graffiti-falat-adtak-at-esztergomban\/"},"author":{"name":"dorogimedence.hu","@id":"https:\/\/dorogimedence.hu\/#\/schema\/person\/ce6091eeb7e95ecdc87890d6aa8e0fd4"},"headline":"\u00daj, 90 m\u00e9teres graffiti falat adtak \u00e1t Esztergomban","datePublished":"2026-08-31T07:22:29+00:00","mainEntityOfPage":{"@id":"https:\/\/dorogimedence.hu\/index.php\/2026\/08\/31\/uj-90-meteres-graffiti-falat-adtak-at-esztergomban\/"},"wordCount":209,"publisher":{"@id":"https:\/\/dorogimedence.hu\/#organization"},"image":{"@id":"https:\/\/dorogimedence.hu\/index.php\/2026\/08\/31\/uj-90-meteres-graffiti-falat-adtak-at-esztergomban\/#primaryimage"},"thumbnailUrl":"https:\/\/dorogimedence.hu\/wp-content\/uploads\/2026\/08\/789301718_2024369491548463_6162911527847040840_n.jpg","keywords":["esztergom","graffiti fal"],"articleSection":["Esztergom","H\u00edrek"],"inLanguage":"hu"},{"@type":"WebPage","@id":"https:\/\/dorogimedence.hu\/index.php\/2026\/08\/31\/uj-90-meteres-graffiti-falat-adtak-at-esztergomban\/","url":"https:\/\/dorogimedence.hu\/index.php\/2026\/08\/31\/uj-90-meteres-graffiti-falat-adtak-at-esztergomban\/","name":"\u00daj, 90 m\u00e9teres graffiti falat adtak \u00e1t Esztergomban","isPartOf":{"@id":"https:\/\/dorogimedence.hu\/#website"},"primaryImageOfPage":{"@id":"https:\/\/dorogimedence.hu\/index.php\/2026\/08\/31\/uj-90-meteres-graffiti-falat-adtak-at-esztergomban\/#primaryimage"},"image":{"@id":"https:\/\/dorogimedence.hu\/index.php\/2026\/08\/31\/uj-90-meteres-graffiti-falat-adtak-at-esztergomban\/#primaryimage"},"thumbnailUrl":"https:\/\/dorogimedence.hu\/wp-content\/uploads\/2026\/08\/789301718_2024369491548463_6162911527847040840_n.jpg","datePublished":"2026-08-31T07:22:29+00:00","breadcrumb":{"@id":"https:\/\/dorogimedence.hu\/index.php\/2026\/08\/31\/uj-90-meteres-graffiti-falat-adtak-at-esztergomban\/#breadcrumb"},"inLanguage":"hu","potentialAction":[{"@type":"ReadAction","target":["https:\/\/dorogimedence.hu\/index.php\/2026\/08\/31\/uj-90-meteres-graffiti-falat-adtak-at-esztergomban\/"]}]},{"@type":"ImageObject","inLanguage":"hu","@id":"https:\/\/dorogimedence.hu\/index.php\/2026\/08\/31\/uj-90-meteres-graffiti-falat-adtak-at-esztergomban\/#primaryimage","url":"https:\/\/dorogimedence.hu\/wp-content\/uploads\/2026\/08\/789301718_2024369491548463_6162911527847040840_n.jpg","contentUrl":"https:\/\/dorogimedence.hu\/wp-content\/uploads\/2026\/08\/789301718_2024369491548463_6162911527847040840_n.jpg","width":2048,"height":1365},{"@type":"BreadcrumbList","@id":"https:\/\/dorogimedence.hu\/index.php\/2026\/08\/31\/uj-90-meteres-graffiti-falat-adtak-at-esztergomban\/#breadcrumb","itemListElement":[{"@type":"ListItem","position":1,"name":"Kezd\u0151lap","item":"https:\/\/dorogimedence.hu\/"},{"@type":"ListItem","position":2,"name":"\u00daj, 90 m\u00e9teres graffiti falat adtak \u00e1t Esztergomban"}]},{"@type":"WebSite","@id":"https:\/\/dorogimedence.hu\/#website","url":"https:\/\/dorogimedence.hu\/","name":"Dorogi-medence Region\u00e1lis H\u00edrport\u00e1l","description":"Dorog, Keszt\u00f6lc, Le\u00e1nyv\u00e1r, Piliscs\u00e9v, Tokod, Tokodalt\u00e1r\u00f3, Csolnok, Esztergom-kertv\u00e1ros: h\u00edrek, programok","publisher":{"@id":"https:\/\/dorogimedence.hu\/#organization"},"potentialAction":[{"@type":"SearchAction","target":{"@type":"EntryPoint","urlTemplate":"https:\/\/dorogimedence.hu\/?s={search_term_string}"},"query-input":{"@type":"PropertyValueSpecification","valueRequired":true,"valueName":"search_term_string"}}],"inLanguage":"hu"},{"@type":"Organization","@id":"https:\/\/dorogimedence.hu\/#organization","name":"Dorogi-medence Region\u00e1lis H\u00edrport\u00e1l","url":"https:\/\/dorogimedence.hu\/","logo":{"@type":"ImageObject","inLanguage":"hu","@id":"https:\/\/dorogimedence.hu\/#\/schema\/logo\/image\/","url":"https:\/\/dorogimedence.hu\/wp-content\/uploads\/2021\/04\/logo-feher-600.png","contentUrl":"https:\/\/dorogimedence.hu\/wp-content\/uploads\/2021\/04\/logo-feher-600.png","width":600,"height":100,"caption":"Dorogi-medence Region\u00e1lis H\u00edrport\u00e1l"},"image":{"@id":"https:\/\/dorogimedence.hu\/#\/schema\/logo\/image\/"},"sameAs":["https:\/\/www.facebook.com\/dorogimedence\/"]},{"@type":"Person","@id":"https:\/\/dorogimedence.hu\/#\/schema\/person\/ce6091eeb7e95ecdc87890d6aa8e0fd4","name":"dorogimedence.hu","image":{"@type":"ImageObject","inLanguage":"hu","@id":"\/\/www.gravatar.com\/avatar\/d8d45f8901aadff40a4af72c0b826f1d?s=96&#038;r=g&#038;d=mm","url":"\/\/www.gravatar.com\/avatar\/d8d45f8901aadff40a4af72c0b826f1d?s=96&#038;r=g&#038;d=mm","contentUrl":"\/\/www.gravatar.com\/avatar\/d8d45f8901aadff40a4af72c0b826f1d?s=96&#038;r=g&#038;d=mm","caption":"dorogimedence.hu"}}]}},"_links":{"self":[{"href":"https:\/\/dorogimedence.hu\/index.php\/wp-json\/wp\/v2\/posts\/83243","targetHints":{"allow":["GET"]}}],"collection":[{"href":"https:\/\/dorogimedence.hu\/index.php\/wp-json\/wp\/v2\/posts"}],"about":[{"href":"https:\/\/dorogimedence.hu\/index.php\/wp-json\/wp\/v2\/types\/post"}],"author":[{"embeddable":true,"href":"https:\/\/dorogimedence.hu\/index.php\/wp-json\/wp\/v2\/users\/1"}],"replies":[{"embeddable":true,"href":"https:\/\/dorogimedence.hu\/index.php\/wp-json\/wp\/v2\/comments?post=83243"}],"version-history":[{"count":1,"href":"https:\/\/dorogimedence.hu\/index.php\/wp-json\/wp\/v2\/posts\/83243\/revisions"}],"predecessor-version":[{"id":83248,"href":"https:\/\/dorogimedence.hu\/index.php\/wp-json\/wp\/v2\/posts\/83243\/revisions\/83248"}],"wp:featuredmedia":[{"embeddable":true,"href":"https:\/\/dorogimedence.hu\/index.php\/wp-json\/wp\/v2\/media\/83244"}],"wp:attachment":[{"href":"https:\/\/dorogimedence.hu\/index.php\/wp-json\/wp\/v2\/media?parent=83243"}],"wp:term":[{"taxonomy":"category","embeddable":true,"href":"https:\/\/dorogimedence.hu\/index.php\/wp-json\/wp\/v2\/categories?post=83243"},{"taxonomy":"post_tag","embeddable":true,"href":"https:\/\/dorogimedence.hu\/index.php\/wp-json\/wp\/v2\/tags?post=83243"}],"curies":[{"name":"wp","href":"https:\/\/api.w.org\/{rel}","templated":true}]}}