{"id":83237,"date":"2026-08-31T07:53:20","date_gmt":"2026-08-31T05:53:20","guid":{"rendered":"https:\/\/dorogimedence.hu\/?p=83237"},"modified":"2026-08-31T07:53:20","modified_gmt":"2026-08-31T05:53:20","slug":"szalai-ferenc-vehette-at-dorog-pro-urbe-dijat","status":"publish","type":"post","link":"https:\/\/dorogimedence.hu\/index.php\/2026\/08\/31\/szalai-ferenc-vehette-at-dorog-pro-urbe-dijat\/","title":{"rendered":"Szalai Ferenc vehette \u00e1t Dorog Pro Urbe-d\u00edj\u00e1t"},"content":{"rendered":"<p><strong>A kitelep\u00edt\u00e9s 79. \u00e9vfordul\u00f3j\u00e1ra eml\u00e9keztek augusztus 29-\u00e9n Dorogon \u00e9s Esztergomban. Az \u00fcnneps\u00e9g keret\u00e9ben adt\u00e1k \u00e1t a v\u00e1ros Pro Urbe-d\u00edj\u00e1t is, amelyet id\u00e9n Szalai Ferenc, a Wendlingen\u2013Dorog Bar\u00e1ti Egyes\u00fclet alap\u00edt\u00f3ja \u00e9s kor\u00e1bbi eln\u00f6ke vehetett \u00e1t.<\/strong><\/p>\n<p>A megeml\u00e9kez\u00e9st Dorog V\u00e1ros \u00d6nkorm\u00e1nyzata, a Dorogi N\u00e9met Nemzetis\u00e9gi \u00d6nkorm\u00e1nyzat \u00e9s a Wendlingen\u2013Dorog Bar\u00e1ti Egyes\u00fclet szervezte. Az esem\u00e9nyen r\u00e9szt vettek a testv\u00e9rv\u00e1rosb\u00f3l \u00e9rkezett Dorog\u2013Wendlingen Bar\u00e1ti Egyes\u00fclet tagjai is, akik egy hetet t\u00f6lt\u00f6ttek Magyarorsz\u00e1gon.<\/p>\n<p><img fetchpriority=\"high\" decoding=\"async\" class=\"alignnone size-full wp-image-83239\" src=\"https:\/\/dorogimedence.hu\/wp-content\/uploads\/2026\/08\/789085140_897934439761619_8340603409334885261_n.jpg\" alt=\"\" width=\"2048\" height=\"1365\" srcset=\"https:\/\/dorogimedence.hu\/wp-content\/uploads\/2026\/08\/789085140_897934439761619_8340603409334885261_n.jpg 2048w, https:\/\/dorogimedence.hu\/wp-content\/uploads\/2026\/08\/789085140_897934439761619_8340603409334885261_n-600x400.jpg 600w, https:\/\/dorogimedence.hu\/wp-content\/uploads\/2026\/08\/789085140_897934439761619_8340603409334885261_n-1920x1280.jpg 1920w, https:\/\/dorogimedence.hu\/wp-content\/uploads\/2026\/08\/789085140_897934439761619_8340603409334885261_n-768x512.jpg 768w, https:\/\/dorogimedence.hu\/wp-content\/uploads\/2026\/08\/789085140_897934439761619_8340603409334885261_n-1536x1024.jpg 1536w, https:\/\/dorogimedence.hu\/wp-content\/uploads\/2026\/08\/789085140_897934439761619_8340603409334885261_n-150x100.jpg 150w, https:\/\/dorogimedence.hu\/wp-content\/uploads\/2026\/08\/789085140_897934439761619_8340603409334885261_n-450x300.jpg 450w, https:\/\/dorogimedence.hu\/wp-content\/uploads\/2026\/08\/789085140_897934439761619_8340603409334885261_n-1200x800.jpg 1200w, https:\/\/dorogimedence.hu\/wp-content\/uploads\/2026\/08\/789085140_897934439761619_8340603409334885261_n-272x182.jpg 272w\" sizes=\"(max-width: 2048px) 100vw, 2048px\" \/><\/p>\n<h3>Megeml\u00e9kez\u00e9s Esztergomban \u00e9s Dorogon<\/h3>\n<p>A program az Esztergomi Bazilik\u00e1ban kezd\u0151d\u00f6tt. Dr. Tittmann J\u00e1nos, Dorog polg\u00e1rmester\u00e9nek besz\u00e9d\u00e9t k\u00f6vet\u0151en a szervezetek koszor\u00fat helyeztek el Mindszenty J\u00f3zsef b\u00edboros, esztergomi \u00e9rsek \u00e9s hercegpr\u00edm\u00e1s f\u00f6ldi maradv\u00e1nyain\u00e1l, valamint eml\u00e9kt\u00e1bl\u00e1j\u00e1n\u00e1l.<\/p>\n<p>Mindszenty J\u00f3zsef 1947-ben nyilv\u00e1nosan tiltakozott a magyarorsz\u00e1gi n\u00e9metek kollekt\u00edv b\u0171n\u00f6ss\u00e9g elve alapj\u00e1n t\u00f6rt\u00e9n\u0151 kitelep\u00edt\u00e9se ellen. \u00dagy v\u00e9lte, az \u00e1rtatlan emberek t\u00f6meges el\u0171z\u00e9se alapvet\u0151 emberi jogokat s\u00e9rtett, \u00e9s \u00f6sszeegyeztethetetlen volt a kereszt\u00e9ny erk\u00f6lccsel.<\/p>\n<p>A n\u00e9met vend\u00e9gek ezt k\u00f6vet\u0151en ell\u00e1togattak a Reimann B\u00e1ny\u00e1szatt\u00f6rt\u00e9neti Miniverzumba, ahol Szendrei-Fodor Nicolett \u00e9s Vicze K\u00e1roly tolm\u00e1csol\u00e1s\u00e1val ismerkedhettek meg a dorogi b\u00e1ny\u00e1szat t\u00f6rt\u00e9net\u00e9nek legfontosabb m\u00e9rf\u00f6ldk\u00f6veivel.<\/p>\n<p>A megeml\u00e9kez\u00e9s a kitelep\u00edt\u00e9si eml\u00e9km\u0171n\u00e9l folytat\u00f3dott. Dr. Tittmann J\u00e1nos besz\u00e9de ut\u00e1n a Dorogi N\u00e9met Nemzetis\u00e9gi \u00d6nkorm\u00e1nyzat Vegyes K\u00f3rusa egy, a magyarorsz\u00e1gi n\u00e9metek sors\u00e1t felid\u00e9z\u0151 dallal l\u00e9pett fel, majd Riss J\u00f3zsef eln\u00f6k k\u00f6sz\u00f6nt\u00f6tte a jelenl\u00e9v\u0151ket \u00e9s id\u00e9zte fel az 1947-es kitelep\u00edt\u00e9s k\u00f6r\u00fclm\u00e9nyeit. A m\u0171sorban Pausch Katalin, a Tokodi Hegyesk\u0151 \u00c1ltal\u00e1nos Iskola tanul\u00f3ja szavalt, majd a r\u00e9sztvev\u0151 szervezetek elhelyezt\u00e9k az eml\u00e9kez\u00e9s koszor\u00fait.<\/p>\n<p><img decoding=\"async\" class=\"alignnone size-full wp-image-83240\" src=\"https:\/\/dorogimedence.hu\/wp-content\/uploads\/2026\/08\/788439041_28378596831775328_6640481680537940506_n.jpg\" alt=\"\" width=\"2048\" height=\"1365\" srcset=\"https:\/\/dorogimedence.hu\/wp-content\/uploads\/2026\/08\/788439041_28378596831775328_6640481680537940506_n.jpg 2048w, https:\/\/dorogimedence.hu\/wp-content\/uploads\/2026\/08\/788439041_28378596831775328_6640481680537940506_n-600x400.jpg 600w, https:\/\/dorogimedence.hu\/wp-content\/uploads\/2026\/08\/788439041_28378596831775328_6640481680537940506_n-1920x1280.jpg 1920w, https:\/\/dorogimedence.hu\/wp-content\/uploads\/2026\/08\/788439041_28378596831775328_6640481680537940506_n-768x512.jpg 768w, https:\/\/dorogimedence.hu\/wp-content\/uploads\/2026\/08\/788439041_28378596831775328_6640481680537940506_n-1536x1024.jpg 1536w, https:\/\/dorogimedence.hu\/wp-content\/uploads\/2026\/08\/788439041_28378596831775328_6640481680537940506_n-150x100.jpg 150w, https:\/\/dorogimedence.hu\/wp-content\/uploads\/2026\/08\/788439041_28378596831775328_6640481680537940506_n-450x300.jpg 450w, https:\/\/dorogimedence.hu\/wp-content\/uploads\/2026\/08\/788439041_28378596831775328_6640481680537940506_n-1200x800.jpg 1200w, https:\/\/dorogimedence.hu\/wp-content\/uploads\/2026\/08\/788439041_28378596831775328_6640481680537940506_n-272x182.jpg 272w\" sizes=\"(max-width: 2048px) 100vw, 2048px\" \/><\/p>\n<h3>T\u00f6bb mint h\u00e1rom \u00e9vtizedes munk\u00e1t ismertek el<\/h3>\n<p>Az \u00fcnneps\u00e9g r\u00e9szek\u00e9nt adta \u00e1t dr. Tittmann J\u00e1nos polg\u00e1rmester a Pro Urbe-d\u00edjat Szalai Ferencnek, aki t\u00f6bb mint harminc \u00e9ven kereszt\u00fcl dolgozott Dorog \u00e9s Wendlingen kapcsolat\u00e1nak kialak\u00edt\u00e1s\u00e1\u00e9rt, elm\u00e9ly\u00edt\u00e9s\u00e9\u00e9rt.<\/p>\n<p>Szalai Ferenc 1950-ben sz\u00fcletett Dorogon. A Pet\u0151fi S\u00e1ndor \u00c1ltal\u00e1nos Iskola ut\u00e1n az esztergomi Temesv\u00e1ri Pelb\u00e1rt Ferences Gimn\u00e1ziumban tanult, majd a Kand\u00f3 K\u00e1lm\u00e1n Villamosipari M\u0171szaki F\u0151iskol\u00e1n szerzett villamos \u00fczemm\u00e9rn\u00f6ki diplom\u00e1t. P\u00e1lyafut\u00e1sa sor\u00e1n t\u00f6bbek k\u00f6z\u00f6tt a T\u00e1vk\u00f6zl\u00e9si Kutat\u00f3int\u00e9zetben, az esztergomi Medicor M\u0171vekben \u00e9s a dorogi Hungaroton Hanglemezgy\u00e1rban dolgozott.<\/p>\n<p>A rendszerv\u00e1ltoz\u00e1s ut\u00e1n \u00f6nkorm\u00e1nyzati k\u00e9pvisel\u0151k\u00e9nt kapcsol\u00f3dott be a dorogi k\u00f6z\u00e9letbe. Kezdem\u00e9nyez\u00e9sei k\u00f6z\u00f6tt szerepelt a Megb\u00e9k\u00e9l\u00e9s Napja v\u00e1rosi \u00fcnnep, valamint az \u00faj dorogi c\u00edmer \u00e9s z\u00e1szl\u00f3 megalkot\u00e1sa. M\u00e1r az 1990-es \u00e9vek elej\u00e9n akt\u00edvan dolgozott Dorog \u00e9s Wendlingen kapcsolat\u00e1nak kialak\u00edt\u00e1s\u00e1n: deleg\u00e1ci\u00f3k, szakmai l\u00e1togat\u00e1sok, sportprogramok \u00e9s kultur\u00e1lis esem\u00e9nyek megszervez\u00e9s\u00e9ben v\u00e1llalt szerepet.<\/p>\n<p>Kezdem\u00e9nyez\u00e9s\u00e9re 1994-ben megalakult a Wendlingen\u2013Dorog Bar\u00e1ti Egyes\u00fclet, amelynek t\u00f6bb mint h\u00e1rom \u00e9vtizeden \u00e1t volt az eln\u00f6ke. Az egyes\u00fclet k\u00f6zrem\u0171k\u00f6d\u00e9s\u00e9vel di\u00e1kcsereprogramok, zenei \u00e9s egyh\u00e1zi rendezv\u00e9nyek, csal\u00e1di tal\u00e1lkoz\u00f3k, kir\u00e1ndul\u00e1sok \u00e9s k\u00f6z\u00f6ss\u00e9gi esem\u00e9nyek val\u00f3sultak meg. Tev\u00e9keny el\u0151k\u00e9sz\u00edt\u0151 munk\u00e1jukkal hozz\u00e1j\u00e1rultak az 1997-ben hivataloss\u00e1 v\u00e1lt testv\u00e9rv\u00e1rosi kapcsolat l\u00e9trej\u00f6tt\u00e9hez is.<\/p>\n<p><img decoding=\"async\" class=\"alignnone size-full wp-image-83241\" src=\"https:\/\/dorogimedence.hu\/wp-content\/uploads\/2026\/08\/785745156_1753512085790260_5479207632039344838_n.jpg\" alt=\"\" width=\"2048\" height=\"1365\" srcset=\"https:\/\/dorogimedence.hu\/wp-content\/uploads\/2026\/08\/785745156_1753512085790260_5479207632039344838_n.jpg 2048w, https:\/\/dorogimedence.hu\/wp-content\/uploads\/2026\/08\/785745156_1753512085790260_5479207632039344838_n-600x400.jpg 600w, https:\/\/dorogimedence.hu\/wp-content\/uploads\/2026\/08\/785745156_1753512085790260_5479207632039344838_n-1920x1280.jpg 1920w, https:\/\/dorogimedence.hu\/wp-content\/uploads\/2026\/08\/785745156_1753512085790260_5479207632039344838_n-768x512.jpg 768w, https:\/\/dorogimedence.hu\/wp-content\/uploads\/2026\/08\/785745156_1753512085790260_5479207632039344838_n-1536x1024.jpg 1536w, https:\/\/dorogimedence.hu\/wp-content\/uploads\/2026\/08\/785745156_1753512085790260_5479207632039344838_n-150x100.jpg 150w, https:\/\/dorogimedence.hu\/wp-content\/uploads\/2026\/08\/785745156_1753512085790260_5479207632039344838_n-450x300.jpg 450w, https:\/\/dorogimedence.hu\/wp-content\/uploads\/2026\/08\/785745156_1753512085790260_5479207632039344838_n-1200x800.jpg 1200w, https:\/\/dorogimedence.hu\/wp-content\/uploads\/2026\/08\/785745156_1753512085790260_5479207632039344838_n-272x182.jpg 272w\" sizes=\"(max-width: 2048px) 100vw, 2048px\" \/><\/p>\n<p>A k\u00e9t telep\u00fcl\u00e9s egy\u00fcttm\u0171k\u00f6d\u00e9s\u00e9nek k\u00f6sz\u00f6nhet\u0151en 1995-t\u0151l k\u00f3rh\u00e1zi \u00e1gyak, b\u00fatorok, eg\u00e9szs\u00e9g\u00fcgyi eszk\u00f6z\u00f6k, g\u00e9pek, ruh\u00e1k, gy\u00f3gyszerek, valamint iskolai felszerel\u00e9sek \u00e9rkeztek Dorogra. Szalai Ferenc munk\u00e1j\u00e1t 2003-ban Dorogiak Dorog\u00e9rt eml\u00e9k\u00e9remmel, 2017-ben pedig Elismer\u0151 Eml\u00e9klappal jutalmazt\u00e1k.<\/p>\n<p>Szalai Ferenc 2026-ban visszavonult a k\u00f6z\u00e9lett\u0151l, a Wendlingen\u2013Dorog Bar\u00e1ti Egyes\u00fclet vezet\u00e9s\u00e9t Szendrei-Fodor Nicolett vette \u00e1t. T\u00f6bb \u00e9vtizedes, \u00f6nzetlen k\u00f6z\u00f6ss\u00e9g\u00e9p\u00edt\u0151 tev\u00e9kenys\u00e9g\u00e9t, a sz\u00e9tszak\u00edtott n\u00e9met sz\u00e1rmaz\u00e1s\u00fa csal\u00e1dok kapcsolatainak er\u0151s\u00edt\u00e9s\u00e9t, valamint Dorog \u00e9s Wendlingen egy\u00fcttm\u0171k\u00f6d\u00e9s\u00e9\u00e9rt v\u00e9gzett munk\u00e1j\u00e1t Dorog V\u00e1ros \u00d6nkorm\u00e1nyzata Pro Urbe-d\u00edjjal ismerte el.<\/p>\n<p>A megeml\u00e9kez\u00e9st k\u00f6vet\u0151en a r\u00e9sztvev\u0151k a Falusi b\u00facs\u00fa programjaihoz csatlakoztak, ahol a Sv\u00e1b Party zenekar \u00e9s a Dorogi N\u00e9met Nemzetis\u00e9gi \u00d6nkorm\u00e1nyzat Vegyes K\u00f3rusa sz\u00f3rakoztatta a k\u00f6z\u00f6ns\u00e9get.<\/p>\n<p><em>Fot\u00f3k, forr\u00e1s: Dorog V\u00e1ros \u00d6nkorm\u00e1nyzata Facebook-oldal<\/em><\/p>\n","protected":false},"excerpt":{"rendered":"<p>A kitelep\u00edt\u00e9s 79. \u00e9vfordul\u00f3j\u00e1ra eml\u00e9keztek augusztus 29-\u00e9n Dorogon \u00e9s Esztergomban. Az \u00fcnneps\u00e9g keret\u00e9ben adt\u00e1k \u00e1t a v\u00e1ros Pro Urbe-d\u00edj\u00e1t is, amelyet id\u00e9n Szalai Ferenc, a Wendlingen\u2013Dorog Bar\u00e1ti Egyes\u00fclet alap\u00edt\u00f3ja \u00e9s kor\u00e1bbi eln\u00f6ke vehetett \u00e1t. A megeml\u00e9kez\u00e9st Dorog V\u00e1ros \u00d6nkorm\u00e1nyzata, a Dorogi N\u00e9met Nemzetis\u00e9gi \u00d6nkorm\u00e1nyzat \u00e9s a Wendlingen\u2013Dorog Bar\u00e1ti Egyes\u00fclet szervezte. Az esem\u00e9nyen r\u00e9szt vettek a<\/p>\n","protected":false},"author":1,"featured_media":83238,"comment_status":"closed","ping_status":"closed","sticky":false,"template":"","format":"standard","meta":{"ngg_post_thumbnail":0,"footnotes":""},"categories":[2,3],"tags":[15,5624,126,105,2720],"class_list":["post-83237","post","type-post","status-publish","format-standard","has-post-thumbnail","category-dorog","category-hirek","tag-dorog","tag-featured","tag-kitelepites","tag-nemet-nemzetiseg","tag-pro-urbe-dij"],"yoast_head":"<!-- This site is optimized with the Yoast SEO plugin v28.3 - https:\/\/yoast.com\/product\/yoast-seo-wordpress\/ -->\n<title>Szalai Ferenc vehette \u00e1t Dorog Pro Urbe-d\u00edj\u00e1t<\/title>\n<meta name=\"robots\" content=\"index, follow, max-snippet:-1, max-image-preview:large, max-video-preview:-1\" \/>\n<link rel=\"canonical\" href=\"https:\/\/dorogimedence.hu\/index.php\/2026\/08\/31\/szalai-ferenc-vehette-at-dorog-pro-urbe-dijat\/\" class=\"yoast-seo-meta-tag\" \/>\n<meta property=\"og:locale\" content=\"hu_HU\" class=\"yoast-seo-meta-tag\" \/>\n<meta property=\"og:type\" content=\"article\" class=\"yoast-seo-meta-tag\" \/>\n<meta property=\"og:title\" content=\"Szalai Ferenc vehette \u00e1t Dorog Pro Urbe-d\u00edj\u00e1t\" class=\"yoast-seo-meta-tag\" \/>\n<meta property=\"og:description\" content=\"A kitelep\u00edt\u00e9s 79. \u00e9vfordul\u00f3j\u00e1ra eml\u00e9keztek augusztus 29-\u00e9n Dorogon \u00e9s Esztergomban. Az \u00fcnneps\u00e9g keret\u00e9ben adt\u00e1k \u00e1t a v\u00e1ros Pro Urbe-d\u00edj\u00e1t is, amelyet id\u00e9n Szalai Ferenc, a Wendlingen\u2013Dorog Bar\u00e1ti Egyes\u00fclet alap\u00edt\u00f3ja \u00e9s kor\u00e1bbi eln\u00f6ke vehetett \u00e1t. A megeml\u00e9kez\u00e9st Dorog V\u00e1ros \u00d6nkorm\u00e1nyzata, a Dorogi N\u00e9met Nemzetis\u00e9gi \u00d6nkorm\u00e1nyzat \u00e9s a Wendlingen\u2013Dorog Bar\u00e1ti Egyes\u00fclet szervezte. Az esem\u00e9nyen r\u00e9szt vettek a\" class=\"yoast-seo-meta-tag\" \/>\n<meta property=\"og:url\" content=\"https:\/\/dorogimedence.hu\/index.php\/2026\/08\/31\/szalai-ferenc-vehette-at-dorog-pro-urbe-dijat\/\" class=\"yoast-seo-meta-tag\" \/>\n<meta property=\"og:site_name\" content=\"Dorogi-medence Region\u00e1lis H\u00edrport\u00e1l\" class=\"yoast-seo-meta-tag\" \/>\n<meta property=\"article:publisher\" content=\"https:\/\/www.facebook.com\/dorogimedence\/\" class=\"yoast-seo-meta-tag\" \/>\n<meta property=\"article:published_time\" content=\"2026-08-31T05:53:20+00:00\" class=\"yoast-seo-meta-tag\" \/>\n<meta property=\"og:image\" content=\"https:\/\/dorogimedence.hu\/wp-content\/uploads\/2026\/08\/788717106_1028766206877778_1785119875037440234_n.jpg\" class=\"yoast-seo-meta-tag\" \/>\n\t<meta property=\"og:image:width\" content=\"2048\" class=\"yoast-seo-meta-tag\" \/>\n\t<meta property=\"og:image:height\" content=\"1365\" class=\"yoast-seo-meta-tag\" \/>\n\t<meta property=\"og:image:type\" content=\"image\/jpeg\" class=\"yoast-seo-meta-tag\" \/>\n<meta name=\"author\" content=\"dorogimedence.hu\" class=\"yoast-seo-meta-tag\" \/>\n<meta name=\"twitter:card\" content=\"summary_large_image\" class=\"yoast-seo-meta-tag\" \/>\n<meta name=\"twitter:label1\" content=\"Szerz\u0151:\" class=\"yoast-seo-meta-tag\" \/>\n\t<meta name=\"twitter:data1\" content=\"dorogimedence.hu\" class=\"yoast-seo-meta-tag\" \/>\n\t<meta name=\"twitter:label2\" content=\"Becs\u00fclt olvas\u00e1si id\u0151\" class=\"yoast-seo-meta-tag\" \/>\n\t<meta name=\"twitter:data2\" content=\"4 perc\" class=\"yoast-seo-meta-tag\" \/>\n<script type=\"application\/ld+json\" class=\"yoast-schema-graph\">{\"@context\":\"https:\\\/\\\/schema.org\",\"@graph\":[{\"@type\":\"Article\",\"@id\":\"https:\\\/\\\/dorogimedence.hu\\\/index.php\\\/2026\\\/08\\\/31\\\/szalai-ferenc-vehette-at-dorog-pro-urbe-dijat\\\/#article\",\"isPartOf\":{\"@id\":\"https:\\\/\\\/dorogimedence.hu\\\/index.php\\\/2026\\\/08\\\/31\\\/szalai-ferenc-vehette-at-dorog-pro-urbe-dijat\\\/\"},\"author\":{\"name\":\"dorogimedence.hu\",\"@id\":\"https:\\\/\\\/dorogimedence.hu\\\/#\\\/schema\\\/person\\\/ce6091eeb7e95ecdc87890d6aa8e0fd4\"},\"headline\":\"Szalai Ferenc vehette \u00e1t Dorog Pro Urbe-d\u00edj\u00e1t\",\"datePublished\":\"2026-08-31T05:53:20+00:00\",\"mainEntityOfPage\":{\"@id\":\"https:\\\/\\\/dorogimedence.hu\\\/index.php\\\/2026\\\/08\\\/31\\\/szalai-ferenc-vehette-at-dorog-pro-urbe-dijat\\\/\"},\"wordCount\":864,\"publisher\":{\"@id\":\"https:\\\/\\\/dorogimedence.hu\\\/#organization\"},\"image\":{\"@id\":\"https:\\\/\\\/dorogimedence.hu\\\/index.php\\\/2026\\\/08\\\/31\\\/szalai-ferenc-vehette-at-dorog-pro-urbe-dijat\\\/#primaryimage\"},\"thumbnailUrl\":\"https:\\\/\\\/dorogimedence.hu\\\/wp-content\\\/uploads\\\/2026\\\/08\\\/788717106_1028766206877778_1785119875037440234_n.jpg\",\"keywords\":[\"Dorog\",\"featured\",\"kitelep\u00edt\u00e9s\",\"n\u00e9met nemzetis\u00e9g\",\"Pro Urbe d\u00edj\"],\"articleSection\":[\"Dorog\",\"H\u00edrek\"],\"inLanguage\":\"hu\"},{\"@type\":\"WebPage\",\"@id\":\"https:\\\/\\\/dorogimedence.hu\\\/index.php\\\/2026\\\/08\\\/31\\\/szalai-ferenc-vehette-at-dorog-pro-urbe-dijat\\\/\",\"url\":\"https:\\\/\\\/dorogimedence.hu\\\/index.php\\\/2026\\\/08\\\/31\\\/szalai-ferenc-vehette-at-dorog-pro-urbe-dijat\\\/\",\"name\":\"Szalai Ferenc vehette \u00e1t Dorog Pro Urbe-d\u00edj\u00e1t\",\"isPartOf\":{\"@id\":\"https:\\\/\\\/dorogimedence.hu\\\/#website\"},\"primaryImageOfPage\":{\"@id\":\"https:\\\/\\\/dorogimedence.hu\\\/index.php\\\/2026\\\/08\\\/31\\\/szalai-ferenc-vehette-at-dorog-pro-urbe-dijat\\\/#primaryimage\"},\"image\":{\"@id\":\"https:\\\/\\\/dorogimedence.hu\\\/index.php\\\/2026\\\/08\\\/31\\\/szalai-ferenc-vehette-at-dorog-pro-urbe-dijat\\\/#primaryimage\"},\"thumbnailUrl\":\"https:\\\/\\\/dorogimedence.hu\\\/wp-content\\\/uploads\\\/2026\\\/08\\\/788717106_1028766206877778_1785119875037440234_n.jpg\",\"datePublished\":\"2026-08-31T05:53:20+00:00\",\"breadcrumb\":{\"@id\":\"https:\\\/\\\/dorogimedence.hu\\\/index.php\\\/2026\\\/08\\\/31\\\/szalai-ferenc-vehette-at-dorog-pro-urbe-dijat\\\/#breadcrumb\"},\"inLanguage\":\"hu\",\"potentialAction\":[{\"@type\":\"ReadAction\",\"target\":[\"https:\\\/\\\/dorogimedence.hu\\\/index.php\\\/2026\\\/08\\\/31\\\/szalai-ferenc-vehette-at-dorog-pro-urbe-dijat\\\/\"]}]},{\"@type\":\"ImageObject\",\"inLanguage\":\"hu\",\"@id\":\"https:\\\/\\\/dorogimedence.hu\\\/index.php\\\/2026\\\/08\\\/31\\\/szalai-ferenc-vehette-at-dorog-pro-urbe-dijat\\\/#primaryimage\",\"url\":\"https:\\\/\\\/dorogimedence.hu\\\/wp-content\\\/uploads\\\/2026\\\/08\\\/788717106_1028766206877778_1785119875037440234_n.jpg\",\"contentUrl\":\"https:\\\/\\\/dorogimedence.hu\\\/wp-content\\\/uploads\\\/2026\\\/08\\\/788717106_1028766206877778_1785119875037440234_n.jpg\",\"width\":2048,\"height\":1365},{\"@type\":\"BreadcrumbList\",\"@id\":\"https:\\\/\\\/dorogimedence.hu\\\/index.php\\\/2026\\\/08\\\/31\\\/szalai-ferenc-vehette-at-dorog-pro-urbe-dijat\\\/#breadcrumb\",\"itemListElement\":[{\"@type\":\"ListItem\",\"position\":1,\"name\":\"Kezd\u0151lap\",\"item\":\"https:\\\/\\\/dorogimedence.hu\\\/\"},{\"@type\":\"ListItem\",\"position\":2,\"name\":\"Szalai Ferenc vehette \u00e1t Dorog Pro Urbe-d\u00edj\u00e1t\"}]},{\"@type\":\"WebSite\",\"@id\":\"https:\\\/\\\/dorogimedence.hu\\\/#website\",\"url\":\"https:\\\/\\\/dorogimedence.hu\\\/\",\"name\":\"Dorogi-medence Region\u00e1lis H\u00edrport\u00e1l\",\"description\":\"Dorog, Keszt\u00f6lc, Le\u00e1nyv\u00e1r, Piliscs\u00e9v, Tokod, Tokodalt\u00e1r\u00f3, Csolnok, Esztergom-kertv\u00e1ros: h\u00edrek, programok\",\"publisher\":{\"@id\":\"https:\\\/\\\/dorogimedence.hu\\\/#organization\"},\"potentialAction\":[{\"@type\":\"SearchAction\",\"target\":{\"@type\":\"EntryPoint\",\"urlTemplate\":\"https:\\\/\\\/dorogimedence.hu\\\/?s={search_term_string}\"},\"query-input\":{\"@type\":\"PropertyValueSpecification\",\"valueRequired\":true,\"valueName\":\"search_term_string\"}}],\"inLanguage\":\"hu\"},{\"@type\":\"Organization\",\"@id\":\"https:\\\/\\\/dorogimedence.hu\\\/#organization\",\"name\":\"Dorogi-medence Region\u00e1lis H\u00edrport\u00e1l\",\"url\":\"https:\\\/\\\/dorogimedence.hu\\\/\",\"logo\":{\"@type\":\"ImageObject\",\"inLanguage\":\"hu\",\"@id\":\"https:\\\/\\\/dorogimedence.hu\\\/#\\\/schema\\\/logo\\\/image\\\/\",\"url\":\"https:\\\/\\\/dorogimedence.hu\\\/wp-content\\\/uploads\\\/2021\\\/04\\\/logo-feher-600.png\",\"contentUrl\":\"https:\\\/\\\/dorogimedence.hu\\\/wp-content\\\/uploads\\\/2021\\\/04\\\/logo-feher-600.png\",\"width\":600,\"height\":100,\"caption\":\"Dorogi-medence Region\u00e1lis H\u00edrport\u00e1l\"},\"image\":{\"@id\":\"https:\\\/\\\/dorogimedence.hu\\\/#\\\/schema\\\/logo\\\/image\\\/\"},\"sameAs\":[\"https:\\\/\\\/www.facebook.com\\\/dorogimedence\\\/\"]},{\"@type\":\"Person\",\"@id\":\"https:\\\/\\\/dorogimedence.hu\\\/#\\\/schema\\\/person\\\/ce6091eeb7e95ecdc87890d6aa8e0fd4\",\"name\":\"dorogimedence.hu\",\"image\":{\"@type\":\"ImageObject\",\"inLanguage\":\"hu\",\"@id\":\"\\\/\\\/www.gravatar.com\\\/avatar\\\/d8d45f8901aadff40a4af72c0b826f1d?s=96&#038;r=g&#038;d=mm\",\"url\":\"\\\/\\\/www.gravatar.com\\\/avatar\\\/d8d45f8901aadff40a4af72c0b826f1d?s=96&#038;r=g&#038;d=mm\",\"contentUrl\":\"\\\/\\\/www.gravatar.com\\\/avatar\\\/d8d45f8901aadff40a4af72c0b826f1d?s=96&#038;r=g&#038;d=mm\",\"caption\":\"dorogimedence.hu\"}}]}<\/script>\n<!-- \/ Yoast SEO plugin. -->","yoast_head_json":{"title":"Szalai Ferenc vehette \u00e1t Dorog Pro Urbe-d\u00edj\u00e1t","robots":{"index":"index","follow":"follow","max-snippet":"max-snippet:-1","max-image-preview":"max-image-preview:large","max-video-preview":"max-video-preview:-1"},"canonical":"https:\/\/dorogimedence.hu\/index.php\/2026\/08\/31\/szalai-ferenc-vehette-at-dorog-pro-urbe-dijat\/","og_locale":"hu_HU","og_type":"article","og_title":"Szalai Ferenc vehette \u00e1t Dorog Pro Urbe-d\u00edj\u00e1t","og_description":"A kitelep\u00edt\u00e9s 79. \u00e9vfordul\u00f3j\u00e1ra eml\u00e9keztek augusztus 29-\u00e9n Dorogon \u00e9s Esztergomban. Az \u00fcnneps\u00e9g keret\u00e9ben adt\u00e1k \u00e1t a v\u00e1ros Pro Urbe-d\u00edj\u00e1t is, amelyet id\u00e9n Szalai Ferenc, a Wendlingen\u2013Dorog Bar\u00e1ti Egyes\u00fclet alap\u00edt\u00f3ja \u00e9s kor\u00e1bbi eln\u00f6ke vehetett \u00e1t. A megeml\u00e9kez\u00e9st Dorog V\u00e1ros \u00d6nkorm\u00e1nyzata, a Dorogi N\u00e9met Nemzetis\u00e9gi \u00d6nkorm\u00e1nyzat \u00e9s a Wendlingen\u2013Dorog Bar\u00e1ti Egyes\u00fclet szervezte. Az esem\u00e9nyen r\u00e9szt vettek a","og_url":"https:\/\/dorogimedence.hu\/index.php\/2026\/08\/31\/szalai-ferenc-vehette-at-dorog-pro-urbe-dijat\/","og_site_name":"Dorogi-medence Region\u00e1lis H\u00edrport\u00e1l","article_publisher":"https:\/\/www.facebook.com\/dorogimedence\/","article_published_time":"2026-08-31T05:53:20+00:00","og_image":[{"width":2048,"height":1365,"url":"https:\/\/dorogimedence.hu\/wp-content\/uploads\/2026\/08\/788717106_1028766206877778_1785119875037440234_n.jpg","type":"image\/jpeg"}],"author":"dorogimedence.hu","twitter_card":"summary_large_image","twitter_misc":{"Szerz\u0151:":"dorogimedence.hu","Becs\u00fclt olvas\u00e1si id\u0151":"4 perc"},"schema":{"@context":"https:\/\/schema.org","@graph":[{"@type":"Article","@id":"https:\/\/dorogimedence.hu\/index.php\/2026\/08\/31\/szalai-ferenc-vehette-at-dorog-pro-urbe-dijat\/#article","isPartOf":{"@id":"https:\/\/dorogimedence.hu\/index.php\/2026\/08\/31\/szalai-ferenc-vehette-at-dorog-pro-urbe-dijat\/"},"author":{"name":"dorogimedence.hu","@id":"https:\/\/dorogimedence.hu\/#\/schema\/person\/ce6091eeb7e95ecdc87890d6aa8e0fd4"},"headline":"Szalai Ferenc vehette \u00e1t Dorog Pro Urbe-d\u00edj\u00e1t","datePublished":"2026-08-31T05:53:20+00:00","mainEntityOfPage":{"@id":"https:\/\/dorogimedence.hu\/index.php\/2026\/08\/31\/szalai-ferenc-vehette-at-dorog-pro-urbe-dijat\/"},"wordCount":864,"publisher":{"@id":"https:\/\/dorogimedence.hu\/#organization"},"image":{"@id":"https:\/\/dorogimedence.hu\/index.php\/2026\/08\/31\/szalai-ferenc-vehette-at-dorog-pro-urbe-dijat\/#primaryimage"},"thumbnailUrl":"https:\/\/dorogimedence.hu\/wp-content\/uploads\/2026\/08\/788717106_1028766206877778_1785119875037440234_n.jpg","keywords":["Dorog","featured","kitelep\u00edt\u00e9s","n\u00e9met nemzetis\u00e9g","Pro Urbe d\u00edj"],"articleSection":["Dorog","H\u00edrek"],"inLanguage":"hu"},{"@type":"WebPage","@id":"https:\/\/dorogimedence.hu\/index.php\/2026\/08\/31\/szalai-ferenc-vehette-at-dorog-pro-urbe-dijat\/","url":"https:\/\/dorogimedence.hu\/index.php\/2026\/08\/31\/szalai-ferenc-vehette-at-dorog-pro-urbe-dijat\/","name":"Szalai Ferenc vehette \u00e1t Dorog Pro Urbe-d\u00edj\u00e1t","isPartOf":{"@id":"https:\/\/dorogimedence.hu\/#website"},"primaryImageOfPage":{"@id":"https:\/\/dorogimedence.hu\/index.php\/2026\/08\/31\/szalai-ferenc-vehette-at-dorog-pro-urbe-dijat\/#primaryimage"},"image":{"@id":"https:\/\/dorogimedence.hu\/index.php\/2026\/08\/31\/szalai-ferenc-vehette-at-dorog-pro-urbe-dijat\/#primaryimage"},"thumbnailUrl":"https:\/\/dorogimedence.hu\/wp-content\/uploads\/2026\/08\/788717106_1028766206877778_1785119875037440234_n.jpg","datePublished":"2026-08-31T05:53:20+00:00","breadcrumb":{"@id":"https:\/\/dorogimedence.hu\/index.php\/2026\/08\/31\/szalai-ferenc-vehette-at-dorog-pro-urbe-dijat\/#breadcrumb"},"inLanguage":"hu","potentialAction":[{"@type":"ReadAction","target":["https:\/\/dorogimedence.hu\/index.php\/2026\/08\/31\/szalai-ferenc-vehette-at-dorog-pro-urbe-dijat\/"]}]},{"@type":"ImageObject","inLanguage":"hu","@id":"https:\/\/dorogimedence.hu\/index.php\/2026\/08\/31\/szalai-ferenc-vehette-at-dorog-pro-urbe-dijat\/#primaryimage","url":"https:\/\/dorogimedence.hu\/wp-content\/uploads\/2026\/08\/788717106_1028766206877778_1785119875037440234_n.jpg","contentUrl":"https:\/\/dorogimedence.hu\/wp-content\/uploads\/2026\/08\/788717106_1028766206877778_1785119875037440234_n.jpg","width":2048,"height":1365},{"@type":"BreadcrumbList","@id":"https:\/\/dorogimedence.hu\/index.php\/2026\/08\/31\/szalai-ferenc-vehette-at-dorog-pro-urbe-dijat\/#breadcrumb","itemListElement":[{"@type":"ListItem","position":1,"name":"Kezd\u0151lap","item":"https:\/\/dorogimedence.hu\/"},{"@type":"ListItem","position":2,"name":"Szalai Ferenc vehette \u00e1t Dorog Pro Urbe-d\u00edj\u00e1t"}]},{"@type":"WebSite","@id":"https:\/\/dorogimedence.hu\/#website","url":"https:\/\/dorogimedence.hu\/","name":"Dorogi-medence Region\u00e1lis H\u00edrport\u00e1l","description":"Dorog, Keszt\u00f6lc, Le\u00e1nyv\u00e1r, Piliscs\u00e9v, Tokod, Tokodalt\u00e1r\u00f3, Csolnok, Esztergom-kertv\u00e1ros: h\u00edrek, programok","publisher":{"@id":"https:\/\/dorogimedence.hu\/#organization"},"potentialAction":[{"@type":"SearchAction","target":{"@type":"EntryPoint","urlTemplate":"https:\/\/dorogimedence.hu\/?s={search_term_string}"},"query-input":{"@type":"PropertyValueSpecification","valueRequired":true,"valueName":"search_term_string"}}],"inLanguage":"hu"},{"@type":"Organization","@id":"https:\/\/dorogimedence.hu\/#organization","name":"Dorogi-medence Region\u00e1lis H\u00edrport\u00e1l","url":"https:\/\/dorogimedence.hu\/","logo":{"@type":"ImageObject","inLanguage":"hu","@id":"https:\/\/dorogimedence.hu\/#\/schema\/logo\/image\/","url":"https:\/\/dorogimedence.hu\/wp-content\/uploads\/2021\/04\/logo-feher-600.png","contentUrl":"https:\/\/dorogimedence.hu\/wp-content\/uploads\/2021\/04\/logo-feher-600.png","width":600,"height":100,"caption":"Dorogi-medence Region\u00e1lis H\u00edrport\u00e1l"},"image":{"@id":"https:\/\/dorogimedence.hu\/#\/schema\/logo\/image\/"},"sameAs":["https:\/\/www.facebook.com\/dorogimedence\/"]},{"@type":"Person","@id":"https:\/\/dorogimedence.hu\/#\/schema\/person\/ce6091eeb7e95ecdc87890d6aa8e0fd4","name":"dorogimedence.hu","image":{"@type":"ImageObject","inLanguage":"hu","@id":"\/\/www.gravatar.com\/avatar\/d8d45f8901aadff40a4af72c0b826f1d?s=96&#038;r=g&#038;d=mm","url":"\/\/www.gravatar.com\/avatar\/d8d45f8901aadff40a4af72c0b826f1d?s=96&#038;r=g&#038;d=mm","contentUrl":"\/\/www.gravatar.com\/avatar\/d8d45f8901aadff40a4af72c0b826f1d?s=96&#038;r=g&#038;d=mm","caption":"dorogimedence.hu"}}]}},"_links":{"self":[{"href":"https:\/\/dorogimedence.hu\/index.php\/wp-json\/wp\/v2\/posts\/83237","targetHints":{"allow":["GET"]}}],"collection":[{"href":"https:\/\/dorogimedence.hu\/index.php\/wp-json\/wp\/v2\/posts"}],"about":[{"href":"https:\/\/dorogimedence.hu\/index.php\/wp-json\/wp\/v2\/types\/post"}],"author":[{"embeddable":true,"href":"https:\/\/dorogimedence.hu\/index.php\/wp-json\/wp\/v2\/users\/1"}],"replies":[{"embeddable":true,"href":"https:\/\/dorogimedence.hu\/index.php\/wp-json\/wp\/v2\/comments?post=83237"}],"version-history":[{"count":1,"href":"https:\/\/dorogimedence.hu\/index.php\/wp-json\/wp\/v2\/posts\/83237\/revisions"}],"predecessor-version":[{"id":83242,"href":"https:\/\/dorogimedence.hu\/index.php\/wp-json\/wp\/v2\/posts\/83237\/revisions\/83242"}],"wp:featuredmedia":[{"embeddable":true,"href":"https:\/\/dorogimedence.hu\/index.php\/wp-json\/wp\/v2\/media\/83238"}],"wp:attachment":[{"href":"https:\/\/dorogimedence.hu\/index.php\/wp-json\/wp\/v2\/media?parent=83237"}],"wp:term":[{"taxonomy":"category","embeddable":true,"href":"https:\/\/dorogimedence.hu\/index.php\/wp-json\/wp\/v2\/categories?post=83237"},{"taxonomy":"post_tag","embeddable":true,"href":"https:\/\/dorogimedence.hu\/index.php\/wp-json\/wp\/v2\/tags?post=83237"}],"curies":[{"name":"wp","href":"https:\/\/api.w.org\/{rel}","templated":true}]}}