{"id":83232,"date":"2026-08-29T11:49:50","date_gmt":"2026-08-29T09:49:50","guid":{"rendered":"https:\/\/dorogimedence.hu\/?p=83232"},"modified":"2026-08-29T11:49:50","modified_gmt":"2026-08-29T09:49:50","slug":"megvedte-vilagbajnoki-cimet-az-esztergomi-kotodesu-csikos-zsoka","status":"publish","type":"post","link":"https:\/\/dorogimedence.hu\/index.php\/2026\/08\/29\/megvedte-vilagbajnoki-cimet-az-esztergomi-kotodesu-csikos-zsoka\/","title":{"rendered":"Megv\u00e9dte vil\u00e1gbajnoki c\u00edm\u00e9t az esztergomi k\u00f6t\u0151d\u00e9s\u0171 Csik\u00f3s Zs\u00f3ka"},"content":{"rendered":"<p><strong>Az esztergomi k\u00f6t\u0151d\u00e9s\u0171 Csik\u00f3s Zs\u00f3ka arany\u00e9rmet szerzett K\u20131 1000 m\u00e9teren a lengyelorsz\u00e1gi Poznanban zajl\u00f3 gyorsas\u00e1gi \u00e9s para kajak-kenu vil\u00e1gbajnoks\u00e1gon. A 25 \u00e9ves sportol\u00f3 magabiztos versenyz\u00e9ssel v\u00e9dte meg tavaly megszerzett vil\u00e1gbajnoki c\u00edm\u00e9t.<\/strong><\/p>\n<p>Csik\u00f3s Zs\u00f3ka remek\u00fcl kezdte a vil\u00e1gbajnoks\u00e1got: K\u20131 1000 \u00e9s 500 m\u00e9teren is megnyerte az el\u0151futam\u00e1t. Az 1000 m\u00e9teres sz\u00e1m k\u00f6z\u00e9pfutam\u00e1b\u00f3l szint\u00e9n els\u0151k\u00e9nt jutott tov\u00e1bb, \u00edgy c\u00edmv\u00e9d\u0151k\u00e9nt \u00e9s a fin\u00e1l\u00e9 egyik legnagyobb es\u00e9lyesek\u00e9nt \u00e1llhatott rajthoz.<\/p>\n<p>A hatos p\u00e1ly\u00e1r\u00f3l indul\u00f3 magyar kajakos m\u00e1r a verseny elej\u00e9n az \u00e9lre \u00e1llt, majd fokozatosan n\u00f6velte el\u0151ny\u00e9t. Vezet\u0151 hely\u00e9t a c\u00e9lig meg\u0151rizte, \u00e9s 4:11.95 perces id\u0151vel, k\u00f6zel h\u00e1rom m\u00e1sodperces f\u00f6l\u00e9nnyel szerezte meg az arany\u00e9rmet. A spanyol Laia Pelachs v\u00e9gzett a m\u00e1sodik, m\u00edg a d\u00e1n Pernille Knudsen a harmadik helyen.<\/p>\n<p>Csik\u00f3s Zs\u00f3ka ezzel megism\u00e9telte a 2025-\u00f6s mil\u00e1n\u00f3i vil\u00e1gbajnoks\u00e1gon el\u00e9rt siker\u00e9t. Ez volt p\u00e1lyafut\u00e1sa m\u00e1sodik vil\u00e1gbajnoki arany\u00e9rme K\u20131 1000 m\u00e9teren, \u00f6sszess\u00e9g\u00e9ben pedig m\u00e1r a negyedik vb-c\u00edm\u00e9t \u00fcnnepelhette.<\/p>\n<p>\u201eNem azt mondan\u00e1m, hogy meg kellett nyernem: \u00e9n meg akartam nyerni\u201d \u2013 nyilatkozta az eredm\u00e9nyhirdet\u00e9st k\u00f6vet\u0151en. Hozz\u00e1tette, b\u00e1r a rajtja ez\u00fattal sem siker\u00fclt t\u00f6k\u00e9letesen, j\u00f3 temp\u00f3t tudott dikt\u00e1lni, \u00e9s magabiztosan \u0151rizte meg vezet\u0151 hely\u00e9t.<\/p>\n<p>Csik\u00f3s Zs\u00f3ka Esztergomban kezdte a kajakoz\u00e1st, majd 2018-ban a Szolnoki Kajak-Kenu Klubhoz igazolt, amelynek sz\u00edneiben jelenleg is versenyez.<\/p>\n<p>A vil\u00e1gbajnoks\u00e1g szombati programj\u00e1ban az olimpiai sz\u00e1m, a K\u20131 500 m\u00e9ter d\u00f6nt\u0151j\u00e9ben is rajthoz \u00e1ll.<\/p>\n<p><em>Forr\u00e1s: Nemzeti Sport<br \/>\nBor\u00edt\u00f3k\u00e9p: MTI\/Szigetv\u00e1ry Zsolt<\/em><\/p>\n","protected":false},"excerpt":{"rendered":"<p>Az esztergomi k\u00f6t\u0151d\u00e9s\u0171 Csik\u00f3s Zs\u00f3ka arany\u00e9rmet szerzett K\u20131 1000 m\u00e9teren a lengyelorsz\u00e1gi Poznanban zajl\u00f3 gyorsas\u00e1gi \u00e9s para kajak-kenu vil\u00e1gbajnoks\u00e1gon. A 25 \u00e9ves sportol\u00f3 magabiztos versenyz\u00e9ssel v\u00e9dte meg tavaly megszerzett vil\u00e1gbajnoki c\u00edm\u00e9t. Csik\u00f3s Zs\u00f3ka remek\u00fcl kezdte a vil\u00e1gbajnoks\u00e1got: K\u20131 1000 \u00e9s 500 m\u00e9teren is megnyerte az el\u0151futam\u00e1t. Az 1000 m\u00e9teres sz\u00e1m k\u00f6z\u00e9pfutam\u00e1b\u00f3l szint\u00e9n els\u0151k\u00e9nt jutott tov\u00e1bb,<\/p>\n","protected":false},"author":1,"featured_media":83234,"comment_status":"closed","ping_status":"closed","sticky":false,"template":"","format":"standard","meta":{"ngg_post_thumbnail":0,"footnotes":""},"categories":[38,3,5],"tags":[8684,42,3646,16,9070,411],"class_list":["post-83232","post","type-post","status-publish","format-standard","has-post-thumbnail","category-esztergom","category-hirek","category-sport","tag-csikos-zsoka","tag-esztergom","tag-kajak-kenu","tag-sport","tag-vilagbajnok","tag-vilagbajnoksag"],"yoast_head":"<!-- This site is optimized with the Yoast SEO plugin v28.3 - https:\/\/yoast.com\/product\/yoast-seo-wordpress\/ -->\n<title>Megv\u00e9dte vil\u00e1gbajnoki c\u00edm\u00e9t az esztergomi k\u00f6t\u0151d\u00e9s\u0171 Csik\u00f3s Zs\u00f3ka<\/title>\n<meta name=\"robots\" content=\"index, follow, max-snippet:-1, max-image-preview:large, max-video-preview:-1\" \/>\n<link rel=\"canonical\" href=\"https:\/\/dorogimedence.hu\/index.php\/2026\/08\/29\/megvedte-vilagbajnoki-cimet-az-esztergomi-kotodesu-csikos-zsoka\/\" class=\"yoast-seo-meta-tag\" \/>\n<meta property=\"og:locale\" content=\"hu_HU\" class=\"yoast-seo-meta-tag\" \/>\n<meta property=\"og:type\" content=\"article\" class=\"yoast-seo-meta-tag\" \/>\n<meta property=\"og:title\" content=\"Megv\u00e9dte vil\u00e1gbajnoki c\u00edm\u00e9t az esztergomi k\u00f6t\u0151d\u00e9s\u0171 Csik\u00f3s Zs\u00f3ka\" class=\"yoast-seo-meta-tag\" \/>\n<meta property=\"og:description\" content=\"Az esztergomi k\u00f6t\u0151d\u00e9s\u0171 Csik\u00f3s Zs\u00f3ka arany\u00e9rmet szerzett K\u20131 1000 m\u00e9teren a lengyelorsz\u00e1gi Poznanban zajl\u00f3 gyorsas\u00e1gi \u00e9s para kajak-kenu vil\u00e1gbajnoks\u00e1gon. A 25 \u00e9ves sportol\u00f3 magabiztos versenyz\u00e9ssel v\u00e9dte meg tavaly megszerzett vil\u00e1gbajnoki c\u00edm\u00e9t. Csik\u00f3s Zs\u00f3ka remek\u00fcl kezdte a vil\u00e1gbajnoks\u00e1got: K\u20131 1000 \u00e9s 500 m\u00e9teren is megnyerte az el\u0151futam\u00e1t. Az 1000 m\u00e9teres sz\u00e1m k\u00f6z\u00e9pfutam\u00e1b\u00f3l szint\u00e9n els\u0151k\u00e9nt jutott tov\u00e1bb,\" class=\"yoast-seo-meta-tag\" \/>\n<meta property=\"og:url\" content=\"https:\/\/dorogimedence.hu\/index.php\/2026\/08\/29\/megvedte-vilagbajnoki-cimet-az-esztergomi-kotodesu-csikos-zsoka\/\" class=\"yoast-seo-meta-tag\" \/>\n<meta property=\"og:site_name\" content=\"Dorogi-medence Region\u00e1lis H\u00edrport\u00e1l\" class=\"yoast-seo-meta-tag\" \/>\n<meta property=\"article:publisher\" content=\"https:\/\/www.facebook.com\/dorogimedence\/\" class=\"yoast-seo-meta-tag\" \/>\n<meta property=\"article:published_time\" content=\"2026-08-29T09:49:50+00:00\" class=\"yoast-seo-meta-tag\" \/>\n<meta property=\"og:image\" content=\"https:\/\/dorogimedence.hu\/wp-content\/uploads\/2026\/08\/kep-02.jpg\" class=\"yoast-seo-meta-tag\" \/>\n\t<meta property=\"og:image:width\" content=\"800\" class=\"yoast-seo-meta-tag\" \/>\n\t<meta property=\"og:image:height\" content=\"534\" class=\"yoast-seo-meta-tag\" \/>\n\t<meta property=\"og:image:type\" content=\"image\/jpeg\" class=\"yoast-seo-meta-tag\" \/>\n<meta name=\"author\" content=\"dorogimedence.hu\" class=\"yoast-seo-meta-tag\" \/>\n<meta name=\"twitter:card\" content=\"summary_large_image\" class=\"yoast-seo-meta-tag\" \/>\n<meta name=\"twitter:label1\" content=\"Szerz\u0151:\" class=\"yoast-seo-meta-tag\" \/>\n\t<meta name=\"twitter:data1\" content=\"dorogimedence.hu\" class=\"yoast-seo-meta-tag\" \/>\n\t<meta name=\"twitter:label2\" content=\"Becs\u00fclt olvas\u00e1si id\u0151\" class=\"yoast-seo-meta-tag\" \/>\n\t<meta name=\"twitter:data2\" content=\"2 perc\" class=\"yoast-seo-meta-tag\" \/>\n<script type=\"application\/ld+json\" class=\"yoast-schema-graph\">{\"@context\":\"https:\\\/\\\/schema.org\",\"@graph\":[{\"@type\":\"Article\",\"@id\":\"https:\\\/\\\/dorogimedence.hu\\\/index.php\\\/2026\\\/08\\\/29\\\/megvedte-vilagbajnoki-cimet-az-esztergomi-kotodesu-csikos-zsoka\\\/#article\",\"isPartOf\":{\"@id\":\"https:\\\/\\\/dorogimedence.hu\\\/index.php\\\/2026\\\/08\\\/29\\\/megvedte-vilagbajnoki-cimet-az-esztergomi-kotodesu-csikos-zsoka\\\/\"},\"author\":{\"name\":\"dorogimedence.hu\",\"@id\":\"https:\\\/\\\/dorogimedence.hu\\\/#\\\/schema\\\/person\\\/ce6091eeb7e95ecdc87890d6aa8e0fd4\"},\"headline\":\"Megv\u00e9dte vil\u00e1gbajnoki c\u00edm\u00e9t az esztergomi k\u00f6t\u0151d\u00e9s\u0171 Csik\u00f3s Zs\u00f3ka\",\"datePublished\":\"2026-08-29T09:49:50+00:00\",\"mainEntityOfPage\":{\"@id\":\"https:\\\/\\\/dorogimedence.hu\\\/index.php\\\/2026\\\/08\\\/29\\\/megvedte-vilagbajnoki-cimet-az-esztergomi-kotodesu-csikos-zsoka\\\/\"},\"wordCount\":337,\"publisher\":{\"@id\":\"https:\\\/\\\/dorogimedence.hu\\\/#organization\"},\"image\":{\"@id\":\"https:\\\/\\\/dorogimedence.hu\\\/index.php\\\/2026\\\/08\\\/29\\\/megvedte-vilagbajnoki-cimet-az-esztergomi-kotodesu-csikos-zsoka\\\/#primaryimage\"},\"thumbnailUrl\":\"https:\\\/\\\/dorogimedence.hu\\\/wp-content\\\/uploads\\\/2026\\\/08\\\/kep-02.jpg\",\"keywords\":[\"Csik\u00f3s Zs\u00f3ka\",\"esztergom\",\"kajak-kenu\",\"sport\",\"vil\u00e1gbajnok\",\"vil\u00e1gbajnoks\u00e1g\"],\"articleSection\":[\"Esztergom\",\"H\u00edrek\",\"Sport\"],\"inLanguage\":\"hu\"},{\"@type\":\"WebPage\",\"@id\":\"https:\\\/\\\/dorogimedence.hu\\\/index.php\\\/2026\\\/08\\\/29\\\/megvedte-vilagbajnoki-cimet-az-esztergomi-kotodesu-csikos-zsoka\\\/\",\"url\":\"https:\\\/\\\/dorogimedence.hu\\\/index.php\\\/2026\\\/08\\\/29\\\/megvedte-vilagbajnoki-cimet-az-esztergomi-kotodesu-csikos-zsoka\\\/\",\"name\":\"Megv\u00e9dte vil\u00e1gbajnoki c\u00edm\u00e9t az esztergomi k\u00f6t\u0151d\u00e9s\u0171 Csik\u00f3s Zs\u00f3ka\",\"isPartOf\":{\"@id\":\"https:\\\/\\\/dorogimedence.hu\\\/#website\"},\"primaryImageOfPage\":{\"@id\":\"https:\\\/\\\/dorogimedence.hu\\\/index.php\\\/2026\\\/08\\\/29\\\/megvedte-vilagbajnoki-cimet-az-esztergomi-kotodesu-csikos-zsoka\\\/#primaryimage\"},\"image\":{\"@id\":\"https:\\\/\\\/dorogimedence.hu\\\/index.php\\\/2026\\\/08\\\/29\\\/megvedte-vilagbajnoki-cimet-az-esztergomi-kotodesu-csikos-zsoka\\\/#primaryimage\"},\"thumbnailUrl\":\"https:\\\/\\\/dorogimedence.hu\\\/wp-content\\\/uploads\\\/2026\\\/08\\\/kep-02.jpg\",\"datePublished\":\"2026-08-29T09:49:50+00:00\",\"breadcrumb\":{\"@id\":\"https:\\\/\\\/dorogimedence.hu\\\/index.php\\\/2026\\\/08\\\/29\\\/megvedte-vilagbajnoki-cimet-az-esztergomi-kotodesu-csikos-zsoka\\\/#breadcrumb\"},\"inLanguage\":\"hu\",\"potentialAction\":[{\"@type\":\"ReadAction\",\"target\":[\"https:\\\/\\\/dorogimedence.hu\\\/index.php\\\/2026\\\/08\\\/29\\\/megvedte-vilagbajnoki-cimet-az-esztergomi-kotodesu-csikos-zsoka\\\/\"]}]},{\"@type\":\"ImageObject\",\"inLanguage\":\"hu\",\"@id\":\"https:\\\/\\\/dorogimedence.hu\\\/index.php\\\/2026\\\/08\\\/29\\\/megvedte-vilagbajnoki-cimet-az-esztergomi-kotodesu-csikos-zsoka\\\/#primaryimage\",\"url\":\"https:\\\/\\\/dorogimedence.hu\\\/wp-content\\\/uploads\\\/2026\\\/08\\\/kep-02.jpg\",\"contentUrl\":\"https:\\\/\\\/dorogimedence.hu\\\/wp-content\\\/uploads\\\/2026\\\/08\\\/kep-02.jpg\",\"width\":800,\"height\":534},{\"@type\":\"BreadcrumbList\",\"@id\":\"https:\\\/\\\/dorogimedence.hu\\\/index.php\\\/2026\\\/08\\\/29\\\/megvedte-vilagbajnoki-cimet-az-esztergomi-kotodesu-csikos-zsoka\\\/#breadcrumb\",\"itemListElement\":[{\"@type\":\"ListItem\",\"position\":1,\"name\":\"Kezd\u0151lap\",\"item\":\"https:\\\/\\\/dorogimedence.hu\\\/\"},{\"@type\":\"ListItem\",\"position\":2,\"name\":\"Megv\u00e9dte vil\u00e1gbajnoki c\u00edm\u00e9t az esztergomi k\u00f6t\u0151d\u00e9s\u0171 Csik\u00f3s Zs\u00f3ka\"}]},{\"@type\":\"WebSite\",\"@id\":\"https:\\\/\\\/dorogimedence.hu\\\/#website\",\"url\":\"https:\\\/\\\/dorogimedence.hu\\\/\",\"name\":\"Dorogi-medence Region\u00e1lis H\u00edrport\u00e1l\",\"description\":\"Dorog, Keszt\u00f6lc, Le\u00e1nyv\u00e1r, Piliscs\u00e9v, Tokod, Tokodalt\u00e1r\u00f3, Csolnok, Esztergom-kertv\u00e1ros: h\u00edrek, programok\",\"publisher\":{\"@id\":\"https:\\\/\\\/dorogimedence.hu\\\/#organization\"},\"potentialAction\":[{\"@type\":\"SearchAction\",\"target\":{\"@type\":\"EntryPoint\",\"urlTemplate\":\"https:\\\/\\\/dorogimedence.hu\\\/?s={search_term_string}\"},\"query-input\":{\"@type\":\"PropertyValueSpecification\",\"valueRequired\":true,\"valueName\":\"search_term_string\"}}],\"inLanguage\":\"hu\"},{\"@type\":\"Organization\",\"@id\":\"https:\\\/\\\/dorogimedence.hu\\\/#organization\",\"name\":\"Dorogi-medence Region\u00e1lis H\u00edrport\u00e1l\",\"url\":\"https:\\\/\\\/dorogimedence.hu\\\/\",\"logo\":{\"@type\":\"ImageObject\",\"inLanguage\":\"hu\",\"@id\":\"https:\\\/\\\/dorogimedence.hu\\\/#\\\/schema\\\/logo\\\/image\\\/\",\"url\":\"https:\\\/\\\/dorogimedence.hu\\\/wp-content\\\/uploads\\\/2021\\\/04\\\/logo-feher-600.png\",\"contentUrl\":\"https:\\\/\\\/dorogimedence.hu\\\/wp-content\\\/uploads\\\/2021\\\/04\\\/logo-feher-600.png\",\"width\":600,\"height\":100,\"caption\":\"Dorogi-medence Region\u00e1lis H\u00edrport\u00e1l\"},\"image\":{\"@id\":\"https:\\\/\\\/dorogimedence.hu\\\/#\\\/schema\\\/logo\\\/image\\\/\"},\"sameAs\":[\"https:\\\/\\\/www.facebook.com\\\/dorogimedence\\\/\"]},{\"@type\":\"Person\",\"@id\":\"https:\\\/\\\/dorogimedence.hu\\\/#\\\/schema\\\/person\\\/ce6091eeb7e95ecdc87890d6aa8e0fd4\",\"name\":\"dorogimedence.hu\",\"image\":{\"@type\":\"ImageObject\",\"inLanguage\":\"hu\",\"@id\":\"\\\/\\\/www.gravatar.com\\\/avatar\\\/d8d45f8901aadff40a4af72c0b826f1d?s=96&#038;r=g&#038;d=mm\",\"url\":\"\\\/\\\/www.gravatar.com\\\/avatar\\\/d8d45f8901aadff40a4af72c0b826f1d?s=96&#038;r=g&#038;d=mm\",\"contentUrl\":\"\\\/\\\/www.gravatar.com\\\/avatar\\\/d8d45f8901aadff40a4af72c0b826f1d?s=96&#038;r=g&#038;d=mm\",\"caption\":\"dorogimedence.hu\"}}]}<\/script>\n<!-- \/ Yoast SEO plugin. -->","yoast_head_json":{"title":"Megv\u00e9dte vil\u00e1gbajnoki c\u00edm\u00e9t az esztergomi k\u00f6t\u0151d\u00e9s\u0171 Csik\u00f3s Zs\u00f3ka","robots":{"index":"index","follow":"follow","max-snippet":"max-snippet:-1","max-image-preview":"max-image-preview:large","max-video-preview":"max-video-preview:-1"},"canonical":"https:\/\/dorogimedence.hu\/index.php\/2026\/08\/29\/megvedte-vilagbajnoki-cimet-az-esztergomi-kotodesu-csikos-zsoka\/","og_locale":"hu_HU","og_type":"article","og_title":"Megv\u00e9dte vil\u00e1gbajnoki c\u00edm\u00e9t az esztergomi k\u00f6t\u0151d\u00e9s\u0171 Csik\u00f3s Zs\u00f3ka","og_description":"Az esztergomi k\u00f6t\u0151d\u00e9s\u0171 Csik\u00f3s Zs\u00f3ka arany\u00e9rmet szerzett K\u20131 1000 m\u00e9teren a lengyelorsz\u00e1gi Poznanban zajl\u00f3 gyorsas\u00e1gi \u00e9s para kajak-kenu vil\u00e1gbajnoks\u00e1gon. A 25 \u00e9ves sportol\u00f3 magabiztos versenyz\u00e9ssel v\u00e9dte meg tavaly megszerzett vil\u00e1gbajnoki c\u00edm\u00e9t. Csik\u00f3s Zs\u00f3ka remek\u00fcl kezdte a vil\u00e1gbajnoks\u00e1got: K\u20131 1000 \u00e9s 500 m\u00e9teren is megnyerte az el\u0151futam\u00e1t. Az 1000 m\u00e9teres sz\u00e1m k\u00f6z\u00e9pfutam\u00e1b\u00f3l szint\u00e9n els\u0151k\u00e9nt jutott tov\u00e1bb,","og_url":"https:\/\/dorogimedence.hu\/index.php\/2026\/08\/29\/megvedte-vilagbajnoki-cimet-az-esztergomi-kotodesu-csikos-zsoka\/","og_site_name":"Dorogi-medence Region\u00e1lis H\u00edrport\u00e1l","article_publisher":"https:\/\/www.facebook.com\/dorogimedence\/","article_published_time":"2026-08-29T09:49:50+00:00","og_image":[{"width":800,"height":534,"url":"https:\/\/dorogimedence.hu\/wp-content\/uploads\/2026\/08\/kep-02.jpg","type":"image\/jpeg"}],"author":"dorogimedence.hu","twitter_card":"summary_large_image","twitter_misc":{"Szerz\u0151:":"dorogimedence.hu","Becs\u00fclt olvas\u00e1si id\u0151":"2 perc"},"schema":{"@context":"https:\/\/schema.org","@graph":[{"@type":"Article","@id":"https:\/\/dorogimedence.hu\/index.php\/2026\/08\/29\/megvedte-vilagbajnoki-cimet-az-esztergomi-kotodesu-csikos-zsoka\/#article","isPartOf":{"@id":"https:\/\/dorogimedence.hu\/index.php\/2026\/08\/29\/megvedte-vilagbajnoki-cimet-az-esztergomi-kotodesu-csikos-zsoka\/"},"author":{"name":"dorogimedence.hu","@id":"https:\/\/dorogimedence.hu\/#\/schema\/person\/ce6091eeb7e95ecdc87890d6aa8e0fd4"},"headline":"Megv\u00e9dte vil\u00e1gbajnoki c\u00edm\u00e9t az esztergomi k\u00f6t\u0151d\u00e9s\u0171 Csik\u00f3s Zs\u00f3ka","datePublished":"2026-08-29T09:49:50+00:00","mainEntityOfPage":{"@id":"https:\/\/dorogimedence.hu\/index.php\/2026\/08\/29\/megvedte-vilagbajnoki-cimet-az-esztergomi-kotodesu-csikos-zsoka\/"},"wordCount":337,"publisher":{"@id":"https:\/\/dorogimedence.hu\/#organization"},"image":{"@id":"https:\/\/dorogimedence.hu\/index.php\/2026\/08\/29\/megvedte-vilagbajnoki-cimet-az-esztergomi-kotodesu-csikos-zsoka\/#primaryimage"},"thumbnailUrl":"https:\/\/dorogimedence.hu\/wp-content\/uploads\/2026\/08\/kep-02.jpg","keywords":["Csik\u00f3s Zs\u00f3ka","esztergom","kajak-kenu","sport","vil\u00e1gbajnok","vil\u00e1gbajnoks\u00e1g"],"articleSection":["Esztergom","H\u00edrek","Sport"],"inLanguage":"hu"},{"@type":"WebPage","@id":"https:\/\/dorogimedence.hu\/index.php\/2026\/08\/29\/megvedte-vilagbajnoki-cimet-az-esztergomi-kotodesu-csikos-zsoka\/","url":"https:\/\/dorogimedence.hu\/index.php\/2026\/08\/29\/megvedte-vilagbajnoki-cimet-az-esztergomi-kotodesu-csikos-zsoka\/","name":"Megv\u00e9dte vil\u00e1gbajnoki c\u00edm\u00e9t az esztergomi k\u00f6t\u0151d\u00e9s\u0171 Csik\u00f3s Zs\u00f3ka","isPartOf":{"@id":"https:\/\/dorogimedence.hu\/#website"},"primaryImageOfPage":{"@id":"https:\/\/dorogimedence.hu\/index.php\/2026\/08\/29\/megvedte-vilagbajnoki-cimet-az-esztergomi-kotodesu-csikos-zsoka\/#primaryimage"},"image":{"@id":"https:\/\/dorogimedence.hu\/index.php\/2026\/08\/29\/megvedte-vilagbajnoki-cimet-az-esztergomi-kotodesu-csikos-zsoka\/#primaryimage"},"thumbnailUrl":"https:\/\/dorogimedence.hu\/wp-content\/uploads\/2026\/08\/kep-02.jpg","datePublished":"2026-08-29T09:49:50+00:00","breadcrumb":{"@id":"https:\/\/dorogimedence.hu\/index.php\/2026\/08\/29\/megvedte-vilagbajnoki-cimet-az-esztergomi-kotodesu-csikos-zsoka\/#breadcrumb"},"inLanguage":"hu","potentialAction":[{"@type":"ReadAction","target":["https:\/\/dorogimedence.hu\/index.php\/2026\/08\/29\/megvedte-vilagbajnoki-cimet-az-esztergomi-kotodesu-csikos-zsoka\/"]}]},{"@type":"ImageObject","inLanguage":"hu","@id":"https:\/\/dorogimedence.hu\/index.php\/2026\/08\/29\/megvedte-vilagbajnoki-cimet-az-esztergomi-kotodesu-csikos-zsoka\/#primaryimage","url":"https:\/\/dorogimedence.hu\/wp-content\/uploads\/2026\/08\/kep-02.jpg","contentUrl":"https:\/\/dorogimedence.hu\/wp-content\/uploads\/2026\/08\/kep-02.jpg","width":800,"height":534},{"@type":"BreadcrumbList","@id":"https:\/\/dorogimedence.hu\/index.php\/2026\/08\/29\/megvedte-vilagbajnoki-cimet-az-esztergomi-kotodesu-csikos-zsoka\/#breadcrumb","itemListElement":[{"@type":"ListItem","position":1,"name":"Kezd\u0151lap","item":"https:\/\/dorogimedence.hu\/"},{"@type":"ListItem","position":2,"name":"Megv\u00e9dte vil\u00e1gbajnoki c\u00edm\u00e9t az esztergomi k\u00f6t\u0151d\u00e9s\u0171 Csik\u00f3s Zs\u00f3ka"}]},{"@type":"WebSite","@id":"https:\/\/dorogimedence.hu\/#website","url":"https:\/\/dorogimedence.hu\/","name":"Dorogi-medence Region\u00e1lis H\u00edrport\u00e1l","description":"Dorog, Keszt\u00f6lc, Le\u00e1nyv\u00e1r, Piliscs\u00e9v, Tokod, Tokodalt\u00e1r\u00f3, Csolnok, Esztergom-kertv\u00e1ros: h\u00edrek, programok","publisher":{"@id":"https:\/\/dorogimedence.hu\/#organization"},"potentialAction":[{"@type":"SearchAction","target":{"@type":"EntryPoint","urlTemplate":"https:\/\/dorogimedence.hu\/?s={search_term_string}"},"query-input":{"@type":"PropertyValueSpecification","valueRequired":true,"valueName":"search_term_string"}}],"inLanguage":"hu"},{"@type":"Organization","@id":"https:\/\/dorogimedence.hu\/#organization","name":"Dorogi-medence Region\u00e1lis H\u00edrport\u00e1l","url":"https:\/\/dorogimedence.hu\/","logo":{"@type":"ImageObject","inLanguage":"hu","@id":"https:\/\/dorogimedence.hu\/#\/schema\/logo\/image\/","url":"https:\/\/dorogimedence.hu\/wp-content\/uploads\/2021\/04\/logo-feher-600.png","contentUrl":"https:\/\/dorogimedence.hu\/wp-content\/uploads\/2021\/04\/logo-feher-600.png","width":600,"height":100,"caption":"Dorogi-medence Region\u00e1lis H\u00edrport\u00e1l"},"image":{"@id":"https:\/\/dorogimedence.hu\/#\/schema\/logo\/image\/"},"sameAs":["https:\/\/www.facebook.com\/dorogimedence\/"]},{"@type":"Person","@id":"https:\/\/dorogimedence.hu\/#\/schema\/person\/ce6091eeb7e95ecdc87890d6aa8e0fd4","name":"dorogimedence.hu","image":{"@type":"ImageObject","inLanguage":"hu","@id":"\/\/www.gravatar.com\/avatar\/d8d45f8901aadff40a4af72c0b826f1d?s=96&#038;r=g&#038;d=mm","url":"\/\/www.gravatar.com\/avatar\/d8d45f8901aadff40a4af72c0b826f1d?s=96&#038;r=g&#038;d=mm","contentUrl":"\/\/www.gravatar.com\/avatar\/d8d45f8901aadff40a4af72c0b826f1d?s=96&#038;r=g&#038;d=mm","caption":"dorogimedence.hu"}}]}},"_links":{"self":[{"href":"https:\/\/dorogimedence.hu\/index.php\/wp-json\/wp\/v2\/posts\/83232","targetHints":{"allow":["GET"]}}],"collection":[{"href":"https:\/\/dorogimedence.hu\/index.php\/wp-json\/wp\/v2\/posts"}],"about":[{"href":"https:\/\/dorogimedence.hu\/index.php\/wp-json\/wp\/v2\/types\/post"}],"author":[{"embeddable":true,"href":"https:\/\/dorogimedence.hu\/index.php\/wp-json\/wp\/v2\/users\/1"}],"replies":[{"embeddable":true,"href":"https:\/\/dorogimedence.hu\/index.php\/wp-json\/wp\/v2\/comments?post=83232"}],"version-history":[{"count":1,"href":"https:\/\/dorogimedence.hu\/index.php\/wp-json\/wp\/v2\/posts\/83232\/revisions"}],"predecessor-version":[{"id":83235,"href":"https:\/\/dorogimedence.hu\/index.php\/wp-json\/wp\/v2\/posts\/83232\/revisions\/83235"}],"wp:featuredmedia":[{"embeddable":true,"href":"https:\/\/dorogimedence.hu\/index.php\/wp-json\/wp\/v2\/media\/83234"}],"wp:attachment":[{"href":"https:\/\/dorogimedence.hu\/index.php\/wp-json\/wp\/v2\/media?parent=83232"}],"wp:term":[{"taxonomy":"category","embeddable":true,"href":"https:\/\/dorogimedence.hu\/index.php\/wp-json\/wp\/v2\/categories?post=83232"},{"taxonomy":"post_tag","embeddable":true,"href":"https:\/\/dorogimedence.hu\/index.php\/wp-json\/wp\/v2\/tags?post=83232"}],"curies":[{"name":"wp","href":"https:\/\/api.w.org\/{rel}","templated":true}]}}