{"id":83230,"date":"2026-08-29T11:31:29","date_gmt":"2026-08-29T09:31:29","guid":{"rendered":"https:\/\/dorogimedence.hu\/?p=83230"},"modified":"2026-08-29T11:31:29","modified_gmt":"2026-08-29T09:31:29","slug":"mohacs-500-erdo-peter-a-mohacsi-csata-emleke-nemcsak-a-veresegrol-beszel-hanem-a-husegrol-a-helytallasrol-is","status":"publish","type":"post","link":"https:\/\/dorogimedence.hu\/index.php\/2026\/08\/29\/mohacs-500-erdo-peter-a-mohacsi-csata-emleke-nemcsak-a-veresegrol-beszel-hanem-a-husegrol-a-helytallasrol-is\/","title":{"rendered":"Moh\u00e1cs 500 &#8211; Erd\u0151 P\u00e9ter: a moh\u00e1csi csata eml\u00e9ke nemcsak a veres\u00e9gr\u0151l besz\u00e9l, hanem a h\u0171s\u00e9gr\u0151l, a helyt\u00e1ll\u00e1sr\u00f3l is"},"content":{"rendered":"<p><strong>Erd\u0151 P\u00e9ter szerint a moh\u00e1csi csata eml\u00e9ke nemcsak a veres\u00e9gr\u0151l besz\u00e9l, hanem a h\u0171s\u00e9gr\u0151l, a helyt\u00e1ll\u00e1sr\u00f3l is, \u00e9s a csata eml\u00e9ke a k\u00f6z\u00f6ss\u00e9g\u00e9rt v\u00e1llalt felel\u0151ss\u00e9gre tan\u00edt. A b\u00edboros, esztergom-budapesti \u00e9rsek ezt a csata \u00f6tsz\u00e1zadik \u00e9vfordul\u00f3j\u00e1n, szombaton k\u00f6zz\u00e9tett, \u00e9s az MTI-hez is eljuttatott \u00fczenet\u00e9ben \u00edrta, azt k\u00e9rve a magyar emberekt\u0151l, hogy tanuljanak t\u00f6rt\u00e9nelm\u00fckb\u0151l, \u00e9s keress\u00e9k \u00f6nz\u00e9s n\u00e9lk\u00fcl a k\u00f6z\u00f6ss\u00e9g jav\u00e1t.<\/strong><\/p>\n<p>Erd\u0151 P\u00e9ter azt \u00edrta: \u00f6tsz\u00e1z \u00e9vvel ezel\u0151tt Moh\u00e1cs mezej\u00e9n nem csak egy csata d\u0151lt el. Elesett a fiatal II. Lajos kir\u00e1ly, vele egy\u00fctt pedig azok, akik engedelmeskedtek h\u00edv\u00e1s\u00e1nak, \u00e9s az orsz\u00e1g v\u00e9delm\u00e9re keltek. Ott lelte hal\u00e1l\u00e1t Tomori P\u00e1l kalocsai \u00e9rsek, a magyar sereg f\u0151vez\u00e9re, Szalkai L\u00e1szl\u00f3 esztergomi \u00e9rsek, Magyarorsz\u00e1g pr\u00edm\u00e1sa, valamint a p\u00fcsp\u00f6ki kar t\u00f6bb tagja, sz\u00e1mos f\u0151\u00far \u00e9s sok ezer katona &#8211; id\u00e9zte fel. &#8222;Ismertek \u00e9s n\u00e9vtelenek, akik a d\u00f6nt\u0151 \u00f3r\u00e1ban v\u00e1llalt\u00e1k a r\u00e1juk h\u00e1rul\u00f3 k\u00f6teless\u00e9get, \u00e9s \u00e9let\u00fcket adt\u00e1k haz\u00e1juk\u00e9rt&#8221;.<\/p>\n<p>A moh\u00e1csi csata h\u0151seinek \u00e9s \u00e1ldozatainak eml\u00e9ke eg\u00e9sz n\u00e9p\u00fcnk \u00f6r\u00f6ks\u00e9ge &#8211; fogalmazott Erd\u0151 P\u00e9ter. Hozz\u00e1tette, nemcsak a veres\u00e9gr\u0151l besz\u00e9l, hanem a h\u0171s\u00e9gr\u0151l, a helyt\u00e1ll\u00e1sr\u00f3l \u00e9s az \u00e1ldozatr\u00f3l is. Akik ott harcoltak, tudt\u00e1k, hogy a hatalmas t\u00faler\u0151vel szemben nem arathatnak gy\u0151zelmet, de a kereszt\u00e9ny \u00e9rt\u00e9krend \u00e9s a hazaszeretet er\u0151t adott a f\u00e9lelmeik legy\u0151z\u00e9s\u00e9hez.<\/p>\n<p>Erd\u0151 P\u00e9ter kiemelte: a csatat\u00e9ren elesettek eml\u00e9ke arra figyelmeztet, hogy &#8222;nem hajszolhatjuk mindennapi \u00e9rdekeinket \u00fagy, hogy k\u00f6zben megfeledkez\u00fcnk a k\u00f6z\u00f6ss\u00e9g jav\u00e1r\u00f3l. Nem tehetj\u00fck kock\u00e1ra az orsz\u00e1g j\u00f6v\u0151j\u00e9t szem\u00e9lyes el\u0151ny\u00f6k\u00e9rt, mert ha a k\u00f6z\u00f6ss\u00e9g meggyeng\u00fcl, v\u00e9g\u00fcl azok sorsa is bizonytalann\u00e1 v\u00e1lik, akik a v\u00e1ls\u00e1g haszon\u00e9lvez\u0151inek gondolj\u00e1k magukat&#8221;.<\/p>\n<p>A b\u00edboros szerint Moh\u00e1cs eml\u00e9ke felel\u0151ss\u00e9gre \u00e9s \u00e9lesl\u00e1t\u00e1sra tan\u00edt. Isten sz\u00edne el\u0151tt kell feltenn\u00fcnk magunknak a k\u00e9rd\u00e9st, hogy mi szolg\u00e1lja val\u00f3j\u00e1ban n\u00e9p\u00fcnk \u00e9let\u00e9t \u00e9s megmarad\u00e1s\u00e1t. &#8222;K\u00e9pesek vagyunk-e f\u00e9lretenni a sz\u00e9th\u00faz\u00e1st, felismerni a vesz\u00e9lyeket, \u00e9s egy\u00fctt dolgozni az\u00e9rt, amit el\u0151deinkt\u0151l \u00f6r\u00f6k\u00f6lt\u00fcnk, amit tov\u00e1bb kell adnunk a k\u00f6vetkez\u0151 gener\u00e1ci\u00f3knak?&#8221; &#8211; fogalmazott.<\/p>\n<p>Azt is \u00edrta: a moh\u00e1csi h\u0151s\u00f6k tov\u00e1bb \u00e9lnek a nemzet eml\u00e9kezet\u00e9ben, tetteik k\u00f6vetkezm\u00e9nyeiben \u00e9s abban az \u00e1ldozatban, amelyet a haz\u00e1\u00e9rt v\u00e1llaltak. &#8222;De hissz\u00fck, hogy szem\u00e9lyesen is \u00e9lnek Isten el\u0151tt, a szentek k\u00f6z\u00f6ss\u00e9g\u00e9ben. Ez\u00e9rt im\u00e1dkozunk \u00e9rt\u00fck, \u00e9s ez\u00e9rt k\u00e9rj\u00fck Istent, hogy adjon nekik \u00f6r\u00f6k nyugodalmat&#8221; &#8211; fogalmazott a b\u00edboros.<\/p>\n<p>Erd\u0151 P\u00e9ter r\u00e1mutatott: ha Moh\u00e1csra eml\u00e9kez\u00fcnk, l\u00e9lekben v\u00e9gig kell j\u00e1rni az az\u00f3ta eltelt \u00f6tsz\u00e1z esztend\u0151t is. &#8222;Kudarcokon, h\u00e1bor\u00fakon \u00e9s pusztul\u00e1son \u00e1t n\u00e9p\u00fcnk m\u00e9gis fennmaradt&#8221;, \u00e9s &#8222;h\u00edv\u0151 sz\u00edvvel ebben az isteni gondvisel\u00e9s jel\u00e9t ismerj\u00fck fel&#8221; &#8211; k\u00f6z\u00f6lte.<\/p>\n<p>&#8222;Becs\u00fclj\u00fck meg teh\u00e1t halottainkat \u00e9s h\u0151seink eml\u00e9kezet\u00e9t! Tanuljunk t\u00f6rt\u00e9nelm\u00fcnkb\u0151l, keress\u00fck \u00f6nz\u00e9s n\u00e9lk\u00fcl a k\u00f6z\u00f6ss\u00e9g jav\u00e1t, szolg\u00e1ljuk hittel \u00e9s szeretettel az \u00e9letet, \u00e9s \u00faj\u00edtsuk meg bizalmunkat az isteni gondvisel\u00e9sben!&#8221; &#8211; k\u00e9rte a b\u00edboros.<\/p>\n<p><em>Forr\u00e1s: MTI<\/em><br \/>\n<em> Bor\u00edt\u00f3k\u00e9p: Mudr\u00e1k Attila \/ Magyar Kur\u00edr<\/em><\/p>\n","protected":false},"excerpt":{"rendered":"<p>Erd\u0151 P\u00e9ter szerint a moh\u00e1csi csata eml\u00e9ke nemcsak a veres\u00e9gr\u0151l besz\u00e9l, hanem a h\u0171s\u00e9gr\u0151l, a helyt\u00e1ll\u00e1sr\u00f3l is, \u00e9s a csata eml\u00e9ke a k\u00f6z\u00f6ss\u00e9g\u00e9rt v\u00e1llalt felel\u0151ss\u00e9gre tan\u00edt. A b\u00edboros, esztergom-budapesti \u00e9rsek ezt a csata \u00f6tsz\u00e1zadik \u00e9vfordul\u00f3j\u00e1n, szombaton k\u00f6zz\u00e9tett, \u00e9s az MTI-hez is eljuttatott \u00fczenet\u00e9ben \u00edrta, azt k\u00e9rve a magyar emberekt\u0151l, hogy tanuljanak t\u00f6rt\u00e9nelm\u00fckb\u0151l, \u00e9s keress\u00e9k \u00f6nz\u00e9s<\/p>\n","protected":false},"author":1,"featured_media":76686,"comment_status":"closed","ping_status":"closed","sticky":false,"template":"","format":"standard","meta":{"ngg_post_thumbnail":0,"footnotes":""},"categories":[3],"tags":[764,9063],"class_list":["post-83230","post","type-post","status-publish","format-standard","has-post-thumbnail","category-hirek","tag-erdo-peter","tag-mohacs-500"],"yoast_head":"<!-- This site is optimized with the Yoast SEO plugin v28.3 - https:\/\/yoast.com\/product\/yoast-seo-wordpress\/ -->\n<title>Moh\u00e1cs 500 - Erd\u0151 P\u00e9ter: a moh\u00e1csi csata eml\u00e9ke nemcsak a veres\u00e9gr\u0151l besz\u00e9l, hanem a h\u0171s\u00e9gr\u0151l, a helyt\u00e1ll\u00e1sr\u00f3l is<\/title>\n<meta name=\"robots\" content=\"index, follow, max-snippet:-1, max-image-preview:large, max-video-preview:-1\" \/>\n<link rel=\"canonical\" href=\"https:\/\/dorogimedence.hu\/index.php\/2026\/08\/29\/mohacs-500-erdo-peter-a-mohacsi-csata-emleke-nemcsak-a-veresegrol-beszel-hanem-a-husegrol-a-helytallasrol-is\/\" class=\"yoast-seo-meta-tag\" \/>\n<meta property=\"og:locale\" content=\"hu_HU\" class=\"yoast-seo-meta-tag\" \/>\n<meta property=\"og:type\" content=\"article\" class=\"yoast-seo-meta-tag\" \/>\n<meta property=\"og:title\" content=\"Moh\u00e1cs 500 - Erd\u0151 P\u00e9ter: a moh\u00e1csi csata eml\u00e9ke nemcsak a veres\u00e9gr\u0151l besz\u00e9l, hanem a h\u0171s\u00e9gr\u0151l, a helyt\u00e1ll\u00e1sr\u00f3l is\" class=\"yoast-seo-meta-tag\" \/>\n<meta property=\"og:description\" content=\"Erd\u0151 P\u00e9ter szerint a moh\u00e1csi csata eml\u00e9ke nemcsak a veres\u00e9gr\u0151l besz\u00e9l, hanem a h\u0171s\u00e9gr\u0151l, a helyt\u00e1ll\u00e1sr\u00f3l is, \u00e9s a csata eml\u00e9ke a k\u00f6z\u00f6ss\u00e9g\u00e9rt v\u00e1llalt felel\u0151ss\u00e9gre tan\u00edt. A b\u00edboros, esztergom-budapesti \u00e9rsek ezt a csata \u00f6tsz\u00e1zadik \u00e9vfordul\u00f3j\u00e1n, szombaton k\u00f6zz\u00e9tett, \u00e9s az MTI-hez is eljuttatott \u00fczenet\u00e9ben \u00edrta, azt k\u00e9rve a magyar emberekt\u0151l, hogy tanuljanak t\u00f6rt\u00e9nelm\u00fckb\u0151l, \u00e9s keress\u00e9k \u00f6nz\u00e9s\" class=\"yoast-seo-meta-tag\" \/>\n<meta property=\"og:url\" content=\"https:\/\/dorogimedence.hu\/index.php\/2026\/08\/29\/mohacs-500-erdo-peter-a-mohacsi-csata-emleke-nemcsak-a-veresegrol-beszel-hanem-a-husegrol-a-helytallasrol-is\/\" class=\"yoast-seo-meta-tag\" \/>\n<meta property=\"og:site_name\" content=\"Dorogi-medence Region\u00e1lis H\u00edrport\u00e1l\" class=\"yoast-seo-meta-tag\" \/>\n<meta property=\"article:publisher\" content=\"https:\/\/www.facebook.com\/dorogimedence\/\" class=\"yoast-seo-meta-tag\" \/>\n<meta property=\"article:published_time\" content=\"2026-08-29T09:31:29+00:00\" class=\"yoast-seo-meta-tag\" \/>\n<meta property=\"og:image\" content=\"https:\/\/dorogimedence.hu\/wp-content\/uploads\/2025\/12\/img1.jpg\" class=\"yoast-seo-meta-tag\" \/>\n\t<meta property=\"og:image:width\" content=\"1599\" class=\"yoast-seo-meta-tag\" \/>\n\t<meta property=\"og:image:height\" content=\"1066\" class=\"yoast-seo-meta-tag\" \/>\n\t<meta property=\"og:image:type\" content=\"image\/jpeg\" class=\"yoast-seo-meta-tag\" \/>\n<meta name=\"author\" content=\"dorogimedence.hu\" class=\"yoast-seo-meta-tag\" \/>\n<meta name=\"twitter:card\" content=\"summary_large_image\" class=\"yoast-seo-meta-tag\" \/>\n<meta name=\"twitter:label1\" content=\"Szerz\u0151:\" class=\"yoast-seo-meta-tag\" \/>\n\t<meta name=\"twitter:data1\" content=\"dorogimedence.hu\" class=\"yoast-seo-meta-tag\" \/>\n\t<meta name=\"twitter:label2\" content=\"Becs\u00fclt olvas\u00e1si id\u0151\" class=\"yoast-seo-meta-tag\" \/>\n\t<meta name=\"twitter:data2\" content=\"3 perc\" class=\"yoast-seo-meta-tag\" \/>\n<script type=\"application\/ld+json\" class=\"yoast-schema-graph\">{\"@context\":\"https:\\\/\\\/schema.org\",\"@graph\":[{\"@type\":\"Article\",\"@id\":\"https:\\\/\\\/dorogimedence.hu\\\/index.php\\\/2026\\\/08\\\/29\\\/mohacs-500-erdo-peter-a-mohacsi-csata-emleke-nemcsak-a-veresegrol-beszel-hanem-a-husegrol-a-helytallasrol-is\\\/#article\",\"isPartOf\":{\"@id\":\"https:\\\/\\\/dorogimedence.hu\\\/index.php\\\/2026\\\/08\\\/29\\\/mohacs-500-erdo-peter-a-mohacsi-csata-emleke-nemcsak-a-veresegrol-beszel-hanem-a-husegrol-a-helytallasrol-is\\\/\"},\"author\":{\"name\":\"dorogimedence.hu\",\"@id\":\"https:\\\/\\\/dorogimedence.hu\\\/#\\\/schema\\\/person\\\/ce6091eeb7e95ecdc87890d6aa8e0fd4\"},\"headline\":\"Moh\u00e1cs 500 &#8211; Erd\u0151 P\u00e9ter: a moh\u00e1csi csata eml\u00e9ke nemcsak a veres\u00e9gr\u0151l besz\u00e9l, hanem a h\u0171s\u00e9gr\u0151l, a helyt\u00e1ll\u00e1sr\u00f3l is\",\"datePublished\":\"2026-08-29T09:31:29+00:00\",\"mainEntityOfPage\":{\"@id\":\"https:\\\/\\\/dorogimedence.hu\\\/index.php\\\/2026\\\/08\\\/29\\\/mohacs-500-erdo-peter-a-mohacsi-csata-emleke-nemcsak-a-veresegrol-beszel-hanem-a-husegrol-a-helytallasrol-is\\\/\"},\"wordCount\":704,\"publisher\":{\"@id\":\"https:\\\/\\\/dorogimedence.hu\\\/#organization\"},\"image\":{\"@id\":\"https:\\\/\\\/dorogimedence.hu\\\/index.php\\\/2026\\\/08\\\/29\\\/mohacs-500-erdo-peter-a-mohacsi-csata-emleke-nemcsak-a-veresegrol-beszel-hanem-a-husegrol-a-helytallasrol-is\\\/#primaryimage\"},\"thumbnailUrl\":\"https:\\\/\\\/dorogimedence.hu\\\/wp-content\\\/uploads\\\/2025\\\/12\\\/img1.jpg\",\"keywords\":[\"Erd\u0151 P\u00e9ter\",\"Moh\u00e1cs 500\"],\"articleSection\":[\"H\u00edrek\"],\"inLanguage\":\"hu\"},{\"@type\":\"WebPage\",\"@id\":\"https:\\\/\\\/dorogimedence.hu\\\/index.php\\\/2026\\\/08\\\/29\\\/mohacs-500-erdo-peter-a-mohacsi-csata-emleke-nemcsak-a-veresegrol-beszel-hanem-a-husegrol-a-helytallasrol-is\\\/\",\"url\":\"https:\\\/\\\/dorogimedence.hu\\\/index.php\\\/2026\\\/08\\\/29\\\/mohacs-500-erdo-peter-a-mohacsi-csata-emleke-nemcsak-a-veresegrol-beszel-hanem-a-husegrol-a-helytallasrol-is\\\/\",\"name\":\"Moh\u00e1cs 500 - Erd\u0151 P\u00e9ter: a moh\u00e1csi csata eml\u00e9ke nemcsak a veres\u00e9gr\u0151l besz\u00e9l, hanem a h\u0171s\u00e9gr\u0151l, a helyt\u00e1ll\u00e1sr\u00f3l is\",\"isPartOf\":{\"@id\":\"https:\\\/\\\/dorogimedence.hu\\\/#website\"},\"primaryImageOfPage\":{\"@id\":\"https:\\\/\\\/dorogimedence.hu\\\/index.php\\\/2026\\\/08\\\/29\\\/mohacs-500-erdo-peter-a-mohacsi-csata-emleke-nemcsak-a-veresegrol-beszel-hanem-a-husegrol-a-helytallasrol-is\\\/#primaryimage\"},\"image\":{\"@id\":\"https:\\\/\\\/dorogimedence.hu\\\/index.php\\\/2026\\\/08\\\/29\\\/mohacs-500-erdo-peter-a-mohacsi-csata-emleke-nemcsak-a-veresegrol-beszel-hanem-a-husegrol-a-helytallasrol-is\\\/#primaryimage\"},\"thumbnailUrl\":\"https:\\\/\\\/dorogimedence.hu\\\/wp-content\\\/uploads\\\/2025\\\/12\\\/img1.jpg\",\"datePublished\":\"2026-08-29T09:31:29+00:00\",\"breadcrumb\":{\"@id\":\"https:\\\/\\\/dorogimedence.hu\\\/index.php\\\/2026\\\/08\\\/29\\\/mohacs-500-erdo-peter-a-mohacsi-csata-emleke-nemcsak-a-veresegrol-beszel-hanem-a-husegrol-a-helytallasrol-is\\\/#breadcrumb\"},\"inLanguage\":\"hu\",\"potentialAction\":[{\"@type\":\"ReadAction\",\"target\":[\"https:\\\/\\\/dorogimedence.hu\\\/index.php\\\/2026\\\/08\\\/29\\\/mohacs-500-erdo-peter-a-mohacsi-csata-emleke-nemcsak-a-veresegrol-beszel-hanem-a-husegrol-a-helytallasrol-is\\\/\"]}]},{\"@type\":\"ImageObject\",\"inLanguage\":\"hu\",\"@id\":\"https:\\\/\\\/dorogimedence.hu\\\/index.php\\\/2026\\\/08\\\/29\\\/mohacs-500-erdo-peter-a-mohacsi-csata-emleke-nemcsak-a-veresegrol-beszel-hanem-a-husegrol-a-helytallasrol-is\\\/#primaryimage\",\"url\":\"https:\\\/\\\/dorogimedence.hu\\\/wp-content\\\/uploads\\\/2025\\\/12\\\/img1.jpg\",\"contentUrl\":\"https:\\\/\\\/dorogimedence.hu\\\/wp-content\\\/uploads\\\/2025\\\/12\\\/img1.jpg\",\"width\":1599,\"height\":1066},{\"@type\":\"BreadcrumbList\",\"@id\":\"https:\\\/\\\/dorogimedence.hu\\\/index.php\\\/2026\\\/08\\\/29\\\/mohacs-500-erdo-peter-a-mohacsi-csata-emleke-nemcsak-a-veresegrol-beszel-hanem-a-husegrol-a-helytallasrol-is\\\/#breadcrumb\",\"itemListElement\":[{\"@type\":\"ListItem\",\"position\":1,\"name\":\"Kezd\u0151lap\",\"item\":\"https:\\\/\\\/dorogimedence.hu\\\/\"},{\"@type\":\"ListItem\",\"position\":2,\"name\":\"Moh\u00e1cs 500 &#8211; Erd\u0151 P\u00e9ter: a moh\u00e1csi csata eml\u00e9ke nemcsak a veres\u00e9gr\u0151l besz\u00e9l, hanem a h\u0171s\u00e9gr\u0151l, a helyt\u00e1ll\u00e1sr\u00f3l is\"}]},{\"@type\":\"WebSite\",\"@id\":\"https:\\\/\\\/dorogimedence.hu\\\/#website\",\"url\":\"https:\\\/\\\/dorogimedence.hu\\\/\",\"name\":\"Dorogi-medence Region\u00e1lis H\u00edrport\u00e1l\",\"description\":\"Dorog, Keszt\u00f6lc, Le\u00e1nyv\u00e1r, Piliscs\u00e9v, Tokod, Tokodalt\u00e1r\u00f3, Csolnok, Esztergom-kertv\u00e1ros: h\u00edrek, programok\",\"publisher\":{\"@id\":\"https:\\\/\\\/dorogimedence.hu\\\/#organization\"},\"potentialAction\":[{\"@type\":\"SearchAction\",\"target\":{\"@type\":\"EntryPoint\",\"urlTemplate\":\"https:\\\/\\\/dorogimedence.hu\\\/?s={search_term_string}\"},\"query-input\":{\"@type\":\"PropertyValueSpecification\",\"valueRequired\":true,\"valueName\":\"search_term_string\"}}],\"inLanguage\":\"hu\"},{\"@type\":\"Organization\",\"@id\":\"https:\\\/\\\/dorogimedence.hu\\\/#organization\",\"name\":\"Dorogi-medence Region\u00e1lis H\u00edrport\u00e1l\",\"url\":\"https:\\\/\\\/dorogimedence.hu\\\/\",\"logo\":{\"@type\":\"ImageObject\",\"inLanguage\":\"hu\",\"@id\":\"https:\\\/\\\/dorogimedence.hu\\\/#\\\/schema\\\/logo\\\/image\\\/\",\"url\":\"https:\\\/\\\/dorogimedence.hu\\\/wp-content\\\/uploads\\\/2021\\\/04\\\/logo-feher-600.png\",\"contentUrl\":\"https:\\\/\\\/dorogimedence.hu\\\/wp-content\\\/uploads\\\/2021\\\/04\\\/logo-feher-600.png\",\"width\":600,\"height\":100,\"caption\":\"Dorogi-medence Region\u00e1lis H\u00edrport\u00e1l\"},\"image\":{\"@id\":\"https:\\\/\\\/dorogimedence.hu\\\/#\\\/schema\\\/logo\\\/image\\\/\"},\"sameAs\":[\"https:\\\/\\\/www.facebook.com\\\/dorogimedence\\\/\"]},{\"@type\":\"Person\",\"@id\":\"https:\\\/\\\/dorogimedence.hu\\\/#\\\/schema\\\/person\\\/ce6091eeb7e95ecdc87890d6aa8e0fd4\",\"name\":\"dorogimedence.hu\",\"image\":{\"@type\":\"ImageObject\",\"inLanguage\":\"hu\",\"@id\":\"\\\/\\\/www.gravatar.com\\\/avatar\\\/d8d45f8901aadff40a4af72c0b826f1d?s=96&#038;r=g&#038;d=mm\",\"url\":\"\\\/\\\/www.gravatar.com\\\/avatar\\\/d8d45f8901aadff40a4af72c0b826f1d?s=96&#038;r=g&#038;d=mm\",\"contentUrl\":\"\\\/\\\/www.gravatar.com\\\/avatar\\\/d8d45f8901aadff40a4af72c0b826f1d?s=96&#038;r=g&#038;d=mm\",\"caption\":\"dorogimedence.hu\"}}]}<\/script>\n<!-- \/ Yoast SEO plugin. -->","yoast_head_json":{"title":"Moh\u00e1cs 500 - Erd\u0151 P\u00e9ter: a moh\u00e1csi csata eml\u00e9ke nemcsak a veres\u00e9gr\u0151l besz\u00e9l, hanem a h\u0171s\u00e9gr\u0151l, a helyt\u00e1ll\u00e1sr\u00f3l is","robots":{"index":"index","follow":"follow","max-snippet":"max-snippet:-1","max-image-preview":"max-image-preview:large","max-video-preview":"max-video-preview:-1"},"canonical":"https:\/\/dorogimedence.hu\/index.php\/2026\/08\/29\/mohacs-500-erdo-peter-a-mohacsi-csata-emleke-nemcsak-a-veresegrol-beszel-hanem-a-husegrol-a-helytallasrol-is\/","og_locale":"hu_HU","og_type":"article","og_title":"Moh\u00e1cs 500 - Erd\u0151 P\u00e9ter: a moh\u00e1csi csata eml\u00e9ke nemcsak a veres\u00e9gr\u0151l besz\u00e9l, hanem a h\u0171s\u00e9gr\u0151l, a helyt\u00e1ll\u00e1sr\u00f3l is","og_description":"Erd\u0151 P\u00e9ter szerint a moh\u00e1csi csata eml\u00e9ke nemcsak a veres\u00e9gr\u0151l besz\u00e9l, hanem a h\u0171s\u00e9gr\u0151l, a helyt\u00e1ll\u00e1sr\u00f3l is, \u00e9s a csata eml\u00e9ke a k\u00f6z\u00f6ss\u00e9g\u00e9rt v\u00e1llalt felel\u0151ss\u00e9gre tan\u00edt. A b\u00edboros, esztergom-budapesti \u00e9rsek ezt a csata \u00f6tsz\u00e1zadik \u00e9vfordul\u00f3j\u00e1n, szombaton k\u00f6zz\u00e9tett, \u00e9s az MTI-hez is eljuttatott \u00fczenet\u00e9ben \u00edrta, azt k\u00e9rve a magyar emberekt\u0151l, hogy tanuljanak t\u00f6rt\u00e9nelm\u00fckb\u0151l, \u00e9s keress\u00e9k \u00f6nz\u00e9s","og_url":"https:\/\/dorogimedence.hu\/index.php\/2026\/08\/29\/mohacs-500-erdo-peter-a-mohacsi-csata-emleke-nemcsak-a-veresegrol-beszel-hanem-a-husegrol-a-helytallasrol-is\/","og_site_name":"Dorogi-medence Region\u00e1lis H\u00edrport\u00e1l","article_publisher":"https:\/\/www.facebook.com\/dorogimedence\/","article_published_time":"2026-08-29T09:31:29+00:00","og_image":[{"width":1599,"height":1066,"url":"https:\/\/dorogimedence.hu\/wp-content\/uploads\/2025\/12\/img1.jpg","type":"image\/jpeg"}],"author":"dorogimedence.hu","twitter_card":"summary_large_image","twitter_misc":{"Szerz\u0151:":"dorogimedence.hu","Becs\u00fclt olvas\u00e1si id\u0151":"3 perc"},"schema":{"@context":"https:\/\/schema.org","@graph":[{"@type":"Article","@id":"https:\/\/dorogimedence.hu\/index.php\/2026\/08\/29\/mohacs-500-erdo-peter-a-mohacsi-csata-emleke-nemcsak-a-veresegrol-beszel-hanem-a-husegrol-a-helytallasrol-is\/#article","isPartOf":{"@id":"https:\/\/dorogimedence.hu\/index.php\/2026\/08\/29\/mohacs-500-erdo-peter-a-mohacsi-csata-emleke-nemcsak-a-veresegrol-beszel-hanem-a-husegrol-a-helytallasrol-is\/"},"author":{"name":"dorogimedence.hu","@id":"https:\/\/dorogimedence.hu\/#\/schema\/person\/ce6091eeb7e95ecdc87890d6aa8e0fd4"},"headline":"Moh\u00e1cs 500 &#8211; Erd\u0151 P\u00e9ter: a moh\u00e1csi csata eml\u00e9ke nemcsak a veres\u00e9gr\u0151l besz\u00e9l, hanem a h\u0171s\u00e9gr\u0151l, a helyt\u00e1ll\u00e1sr\u00f3l is","datePublished":"2026-08-29T09:31:29+00:00","mainEntityOfPage":{"@id":"https:\/\/dorogimedence.hu\/index.php\/2026\/08\/29\/mohacs-500-erdo-peter-a-mohacsi-csata-emleke-nemcsak-a-veresegrol-beszel-hanem-a-husegrol-a-helytallasrol-is\/"},"wordCount":704,"publisher":{"@id":"https:\/\/dorogimedence.hu\/#organization"},"image":{"@id":"https:\/\/dorogimedence.hu\/index.php\/2026\/08\/29\/mohacs-500-erdo-peter-a-mohacsi-csata-emleke-nemcsak-a-veresegrol-beszel-hanem-a-husegrol-a-helytallasrol-is\/#primaryimage"},"thumbnailUrl":"https:\/\/dorogimedence.hu\/wp-content\/uploads\/2025\/12\/img1.jpg","keywords":["Erd\u0151 P\u00e9ter","Moh\u00e1cs 500"],"articleSection":["H\u00edrek"],"inLanguage":"hu"},{"@type":"WebPage","@id":"https:\/\/dorogimedence.hu\/index.php\/2026\/08\/29\/mohacs-500-erdo-peter-a-mohacsi-csata-emleke-nemcsak-a-veresegrol-beszel-hanem-a-husegrol-a-helytallasrol-is\/","url":"https:\/\/dorogimedence.hu\/index.php\/2026\/08\/29\/mohacs-500-erdo-peter-a-mohacsi-csata-emleke-nemcsak-a-veresegrol-beszel-hanem-a-husegrol-a-helytallasrol-is\/","name":"Moh\u00e1cs 500 - Erd\u0151 P\u00e9ter: a moh\u00e1csi csata eml\u00e9ke nemcsak a veres\u00e9gr\u0151l besz\u00e9l, hanem a h\u0171s\u00e9gr\u0151l, a helyt\u00e1ll\u00e1sr\u00f3l is","isPartOf":{"@id":"https:\/\/dorogimedence.hu\/#website"},"primaryImageOfPage":{"@id":"https:\/\/dorogimedence.hu\/index.php\/2026\/08\/29\/mohacs-500-erdo-peter-a-mohacsi-csata-emleke-nemcsak-a-veresegrol-beszel-hanem-a-husegrol-a-helytallasrol-is\/#primaryimage"},"image":{"@id":"https:\/\/dorogimedence.hu\/index.php\/2026\/08\/29\/mohacs-500-erdo-peter-a-mohacsi-csata-emleke-nemcsak-a-veresegrol-beszel-hanem-a-husegrol-a-helytallasrol-is\/#primaryimage"},"thumbnailUrl":"https:\/\/dorogimedence.hu\/wp-content\/uploads\/2025\/12\/img1.jpg","datePublished":"2026-08-29T09:31:29+00:00","breadcrumb":{"@id":"https:\/\/dorogimedence.hu\/index.php\/2026\/08\/29\/mohacs-500-erdo-peter-a-mohacsi-csata-emleke-nemcsak-a-veresegrol-beszel-hanem-a-husegrol-a-helytallasrol-is\/#breadcrumb"},"inLanguage":"hu","potentialAction":[{"@type":"ReadAction","target":["https:\/\/dorogimedence.hu\/index.php\/2026\/08\/29\/mohacs-500-erdo-peter-a-mohacsi-csata-emleke-nemcsak-a-veresegrol-beszel-hanem-a-husegrol-a-helytallasrol-is\/"]}]},{"@type":"ImageObject","inLanguage":"hu","@id":"https:\/\/dorogimedence.hu\/index.php\/2026\/08\/29\/mohacs-500-erdo-peter-a-mohacsi-csata-emleke-nemcsak-a-veresegrol-beszel-hanem-a-husegrol-a-helytallasrol-is\/#primaryimage","url":"https:\/\/dorogimedence.hu\/wp-content\/uploads\/2025\/12\/img1.jpg","contentUrl":"https:\/\/dorogimedence.hu\/wp-content\/uploads\/2025\/12\/img1.jpg","width":1599,"height":1066},{"@type":"BreadcrumbList","@id":"https:\/\/dorogimedence.hu\/index.php\/2026\/08\/29\/mohacs-500-erdo-peter-a-mohacsi-csata-emleke-nemcsak-a-veresegrol-beszel-hanem-a-husegrol-a-helytallasrol-is\/#breadcrumb","itemListElement":[{"@type":"ListItem","position":1,"name":"Kezd\u0151lap","item":"https:\/\/dorogimedence.hu\/"},{"@type":"ListItem","position":2,"name":"Moh\u00e1cs 500 &#8211; Erd\u0151 P\u00e9ter: a moh\u00e1csi csata eml\u00e9ke nemcsak a veres\u00e9gr\u0151l besz\u00e9l, hanem a h\u0171s\u00e9gr\u0151l, a helyt\u00e1ll\u00e1sr\u00f3l is"}]},{"@type":"WebSite","@id":"https:\/\/dorogimedence.hu\/#website","url":"https:\/\/dorogimedence.hu\/","name":"Dorogi-medence Region\u00e1lis H\u00edrport\u00e1l","description":"Dorog, Keszt\u00f6lc, Le\u00e1nyv\u00e1r, Piliscs\u00e9v, Tokod, Tokodalt\u00e1r\u00f3, Csolnok, Esztergom-kertv\u00e1ros: h\u00edrek, programok","publisher":{"@id":"https:\/\/dorogimedence.hu\/#organization"},"potentialAction":[{"@type":"SearchAction","target":{"@type":"EntryPoint","urlTemplate":"https:\/\/dorogimedence.hu\/?s={search_term_string}"},"query-input":{"@type":"PropertyValueSpecification","valueRequired":true,"valueName":"search_term_string"}}],"inLanguage":"hu"},{"@type":"Organization","@id":"https:\/\/dorogimedence.hu\/#organization","name":"Dorogi-medence Region\u00e1lis H\u00edrport\u00e1l","url":"https:\/\/dorogimedence.hu\/","logo":{"@type":"ImageObject","inLanguage":"hu","@id":"https:\/\/dorogimedence.hu\/#\/schema\/logo\/image\/","url":"https:\/\/dorogimedence.hu\/wp-content\/uploads\/2021\/04\/logo-feher-600.png","contentUrl":"https:\/\/dorogimedence.hu\/wp-content\/uploads\/2021\/04\/logo-feher-600.png","width":600,"height":100,"caption":"Dorogi-medence Region\u00e1lis H\u00edrport\u00e1l"},"image":{"@id":"https:\/\/dorogimedence.hu\/#\/schema\/logo\/image\/"},"sameAs":["https:\/\/www.facebook.com\/dorogimedence\/"]},{"@type":"Person","@id":"https:\/\/dorogimedence.hu\/#\/schema\/person\/ce6091eeb7e95ecdc87890d6aa8e0fd4","name":"dorogimedence.hu","image":{"@type":"ImageObject","inLanguage":"hu","@id":"\/\/www.gravatar.com\/avatar\/d8d45f8901aadff40a4af72c0b826f1d?s=96&#038;r=g&#038;d=mm","url":"\/\/www.gravatar.com\/avatar\/d8d45f8901aadff40a4af72c0b826f1d?s=96&#038;r=g&#038;d=mm","contentUrl":"\/\/www.gravatar.com\/avatar\/d8d45f8901aadff40a4af72c0b826f1d?s=96&#038;r=g&#038;d=mm","caption":"dorogimedence.hu"}}]}},"_links":{"self":[{"href":"https:\/\/dorogimedence.hu\/index.php\/wp-json\/wp\/v2\/posts\/83230","targetHints":{"allow":["GET"]}}],"collection":[{"href":"https:\/\/dorogimedence.hu\/index.php\/wp-json\/wp\/v2\/posts"}],"about":[{"href":"https:\/\/dorogimedence.hu\/index.php\/wp-json\/wp\/v2\/types\/post"}],"author":[{"embeddable":true,"href":"https:\/\/dorogimedence.hu\/index.php\/wp-json\/wp\/v2\/users\/1"}],"replies":[{"embeddable":true,"href":"https:\/\/dorogimedence.hu\/index.php\/wp-json\/wp\/v2\/comments?post=83230"}],"version-history":[{"count":1,"href":"https:\/\/dorogimedence.hu\/index.php\/wp-json\/wp\/v2\/posts\/83230\/revisions"}],"predecessor-version":[{"id":83231,"href":"https:\/\/dorogimedence.hu\/index.php\/wp-json\/wp\/v2\/posts\/83230\/revisions\/83231"}],"wp:featuredmedia":[{"embeddable":true,"href":"https:\/\/dorogimedence.hu\/index.php\/wp-json\/wp\/v2\/media\/76686"}],"wp:attachment":[{"href":"https:\/\/dorogimedence.hu\/index.php\/wp-json\/wp\/v2\/media?parent=83230"}],"wp:term":[{"taxonomy":"category","embeddable":true,"href":"https:\/\/dorogimedence.hu\/index.php\/wp-json\/wp\/v2\/categories?post=83230"},{"taxonomy":"post_tag","embeddable":true,"href":"https:\/\/dorogimedence.hu\/index.php\/wp-json\/wp\/v2\/tags?post=83230"}],"curies":[{"name":"wp","href":"https:\/\/api.w.org\/{rel}","templated":true}]}}