{"id":83228,"date":"2026-08-29T11:26:02","date_gmt":"2026-08-29T09:26:02","guid":{"rendered":"https:\/\/dorogimedence.hu\/?p=83228"},"modified":"2026-08-29T11:26:02","modified_gmt":"2026-08-29T09:26:02","slug":"ujabb-inspiralo-jo-gyakorlatokat-varnak-a-richter-erdemerem-dij-palyazatan","status":"publish","type":"post","link":"https:\/\/dorogimedence.hu\/index.php\/2026\/08\/29\/ujabb-inspiralo-jo-gyakorlatokat-varnak-a-richter-erdemerem-dij-palyazatan\/","title":{"rendered":"\u00dajabb inspir\u00e1l\u00f3 j\u00f3 gyakorlatokat v\u00e1rnak a Richter \u00c9rdem\u00e9rem d\u00edj p\u00e1ly\u00e1zat\u00e1n"},"content":{"rendered":"<p><strong>A Magyarorsz\u00e1gon dolgoz\u00f3 h\u00e1ziorvosok \u00e9s gy\u00f3gyszer\u00e9szek legjobb p\u00e1lyam\u0171veinek alkot\u00f3i a szakmai elismer\u00e9s mellett brutt\u00f3 2 milli\u00f3 forint d\u00edjaz\u00e1sban r\u00e9szes\u00fclnek. A jelentkez\u00e9si hat\u00e1rid\u0151 a h\u00e1ziorvosoknak okt\u00f3ber 4., a gy\u00f3gyszer\u00e9szeknek okt\u00f3ber 11.<\/strong><\/p>\n<p>A Richter Gedeon Nyrt. 2022-ben h\u00edvta \u00e9letre a Richter \u00c9rdem\u00e9rem d\u00edjat a Magyar Orvosi Kamara \u00e9s a Magyar Gy\u00f3gyszer\u00e9szi Kamara szakmai t\u00e1mogat\u00e1s\u00e1val. A d\u00edj c\u00e9lja, hogy m\u00e9g l\u00e1that\u00f3bb\u00e1 tegye a betegell\u00e1t\u00e1sban m\u00e1r bizony\u00edtott, \u00e9rt\u00e9kteremt\u0151 megold\u00e1sokat, mik\u00f6zben elismeri a kiemelked\u0151 szakmai teljes\u00edtm\u00e9nyeket. A kezdem\u00e9nyez\u00e9s hozz\u00e1j\u00e1rul a j\u00f3 gyakorlatok sz\u00e9lesebb k\u00f6r\u0171 megismertet\u00e9s\u00e9hez, ez\u00e1ltal t\u00e1mogatva a betegell\u00e1t\u00e1s folyamatos fejl\u0151d\u00e9s\u00e9t \u00e9s a hazai eg\u00e9szs\u00e9g\u00fcgy meg\u00fajul\u00e1s\u00e1t, a szakemberek munk\u00e1j\u00e1nak elismer\u00e9s\u00e9t. A Richter \u00c9rdem\u00e9remre indul\u00e1sa \u00f3ta k\u00f6zel 600 p\u00e1lyam\u0171 \u00e9rkezett.<\/p>\n<p>\u201eAz eg\u00e9szs\u00e9g\u00fcgy fejl\u0151d\u00e9s\u00e9t nemcsak a nagy, rendszerszint\u0171 v\u00e1ltoz\u00e1sok viszik el\u0151re, hanem azok a betegek mindennapi sz\u00fcks\u00e9gleteire reag\u00e1l\u00f3 megold\u00e1sok is, amelyeket a h\u00e1ziorvosok \u00e9s a gy\u00f3gyszer\u00e9szek saj\u00e1t tapasztalataikb\u00f3l \u00e9p\u00edtenek fel. A Richter \u00c9rdem\u00e9rem d\u00edjjal c\u00e9lunk ezeket a kezdem\u00e9nyez\u00e9seket sz\u00e9les k\u00f6rben megismertetni, alkot\u00f3ikat elismerni, a bev\u00e1lt gyakorlatokat a szakma sz\u00e9lesebb k\u00f6re sz\u00e1m\u00e1ra is hozz\u00e1f\u00e9rhet\u0151v\u00e9 tenni. \u00cdgy egy-egy j\u00f3 \u00f6tlet hat\u00e1sa t\u00falmutathat az adott praxison vagy gy\u00f3gyszert\u00e1ron, \u00e9s hosszabb t\u00e1von is hozz\u00e1j\u00e1rulhat a betegell\u00e1t\u00e1s sz\u00ednvonal\u00e1nak emel\u00e9s\u00e9hez\u201d \u2013 hangs\u00falyoztaBeke Zsuzsanna, a Richter Gedeon Nyrt. Csoportszint\u0171 PR, CSR \u00e9s korm\u00e1nyzati kapcsolatok f\u0151oszt\u00e1lyvezet\u0151je.<\/p>\n<p><strong>A h\u00e1ziorvosok \u00e9s a gy\u00f3gyszer\u00e9szek h\u00e1rom kateg\u00f3ri\u00e1ban mutathatj\u00e1k be eredm\u00e9nyeiket:<\/strong><\/p>\n<ul>\n<li>Az \u00e9v leghat\u00e9konyabb betegkommunik\u00e1ci\u00f3ja<\/li>\n<li>Az \u00e9v legjobb prevenci\u00f3s gyakorlata<\/li>\n<li>Az \u00e9v legkiemelked\u0151bb tudom\u00e1nyos vagy innov\u00e1ci\u00f3s munk\u00e1ja<\/li>\n<\/ul>\n<p>Az elismer\u00e9sben r\u00e9szes\u00fcl\u0151 p\u00e1lyam\u0171veket a Richter \u00c9rdem\u00e9rem d\u00edj hivatalos weboldal\u00e1n is k\u00f6zz\u00e9teszik, hogy a bemutatott m\u00f3dszereket \u00e9s kezdem\u00e9nyez\u00e9seket a szakma m\u00e1s k\u00e9pvisel\u0151i is megismerhess\u00e9k. A kateg\u00f3riagy\u0151ztesek a rangos szakmai elismer\u00e9s mellett brutt\u00f3 2 milli\u00f3 forint d\u00edjaz\u00e1sban r\u00e9szes\u00fclnek, amely tov\u00e1bbi \u00f6szt\u00f6nz\u00e9st jelent az innovat\u00edv \u00e9s p\u00e9lda\u00e9rt\u00e9k\u0171 kezdem\u00e9nyez\u00e9sek megval\u00f3s\u00edt\u00e1s\u00e1hoz.<\/p>\n<p>A p\u00e1ly\u00e1zatokat a www.richtererdemerem.huoldalon el\u00e9rhet\u0151 elektronikus p\u00e1ly\u00e1zati \u0171rlap kit\u00f6lt\u00e9s\u00e9vel lehet beny\u00fajtani. A r\u00e9szletes p\u00e1ly\u00e1zati felt\u00e9telek \u00e9s a szakmai zs\u0171ritagok bemutatkoz\u00e1sa szint\u00e9n a d\u00edj hivatalos weboldal\u00e1n \u00e9rhet\u0151 el.<\/p>\n<h3>H\u00e1ziorvos p\u00e1ly\u00e1zat<\/h3>\n<p>Minden akt\u00edv praxissal rendelkez\u0151, Magyarorsz\u00e1gon tev\u00e9kenyked\u0151, alapell\u00e1t\u00e1sban dolgoz\u00f3 feln\u0151tt-, gyermek- vagy vegyes praxis\u00fa h\u00e1ziorvos jelentkezhet 2026. okt\u00f3ber 4. \u00e9jf\u00e9lig.<\/p>\n<p><strong>A be\u00e9rkezett anyagokat \u00e9rt\u00e9kel\u0151 szakmai b\u00edr\u00e1l\u00f3bizotts\u00e1g tagjai:<\/strong><\/p>\n<ul>\n<li>Dr. Kozma R\u00f3bert, a Richter Gedeon Nyrt. belf\u00f6ldi \u00e9rt\u00e9kes\u00edt\u00e9si \u00e9s marketing igazgat\u00f3ja;<\/li>\n<li>Dr. \u00c1lmos P\u00e9ter, a Magyar Orvosi Kamara eln\u00f6ke;<\/li>\n<li>Dr. Mang\u00f3 Gabriella h\u00e1ziorvos;<\/li>\n<li>Dr. Szab\u00f3 J\u00e1nos, az Eg\u00e9szs\u00e9g\u00fcgyi Szakmai Koll\u00e9gium H\u00e1ziorvos tagozat\u00e1nak eln\u00f6ke;<\/li>\n<li>Dr. Vajer P\u00e9ter, csal\u00e1dorvos, kutat\u00f3 \u00e9s egyetemi oktat\u00f3, a Gottsegen Gy\u00f6rgy Orsz\u00e1gos Kardiol\u00f3giai Int\u00e9zet Prevenci\u00f3s M\u00f3dszertani \u00e9s Szervez\u00e9si Oszt\u00e1ly\u00e1nak vezet\u0151je.<\/li>\n<\/ul>\n<h3>Gy\u00f3gyszer\u00e9sz p\u00e1ly\u00e1zat<\/h3>\n<p>2026. okt\u00f3ber 11. \u00e9jf\u00e9lig v\u00e1rj\u00e1k a magyarorsz\u00e1gi gy\u00f3gyszert\u00e1rakban dolgoz\u00f3 akt\u00edv gy\u00f3gyszer\u00e9szek \u00e9s szakgy\u00f3gyszer\u00e9szek jelentkez\u00e9s\u00e9t.<\/p>\n<p><strong>A gy\u00f3gyszer\u00e9szi p\u00e1lyam\u0171veket \u00e9rt\u00e9kel\u0151 szakmai b\u00edr\u00e1l\u00f3bizotts\u00e1g tagjai:<\/strong><\/p>\n<ul>\n<li>Dr. Kozma R\u00f3bert, a Richter Gedeon Nyrt. belf\u00f6ldi \u00e9rt\u00e9kes\u00edt\u00e9si \u00e9s marketing igazgat\u00f3ja;<\/li>\n<li>Dr. Sohajda Attila, a Magyar Gy\u00f3gyszer\u00e9szi Kamara Pharmacia Alap\u00edtv\u00e1ny kurat\u00f3rium\u00e1nak eln\u00f6ke;<\/li>\n<li>Prof. Dr. Zelk\u00f3 Rom\u00e1na, a Semmelweis Egyetem Egyetemi Gy\u00f3gyszert\u00e1r Gy\u00f3gyszer\u00fcgyi Szervez\u00e9si Int\u00e9zet int\u00e9zetigazgat\u00f3ja;<\/li>\n<li>Kal\u00f3 Tam\u00e1s, a PHOENIX Pharma Zrt. Igazgat\u00f3s\u00e1g\u00e1nak eln\u00f6ke \u00e9s a Gy\u00f3gyszer-nagykeresked\u0151k Sz\u00f6vets\u00e9g\u00e9nek eln\u00f6ke;<\/li>\n<li>Dr. Csontos Ildik\u00f3, a Mag\u00e1ngy\u00f3gyszer\u00e9szek Orsz\u00e1gos Sz\u00f6vets\u00e9g\u00e9nek eln\u00f6ke.<\/li>\n<\/ul>\n<p><em>Bor\u00edt\u00f3k\u00e9p, forr\u00e1s: Richter Gedeon Nyrt.<\/em><\/p>\n","protected":false},"excerpt":{"rendered":"<p>A Magyarorsz\u00e1gon dolgoz\u00f3 h\u00e1ziorvosok \u00e9s gy\u00f3gyszer\u00e9szek legjobb p\u00e1lyam\u0171veinek alkot\u00f3i a szakmai elismer\u00e9s mellett brutt\u00f3 2 milli\u00f3 forint d\u00edjaz\u00e1sban r\u00e9szes\u00fclnek. A jelentkez\u00e9si hat\u00e1rid\u0151 a h\u00e1ziorvosoknak okt\u00f3ber 4., a gy\u00f3gyszer\u00e9szeknek okt\u00f3ber 11. A Richter Gedeon Nyrt. 2022-ben h\u00edvta \u00e9letre a Richter \u00c9rdem\u00e9rem d\u00edjat a Magyar Orvosi Kamara \u00e9s a Magyar Gy\u00f3gyszer\u00e9szi Kamara szakmai t\u00e1mogat\u00e1s\u00e1val. A d\u00edj c\u00e9lja,<\/p>\n","protected":false},"author":1,"featured_media":77428,"comment_status":"closed","ping_status":"closed","sticky":false,"template":"","format":"standard","meta":{"ngg_post_thumbnail":0,"footnotes":""},"categories":[3],"tags":[74,4060,6630,417,4771],"class_list":["post-83228","post","type-post","status-publish","format-standard","has-post-thumbnail","category-hirek","tag-palyazat","tag-richter","tag-richter-erdemerem","tag-richter-gedeon","tag-richter-gedeon-nyrt"],"yoast_head":"<!-- This site is optimized with the Yoast SEO plugin v28.3 - https:\/\/yoast.com\/product\/yoast-seo-wordpress\/ -->\n<title>\u00dajabb inspir\u00e1l\u00f3 j\u00f3 gyakorlatokat v\u00e1rnak a Richter \u00c9rdem\u00e9rem d\u00edj p\u00e1ly\u00e1zat\u00e1n<\/title>\n<meta name=\"robots\" content=\"index, follow, max-snippet:-1, max-image-preview:large, max-video-preview:-1\" \/>\n<link rel=\"canonical\" href=\"https:\/\/dorogimedence.hu\/index.php\/2026\/08\/29\/ujabb-inspiralo-jo-gyakorlatokat-varnak-a-richter-erdemerem-dij-palyazatan\/\" class=\"yoast-seo-meta-tag\" \/>\n<meta property=\"og:locale\" content=\"hu_HU\" class=\"yoast-seo-meta-tag\" \/>\n<meta property=\"og:type\" content=\"article\" class=\"yoast-seo-meta-tag\" \/>\n<meta property=\"og:title\" content=\"\u00dajabb inspir\u00e1l\u00f3 j\u00f3 gyakorlatokat v\u00e1rnak a Richter \u00c9rdem\u00e9rem d\u00edj p\u00e1ly\u00e1zat\u00e1n\" class=\"yoast-seo-meta-tag\" \/>\n<meta property=\"og:description\" content=\"A Magyarorsz\u00e1gon dolgoz\u00f3 h\u00e1ziorvosok \u00e9s gy\u00f3gyszer\u00e9szek legjobb p\u00e1lyam\u0171veinek alkot\u00f3i a szakmai elismer\u00e9s mellett brutt\u00f3 2 milli\u00f3 forint d\u00edjaz\u00e1sban r\u00e9szes\u00fclnek. A jelentkez\u00e9si hat\u00e1rid\u0151 a h\u00e1ziorvosoknak okt\u00f3ber 4., a gy\u00f3gyszer\u00e9szeknek okt\u00f3ber 11. A Richter Gedeon Nyrt. 2022-ben h\u00edvta \u00e9letre a Richter \u00c9rdem\u00e9rem d\u00edjat a Magyar Orvosi Kamara \u00e9s a Magyar Gy\u00f3gyszer\u00e9szi Kamara szakmai t\u00e1mogat\u00e1s\u00e1val. A d\u00edj c\u00e9lja,\" class=\"yoast-seo-meta-tag\" \/>\n<meta property=\"og:url\" content=\"https:\/\/dorogimedence.hu\/index.php\/2026\/08\/29\/ujabb-inspiralo-jo-gyakorlatokat-varnak-a-richter-erdemerem-dij-palyazatan\/\" class=\"yoast-seo-meta-tag\" \/>\n<meta property=\"og:site_name\" content=\"Dorogi-medence Region\u00e1lis H\u00edrport\u00e1l\" class=\"yoast-seo-meta-tag\" \/>\n<meta property=\"article:publisher\" content=\"https:\/\/www.facebook.com\/dorogimedence\/\" class=\"yoast-seo-meta-tag\" \/>\n<meta property=\"article:published_time\" content=\"2026-08-29T09:26:02+00:00\" class=\"yoast-seo-meta-tag\" \/>\n<meta property=\"og:image\" content=\"https:\/\/dorogimedence.hu\/wp-content\/uploads\/2026\/01\/Richter-Erdemerem-Dij-scaled.jpg\" class=\"yoast-seo-meta-tag\" \/>\n\t<meta property=\"og:image:width\" content=\"2560\" class=\"yoast-seo-meta-tag\" \/>\n\t<meta property=\"og:image:height\" content=\"1707\" class=\"yoast-seo-meta-tag\" \/>\n\t<meta property=\"og:image:type\" content=\"image\/jpeg\" class=\"yoast-seo-meta-tag\" \/>\n<meta name=\"author\" content=\"dorogimedence.hu\" class=\"yoast-seo-meta-tag\" \/>\n<meta name=\"twitter:card\" content=\"summary_large_image\" class=\"yoast-seo-meta-tag\" \/>\n<meta name=\"twitter:label1\" content=\"Szerz\u0151:\" class=\"yoast-seo-meta-tag\" \/>\n\t<meta name=\"twitter:data1\" content=\"dorogimedence.hu\" class=\"yoast-seo-meta-tag\" \/>\n\t<meta name=\"twitter:label2\" content=\"Becs\u00fclt olvas\u00e1si id\u0151\" class=\"yoast-seo-meta-tag\" \/>\n\t<meta name=\"twitter:data2\" content=\"4 perc\" class=\"yoast-seo-meta-tag\" \/>\n<script type=\"application\/ld+json\" class=\"yoast-schema-graph\">{\"@context\":\"https:\\\/\\\/schema.org\",\"@graph\":[{\"@type\":\"Article\",\"@id\":\"https:\\\/\\\/dorogimedence.hu\\\/index.php\\\/2026\\\/08\\\/29\\\/ujabb-inspiralo-jo-gyakorlatokat-varnak-a-richter-erdemerem-dij-palyazatan\\\/#article\",\"isPartOf\":{\"@id\":\"https:\\\/\\\/dorogimedence.hu\\\/index.php\\\/2026\\\/08\\\/29\\\/ujabb-inspiralo-jo-gyakorlatokat-varnak-a-richter-erdemerem-dij-palyazatan\\\/\"},\"author\":{\"name\":\"dorogimedence.hu\",\"@id\":\"https:\\\/\\\/dorogimedence.hu\\\/#\\\/schema\\\/person\\\/ce6091eeb7e95ecdc87890d6aa8e0fd4\"},\"headline\":\"\u00dajabb inspir\u00e1l\u00f3 j\u00f3 gyakorlatokat v\u00e1rnak a Richter \u00c9rdem\u00e9rem d\u00edj p\u00e1ly\u00e1zat\u00e1n\",\"datePublished\":\"2026-08-29T09:26:02+00:00\",\"mainEntityOfPage\":{\"@id\":\"https:\\\/\\\/dorogimedence.hu\\\/index.php\\\/2026\\\/08\\\/29\\\/ujabb-inspiralo-jo-gyakorlatokat-varnak-a-richter-erdemerem-dij-palyazatan\\\/\"},\"wordCount\":781,\"publisher\":{\"@id\":\"https:\\\/\\\/dorogimedence.hu\\\/#organization\"},\"image\":{\"@id\":\"https:\\\/\\\/dorogimedence.hu\\\/index.php\\\/2026\\\/08\\\/29\\\/ujabb-inspiralo-jo-gyakorlatokat-varnak-a-richter-erdemerem-dij-palyazatan\\\/#primaryimage\"},\"thumbnailUrl\":\"https:\\\/\\\/dorogimedence.hu\\\/wp-content\\\/uploads\\\/2026\\\/01\\\/Richter-Erdemerem-Dij-scaled.jpg\",\"keywords\":[\"p\u00e1ly\u00e1zat\",\"richter\",\"Richter \u00c9rdem\u00e9rem\",\"Richter Gedeon\",\"Richter Gedeon Nyrt.\"],\"articleSection\":[\"H\u00edrek\"],\"inLanguage\":\"hu\"},{\"@type\":\"WebPage\",\"@id\":\"https:\\\/\\\/dorogimedence.hu\\\/index.php\\\/2026\\\/08\\\/29\\\/ujabb-inspiralo-jo-gyakorlatokat-varnak-a-richter-erdemerem-dij-palyazatan\\\/\",\"url\":\"https:\\\/\\\/dorogimedence.hu\\\/index.php\\\/2026\\\/08\\\/29\\\/ujabb-inspiralo-jo-gyakorlatokat-varnak-a-richter-erdemerem-dij-palyazatan\\\/\",\"name\":\"\u00dajabb inspir\u00e1l\u00f3 j\u00f3 gyakorlatokat v\u00e1rnak a Richter \u00c9rdem\u00e9rem d\u00edj p\u00e1ly\u00e1zat\u00e1n\",\"isPartOf\":{\"@id\":\"https:\\\/\\\/dorogimedence.hu\\\/#website\"},\"primaryImageOfPage\":{\"@id\":\"https:\\\/\\\/dorogimedence.hu\\\/index.php\\\/2026\\\/08\\\/29\\\/ujabb-inspiralo-jo-gyakorlatokat-varnak-a-richter-erdemerem-dij-palyazatan\\\/#primaryimage\"},\"image\":{\"@id\":\"https:\\\/\\\/dorogimedence.hu\\\/index.php\\\/2026\\\/08\\\/29\\\/ujabb-inspiralo-jo-gyakorlatokat-varnak-a-richter-erdemerem-dij-palyazatan\\\/#primaryimage\"},\"thumbnailUrl\":\"https:\\\/\\\/dorogimedence.hu\\\/wp-content\\\/uploads\\\/2026\\\/01\\\/Richter-Erdemerem-Dij-scaled.jpg\",\"datePublished\":\"2026-08-29T09:26:02+00:00\",\"breadcrumb\":{\"@id\":\"https:\\\/\\\/dorogimedence.hu\\\/index.php\\\/2026\\\/08\\\/29\\\/ujabb-inspiralo-jo-gyakorlatokat-varnak-a-richter-erdemerem-dij-palyazatan\\\/#breadcrumb\"},\"inLanguage\":\"hu\",\"potentialAction\":[{\"@type\":\"ReadAction\",\"target\":[\"https:\\\/\\\/dorogimedence.hu\\\/index.php\\\/2026\\\/08\\\/29\\\/ujabb-inspiralo-jo-gyakorlatokat-varnak-a-richter-erdemerem-dij-palyazatan\\\/\"]}]},{\"@type\":\"ImageObject\",\"inLanguage\":\"hu\",\"@id\":\"https:\\\/\\\/dorogimedence.hu\\\/index.php\\\/2026\\\/08\\\/29\\\/ujabb-inspiralo-jo-gyakorlatokat-varnak-a-richter-erdemerem-dij-palyazatan\\\/#primaryimage\",\"url\":\"https:\\\/\\\/dorogimedence.hu\\\/wp-content\\\/uploads\\\/2026\\\/01\\\/Richter-Erdemerem-Dij-scaled.jpg\",\"contentUrl\":\"https:\\\/\\\/dorogimedence.hu\\\/wp-content\\\/uploads\\\/2026\\\/01\\\/Richter-Erdemerem-Dij-scaled.jpg\",\"width\":2560,\"height\":1707},{\"@type\":\"BreadcrumbList\",\"@id\":\"https:\\\/\\\/dorogimedence.hu\\\/index.php\\\/2026\\\/08\\\/29\\\/ujabb-inspiralo-jo-gyakorlatokat-varnak-a-richter-erdemerem-dij-palyazatan\\\/#breadcrumb\",\"itemListElement\":[{\"@type\":\"ListItem\",\"position\":1,\"name\":\"Kezd\u0151lap\",\"item\":\"https:\\\/\\\/dorogimedence.hu\\\/\"},{\"@type\":\"ListItem\",\"position\":2,\"name\":\"\u00dajabb inspir\u00e1l\u00f3 j\u00f3 gyakorlatokat v\u00e1rnak a Richter \u00c9rdem\u00e9rem d\u00edj p\u00e1ly\u00e1zat\u00e1n\"}]},{\"@type\":\"WebSite\",\"@id\":\"https:\\\/\\\/dorogimedence.hu\\\/#website\",\"url\":\"https:\\\/\\\/dorogimedence.hu\\\/\",\"name\":\"Dorogi-medence Region\u00e1lis H\u00edrport\u00e1l\",\"description\":\"Dorog, Keszt\u00f6lc, Le\u00e1nyv\u00e1r, Piliscs\u00e9v, Tokod, Tokodalt\u00e1r\u00f3, Csolnok, Esztergom-kertv\u00e1ros: h\u00edrek, programok\",\"publisher\":{\"@id\":\"https:\\\/\\\/dorogimedence.hu\\\/#organization\"},\"potentialAction\":[{\"@type\":\"SearchAction\",\"target\":{\"@type\":\"EntryPoint\",\"urlTemplate\":\"https:\\\/\\\/dorogimedence.hu\\\/?s={search_term_string}\"},\"query-input\":{\"@type\":\"PropertyValueSpecification\",\"valueRequired\":true,\"valueName\":\"search_term_string\"}}],\"inLanguage\":\"hu\"},{\"@type\":\"Organization\",\"@id\":\"https:\\\/\\\/dorogimedence.hu\\\/#organization\",\"name\":\"Dorogi-medence Region\u00e1lis H\u00edrport\u00e1l\",\"url\":\"https:\\\/\\\/dorogimedence.hu\\\/\",\"logo\":{\"@type\":\"ImageObject\",\"inLanguage\":\"hu\",\"@id\":\"https:\\\/\\\/dorogimedence.hu\\\/#\\\/schema\\\/logo\\\/image\\\/\",\"url\":\"https:\\\/\\\/dorogimedence.hu\\\/wp-content\\\/uploads\\\/2021\\\/04\\\/logo-feher-600.png\",\"contentUrl\":\"https:\\\/\\\/dorogimedence.hu\\\/wp-content\\\/uploads\\\/2021\\\/04\\\/logo-feher-600.png\",\"width\":600,\"height\":100,\"caption\":\"Dorogi-medence Region\u00e1lis H\u00edrport\u00e1l\"},\"image\":{\"@id\":\"https:\\\/\\\/dorogimedence.hu\\\/#\\\/schema\\\/logo\\\/image\\\/\"},\"sameAs\":[\"https:\\\/\\\/www.facebook.com\\\/dorogimedence\\\/\"]},{\"@type\":\"Person\",\"@id\":\"https:\\\/\\\/dorogimedence.hu\\\/#\\\/schema\\\/person\\\/ce6091eeb7e95ecdc87890d6aa8e0fd4\",\"name\":\"dorogimedence.hu\",\"image\":{\"@type\":\"ImageObject\",\"inLanguage\":\"hu\",\"@id\":\"\\\/\\\/www.gravatar.com\\\/avatar\\\/d8d45f8901aadff40a4af72c0b826f1d?s=96&#038;r=g&#038;d=mm\",\"url\":\"\\\/\\\/www.gravatar.com\\\/avatar\\\/d8d45f8901aadff40a4af72c0b826f1d?s=96&#038;r=g&#038;d=mm\",\"contentUrl\":\"\\\/\\\/www.gravatar.com\\\/avatar\\\/d8d45f8901aadff40a4af72c0b826f1d?s=96&#038;r=g&#038;d=mm\",\"caption\":\"dorogimedence.hu\"}}]}<\/script>\n<!-- \/ Yoast SEO plugin. -->","yoast_head_json":{"title":"\u00dajabb inspir\u00e1l\u00f3 j\u00f3 gyakorlatokat v\u00e1rnak a Richter \u00c9rdem\u00e9rem d\u00edj p\u00e1ly\u00e1zat\u00e1n","robots":{"index":"index","follow":"follow","max-snippet":"max-snippet:-1","max-image-preview":"max-image-preview:large","max-video-preview":"max-video-preview:-1"},"canonical":"https:\/\/dorogimedence.hu\/index.php\/2026\/08\/29\/ujabb-inspiralo-jo-gyakorlatokat-varnak-a-richter-erdemerem-dij-palyazatan\/","og_locale":"hu_HU","og_type":"article","og_title":"\u00dajabb inspir\u00e1l\u00f3 j\u00f3 gyakorlatokat v\u00e1rnak a Richter \u00c9rdem\u00e9rem d\u00edj p\u00e1ly\u00e1zat\u00e1n","og_description":"A Magyarorsz\u00e1gon dolgoz\u00f3 h\u00e1ziorvosok \u00e9s gy\u00f3gyszer\u00e9szek legjobb p\u00e1lyam\u0171veinek alkot\u00f3i a szakmai elismer\u00e9s mellett brutt\u00f3 2 milli\u00f3 forint d\u00edjaz\u00e1sban r\u00e9szes\u00fclnek. A jelentkez\u00e9si hat\u00e1rid\u0151 a h\u00e1ziorvosoknak okt\u00f3ber 4., a gy\u00f3gyszer\u00e9szeknek okt\u00f3ber 11. A Richter Gedeon Nyrt. 2022-ben h\u00edvta \u00e9letre a Richter \u00c9rdem\u00e9rem d\u00edjat a Magyar Orvosi Kamara \u00e9s a Magyar Gy\u00f3gyszer\u00e9szi Kamara szakmai t\u00e1mogat\u00e1s\u00e1val. A d\u00edj c\u00e9lja,","og_url":"https:\/\/dorogimedence.hu\/index.php\/2026\/08\/29\/ujabb-inspiralo-jo-gyakorlatokat-varnak-a-richter-erdemerem-dij-palyazatan\/","og_site_name":"Dorogi-medence Region\u00e1lis H\u00edrport\u00e1l","article_publisher":"https:\/\/www.facebook.com\/dorogimedence\/","article_published_time":"2026-08-29T09:26:02+00:00","og_image":[{"width":2560,"height":1707,"url":"https:\/\/dorogimedence.hu\/wp-content\/uploads\/2026\/01\/Richter-Erdemerem-Dij-scaled.jpg","type":"image\/jpeg"}],"author":"dorogimedence.hu","twitter_card":"summary_large_image","twitter_misc":{"Szerz\u0151:":"dorogimedence.hu","Becs\u00fclt olvas\u00e1si id\u0151":"4 perc"},"schema":{"@context":"https:\/\/schema.org","@graph":[{"@type":"Article","@id":"https:\/\/dorogimedence.hu\/index.php\/2026\/08\/29\/ujabb-inspiralo-jo-gyakorlatokat-varnak-a-richter-erdemerem-dij-palyazatan\/#article","isPartOf":{"@id":"https:\/\/dorogimedence.hu\/index.php\/2026\/08\/29\/ujabb-inspiralo-jo-gyakorlatokat-varnak-a-richter-erdemerem-dij-palyazatan\/"},"author":{"name":"dorogimedence.hu","@id":"https:\/\/dorogimedence.hu\/#\/schema\/person\/ce6091eeb7e95ecdc87890d6aa8e0fd4"},"headline":"\u00dajabb inspir\u00e1l\u00f3 j\u00f3 gyakorlatokat v\u00e1rnak a Richter \u00c9rdem\u00e9rem d\u00edj p\u00e1ly\u00e1zat\u00e1n","datePublished":"2026-08-29T09:26:02+00:00","mainEntityOfPage":{"@id":"https:\/\/dorogimedence.hu\/index.php\/2026\/08\/29\/ujabb-inspiralo-jo-gyakorlatokat-varnak-a-richter-erdemerem-dij-palyazatan\/"},"wordCount":781,"publisher":{"@id":"https:\/\/dorogimedence.hu\/#organization"},"image":{"@id":"https:\/\/dorogimedence.hu\/index.php\/2026\/08\/29\/ujabb-inspiralo-jo-gyakorlatokat-varnak-a-richter-erdemerem-dij-palyazatan\/#primaryimage"},"thumbnailUrl":"https:\/\/dorogimedence.hu\/wp-content\/uploads\/2026\/01\/Richter-Erdemerem-Dij-scaled.jpg","keywords":["p\u00e1ly\u00e1zat","richter","Richter \u00c9rdem\u00e9rem","Richter Gedeon","Richter Gedeon Nyrt."],"articleSection":["H\u00edrek"],"inLanguage":"hu"},{"@type":"WebPage","@id":"https:\/\/dorogimedence.hu\/index.php\/2026\/08\/29\/ujabb-inspiralo-jo-gyakorlatokat-varnak-a-richter-erdemerem-dij-palyazatan\/","url":"https:\/\/dorogimedence.hu\/index.php\/2026\/08\/29\/ujabb-inspiralo-jo-gyakorlatokat-varnak-a-richter-erdemerem-dij-palyazatan\/","name":"\u00dajabb inspir\u00e1l\u00f3 j\u00f3 gyakorlatokat v\u00e1rnak a Richter \u00c9rdem\u00e9rem d\u00edj p\u00e1ly\u00e1zat\u00e1n","isPartOf":{"@id":"https:\/\/dorogimedence.hu\/#website"},"primaryImageOfPage":{"@id":"https:\/\/dorogimedence.hu\/index.php\/2026\/08\/29\/ujabb-inspiralo-jo-gyakorlatokat-varnak-a-richter-erdemerem-dij-palyazatan\/#primaryimage"},"image":{"@id":"https:\/\/dorogimedence.hu\/index.php\/2026\/08\/29\/ujabb-inspiralo-jo-gyakorlatokat-varnak-a-richter-erdemerem-dij-palyazatan\/#primaryimage"},"thumbnailUrl":"https:\/\/dorogimedence.hu\/wp-content\/uploads\/2026\/01\/Richter-Erdemerem-Dij-scaled.jpg","datePublished":"2026-08-29T09:26:02+00:00","breadcrumb":{"@id":"https:\/\/dorogimedence.hu\/index.php\/2026\/08\/29\/ujabb-inspiralo-jo-gyakorlatokat-varnak-a-richter-erdemerem-dij-palyazatan\/#breadcrumb"},"inLanguage":"hu","potentialAction":[{"@type":"ReadAction","target":["https:\/\/dorogimedence.hu\/index.php\/2026\/08\/29\/ujabb-inspiralo-jo-gyakorlatokat-varnak-a-richter-erdemerem-dij-palyazatan\/"]}]},{"@type":"ImageObject","inLanguage":"hu","@id":"https:\/\/dorogimedence.hu\/index.php\/2026\/08\/29\/ujabb-inspiralo-jo-gyakorlatokat-varnak-a-richter-erdemerem-dij-palyazatan\/#primaryimage","url":"https:\/\/dorogimedence.hu\/wp-content\/uploads\/2026\/01\/Richter-Erdemerem-Dij-scaled.jpg","contentUrl":"https:\/\/dorogimedence.hu\/wp-content\/uploads\/2026\/01\/Richter-Erdemerem-Dij-scaled.jpg","width":2560,"height":1707},{"@type":"BreadcrumbList","@id":"https:\/\/dorogimedence.hu\/index.php\/2026\/08\/29\/ujabb-inspiralo-jo-gyakorlatokat-varnak-a-richter-erdemerem-dij-palyazatan\/#breadcrumb","itemListElement":[{"@type":"ListItem","position":1,"name":"Kezd\u0151lap","item":"https:\/\/dorogimedence.hu\/"},{"@type":"ListItem","position":2,"name":"\u00dajabb inspir\u00e1l\u00f3 j\u00f3 gyakorlatokat v\u00e1rnak a Richter \u00c9rdem\u00e9rem d\u00edj p\u00e1ly\u00e1zat\u00e1n"}]},{"@type":"WebSite","@id":"https:\/\/dorogimedence.hu\/#website","url":"https:\/\/dorogimedence.hu\/","name":"Dorogi-medence Region\u00e1lis H\u00edrport\u00e1l","description":"Dorog, Keszt\u00f6lc, Le\u00e1nyv\u00e1r, Piliscs\u00e9v, Tokod, Tokodalt\u00e1r\u00f3, Csolnok, Esztergom-kertv\u00e1ros: h\u00edrek, programok","publisher":{"@id":"https:\/\/dorogimedence.hu\/#organization"},"potentialAction":[{"@type":"SearchAction","target":{"@type":"EntryPoint","urlTemplate":"https:\/\/dorogimedence.hu\/?s={search_term_string}"},"query-input":{"@type":"PropertyValueSpecification","valueRequired":true,"valueName":"search_term_string"}}],"inLanguage":"hu"},{"@type":"Organization","@id":"https:\/\/dorogimedence.hu\/#organization","name":"Dorogi-medence Region\u00e1lis H\u00edrport\u00e1l","url":"https:\/\/dorogimedence.hu\/","logo":{"@type":"ImageObject","inLanguage":"hu","@id":"https:\/\/dorogimedence.hu\/#\/schema\/logo\/image\/","url":"https:\/\/dorogimedence.hu\/wp-content\/uploads\/2021\/04\/logo-feher-600.png","contentUrl":"https:\/\/dorogimedence.hu\/wp-content\/uploads\/2021\/04\/logo-feher-600.png","width":600,"height":100,"caption":"Dorogi-medence Region\u00e1lis H\u00edrport\u00e1l"},"image":{"@id":"https:\/\/dorogimedence.hu\/#\/schema\/logo\/image\/"},"sameAs":["https:\/\/www.facebook.com\/dorogimedence\/"]},{"@type":"Person","@id":"https:\/\/dorogimedence.hu\/#\/schema\/person\/ce6091eeb7e95ecdc87890d6aa8e0fd4","name":"dorogimedence.hu","image":{"@type":"ImageObject","inLanguage":"hu","@id":"\/\/www.gravatar.com\/avatar\/d8d45f8901aadff40a4af72c0b826f1d?s=96&#038;r=g&#038;d=mm","url":"\/\/www.gravatar.com\/avatar\/d8d45f8901aadff40a4af72c0b826f1d?s=96&#038;r=g&#038;d=mm","contentUrl":"\/\/www.gravatar.com\/avatar\/d8d45f8901aadff40a4af72c0b826f1d?s=96&#038;r=g&#038;d=mm","caption":"dorogimedence.hu"}}]}},"_links":{"self":[{"href":"https:\/\/dorogimedence.hu\/index.php\/wp-json\/wp\/v2\/posts\/83228","targetHints":{"allow":["GET"]}}],"collection":[{"href":"https:\/\/dorogimedence.hu\/index.php\/wp-json\/wp\/v2\/posts"}],"about":[{"href":"https:\/\/dorogimedence.hu\/index.php\/wp-json\/wp\/v2\/types\/post"}],"author":[{"embeddable":true,"href":"https:\/\/dorogimedence.hu\/index.php\/wp-json\/wp\/v2\/users\/1"}],"replies":[{"embeddable":true,"href":"https:\/\/dorogimedence.hu\/index.php\/wp-json\/wp\/v2\/comments?post=83228"}],"version-history":[{"count":1,"href":"https:\/\/dorogimedence.hu\/index.php\/wp-json\/wp\/v2\/posts\/83228\/revisions"}],"predecessor-version":[{"id":83229,"href":"https:\/\/dorogimedence.hu\/index.php\/wp-json\/wp\/v2\/posts\/83228\/revisions\/83229"}],"wp:featuredmedia":[{"embeddable":true,"href":"https:\/\/dorogimedence.hu\/index.php\/wp-json\/wp\/v2\/media\/77428"}],"wp:attachment":[{"href":"https:\/\/dorogimedence.hu\/index.php\/wp-json\/wp\/v2\/media?parent=83228"}],"wp:term":[{"taxonomy":"category","embeddable":true,"href":"https:\/\/dorogimedence.hu\/index.php\/wp-json\/wp\/v2\/categories?post=83228"},{"taxonomy":"post_tag","embeddable":true,"href":"https:\/\/dorogimedence.hu\/index.php\/wp-json\/wp\/v2\/tags?post=83228"}],"curies":[{"name":"wp","href":"https:\/\/api.w.org\/{rel}","templated":true}]}}