{"id":83212,"date":"2026-08-29T08:53:01","date_gmt":"2026-08-29T06:53:01","guid":{"rendered":"https:\/\/dorogimedence.hu\/?p=83212"},"modified":"2026-08-31T13:59:38","modified_gmt":"2026-08-31T11:59:38","slug":"nekunk-mohacs-kozos-regenyt-irt-schmoltz-margit-es-cs-szabo-sandor","status":"publish","type":"post","link":"https:\/\/dorogimedence.hu\/index.php\/2026\/08\/29\/nekunk-mohacs-kozos-regenyt-irt-schmoltz-margit-es-cs-szabo-sandor\/","title":{"rendered":"Nek\u00fcnk Moh\u00e1cs \u2013 k\u00f6z\u00f6s reg\u00e9nyt \u00edrt Schm\u00f6ltz Margit \u00e9s Cs. Szab\u00f3 S\u00e1ndor"},"content":{"rendered":"<p><strong>A moh\u00e1csi csata 500. \u00e9vfordul\u00f3j\u00e1ra jelent meg a Nek\u00fcnk Moh\u00e1cs \u2013 A kir\u00e1lyi p\u00e1r reg\u00e9nye 1521\u20131526 c\u00edm\u0171 t\u00f6rt\u00e9nelmi reg\u00e9ny, amelyet az esztergomi Schm\u00f6ltz Margit \u00e9s a csolnoki Cs. Szab\u00f3 S\u00e1ndor k\u00f6z\u00f6sen \u00edrt. A k\u00f6tet II. Lajos \u00e9s Habsburg M\u00e1ria v\u00e1ltakoz\u00f3 n\u00e9z\u0151pontj\u00e1b\u00f3l id\u00e9zi fel a k\u00f6z\u00e9pkori Magyar Kir\u00e1lys\u00e1g sorsford\u00edt\u00f3 \u00e9veit.<\/strong><\/p>\n<p>A t\u00f6rt\u00e9net 1521-ben, Habsburg M\u00e1ria Magyarorsz\u00e1gra \u00e9rkez\u00e9s\u00e9vel kezd\u0151dik, \u00e9s eg\u00e9szen az 1526-os moh\u00e1csi csat\u00e1ig k\u00f6veti a fiatal uralkod\u00f3p\u00e1r \u00e9let\u00e9t. A reg\u00e9ny nemcsak az orsz\u00e1got fenyeget\u0151 t\u00f6r\u00f6k vesz\u00e9lyt, a diplom\u00e1ciai k\u00fczdelmeket \u00e9s a bels\u0151 sz\u00e9th\u00faz\u00e1st mutatja be, hanem II. Lajos \u00e9s M\u00e1ria kapcsolat\u00e1t is, amely az elrendezett dinasztikus h\u00e1zass\u00e1gb\u00f3l val\u00f3di szerelemm\u00e9 \u00e9rett.<\/p>\n<h3>Egy \u00e9vfordul\u00f3 adta az \u00f6tletet<\/h3>\n<p>A k\u00f6z\u00f6s reg\u00e9ny gondolata Cs. Szab\u00f3 S\u00e1ndort\u00f3l sz\u00e1rmazott. Kor\u00e1bban a reform\u00e1ci\u00f3 500. \u00e9vfordul\u00f3j\u00e1ra \u00edrta meg Luther-reg\u00e9nyeit, ezek sikere pedig arra \u00f6szt\u00f6n\u00f6zte, hogy a k\u00f6vetkez\u0151 jelent\u0151s t\u00f6rt\u00e9nelmi \u00e9vfordul\u00f3hoz kapcsol\u00f3dva is \u00faj k\u00f6tettel jelentkezzen.<\/p>\n<p>\u00dagy \u00e9rezte azonban, hogy II. Lajos n\u00e9z\u0151pontja \u00f6nmag\u00e1ban nem adna teljes k\u00e9pet a korr\u00f3l \u00e9s az uralkod\u00f3p\u00e1r t\u00f6rt\u00e9net\u00e9r\u0151l. Ez\u00e9rt k\u00e9rte fel a k\u00f6z\u00f6s munk\u00e1ra Schm\u00f6ltz Margitot, akivel m\u00e1r kor\u00e1bbr\u00f3l ismert\u00e9k egym\u00e1st.<\/p>\n<p>\u2013 Tal\u00e1n, ha nem \u0151 k\u00e9r fel, hogy \u00edrjunk k\u00f6z\u00f6sen err\u0151l a t\u00e9m\u00e1r\u00f3l, egyed\u00fcl nem is mertem volna belev\u00e1gni \u2013 mondta Schm\u00f6ltz Margit.<\/p>\n<h3>K\u00e9t szerz\u0151, k\u00e9t n\u00e9z\u0151pont<\/h3>\n<p>A szerepeket m\u00e1r a munka kezdet\u00e9n felosztott\u00e1k: Cs. Szab\u00f3 S\u00e1ndor II. Lajos, Schm\u00f6ltz Margit pedig Habsburg M\u00e1ria hangj\u00e1n sz\u00f3lalt meg. Sok\u00e1ig m\u00e9rlegelt\u00e9k, hogy \u00e9let\u00fck mely id\u0151szak\u00e1t dolgozz\u00e1k fel, v\u00e9g\u00fcl \u00fagy d\u00f6nt\u00f6ttek, M\u00e1ria Magyarorsz\u00e1gra \u00e9rkez\u00e9s\u00e9vel ind\u00edtj\u00e1k a cselekm\u00e9nyt.<\/p>\n<p>A szerz\u0151k k\u00f6z\u00f6sen k\u00e9sz\u00edtett\u00e9k el a t\u00f6rt\u00e9net v\u00e1zlat\u00e1t, majd egyeztett\u00e9k, hogy mely jeleneteket melyik\u00fck n\u00e9z\u0151pontj\u00e1b\u00f3l mutass\u00e1k be. Egy internetes dokumentumban dolgoztak, \u00edgy folyamatosan l\u00e1tt\u00e1k egym\u00e1s elk\u00e9sz\u00fclt fejezeteit, olykor pedig azt is, ahogyan a m\u00e1sik mondatai megsz\u00fcletnek.<\/p>\n<p>\u2013 Az egyes r\u00e9szeket el\u0151re \u00e1tbesz\u00e9lt\u00fck, felv\u00e1zoltuk az esem\u00e9nyeket \u00e9s a t\u00f6rt\u00e9netsz\u00e1lakat, majd felosztottuk, ki honnan \u00e9s hogyan veszi \u00e1t a fonalat \u2013 fogalmazott Cs. Szab\u00f3 S\u00e1ndor.<\/p>\n<p><img fetchpriority=\"high\" decoding=\"async\" class=\"alignnone size-full wp-image-83213\" src=\"https:\/\/dorogimedence.hu\/wp-content\/uploads\/2026\/08\/Nekunk-Mohacs-sima.jpg\" alt=\"\" width=\"1350\" height=\"1350\" srcset=\"https:\/\/dorogimedence.hu\/wp-content\/uploads\/2026\/08\/Nekunk-Mohacs-sima.jpg 1350w, https:\/\/dorogimedence.hu\/wp-content\/uploads\/2026\/08\/Nekunk-Mohacs-sima-600x600.jpg 600w, https:\/\/dorogimedence.hu\/wp-content\/uploads\/2026\/08\/Nekunk-Mohacs-sima-300x300.jpg 300w, https:\/\/dorogimedence.hu\/wp-content\/uploads\/2026\/08\/Nekunk-Mohacs-sima-768x768.jpg 768w, https:\/\/dorogimedence.hu\/wp-content\/uploads\/2026\/08\/Nekunk-Mohacs-sima-150x150.jpg 150w, https:\/\/dorogimedence.hu\/wp-content\/uploads\/2026\/08\/Nekunk-Mohacs-sima-450x450.jpg 450w, https:\/\/dorogimedence.hu\/wp-content\/uploads\/2026\/08\/Nekunk-Mohacs-sima-1200x1200.jpg 1200w\" sizes=\"(max-width: 1350px) 100vw, 1350px\" \/><\/p>\n<h3>\u00c9vekig kutatt\u00e1k a korszakot<\/h3>\n<p>A reg\u00e9nyt t\u00f6bb\u00e9ves felk\u00e9sz\u00fcl\u00e9s el\u0151zte meg. A szerz\u0151k t\u00f6rt\u00e9n\u00e9szek munk\u00e1it, m\u00fazeumi anyagokat, kult\u00fart\u00f6rt\u00e9neti \u00f6sszefoglal\u00f3kat, levelez\u00e9seket \u00e9s korabeli besz\u00e1mol\u00f3kat tanulm\u00e1nyoztak. Igyekeztek min\u00e9l t\u00f6bb els\u0151dleges forr\u00e1st, k\u00f6zt\u00fck diplomat\u00e1k jelent\u00e9seit is feldolgozni.<\/p>\n<p>Mindketten t\u00f6bb t\u00f6rt\u00e9nelmi reg\u00e9nyt \u00edrtak m\u00e1r, \u00edgy saj\u00e1t kutat\u00e1si m\u00f3dszerrel rendelkeztek. B\u00e1r bizonyos k\u00e9rd\u00e9sekben m\u00e1sk\u00e9nt dolgoztak, ez elmond\u00e1suk szerint j\u00f3l kieg\u00e9sz\u00edtette a k\u00f6z\u00f6s munk\u00e1t. A h\u00e1tt\u00e9ranyag j\u00f3val gazdagabb volt ann\u00e1l, mint amennyi v\u00e9g\u00fcl helyet kaphatott a k\u00f6nyvben.<\/p>\n<h3>H\u00fas-v\u00e9r emberk\u00e9nt mutatj\u00e1k be a kir\u00e1lyi p\u00e1rt<\/h3>\n<p>A szerz\u0151k szerint a t\u00f6rt\u00e9net\u00edr\u00e1s sok\u00e1ig kedvez\u0151tlen k\u00e9pet \u0151rz\u00f6tt meg II. Lajosr\u00f3l, Habsburg M\u00e1ria alakja pedig szinte teljesen h\u00e1tt\u00e9rbe szorult a nemzeti eml\u00e9kezetben. A reg\u00e9nyben ez\u00e9rt nem a gyenge \u00e9s alkalmatlan kir\u00e1ly hagyom\u00e1nyos k\u00e9p\u00e9t akart\u00e1k megism\u00e9telni.<\/p>\n<p>\u2013 A mi kir\u00e1lyi p\u00e1runk a forr\u00e1sok \u00e9s a korabeli besz\u00e1mol\u00f3k alapj\u00e1n d\u00f6nt\u00e9sk\u00e9pes, ugyanakkor korl\u00e1tok k\u00f6z\u00e9 szor\u00edtott, a k\u00f6r\u00fclm\u00e9nyek miatt szinte tehetetlens\u00e9gre k\u00e1rhoztatott. Nem t\u00f6rt\u00e9nelmi tabl\u00f3t akartunk festeni, hanem h\u00fas-v\u00e9r embereket bemutatni \u2013 emelte ki Schm\u00f6ltz Margit.<\/p>\n<p>Cs. Szab\u00f3 S\u00e1ndor \u00fagy v\u00e9li, ha II. Lajosnak t\u00f6bb id\u0151 \u00e9s valamivel t\u00f6bb szerencse jut, j\u00f3 kir\u00e1ly v\u00e1lhatott volna bel\u0151le egy tehets\u00e9ges kir\u00e1lyn\u00e9 oldal\u00e1n. Habsburg M\u00e1ria k\u00e9pess\u00e9geit k\u00e9s\u0151bbi \u00e9lete sor\u00e1n bizony\u00edtani is tudta.<\/p>\n<h3>Lehetett volna m\u00e1sk\u00e9ppen?<\/h3>\n<p>A Nek\u00fcnk Moh\u00e1cs egyik legfontosabb k\u00e9rd\u00e9se, hogy elker\u00fclhet\u0151 lett volna-e a trag\u00e9dia. A szerz\u0151k szerint a csataveszt\u00e9shez rossz d\u00f6nt\u00e9sek, k\u00e9nyszerp\u00e1ly\u00e1k, hatalmi \u00e9s er\u0151forr\u00e1sbeli k\u00fcl\u00f6nbs\u00e9gek, valamint a balszerencse egyar\u00e1nt hozz\u00e1j\u00e1rultak.<\/p>\n<p>\u2013 Lehetett volna m\u00e1sk\u00e9ppen? Tal\u00e1n\u2026 De ahhoz ezernyi dolognak m\u00e1shogy kellett volna alakulnia. \u00c9s nem 1526. augusztus 29-\u00e9n, a csatamez\u0151n, hanem m\u00e1r \u00e9vekkel kor\u00e1bban \u2013 fogalmazott Schm\u00f6ltz Margit.<\/p>\n<p>A Gold Book gondoz\u00e1s\u00e1ban megjelent reg\u00e9ny m\u00e1r kaphat\u00f3 a k\u00f6nyvesboltokban \u00e9s az online k\u00f6nyv\u00e1ruh\u00e1zakban. A szerz\u0151k \u0151sszel t\u00f6bb telep\u00fcl\u00e9sen is bemutatj\u00e1k a k\u00f6tetet, Nyerges\u00fajfalun is tal\u00e1lkozhatnak majd vel\u00fck az \u00e9rdekl\u0151d\u0151k. A rendezv\u00e9nyeken a k\u00f6nyv sz\u00fclet\u00e9s\u00e9r\u0151l mes\u00e9lnek, \u00e9s dedik\u00e1lj\u00e1k is a p\u00e9ld\u00e1nyokat.<\/p>\n","protected":false},"excerpt":{"rendered":"<p>A moh\u00e1csi csata 500. \u00e9vfordul\u00f3j\u00e1ra jelent meg a Nek\u00fcnk Moh\u00e1cs \u2013 A kir\u00e1lyi p\u00e1r reg\u00e9nye 1521\u20131526 c\u00edm\u0171 t\u00f6rt\u00e9nelmi reg\u00e9ny, amelyet az esztergomi Schm\u00f6ltz Margit \u00e9s a csolnoki Cs. Szab\u00f3 S\u00e1ndor k\u00f6z\u00f6sen \u00edrt. A k\u00f6tet II. Lajos \u00e9s Habsburg M\u00e1ria v\u00e1ltakoz\u00f3 n\u00e9z\u0151pontj\u00e1b\u00f3l id\u00e9zi fel a k\u00f6z\u00e9pkori Magyar Kir\u00e1lys\u00e1g sorsford\u00edt\u00f3 \u00e9veit. A t\u00f6rt\u00e9net 1521-ben, Habsburg M\u00e1ria Magyarorsz\u00e1gra<\/p>\n","protected":false},"author":1,"featured_media":83214,"comment_status":"closed","ping_status":"closed","sticky":false,"template":"","format":"standard","meta":{"ngg_post_thumbnail":0,"footnotes":""},"categories":[64,38,3],"tags":[66,42,5624,1112,673,9069,9063],"class_list":["post-83212","post","type-post","status-publish","format-standard","has-post-thumbnail","category-csolnok","category-esztergom","category-hirek","tag-csolnok","tag-esztergom","tag-featured","tag-konyv","tag-konyvbemutato","tag-mohacs","tag-mohacs-500"],"yoast_head":"<!-- This site is optimized with the Yoast SEO plugin v28.3 - https:\/\/yoast.com\/product\/yoast-seo-wordpress\/ -->\n<title>Nek\u00fcnk Moh\u00e1cs \u2013 k\u00f6z\u00f6s reg\u00e9nyt \u00edrt Schm\u00f6ltz Margit \u00e9s Cs. Szab\u00f3 S\u00e1ndor<\/title>\n<meta name=\"robots\" content=\"index, follow, max-snippet:-1, max-image-preview:large, max-video-preview:-1\" \/>\n<link rel=\"canonical\" href=\"https:\/\/dorogimedence.hu\/index.php\/2026\/08\/29\/nekunk-mohacs-kozos-regenyt-irt-schmoltz-margit-es-cs-szabo-sandor\/\" class=\"yoast-seo-meta-tag\" \/>\n<meta property=\"og:locale\" content=\"hu_HU\" class=\"yoast-seo-meta-tag\" \/>\n<meta property=\"og:type\" content=\"article\" class=\"yoast-seo-meta-tag\" \/>\n<meta property=\"og:title\" content=\"Nek\u00fcnk Moh\u00e1cs \u2013 k\u00f6z\u00f6s reg\u00e9nyt \u00edrt Schm\u00f6ltz Margit \u00e9s Cs. Szab\u00f3 S\u00e1ndor\" class=\"yoast-seo-meta-tag\" \/>\n<meta property=\"og:description\" content=\"A moh\u00e1csi csata 500. \u00e9vfordul\u00f3j\u00e1ra jelent meg a Nek\u00fcnk Moh\u00e1cs \u2013 A kir\u00e1lyi p\u00e1r reg\u00e9nye 1521\u20131526 c\u00edm\u0171 t\u00f6rt\u00e9nelmi reg\u00e9ny, amelyet az esztergomi Schm\u00f6ltz Margit \u00e9s a csolnoki Cs. Szab\u00f3 S\u00e1ndor k\u00f6z\u00f6sen \u00edrt. A k\u00f6tet II. Lajos \u00e9s Habsburg M\u00e1ria v\u00e1ltakoz\u00f3 n\u00e9z\u0151pontj\u00e1b\u00f3l id\u00e9zi fel a k\u00f6z\u00e9pkori Magyar Kir\u00e1lys\u00e1g sorsford\u00edt\u00f3 \u00e9veit. A t\u00f6rt\u00e9net 1521-ben, Habsburg M\u00e1ria Magyarorsz\u00e1gra\" class=\"yoast-seo-meta-tag\" \/>\n<meta property=\"og:url\" content=\"https:\/\/dorogimedence.hu\/index.php\/2026\/08\/29\/nekunk-mohacs-kozos-regenyt-irt-schmoltz-margit-es-cs-szabo-sandor\/\" class=\"yoast-seo-meta-tag\" \/>\n<meta property=\"og:site_name\" content=\"Dorogi-medence Region\u00e1lis H\u00edrport\u00e1l\" class=\"yoast-seo-meta-tag\" \/>\n<meta property=\"article:publisher\" content=\"https:\/\/www.facebook.com\/dorogimedence\/\" class=\"yoast-seo-meta-tag\" \/>\n<meta property=\"article:published_time\" content=\"2026-08-29T06:53:01+00:00\" class=\"yoast-seo-meta-tag\" \/>\n<meta property=\"article:modified_time\" content=\"2026-08-31T11:59:38+00:00\" class=\"yoast-seo-meta-tag\" \/>\n<meta property=\"og:image\" content=\"https:\/\/dorogimedence.hu\/wp-content\/uploads\/2026\/08\/nekunk-mohacs.jpg\" class=\"yoast-seo-meta-tag\" \/>\n\t<meta property=\"og:image:width\" content=\"1920\" class=\"yoast-seo-meta-tag\" \/>\n\t<meta property=\"og:image:height\" content=\"970\" class=\"yoast-seo-meta-tag\" \/>\n\t<meta property=\"og:image:type\" content=\"image\/jpeg\" class=\"yoast-seo-meta-tag\" \/>\n<meta name=\"author\" content=\"dorogimedence.hu\" class=\"yoast-seo-meta-tag\" \/>\n<meta name=\"twitter:card\" content=\"summary_large_image\" class=\"yoast-seo-meta-tag\" \/>\n<meta name=\"twitter:label1\" content=\"Szerz\u0151:\" class=\"yoast-seo-meta-tag\" \/>\n\t<meta name=\"twitter:data1\" content=\"dorogimedence.hu\" class=\"yoast-seo-meta-tag\" \/>\n\t<meta name=\"twitter:label2\" content=\"Becs\u00fclt olvas\u00e1si id\u0151\" class=\"yoast-seo-meta-tag\" \/>\n\t<meta name=\"twitter:data2\" content=\"5 perc\" class=\"yoast-seo-meta-tag\" \/>\n<script type=\"application\/ld+json\" class=\"yoast-schema-graph\">{\"@context\":\"https:\\\/\\\/schema.org\",\"@graph\":[{\"@type\":\"Article\",\"@id\":\"https:\\\/\\\/dorogimedence.hu\\\/index.php\\\/2026\\\/08\\\/29\\\/nekunk-mohacs-kozos-regenyt-irt-schmoltz-margit-es-cs-szabo-sandor\\\/#article\",\"isPartOf\":{\"@id\":\"https:\\\/\\\/dorogimedence.hu\\\/index.php\\\/2026\\\/08\\\/29\\\/nekunk-mohacs-kozos-regenyt-irt-schmoltz-margit-es-cs-szabo-sandor\\\/\"},\"author\":{\"name\":\"dorogimedence.hu\",\"@id\":\"https:\\\/\\\/dorogimedence.hu\\\/#\\\/schema\\\/person\\\/ce6091eeb7e95ecdc87890d6aa8e0fd4\"},\"headline\":\"Nek\u00fcnk Moh\u00e1cs \u2013 k\u00f6z\u00f6s reg\u00e9nyt \u00edrt Schm\u00f6ltz Margit \u00e9s Cs. Szab\u00f3 S\u00e1ndor\",\"datePublished\":\"2026-08-29T06:53:01+00:00\",\"dateModified\":\"2026-08-31T11:59:38+00:00\",\"mainEntityOfPage\":{\"@id\":\"https:\\\/\\\/dorogimedence.hu\\\/index.php\\\/2026\\\/08\\\/29\\\/nekunk-mohacs-kozos-regenyt-irt-schmoltz-margit-es-cs-szabo-sandor\\\/\"},\"wordCount\":946,\"publisher\":{\"@id\":\"https:\\\/\\\/dorogimedence.hu\\\/#organization\"},\"image\":{\"@id\":\"https:\\\/\\\/dorogimedence.hu\\\/index.php\\\/2026\\\/08\\\/29\\\/nekunk-mohacs-kozos-regenyt-irt-schmoltz-margit-es-cs-szabo-sandor\\\/#primaryimage\"},\"thumbnailUrl\":\"https:\\\/\\\/dorogimedence.hu\\\/wp-content\\\/uploads\\\/2026\\\/08\\\/nekunk-mohacs.jpg\",\"keywords\":[\"Csolnok\",\"esztergom\",\"featured\",\"k\u00f6nyv\",\"k\u00f6nyvbemutat\u00f3\",\"Moh\u00e1cs\",\"Moh\u00e1cs 500\"],\"articleSection\":[\"Csolnok\",\"Esztergom\",\"H\u00edrek\"],\"inLanguage\":\"hu\"},{\"@type\":\"WebPage\",\"@id\":\"https:\\\/\\\/dorogimedence.hu\\\/index.php\\\/2026\\\/08\\\/29\\\/nekunk-mohacs-kozos-regenyt-irt-schmoltz-margit-es-cs-szabo-sandor\\\/\",\"url\":\"https:\\\/\\\/dorogimedence.hu\\\/index.php\\\/2026\\\/08\\\/29\\\/nekunk-mohacs-kozos-regenyt-irt-schmoltz-margit-es-cs-szabo-sandor\\\/\",\"name\":\"Nek\u00fcnk Moh\u00e1cs \u2013 k\u00f6z\u00f6s reg\u00e9nyt \u00edrt Schm\u00f6ltz Margit \u00e9s Cs. Szab\u00f3 S\u00e1ndor\",\"isPartOf\":{\"@id\":\"https:\\\/\\\/dorogimedence.hu\\\/#website\"},\"primaryImageOfPage\":{\"@id\":\"https:\\\/\\\/dorogimedence.hu\\\/index.php\\\/2026\\\/08\\\/29\\\/nekunk-mohacs-kozos-regenyt-irt-schmoltz-margit-es-cs-szabo-sandor\\\/#primaryimage\"},\"image\":{\"@id\":\"https:\\\/\\\/dorogimedence.hu\\\/index.php\\\/2026\\\/08\\\/29\\\/nekunk-mohacs-kozos-regenyt-irt-schmoltz-margit-es-cs-szabo-sandor\\\/#primaryimage\"},\"thumbnailUrl\":\"https:\\\/\\\/dorogimedence.hu\\\/wp-content\\\/uploads\\\/2026\\\/08\\\/nekunk-mohacs.jpg\",\"datePublished\":\"2026-08-29T06:53:01+00:00\",\"dateModified\":\"2026-08-31T11:59:38+00:00\",\"breadcrumb\":{\"@id\":\"https:\\\/\\\/dorogimedence.hu\\\/index.php\\\/2026\\\/08\\\/29\\\/nekunk-mohacs-kozos-regenyt-irt-schmoltz-margit-es-cs-szabo-sandor\\\/#breadcrumb\"},\"inLanguage\":\"hu\",\"potentialAction\":[{\"@type\":\"ReadAction\",\"target\":[\"https:\\\/\\\/dorogimedence.hu\\\/index.php\\\/2026\\\/08\\\/29\\\/nekunk-mohacs-kozos-regenyt-irt-schmoltz-margit-es-cs-szabo-sandor\\\/\"]}]},{\"@type\":\"ImageObject\",\"inLanguage\":\"hu\",\"@id\":\"https:\\\/\\\/dorogimedence.hu\\\/index.php\\\/2026\\\/08\\\/29\\\/nekunk-mohacs-kozos-regenyt-irt-schmoltz-margit-es-cs-szabo-sandor\\\/#primaryimage\",\"url\":\"https:\\\/\\\/dorogimedence.hu\\\/wp-content\\\/uploads\\\/2026\\\/08\\\/nekunk-mohacs.jpg\",\"contentUrl\":\"https:\\\/\\\/dorogimedence.hu\\\/wp-content\\\/uploads\\\/2026\\\/08\\\/nekunk-mohacs.jpg\",\"width\":1920,\"height\":970},{\"@type\":\"BreadcrumbList\",\"@id\":\"https:\\\/\\\/dorogimedence.hu\\\/index.php\\\/2026\\\/08\\\/29\\\/nekunk-mohacs-kozos-regenyt-irt-schmoltz-margit-es-cs-szabo-sandor\\\/#breadcrumb\",\"itemListElement\":[{\"@type\":\"ListItem\",\"position\":1,\"name\":\"Kezd\u0151lap\",\"item\":\"https:\\\/\\\/dorogimedence.hu\\\/\"},{\"@type\":\"ListItem\",\"position\":2,\"name\":\"Nek\u00fcnk Moh\u00e1cs \u2013 k\u00f6z\u00f6s reg\u00e9nyt \u00edrt Schm\u00f6ltz Margit \u00e9s Cs. Szab\u00f3 S\u00e1ndor\"}]},{\"@type\":\"WebSite\",\"@id\":\"https:\\\/\\\/dorogimedence.hu\\\/#website\",\"url\":\"https:\\\/\\\/dorogimedence.hu\\\/\",\"name\":\"Dorogi-medence Region\u00e1lis H\u00edrport\u00e1l\",\"description\":\"Dorog, Keszt\u00f6lc, Le\u00e1nyv\u00e1r, Piliscs\u00e9v, Tokod, Tokodalt\u00e1r\u00f3, Csolnok, Esztergom-kertv\u00e1ros: h\u00edrek, programok\",\"publisher\":{\"@id\":\"https:\\\/\\\/dorogimedence.hu\\\/#organization\"},\"potentialAction\":[{\"@type\":\"SearchAction\",\"target\":{\"@type\":\"EntryPoint\",\"urlTemplate\":\"https:\\\/\\\/dorogimedence.hu\\\/?s={search_term_string}\"},\"query-input\":{\"@type\":\"PropertyValueSpecification\",\"valueRequired\":true,\"valueName\":\"search_term_string\"}}],\"inLanguage\":\"hu\"},{\"@type\":\"Organization\",\"@id\":\"https:\\\/\\\/dorogimedence.hu\\\/#organization\",\"name\":\"Dorogi-medence Region\u00e1lis H\u00edrport\u00e1l\",\"url\":\"https:\\\/\\\/dorogimedence.hu\\\/\",\"logo\":{\"@type\":\"ImageObject\",\"inLanguage\":\"hu\",\"@id\":\"https:\\\/\\\/dorogimedence.hu\\\/#\\\/schema\\\/logo\\\/image\\\/\",\"url\":\"https:\\\/\\\/dorogimedence.hu\\\/wp-content\\\/uploads\\\/2021\\\/04\\\/logo-feher-600.png\",\"contentUrl\":\"https:\\\/\\\/dorogimedence.hu\\\/wp-content\\\/uploads\\\/2021\\\/04\\\/logo-feher-600.png\",\"width\":600,\"height\":100,\"caption\":\"Dorogi-medence Region\u00e1lis H\u00edrport\u00e1l\"},\"image\":{\"@id\":\"https:\\\/\\\/dorogimedence.hu\\\/#\\\/schema\\\/logo\\\/image\\\/\"},\"sameAs\":[\"https:\\\/\\\/www.facebook.com\\\/dorogimedence\\\/\"]},{\"@type\":\"Person\",\"@id\":\"https:\\\/\\\/dorogimedence.hu\\\/#\\\/schema\\\/person\\\/ce6091eeb7e95ecdc87890d6aa8e0fd4\",\"name\":\"dorogimedence.hu\",\"image\":{\"@type\":\"ImageObject\",\"inLanguage\":\"hu\",\"@id\":\"\\\/\\\/www.gravatar.com\\\/avatar\\\/d8d45f8901aadff40a4af72c0b826f1d?s=96&#038;r=g&#038;d=mm\",\"url\":\"\\\/\\\/www.gravatar.com\\\/avatar\\\/d8d45f8901aadff40a4af72c0b826f1d?s=96&#038;r=g&#038;d=mm\",\"contentUrl\":\"\\\/\\\/www.gravatar.com\\\/avatar\\\/d8d45f8901aadff40a4af72c0b826f1d?s=96&#038;r=g&#038;d=mm\",\"caption\":\"dorogimedence.hu\"}}]}<\/script>\n<!-- \/ Yoast SEO plugin. -->","yoast_head_json":{"title":"Nek\u00fcnk Moh\u00e1cs \u2013 k\u00f6z\u00f6s reg\u00e9nyt \u00edrt Schm\u00f6ltz Margit \u00e9s Cs. Szab\u00f3 S\u00e1ndor","robots":{"index":"index","follow":"follow","max-snippet":"max-snippet:-1","max-image-preview":"max-image-preview:large","max-video-preview":"max-video-preview:-1"},"canonical":"https:\/\/dorogimedence.hu\/index.php\/2026\/08\/29\/nekunk-mohacs-kozos-regenyt-irt-schmoltz-margit-es-cs-szabo-sandor\/","og_locale":"hu_HU","og_type":"article","og_title":"Nek\u00fcnk Moh\u00e1cs \u2013 k\u00f6z\u00f6s reg\u00e9nyt \u00edrt Schm\u00f6ltz Margit \u00e9s Cs. Szab\u00f3 S\u00e1ndor","og_description":"A moh\u00e1csi csata 500. \u00e9vfordul\u00f3j\u00e1ra jelent meg a Nek\u00fcnk Moh\u00e1cs \u2013 A kir\u00e1lyi p\u00e1r reg\u00e9nye 1521\u20131526 c\u00edm\u0171 t\u00f6rt\u00e9nelmi reg\u00e9ny, amelyet az esztergomi Schm\u00f6ltz Margit \u00e9s a csolnoki Cs. Szab\u00f3 S\u00e1ndor k\u00f6z\u00f6sen \u00edrt. A k\u00f6tet II. Lajos \u00e9s Habsburg M\u00e1ria v\u00e1ltakoz\u00f3 n\u00e9z\u0151pontj\u00e1b\u00f3l id\u00e9zi fel a k\u00f6z\u00e9pkori Magyar Kir\u00e1lys\u00e1g sorsford\u00edt\u00f3 \u00e9veit. A t\u00f6rt\u00e9net 1521-ben, Habsburg M\u00e1ria Magyarorsz\u00e1gra","og_url":"https:\/\/dorogimedence.hu\/index.php\/2026\/08\/29\/nekunk-mohacs-kozos-regenyt-irt-schmoltz-margit-es-cs-szabo-sandor\/","og_site_name":"Dorogi-medence Region\u00e1lis H\u00edrport\u00e1l","article_publisher":"https:\/\/www.facebook.com\/dorogimedence\/","article_published_time":"2026-08-29T06:53:01+00:00","article_modified_time":"2026-08-31T11:59:38+00:00","og_image":[{"width":1920,"height":970,"url":"https:\/\/dorogimedence.hu\/wp-content\/uploads\/2026\/08\/nekunk-mohacs.jpg","type":"image\/jpeg"}],"author":"dorogimedence.hu","twitter_card":"summary_large_image","twitter_misc":{"Szerz\u0151:":"dorogimedence.hu","Becs\u00fclt olvas\u00e1si id\u0151":"5 perc"},"schema":{"@context":"https:\/\/schema.org","@graph":[{"@type":"Article","@id":"https:\/\/dorogimedence.hu\/index.php\/2026\/08\/29\/nekunk-mohacs-kozos-regenyt-irt-schmoltz-margit-es-cs-szabo-sandor\/#article","isPartOf":{"@id":"https:\/\/dorogimedence.hu\/index.php\/2026\/08\/29\/nekunk-mohacs-kozos-regenyt-irt-schmoltz-margit-es-cs-szabo-sandor\/"},"author":{"name":"dorogimedence.hu","@id":"https:\/\/dorogimedence.hu\/#\/schema\/person\/ce6091eeb7e95ecdc87890d6aa8e0fd4"},"headline":"Nek\u00fcnk Moh\u00e1cs \u2013 k\u00f6z\u00f6s reg\u00e9nyt \u00edrt Schm\u00f6ltz Margit \u00e9s Cs. Szab\u00f3 S\u00e1ndor","datePublished":"2026-08-29T06:53:01+00:00","dateModified":"2026-08-31T11:59:38+00:00","mainEntityOfPage":{"@id":"https:\/\/dorogimedence.hu\/index.php\/2026\/08\/29\/nekunk-mohacs-kozos-regenyt-irt-schmoltz-margit-es-cs-szabo-sandor\/"},"wordCount":946,"publisher":{"@id":"https:\/\/dorogimedence.hu\/#organization"},"image":{"@id":"https:\/\/dorogimedence.hu\/index.php\/2026\/08\/29\/nekunk-mohacs-kozos-regenyt-irt-schmoltz-margit-es-cs-szabo-sandor\/#primaryimage"},"thumbnailUrl":"https:\/\/dorogimedence.hu\/wp-content\/uploads\/2026\/08\/nekunk-mohacs.jpg","keywords":["Csolnok","esztergom","featured","k\u00f6nyv","k\u00f6nyvbemutat\u00f3","Moh\u00e1cs","Moh\u00e1cs 500"],"articleSection":["Csolnok","Esztergom","H\u00edrek"],"inLanguage":"hu"},{"@type":"WebPage","@id":"https:\/\/dorogimedence.hu\/index.php\/2026\/08\/29\/nekunk-mohacs-kozos-regenyt-irt-schmoltz-margit-es-cs-szabo-sandor\/","url":"https:\/\/dorogimedence.hu\/index.php\/2026\/08\/29\/nekunk-mohacs-kozos-regenyt-irt-schmoltz-margit-es-cs-szabo-sandor\/","name":"Nek\u00fcnk Moh\u00e1cs \u2013 k\u00f6z\u00f6s reg\u00e9nyt \u00edrt Schm\u00f6ltz Margit \u00e9s Cs. Szab\u00f3 S\u00e1ndor","isPartOf":{"@id":"https:\/\/dorogimedence.hu\/#website"},"primaryImageOfPage":{"@id":"https:\/\/dorogimedence.hu\/index.php\/2026\/08\/29\/nekunk-mohacs-kozos-regenyt-irt-schmoltz-margit-es-cs-szabo-sandor\/#primaryimage"},"image":{"@id":"https:\/\/dorogimedence.hu\/index.php\/2026\/08\/29\/nekunk-mohacs-kozos-regenyt-irt-schmoltz-margit-es-cs-szabo-sandor\/#primaryimage"},"thumbnailUrl":"https:\/\/dorogimedence.hu\/wp-content\/uploads\/2026\/08\/nekunk-mohacs.jpg","datePublished":"2026-08-29T06:53:01+00:00","dateModified":"2026-08-31T11:59:38+00:00","breadcrumb":{"@id":"https:\/\/dorogimedence.hu\/index.php\/2026\/08\/29\/nekunk-mohacs-kozos-regenyt-irt-schmoltz-margit-es-cs-szabo-sandor\/#breadcrumb"},"inLanguage":"hu","potentialAction":[{"@type":"ReadAction","target":["https:\/\/dorogimedence.hu\/index.php\/2026\/08\/29\/nekunk-mohacs-kozos-regenyt-irt-schmoltz-margit-es-cs-szabo-sandor\/"]}]},{"@type":"ImageObject","inLanguage":"hu","@id":"https:\/\/dorogimedence.hu\/index.php\/2026\/08\/29\/nekunk-mohacs-kozos-regenyt-irt-schmoltz-margit-es-cs-szabo-sandor\/#primaryimage","url":"https:\/\/dorogimedence.hu\/wp-content\/uploads\/2026\/08\/nekunk-mohacs.jpg","contentUrl":"https:\/\/dorogimedence.hu\/wp-content\/uploads\/2026\/08\/nekunk-mohacs.jpg","width":1920,"height":970},{"@type":"BreadcrumbList","@id":"https:\/\/dorogimedence.hu\/index.php\/2026\/08\/29\/nekunk-mohacs-kozos-regenyt-irt-schmoltz-margit-es-cs-szabo-sandor\/#breadcrumb","itemListElement":[{"@type":"ListItem","position":1,"name":"Kezd\u0151lap","item":"https:\/\/dorogimedence.hu\/"},{"@type":"ListItem","position":2,"name":"Nek\u00fcnk Moh\u00e1cs \u2013 k\u00f6z\u00f6s reg\u00e9nyt \u00edrt Schm\u00f6ltz Margit \u00e9s Cs. Szab\u00f3 S\u00e1ndor"}]},{"@type":"WebSite","@id":"https:\/\/dorogimedence.hu\/#website","url":"https:\/\/dorogimedence.hu\/","name":"Dorogi-medence Region\u00e1lis H\u00edrport\u00e1l","description":"Dorog, Keszt\u00f6lc, Le\u00e1nyv\u00e1r, Piliscs\u00e9v, Tokod, Tokodalt\u00e1r\u00f3, Csolnok, Esztergom-kertv\u00e1ros: h\u00edrek, programok","publisher":{"@id":"https:\/\/dorogimedence.hu\/#organization"},"potentialAction":[{"@type":"SearchAction","target":{"@type":"EntryPoint","urlTemplate":"https:\/\/dorogimedence.hu\/?s={search_term_string}"},"query-input":{"@type":"PropertyValueSpecification","valueRequired":true,"valueName":"search_term_string"}}],"inLanguage":"hu"},{"@type":"Organization","@id":"https:\/\/dorogimedence.hu\/#organization","name":"Dorogi-medence Region\u00e1lis H\u00edrport\u00e1l","url":"https:\/\/dorogimedence.hu\/","logo":{"@type":"ImageObject","inLanguage":"hu","@id":"https:\/\/dorogimedence.hu\/#\/schema\/logo\/image\/","url":"https:\/\/dorogimedence.hu\/wp-content\/uploads\/2021\/04\/logo-feher-600.png","contentUrl":"https:\/\/dorogimedence.hu\/wp-content\/uploads\/2021\/04\/logo-feher-600.png","width":600,"height":100,"caption":"Dorogi-medence Region\u00e1lis H\u00edrport\u00e1l"},"image":{"@id":"https:\/\/dorogimedence.hu\/#\/schema\/logo\/image\/"},"sameAs":["https:\/\/www.facebook.com\/dorogimedence\/"]},{"@type":"Person","@id":"https:\/\/dorogimedence.hu\/#\/schema\/person\/ce6091eeb7e95ecdc87890d6aa8e0fd4","name":"dorogimedence.hu","image":{"@type":"ImageObject","inLanguage":"hu","@id":"\/\/www.gravatar.com\/avatar\/d8d45f8901aadff40a4af72c0b826f1d?s=96&#038;r=g&#038;d=mm","url":"\/\/www.gravatar.com\/avatar\/d8d45f8901aadff40a4af72c0b826f1d?s=96&#038;r=g&#038;d=mm","contentUrl":"\/\/www.gravatar.com\/avatar\/d8d45f8901aadff40a4af72c0b826f1d?s=96&#038;r=g&#038;d=mm","caption":"dorogimedence.hu"}}]}},"_links":{"self":[{"href":"https:\/\/dorogimedence.hu\/index.php\/wp-json\/wp\/v2\/posts\/83212","targetHints":{"allow":["GET"]}}],"collection":[{"href":"https:\/\/dorogimedence.hu\/index.php\/wp-json\/wp\/v2\/posts"}],"about":[{"href":"https:\/\/dorogimedence.hu\/index.php\/wp-json\/wp\/v2\/types\/post"}],"author":[{"embeddable":true,"href":"https:\/\/dorogimedence.hu\/index.php\/wp-json\/wp\/v2\/users\/1"}],"replies":[{"embeddable":true,"href":"https:\/\/dorogimedence.hu\/index.php\/wp-json\/wp\/v2\/comments?post=83212"}],"version-history":[{"count":1,"href":"https:\/\/dorogimedence.hu\/index.php\/wp-json\/wp\/v2\/posts\/83212\/revisions"}],"predecessor-version":[{"id":83215,"href":"https:\/\/dorogimedence.hu\/index.php\/wp-json\/wp\/v2\/posts\/83212\/revisions\/83215"}],"wp:featuredmedia":[{"embeddable":true,"href":"https:\/\/dorogimedence.hu\/index.php\/wp-json\/wp\/v2\/media\/83214"}],"wp:attachment":[{"href":"https:\/\/dorogimedence.hu\/index.php\/wp-json\/wp\/v2\/media?parent=83212"}],"wp:term":[{"taxonomy":"category","embeddable":true,"href":"https:\/\/dorogimedence.hu\/index.php\/wp-json\/wp\/v2\/categories?post=83212"},{"taxonomy":"post_tag","embeddable":true,"href":"https:\/\/dorogimedence.hu\/index.php\/wp-json\/wp\/v2\/tags?post=83212"}],"curies":[{"name":"wp","href":"https:\/\/api.w.org\/{rel}","templated":true}]}}