{"id":82881,"date":"2026-09-05T07:02:29","date_gmt":"2026-09-05T05:02:29","guid":{"rendered":"https:\/\/dorogimedence.hu\/?p=82881"},"modified":"2026-09-05T07:02:29","modified_gmt":"2026-09-05T05:02:29","slug":"45-eve-tortent-dorog-kettos-jubileuma","status":"publish","type":"post","link":"https:\/\/dorogimedence.hu\/index.php\/2026\/09\/05\/45-eve-tortent-dorog-kettos-jubileuma\/","title":{"rendered":"45 \u00e9ve t\u00f6rt\u00e9nt: Dorog kett\u0151s jubileuma"},"content":{"rendered":"<p class=\"PDq2pG_selectionAnchorContainer\" style=\"text-align: justify;\" data-start=\"863\" data-end=\"1205\"><em><strong>1981 k\u00fcl\u00f6nleges esztend\u0151 volt Dorog t\u00f6rt\u00e9net\u00e9ben. A telep\u00fcl\u00e9s fenn\u00e1ll\u00e1s\u00e1nak 800., a dorogi sz\u00e9nb\u00e1ny\u00e1szat megindul\u00e1s\u00e1nak pedig 200. \u00e9vfordul\u00f3j\u00e1t \u00fcnnepelte, \u00e1m a kett\u0151s jubileum j\u00f3val t\u00f6bbr\u0151l sz\u00f3lt egyszer\u0171 \u00e9vfordul\u00f3n\u00e1l. Eg\u00e9sz \u00e9ven \u00e1t egym\u00e1st \u00e9rt\u00e9k a kultur\u00e1lis, sport- \u00e9s k\u00f6z\u00f6ss\u00e9gi esem\u00e9nyek, mik\u00f6zben a v\u00e1ros egy \u00faj korszak k\u00fcsz\u00f6b\u00e9n \u00e1llt. A teljes \u00e9v \u00fcnnepi \u00e9vv\u00e9 lett nyilv\u00e1n\u00edtva, a k\u00f6zponti \u00fcnneps\u00e9get pedig a B\u00e1ny\u00e1sznapra id\u0151z\u00edtett\u00e9k <\/strong>(Az \u00f6t \u00e9vvel ezel\u0151tti cikkem friss\u00edtett, b\u0151v\u00edtett v\u00e1ltozata)<strong>.<\/strong><\/em><\/p>\n<p style=\"text-align: justify;\" data-start=\"1210\" data-end=\"1735\">Sok dorogi sz\u00e1m\u00e1ra mindez ma m\u00e1r t\u00f6rt\u00e9nelem, m\u00e1sok azonban m\u00e9g szem\u00e9lyes eml\u00e9kk\u00e9nt \u0151rzik 1981 k\u00fcl\u00f6nleges hangulat\u00e1t. \u00c9n magam is k\u00f6z\u00e9j\u00fck tartozom: kisgyermekk\u00e9nt \u00e9ltem \u00e1t azt az esztend\u0151t, amelynek k\u00e9pei, esem\u00e9nyei \u00e9s k\u00fcl\u00f6n\u00f6s \u00fcnnepi atmoszf\u00e9r\u00e1ja \u2013 m\u00e9g ha akkor term\u00e9szetesen nem is \u00e9rtettem annak teljes jelent\u0151s\u00e9g\u00e9t \u2013 kit\u00f6r\u00f6lhetetlen\u00fcl megmaradtak bennem. Most, 45 \u00e9v t\u00e1vlat\u00e1b\u00f3l \u00fajra felid\u00e9zz\u00fck Dorog kett\u0151s jubileum\u00e1nak t\u00f6rt\u00e9net\u00e9t, egy olyan \u00e9v\u00e9t, amely val\u00f3ban m\u00e9lt\u00e1n nevezhet\u0151 a v\u00e1ros egyik eml\u00e9kezetes esztendej\u00e9nek.<\/p>\n<p class=\"PDq2pG_selectionAnchorContainer\" style=\"text-align: justify;\" data-start=\"496\" data-end=\"769\">N\u00e9gy \u00e9vtizede Dorog k\u00fcl\u00f6nleges esztend\u0151t \u00e9lt meg: 1981-ben k\u00e9t jelent\u0151s \u00e9vfordul\u00f3 kapcsol\u00f3dott \u00f6ssze egyetlen nagyszab\u00e1s\u00fa, kett\u0151s jubileumi \u00fcnneps\u00e9gben. A megeml\u00e9kez\u00e9s egyik aprop\u00f3j\u00e1t a telep\u00fcl\u00e9s m\u00faltja, a m\u00e1sikat pedig a helyi b\u00e1ny\u00e1szat t\u00f6bb \u00e9vsz\u00e1zados t\u00f6rt\u00e9nete adta.<\/p>\n<p data-start=\"496\" data-end=\"769\"><img fetchpriority=\"high\" decoding=\"async\" class=\"aligncenter wp-image-82993 \" src=\"https:\/\/dorogimedence.hu\/wp-content\/uploads\/2026\/08\/Dorog81_12-1.jpg\" alt=\"\" width=\"462\" height=\"458\" srcset=\"https:\/\/dorogimedence.hu\/wp-content\/uploads\/2026\/08\/Dorog81_12-1.jpg 308w, https:\/\/dorogimedence.hu\/wp-content\/uploads\/2026\/08\/Dorog81_12-1-150x149.jpg 150w\" sizes=\"(max-width: 462px) 100vw, 462px\" \/><\/p>\n<p style=\"text-align: justify;\" data-start=\"496\" data-end=\"769\"><span style=\"font-size: 10pt;\"><em>A kett\u0151s \u00e9vfordul\u00f3ra k\u00e9sz\u00fclt jubileumi embl\u00e9ma, amely sz\u00e1mos eml\u00e9kt\u00e1rgyra is r\u00e1ker\u00fclt (forr\u00e1s: Vatera katal\u00f3gus &#8211; vatera.hu online)<\/em><\/span><\/p>\n<p style=\"text-align: justify;\" data-start=\"774\" data-end=\"1433\">A telep\u00fcl\u00e9s fenn\u00e1ll\u00e1s\u00e1nak id\u0151pontja ugyanakkor n\u00e9mi pontos\u00edt\u00e1sra szorul. Az 1981-ben sz\u00e9les k\u00f6rben elfogadott \u201e800 \u00e9ves Dorog\u201d megjel\u00f6l\u00e9s ugyanis nem jelentette azt, hogy a telep\u00fcl\u00e9s t\u00f6rt\u00e9nete mind\u00f6ssze 1181-ig vezethet\u0151 vissza. A jubileum alapj\u00e1ul az els\u0151, Doroggal kapcsolatba hozott els\u0151 \u00edr\u00e1sos eml\u00e9k szolg\u00e1lt: III. B\u00e9la kir\u00e1ly 1181-ben kelt birtokadom\u00e1nyoz\u00f3 oklevele. A mai v\u00e1ros ter\u00fclete azonban enn\u00e9l j\u00f3val r\u00e9gebben is lakott volt. A r\u00f3mai korban a K\u00e9ny\u00e9rmezei-patak k\u00f6rny\u00e9ke is jelent\u0151s telep\u00fcl\u00e9shelynek sz\u00e1m\u00edtott: a mai dorogi l\u0151t\u00e9r k\u00f6zel\u00e9ben egy r\u00f3mai villa maradv\u00e1nyai ker\u00fcltek el\u0151, amelyhez t\u00f6bb kieg\u00e9sz\u00edt\u0151 \u00e9p\u00fclet, f\u00fcrd\u0151, udvar \u00e9s kert is tartozott.<\/p>\n<p data-start=\"774\" data-end=\"1433\"><img decoding=\"async\" class=\"aligncenter wp-image-82988 size-full\" src=\"https:\/\/dorogimedence.hu\/wp-content\/uploads\/2026\/08\/Dorog81_10.jpg\" alt=\"\" width=\"1597\" height=\"1083\" srcset=\"https:\/\/dorogimedence.hu\/wp-content\/uploads\/2026\/08\/Dorog81_10.jpg 1597w, https:\/\/dorogimedence.hu\/wp-content\/uploads\/2026\/08\/Dorog81_10-600x407.jpg 600w, https:\/\/dorogimedence.hu\/wp-content\/uploads\/2026\/08\/Dorog81_10-768x521.jpg 768w, https:\/\/dorogimedence.hu\/wp-content\/uploads\/2026\/08\/Dorog81_10-1536x1042.jpg 1536w, https:\/\/dorogimedence.hu\/wp-content\/uploads\/2026\/08\/Dorog81_10-150x102.jpg 150w, https:\/\/dorogimedence.hu\/wp-content\/uploads\/2026\/08\/Dorog81_10-450x305.jpg 450w, https:\/\/dorogimedence.hu\/wp-content\/uploads\/2026\/08\/Dorog81_10-1200x814.jpg 1200w\" sizes=\"(max-width: 1597px) 100vw, 1597px\" \/><\/p>\n<p style=\"text-align: justify;\" data-start=\"774\" data-end=\"1433\"><span style=\"font-size: 10pt;\"><em>A rendelkez\u00e9sre \u00e1ll\u00f3 r\u00e9g\u00e9szeti \u00e1sat\u00e1sok sor\u00e1n k\u00e9sz\u00fclt m\u00e9retar\u00e1nyos tervrajzok alapj\u00e1n a k\u00e9pszerkeszt\u0151 \u00e1ltal modellezett rekonstrukci\u00f3 a Dorogon emelt \u00f3kori r\u00f3mai vill\u00e1r\u00f3l.\u00a0<\/em><\/span><\/p>\n<p style=\"text-align: justify;\" data-start=\"1438\" data-end=\"1597\">Vagyis amikor n\u00e9gy \u00e9s f\u00e9l \u00e9vtizeddel ezel\u0151tt Dorog nyolcsz\u00e1z \u00e9ves m\u00faltj\u00e1t \u00fcnnepelte, val\u00f3j\u00e1ban egy j\u00f3val m\u00e9lyebbre ny\u00fal\u00f3 t\u00f6rt\u00e9nelmi \u00f6r\u00f6ks\u00e9gre tekinthetett vissza. A r\u00f3mai h\u00f3d\u00edt\u00e1st megel\u0151z\u0151 id\u0151szakb\u00f3l is ker\u00fcltek el\u0151 olyan r\u00e9g\u00e9szeti leletek, amelyek arra utalnak, hogy a mai Dorog t\u00e9rs\u00e9ge m\u00e1r az \u00f3kor el\u0151tt is lakott, ember \u00e1ltal haszn\u00e1lt ter\u00fclet volt. A k\u00e9s\u0151bbi \u00e9vsz\u00e1zadokb\u00f3l sz\u00e1rmaz\u00f3 leletek pedig azt tan\u00fas\u00edtj\u00e1k, hogy a vid\u00e9k a r\u00f3mai kort k\u00f6vet\u0151en sem n\u00e9ptelenedett el.<\/p>\n<p data-start=\"1438\" data-end=\"1597\"><img decoding=\"async\" class=\"aligncenter wp-image-82980 \" src=\"https:\/\/dorogimedence.hu\/wp-content\/uploads\/2026\/08\/Dorog81_2-497x600.jpg\" alt=\"\" width=\"462\" height=\"558\" srcset=\"https:\/\/dorogimedence.hu\/wp-content\/uploads\/2026\/08\/Dorog81_2-497x600.jpg 497w, https:\/\/dorogimedence.hu\/wp-content\/uploads\/2026\/08\/Dorog81_2-768x928.jpg 768w, https:\/\/dorogimedence.hu\/wp-content\/uploads\/2026\/08\/Dorog81_2-150x181.jpg 150w, https:\/\/dorogimedence.hu\/wp-content\/uploads\/2026\/08\/Dorog81_2-450x544.jpg 450w, https:\/\/dorogimedence.hu\/wp-content\/uploads\/2026\/08\/Dorog81_2.jpg 854w\" sizes=\"(max-width: 462px) 100vw, 462px\" \/><\/p>\n<p style=\"text-align: justify;\" data-start=\"1438\" data-end=\"1597\"><span style=\"font-size: 10pt;\"><em>Attila nagykir\u00e1ly portr\u00e9ja, aki a mondai hagyom\u00e1ny alapj\u00e1n Dorog n\u00e9vad\u00f3ja (forr\u00e1s: Attila a hun &#8211; gyerekemnekmagyarul.hu online)<\/em><\/span><\/p>\n<p style=\"text-align: justify;\" data-start=\"920\" data-end=\"1535\">A telep\u00fcl\u00e9s nev\u00e9hez ugyanakkor egy r\u00e9gi, k\u00fcl\u00f6n\u00f6sen \u00e9rdekes mondai hagyom\u00e1ny is kapcsol\u00f3dik. A magyar kr\u00f3nik\u00e1s hagyom\u00e1ny Attila \u2013 vagy ahogyan a magyar mondavil\u00e1gban gyakran szerepel, Etele \u2013 alakj\u00e1hoz kapcsolja a ter\u00fcletet, s egy Dorog nev\u0171 hun vez\u00e9rr\u0151l is megeml\u00e9kezik. A t\u00f6rt\u00e9net szerint a vez\u00e9r a mai telep\u00fcl\u00e9s ter\u00fclet\u00e9n hunyt el, \u00e9s itt temett\u00e9k el, majd Attila az \u0151 eml\u00e9k\u00e9re nevezte el a vid\u00e9ket. T\u00f6rt\u00e9nelmi bizony\u00edt\u00e9kk\u00e9nt mindez nem felt\u00e9tlen kezelhet\u0151, a helyi hagyom\u00e1ny szempontj\u00e1b\u00f3l azonban k\u00fcl\u00f6n\u00f6sen \u00e9rdekes, hiszen \u00edgy a mondai eml\u00e9kezet Dorog nev\u00e9nek eredet\u00e9t is a hun kir\u00e1ly kor\u00e1hoz kapcsolja.<\/p>\n<p data-start=\"920\" data-end=\"1535\"><img loading=\"lazy\" decoding=\"async\" class=\"aligncenter wp-image-83086 size-full\" src=\"https:\/\/dorogimedence.hu\/wp-content\/uploads\/2026\/08\/Dorog81_19.jpg\" alt=\"\" width=\"1660\" height=\"1354\" srcset=\"https:\/\/dorogimedence.hu\/wp-content\/uploads\/2026\/08\/Dorog81_19.jpg 1660w, https:\/\/dorogimedence.hu\/wp-content\/uploads\/2026\/08\/Dorog81_19-600x489.jpg 600w, https:\/\/dorogimedence.hu\/wp-content\/uploads\/2026\/08\/Dorog81_19-768x626.jpg 768w, https:\/\/dorogimedence.hu\/wp-content\/uploads\/2026\/08\/Dorog81_19-1536x1253.jpg 1536w, https:\/\/dorogimedence.hu\/wp-content\/uploads\/2026\/08\/Dorog81_19-150x122.jpg 150w, https:\/\/dorogimedence.hu\/wp-content\/uploads\/2026\/08\/Dorog81_19-450x367.jpg 450w, https:\/\/dorogimedence.hu\/wp-content\/uploads\/2026\/08\/Dorog81_19-1200x979.jpg 1200w\" sizes=\"(max-width: 1660px) 100vw, 1660px\" \/><\/p>\n<p style=\"text-align: justify;\" data-start=\"920\" data-end=\"1535\"><span style=\"font-size: 10pt;\"><em>A telep\u00fcl\u00e9s nev\u00e9nek eredet\u00e9r\u0151l fennmaradt mondai hagyom\u00e1nyb\u00f3l az 1960-as \u00e9vekben megjelent cikk a megyei Dolgoz\u00f3k Lapj\u00e1ban<\/em><\/span><\/p>\n<p class=\"PDq2pG_selectionAnchorContainer\" style=\"text-align: justify;\" data-start=\"1652\" data-end=\"2264\">A k\u00e9s\u0151bbi korszakokb\u00f3l m\u00e1r k\u00e9zzelfoghat\u00f3bb bizony\u00edt\u00e9kok is rendelkez\u00e9s\u00fcnkre \u00e1llnak. R\u00e9g\u00e9szeti leletek tan\u00faskodnak arr\u00f3l, hogy a r\u00f3mai kort k\u00f6vet\u0151 avar id\u0151szakban, majd \u00c1rp\u00e1d\u00e9k bevonul\u00e1sa \u00e9s az \u00e1llamalap\u00edt\u00e1st k\u00f6vet\u0151en is lakott volt a mai Dorog t\u00e9rs\u00e9ge. Szent Istv\u00e1n kir\u00e1ly kor\u00e1ra tehet\u0151 annak a templomnak a l\u00e9tez\u00e9se is, amelynek maradv\u00e1nyait a K\u00e1lv\u00e1ria m\u00f6g\u00f6tti ter\u00fcleten t\u00e1rt\u00e1k fel. Az egykori templom alapjait k\u00e9s\u0151bb a k\u0151b\u00e1nya medd\u0151h\u00e1ny\u00f3i temett\u00e9k maguk al\u00e1. A korai telep\u00fcl\u00e9s jelent\u0151s\u00e9g\u00e9t mutatja az is, hogy a hagyom\u00e1ny szerint kir\u00e1lyn\u00e9i szak\u00e1csok, egyben a kir\u00e1lyn\u00e9i test\u0151rs\u00e9ghez tartoz\u00f3 szem\u00e9lyek is \u00e9ltek itt.<\/p>\n<p data-start=\"1652\" data-end=\"2264\"><img loading=\"lazy\" decoding=\"async\" class=\"aligncenter wp-image-82983 size-full\" src=\"https:\/\/dorogimedence.hu\/wp-content\/uploads\/2026\/08\/Dorog81_5.jpg\" alt=\"\" width=\"709\" height=\"308\" srcset=\"https:\/\/dorogimedence.hu\/wp-content\/uploads\/2026\/08\/Dorog81_5.jpg 709w, https:\/\/dorogimedence.hu\/wp-content\/uploads\/2026\/08\/Dorog81_5-600x261.jpg 600w, https:\/\/dorogimedence.hu\/wp-content\/uploads\/2026\/08\/Dorog81_5-150x65.jpg 150w, https:\/\/dorogimedence.hu\/wp-content\/uploads\/2026\/08\/Dorog81_5-450x195.jpg 450w\" sizes=\"(max-width: 709px) 100vw, 709px\" \/><\/p>\n<p style=\"text-align: justify;\" data-start=\"1652\" data-end=\"2264\"><span style=\"font-size: 10pt;\"><em>T\u00f6red\u00e9kr\u00e9szlet a III. B\u00e9la kir\u00e1ly \u00e1ltal kibocs\u00e1jtott Dorogot \u00e9rint\u0151 birtokadom\u00e1nyoz\u00e1si oklev\u00e9lb\u0151l (forr\u00e1s: Dorog &#8211; v\u00e1rosismertet\u0151 prospektus, 1993)<\/em><\/span><\/p>\n<p style=\"text-align: justify;\" data-start=\"2266\" data-end=\"2727\">Dorog kialakul\u00e1s\u00e1nak pontos id\u0151pontj\u00e1t azonban ma sem lehet egyetlen \u00e9vsz\u00e1mhoz k\u00f6tni. Az 1181-es esztend\u0151 k\u00e9ts\u00e9gk\u00edv\u00fcl fontos m\u00e9rf\u00f6ldk\u0151 a telep\u00fcl\u00e9s t\u00f6rt\u00e9net\u00e9ben, hiszen ekkor sz\u00fcletett III. B\u00e9la kir\u00e1ly birtokadom\u00e1nyoz\u00f3 oklevele, amelyben Dorog neve m\u00e1r szerepel. Ez azonban nem Dorog alap\u00edt\u00e1s\u00e1nak vagy els\u0151 l\u00e9tez\u00e9s\u00e9nek d\u00e1tuma, hanem az els\u0151 ismert \u00edr\u00e1sos eml\u00e9kek egyik legfontosabbika, amely k\u00e9ts\u00e9gbevonhatatlanul bizony\u00edtja a telep\u00fcl\u00e9s k\u00f6z\u00e9pkori jelenl\u00e9t\u00e9t.<\/p>\n<p data-start=\"2266\" data-end=\"2727\"><img loading=\"lazy\" decoding=\"async\" class=\"aligncenter wp-image-82981 \" src=\"https:\/\/dorogimedence.hu\/wp-content\/uploads\/2026\/08\/Dorog81_3.jpg\" alt=\"\" width=\"462\" height=\"561\" srcset=\"https:\/\/dorogimedence.hu\/wp-content\/uploads\/2026\/08\/Dorog81_3.jpg 326w, https:\/\/dorogimedence.hu\/wp-content\/uploads\/2026\/08\/Dorog81_3-150x182.jpg 150w\" sizes=\"(max-width: 462px) 100vw, 462px\" \/><\/p>\n<p style=\"text-align: center;\" data-start=\"2266\" data-end=\"2727\"><span style=\"font-size: 10pt;\"><em>III. B\u00e9la portr\u00e9ja (forr\u00e1s: Wikimedia Commons)<\/em><\/span><\/p>\n<p class=\"PDq2pG_selectionAnchorContainer\" style=\"text-align: justify;\" data-start=\"2846\" data-end=\"3364\">A kett\u0151s jubileum m\u00e1sik fontos \u00e9vfordul\u00f3ja a dorogi b\u00e1ny\u00e1szat t\u00f6rt\u00e9net\u00e9hez kapcsol\u00f3dott. A Dorogi-medenc\u00e9ben a rendszeres sz\u00e9nb\u00e1ny\u00e1szat kezdete 1781-re tehet\u0151, j\u00f3llehet a k\u00f6rny\u00e9k sz\u00e9nlel\u0151helyeit m\u00e1r j\u00f3val kor\u00e1bban ismert\u00e9k, \u00e9s a r\u00f3mai korb\u00f3l is vannak arra utal\u00f3 adatok, hogy a szenet bizonyos m\u00e9rt\u00e9kben felhaszn\u00e1lt\u00e1k. 1981 teh\u00e1t val\u00f3ban k\u00e9t jeles t\u00f6rt\u00e9nelmi \u00e9vfordul\u00f3t k\u00edn\u00e1lt Dorog sz\u00e1m\u00e1ra: a telep\u00fcl\u00e9s els\u0151 ismert \u00edr\u00e1sos eml\u00e9k\u00e9nek 800., valamint a szervezett helyi sz\u00e9nb\u00e1ny\u00e1szat megindul\u00e1s\u00e1nak 200. \u00e9vfordul\u00f3j\u00e1t.<\/p>\n<p data-start=\"2846\" data-end=\"3364\"><img loading=\"lazy\" decoding=\"async\" class=\"aligncenter wp-image-82992 \" src=\"https:\/\/dorogimedence.hu\/wp-content\/uploads\/2026\/08\/Dorog81_14.jpg\" alt=\"\" width=\"461\" height=\"462\" srcset=\"https:\/\/dorogimedence.hu\/wp-content\/uploads\/2026\/08\/Dorog81_14.jpg 414w, https:\/\/dorogimedence.hu\/wp-content\/uploads\/2026\/08\/Dorog81_14-300x300.jpg 300w, https:\/\/dorogimedence.hu\/wp-content\/uploads\/2026\/08\/Dorog81_14-150x150.jpg 150w\" sizes=\"(max-width: 461px) 100vw, 461px\" \/><\/p>\n<p style=\"text-align: center;\" data-start=\"2846\" data-end=\"3364\"><em><span style=\"font-size: 10pt;\">Nagym\u00e9ret\u0171 ker\u00e1miad\u00edsz a\u00a0 b\u00e1ny\u00e1szati \u00e9vfordul\u00f3ra<\/span><\/em><\/p>\n<p style=\"text-align: justify;\" data-start=\"3366\" data-end=\"3877\">A v\u00e1ros vezet\u00e9se \u2013 \u00e9l\u00e9n dr. Csuha J\u00f3zsef tan\u00e1cseln\u00f6kkel \u2013 m\u00e9lt\u00f3 m\u00f3don k\u00edv\u00e1nta meg\u00fcnnepelni a kett\u0151s jubileumot. Az eg\u00e9sz esztend\u0151t \u00fcnnepi \u00e9vv\u00e9 nyilv\u00e1n\u00edtott\u00e1k, amelynek sor\u00e1n egym\u00e1st k\u00f6vett\u00e9k a rendezv\u00e9nyek, megeml\u00e9kez\u00e9sek \u00e9s fejleszt\u00e9sek. Az \u00fcnneps\u00e9gsorozat m\u00e9lt\u00f3 cs\u00facspontj\u00e1t a k\u00f6zponti jubileumi rendezv\u00e9ny jelentette, amelyre st\u00edlszer\u0171en Dorog egyik legfontosabb hagyom\u00e1nyos \u00fcnnep\u00e9n, a B\u00e1ny\u00e1sznapon ker\u00fclt sor. Ekkor avatt\u00e1k fel az eg\u00e9sz jubileumi program legnagyobb beruh\u00e1z\u00e1s\u00e1t, a Jubileum teret is.<\/p>\n<p data-start=\"3366\" data-end=\"3877\"><img loading=\"lazy\" decoding=\"async\" class=\"aligncenter wp-image-82984 \" src=\"https:\/\/dorogimedence.hu\/wp-content\/uploads\/2026\/08\/Dorog81_6-467x600.jpg\" alt=\"\" width=\"460\" height=\"591\" srcset=\"https:\/\/dorogimedence.hu\/wp-content\/uploads\/2026\/08\/Dorog81_6-467x600.jpg 467w, https:\/\/dorogimedence.hu\/wp-content\/uploads\/2026\/08\/Dorog81_6-150x193.jpg 150w, https:\/\/dorogimedence.hu\/wp-content\/uploads\/2026\/08\/Dorog81_6-450x578.jpg 450w, https:\/\/dorogimedence.hu\/wp-content\/uploads\/2026\/08\/Dorog81_6.jpg 738w\" sizes=\"(max-width: 460px) 100vw, 460px\" \/><\/p>\n<p style=\"text-align: center;\" data-start=\"3366\" data-end=\"3877\"><span style=\"font-size: 10pt;\"><em>A Jubileum t\u00e9r az 1980-as \u00e9vek elej\u00e9n<\/em><\/span><\/p>\n<p style=\"text-align: justify;\" data-start=\"3879\" data-end=\"4173\">N\u00e9gy \u00e9s f\u00e9l \u00e9vtizeddel k\u00e9s\u0151bb \u00e9ppen ez\u00e9rt adja mag\u00e1t a lehet\u0151s\u00e9g, hogy az 1981-es esem\u00e9nyeket ism\u00e9t a B\u00e1ny\u00e1sznaphoz kapcsol\u00f3dva id\u00e9zz\u00fck fel \u2013 nem csup\u00e1n egy r\u00e9gi \u00fcnneps\u00e9g t\u00f6rt\u00e9netek\u00e9nt, hanem annak bemutat\u00e1s\u00e1val is, hogyan form\u00e1lta \u00e1t az akkori jubileum Dorog arculat\u00e1t \u00e9s k\u00f6z\u00f6ss\u00e9gi \u00e9let\u00e9t.<\/p>\n<div class=\"no-scrollbar flex min-h-36 flex-nowrap gap-0.5 overflow-auto sm:gap-1 sm:overflow-hidden xl:min-h-44 mt-1 mb-5 not-first:mt-4\">\n<div class=\"border-token-border-default relative w-32 shrink-0 overflow-hidden rounded-xl border-[0.5px] md:shrink max-h-64 sm:w-[calc((100%-0.5rem)\/3)] rounded-s-xl\">\n<div class=\"group\/search-image @container\/search-image relative rounded-[inherit] h-full w-full\">\n<p class=\"PDq2pG_selectionAnchorContainer\" style=\"text-align: justify;\" data-start=\"425\" data-end=\"1010\">A Jubileum t\u00e9r kialak\u00edt\u00e1s\u00e1nak t\u00f6rt\u00e9nete tulajdonk\u00e9ppen m\u00e1r j\u00f3val az 1981-es \u00fcnneps\u00e9gek el\u0151tt elkezd\u0151d\u00f6tt. Dorog kor\u00e1bbi k\u00f6zkedvelt k\u00f6z\u00f6ss\u00e9gi tere, a Sz\u00e9nolt\u00e1r t\u00e9r az \u00e9vtizedek sor\u00e1n er\u0151sen leromlott \u00e1llapotba ker\u00fclt. A ter\u00fclet arculat\u00e1t k\u00fcl\u00f6n\u00f6sen meghat\u00e1rozta az egykor itt \u00e1ll\u00f3, a t\u00e9rnek is nevet ad\u00f3 Sz\u00e9nolt\u00e1r eml\u00e9km\u0171 pusztul\u00e1sa. Az ideol\u00f3giai ind\u00edttat\u00e1s\u00fa rombol\u00e1s \u00e1ldozat\u00e1v\u00e1 v\u00e1lt monument\u00e1lis alkot\u00e1st az 1950-es \u00e9vek v\u00e9g\u00e9n \u2013 a helyi eml\u00e9kezet szerint politikai bossz\u00fa r\u00e9szek\u00e9nt \u2013 felrobbantott\u00e1k. Romjai m\u00e9g mintegy k\u00e9t \u00e9vtizeden \u00e1t eml\u00e9keztettek a t\u00e9r kor\u00e1bbi t\u00f6rt\u00e9net\u00e9re.<\/p>\n<p data-start=\"425\" data-end=\"1010\"><img loading=\"lazy\" decoding=\"async\" class=\"aligncenter wp-image-82989 \" src=\"https:\/\/dorogimedence.hu\/wp-content\/uploads\/2026\/08\/Dorog81_11.jpg\" alt=\"\" width=\"460\" height=\"645\" srcset=\"https:\/\/dorogimedence.hu\/wp-content\/uploads\/2026\/08\/Dorog81_11.jpg 326w, https:\/\/dorogimedence.hu\/wp-content\/uploads\/2026\/08\/Dorog81_11-150x210.jpg 150w\" sizes=\"(max-width: 460px) 100vw, 460px\" \/><\/p>\n<p style=\"text-align: center;\" data-start=\"425\" data-end=\"1010\"><span style=\"font-size: 10pt;\"><em>A sz\u00e1mos hivatalos sz\u00f3r\u00f3anyag k\u00f6z\u00fcl egy plak\u00e1t (forr\u00e1s: G\u00e1thy Zolt\u00e1n k\u00f6nyvt\u00e1r helyt\u00f6rt\u00e9neti gy\u0171jtem\u00e9ny\u00e9b\u0151l)<\/em><\/span><\/p>\n<p style=\"text-align: justify;\" data-start=\"1015\" data-end=\"1536\">A jubileumi \u00e9v k\u00f6zeledt\u00e9vel a telep\u00fcl\u00e9s vezet\u00e9se ez\u00e9rt nem csup\u00e1n az \u00fcnneps\u00e9g m\u00e9lt\u00f3 helysz\u00edn\u00e9t k\u00edv\u00e1nta megteremteni, hanem a kor\u00e1bban elhanyagolt ter\u00fclet teljes meg\u00faj\u00edt\u00e1s\u00e1t is elhat\u00e1rozta. A Sz\u00e9nolt\u00e1r hely\u00e9n \u00faj eml\u00e9km\u0171 fel\u00e1ll\u00edt\u00e1s\u00e1t tervezt\u00e9k, amely a k\u00f6zelg\u0151 \u00e9vfordul\u00f3hoz illeszkedve a Jubileumi eml\u00e9km\u0171 nevet kapta. Kialak\u00edt\u00e1s\u00e1n\u00e1l felhaszn\u00e1lt\u00e1k a r\u00e9gi Sz\u00e9nolt\u00e1r megmaradt halm\u00e1t is, amelyet d\u00edszkivil\u00e1g\u00edt\u00e1ssal l\u00e1ttak el, \u00edgy az \u00faj alkot\u00e1s egyszerre kapcsol\u00f3dott a t\u00e9r m\u00faltj\u00e1hoz \u00e9s az \u00faj jubileumi korszak kezdet\u00e9hez.<\/p>\n<p data-start=\"1015\" data-end=\"1536\"><img loading=\"lazy\" decoding=\"async\" class=\"aligncenter wp-image-83088 size-full\" src=\"https:\/\/dorogimedence.hu\/wp-content\/uploads\/2026\/08\/Dorog81_20.jpg\" alt=\"\" width=\"1920\" height=\"900\" srcset=\"https:\/\/dorogimedence.hu\/wp-content\/uploads\/2026\/08\/Dorog81_20.jpg 1920w, https:\/\/dorogimedence.hu\/wp-content\/uploads\/2026\/08\/Dorog81_20-600x281.jpg 600w, https:\/\/dorogimedence.hu\/wp-content\/uploads\/2026\/08\/Dorog81_20-768x360.jpg 768w, https:\/\/dorogimedence.hu\/wp-content\/uploads\/2026\/08\/Dorog81_20-1536x720.jpg 1536w, https:\/\/dorogimedence.hu\/wp-content\/uploads\/2026\/08\/Dorog81_20-150x70.jpg 150w, https:\/\/dorogimedence.hu\/wp-content\/uploads\/2026\/08\/Dorog81_20-450x211.jpg 450w, https:\/\/dorogimedence.hu\/wp-content\/uploads\/2026\/08\/Dorog81_20-1200x563.jpg 1200w\" sizes=\"(max-width: 1920px) 100vw, 1920px\" \/><\/p>\n<p style=\"text-align: center;\" data-start=\"1015\" data-end=\"1536\"><span style=\"font-size: 10pt;\"><em>Dorogi relikvi\u00e1k: jubileumi b\u00e1ny\u00e1sz d\u00edszt\u00e1l \u00e9s eml\u00e9k\u00e9rem, k\u00f6z\u00e9pen Dorog \u0151si pecs\u00e9tje<\/em><\/span><\/p>\n<p style=\"text-align: justify;\" data-start=\"1572\" data-end=\"2069\">Az \u00faj eml\u00e9km\u0171 Bakos G\u00e9za \u00e9p\u00edt\u00e9sz \u00e9s \u00c1rvai Ferenc szobr\u00e1sz alkot\u00e1sa volt. A koncepci\u00f3 m\u00e1r 1978-ban l\u00e9nyeg\u00e9ben elk\u00e9sz\u00fclt; a tervez\u00e9si munk\u00e1ban Bakos G\u00e9za mellett Horv\u00e1th Ferenc \u00fczemm\u00e9rn\u00f6k \u00e9s Priegl Istv\u00e1n technikus is r\u00e9szt vett, m\u00edg a t\u00e9r rendez\u00e9si terv\u00e9nek kidolgoz\u00e1s\u00e1ba Puchner Ferenc \u00e9p\u00edt\u00e9szm\u00e9rn\u00f6k is bekapcsol\u00f3dott. A korai tervb\u0151l n\u00e9h\u00e1ny \u00e9v alatt val\u00f3s\u00e1g lett, s az \u00faj t\u00e9r nem egyszer\u0171en egy \u00fcnnepi eml\u00e9khely, hanem a dorogiak mindennapi k\u00f6z\u00f6ss\u00e9gi \u00e9let\u00e9nek is \u00faj sz\u00edntere k\u00edv\u00e1nt lenni.<\/p>\n<p data-start=\"1572\" data-end=\"2069\"><img loading=\"lazy\" decoding=\"async\" class=\"aligncenter wp-image-82996 \" src=\"https:\/\/dorogimedence.hu\/wp-content\/uploads\/2026\/08\/Dorog81_15.jpg\" alt=\"\" width=\"784\" height=\"649\" srcset=\"https:\/\/dorogimedence.hu\/wp-content\/uploads\/2026\/08\/Dorog81_15.jpg 668w, https:\/\/dorogimedence.hu\/wp-content\/uploads\/2026\/08\/Dorog81_15-600x497.jpg 600w, https:\/\/dorogimedence.hu\/wp-content\/uploads\/2026\/08\/Dorog81_15-150x124.jpg 150w, https:\/\/dorogimedence.hu\/wp-content\/uploads\/2026\/08\/Dorog81_15-450x373.jpg 450w\" sizes=\"(max-width: 784px) 100vw, 784px\" \/><\/p>\n<p style=\"text-align: center;\" data-start=\"1572\" data-end=\"2069\"><span style=\"font-size: 10pt;\"><em>A leend\u0151 Jubileum t\u00e9r kor\u00e1bbi rendez\u00e9si tervrajza (forr\u00e1s: A Magyar Nemzeti Lev\u00e9lt\u00e1r arch\u00edvum\u00e1b\u00f3l)<\/em><\/span><\/p>\n<p data-start=\"2074\" data-end=\"2616\">A t\u00e9r kialak\u00edt\u00e1s\u00e1nak els\u0151 \u00fctem\u00e9ben a B\u00e1ny\u00e1szk\u00f6r\u00f6nd \u00e9s a Honv\u00e9d utca k\u00f6z\u00f6tti ter\u00fcleten egy nagym\u00e9ret\u0171, a maga idej\u00e9ben k\u00fcl\u00f6nlegesnek sz\u00e1m\u00edt\u00f3 j\u00e1tsz\u00f3t\u00e9r l\u00e9tes\u00fclt. Megval\u00f3s\u00edt\u00e1s\u00e1t sz\u00e9les k\u00f6r\u0171 t\u00e1rsadalmi \u00f6sszefog\u00e1s seg\u00edtette, amelyb\u0151l k\u00fcl\u00f6n\u00f6sen a gy\u00f3gyszergy\u00e1r dolgoz\u00f3i vett\u00e9k ki r\u00e9sz\u00fcket. A j\u00e1tsz\u00f3t\u00e9r t\u00f6rt\u00e9nete azonban m\u00e9g kor\u00e1bbra ny\u00falt vissza<strong data-start=\"2358\" data-end=\"2418\">.<\/strong> A Kol\u00f3ni\u00e1ban, a sporttelep k\u00f6zel\u00e9ben ugyanis m\u00e1r kor\u00e1bban is m\u0171k\u00f6d\u00f6tt egy nagyobb, k\u00fcl\u00f6nleges j\u00e1tsz\u00f3t\u00e9r, amelynek jellegzetes k\u00e9k sz\u00edne miatt a helyi gyerekek egyszer\u0171en <em data-start=\"2589\" data-end=\"2606\">\u201eK\u00e9k j\u00e1tszinak\u201d<\/em> nevezt\u00e9k.<\/p>\n<p data-start=\"2074\" data-end=\"2616\"><img loading=\"lazy\" decoding=\"async\" class=\"aligncenter wp-image-82999 size-full\" src=\"https:\/\/dorogimedence.hu\/wp-content\/uploads\/2026\/08\/Dorog81_16.jpg\" alt=\"\" width=\"1669\" height=\"986\" srcset=\"https:\/\/dorogimedence.hu\/wp-content\/uploads\/2026\/08\/Dorog81_16.jpg 1669w, https:\/\/dorogimedence.hu\/wp-content\/uploads\/2026\/08\/Dorog81_16-600x354.jpg 600w, https:\/\/dorogimedence.hu\/wp-content\/uploads\/2026\/08\/Dorog81_16-768x454.jpg 768w, https:\/\/dorogimedence.hu\/wp-content\/uploads\/2026\/08\/Dorog81_16-1536x907.jpg 1536w, https:\/\/dorogimedence.hu\/wp-content\/uploads\/2026\/08\/Dorog81_16-150x89.jpg 150w, https:\/\/dorogimedence.hu\/wp-content\/uploads\/2026\/08\/Dorog81_16-450x266.jpg 450w, https:\/\/dorogimedence.hu\/wp-content\/uploads\/2026\/08\/Dorog81_16-1200x709.jpg 1200w\" sizes=\"(max-width: 1669px) 100vw, 1669px\" \/><\/p>\n<p style=\"text-align: center;\" data-start=\"2074\" data-end=\"2616\"><span style=\"font-size: 10pt;\"><em>\u00c1rvai Ferenc\u00a0 alkot\u00e1sa a v\u00e1rosk\u00f6zpontban elhelyezett eml\u00e9kt\u00e1bl\u00e1n\u00a0<\/em><\/span><\/p>\n<p data-start=\"2621\" data-end=\"3050\">Amikor megsz\u00fcletett a d\u00f6nt\u00e9s a Kol\u00f3nia hely\u00e9n fel\u00e9p\u00edtend\u0151 Zsigmondy Vilmos lak\u00f3telepr\u0151l, a bont\u00e1si munk\u00e1latok egyik els\u0151 l\u00e9p\u00e9sek\u00e9nt a j\u00e1tsz\u00f3teret is \u00e1tk\u00f6lt\u00f6ztett\u00e9k. 1979-ben a \u201eK\u00e9k j\u00e1tszi\u201d \u00faj otthonra tal\u00e1lt a k\u00e9sz\u00fcl\u0151 Jubileum t\u00e9ren. Az eredeti hint\u00e1k, m\u00e1sz\u00f3k\u00e1k \u00e9s forg\u00f3hint\u00e1k \u00faj hely\u00fck\u00f6n is megmaradtak, a j\u00e1tsz\u00f3teret pedig tov\u00e1bbi j\u00e1t\u00e9kokkal b\u0151v\u00edtett\u00e9k, \u00e9s egy szabv\u00e1nym\u00e9ret\u0171, aszfaltos k\u00e9zilabdap\u00e1ly\u00e1val is kieg\u00e9sz\u00edtett\u00e9k.<\/p>\n<p style=\"text-align: justify;\" data-start=\"3055\" data-end=\"3481\">A r\u00e9gi <em data-start=\"3062\" data-end=\"3079\">\u201eK\u00e9k j\u00e1tszib\u00f3l\u201d<\/em> \u00edgy lett a dorogi gyerekek sz\u00f3haszn\u00e1lat\u00e1ban az \u201e\u00daj j\u00e1tszi\u201d. A meghat\u00e1roz\u00f3 k\u00e9k sz\u00edn tov\u00e1bbra is megmaradt, \u00e1m az \u00faj k\u00f6rnyezet m\u00e1r val\u00f3ban sz\u00ednes, rendezett \u00e9s korszer\u0171 k\u00f6z\u00f6ss\u00e9gi teret k\u00edn\u00e1lt. Vid\u00e1m sz\u00edn\u0171 ker\u00edt\u00e9s \u00f6vezte, k\u00e9t f\u0151bej\u00e1rat\u00e1t oszlopok hangs\u00falyozt\u00e1k, a Honv\u00e9d utca fel\u0151li bej\u00e1rat mellett pedig magas oszlopokra r\u00f6gz\u00edtett nagym\u00e9ret\u0171 t\u00e1bla hirdette a korabeli k\u00f6z\u00f6ss\u00e9gi \u00f6sszefog\u00e1s jelszav\u00e1t: DOROGIAK DOROG\u00c9RT \u2013 MINDENT A GYEREKEK\u00c9RT!<\/p>\n<p data-start=\"3055\" data-end=\"3481\"><img loading=\"lazy\" decoding=\"async\" class=\"aligncenter wp-image-82985 size-full\" src=\"https:\/\/dorogimedence.hu\/wp-content\/uploads\/2026\/08\/Dorog81_7.jpg\" alt=\"\" width=\"833\" height=\"757\" srcset=\"https:\/\/dorogimedence.hu\/wp-content\/uploads\/2026\/08\/Dorog81_7.jpg 833w, https:\/\/dorogimedence.hu\/wp-content\/uploads\/2026\/08\/Dorog81_7-600x545.jpg 600w, https:\/\/dorogimedence.hu\/wp-content\/uploads\/2026\/08\/Dorog81_7-768x698.jpg 768w, https:\/\/dorogimedence.hu\/wp-content\/uploads\/2026\/08\/Dorog81_7-150x136.jpg 150w, https:\/\/dorogimedence.hu\/wp-content\/uploads\/2026\/08\/Dorog81_7-450x409.jpg 450w\" sizes=\"(max-width: 833px) 100vw, 833px\" \/><\/p>\n<p class=\"PDq2pG_selectionAnchorContainer\" style=\"text-align: justify;\" data-start=\"742\" data-end=\"929\"><span style=\"font-size: 10pt;\"><em>A Jubileum t\u00e9r kialak\u00edt\u00e1s\u00e1nak terveit 1978-ban m\u00e1r egy korabeli \u00fajs\u00e1gcikk is bemutatta: a k\u00e9s\u0151bbi t\u00e9r rendez\u00e9si koncepci\u00f3ja ekkor m\u00e9g szakdolgozatk\u00e9nt bemutatott terv form\u00e1j\u00e1ban l\u00e9tezett (forr\u00e1s: Bakos G\u00e9za gy\u0171jtem\u00e9ny\u00e9b\u0151l)<\/em><\/span><\/p>\n<p style=\"text-align: justify;\" data-start=\"934\" data-end=\"1840\">1981-re a t\u00e9r m\u00e1sik fele is teljesen \u00faj arculatot kapott. Elk\u00e9sz\u00fclt a jubileumi eml\u00e9km\u0171 \u00e9s az alakul\u00f3t\u00e9r, a parkot pedig szab\u00e1lyos, k\u0151szeg\u00e9llyel hat\u00e1rolt \u00e1gy\u00e1sok tagolt\u00e1k. Ezekbe els\u0151sorban d\u00edszcserj\u00e9ket \u00e9s bokrokat \u00fcltettek, a k\u00f6ztes ter\u00fcleteket pedig f\u00fcves\u00edtett\u00e9k. T\u00f6bb, finom k\u0151z\u00fazal\u00e9kkal bor\u00edtott s\u00e9t\u00e1ny szelte \u00e1t a parkot, az eml\u00e9km\u0171 \u00e9s az alakul\u00f3t\u00e9r k\u00f6z\u00f6tt h\u00faz\u00f3d\u00f3 keresztir\u00e1ny\u00fa f\u0151\u00fat pedig aszfaltburkolatot kapott. A kor\u00e1bbi Sz\u00e9nolt\u00e1r t\u00e9r megmaradt f\u00e1i harmonikusan illeszkedtek az \u00faj k\u00f6rnyezetbe. A magasra n\u0151tt ny\u00e1rf\u00e1k tereb\u00e9lyes lombkoron\u00e1ja nemcsak term\u00e9szetes sz\u00e9ps\u00e9g\u00e9vel gazdag\u00edtotta a parkot, hanem kellemes \u00e1rny\u00e9kot is adott a s\u00e9t\u00e1l\u00f3knak. A s\u00e9t\u00e1nyok ment\u00e9n korszer\u0171 form\u00e1j\u00fa padokat, d\u00edszkandel\u00e1bereket \u00e9s korabeli viszonylatban is ig\u00e9nyes, egyedi szem\u00e9tt\u00e1rol\u00f3kat helyeztek el. Az egykori Sz\u00e9nolt\u00e1r t\u00e9rb\u0151l \u00edgy fokozatosan rendezett, parkos\u00edtott \u00e9s t\u00f6bbfunkci\u00f3s k\u00f6z\u00f6ss\u00e9gi t\u00e9r sz\u00fcletett.<\/p>\n<p data-start=\"934\" data-end=\"1840\"><img loading=\"lazy\" decoding=\"async\" class=\"aligncenter wp-image-82979 size-full\" src=\"https:\/\/dorogimedence.hu\/wp-content\/uploads\/2026\/08\/Dorog81_1.jpg\" alt=\"\" width=\"732\" height=\"557\" srcset=\"https:\/\/dorogimedence.hu\/wp-content\/uploads\/2026\/08\/Dorog81_1.jpg 732w, https:\/\/dorogimedence.hu\/wp-content\/uploads\/2026\/08\/Dorog81_1-600x457.jpg 600w, https:\/\/dorogimedence.hu\/wp-content\/uploads\/2026\/08\/Dorog81_1-150x114.jpg 150w, https:\/\/dorogimedence.hu\/wp-content\/uploads\/2026\/08\/Dorog81_1-450x342.jpg 450w\" sizes=\"(max-width: 732px) 100vw, 732px\" \/><\/p>\n<p style=\"text-align: center;\" data-start=\"934\" data-end=\"1840\"><span style=\"font-size: 10pt;\"><em>A Jubileumi aknatorony a K\u00e1lvaria tetej\u00e9n<\/em><\/span><\/p>\n<p class=\"PDq2pG_selectionAnchorContainer\" style=\"text-align: justify;\" data-start=\"1931\" data-end=\"2478\">Az 1981-es jubileumhoz kapcsol\u00f3d\u00f3 m\u00e1sik jelent\u0151s beruh\u00e1z\u00e1s a K\u00e1lv\u00e1ria tetej\u00e9n fel\u00e1ll\u00edtott aknatorony volt. A helysz\u00ednnek azonban enn\u00e9l j\u00f3val r\u00e9gebbi \u00e9s eg\u00e9szen m\u00e1s jelleg\u0171 t\u00f6rt\u00e9nete volt. A K\u00e1lv\u00e1ria koron\u00e1ja egykor egy gy\u00f6ny\u00f6r\u0171 k\u00e1polna volt, amely a tizenn\u00e9gy st\u00e1ci\u00f3 \u00e9s a fesz\u00fclet k\u00e9t oldal\u00e1n \u00e1ll\u00f3 szent szobrai f\u00f6l\u00f6tt mintegy keretbe foglalta a kegyhelyet. A m\u00e1sodik vil\u00e1gh\u00e1bor\u00fa sor\u00e1n s\u00falyosan megrong\u00e1l\u00f3dott \u00e9p\u00fcletet ezt k\u00f6vet\u0151en mag\u00e1ra hagyt\u00e1k, \u00e1llapota fokozatosan romlott, megment\u00e9s\u00e9nek pedig az akkori ideol\u00f3giai k\u00f6rnyezet sem kedvezett.<\/p>\n<p data-start=\"1931\" data-end=\"2478\"><img loading=\"lazy\" decoding=\"async\" class=\"aligncenter wp-image-82991 \" src=\"https:\/\/dorogimedence.hu\/wp-content\/uploads\/2026\/08\/Dorog81_13.jpg\" alt=\"\" width=\"459\" height=\"515\" srcset=\"https:\/\/dorogimedence.hu\/wp-content\/uploads\/2026\/08\/Dorog81_13.jpg 512w, https:\/\/dorogimedence.hu\/wp-content\/uploads\/2026\/08\/Dorog81_13-150x168.jpg 150w, https:\/\/dorogimedence.hu\/wp-content\/uploads\/2026\/08\/Dorog81_13-450x505.jpg 450w\" sizes=\"(max-width: 459px) 100vw, 459px\" \/><\/p>\n<p style=\"text-align: center;\" data-start=\"1931\" data-end=\"2478\"><span style=\"font-size: 10pt;\"><em>V\u00e1rost\u00f6rt\u00e9neti kiadv\u00e1ny (forr\u00e1s: Antikv\u00e1rium.hu)<\/em><\/span><\/p>\n<p style=\"text-align: justify;\" data-start=\"2483\" data-end=\"2949\">A jubileumi \u00e9v k\u00f6zeledt\u00e9vel a K\u00e1lv\u00e1ria rendez\u00e9se is napirendre ker\u00fclt, \u00e1m a megold\u00e1s egy ma m\u00e1r nehezen visszaford\u00edthat\u00f3 d\u00f6nt\u00e9st eredm\u00e9nyezett: a k\u00e1polna megmaradt r\u00e9szeit elbontott\u00e1k, illetve felrobbantott\u00e1k, hely\u00e9re pedig fel\u00e1ll\u00edtott\u00e1k az aknatornyot. Ezzel egy saj\u00e1tos m\u00f3don \u00f6sszekapcsol\u00f3dott Dorog k\u00e9t meghat\u00e1roz\u00f3 \u00f6r\u00f6ks\u00e9ge: a telep\u00fcl\u00e9s vall\u00e1si m\u00faltja \u00e9s \u00e9vsz\u00e1zadokon \u00e1t meghat\u00e1roz\u00f3 b\u00e1ny\u00e1szati \u00f6r\u00f6ks\u00e9ge \u2013 igaz, az egyiknek ekkor m\u00e1r csak az eml\u00e9ke maradt meg.<\/p>\n<p data-start=\"2483\" data-end=\"2949\"><img loading=\"lazy\" decoding=\"async\" class=\"aligncenter wp-image-83090 \" src=\"https:\/\/dorogimedence.hu\/wp-content\/uploads\/2026\/08\/Dorog81_21-428x600.jpg\" alt=\"\" width=\"455\" height=\"638\" srcset=\"https:\/\/dorogimedence.hu\/wp-content\/uploads\/2026\/08\/Dorog81_21-428x600.jpg 428w, https:\/\/dorogimedence.hu\/wp-content\/uploads\/2026\/08\/Dorog81_21-768x1077.jpg 768w, https:\/\/dorogimedence.hu\/wp-content\/uploads\/2026\/08\/Dorog81_21-1095x1536.jpg 1095w, https:\/\/dorogimedence.hu\/wp-content\/uploads\/2026\/08\/Dorog81_21-150x210.jpg 150w, https:\/\/dorogimedence.hu\/wp-content\/uploads\/2026\/08\/Dorog81_21-450x631.jpg 450w, https:\/\/dorogimedence.hu\/wp-content\/uploads\/2026\/08\/Dorog81_21.jpg 1126w\" sizes=\"(max-width: 455px) 100vw, 455px\" \/><\/p>\n<p style=\"text-align: center;\" data-start=\"2483\" data-end=\"2949\"><span style=\"font-size: 10pt;\"><em>Ker\u00e1mia kors\u00f3 a jubileumi embl\u00e9m\u00e1val<\/em><\/span><\/p>\n<p style=\"text-align: justify;\" data-start=\"2954\" data-end=\"3360\">Ut\u00f3lag k\u00fcl\u00f6n\u00f6sen \u00e9rdekes belegondolni, milyen m\u00e1s k\u00e9pet mutathatna ma a K\u00e1lv\u00e1ria, ha a k\u00f6zeli egykori VIII-as akna torny\u00e1t \u0151rizt\u00e9k volna meg ipart\u00f6rt\u00e9neti eml\u00e9kk\u00e9nt, mik\u00f6zben a k\u00e1polna \u00e9s a st\u00e1ci\u00f3k helyre\u00e1ll\u00edt\u00e1s\u00e1ra is sor ker\u00fcl<strong data-start=\"2954\" data-end=\"3186\">.<\/strong> A K\u00e1lv\u00e1ria \u00edgy egyszerre \u0151rizhette volna Dorog vall\u00e1si \u00e9s b\u00e1ny\u00e1szati m\u00faltj\u00e1nak eml\u00e9keit. Ez azonban m\u00e1r egy olyan t\u00f6rt\u00e9nelmi lehet\u0151s\u00e9g, amelyet az 1981-es d\u00f6nt\u00e9sek lez\u00e1rtak.<\/p>\n<p data-start=\"2954\" data-end=\"3360\"><img loading=\"lazy\" decoding=\"async\" class=\"aligncenter wp-image-82982 \" src=\"https:\/\/dorogimedence.hu\/wp-content\/uploads\/2026\/08\/Dorog81_4-546x600.jpg\" alt=\"\" width=\"458\" height=\"504\" srcset=\"https:\/\/dorogimedence.hu\/wp-content\/uploads\/2026\/08\/Dorog81_4-546x600.jpg 546w, https:\/\/dorogimedence.hu\/wp-content\/uploads\/2026\/08\/Dorog81_4-150x165.jpg 150w, https:\/\/dorogimedence.hu\/wp-content\/uploads\/2026\/08\/Dorog81_4-450x494.jpg 450w, https:\/\/dorogimedence.hu\/wp-content\/uploads\/2026\/08\/Dorog81_4.jpg 581w\" sizes=\"(max-width: 458px) 100vw, 458px\" \/><\/p>\n<p style=\"text-align: center;\" data-start=\"2954\" data-end=\"3360\"><span style=\"font-size: 10pt;\"><em>Sz\u00e1mos b\u00e1nyat\u00f6rt\u00e9neti \u00e9s b\u00e1ny\u00e1szati kiadv\u00e1ny k\u00f6z\u00fcl az egyik (forr\u00e1s: Antikv\u00e1rium.hu)<\/em><\/span><\/p>\n<p class=\"PDq2pG_selectionAnchorContainer\" style=\"text-align: justify;\" data-start=\"1221\" data-end=\"1769\">A kett\u0151s jubileum egyik tov\u00e1bbi maradand\u00f3 alkot\u00e1sa a Jubileumi eml\u00e9kk\u0151 volt, amely \u00c1rvai Ferenc szobr\u00e1sz- \u00e9s grafikusm\u0171v\u00e9sz munk\u00e1ja. A v\u00e9sett feliratot egy r\u00e9zplakett domborm\u0171ve eg\u00e9sz\u00edtette ki. A pecs\u00e9tszer\u0171, kett\u0151s tagol\u00e1s\u00fa kompoz\u00edci\u00f3 egyik r\u00e9sz\u00e9ben a k\u00f6z\u00e9pkori telep\u00fcl\u00e9st jelk\u00e9pez\u0151 \u00e9p\u00fcletek kont\u00farjai, a m\u00e1sikban pedig a dorogi b\u00e1ny\u00e1szatot szimboliz\u00e1l\u00f3 aknatorony kapott helyet. Az alkot\u00e1s \u00edgy egyetlen k\u00e9pi vil\u00e1gban kapcsolta \u00f6ssze a telep\u00fcl\u00e9s k\u00e9t meghat\u00e1roz\u00f3 t\u00f6rt\u00e9nelmi \u00f6r\u00f6ks\u00e9g\u00e9t: a t\u00f6bb \u00e9vsz\u00e1zados telep\u00fcl\u00e9st\u00f6rt\u00e9netet \u00e9s a b\u00e1ny\u00e1szatot.<\/p>\n<p style=\"text-align: justify;\" data-start=\"1774\" data-end=\"2269\">Az eml\u00e9kk\u00f6vet eredetileg a mai H\u0151s\u00f6k ter\u00e9n, az 1956-os eml\u00e9kk\u0151 feletti r\u00e9szen helyezt\u00e9k el, kiss\u00e9 megemelve, kisebb l\u00e1bakon \u00e1ll\u00f3 form\u00e1ban. K\u00e9s\u0151bb, a belv\u00e1rosi \u00e9p\u00fcletegy\u00fcttes kialak\u00edt\u00e1sakor az eml\u00e9kk\u0151 a keleti sz\u00e1rny alapj\u00e1ba ker\u00fclt, \u00e9s az\u00f3ta is ott \u0151rzi a jubileum eml\u00e9k\u00e9t. Az \u00fcnnepi \u00e9vhez kapcsol\u00f3d\u00f3an a M\u0171vel\u0151d\u00e9si K\u00f6zpont \u00e9p\u00fclet\u00e9t is fel\u00faj\u00edtott\u00e1k, mik\u00f6zben elk\u00e9sz\u00fclt az Ella k\u00f6zben, a Pilis \u00c1ruh\u00e1z szomsz\u00e9ds\u00e1g\u00e1ban fel\u00e9p\u00edtend\u0151 \u00faj \u00e9p\u00fclet terve is, amely a k\u00f6vetkez\u0151 esztend\u0151ben val\u00f3sult meg.<\/p>\n<p data-start=\"1774\" data-end=\"2269\"><img loading=\"lazy\" decoding=\"async\" class=\"aligncenter wp-image-82978 \" src=\"https:\/\/dorogimedence.hu\/wp-content\/uploads\/2026\/08\/Dorog81-533x600.jpg\" alt=\"\" width=\"462\" height=\"520\" srcset=\"https:\/\/dorogimedence.hu\/wp-content\/uploads\/2026\/08\/Dorog81-533x600.jpg 533w, https:\/\/dorogimedence.hu\/wp-content\/uploads\/2026\/08\/Dorog81-768x865.jpg 768w, https:\/\/dorogimedence.hu\/wp-content\/uploads\/2026\/08\/Dorog81-150x169.jpg 150w, https:\/\/dorogimedence.hu\/wp-content\/uploads\/2026\/08\/Dorog81-450x507.jpg 450w, https:\/\/dorogimedence.hu\/wp-content\/uploads\/2026\/08\/Dorog81-1200x1352.jpg 1200w, https:\/\/dorogimedence.hu\/wp-content\/uploads\/2026\/08\/Dorog81.jpg 1249w\" sizes=\"(max-width: 462px) 100vw, 462px\" \/><\/p>\n<p style=\"text-align: center;\" data-start=\"2279\" data-end=\"2311\"><span style=\"font-size: 10pt;\"><em data-start=\"2279\" data-end=\"2311\">Gink K\u00e1roly k\u00e9pes k\u00f6nyv\u00e9nek bor\u00edt\u00f3ja<\/em><\/span><\/p>\n<p style=\"text-align: justify;\" data-start=\"2316\" data-end=\"2945\">A jubileumi esztend\u0151 azonban nem csup\u00e1n k\u00f6zt\u00e9ri alkot\u00e1sokkal \u00e9s beruh\u00e1z\u00e1sokkal gazdag\u00edtotta Dorogot. Sz\u00e1mos helyt\u00f6rt\u00e9neti \u00e9s kultur\u00e1lis kiadv\u00e1ny is napvil\u00e1got l\u00e1tott, amelyek k\u00f6z\u00fcl kiemelkedik a m\u00e1r 1980-ban elk\u00e9sz\u00fclt, korszakos jelent\u0151s\u00e9g\u0171 <em data-start=\"2561\" data-end=\"2568\">Dorog<\/em> c\u00edm\u0171 k\u00e9pes album. A Bal\u00e1zs B\u00e9la-d\u00edjas fot\u00f3m\u0171v\u00e9sz, Gink K\u00e1roly m\u0171v\u00e9szi ig\u00e9nyess\u00e9ggel \u00f6r\u00f6k\u00edtette meg a telep\u00fcl\u00e9s arculat\u00e1t, s k\u00e9pein kereszt\u00fcl nem egyszer\u0171en dokument\u00e1lta Dorogot, hanem saj\u00e1tos hangulat\u00e1t \u00e9s karakter\u00e9t is megmutatta. A k\u00f6tet ez\u00e9rt ma m\u00e1r nemcsak az \u00fcnnepi \u00e9v egyik fontos kiadv\u00e1nya, hanem egy let\u0171nt dorogi korszak k\u00fcl\u00f6nleges vizu\u00e1lis kordokumentuma is.<\/p>\n<p data-start=\"2316\" data-end=\"2945\"><img loading=\"lazy\" decoding=\"async\" class=\"aligncenter wp-image-82986 \" src=\"https:\/\/dorogimedence.hu\/wp-content\/uploads\/2026\/08\/Dorog81_8.jpg\" alt=\"\" width=\"462\" height=\"621\" srcset=\"https:\/\/dorogimedence.hu\/wp-content\/uploads\/2026\/08\/Dorog81_8.jpg 344w, https:\/\/dorogimedence.hu\/wp-content\/uploads\/2026\/08\/Dorog81_8-150x201.jpg 150w\" sizes=\"(max-width: 462px) 100vw, 462px\" \/><\/p>\n<p style=\"text-align: center;\" data-start=\"2316\" data-end=\"2945\"><span style=\"font-size: 10pt;\"><em>T\u00f3th Tibor b\u00e1nyat\u00f6rt\u00e9neti k\u00f6nyve<\/em><\/span><\/p>\n<p style=\"text-align: justify;\" data-start=\"2950\" data-end=\"3236\">A b\u00e1ny\u00e1szathoz kapcsol\u00f3d\u00f3an szint\u00e9n t\u00f6bb kiadv\u00e1ny sz\u00fcletett. Ezek k\u00f6z\u00fcl k\u00fcl\u00f6n\u00f6sen jelent\u0151s volt az akkori b\u00e1nyaigazgat\u00f3, dr. T\u00f3th Tibor nev\u00e9hez f\u0171z\u0151d\u0151, gazdag k\u00e9panyaggal illusztr\u00e1lt, vaskos szakmai k\u00f6tet, amely a dorogi sz\u00e9nb\u00e1ny\u00e1szat t\u00f6rt\u00e9net\u00e9nek \u00e9s eredm\u00e9nyeinek \u00e1ll\u00edtott eml\u00e9ket.<\/p>\n<p style=\"text-align: justify;\" data-start=\"2950\" data-end=\"3236\">Az eg\u00e9sz 1981-es esztend\u0151t \u00e1thatotta az \u00fcnnepi k\u00e9sz\u00fcl\u0151d\u00e9s \u00e9s a megeml\u00e9kez\u00e9s hangulata. A kultur\u00e1lis programok sor\u00e1ban a helyi iskol\u00e1kban helyt\u00f6rt\u00e9neti vet\u00e9lked\u0151ket \u00e9s megeml\u00e9kez\u00e9seket rendeztek, mik\u00f6zben a v\u00e1ros kultur\u00e1lis \u00e9let\u00e9nek m\u00e1s jelent\u0151s esem\u00e9nyei is bekapcsol\u00f3dtak a jubileumi \u00e9v programj\u00e1ba. Ezek k\u00f6z\u00f6tt kapott helyet a kor\u00e1bban m\u00e1r k\u00fcl\u00f6n is m\u00e9ltatott Dorogi Rockfesztiv\u00e1l. A jubileumi esztend\u0151 \u00edgy nem egyetlen kiemelt rendezv\u00e9nyr\u0151l sz\u00f3lt: eg\u00e9sz \u00e9ven \u00e1t tart\u00f3, sokakat megmozgat\u00f3 k\u00f6z\u00f6s \u00fcnnepp\u00e9 v\u00e1lt, amelyben a dorogiak saj\u00e1t v\u00e1rosuk m\u00faltj\u00e1ra, jelen\u00e9re \u00e9s j\u00f6v\u0151j\u00e9re is egyszerre tekintettek.<\/p>\n<p data-start=\"2950\" data-end=\"3236\"><img loading=\"lazy\" decoding=\"async\" class=\"aligncenter wp-image-82987 \" src=\"https:\/\/dorogimedence.hu\/wp-content\/uploads\/2026\/08\/Dorog81_9-521x600.jpg\" alt=\"\" width=\"459\" height=\"529\" srcset=\"https:\/\/dorogimedence.hu\/wp-content\/uploads\/2026\/08\/Dorog81_9-521x600.jpg 521w, https:\/\/dorogimedence.hu\/wp-content\/uploads\/2026\/08\/Dorog81_9-768x885.jpg 768w, https:\/\/dorogimedence.hu\/wp-content\/uploads\/2026\/08\/Dorog81_9-150x173.jpg 150w, https:\/\/dorogimedence.hu\/wp-content\/uploads\/2026\/08\/Dorog81_9-450x518.jpg 450w, https:\/\/dorogimedence.hu\/wp-content\/uploads\/2026\/08\/Dorog81_9.jpg 934w\" sizes=\"(max-width: 459px) 100vw, 459px\" \/><\/p>\n<p style=\"text-align: justify;\" data-start=\"2950\" data-end=\"3236\"><span style=\"font-size: 10pt;\"><em>T\u00f6bb eml\u00e9k- \u00e9s aj\u00e1nd\u00e9kt\u00e1rgy k\u00e9sz\u00fclt a jubileum alkalm\u00e1b\u00f3l, k\u00f6zte az egykori n\u00e9pszer\u0171 bev\u00e1s\u00e1rl\u00f3t\u00e1ska, amelynek m\u00e1sik oldal\u00e1n az aknatorony volt nyomtatva<\/em><\/span><\/p>\n<p style=\"text-align: justify;\" data-start=\"2950\" data-end=\"3236\">A jubileumi esztend\u0151 sportt\u00f6rt\u00e9neti k\u00fcl\u00f6nlegess\u00e9geket is tartogatott. 1981. augusztus 20-\u00e1n \u00e9s 21-\u00e9n k\u00e9t afrikai, illetve k\u00f6zel-keleti v\u00e1logatott is Dorogon vend\u00e9geskedett: a l\u00edbiai \u00e9s a kuvaiti nemzeti egy\u00fcttes. A dorogi labdar\u00fag\u00e1s erej\u00e9t j\u00f3l mutatja, hogy a hazaiak mindk\u00e9t v\u00e1logatottat k\u00e9t v\u00e1llra fektett\u00e9k. A k\u00e9t m\u00e9rk\u0151z\u00e9s \u00edgy nemcsak a kett\u0151s jubileum esem\u00e9nysorozat\u00e1nak, hanem a Dorogi AC sportt\u00f6rt\u00e9net\u00e9nek is k\u00fcl\u00f6nleges fejezet\u00e9v\u00e9 v\u00e1lt.<\/p>\n<p style=\"text-align: justify;\" data-start=\"2950\" data-end=\"3236\">A jubileumi \u00e9v cs\u00facspontj\u00e1t jelent\u0151 B\u00e1ny\u00e1sznaphoz a dorogi sport a tov\u00e1bbiekban is m\u00e9lt\u00f3 m\u00f3don kapcsol\u00f3dott. Mik\u00f6zben a v\u00e1ros az \u00fcnnepi esem\u00e9nyek sor\u00e1t \u00e9lte, a Dorogi AC labdar\u00fag\u00f3csapata a bajnoks\u00e1g \u00e9lmez\u0151ny\u00e9ben tany\u00e1zva a listavezet\u0151 Kecskem\u00e9tet fogadta 1981. szeptember 6-\u00e1n. A rangad\u00f3 ir\u00e1nt \u00f3ri\u00e1si \u00e9rdekl\u0151d\u00e9s nyilv\u00e1nult meg: hatezer n\u00e9z\u0151 gy\u0171lt \u00f6ssze, akik izgalmas, sz\u00ednvonalas m\u00e9rk\u0151z\u00e9snek lehettek tan\u00fai. A tal\u00e1lkoz\u00f3 jelent\u0151s\u00e9g\u00e9t j\u00f3l \u00e9rz\u00e9kelteti, hogy a m\u00e9rk\u0151z\u00e9sr\u0151l a <em data-start=\"1276\" data-end=\"1286\">N\u00e9psport<\/em> \u00e9s a <em data-start=\"1292\" data-end=\"1304\">Labdar\u00fag\u00e1s<\/em> magazin is kiemelt tud\u00f3s\u00edt\u00e1st k\u00f6z\u00f6lt. A dorogiak v\u00e9g\u00fcl Engelbrecht Zolt\u00e1n g\u00f3lj\u00e1val gy\u0151zelemmel tett\u00e9k teljess\u00e9 az \u00fcnnepet. Ezzel a Dorog a listavezet\u0151v\u00e9 el\u0151l\u00e9pett MTK VM csapat\u00e1val pontazonoss\u00e1gban \u00e1llva a 2. helyet foglalta el a tabell\u00e1n.<\/p>\n<p data-start=\"2950\" data-end=\"3236\"><img loading=\"lazy\" decoding=\"async\" class=\"aligncenter wp-image-83082 size-full\" src=\"https:\/\/dorogimedence.hu\/wp-content\/uploads\/2026\/08\/Dorog81_18.jpg\" alt=\"\" width=\"880\" height=\"491\" srcset=\"https:\/\/dorogimedence.hu\/wp-content\/uploads\/2026\/08\/Dorog81_18.jpg 880w, https:\/\/dorogimedence.hu\/wp-content\/uploads\/2026\/08\/Dorog81_18-600x335.jpg 600w, https:\/\/dorogimedence.hu\/wp-content\/uploads\/2026\/08\/Dorog81_18-768x429.jpg 768w, https:\/\/dorogimedence.hu\/wp-content\/uploads\/2026\/08\/Dorog81_18-150x84.jpg 150w, https:\/\/dorogimedence.hu\/wp-content\/uploads\/2026\/08\/Dorog81_18-450x251.jpg 450w\" sizes=\"(max-width: 880px) 100vw, 880px\" \/><\/p>\n<p style=\"text-align: justify;\" data-start=\"2950\" data-end=\"3236\"><span style=\"font-size: 10pt;\"><em>Pillanatk\u00e9p a Dorog\u2013Kecskem\u00e9t NB II-es bajnoki m\u00e9rk\u0151z\u00e9sen, ahol \u00e9ppen a g\u00f3lszerz\u0151 Engelbrechtet \u00e1ll\u00edtja meg szab\u00e1lytalanul a vend\u00e9gek v\u00e9delme (forr\u00e1s: Labdar\u00fag\u00e1s magazin, 1981. okt\u00f3beri sz\u00e1m)<\/em><\/span><\/p>\n<p style=\"text-align: justify;\" data-start=\"2950\" data-end=\"3236\">A m\u00falt tisztelete, a trad\u00edci\u00f3k \u0151rz\u00e9se \u00e9s tov\u00e1bb\u00f6r\u00f6k\u00edt\u00e9se mellett a jubileumi \u00e9v egyben a j\u00f6v\u0151be vetett bizalmat is kifejezte<strong data-start=\"726\" data-end=\"855\">.<\/strong> Egyre er\u0151sebb \u00e9s hat\u00e1rozottabb ig\u00e9nyk\u00e9nt fogalmaz\u00f3dott meg Dorog v\u00e1rosi c\u00edm\u00e9nek elnyer\u00e9se, amely alig h\u00e1rom esztend\u0151vel k\u00e9s\u0151bb sikeresen meg is val\u00f3sult. A telep\u00fcl\u00e9sben rejl\u0151 \u00e9rt\u00e9kek, adotts\u00e1gok \u00e9s lehet\u0151s\u00e9gek m\u00e1r ekkor is j\u00f3l \u00e9rz\u00e9kelhet\u0151k voltak, s az elm\u00falt \u00e9vtizedekben ezek folyamatos kiakn\u00e1z\u00e1sa \u00e9s tov\u00e1bbgyarap\u00edt\u00e1sa form\u00e1lta tov\u00e1bb Dorog arculat\u00e1t.<\/p>\n<p><em>Bor\u00edt\u00f3k\u00e9p: \u00c1rvai Ferenc \u00e1ltal k\u00e9sz\u00edtett Jubileumi eml\u00e9kk\u0151 a H\u0151s\u00f6k ter\u00e9n<\/em><\/p>\n<p>K\u00fcl\u00f6n k\u00f6sz\u00f6net Bakos G\u00e9za r\u00e9sz\u00e9re, a cikkben megjelent fot\u00f3illusztr\u00e1ci\u00f3 hozz\u00e1j\u00e1rul\u00e1s\u00e1\u00e9rt.<\/p>\n<p><em><strong>Szab\u00f3 Gyula<\/strong><\/em><\/p>\n<\/div>\n<\/div>\n<\/div>\n","protected":false},"excerpt":{"rendered":"<p>1981 k\u00fcl\u00f6nleges esztend\u0151 volt Dorog t\u00f6rt\u00e9net\u00e9ben. A telep\u00fcl\u00e9s fenn\u00e1ll\u00e1s\u00e1nak 800., a dorogi sz\u00e9nb\u00e1ny\u00e1szat megindul\u00e1s\u00e1nak pedig 200. \u00e9vfordul\u00f3j\u00e1t \u00fcnnepelte, \u00e1m a kett\u0151s jubileum j\u00f3val t\u00f6bbr\u0151l sz\u00f3lt egyszer\u0171 \u00e9vfordul\u00f3n\u00e1l. Eg\u00e9sz \u00e9ven \u00e1t egym\u00e1st \u00e9rt\u00e9k a kultur\u00e1lis, sport- \u00e9s k\u00f6z\u00f6ss\u00e9gi esem\u00e9nyek, mik\u00f6zben a v\u00e1ros egy \u00faj korszak k\u00fcsz\u00f6b\u00e9n \u00e1llt. A teljes \u00e9v \u00fcnnepi \u00e9vv\u00e9 lett nyilv\u00e1n\u00edtva, a k\u00f6zponti<\/p>\n","protected":false},"author":4,"featured_media":82976,"comment_status":"closed","ping_status":"closed","sticky":false,"template":"","format":"standard","meta":{"ngg_post_thumbnail":0,"footnotes":""},"categories":[2,3,6031],"tags":[],"class_list":["post-82881","post","type-post","status-publish","format-standard","has-post-thumbnail","category-dorog","category-hirek","category-kerek-evfordulok"],"yoast_head":"<!-- This site is optimized with the Yoast SEO plugin v28.3 - https:\/\/yoast.com\/product\/yoast-seo-wordpress\/ -->\n<title>45 \u00e9ve t\u00f6rt\u00e9nt: Dorog kett\u0151s jubileuma<\/title>\n<meta name=\"robots\" content=\"index, follow, max-snippet:-1, max-image-preview:large, max-video-preview:-1\" \/>\n<link rel=\"canonical\" href=\"https:\/\/dorogimedence.hu\/index.php\/2026\/09\/05\/45-eve-tortent-dorog-kettos-jubileuma\/\" class=\"yoast-seo-meta-tag\" \/>\n<meta property=\"og:locale\" content=\"hu_HU\" class=\"yoast-seo-meta-tag\" \/>\n<meta property=\"og:type\" content=\"article\" class=\"yoast-seo-meta-tag\" \/>\n<meta property=\"og:title\" content=\"45 \u00e9ve t\u00f6rt\u00e9nt: Dorog kett\u0151s jubileuma\" class=\"yoast-seo-meta-tag\" \/>\n<meta property=\"og:description\" content=\"1981 k\u00fcl\u00f6nleges esztend\u0151 volt Dorog t\u00f6rt\u00e9net\u00e9ben. A telep\u00fcl\u00e9s fenn\u00e1ll\u00e1s\u00e1nak 800., a dorogi sz\u00e9nb\u00e1ny\u00e1szat megindul\u00e1s\u00e1nak pedig 200. \u00e9vfordul\u00f3j\u00e1t \u00fcnnepelte, \u00e1m a kett\u0151s jubileum j\u00f3val t\u00f6bbr\u0151l sz\u00f3lt egyszer\u0171 \u00e9vfordul\u00f3n\u00e1l. Eg\u00e9sz \u00e9ven \u00e1t egym\u00e1st \u00e9rt\u00e9k a kultur\u00e1lis, sport- \u00e9s k\u00f6z\u00f6ss\u00e9gi esem\u00e9nyek, mik\u00f6zben a v\u00e1ros egy \u00faj korszak k\u00fcsz\u00f6b\u00e9n \u00e1llt. A teljes \u00e9v \u00fcnnepi \u00e9vv\u00e9 lett nyilv\u00e1n\u00edtva, a k\u00f6zponti\" class=\"yoast-seo-meta-tag\" \/>\n<meta property=\"og:url\" content=\"https:\/\/dorogimedence.hu\/index.php\/2026\/09\/05\/45-eve-tortent-dorog-kettos-jubileuma\/\" class=\"yoast-seo-meta-tag\" \/>\n<meta property=\"og:site_name\" content=\"Dorogi-medence Region\u00e1lis H\u00edrport\u00e1l\" class=\"yoast-seo-meta-tag\" \/>\n<meta property=\"article:publisher\" content=\"https:\/\/www.facebook.com\/dorogimedence\/\" class=\"yoast-seo-meta-tag\" \/>\n<meta property=\"article:published_time\" content=\"2026-09-05T05:02:29+00:00\" class=\"yoast-seo-meta-tag\" \/>\n<meta property=\"og:image\" content=\"https:\/\/dorogimedence.hu\/wp-content\/uploads\/2026\/08\/Boritokep200_eves_a_dorogi_szenbanyaszat_emlektabla_Hosok_tere_2017_Dorog-1.jpg\" class=\"yoast-seo-meta-tag\" \/>\n\t<meta property=\"og:image:width\" content=\"2228\" class=\"yoast-seo-meta-tag\" \/>\n\t<meta property=\"og:image:height\" content=\"1308\" class=\"yoast-seo-meta-tag\" \/>\n\t<meta property=\"og:image:type\" content=\"image\/jpeg\" class=\"yoast-seo-meta-tag\" \/>\n<meta name=\"author\" content=\"Szab\u00f3 Gyula\" class=\"yoast-seo-meta-tag\" \/>\n<meta name=\"twitter:card\" content=\"summary_large_image\" class=\"yoast-seo-meta-tag\" \/>\n<meta name=\"twitter:label1\" content=\"Szerz\u0151:\" class=\"yoast-seo-meta-tag\" \/>\n\t<meta name=\"twitter:data1\" content=\"Szab\u00f3 Gyula\" class=\"yoast-seo-meta-tag\" \/>\n\t<meta name=\"twitter:label2\" content=\"Becs\u00fclt olvas\u00e1si id\u0151\" class=\"yoast-seo-meta-tag\" \/>\n\t<meta name=\"twitter:data2\" content=\"19 perc\" class=\"yoast-seo-meta-tag\" \/>\n<script type=\"application\/ld+json\" class=\"yoast-schema-graph\">{\"@context\":\"https:\\\/\\\/schema.org\",\"@graph\":[{\"@type\":\"Article\",\"@id\":\"https:\\\/\\\/dorogimedence.hu\\\/index.php\\\/2026\\\/09\\\/05\\\/45-eve-tortent-dorog-kettos-jubileuma\\\/#article\",\"isPartOf\":{\"@id\":\"https:\\\/\\\/dorogimedence.hu\\\/index.php\\\/2026\\\/09\\\/05\\\/45-eve-tortent-dorog-kettos-jubileuma\\\/\"},\"author\":{\"name\":\"Szab\u00f3 Gyula\",\"@id\":\"https:\\\/\\\/dorogimedence.hu\\\/#\\\/schema\\\/person\\\/76605e8151ec1b7376385cd184ede973\"},\"headline\":\"45 \u00e9ve t\u00f6rt\u00e9nt: Dorog kett\u0151s jubileuma\",\"datePublished\":\"2026-09-05T05:02:29+00:00\",\"mainEntityOfPage\":{\"@id\":\"https:\\\/\\\/dorogimedence.hu\\\/index.php\\\/2026\\\/09\\\/05\\\/45-eve-tortent-dorog-kettos-jubileuma\\\/\"},\"wordCount\":3893,\"publisher\":{\"@id\":\"https:\\\/\\\/dorogimedence.hu\\\/#organization\"},\"image\":{\"@id\":\"https:\\\/\\\/dorogimedence.hu\\\/index.php\\\/2026\\\/09\\\/05\\\/45-eve-tortent-dorog-kettos-jubileuma\\\/#primaryimage\"},\"thumbnailUrl\":\"https:\\\/\\\/dorogimedence.hu\\\/wp-content\\\/uploads\\\/2026\\\/08\\\/Boritokep200_eves_a_dorogi_szenbanyaszat_emlektabla_Hosok_tere_2017_Dorog-1.jpg\",\"articleSection\":[\"Dorog\",\"H\u00edrek\",\"Kerek \u00e9vfordul\u00f3k\"],\"inLanguage\":\"hu\"},{\"@type\":\"WebPage\",\"@id\":\"https:\\\/\\\/dorogimedence.hu\\\/index.php\\\/2026\\\/09\\\/05\\\/45-eve-tortent-dorog-kettos-jubileuma\\\/\",\"url\":\"https:\\\/\\\/dorogimedence.hu\\\/index.php\\\/2026\\\/09\\\/05\\\/45-eve-tortent-dorog-kettos-jubileuma\\\/\",\"name\":\"45 \u00e9ve t\u00f6rt\u00e9nt: Dorog kett\u0151s jubileuma\",\"isPartOf\":{\"@id\":\"https:\\\/\\\/dorogimedence.hu\\\/#website\"},\"primaryImageOfPage\":{\"@id\":\"https:\\\/\\\/dorogimedence.hu\\\/index.php\\\/2026\\\/09\\\/05\\\/45-eve-tortent-dorog-kettos-jubileuma\\\/#primaryimage\"},\"image\":{\"@id\":\"https:\\\/\\\/dorogimedence.hu\\\/index.php\\\/2026\\\/09\\\/05\\\/45-eve-tortent-dorog-kettos-jubileuma\\\/#primaryimage\"},\"thumbnailUrl\":\"https:\\\/\\\/dorogimedence.hu\\\/wp-content\\\/uploads\\\/2026\\\/08\\\/Boritokep200_eves_a_dorogi_szenbanyaszat_emlektabla_Hosok_tere_2017_Dorog-1.jpg\",\"datePublished\":\"2026-09-05T05:02:29+00:00\",\"breadcrumb\":{\"@id\":\"https:\\\/\\\/dorogimedence.hu\\\/index.php\\\/2026\\\/09\\\/05\\\/45-eve-tortent-dorog-kettos-jubileuma\\\/#breadcrumb\"},\"inLanguage\":\"hu\",\"potentialAction\":[{\"@type\":\"ReadAction\",\"target\":[\"https:\\\/\\\/dorogimedence.hu\\\/index.php\\\/2026\\\/09\\\/05\\\/45-eve-tortent-dorog-kettos-jubileuma\\\/\"]}]},{\"@type\":\"ImageObject\",\"inLanguage\":\"hu\",\"@id\":\"https:\\\/\\\/dorogimedence.hu\\\/index.php\\\/2026\\\/09\\\/05\\\/45-eve-tortent-dorog-kettos-jubileuma\\\/#primaryimage\",\"url\":\"https:\\\/\\\/dorogimedence.hu\\\/wp-content\\\/uploads\\\/2026\\\/08\\\/Boritokep200_eves_a_dorogi_szenbanyaszat_emlektabla_Hosok_tere_2017_Dorog-1.jpg\",\"contentUrl\":\"https:\\\/\\\/dorogimedence.hu\\\/wp-content\\\/uploads\\\/2026\\\/08\\\/Boritokep200_eves_a_dorogi_szenbanyaszat_emlektabla_Hosok_tere_2017_Dorog-1.jpg\",\"width\":2228,\"height\":1308},{\"@type\":\"BreadcrumbList\",\"@id\":\"https:\\\/\\\/dorogimedence.hu\\\/index.php\\\/2026\\\/09\\\/05\\\/45-eve-tortent-dorog-kettos-jubileuma\\\/#breadcrumb\",\"itemListElement\":[{\"@type\":\"ListItem\",\"position\":1,\"name\":\"Kezd\u0151lap\",\"item\":\"https:\\\/\\\/dorogimedence.hu\\\/\"},{\"@type\":\"ListItem\",\"position\":2,\"name\":\"45 \u00e9ve t\u00f6rt\u00e9nt: Dorog kett\u0151s jubileuma\"}]},{\"@type\":\"WebSite\",\"@id\":\"https:\\\/\\\/dorogimedence.hu\\\/#website\",\"url\":\"https:\\\/\\\/dorogimedence.hu\\\/\",\"name\":\"Dorogi-medence Region\u00e1lis H\u00edrport\u00e1l\",\"description\":\"Dorog, Keszt\u00f6lc, Le\u00e1nyv\u00e1r, Piliscs\u00e9v, Tokod, Tokodalt\u00e1r\u00f3, Csolnok, Esztergom-kertv\u00e1ros: h\u00edrek, programok\",\"publisher\":{\"@id\":\"https:\\\/\\\/dorogimedence.hu\\\/#organization\"},\"potentialAction\":[{\"@type\":\"SearchAction\",\"target\":{\"@type\":\"EntryPoint\",\"urlTemplate\":\"https:\\\/\\\/dorogimedence.hu\\\/?s={search_term_string}\"},\"query-input\":{\"@type\":\"PropertyValueSpecification\",\"valueRequired\":true,\"valueName\":\"search_term_string\"}}],\"inLanguage\":\"hu\"},{\"@type\":\"Organization\",\"@id\":\"https:\\\/\\\/dorogimedence.hu\\\/#organization\",\"name\":\"Dorogi-medence Region\u00e1lis H\u00edrport\u00e1l\",\"url\":\"https:\\\/\\\/dorogimedence.hu\\\/\",\"logo\":{\"@type\":\"ImageObject\",\"inLanguage\":\"hu\",\"@id\":\"https:\\\/\\\/dorogimedence.hu\\\/#\\\/schema\\\/logo\\\/image\\\/\",\"url\":\"https:\\\/\\\/dorogimedence.hu\\\/wp-content\\\/uploads\\\/2021\\\/04\\\/logo-feher-600.png\",\"contentUrl\":\"https:\\\/\\\/dorogimedence.hu\\\/wp-content\\\/uploads\\\/2021\\\/04\\\/logo-feher-600.png\",\"width\":600,\"height\":100,\"caption\":\"Dorogi-medence Region\u00e1lis H\u00edrport\u00e1l\"},\"image\":{\"@id\":\"https:\\\/\\\/dorogimedence.hu\\\/#\\\/schema\\\/logo\\\/image\\\/\"},\"sameAs\":[\"https:\\\/\\\/www.facebook.com\\\/dorogimedence\\\/\"]},{\"@type\":\"Person\",\"@id\":\"https:\\\/\\\/dorogimedence.hu\\\/#\\\/schema\\\/person\\\/76605e8151ec1b7376385cd184ede973\",\"name\":\"Szab\u00f3 Gyula\",\"image\":{\"@type\":\"ImageObject\",\"inLanguage\":\"hu\",\"@id\":\"\\\/\\\/www.gravatar.com\\\/avatar\\\/3e44b6fb2ef9bcea3639958cc2a587cb?s=96&#038;r=g&#038;d=mm\",\"url\":\"\\\/\\\/www.gravatar.com\\\/avatar\\\/3e44b6fb2ef9bcea3639958cc2a587cb?s=96&#038;r=g&#038;d=mm\",\"contentUrl\":\"\\\/\\\/www.gravatar.com\\\/avatar\\\/3e44b6fb2ef9bcea3639958cc2a587cb?s=96&#038;r=g&#038;d=mm\",\"caption\":\"Szab\u00f3 Gyula\"}}]}<\/script>\n<!-- \/ Yoast SEO plugin. -->","yoast_head_json":{"title":"45 \u00e9ve t\u00f6rt\u00e9nt: Dorog kett\u0151s jubileuma","robots":{"index":"index","follow":"follow","max-snippet":"max-snippet:-1","max-image-preview":"max-image-preview:large","max-video-preview":"max-video-preview:-1"},"canonical":"https:\/\/dorogimedence.hu\/index.php\/2026\/09\/05\/45-eve-tortent-dorog-kettos-jubileuma\/","og_locale":"hu_HU","og_type":"article","og_title":"45 \u00e9ve t\u00f6rt\u00e9nt: Dorog kett\u0151s jubileuma","og_description":"1981 k\u00fcl\u00f6nleges esztend\u0151 volt Dorog t\u00f6rt\u00e9net\u00e9ben. A telep\u00fcl\u00e9s fenn\u00e1ll\u00e1s\u00e1nak 800., a dorogi sz\u00e9nb\u00e1ny\u00e1szat megindul\u00e1s\u00e1nak pedig 200. \u00e9vfordul\u00f3j\u00e1t \u00fcnnepelte, \u00e1m a kett\u0151s jubileum j\u00f3val t\u00f6bbr\u0151l sz\u00f3lt egyszer\u0171 \u00e9vfordul\u00f3n\u00e1l. Eg\u00e9sz \u00e9ven \u00e1t egym\u00e1st \u00e9rt\u00e9k a kultur\u00e1lis, sport- \u00e9s k\u00f6z\u00f6ss\u00e9gi esem\u00e9nyek, mik\u00f6zben a v\u00e1ros egy \u00faj korszak k\u00fcsz\u00f6b\u00e9n \u00e1llt. A teljes \u00e9v \u00fcnnepi \u00e9vv\u00e9 lett nyilv\u00e1n\u00edtva, a k\u00f6zponti","og_url":"https:\/\/dorogimedence.hu\/index.php\/2026\/09\/05\/45-eve-tortent-dorog-kettos-jubileuma\/","og_site_name":"Dorogi-medence Region\u00e1lis H\u00edrport\u00e1l","article_publisher":"https:\/\/www.facebook.com\/dorogimedence\/","article_published_time":"2026-09-05T05:02:29+00:00","og_image":[{"width":2228,"height":1308,"url":"https:\/\/dorogimedence.hu\/wp-content\/uploads\/2026\/08\/Boritokep200_eves_a_dorogi_szenbanyaszat_emlektabla_Hosok_tere_2017_Dorog-1.jpg","type":"image\/jpeg"}],"author":"Szab\u00f3 Gyula","twitter_card":"summary_large_image","twitter_misc":{"Szerz\u0151:":"Szab\u00f3 Gyula","Becs\u00fclt olvas\u00e1si id\u0151":"19 perc"},"schema":{"@context":"https:\/\/schema.org","@graph":[{"@type":"Article","@id":"https:\/\/dorogimedence.hu\/index.php\/2026\/09\/05\/45-eve-tortent-dorog-kettos-jubileuma\/#article","isPartOf":{"@id":"https:\/\/dorogimedence.hu\/index.php\/2026\/09\/05\/45-eve-tortent-dorog-kettos-jubileuma\/"},"author":{"name":"Szab\u00f3 Gyula","@id":"https:\/\/dorogimedence.hu\/#\/schema\/person\/76605e8151ec1b7376385cd184ede973"},"headline":"45 \u00e9ve t\u00f6rt\u00e9nt: Dorog kett\u0151s jubileuma","datePublished":"2026-09-05T05:02:29+00:00","mainEntityOfPage":{"@id":"https:\/\/dorogimedence.hu\/index.php\/2026\/09\/05\/45-eve-tortent-dorog-kettos-jubileuma\/"},"wordCount":3893,"publisher":{"@id":"https:\/\/dorogimedence.hu\/#organization"},"image":{"@id":"https:\/\/dorogimedence.hu\/index.php\/2026\/09\/05\/45-eve-tortent-dorog-kettos-jubileuma\/#primaryimage"},"thumbnailUrl":"https:\/\/dorogimedence.hu\/wp-content\/uploads\/2026\/08\/Boritokep200_eves_a_dorogi_szenbanyaszat_emlektabla_Hosok_tere_2017_Dorog-1.jpg","articleSection":["Dorog","H\u00edrek","Kerek \u00e9vfordul\u00f3k"],"inLanguage":"hu"},{"@type":"WebPage","@id":"https:\/\/dorogimedence.hu\/index.php\/2026\/09\/05\/45-eve-tortent-dorog-kettos-jubileuma\/","url":"https:\/\/dorogimedence.hu\/index.php\/2026\/09\/05\/45-eve-tortent-dorog-kettos-jubileuma\/","name":"45 \u00e9ve t\u00f6rt\u00e9nt: Dorog kett\u0151s jubileuma","isPartOf":{"@id":"https:\/\/dorogimedence.hu\/#website"},"primaryImageOfPage":{"@id":"https:\/\/dorogimedence.hu\/index.php\/2026\/09\/05\/45-eve-tortent-dorog-kettos-jubileuma\/#primaryimage"},"image":{"@id":"https:\/\/dorogimedence.hu\/index.php\/2026\/09\/05\/45-eve-tortent-dorog-kettos-jubileuma\/#primaryimage"},"thumbnailUrl":"https:\/\/dorogimedence.hu\/wp-content\/uploads\/2026\/08\/Boritokep200_eves_a_dorogi_szenbanyaszat_emlektabla_Hosok_tere_2017_Dorog-1.jpg","datePublished":"2026-09-05T05:02:29+00:00","breadcrumb":{"@id":"https:\/\/dorogimedence.hu\/index.php\/2026\/09\/05\/45-eve-tortent-dorog-kettos-jubileuma\/#breadcrumb"},"inLanguage":"hu","potentialAction":[{"@type":"ReadAction","target":["https:\/\/dorogimedence.hu\/index.php\/2026\/09\/05\/45-eve-tortent-dorog-kettos-jubileuma\/"]}]},{"@type":"ImageObject","inLanguage":"hu","@id":"https:\/\/dorogimedence.hu\/index.php\/2026\/09\/05\/45-eve-tortent-dorog-kettos-jubileuma\/#primaryimage","url":"https:\/\/dorogimedence.hu\/wp-content\/uploads\/2026\/08\/Boritokep200_eves_a_dorogi_szenbanyaszat_emlektabla_Hosok_tere_2017_Dorog-1.jpg","contentUrl":"https:\/\/dorogimedence.hu\/wp-content\/uploads\/2026\/08\/Boritokep200_eves_a_dorogi_szenbanyaszat_emlektabla_Hosok_tere_2017_Dorog-1.jpg","width":2228,"height":1308},{"@type":"BreadcrumbList","@id":"https:\/\/dorogimedence.hu\/index.php\/2026\/09\/05\/45-eve-tortent-dorog-kettos-jubileuma\/#breadcrumb","itemListElement":[{"@type":"ListItem","position":1,"name":"Kezd\u0151lap","item":"https:\/\/dorogimedence.hu\/"},{"@type":"ListItem","position":2,"name":"45 \u00e9ve t\u00f6rt\u00e9nt: Dorog kett\u0151s jubileuma"}]},{"@type":"WebSite","@id":"https:\/\/dorogimedence.hu\/#website","url":"https:\/\/dorogimedence.hu\/","name":"Dorogi-medence Region\u00e1lis H\u00edrport\u00e1l","description":"Dorog, Keszt\u00f6lc, Le\u00e1nyv\u00e1r, Piliscs\u00e9v, Tokod, Tokodalt\u00e1r\u00f3, Csolnok, Esztergom-kertv\u00e1ros: h\u00edrek, programok","publisher":{"@id":"https:\/\/dorogimedence.hu\/#organization"},"potentialAction":[{"@type":"SearchAction","target":{"@type":"EntryPoint","urlTemplate":"https:\/\/dorogimedence.hu\/?s={search_term_string}"},"query-input":{"@type":"PropertyValueSpecification","valueRequired":true,"valueName":"search_term_string"}}],"inLanguage":"hu"},{"@type":"Organization","@id":"https:\/\/dorogimedence.hu\/#organization","name":"Dorogi-medence Region\u00e1lis H\u00edrport\u00e1l","url":"https:\/\/dorogimedence.hu\/","logo":{"@type":"ImageObject","inLanguage":"hu","@id":"https:\/\/dorogimedence.hu\/#\/schema\/logo\/image\/","url":"https:\/\/dorogimedence.hu\/wp-content\/uploads\/2021\/04\/logo-feher-600.png","contentUrl":"https:\/\/dorogimedence.hu\/wp-content\/uploads\/2021\/04\/logo-feher-600.png","width":600,"height":100,"caption":"Dorogi-medence Region\u00e1lis H\u00edrport\u00e1l"},"image":{"@id":"https:\/\/dorogimedence.hu\/#\/schema\/logo\/image\/"},"sameAs":["https:\/\/www.facebook.com\/dorogimedence\/"]},{"@type":"Person","@id":"https:\/\/dorogimedence.hu\/#\/schema\/person\/76605e8151ec1b7376385cd184ede973","name":"Szab\u00f3 Gyula","image":{"@type":"ImageObject","inLanguage":"hu","@id":"\/\/www.gravatar.com\/avatar\/3e44b6fb2ef9bcea3639958cc2a587cb?s=96&#038;r=g&#038;d=mm","url":"\/\/www.gravatar.com\/avatar\/3e44b6fb2ef9bcea3639958cc2a587cb?s=96&#038;r=g&#038;d=mm","contentUrl":"\/\/www.gravatar.com\/avatar\/3e44b6fb2ef9bcea3639958cc2a587cb?s=96&#038;r=g&#038;d=mm","caption":"Szab\u00f3 Gyula"}}]}},"_links":{"self":[{"href":"https:\/\/dorogimedence.hu\/index.php\/wp-json\/wp\/v2\/posts\/82881","targetHints":{"allow":["GET"]}}],"collection":[{"href":"https:\/\/dorogimedence.hu\/index.php\/wp-json\/wp\/v2\/posts"}],"about":[{"href":"https:\/\/dorogimedence.hu\/index.php\/wp-json\/wp\/v2\/types\/post"}],"author":[{"embeddable":true,"href":"https:\/\/dorogimedence.hu\/index.php\/wp-json\/wp\/v2\/users\/4"}],"replies":[{"embeddable":true,"href":"https:\/\/dorogimedence.hu\/index.php\/wp-json\/wp\/v2\/comments?post=82881"}],"version-history":[{"count":21,"href":"https:\/\/dorogimedence.hu\/index.php\/wp-json\/wp\/v2\/posts\/82881\/revisions"}],"predecessor-version":[{"id":83399,"href":"https:\/\/dorogimedence.hu\/index.php\/wp-json\/wp\/v2\/posts\/82881\/revisions\/83399"}],"wp:featuredmedia":[{"embeddable":true,"href":"https:\/\/dorogimedence.hu\/index.php\/wp-json\/wp\/v2\/media\/82976"}],"wp:attachment":[{"href":"https:\/\/dorogimedence.hu\/index.php\/wp-json\/wp\/v2\/media?parent=82881"}],"wp:term":[{"taxonomy":"category","embeddable":true,"href":"https:\/\/dorogimedence.hu\/index.php\/wp-json\/wp\/v2\/categories?post=82881"},{"taxonomy":"post_tag","embeddable":true,"href":"https:\/\/dorogimedence.hu\/index.php\/wp-json\/wp\/v2\/tags?post=82881"}],"curies":[{"name":"wp","href":"https:\/\/api.w.org\/{rel}","templated":true}]}}