{"id":82814,"date":"2026-08-29T06:21:42","date_gmt":"2026-08-29T04:21:42","guid":{"rendered":"https:\/\/dorogimedence.hu\/?p=82814"},"modified":"2026-08-29T06:21:42","modified_gmt":"2026-08-29T04:21:42","slug":"otszaz-eve-mohacsnal-szalkai-laszlo-esztergomi-ersek-a-vegzetes-utkozetben","status":"publish","type":"post","link":"https:\/\/dorogimedence.hu\/index.php\/2026\/08\/29\/otszaz-eve-mohacsnal-szalkai-laszlo-esztergomi-ersek-a-vegzetes-utkozetben\/","title":{"rendered":"\u00d6tsz\u00e1z \u00e9ve Moh\u00e1csn\u00e1l \u2013 Szalkai L\u00e1szl\u00f3 esztergomi \u00e9rsek a v\u00e9gzetes \u00fctk\u00f6zetben"},"content":{"rendered":"<p class=\"PDq2pG_selectionAnchorContainer\" style=\"text-align: justify;\" data-start=\"295\" data-end=\"782\"><em><strong data-start=\"295\" data-end=\"782\">1526. augusztus 29. a magyar t\u00f6rt\u00e9nelem egyik legs\u00f6t\u00e9tebb napjak\u00e9nt vonult be a nemzet eml\u00e9kezet\u00e9be. Ezen a napon Moh\u00e1cs mezej\u00e9n s\u00falyos veres\u00e9get szenvedett a Magyar Kir\u00e1lys\u00e1g a kor egyik legnagyobb \u00e9s leger\u0151sebb birodalma, az egyre terjeszked\u0151 Oszm\u00e1n Birodalom hadsereg\u00e9t\u0151l. A tragikus \u00fctk\u00f6zetben odaveszett II. Lajos kir\u00e1ly, az orsz\u00e1g egyh\u00e1zi \u00e9s vil\u00e1gi vezet\u0151inek jelent\u0151s r\u00e9sze, k\u00f6zt\u00fck Szalkai L\u00e1szl\u00f3 esztergomi \u00e9s Tomori P\u00e1l kalocsai \u00e9rsek, valamint sz\u00e1mos magyar f\u0151\u00far \u00e9s katona.<\/strong><\/em><\/p>\n<p style=\"text-align: justify;\" data-start=\"787\" data-end=\"1350\">Moh\u00e1cs azonban nem csup\u00e1n egy elvesztett csata volt. K\u00f6vetkezm\u00e9nyei alapjaiban v\u00e1ltoztatt\u00e1k meg a Magyar Kir\u00e1lys\u00e1g sors\u00e1t, \u00e9s olyan t\u00f6rt\u00e9nelmi folyamatokat ind\u00edtottak el, amelyek hat\u00e1sa \u00e9vsz\u00e1zadokon \u00e1t elk\u00eds\u00e9rte a nemzetet. \u00d6tsz\u00e1z \u00e9v t\u00e1vlat\u00e1b\u00f3l ez\u00e9rt nem puszt\u00e1n egy v\u00e9gzetes \u00fctk\u00f6zetre eml\u00e9kez\u00fcnk, hanem azokra az emberekre is, akik ott \u00e1lltak a magyar t\u00f6rt\u00e9nelem egyik legtragikusabb pillanat\u00e1ban. K\u00f6zt\u00fck volt Szalkai L\u00e1szl\u00f3, Esztergom \u00e9rseke, aki egyh\u00e1zi m\u00e9lt\u00f3s\u00e1g\u00e1hoz \u00e9s haz\u00e1j\u00e1hoz h\u0171en maga is a kir\u00e1lyi sereghez csatlakozott, \u00e9s \u00e9let\u00e9t vesztette Moh\u00e1csn\u00e1l.<\/p>\n<p class=\"PDq2pG_selectionAnchorContainer\" style=\"text-align: justify;\" data-start=\"786\" data-end=\"1610\">A K\u00e1rp\u00e1t-medenc\u00e9ben val\u00f3 berendezked\u00e9s\u00e9t k\u00f6vet\u0151en a magyars\u00e1gnak sz\u00e1mtalanszor kellett fegyverrel megv\u00e9denie orsz\u00e1g\u00e1t. Az \u00e1llamis\u00e1g alapjainak let\u00e9t\u00e9t k\u00f6vet\u0151 \u00e9vtizedekben a N\u00e9met Kir\u00e1lys\u00e1g, majd a N\u00e9met-r\u00f3mai Birodalom fel\u0151l \u00e9rkez\u0151 t\u00e1mad\u00e1sok jelentettek komoly vesz\u00e9lyt; ezek k\u00f6z\u00fcl tal\u00e1n a 907-es Pozsonyi h\u00e1bor\u00fa emelkedik ki, amelyben a magyarok d\u00f6nt\u0151 gy\u0151zelmet arattak. A k\u00e9s\u0151bbi \u00e9vsz\u00e1zadokban sem sz\u0171ntek meg a nyugatr\u00f3l \u00e9rkez\u0151 hadj\u00e1ratok, tov\u00e1bb\u00e1 d\u00e9lr\u0151l a Biz\u00e1nci Birodalom fenyeget\u00e9se, majd a XIII. sz\u00e1zadban a tat\u00e1rj\u00e1r\u00e1s \u00e1ll\u00edtotta soha nem l\u00e1tott pr\u00f3bat\u00e9tel el\u00e9 az orsz\u00e1got. A Magyar Kir\u00e1lys\u00e1g azonban mindezeket a megpr\u00f3b\u00e1ltat\u00e1sokat t\u00fal\u00e9lte, \u00e9s katonai erej\u00e9nek, valamint a k\u00fcl\u00f6nb\u00f6z\u0151 korszakokban megval\u00f3sul\u00f3 \u00f6sszefog\u00e1snak k\u00f6sz\u00f6nhet\u0151en meg\u0151rizte \u00f6n\u00e1ll\u00f3s\u00e1g\u00e1t. A XV. sz\u00e1zadban azonban \u00faj, minden kor\u00e1bbin\u00e1l nagyobb erej\u0171 kih\u00edv\u00e1s bontakozott ki a d\u00e9li \u00e9s keleti orsz\u00e1ghat\u00e1rok fel\u0151l.<\/p>\n<p data-start=\"786\" data-end=\"1610\"><img fetchpriority=\"high\" decoding=\"async\" class=\"aligncenter wp-image-82819 \" src=\"https:\/\/dorogimedence.hu\/wp-content\/uploads\/2026\/08\/Mohacs_1.jpg\" alt=\"\" width=\"730\" height=\"591\" srcset=\"https:\/\/dorogimedence.hu\/wp-content\/uploads\/2026\/08\/Mohacs_1.jpg 535w, https:\/\/dorogimedence.hu\/wp-content\/uploads\/2026\/08\/Mohacs_1-150x121.jpg 150w, https:\/\/dorogimedence.hu\/wp-content\/uploads\/2026\/08\/Mohacs_1-450x364.jpg 450w\" sizes=\"(max-width: 730px) 100vw, 730px\" \/><\/p>\n<p style=\"text-align: justify;\" data-start=\"786\" data-end=\"1610\"><span style=\"font-size: 10pt;\"><em>Az Oszm\u00e1n birodalom felemelked\u00e9se \u00e9s terjeszked\u00e9se t\u00e9rk\u00e9pen. J\u00f3l figyelemmel k\u00eds\u00e9rhet\u0151 az egyes korszakok sor\u00e1n ter\u00fclete hogyan tereb\u00e9lyesedett (forr\u00e1s: Sz\u00f3rakoztat\u00f3 t\u00f6rt\u00e9nel online)<\/em><\/span><\/p>\n<p style=\"text-align: justify;\" data-start=\"1615\" data-end=\"2832\">A XIV. sz\u00e1zadt\u00f3l rohamosan emelked\u0151 Oszm\u00e1n Birodalom Anat\u00f3lia \u00e9szaknyugati r\u00e9sz\u00e9n, a mai T\u00f6r\u00f6korsz\u00e1g ter\u00fclet\u00e9n, S\u00f6\u011f\u00fct \u00e9s Bursa k\u00f6rny\u00e9k\u00e9n vetette meg alapjait, majd n\u00e9h\u00e1ny \u00e9vtized alatt jelent\u0151s region\u00e1lis hatalomm\u00e1 n\u00f6vekedett. Bursa 1326-os elfoglal\u00e1sa ut\u00e1n az oszm\u00e1nok eur\u00f3pai terjeszked\u00e9se is felgyorsult: \u00e1tkeltek a Balk\u00e1nra, sorra vont\u00e1k fennhat\u00f3s\u00e1guk al\u00e1 a t\u00e9rs\u00e9g \u00e1llamait, \u00e9s a XIV\u2013XV. sz\u00e1zad folyam\u00e1n egyre k\u00f6zelebb ker\u00fcltek a Magyar Kir\u00e1lys\u00e1g hat\u00e1raihoz. Az Oszm\u00e1n \u00e1llam m\u0171k\u00f6d\u00e9s\u00e9nek egyik meghat\u00e1roz\u00f3 eleme volt a katonai terjeszked\u00e9s \u00e9s a h\u00f3d\u00edt\u00e1s, amelyhez er\u0151s vall\u00e1si legitim\u00e1ci\u00f3 is t\u00e1rsult. Az iszl\u00e1m vil\u00e1gon bel\u00fcl a szunnita oszm\u00e1nok a s\u00edita hatalmakkal \u2013 mindenekel\u0151tt k\u00e9s\u0151bb a Szafavida Birodalommal \u2013 is vet\u00e9lkedtek, mik\u00f6zben Eur\u00f3p\u00e1ban a kereszt\u00e9ny \u00e1llamokkal ker\u00fcltek mind k\u00f6zvetlenebb konfliktusba. Ez azonban nem puszt\u00e1n vall\u00e1sh\u00e1bor\u00fak sorozata volt: az oszm\u00e1n terjeszked\u00e9st ugyan\u00fagy a politikai hatalom, a strat\u00e9giai \u00e9rdekek \u00e9s az \u00faj ter\u00fcletek megszerz\u00e9s\u00e9nek sz\u00e1nd\u00e9ka vez\u00e9relte.<\/p>\n<p style=\"text-align: justify;\" data-start=\"1615\" data-end=\"2832\">A Magyar Kir\u00e1lys\u00e1g m\u00e1r Nagy Lajos uralkod\u00e1sa idej\u00e9n is szembeker\u00fclt az \u00faj hatalommal, a k\u00f6vetkez\u0151 \u00e9vsz\u00e1zadban pedig az oszm\u00e1n vesz\u00e9ly fokozatosan az orsz\u00e1g egyik legfontosabb k\u00fclpolitikai \u00e9s katonai kih\u00edv\u00e1s\u00e1v\u00e1 v\u00e1lt. \u00c9rdemes egy sz\u00f3haszn\u00e1lati pontos\u00edt\u00e1st is tenni: mik\u00f6zben a t\u00f6rt\u00e9neti szakirodalom az Oszm\u00e1n, illetve Ottom\u00e1n Birodalom elnevez\u00e9st haszn\u00e1lja, a magyar k\u00f6znyelvben \u00e9vsz\u00e1zadokon \u00e1t a \u201et\u00f6r\u00f6k\u201d megnevez\u00e9s honosodott meg az oszm\u00e1nok \u00e9s birodalmuk jel\u00f6l\u00e9s\u00e9re. Ez hasonl\u00f3 ahhoz, ahogyan a k\u00f6znyelv a mongol h\u00f3d\u00edt\u00f3kat gyakran \u201etat\u00e1rk\u00e9nt\u201d eml\u00edti. A tov\u00e1bbiakban ez\u00e9rt a t\u00f6rt\u00e9nelmi pontoss\u00e1g kedv\u00e9\u00e9rt els\u0151sorban az oszm\u00e1n megnevez\u00e9st haszn\u00e1ljuk, mik\u00f6zben a korabeli magyar sz\u00f3haszn\u00e1latban term\u00e9szetesen a \u201et\u00f6r\u00f6k\u201d elnevez\u00e9s is \u00e1ltal\u00e1nos volt.<\/p>\n<p data-start=\"1615\" data-end=\"2832\"><img decoding=\"async\" class=\"aligncenter wp-image-82825 size-full\" src=\"https:\/\/dorogimedence.hu\/wp-content\/uploads\/2026\/08\/Mohacs_6.jpg\" alt=\"\" width=\"1980\" height=\"1061\" srcset=\"https:\/\/dorogimedence.hu\/wp-content\/uploads\/2026\/08\/Mohacs_6.jpg 1980w, https:\/\/dorogimedence.hu\/wp-content\/uploads\/2026\/08\/Mohacs_6-600x322.jpg 600w, https:\/\/dorogimedence.hu\/wp-content\/uploads\/2026\/08\/Mohacs_6-1920x1029.jpg 1920w, https:\/\/dorogimedence.hu\/wp-content\/uploads\/2026\/08\/Mohacs_6-768x412.jpg 768w, https:\/\/dorogimedence.hu\/wp-content\/uploads\/2026\/08\/Mohacs_6-1536x823.jpg 1536w, https:\/\/dorogimedence.hu\/wp-content\/uploads\/2026\/08\/Mohacs_6-150x80.jpg 150w, https:\/\/dorogimedence.hu\/wp-content\/uploads\/2026\/08\/Mohacs_6-450x241.jpg 450w, https:\/\/dorogimedence.hu\/wp-content\/uploads\/2026\/08\/Mohacs_6-1200x643.jpg 1200w\" sizes=\"(max-width: 1980px) 100vw, 1980px\" \/><\/p>\n<p style=\"text-align: center;\" data-start=\"1615\" data-end=\"2832\"><span style=\"font-size: 10pt;\"><em>Magyarorsz\u00e1g d\u00e9li kett\u0151s v\u00e9gv\u00e1rrendszere t\u00e9rk\u00e9pen (forr\u00e1s: qubit.hu online)<\/em><\/span><\/p>\n<p class=\"PDq2pG_selectionAnchorContainer\" style=\"text-align: justify;\" data-start=\"478\" data-end=\"1699\">Luxemburgi Zsigmond uralkod\u00e1sa idej\u00e9n a t\u00f6r\u00f6kellenes k\u00fczdelmek mindink\u00e1bb a Magyar Kir\u00e1lys\u00e1g k\u00fcl- \u00e9s hadpolitik\u00e1j\u00e1nak k\u00f6z\u00e9ppontj\u00e1ba ker\u00fcltek. Az 1396-os nik\u00e1polyi veres\u00e9g vil\u00e1gosan megmutatta, hogy a kor\u00e1bban megszokott m\u00f3don, nagy ny\u00edlt mezei \u00fctk\u00f6zetekben egyre nehezebb felvenni a versenyt a gyorsan terjeszked\u0151 \u00e9s kiv\u00e1l\u00f3an szervezett oszm\u00e1n hadsereggel. A kir\u00e1ly ez\u00e9rt a v\u00e9delem meger\u0151s\u00edt\u00e9s\u00e9re helyezte a hangs\u00falyt: tov\u00e1bbfejlesztette az el\u0151dei, k\u00fcl\u00f6n\u00f6sen IV. B\u00e9la kor\u00e1t\u00f3l ki\u00e9p\u00fcl\u0151 v\u00e1r- \u00e9s er\u0151drendszert, mik\u00f6zben a d\u00e9li v\u00e9gvid\u00e9k v\u00e9delm\u00e9nek megszervez\u00e9s\u00e9ben a szerb ter\u00fcletek is egyre szorosabban kapcsol\u00f3dtak a Magyar Kir\u00e1lys\u00e1ghoz. A k\u00f6vetkez\u0151 \u00e9vtizedekben Hunyadi J\u00e1nos \u00e9s Hunyadi M\u00e1ty\u00e1s kor\u00e1nak k\u00fczdelmei bizony\u00edtott\u00e1k, hogy a hatalmasra n\u00f6vekedett Oszm\u00e1n Birodalommal szemben m\u00e9g lehets\u00e9ges volt sikeresen ellen\u00e1llni. A magyar seregek ekkor gyakran m\u00e1r az orsz\u00e1ghat\u00e1rokon k\u00edv\u00fcl vagy k\u00f6zvetlen\u00fcl azok ment\u00e9n vett\u00e9k fel a harcot, hogy a puszt\u00edt\u00f3 hadj\u00e1ratokat m\u00e9g az orsz\u00e1g bels\u0151 ter\u00fcleteinek el\u00e9r\u00e9se el\u0151tt feltart\u00f3ztass\u00e1k. E korszak k\u00e9t kiemelked\u0151 p\u00e9ld\u00e1ja N\u00e1ndorfeh\u00e9rv\u00e1r sikeres v\u00e9delme 1440-ben \u00e9s 1456-ban, amikor az oszm\u00e1nok mindk\u00e9t alkalommal sikertelen\u00fcl pr\u00f3b\u00e1lt\u00e1k bevenni a strat\u00e9giai jelent\u0151s\u00e9g\u0171 er\u0151ss\u00e9get.<\/p>\n<p style=\"text-align: justify;\" data-start=\"478\" data-end=\"1699\">A helyzetet tov\u00e1bb s\u00falyosb\u00edtotta, hogy 1520-ban tr\u00f3nra l\u00e9pett I. Szulejm\u00e1n, aki az Oszm\u00e1n Birodalom terjeszked\u00e9s\u00e9t \u00faj lend\u00fclettel folytatta. A szult\u00e1n c\u00e9ljai k\u00f6z\u00f6tt imm\u00e1r nem csup\u00e1n a Balk\u00e1n tov\u00e1bbi megh\u00f3d\u00edt\u00e1sa szerepelt: Magyarorsz\u00e1g strat\u00e9giai jelent\u0151s\u00e9g\u0171 ter\u00fcletk\u00e9nt \u00e1llt a nyugati terjeszked\u00e9s \u00fatj\u00e1ban. Az orsz\u00e1g megh\u00f3d\u00edt\u00e1sa vagy legal\u00e1bbis vazallusi f\u00fcgg\u00e9sbe k\u00e9nyszer\u00edt\u00e9se egyben biztos\u00edthatta volna az oszm\u00e1n hadak sz\u00e1m\u00e1ra a tov\u00e1bbi nyugati hadj\u00e1ratokhoz sz\u00fcks\u00e9ges felvonul\u00e1si \u00fatvonalat a N\u00e9met-r\u00f3mai Birodalom fel\u00e9. A kor\u00e1bbi \u00e9vtizedekben id\u0151r\u0151l id\u0151re l\u00e9trej\u00f6v\u0151 b\u00e9k\u00e9k \u00e9s fegyversz\u00fcnetek lehet\u0151s\u00e9ge ez\u00e9rt egyre kev\u00e9sb\u00e9 bizonyult re\u00e1lisnak: Szulejm\u00e1n nagyszab\u00e1s\u00fa h\u00f3d\u00edt\u00f3 politik\u00e1j\u00e1ban Magyarorsz\u00e1g ekkor m\u00e1r nem csup\u00e1n \u00f6n\u00e1ll\u00f3 c\u00e9lpontk\u00e9nt, hanem a nyugat fel\u00e9 vezet\u0151 strat\u00e9giai \u00fat egyik kulcsfontoss\u00e1g\u00fa t\u00e9rs\u00e9gek\u00e9nt is fel\u00e9rt\u00e9kel\u0151d\u00f6tt. A hadj\u00e1rat nemzetk\u00f6zi h\u00e1tter\u00e9hez hozz\u00e1tartozott az I. Ferenc francia kir\u00e1ly \u00e9s Szulejm\u00e1n k\u00f6z\u00f6tt kialakult egy\u00fcttm\u0171k\u00f6d\u00e9s is. A francia uralkod\u00f3 ugyanis s\u00falyos fegyveres konfliktusban \u00e1llt a Habsburg-h\u00e1zzal, s az oszm\u00e1nok nyugati el\u0151renyomul\u00e1sa \u2013 mindenekel\u0151tt B\u00e9cs fenyeget\u00e9se \u2013 komoly katonai teherrel nehezedhetett a Habsburgokra. A francia\u2013t\u00f6r\u00f6k egy\u00fcttm\u0171k\u00f6d\u00e9s \u00edgy k\u00f6zvetve azt a c\u00e9lt is szolg\u00e1lta, hogy a Habsburgoknak egyszerre t\u00f6bb fronton kelljen helyt\u00e1llniuk. Moh\u00e1cs teh\u00e1t egy olyan eur\u00f3pai hatalmi j\u00e1tszma r\u00e9sz\u00e9v\u00e9 v\u00e1lt, amelynek t\u00e9tje messze t\u00falmutatott a Magyar Kir\u00e1lys\u00e1g sors\u00e1n.<\/p>\n<p data-start=\"478\" data-end=\"1699\"><img decoding=\"async\" class=\"aligncenter wp-image-82820 \" src=\"https:\/\/dorogimedence.hu\/wp-content\/uploads\/2026\/08\/Mohacs_2.jpg\" alt=\"\" width=\"807\" height=\"521\" srcset=\"https:\/\/dorogimedence.hu\/wp-content\/uploads\/2026\/08\/Mohacs_2.jpg 592w, https:\/\/dorogimedence.hu\/wp-content\/uploads\/2026\/08\/Mohacs_2-150x97.jpg 150w, https:\/\/dorogimedence.hu\/wp-content\/uploads\/2026\/08\/Mohacs_2-450x290.jpg 450w\" sizes=\"(max-width: 807px) 100vw, 807px\" \/><\/p>\n<p style=\"text-align: center;\" data-start=\"478\" data-end=\"1699\"><span style=\"font-size: 10pt;\"><em>A ter\u00fcleti \u00e9s hat\u00e1rviszonyok I. Szulejm\u00e1n 1520-ban t\u00f6rt\u00e9n\u0151 tr\u00f3nral\u00e9p\u00e9sekor (forr\u00e1s: gasztropusztitas.blogspot.com)<\/em><\/span><\/p>\n<p class=\"PDq2pG_selectionAnchorContainer\" style=\"text-align: justify;\" data-start=\"597\" data-end=\"1248\">A XVI. sz\u00e1zad m\u00e1sodik \u00e9vtized\u00e9re a Magyar Kir\u00e1lys\u00e1g d\u00e9li v\u00e9delmi rendszere s\u00falyos vesztes\u00e9geket szenvedett. Az oszm\u00e1n el\u0151renyomul\u00e1s k\u00f6vetkezt\u00e9ben egym\u00e1s ut\u00e1n ker\u00fcltek t\u00f6r\u00f6k k\u00e9zre a d\u00e9li v\u00e9gv\u00e1rrendszer fontos er\u0151ss\u00e9gei: Galamb\u00f3c, Zimony, Szendr\u0151, Jajca \u00e9s Szab\u00e1cs, majd 1521-ben maga N\u00e1ndorfeh\u00e9rv\u00e1r is elesett. Ut\u00f3bbi elveszt\u00e9se k\u00fcl\u00f6n\u00f6sen s\u00falyos csap\u00e1st jelentett, hiszen a d\u00e9li orsz\u00e1ghat\u00e1r egyik legfontosabb kapuja ker\u00fclt az oszm\u00e1nok kez\u00e9re, \u00e9s ezzel az orsz\u00e1g bels\u0151 ter\u00fcletei k\u00f6zvetlen\u00fcl megny\u00edltak a tov\u00e1bbi t\u00e1mad\u00e1sok el\u0151tt. A kor\u00e1bban oly fontos v\u00e9d\u0151pajzsot jelent\u0151 er\u0151drendszer meggyeng\u00fclt, mik\u00f6zben az orsz\u00e1g egyre nehezebb helyzetbe ker\u00fclt.<\/p>\n<p style=\"text-align: justify;\" data-start=\"2062\" data-end=\"2803\">Magyarorsz\u00e1g mindek\u00f6zben bels\u0151 neh\u00e9zs\u00e9gekkel is k\u00fczd\u00f6tt. Az orsz\u00e1g politikai \u00e9s t\u00e1rsadalmi megosztotts\u00e1ga, a rendek k\u00f6z\u00f6tti \u00e9rdekellent\u00e9tek, valamint az 1514-es D\u00f3zsa-f\u00e9le felkel\u00e9s k\u00f6vetkezm\u00e9nyei egyar\u00e1nt gyeng\u00edtett\u00e9k az \u00e1llam erej\u00e9t \u00e9s a k\u00f6z\u00f6s fell\u00e9p\u00e9s lehet\u0151s\u00e9g\u00e9t. Mindez k\u00fcl\u00f6n\u00f6sen kedvez\u0151 k\u00f6r\u00fclm\u00e9nyeket teremtett egy k\u00fcls\u0151 t\u00e1mad\u00f3 sz\u00e1m\u00e1ra. Szulejm\u00e1n r\u00e1ad\u00e1sul diplom\u00e1ciailag is igyekezett elszigetelni Magyarorsz\u00e1got: sorra rendezte kapcsolatait azokkal az eur\u00f3pai hatalmakkal, amelyek II. Lajosnak seg\u00edts\u00e9get ny\u00fajthattak volna, \u00edgy a magyar kir\u00e1lys\u00e1g 1526-ra rendk\u00edv\u00fcl neh\u00e9z nemzetk\u00f6zi helyzetbe ker\u00fclt. A lengyel kapcsolatok rendez\u00e9se k\u00fcl\u00f6n\u00f6sen fontos volt, hiszen a lengyel kir\u00e1ly egyben II. Lajos s\u00f3gora, Jagell\u00f3 Zsigmond volt.<\/p>\n<p data-start=\"2062\" data-end=\"2803\"><img loading=\"lazy\" decoding=\"async\" class=\"aligncenter wp-image-82842 \" src=\"https:\/\/dorogimedence.hu\/wp-content\/uploads\/2026\/08\/Mohacs_14.jpg\" alt=\"\" width=\"471\" height=\"577\" srcset=\"https:\/\/dorogimedence.hu\/wp-content\/uploads\/2026\/08\/Mohacs_14.jpg 284w, https:\/\/dorogimedence.hu\/wp-content\/uploads\/2026\/08\/Mohacs_14-150x184.jpg 150w\" sizes=\"(max-width: 471px) 100vw, 471px\" \/><\/p>\n<p style=\"text-align: center;\" data-start=\"2062\" data-end=\"2803\"><span style=\"font-size: 10pt;\"><em>II. Lajos portr\u00e9ja (forr\u00e1s: Wikemedia Commons)<\/em><\/span><\/p>\n<p style=\"text-align: justify;\" data-start=\"2808\" data-end=\"3467\">A seg\u00edts\u00e9g azonban nem maradt teljesen el. A p\u00e1pas\u00e1g p\u00e9nz\u00fcgyi t\u00e1mogat\u00e1st biztos\u00edtott a magyar v\u00e9delemhez, II. Lajos cseh kir\u00e1lyk\u00e9nt pedig cseh ter\u00fcletekr\u0151l is sz\u00e1m\u00edthatott katonai er\u0151kre. A horv\u00e1tok szint\u00e9n hozz\u00e1j\u00e1rultak a v\u00e9dekez\u00e9shez. Mindez azonban messze nem jelentett olyan \u00f6sszefog\u00e1st \u00e9s katonai er\u0151t, amely ar\u00e1nyban \u00e1llhatott volna azzal a hatalmas oszm\u00e1n sereggel, amely 1526 nyar\u00e1n Magyarorsz\u00e1g ellen indult. A Magyar Kir\u00e1lys\u00e1g teh\u00e1t egy meggyeng\u00fclt v\u00e9gv\u00e1rrendszerrel, bels\u0151 politikai neh\u00e9zs\u00e9gekkel \u00e9s korl\u00e1tozott k\u00fcls\u0151 t\u00e1mogat\u00e1ssal n\u00e9zett szembe a kor egyik leger\u0151sebb katonai hatalm\u00e1val. Moh\u00e1cs fel\u00e9 imm\u00e1r feltart\u00f3ztathatatlanul vezetett az \u00fat.<\/p>\n<p class=\"PDq2pG_selectionAnchorContainer\" style=\"text-align: justify;\" data-start=\"321\" data-end=\"1066\">Nem c\u00e9lunk, hogy a moh\u00e1csi csata r\u00e9szletes hadt\u00f6rt\u00e9neti elemz\u00e9s\u00e9t adjuk k\u00f6zre. Az \u00f6tsz\u00e1zadik \u00e9vfordul\u00f3 alkalm\u00e1b\u00f3l bizony\u00e1ra sz\u00e1mos kiv\u00e1l\u00f3 tanulm\u00e1ny \u00e9s feldolgoz\u00e1s l\u00e1t majd napvil\u00e1got, amelyek r\u00e9szletesen bemutatj\u00e1k majd az \u00fctk\u00f6zet el\u0151zm\u00e9nyeit, hadrendj\u00e9t \u00e9s lefoly\u00e1s\u00e1t. Region\u00e1lis port\u00e1lk\u00e9nt ez\u00fattal m\u00e1s szempontot helyez\u00fcnk el\u0151t\u00e9rbe: azt vizsg\u00e1ljuk, milyen sz\u00e1lakon kapcsol\u00f3dott t\u00e9rs\u00e9g\u00fcnk ehhez a sorsford\u00edt\u00f3 t\u00f6rt\u00e9nelmi esem\u00e9nyhez, \u00e9s mindenekel\u0151tt hogyan ker\u00fclt az esem\u00e9nyek k\u00f6z\u00e9ppontj\u00e1ba Szalkai L\u00e1szl\u00f3 esztergomi \u00e9rsek. A csata egyes fontosabb mozzanatait term\u00e9szetesen nem hagyjuk figyelmen k\u00edv\u00fcl, hiszen ezek n\u00e9lk\u00fcl a t\u00f6rt\u00e9net nem lenne \u00e9rthet\u0151, \u00e1m csak annyiban id\u0151z\u00fcnk el n\u00e1luk, amennyiben a f\u0151 mondanival\u00f3nk szempontj\u00e1b\u00f3l sz\u00fcks\u00e9ges.<\/p>\n<p data-start=\"321\" data-end=\"1066\"><img loading=\"lazy\" decoding=\"async\" class=\"aligncenter wp-image-82839 size-medium\" src=\"https:\/\/dorogimedence.hu\/wp-content\/uploads\/2026\/08\/Mohacs_11-467x600.jpg\" alt=\"\" width=\"467\" height=\"600\" srcset=\"https:\/\/dorogimedence.hu\/wp-content\/uploads\/2026\/08\/Mohacs_11-467x600.jpg 467w, https:\/\/dorogimedence.hu\/wp-content\/uploads\/2026\/08\/Mohacs_11-768x986.jpg 768w, https:\/\/dorogimedence.hu\/wp-content\/uploads\/2026\/08\/Mohacs_11-150x193.jpg 150w, https:\/\/dorogimedence.hu\/wp-content\/uploads\/2026\/08\/Mohacs_11-450x578.jpg 450w, https:\/\/dorogimedence.hu\/wp-content\/uploads\/2026\/08\/Mohacs_11.jpg 796w\" sizes=\"(max-width: 467px) 100vw, 467px\" \/><\/p>\n<p style=\"text-align: center;\" data-start=\"321\" data-end=\"1066\"><span style=\"font-size: 10pt;\"><em>Szulejm\u00e1n szult\u00e1n portr\u00e9ja (forr\u00e1s: mohacsi-csata.hu online)<\/em><\/span><\/p>\n<p style=\"text-align: justify;\" data-start=\"1071\" data-end=\"1579\">1526 nyar\u00e1n a kir\u00e1lyi udvarb\u00f3l kivonul\u00f3 magyar f\u0151sereg j\u00falius v\u00e9g\u00e9n indult \u00fatnak, a mind\u00f6ssze 20 esztend\u0151s II. Lajos vezet\u00e9s\u00e9vel. A sereg a Duna foly\u00e1s\u00e1t k\u00f6vetve, annak k\u00f6zel\u00e9ben vonult d\u00e9l fel\u00e9, mik\u00f6zben az oszm\u00e1n hadsereg is egyre k\u00f6zeledett. Ekkor m\u00e9g egyik f\u00e9l sem tudhatta, hogy a k\u00e9t sereg pontosan hol \u00e9s mikor tal\u00e1lkozik majd egym\u00e1ssal. A magyar hadvezet\u00e9s sz\u00e1m\u00e1ra azonban egyre nyilv\u00e1nval\u00f3bb\u00e1 v\u00e1lt, hogy az \u00f6sszecsap\u00e1s elker\u00fclhetetlen, \u00e9s az orsz\u00e1g sorsa hamarosan egyetlen nagy \u00fctk\u00f6zetben d\u0151lhet el.<\/p>\n<p class=\"PDq2pG_selectionAnchorContainer\" style=\"text-align: justify;\" data-start=\"356\" data-end=\"1081\">A d\u00e9li v\u00e9gv\u00e1rrendszer \u00f6sszeoml\u00e1sa ut\u00e1n a hat\u00e1rvid\u00e9k v\u00e9delme egyre ink\u00e1bb Tomori P\u00e1l kalocsai \u00e9rsek \u00e9s az \u00e1ltala vezetett er\u0151k v\u00e1ll\u00e1ra nehezedett. Tomori \u00e9s katon\u00e1i rendk\u00edv\u00fcli elsz\u00e1nts\u00e1ggal igyekeztek feltart\u00f3ztatni a mind gyakrabban bet\u00f6r\u0151 oszm\u00e1n csapatokat, \u00e9s el\u0151retolt v\u00e9der\u0151k\u00e9nt min\u00e9l t\u00e1volabb tartani az ellens\u00e9g porty\u00e1z\u00f3 egys\u00e9geit az orsz\u00e1g bels\u0151 ter\u00fcleteit\u0151l. Harcaik nem puszt\u00e1n v\u00e9dekez\u0151 \u00f6sszecsap\u00e1sok voltak: a magyarok sz\u00e1mos alkalommal eredm\u00e9nyesen t\u00e1madt\u00e1k \u00e9s szor\u00edtott\u00e1k vissza az oszm\u00e1n el\u0151\u0151rs\u00f6ket. A c\u00e9l egy\u00e9rtelm\u0171 volt: ha m\u00e1r a d\u00e9li hat\u00e1r v\u00e9delm\u00e9t nem lehetett helyre\u00e1ll\u00edtani, legal\u00e1bb id\u0151t nyerni, lass\u00edtani a szult\u00e1ni had el\u0151renyomul\u00e1s\u00e1t, \u00e9s lehet\u0151s\u00e9g szerint min\u00e9l d\u00e9lebbre feltart\u00f3ztatni a f\u0151sereget.<\/p>\n<p data-start=\"356\" data-end=\"1081\"><img loading=\"lazy\" decoding=\"async\" class=\"aligncenter wp-image-82840 \" src=\"https:\/\/dorogimedence.hu\/wp-content\/uploads\/2026\/08\/Mohacs_12-449x600.jpg\" alt=\"\" width=\"472\" height=\"631\" srcset=\"https:\/\/dorogimedence.hu\/wp-content\/uploads\/2026\/08\/Mohacs_12-449x600.jpg 449w, https:\/\/dorogimedence.hu\/wp-content\/uploads\/2026\/08\/Mohacs_12-150x200.jpg 150w, https:\/\/dorogimedence.hu\/wp-content\/uploads\/2026\/08\/Mohacs_12-450x601.jpg 450w, https:\/\/dorogimedence.hu\/wp-content\/uploads\/2026\/08\/Mohacs_12.jpg 476w\" sizes=\"(max-width: 472px) 100vw, 472px\" \/><\/p>\n<p style=\"text-align: center;\" data-start=\"356\" data-end=\"1081\"><span style=\"font-size: 10pt;\"><em>Tomori P\u00e1l harci p\u00e1nc\u00e9lban (forr\u00e1s: Wikemedia Commons)<\/em><\/span><\/p>\n<p style=\"text-align: justify;\" data-start=\"1086\" data-end=\"2008\">A strat\u00e9giai helyzet azonban 1526 nyar\u00e1n v\u00e9gleg megv\u00e1ltozott. A Dr\u00e1va egyik legfontosabb \u00e1tkel\u0151hely\u00e9nek sz\u00e1m\u00edt\u00f3 esz\u00e9ki h\u00eddf\u0151\u00e1ll\u00e1st a magyarok nem tudt\u00e1k megtartani, \u00edgy az oszm\u00e1n hadak el\u0151tt megny\u00edlt az \u00fat a foly\u00f3n val\u00f3 \u00e1tkel\u00e9shez. Ett\u0151l kezdve egyre bizonyosabb\u00e1 v\u00e1lt, hogy a d\u00f6nt\u0151 \u00f6sszecsap\u00e1sra m\u00e1r a Dr\u00e1v\u00e1t\u00f3l \u00e9szakra ker\u00fclhet sor. A k\u00e9t hadsereg ut\u00e1np\u00f3tl\u00e1sa szempontj\u00e1b\u00f3l a Duna is meghat\u00e1roz\u00f3 szerepet j\u00e1tszott, ez\u00e9rt a foly\u00f3 menti kik\u00f6t\u0151helyek ellen\u0151rz\u00e9se strat\u00e9giai jelent\u0151s\u00e9get kapott. Az oszm\u00e1nok igyekeztek mind \u00e9szakabbra tolni ellen\u0151rz\u00e9s\u00fck hat\u00e1r\u00e1t, mik\u00f6zben a magyarok sz\u00e1m\u00e1ra egyre kevesebb biztons\u00e1gosan haszn\u00e1lhat\u00f3 dunai kik\u00f6t\u0151 maradt. Augusztus k\u00f6zep\u00e9re Moh\u00e1cs v\u00e1lt a legd\u00e9lebbi olyan fontos kik\u00f6t\u0151helly\u00e9, amely m\u00e9g a magyarok rendelkez\u00e9s\u00e9re \u00e1llt. A f\u00f6ldrajzi \u00e9s had\u00e1szati k\u00f6r\u00fclm\u00e9nyek ezzel fokozatosan kijel\u00f6lt\u00e9k azt a helyet is, ahol a k\u00e9t sereg \u00fatja hamarosan keresztezni fogja egym\u00e1st.<\/p>\n<p class=\"PDq2pG_selectionAnchorContainer\" style=\"text-align: justify;\" data-start=\"1233\" data-end=\"2178\">A Moh\u00e1cst\u00f3l d\u00e9lre elter\u00fcl\u0151 s\u00edkon v\u00e9g\u00fcl k\u00e9t, nagys\u00e1grendj\u00e9ben \u00e9s haderej\u00e9ben is jelent\u0151sen elt\u00e9r\u0151 sereg n\u00e9zett farkasszemet egym\u00e1ssal. Az oszm\u00e1n had l\u00e9tsz\u00e1m\u00e1t a forr\u00e1sok legal\u00e1bb 80 ezer harcol\u00f3 katon\u00e1ra teszik, mik\u00f6zben a Moh\u00e1csn\u00e1l t\u00e9nylegesen felvonult magyar hader\u0151 mintegy 25\u201330 ezer f\u0151t sz\u00e1ml\u00e1lt. Ez azonban kor\u00e1ntsem volt jelent\u00e9ktelen er\u0151: a korszak viszonyai k\u00f6z\u00f6tt Magyarorsz\u00e1g komoly, \u00fct\u0151k\u00e9pes hadsereget tudott felvonultatni. A magyar had k\u00f6zpontj\u00e1t a kir\u00e1ly k\u00f6zvetlen k\u00f6rnyezete \u00e9s test\u0151rs\u00e9ge, valamint a f\u0151er\u0151k alkott\u00e1k, amelyek jelent\u0151s r\u00e9sz\u00e9t j\u00f3l k\u00e9pzett \u00e9s felszerelt lovas v\u00e9rtesek adt\u00e1k. Ezekhez csatlakozott a k\u00e9t lovass\u00e1gi sz\u00e1rny \u00e9s a gyalogs\u00e1g. A sereg d\u00f6nt\u0151 t\u00f6bbs\u00e9g\u00e9t magyar katon\u00e1k alkott\u00e1k, mellett\u00fck azonban cseh, morva, n\u00e9met, lengyel, it\u00e1liai \u00e9s szlov\u00e9n ter\u00fcletekr\u0151l \u00e9rkezett harcosok is felsorakoztak. A f\u0151vez\u00e9ri tisztet Tomori P\u00e1l kalocsai \u00e9rsek t\u00f6lt\u00f6tte be, mellette pedig Szapolyai Gy\u00f6rgy sz\u00e1m\u00edtott a had egyik legfontosabb vezet\u0151j\u00e9nek. A t\u00f6r\u00f6k sereg feje Szulejm\u00e1n szult\u00e1n volt, m\u00edg a legf\u0151bb parancsnokok Pargali Imbrahim pasa nagyvez\u00edr, Bali beglerb\u00e9g \u00e9s G\u00e1zi Huszrev bosny\u00e1k b\u00e9g.<\/p>\n<p data-start=\"1233\" data-end=\"2178\"><img loading=\"lazy\" decoding=\"async\" class=\"aligncenter wp-image-82821 size-full\" src=\"https:\/\/dorogimedence.hu\/wp-content\/uploads\/2026\/08\/Mohacs_3-scaled.jpg\" alt=\"\" width=\"2560\" height=\"2026\" srcset=\"https:\/\/dorogimedence.hu\/wp-content\/uploads\/2026\/08\/Mohacs_3-scaled.jpg 2560w, https:\/\/dorogimedence.hu\/wp-content\/uploads\/2026\/08\/Mohacs_3-600x475.jpg 600w, https:\/\/dorogimedence.hu\/wp-content\/uploads\/2026\/08\/Mohacs_3-1920x1519.jpg 1920w, https:\/\/dorogimedence.hu\/wp-content\/uploads\/2026\/08\/Mohacs_3-768x608.jpg 768w, https:\/\/dorogimedence.hu\/wp-content\/uploads\/2026\/08\/Mohacs_3-1536x1216.jpg 1536w, https:\/\/dorogimedence.hu\/wp-content\/uploads\/2026\/08\/Mohacs_3-2048x1621.jpg 2048w, https:\/\/dorogimedence.hu\/wp-content\/uploads\/2026\/08\/Mohacs_3-150x119.jpg 150w, https:\/\/dorogimedence.hu\/wp-content\/uploads\/2026\/08\/Mohacs_3-450x356.jpg 450w, https:\/\/dorogimedence.hu\/wp-content\/uploads\/2026\/08\/Mohacs_3-1200x950.jpg 1200w\" sizes=\"(max-width: 2560px) 100vw, 2560px\" \/><\/p>\n<p style=\"text-align: justify;\" data-start=\"1233\" data-end=\"2178\"><span style=\"font-size: 10pt;\"><em>A szemben\u00e1ll\u00f3 hadrendek elhelyezked\u00e9s\u00e9nek \u00e9s m\u0171veleteinek t\u00e9rk\u00e9pv\u00e1zlata (forr\u00e1s: T\u00f6rt\u00e9nettudom\u00e1nyi Kutat\u00f3int\u00e9zet &#8211; tti.abtk.hu\/terkepek online<\/em><\/span><\/p>\n<p style=\"text-align: justify;\" data-start=\"2183\" data-end=\"3171\">A kir\u00e1ly h\u00edv\u00f3 szav\u00e1ra ugyanakkor az orsz\u00e1g f\u0151urai \u00e9s a hadra foghat\u00f3 nemess\u00e9g jelent\u0151s r\u00e9sze is mozg\u00f3sult, \u00edgy a magyar kir\u00e1lys\u00e1g t\u00e9nyleges katonai ereje j\u00f3val meghaladta a Moh\u00e1csn\u00e1l megjelent had l\u00e9tsz\u00e1m\u00e1t. Szapolyai J\u00e1nos erd\u00e9lyi vajda mintegy h\u00faszezer f\u0151s sereg\u00e9vel maga is \u00fatnak indult, de a t\u00f6r\u00f6k t\u00e1mad\u00e1s ir\u00e1ny\u00e1nak bizonytalans\u00e1ga, valamint az egym\u00e1snak ellentmond\u00f3 utas\u00edt\u00e1sok miatt nem \u00e9rkezett meg id\u0151ben a csatat\u00e9rre. Amikor v\u00e9glegess\u00e9 v\u00e1lt, hogy Moh\u00e1csn\u00e1l van sz\u00fcks\u00e9g r\u00e1juk, serege m\u00e1r csak Szegedig jutott. Hasonl\u00f3k\u00e9ppen nem \u00e9rkezett meg id\u0151ben a Frangep\u00e1n Krist\u00f3f vezet\u00e9s\u00e9vel \u00fatnak indult t\u00f6bb ezres horv\u00e1t hader\u0151, valamint a cseh csapatok jelent\u0151s r\u00e9sze sem. Ha ezek az er\u0151k id\u0151ben egyes\u00fclhettek volna a kir\u00e1ly sereg\u00e9vel, a magyar\u2013sz\u00f6vets\u00e9ges hader\u0151 nagys\u00e1grendileg 50\u201360 ezer f\u0151re is n\u00f6vekedhetett volna, ami l\u00e9nyegesen m\u00e9rs\u00e9kelte volna az oszm\u00e1nok sz\u00e1mbeli f\u00f6l\u00e9ny\u00e9t. Moh\u00e1csn\u00e1l azonban v\u00e9g\u00fcl csak a rendelkez\u00e9sre \u00e1ll\u00f3 er\u0151k egy r\u00e9sze sorakozott fel a szult\u00e1ni hadsereggel szemben.<\/p>\n<p class=\"PDq2pG_selectionAnchorContainer\" style=\"text-align: justify;\" data-start=\"403\" data-end=\"923\">1526. augusztus 29-\u00e9n, a d\u00e9lut\u00e1ni 3 \u00f3ra magass\u00e1g\u00e1ban a harcot Tomori P\u00e1l vezette jobb sz\u00e1rny\u00e1nak rohama nyitotta meg, amely olyan lend\u00fclettel csapott le a rum\u00e9liai hadtestre, hogy r\u00f6vid id\u0151 alatt visszaszor\u00edtotta \u00e9s r\u00e9szben sz\u00e9t is verte. A kezdeti magyar siker nyom\u00e1n Tomori csapatai tov\u00e1bb \u00fcld\u00f6zt\u00e9k az oszm\u00e1nokat, \u00e9s a kedvez\u0151nek t\u0171n\u0151 fejlem\u00e9nyek hat\u00e1s\u00e1ra II. Lajos kir\u00e1ly is elrendelte a magyar k\u00f6z\u00e9phad \u00e1ltal\u00e1nos t\u00e1mad\u00e1s\u00e1t a t\u00f6r\u00f6k centrum ellen.<\/p>\n<p data-start=\"403\" data-end=\"923\"><img loading=\"lazy\" decoding=\"async\" class=\"aligncenter wp-image-82836 size-full\" src=\"https:\/\/dorogimedence.hu\/wp-content\/uploads\/2026\/08\/Mohacs_8.jpg\" alt=\"\" width=\"2316\" height=\"1278\" srcset=\"https:\/\/dorogimedence.hu\/wp-content\/uploads\/2026\/08\/Mohacs_8.jpg 2316w, https:\/\/dorogimedence.hu\/wp-content\/uploads\/2026\/08\/Mohacs_8-600x331.jpg 600w, https:\/\/dorogimedence.hu\/wp-content\/uploads\/2026\/08\/Mohacs_8-1920x1059.jpg 1920w, https:\/\/dorogimedence.hu\/wp-content\/uploads\/2026\/08\/Mohacs_8-768x424.jpg 768w, https:\/\/dorogimedence.hu\/wp-content\/uploads\/2026\/08\/Mohacs_8-1536x848.jpg 1536w, https:\/\/dorogimedence.hu\/wp-content\/uploads\/2026\/08\/Mohacs_8-2048x1130.jpg 2048w, https:\/\/dorogimedence.hu\/wp-content\/uploads\/2026\/08\/Mohacs_8-150x83.jpg 150w, https:\/\/dorogimedence.hu\/wp-content\/uploads\/2026\/08\/Mohacs_8-450x248.jpg 450w, https:\/\/dorogimedence.hu\/wp-content\/uploads\/2026\/08\/Mohacs_8-1200x662.jpg 1200w\" sizes=\"(max-width: 2316px) 100vw, 2316px\" \/><\/p>\n<p style=\"text-align: center;\" data-start=\"403\" data-end=\"923\"><span style=\"font-size: 10pt;\"><em>Than M\u00f3r festm\u00e9ny\u00e9n meg\u00f6r\u00f6k\u00edtett csatajelenet (forr\u00e1s: Festm\u00e9nyek &#8211; mohacsi-csata.hu)<\/em><\/span><\/p>\n<p style=\"text-align: justify;\" data-start=\"928\" data-end=\"1537\">A kibontakoz\u00f3 roham hamarosan az \u00fctk\u00f6zet egyik legdr\u00e1maibb szakasz\u00e1v\u00e1 v\u00e1lt. A magyar lovasok k\u00f6z\u00fcl t\u00f6bben eg\u00e9szen az oszm\u00e1n centrumig t\u00f6rtek el\u0151re, s egyesek m\u00e1r a janics\u00e1rok sorain is \u00e1tjutva Szulejm\u00e1n szult\u00e1n t\u00e1bor\u00e1nak k\u00f6zvetlen k\u00f6zel\u00e9be ker\u00fcltek. Ekkor azonban d\u00f6nt\u0151 fordulat k\u00f6vetkezett. A szult\u00e1n v\u00e1logatott test\u0151rs\u00e9ge, a janics\u00e1rok, korszer\u0171 t\u0171zfegyvereikkel puszt\u00edt\u00f3 sort\u00fczet z\u00fad\u00edtottak a t\u00e1mad\u00f3 magyarokra. A lovasroham lend\u00fclete megt\u00f6rt, a kezdeti magyar sikerek pedig fokozatosan szertefoszlottak. Ekkor v\u00e1lt egyre ink\u00e1bb \u00e9rz\u00e9kelhet\u0151v\u00e9 az oszm\u00e1nok jelent\u0151s sz\u00e1mbeli f\u00f6l\u00e9nye \u00e9s korszer\u0171 t\u0171zereje, k\u00f6zte 300 \u00e1gy\u00faval.<\/p>\n<p style=\"text-align: justify;\" data-start=\"1542\" data-end=\"2184\">Az \u00fctk\u00f6zet ett\u0151l kezdve mind kaotikusabb\u00e1 \u00e9s v\u00e9resebb\u00e9 v\u00e1lt. A magyar csatarend felbomlott, a lovass\u00e1g egy r\u00e9sze menek\u00fclni kezdett, mik\u00f6zben a gyalogs\u00e1g jelent\u0151s r\u00e9sze nem tudott kit\u00f6rni a harcb\u00f3l, \u00e9s elsz\u00e1ntan folytatta a k\u00fczdelmet. A harc eg\u00e9szen s\u00f6t\u00e9ted\u00e9sig elh\u00faz\u00f3dott, s a csatat\u00e9ren maradt magyar katon\u00e1k t\u00falnyom\u00f3 t\u00f6bbs\u00e9ge \u00e9let\u00e9t vesztette. A veres\u00e9g ut\u00e1n a menek\u00fcl\u00e9s k\u00f6zben is s\u00falyos vesztes\u00e9gek \u00e9rt\u00e9k a sz\u00e9tsz\u00f3r\u00f3dott magyar sereget. Mindez j\u00f3l mutatja, hogy Moh\u00e1cs nem n\u00e9h\u00e1ny r\u00f6vid \u00f3ra alatt lezajl\u00f3, egyoldal\u00fa \u00f6sszecsap\u00e1s volt, hanem kezdeti magyar sikerekkel indul\u00f3, majd dr\u00e1mai fordulatot vev\u0151, eg\u00e9sz d\u00e9lut\u00e1non \u00e1t tart\u00f3 \u00fctk\u00f6zet.<\/p>\n<p data-start=\"1542\" data-end=\"2184\"><img loading=\"lazy\" decoding=\"async\" class=\"aligncenter wp-image-82835 size-full\" src=\"https:\/\/dorogimedence.hu\/wp-content\/uploads\/2026\/08\/Mohacs_7.jpg\" alt=\"\" width=\"1338\" height=\"1053\" srcset=\"https:\/\/dorogimedence.hu\/wp-content\/uploads\/2026\/08\/Mohacs_7.jpg 1338w, https:\/\/dorogimedence.hu\/wp-content\/uploads\/2026\/08\/Mohacs_7-600x472.jpg 600w, https:\/\/dorogimedence.hu\/wp-content\/uploads\/2026\/08\/Mohacs_7-768x604.jpg 768w, https:\/\/dorogimedence.hu\/wp-content\/uploads\/2026\/08\/Mohacs_7-150x118.jpg 150w, https:\/\/dorogimedence.hu\/wp-content\/uploads\/2026\/08\/Mohacs_7-450x354.jpg 450w, https:\/\/dorogimedence.hu\/wp-content\/uploads\/2026\/08\/Mohacs_7-1200x944.jpg 1200w\" sizes=\"(max-width: 1338px) 100vw, 1338px\" \/><\/p>\n<p style=\"text-align: center;\" data-start=\"1542\" data-end=\"2184\"><span style=\"font-size: 10pt;\"><em>Az \u00fctk\u00f6zet \u00e1br\u00e1zol\u00e1sa egy korabeli t\u00f6r\u00f6k miniat\u00far\u00e1n (forr\u00e1s: Wikemedia Commons)<\/em><\/span><\/p>\n<p style=\"text-align: justify;\" data-start=\"2189\" data-end=\"2566\">A csata kimenetele m\u00e9g az oszm\u00e1n t\u00e1borban sem v\u00e1lt azonnal bizonyoss\u00e1. A hagyom\u00e1ny szerint Szulejm\u00e1n szult\u00e1n az est be\u00e1llt\u00e1val sem engedte katon\u00e1it teljesen lepihenni, hanem k\u00e9szenl\u00e9tben tartotta \u0151ket, att\u00f3l tartva, hogy a magyarok tov\u00e1bbi er\u0151i m\u00e9g t\u00e1mad\u00e1st ind\u00edthatnak. Csak m\u00e1snap v\u00e1lt egy\u00e9rtelm\u0171v\u00e9 sz\u00e1mukra, hogy a magyar kir\u00e1lyi sereg megsemmis\u00edt\u0151 veres\u00e9get szenvedett.<\/p>\n<p class=\"PDq2pG_selectionAnchorContainer\" style=\"text-align: justify;\" data-start=\"640\" data-end=\"1547\">A moh\u00e1csi veres\u00e9g \u00e1ra szinte felfoghatatlan volt. A csatat\u00e9ren \u00e9s a menek\u00fcl\u00e9s sor\u00e1n legal\u00e1bb 15 ezer magyar katona vesztette \u00e9let\u00e9t, s vel\u00fck egy\u00fctt odaveszett az orsz\u00e1g politikai \u00e9s egyh\u00e1zi vezet\u00e9s\u00e9nek jelent\u0151s r\u00e9sze is. Elesett II. Lajos kir\u00e1ly, valamint a f\u0151paps\u00e1g h\u00e9t tagja: Szalkai L\u00e1szl\u00f3 esztergomi \u00e9s Tomori P\u00e1l kalocsai \u00e9rsek, tov\u00e1bb\u00e1 Per\u00e9nyi Ferenc v\u00e1radi, Csaholy Ferenc csan\u00e1di, M\u00f3r\u00e9 F\u00fcl\u00f6p p\u00e9csi, Paksi Bal\u00e1zs gy\u0151ri \u00e9s Palinai Gy\u00f6rgy boszniai p\u00fcsp\u00f6k. A vil\u00e1gi el\u0151kel\u0151k k\u00f6z\u00fcl ugyancsak a csatat\u00e9ren maradt t\u00f6bbek k\u00f6z\u00f6tt B\u00e1thori Andr\u00e1s, T\u00f6r\u00f6k Imre, Treutel Ferenc, Korcsek J\u00e1nos, Orsz\u00e1gh Mih\u00e1ly, S\u00e1rk\u00e1ny Ambrus \u00e9s Dr\u00e1gffy J\u00e1nos orsz\u00e1gb\u00edr\u00f3 is, aki az uralkod\u00f3i z\u00e1szl\u00f3t hordozva teljes\u00edtette k\u00f6teless\u00e9g\u00e9t eg\u00e9szen a hal\u00e1l\u00e1ig. A vesztes\u00e9g nem csup\u00e1n katonai veres\u00e9get jelentett: egyetlen napon az orsz\u00e1g vezet\u00e9s\u00e9nek olyan jelent\u0151s r\u00e9sze pusztult el, amelynek k\u00f6vetkezm\u00e9nyeit Magyarorsz\u00e1g m\u00e9g hossz\u00fa \u00e9vtizedeken \u00e1t viselte.<\/p>\n<p data-start=\"640\" data-end=\"1547\"><img loading=\"lazy\" decoding=\"async\" class=\"aligncenter wp-image-82838 \" src=\"https:\/\/dorogimedence.hu\/wp-content\/uploads\/2026\/08\/Mohacs_10.jpg\" alt=\"\" width=\"791\" height=\"574\" srcset=\"https:\/\/dorogimedence.hu\/wp-content\/uploads\/2026\/08\/Mohacs_10.jpg 664w, https:\/\/dorogimedence.hu\/wp-content\/uploads\/2026\/08\/Mohacs_10-600x436.jpg 600w, https:\/\/dorogimedence.hu\/wp-content\/uploads\/2026\/08\/Mohacs_10-150x109.jpg 150w, https:\/\/dorogimedence.hu\/wp-content\/uploads\/2026\/08\/Mohacs_10-450x327.jpg 450w\" sizes=\"(max-width: 791px) 100vw, 791px\" \/><\/p>\n<p style=\"text-align: center;\" data-start=\"640\" data-end=\"1547\"><span style=\"font-size: 10pt;\"><em>Than M\u00f3r egy m\u00e1sik m\u0171v\u00e9n is a Moh\u00e1csi csat\u00e1t festette meg (forr\u00e1s: Festm\u00e9nyek &#8211; mohacsi-csata.hu)<\/em><\/span><\/p>\n<p style=\"text-align: justify;\" data-start=\"1552\" data-end=\"1915\">A kir\u00e1ly hal\u00e1la r\u00e1ad\u00e1sul m\u00e9g sok\u00e1ig bizonytalan volt. II. Lajos a menek\u00fcl\u00e9s sor\u00e1n elt\u0171nt, holttest\u00e9t k\u00f6zvetlen k\u00eds\u00e9r\u0151i; Acz\u00e9l Istv\u00e1n \u00e9s Trepka Andr\u00e1s tetemeivel egy\u00fctt pedig csak k\u00e9s\u0151bb tal\u00e1lt\u00e1k meg a Csele-patak k\u00f6zel\u00e9ben. \u00cdgy a moh\u00e1csi veres\u00e9get k\u00f6vet\u0151 napokban \u00e9s hetekben m\u00e9g az sem volt bizonyos, hogy mi t\u00f6rt\u00e9nt az uralkod\u00f3val. A Magyar Kir\u00e1lys\u00e1g azonban addigra m\u00e1r visszaford\u00edthatatlanul \u00faj korszak k\u00fcsz\u00f6b\u00e9re \u00e9rkezett.<\/p>\n<p style=\"text-align: justify;\" data-start=\"1552\" data-end=\"1915\">A moh\u00e1csi csatat\u00e9r sz\u00e1mos kiv\u00e1l\u00f3 magyar f\u0151urat \u00e9s egyh\u00e1zi m\u00e9lt\u00f3s\u00e1got temetett maga al\u00e1, \u00e1m t\u00e9rs\u00e9g\u00fcnk t\u00f6rt\u00e9nete szempontj\u00e1b\u00f3l valamennyi\u00fck k\u00f6z\u00fcl k\u00fcl\u00f6n\u00f6s jelent\u0151s\u00e9ggel b\u00edr Szalkai L\u00e1szl\u00f3 esztergomi \u00e9rsek sorsa. Az orsz\u00e1g pr\u00edm\u00e1sa nem csup\u00e1n a magyar egyh\u00e1z els\u0151 sz\u00e1m\u00fa vezet\u0151je volt, hanem \u00e9let\u00fatja r\u00e9v\u00e9n szorosan kapcsol\u00f3dott Esztergomhoz \u00e9s t\u00e1gabb t\u00e9rs\u00e9g\u00fcnkh\u00f6z is. Az \u0151 t\u00f6rt\u00e9nete ez\u00e9rt egyben a mi t\u00f6rt\u00e9net\u00fcnk r\u00e9sze is.<\/p>\n<p data-start=\"1552\" data-end=\"1915\"><img loading=\"lazy\" decoding=\"async\" class=\"aligncenter wp-image-82843 size-full\" src=\"https:\/\/dorogimedence.hu\/wp-content\/uploads\/2026\/08\/Mohacs_15.jpg\" alt=\"\" width=\"1049\" height=\"666\" srcset=\"https:\/\/dorogimedence.hu\/wp-content\/uploads\/2026\/08\/Mohacs_15.jpg 1049w, https:\/\/dorogimedence.hu\/wp-content\/uploads\/2026\/08\/Mohacs_15-600x381.jpg 600w, https:\/\/dorogimedence.hu\/wp-content\/uploads\/2026\/08\/Mohacs_15-768x488.jpg 768w, https:\/\/dorogimedence.hu\/wp-content\/uploads\/2026\/08\/Mohacs_15-150x95.jpg 150w, https:\/\/dorogimedence.hu\/wp-content\/uploads\/2026\/08\/Mohacs_15-450x286.jpg 450w\" sizes=\"(max-width: 1049px) 100vw, 1049px\" \/><\/p>\n<p style=\"text-align: justify;\" data-start=\"1552\" data-end=\"1915\"><span style=\"font-size: 10pt;\"><em>Sz\u00e9kely Bertalan festm\u00e9ny\u00e9n \u00e1ll\u00edtott eml\u00e9ket a gy\u00e1szos kimenetel\u0171 \u00f6sszecsap\u00e1snak (forr\u00e1s: Festm\u00e9nyek &#8211; mohacsi-csata.hu)<\/em><\/span><\/p>\n<p class=\"PDq2pG_selectionAnchorContainer\" style=\"text-align: justify;\" data-start=\"978\" data-end=\"1772\">Szalkai L\u00e1szl\u00f3 \u00e9let\u00fatja \u00f6nmag\u00e1ban is rendk\u00edv\u00fcli felemelked\u00e9s t\u00f6rt\u00e9nete. Az 1470-es \u00e9vek k\u00f6zep\u00e9n a Szatm\u00e1r v\u00e1rmegyei Zalk\u00e1n, a mai M\u00e1t\u00e9szalka el\u0151dj\u00e9nek tekinthet\u0151 telep\u00fcl\u00e9sen, egy egyszer\u0171 vargacsal\u00e1d gyermekek\u00e9nt sz\u00fcletett. Tanulm\u00e1nyait a s\u00e1rospataki pl\u00e9b\u00e1niai iskol\u00e1ban v\u00e9gezte, ahol Kisv\u00e1rdai J\u00e1nos tan\u00edtv\u00e1nya volt. Az itt szerzett magas szint\u0171 m\u0171velts\u00e9g\u00e9nek egyik p\u00e1ratlan eml\u00e9ke az \u00fagynevezett Szalkai-k\u00f3dex, amelyben di\u00e1kkori jegyzetei maradtak fenn. A k\u00e9zirat k\u00fcl\u00f6n\u00f6sen \u00e9rt\u00e9kes m\u0171vel\u0151d\u00e9st\u00f6rt\u00e9neti eml\u00e9k: asztron\u00f3miai, zeneelm\u00e9leti, jogi, irodalmi \u00e9s nyelvi ismereteket is \u0151riz, \u00e9s egyed\u00fcl\u00e1ll\u00f3 m\u00f3don enged betekint\u00e9st a k\u00e9s\u0151 k\u00f6z\u00e9pkori magyarorsz\u00e1gi oktat\u00e1s vil\u00e1g\u00e1ba. A k\u00f3dex ma az Esztergomi F\u0151sz\u00e9kesegyh\u00e1zi K\u00f6nyvt\u00e1r f\u00e9ltett kincsei k\u00f6z\u00e9 tartozik.<\/p>\n<p style=\"text-align: justify;\" data-start=\"1777\" data-end=\"2527\">Fiatalon a kir\u00e1lyi udvar szolg\u00e1lat\u00e1ba ker\u00fclt, p\u00e1ly\u00e1ja pedig gyors \u00fctemben \u00edvelt felfel\u00e9. 1500-ban m\u00e1r Bornemissza J\u00e1nos kir\u00e1lyi kincstart\u00f3 mellett dolgozott alkincstart\u00f3k\u00e9nt, majd a kir\u00e1lyi gyermekek j\u00f3sz\u00e1gkorm\u00e1nyz\u00f3jak\u00e9nt \u00e9s k\u00fcl\u00f6nb\u00f6z\u0151 p\u00e9nz\u00fcgyi tiszts\u00e9gekben szerzett egyre nagyobb tapasztalatot \u00e9s befoly\u00e1st. P\u00e9nz\u00fcgyi hozz\u00e1\u00e9rt\u00e9se, szervez\u0151k\u00e9szs\u00e9ge \u00e9s udvari kapcsolatai r\u00e9v\u00e9n fokozatosan az orsz\u00e1g vezet\u0151 politikai k\u00f6rei k\u00f6z\u00e9 emelkedett. 1511-t\u0151l kir\u00e1lyi titk\u00e1rk\u00e9nt m\u0171k\u00f6d\u00f6tt, 1513-t\u00f3l v\u00e1ci p\u00fcsp\u00f6k, k\u00e9s\u0151bb pedig kincstart\u00f3 \u00e9s kir\u00e1lyi kancell\u00e1r lett. P\u00e1ly\u00e1j\u00e1nak cs\u00facs\u00e1n 1524-ben elnyerte az esztergomi \u00e9rseki m\u00e9lt\u00f3s\u00e1got, ezzel Magyarorsz\u00e1g pr\u00edm\u00e1sa \u00e9s az orsz\u00e1g egyik legbefoly\u00e1sosabb k\u00f6zjogi szem\u00e9lyis\u00e9ge lett.<\/p>\n<p data-start=\"1777\" data-end=\"2527\"><img loading=\"lazy\" decoding=\"async\" class=\"aligncenter wp-image-82837 size-full\" src=\"https:\/\/dorogimedence.hu\/wp-content\/uploads\/2026\/08\/Mohacs_9.jpg\" alt=\"\" width=\"1358\" height=\"1045\" srcset=\"https:\/\/dorogimedence.hu\/wp-content\/uploads\/2026\/08\/Mohacs_9.jpg 1358w, https:\/\/dorogimedence.hu\/wp-content\/uploads\/2026\/08\/Mohacs_9-600x462.jpg 600w, https:\/\/dorogimedence.hu\/wp-content\/uploads\/2026\/08\/Mohacs_9-768x591.jpg 768w, https:\/\/dorogimedence.hu\/wp-content\/uploads\/2026\/08\/Mohacs_9-150x115.jpg 150w, https:\/\/dorogimedence.hu\/wp-content\/uploads\/2026\/08\/Mohacs_9-450x346.jpg 450w, https:\/\/dorogimedence.hu\/wp-content\/uploads\/2026\/08\/Mohacs_9-1200x923.jpg 1200w\" sizes=\"(max-width: 1358px) 100vw, 1358px\" \/><\/p>\n<p style=\"text-align: center;\" data-start=\"1777\" data-end=\"2527\"><span style=\"font-size: 10pt;\"><em>II. Lajos kir\u00e1ly holttest\u00e9nek megtal\u00e1l\u00e1sa &#8211; Sz\u00e9kely Bertalan festm\u00e9nye (forr\u00e1s: Festm\u00e9nyek &#8211; mohacsi-csata.hu)<\/em><\/span><\/p>\n<p style=\"text-align: justify;\" data-start=\"2532\" data-end=\"3235\">Szalkai nem csup\u00e1n egyh\u00e1zi m\u00e9lt\u00f3s\u00e1gk\u00e9nt, hanem az orsz\u00e1g korm\u00e1nyz\u00e1s\u00e1nak egyik meghat\u00e1roz\u00f3 szerepl\u0151jek\u00e9nt is tev\u00e9kenykedett. II. Lajos uralkod\u00e1sa alatt jelent\u0151s r\u00e9szt v\u00e1llalt a kir\u00e1lyi hatalom meger\u0151s\u00edt\u00e9s\u00e9re ir\u00e1nyul\u00f3 t\u00f6rekv\u00e9sekben, mik\u00f6zben a magyar diplom\u00e1cia ir\u00e1ny\u00edt\u00e1s\u00e1ban is fontos szerepet t\u00f6lt\u00f6tt be. 1523-ban a t\u00f6r\u00f6k\u00f6k elleni nemzetk\u00f6zi \u00f6sszefog\u00e1s megteremt\u00e9s\u00e9n dolgozott, a b\u00e9cs\u00fajhelyi t\u00e1rgyal\u00e1sokon pedig magyar r\u00e9szr\u0151l \u0151 terjesztette el\u0151 a N\u00e1ndorfeh\u00e9rv\u00e1r visszafoglal\u00e1s\u00e1ra ir\u00e1nyul\u00f3 terveket. Az orsz\u00e1g belpolitikai v\u00e1ls\u00e1gaiban ugyancsak meghat\u00e1roz\u00f3 szerepe volt, s 1525 m\u00e1sodik fel\u00e9ben a kir\u00e1lyi hatalom t\u00e9nyleges ir\u00e1ny\u00edt\u00e1s\u00e1ban is jelent\u0151s s\u00fallyal b\u00edrt.<\/p>\n<p style=\"text-align: justify;\" data-start=\"3240\" data-end=\"3767\">Egyh\u00e1zi m\u0171k\u00f6d\u00e9s\u00e9t sem szabad elv\u00e1lasztani kor\u00e1nak politikai \u00e9s vall\u00e1si viszonyait\u00f3l. \u00c9rdekes m\u00f3don b\u00e1r m\u00e1r \u00e9vekkel kor\u00e1bban p\u00fcsp\u00f6ki \u00e9s \u00e9rseki m\u00e9lt\u00f3s\u00e1gokat viselt, papp\u00e1 \u00e9s p\u00fcsp\u00f6kk\u00e9 csak 1525-ben szentelt\u00e9k fel. Egyh\u00e1zf\u0151k\u00e9nt igyekezett eleget tenni korm\u00e1nyzati feladatainak, fell\u00e9pett a hitbeli tisztas\u00e1g v\u00e9delm\u00e9ben \u00e9s a lutheranizmus terjed\u00e9se ellen, mik\u00f6zben kor\u00e1nak renesz\u00e1nsz f\u0151papjaihoz hasonl\u00f3an szem\u00e9ly\u00e9ben az egyh\u00e1zi, politikai \u00e9s kultur\u00e1lis szerepv\u00e1llal\u00e1s is \u00f6sszekapcsol\u00f3dott.<\/p>\n<p data-start=\"3240\" data-end=\"3767\"><img loading=\"lazy\" decoding=\"async\" class=\"aligncenter wp-image-82849 size-full\" src=\"https:\/\/dorogimedence.hu\/wp-content\/uploads\/2026\/08\/Mohacs_17.jpg\" alt=\"\" width=\"1130\" height=\"902\" srcset=\"https:\/\/dorogimedence.hu\/wp-content\/uploads\/2026\/08\/Mohacs_17.jpg 1130w, https:\/\/dorogimedence.hu\/wp-content\/uploads\/2026\/08\/Mohacs_17-600x479.jpg 600w, https:\/\/dorogimedence.hu\/wp-content\/uploads\/2026\/08\/Mohacs_17-768x613.jpg 768w, https:\/\/dorogimedence.hu\/wp-content\/uploads\/2026\/08\/Mohacs_17-150x120.jpg 150w, https:\/\/dorogimedence.hu\/wp-content\/uploads\/2026\/08\/Mohacs_17-450x359.jpg 450w\" sizes=\"(max-width: 1130px) 100vw, 1130px\" \/><\/p>\n<p style=\"text-align: justify;\" data-start=\"3240\" data-end=\"3767\"><span style=\"font-size: 10pt;\"><em>Szalkai L\u00e1szl\u00f3 alakja a Szalkai vit\u00e9zek teljes alakos szoborkompoz\u00edci\u00f3ban M\u00e1t\u00e9szalk\u00e1n, a nev\u00e9t visel\u0151 t\u00e9ren, k\u00e9t oldal\u00e1n testv\u00e9reivel (forr\u00e1s: www.kozterkep.hu online).<\/em><\/span><\/p>\n<p style=\"text-align: justify;\" data-start=\"3772\" data-end=\"4224\">\u00c9let\u00e9nek utols\u00f3 \u00e1llom\u00e1sa a moh\u00e1csi csatat\u00e9r lett. 1526 nyar\u00e1n, Esztergom \u00e9rsekek\u00e9nt \u00e9s Magyarorsz\u00e1g pr\u00edm\u00e1sak\u00e9nt maga is II. Lajos kir\u00e1ly sereg\u00e9vel vonult d\u00e9l fel\u00e9, jelent\u0151s sz\u00e1m\u00fa \u00e9s harc\u00e9rt\u00e9k\u0171 katon\u00e1b\u00f3l \u00e1ll\u00f3 \u00e9rseki csapat\u00e1val csatlakozva a kir\u00e1lyi f\u0151sereghez. Augusztus 29-\u00e9n, Moh\u00e1csn\u00e1l \u0151 is elesett, m\u00e9gpedig a csata v\u00e9gs\u0151 szakasz\u00e1ban, a visszavonul\u00e1si k\u00eds\u00e9rlet k\u00f6zepette. Egy olyan ember \u00e9let\u00fatja \u00e9rt v\u00e9get vele, aki egyszer\u0171 m\u00e1t\u00e9szalkai vargafi\u00fak\u00e9nt indult, majd alig t\u00f6bb mint \u00f6t \u00e9vtized alatt a Magyar Kir\u00e1lys\u00e1g legmagasabb vil\u00e1gi \u00e9s egyh\u00e1zi m\u00e9lt\u00f3s\u00e1gai k\u00f6z\u00e9 emelkedett. K\u00e9t ifjabb testv\u00e9re, Szalkai M\u00e1rton \u00e9s Szalkai Bal\u00e1zs ugyancsak ott volt a moh\u00e1csi \u00fctk\u00f6zetben, \u00e1m \u0151k a t\u00fal\u00e9l\u0151k k\u00f6z\u00f6tt maradtak. M\u00e1rton f\u0151tisztk\u00e9nt szolg\u00e1lt a seregben, Bal\u00e1zs pedig Szarvask\u0151 v\u00e1r\u00e1nak kapit\u00e1nyak\u00e9nt vett r\u00e9szt a t\u00f6r\u00f6k elleni k\u00fczdelmekben. A moh\u00e1csi v\u00e9szt k\u00f6vet\u0151 \u00e9vtizedekben mindketten tov\u00e1bb folytatt\u00e1k harcaikat az oszm\u00e1nok ellen, \u00e9s Eger 1552-es ostrom\u00e1n\u00e1l is vit\u00e9z\u00fcl helyt\u00e1lltak. Bal\u00e1zs alakj\u00e1t Tin\u00f3di Lantos Sebesty\u00e9n is meg\u00f6r\u00f6k\u00edtette az egri viadalr\u00f3l sz\u00f3l\u00f3 nevezetes \u00e9nek\u00e9ben.<\/p>\n<p data-start=\"3772\" data-end=\"4224\"><img loading=\"lazy\" decoding=\"async\" class=\"aligncenter wp-image-82846 size-full\" src=\"https:\/\/dorogimedence.hu\/wp-content\/uploads\/2026\/08\/Mohacs_16.jpg\" alt=\"\" width=\"1276\" height=\"869\" srcset=\"https:\/\/dorogimedence.hu\/wp-content\/uploads\/2026\/08\/Mohacs_16.jpg 1276w, https:\/\/dorogimedence.hu\/wp-content\/uploads\/2026\/08\/Mohacs_16-600x409.jpg 600w, https:\/\/dorogimedence.hu\/wp-content\/uploads\/2026\/08\/Mohacs_16-768x523.jpg 768w, https:\/\/dorogimedence.hu\/wp-content\/uploads\/2026\/08\/Mohacs_16-150x102.jpg 150w, https:\/\/dorogimedence.hu\/wp-content\/uploads\/2026\/08\/Mohacs_16-450x306.jpg 450w, https:\/\/dorogimedence.hu\/wp-content\/uploads\/2026\/08\/Mohacs_16-1200x817.jpg 1200w\" sizes=\"(max-width: 1276px) 100vw, 1276px\" \/><\/p>\n<p data-start=\"3772\" data-end=\"4224\"><span style=\"font-size: 10pt;\"><em>A Moh\u00e1csi T\u00f6rt\u00e9neti Eml\u00e9kpark napjainkban mad\u00e1rt\u00e1vlatb\u00f3l (forr\u00e1s: HVG &#8211; Kibontj\u00e1k a moh\u00e1csi csata eml\u00e9khely\u00e9nek egy t\u00f6megs\u00edrj\u00e1t, 2020.08.17)<\/em><\/span><\/p>\n<p style=\"text-align: justify;\" data-start=\"3772\" data-end=\"4224\">A moh\u00e1csi trag\u00e9dia m\u00e1snapj\u00e1n Szulejm\u00e1n szult\u00e1n mintegy k\u00e9tezer magyar foglyot v\u00e9geztetett ki \u2013 a t\u00f6r\u00f6k\u00f6k s\u00falyos vesztes\u00e9gei felett \u00e9rzett bossz\u00fav\u00e1gy \u00e9s a tov\u00e1bbi ellen\u00e1ll\u00e1st\u00f3l val\u00f3 f\u00e9lelem jegy\u00e9ben. A csatamez\u0151n maradt sok ezer halott sz\u00e1m\u00e1ra azonban hamarosan megadatott a v\u00e9gtisztess\u00e9g: Per\u00e9nyi Istv\u00e1n n\u00e1dor \u00f6zvegye, Kanizsai Dorottya saj\u00e1t k\u00f6lts\u00e9g\u00e9n n\u00e9gysz\u00e1z jobb\u00e1gyot \u00e9s szolg\u00e1l\u00f3t fogadott fel, akik \u00f6sszegy\u0171jt\u00f6tt\u00e9k \u00e9s m\u00e9lt\u00f3 m\u00f3don eltemett\u00e9k az elesetteket. Szulejm\u00e1n, miut\u00e1n megbizonyosodott gy\u0151zelm\u00e9r\u0151l, Bud\u00e1ra indult sereg\u00e9vel, ahol m\u00e9g abban a hitben volt, hogy a magyar kir\u00e1llyal t\u00e1rgyalhat. A moh\u00e1csi s\u00edkon elesett mintegy 15\u201320 ezer magyar harcos azonban nem csup\u00e1n egy elvesztett csata \u00e1ldozata volt: valamennyien egy v\u00e9gs\u0151kig k\u00fczd\u0151 orsz\u00e1g katon\u00e1i, h\u0151si halottai voltak. Eml\u00e9k\u00fckre m\u00e9lt\u00e1n id\u00e9zhetj\u00fck Szimonid\u00e9sz thermop\u00fclai s\u00edrfelirat\u00e1nak \u00f6r\u00f6k \u00e9rv\u00e9ny\u0171 sorait: <em><strong data-start=\"1197\" data-end=\"1243\">\u201eMegcselekedt\u00fck, amit megk\u00f6vetelt a haza.\u201d<\/strong><\/em><\/p>\n<p data-start=\"2808\" data-end=\"3467\"><span style=\"text-decoration: underline;\">Bor\u00edt\u00f3k\u00e9p<\/span>: Per\u00e9nyin\u00e9 temeti a moh\u00e1csi csata halottait &#8211; Orlai Petrics Soma fest\u00e9nye &#8211; forr\u00e1s: Magyar Nemzeti Gal\u00e9ria online<\/p>\n<p style=\"text-align: center;\" data-start=\"2808\" data-end=\"3467\">Felhaszn\u00e1lt forr\u00e1sok<\/p>\n<ul>\n<li id=\"mwBpQ\" style=\"text-align: justify;\">B. Szab\u00f3 J\u00e1nos:\u00a0<i id=\"mwBpU\">A moh\u00e1csi csata<\/i>, 4. fel\u00faj\u00edtott kiad.; Corvina, Budapest, 2024 (<i id=\"mwBpY\">Tud\u00e1st\u00e1r<\/i>)<\/li>\n<li style=\"text-align: justify;\" data-start=\"2808\" data-end=\"3467\">Brodarics Istv\u00e1n magyar kancell\u00e1r \u00e9s szer\u00e9mi p\u00fcsp\u00f6k leghitelesebb t\u00f6rt\u00e9nete a magyaroknak a t\u00f6r\u00f6k\u00f6kkel, Moh\u00e1csn\u00e1l v\u00edvott \u00fctk\u00f6zet\u00e9r\u0151l, In: Botlik Rich\u00e1rd, Illik P\u00e9ter: A moh\u00e1csi csata (1526) m\u00e1sk\u00e9ppen \u2013 A nagy temet\u0151?, Unicus Kiad\u00f3, Budapest, 2018,<\/li>\n<li style=\"text-align: justify;\" data-start=\"2808\" data-end=\"3467\">eReD\u0151; Sz\u00e1ntai Lajos: Moh\u00e1cs. K\u00e9t pog\u00e1ny k\u00f6zt &#8211; 2019.11.13.\u00a0 el\u0151ad\u00e1s<\/li>\n<li data-start=\"2808\" data-end=\"3467\">\u00c1goston G\u00e1bor: Azm\u00e1n h\u00f3d\u00edt\u00e1sok \u00e9s Eur\u00f3pa &#8211; Rubikon Int\u00e9zet Nonprofit Kft., 2022.<\/li>\n<li data-start=\"2808\" data-end=\"3467\">R\u00e9genvolt emberek \u00e9s egy\u00e9b kincsek M\u00e1t\u00e9szalk\u00e1n &#8211; regenvoltszalka.hu online<\/li>\n<\/ul>\n<p data-start=\"2808\" data-end=\"3467\"><em><strong>Szab\u00f3 Gyula<\/strong><\/em><\/p>\n","protected":false},"excerpt":{"rendered":"<p>1526. augusztus 29. a magyar t\u00f6rt\u00e9nelem egyik legs\u00f6t\u00e9tebb napjak\u00e9nt vonult be a nemzet eml\u00e9kezet\u00e9be. Ezen a napon Moh\u00e1cs mezej\u00e9n s\u00falyos veres\u00e9get szenvedett a Magyar Kir\u00e1lys\u00e1g a kor egyik legnagyobb \u00e9s leger\u0151sebb birodalma, az egyre terjeszked\u0151 Oszm\u00e1n Birodalom hadsereg\u00e9t\u0151l. A tragikus \u00fctk\u00f6zetben odaveszett II. Lajos kir\u00e1ly, az orsz\u00e1g egyh\u00e1zi \u00e9s vil\u00e1gi vezet\u0151inek jelent\u0151s r\u00e9sze, k\u00f6zt\u00fck Szalkai<\/p>\n","protected":false},"author":4,"featured_media":82816,"comment_status":"closed","ping_status":"closed","sticky":false,"template":"","format":"standard","meta":{"ngg_post_thumbnail":0,"footnotes":""},"categories":[38,3,6031,6574],"tags":[],"class_list":["post-82814","post","type-post","status-publish","format-standard","has-post-thumbnail","category-esztergom","category-hirek","category-kerek-evfordulok","category-tortenelmi-evfordulok"],"yoast_head":"<!-- This site is optimized with the Yoast SEO plugin v28.3 - https:\/\/yoast.com\/product\/yoast-seo-wordpress\/ -->\n<title>\u00d6tsz\u00e1z \u00e9ve Moh\u00e1csn\u00e1l \u2013 Szalkai L\u00e1szl\u00f3 esztergomi \u00e9rsek a v\u00e9gzetes \u00fctk\u00f6zetben<\/title>\n<meta name=\"robots\" content=\"index, follow, max-snippet:-1, max-image-preview:large, max-video-preview:-1\" \/>\n<link rel=\"canonical\" href=\"https:\/\/dorogimedence.hu\/index.php\/2026\/08\/29\/otszaz-eve-mohacsnal-szalkai-laszlo-esztergomi-ersek-a-vegzetes-utkozetben\/\" class=\"yoast-seo-meta-tag\" \/>\n<meta property=\"og:locale\" content=\"hu_HU\" class=\"yoast-seo-meta-tag\" \/>\n<meta property=\"og:type\" content=\"article\" class=\"yoast-seo-meta-tag\" \/>\n<meta property=\"og:title\" content=\"\u00d6tsz\u00e1z \u00e9ve Moh\u00e1csn\u00e1l \u2013 Szalkai L\u00e1szl\u00f3 esztergomi \u00e9rsek a v\u00e9gzetes \u00fctk\u00f6zetben\" class=\"yoast-seo-meta-tag\" \/>\n<meta property=\"og:description\" content=\"1526. augusztus 29. a magyar t\u00f6rt\u00e9nelem egyik legs\u00f6t\u00e9tebb napjak\u00e9nt vonult be a nemzet eml\u00e9kezet\u00e9be. Ezen a napon Moh\u00e1cs mezej\u00e9n s\u00falyos veres\u00e9get szenvedett a Magyar Kir\u00e1lys\u00e1g a kor egyik legnagyobb \u00e9s leger\u0151sebb birodalma, az egyre terjeszked\u0151 Oszm\u00e1n Birodalom hadsereg\u00e9t\u0151l. A tragikus \u00fctk\u00f6zetben odaveszett II. Lajos kir\u00e1ly, az orsz\u00e1g egyh\u00e1zi \u00e9s vil\u00e1gi vezet\u0151inek jelent\u0151s r\u00e9sze, k\u00f6zt\u00fck Szalkai\" class=\"yoast-seo-meta-tag\" \/>\n<meta property=\"og:url\" content=\"https:\/\/dorogimedence.hu\/index.php\/2026\/08\/29\/otszaz-eve-mohacsnal-szalkai-laszlo-esztergomi-ersek-a-vegzetes-utkozetben\/\" class=\"yoast-seo-meta-tag\" \/>\n<meta property=\"og:site_name\" content=\"Dorogi-medence Region\u00e1lis H\u00edrport\u00e1l\" class=\"yoast-seo-meta-tag\" \/>\n<meta property=\"article:publisher\" content=\"https:\/\/www.facebook.com\/dorogimedence\/\" class=\"yoast-seo-meta-tag\" \/>\n<meta property=\"article:published_time\" content=\"2026-08-29T04:21:42+00:00\" class=\"yoast-seo-meta-tag\" \/>\n<meta property=\"og:image\" content=\"https:\/\/dorogimedence.hu\/wp-content\/uploads\/2026\/08\/375740.jpg\" class=\"yoast-seo-meta-tag\" \/>\n\t<meta property=\"og:image:width\" content=\"1200\" class=\"yoast-seo-meta-tag\" \/>\n\t<meta property=\"og:image:height\" content=\"683\" class=\"yoast-seo-meta-tag\" \/>\n\t<meta property=\"og:image:type\" content=\"image\/jpeg\" class=\"yoast-seo-meta-tag\" \/>\n<meta name=\"author\" content=\"Szab\u00f3 Gyula\" class=\"yoast-seo-meta-tag\" \/>\n<meta name=\"twitter:card\" content=\"summary_large_image\" class=\"yoast-seo-meta-tag\" \/>\n<meta name=\"twitter:label1\" content=\"Szerz\u0151:\" class=\"yoast-seo-meta-tag\" \/>\n\t<meta name=\"twitter:data1\" content=\"Szab\u00f3 Gyula\" class=\"yoast-seo-meta-tag\" \/>\n\t<meta name=\"twitter:label2\" content=\"Becs\u00fclt olvas\u00e1si id\u0151\" class=\"yoast-seo-meta-tag\" \/>\n\t<meta name=\"twitter:data2\" content=\"26 perc\" class=\"yoast-seo-meta-tag\" \/>\n<script type=\"application\/ld+json\" class=\"yoast-schema-graph\">{\"@context\":\"https:\\\/\\\/schema.org\",\"@graph\":[{\"@type\":\"Article\",\"@id\":\"https:\\\/\\\/dorogimedence.hu\\\/index.php\\\/2026\\\/08\\\/29\\\/otszaz-eve-mohacsnal-szalkai-laszlo-esztergomi-ersek-a-vegzetes-utkozetben\\\/#article\",\"isPartOf\":{\"@id\":\"https:\\\/\\\/dorogimedence.hu\\\/index.php\\\/2026\\\/08\\\/29\\\/otszaz-eve-mohacsnal-szalkai-laszlo-esztergomi-ersek-a-vegzetes-utkozetben\\\/\"},\"author\":{\"name\":\"Szab\u00f3 Gyula\",\"@id\":\"https:\\\/\\\/dorogimedence.hu\\\/#\\\/schema\\\/person\\\/76605e8151ec1b7376385cd184ede973\"},\"headline\":\"\u00d6tsz\u00e1z \u00e9ve Moh\u00e1csn\u00e1l \u2013 Szalkai L\u00e1szl\u00f3 esztergomi \u00e9rsek a v\u00e9gzetes \u00fctk\u00f6zetben\",\"datePublished\":\"2026-08-29T04:21:42+00:00\",\"mainEntityOfPage\":{\"@id\":\"https:\\\/\\\/dorogimedence.hu\\\/index.php\\\/2026\\\/08\\\/29\\\/otszaz-eve-mohacsnal-szalkai-laszlo-esztergomi-ersek-a-vegzetes-utkozetben\\\/\"},\"wordCount\":5187,\"publisher\":{\"@id\":\"https:\\\/\\\/dorogimedence.hu\\\/#organization\"},\"image\":{\"@id\":\"https:\\\/\\\/dorogimedence.hu\\\/index.php\\\/2026\\\/08\\\/29\\\/otszaz-eve-mohacsnal-szalkai-laszlo-esztergomi-ersek-a-vegzetes-utkozetben\\\/#primaryimage\"},\"thumbnailUrl\":\"https:\\\/\\\/dorogimedence.hu\\\/wp-content\\\/uploads\\\/2026\\\/08\\\/375740.jpg\",\"articleSection\":[\"Esztergom\",\"H\u00edrek\",\"Kerek \u00e9vfordul\u00f3k\",\"T\u00f6rt\u00e9nelmi \u00e9vfordul\u00f3k\"],\"inLanguage\":\"hu\"},{\"@type\":\"WebPage\",\"@id\":\"https:\\\/\\\/dorogimedence.hu\\\/index.php\\\/2026\\\/08\\\/29\\\/otszaz-eve-mohacsnal-szalkai-laszlo-esztergomi-ersek-a-vegzetes-utkozetben\\\/\",\"url\":\"https:\\\/\\\/dorogimedence.hu\\\/index.php\\\/2026\\\/08\\\/29\\\/otszaz-eve-mohacsnal-szalkai-laszlo-esztergomi-ersek-a-vegzetes-utkozetben\\\/\",\"name\":\"\u00d6tsz\u00e1z \u00e9ve Moh\u00e1csn\u00e1l \u2013 Szalkai L\u00e1szl\u00f3 esztergomi \u00e9rsek a v\u00e9gzetes \u00fctk\u00f6zetben\",\"isPartOf\":{\"@id\":\"https:\\\/\\\/dorogimedence.hu\\\/#website\"},\"primaryImageOfPage\":{\"@id\":\"https:\\\/\\\/dorogimedence.hu\\\/index.php\\\/2026\\\/08\\\/29\\\/otszaz-eve-mohacsnal-szalkai-laszlo-esztergomi-ersek-a-vegzetes-utkozetben\\\/#primaryimage\"},\"image\":{\"@id\":\"https:\\\/\\\/dorogimedence.hu\\\/index.php\\\/2026\\\/08\\\/29\\\/otszaz-eve-mohacsnal-szalkai-laszlo-esztergomi-ersek-a-vegzetes-utkozetben\\\/#primaryimage\"},\"thumbnailUrl\":\"https:\\\/\\\/dorogimedence.hu\\\/wp-content\\\/uploads\\\/2026\\\/08\\\/375740.jpg\",\"datePublished\":\"2026-08-29T04:21:42+00:00\",\"breadcrumb\":{\"@id\":\"https:\\\/\\\/dorogimedence.hu\\\/index.php\\\/2026\\\/08\\\/29\\\/otszaz-eve-mohacsnal-szalkai-laszlo-esztergomi-ersek-a-vegzetes-utkozetben\\\/#breadcrumb\"},\"inLanguage\":\"hu\",\"potentialAction\":[{\"@type\":\"ReadAction\",\"target\":[\"https:\\\/\\\/dorogimedence.hu\\\/index.php\\\/2026\\\/08\\\/29\\\/otszaz-eve-mohacsnal-szalkai-laszlo-esztergomi-ersek-a-vegzetes-utkozetben\\\/\"]}]},{\"@type\":\"ImageObject\",\"inLanguage\":\"hu\",\"@id\":\"https:\\\/\\\/dorogimedence.hu\\\/index.php\\\/2026\\\/08\\\/29\\\/otszaz-eve-mohacsnal-szalkai-laszlo-esztergomi-ersek-a-vegzetes-utkozetben\\\/#primaryimage\",\"url\":\"https:\\\/\\\/dorogimedence.hu\\\/wp-content\\\/uploads\\\/2026\\\/08\\\/375740.jpg\",\"contentUrl\":\"https:\\\/\\\/dorogimedence.hu\\\/wp-content\\\/uploads\\\/2026\\\/08\\\/375740.jpg\",\"width\":1200,\"height\":683},{\"@type\":\"BreadcrumbList\",\"@id\":\"https:\\\/\\\/dorogimedence.hu\\\/index.php\\\/2026\\\/08\\\/29\\\/otszaz-eve-mohacsnal-szalkai-laszlo-esztergomi-ersek-a-vegzetes-utkozetben\\\/#breadcrumb\",\"itemListElement\":[{\"@type\":\"ListItem\",\"position\":1,\"name\":\"Kezd\u0151lap\",\"item\":\"https:\\\/\\\/dorogimedence.hu\\\/\"},{\"@type\":\"ListItem\",\"position\":2,\"name\":\"\u00d6tsz\u00e1z \u00e9ve Moh\u00e1csn\u00e1l \u2013 Szalkai L\u00e1szl\u00f3 esztergomi \u00e9rsek a v\u00e9gzetes \u00fctk\u00f6zetben\"}]},{\"@type\":\"WebSite\",\"@id\":\"https:\\\/\\\/dorogimedence.hu\\\/#website\",\"url\":\"https:\\\/\\\/dorogimedence.hu\\\/\",\"name\":\"Dorogi-medence Region\u00e1lis H\u00edrport\u00e1l\",\"description\":\"Dorog, Keszt\u00f6lc, Le\u00e1nyv\u00e1r, Piliscs\u00e9v, Tokod, Tokodalt\u00e1r\u00f3, Csolnok, Esztergom-kertv\u00e1ros: h\u00edrek, programok\",\"publisher\":{\"@id\":\"https:\\\/\\\/dorogimedence.hu\\\/#organization\"},\"potentialAction\":[{\"@type\":\"SearchAction\",\"target\":{\"@type\":\"EntryPoint\",\"urlTemplate\":\"https:\\\/\\\/dorogimedence.hu\\\/?s={search_term_string}\"},\"query-input\":{\"@type\":\"PropertyValueSpecification\",\"valueRequired\":true,\"valueName\":\"search_term_string\"}}],\"inLanguage\":\"hu\"},{\"@type\":\"Organization\",\"@id\":\"https:\\\/\\\/dorogimedence.hu\\\/#organization\",\"name\":\"Dorogi-medence Region\u00e1lis H\u00edrport\u00e1l\",\"url\":\"https:\\\/\\\/dorogimedence.hu\\\/\",\"logo\":{\"@type\":\"ImageObject\",\"inLanguage\":\"hu\",\"@id\":\"https:\\\/\\\/dorogimedence.hu\\\/#\\\/schema\\\/logo\\\/image\\\/\",\"url\":\"https:\\\/\\\/dorogimedence.hu\\\/wp-content\\\/uploads\\\/2021\\\/04\\\/logo-feher-600.png\",\"contentUrl\":\"https:\\\/\\\/dorogimedence.hu\\\/wp-content\\\/uploads\\\/2021\\\/04\\\/logo-feher-600.png\",\"width\":600,\"height\":100,\"caption\":\"Dorogi-medence Region\u00e1lis H\u00edrport\u00e1l\"},\"image\":{\"@id\":\"https:\\\/\\\/dorogimedence.hu\\\/#\\\/schema\\\/logo\\\/image\\\/\"},\"sameAs\":[\"https:\\\/\\\/www.facebook.com\\\/dorogimedence\\\/\"]},{\"@type\":\"Person\",\"@id\":\"https:\\\/\\\/dorogimedence.hu\\\/#\\\/schema\\\/person\\\/76605e8151ec1b7376385cd184ede973\",\"name\":\"Szab\u00f3 Gyula\",\"image\":{\"@type\":\"ImageObject\",\"inLanguage\":\"hu\",\"@id\":\"\\\/\\\/www.gravatar.com\\\/avatar\\\/3e44b6fb2ef9bcea3639958cc2a587cb?s=96&#038;r=g&#038;d=mm\",\"url\":\"\\\/\\\/www.gravatar.com\\\/avatar\\\/3e44b6fb2ef9bcea3639958cc2a587cb?s=96&#038;r=g&#038;d=mm\",\"contentUrl\":\"\\\/\\\/www.gravatar.com\\\/avatar\\\/3e44b6fb2ef9bcea3639958cc2a587cb?s=96&#038;r=g&#038;d=mm\",\"caption\":\"Szab\u00f3 Gyula\"}}]}<\/script>\n<!-- \/ Yoast SEO plugin. -->","yoast_head_json":{"title":"\u00d6tsz\u00e1z \u00e9ve Moh\u00e1csn\u00e1l \u2013 Szalkai L\u00e1szl\u00f3 esztergomi \u00e9rsek a v\u00e9gzetes \u00fctk\u00f6zetben","robots":{"index":"index","follow":"follow","max-snippet":"max-snippet:-1","max-image-preview":"max-image-preview:large","max-video-preview":"max-video-preview:-1"},"canonical":"https:\/\/dorogimedence.hu\/index.php\/2026\/08\/29\/otszaz-eve-mohacsnal-szalkai-laszlo-esztergomi-ersek-a-vegzetes-utkozetben\/","og_locale":"hu_HU","og_type":"article","og_title":"\u00d6tsz\u00e1z \u00e9ve Moh\u00e1csn\u00e1l \u2013 Szalkai L\u00e1szl\u00f3 esztergomi \u00e9rsek a v\u00e9gzetes \u00fctk\u00f6zetben","og_description":"1526. augusztus 29. a magyar t\u00f6rt\u00e9nelem egyik legs\u00f6t\u00e9tebb napjak\u00e9nt vonult be a nemzet eml\u00e9kezet\u00e9be. Ezen a napon Moh\u00e1cs mezej\u00e9n s\u00falyos veres\u00e9get szenvedett a Magyar Kir\u00e1lys\u00e1g a kor egyik legnagyobb \u00e9s leger\u0151sebb birodalma, az egyre terjeszked\u0151 Oszm\u00e1n Birodalom hadsereg\u00e9t\u0151l. A tragikus \u00fctk\u00f6zetben odaveszett II. Lajos kir\u00e1ly, az orsz\u00e1g egyh\u00e1zi \u00e9s vil\u00e1gi vezet\u0151inek jelent\u0151s r\u00e9sze, k\u00f6zt\u00fck Szalkai","og_url":"https:\/\/dorogimedence.hu\/index.php\/2026\/08\/29\/otszaz-eve-mohacsnal-szalkai-laszlo-esztergomi-ersek-a-vegzetes-utkozetben\/","og_site_name":"Dorogi-medence Region\u00e1lis H\u00edrport\u00e1l","article_publisher":"https:\/\/www.facebook.com\/dorogimedence\/","article_published_time":"2026-08-29T04:21:42+00:00","og_image":[{"width":1200,"height":683,"url":"https:\/\/dorogimedence.hu\/wp-content\/uploads\/2026\/08\/375740.jpg","type":"image\/jpeg"}],"author":"Szab\u00f3 Gyula","twitter_card":"summary_large_image","twitter_misc":{"Szerz\u0151:":"Szab\u00f3 Gyula","Becs\u00fclt olvas\u00e1si id\u0151":"26 perc"},"schema":{"@context":"https:\/\/schema.org","@graph":[{"@type":"Article","@id":"https:\/\/dorogimedence.hu\/index.php\/2026\/08\/29\/otszaz-eve-mohacsnal-szalkai-laszlo-esztergomi-ersek-a-vegzetes-utkozetben\/#article","isPartOf":{"@id":"https:\/\/dorogimedence.hu\/index.php\/2026\/08\/29\/otszaz-eve-mohacsnal-szalkai-laszlo-esztergomi-ersek-a-vegzetes-utkozetben\/"},"author":{"name":"Szab\u00f3 Gyula","@id":"https:\/\/dorogimedence.hu\/#\/schema\/person\/76605e8151ec1b7376385cd184ede973"},"headline":"\u00d6tsz\u00e1z \u00e9ve Moh\u00e1csn\u00e1l \u2013 Szalkai L\u00e1szl\u00f3 esztergomi \u00e9rsek a v\u00e9gzetes \u00fctk\u00f6zetben","datePublished":"2026-08-29T04:21:42+00:00","mainEntityOfPage":{"@id":"https:\/\/dorogimedence.hu\/index.php\/2026\/08\/29\/otszaz-eve-mohacsnal-szalkai-laszlo-esztergomi-ersek-a-vegzetes-utkozetben\/"},"wordCount":5187,"publisher":{"@id":"https:\/\/dorogimedence.hu\/#organization"},"image":{"@id":"https:\/\/dorogimedence.hu\/index.php\/2026\/08\/29\/otszaz-eve-mohacsnal-szalkai-laszlo-esztergomi-ersek-a-vegzetes-utkozetben\/#primaryimage"},"thumbnailUrl":"https:\/\/dorogimedence.hu\/wp-content\/uploads\/2026\/08\/375740.jpg","articleSection":["Esztergom","H\u00edrek","Kerek \u00e9vfordul\u00f3k","T\u00f6rt\u00e9nelmi \u00e9vfordul\u00f3k"],"inLanguage":"hu"},{"@type":"WebPage","@id":"https:\/\/dorogimedence.hu\/index.php\/2026\/08\/29\/otszaz-eve-mohacsnal-szalkai-laszlo-esztergomi-ersek-a-vegzetes-utkozetben\/","url":"https:\/\/dorogimedence.hu\/index.php\/2026\/08\/29\/otszaz-eve-mohacsnal-szalkai-laszlo-esztergomi-ersek-a-vegzetes-utkozetben\/","name":"\u00d6tsz\u00e1z \u00e9ve Moh\u00e1csn\u00e1l \u2013 Szalkai L\u00e1szl\u00f3 esztergomi \u00e9rsek a v\u00e9gzetes \u00fctk\u00f6zetben","isPartOf":{"@id":"https:\/\/dorogimedence.hu\/#website"},"primaryImageOfPage":{"@id":"https:\/\/dorogimedence.hu\/index.php\/2026\/08\/29\/otszaz-eve-mohacsnal-szalkai-laszlo-esztergomi-ersek-a-vegzetes-utkozetben\/#primaryimage"},"image":{"@id":"https:\/\/dorogimedence.hu\/index.php\/2026\/08\/29\/otszaz-eve-mohacsnal-szalkai-laszlo-esztergomi-ersek-a-vegzetes-utkozetben\/#primaryimage"},"thumbnailUrl":"https:\/\/dorogimedence.hu\/wp-content\/uploads\/2026\/08\/375740.jpg","datePublished":"2026-08-29T04:21:42+00:00","breadcrumb":{"@id":"https:\/\/dorogimedence.hu\/index.php\/2026\/08\/29\/otszaz-eve-mohacsnal-szalkai-laszlo-esztergomi-ersek-a-vegzetes-utkozetben\/#breadcrumb"},"inLanguage":"hu","potentialAction":[{"@type":"ReadAction","target":["https:\/\/dorogimedence.hu\/index.php\/2026\/08\/29\/otszaz-eve-mohacsnal-szalkai-laszlo-esztergomi-ersek-a-vegzetes-utkozetben\/"]}]},{"@type":"ImageObject","inLanguage":"hu","@id":"https:\/\/dorogimedence.hu\/index.php\/2026\/08\/29\/otszaz-eve-mohacsnal-szalkai-laszlo-esztergomi-ersek-a-vegzetes-utkozetben\/#primaryimage","url":"https:\/\/dorogimedence.hu\/wp-content\/uploads\/2026\/08\/375740.jpg","contentUrl":"https:\/\/dorogimedence.hu\/wp-content\/uploads\/2026\/08\/375740.jpg","width":1200,"height":683},{"@type":"BreadcrumbList","@id":"https:\/\/dorogimedence.hu\/index.php\/2026\/08\/29\/otszaz-eve-mohacsnal-szalkai-laszlo-esztergomi-ersek-a-vegzetes-utkozetben\/#breadcrumb","itemListElement":[{"@type":"ListItem","position":1,"name":"Kezd\u0151lap","item":"https:\/\/dorogimedence.hu\/"},{"@type":"ListItem","position":2,"name":"\u00d6tsz\u00e1z \u00e9ve Moh\u00e1csn\u00e1l \u2013 Szalkai L\u00e1szl\u00f3 esztergomi \u00e9rsek a v\u00e9gzetes \u00fctk\u00f6zetben"}]},{"@type":"WebSite","@id":"https:\/\/dorogimedence.hu\/#website","url":"https:\/\/dorogimedence.hu\/","name":"Dorogi-medence Region\u00e1lis H\u00edrport\u00e1l","description":"Dorog, Keszt\u00f6lc, Le\u00e1nyv\u00e1r, Piliscs\u00e9v, Tokod, Tokodalt\u00e1r\u00f3, Csolnok, Esztergom-kertv\u00e1ros: h\u00edrek, programok","publisher":{"@id":"https:\/\/dorogimedence.hu\/#organization"},"potentialAction":[{"@type":"SearchAction","target":{"@type":"EntryPoint","urlTemplate":"https:\/\/dorogimedence.hu\/?s={search_term_string}"},"query-input":{"@type":"PropertyValueSpecification","valueRequired":true,"valueName":"search_term_string"}}],"inLanguage":"hu"},{"@type":"Organization","@id":"https:\/\/dorogimedence.hu\/#organization","name":"Dorogi-medence Region\u00e1lis H\u00edrport\u00e1l","url":"https:\/\/dorogimedence.hu\/","logo":{"@type":"ImageObject","inLanguage":"hu","@id":"https:\/\/dorogimedence.hu\/#\/schema\/logo\/image\/","url":"https:\/\/dorogimedence.hu\/wp-content\/uploads\/2021\/04\/logo-feher-600.png","contentUrl":"https:\/\/dorogimedence.hu\/wp-content\/uploads\/2021\/04\/logo-feher-600.png","width":600,"height":100,"caption":"Dorogi-medence Region\u00e1lis H\u00edrport\u00e1l"},"image":{"@id":"https:\/\/dorogimedence.hu\/#\/schema\/logo\/image\/"},"sameAs":["https:\/\/www.facebook.com\/dorogimedence\/"]},{"@type":"Person","@id":"https:\/\/dorogimedence.hu\/#\/schema\/person\/76605e8151ec1b7376385cd184ede973","name":"Szab\u00f3 Gyula","image":{"@type":"ImageObject","inLanguage":"hu","@id":"\/\/www.gravatar.com\/avatar\/3e44b6fb2ef9bcea3639958cc2a587cb?s=96&#038;r=g&#038;d=mm","url":"\/\/www.gravatar.com\/avatar\/3e44b6fb2ef9bcea3639958cc2a587cb?s=96&#038;r=g&#038;d=mm","contentUrl":"\/\/www.gravatar.com\/avatar\/3e44b6fb2ef9bcea3639958cc2a587cb?s=96&#038;r=g&#038;d=mm","caption":"Szab\u00f3 Gyula"}}]}},"_links":{"self":[{"href":"https:\/\/dorogimedence.hu\/index.php\/wp-json\/wp\/v2\/posts\/82814","targetHints":{"allow":["GET"]}}],"collection":[{"href":"https:\/\/dorogimedence.hu\/index.php\/wp-json\/wp\/v2\/posts"}],"about":[{"href":"https:\/\/dorogimedence.hu\/index.php\/wp-json\/wp\/v2\/types\/post"}],"author":[{"embeddable":true,"href":"https:\/\/dorogimedence.hu\/index.php\/wp-json\/wp\/v2\/users\/4"}],"replies":[{"embeddable":true,"href":"https:\/\/dorogimedence.hu\/index.php\/wp-json\/wp\/v2\/comments?post=82814"}],"version-history":[{"count":16,"href":"https:\/\/dorogimedence.hu\/index.php\/wp-json\/wp\/v2\/posts\/82814\/revisions"}],"predecessor-version":[{"id":83216,"href":"https:\/\/dorogimedence.hu\/index.php\/wp-json\/wp\/v2\/posts\/82814\/revisions\/83216"}],"wp:featuredmedia":[{"embeddable":true,"href":"https:\/\/dorogimedence.hu\/index.php\/wp-json\/wp\/v2\/media\/82816"}],"wp:attachment":[{"href":"https:\/\/dorogimedence.hu\/index.php\/wp-json\/wp\/v2\/media?parent=82814"}],"wp:term":[{"taxonomy":"category","embeddable":true,"href":"https:\/\/dorogimedence.hu\/index.php\/wp-json\/wp\/v2\/categories?post=82814"},{"taxonomy":"post_tag","embeddable":true,"href":"https:\/\/dorogimedence.hu\/index.php\/wp-json\/wp\/v2\/tags?post=82814"}],"curies":[{"name":"wp","href":"https:\/\/api.w.org\/{rel}","templated":true}]}}