{"id":82807,"date":"2026-08-15T10:34:45","date_gmt":"2026-08-15T08:34:45","guid":{"rendered":"https:\/\/dorogimedence.hu\/?p=82807"},"modified":"2026-08-15T10:34:45","modified_gmt":"2026-08-15T08:34:45","slug":"ideiglenes-forgalomkorlatozas-lesz-a-simor-janos-utcaban-2","status":"publish","type":"post","link":"https:\/\/dorogimedence.hu\/index.php\/2026\/08\/15\/ideiglenes-forgalomkorlatozas-lesz-a-simor-janos-utcaban-2\/","title":{"rendered":"Ideiglenes forgalomkorl\u00e1toz\u00e1s lesz a Simor J\u00e1nos utc\u00e1ban"},"content":{"rendered":"<p><strong>Augusztus 18-\u00e1n, kedden ideiglenes forgalmi rend l\u00e9p \u00e9letbe Esztergomban, a Simor J\u00e1nos utca egy szakasz\u00e1n. A korl\u00e1toz\u00e1sra a 90. sz\u00e1m alatt \u00e9p\u00fcl\u0151 t\u00e1rsash\u00e1z f\u00f6d\u00e9m\u00e9nek betonoz\u00e1si munk\u00e1latai miatt van sz\u00fcks\u00e9g.<\/strong><\/p>\n<p>Esztergom Megyei Jog\u00fa V\u00e1ros <a href=\"https:\/\/esztergom.hu\/hirek\/2654-forgalmi_rend_valtozas\" target=\"_blank\" rel=\"noopener\"><span style=\"text-decoration: underline; color: #0000ff;\">t\u00e1j\u00e9koztat\u00e1sa szerint<\/span><\/a> augusztus 18-\u00e1n 7.30 \u00e9s 14.30 k\u00f6z\u00f6tt lez\u00e1rj\u00e1k a Simor J\u00e1nos utca p\u00e1ros sz\u00e1moz\u00e1s\u00fa oldal\u00e1t a Lachner Gy\u00f6rgy utca \u00e9s a Sissay k\u00f6z k\u00f6z\u00f6tti szakaszon. A Simor J\u00e1nos utca 102. \u00e9s 82. sz\u00e1m k\u00f6z\u00f6tt teljes \u00fatlez\u00e1r\u00e1s lesz.<\/p>\n<p>A 102. sz\u00e1mn\u00e1l a forgalmat a Lachner Gy\u00f6rgy utca\u2013Honv\u00e9d utca ir\u00e1ny\u00e1ba terelik. A McDrive v\u00e1s\u00e1rl\u00f3i forgalma kiv\u00e9telt k\u00e9pez, annak megk\u00f6zel\u00edthet\u0151s\u00e9g\u00e9t a munk\u00e1latok alatt is biztos\u00edtj\u00e1k. A Simor J\u00e1nos utca \u00e9s a Lachner Gy\u00f6rgy utca keresztez\u0151d\u00e9s\u00e9n\u00e9l jelz\u0151\u0151r seg\u00edti majd a k\u00f6zleked\u00e9st.<\/p>\n<p>A lez\u00e1r\u00e1s idej\u00e9re a Simor J\u00e1nos utca egyir\u00e1ny\u00fa forgalmi rendje is m\u00f3dosul: a 82. sz\u00e1m ut\u00e1n az utca a Sissay k\u00f6z vonal\u00e1ig ideiglenesen k\u00e9tir\u00e1ny\u00fav\u00e1 v\u00e1lik. Ezzel biztos\u00edtj\u00e1k az \u00e9rintett \u00fczletek megk\u00f6zel\u00edt\u00e9s\u00e9t \u00e9s az \u00e1rusz\u00e1ll\u00edt\u00e1st.<\/p>\n<p>A lez\u00e1r\u00e1st \u00e9s a ker\u00fcl\u0151 \u00fatir\u00e1nyt s\u00e1rga t\u00e1bl\u00e1k jelzik. A gyalogos k\u00f6zleked\u00e9s kisebb korl\u00e1toz\u00e1sok mellett a p\u00e1ros sz\u00e1moz\u00e1s\u00fa oldalon is biztos\u00edtott lesz.<\/p>\n<p>A forgalomkorl\u00e1toz\u00e1sra a Simor J\u00e1nos utca 90. sz\u00e1m alatt zajl\u00f3 t\u00e1rsash\u00e1z\u00e9p\u00edt\u00e9shez kapcsol\u00f3d\u00f3 f\u00f6d\u00e9mbetonoz\u00e1s, valamint a munkater\u00fcletet kiszolg\u00e1l\u00f3 mixer g\u00e9pkocsik k\u00f6zleked\u00e9se miatt van sz\u00fcks\u00e9g.<\/p>\n<p><em>Forr\u00e1s: esztergom.hu<\/em><br \/>\n<em>Bor\u00edt\u00f3k\u00e9p: illusztr\u00e1ci\u00f3<\/em><\/p>\n","protected":false},"excerpt":{"rendered":"<p>Augusztus 18-\u00e1n, kedden ideiglenes forgalmi rend l\u00e9p \u00e9letbe Esztergomban, a Simor J\u00e1nos utca egy szakasz\u00e1n. A korl\u00e1toz\u00e1sra a 90. sz\u00e1m alatt \u00e9p\u00fcl\u0151 t\u00e1rsash\u00e1z f\u00f6d\u00e9m\u00e9nek betonoz\u00e1si munk\u00e1latai miatt van sz\u00fcks\u00e9g. Esztergom Megyei Jog\u00fa V\u00e1ros t\u00e1j\u00e9koztat\u00e1sa szerint augusztus 18-\u00e1n 7.30 \u00e9s 14.30 k\u00f6z\u00f6tt lez\u00e1rj\u00e1k a Simor J\u00e1nos utca p\u00e1ros sz\u00e1moz\u00e1s\u00fa oldal\u00e1t a Lachner Gy\u00f6rgy utca \u00e9s a<\/p>\n","protected":false},"author":1,"featured_media":46913,"comment_status":"closed","ping_status":"closed","sticky":false,"template":"","format":"standard","meta":{"ngg_post_thumbnail":0,"footnotes":""},"categories":[38,3],"tags":[42,6081,738],"class_list":["post-82807","post","type-post","status-publish","format-standard","has-post-thumbnail","category-esztergom","category-hirek","tag-esztergom","tag-forgalmirend-valtozas","tag-forgalomkorlatozas"],"yoast_head":"<!-- This site is optimized with the Yoast SEO plugin v28.3 - https:\/\/yoast.com\/product\/yoast-seo-wordpress\/ -->\n<title>Ideiglenes forgalomkorl\u00e1toz\u00e1s lesz a Simor J\u00e1nos utc\u00e1ban<\/title>\n<meta name=\"robots\" content=\"index, follow, max-snippet:-1, max-image-preview:large, max-video-preview:-1\" \/>\n<link rel=\"canonical\" href=\"https:\/\/dorogimedence.hu\/index.php\/2026\/08\/15\/ideiglenes-forgalomkorlatozas-lesz-a-simor-janos-utcaban-2\/\" class=\"yoast-seo-meta-tag\" \/>\n<meta property=\"og:locale\" content=\"hu_HU\" class=\"yoast-seo-meta-tag\" \/>\n<meta property=\"og:type\" content=\"article\" class=\"yoast-seo-meta-tag\" \/>\n<meta property=\"og:title\" content=\"Ideiglenes forgalomkorl\u00e1toz\u00e1s lesz a Simor J\u00e1nos utc\u00e1ban\" class=\"yoast-seo-meta-tag\" \/>\n<meta property=\"og:description\" content=\"Augusztus 18-\u00e1n, kedden ideiglenes forgalmi rend l\u00e9p \u00e9letbe Esztergomban, a Simor J\u00e1nos utca egy szakasz\u00e1n. A korl\u00e1toz\u00e1sra a 90. sz\u00e1m alatt \u00e9p\u00fcl\u0151 t\u00e1rsash\u00e1z f\u00f6d\u00e9m\u00e9nek betonoz\u00e1si munk\u00e1latai miatt van sz\u00fcks\u00e9g. Esztergom Megyei Jog\u00fa V\u00e1ros t\u00e1j\u00e9koztat\u00e1sa szerint augusztus 18-\u00e1n 7.30 \u00e9s 14.30 k\u00f6z\u00f6tt lez\u00e1rj\u00e1k a Simor J\u00e1nos utca p\u00e1ros sz\u00e1moz\u00e1s\u00fa oldal\u00e1t a Lachner Gy\u00f6rgy utca \u00e9s a\" class=\"yoast-seo-meta-tag\" \/>\n<meta property=\"og:url\" content=\"https:\/\/dorogimedence.hu\/index.php\/2026\/08\/15\/ideiglenes-forgalomkorlatozas-lesz-a-simor-janos-utcaban-2\/\" class=\"yoast-seo-meta-tag\" \/>\n<meta property=\"og:site_name\" content=\"Dorogi-medence Region\u00e1lis H\u00edrport\u00e1l\" class=\"yoast-seo-meta-tag\" \/>\n<meta property=\"article:publisher\" content=\"https:\/\/www.facebook.com\/dorogimedence\/\" class=\"yoast-seo-meta-tag\" \/>\n<meta property=\"article:published_time\" content=\"2026-08-15T08:34:45+00:00\" class=\"yoast-seo-meta-tag\" \/>\n<meta property=\"og:image\" content=\"https:\/\/dorogimedence.hu\/wp-content\/uploads\/2022\/09\/traffic_signs_g8657c2d28_1280.jpg\" class=\"yoast-seo-meta-tag\" \/>\n\t<meta property=\"og:image:width\" content=\"1280\" class=\"yoast-seo-meta-tag\" \/>\n\t<meta property=\"og:image:height\" content=\"905\" class=\"yoast-seo-meta-tag\" \/>\n\t<meta property=\"og:image:type\" content=\"image\/jpeg\" class=\"yoast-seo-meta-tag\" \/>\n<meta name=\"author\" content=\"dorogimedence.hu\" class=\"yoast-seo-meta-tag\" \/>\n<meta name=\"twitter:card\" content=\"summary_large_image\" class=\"yoast-seo-meta-tag\" \/>\n<meta name=\"twitter:label1\" content=\"Szerz\u0151:\" class=\"yoast-seo-meta-tag\" \/>\n\t<meta name=\"twitter:data1\" content=\"dorogimedence.hu\" class=\"yoast-seo-meta-tag\" \/>\n\t<meta name=\"twitter:label2\" content=\"Becs\u00fclt olvas\u00e1si id\u0151\" class=\"yoast-seo-meta-tag\" \/>\n\t<meta name=\"twitter:data2\" content=\"2 perc\" class=\"yoast-seo-meta-tag\" \/>\n<script type=\"application\/ld+json\" class=\"yoast-schema-graph\">{\"@context\":\"https:\\\/\\\/schema.org\",\"@graph\":[{\"@type\":\"Article\",\"@id\":\"https:\\\/\\\/dorogimedence.hu\\\/index.php\\\/2026\\\/08\\\/15\\\/ideiglenes-forgalomkorlatozas-lesz-a-simor-janos-utcaban-2\\\/#article\",\"isPartOf\":{\"@id\":\"https:\\\/\\\/dorogimedence.hu\\\/index.php\\\/2026\\\/08\\\/15\\\/ideiglenes-forgalomkorlatozas-lesz-a-simor-janos-utcaban-2\\\/\"},\"author\":{\"name\":\"dorogimedence.hu\",\"@id\":\"https:\\\/\\\/dorogimedence.hu\\\/#\\\/schema\\\/person\\\/ce6091eeb7e95ecdc87890d6aa8e0fd4\"},\"headline\":\"Ideiglenes forgalomkorl\u00e1toz\u00e1s lesz a Simor J\u00e1nos utc\u00e1ban\",\"datePublished\":\"2026-08-15T08:34:45+00:00\",\"mainEntityOfPage\":{\"@id\":\"https:\\\/\\\/dorogimedence.hu\\\/index.php\\\/2026\\\/08\\\/15\\\/ideiglenes-forgalomkorlatozas-lesz-a-simor-janos-utcaban-2\\\/\"},\"wordCount\":332,\"publisher\":{\"@id\":\"https:\\\/\\\/dorogimedence.hu\\\/#organization\"},\"image\":{\"@id\":\"https:\\\/\\\/dorogimedence.hu\\\/index.php\\\/2026\\\/08\\\/15\\\/ideiglenes-forgalomkorlatozas-lesz-a-simor-janos-utcaban-2\\\/#primaryimage\"},\"thumbnailUrl\":\"https:\\\/\\\/dorogimedence.hu\\\/wp-content\\\/uploads\\\/2022\\\/09\\\/traffic_signs_g8657c2d28_1280.jpg\",\"keywords\":[\"esztergom\",\"forgalmirend-v\u00e1ltoz\u00e1s\",\"forgalomkorl\u00e1toz\u00e1s\"],\"articleSection\":[\"Esztergom\",\"H\u00edrek\"],\"inLanguage\":\"hu\"},{\"@type\":\"WebPage\",\"@id\":\"https:\\\/\\\/dorogimedence.hu\\\/index.php\\\/2026\\\/08\\\/15\\\/ideiglenes-forgalomkorlatozas-lesz-a-simor-janos-utcaban-2\\\/\",\"url\":\"https:\\\/\\\/dorogimedence.hu\\\/index.php\\\/2026\\\/08\\\/15\\\/ideiglenes-forgalomkorlatozas-lesz-a-simor-janos-utcaban-2\\\/\",\"name\":\"Ideiglenes forgalomkorl\u00e1toz\u00e1s lesz a Simor J\u00e1nos utc\u00e1ban\",\"isPartOf\":{\"@id\":\"https:\\\/\\\/dorogimedence.hu\\\/#website\"},\"primaryImageOfPage\":{\"@id\":\"https:\\\/\\\/dorogimedence.hu\\\/index.php\\\/2026\\\/08\\\/15\\\/ideiglenes-forgalomkorlatozas-lesz-a-simor-janos-utcaban-2\\\/#primaryimage\"},\"image\":{\"@id\":\"https:\\\/\\\/dorogimedence.hu\\\/index.php\\\/2026\\\/08\\\/15\\\/ideiglenes-forgalomkorlatozas-lesz-a-simor-janos-utcaban-2\\\/#primaryimage\"},\"thumbnailUrl\":\"https:\\\/\\\/dorogimedence.hu\\\/wp-content\\\/uploads\\\/2022\\\/09\\\/traffic_signs_g8657c2d28_1280.jpg\",\"datePublished\":\"2026-08-15T08:34:45+00:00\",\"breadcrumb\":{\"@id\":\"https:\\\/\\\/dorogimedence.hu\\\/index.php\\\/2026\\\/08\\\/15\\\/ideiglenes-forgalomkorlatozas-lesz-a-simor-janos-utcaban-2\\\/#breadcrumb\"},\"inLanguage\":\"hu\",\"potentialAction\":[{\"@type\":\"ReadAction\",\"target\":[\"https:\\\/\\\/dorogimedence.hu\\\/index.php\\\/2026\\\/08\\\/15\\\/ideiglenes-forgalomkorlatozas-lesz-a-simor-janos-utcaban-2\\\/\"]}]},{\"@type\":\"ImageObject\",\"inLanguage\":\"hu\",\"@id\":\"https:\\\/\\\/dorogimedence.hu\\\/index.php\\\/2026\\\/08\\\/15\\\/ideiglenes-forgalomkorlatozas-lesz-a-simor-janos-utcaban-2\\\/#primaryimage\",\"url\":\"https:\\\/\\\/dorogimedence.hu\\\/wp-content\\\/uploads\\\/2022\\\/09\\\/traffic_signs_g8657c2d28_1280.jpg\",\"contentUrl\":\"https:\\\/\\\/dorogimedence.hu\\\/wp-content\\\/uploads\\\/2022\\\/09\\\/traffic_signs_g8657c2d28_1280.jpg\",\"width\":1280,\"height\":905},{\"@type\":\"BreadcrumbList\",\"@id\":\"https:\\\/\\\/dorogimedence.hu\\\/index.php\\\/2026\\\/08\\\/15\\\/ideiglenes-forgalomkorlatozas-lesz-a-simor-janos-utcaban-2\\\/#breadcrumb\",\"itemListElement\":[{\"@type\":\"ListItem\",\"position\":1,\"name\":\"Kezd\u0151lap\",\"item\":\"https:\\\/\\\/dorogimedence.hu\\\/\"},{\"@type\":\"ListItem\",\"position\":2,\"name\":\"Ideiglenes forgalomkorl\u00e1toz\u00e1s lesz a Simor J\u00e1nos utc\u00e1ban\"}]},{\"@type\":\"WebSite\",\"@id\":\"https:\\\/\\\/dorogimedence.hu\\\/#website\",\"url\":\"https:\\\/\\\/dorogimedence.hu\\\/\",\"name\":\"Dorogi-medence Region\u00e1lis H\u00edrport\u00e1l\",\"description\":\"Dorog, Keszt\u00f6lc, Le\u00e1nyv\u00e1r, Piliscs\u00e9v, Tokod, Tokodalt\u00e1r\u00f3, Csolnok, Esztergom-kertv\u00e1ros: h\u00edrek, programok\",\"publisher\":{\"@id\":\"https:\\\/\\\/dorogimedence.hu\\\/#organization\"},\"potentialAction\":[{\"@type\":\"SearchAction\",\"target\":{\"@type\":\"EntryPoint\",\"urlTemplate\":\"https:\\\/\\\/dorogimedence.hu\\\/?s={search_term_string}\"},\"query-input\":{\"@type\":\"PropertyValueSpecification\",\"valueRequired\":true,\"valueName\":\"search_term_string\"}}],\"inLanguage\":\"hu\"},{\"@type\":\"Organization\",\"@id\":\"https:\\\/\\\/dorogimedence.hu\\\/#organization\",\"name\":\"Dorogi-medence Region\u00e1lis H\u00edrport\u00e1l\",\"url\":\"https:\\\/\\\/dorogimedence.hu\\\/\",\"logo\":{\"@type\":\"ImageObject\",\"inLanguage\":\"hu\",\"@id\":\"https:\\\/\\\/dorogimedence.hu\\\/#\\\/schema\\\/logo\\\/image\\\/\",\"url\":\"https:\\\/\\\/dorogimedence.hu\\\/wp-content\\\/uploads\\\/2021\\\/04\\\/logo-feher-600.png\",\"contentUrl\":\"https:\\\/\\\/dorogimedence.hu\\\/wp-content\\\/uploads\\\/2021\\\/04\\\/logo-feher-600.png\",\"width\":600,\"height\":100,\"caption\":\"Dorogi-medence Region\u00e1lis H\u00edrport\u00e1l\"},\"image\":{\"@id\":\"https:\\\/\\\/dorogimedence.hu\\\/#\\\/schema\\\/logo\\\/image\\\/\"},\"sameAs\":[\"https:\\\/\\\/www.facebook.com\\\/dorogimedence\\\/\"]},{\"@type\":\"Person\",\"@id\":\"https:\\\/\\\/dorogimedence.hu\\\/#\\\/schema\\\/person\\\/ce6091eeb7e95ecdc87890d6aa8e0fd4\",\"name\":\"dorogimedence.hu\",\"image\":{\"@type\":\"ImageObject\",\"inLanguage\":\"hu\",\"@id\":\"\\\/\\\/www.gravatar.com\\\/avatar\\\/d8d45f8901aadff40a4af72c0b826f1d?s=96&#038;r=g&#038;d=mm\",\"url\":\"\\\/\\\/www.gravatar.com\\\/avatar\\\/d8d45f8901aadff40a4af72c0b826f1d?s=96&#038;r=g&#038;d=mm\",\"contentUrl\":\"\\\/\\\/www.gravatar.com\\\/avatar\\\/d8d45f8901aadff40a4af72c0b826f1d?s=96&#038;r=g&#038;d=mm\",\"caption\":\"dorogimedence.hu\"}}]}<\/script>\n<!-- \/ Yoast SEO plugin. -->","yoast_head_json":{"title":"Ideiglenes forgalomkorl\u00e1toz\u00e1s lesz a Simor J\u00e1nos utc\u00e1ban","robots":{"index":"index","follow":"follow","max-snippet":"max-snippet:-1","max-image-preview":"max-image-preview:large","max-video-preview":"max-video-preview:-1"},"canonical":"https:\/\/dorogimedence.hu\/index.php\/2026\/08\/15\/ideiglenes-forgalomkorlatozas-lesz-a-simor-janos-utcaban-2\/","og_locale":"hu_HU","og_type":"article","og_title":"Ideiglenes forgalomkorl\u00e1toz\u00e1s lesz a Simor J\u00e1nos utc\u00e1ban","og_description":"Augusztus 18-\u00e1n, kedden ideiglenes forgalmi rend l\u00e9p \u00e9letbe Esztergomban, a Simor J\u00e1nos utca egy szakasz\u00e1n. A korl\u00e1toz\u00e1sra a 90. sz\u00e1m alatt \u00e9p\u00fcl\u0151 t\u00e1rsash\u00e1z f\u00f6d\u00e9m\u00e9nek betonoz\u00e1si munk\u00e1latai miatt van sz\u00fcks\u00e9g. Esztergom Megyei Jog\u00fa V\u00e1ros t\u00e1j\u00e9koztat\u00e1sa szerint augusztus 18-\u00e1n 7.30 \u00e9s 14.30 k\u00f6z\u00f6tt lez\u00e1rj\u00e1k a Simor J\u00e1nos utca p\u00e1ros sz\u00e1moz\u00e1s\u00fa oldal\u00e1t a Lachner Gy\u00f6rgy utca \u00e9s a","og_url":"https:\/\/dorogimedence.hu\/index.php\/2026\/08\/15\/ideiglenes-forgalomkorlatozas-lesz-a-simor-janos-utcaban-2\/","og_site_name":"Dorogi-medence Region\u00e1lis H\u00edrport\u00e1l","article_publisher":"https:\/\/www.facebook.com\/dorogimedence\/","article_published_time":"2026-08-15T08:34:45+00:00","og_image":[{"width":1280,"height":905,"url":"https:\/\/dorogimedence.hu\/wp-content\/uploads\/2022\/09\/traffic_signs_g8657c2d28_1280.jpg","type":"image\/jpeg"}],"author":"dorogimedence.hu","twitter_card":"summary_large_image","twitter_misc":{"Szerz\u0151:":"dorogimedence.hu","Becs\u00fclt olvas\u00e1si id\u0151":"2 perc"},"schema":{"@context":"https:\/\/schema.org","@graph":[{"@type":"Article","@id":"https:\/\/dorogimedence.hu\/index.php\/2026\/08\/15\/ideiglenes-forgalomkorlatozas-lesz-a-simor-janos-utcaban-2\/#article","isPartOf":{"@id":"https:\/\/dorogimedence.hu\/index.php\/2026\/08\/15\/ideiglenes-forgalomkorlatozas-lesz-a-simor-janos-utcaban-2\/"},"author":{"name":"dorogimedence.hu","@id":"https:\/\/dorogimedence.hu\/#\/schema\/person\/ce6091eeb7e95ecdc87890d6aa8e0fd4"},"headline":"Ideiglenes forgalomkorl\u00e1toz\u00e1s lesz a Simor J\u00e1nos utc\u00e1ban","datePublished":"2026-08-15T08:34:45+00:00","mainEntityOfPage":{"@id":"https:\/\/dorogimedence.hu\/index.php\/2026\/08\/15\/ideiglenes-forgalomkorlatozas-lesz-a-simor-janos-utcaban-2\/"},"wordCount":332,"publisher":{"@id":"https:\/\/dorogimedence.hu\/#organization"},"image":{"@id":"https:\/\/dorogimedence.hu\/index.php\/2026\/08\/15\/ideiglenes-forgalomkorlatozas-lesz-a-simor-janos-utcaban-2\/#primaryimage"},"thumbnailUrl":"https:\/\/dorogimedence.hu\/wp-content\/uploads\/2022\/09\/traffic_signs_g8657c2d28_1280.jpg","keywords":["esztergom","forgalmirend-v\u00e1ltoz\u00e1s","forgalomkorl\u00e1toz\u00e1s"],"articleSection":["Esztergom","H\u00edrek"],"inLanguage":"hu"},{"@type":"WebPage","@id":"https:\/\/dorogimedence.hu\/index.php\/2026\/08\/15\/ideiglenes-forgalomkorlatozas-lesz-a-simor-janos-utcaban-2\/","url":"https:\/\/dorogimedence.hu\/index.php\/2026\/08\/15\/ideiglenes-forgalomkorlatozas-lesz-a-simor-janos-utcaban-2\/","name":"Ideiglenes forgalomkorl\u00e1toz\u00e1s lesz a Simor J\u00e1nos utc\u00e1ban","isPartOf":{"@id":"https:\/\/dorogimedence.hu\/#website"},"primaryImageOfPage":{"@id":"https:\/\/dorogimedence.hu\/index.php\/2026\/08\/15\/ideiglenes-forgalomkorlatozas-lesz-a-simor-janos-utcaban-2\/#primaryimage"},"image":{"@id":"https:\/\/dorogimedence.hu\/index.php\/2026\/08\/15\/ideiglenes-forgalomkorlatozas-lesz-a-simor-janos-utcaban-2\/#primaryimage"},"thumbnailUrl":"https:\/\/dorogimedence.hu\/wp-content\/uploads\/2022\/09\/traffic_signs_g8657c2d28_1280.jpg","datePublished":"2026-08-15T08:34:45+00:00","breadcrumb":{"@id":"https:\/\/dorogimedence.hu\/index.php\/2026\/08\/15\/ideiglenes-forgalomkorlatozas-lesz-a-simor-janos-utcaban-2\/#breadcrumb"},"inLanguage":"hu","potentialAction":[{"@type":"ReadAction","target":["https:\/\/dorogimedence.hu\/index.php\/2026\/08\/15\/ideiglenes-forgalomkorlatozas-lesz-a-simor-janos-utcaban-2\/"]}]},{"@type":"ImageObject","inLanguage":"hu","@id":"https:\/\/dorogimedence.hu\/index.php\/2026\/08\/15\/ideiglenes-forgalomkorlatozas-lesz-a-simor-janos-utcaban-2\/#primaryimage","url":"https:\/\/dorogimedence.hu\/wp-content\/uploads\/2022\/09\/traffic_signs_g8657c2d28_1280.jpg","contentUrl":"https:\/\/dorogimedence.hu\/wp-content\/uploads\/2022\/09\/traffic_signs_g8657c2d28_1280.jpg","width":1280,"height":905},{"@type":"BreadcrumbList","@id":"https:\/\/dorogimedence.hu\/index.php\/2026\/08\/15\/ideiglenes-forgalomkorlatozas-lesz-a-simor-janos-utcaban-2\/#breadcrumb","itemListElement":[{"@type":"ListItem","position":1,"name":"Kezd\u0151lap","item":"https:\/\/dorogimedence.hu\/"},{"@type":"ListItem","position":2,"name":"Ideiglenes forgalomkorl\u00e1toz\u00e1s lesz a Simor J\u00e1nos utc\u00e1ban"}]},{"@type":"WebSite","@id":"https:\/\/dorogimedence.hu\/#website","url":"https:\/\/dorogimedence.hu\/","name":"Dorogi-medence Region\u00e1lis H\u00edrport\u00e1l","description":"Dorog, Keszt\u00f6lc, Le\u00e1nyv\u00e1r, Piliscs\u00e9v, Tokod, Tokodalt\u00e1r\u00f3, Csolnok, Esztergom-kertv\u00e1ros: h\u00edrek, programok","publisher":{"@id":"https:\/\/dorogimedence.hu\/#organization"},"potentialAction":[{"@type":"SearchAction","target":{"@type":"EntryPoint","urlTemplate":"https:\/\/dorogimedence.hu\/?s={search_term_string}"},"query-input":{"@type":"PropertyValueSpecification","valueRequired":true,"valueName":"search_term_string"}}],"inLanguage":"hu"},{"@type":"Organization","@id":"https:\/\/dorogimedence.hu\/#organization","name":"Dorogi-medence Region\u00e1lis H\u00edrport\u00e1l","url":"https:\/\/dorogimedence.hu\/","logo":{"@type":"ImageObject","inLanguage":"hu","@id":"https:\/\/dorogimedence.hu\/#\/schema\/logo\/image\/","url":"https:\/\/dorogimedence.hu\/wp-content\/uploads\/2021\/04\/logo-feher-600.png","contentUrl":"https:\/\/dorogimedence.hu\/wp-content\/uploads\/2021\/04\/logo-feher-600.png","width":600,"height":100,"caption":"Dorogi-medence Region\u00e1lis H\u00edrport\u00e1l"},"image":{"@id":"https:\/\/dorogimedence.hu\/#\/schema\/logo\/image\/"},"sameAs":["https:\/\/www.facebook.com\/dorogimedence\/"]},{"@type":"Person","@id":"https:\/\/dorogimedence.hu\/#\/schema\/person\/ce6091eeb7e95ecdc87890d6aa8e0fd4","name":"dorogimedence.hu","image":{"@type":"ImageObject","inLanguage":"hu","@id":"\/\/www.gravatar.com\/avatar\/d8d45f8901aadff40a4af72c0b826f1d?s=96&#038;r=g&#038;d=mm","url":"\/\/www.gravatar.com\/avatar\/d8d45f8901aadff40a4af72c0b826f1d?s=96&#038;r=g&#038;d=mm","contentUrl":"\/\/www.gravatar.com\/avatar\/d8d45f8901aadff40a4af72c0b826f1d?s=96&#038;r=g&#038;d=mm","caption":"dorogimedence.hu"}}]}},"_links":{"self":[{"href":"https:\/\/dorogimedence.hu\/index.php\/wp-json\/wp\/v2\/posts\/82807","targetHints":{"allow":["GET"]}}],"collection":[{"href":"https:\/\/dorogimedence.hu\/index.php\/wp-json\/wp\/v2\/posts"}],"about":[{"href":"https:\/\/dorogimedence.hu\/index.php\/wp-json\/wp\/v2\/types\/post"}],"author":[{"embeddable":true,"href":"https:\/\/dorogimedence.hu\/index.php\/wp-json\/wp\/v2\/users\/1"}],"replies":[{"embeddable":true,"href":"https:\/\/dorogimedence.hu\/index.php\/wp-json\/wp\/v2\/comments?post=82807"}],"version-history":[{"count":1,"href":"https:\/\/dorogimedence.hu\/index.php\/wp-json\/wp\/v2\/posts\/82807\/revisions"}],"predecessor-version":[{"id":82808,"href":"https:\/\/dorogimedence.hu\/index.php\/wp-json\/wp\/v2\/posts\/82807\/revisions\/82808"}],"wp:featuredmedia":[{"embeddable":true,"href":"https:\/\/dorogimedence.hu\/index.php\/wp-json\/wp\/v2\/media\/46913"}],"wp:attachment":[{"href":"https:\/\/dorogimedence.hu\/index.php\/wp-json\/wp\/v2\/media?parent=82807"}],"wp:term":[{"taxonomy":"category","embeddable":true,"href":"https:\/\/dorogimedence.hu\/index.php\/wp-json\/wp\/v2\/categories?post=82807"},{"taxonomy":"post_tag","embeddable":true,"href":"https:\/\/dorogimedence.hu\/index.php\/wp-json\/wp\/v2\/tags?post=82807"}],"curies":[{"name":"wp","href":"https:\/\/api.w.org\/{rel}","templated":true}]}}