{"id":82803,"date":"2026-08-15T09:35:40","date_gmt":"2026-08-15T07:35:40","guid":{"rendered":"https:\/\/dorogimedence.hu\/?p=82803"},"modified":"2026-08-15T09:35:40","modified_gmt":"2026-08-15T07:35:40","slug":"bejartak-a-kenyermezoi-patak-medret-nehezfem-szennyezes-es-illegalis-hulladek-is-problemat-jelent","status":"publish","type":"post","link":"https:\/\/dorogimedence.hu\/index.php\/2026\/08\/15\/bejartak-a-kenyermezoi-patak-medret-nehezfem-szennyezes-es-illegalis-hulladek-is-problemat-jelent\/","title":{"rendered":"Bej\u00e1rt\u00e1k a Keny\u00e9rmez\u0151i-patak medr\u00e9t: neh\u00e9zf\u00e9m-szennyez\u00e9s \u00e9s illeg\u00e1lis hullad\u00e9k is probl\u00e9m\u00e1t jelent"},"content":{"rendered":"<p><strong>Augusztus 14-\u00e9n Magyar P\u00e9ter dorogi \u00f6nkorm\u00e1nyzati k\u00e9pvisel\u0151, Lieber Tam\u00e1s, a Benedek Endre Barlangkutat\u00f3 \u00e9s Term\u00e9szetv\u00e9delmi Egyes\u00fclet (BEBTE) eln\u00f6ke, valamint Czanek Bal\u00e1zs k\u00f6rnyezetm\u00e9rn\u00f6k j\u00e1rta be a Keny\u00e9rmez\u0151i-patak dorogi szakasz\u00e1t. A helysz\u00edni szemle sor\u00e1n a patakmeder \u00e1llapot\u00e1t vizsg\u00e1lt\u00e1k \u00e9s dokument\u00e1lt\u00e1k, mik\u00f6zben t\u00f6bb helyen nagy mennyis\u00e9g\u0171 hullad\u00e9kot is tal\u00e1ltak. A patak \u00fcgy\u00e9ben kor\u00e1bban b\u00fcntet\u0151elj\u00e1r\u00e1s indult, a hat\u00f3s\u00e1gi vizsg\u00e1lat pedig neh\u00e9zf\u00e9m jelenl\u00e9t\u00e9t mutatta ki az egyik befoly\u00f3 folyad\u00e9kban.<\/strong><\/p>\n<h3>V\u00e9gigj\u00e1rt\u00e1k a patakmedret<\/h3>\n<p>Magyar P\u00e9ter <a href=\"https:\/\/www.facebook.com\/magyar.peter.dorog\/posts\/pfbid0a4M8NNPDWQiU7iUGRfKzN4d2RhcWuvYUz26UNGy5HVyaBxSnDWgvk9192ZT5PDEFl\" target=\"_blank\" rel=\"noopener\"><span style=\"text-decoration: underline; color: #0000ff;\">besz\u00e1mol\u00f3ja szerint<\/span><\/a> a cs\u00fct\u00f6rt\u00f6ki bej\u00e1r\u00e1s sor\u00e1n ez\u00fattal nemcsak a partr\u00f3l vizsg\u00e1lt\u00e1k a Keny\u00e9rmez\u0151i-patakot, hanem v\u00e9gigmentek annak medr\u00e9ben is, hogy k\u00f6zelebbr\u0151l szem\u00fcgyre vegy\u00e9k \u00e9s dokument\u00e1lj\u00e1k a jelenlegi \u00e1llapotokat.<\/p>\n<p>A k\u00e9pvisel\u0151vel tartott Lieber Tam\u00e1s, a BEBTE eln\u00f6ke, aki r\u00e9g\u00f3ta foglalkozik k\u00f6rnyezet- \u00e9s term\u00e9szetv\u00e9delemmel, valamint Czanek Bal\u00e1zs k\u00f6rnyezetm\u00e9rn\u00f6k.<\/p>\n<p>A bej\u00e1r\u00e1s sor\u00e1n t\u00f6bb probl\u00e9m\u00e1s ter\u00fcletet is tal\u00e1ltak. Magyar P\u00e9ter t\u00e1j\u00e9koztat\u00e1sa szerint a patakmeder mellett nagy mennyis\u00e9g\u0171, k\u00fcl\u00f6nb\u00f6z\u0151 eredet\u0171 \u00e9p\u00edt\u00e9si \u00e9s bont\u00e1si hullad\u00e9kot, faanyagot, f\u00e9met, lemezeket, b\u00fatorokat \u00e9s egy\u00e9b hullad\u00e9kot fedeztek fel. A tapasztalt \u00e1llapotokr\u00f3l f\u00e9nyk\u00e9pes dokument\u00e1ci\u00f3 k\u00e9sz\u00fclt.<\/p>\n<p>A k\u00e9pvisel\u0151 k\u00f6z\u00f6lte, hogy megteszi a sz\u00fcks\u00e9ges l\u00e9p\u00e9seket, a patak \u00e1llapot\u00e1nak vizsg\u00e1lat\u00e1t pedig folytatj\u00e1k annak \u00e9rdek\u00e9ben, hogy kider\u00fclj\u00f6n, milyen tov\u00e1bbi probl\u00e9m\u00e1k \u00e9rinthetik a v\u00edzfoly\u00e1st.<\/p>\n<h3>Neh\u00e9zf\u00e9met mutattak ki a befoly\u00f3 folyad\u00e9kban<\/h3>\n<p>A mostani bej\u00e1r\u00e1st egy h\u00f3napok \u00f3ta h\u00faz\u00f3d\u00f3 \u00fcgy el\u0151zte meg. Magyar P\u00e9ter augusztus 9-\u00e9n <a href=\"https:\/\/www.facebook.com\/reel\/2932847003722667\" target=\"_blank\" rel=\"noopener\"><span style=\"text-decoration: underline; color: #0000ff;\">k\u00f6zz\u00e9tett vide\u00f3j\u00e1ban<\/span><\/a> arr\u00f3l sz\u00e1molt be, hogy mintegy f\u00e9l \u00e9ve foglalkozik a Keny\u00e9rmez\u0151i-patak szennyez\u00e9s\u00e9vel.<\/p>\n<p>T\u00e1j\u00e9koztat\u00e1sa szerint a Dorogi Rend\u0151rkapit\u00e1nys\u00e1g ismeretlen tettes ellen folytat b\u00fcntet\u0151elj\u00e1r\u00e1st. A k\u00e9pvisel\u0151 a nyomoz\u00f3 hat\u00f3s\u00e1gt\u00f3l kapott inform\u00e1ci\u00f3kra hivatkozva azt is k\u00f6z\u00f6lte, hogy a Gy\u0151r-Moson-Sopron V\u00e1rmegyei Korm\u00e1nyhivatal v\u00edz\u00fcgyi hat\u00f3s\u00e1ga megvizsg\u00e1lta a patakba befoly\u00f3 folyad\u00e9kot, amelyben neh\u00e9zf\u00e9met mutattak ki.<\/p>\n<p>Magyar P\u00e9ter szerint tov\u00e1bbra sem ismert, honnan sz\u00e1rmazik a szennyez\u00e9s, illetve milyen tov\u00e1bbi anyagok ker\u00fclhettek a patakba. A k\u00e9pvisel\u0151 ez\u00e9rt az \u00fcgy kivizsg\u00e1l\u00e1s\u00e1hoz miniszteri seg\u00edts\u00e9get is k\u00e9rt.<\/p>\n<h3>J\u00faniusban indult b\u00fcntet\u0151elj\u00e1r\u00e1s<\/h3>\n<p>Magyar P\u00e9ter <a href=\"https:\/\/www.facebook.com\/magyar.peter.dorog\/posts\/pfbid02Q8NZzH1frXQiSqSkTeNouJsWFBFNPPA2YKcuUmFQTqBoYLGpjiCEMEUo3hJwRB2Dl\" target=\"_blank\" rel=\"noopener\"><span style=\"text-decoration: underline; color: #0000ff;\">m\u00e1r j\u00fanius 16-\u00e1n arr\u00f3l t\u00e1j\u00e9koztatott<\/span><\/a>, hogy bejelent\u00e9se nyom\u00e1n b\u00fcntet\u0151elj\u00e1r\u00e1s indult. A Dorogi Rend\u0151rkapit\u00e1nys\u00e1g t\u00e1j\u00e9koztat\u00e1sa szerint a hat\u00f3s\u00e1g a B\u00fcntet\u0151 T\u00f6rv\u00e9nyk\u00f6nyv k\u00f6rnyezetk\u00e1ros\u00edt\u00e1sra vonatkoz\u00f3 rendelkez\u00e9se alapj\u00e1n, vesz\u00e9lyeztet\u00e9st eredm\u00e9nyez\u0151 k\u00f6rnyezetk\u00e1ros\u00edt\u00e1s b\u0171ntett\u00e9nek megalapozott gyan\u00faja miatt rendelt el b\u00fcntet\u0151elj\u00e1r\u00e1st ismeretlen tettes ellen.<\/p>\n<p>Az elj\u00e1r\u00e1s teh\u00e1t jelenleg is folyamatban van, mik\u00f6zben a patak \u00e1llapot\u00e1nak helysz\u00edni vizsg\u00e1lata \u00e9s dokument\u00e1l\u00e1sa is folytat\u00f3dik.<\/p>\n<h3>A patak \u00e1llapota t\u00f6bb k\u00f6rnyezeti probl\u00e9m\u00e1ra is r\u00e1mutat<\/h3>\n<p>A bej\u00e1r\u00e1s ut\u00e1n Lieber Tam\u00e1s <a href=\"https:\/\/www.facebook.com\/groups\/bebteszemetirtok\/posts\/1997632994262050\/\" target=\"_blank\" rel=\"noopener\"><span style=\"text-decoration: underline; color: #0000ff;\">r\u00e9szletesen \u00e9rt\u00e9kelte<\/span><\/a> a Keny\u00e9rmez\u0151i-patak helyzet\u00e9t. A BEBTE eln\u00f6ke szerint a kl\u00edmav\u00e1ltoz\u00e1s hat\u00e1sai, a tart\u00f3s h\u0151s\u00e9g \u00e9s a csapad\u00e9khi\u00e1ny egyre vil\u00e1gosabban mutatj\u00e1k meg, mennyire fontos a term\u00e9szeti k\u00f6rnyezet meg\u00f3v\u00e1sa.<\/p>\n<p>Mint \u00edrta, Dorog kedvez\u0151 term\u00e9szeti adotts\u00e1gokkal rendelkezik: a v\u00e1rost hegyvid\u00e9kek veszik k\u00f6r\u00fcl, a medence k\u00f6zep\u00e9n tal\u00e1lhat\u00f3 a Palatinus-t\u00f3, a telep\u00fcl\u00e9sen pedig kereszt\u00fclfolyik a Keny\u00e9rmez\u0151i-patak. Az idillinek t\u0171n\u0151 k\u00e9p m\u00f6g\u00f6tt azonban sz\u00e1mos probl\u00e9ma h\u00faz\u00f3dik meg: az erd\u0151kben \u00e9s k\u00fclter\u00fcleteken megjelen\u0151 illeg\u00e1lis hullad\u00e9kt\u00f3l kezdve a t\u00f3 alacsony v\u00edzszintj\u00e9n \u00e1t eg\u00e9szen a patak szennyez\u00e9s\u00e9ig.<\/p>\n<p>A Tinnye \u00e9s Piliscsaba k\u00f6z\u00f6tti ter\u00fcletr\u0151l ered\u0151, majd Esztergomn\u00e1l a Kis-Dun\u00e1ba torkoll\u00f3, mintegy 40 kilom\u00e9ter hossz\u00fa Keny\u00e9rmez\u0151i-patak t\u00f6bb telep\u00fcl\u00e9st is \u00e9rint. Lieber Tam\u00e1s szerint Dorogon k\u00fcl\u00f6n\u00f6sen fontos szerepe van, hiszen itt s\u0171r\u0171n lakott ter\u00fcleteken, lak\u00f3telepek mellett halad kereszt\u00fcl a v\u00e1roson.<\/p>\n<p>A BEBTE eln\u00f6ke \u00fagy v\u00e9li, hogy a v\u00edzfoly\u00e1s \u00e1llapota egyfajta indik\u00e1tora annak, hogyan viszonyul a helyi k\u00f6z\u00f6ss\u00e9g a term\u00e9szeti k\u00f6rnyezethez. A patakba ker\u00fcl\u0151 szennyez\u0151d\u00e9sek ugyanakkor nem minden esetben Dorogr\u00f3l sz\u00e1rmaznak, hiszen a v\u00edzfoly\u00e1s m\u00e1r a v\u00e1rosba \u00e9rkez\u00e9se el\u0151tt t\u00f6bb telep\u00fcl\u00e9sen \u00e1thalad.<\/p>\n<h3>K\u00fcls\u0151 \u00e9s helyi probl\u00e9m\u00e1k egyar\u00e1nt terhelhetik a patakot<\/h3>\n<p>Lieber Tam\u00e1s felid\u00e9zte, hogy a Keny\u00e9rmez\u0151i-patak szennyez\u00e9se nem \u00faj kelet\u0171 probl\u00e9ma. Gyermekkor\u00e1b\u00f3l arra is eml\u00e9kszik, amikor az egykori Keszt\u00f6lci Tap\u00e9tagy\u00e1r m\u0171k\u00f6d\u00e9se idej\u00e9n id\u0151nk\u00e9nt z\u00f6ldre vagy pirosra sz\u00ednez\u0151d\u00f6tt a patak vize.<\/p>\n<p>Kit\u00e9rt arra is, hogy Piliscsaba \u00e9s J\u00e1szfalu k\u00f6z\u00f6tt kor\u00e1bban kiterjedt vizeny\u0151s, l\u00e1pos ter\u00fcletek h\u00faz\u00f3dtak a patak ment\u00e9n, amelyek jelent\u0151s r\u00e9sz\u00e9t k\u00e9s\u0151bb felt\u00f6lt\u00f6tt\u00e9k. V\u00e9lem\u00e9nye szerint a kl\u00edmav\u00e1ltoz\u00e1s \u00e9s a v\u00edzhi\u00e1ny t\u00fckr\u00e9ben ma k\u00fcl\u00f6n\u00f6sen nagy \u00e9rt\u00e9ket k\u00e9pviseln\u00e9nek ezek az egykori vizes \u00e9l\u0151helyek.<\/p>\n<p>A BEBTE eln\u00f6ke a le\u00e1nyv\u00e1ri szennyv\u00edztiszt\u00edt\u00f3 kapacit\u00e1s\u00e1t \u00e9s a dorogi illeg\u00e1lis bek\u00f6t\u00e9sek k\u00e9rd\u00e9s\u00e9t is olyan probl\u00e9mak\u00e9nt eml\u00edtette, amelyekkel szerinte foglalkozni kell. Emellett hangs\u00falyozta az egy\u00e9ni felel\u0151ss\u00e9g fontoss\u00e1g\u00e1t is: \u00e1ll\u00e1spontja szerint a k\u00f6rnyezet \u00e1llapot\u00e1nak jav\u00edt\u00e1s\u00e1hoz a k\u00f6z\u00f6mb\u00f6ss\u00e9gen \u00e9s azon a szeml\u00e9leten is v\u00e1ltoztatni kell, amely szerint a v\u00edz majd \u201e\u00fagyis elviszi\u201d a beleker\u00fcl\u0151 szennyez\u0151d\u00e9seket.<\/p>\n<h3>K\u00f6rnyezeti nevel\u00e9s helysz\u00edne lehetne a Keny\u00e9rmez\u0151i-patak<\/h3>\n<p>A cs\u00fct\u00f6rt\u00f6ki bej\u00e1r\u00e1snak ugyanakkor nem kiz\u00e1r\u00f3lag a jelenlegi \u00e1llapot felm\u00e9r\u00e9se volt a c\u00e9lja. Lieber Tam\u00e1s szerint szeretn\u00e9k el\u00e9rni, hogy a Keny\u00e9rmez\u0151i-patak a j\u00f6v\u0151ben a helyi k\u00f6rnyezeti nevel\u00e9s akt\u00edv terep\u00e9v\u00e9 v\u00e1ljon.<\/p>\n<p>A c\u00e9l az lenne, hogy a patakon kereszt\u00fcl egyszer\u0171en \u00e9s k\u00f6z\u00e9rthet\u0151en mutass\u00e1k be azokat a term\u00e9szeti \u00f6sszef\u00fcgg\u00e9seket, amelyek meg\u00e9rt\u00e9se hozz\u00e1j\u00e1rulhat ahhoz, hogy a k\u00f6vetkez\u0151 gener\u00e1ci\u00f3k tudatosabban viszonyuljanak saj\u00e1t k\u00f6rnyezet\u00fckh\u00f6z.<\/p>\n<p>A Keny\u00e9rmez\u0151i-patak \u00fcgy\u00e9nek vizsg\u00e1lata teh\u00e1t t\u00f6bb sz\u00e1lon folytat\u00f3dik: mik\u00f6zben a rend\u0151rs\u00e9g a felt\u00e9telezett k\u00f6rnyezetk\u00e1ros\u00edt\u00e1s miatt nyomoz, helyi szakemberek \u00e9s civilek a v\u00edzfoly\u00e1s jelenlegi \u00e1llapot\u00e1nak felt\u00e1r\u00e1s\u00e1n, dokument\u00e1l\u00e1s\u00e1n, valamint hosszabb t\u00e1von a k\u00f6rnyezeti szeml\u00e9letform\u00e1l\u00e1son dolgoznak.<\/p>\n<p><em>Bor\u00edt\u00f3k\u00e9p: Magyar P\u00e9ter Facebook-oldala<\/em><\/p>\n","protected":false},"excerpt":{"rendered":"<p>Augusztus 14-\u00e9n Magyar P\u00e9ter dorogi \u00f6nkorm\u00e1nyzati k\u00e9pvisel\u0151, Lieber Tam\u00e1s, a Benedek Endre Barlangkutat\u00f3 \u00e9s Term\u00e9szetv\u00e9delmi Egyes\u00fclet (BEBTE) eln\u00f6ke, valamint Czanek Bal\u00e1zs k\u00f6rnyezetm\u00e9rn\u00f6k j\u00e1rta be a Keny\u00e9rmez\u0151i-patak dorogi szakasz\u00e1t. A helysz\u00edni szemle sor\u00e1n a patakmeder \u00e1llapot\u00e1t vizsg\u00e1lt\u00e1k \u00e9s dokument\u00e1lt\u00e1k, mik\u00f6zben t\u00f6bb helyen nagy mennyis\u00e9g\u0171 hullad\u00e9kot is tal\u00e1ltak. A patak \u00fcgy\u00e9ben kor\u00e1bban b\u00fcntet\u0151elj\u00e1r\u00e1s indult, a hat\u00f3s\u00e1gi vizsg\u00e1lat<\/p>\n","protected":false},"author":1,"featured_media":82804,"comment_status":"closed","ping_status":"closed","sticky":false,"template":"","format":"standard","meta":{"ngg_post_thumbnail":0,"footnotes":""},"categories":[2,3],"tags":[15,532,9037],"class_list":["post-82803","post","type-post","status-publish","format-standard","has-post-thumbnail","category-dorog","category-hirek","tag-dorog","tag-kenyermezei-patak","tag-kornyezetszennyezes"],"yoast_head":"<!-- This site is optimized with the Yoast SEO plugin v28.3 - https:\/\/yoast.com\/product\/yoast-seo-wordpress\/ -->\n<title>Bej\u00e1rt\u00e1k a Keny\u00e9rmez\u0151i-patak medr\u00e9t: neh\u00e9zf\u00e9m-szennyez\u00e9s \u00e9s illeg\u00e1lis hullad\u00e9k is probl\u00e9m\u00e1t jelent<\/title>\n<meta name=\"robots\" content=\"index, follow, max-snippet:-1, max-image-preview:large, max-video-preview:-1\" \/>\n<link rel=\"canonical\" href=\"https:\/\/dorogimedence.hu\/index.php\/2026\/08\/15\/bejartak-a-kenyermezoi-patak-medret-nehezfem-szennyezes-es-illegalis-hulladek-is-problemat-jelent\/\" class=\"yoast-seo-meta-tag\" \/>\n<meta property=\"og:locale\" content=\"hu_HU\" class=\"yoast-seo-meta-tag\" \/>\n<meta property=\"og:type\" content=\"article\" class=\"yoast-seo-meta-tag\" \/>\n<meta property=\"og:title\" content=\"Bej\u00e1rt\u00e1k a Keny\u00e9rmez\u0151i-patak medr\u00e9t: neh\u00e9zf\u00e9m-szennyez\u00e9s \u00e9s illeg\u00e1lis hullad\u00e9k is probl\u00e9m\u00e1t jelent\" class=\"yoast-seo-meta-tag\" \/>\n<meta property=\"og:description\" content=\"Augusztus 14-\u00e9n Magyar P\u00e9ter dorogi \u00f6nkorm\u00e1nyzati k\u00e9pvisel\u0151, Lieber Tam\u00e1s, a Benedek Endre Barlangkutat\u00f3 \u00e9s Term\u00e9szetv\u00e9delmi Egyes\u00fclet (BEBTE) eln\u00f6ke, valamint Czanek Bal\u00e1zs k\u00f6rnyezetm\u00e9rn\u00f6k j\u00e1rta be a Keny\u00e9rmez\u0151i-patak dorogi szakasz\u00e1t. A helysz\u00edni szemle sor\u00e1n a patakmeder \u00e1llapot\u00e1t vizsg\u00e1lt\u00e1k \u00e9s dokument\u00e1lt\u00e1k, mik\u00f6zben t\u00f6bb helyen nagy mennyis\u00e9g\u0171 hullad\u00e9kot is tal\u00e1ltak. A patak \u00fcgy\u00e9ben kor\u00e1bban b\u00fcntet\u0151elj\u00e1r\u00e1s indult, a hat\u00f3s\u00e1gi vizsg\u00e1lat\" class=\"yoast-seo-meta-tag\" \/>\n<meta property=\"og:url\" content=\"https:\/\/dorogimedence.hu\/index.php\/2026\/08\/15\/bejartak-a-kenyermezoi-patak-medret-nehezfem-szennyezes-es-illegalis-hulladek-is-problemat-jelent\/\" class=\"yoast-seo-meta-tag\" \/>\n<meta property=\"og:site_name\" content=\"Dorogi-medence Region\u00e1lis H\u00edrport\u00e1l\" class=\"yoast-seo-meta-tag\" \/>\n<meta property=\"article:publisher\" content=\"https:\/\/www.facebook.com\/dorogimedence\/\" class=\"yoast-seo-meta-tag\" \/>\n<meta property=\"article:published_time\" content=\"2026-08-15T07:35:40+00:00\" class=\"yoast-seo-meta-tag\" \/>\n<meta property=\"og:image\" content=\"https:\/\/dorogimedence.hu\/wp-content\/uploads\/2026\/08\/774407267_3126430894207956_7429670412446267289_n.jpg\" class=\"yoast-seo-meta-tag\" \/>\n\t<meta property=\"og:image:width\" content=\"2048\" class=\"yoast-seo-meta-tag\" \/>\n\t<meta property=\"og:image:height\" content=\"1536\" class=\"yoast-seo-meta-tag\" \/>\n\t<meta property=\"og:image:type\" content=\"image\/jpeg\" class=\"yoast-seo-meta-tag\" \/>\n<meta name=\"author\" content=\"dorogimedence.hu\" class=\"yoast-seo-meta-tag\" \/>\n<meta name=\"twitter:card\" content=\"summary_large_image\" class=\"yoast-seo-meta-tag\" \/>\n<meta name=\"twitter:label1\" content=\"Szerz\u0151:\" class=\"yoast-seo-meta-tag\" \/>\n\t<meta name=\"twitter:data1\" content=\"dorogimedence.hu\" class=\"yoast-seo-meta-tag\" \/>\n\t<meta name=\"twitter:label2\" content=\"Becs\u00fclt olvas\u00e1si id\u0151\" class=\"yoast-seo-meta-tag\" \/>\n\t<meta name=\"twitter:data2\" content=\"6 perc\" class=\"yoast-seo-meta-tag\" \/>\n<script type=\"application\/ld+json\" class=\"yoast-schema-graph\">{\"@context\":\"https:\\\/\\\/schema.org\",\"@graph\":[{\"@type\":\"Article\",\"@id\":\"https:\\\/\\\/dorogimedence.hu\\\/index.php\\\/2026\\\/08\\\/15\\\/bejartak-a-kenyermezoi-patak-medret-nehezfem-szennyezes-es-illegalis-hulladek-is-problemat-jelent\\\/#article\",\"isPartOf\":{\"@id\":\"https:\\\/\\\/dorogimedence.hu\\\/index.php\\\/2026\\\/08\\\/15\\\/bejartak-a-kenyermezoi-patak-medret-nehezfem-szennyezes-es-illegalis-hulladek-is-problemat-jelent\\\/\"},\"author\":{\"name\":\"dorogimedence.hu\",\"@id\":\"https:\\\/\\\/dorogimedence.hu\\\/#\\\/schema\\\/person\\\/ce6091eeb7e95ecdc87890d6aa8e0fd4\"},\"headline\":\"Bej\u00e1rt\u00e1k a Keny\u00e9rmez\u0151i-patak medr\u00e9t: neh\u00e9zf\u00e9m-szennyez\u00e9s \u00e9s illeg\u00e1lis hullad\u00e9k is probl\u00e9m\u00e1t jelent\",\"datePublished\":\"2026-08-15T07:35:40+00:00\",\"mainEntityOfPage\":{\"@id\":\"https:\\\/\\\/dorogimedence.hu\\\/index.php\\\/2026\\\/08\\\/15\\\/bejartak-a-kenyermezoi-patak-medret-nehezfem-szennyezes-es-illegalis-hulladek-is-problemat-jelent\\\/\"},\"wordCount\":1306,\"publisher\":{\"@id\":\"https:\\\/\\\/dorogimedence.hu\\\/#organization\"},\"image\":{\"@id\":\"https:\\\/\\\/dorogimedence.hu\\\/index.php\\\/2026\\\/08\\\/15\\\/bejartak-a-kenyermezoi-patak-medret-nehezfem-szennyezes-es-illegalis-hulladek-is-problemat-jelent\\\/#primaryimage\"},\"thumbnailUrl\":\"https:\\\/\\\/dorogimedence.hu\\\/wp-content\\\/uploads\\\/2026\\\/08\\\/774407267_3126430894207956_7429670412446267289_n.jpg\",\"keywords\":[\"Dorog\",\"Keny\u00e9rmezei-patak\",\"k\u00f6rnyezetszennyez\u00e9s\"],\"articleSection\":[\"Dorog\",\"H\u00edrek\"],\"inLanguage\":\"hu\"},{\"@type\":\"WebPage\",\"@id\":\"https:\\\/\\\/dorogimedence.hu\\\/index.php\\\/2026\\\/08\\\/15\\\/bejartak-a-kenyermezoi-patak-medret-nehezfem-szennyezes-es-illegalis-hulladek-is-problemat-jelent\\\/\",\"url\":\"https:\\\/\\\/dorogimedence.hu\\\/index.php\\\/2026\\\/08\\\/15\\\/bejartak-a-kenyermezoi-patak-medret-nehezfem-szennyezes-es-illegalis-hulladek-is-problemat-jelent\\\/\",\"name\":\"Bej\u00e1rt\u00e1k a Keny\u00e9rmez\u0151i-patak medr\u00e9t: neh\u00e9zf\u00e9m-szennyez\u00e9s \u00e9s illeg\u00e1lis hullad\u00e9k is probl\u00e9m\u00e1t jelent\",\"isPartOf\":{\"@id\":\"https:\\\/\\\/dorogimedence.hu\\\/#website\"},\"primaryImageOfPage\":{\"@id\":\"https:\\\/\\\/dorogimedence.hu\\\/index.php\\\/2026\\\/08\\\/15\\\/bejartak-a-kenyermezoi-patak-medret-nehezfem-szennyezes-es-illegalis-hulladek-is-problemat-jelent\\\/#primaryimage\"},\"image\":{\"@id\":\"https:\\\/\\\/dorogimedence.hu\\\/index.php\\\/2026\\\/08\\\/15\\\/bejartak-a-kenyermezoi-patak-medret-nehezfem-szennyezes-es-illegalis-hulladek-is-problemat-jelent\\\/#primaryimage\"},\"thumbnailUrl\":\"https:\\\/\\\/dorogimedence.hu\\\/wp-content\\\/uploads\\\/2026\\\/08\\\/774407267_3126430894207956_7429670412446267289_n.jpg\",\"datePublished\":\"2026-08-15T07:35:40+00:00\",\"breadcrumb\":{\"@id\":\"https:\\\/\\\/dorogimedence.hu\\\/index.php\\\/2026\\\/08\\\/15\\\/bejartak-a-kenyermezoi-patak-medret-nehezfem-szennyezes-es-illegalis-hulladek-is-problemat-jelent\\\/#breadcrumb\"},\"inLanguage\":\"hu\",\"potentialAction\":[{\"@type\":\"ReadAction\",\"target\":[\"https:\\\/\\\/dorogimedence.hu\\\/index.php\\\/2026\\\/08\\\/15\\\/bejartak-a-kenyermezoi-patak-medret-nehezfem-szennyezes-es-illegalis-hulladek-is-problemat-jelent\\\/\"]}]},{\"@type\":\"ImageObject\",\"inLanguage\":\"hu\",\"@id\":\"https:\\\/\\\/dorogimedence.hu\\\/index.php\\\/2026\\\/08\\\/15\\\/bejartak-a-kenyermezoi-patak-medret-nehezfem-szennyezes-es-illegalis-hulladek-is-problemat-jelent\\\/#primaryimage\",\"url\":\"https:\\\/\\\/dorogimedence.hu\\\/wp-content\\\/uploads\\\/2026\\\/08\\\/774407267_3126430894207956_7429670412446267289_n.jpg\",\"contentUrl\":\"https:\\\/\\\/dorogimedence.hu\\\/wp-content\\\/uploads\\\/2026\\\/08\\\/774407267_3126430894207956_7429670412446267289_n.jpg\",\"width\":2048,\"height\":1536},{\"@type\":\"BreadcrumbList\",\"@id\":\"https:\\\/\\\/dorogimedence.hu\\\/index.php\\\/2026\\\/08\\\/15\\\/bejartak-a-kenyermezoi-patak-medret-nehezfem-szennyezes-es-illegalis-hulladek-is-problemat-jelent\\\/#breadcrumb\",\"itemListElement\":[{\"@type\":\"ListItem\",\"position\":1,\"name\":\"Kezd\u0151lap\",\"item\":\"https:\\\/\\\/dorogimedence.hu\\\/\"},{\"@type\":\"ListItem\",\"position\":2,\"name\":\"Bej\u00e1rt\u00e1k a Keny\u00e9rmez\u0151i-patak medr\u00e9t: neh\u00e9zf\u00e9m-szennyez\u00e9s \u00e9s illeg\u00e1lis hullad\u00e9k is probl\u00e9m\u00e1t jelent\"}]},{\"@type\":\"WebSite\",\"@id\":\"https:\\\/\\\/dorogimedence.hu\\\/#website\",\"url\":\"https:\\\/\\\/dorogimedence.hu\\\/\",\"name\":\"Dorogi-medence Region\u00e1lis H\u00edrport\u00e1l\",\"description\":\"Dorog, Keszt\u00f6lc, Le\u00e1nyv\u00e1r, Piliscs\u00e9v, Tokod, Tokodalt\u00e1r\u00f3, Csolnok, Esztergom-kertv\u00e1ros: h\u00edrek, programok\",\"publisher\":{\"@id\":\"https:\\\/\\\/dorogimedence.hu\\\/#organization\"},\"potentialAction\":[{\"@type\":\"SearchAction\",\"target\":{\"@type\":\"EntryPoint\",\"urlTemplate\":\"https:\\\/\\\/dorogimedence.hu\\\/?s={search_term_string}\"},\"query-input\":{\"@type\":\"PropertyValueSpecification\",\"valueRequired\":true,\"valueName\":\"search_term_string\"}}],\"inLanguage\":\"hu\"},{\"@type\":\"Organization\",\"@id\":\"https:\\\/\\\/dorogimedence.hu\\\/#organization\",\"name\":\"Dorogi-medence Region\u00e1lis H\u00edrport\u00e1l\",\"url\":\"https:\\\/\\\/dorogimedence.hu\\\/\",\"logo\":{\"@type\":\"ImageObject\",\"inLanguage\":\"hu\",\"@id\":\"https:\\\/\\\/dorogimedence.hu\\\/#\\\/schema\\\/logo\\\/image\\\/\",\"url\":\"https:\\\/\\\/dorogimedence.hu\\\/wp-content\\\/uploads\\\/2021\\\/04\\\/logo-feher-600.png\",\"contentUrl\":\"https:\\\/\\\/dorogimedence.hu\\\/wp-content\\\/uploads\\\/2021\\\/04\\\/logo-feher-600.png\",\"width\":600,\"height\":100,\"caption\":\"Dorogi-medence Region\u00e1lis H\u00edrport\u00e1l\"},\"image\":{\"@id\":\"https:\\\/\\\/dorogimedence.hu\\\/#\\\/schema\\\/logo\\\/image\\\/\"},\"sameAs\":[\"https:\\\/\\\/www.facebook.com\\\/dorogimedence\\\/\"]},{\"@type\":\"Person\",\"@id\":\"https:\\\/\\\/dorogimedence.hu\\\/#\\\/schema\\\/person\\\/ce6091eeb7e95ecdc87890d6aa8e0fd4\",\"name\":\"dorogimedence.hu\",\"image\":{\"@type\":\"ImageObject\",\"inLanguage\":\"hu\",\"@id\":\"\\\/\\\/www.gravatar.com\\\/avatar\\\/d8d45f8901aadff40a4af72c0b826f1d?s=96&#038;r=g&#038;d=mm\",\"url\":\"\\\/\\\/www.gravatar.com\\\/avatar\\\/d8d45f8901aadff40a4af72c0b826f1d?s=96&#038;r=g&#038;d=mm\",\"contentUrl\":\"\\\/\\\/www.gravatar.com\\\/avatar\\\/d8d45f8901aadff40a4af72c0b826f1d?s=96&#038;r=g&#038;d=mm\",\"caption\":\"dorogimedence.hu\"}}]}<\/script>\n<!-- \/ Yoast SEO plugin. -->","yoast_head_json":{"title":"Bej\u00e1rt\u00e1k a Keny\u00e9rmez\u0151i-patak medr\u00e9t: neh\u00e9zf\u00e9m-szennyez\u00e9s \u00e9s illeg\u00e1lis hullad\u00e9k is probl\u00e9m\u00e1t jelent","robots":{"index":"index","follow":"follow","max-snippet":"max-snippet:-1","max-image-preview":"max-image-preview:large","max-video-preview":"max-video-preview:-1"},"canonical":"https:\/\/dorogimedence.hu\/index.php\/2026\/08\/15\/bejartak-a-kenyermezoi-patak-medret-nehezfem-szennyezes-es-illegalis-hulladek-is-problemat-jelent\/","og_locale":"hu_HU","og_type":"article","og_title":"Bej\u00e1rt\u00e1k a Keny\u00e9rmez\u0151i-patak medr\u00e9t: neh\u00e9zf\u00e9m-szennyez\u00e9s \u00e9s illeg\u00e1lis hullad\u00e9k is probl\u00e9m\u00e1t jelent","og_description":"Augusztus 14-\u00e9n Magyar P\u00e9ter dorogi \u00f6nkorm\u00e1nyzati k\u00e9pvisel\u0151, Lieber Tam\u00e1s, a Benedek Endre Barlangkutat\u00f3 \u00e9s Term\u00e9szetv\u00e9delmi Egyes\u00fclet (BEBTE) eln\u00f6ke, valamint Czanek Bal\u00e1zs k\u00f6rnyezetm\u00e9rn\u00f6k j\u00e1rta be a Keny\u00e9rmez\u0151i-patak dorogi szakasz\u00e1t. A helysz\u00edni szemle sor\u00e1n a patakmeder \u00e1llapot\u00e1t vizsg\u00e1lt\u00e1k \u00e9s dokument\u00e1lt\u00e1k, mik\u00f6zben t\u00f6bb helyen nagy mennyis\u00e9g\u0171 hullad\u00e9kot is tal\u00e1ltak. A patak \u00fcgy\u00e9ben kor\u00e1bban b\u00fcntet\u0151elj\u00e1r\u00e1s indult, a hat\u00f3s\u00e1gi vizsg\u00e1lat","og_url":"https:\/\/dorogimedence.hu\/index.php\/2026\/08\/15\/bejartak-a-kenyermezoi-patak-medret-nehezfem-szennyezes-es-illegalis-hulladek-is-problemat-jelent\/","og_site_name":"Dorogi-medence Region\u00e1lis H\u00edrport\u00e1l","article_publisher":"https:\/\/www.facebook.com\/dorogimedence\/","article_published_time":"2026-08-15T07:35:40+00:00","og_image":[{"width":2048,"height":1536,"url":"https:\/\/dorogimedence.hu\/wp-content\/uploads\/2026\/08\/774407267_3126430894207956_7429670412446267289_n.jpg","type":"image\/jpeg"}],"author":"dorogimedence.hu","twitter_card":"summary_large_image","twitter_misc":{"Szerz\u0151:":"dorogimedence.hu","Becs\u00fclt olvas\u00e1si id\u0151":"6 perc"},"schema":{"@context":"https:\/\/schema.org","@graph":[{"@type":"Article","@id":"https:\/\/dorogimedence.hu\/index.php\/2026\/08\/15\/bejartak-a-kenyermezoi-patak-medret-nehezfem-szennyezes-es-illegalis-hulladek-is-problemat-jelent\/#article","isPartOf":{"@id":"https:\/\/dorogimedence.hu\/index.php\/2026\/08\/15\/bejartak-a-kenyermezoi-patak-medret-nehezfem-szennyezes-es-illegalis-hulladek-is-problemat-jelent\/"},"author":{"name":"dorogimedence.hu","@id":"https:\/\/dorogimedence.hu\/#\/schema\/person\/ce6091eeb7e95ecdc87890d6aa8e0fd4"},"headline":"Bej\u00e1rt\u00e1k a Keny\u00e9rmez\u0151i-patak medr\u00e9t: neh\u00e9zf\u00e9m-szennyez\u00e9s \u00e9s illeg\u00e1lis hullad\u00e9k is probl\u00e9m\u00e1t jelent","datePublished":"2026-08-15T07:35:40+00:00","mainEntityOfPage":{"@id":"https:\/\/dorogimedence.hu\/index.php\/2026\/08\/15\/bejartak-a-kenyermezoi-patak-medret-nehezfem-szennyezes-es-illegalis-hulladek-is-problemat-jelent\/"},"wordCount":1306,"publisher":{"@id":"https:\/\/dorogimedence.hu\/#organization"},"image":{"@id":"https:\/\/dorogimedence.hu\/index.php\/2026\/08\/15\/bejartak-a-kenyermezoi-patak-medret-nehezfem-szennyezes-es-illegalis-hulladek-is-problemat-jelent\/#primaryimage"},"thumbnailUrl":"https:\/\/dorogimedence.hu\/wp-content\/uploads\/2026\/08\/774407267_3126430894207956_7429670412446267289_n.jpg","keywords":["Dorog","Keny\u00e9rmezei-patak","k\u00f6rnyezetszennyez\u00e9s"],"articleSection":["Dorog","H\u00edrek"],"inLanguage":"hu"},{"@type":"WebPage","@id":"https:\/\/dorogimedence.hu\/index.php\/2026\/08\/15\/bejartak-a-kenyermezoi-patak-medret-nehezfem-szennyezes-es-illegalis-hulladek-is-problemat-jelent\/","url":"https:\/\/dorogimedence.hu\/index.php\/2026\/08\/15\/bejartak-a-kenyermezoi-patak-medret-nehezfem-szennyezes-es-illegalis-hulladek-is-problemat-jelent\/","name":"Bej\u00e1rt\u00e1k a Keny\u00e9rmez\u0151i-patak medr\u00e9t: neh\u00e9zf\u00e9m-szennyez\u00e9s \u00e9s illeg\u00e1lis hullad\u00e9k is probl\u00e9m\u00e1t jelent","isPartOf":{"@id":"https:\/\/dorogimedence.hu\/#website"},"primaryImageOfPage":{"@id":"https:\/\/dorogimedence.hu\/index.php\/2026\/08\/15\/bejartak-a-kenyermezoi-patak-medret-nehezfem-szennyezes-es-illegalis-hulladek-is-problemat-jelent\/#primaryimage"},"image":{"@id":"https:\/\/dorogimedence.hu\/index.php\/2026\/08\/15\/bejartak-a-kenyermezoi-patak-medret-nehezfem-szennyezes-es-illegalis-hulladek-is-problemat-jelent\/#primaryimage"},"thumbnailUrl":"https:\/\/dorogimedence.hu\/wp-content\/uploads\/2026\/08\/774407267_3126430894207956_7429670412446267289_n.jpg","datePublished":"2026-08-15T07:35:40+00:00","breadcrumb":{"@id":"https:\/\/dorogimedence.hu\/index.php\/2026\/08\/15\/bejartak-a-kenyermezoi-patak-medret-nehezfem-szennyezes-es-illegalis-hulladek-is-problemat-jelent\/#breadcrumb"},"inLanguage":"hu","potentialAction":[{"@type":"ReadAction","target":["https:\/\/dorogimedence.hu\/index.php\/2026\/08\/15\/bejartak-a-kenyermezoi-patak-medret-nehezfem-szennyezes-es-illegalis-hulladek-is-problemat-jelent\/"]}]},{"@type":"ImageObject","inLanguage":"hu","@id":"https:\/\/dorogimedence.hu\/index.php\/2026\/08\/15\/bejartak-a-kenyermezoi-patak-medret-nehezfem-szennyezes-es-illegalis-hulladek-is-problemat-jelent\/#primaryimage","url":"https:\/\/dorogimedence.hu\/wp-content\/uploads\/2026\/08\/774407267_3126430894207956_7429670412446267289_n.jpg","contentUrl":"https:\/\/dorogimedence.hu\/wp-content\/uploads\/2026\/08\/774407267_3126430894207956_7429670412446267289_n.jpg","width":2048,"height":1536},{"@type":"BreadcrumbList","@id":"https:\/\/dorogimedence.hu\/index.php\/2026\/08\/15\/bejartak-a-kenyermezoi-patak-medret-nehezfem-szennyezes-es-illegalis-hulladek-is-problemat-jelent\/#breadcrumb","itemListElement":[{"@type":"ListItem","position":1,"name":"Kezd\u0151lap","item":"https:\/\/dorogimedence.hu\/"},{"@type":"ListItem","position":2,"name":"Bej\u00e1rt\u00e1k a Keny\u00e9rmez\u0151i-patak medr\u00e9t: neh\u00e9zf\u00e9m-szennyez\u00e9s \u00e9s illeg\u00e1lis hullad\u00e9k is probl\u00e9m\u00e1t jelent"}]},{"@type":"WebSite","@id":"https:\/\/dorogimedence.hu\/#website","url":"https:\/\/dorogimedence.hu\/","name":"Dorogi-medence Region\u00e1lis H\u00edrport\u00e1l","description":"Dorog, Keszt\u00f6lc, Le\u00e1nyv\u00e1r, Piliscs\u00e9v, Tokod, Tokodalt\u00e1r\u00f3, Csolnok, Esztergom-kertv\u00e1ros: h\u00edrek, programok","publisher":{"@id":"https:\/\/dorogimedence.hu\/#organization"},"potentialAction":[{"@type":"SearchAction","target":{"@type":"EntryPoint","urlTemplate":"https:\/\/dorogimedence.hu\/?s={search_term_string}"},"query-input":{"@type":"PropertyValueSpecification","valueRequired":true,"valueName":"search_term_string"}}],"inLanguage":"hu"},{"@type":"Organization","@id":"https:\/\/dorogimedence.hu\/#organization","name":"Dorogi-medence Region\u00e1lis H\u00edrport\u00e1l","url":"https:\/\/dorogimedence.hu\/","logo":{"@type":"ImageObject","inLanguage":"hu","@id":"https:\/\/dorogimedence.hu\/#\/schema\/logo\/image\/","url":"https:\/\/dorogimedence.hu\/wp-content\/uploads\/2021\/04\/logo-feher-600.png","contentUrl":"https:\/\/dorogimedence.hu\/wp-content\/uploads\/2021\/04\/logo-feher-600.png","width":600,"height":100,"caption":"Dorogi-medence Region\u00e1lis H\u00edrport\u00e1l"},"image":{"@id":"https:\/\/dorogimedence.hu\/#\/schema\/logo\/image\/"},"sameAs":["https:\/\/www.facebook.com\/dorogimedence\/"]},{"@type":"Person","@id":"https:\/\/dorogimedence.hu\/#\/schema\/person\/ce6091eeb7e95ecdc87890d6aa8e0fd4","name":"dorogimedence.hu","image":{"@type":"ImageObject","inLanguage":"hu","@id":"\/\/www.gravatar.com\/avatar\/d8d45f8901aadff40a4af72c0b826f1d?s=96&#038;r=g&#038;d=mm","url":"\/\/www.gravatar.com\/avatar\/d8d45f8901aadff40a4af72c0b826f1d?s=96&#038;r=g&#038;d=mm","contentUrl":"\/\/www.gravatar.com\/avatar\/d8d45f8901aadff40a4af72c0b826f1d?s=96&#038;r=g&#038;d=mm","caption":"dorogimedence.hu"}}]}},"_links":{"self":[{"href":"https:\/\/dorogimedence.hu\/index.php\/wp-json\/wp\/v2\/posts\/82803","targetHints":{"allow":["GET"]}}],"collection":[{"href":"https:\/\/dorogimedence.hu\/index.php\/wp-json\/wp\/v2\/posts"}],"about":[{"href":"https:\/\/dorogimedence.hu\/index.php\/wp-json\/wp\/v2\/types\/post"}],"author":[{"embeddable":true,"href":"https:\/\/dorogimedence.hu\/index.php\/wp-json\/wp\/v2\/users\/1"}],"replies":[{"embeddable":true,"href":"https:\/\/dorogimedence.hu\/index.php\/wp-json\/wp\/v2\/comments?post=82803"}],"version-history":[{"count":2,"href":"https:\/\/dorogimedence.hu\/index.php\/wp-json\/wp\/v2\/posts\/82803\/revisions"}],"predecessor-version":[{"id":82806,"href":"https:\/\/dorogimedence.hu\/index.php\/wp-json\/wp\/v2\/posts\/82803\/revisions\/82806"}],"wp:featuredmedia":[{"embeddable":true,"href":"https:\/\/dorogimedence.hu\/index.php\/wp-json\/wp\/v2\/media\/82804"}],"wp:attachment":[{"href":"https:\/\/dorogimedence.hu\/index.php\/wp-json\/wp\/v2\/media?parent=82803"}],"wp:term":[{"taxonomy":"category","embeddable":true,"href":"https:\/\/dorogimedence.hu\/index.php\/wp-json\/wp\/v2\/categories?post=82803"},{"taxonomy":"post_tag","embeddable":true,"href":"https:\/\/dorogimedence.hu\/index.php\/wp-json\/wp\/v2\/tags?post=82803"}],"curies":[{"name":"wp","href":"https:\/\/api.w.org\/{rel}","templated":true}]}}