{"id":82791,"date":"2026-08-14T16:00:48","date_gmt":"2026-08-14T14:00:48","guid":{"rendered":"https:\/\/dorogimedence.hu\/?p=82791"},"modified":"2026-08-14T16:00:48","modified_gmt":"2026-08-14T14:00:48","slug":"indul-a-parlatfozes-szezonja-ezekre-a-szabalyokra-erdemes-figyelni","status":"publish","type":"post","link":"https:\/\/dorogimedence.hu\/index.php\/2026\/08\/14\/indul-a-parlatfozes-szezonja-ezekre-a-szabalyokra-erdemes-figyelni\/","title":{"rendered":"Indul a p\u00e1rlatf\u0151z\u00e9s szezonja \u2013 ezekre a szab\u00e1lyokra \u00e9rdemes figyelni"},"content":{"rendered":"<p><strong>A gy\u00fcm\u00f6lcs\u00f6k \u00e9r\u00e9s\u00e9vel megkezd\u0151dik a p\u00e1rlatf\u0151z\u00e9s id\u0151szaka is. Sokan otthon k\u00e9sz\u00edtik el saj\u00e1t p\u00e1rlatukat, ehhez azonban a megfelel\u0151 szaktud\u00e1s mellett sz\u00e1mos szab\u00e1lyt is be kell tartani. A Nemzeti Ad\u00f3- \u00e9s V\u00e1mhivatal (NAV) \u00f6sszefoglalta a legfontosabb tudnival\u00f3kat.<\/strong><\/p>\n<p>Mag\u00e1nf\u0151z\u0151k\u00e9nt az k\u00e9sz\u00edthet p\u00e1rlatot, aki bet\u00f6lt\u00f6tte a 18. \u00e9let\u00e9v\u00e9t, gy\u00fcm\u00f6lcs\u00f6t termeszt, \u00e9s saj\u00e1t tulajdon\u00fa gy\u00fcm\u00f6lcs\u00e9b\u0151l, illetve az abb\u00f3l k\u00e9sz\u00fclt alapanyagb\u00f3l \u00e1ll\u00edtja el\u0151 a p\u00e1rlatot.<\/p>\n<p>A j\u00f6ved\u00e9ki szab\u00e1lyok szerint egy h\u00e1ztart\u00e1s egy adott \u00e9vben vagy b\u00e9rf\u0151zet\u0151k\u00e9nt, vagy mag\u00e1nf\u0151z\u0151k\u00e9nt k\u00e9sz\u00edthet, illetve k\u00e9sz\u00edttethet p\u00e1rlatot. Ez azt jelenti, hogy ugyanabban az \u00e9vben nem lehet f\u0151zd\u00e9ben f\u0151zetni \u00e9s otthon is p\u00e1rlatot k\u00e9sz\u00edteni.<\/p>\n<p>Mag\u00e1nf\u0151z\u0151k\u00e9nt \u00e9vente legfeljebb 86 liter p\u00e1rlat \u00e1ll\u00edthat\u00f3 el\u0151 j\u00f6ved\u00e9kiad\u00f3-mentesen. Ez a mennyis\u00e9g h\u00e1ztart\u00e1sonk\u00e9nt \u00e9rtend\u0151, teh\u00e1t ha egy h\u00e1ztart\u00e1sban t\u00f6bb mag\u00e1nf\u0151z\u0151 \u00e9l, az egyes szem\u00e9lyekre vonatkoz\u00f3 mennyis\u00e9gek nem adhat\u00f3k \u00f6ssze.<\/p>\n<p>A p\u00e1rlat legfeljebb 100 liter \u0171rtartalm\u00fa, saj\u00e1t tulajdon\u00fa vagy t\u00e1rstulajdonban l\u00e9v\u0151 desztill\u00e1l\u00f3berendez\u00e9ssel k\u00e9sz\u00edthet\u0151. A berendez\u00e9s megszerz\u00e9s\u00e9t a lak\u00f3hely szerinti \u00f6nkorm\u00e1nyzathoz be kell jelenteni, \u00e9s a bejelentett adatokban bek\u00f6vetkez\u0151 v\u00e1ltoz\u00e1sokat is 15 napon bel\u00fcl jelezni kell.<\/p>\n<p>A desztill\u00e1l\u00f3berendez\u00e9s birtokl\u00e1s\u00e1hoz nem sz\u00fcks\u00e9ges j\u00f6ved\u00e9ki t\u00edpus\u00fa enged\u00e9ly, a tulajdonszerz\u00e9st igazol\u00f3 iratot azonban meg kell \u0151rizni, \u00e9s egy esetleges ellen\u0151rz\u00e9s sor\u00e1n be kell mutatni.<\/p>\n<h3>A f\u0151z\u00e9st is be kell jelenteni a NAV-nak<\/h3>\n<p>A p\u00e1rlatf\u0151z\u00e9s k\u00fcl\u00f6nb\u00f6z\u0151 folyamatait a NAV fel\u00e9 is be kell jelenteni. Az ehhez sz\u00fcks\u00e9ges nyomtatv\u00e1nyok pap\u00edralapon vagy elektronikusan, az Online Nyomtatv\u00e1nykit\u00f6lt\u0151 Alkalmaz\u00e1son (ONYA) kereszt\u00fcl is beny\u00fajthat\u00f3k.<\/p>\n<p>A p\u00e1rlatf\u0151z\u0151 berendez\u00e9s h\u00e1zilag is el\u0151\u00e1ll\u00edthat\u00f3, ezt a NAV_J37 jel\u0171 nyomtatv\u00e1nyon kell bejelenteni.<\/p>\n<p>A p\u00e1rlat el\u0151\u00e1ll\u00edt\u00e1s\u00e1nak megkezd\u00e9se el\u0151tt a NAV_J49 jel\u0171 nyomtatv\u00e1nyon kell jelezni a f\u0151z\u00e9s sz\u00e1nd\u00e9k\u00e1t a lak\u00f3hely szerint illet\u00e9kes ad\u00f3hat\u00f3s\u00e1gn\u00e1l. A bejelent\u00e9s alapj\u00e1n a NAV mag\u00e1nf\u0151z\u00f6ttp\u00e1rlat-sz\u00e1rmaz\u00e1si igazol\u00e1st \u00e1ll\u00edt ki, amely az elk\u00e9sz\u00fclt p\u00e1rlat jogszer\u0171 eredet\u00e9t igazolja.<\/p>\n<p>Ha valaki t\u00f6bb p\u00e1rlatot \u00e1ll\u00edt el\u0151, mint amennyit el\u0151zetesen bejelentett, de a mennyis\u00e9g nem haladja meg az \u00e9vi 86 litert, a k\u00fcl\u00f6nb\u00f6zetr\u0151l a t\u00e1rgy\u00e9v v\u00e9g\u00e9ig t\u00e1j\u00e9koztatnia kell a NAV-ot a NAV_J49 jel\u0171 nyomtatv\u00e1nyon.<\/p>\n<p>Az \u00e9vi 86 literes mennyis\u00e9g t\u00fall\u00e9p\u00e9s\u00e9t a NAV_J42 jel\u0171 nyomtatv\u00e1nyon kell bejelenteni. A t\u00f6bbletmennyis\u00e9get a NAV-val egyeztetett m\u00f3don meg kell semmis\u00edteni.<\/p>\n<p>Fontos szab\u00e1ly az is, hogy a mag\u00e1nf\u0151z\u00f6tt p\u00e1rlatot kiz\u00e1r\u00f3lag a mag\u00e1nf\u0151z\u0151, annak csal\u00e1dtagjai \u00e9s vend\u00e9gei fogyaszthatj\u00e1k. \u00c9rt\u00e9kes\u00edteni kiz\u00e1r\u00f3lag ad\u00f3rakt\u00e1r r\u00e9sz\u00e9re lehet.<\/p>\n<p><em>Forr\u00e1s: Nemzeti Ad\u00f3- \u00e9s V\u00e1mhivatal Kom\u00e1rom-Esztergom V\u00e1rmegyei Ad\u00f3- \u00e9s V\u00e1migazgat\u00f3s\u00e1ga<br \/>\nBor\u00edt\u00f3k\u00e9p: illusztr\u00e1ci\u00f3<\/em><\/p>\n","protected":false},"excerpt":{"rendered":"<p>A gy\u00fcm\u00f6lcs\u00f6k \u00e9r\u00e9s\u00e9vel megkezd\u0151dik a p\u00e1rlatf\u0151z\u00e9s id\u0151szaka is. Sokan otthon k\u00e9sz\u00edtik el saj\u00e1t p\u00e1rlatukat, ehhez azonban a megfelel\u0151 szaktud\u00e1s mellett sz\u00e1mos szab\u00e1lyt is be kell tartani. A Nemzeti Ad\u00f3- \u00e9s V\u00e1mhivatal (NAV) \u00f6sszefoglalta a legfontosabb tudnival\u00f3kat. Mag\u00e1nf\u0151z\u0151k\u00e9nt az k\u00e9sz\u00edthet p\u00e1rlatot, aki bet\u00f6lt\u00f6tte a 18. \u00e9let\u00e9v\u00e9t, gy\u00fcm\u00f6lcs\u00f6t termeszt, \u00e9s saj\u00e1t tulajdon\u00fa gy\u00fcm\u00f6lcs\u00e9b\u0151l, illetve az abb\u00f3l k\u00e9sz\u00fclt<\/p>\n","protected":false},"author":1,"featured_media":82792,"comment_status":"closed","ping_status":"closed","sticky":false,"template":"","format":"standard","meta":{"ngg_post_thumbnail":0,"footnotes":""},"categories":[6934,3],"tags":[317,8507],"class_list":["post-82791","post","type-post","status-publish","format-standard","has-post-thumbnail","category-belfold","category-hirek","tag-nav","tag-parlatfozes"],"yoast_head":"<!-- This site is optimized with the Yoast SEO plugin v28.3 - https:\/\/yoast.com\/product\/yoast-seo-wordpress\/ -->\n<title>Indul a p\u00e1rlatf\u0151z\u00e9s szezonja \u2013 ezekre a szab\u00e1lyokra \u00e9rdemes figyelni<\/title>\n<meta name=\"robots\" content=\"index, follow, max-snippet:-1, max-image-preview:large, max-video-preview:-1\" \/>\n<link rel=\"canonical\" href=\"https:\/\/dorogimedence.hu\/index.php\/2026\/08\/14\/indul-a-parlatfozes-szezonja-ezekre-a-szabalyokra-erdemes-figyelni\/\" class=\"yoast-seo-meta-tag\" \/>\n<meta property=\"og:locale\" content=\"hu_HU\" class=\"yoast-seo-meta-tag\" \/>\n<meta property=\"og:type\" content=\"article\" class=\"yoast-seo-meta-tag\" \/>\n<meta property=\"og:title\" content=\"Indul a p\u00e1rlatf\u0151z\u00e9s szezonja \u2013 ezekre a szab\u00e1lyokra \u00e9rdemes figyelni\" class=\"yoast-seo-meta-tag\" \/>\n<meta property=\"og:description\" content=\"A gy\u00fcm\u00f6lcs\u00f6k \u00e9r\u00e9s\u00e9vel megkezd\u0151dik a p\u00e1rlatf\u0151z\u00e9s id\u0151szaka is. Sokan otthon k\u00e9sz\u00edtik el saj\u00e1t p\u00e1rlatukat, ehhez azonban a megfelel\u0151 szaktud\u00e1s mellett sz\u00e1mos szab\u00e1lyt is be kell tartani. A Nemzeti Ad\u00f3- \u00e9s V\u00e1mhivatal (NAV) \u00f6sszefoglalta a legfontosabb tudnival\u00f3kat. Mag\u00e1nf\u0151z\u0151k\u00e9nt az k\u00e9sz\u00edthet p\u00e1rlatot, aki bet\u00f6lt\u00f6tte a 18. \u00e9let\u00e9v\u00e9t, gy\u00fcm\u00f6lcs\u00f6t termeszt, \u00e9s saj\u00e1t tulajdon\u00fa gy\u00fcm\u00f6lcs\u00e9b\u0151l, illetve az abb\u00f3l k\u00e9sz\u00fclt\" class=\"yoast-seo-meta-tag\" \/>\n<meta property=\"og:url\" content=\"https:\/\/dorogimedence.hu\/index.php\/2026\/08\/14\/indul-a-parlatfozes-szezonja-ezekre-a-szabalyokra-erdemes-figyelni\/\" class=\"yoast-seo-meta-tag\" \/>\n<meta property=\"og:site_name\" content=\"Dorogi-medence Region\u00e1lis H\u00edrport\u00e1l\" class=\"yoast-seo-meta-tag\" \/>\n<meta property=\"article:publisher\" content=\"https:\/\/www.facebook.com\/dorogimedence\/\" class=\"yoast-seo-meta-tag\" \/>\n<meta property=\"article:published_time\" content=\"2026-08-14T14:00:48+00:00\" class=\"yoast-seo-meta-tag\" \/>\n<meta property=\"og:image\" content=\"https:\/\/dorogimedence.hu\/wp-content\/uploads\/2026\/08\/ChatGPT-Image-2026.-aug.-14.-15_58_22.png\" class=\"yoast-seo-meta-tag\" \/>\n\t<meta property=\"og:image:width\" content=\"755\" class=\"yoast-seo-meta-tag\" \/>\n\t<meta property=\"og:image:height\" content=\"503\" class=\"yoast-seo-meta-tag\" \/>\n\t<meta property=\"og:image:type\" content=\"image\/png\" class=\"yoast-seo-meta-tag\" \/>\n<meta name=\"author\" content=\"dorogimedence.hu\" class=\"yoast-seo-meta-tag\" \/>\n<meta name=\"twitter:card\" content=\"summary_large_image\" class=\"yoast-seo-meta-tag\" \/>\n<meta name=\"twitter:label1\" content=\"Szerz\u0151:\" class=\"yoast-seo-meta-tag\" \/>\n\t<meta name=\"twitter:data1\" content=\"dorogimedence.hu\" class=\"yoast-seo-meta-tag\" \/>\n\t<meta name=\"twitter:label2\" content=\"Becs\u00fclt olvas\u00e1si id\u0151\" class=\"yoast-seo-meta-tag\" \/>\n\t<meta name=\"twitter:data2\" content=\"3 perc\" class=\"yoast-seo-meta-tag\" \/>\n<script type=\"application\/ld+json\" class=\"yoast-schema-graph\">{\"@context\":\"https:\\\/\\\/schema.org\",\"@graph\":[{\"@type\":\"Article\",\"@id\":\"https:\\\/\\\/dorogimedence.hu\\\/index.php\\\/2026\\\/08\\\/14\\\/indul-a-parlatfozes-szezonja-ezekre-a-szabalyokra-erdemes-figyelni\\\/#article\",\"isPartOf\":{\"@id\":\"https:\\\/\\\/dorogimedence.hu\\\/index.php\\\/2026\\\/08\\\/14\\\/indul-a-parlatfozes-szezonja-ezekre-a-szabalyokra-erdemes-figyelni\\\/\"},\"author\":{\"name\":\"dorogimedence.hu\",\"@id\":\"https:\\\/\\\/dorogimedence.hu\\\/#\\\/schema\\\/person\\\/ce6091eeb7e95ecdc87890d6aa8e0fd4\"},\"headline\":\"Indul a p\u00e1rlatf\u0151z\u00e9s szezonja \u2013 ezekre a szab\u00e1lyokra \u00e9rdemes figyelni\",\"datePublished\":\"2026-08-14T14:00:48+00:00\",\"mainEntityOfPage\":{\"@id\":\"https:\\\/\\\/dorogimedence.hu\\\/index.php\\\/2026\\\/08\\\/14\\\/indul-a-parlatfozes-szezonja-ezekre-a-szabalyokra-erdemes-figyelni\\\/\"},\"wordCount\":602,\"publisher\":{\"@id\":\"https:\\\/\\\/dorogimedence.hu\\\/#organization\"},\"image\":{\"@id\":\"https:\\\/\\\/dorogimedence.hu\\\/index.php\\\/2026\\\/08\\\/14\\\/indul-a-parlatfozes-szezonja-ezekre-a-szabalyokra-erdemes-figyelni\\\/#primaryimage\"},\"thumbnailUrl\":\"https:\\\/\\\/dorogimedence.hu\\\/wp-content\\\/uploads\\\/2026\\\/08\\\/ChatGPT-Image-2026.-aug.-14.-15_58_22.png\",\"keywords\":[\"nav\",\"p\u00e1rlatf\u0151z\u00e9s\"],\"articleSection\":[\"Belf\u00f6ld, Gazdas\u00e1g\",\"H\u00edrek\"],\"inLanguage\":\"hu\"},{\"@type\":\"WebPage\",\"@id\":\"https:\\\/\\\/dorogimedence.hu\\\/index.php\\\/2026\\\/08\\\/14\\\/indul-a-parlatfozes-szezonja-ezekre-a-szabalyokra-erdemes-figyelni\\\/\",\"url\":\"https:\\\/\\\/dorogimedence.hu\\\/index.php\\\/2026\\\/08\\\/14\\\/indul-a-parlatfozes-szezonja-ezekre-a-szabalyokra-erdemes-figyelni\\\/\",\"name\":\"Indul a p\u00e1rlatf\u0151z\u00e9s szezonja \u2013 ezekre a szab\u00e1lyokra \u00e9rdemes figyelni\",\"isPartOf\":{\"@id\":\"https:\\\/\\\/dorogimedence.hu\\\/#website\"},\"primaryImageOfPage\":{\"@id\":\"https:\\\/\\\/dorogimedence.hu\\\/index.php\\\/2026\\\/08\\\/14\\\/indul-a-parlatfozes-szezonja-ezekre-a-szabalyokra-erdemes-figyelni\\\/#primaryimage\"},\"image\":{\"@id\":\"https:\\\/\\\/dorogimedence.hu\\\/index.php\\\/2026\\\/08\\\/14\\\/indul-a-parlatfozes-szezonja-ezekre-a-szabalyokra-erdemes-figyelni\\\/#primaryimage\"},\"thumbnailUrl\":\"https:\\\/\\\/dorogimedence.hu\\\/wp-content\\\/uploads\\\/2026\\\/08\\\/ChatGPT-Image-2026.-aug.-14.-15_58_22.png\",\"datePublished\":\"2026-08-14T14:00:48+00:00\",\"breadcrumb\":{\"@id\":\"https:\\\/\\\/dorogimedence.hu\\\/index.php\\\/2026\\\/08\\\/14\\\/indul-a-parlatfozes-szezonja-ezekre-a-szabalyokra-erdemes-figyelni\\\/#breadcrumb\"},\"inLanguage\":\"hu\",\"potentialAction\":[{\"@type\":\"ReadAction\",\"target\":[\"https:\\\/\\\/dorogimedence.hu\\\/index.php\\\/2026\\\/08\\\/14\\\/indul-a-parlatfozes-szezonja-ezekre-a-szabalyokra-erdemes-figyelni\\\/\"]}]},{\"@type\":\"ImageObject\",\"inLanguage\":\"hu\",\"@id\":\"https:\\\/\\\/dorogimedence.hu\\\/index.php\\\/2026\\\/08\\\/14\\\/indul-a-parlatfozes-szezonja-ezekre-a-szabalyokra-erdemes-figyelni\\\/#primaryimage\",\"url\":\"https:\\\/\\\/dorogimedence.hu\\\/wp-content\\\/uploads\\\/2026\\\/08\\\/ChatGPT-Image-2026.-aug.-14.-15_58_22.png\",\"contentUrl\":\"https:\\\/\\\/dorogimedence.hu\\\/wp-content\\\/uploads\\\/2026\\\/08\\\/ChatGPT-Image-2026.-aug.-14.-15_58_22.png\",\"width\":1536,\"height\":1024},{\"@type\":\"BreadcrumbList\",\"@id\":\"https:\\\/\\\/dorogimedence.hu\\\/index.php\\\/2026\\\/08\\\/14\\\/indul-a-parlatfozes-szezonja-ezekre-a-szabalyokra-erdemes-figyelni\\\/#breadcrumb\",\"itemListElement\":[{\"@type\":\"ListItem\",\"position\":1,\"name\":\"Kezd\u0151lap\",\"item\":\"https:\\\/\\\/dorogimedence.hu\\\/\"},{\"@type\":\"ListItem\",\"position\":2,\"name\":\"Indul a p\u00e1rlatf\u0151z\u00e9s szezonja \u2013 ezekre a szab\u00e1lyokra \u00e9rdemes figyelni\"}]},{\"@type\":\"WebSite\",\"@id\":\"https:\\\/\\\/dorogimedence.hu\\\/#website\",\"url\":\"https:\\\/\\\/dorogimedence.hu\\\/\",\"name\":\"Dorogi-medence Region\u00e1lis H\u00edrport\u00e1l\",\"description\":\"Dorog, Keszt\u00f6lc, Le\u00e1nyv\u00e1r, Piliscs\u00e9v, Tokod, Tokodalt\u00e1r\u00f3, Csolnok, Esztergom-kertv\u00e1ros: h\u00edrek, programok\",\"publisher\":{\"@id\":\"https:\\\/\\\/dorogimedence.hu\\\/#organization\"},\"potentialAction\":[{\"@type\":\"SearchAction\",\"target\":{\"@type\":\"EntryPoint\",\"urlTemplate\":\"https:\\\/\\\/dorogimedence.hu\\\/?s={search_term_string}\"},\"query-input\":{\"@type\":\"PropertyValueSpecification\",\"valueRequired\":true,\"valueName\":\"search_term_string\"}}],\"inLanguage\":\"hu\"},{\"@type\":\"Organization\",\"@id\":\"https:\\\/\\\/dorogimedence.hu\\\/#organization\",\"name\":\"Dorogi-medence Region\u00e1lis H\u00edrport\u00e1l\",\"url\":\"https:\\\/\\\/dorogimedence.hu\\\/\",\"logo\":{\"@type\":\"ImageObject\",\"inLanguage\":\"hu\",\"@id\":\"https:\\\/\\\/dorogimedence.hu\\\/#\\\/schema\\\/logo\\\/image\\\/\",\"url\":\"https:\\\/\\\/dorogimedence.hu\\\/wp-content\\\/uploads\\\/2021\\\/04\\\/logo-feher-600.png\",\"contentUrl\":\"https:\\\/\\\/dorogimedence.hu\\\/wp-content\\\/uploads\\\/2021\\\/04\\\/logo-feher-600.png\",\"width\":600,\"height\":100,\"caption\":\"Dorogi-medence Region\u00e1lis H\u00edrport\u00e1l\"},\"image\":{\"@id\":\"https:\\\/\\\/dorogimedence.hu\\\/#\\\/schema\\\/logo\\\/image\\\/\"},\"sameAs\":[\"https:\\\/\\\/www.facebook.com\\\/dorogimedence\\\/\"]},{\"@type\":\"Person\",\"@id\":\"https:\\\/\\\/dorogimedence.hu\\\/#\\\/schema\\\/person\\\/ce6091eeb7e95ecdc87890d6aa8e0fd4\",\"name\":\"dorogimedence.hu\",\"image\":{\"@type\":\"ImageObject\",\"inLanguage\":\"hu\",\"@id\":\"\\\/\\\/www.gravatar.com\\\/avatar\\\/d8d45f8901aadff40a4af72c0b826f1d?s=96&#038;r=g&#038;d=mm\",\"url\":\"\\\/\\\/www.gravatar.com\\\/avatar\\\/d8d45f8901aadff40a4af72c0b826f1d?s=96&#038;r=g&#038;d=mm\",\"contentUrl\":\"\\\/\\\/www.gravatar.com\\\/avatar\\\/d8d45f8901aadff40a4af72c0b826f1d?s=96&#038;r=g&#038;d=mm\",\"caption\":\"dorogimedence.hu\"}}]}<\/script>\n<!-- \/ Yoast SEO plugin. -->","yoast_head_json":{"title":"Indul a p\u00e1rlatf\u0151z\u00e9s szezonja \u2013 ezekre a szab\u00e1lyokra \u00e9rdemes figyelni","robots":{"index":"index","follow":"follow","max-snippet":"max-snippet:-1","max-image-preview":"max-image-preview:large","max-video-preview":"max-video-preview:-1"},"canonical":"https:\/\/dorogimedence.hu\/index.php\/2026\/08\/14\/indul-a-parlatfozes-szezonja-ezekre-a-szabalyokra-erdemes-figyelni\/","og_locale":"hu_HU","og_type":"article","og_title":"Indul a p\u00e1rlatf\u0151z\u00e9s szezonja \u2013 ezekre a szab\u00e1lyokra \u00e9rdemes figyelni","og_description":"A gy\u00fcm\u00f6lcs\u00f6k \u00e9r\u00e9s\u00e9vel megkezd\u0151dik a p\u00e1rlatf\u0151z\u00e9s id\u0151szaka is. Sokan otthon k\u00e9sz\u00edtik el saj\u00e1t p\u00e1rlatukat, ehhez azonban a megfelel\u0151 szaktud\u00e1s mellett sz\u00e1mos szab\u00e1lyt is be kell tartani. A Nemzeti Ad\u00f3- \u00e9s V\u00e1mhivatal (NAV) \u00f6sszefoglalta a legfontosabb tudnival\u00f3kat. Mag\u00e1nf\u0151z\u0151k\u00e9nt az k\u00e9sz\u00edthet p\u00e1rlatot, aki bet\u00f6lt\u00f6tte a 18. \u00e9let\u00e9v\u00e9t, gy\u00fcm\u00f6lcs\u00f6t termeszt, \u00e9s saj\u00e1t tulajdon\u00fa gy\u00fcm\u00f6lcs\u00e9b\u0151l, illetve az abb\u00f3l k\u00e9sz\u00fclt","og_url":"https:\/\/dorogimedence.hu\/index.php\/2026\/08\/14\/indul-a-parlatfozes-szezonja-ezekre-a-szabalyokra-erdemes-figyelni\/","og_site_name":"Dorogi-medence Region\u00e1lis H\u00edrport\u00e1l","article_publisher":"https:\/\/www.facebook.com\/dorogimedence\/","article_published_time":"2026-08-14T14:00:48+00:00","og_image":[{"url":"https:\/\/dorogimedence.hu\/wp-content\/uploads\/2026\/08\/ChatGPT-Image-2026.-aug.-14.-15_58_22.png","width":755,"height":503,"type":"image\/png"}],"author":"dorogimedence.hu","twitter_card":"summary_large_image","twitter_misc":{"Szerz\u0151:":"dorogimedence.hu","Becs\u00fclt olvas\u00e1si id\u0151":"3 perc"},"schema":{"@context":"https:\/\/schema.org","@graph":[{"@type":"Article","@id":"https:\/\/dorogimedence.hu\/index.php\/2026\/08\/14\/indul-a-parlatfozes-szezonja-ezekre-a-szabalyokra-erdemes-figyelni\/#article","isPartOf":{"@id":"https:\/\/dorogimedence.hu\/index.php\/2026\/08\/14\/indul-a-parlatfozes-szezonja-ezekre-a-szabalyokra-erdemes-figyelni\/"},"author":{"name":"dorogimedence.hu","@id":"https:\/\/dorogimedence.hu\/#\/schema\/person\/ce6091eeb7e95ecdc87890d6aa8e0fd4"},"headline":"Indul a p\u00e1rlatf\u0151z\u00e9s szezonja \u2013 ezekre a szab\u00e1lyokra \u00e9rdemes figyelni","datePublished":"2026-08-14T14:00:48+00:00","mainEntityOfPage":{"@id":"https:\/\/dorogimedence.hu\/index.php\/2026\/08\/14\/indul-a-parlatfozes-szezonja-ezekre-a-szabalyokra-erdemes-figyelni\/"},"wordCount":602,"publisher":{"@id":"https:\/\/dorogimedence.hu\/#organization"},"image":{"@id":"https:\/\/dorogimedence.hu\/index.php\/2026\/08\/14\/indul-a-parlatfozes-szezonja-ezekre-a-szabalyokra-erdemes-figyelni\/#primaryimage"},"thumbnailUrl":"https:\/\/dorogimedence.hu\/wp-content\/uploads\/2026\/08\/ChatGPT-Image-2026.-aug.-14.-15_58_22.png","keywords":["nav","p\u00e1rlatf\u0151z\u00e9s"],"articleSection":["Belf\u00f6ld, Gazdas\u00e1g","H\u00edrek"],"inLanguage":"hu"},{"@type":"WebPage","@id":"https:\/\/dorogimedence.hu\/index.php\/2026\/08\/14\/indul-a-parlatfozes-szezonja-ezekre-a-szabalyokra-erdemes-figyelni\/","url":"https:\/\/dorogimedence.hu\/index.php\/2026\/08\/14\/indul-a-parlatfozes-szezonja-ezekre-a-szabalyokra-erdemes-figyelni\/","name":"Indul a p\u00e1rlatf\u0151z\u00e9s szezonja \u2013 ezekre a szab\u00e1lyokra \u00e9rdemes figyelni","isPartOf":{"@id":"https:\/\/dorogimedence.hu\/#website"},"primaryImageOfPage":{"@id":"https:\/\/dorogimedence.hu\/index.php\/2026\/08\/14\/indul-a-parlatfozes-szezonja-ezekre-a-szabalyokra-erdemes-figyelni\/#primaryimage"},"image":{"@id":"https:\/\/dorogimedence.hu\/index.php\/2026\/08\/14\/indul-a-parlatfozes-szezonja-ezekre-a-szabalyokra-erdemes-figyelni\/#primaryimage"},"thumbnailUrl":"https:\/\/dorogimedence.hu\/wp-content\/uploads\/2026\/08\/ChatGPT-Image-2026.-aug.-14.-15_58_22.png","datePublished":"2026-08-14T14:00:48+00:00","breadcrumb":{"@id":"https:\/\/dorogimedence.hu\/index.php\/2026\/08\/14\/indul-a-parlatfozes-szezonja-ezekre-a-szabalyokra-erdemes-figyelni\/#breadcrumb"},"inLanguage":"hu","potentialAction":[{"@type":"ReadAction","target":["https:\/\/dorogimedence.hu\/index.php\/2026\/08\/14\/indul-a-parlatfozes-szezonja-ezekre-a-szabalyokra-erdemes-figyelni\/"]}]},{"@type":"ImageObject","inLanguage":"hu","@id":"https:\/\/dorogimedence.hu\/index.php\/2026\/08\/14\/indul-a-parlatfozes-szezonja-ezekre-a-szabalyokra-erdemes-figyelni\/#primaryimage","url":"https:\/\/dorogimedence.hu\/wp-content\/uploads\/2026\/08\/ChatGPT-Image-2026.-aug.-14.-15_58_22.png","contentUrl":"https:\/\/dorogimedence.hu\/wp-content\/uploads\/2026\/08\/ChatGPT-Image-2026.-aug.-14.-15_58_22.png","width":1536,"height":1024},{"@type":"BreadcrumbList","@id":"https:\/\/dorogimedence.hu\/index.php\/2026\/08\/14\/indul-a-parlatfozes-szezonja-ezekre-a-szabalyokra-erdemes-figyelni\/#breadcrumb","itemListElement":[{"@type":"ListItem","position":1,"name":"Kezd\u0151lap","item":"https:\/\/dorogimedence.hu\/"},{"@type":"ListItem","position":2,"name":"Indul a p\u00e1rlatf\u0151z\u00e9s szezonja \u2013 ezekre a szab\u00e1lyokra \u00e9rdemes figyelni"}]},{"@type":"WebSite","@id":"https:\/\/dorogimedence.hu\/#website","url":"https:\/\/dorogimedence.hu\/","name":"Dorogi-medence Region\u00e1lis H\u00edrport\u00e1l","description":"Dorog, Keszt\u00f6lc, Le\u00e1nyv\u00e1r, Piliscs\u00e9v, Tokod, Tokodalt\u00e1r\u00f3, Csolnok, Esztergom-kertv\u00e1ros: h\u00edrek, programok","publisher":{"@id":"https:\/\/dorogimedence.hu\/#organization"},"potentialAction":[{"@type":"SearchAction","target":{"@type":"EntryPoint","urlTemplate":"https:\/\/dorogimedence.hu\/?s={search_term_string}"},"query-input":{"@type":"PropertyValueSpecification","valueRequired":true,"valueName":"search_term_string"}}],"inLanguage":"hu"},{"@type":"Organization","@id":"https:\/\/dorogimedence.hu\/#organization","name":"Dorogi-medence Region\u00e1lis H\u00edrport\u00e1l","url":"https:\/\/dorogimedence.hu\/","logo":{"@type":"ImageObject","inLanguage":"hu","@id":"https:\/\/dorogimedence.hu\/#\/schema\/logo\/image\/","url":"https:\/\/dorogimedence.hu\/wp-content\/uploads\/2021\/04\/logo-feher-600.png","contentUrl":"https:\/\/dorogimedence.hu\/wp-content\/uploads\/2021\/04\/logo-feher-600.png","width":600,"height":100,"caption":"Dorogi-medence Region\u00e1lis H\u00edrport\u00e1l"},"image":{"@id":"https:\/\/dorogimedence.hu\/#\/schema\/logo\/image\/"},"sameAs":["https:\/\/www.facebook.com\/dorogimedence\/"]},{"@type":"Person","@id":"https:\/\/dorogimedence.hu\/#\/schema\/person\/ce6091eeb7e95ecdc87890d6aa8e0fd4","name":"dorogimedence.hu","image":{"@type":"ImageObject","inLanguage":"hu","@id":"\/\/www.gravatar.com\/avatar\/d8d45f8901aadff40a4af72c0b826f1d?s=96&#038;r=g&#038;d=mm","url":"\/\/www.gravatar.com\/avatar\/d8d45f8901aadff40a4af72c0b826f1d?s=96&#038;r=g&#038;d=mm","contentUrl":"\/\/www.gravatar.com\/avatar\/d8d45f8901aadff40a4af72c0b826f1d?s=96&#038;r=g&#038;d=mm","caption":"dorogimedence.hu"}}]}},"_links":{"self":[{"href":"https:\/\/dorogimedence.hu\/index.php\/wp-json\/wp\/v2\/posts\/82791","targetHints":{"allow":["GET"]}}],"collection":[{"href":"https:\/\/dorogimedence.hu\/index.php\/wp-json\/wp\/v2\/posts"}],"about":[{"href":"https:\/\/dorogimedence.hu\/index.php\/wp-json\/wp\/v2\/types\/post"}],"author":[{"embeddable":true,"href":"https:\/\/dorogimedence.hu\/index.php\/wp-json\/wp\/v2\/users\/1"}],"replies":[{"embeddable":true,"href":"https:\/\/dorogimedence.hu\/index.php\/wp-json\/wp\/v2\/comments?post=82791"}],"version-history":[{"count":1,"href":"https:\/\/dorogimedence.hu\/index.php\/wp-json\/wp\/v2\/posts\/82791\/revisions"}],"predecessor-version":[{"id":82793,"href":"https:\/\/dorogimedence.hu\/index.php\/wp-json\/wp\/v2\/posts\/82791\/revisions\/82793"}],"wp:featuredmedia":[{"embeddable":true,"href":"https:\/\/dorogimedence.hu\/index.php\/wp-json\/wp\/v2\/media\/82792"}],"wp:attachment":[{"href":"https:\/\/dorogimedence.hu\/index.php\/wp-json\/wp\/v2\/media?parent=82791"}],"wp:term":[{"taxonomy":"category","embeddable":true,"href":"https:\/\/dorogimedence.hu\/index.php\/wp-json\/wp\/v2\/categories?post=82791"},{"taxonomy":"post_tag","embeddable":true,"href":"https:\/\/dorogimedence.hu\/index.php\/wp-json\/wp\/v2\/tags?post=82791"}],"curies":[{"name":"wp","href":"https:\/\/api.w.org\/{rel}","templated":true}]}}