{"id":82786,"date":"2026-08-14T14:44:43","date_gmt":"2026-08-14T12:44:43","guid":{"rendered":"https:\/\/dorogimedence.hu\/?p=82786"},"modified":"2026-08-14T14:44:43","modified_gmt":"2026-08-14T12:44:43","slug":"tenerifen-csaptak-le-europa-legkeresettebb-magyar-korozottjeire-varmegyenk-nyomozoi-is-kerestek-oket","status":"publish","type":"post","link":"https:\/\/dorogimedence.hu\/index.php\/2026\/08\/14\/tenerifen-csaptak-le-europa-legkeresettebb-magyar-korozottjeire-varmegyenk-nyomozoi-is-kerestek-oket\/","title":{"rendered":"Tenerif\u00e9n csaptak le Eur\u00f3pa legkeresettebb magyar k\u00f6r\u00f6z\u00f6ttjeire \u2013 v\u00e1rmegy\u00e9nk nyomoz\u00f3i is kerest\u00e9k \u0151ket"},"content":{"rendered":"<p><strong>Tenerif\u00e9n fogtak el egy 32 \u00e9ves magyar f\u00e9rfit \u00e9s 32 \u00e9ves t\u00e1rs\u00e1t, akik a gyan\u00fa szerint ir\u00e1ny\u00edt\u00f3 szerepet t\u00f6lt\u00f6ttek be egy k\u00e1b\u00edt\u00f3szer-kereskedelemmel foglalkoz\u00f3 b\u0171nszervezetben. A p\u00e1ros a magyar rend\u0151rs\u00e9g TOP 50-es k\u00f6r\u00f6z\u00e9si list\u00e1j\u00e1n, majd az EU legkeresettebb b\u0171n\u00f6z\u0151it felsorakoztat\u00f3 Europe&#8217;s Most Wanted list\u00e1j\u00e1n is szerepelt.<\/strong><\/p>\n<p>A Kom\u00e1rom-Esztergom V\u00e1rmegyei Rend\u0151r-f\u0151kapit\u00e1nys\u00e1g B\u0171n\u00fcgyi Igazgat\u00f3s\u00e1g\u00e1nak nyomoz\u00f3i folytattak kiterjedt nyomoz\u00e1st a k\u00e1b\u00edt\u00f3szer-kereskedelemmel foglalkoz\u00f3 b\u0171nszervezet ellen. A rend\u0151rs\u00e9g t\u00e1j\u00e9koztat\u00e1sa szerint a h\u00e1l\u00f3zat szigor\u00fa, z\u00e1rt rendszerben m\u0171k\u00f6d\u00f6tt, ennek ellen\u00e9re siker\u00fclt felsz\u00e1molni a tev\u00e9kenys\u00e9g\u00e9t. A kutat\u00e1sok sor\u00e1n t\u00f6bb ezer t\u0151 marihu\u00e1n\u00e1t, valamint t\u00f6bb mint 180 kilogramm m\u00e1r lesz\u00e1r\u00edtott k\u00e1b\u00edt\u00f3szert foglaltak le.<\/p>\n<p>A szervezetben a gyan\u00fa szerint vezet\u0151 szerepet bet\u00f6lt\u0151 32 \u00e9ves B. B. \u00e9s 32 \u00e9ves t\u00e1rsa, V. V. \u2013 akik a mag\u00e1n\u00e9letben is egy p\u00e1rt alkotnak \u2013 azonban a felel\u0151ss\u00e9gre von\u00e1s el\u0151l ismeretlen helyre menek\u00fcltek. A b\u0171ncselekm\u00e9ny s\u00falya \u00e9s a k\u00e1b\u00edt\u00f3szer k\u00fcl\u00f6n\u00f6sen jelent\u0151s mennyis\u00e9ge miatt el\u0151sz\u00f6r a magyar rend\u0151rs\u00e9g TOP 50-es k\u00f6r\u00f6z\u00e9si list\u00e1j\u00e1ra, k\u00e9s\u0151bb pedig az EU legkeresettebb b\u0171n\u00f6z\u0151it felsorakoztat\u00f3 Europe&#8217;s Most Wanted list\u00e1j\u00e1ra is felker\u00fcltek.<\/p>\n<p>Mivel a hat\u00f3s\u00e1gok felt\u00e9telezt\u00e9k, hogy a p\u00e1ros k\u00fclf\u00f6ldre menek\u00fclt, a v\u00e1rmegyei felder\u00edt\u0151k \u00e9s nyomoz\u00f3k a K\u00e9szenl\u00e9ti Rend\u0151rs\u00e9g Nemzeti Nyomoz\u00f3 Iroda C\u00e9lk\u00f6r\u00f6z\u00e9si Oszt\u00e1ly\u00e1nak seg\u00edts\u00e9g\u00e9t k\u00e9rt\u00e9k. A magyar fejvad\u00e1szok munk\u00e1j\u00e1nak k\u00f6sz\u00f6nhet\u0151en kider\u00fclt, hogy a keresett szem\u00e9lyek nagy val\u00f3sz\u00edn\u0171s\u00e9ggel Spanyolorsz\u00e1gban bujk\u00e1lnak.<\/p>\n<p>A KR NNI c\u00e9lk\u00f6r\u00f6z\u00e9si nyomoz\u00f3i az Eur\u00f3pai C\u00e9lk\u00f6r\u00f6z\u00e9si Egys\u00e9gek H\u00e1l\u00f3zat\u00e1n (ENFAST) kereszt\u00fcl vett\u00e9k fel a kapcsolatot a spanyol t\u00e1rsszervekkel. A magyar \u00e9s spanyol nyomoz\u00f3k egy\u00fcttm\u0171k\u00f6d\u00e9s\u00e9nek eredm\u00e9nyek\u00e9nt siker\u00fclt pontosan behat\u00e1rolni, hogy a k\u00e9t k\u00f6r\u00f6z\u00f6tt Tenerif\u00e9n tart\u00f3zkodik.<\/p>\n<p>A p\u00e1rost v\u00e9g\u00fcl augusztus 7-\u00e9n a spanyol rend\u0151rs\u00e9g tenerifei speci\u00e1lis egys\u00e9g\u00e9nek bevon\u00e1s\u00e1val fogt\u00e1k el a szigeten.<\/p>\n<p>A k\u00e9t magyar \u00e1llampolg\u00e1r jelenleg \u00e1tad\u00e1si letart\u00f3ztat\u00e1sban van, magyarorsz\u00e1gi \u00e1tad\u00e1sukr\u00f3l a spanyol hat\u00f3s\u00e1gok d\u00f6ntenek. A m\u00e1r elfogott k\u00f6r\u00f6z\u00f6tt szem\u00e9lyek hazasz\u00e1ll\u00edt\u00e1s\u00e1nak nemzetk\u00f6zi koordin\u00e1ci\u00f3j\u00e1t az ORFK B\u0171n\u00fcgyi F\u0151igazgat\u00f3s\u00e1g Nemzetk\u00f6zi B\u0171n\u00fcgyi Egy\u00fcttm\u0171k\u00f6d\u00e9si K\u00f6zpontja v\u00e9gzi.<\/p>\n<p><iframe title=\"Eur\u00f3pa legkeresettebb magyar k\u00f6r\u00f6z\u00f6ttjein kattant a bilincs Tenerif\u00e9n\" width=\"755\" height=\"425\" src=\"https:\/\/www.youtube.com\/embed\/um4HThVNpoE?feature=oembed\" frameborder=\"0\" allow=\"accelerometer; autoplay; clipboard-write; encrypted-media; gyroscope; picture-in-picture; web-share\" referrerpolicy=\"strict-origin-when-cross-origin\" allowfullscreen><\/iframe><\/p>\n<p><em>Bor\u00edt\u00f3k\u00e9p, forr\u00e1s: <a href=\"https:\/\/www.police.hu\/hu\/hirek-es-informaciok\/legfrissebb-hireink\/bunugyek\/europa-legkeresettebb-magyar-korozottjein-kattant\" target=\"_blank\" rel=\"noopener\"><span style=\"text-decoration: underline; color: #0000ff;\">police.hu<\/span><\/a><\/em><\/p>\n","protected":false},"excerpt":{"rendered":"<p>Tenerif\u00e9n fogtak el egy 32 \u00e9ves magyar f\u00e9rfit \u00e9s 32 \u00e9ves t\u00e1rs\u00e1t, akik a gyan\u00fa szerint ir\u00e1ny\u00edt\u00f3 szerepet t\u00f6lt\u00f6ttek be egy k\u00e1b\u00edt\u00f3szer-kereskedelemmel foglalkoz\u00f3 b\u0171nszervezetben. A p\u00e1ros a magyar rend\u0151rs\u00e9g TOP 50-es k\u00f6r\u00f6z\u00e9si list\u00e1j\u00e1n, majd az EU legkeresettebb b\u0171n\u00f6z\u0151it felsorakoztat\u00f3 Europe&#8217;s Most Wanted list\u00e1j\u00e1n is szerepelt. A Kom\u00e1rom-Esztergom V\u00e1rmegyei Rend\u0151r-f\u0151kapit\u00e1nys\u00e1g B\u0171n\u00fcgyi Igazgat\u00f3s\u00e1g\u00e1nak nyomoz\u00f3i folytattak kiterjedt nyomoz\u00e1st<\/p>\n","protected":false},"author":1,"featured_media":82787,"comment_status":"closed","ping_status":"closed","sticky":false,"template":"","format":"standard","meta":{"ngg_post_thumbnail":0,"footnotes":""},"categories":[3,39,56],"tags":[528,106,61],"class_list":["post-82786","post","type-post","status-publish","format-standard","has-post-thumbnail","category-hirek","category-kek-hirek","category-komarom-esztergom","tag-kabitoszer","tag-korozes","tag-rendorsegi-hirek"],"yoast_head":"<!-- This site is optimized with the Yoast SEO plugin v28.3 - https:\/\/yoast.com\/product\/yoast-seo-wordpress\/ -->\n<title>Tenerif\u00e9n csaptak le Eur\u00f3pa legkeresettebb magyar k\u00f6r\u00f6z\u00f6ttjeire \u2013 v\u00e1rmegy\u00e9nk nyomoz\u00f3i is kerest\u00e9k \u0151ket<\/title>\n<meta name=\"robots\" content=\"index, follow, max-snippet:-1, max-image-preview:large, max-video-preview:-1\" \/>\n<link rel=\"canonical\" href=\"https:\/\/dorogimedence.hu\/index.php\/2026\/08\/14\/tenerifen-csaptak-le-europa-legkeresettebb-magyar-korozottjeire-varmegyenk-nyomozoi-is-kerestek-oket\/\" class=\"yoast-seo-meta-tag\" \/>\n<meta property=\"og:locale\" content=\"hu_HU\" class=\"yoast-seo-meta-tag\" \/>\n<meta property=\"og:type\" content=\"article\" class=\"yoast-seo-meta-tag\" \/>\n<meta property=\"og:title\" content=\"Tenerif\u00e9n csaptak le Eur\u00f3pa legkeresettebb magyar k\u00f6r\u00f6z\u00f6ttjeire \u2013 v\u00e1rmegy\u00e9nk nyomoz\u00f3i is kerest\u00e9k \u0151ket\" class=\"yoast-seo-meta-tag\" \/>\n<meta property=\"og:description\" content=\"Tenerif\u00e9n fogtak el egy 32 \u00e9ves magyar f\u00e9rfit \u00e9s 32 \u00e9ves t\u00e1rs\u00e1t, akik a gyan\u00fa szerint ir\u00e1ny\u00edt\u00f3 szerepet t\u00f6lt\u00f6ttek be egy k\u00e1b\u00edt\u00f3szer-kereskedelemmel foglalkoz\u00f3 b\u0171nszervezetben. A p\u00e1ros a magyar rend\u0151rs\u00e9g TOP 50-es k\u00f6r\u00f6z\u00e9si list\u00e1j\u00e1n, majd az EU legkeresettebb b\u0171n\u00f6z\u0151it felsorakoztat\u00f3 Europe&#8217;s Most Wanted list\u00e1j\u00e1n is szerepelt. A Kom\u00e1rom-Esztergom V\u00e1rmegyei Rend\u0151r-f\u0151kapit\u00e1nys\u00e1g B\u0171n\u00fcgyi Igazgat\u00f3s\u00e1g\u00e1nak nyomoz\u00f3i folytattak kiterjedt nyomoz\u00e1st\" class=\"yoast-seo-meta-tag\" \/>\n<meta property=\"og:url\" content=\"https:\/\/dorogimedence.hu\/index.php\/2026\/08\/14\/tenerifen-csaptak-le-europa-legkeresettebb-magyar-korozottjeire-varmegyenk-nyomozoi-is-kerestek-oket\/\" class=\"yoast-seo-meta-tag\" \/>\n<meta property=\"og:site_name\" content=\"Dorogi-medence Region\u00e1lis H\u00edrport\u00e1l\" class=\"yoast-seo-meta-tag\" \/>\n<meta property=\"article:publisher\" content=\"https:\/\/www.facebook.com\/dorogimedence\/\" class=\"yoast-seo-meta-tag\" \/>\n<meta property=\"article:published_time\" content=\"2026-08-14T12:44:43+00:00\" class=\"yoast-seo-meta-tag\" \/>\n<meta property=\"og:image\" content=\"https:\/\/dorogimedence.hu\/wp-content\/uploads\/2026\/08\/elfogas-2.jpg\" class=\"yoast-seo-meta-tag\" \/>\n\t<meta property=\"og:image:width\" content=\"1920\" class=\"yoast-seo-meta-tag\" \/>\n\t<meta property=\"og:image:height\" content=\"970\" class=\"yoast-seo-meta-tag\" \/>\n\t<meta property=\"og:image:type\" content=\"image\/jpeg\" class=\"yoast-seo-meta-tag\" \/>\n<meta name=\"author\" content=\"dorogimedence.hu\" class=\"yoast-seo-meta-tag\" \/>\n<meta name=\"twitter:card\" content=\"summary_large_image\" class=\"yoast-seo-meta-tag\" \/>\n<meta name=\"twitter:label1\" content=\"Szerz\u0151:\" class=\"yoast-seo-meta-tag\" \/>\n\t<meta name=\"twitter:data1\" content=\"dorogimedence.hu\" class=\"yoast-seo-meta-tag\" \/>\n\t<meta name=\"twitter:label2\" content=\"Becs\u00fclt olvas\u00e1si id\u0151\" class=\"yoast-seo-meta-tag\" \/>\n\t<meta name=\"twitter:data2\" content=\"3 perc\" class=\"yoast-seo-meta-tag\" \/>\n<script type=\"application\/ld+json\" class=\"yoast-schema-graph\">{\"@context\":\"https:\\\/\\\/schema.org\",\"@graph\":[{\"@type\":\"Article\",\"@id\":\"https:\\\/\\\/dorogimedence.hu\\\/index.php\\\/2026\\\/08\\\/14\\\/tenerifen-csaptak-le-europa-legkeresettebb-magyar-korozottjeire-varmegyenk-nyomozoi-is-kerestek-oket\\\/#article\",\"isPartOf\":{\"@id\":\"https:\\\/\\\/dorogimedence.hu\\\/index.php\\\/2026\\\/08\\\/14\\\/tenerifen-csaptak-le-europa-legkeresettebb-magyar-korozottjeire-varmegyenk-nyomozoi-is-kerestek-oket\\\/\"},\"author\":{\"name\":\"dorogimedence.hu\",\"@id\":\"https:\\\/\\\/dorogimedence.hu\\\/#\\\/schema\\\/person\\\/ce6091eeb7e95ecdc87890d6aa8e0fd4\"},\"headline\":\"Tenerif\u00e9n csaptak le Eur\u00f3pa legkeresettebb magyar k\u00f6r\u00f6z\u00f6ttjeire \u2013 v\u00e1rmegy\u00e9nk nyomoz\u00f3i is kerest\u00e9k \u0151ket\",\"datePublished\":\"2026-08-14T12:44:43+00:00\",\"mainEntityOfPage\":{\"@id\":\"https:\\\/\\\/dorogimedence.hu\\\/index.php\\\/2026\\\/08\\\/14\\\/tenerifen-csaptak-le-europa-legkeresettebb-magyar-korozottjeire-varmegyenk-nyomozoi-is-kerestek-oket\\\/\"},\"wordCount\":544,\"publisher\":{\"@id\":\"https:\\\/\\\/dorogimedence.hu\\\/#organization\"},\"image\":{\"@id\":\"https:\\\/\\\/dorogimedence.hu\\\/index.php\\\/2026\\\/08\\\/14\\\/tenerifen-csaptak-le-europa-legkeresettebb-magyar-korozottjeire-varmegyenk-nyomozoi-is-kerestek-oket\\\/#primaryimage\"},\"thumbnailUrl\":\"https:\\\/\\\/dorogimedence.hu\\\/wp-content\\\/uploads\\\/2026\\\/08\\\/elfogas-2.jpg\",\"keywords\":[\"k\u00e1b\u00edt\u00f3szer\",\"k\u00f6r\u00f6z\u00e9s\",\"rend\u0151rs\u00e9gi h\u00edrek\"],\"articleSection\":[\"H\u00edrek\",\"K\u00e9k h\u00edrek\",\"Kom\u00e1rom-Esztergom\"],\"inLanguage\":\"hu\"},{\"@type\":\"WebPage\",\"@id\":\"https:\\\/\\\/dorogimedence.hu\\\/index.php\\\/2026\\\/08\\\/14\\\/tenerifen-csaptak-le-europa-legkeresettebb-magyar-korozottjeire-varmegyenk-nyomozoi-is-kerestek-oket\\\/\",\"url\":\"https:\\\/\\\/dorogimedence.hu\\\/index.php\\\/2026\\\/08\\\/14\\\/tenerifen-csaptak-le-europa-legkeresettebb-magyar-korozottjeire-varmegyenk-nyomozoi-is-kerestek-oket\\\/\",\"name\":\"Tenerif\u00e9n csaptak le Eur\u00f3pa legkeresettebb magyar k\u00f6r\u00f6z\u00f6ttjeire \u2013 v\u00e1rmegy\u00e9nk nyomoz\u00f3i is kerest\u00e9k \u0151ket\",\"isPartOf\":{\"@id\":\"https:\\\/\\\/dorogimedence.hu\\\/#website\"},\"primaryImageOfPage\":{\"@id\":\"https:\\\/\\\/dorogimedence.hu\\\/index.php\\\/2026\\\/08\\\/14\\\/tenerifen-csaptak-le-europa-legkeresettebb-magyar-korozottjeire-varmegyenk-nyomozoi-is-kerestek-oket\\\/#primaryimage\"},\"image\":{\"@id\":\"https:\\\/\\\/dorogimedence.hu\\\/index.php\\\/2026\\\/08\\\/14\\\/tenerifen-csaptak-le-europa-legkeresettebb-magyar-korozottjeire-varmegyenk-nyomozoi-is-kerestek-oket\\\/#primaryimage\"},\"thumbnailUrl\":\"https:\\\/\\\/dorogimedence.hu\\\/wp-content\\\/uploads\\\/2026\\\/08\\\/elfogas-2.jpg\",\"datePublished\":\"2026-08-14T12:44:43+00:00\",\"breadcrumb\":{\"@id\":\"https:\\\/\\\/dorogimedence.hu\\\/index.php\\\/2026\\\/08\\\/14\\\/tenerifen-csaptak-le-europa-legkeresettebb-magyar-korozottjeire-varmegyenk-nyomozoi-is-kerestek-oket\\\/#breadcrumb\"},\"inLanguage\":\"hu\",\"potentialAction\":[{\"@type\":\"ReadAction\",\"target\":[\"https:\\\/\\\/dorogimedence.hu\\\/index.php\\\/2026\\\/08\\\/14\\\/tenerifen-csaptak-le-europa-legkeresettebb-magyar-korozottjeire-varmegyenk-nyomozoi-is-kerestek-oket\\\/\"]}]},{\"@type\":\"ImageObject\",\"inLanguage\":\"hu\",\"@id\":\"https:\\\/\\\/dorogimedence.hu\\\/index.php\\\/2026\\\/08\\\/14\\\/tenerifen-csaptak-le-europa-legkeresettebb-magyar-korozottjeire-varmegyenk-nyomozoi-is-kerestek-oket\\\/#primaryimage\",\"url\":\"https:\\\/\\\/dorogimedence.hu\\\/wp-content\\\/uploads\\\/2026\\\/08\\\/elfogas-2.jpg\",\"contentUrl\":\"https:\\\/\\\/dorogimedence.hu\\\/wp-content\\\/uploads\\\/2026\\\/08\\\/elfogas-2.jpg\",\"width\":1920,\"height\":970},{\"@type\":\"BreadcrumbList\",\"@id\":\"https:\\\/\\\/dorogimedence.hu\\\/index.php\\\/2026\\\/08\\\/14\\\/tenerifen-csaptak-le-europa-legkeresettebb-magyar-korozottjeire-varmegyenk-nyomozoi-is-kerestek-oket\\\/#breadcrumb\",\"itemListElement\":[{\"@type\":\"ListItem\",\"position\":1,\"name\":\"Kezd\u0151lap\",\"item\":\"https:\\\/\\\/dorogimedence.hu\\\/\"},{\"@type\":\"ListItem\",\"position\":2,\"name\":\"Tenerif\u00e9n csaptak le Eur\u00f3pa legkeresettebb magyar k\u00f6r\u00f6z\u00f6ttjeire \u2013 v\u00e1rmegy\u00e9nk nyomoz\u00f3i is kerest\u00e9k \u0151ket\"}]},{\"@type\":\"WebSite\",\"@id\":\"https:\\\/\\\/dorogimedence.hu\\\/#website\",\"url\":\"https:\\\/\\\/dorogimedence.hu\\\/\",\"name\":\"Dorogi-medence Region\u00e1lis H\u00edrport\u00e1l\",\"description\":\"Dorog, Keszt\u00f6lc, Le\u00e1nyv\u00e1r, Piliscs\u00e9v, Tokod, Tokodalt\u00e1r\u00f3, Csolnok, Esztergom-kertv\u00e1ros: h\u00edrek, programok\",\"publisher\":{\"@id\":\"https:\\\/\\\/dorogimedence.hu\\\/#organization\"},\"potentialAction\":[{\"@type\":\"SearchAction\",\"target\":{\"@type\":\"EntryPoint\",\"urlTemplate\":\"https:\\\/\\\/dorogimedence.hu\\\/?s={search_term_string}\"},\"query-input\":{\"@type\":\"PropertyValueSpecification\",\"valueRequired\":true,\"valueName\":\"search_term_string\"}}],\"inLanguage\":\"hu\"},{\"@type\":\"Organization\",\"@id\":\"https:\\\/\\\/dorogimedence.hu\\\/#organization\",\"name\":\"Dorogi-medence Region\u00e1lis H\u00edrport\u00e1l\",\"url\":\"https:\\\/\\\/dorogimedence.hu\\\/\",\"logo\":{\"@type\":\"ImageObject\",\"inLanguage\":\"hu\",\"@id\":\"https:\\\/\\\/dorogimedence.hu\\\/#\\\/schema\\\/logo\\\/image\\\/\",\"url\":\"https:\\\/\\\/dorogimedence.hu\\\/wp-content\\\/uploads\\\/2021\\\/04\\\/logo-feher-600.png\",\"contentUrl\":\"https:\\\/\\\/dorogimedence.hu\\\/wp-content\\\/uploads\\\/2021\\\/04\\\/logo-feher-600.png\",\"width\":600,\"height\":100,\"caption\":\"Dorogi-medence Region\u00e1lis H\u00edrport\u00e1l\"},\"image\":{\"@id\":\"https:\\\/\\\/dorogimedence.hu\\\/#\\\/schema\\\/logo\\\/image\\\/\"},\"sameAs\":[\"https:\\\/\\\/www.facebook.com\\\/dorogimedence\\\/\"]},{\"@type\":\"Person\",\"@id\":\"https:\\\/\\\/dorogimedence.hu\\\/#\\\/schema\\\/person\\\/ce6091eeb7e95ecdc87890d6aa8e0fd4\",\"name\":\"dorogimedence.hu\",\"image\":{\"@type\":\"ImageObject\",\"inLanguage\":\"hu\",\"@id\":\"\\\/\\\/www.gravatar.com\\\/avatar\\\/d8d45f8901aadff40a4af72c0b826f1d?s=96&#038;r=g&#038;d=mm\",\"url\":\"\\\/\\\/www.gravatar.com\\\/avatar\\\/d8d45f8901aadff40a4af72c0b826f1d?s=96&#038;r=g&#038;d=mm\",\"contentUrl\":\"\\\/\\\/www.gravatar.com\\\/avatar\\\/d8d45f8901aadff40a4af72c0b826f1d?s=96&#038;r=g&#038;d=mm\",\"caption\":\"dorogimedence.hu\"}}]}<\/script>\n<!-- \/ Yoast SEO plugin. -->","yoast_head_json":{"title":"Tenerif\u00e9n csaptak le Eur\u00f3pa legkeresettebb magyar k\u00f6r\u00f6z\u00f6ttjeire \u2013 v\u00e1rmegy\u00e9nk nyomoz\u00f3i is kerest\u00e9k \u0151ket","robots":{"index":"index","follow":"follow","max-snippet":"max-snippet:-1","max-image-preview":"max-image-preview:large","max-video-preview":"max-video-preview:-1"},"canonical":"https:\/\/dorogimedence.hu\/index.php\/2026\/08\/14\/tenerifen-csaptak-le-europa-legkeresettebb-magyar-korozottjeire-varmegyenk-nyomozoi-is-kerestek-oket\/","og_locale":"hu_HU","og_type":"article","og_title":"Tenerif\u00e9n csaptak le Eur\u00f3pa legkeresettebb magyar k\u00f6r\u00f6z\u00f6ttjeire \u2013 v\u00e1rmegy\u00e9nk nyomoz\u00f3i is kerest\u00e9k \u0151ket","og_description":"Tenerif\u00e9n fogtak el egy 32 \u00e9ves magyar f\u00e9rfit \u00e9s 32 \u00e9ves t\u00e1rs\u00e1t, akik a gyan\u00fa szerint ir\u00e1ny\u00edt\u00f3 szerepet t\u00f6lt\u00f6ttek be egy k\u00e1b\u00edt\u00f3szer-kereskedelemmel foglalkoz\u00f3 b\u0171nszervezetben. A p\u00e1ros a magyar rend\u0151rs\u00e9g TOP 50-es k\u00f6r\u00f6z\u00e9si list\u00e1j\u00e1n, majd az EU legkeresettebb b\u0171n\u00f6z\u0151it felsorakoztat\u00f3 Europe&#8217;s Most Wanted list\u00e1j\u00e1n is szerepelt. A Kom\u00e1rom-Esztergom V\u00e1rmegyei Rend\u0151r-f\u0151kapit\u00e1nys\u00e1g B\u0171n\u00fcgyi Igazgat\u00f3s\u00e1g\u00e1nak nyomoz\u00f3i folytattak kiterjedt nyomoz\u00e1st","og_url":"https:\/\/dorogimedence.hu\/index.php\/2026\/08\/14\/tenerifen-csaptak-le-europa-legkeresettebb-magyar-korozottjeire-varmegyenk-nyomozoi-is-kerestek-oket\/","og_site_name":"Dorogi-medence Region\u00e1lis H\u00edrport\u00e1l","article_publisher":"https:\/\/www.facebook.com\/dorogimedence\/","article_published_time":"2026-08-14T12:44:43+00:00","og_image":[{"width":1920,"height":970,"url":"https:\/\/dorogimedence.hu\/wp-content\/uploads\/2026\/08\/elfogas-2.jpg","type":"image\/jpeg"}],"author":"dorogimedence.hu","twitter_card":"summary_large_image","twitter_misc":{"Szerz\u0151:":"dorogimedence.hu","Becs\u00fclt olvas\u00e1si id\u0151":"3 perc"},"schema":{"@context":"https:\/\/schema.org","@graph":[{"@type":"Article","@id":"https:\/\/dorogimedence.hu\/index.php\/2026\/08\/14\/tenerifen-csaptak-le-europa-legkeresettebb-magyar-korozottjeire-varmegyenk-nyomozoi-is-kerestek-oket\/#article","isPartOf":{"@id":"https:\/\/dorogimedence.hu\/index.php\/2026\/08\/14\/tenerifen-csaptak-le-europa-legkeresettebb-magyar-korozottjeire-varmegyenk-nyomozoi-is-kerestek-oket\/"},"author":{"name":"dorogimedence.hu","@id":"https:\/\/dorogimedence.hu\/#\/schema\/person\/ce6091eeb7e95ecdc87890d6aa8e0fd4"},"headline":"Tenerif\u00e9n csaptak le Eur\u00f3pa legkeresettebb magyar k\u00f6r\u00f6z\u00f6ttjeire \u2013 v\u00e1rmegy\u00e9nk nyomoz\u00f3i is kerest\u00e9k \u0151ket","datePublished":"2026-08-14T12:44:43+00:00","mainEntityOfPage":{"@id":"https:\/\/dorogimedence.hu\/index.php\/2026\/08\/14\/tenerifen-csaptak-le-europa-legkeresettebb-magyar-korozottjeire-varmegyenk-nyomozoi-is-kerestek-oket\/"},"wordCount":544,"publisher":{"@id":"https:\/\/dorogimedence.hu\/#organization"},"image":{"@id":"https:\/\/dorogimedence.hu\/index.php\/2026\/08\/14\/tenerifen-csaptak-le-europa-legkeresettebb-magyar-korozottjeire-varmegyenk-nyomozoi-is-kerestek-oket\/#primaryimage"},"thumbnailUrl":"https:\/\/dorogimedence.hu\/wp-content\/uploads\/2026\/08\/elfogas-2.jpg","keywords":["k\u00e1b\u00edt\u00f3szer","k\u00f6r\u00f6z\u00e9s","rend\u0151rs\u00e9gi h\u00edrek"],"articleSection":["H\u00edrek","K\u00e9k h\u00edrek","Kom\u00e1rom-Esztergom"],"inLanguage":"hu"},{"@type":"WebPage","@id":"https:\/\/dorogimedence.hu\/index.php\/2026\/08\/14\/tenerifen-csaptak-le-europa-legkeresettebb-magyar-korozottjeire-varmegyenk-nyomozoi-is-kerestek-oket\/","url":"https:\/\/dorogimedence.hu\/index.php\/2026\/08\/14\/tenerifen-csaptak-le-europa-legkeresettebb-magyar-korozottjeire-varmegyenk-nyomozoi-is-kerestek-oket\/","name":"Tenerif\u00e9n csaptak le Eur\u00f3pa legkeresettebb magyar k\u00f6r\u00f6z\u00f6ttjeire \u2013 v\u00e1rmegy\u00e9nk nyomoz\u00f3i is kerest\u00e9k \u0151ket","isPartOf":{"@id":"https:\/\/dorogimedence.hu\/#website"},"primaryImageOfPage":{"@id":"https:\/\/dorogimedence.hu\/index.php\/2026\/08\/14\/tenerifen-csaptak-le-europa-legkeresettebb-magyar-korozottjeire-varmegyenk-nyomozoi-is-kerestek-oket\/#primaryimage"},"image":{"@id":"https:\/\/dorogimedence.hu\/index.php\/2026\/08\/14\/tenerifen-csaptak-le-europa-legkeresettebb-magyar-korozottjeire-varmegyenk-nyomozoi-is-kerestek-oket\/#primaryimage"},"thumbnailUrl":"https:\/\/dorogimedence.hu\/wp-content\/uploads\/2026\/08\/elfogas-2.jpg","datePublished":"2026-08-14T12:44:43+00:00","breadcrumb":{"@id":"https:\/\/dorogimedence.hu\/index.php\/2026\/08\/14\/tenerifen-csaptak-le-europa-legkeresettebb-magyar-korozottjeire-varmegyenk-nyomozoi-is-kerestek-oket\/#breadcrumb"},"inLanguage":"hu","potentialAction":[{"@type":"ReadAction","target":["https:\/\/dorogimedence.hu\/index.php\/2026\/08\/14\/tenerifen-csaptak-le-europa-legkeresettebb-magyar-korozottjeire-varmegyenk-nyomozoi-is-kerestek-oket\/"]}]},{"@type":"ImageObject","inLanguage":"hu","@id":"https:\/\/dorogimedence.hu\/index.php\/2026\/08\/14\/tenerifen-csaptak-le-europa-legkeresettebb-magyar-korozottjeire-varmegyenk-nyomozoi-is-kerestek-oket\/#primaryimage","url":"https:\/\/dorogimedence.hu\/wp-content\/uploads\/2026\/08\/elfogas-2.jpg","contentUrl":"https:\/\/dorogimedence.hu\/wp-content\/uploads\/2026\/08\/elfogas-2.jpg","width":1920,"height":970},{"@type":"BreadcrumbList","@id":"https:\/\/dorogimedence.hu\/index.php\/2026\/08\/14\/tenerifen-csaptak-le-europa-legkeresettebb-magyar-korozottjeire-varmegyenk-nyomozoi-is-kerestek-oket\/#breadcrumb","itemListElement":[{"@type":"ListItem","position":1,"name":"Kezd\u0151lap","item":"https:\/\/dorogimedence.hu\/"},{"@type":"ListItem","position":2,"name":"Tenerif\u00e9n csaptak le Eur\u00f3pa legkeresettebb magyar k\u00f6r\u00f6z\u00f6ttjeire \u2013 v\u00e1rmegy\u00e9nk nyomoz\u00f3i is kerest\u00e9k \u0151ket"}]},{"@type":"WebSite","@id":"https:\/\/dorogimedence.hu\/#website","url":"https:\/\/dorogimedence.hu\/","name":"Dorogi-medence Region\u00e1lis H\u00edrport\u00e1l","description":"Dorog, Keszt\u00f6lc, Le\u00e1nyv\u00e1r, Piliscs\u00e9v, Tokod, Tokodalt\u00e1r\u00f3, Csolnok, Esztergom-kertv\u00e1ros: h\u00edrek, programok","publisher":{"@id":"https:\/\/dorogimedence.hu\/#organization"},"potentialAction":[{"@type":"SearchAction","target":{"@type":"EntryPoint","urlTemplate":"https:\/\/dorogimedence.hu\/?s={search_term_string}"},"query-input":{"@type":"PropertyValueSpecification","valueRequired":true,"valueName":"search_term_string"}}],"inLanguage":"hu"},{"@type":"Organization","@id":"https:\/\/dorogimedence.hu\/#organization","name":"Dorogi-medence Region\u00e1lis H\u00edrport\u00e1l","url":"https:\/\/dorogimedence.hu\/","logo":{"@type":"ImageObject","inLanguage":"hu","@id":"https:\/\/dorogimedence.hu\/#\/schema\/logo\/image\/","url":"https:\/\/dorogimedence.hu\/wp-content\/uploads\/2021\/04\/logo-feher-600.png","contentUrl":"https:\/\/dorogimedence.hu\/wp-content\/uploads\/2021\/04\/logo-feher-600.png","width":600,"height":100,"caption":"Dorogi-medence Region\u00e1lis H\u00edrport\u00e1l"},"image":{"@id":"https:\/\/dorogimedence.hu\/#\/schema\/logo\/image\/"},"sameAs":["https:\/\/www.facebook.com\/dorogimedence\/"]},{"@type":"Person","@id":"https:\/\/dorogimedence.hu\/#\/schema\/person\/ce6091eeb7e95ecdc87890d6aa8e0fd4","name":"dorogimedence.hu","image":{"@type":"ImageObject","inLanguage":"hu","@id":"\/\/www.gravatar.com\/avatar\/d8d45f8901aadff40a4af72c0b826f1d?s=96&#038;r=g&#038;d=mm","url":"\/\/www.gravatar.com\/avatar\/d8d45f8901aadff40a4af72c0b826f1d?s=96&#038;r=g&#038;d=mm","contentUrl":"\/\/www.gravatar.com\/avatar\/d8d45f8901aadff40a4af72c0b826f1d?s=96&#038;r=g&#038;d=mm","caption":"dorogimedence.hu"}}]}},"_links":{"self":[{"href":"https:\/\/dorogimedence.hu\/index.php\/wp-json\/wp\/v2\/posts\/82786","targetHints":{"allow":["GET"]}}],"collection":[{"href":"https:\/\/dorogimedence.hu\/index.php\/wp-json\/wp\/v2\/posts"}],"about":[{"href":"https:\/\/dorogimedence.hu\/index.php\/wp-json\/wp\/v2\/types\/post"}],"author":[{"embeddable":true,"href":"https:\/\/dorogimedence.hu\/index.php\/wp-json\/wp\/v2\/users\/1"}],"replies":[{"embeddable":true,"href":"https:\/\/dorogimedence.hu\/index.php\/wp-json\/wp\/v2\/comments?post=82786"}],"version-history":[{"count":1,"href":"https:\/\/dorogimedence.hu\/index.php\/wp-json\/wp\/v2\/posts\/82786\/revisions"}],"predecessor-version":[{"id":82788,"href":"https:\/\/dorogimedence.hu\/index.php\/wp-json\/wp\/v2\/posts\/82786\/revisions\/82788"}],"wp:featuredmedia":[{"embeddable":true,"href":"https:\/\/dorogimedence.hu\/index.php\/wp-json\/wp\/v2\/media\/82787"}],"wp:attachment":[{"href":"https:\/\/dorogimedence.hu\/index.php\/wp-json\/wp\/v2\/media?parent=82786"}],"wp:term":[{"taxonomy":"category","embeddable":true,"href":"https:\/\/dorogimedence.hu\/index.php\/wp-json\/wp\/v2\/categories?post=82786"},{"taxonomy":"post_tag","embeddable":true,"href":"https:\/\/dorogimedence.hu\/index.php\/wp-json\/wp\/v2\/tags?post=82786"}],"curies":[{"name":"wp","href":"https:\/\/api.w.org\/{rel}","templated":true}]}}